{"id":24491,"date":"2020-01-23T10:11:35","date_gmt":"2020-01-23T09:11:35","guid":{"rendered":"https:\/\/speyer24news.com\/?p=24491"},"modified":"2020-01-23T10:11:36","modified_gmt":"2020-01-23T09:11:36","slug":"speyer-13","status":"publish","type":"post","link":"https:\/\/speyer24news.com\/?p=24491","title":{"rendered":"Speyer"},"content":{"rendered":"<style type=\"text\/css\">\r\n\t.ads_top_disp{}\r\n\t.ads_top_corner_disp{ float:left; margin:0px 10px 10px 0px; }\r\n\t.ads_first_p_disp{}\r\n\t.ads_bottom_disp{}\r\n\t<\/style>\n<h2 class=\"wp-block-heading\"><strong>Beteiligung der \u00d6ffentlichkeit zum Bauvorhaben \u201eAm Rabensteinerweg\u201c<\/strong><\/h2>\n\n\n\n<p><strong>Speyer &#8211;<\/strong> Der  Stadtrat hat in seiner Sitzung vom 19. September 2019 den  Aufstellungsbeschluss f\u00fcr den vorhabenbezogenen Bebauungsplan Nr. 017A  \u201eAm Rabensteinerweg\u201c gefasst. Ebenso  wurde eine fr\u00fchzeitige Beteiligung der \u00d6ffentlichkeit beschlossen. Ziel  des Bebauungsplanes ist die Weiterf\u00fchrung des angrenzenden Wohngebiets  \u201eAm Ro\u00dfsprung\u201c in Form von Reihenh\u00e4usern und Mehrfamilienh\u00e4usern. <\/p>\n\n\n\n<p>Um\n den B\u00fcrgerinnen und B\u00fcrgern die M\u00f6glichkeit zu bieten, sich mit der \nPlanung aktiv auseinanderzusetzen, Fragen zu kl\u00e4ren sowie Anregungen und\n eventuelle\n Bedenken vorzubringen, erfolgt vom<strong> 27. Januar bis 21. Februar 2020 <\/strong>die \u00f6ffentliche Ausstellung des st\u00e4dtebaulichen Entwurfs.<\/p>\n\n\n\n<p>Die  Planung kann in dieser Zeit im Stadthaus (Maximilianstra\u00dfe 100) im  Erdgeschoss sowie bei der Abteilung Stadtplanung im 3. Obergeschoss  w\u00e4hrend folgender \u00d6ffnungszeiten eingesehen werden:<\/p>\n\n\n\n<p>Montag bis Donnerstag: 8:00 Uhr bis 12:30 Uhr und 13:30 Uhr bis 16:00 Uhr\n<\/p>\n\n\n\n<p>Freitag: 8:00 bis 12:00 Uhr<\/p>\n\n\n\n<p>sowie nach Vereinbarung.<\/p>\n\n\n\n<p>Die Unterlagen werden au\u00dferdem <strong>ab dem 27. Januar 2020<\/strong> auf der Homepage der Stadt Speyer (<a rel=\"noreferrer noopener\" href=\"https:\/\/deref-web-02.de\/mail\/client\/VX_rnXDx1lU\/dereferrer\/?redirectUrl=http%3A%2F%2Fwww.speyer.de\" target=\"_blank\">www.speyer.de<\/a>)  unter der Rubrik <em>Standort \/Bauen \/Bauleitpl\u00e4ne im Verfahren<\/em> publiziert.  <\/p>\n\n\n\n<p><em>Stadt Speyer<br>23.01.2020<\/em><\/p>\n\n\n\n<h2 class=\"wp-block-heading\"><strong>Aktiv mitgestalten: Dialog Postplatz am 27. Januar 2020<\/strong><\/h2>\n\n\n\n<div class=\"wp-block-image\"><figure class=\"aligncenter\"><img decoding=\"async\" loading=\"lazy\" width=\"640\" height=\"480\" src=\"https:\/\/speyer24news.com\/wp-content\/uploads\/2020\/01\/DSC02078.jpg\" alt=\"\" class=\"wp-image-24496\" srcset=\"https:\/\/speyer24news.com\/wp-content\/uploads\/2020\/01\/DSC02078.jpg 640w, https:\/\/speyer24news.com\/wp-content\/uploads\/2020\/01\/DSC02078-300x225.jpg 300w, https:\/\/speyer24news.com\/wp-content\/uploads\/2020\/01\/DSC02078-326x245.jpg 326w, https:\/\/speyer24news.com\/wp-content\/uploads\/2020\/01\/DSC02078-80x60.jpg 80w\" sizes=\"(max-width: 640px) 100vw, 640px\" \/><figcaption>Blick auf den Postplatz vom Altp\u00f6rtel aus. (<em>Foto: Speyer 24\/7 News, dak<\/em>)<\/figcaption><\/figure><\/div>\n\n\n\n<p>Auch\n das Jahr 2020 steht wieder im Zeichen des Stadtumbaus &#8211; Kernstadt Nord.\n Im Rahmen der im letzten Jahr gestarteten Veranstaltungsreihe hat die \nSpeyerer B\u00fcrgerschaft\n nun erneut die M\u00f6glichkeit, aktiv an diesem Prozess teilzunehmen. <\/p>\n\n\n\n<p>Am <strong>Montag, 27. Januar 2020<\/strong>, 17:00 bis 19:00 Uhr, \ufb01ndet hierzu im Foyer der  Postgalerie der \u201eDialog Postplatz\u201c statt.\u00a0 Interessierte B\u00fcrger*innen  sind eingeladen, an  diesem Abend mit Ansprechpartner*innen aus der Stadtverwaltung,  Planer*innen und Architekt*innen Ideen zur Umgestaltung des Platzes zu  diskutieren.<\/p>\n\n\n\n<p>Welche  Identit\u00e4t hat der Postplatz bisher und welche Identit\u00e4t soll er  zuk\u00fcnftig bekommen? Ein historischer Platz der Speyerer Geschichte? Ein  moderner Hotspot im Speyerer  Mobilit\u00e4tssystem oder eher ein begr\u00fcnter Ruhepol mit Atmosph\u00e4re zum  Verweilen? Das sind nur einige der Fragen, die an diesem Abend  besprochen werden sollen. Im Rahmen der Veranstaltung wird zudem \u00fcber  den anstehenden Planungsprozess informiert und die weiteren  Schritte aufgezeigt.<\/p>\n\n\n\n<div class=\"wp-block-image\"><figure class=\"aligncenter\"><img decoding=\"async\" loading=\"lazy\" width=\"800\" height=\"284\" src=\"https:\/\/speyer24news.com\/wp-content\/uploads\/2020\/01\/Postplatz.jpg\" alt=\"\" class=\"wp-image-24497\" srcset=\"https:\/\/speyer24news.com\/wp-content\/uploads\/2020\/01\/Postplatz.jpg 800w, https:\/\/speyer24news.com\/wp-content\/uploads\/2020\/01\/Postplatz-300x107.jpg 300w, https:\/\/speyer24news.com\/wp-content\/uploads\/2020\/01\/Postplatz-768x273.jpg 768w\" sizes=\"(max-width: 800px) 100vw, 800px\" \/><\/figure><\/div>\n\n\n\n<p>Auch  Oberb\u00fcrgermeisterin Stefanie Seiler ruft die B\u00fcrger*innen zur Teilnahme  auf: \u201eIch w\u00fcrde mich sehr freuen, wenn sich viele Menschen an der  Veranstaltung beteiligen  und unsere Stadt so aktiv mitgestalten.\u201c<\/p>\n\n\n\n<p><em>Text: Stadt Speyer Foto: Speyer 24\/7 News<br>23.01.2020<\/em><\/p>\n\n\n\n<h2 class=\"wp-block-heading\"><strong>Einsatz f\u00fcr ein sauberes Speyer<\/strong><\/h2>\n\n\n\n<div class=\"wp-block-image\"><figure class=\"aligncenter\"><img decoding=\"async\" loading=\"lazy\" width=\"800\" height=\"533\" src=\"https:\/\/speyer24news.com\/wp-content\/uploads\/2020\/01\/IMG_6391.jpg\" alt=\"\" class=\"wp-image-24495\" srcset=\"https:\/\/speyer24news.com\/wp-content\/uploads\/2020\/01\/IMG_6391.jpg 800w, https:\/\/speyer24news.com\/wp-content\/uploads\/2020\/01\/IMG_6391-300x200.jpg 300w, https:\/\/speyer24news.com\/wp-content\/uploads\/2020\/01\/IMG_6391-768x512.jpg 768w\" sizes=\"(max-width: 800px) 100vw, 800px\" \/><figcaption> <em>Elke Rillig, Christiane Schneider, Frank Pasch, Stefanie Seiler<\/em> <\/figcaption><\/figure><\/div>\n\n\n\n<p><strong>Speyer &#8211; <\/strong>Unter dem Titel \u201eJuMA gibt Abfall einen Korb\u201c ist im November 2019 ein Kooperationsprojekt zwischen der Stadt Speyer und \u201eJunge Menschen im Aufwind\u201c (JuMA) gestartet, das dem sogenannten \u201eLittering\u201c, also der achtlosen Entsorgung von M\u00fcll im \u00f6ffentlichen Raum und der Natur, den Kampf ansagt. Am 16.01.2020 stellten Oberb\u00fcrgermeisterin Stefanie Seiler und  Christiane Schneider, Leiterin der sozial-  und arbeitsp\u00e4dagogischen Einrichtung zur Unterst\u00fctzung straff\u00e4llig  gewordener Jugendlicher und junger Erwachsener, gemeinsam das Konzept  vor. <\/p>\n\n\n\n<p>\u201eIch\n freue mich sehr \u00fcber dieses Projekt, weil es gleich im doppelten Sinne \nhilft\u201c, betont Oberb\u00fcrgermeisterin Stefanie Seiler. \u201eEinerseits\n tragen die Jugendlichen mit ihrem Einsatz zu einem sauberen Stadtbild \nbei, andererseits lernen sie aus ihrer T\u00e4tigkeit, M\u00fcll richtig zu \ntrennen und zu entsorgen \u2013 bestenfalls sogar zu vermeiden\u201c.&nbsp;\n<\/p>\n\n\n\n<p>F\u00fcr\n die Startphase ist zun\u00e4chst ein Einsatztag pro Woche mit vier \nJugendlichen vorgesehen. Im Rahmen einer festgelegten Tour befreien\n die Jugendlichen, begleitet von Mitarbeiter*innen von JuMA, den \nbefestigten Platz um das Franzosendenkmal, den Mitfahrerparkplatz in \nSpeyer Nordwest inklusive des dazugeh\u00f6rigen Waldst\u00fccks bis zur \nSpaldinger Stra\u00dfe, den Skater-Park und die BMX-Bahn in Speyer-Nord\n von wildem M\u00fcll und leeren die vorhandenen M\u00fclleimer. Zur fachgerechten\n Entsorgung wird der gesammelte M\u00fcll auf den Abfallwirtschaftshof \ngebracht. Einmal im Monat werden die Wiegescheine an den st\u00e4dtischen \nBaubetriebshof weitergeleitet.\n<\/p>\n\n\n\n<p>Frank\n Pasch, Ideengeber des Projekts und Arbeitserzieher von JuMA, wei\u00df nach \nden ersten Sammlungen von ausreichend Arbeit zu berichten:\n \u201eUnsere Touren f\u00fchren uns immer wieder vor Augen, dass leider nach wie \nvor viel zu viele Menschen ihren M\u00fcll achtlos in der Natur entsorgen\u201c. \nVon alten T\u00f6pfen \u00fcber Kinderw\u00e4gen, Hausrat und Flaschen bis hin zu \nganzen Koffern mit Kleidung und Elektroschrott\n habe man schon alles gefunden, so Pasch. <\/p>\n\n\n\n<p>Die\n Stadt Speyer unterst\u00fctzt das Projekt mit einer Pauschale von 1.500 \u20ac \nmonatlich sowie durch die Bereitstellung von M\u00fclls\u00e4cken und\n Greifzangen. \u201eIch bin davon \u00fcberzeugt, dass gute p\u00e4dagogische Arbeit \nnur gemeinsam gelingt\u201c, begr\u00fcndet Oberb\u00fcrgermeisterin Seiler die \nEntscheidung zur Unterst\u00fctzung des Projekts. \u201eDurch unsere finanzielle \nUnterst\u00fctzung leisten wir auch einen Beitrag zur Aufrechterhaltung\n der wichtigen Arbeit von JuMA\u201c. Das unterstreicht auch Elke Rillig, \nzweite Vorsitzende des JuMa-Tr\u00e4gervereins Soziale Alternativen in der \nBew\u00e4hrungshilfe Speyer e.V.: \u201eWir w\u00fcrden uns sehr freuen, wenn weitere \nKooperationen wie diese entst\u00fcnden, insbesondere\n weil sich unser Verein vorrangig durch Spenden und \nProjektzusammenarbeiten finanziert\u201c.&nbsp;\n<\/p>\n\n\n\n<p>Gegr\u00fcndet  wurde \u201eJunge Menschen im Aufwind\u201c im Jahr 2004, um straff\u00e4llig  gewordenen Jugendlichen und jungen Erwachsenen die M\u00f6glichkeit  zu bieten, die ihnen auferlegte gemeinn\u00fctzige Arbeit in professionellem  Rahmen abzuleisten. Weitere Informationen sowie die Bankdaten des  Spendenkontos sind unter <a rel=\"noreferrer noopener\" href=\"https:\/\/deref-web-02.de\/mail\/client\/BGJWYqPch8s\/dereferrer\/?redirectUrl=https%3A%2F%2Fwww.juma-speyer.de%2F\" target=\"_blank\">https:\/\/www.juma-speyer.de\/<\/a> zu finden.<\/p>\n\n\n\n<p><em>Stadt Speyer<br>23.01.2020<\/em><\/p>\n\n\n\n<h2 class=\"wp-block-heading\"><strong>Oberb\u00fcrgermeisterin Stefanie Seiler und Regierungspr\u00e4sidentin Sylvia M. Felder tauschten sich am 15.01.2020 zur  Sanierung und Ert\u00fcchtigung der Salierbr\u00fccke aus<\/strong><\/h2>\n\n\n\n<div class=\"wp-block-image\"><figure class=\"aligncenter\"><img decoding=\"async\" loading=\"lazy\" width=\"800\" height=\"600\" src=\"https:\/\/speyer24news.com\/wp-content\/uploads\/2020\/01\/DSC06695.jpg\" alt=\"\" class=\"wp-image-24492\" srcset=\"https:\/\/speyer24news.com\/wp-content\/uploads\/2020\/01\/DSC06695.jpg 800w, https:\/\/speyer24news.com\/wp-content\/uploads\/2020\/01\/DSC06695-300x225.jpg 300w, https:\/\/speyer24news.com\/wp-content\/uploads\/2020\/01\/DSC06695-768x576.jpg 768w, https:\/\/speyer24news.com\/wp-content\/uploads\/2020\/01\/DSC06695-678x509.jpg 678w, https:\/\/speyer24news.com\/wp-content\/uploads\/2020\/01\/DSC06695-326x245.jpg 326w, https:\/\/speyer24news.com\/wp-content\/uploads\/2020\/01\/DSC06695-80x60.jpg 80w\" sizes=\"(max-width: 800px) 100vw, 800px\" \/><\/figure><\/div>\n\n\n\n<p><strong>Karlsruhe \/ Speyer &#8211; <\/strong>Oberb\u00fcrgermeisterin  Stefanie Seiler und Regierungspr\u00e4sidentin Sylvia M. Felder haben sich am 15.01.2020 in Karlsruhe zu einem Gespr\u00e4ch \u00fcber den aktuellen Stand der  Sanierung der Salierbr\u00fccke getroffen.<\/p>\n\n\n\n<div class=\"wp-block-image\"><figure class=\"alignleft\"><img decoding=\"async\" loading=\"lazy\" width=\"229\" height=\"249\" src=\"https:\/\/speyer24news.com\/wp-content\/uploads\/2020\/01\/p_felder_229x249.jpg\" alt=\"\" class=\"wp-image-24493\"\/><figcaption>Sylvia M. Felder, Regierungspr\u00e4sidentin<\/figcaption><\/figure><\/div>\n\n\n\n<p>Themen des Gespr\u00e4chs waren die vom  Regierungspr\u00e4sidium Karlsruhe Ende November 2019 bekanntgegebenen Gr\u00fcnde  f\u00fcr die Verz\u00f6gerung der Bauzeit und die bevorstehende, gemeinsame  B\u00fcrgerinformationsveranstaltung am <strong>Mittwoch, 29. Januar 2020<\/strong>,  ab 19.00 Uhr in der Stadthalle Speyer. Oberb\u00fcrgermeisterin Seiler  sprach zudem die Beleuchtung des Rad- und Gehweges \u00fcber die Br\u00fccke an,  die das Regierungspr\u00e4sidium aktuell bereits pr\u00fcft. Sie machte deutlich,  dass die verkehrlichen Einschr\u00e4nkungen zu gro\u00dfem  Unmut bei den Speyerer B\u00fcrger*innen f\u00fchren w\u00fcrden, auch wenn sie  pers\u00f6nlich die Schwierigkeiten, die bei der Sanierung aufgetreten sind,  verstehen k\u00f6nne. Beide waren sich einig, dass die Salierbr\u00fccke eine  zentrale Verkehrsverbindung f\u00fcr die Menschen und Unternehmen  in der Region sei und die Verl\u00e4ngerung der Bauzeit bis Fr\u00fchjahr 2022  f\u00fcr alle eine gro\u00dfe Herausforderung darstelle. Regierungspr\u00e4sidentin  Felder sagte zu, im Rahmen ihrer M\u00f6glichkeiten weiterhin alles daf\u00fcr zu  tun, die Bauzeit zu verk\u00fcrzen.<\/p>\n\n\n\n<p><em>Text: Stadt Speyer Foto: Speyer 24\/7 News \/ Regierungspr\u00e4sidium Karlsruhe<br>23.01.2020<\/em><\/p>\n","protected":false},"excerpt":{"rendered":"<div class=\"mh-excerpt\"><p>Beteiligung der \u00d6ffentlichkeit zum Bauvorhaben \u201eAm Rabensteinerweg\u201c Speyer &#8211; Der Stadtrat hat in seiner Sitzung vom 19. September 2019 den Aufstellungsbeschluss f\u00fcr den vorhabenbezogenen Bebauungsplan Nr. 017A \u201eAm Rabensteinerweg\u201c gefasst. Ebenso wurde eine fr\u00fchzeitige Beteiligung <a class=\"mh-excerpt-more\" href=\"https:\/\/speyer24news.com\/?p=24491\" title=\"Speyer\">[&#8230;]<\/a><\/p>\n<\/div>","protected":false},"author":3,"featured_media":23902,"comment_status":"open","ping_status":"open","sticky":false,"template":"","format":"standard","meta":{"_monsterinsights_skip_tracking":false,"_monsterinsights_sitenote_active":false,"_monsterinsights_sitenote_note":"","_monsterinsights_sitenote_category":0,"footnotes":""},"categories":[9],"tags":[5479,5476,5477,5478,5482,5483,5480,4667,4710,4670,5481,6],"aioseo_notices":[],"amp_enabled":true,"_links":{"self":[{"href":"https:\/\/speyer24news.com\/index.php?rest_route=\/wp\/v2\/posts\/24491"}],"collection":[{"href":"https:\/\/speyer24news.com\/index.php?rest_route=\/wp\/v2\/posts"}],"about":[{"href":"https:\/\/speyer24news.com\/index.php?rest_route=\/wp\/v2\/types\/post"}],"author":[{"embeddable":true,"href":"https:\/\/speyer24news.com\/index.php?rest_route=\/wp\/v2\/users\/3"}],"replies":[{"embeddable":true,"href":"https:\/\/speyer24news.com\/index.php?rest_route=%2Fwp%2Fv2%2Fcomments&post=24491"}],"version-history":[{"count":2,"href":"https:\/\/speyer24news.com\/index.php?rest_route=\/wp\/v2\/posts\/24491\/revisions"}],"predecessor-version":[{"id":24498,"href":"https:\/\/speyer24news.com\/index.php?rest_route=\/wp\/v2\/posts\/24491\/revisions\/24498"}],"wp:featuredmedia":[{"embeddable":true,"href":"https:\/\/speyer24news.com\/index.php?rest_route=\/wp\/v2\/media\/23902"}],"wp:attachment":[{"href":"https:\/\/speyer24news.com\/index.php?rest_route=%2Fwp%2Fv2%2Fmedia&parent=24491"}],"wp:term":[{"taxonomy":"category","embeddable":true,"href":"https:\/\/speyer24news.com\/index.php?rest_route=%2Fwp%2Fv2%2Fcategories&post=24491"},{"taxonomy":"post_tag","embeddable":true,"href":"https:\/\/speyer24news.com\/index.php?rest_route=%2Fwp%2Fv2%2Ftags&post=24491"}],"curies":[{"name":"wp","href":"https:\/\/api.w.org\/{rel}","templated":true}]}}