{"id":24570,"date":"2020-01-24T13:21:13","date_gmt":"2020-01-24T12:21:13","guid":{"rendered":"https:\/\/speyer24news.com\/?p=24570"},"modified":"2020-01-24T13:21:13","modified_gmt":"2020-01-24T12:21:13","slug":"stadtnotizen-speyer-7","status":"publish","type":"post","link":"https:\/\/speyer24news.com\/?p=24570","title":{"rendered":"Stadtnotizen Speyer"},"content":{"rendered":"<style type=\"text\/css\">\r\n\t.ads_top_disp{}\r\n\t.ads_top_corner_disp{ float:left; margin:0px 10px 10px 0px; }\r\n\t.ads_first_p_disp{}\r\n\t.ads_bottom_disp{}\r\n\t<\/style>\n<figure class=\"wp-block-image\"><img decoding=\"async\" loading=\"lazy\" width=\"800\" height=\"600\" src=\"https:\/\/speyer24news.com\/wp-content\/uploads\/2020\/01\/Speyer-Stadtnachrichten-2.jpg\" alt=\"\" class=\"wp-image-23901\" srcset=\"https:\/\/speyer24news.com\/wp-content\/uploads\/2020\/01\/Speyer-Stadtnachrichten-2.jpg 800w, https:\/\/speyer24news.com\/wp-content\/uploads\/2020\/01\/Speyer-Stadtnachrichten-2-300x225.jpg 300w, https:\/\/speyer24news.com\/wp-content\/uploads\/2020\/01\/Speyer-Stadtnachrichten-2-768x576.jpg 768w, https:\/\/speyer24news.com\/wp-content\/uploads\/2020\/01\/Speyer-Stadtnachrichten-2-678x509.jpg 678w, https:\/\/speyer24news.com\/wp-content\/uploads\/2020\/01\/Speyer-Stadtnachrichten-2-326x245.jpg 326w, https:\/\/speyer24news.com\/wp-content\/uploads\/2020\/01\/Speyer-Stadtnachrichten-2-80x60.jpg 80w\" sizes=\"(max-width: 800px) 100vw, 800px\" \/><\/figure>\n\n\n\n<h2 class=\"wp-block-heading\"><strong>Beteiligung der \u00d6ffentlichkeit zum Bebauungsplan \u201e<\/strong><strong>Speyer Nord II \u2013 Teilbebauungsplan ehemaliges Bauhaus\u201c<\/strong><\/h2>\n\n\n\n<p>Der\n Stadtrat hat in seiner Sitzung vom 12. Dezember 2019 die \u00f6ffentliche \nAuslegung des vorhabenbezogenen Bebauungsplans Nr. 008 A \u201eSpeyer Nord II\n \u2013 Teilbebauungsplan\n ehemaliges Bauhaus\u201c beschlossen.<\/p>\n\n\n\n<p>St\u00e4dtebauliches\n Ziel des Bebauungsplans ist die Aufwertung und Wiedernutzbarmachung des\n seit Jahren nur provisorisch genutzten bzw. zum Teil leerstehenden \nGeb\u00e4udebestands der Firma Bauhaus\n an der Schifferstadter Stra\u00dfe. Weiterhin soll mit dem Vorhaben die \nplanungsrechtliche Grundlage f\u00fcr die Ansiedlung eines REWE \nLebensmittelmarktes zur Verbesserung der Nahversorgung im Stadtteil Nord\n geschaffen werden. Neben dem Lebensmitteleinzelhandel sollen,\n in Ankn\u00fcpfung an die urspr\u00fcngliche Nutzung, ein Fachmarkt f\u00fcr \nHeimausstattung und Heimtextilien sowie eine B\u00e4ckereiverkaufsstelle mit \nCaf\u00e9 erm\u00f6glicht werden.<\/p>\n\n\n\n<p>Um\n den B\u00fcrgerinnen und B\u00fcrgern die M\u00f6glichkeit zu bieten, sich mit der \nPlanung aktiv auseinanderzusetzen, Fragen zu kl\u00e4ren sowie Anregungen und\n eventuelle\n Bedenken vorzubringen, erfolgt vom<strong> 3. Februar bis 6. M\u00e4rz 2020 <\/strong>die \u00f6ffentliche Ausstellung des st\u00e4dtebaulichen Entwurfs.<\/p>\n\n\n\n<p>Die\n Planung kann in dieser Zeit im Stadthaus (Maximilianstra\u00dfe 100) im \nErdgeschoss sowie bei der Abteilung Stadtplanung im 3. Obergeschoss \nw\u00e4hrend\n folgender \u00d6ffnungszeiten eingesehen werden:<\/p>\n\n\n\n<p>Montag bis Donnerstag: 8:00 Uhr bis 12:30 Uhr und 13:30 Uhr bis 16:00 Uhr\n<\/p>\n\n\n\n<p>Freitag: 8:00 bis 12:00 Uhr<\/p>\n\n\n\n<p>sowie nach Vereinbarung.<\/p>\n\n\n\n<p>Die Unterlagen werden au\u00dferdem ab dem 3. Februar 2020 auf der Homepage der Stadt Speyer (<a rel=\"noreferrer noopener\" href=\"https:\/\/deref-web-02.de\/mail\/client\/VX_rnXDx1lU\/dereferrer\/?redirectUrl=http%3A%2F%2Fwww.speyer.de\" target=\"_blank\">www.speyer.de<\/a>)  unter der Rubrik <em>Standort\/Bauen\/Bauleitpl\u00e4ne im Verfahren<\/em> publiziert.  <\/p>\n\n\n\n<p><em>Stadtverwaltung Speyer<br>24.01.2020 <\/em><\/p>\n\n\n\n<h2 class=\"wp-block-heading\"><strong>B\u00fcrgerb\u00fcro Maximilianstra\u00dfe geschlossen<\/strong><\/h2>\n\n\n\n<div class=\"wp-block-image\"><figure class=\"aligncenter\"><img decoding=\"async\" src=\"https:\/\/speyer24news.com\/wp-content\/uploads\/2020\/01\/B\u00fcrgerb\u00fcro-Maria6.jpg\" alt=\"\" class=\"wp-image-24571\"\/><\/figure><\/div>\n\n\n\n<p>Die  Stadtverwaltung Speyer teilt mit, dass das B\u00fcrgerb\u00fcro in der  Maximilianstra\u00dfe wegen einer Schulung<strong> von Mittwoch, 29.01.2020, bis  einschlie\u00dflich Freitag, 31.01.2020<\/strong>,  geschlossen bleibt. Die Vertretung \u00fcbernimmt das B\u00fcrgerb\u00fcro Industriestra\u00dfe.  <\/p>\n\n\n\n<p>Das Fundb\u00fcro bleibt in diesem Zeitraum komplett geschlossen. <\/p>\n\n\n\n<p><em>Text: Stadtverwaltung Speyer Foto: Speyer 24\/7 News, mab<br>24.01.2020 <\/em><\/p>\n\n\n\n<h2 class=\"wp-block-heading\"><strong>Schritt f\u00fcr Schritt zum UNESCO-Weltkulturerbe \u2013 Vorstellung der Antragsunterlagen<\/strong><\/h2>\n\n\n\n<div class=\"wp-block-image\"><figure class=\"aligncenter\"><img decoding=\"async\" loading=\"lazy\" width=\"450\" height=\"410\" src=\"https:\/\/speyer24news.com\/wp-content\/uploads\/2020\/01\/SchUM-Logo.png\" alt=\"\" class=\"wp-image-24183\" srcset=\"https:\/\/speyer24news.com\/wp-content\/uploads\/2020\/01\/SchUM-Logo.png 450w, https:\/\/speyer24news.com\/wp-content\/uploads\/2020\/01\/SchUM-Logo-300x273.png 300w\" sizes=\"(max-width: 450px) 100vw, 450px\" \/><\/figure><\/div>\n\n\n\n<p>Es  ist soweit! Am Donnerstag, 23. Januar 2020, hat das Land  Rheinland-Pfalz den rund 1.000 Seiten umfassenden Welterbeantrag \u201eDie  SchUM-St\u00e4tten Speyer, Worms  und Mainz\u201c bei der UNESCO in Paris eingereicht. Anl\u00e4sslich dieses  Meilensteins l\u00e4dt das Projektteam alle interessierten B\u00fcrgerinnen und  B\u00fcrger zur Veranstaltung \u201eSchritt f\u00fcr Schritt zum UNESCO-Weltkulturerbe \u2013  Vorstellung des UNESCO-Welterbeantrags\u201c am <strong>Dienstag, 4. Februar 2020<\/strong> um <strong>18:30 Uhr<\/strong> in den <strong>Stadtratssitzungssaal<\/strong> im Historischen Rathaus ein. <\/p>\n\n\n\n<div class=\"wp-block-image\"><figure class=\"aligncenter\"><img decoding=\"async\" loading=\"lazy\" width=\"800\" height=\"600\" src=\"https:\/\/speyer24news.com\/wp-content\/uploads\/2020\/01\/DSC06661.jpg\" alt=\"\" class=\"wp-image-24184\" srcset=\"https:\/\/speyer24news.com\/wp-content\/uploads\/2020\/01\/DSC06661.jpg 800w, https:\/\/speyer24news.com\/wp-content\/uploads\/2020\/01\/DSC06661-300x225.jpg 300w, https:\/\/speyer24news.com\/wp-content\/uploads\/2020\/01\/DSC06661-768x576.jpg 768w, https:\/\/speyer24news.com\/wp-content\/uploads\/2020\/01\/DSC06661-678x509.jpg 678w, https:\/\/speyer24news.com\/wp-content\/uploads\/2020\/01\/DSC06661-326x245.jpg 326w, https:\/\/speyer24news.com\/wp-content\/uploads\/2020\/01\/DSC06661-80x60.jpg 80w\" sizes=\"(max-width: 800px) 100vw, 800px\" \/><figcaption>Umfassenendes Antragswerk<\/figcaption><\/figure><\/div>\n\n\n\n<p>Seit 2014 bereitet eine Arbeitsgruppe aus Wissenschaftlerinnen und  Wissenschaftlern, dem SchUM-Verein, der Generaldirektion Kulturelles  Erbe und dem Ministerium f\u00fcr Wissenschaft, Weiterbildung und Kultur in Abstimmung mit den St\u00e4dten und der J\u00fcdischen Gemeinde Mainz den umfangreichen UNESCO-Antrag vor. Im Rahmen der Veranstaltung sollen die Arbeitsergebnisse der vergangenen Jahre nun pr\u00e4sentiert werden, indem die Nominierungsunterlagen, bestehend aus Nominierungsdossier, Managementplan und Anhang, der \u00d6ffentlichkeit vorgestellt werden. <\/p>\n\n\n\n<p>Die SchUM-St\u00e4dte Speyer, Worms und Mainz bildeten im Mittelalter ein  europaweit bedeutendes Zentrum j\u00fcdischen Lebens. Mehr noch, sie gelten  als die Wiege des aschkenasischen  Judentums. Bis heute sind mit den Synagogen, Mikwen und Friedh\u00f6fen  einzigartige Zeugnisse aus dieser Zeit in den drei St\u00e4dten erhalten. <\/p>\n\n\n\n<p>Aus organisatorischen Gr\u00fcnden wird um <strong>Anmeldung bis sp\u00e4testens 30. Januar 2020<\/strong> gebeten. Per Fax an: 06131-2016-222 oder per E-Mail an <a rel=\"noreferrer noopener\" href=\"mailto:nadine.hoffmann@gdke.rlp.de\" target=\"_blank\">nadine.hoffmann@gdke.rlp.de<\/a>.  <\/p>\n\n\n\n<p><em>Text: Stadtverwaltung Speyer Foto: Speyer 24\/7 News, dak<br>24.01.2020 <\/em><\/p>\n","protected":false},"excerpt":{"rendered":"<div class=\"mh-excerpt\"><p>Beteiligung der \u00d6ffentlichkeit zum Bebauungsplan \u201eSpeyer Nord II \u2013 Teilbebauungsplan ehemaliges Bauhaus\u201c Der Stadtrat hat in seiner Sitzung vom 12. Dezember 2019 die \u00f6ffentliche Auslegung des vorhabenbezogenen Bebauungsplans Nr. 008 A \u201eSpeyer Nord II \u2013 <a class=\"mh-excerpt-more\" href=\"https:\/\/speyer24news.com\/?p=24570\" title=\"Stadtnotizen Speyer\">[&#8230;]<\/a><\/p>\n<\/div>","protected":false},"author":3,"featured_media":23902,"comment_status":"open","ping_status":"open","sticky":false,"template":"","format":"standard","meta":{"_monsterinsights_skip_tracking":false,"_monsterinsights_sitenote_active":false,"_monsterinsights_sitenote_note":"","_monsterinsights_sitenote_category":0,"footnotes":""},"categories":[47],"tags":[5530,5532,178,5531,3015,6,802,1296,3016,5533,2304],"aioseo_notices":[],"amp_enabled":true,"_links":{"self":[{"href":"https:\/\/speyer24news.com\/index.php?rest_route=\/wp\/v2\/posts\/24570"}],"collection":[{"href":"https:\/\/speyer24news.com\/index.php?rest_route=\/wp\/v2\/posts"}],"about":[{"href":"https:\/\/speyer24news.com\/index.php?rest_route=\/wp\/v2\/types\/post"}],"author":[{"embeddable":true,"href":"https:\/\/speyer24news.com\/index.php?rest_route=\/wp\/v2\/users\/3"}],"replies":[{"embeddable":true,"href":"https:\/\/speyer24news.com\/index.php?rest_route=%2Fwp%2Fv2%2Fcomments&post=24570"}],"version-history":[{"count":1,"href":"https:\/\/speyer24news.com\/index.php?rest_route=\/wp\/v2\/posts\/24570\/revisions"}],"predecessor-version":[{"id":24572,"href":"https:\/\/speyer24news.com\/index.php?rest_route=\/wp\/v2\/posts\/24570\/revisions\/24572"}],"wp:featuredmedia":[{"embeddable":true,"href":"https:\/\/speyer24news.com\/index.php?rest_route=\/wp\/v2\/media\/23902"}],"wp:attachment":[{"href":"https:\/\/speyer24news.com\/index.php?rest_route=%2Fwp%2Fv2%2Fmedia&parent=24570"}],"wp:term":[{"taxonomy":"category","embeddable":true,"href":"https:\/\/speyer24news.com\/index.php?rest_route=%2Fwp%2Fv2%2Fcategories&post=24570"},{"taxonomy":"post_tag","embeddable":true,"href":"https:\/\/speyer24news.com\/index.php?rest_route=%2Fwp%2Fv2%2Ftags&post=24570"}],"curies":[{"name":"wp","href":"https:\/\/api.w.org\/{rel}","templated":true}]}}