{"id":24642,"date":"2020-01-25T11:33:23","date_gmt":"2020-01-25T10:33:23","guid":{"rendered":"https:\/\/speyer24news.com\/?p=24642"},"modified":"2020-01-25T11:33:24","modified_gmt":"2020-01-25T10:33:24","slug":"hassloch-46","status":"publish","type":"post","link":"https:\/\/speyer24news.com\/?p=24642","title":{"rendered":"Ha\u00dfloch"},"content":{"rendered":"<style type=\"text\/css\">\r\n\t.ads_top_disp{}\r\n\t.ads_top_corner_disp{ float:left; margin:0px 10px 10px 0px; }\r\n\t.ads_first_p_disp{}\r\n\t.ads_bottom_disp{}\r\n\t<\/style>\n<h2 class=\"wp-block-heading\">Tag der offenen T\u00fcr in der Musikschule<\/h2>\n\n\n\n<div class=\"wp-block-image\"><figure class=\"aligncenter\"><img decoding=\"async\" src=\"https:\/\/speyer24news.com\/wp-content\/uploads\/2020\/01\/Ha\u00dfloch-Musikschule.png\" alt=\"\" class=\"wp-image-24644\"\/><\/figure><\/div>\n\n\n\n<p>Die Musikschule Ha\u00dfloch l\u00e4dt am <strong>Samstag, den 08. Februar 2020<\/strong> zum \u201eTag der offenen T\u00fcr\u201c ein. In der Zeit von 14:00 bis 17:00 Uhr haben alle Interessierten die M\u00f6glichkeit, einen Einblick in die Arbeit und die vielf\u00e4ltigen Angebote der Musikschule zu bekommen. Es wird ein kleines Instrumentenkarussell angeboten, bei dem die Instrumente, die an der Musikschule unterrichtet werden, unter Anleitung der Fachlehrer ausprobiert werden k\u00f6nnen. Kinder erhalten einen Laufzettel und bekommen nach dem Ausprobieren der Instrumente eine kleine Belohnung. Au\u00dferdem stehen die Fachlehrer bei Fragen Rede und Antwort.<\/p>\n\n\n\n<p>Dar\u00fcber hinaus gibt es Informationen zu s\u00e4mtlichen Angeboten der Musikschule. Neu bei den zu erlernenden Instrumenten ist beispielsweise das Banjo. Auch \u00fcber die verschiedenen Unterrichtsformen sowie Lang- und Kurzzeitangebote f\u00fcr Kinder, Jugendliche und Erwachsene sowie f\u00fcr Anf\u00e4nger, Fortgeschrittene und Wiedereinsteiger wird informiert. Au\u00dferdem kann der \u201eTag der offenen T\u00fcr\u201c auch als Anmeldetag genutzt werden, denn das Musikschulb\u00fcro ist ab 14:00 Uhr ebenfalls ge\u00f6ffnet. Zur vollen und zur halben Stunde sind au\u00dferdem kurze Konzerte geplant, denen die Besucherinnen und Besucher lauschen k\u00f6nnen.<\/p>\n\n\n\n<p>Musikschullehrer Wolfgang Singer wird beim \u201eTag der offenen T\u00fcr\u201c das Thema \u201eGesunde Musikschule\u201c vorstellen und in dem Zusammenhang verschiedene Mitmachaktionen anbieten. Wolfgang Singer hatte im November 2019 als einer von 13 Teilnehmern am Projekt \u201eGesunde Musikschule\u201c seine Weiterbildung zum Mentor f\u00fcr Musikgesundheit erfolgreich abgeschlossen. Zum Themenfeld Musikgesundheit geh\u00f6ren die richtige Haltung am Instrument, die richtige Atemtechnik, Stressbew\u00e4ltigung und vor allem auch die bewusste K\u00f6rperwahrnehmung beim Musizieren. K\u00fcnftig sollen entsprechende Kurzzeitangebote realisiert werden. Ohnehin werden s\u00e4mtliche Sch\u00fclerinnen und Sch\u00fcler sowie Lehrkr\u00e4fte langfristig profitieren, da mit der Ausbildung von Wolfgang Singer das Thema Musikgesundheit auch in der Musikschule Ha\u00dfloch eine zunehmende Bedeutung bekommt.<\/p>\n\n\n\n<p>Dar\u00fcber hinaus wird sich das WwP-Theater beim \u201eTag der offenen T\u00fcr\u201c pr\u00e4sentieren. Wie berichtet, kooperieren WwP-Theater und Musikschule seit dem vergangenen Jahr und erarbeiten gemeinsame Angebote, wie beispielsweise eine so genannte \u201eStage Session\u201c. Ein Gesangslehrer der Musikschule sowie ein Theaterp\u00e4dagoge des WwP-Theaters werden hierbei den Fokus auf die stimmliche als auch k\u00f6rperliche B\u00fchnenpr\u00e4senz legen.<\/p>\n\n\n\n<p>Musikschulleiterin Tatjana Geiger, das gesamte Musikschul-Team sowie der zust\u00e4ndige Dezernent Tobias Meyer laden alle Interessierten am 08.02.2020 recht herzlich ein und hoffen auf reges Interesse. <\/p>\n\n\n\n<p><em>Gemeindeverwaltung Ha\u00dfloch<br>25.01.2020 <\/em><\/p>\n\n\n\n<h2 class=\"wp-block-heading\">Veranstaltungen in der Ha\u00dflocher Gemeindeb\u00fccherei<\/h2>\n\n\n\n<p>Das Team der Gemeindeb\u00fccherei Ha\u00dfloch m\u00f6chte nachfolgend auf zwei Veranstaltungen aufmerksam machen, die Anfang Februar auf dem Programm stehen. <\/p>\n\n\n\n<h4 class=\"wp-block-heading\">03.02.2020 um 15:00 Uhr: M\u00e4rchenhaftes in der B\u00fccherei <\/h4>\n\n\n\n<p>Unter dem Titel \u201eM\u00e4rchenhaftes in der B\u00fccherei\u201c wird M\u00e4rchen- und Geschichtenerz\u00e4hlerin Silke Umbach das junge Publikum vor m\u00e4rchenhafter Kulisse unterhalten. Einen kompletten Tag lang wird sie am 03.02.2020 in der Gemeindeb\u00fccherei zu Gast sein und das junge Publikum auf eine Reise in die M\u00e4rchenwelt mitnehmen. Teil der Veranstaltung ist das Grimm-M\u00e4rchen \u201eDie drei Federn\u201c. W\u00e4hrend die Vormittagsveranstaltungen f\u00fcr Schulklassen reserviert sind, gibt es am Nachmittag einen freien Termin f\u00fcr alle interessierten Kinder. Beginn ist um 15:00 Uhr. Eine Anmeldung in der B\u00fccherei ist erforderlich und direkt vor Ort (Rathausplatz 3) oder telefonisch unter 06324-935 451 m\u00f6glich. Der Eintrittspreis betr\u00e4gt 1,50 Euro.<\/p>\n\n\n\n<h4 class=\"wp-block-heading\">09.02.2020 von 14:00 \u2013 17:30 Uhr: Spielenachmittag <\/h4>\n\n\n\n<p>Im Medienbestand der B\u00fccherei befinden sich zahlreiche Gesellschaftsspiele und die Nachfrage nach Brettspielen und Co w\u00e4chst. Dementsprechend gro\u00df ist auch regelm\u00e4\u00dfig das Interesse am Spielenachmittag. Die inzwischen f\u00fcnfte Auflage findet am Sonntag, 09. Februar 2020 von 14:00 \u2013 17:30 Uhr in den R\u00e4umlichkeiten der B\u00fccherei (Rathausplatz 3) statt. Beim Spielenachmittag werden neue sowie bekannte Gesellschaftsspiele kurz vorgestellt und anschlie\u00dfend kann jeder spielen, knobeln, bluffen, r\u00e4tseln und staunen. Spieleliebhaber, aber auch Neugierige jeden Alters sind herzlich willkommen. Im Anschluss an den Spielenachmittag ist bei Bedarf auch eine Ausleihe von Spielen m\u00f6glich. Der Eintritt zum Spielenachmittag ist frei. Eine Anmeldung ist nicht zwingend erforderlich, zur besseren Planbarkeit aber erw\u00fcnscht (Tel.: 06324-935 451).<\/p>\n\n\n\n<p><em>Gemeindeverwaltung Ha\u00dfloch<br>25.01.2020 <\/em> <\/p>\n\n\n\n<h2 class=\"wp-block-heading\">Prunksitzung f\u00fcr Senioren am 08.02.2020<\/h2>\n\n\n\n<div class=\"wp-block-image\"><figure class=\"aligncenter\"><img decoding=\"async\" loading=\"lazy\" width=\"800\" height=\"455\" src=\"https:\/\/speyer24news.com\/wp-content\/uploads\/2020\/01\/Luftschlanfen-Party.jpg\" alt=\"\" class=\"wp-image-24352\" srcset=\"https:\/\/speyer24news.com\/wp-content\/uploads\/2020\/01\/Luftschlanfen-Party.jpg 800w, https:\/\/speyer24news.com\/wp-content\/uploads\/2020\/01\/Luftschlanfen-Party-300x171.jpg 300w, https:\/\/speyer24news.com\/wp-content\/uploads\/2020\/01\/Luftschlanfen-Party-768x437.jpg 768w\" sizes=\"(max-width: 800px) 100vw, 800px\" \/><\/figure><\/div>\n\n\n\n<p>Die Gemeindeverwaltung und der Ha\u00dflocher Carnevalverein (HCV) laden zur 30. gemeinsamen Sitzung in die Aula des Hannah-Arendt-Gymnasiums ein. Durch den n\u00e4rrischen Nachmittag f\u00fchrt der Sitzungspr\u00e4sident des HCV, Daniel Kammel, in charmanter Begleitung des HCV-Prinzenpaares Joana I und Steven I. \u201eWir freuen uns, die Fr\u00fcchte des monatelangen Trainings pr\u00e4sentieren zu d\u00fcrfen\u201c, so HCV-Vorstand Michael Weimann. \u201eBesonders stolz sind wir auf unsere Purzelgarde und die zuverl\u00e4ssige Unterst\u00fctzung durch die Eltern.\u201c Die Garde- und Schautanzgruppen sorgen mit ihren gekonnten Darbietungen und Choreografien sowie den bunten Kost\u00fcmen f\u00fcr einen Augenschmaus. Fabian Wilhelm steht als \u201eIssemer Prinzessin\u201c in der B\u00fctt und das Nachwuchspaar Jannik und Jana, entsendet von den \u201eB\u00f6hler H\u00e4ngsching\u201c, kommen mit humorvollen Beitr\u00e4gen im Gep\u00e4ck.<\/p>\n\n\n\n<p>\u201eWir sind dankbar, dass der HCV wieder ein tolles Programm zusammengestellt hat. Und auch mit dem Magier Felix van Mel und dem Shantychor der Marinekameradschaft als zus\u00e4tzliche Programmpunkte ist kurzweilige Unterhaltung garantiert\u201c, freut sich der zust\u00e4ndige Beigeordnete Claus Wolfer. Karten gibt es f\u00fcr 3,00 Euro an der Tageskasse. F\u00fcr das leibliche Wohl ist gesorgt. Beginn ist am 08.02.2020 um 13.59 Uhr im Hannah-Arendt-Gymnasium, Viroflayer Str. 20. <\/p>\n\n\n\n<p>Weitere Infos zur Veranstaltung erteilt Beate Gebhard-Diehl vom Seniorenb\u00fcro unter der Telefonnummer 06324-935 359.<\/p>\n\n\n\n<p><em>Gemeindeverwaltung Ha\u00dfloch<br>25.01.2020 <\/em><\/p>\n\n\n\n<h2 class=\"wp-block-heading\">Abendbegehungen mit Polizei und Ordnungsamt starten<\/h2>\n\n\n\n<p>Der Erste Beigeordnete Tobias Meyer hatte im November vergangenen Jahres angek\u00fcndigt, als zust\u00e4ndiger Ordnungsdezernent Anfang 2020 so genannte Abendbegehungen mit Polizei und Ordnungsamt realisieren zu wollen, an denen auch interessierte B\u00fcrgerinnen und B\u00fcrger teilnehmen k\u00f6nnen. Nun stehen die Termine. Konkret sind zwei Begehungen geplant. Die erste wird sich auf den <strong>Bereich des Ha\u00dflocher Bahnhofes<\/strong> konzentrieren und am <strong>30.01.2020<\/strong> stattfinden. Die zweite Tour wird den <strong>Bereich des Rathausplatzes<\/strong> in den Fokus nehmen und ist f\u00fcr den <strong>10. M\u00e4rz 2020<\/strong> geplant. Bei beiden Begehungen sollen B\u00fcrgerinnen und B\u00fcrger im Dialog mit Polizei und Ordnungsverwaltung ihr pers\u00f6nliches Sicherheitsempfinden darlegen, auf potentielle Gefahrenstellen aufmerksam machen sowie Lob und Kritik in Bezug auf Sicherheit und Ordnung \u00e4u\u00dfern k\u00f6nnen.<\/p>\n\n\n\n<p>Die erste Begehung am Donnerstag, 30.01.2020, beginnt um 18:00 Uhr. Treffpunkt ist an der Polizeiinspektion Ha\u00dfloch in der Meckenheimer Stra\u00dfe 10. Neben dem Ersten Beigeordneten Tobias Meyer werden Fachbereichsleiterin Christine Behret sowie der Leiter der Ha\u00dflocher Polizeiinspektion, Wolfgang Brunke, an der Begehung teilnehmen. Eine Anmeldung f\u00fcr die Teilnahme an der Begehung ist nicht zwingend erforderlich, aber zwecks besserer Planbarkeit w\u00fcnschenswert. Auch f\u00fcr die Meldung von Fragen oder Anliegen, die im Rahmen der Abendbegehung angesprochen werden sollen, ist die Verwaltung dankbar. Ansprechpartnerin ist Christine Behret (Tel.: 06324-935 256, Mail: <a href=\"christine.behret@hassloch.de\">christine.behret@hassloch.de<\/a>).<\/p>\n\n\n\n<p>Die zweite Begehung am Dienstag, 10.03.2020, beginnt ebenfalls um 18:00 Uhr. Treffpunkt ist am Eingang des Rathauses. Auch hier sind eine vorherige Anmeldung sowie das Einreichen von Fragen oder Anliegen f\u00fcr die Planung hilfreich, aber nicht zwingend erforderlich.<\/p>\n\n\n\n<p>Die Dauer der einzelnen Begehungen h\u00e4ngt von der Beteiligung sowie von den Gespr\u00e4chen zwischen B\u00fcrgern, Polizei und Verwaltung ab. Tobias Meyer freut sich als Ordnungsdezernent auf einen regen Austausch und hofft auf gro\u00dfen Zuspruch.<\/p>\n\n\n\n<p><em>Gemeindeverwaltung Ha\u00dfloch<br>25.01.2020 <\/em><\/p>\n","protected":false},"excerpt":{"rendered":"<div class=\"mh-excerpt\"><p>Tag der offenen T\u00fcr in der Musikschule Die Musikschule Ha\u00dfloch l\u00e4dt am Samstag, den 08. Februar 2020 zum \u201eTag der offenen T\u00fcr\u201c ein. In der Zeit von 14:00 bis 17:00 Uhr haben alle Interessierten die <a class=\"mh-excerpt-more\" href=\"https:\/\/speyer24news.com\/?p=24642\" title=\"Ha\u00dfloch\">[&#8230;]<\/a><\/p>\n<\/div>","protected":false},"author":3,"featured_media":23914,"comment_status":"open","ping_status":"open","sticky":false,"template":"","format":"standard","meta":{"_monsterinsights_skip_tracking":false,"_monsterinsights_sitenote_active":false,"_monsterinsights_sitenote_note":"","_monsterinsights_sitenote_category":0,"footnotes":""},"categories":[235],"tags":[5559,180,5557,3184,5359,4250,5558,5556],"aioseo_notices":[],"amp_enabled":true,"_links":{"self":[{"href":"https:\/\/speyer24news.com\/index.php?rest_route=\/wp\/v2\/posts\/24642"}],"collection":[{"href":"https:\/\/speyer24news.com\/index.php?rest_route=\/wp\/v2\/posts"}],"about":[{"href":"https:\/\/speyer24news.com\/index.php?rest_route=\/wp\/v2\/types\/post"}],"author":[{"embeddable":true,"href":"https:\/\/speyer24news.com\/index.php?rest_route=\/wp\/v2\/users\/3"}],"replies":[{"embeddable":true,"href":"https:\/\/speyer24news.com\/index.php?rest_route=%2Fwp%2Fv2%2Fcomments&post=24642"}],"version-history":[{"count":1,"href":"https:\/\/speyer24news.com\/index.php?rest_route=\/wp\/v2\/posts\/24642\/revisions"}],"predecessor-version":[{"id":24645,"href":"https:\/\/speyer24news.com\/index.php?rest_route=\/wp\/v2\/posts\/24642\/revisions\/24645"}],"wp:featuredmedia":[{"embeddable":true,"href":"https:\/\/speyer24news.com\/index.php?rest_route=\/wp\/v2\/media\/23914"}],"wp:attachment":[{"href":"https:\/\/speyer24news.com\/index.php?rest_route=%2Fwp%2Fv2%2Fmedia&parent=24642"}],"wp:term":[{"taxonomy":"category","embeddable":true,"href":"https:\/\/speyer24news.com\/index.php?rest_route=%2Fwp%2Fv2%2Fcategories&post=24642"},{"taxonomy":"post_tag","embeddable":true,"href":"https:\/\/speyer24news.com\/index.php?rest_route=%2Fwp%2Fv2%2Ftags&post=24642"}],"curies":[{"name":"wp","href":"https:\/\/api.w.org\/{rel}","templated":true}]}}