{"id":24646,"date":"2020-01-25T12:32:57","date_gmt":"2020-01-25T11:32:57","guid":{"rendered":"https:\/\/speyer24news.com\/?p=24646"},"modified":"2020-01-25T12:32:59","modified_gmt":"2020-01-25T11:32:59","slug":"schifferstadt-46","status":"publish","type":"post","link":"https:\/\/speyer24news.com\/?p=24646","title":{"rendered":"Schifferstadt"},"content":{"rendered":"<style type=\"text\/css\">\r\n\t.ads_top_disp{}\r\n\t.ads_top_corner_disp{ float:left; margin:0px 10px 10px 0px; }\r\n\t.ads_first_p_disp{}\r\n\t.ads_bottom_disp{}\r\n\t<\/style>\n<h2 class=\"wp-block-heading\"><strong>Sperrung Herzog-Otto-Stra\u00dfe und\nBirkenweg<\/strong><\/h2>\n\n\n\n<h3 class=\"wp-block-heading\"><strong>Umleitung \u00fcber Speyerer Stra\u00dfe \u2013 Amselweg \u2013 Klappengasse<\/strong><\/h3>\n\n\n\n<div class=\"wp-block-image\"><figure class=\"aligncenter\"><img decoding=\"async\" loading=\"lazy\" width=\"640\" height=\"480\" src=\"https:\/\/speyer24news.com\/wp-content\/uploads\/2020\/01\/Vollsperrung-1.jpg\" alt=\"\" class=\"wp-image-24649\" srcset=\"https:\/\/speyer24news.com\/wp-content\/uploads\/2020\/01\/Vollsperrung-1.jpg 640w, https:\/\/speyer24news.com\/wp-content\/uploads\/2020\/01\/Vollsperrung-1-300x225.jpg 300w, https:\/\/speyer24news.com\/wp-content\/uploads\/2020\/01\/Vollsperrung-1-326x245.jpg 326w, https:\/\/speyer24news.com\/wp-content\/uploads\/2020\/01\/Vollsperrung-1-80x60.jpg 80w\" sizes=\"(max-width: 640px) 100vw, 640px\" \/><\/figure><\/div>\n\n\n\n<p><strong>Ab dem 3. Februar 2020<\/strong> werden in der Herzog-Otto-Stra\u00dfe Arbeiten an der Wasserleitung und Netzwerkverkn\u00fcpfungen durchgef\u00fchrt. Die Arbeiten werden in vier Bauabschnitten vorgenommen und <strong>voraussichtlich bis Ende Mai<\/strong> andauern.<\/p>\n\n\n\n<p>Die Arbeiten finden\nunter Vollsperrung der Fahrbahn statt. Der erste Bauabschnitt wird in der\nHerzog-Otto-Stra\u00dfe zwischen der Anilinerstra\u00dfe und Drosselstra\u00dfe eingerichtet.\nDie Arbeitsstelle wird mit jedem Bauabschnitt erweitert bis hin zum\nKreisverkehr der Speyerer Stra\u00dfe. Ein Teilbereich des Birkenweges wird\nebenfalls gesperrt. Anwohner werden von dem bauausf\u00fchrenden Unternehmen\ninformiert, sobald sie von der Ma\u00dfnahme betroffen sind.<\/p>\n\n\n\n<p>Die ausgeschilderte Umleitung\nf\u00fcr Verkehrsteilnehmer erfolgt \u00fcber die Speyerer Stra\u00dfe \u2013 Amselweg \u2013 Klappengasse\nbis zur Herzog-Otto-Stra\u00dfe.<\/p>\n\n\n\n<p><em>Stadtverwaltung Schifferstadt<br>25.01.2020 <\/em><\/p>\n\n\n\n<h2 class=\"wp-block-heading\"><strong>Sitzung des Bau-\nund Verkehrsausschusses &nbsp;<\/strong><\/h2>\n\n\n\n<p>Am <strong>Mittwoch, 29. Januar<\/strong> beginnt um 18 Uhr die vierte Sitzung des Bau- und Verkehrsausschusses im Ratssaal des Rathauses Schifferstadt, Marktplatz 2. <\/p>\n\n\n\n<p>Thema der \u00f6ffentlichen Sitzung ist zu Beginn die Standortsuche einer\nweiteren Kindertagesst\u00e4tte. Abschlie\u00dfend geht es um die Auftragsvergabe f\u00fcr den\nUmbau des Kreuzplatzes. Besucher sind zur \u00f6ffentlichen Sitzung herzlich\neingeladen. <\/p>\n\n\n\n<p><em>Stadtverwaltung Schifferstadt<br>25.01.2020 <\/em><\/p>\n\n\n\n<h2 class=\"wp-block-heading\"><strong>Parkzeitbeschr\u00e4nkung im Adlerhof\nteilweise aufgehoben <\/strong><strong><\/strong><\/h2>\n\n\n\n<p>Ab sofort darf auf dem\nAdlerhof teilweise wieder uneingeschr\u00e4nkt geparkt werden. Die Stadtverwaltung\nhatte Anfang Dezember vergangenen Jahres die Parkzeit f\u00fcr den ganzen Platz\nzeitlich beschr\u00e4nkt. Nun wurde das Parkverhalten eine gewisse Zeit beobachtet\nund dabei festgestellt, dass der Platz gr\u00f6\u00dftenteils nur schwach belegt war und\nes k\u00fcnftig nur noch erforderlich ist, einen Teilbereich des Adlerhofes zeitlich\neinzuschr\u00e4nken. Dies betrifft die ersten sechs Parkst\u00e4nde nach der Einfahrt\nrechts. In diesem Bereich muss die Parkscheibe zwischen 7 und 18 Uhr genutzt\nwerden, da dort nur zwei Stunden geparkt werden darf. Die entsprechende\nBeschilderung ist bereits angebracht, teilt Beigeordneter Hans Schwind mit. Er\ngeht davon aus, dass sich dadurch die Parksituation wieder etwas entspannt. <\/p>\n\n\n\n<p><em>Stadtverwaltung Schifferstadt<br>25.01.2020 <\/em><\/p>\n\n\n\n<h2 class=\"wp-block-heading\"><strong>Sperrung Speyerer Stra\u00dfe<\/strong><\/h2>\n\n\n\n<h3 class=\"wp-block-heading\"><strong>Umleitung \u00fcber Hauptstra\u00dfe \u2013 Ludwigstra\u00dfe \u2013 Zwerchgasse \u2013 Burgstra\u00dfe<\/strong><\/h3>\n\n\n\n<div class=\"wp-block-image\"><figure class=\"aligncenter\"><img decoding=\"async\" loading=\"lazy\" width=\"640\" height=\"480\" src=\"https:\/\/speyer24news.com\/wp-content\/uploads\/2020\/01\/Vollsperrung-1.jpg\" alt=\"\" class=\"wp-image-24649\" srcset=\"https:\/\/speyer24news.com\/wp-content\/uploads\/2020\/01\/Vollsperrung-1.jpg 640w, https:\/\/speyer24news.com\/wp-content\/uploads\/2020\/01\/Vollsperrung-1-300x225.jpg 300w, https:\/\/speyer24news.com\/wp-content\/uploads\/2020\/01\/Vollsperrung-1-326x245.jpg 326w, https:\/\/speyer24news.com\/wp-content\/uploads\/2020\/01\/Vollsperrung-1-80x60.jpg 80w\" sizes=\"(max-width: 640px) 100vw, 640px\" \/><\/figure><\/div>\n\n\n\n<p>Ab <strong>Montag, 27. Januar<\/strong> muss die Speyerer Stra\u00dfe wegen Kanalarbeiten voll gesperrt werden. Die Arbeiten werden in zwei Bauabschnitten vorgenommen und voraussichtlich drei Wochen andauern. <\/p>\n\n\n\n<p>Vom ersten\nBauabschnitt ist der Stra\u00dfenabschnitt zwischen Hauptstra\u00dfe und Kreuzgasse\nbetroffen. Im zweiten Abschnitt ist die Speyerer Stra\u00dfe zwischen der Kreuzgasse\nund Zwerchgasse gesperrt. Aufgrund der Lage des vorhandenen Kanals und um einen\nz\u00fcgigen Bauablauf zu gew\u00e4hrleisten, finden die Arbeiten unter Vollsperrung der\nFahrbahn statt. \n\nDie ausgeschilderte\nUmleitung f\u00fcr Verkehrsteilnehmer erfolgt \u00fcber die Hauptstra\u00dfe \u2013 Ludwigstra\u00dfe \u2013\nZwerchgasse bis zur Burgstra\u00dfe. Die Stadtverwaltung bittet die Anwohner um\nBeachtung der Absperrungen und um Verst\u00e4ndnis f\u00fcr die Ma\u00dfnahme.\n\n\n\n<\/p>\n\n\n\n<p><em>Stadtverwaltung Schifferstadt<br>25.01.2020 <\/em><\/p>\n\n\n\n<h2 class=\"wp-block-heading\"><strong>Stadtkasse am 28.01. geschlossen<\/strong><\/h2>\n\n\n\n<div class=\"wp-block-image\"><figure class=\"aligncenter\"><img decoding=\"async\" src=\"https:\/\/speyer24news.com\/wp-content\/uploads\/2020\/01\/Closed.jpg\" alt=\"\" class=\"wp-image-24022\"\/><\/figure><\/div>\n\n\n\n<p>Am <strong>Dienstag, 28. Januar<\/strong> bleibt die Stadtkasse im Rathaus wegen einer Schulung geschlossen. E-Mails an <a href=\"stadtkasse@schifferstadt.de\">stadtkasse@schifferstadt.de<\/a> werden im Nachgang bearbeitet. Am Mittwoch, 29. Januar sind die Mitarbeiterinnen und Mitarbeiter wieder wie gewohnt telefonisch und pers\u00f6nlich f\u00fcr die B\u00fcrgerinnen und B\u00fcrger erreichbar. <\/p>\n\n\n\n<p><em>Stadtverwaltung Schifferstadt<br>25.01.2020 <\/em><\/p>\n\n\n\n<h2 class=\"wp-block-heading\"><strong>Mehrwegbecher f\u00fcr die Stra\u00dfenfastnacht<\/strong><\/h2>\n\n\n\n<div class=\"wp-block-image\"><figure class=\"aligncenter\"><img decoding=\"async\" loading=\"lazy\" width=\"800\" height=\"600\" src=\"https:\/\/speyer24news.com\/wp-content\/uploads\/2020\/01\/Umwelt-Mehrwegbecher.jpeg\" alt=\"\" class=\"wp-image-24648\" srcset=\"https:\/\/speyer24news.com\/wp-content\/uploads\/2020\/01\/Umwelt-Mehrwegbecher.jpeg 800w, https:\/\/speyer24news.com\/wp-content\/uploads\/2020\/01\/Umwelt-Mehrwegbecher-300x225.jpeg 300w, https:\/\/speyer24news.com\/wp-content\/uploads\/2020\/01\/Umwelt-Mehrwegbecher-768x576.jpeg 768w, https:\/\/speyer24news.com\/wp-content\/uploads\/2020\/01\/Umwelt-Mehrwegbecher-678x509.jpeg 678w, https:\/\/speyer24news.com\/wp-content\/uploads\/2020\/01\/Umwelt-Mehrwegbecher-326x245.jpeg 326w, https:\/\/speyer24news.com\/wp-content\/uploads\/2020\/01\/Umwelt-Mehrwegbecher-80x60.jpeg 80w\" sizes=\"(max-width: 800px) 100vw, 800px\" \/><figcaption>2.-\u20ac f\u00fcr eine sch\u00f6ne Erinnerung und ein sauberes Schifferstadt<\/figcaption><\/figure><\/div>\n\n\n\n<p>Ausgeblichenes Konfetti, feuchte Klopapierfetzen, aber vor\nallem hunderte von halb zerdr\u00fcckten Plastikbechern. Wo eben noch wild gefeiert\nwurde, herrscht jetzt g\u00e4hnende Leere \u2013 bis auf den M\u00fcll. Knapp 500 Kilogramm\ndavon \u2013 das entspricht ungef\u00e4hr dem Gewicht einer ausgewachsenen Kuh \u2013 sind die\ntraurige Bilanz der letzten Stra\u00dfenfastnacht. <strong><\/strong><\/p>\n\n\n\n<p>Das soll 2020, genauer: am <strong>Sonntag, 23. Februar 2020<\/strong>, anders werden! Vereine und B\u00fcrgermeisterin haben sich auf den Einsatz von Mehrwegbechern verst\u00e4ndigt. Aus Ermangelung an sp\u00fclmaschinenfesten Alternativen sind die zwar auch aus Plastik \u2013 genauer Polypropylen \u2013 k\u00f6nnen daf\u00fcr aber mehrere Jahre lang immer wieder benutzt werden. Ein neutraler Aufdruck sorgt daf\u00fcr, dass die Becher theoretisch auch bei anderen st\u00e4dtischen Veranstaltungen zum Einsatz kommen k\u00f6nnen. Und: Die Besucher haben ein praktisches Andenken an die Fastnachts-Sause. <\/p>\n\n\n\n<p>Hier finden Sie die wichtigsten Informationen rund um die\npraktischen Mehrwegbecher auf einen Blick: <\/p>\n\n\n\n<h4 class=\"wp-block-heading\"><strong>Wie viel kostet der Becher?<\/strong><\/h4>\n\n\n\n<p>Die Becher gibt\u00b4s zum\nPreis von 2 Euro an jedem Stand mit Getr\u00e4nkeausschank zu kaufen. <\/p>\n\n\n\n<h4 class=\"wp-block-heading\"><strong>Welches Fassungsverm\u00f6gen hat der Becher und welche Getr\u00e4nke\nwerden darin ausgeschenkt?<\/strong><\/h4>\n\n\n\n<p>Der Becher hat ein\nFassungsverm\u00f6gen von 0,4l. Bis auf Sekt und Gl\u00fchwein, werden alle Getr\u00e4nke in\nden Mehrwegbechern ausgeschenkt. F\u00fcr Sektgl\u00e4ser und Gl\u00fchweintassen wird ein\nPfand von 2 Euro f\u00e4llig. <\/p>\n\n\n\n<h4 class=\"wp-block-heading\"><strong>Leer getrunken \u2013 und dann?<\/strong><\/h4>\n\n\n\n<p>Sie k\u00f6nnen mit Ihrem\nleeren Becher an jedem beliebigen Stand mit Getr\u00e4nkeausschank ein neues Getr\u00e4nk\nerhalten. Hierf\u00fcr geben Sie Ihren benutzten Becher ab und erhalten einen neuen,\nsauberen Becher. Sie bezahlen also nur einmal 2 Euro f\u00fcr den Becher \u2013 dieser\nwird dann mit jedem neuen Getr\u00e4nk ausgetauscht.&nbsp;\n<\/p>\n\n\n\n<h4 class=\"wp-block-heading\"><strong>Kann ich den Becher zur\u00fcckgeben und erhalte ich mein Geld\nzur\u00fcck?<\/strong><\/h4>\n\n\n\n<p>Nein, da es sich nicht\num ein Pfandsystem handelt, kann auch der Kaufpreis nicht zur\u00fcckerstattet\nwerden. Daf\u00fcr nehmen Sie eine praktische Erinnerung an die Veranstaltung und\nIhre Stadt mit nach Hause. <\/p>\n\n\n\n<h4 class=\"wp-block-heading\"><strong>Warum muss ich f\u00fcr den Becher bezahlen?<\/strong><\/h4>\n\n\n\n<p>Veranstaltungen wie\ndie Stra\u00dfenfastnacht sind f\u00fcr uns als Stadt sehr teuer. Die zus\u00e4tzliche\nAnschaffung der Becher soll \u00fcber deren Verkauf refinanziert werden. Zudem\nversprechen wir uns, dass durch deren Wertigkeit weniger Becher auf dem Boden\nlanden. <\/p>\n\n\n\n<h4 class=\"wp-block-heading\"><strong>Kann ich einfach meinen eigenen Becher mitbringen?<\/strong><\/h4>\n\n\n\n<p>Nein, da benutzte\nBecher vor dem Bef\u00fcllen aus hygienischen Gr\u00fcnden ausgetauscht werden m\u00fcssen. Da\nbei mitgebrachten Bechern nicht f\u00fcr deren Sauberkeit garantiert werden kann,\nbesteht ein hygienisches Risiko, das wir vermeiden wollen.&nbsp;&nbsp; <\/p>\n\n\n\n<p>Sollten Sie Fragen zu den Mehrwegbechern haben, k\u00f6nnen Sie sich gerne an Tatjana Rau unter der Telefonnummer 06235 \/ 44151 oder per E-Mail an <a href=\"tatjana.rau@schifferstadt.de\">tatjana.rau@schifferstadt.de<\/a> wenden. <\/p>\n\n\n\n<p><em>Stadtverwaltung Schifferstadt<br>25.01.2020 <\/em><\/p>\n\n\n\n<h2 class=\"wp-block-heading\"><strong>\u201eMilchkrieg in Dalsmynni\u201c im\nSchifferstadter Frauenkino <\/strong><\/h2>\n\n\n\n<h3 class=\"wp-block-heading\"><strong>Gleichstellungsbeauftragte laden am 5. Februar ins Rex-Kino-Center<\/strong><\/h3>\n\n\n\n<div class=\"wp-block-image\"><figure class=\"aligncenter\"><img decoding=\"async\" loading=\"lazy\" width=\"500\" height=\"706\" src=\"https:\/\/speyer24news.com\/wp-content\/uploads\/2020\/01\/Frauenkino-05.02.20.png\" alt=\"\" class=\"wp-image-24647\" srcset=\"https:\/\/speyer24news.com\/wp-content\/uploads\/2020\/01\/Frauenkino-05.02.20.png 500w, https:\/\/speyer24news.com\/wp-content\/uploads\/2020\/01\/Frauenkino-05.02.20-212x300.png 212w\" sizes=\"(max-width: 500px) 100vw, 500px\" \/><\/figure><\/div>\n\n\n\n<p>Am Mittwoch, 5.\nFebruar laden die Schifferstadter Gleichstellungsbeauftragten Ute Sold und Katrin\nPardall um 20 Uhr zum Film \u201eMilchkrieg in Dalsmynni\u201c ins Frauenkino im\nRex-Kino-Center, Zeppelinstra\u00dfe 6, ein. <\/p>\n\n\n\n<p><strong>Inhalt:<\/strong> Mitten in der isl\u00e4ndischen Ein\u00f6de betreiben Inga (Arnd\u00eds Hr\u00f6nn Egilsd\u00f3ttir) und ihr Mann eine Milchfarm. Obwohl der Betrieb nur sehr klein ist, sind die Schulden immens. Als ihr Mann unerwartet stirbt, steht die B\u00e4uerin vor einem finanziellen und beruflichen Scherbenhaufen, den sie eigentlich so schnell wie m\u00f6glich hinter sich lassen will. Die Schuldigen f\u00fcr den schlechten Zustand ihres Betriebes hat sie schon gefunden: Die \u00f6rtliche Genossenschaft hat seit jeher ihre Monopolstellung ausgenutzt und die Farmer unter Druck gesetzt. Doch die Witwe will sich dem nicht l\u00e4nger aussetzen. Keiner wird sie und ihre Landwirtschaft weiter bedr\u00e4ngen. Mithilfe der sozialen Medien, anderen Gesch\u00e4digten und stinkender Jauche setzt sie sich gegen die mafi\u00f6sen Machenschaften zur Wehr. Sie legt sich mit der korrupten Kooperative an, mit dem Ziel, eine gerechtere Gegengenossenschaft zu gr\u00fcnden. Obwohl ihr engagiertes Vorgehen anfangs viel Widerstand hervorruft, bleibt Inga standhaft. (<a href=\"http:\/\/www.filmstarts.de\">www.filmstarts.de<\/a>)<\/p>\n\n\n\n<p>Der Eintrittspreis\nliegt bei 8 Euro und beinhaltet neben dem Film auch ein Glas Sekt und nette\nGespr\u00e4che wie die Gleichstellungsbeauftragten wissen lassen. <\/p>\n\n\n\n<p>Karten k\u00f6nnen gerne im\nVorfeld reserviert werden, m\u00fcssen allerdings am 5. Februar bis sp\u00e4testens 19:30\nUhr abgeholt werden. Einlass ist um 19 Uhr. Aufgrund des gro\u00dfen Andrangs\nempfiehlt sich dringend eine Kartenreservierung im Vorfeld. Reservierungen nimmt\ndas Kino unter 06235\/9299840 (ab 17 Uhr) entgegen.<\/p>\n\n\n\n<p>Das Frauenkino findet\nan jedem ersten Mittwoch des Monats statt. \u00dcber die Filme entscheidet das\nPublikum direkt vor Ort. <\/p>\n\n\n\n<p><em>Stadtverwaltung Schifferstadt<br>25.01.2020 <\/em><\/p>\n\n\n\n<h2 class=\"wp-block-heading\"><strong>Betreuer\/innen\nf\u00fcr Winterferien gesucht<\/strong><\/h2>\n\n\n\n<p>Der Jugendtreff Schifferstadt sucht f\u00fcr die <strong>Winterferien vom 17. bis 20. Februar 2020<\/strong> noch ein bis zwei engagierte und liebevolle Ferienbetreuer\/innen gegen Aufwandsentsch\u00e4digung.<\/p>\n\n\n\n<p>Die Winterferienbetreuung findet t\u00e4glich von 8 bis 14 Uhr im Jugendtreff, Neust\u00fcckweg 1, statt. Das Mindestalter f\u00fcr Betreuer\/innen ist 16 Jahre. Handwerkliches Geschick und Freude am Basteln w\u00e4ren w\u00fcnschenswert. Sch\u00fcler\/innen k\u00f6nnen auch tageweise als Betreuer\/innen dabei sein. Bewerbungen nimmt der Jugendtreff ab sofort entweder per E-Mail an <a href=\"kontakt@jugendtreff-schifferstadt.de\">kontakt@jugendtreff-schifferstadt.de<\/a> oder telefonisch unter 06235 \/ 929382 entgegen.<\/p>\n\n\n\n<p><em>Stadtverwaltung Schifferstadt<br>25.01.2020 <\/em><\/p>\n","protected":false},"excerpt":{"rendered":"<div class=\"mh-excerpt\"><p>Sperrung Herzog-Otto-Stra\u00dfe und Birkenweg Umleitung \u00fcber Speyerer Stra\u00dfe \u2013 Amselweg \u2013 Klappengasse Ab dem 3. Februar 2020 werden in der Herzog-Otto-Stra\u00dfe Arbeiten an der Wasserleitung und Netzwerkverkn\u00fcpfungen durchgef\u00fchrt. Die Arbeiten werden in vier Bauabschnitten vorgenommen <a class=\"mh-excerpt-more\" href=\"https:\/\/speyer24news.com\/?p=24646\" title=\"Schifferstadt\">[&#8230;]<\/a><\/p>\n<\/div>","protected":false},"author":3,"featured_media":0,"comment_status":"open","ping_status":"open","sticky":false,"template":"","format":"standard","meta":{"_monsterinsights_skip_tracking":false,"_monsterinsights_sitenote_active":false,"_monsterinsights_sitenote_note":"","_monsterinsights_sitenote_category":0,"footnotes":""},"categories":[9],"tags":[4903,5561,5567,5568,2949,5560,1029,5565,5566,5562,4562,127,5563,2631],"aioseo_notices":[],"amp_enabled":true,"_links":{"self":[{"href":"https:\/\/speyer24news.com\/index.php?rest_route=\/wp\/v2\/posts\/24646"}],"collection":[{"href":"https:\/\/speyer24news.com\/index.php?rest_route=\/wp\/v2\/posts"}],"about":[{"href":"https:\/\/speyer24news.com\/index.php?rest_route=\/wp\/v2\/types\/post"}],"author":[{"embeddable":true,"href":"https:\/\/speyer24news.com\/index.php?rest_route=\/wp\/v2\/users\/3"}],"replies":[{"embeddable":true,"href":"https:\/\/speyer24news.com\/index.php?rest_route=%2Fwp%2Fv2%2Fcomments&post=24646"}],"version-history":[{"count":1,"href":"https:\/\/speyer24news.com\/index.php?rest_route=\/wp\/v2\/posts\/24646\/revisions"}],"predecessor-version":[{"id":24650,"href":"https:\/\/speyer24news.com\/index.php?rest_route=\/wp\/v2\/posts\/24646\/revisions\/24650"}],"wp:attachment":[{"href":"https:\/\/speyer24news.com\/index.php?rest_route=%2Fwp%2Fv2%2Fmedia&parent=24646"}],"wp:term":[{"taxonomy":"category","embeddable":true,"href":"https:\/\/speyer24news.com\/index.php?rest_route=%2Fwp%2Fv2%2Fcategories&post=24646"},{"taxonomy":"post_tag","embeddable":true,"href":"https:\/\/speyer24news.com\/index.php?rest_route=%2Fwp%2Fv2%2Ftags&post=24646"}],"curies":[{"name":"wp","href":"https:\/\/api.w.org\/{rel}","templated":true}]}}