{"id":24651,"date":"2020-01-25T12:52:28","date_gmt":"2020-01-25T11:52:28","guid":{"rendered":"https:\/\/speyer24news.com\/?p=24651"},"modified":"2020-01-25T12:52:30","modified_gmt":"2020-01-25T11:52:30","slug":"germersheim-und-landkreis-ger-11","status":"publish","type":"post","link":"https:\/\/speyer24news.com\/?p=24651","title":{"rendered":"Germersheim und Landkreis GER"},"content":{"rendered":"<style type=\"text\/css\">\r\n\t.ads_top_disp{}\r\n\t.ads_top_corner_disp{ float:left; margin:0px 10px 10px 0px; }\r\n\t.ads_first_p_disp{}\r\n\t.ads_bottom_disp{}\r\n\t<\/style>\n<h2 class=\"wp-block-heading\"><strong>Gastfamilien gesucht<\/strong><\/h2>\n\n\n\n<h3 class=\"wp-block-heading\"><strong>AFS-Sch\u00fcleraustausch: Rund 100 internationale Jugendliche kommen im Februar<\/strong><\/h3>\n\n\n\n<div class=\"wp-block-image\"><figure class=\"aligncenter\"><img decoding=\"async\" loading=\"lazy\" width=\"600\" height=\"229\" src=\"https:\/\/speyer24news.com\/wp-content\/uploads\/2020\/01\/AFS-Gastfamilien.png\" alt=\"\" class=\"wp-image-24653\" srcset=\"https:\/\/speyer24news.com\/wp-content\/uploads\/2020\/01\/AFS-Gastfamilien.png 600w, https:\/\/speyer24news.com\/wp-content\/uploads\/2020\/01\/AFS-Gastfamilien-300x115.png 300w\" sizes=\"(max-width: 600px) 100vw, 600px\" \/><\/figure><\/div>\n\n\n\n<p><strong>Landkreis Germersheim &#8211;<\/strong>  Einer internationalen Sch\u00fclerin oder einem Sch\u00fcler ein zweites Zuhause auf Zeit bieten und dabei selbst eine neue Kultur entdecken \u2013 das ist gelebte Weltoffenheit und Gastfreundschaft. Die Familien im Landkreis Germersheim haben ab Februar 2020 genau diese Chance. Sie k\u00f6nnen durch die Aufnahme internationaler Gastsch\u00fclerinnen und Gastsch\u00fcler ihr eigenes Familienleben bereichern und die Vorfreude von jungen Menschen weltweit auf ihr Austauschjahr erh\u00f6hen. <\/p>\n\n\n\n<p>Im Februar reisen knapp 100 Sch\u00fclerinnen und Sch\u00fcler\naus aller Welt mit der gemeinn\u00fctzigen und von Ehrenamtlichen getragenen\nAustauschorganisation AFS Interkulturelle Begegnungen e.V. nach Deutschland.\nDarunter auch Gastsch\u00fclerin Maria Luisa (18) aus\nCosta Rica. Die Sch\u00fclerin ist ein begeisterte T\u00e4nzerin und m\u00f6chte sp\u00e4ter\nArchitektin werden. Maria Luisa m\u00f6chte ebenso wie die anderen\nJugendlichen f\u00fcr ein ganzes oder aber auch nur ein halbes Schuljahr Deutschland\nund seine vielf\u00e4ltige Kultur kennenlernen, ihre Sprachkenntnisse verbessern und\nTeil ihrer Gastfamilie werden.<\/p>\n\n\n\n<p>Die Austauschorganisation AFS Interkulturelle\nBegegnungen e.V. sucht Familien, die einen Jugendlichen wie Maria Luisa von einigen Wochen bis zu einem\nJahr bei sich aufnehmen m\u00f6chten. \u201eDie Familien erleben durch die Aufnahme eines\nGastkindes eine andere Kultur hautnah mit und lernen gleichzeitig ihren eigenen\nAlltag aus einer neuen Perspektive kennen\u201c, so Landrat Dr. Fritz Brechtel zum Gastfamilienprogramm von AFS. <\/p>\n\n\n\n<p>Gastfamilien sind so vielf\u00e4ltig wie die Welt: Ein\nGastkind aufnehmen k\u00f6nnen Paare mit oder ohne Kinder, Alleinerziehende,\ngleichgeschlechtliche Paare, Senioren und Alleinstehende. Ein freies Bett,\nNeugierde auf andere Kulturen und Gastfreundschaft gen\u00fcgen. Die\nAFS-Gesch\u00e4ftsstelle und auch ein aktives Netzwerk ehrenamtlich Engagierter vor\nOrt bereiten alle Beteiligten auf den Austausch vor und begleiten w\u00e4hrend des\nAufenthaltes des internationalen Besuchs. <\/p>\n\n\n\n<p>Interessierte, die\nein Gastkind ab Februar aufnehmen m\u00f6chten, k\u00f6nnen sich direkt an die\nAustauschorganisation AFS wenden \u2013 unter der Telefonnummer 040 399222-90 oder\nper E-Mail an <a href=\"mailto:gastfamilie@afs.de\">gastfamilie@afs.de<\/a>. Weitere Informationen unter <a href=\"http:\/\/www.afs.de\/gastfamilie\">www.afs.de\/gastfamilie<\/a>.<\/p>\n\n\n\n<p><em>Kreisverwaltung Germersheim<br>25.01.2020 <\/em><\/p>\n\n\n\n<h2 class=\"wp-block-heading\"><strong>Bildung und Teilhabe: \u00dcbernahme der Mittagessenskosten f\u00fcr\nHortkinder nur bei Kooperationsvertrag zwischen Schule und Hort<\/strong><\/h2>\n\n\n\n<h3 class=\"wp-block-heading\"><strong>Landrat Brechtel und Sozialdezernent Buttweiler: Ungleichbehandlung von anspruchsberechtigten Schulkindern \u2013 Pl\u00e4doyer f\u00fcr Abschluss von Kooperationsvertr\u00e4gen<\/strong><\/h3>\n\n\n\n<div class=\"wp-block-image\"><figure class=\"aligncenter\"><img decoding=\"async\" loading=\"lazy\" width=\"640\" height=\"523\" src=\"https:\/\/speyer24news.com\/wp-content\/uploads\/2020\/01\/Fritz-Brechtel.jpg\" alt=\"\" class=\"wp-image-24652\" srcset=\"https:\/\/speyer24news.com\/wp-content\/uploads\/2020\/01\/Fritz-Brechtel.jpg 640w, https:\/\/speyer24news.com\/wp-content\/uploads\/2020\/01\/Fritz-Brechtel-300x245.jpg 300w\" sizes=\"(max-width: 640px) 100vw, 640px\" \/><\/figure><\/div>\n\n\n\n<p><strong>Landkreis Germersheim &#8211;<\/strong> Anspruchsberechtigte Familien, deren Kinder nach der Schule in den Hort gehen, k\u00f6nnen die Kosten f\u00fcr das Mittagessen \u00fcber das Bildungs- und Teilhabe-Paket (BuT) nur dann abrechnen, wenn Schule und Hort einen Kooperationsvertrag schlie\u00dfen, in dem die schulische Verantwortung f\u00fcr die Mittagsverpflegung festgelegt ist. \u201eBislang bestand zwischen Ganztags-Schulkindern und Schulkindern, die in den Hort gehen, eine Ungleichbehandlung, die so nat\u00fcrlich nicht akzeptabel ist. Hortkinder waren bisher von der \u00dcbernahme durch das BuT-Paket ausgeschlossen. Nachdem der Gesetzgeber im letzten Jahr die M\u00f6glichkeit geschaffen hat, diese Ungerechtigkeit mittels Kooperationsvertrag zwischen Schule und Hort auszugleichen, setzten wir uns besonders f\u00fcr das Thema ein\u201c, so Landrat Dr. Fritz Brechtel und der f\u00fcr Jugend und Soziales zust\u00e4ndige Erste Kreisbeigeordnete Christoph Buttweiler. \u201eWenn das Mittagessen der Kinder, die die Ganztagsschule besuchen, \u00fcber Bildung und Teilhabe abgerechnet werden kann, ist es nur folgerichtig, dass dies auch f\u00fcr Schulkinder gilt, die im Hort zu Mittag essen. Wir wollen, dass alle Anspruchsberechtigten diese M\u00f6glichkeit bekommen und unterst\u00fctzen die Schulen bzw. Schultr\u00e4ger und den Tr\u00e4ger der Tageseinrichtung darin, einen Kooperationsvertrag zu schlie\u00dfen.\u201c<\/p>\n\n\n\n<p>Einen\nbeispielhaften Vertragsentwurf hat die Kreisverwaltung zur Verf\u00fcgung gestellt.\nDie Schultr\u00e4ger der Grundschulen, die Kita-Tr\u00e4ger und die Leitungen von\nEinrichtungen mit Schulkindern wurden entsprechend informiert. \u201eEinige haben inzwischen\neinen Kooperationsvertrag abgeschlossen. Wir hoffen, dass alle anderen auch im\nSinne der anspruchsberechtigten Eltern und Kinder diesem Weg folgen\u201c, berichtet\ndie Leiterin des Sozialamtes, Karin Kaltenbach.<\/p>\n\n\n\n<p>Im Landkreis\nGermersheim werden rund 700 Schulkindbetreuungspl\u00e4tze zur Verf\u00fcgung gestellt.\nNach Sch\u00e4tzung der Fachleute in der Verwaltung k\u00f6nnten bis zu zehn Prozent der\nFamilien anspruchsberechtigt im Sinne des Bildungs- und Teilhabe-Paketes sein.\nDeshalb pl\u00e4dieren Landrat Brechtel und Sozialdezernent Buttweiler an die\nTr\u00e4ger, einen entsprechenden Vertrag abzuschlie\u00dfen: \u201eDamit w\u00fcrden in einer Kita\nbzw. in einem Hort betreute Schulkinder gegen\u00fcber Schulkindern, die in der\nSchule verpflegt werden, hinsichtlich einer Kosten\u00fcbernahme durch das BuT-Paket\nnicht mehr benachteiligt. F\u00fcr Eltern kann das eine enorme finanzielle Erleichterung\nbedeuten.\u201c<\/p>\n\n\n\n<p>Ansprechpartner zum Thema Bildung und Teilhabe sind in der Kreisverwaltung Germersheim Ulrike R\u00f6del, Tel: 07274\/53-261, E-Mail <a href=\"u.roedel@kreis-germersheim.de\">u.roedel@kreis-germersheim.de<\/a>, Sigrid Schmitt, Tel. 07274\/53-146, E-Mail <a href=\"s.schmitt@kreis-germersheim.de\">s.schmitt@kreis-germersheim.de<\/a>, Bertram Neufeld, Tel. 07274\/53-148, E-Mail <a href=\"b.neufeld@kreis-germersheim.de\">b.neufeld@kreis-germersheim.de<\/a>.<\/p>\n\n\n\n<p>Die BuT-Antr\u00e4ge, darunter auch der Antrag zur Mittagsverpflegung, stehen im Downloadcenter auf der Homepage der Kreisverwaltung, <a href=\"http:\/\/www.kreis-germersheim.de\">www.kreis-germersheim.de<\/a>, bereit.<\/p>\n\n\n\n<p><em>Kreisverwaltung Germersheim<br>25.01.2020<\/em><\/p>\n\n\n\n<h1 class=\"wp-block-heading\" style=\"text-align:center\"><strong>Kreisvolkshochschule (KVHS) Germersheim:<\/strong><\/h1>\n\n\n\n<div class=\"wp-block-image\"><figure class=\"aligncenter\"><img decoding=\"async\" src=\"https:\/\/speyer24news.com\/wp-content\/uploads\/2020\/01\/VHS-GER-Logo.png\" alt=\"\" class=\"wp-image-24132\"\/><\/figure><\/div>\n\n\n\n<h2 class=\"wp-block-heading\"><strong>Kurse, Vortr\u00e4ge, Veranstaltungen<\/strong><\/h2>\n\n\n\n<p>Es wird darauf hingewiesen, dass zu\nallen nachstehend aufgef\u00fchrten Kursen und Vortr\u00e4gen eine <strong>Anmeldung unbedingt erforderlich <\/strong>ist. Kontaktadressen sind\nam Ende des Textes zu finden.<\/p>\n\n\n\n<p><strong>2020kv006\nund 2020kv007<\/strong><\/p>\n\n\n\n<p><strong>\u201eEinb\u00fcrgerungstest, Termin 5 am Vormittag und Termin 6\nam Nachmittag-\u201c &#8211; Test mit Karin Tr\u00e4ber:\n<\/strong>Germersheim, Ritter-von-Schmau\u00df-Str.\/Ecke\nParadeplatz, Seminarraum 1 der KVHS\nGesch\u00e4ftsstelle, am Montag, 09.\nM\u00e4rz 2020, Termin 5 um 10:00 Uhr, Termin 6 um\n15:00 Uhr, Dauer: 60 Minuten, Kosten: 25,00\nEuro\/Person. <strong>Anmeldeschluss: Freitag,\n07. Februar 2020.<\/strong><\/p>\n\n\n\n<p><strong>2020kv139<\/strong><strong><\/strong><\/p>\n\n\n\n<p><strong>\u201ePflegefall &#8211; was nun? &#8211; Vortrag A\u201c &#8211; <\/strong>Kurs mit <strong>Andrea Kalt: <\/strong>Germersheim, August-Keiler-Str.\n34, Goethe-Gymnasium, Ostbau, EG, Saal\n082. Beginn: Mittwoch, 12.02.2020, 19:00\n&#8211; 21:15 Uhr. Dauer: 1 Termin, Kosten: 10,00 Euro\/Person.<\/p>\n\n\n\n<p><strong>2020kv186<\/strong><strong><\/strong><\/p>\n\n\n\n<p><strong>\u201eBusiness Make up &#8211; f\u00fcr Frauen &#8211; Kurs A\u201c &#8211; <\/strong>Kurs mit <strong>Lieselotte Herstein: <\/strong>Germersheim, Ritter-von-Schmau\u00df-Str.\/Ecke\nParadeplatz, Seiteneingang der\nBerufsbildende Schule, EG, Saal E 06. Beginn: Montag, 24.02.2020, 18:00 &#8211; 21:00\nUhr. Dauer: 1 Termin, Kosten: 15,00 Euro\/Person.<\/p>\n\n\n\n<p><strong>2020kv192<\/strong><strong><\/strong><\/p>\n\n\n\n<p><strong>\u201eCoaching mit Pferden &#8211; Erlebnisorientierte\nPers\u00f6nlichkeitstraining &#8211; Kurs A<\/strong><\/p>\n\n\n\n<p><strong>\u201c &#8211; <\/strong>Kurs mit <strong>Rosanna Stemmer, Richard Kessing:\n<\/strong>Zeiskam, Hauptstr. 41, Reithof.\nBeginn: Samstag, 29.02.2020, 10:00 &#8211; 13:00 Uhr. Dauer: 1 Termin, Kosten: 70,00\nEuro\/Person.<\/p>\n\n\n\n<p><strong>2020kv153<\/strong><strong><\/strong><\/p>\n\n\n\n<p><strong>\u201eSelbstverteidigung &#8211; Selbstbehauptung\u201c &#8211; <\/strong>Kurs mit <strong>Sascha Kimling: <\/strong>Germersheim, August-Keiler-Str.\n34, Goethe-Gymnasium, Ostbau, 2. OG,\nGymnastikhalle. Beginn: Samstag, 29.02.2020, 10:00\n&#8211; 16:00 Uhr. Dauer: 1 Termin, Kosten: 26,00 Euro\/Person.<\/p>\n\n\n\n<p>Eine <strong>Anmeldung<\/strong> ist zu allen Veranstaltungen der Kreisvolkshochschule zwingend <strong>erforderlich. <\/strong>Pers\u00f6nlich bei der Gesch\u00e4ftsstelle der KVHS in Germersheim, Ritter-von-Schmau\u00df-Str.\/EckeParadeplatz, Seiteneingang der Berufsbildende Schule, UG, telefonisch 07274-53334 oder -53382, per E-Mail: <a href=\"mailto:vhs@kreis-germersheim.de\">vhs@kreis-germersheim.de<\/a> oder online \u00fcber ein Buchungsformular auf der Homepage unter <a href=\"http:\/\/www.kreis-germersheim.de\/kvhs\">www.kreis-germersheim.de\/kvhs<\/a>.<\/p>\n\n\n\n<p><strong>Bitte beachten Sie unsere\n\u00d6ffnungszeiten:<\/strong><\/p>\n\n\n\n<p>Montag\nbis Freitag: 08:30 bis 12:00 Uhr, Dienstag: 13:30 bis 16:00 Uhr, Donnerstag:\n13:30 bis 18:00 Uhr, <\/p>\n\n\n\n<p>Annahmeschluss: jeweils&nbsp;15 Minuten vor Ende der \u00d6ffnungszeiten.<\/p>\n\n\n\n<p><em>Kreisverwaltung Germersheim \/ Kreisvolkshochschule (KVHS)<br>25.01.2020<\/em><\/p>\n","protected":false},"excerpt":{"rendered":"<div class=\"mh-excerpt\"><p>Gastfamilien gesucht AFS-Sch\u00fcleraustausch: Rund 100 internationale Jugendliche kommen im Februar Landkreis Germersheim &#8211; Einer internationalen Sch\u00fclerin oder einem Sch\u00fcler ein zweites Zuhause auf Zeit bieten und dabei selbst eine neue Kultur entdecken \u2013 das ist <a class=\"mh-excerpt-more\" href=\"https:\/\/speyer24news.com\/?p=24651\" title=\"Germersheim und Landkreis GER\">[&#8230;]<\/a><\/p>\n<\/div>","protected":false},"author":3,"featured_media":0,"comment_status":"open","ping_status":"open","sticky":false,"template":"","format":"standard","meta":{"_monsterinsights_skip_tracking":false,"_monsterinsights_sitenote_active":false,"_monsterinsights_sitenote_note":"","_monsterinsights_sitenote_category":0,"footnotes":""},"categories":[449],"tags":[5572,5570,210,1974,5057,2601,5569,5573],"aioseo_notices":[],"amp_enabled":true,"_links":{"self":[{"href":"https:\/\/speyer24news.com\/index.php?rest_route=\/wp\/v2\/posts\/24651"}],"collection":[{"href":"https:\/\/speyer24news.com\/index.php?rest_route=\/wp\/v2\/posts"}],"about":[{"href":"https:\/\/speyer24news.com\/index.php?rest_route=\/wp\/v2\/types\/post"}],"author":[{"embeddable":true,"href":"https:\/\/speyer24news.com\/index.php?rest_route=\/wp\/v2\/users\/3"}],"replies":[{"embeddable":true,"href":"https:\/\/speyer24news.com\/index.php?rest_route=%2Fwp%2Fv2%2Fcomments&post=24651"}],"version-history":[{"count":2,"href":"https:\/\/speyer24news.com\/index.php?rest_route=\/wp\/v2\/posts\/24651\/revisions"}],"predecessor-version":[{"id":24655,"href":"https:\/\/speyer24news.com\/index.php?rest_route=\/wp\/v2\/posts\/24651\/revisions\/24655"}],"wp:attachment":[{"href":"https:\/\/speyer24news.com\/index.php?rest_route=%2Fwp%2Fv2%2Fmedia&parent=24651"}],"wp:term":[{"taxonomy":"category","embeddable":true,"href":"https:\/\/speyer24news.com\/index.php?rest_route=%2Fwp%2Fv2%2Fcategories&post=24651"},{"taxonomy":"post_tag","embeddable":true,"href":"https:\/\/speyer24news.com\/index.php?rest_route=%2Fwp%2Fv2%2Ftags&post=24651"}],"curies":[{"name":"wp","href":"https:\/\/api.w.org\/{rel}","templated":true}]}}