{"id":24656,"date":"2020-01-25T13:11:34","date_gmt":"2020-01-25T12:11:34","guid":{"rendered":"https:\/\/speyer24news.com\/?p=24656"},"modified":"2020-01-25T13:11:36","modified_gmt":"2020-01-25T12:11:36","slug":"rhein-pfalz-kreis-33","status":"publish","type":"post","link":"https:\/\/speyer24news.com\/?p=24656","title":{"rendered":"Rhein-Pfalz-Kreis"},"content":{"rendered":"<style type=\"text\/css\">\r\n\t.ads_top_disp{}\r\n\t.ads_top_corner_disp{ float:left; margin:0px 10px 10px 0px; }\r\n\t.ads_first_p_disp{}\r\n\t.ads_bottom_disp{}\r\n\t<\/style>\n<h2 class=\"wp-block-heading\"><strong>Leslie Malton &amp; Felix von Manteufel lesen &#8222;Ach die Frauen&#8230;&#8220;<\/strong><\/h2>\n\n\n\n<h3 class=\"wp-block-heading\">Erz\u00e4hlungen \u00fcber Frauen und M\u00e4nner von Alberto Moravia<\/h3>\n\n\n\n<div class=\"wp-block-image\"><figure class=\"aligncenter\"><img decoding=\"async\" loading=\"lazy\" width=\"600\" height=\"400\" src=\"https:\/\/speyer24news.com\/wp-content\/uploads\/2020\/01\/Moltan_Manteufel.jpg\" alt=\"\" class=\"wp-image-24659\" srcset=\"https:\/\/speyer24news.com\/wp-content\/uploads\/2020\/01\/Moltan_Manteufel.jpg 600w, https:\/\/speyer24news.com\/wp-content\/uploads\/2020\/01\/Moltan_Manteufel-300x200.jpg 300w\" sizes=\"(max-width: 600px) 100vw, 600px\" \/><\/figure><\/div>\n\n\n\n<p><strong>Waldsee &#8211; <\/strong>Das Schauspielerehepaar liest Erz\u00e4hlungen des Gro\u00dfmeisters der italienischen Literatur, in denen  sich alles um die Liebe dreht, um Paare und die Rolle der Frauen. Was z\u00e4hlt ist die Liebe. Wie gewinnt man sie? Wie verteidigt man sie? Wie  geht sie verloren? Oder die Paare? Wie und wodurch werden sie ein Paar?  Durch Blicke, Reden, Arbeit, ein gemeinsames Bad oder ein gemeinsames  Bett? Und wie verhalten sich dabei, ach, die Frauen?<\/p>\n\n\n\n<p>Die Schauspieler Leslie Malton und Felix von Manteuffel begannen beide ihre Karriere am Theater. Die Deutsch-Amerikanerin geh\u00f6rte jahrelang zum Ensemble des Wiener Burgtheaters. Ihr Mann spielte an gro\u00dfen B\u00fchnen in M\u00fcnchen, Hamburg, K\u00f6ln und Frankfurt. Bundesweit ber\u00fchmt wurden sie durch zahlreiche Film- und Fernsehrollen. \u00a0<\/p>\n\n\n\n<p><strong>Samstag, 14. M\u00e4rz 2020, 19:30 Uhr, Kath. Pfarrzentrum Waldsee\u00a0<\/strong><\/p>\n\n\n\n<p>Karten zu 12,00 Euro bei der VG-Verwaltung Rheinauen<\/p>\n\n\n\n<p><em>Kreisverwaltung Rhein-Pfalz-Kreis<br>25.01.2020<\/em> <\/p>\n\n\n\n<h2 class=\"wp-block-heading\"><strong>Vernissage mit Gem\u00e4lden von Piotr Butkiewicz<\/strong><\/h2>\n\n\n\n<div class=\"wp-block-image\"><figure class=\"aligncenter\"><img decoding=\"async\" loading=\"lazy\" width=\"800\" height=\"388\" src=\"https:\/\/speyer24news.com\/wp-content\/uploads\/2020\/01\/Piotr-Butkiewicz.png\" alt=\"\" class=\"wp-image-24657\" srcset=\"https:\/\/speyer24news.com\/wp-content\/uploads\/2020\/01\/Piotr-Butkiewicz.png 800w, https:\/\/speyer24news.com\/wp-content\/uploads\/2020\/01\/Piotr-Butkiewicz-300x146.png 300w, https:\/\/speyer24news.com\/wp-content\/uploads\/2020\/01\/Piotr-Butkiewicz-768x372.png 768w\" sizes=\"(max-width: 800px) 100vw, 800px\" \/><\/figure><\/div>\n\n\n\n<p><strong>Schifferstadt &#8211; <\/strong>Am <strong>Mittwoch, 18. M\u00e4rz 2020<\/strong>, wird um 19 Uhr im Alten Rathaus in Schifferstadt, Marktplatz 1, die Ausstellung mit Werken von Piotr Butkiewicz er\u00f6ffnet. Kreisbeigeordneter Manfred Gr\u00e4f und B\u00fcrgermeisterin Ilona Volk laden hierzu herzlich ein.<\/p>\n\n\n\n<div class=\"wp-block-image\"><figure class=\"alignleft is-resized\"><img decoding=\"async\" loading=\"lazy\" src=\"https:\/\/speyer24news.com\/wp-content\/uploads\/2020\/01\/PiotrButkiewicz2.jpg\" alt=\"\" class=\"wp-image-24658\" width=\"302\" height=\"389\" srcset=\"https:\/\/speyer24news.com\/wp-content\/uploads\/2020\/01\/PiotrButkiewicz2.jpg 500w, https:\/\/speyer24news.com\/wp-content\/uploads\/2020\/01\/PiotrButkiewicz2-233x300.jpg 233w\" sizes=\"(max-width: 302px) 100vw, 302px\" \/><\/figure><\/div>\n\n\n\n<p>Piotr\nButkiewicz, geb. 1966, absolvierte das Studium der Bildhauerei bei Prof. Leon\nPodsiad\u0142y an der Kunstakademie in Wroclaw. Er ist jedoch vor allem als Maler\nbekannt. Seine Arbeiten wurden nahezu in ganz Europa ausgestellt. Er gibt\nUnterricht in Holzschnitzerei. Dar\u00fcber hinaus besch\u00e4ftigt er sich mit dem\nDesign und Herstellung von M\u00f6beln. \u201eW\u00e4hrend ich male, irre ich \u00f6fters, \u00fcbermale\nein Teil des Bildes, um es gleich wieder zu finden, obwohl ich es prompt erneut\n\u00fcbermale, \u00fcberschichte \u2013 die Vergangenheit und die Gegenwart treten\ngleichzeitig auf. Meine Malerei hat nicht die Aufgabe, die uns umgebende\nRealit\u00e4t darzustellen, sie soll vielmehr ihr Gegengewicht sein, sie soll etwas\nanderes sein.\u201c <\/p>\n\n\n\n<p>Die <strong>Ausstellung <\/strong>findet in der Zeit <strong>vom 18. M\u00e4rz bis 05. April 2020<\/strong> statt und kann samstags von 16 bis 18 Uhr und sonntags von 10 bis 12 bzw. 15 bis 18 Uhr besucht werden. <\/p>\n\n\n\n<p><em>Kreisverwaltung Rhein-Pfalz-Kreis<br>25.01.2020<\/em><\/p>\n","protected":false},"excerpt":{"rendered":"<div class=\"mh-excerpt\"><p>Leslie Malton &amp; Felix von Manteufel lesen &#8222;Ach die Frauen&#8230;&#8220; Erz\u00e4hlungen \u00fcber Frauen und M\u00e4nner von Alberto Moravia Waldsee &#8211; Das Schauspielerehepaar liest Erz\u00e4hlungen des Gro\u00dfmeisters der italienischen Literatur, in denen sich alles um die <a class=\"mh-excerpt-more\" href=\"https:\/\/speyer24news.com\/?p=24656\" title=\"Rhein-Pfalz-Kreis\">[&#8230;]<\/a><\/p>\n<\/div>","protected":false},"author":3,"featured_media":0,"comment_status":"open","ping_status":"open","sticky":false,"template":"","format":"standard","meta":{"_monsterinsights_skip_tracking":false,"_monsterinsights_sitenote_active":false,"_monsterinsights_sitenote_note":"","_monsterinsights_sitenote_category":0,"footnotes":""},"categories":[1564],"tags":[5576,5577,5575,5574,5579,427,127,5578,158],"aioseo_notices":[],"amp_enabled":true,"_links":{"self":[{"href":"https:\/\/speyer24news.com\/index.php?rest_route=\/wp\/v2\/posts\/24656"}],"collection":[{"href":"https:\/\/speyer24news.com\/index.php?rest_route=\/wp\/v2\/posts"}],"about":[{"href":"https:\/\/speyer24news.com\/index.php?rest_route=\/wp\/v2\/types\/post"}],"author":[{"embeddable":true,"href":"https:\/\/speyer24news.com\/index.php?rest_route=\/wp\/v2\/users\/3"}],"replies":[{"embeddable":true,"href":"https:\/\/speyer24news.com\/index.php?rest_route=%2Fwp%2Fv2%2Fcomments&post=24656"}],"version-history":[{"count":1,"href":"https:\/\/speyer24news.com\/index.php?rest_route=\/wp\/v2\/posts\/24656\/revisions"}],"predecessor-version":[{"id":24660,"href":"https:\/\/speyer24news.com\/index.php?rest_route=\/wp\/v2\/posts\/24656\/revisions\/24660"}],"wp:attachment":[{"href":"https:\/\/speyer24news.com\/index.php?rest_route=%2Fwp%2Fv2%2Fmedia&parent=24656"}],"wp:term":[{"taxonomy":"category","embeddable":true,"href":"https:\/\/speyer24news.com\/index.php?rest_route=%2Fwp%2Fv2%2Fcategories&post=24656"},{"taxonomy":"post_tag","embeddable":true,"href":"https:\/\/speyer24news.com\/index.php?rest_route=%2Fwp%2Fv2%2Ftags&post=24656"}],"curies":[{"name":"wp","href":"https:\/\/api.w.org\/{rel}","templated":true}]}}