{"id":24684,"date":"2020-01-26T08:49:53","date_gmt":"2020-01-26T07:49:53","guid":{"rendered":"https:\/\/speyer24news.com\/?p=24684"},"modified":"2020-01-26T08:49:54","modified_gmt":"2020-01-26T07:49:54","slug":"geschwindigkeitsmessung-blitzer-14","status":"publish","type":"post","link":"https:\/\/speyer24news.com\/?p=24684","title":{"rendered":"Geschwindigkeitsmessung \/ Blitzer"},"content":{"rendered":"<style type=\"text\/css\">\r\n\t.ads_top_disp{}\r\n\t.ads_top_corner_disp{ float:left; margin:0px 10px 10px 0px; }\r\n\t.ads_first_p_disp{}\r\n\t.ads_bottom_disp{}\r\n\t<\/style>\n<h2 class=\"wp-block-heading\"><strong>Radarkontrollen f\u00fcr die Woche vom  27. Januar bis 2. Februar 2020<\/strong><\/h2>\n\n\n\n<div class=\"wp-block-image\"><figure class=\"aligncenter\"><img decoding=\"async\" src=\"https:\/\/speyer24news.com\/wp-content\/uploads\/2020\/01\/Radarkontrolle_1.jpg\" alt=\"\" class=\"wp-image-23873\"\/><\/figure><\/div>\n\n\n\n<p><strong>(Ludwigshafen) &#8211; <\/strong>Die Stadt Ludwigshafen nimmt in folgenden Stadtteilen Radarkontrollen vor.<\/p>\n\n\n\n<ul><li>Montag, 27. Januar: Edigheim, Pfingstweide und Friesenheim<\/li><li>Dienstag, 28. Januar:\u00a0 Maudach, Mitte und Nord<\/li><li>Mittwoch, 29. Januar: Oppau, Gartenstadt und Friesenheim<\/li><li>Donnerstag, 30. Januar: Oggersheim, Rheing\u00f6nheim und Ruchheim<\/li><li>Freitag, 31. Januar: S\u00fcd, Nord und Mundenheim<\/li><li>Samstag, 1. Februar: Friesenheim und West<\/li><\/ul>\n\n\n\n<p>Kurzfristige \u00c4nderungen beh\u00e4lt sich der Bereich Stra\u00dfenverkehr vor. Kontrollen k\u00f6nnen auch kurzfristig an anderen Stellen stattfinden.<\/p>\n\n\n\n<p><em>Stadt Ludwigshafen am Rhein<br>26.01.2020<\/em><\/p>\n\n\n\n<h2 class=\"wp-block-heading\">Geschwindigkeitskontrollen f\u00fcr die Woche vom 27. bis 31. Januar<\/h2>\n\n\n\n<div class=\"wp-block-image\"><figure class=\"aligncenter\"><img decoding=\"async\" loading=\"lazy\" width=\"640\" height=\"497\" src=\"https:\/\/speyer24news.com\/wp-content\/uploads\/2020\/01\/Kontrolle-BaW\u00fc.jpg\" alt=\"\" class=\"wp-image-23874\" srcset=\"https:\/\/speyer24news.com\/wp-content\/uploads\/2020\/01\/Kontrolle-BaW\u00fc.jpg 640w, https:\/\/speyer24news.com\/wp-content\/uploads\/2020\/01\/Kontrolle-BaW\u00fc-300x233.jpg 300w\" sizes=\"(max-width: 640px) 100vw, 640px\" \/><\/figure><\/div>\n\n\n\n<p><strong>(Mannheim) &#8211; <\/strong>Die Stadt Mannheim f\u00fchrt vom 27. bis 31. Januar in folgenden Stra\u00dfen Radarkontrollen durch:<\/p>\n\n\n\n<ul><li> Am Aubuckel<\/li><li> Am Schelmenbuckel<\/li><li> Collinistra\u00dfe<\/li><li> Eschenhof<\/li><li> Gl\u00fccksteinallee<\/li><li> Gontardstra\u00dfe<\/li><li> Hauptstra\u00dfe<\/li><li> Max-Frisch-Stra\u00dfe<\/li><li> Meerfeldstra\u00dfe (Diesterwegschule)<\/li><li> Meerwiesenstra\u00dfe<\/li><li> Mudauer Ring<\/li><li> M\u00fchldorferstra\u00dfe<\/li><li> Oppauer Stra\u00dfe (Waldhofschule)<\/li><li> Otto-Beck-Stra\u00dfe (Pestalozzischule)<\/li><li> Schwarzwaldstra\u00dfe<\/li><li> Schwetzinger Stra\u00dfe<\/li><li> Sonnenschein<\/li><li> Spessartstra\u00dfe (Br\u00fcder-Grimm-Schule)<\/li><li> Talstra\u00dfe<\/li><li> Waldpforte (Alfred-Delp-Schule)<\/li><li> Werderplatz (Ostadtschule)<\/li><li> Wiesbadener Stra\u00dfe (Friedrich-Ebert Schule)<\/li><li> Windeckstra\u00dfe<\/li><\/ul>\n\n\n\n<p>Kurzfristige \u00c4nderungen oder zus\u00e4tzliche Messstellen sind aus aktuellem Anlass m\u00f6glich.<\/p>\n\n\n\n<p><em>Stadt Mannheim<br>26.01.2020<\/em><\/p>\n","protected":false},"excerpt":{"rendered":"<div class=\"mh-excerpt\"><p>Radarkontrollen f\u00fcr die Woche vom 27. Januar bis 2. Februar 2020 (Ludwigshafen) &#8211; Die Stadt Ludwigshafen nimmt in folgenden Stadtteilen Radarkontrollen vor. Montag, 27. Januar: Edigheim, Pfingstweide und Friesenheim Dienstag, 28. Januar:\u00a0 Maudach, Mitte und <a class=\"mh-excerpt-more\" href=\"https:\/\/speyer24news.com\/?p=24684\" title=\"Geschwindigkeitsmessung \/ Blitzer\">[&#8230;]<\/a><\/p>\n<\/div>","protected":false},"author":3,"featured_media":0,"comment_status":"open","ping_status":"open","sticky":false,"template":"","format":"standard","meta":{"_monsterinsights_skip_tracking":false,"_monsterinsights_sitenote_active":false,"_monsterinsights_sitenote_note":"","_monsterinsights_sitenote_category":0,"footnotes":""},"categories":[64],"tags":[18,4819,4814,19,4822,4817,4228,947,4820,4815,779,4821,4816,227,17,949,4818,4813,1310,948],"aioseo_notices":[],"amp_enabled":true,"_links":{"self":[{"href":"https:\/\/speyer24news.com\/index.php?rest_route=\/wp\/v2\/posts\/24684"}],"collection":[{"href":"https:\/\/speyer24news.com\/index.php?rest_route=\/wp\/v2\/posts"}],"about":[{"href":"https:\/\/speyer24news.com\/index.php?rest_route=\/wp\/v2\/types\/post"}],"author":[{"embeddable":true,"href":"https:\/\/speyer24news.com\/index.php?rest_route=\/wp\/v2\/users\/3"}],"replies":[{"embeddable":true,"href":"https:\/\/speyer24news.com\/index.php?rest_route=%2Fwp%2Fv2%2Fcomments&post=24684"}],"version-history":[{"count":1,"href":"https:\/\/speyer24news.com\/index.php?rest_route=\/wp\/v2\/posts\/24684\/revisions"}],"predecessor-version":[{"id":24685,"href":"https:\/\/speyer24news.com\/index.php?rest_route=\/wp\/v2\/posts\/24684\/revisions\/24685"}],"wp:attachment":[{"href":"https:\/\/speyer24news.com\/index.php?rest_route=%2Fwp%2Fv2%2Fmedia&parent=24684"}],"wp:term":[{"taxonomy":"category","embeddable":true,"href":"https:\/\/speyer24news.com\/index.php?rest_route=%2Fwp%2Fv2%2Fcategories&post=24684"},{"taxonomy":"post_tag","embeddable":true,"href":"https:\/\/speyer24news.com\/index.php?rest_route=%2Fwp%2Fv2%2Ftags&post=24684"}],"curies":[{"name":"wp","href":"https:\/\/api.w.org\/{rel}","templated":true}]}}