{"id":24711,"date":"2020-01-27T09:09:46","date_gmt":"2020-01-27T08:09:46","guid":{"rendered":"https:\/\/speyer24news.com\/?p=24711"},"modified":"2020-01-27T09:09:48","modified_gmt":"2020-01-27T08:09:48","slug":"suedliche-weinstrasse-10","status":"publish","type":"post","link":"https:\/\/speyer24news.com\/?p=24711","title":{"rendered":"S\u00fcdliche Weinstra\u00dfe"},"content":{"rendered":"<style type=\"text\/css\">\r\n\t.ads_top_disp{}\r\n\t.ads_top_corner_disp{ float:left; margin:0px 10px 10px 0px; }\r\n\t.ads_first_p_disp{}\r\n\t.ads_bottom_disp{}\r\n\t<\/style>\n<h2 class=\"wp-block-heading\">Pf\u00e4lzer Feste f\u00fcr Alle mit dem Goldenen Rollstuhl 2020 ausgezeichnet<\/h2>\n\n\n\n<h3 class=\"wp-block-heading\">Die Initiative Pf\u00e4lzer Feste f\u00fcr Alle wurde im Rahmen der CMT in Stuttgart mit dem Goldenen  Rollstuhl ausgezeichnet. Das innovative Projekt hat sich zum Ziel  gesetzt, die Barrierefreiheit der Feste an der S\u00fcdlichen Weinstra\u00dfe zu  steigern und ein verl\u00e4ssliches Zertifizierungssystem zu etablieren.<\/h3>\n\n\n\n<div class=\"wp-block-image\"><figure class=\"aligncenter\"><img decoding=\"async\" loading=\"lazy\" width=\"800\" height=\"600\" src=\"https:\/\/speyer24news.com\/wp-content\/uploads\/2020\/01\/csm_9055_120942e8ca.jpg\" alt=\"\" class=\"wp-image-24712\" srcset=\"https:\/\/speyer24news.com\/wp-content\/uploads\/2020\/01\/csm_9055_120942e8ca.jpg 800w, https:\/\/speyer24news.com\/wp-content\/uploads\/2020\/01\/csm_9055_120942e8ca-300x225.jpg 300w, https:\/\/speyer24news.com\/wp-content\/uploads\/2020\/01\/csm_9055_120942e8ca-768x576.jpg 768w, https:\/\/speyer24news.com\/wp-content\/uploads\/2020\/01\/csm_9055_120942e8ca-678x509.jpg 678w, https:\/\/speyer24news.com\/wp-content\/uploads\/2020\/01\/csm_9055_120942e8ca-326x245.jpg 326w, https:\/\/speyer24news.com\/wp-content\/uploads\/2020\/01\/csm_9055_120942e8ca-80x60.jpg 80w\" sizes=\"(max-width: 800px) 100vw, 800px\" \/><figcaption>Preisverleihung Goldener Rollstuhl 2020  \u00a9 ABS \u2013 Zentrum selbstbestimmt Leben e.V. <\/figcaption><\/figure><\/div>\n\n\n\n<p><strong>Stuttgart \/ CMT &#8211; <\/strong>Das Zentrum selbstbestimmt Leben  (ZsL) in Stuttgart verleiht j\u00e4hrlich im Rahmen der CMT den Goldenen  Rollstuhl und zeichnet damit besonders herausragende barrierefreie  Reiseangebote aus. F\u00fcr den Bereich Kultur und Freizeit wurden in diesem  Jahr die \u201ePf\u00e4lzer Feste f\u00fcr Alle\u201c ausgezeichnet. <\/p>\n\n\n\n<h4 class=\"wp-block-heading\"><strong>Pf\u00e4lzer Feste f\u00fcr Alle \u2013 Einzigartige Initiative in ganz Deutschland<\/strong><\/h4>\n\n\n\n<p>Die  Pf\u00e4lzer feiern gerne. Dies spiegelt sich auch in den \u00fcber 200 Festen an  der S\u00fcdlichen Weinstra\u00dfe wider, die j\u00e4hrlich dazu einladen, besondere  Weine, l\u00e4ndliche Erzeugnisse und die Pf\u00e4lzer K\u00fcche zu erleben. Die  Vielfalt ist gro\u00df und reicht von Weinfesten \u00fcber Kerwen, die  traditionellen Kirchweihen, bis hin zu regelm\u00e4\u00dfigen M\u00e4rkten. Seit 2017  gibt es die \u201ePf\u00e4lzer Feste f\u00fcr Alle\u201c, eine bisher einmalige Initiative  in Deutschland. Ziel ist die Ausweisung von Wein- und anderen Festen f\u00fcr  alle. So wird schrittweise die Barrierefreiheit der Feste von einer  eigens gegr\u00fcndeten Kommission in den Bereichen Qualit\u00e4t, Ambiente und  Barrierefreiheit \u00fcberpr\u00fcft. Die daraus gewonnenen Informationen werden  \u00f6ffentlich zur Verf\u00fcgung gestellt. K\u00fcnftig sollen immer mehr Feste f\u00fcr  Alle erlebbar gemacht werden.<\/p>\n\n\n\n<h4 class=\"wp-block-heading\"><strong>Das hat die Jury \u00fcberzeugt<\/strong><\/h4>\n\n\n\n<p>F\u00fcr das Projekt  Pf\u00e4lzer Feste f\u00fcr Alle hat der S\u00fcdliche Weinstrasse e.V. erstmals  Kriterien zur Barrierefreiheit von Festen erarbeitet und angewandt.  Mittlerweile wurden 14 Feste zertifiziert, weitere sind in Planung.  Damit wird auch Menschen mit Behinderungen der Besuch der Feste  erm\u00f6glich. In seiner Laudatio sagte Friedrich M\u00fcller vom ZsL Stuttgart:  \u201eDurch die Verkn\u00fcpfung mit den anderen Online-Angeboten des  Tourismusverbandes werden die interessierten Nutzer an das f\u00fcr sie  passende Angebot herangef\u00fchrt, indem sie die entsprechenden  Informationen zu den Kultur- und Freizeitangeboten mit den Informationen  zur Barrierefreiheit verkn\u00fcpfen k\u00f6nnen. Dieses noch nicht  abgeschlossene Projekt hat in seiner Ausgestaltung Vorbildcharakter auch  f\u00fcr andere Regionen und wird aus diesem Grund mit dem Goldenen  Rollstuhl ausgezeichnet.\u201c<\/p>\n\n\n\n<h4 class=\"wp-block-heading\"><strong>Barrierefreier Tourismus \u2013 Ein zentrales Zukunftsthema<\/strong><\/h4>\n\n\n\n<p>Der  barrierefreie Tourismus ist ein zentrales Zukunftsthema f\u00fcr die  S\u00fcdliche Weinstra\u00dfe und seine Bedeutung w\u00e4chst. Die Urlaubsregion im  S\u00fcden der Pfalz wurde 2015 als Modellregion f\u00fcr barrierefreien Tourismus  vom Land Rheinland-Pfalz ausgezeichnet. Die Modellregion wird aus  Mitteln des Europ\u00e4ischen Fonds f\u00fcr regionale Entwicklung gef\u00f6rdert. Seit  2018 ist die S\u00fcdliche Weinstra\u00dfe Mitglied in der Arbeitsgemeinschaft  Leichter Reisen, einem Zusammenschluss von zehn\u00a0 Urlaubsregionen und  St\u00e4dten in Deutschland, die gemeinsam Pionierarbeit bei der Entwicklung  von Reiseangeboten f\u00fcr Menschen mit Behinderungen leisten. <\/p>\n\n\n\n<p>Weitere Informationen zu den Pf\u00e4lzer Festen f\u00fcr Alle, die Pr\u00fcfberichte und ein Video sind unter <a rel=\"noreferrer noopener\" href=\"http:\/\/www.suedlicheweinstrasse.de\/pfaelzerfestefueralle\" target=\"_blank\">suedlicheweinstrasse.de\/pfaelzerfestefueralle<\/a> abrufbar.<\/p>\n\n\n\n<p><em>Text: S\u00fcdliche Weinstra\u00dfe e.V. Foto: ABS \u2013 Zentrum selbstbestimmt Leben e.V.<br>27.01.2020<\/em><\/p>\n","protected":false},"excerpt":{"rendered":"<div class=\"mh-excerpt\"><p>Pf\u00e4lzer Feste f\u00fcr Alle mit dem Goldenen Rollstuhl 2020 ausgezeichnet Die Initiative Pf\u00e4lzer Feste f\u00fcr Alle wurde im Rahmen der CMT in Stuttgart mit dem Goldenen Rollstuhl ausgezeichnet. Das innovative Projekt hat sich zum Ziel <a class=\"mh-excerpt-more\" href=\"https:\/\/speyer24news.com\/?p=24711\" title=\"S\u00fcdliche Weinstra\u00dfe\">[&#8230;]<\/a><\/p>\n<\/div>","protected":false},"author":3,"featured_media":24713,"comment_status":"open","ping_status":"open","sticky":false,"template":"","format":"standard","meta":{"_monsterinsights_skip_tracking":false,"_monsterinsights_sitenote_active":false,"_monsterinsights_sitenote_note":"","_monsterinsights_sitenote_category":0,"footnotes":""},"categories":[1622],"tags":[1091,5601,5276,5599,2865,5600,359,360],"aioseo_notices":[],"amp_enabled":true,"_links":{"self":[{"href":"https:\/\/speyer24news.com\/index.php?rest_route=\/wp\/v2\/posts\/24711"}],"collection":[{"href":"https:\/\/speyer24news.com\/index.php?rest_route=\/wp\/v2\/posts"}],"about":[{"href":"https:\/\/speyer24news.com\/index.php?rest_route=\/wp\/v2\/types\/post"}],"author":[{"embeddable":true,"href":"https:\/\/speyer24news.com\/index.php?rest_route=\/wp\/v2\/users\/3"}],"replies":[{"embeddable":true,"href":"https:\/\/speyer24news.com\/index.php?rest_route=%2Fwp%2Fv2%2Fcomments&post=24711"}],"version-history":[{"count":1,"href":"https:\/\/speyer24news.com\/index.php?rest_route=\/wp\/v2\/posts\/24711\/revisions"}],"predecessor-version":[{"id":24714,"href":"https:\/\/speyer24news.com\/index.php?rest_route=\/wp\/v2\/posts\/24711\/revisions\/24714"}],"wp:featuredmedia":[{"embeddable":true,"href":"https:\/\/speyer24news.com\/index.php?rest_route=\/wp\/v2\/media\/24713"}],"wp:attachment":[{"href":"https:\/\/speyer24news.com\/index.php?rest_route=%2Fwp%2Fv2%2Fmedia&parent=24711"}],"wp:term":[{"taxonomy":"category","embeddable":true,"href":"https:\/\/speyer24news.com\/index.php?rest_route=%2Fwp%2Fv2%2Fcategories&post=24711"},{"taxonomy":"post_tag","embeddable":true,"href":"https:\/\/speyer24news.com\/index.php?rest_route=%2Fwp%2Fv2%2Ftags&post=24711"}],"curies":[{"name":"wp","href":"https:\/\/api.w.org\/{rel}","templated":true}]}}