{"id":24715,"date":"2020-01-27T10:14:43","date_gmt":"2020-01-27T09:14:43","guid":{"rendered":"https:\/\/speyer24news.com\/?p=24715"},"modified":"2020-01-27T10:14:45","modified_gmt":"2020-01-27T09:14:45","slug":"schwetzingen-38","status":"publish","type":"post","link":"https:\/\/speyer24news.com\/?p=24715","title":{"rendered":"Schwetzingen"},"content":{"rendered":"<style type=\"text\/css\">\r\n\t.ads_top_disp{}\r\n\t.ads_top_corner_disp{ float:left; margin:0px 10px 10px 0px; }\r\n\t.ads_first_p_disp{}\r\n\t.ads_bottom_disp{}\r\n\t<\/style>\n<h2 class=\"wp-block-heading\">Vortrag \u201eWandrer hei\u00dft mich die Welt \u2013 Auf Richard Wagners Spuren durch Europa\u201c <\/h2>\n\n\n\n<h3 class=\"wp-block-heading\">Richard Wagners besuchte auch Schwetzingen<\/h3>\n\n\n\n<div class=\"wp-block-image\"><figure class=\"aligncenter\"><img decoding=\"async\" loading=\"lazy\" width=\"500\" height=\"672\" src=\"https:\/\/speyer24news.com\/wp-content\/uploads\/2020\/01\/Wagner-Reisef\u00fchrer-Cover-1.jpg\" alt=\"\" class=\"wp-image-24720\" srcset=\"https:\/\/speyer24news.com\/wp-content\/uploads\/2020\/01\/Wagner-Reisef\u00fchrer-Cover-1.jpg 500w, https:\/\/speyer24news.com\/wp-content\/uploads\/2020\/01\/Wagner-Reisef\u00fchrer-Cover-1-223x300.jpg 223w\" sizes=\"(max-width: 500px) 100vw, 500px\" \/><\/figure><\/div>\n\n\n\n<p>Dr. Dietmar Schuth, der k\u00fcnstlerische Leiter des Schwetzinger Kunstvereins und  Leiter des Museums Blau, tritt am 13. Februar als Referent an die  \u00d6ffentlichkeit.  In dem Vortrag seiner gleichnamigen Buchver\u00f6ffentlichung \u201eWandrer hei\u00dft  mich die Welt \u2013 Auf Richard Wagners Spuren durch Europa\u201c wird er  erl\u00e4utern, wo Wagner w\u00e4hrend seiner Reisen weilte, wie Wagner logierte  und was Wagner in seinem wahrlich wechselvollen  Wanderleben von der Welt wahrgenommen hat.<\/p>\n\n\n\n<p>Den Schwerpunkt bildet  Wagners Aufenthalte in der Kurpfalz. So hat der Komponist nicht nur  Heidelberg und Mannheim besucht, sondern auch einen Abstecher nach  Schwetzingen unternommen. \u00dcber 200 Orte mit \u00fcber 500 einzelnen  Adressen hat Richard Wagner in seinem Leben bereist und dabei in  insgesamt 15 Nationen Station gemacht: Neben den damals noch  zersplitterten deutschen Landen waren dies die meisten heutigen  europ\u00e4ischen Staaten.\u00a0Er reiste zu Fu\u00df und mit der Pferde- bzw.  Postkutsche,  ist mit Segel- und Dampfschiffen gefahren, sp\u00e4ter mit der neuen  Eisenbahn, die ihn letztlich zu einem der ersten echten Europ\u00e4er und  Weltb\u00fcrger machte. <\/p>\n\n\n\n<div class=\"wp-block-image\"><figure class=\"aligncenter\"><img decoding=\"async\" loading=\"lazy\" width=\"500\" height=\"583\" src=\"https:\/\/speyer24news.com\/wp-content\/uploads\/2020\/01\/Wagner-Reisef\u00fchrer-Cover-2.jpg\" alt=\"\" class=\"wp-image-24721\" srcset=\"https:\/\/speyer24news.com\/wp-content\/uploads\/2020\/01\/Wagner-Reisef\u00fchrer-Cover-2.jpg 500w, https:\/\/speyer24news.com\/wp-content\/uploads\/2020\/01\/Wagner-Reisef\u00fchrer-Cover-2-257x300.jpg 257w\" sizes=\"(max-width: 500px) 100vw, 500px\" \/><\/figure><\/div>\n\n\n\n<p>So erz\u00e4hlt sich auch eine Kulturgeschichte des  Reisens im 19. Jahrhundert. Der Richard-Wagner-Reisef\u00fchrer  ist vollst\u00e4ndig und versammelt alle in den Schriften und Werken  Wagners, seinen Briefen und Tageb\u00fcchern wie auch den Tageb\u00fcchern Cosimas  genannten und von ihm aufgesuchten Orte. Nur wenige wissen, dass Wagner  auch l\u00e4ngere Zeit in London oder Wien gelebt hat  und dass er St\u00e4dte wie Prag&nbsp;und eben Heidelberg besonders liebte. Nicht  zu vergessen sind die Orte, die Schauplatz seiner B\u00fchnenwerke sind:  Antwerpen, die Wartburg bei Eisenach, der H\u00f6rselberg, N\u00fcrnberg, Metz,  Rom, Palermo oder Sandwike. Der Vortrag findet  in einer Kooperation der Stadt Schwetzingen mit der Volkshochschule  Bezirk Schwetzingen und der Badischen Heimat statt. <\/p>\n\n\n\n<h4 class=\"wp-block-heading\">13.2.2020,  18.30 Uhr: Vortrag \u201eWandrer hei\u00dft mich die Welt \u2013 Auf Richard Wagners  Spuren durch Europa\u201c, Palais Hirsch, Eintritt frei <\/h4>\n\n\n\n<p><em>Stadtverwaltung Schwetzingen<br>27.01.2020<\/em><\/p>\n\n\n\n<h2 class=\"wp-block-heading\"><strong>Caf\u00e9 &amp; Bistro am alla hopp Gel\u00e4nde seit 1. Januar unter neuer gastronomischer Leitung<\/strong><\/h2>\n\n\n\n<p>P\u00e4chterwechsel\n beim Kiosk auf dem alla hopp Gel\u00e4nde: Der bekannte Schwetzinger \nGastronom Bernd Lehnert (Inhaber des Kaffeehauses am Schlossplatz) \n\u00fcbernahm zum Jahreswechsel den Kioskbetrieb\n am alla hopp Gel\u00e4nde. Er l\u00f6st damit als P\u00e4chter Kay Kompenhans ab, der \nsich k\u00fcnftig verst\u00e4rkt um die Gesch\u00e4ftsf\u00fchrung der TourneeOper \nSchwetzingen k\u00fcmmern wird.\n<\/p>\n\n\n\n<p>Die\n Stadt freut sich, dass es mit diesem nahtlosen Wechsel gelungen ist, \nmit einem sehr erfahrenen P\u00e4chter wie Bernd Lehnert den Kioskbetrieb \nerfolgreich weiterf\u00fchren zu k\u00f6nnen.\n<\/p>\n\n\n\n<p>Gemeinsam\n mit seinem neuen Gastronomieleiter Ismail Miran wird Lehnert mit viel \nElan und frischen Ideen f\u00fcr das Kioskangebot in die neue Saison starten.\n Bei gutem Wetter ist der Kiosk\n schon jetzt t\u00e4glich ab 13 Uhr bis Einbruch der Dunkelheit ge\u00f6ffnet. \nAktuelle Infos dazu auf der Facebook Seite \u201ealla hopp Schwetzingen\u201c. \nErreichbar ist der Kiosk telefonisch unter 06202-9506085 und per Mail:\n<a href=\"mailto:b.lehnert@kaffeehaus.de\" target=\"_blank\" rel=\"noreferrer noopener\">b.lehnert@kaffeehaus.de<\/a> .<\/p>\n\n\n\n<p>Der  offizielle Startschuss wird voraussichtlich im M\u00e4rz mit einer kleinen  Er\u00f6ffnungsfeier gegeben. N\u00e4here Infos dazu erfolgen zeitnah.<\/p>\n\n\n\n<p><em>Stadtverwaltung Schwetzingen<br>27.01.2020<\/em><\/p>\n\n\n\n<h2 class=\"wp-block-heading\">\u201eDie Welt um 1500 \u2013 Aufbruch und Wandel\u201c <\/h2>\n\n\n\n<h3 class=\"wp-block-heading\">Sonderausstellung im Karl-W\u00f6rn-Haus endet mit gro\u00dfem Erfolg<\/h3>\n\n\n\n<div class=\"wp-block-image\"><figure class=\"aligncenter\"><img decoding=\"async\" loading=\"lazy\" width=\"800\" height=\"450\" src=\"https:\/\/speyer24news.com\/wp-content\/uploads\/2020\/01\/Abb.-1.jpeg\" alt=\"\" class=\"wp-image-24716\" srcset=\"https:\/\/speyer24news.com\/wp-content\/uploads\/2020\/01\/Abb.-1.jpeg 800w, https:\/\/speyer24news.com\/wp-content\/uploads\/2020\/01\/Abb.-1-300x169.jpeg 300w, https:\/\/speyer24news.com\/wp-content\/uploads\/2020\/01\/Abb.-1-768x432.jpeg 768w, https:\/\/speyer24news.com\/wp-content\/uploads\/2020\/01\/Abb.-1-678x381.jpeg 678w\" sizes=\"(max-width: 800px) 100vw, 800px\" \/><\/figure><\/div>\n\n\n\n<p>Bereits seit vielen Jahren sind die Modellfiguren-Ausstellungen der Kurpf\u00e4lzer Figurenfreunde ein fester, wiederkehrender Bestandteil des Programms im Karl-W\u00f6rn-Haus, Museum der Stadt Schwetzingen. Besondere Bedeutung erhielt die Ausstellung \u201eDie Welt um 1500 \u2013 Aufbruch und Wandel\u201c durch den Umstand, dass sie mit ihrem Ende am 12. Januar 2020 auch die knapp 25 Jahre w\u00e4hrende Geschichte des an der S\u00fcdtangente liegenden st\u00e4dtischen Museums beschloss. Im Vorfeld des geplanten Umzuges in das Rothacker\u2019sche Haus am Alten Messplatz sind innerhalb der n\u00e4chsten Jahre neben der beim Museumsleiter angesiedelten Projektleitung vor allem anstehende interne Revisionsarbeiten wie die Inventarisierung im Fokus.<\/p>\n\n\n\n<div class=\"wp-block-image\"><figure class=\"aligncenter\"><img decoding=\"async\" loading=\"lazy\" width=\"800\" height=\"450\" src=\"https:\/\/speyer24news.com\/wp-content\/uploads\/2020\/01\/Abb.-3.jpeg\" alt=\"\" class=\"wp-image-24717\" srcset=\"https:\/\/speyer24news.com\/wp-content\/uploads\/2020\/01\/Abb.-3.jpeg 800w, https:\/\/speyer24news.com\/wp-content\/uploads\/2020\/01\/Abb.-3-300x169.jpeg 300w, https:\/\/speyer24news.com\/wp-content\/uploads\/2020\/01\/Abb.-3-768x432.jpeg 768w, https:\/\/speyer24news.com\/wp-content\/uploads\/2020\/01\/Abb.-3-678x381.jpeg 678w\" sizes=\"(max-width: 800px) 100vw, 800px\" \/><\/figure><\/div>\n\n\n\n<p>Die Modellfiguren-Ausstellung \u201eDie Welt um 1500 \u2013 Aufbruch und Wandel\u201c, die welthistorisch bedeutsame Ereignisse und Entwicklungen um 1500 zum Thema hatte, war besonders in der Fachwelt ein riesiger Erfolg. In der anerkannten Fachzeitschrift \u201eDie Zinnfigur\u201c beispielsweise attestierte Thomas Beier, Pr\u00e4sident der Deutschen Gesellschaft der Freunde und Sammler kulturhistorischer Zinnfiguren e. V., dass die Ausstellung Ma\u00dfst\u00e4be setzte. Insbesondere der begleitende Ausstellungskatalog erfreute sich eines rei\u00dfenden Absatzes und war erstmals schon w\u00e4hrend der laufenden Ausstellung durch Bestellungen aus ganz Deutschland restlos ausverkauft.<\/p>\n\n\n\n<div class=\"wp-block-image\"><figure class=\"aligncenter\"><img decoding=\"async\" loading=\"lazy\" width=\"800\" height=\"450\" src=\"https:\/\/speyer24news.com\/wp-content\/uploads\/2020\/01\/Abb.-2.jpeg\" alt=\"\" class=\"wp-image-24718\" srcset=\"https:\/\/speyer24news.com\/wp-content\/uploads\/2020\/01\/Abb.-2.jpeg 800w, https:\/\/speyer24news.com\/wp-content\/uploads\/2020\/01\/Abb.-2-300x169.jpeg 300w, https:\/\/speyer24news.com\/wp-content\/uploads\/2020\/01\/Abb.-2-768x432.jpeg 768w, https:\/\/speyer24news.com\/wp-content\/uploads\/2020\/01\/Abb.-2-678x381.jpeg 678w\" sizes=\"(max-width: 800px) 100vw, 800px\" \/><\/figure><\/div>\n\n\n\n<p>Eine besondere W\u00fcrdigung und Nachhaltigkeit erf\u00e4hrt die Ausstellung \u201eDie Welt um 1500 \u2013 Aufbruch und Wandel\u201c dadurch, dass sie ab dem 16. Februar (Ausstellungser\u00f6ffnung: 14 Uhr) bis zum 21. Juni 2020 in leicht ver\u00e4nderter Form auch in Schwetzingens j\u00fcngster Partnerstadt Schrobenhausen im dortigen Museum im Pflegschloss gezeigt werden wird und damit auch die kulturelle Verbundenheit Schwetzingens zu ihren Partnerst\u00e4dten weiterhin und nachhaltig st\u00e4rkt.<\/p>\n\n\n\n<p><em>Karl-W\u00f6rn-Haus, Museum der Stadt Schwetzingen<br>27.01.2020<\/em><\/p>\n\n\n\n<h2 class=\"wp-block-heading\"><strong>Lina und Finn waren 2019 die beliebtesten Vornamen\n<\/strong><\/h2>\n\n\n\n<h3 class=\"wp-block-heading\"><em>Standesamtsstatistik f\u00fcr 2019: Mit 833 Geburten wurde ein neuer H\u00f6chststand erreicht\n<\/em><\/h3>\n\n\n\n<p>Beim\n Blick auf die Standesamtsstatistik f\u00fcr 2019 sticht \u2013 wie schon in den \nVorjahren &#8211; eine Zahl besonders heraus: Die Geburtenzahl. In \nSchwetzingen wurden im vergangenen Jahr 831 Geburten\n (2018 waren es noch 765 Geburten) beurkundet. Das ist nach dem \nbisherigen H\u00f6chststand von 1991 mit damals 910 Geburten ein neuer \nRekord. In absoluten Zahlen ausgedr\u00fcckt hei\u00dft das: 831 Geburten (411 \nJungen (49 %), 420 M\u00e4dchen (51 %)) wurden 2019 beim Standesamt\n Schwetzingen beurkundet. Allerdings wohnten nur bei 14 Prozent der \nGeburten die M\u00fctter auch in Schwetzingen. Die hohe Zahl der Geburten ist\n damit zu 86% Geburten aus dem Umland geschuldet. Die meisten Kinder \nkamen ehelich zur Welt. Der Anteil der M\u00fctter, die\n bei Geburt nicht verheiratet waren, liegt bei 23 Prozent. <\/p>\n\n\n\n<h4 class=\"wp-block-heading\"><strong>Bei den Vornamen gibt es wieder zwei neue Spitzenreiter\n<\/strong><\/h4>\n\n\n\n<p>Im\n Jahr 2019 stie\u00dfen Lina und Finn die Vorjahresspitzenreiter Clara\/ \nHelena und Paul vom Thron der beliebtesten Vornamen. Bei den M\u00e4dchen \nwaren die h\u00e4ufigsten Namen demnach Lina (8),\n Emilia (7) und Mila (7), Ella, Leni und Mia (je 6), Hannah, Lena und \nMarla (je 5). Bei den Jungen belegen die ersten Pl\u00e4tze Finn (9), Felix \n(8), David und Lukas (je 7), Tim (6) sowie Elias, Henry, Jan und Leon \n(je 5). Der Vorjahresspitzenreiter Paul landete\n 2019 abgeschlagen auf dem 23. Rang. Clara und Helena schafften es 2019 \nnicht einmal mehr in die Top 30. Daf\u00fcr eroberte sich Greta Rang 11. \u00dcber\n die H\u00e4lfte der Kinder bekam bei Geburt nur einen Vornamen (475). 356 \nKinder wurden zwei oder mehr Vornamen ins Stammbuch\n eingetragen. Beliebteste zweite Vornamen bei den M\u00e4dchen waren wie \nschon 2018 Sophie und Marie, bei den Jungen Samuel und Alexander.\n<\/p>\n\n\n\n<p>Die Zahl der Kirchenaustritte erh\u00f6hte sich im Jahr 2019 wieder deutlich auf 222 (2018: 171).<\/p>\n\n\n\n<h4 class=\"wp-block-heading\"><strong>Die Zahl der Eheschlie\u00dfungen ging leicht zur\u00fcck\n<\/strong><\/h4>\n\n\n\n<p>141\n Mal (2019: 153 Mal) wurde der Bund der Ehe in Schwetzingen geschlossen,\n wobei die Zahl der Ehepartner, die nach der Aufl\u00f6sung einer Vorehe \nerneut vor den Traualtar treten inzwischen\n rund 39 Prozent der Eheschlie\u00dfungen ausmacht. Mit 20 Trauungen war der \nJuni der beliebteste Traumonat, am unbeliebtesten war der Januar mit nur\n einer Trauung. Der beliebteste Tag f\u00fcr die standesamtliche Trauung ist \nund bleibt der Freitag mit 86 Trauungen.\n Aber auch die Samstagstrauungen im Trausaal (30) und in der \nSchlosskapelle (21) sind bei den Heiratswilligen beliebt.&nbsp;&nbsp;\n<\/p>\n\n\n\n<p>Wie\n immer zog es auch ausw\u00e4rtige Paare zur Hochzeit nach Schwetzingen: 2019\n waren dies 39 Paare, also knapp ein Drittel der Trauungen. Die Paare \nkamen vorwiegend aus der n\u00e4heren Umgebung\n aber auch von weiter her wie etwa aus Bad Wimpfen, Mainz und Hamburg. \nEtwas weniger Schwetzinger Paare (33) w\u00e4hlten jedoch einen anderen Ort \nau\u00dferhalb Schwetzingens f\u00fcr ihren \u201esch\u00f6nsten Tag im Leben\u201c. Eher \ntraditionell sind die Schwetzinger Paare bei der Wahl\n des Nachnamens. F\u00fcr einen gemeinsamen Ehenamen entschieden sich 84 \nProzent der Paare (hiervon wiederum 92 % f\u00fcr den Namen des Mannes, 10 % \ndavon f\u00fcr einen Doppelnamen, immerhin 8 % nahmen den Namen der Frau als \nEhenamen an). 22 Paare behielten die getrennte\n Namensf\u00fchrung bei. <\/p>\n\n\n\n<p>Der \u00e4lteste Br\u00e4utigam war bei Eheschlie\u00dfung \u00fcbrigens 70, die \u00e4lteste Braut 65 Jahre alt.<\/p>\n\n\n\n<p><em>Stadtverwaltung Schwetzingen<br>27.01.2020<\/em><\/p>\n","protected":false},"excerpt":{"rendered":"<div class=\"mh-excerpt\"><p>Vortrag \u201eWandrer hei\u00dft mich die Welt \u2013 Auf Richard Wagners Spuren durch Europa\u201c Richard Wagners besuchte auch Schwetzingen Dr. Dietmar Schuth, der k\u00fcnstlerische Leiter des Schwetzinger Kunstvereins und Leiter des Museums Blau, tritt am 13. <a class=\"mh-excerpt-more\" href=\"https:\/\/speyer24news.com\/?p=24715\" title=\"Schwetzingen\">[&#8230;]<\/a><\/p>\n<\/div>","protected":false},"author":3,"featured_media":0,"comment_status":"open","ping_status":"open","sticky":false,"template":"","format":"standard","meta":{"_monsterinsights_skip_tracking":false,"_monsterinsights_sitenote_active":false,"_monsterinsights_sitenote_note":"","_monsterinsights_sitenote_category":0,"footnotes":""},"categories":[477],"tags":[5604,5603,3803,5602,154,3805,5605],"aioseo_notices":[],"amp_enabled":true,"_links":{"self":[{"href":"https:\/\/speyer24news.com\/index.php?rest_route=\/wp\/v2\/posts\/24715"}],"collection":[{"href":"https:\/\/speyer24news.com\/index.php?rest_route=\/wp\/v2\/posts"}],"about":[{"href":"https:\/\/speyer24news.com\/index.php?rest_route=\/wp\/v2\/types\/post"}],"author":[{"embeddable":true,"href":"https:\/\/speyer24news.com\/index.php?rest_route=\/wp\/v2\/users\/3"}],"replies":[{"embeddable":true,"href":"https:\/\/speyer24news.com\/index.php?rest_route=%2Fwp%2Fv2%2Fcomments&post=24715"}],"version-history":[{"count":2,"href":"https:\/\/speyer24news.com\/index.php?rest_route=\/wp\/v2\/posts\/24715\/revisions"}],"predecessor-version":[{"id":24722,"href":"https:\/\/speyer24news.com\/index.php?rest_route=\/wp\/v2\/posts\/24715\/revisions\/24722"}],"wp:attachment":[{"href":"https:\/\/speyer24news.com\/index.php?rest_route=%2Fwp%2Fv2%2Fmedia&parent=24715"}],"wp:term":[{"taxonomy":"category","embeddable":true,"href":"https:\/\/speyer24news.com\/index.php?rest_route=%2Fwp%2Fv2%2Fcategories&post=24715"},{"taxonomy":"post_tag","embeddable":true,"href":"https:\/\/speyer24news.com\/index.php?rest_route=%2Fwp%2Fv2%2Ftags&post=24715"}],"curies":[{"name":"wp","href":"https:\/\/api.w.org\/{rel}","templated":true}]}}