{"id":24753,"date":"2020-01-27T11:58:54","date_gmt":"2020-01-27T10:58:54","guid":{"rendered":"https:\/\/speyer24news.com\/?p=24753"},"modified":"2020-01-27T12:06:13","modified_gmt":"2020-01-27T11:06:13","slug":"veranstaltung-5","status":"publish","type":"post","link":"https:\/\/speyer24news.com\/?p=24753","title":{"rendered":"Veranstaltung"},"content":{"rendered":"<style type=\"text\/css\">\r\n\t.ads_top_disp{}\r\n\t.ads_top_corner_disp{ float:left; margin:0px 10px 10px 0px; }\r\n\t.ads_first_p_disp{}\r\n\t.ads_bottom_disp{}\r\n\t<\/style>\n<h1 class=\"wp-block-heading\">Vortragsveranstaltung zur &#8222;Besatzungs- und Separatistenzeit in der Pfalz&#8220; am 16. Februar 2020<\/h1>\n\n\n\n<div class=\"wp-block-image\"><figure class=\"aligncenter\"><img decoding=\"async\" loading=\"lazy\" width=\"500\" height=\"741\" src=\"https:\/\/speyer24news.com\/wp-content\/uploads\/2020\/01\/Bild-Vortrag-f6e35ed9.jpeg\" alt=\"\" class=\"wp-image-24754\" srcset=\"https:\/\/speyer24news.com\/wp-content\/uploads\/2020\/01\/Bild-Vortrag-f6e35ed9.jpeg 500w, https:\/\/speyer24news.com\/wp-content\/uploads\/2020\/01\/Bild-Vortrag-f6e35ed9-202x300.jpeg 202w\" sizes=\"(max-width: 500px) 100vw, 500px\" \/><\/figure><\/div>\n\n\n\n<p><strong>Speyer &#8211;<\/strong> W\u00e4hrend der Krisenjahre nach dem 1. Weltkrieg versuchten verschiedene politische Kr\u00e4fte, insbesondere mit Unterst\u00fctzung der franz\u00f6sischen Besatzungsmacht das Rheinland und die Pfalz vom deutschen Reich abzuspalten. Den Schwerpunkt auf die Pfalz und Speyer legend, behandelt der Dia-Vortrag die dramatischen Ereignisse zwischen 1918 und 1924, wobei auf das Attentat vom Wittelsbacher Hof und die Erst\u00fcrmung des Pirmasenser Bezirksamtes besonders eingegangen wird. Das Ende der Besatzungszeit im Jahre 1930 und die Nachwirkungen werden ebenfalls dargestellt, um das Thema abzurunden.<\/p>\n\n\n\n<p>Zielsetzung des Vortrages ist es auch, eindringlich daran zu erinnern, da\u00df sich die Bev\u00f6lkerung in den besetzten Gebieten viele Jahre in einer bedr\u00fcckenden, wirtschaftlich destabilisierten und gewaltgeladenen Lebenssituation zurechtfinden mu\u00dfte und in ihren Grundrechten stark eingeschr\u00e4nkt war.<\/p>\n\n\n\n<p>Nur durch Kenntnis der historischen Fakten und politischen Hintergr\u00fcnde ist ein umfassendes Verst\u00e4ndnis dieser Epoche und eine angemessene Erinnerungskultur m\u00f6glich. Auch dazu will der Vortrag einen Beitrag leisten.<\/p>\n\n\n\n<p>Der Vortrag dauert ohne Pause ca. 1 Stunde, danach besteht Gelegenheit zu Fragen und Diskussion.<\/p>\n\n\n\n<p>Alle heimatgeschichtlich Interessierten sind herzlich eingeladen.<\/p>\n\n\n\n<p>Die Veranstaltung ist kostenlos aber bestimmt nicht umsonst. <\/p>\n\n\n\n<ul><li><strong>Sonntag, 16.02.2020<\/strong><\/li><li><strong>Beginn 19 Uhr Einlass ab 18.30 Uhr<\/strong><\/li><li><strong>Mehrgenerationenhaus Speyer-Nord<\/strong><\/li><li><strong>Wei\u00dfdornweg 3, 67346 Speyer<\/strong><\/li><\/ul>\n\n\n\n<h4 class=\"wp-block-heading\"><em>Der Veranstalter beh\u00e4lt es sich vor vom Hausrecht gebrauch zu machen und Personen des Saales zu verweisen bzw. erst gar nicht einzulassen.<\/em><\/h4>\n\n\n\n<p><em>W\u00e4hlergruppe Schneider, Stadtrat Matthias Schneider<br>27.01.2020<\/em><\/p>\n","protected":false},"excerpt":{"rendered":"<div class=\"mh-excerpt\"><p>Vortragsveranstaltung zur &#8222;Besatzungs- und Separatistenzeit in der Pfalz&#8220; am 16. Februar 2020 Speyer &#8211; W\u00e4hrend der Krisenjahre nach dem 1. Weltkrieg versuchten verschiedene politische Kr\u00e4fte, insbesondere mit Unterst\u00fctzung der franz\u00f6sischen Besatzungsmacht das Rheinland und die <a class=\"mh-excerpt-more\" href=\"https:\/\/speyer24news.com\/?p=24753\" title=\"Veranstaltung\">[&#8230;]<\/a><\/p>\n<\/div>","protected":false},"author":3,"featured_media":0,"comment_status":"open","ping_status":"open","sticky":false,"template":"","format":"standard","meta":{"_monsterinsights_skip_tracking":false,"_monsterinsights_sitenote_active":false,"_monsterinsights_sitenote_note":"","_monsterinsights_sitenote_category":0,"footnotes":""},"categories":[13],"tags":[5641,5639,1885,875,5640,6,5638,214],"aioseo_notices":[],"amp_enabled":true,"_links":{"self":[{"href":"https:\/\/speyer24news.com\/index.php?rest_route=\/wp\/v2\/posts\/24753"}],"collection":[{"href":"https:\/\/speyer24news.com\/index.php?rest_route=\/wp\/v2\/posts"}],"about":[{"href":"https:\/\/speyer24news.com\/index.php?rest_route=\/wp\/v2\/types\/post"}],"author":[{"embeddable":true,"href":"https:\/\/speyer24news.com\/index.php?rest_route=\/wp\/v2\/users\/3"}],"replies":[{"embeddable":true,"href":"https:\/\/speyer24news.com\/index.php?rest_route=%2Fwp%2Fv2%2Fcomments&post=24753"}],"version-history":[{"count":2,"href":"https:\/\/speyer24news.com\/index.php?rest_route=\/wp\/v2\/posts\/24753\/revisions"}],"predecessor-version":[{"id":24756,"href":"https:\/\/speyer24news.com\/index.php?rest_route=\/wp\/v2\/posts\/24753\/revisions\/24756"}],"wp:attachment":[{"href":"https:\/\/speyer24news.com\/index.php?rest_route=%2Fwp%2Fv2%2Fmedia&parent=24753"}],"wp:term":[{"taxonomy":"category","embeddable":true,"href":"https:\/\/speyer24news.com\/index.php?rest_route=%2Fwp%2Fv2%2Fcategories&post=24753"},{"taxonomy":"post_tag","embeddable":true,"href":"https:\/\/speyer24news.com\/index.php?rest_route=%2Fwp%2Fv2%2Ftags&post=24753"}],"curies":[{"name":"wp","href":"https:\/\/api.w.org\/{rel}","templated":true}]}}