{"id":24765,"date":"2020-01-27T13:54:34","date_gmt":"2020-01-27T12:54:34","guid":{"rendered":"https:\/\/speyer24news.com\/?p=24765"},"modified":"2020-01-27T13:54:35","modified_gmt":"2020-01-27T12:54:35","slug":"kultur-20","status":"publish","type":"post","link":"https:\/\/speyer24news.com\/?p=24765","title":{"rendered":"Kultur"},"content":{"rendered":"<style type=\"text\/css\">\r\n\t.ads_top_disp{}\r\n\t.ads_top_corner_disp{ float:left; margin:0px 10px 10px 0px; }\r\n\t.ads_first_p_disp{}\r\n\t.ads_bottom_disp{}\r\n\t<\/style>\n<h2 class=\"wp-block-heading\"><strong>Fortsetzung der \u201eSpeyerer Rathauskonzerte\u201c mit einem au\u00dfergew\u00f6hnlichen Liederabend<\/strong><\/h2>\n\n\n\n<div class=\"wp-block-image\"><figure class=\"aligncenter\"><img decoding=\"async\" loading=\"lazy\" width=\"500\" height=\"818\" src=\"https:\/\/speyer24news.com\/wp-content\/uploads\/2020\/01\/Rathauskonzerte-2020.jpg\" alt=\"\" class=\"wp-image-24766\" srcset=\"https:\/\/speyer24news.com\/wp-content\/uploads\/2020\/01\/Rathauskonzerte-2020.jpg 500w, https:\/\/speyer24news.com\/wp-content\/uploads\/2020\/01\/Rathauskonzerte-2020-183x300.jpg 183w\" sizes=\"(max-width: 500px) 100vw, 500px\" \/><\/figure><\/div>\n\n\n\n<p><strong>Speyer &#8211;<\/strong> Mit einem au\u00dfergew\u00f6hnlichen <strong>Liederabend f\u00fcr Gesang, Klarinette und Klavier<\/strong> werden die \u201eSpeyerer Rathauskonzerte\u201c im Historischen Ratssaal <strong>am Freitag, dem 31. Januar 2020 um 19:30 Uhr<\/strong> fortgesetzt. Das <strong>Mondenschatten Trio<\/strong>  um die aus Speyer stammende Klarinettistin und Saxophonistin Julia Zinn  hat ein eindrucksvolles Programm aus romantischen Werken und modernen  Kompositionen zusammengestellt.<\/p>\n\n\n\n<div class=\"wp-block-image\"><figure class=\"alignleft\"><img decoding=\"async\" loading=\"lazy\" width=\"375\" height=\"250\" src=\"https:\/\/speyer24news.com\/wp-content\/uploads\/2020\/01\/Mondenschatten-Trio-\u00a9-Nicolae-Vatra.jpg\" alt=\"\" class=\"wp-image-24767\" srcset=\"https:\/\/speyer24news.com\/wp-content\/uploads\/2020\/01\/Mondenschatten-Trio-\u00a9-Nicolae-Vatra.jpg 375w, https:\/\/speyer24news.com\/wp-content\/uploads\/2020\/01\/Mondenschatten-Trio-\u00a9-Nicolae-Vatra-300x200.jpg 300w\" sizes=\"(max-width: 375px) 100vw, 375px\" \/><figcaption>Das Mondschattentrio (<em>Foto: \u00a9 Nicolae Vatra<\/em>)<\/figcaption><\/figure><\/div>\n\n\n\n<p>Neben Franz Schuberts ber\u00fchmter, wundersch\u00f6ner  Liedkomposition \u201eDer Hirt auf dem Felsen\u201c sowie Robert Schumanns  \u201eFantasiest\u00fccken\u201c werden weitere romantische Werke von Louis Spohr und  Gustav Mahler, aber auch Kompositionen von Ned Rorem  und Ralph Vaughan Williams zu h\u00f6ren sein.<\/p>\n\n\n\n<p>Die drei Musikerinnen <strong>Violetta Hellwig (Sopran), Julia Zinn (Klarinette) und Arina Osaki (Klavier)<\/strong>\n lernten sich im Studium an der Musikhochschule Mannheim kennen und \nentdeckten nach und nach die h\u00f6chst farbenreichen Klangm\u00f6glichkeiten\n ihres Zusammenspiels.<\/p>\n\n\n\n<p>Violetta Hellwig studierte zun\u00e4chst \nGesangsp\u00e4dagogik an der Wiesbadener Musikakademie, bevor sie ihre \nk\u00fcnstlerische Ausbildung an der Hochschule f\u00fcr Musik und Darstellende \nKunst Mannheim in der Klasse von Prof. Rudolf Piernay fortsetzte.\n Hier studierte sie in der Liedklasse von Prof. Ulrich Eisenlohr sowie \nin der Opernschule unter der Leitung von Prof. Cosima Sophia Osthoff. \nEin besonderes Interesse gilt der zeitgen\u00f6ssischen Musik. Als Solistin \nist sie haupts\u00e4chlich im kirchenmusikalischen\n Bereich aktiv. Mit Speyer verbindet sie vor allem ihre T\u00e4tigkeit als \nStimmbildnerin an der hiesigen Dommusikschule.<\/p>\n\n\n\n<div class=\"wp-block-image\"><figure class=\"aligncenter\"><img decoding=\"async\" loading=\"lazy\" width=\"800\" height=\"566\" src=\"https:\/\/speyer24news.com\/wp-content\/uploads\/2020\/01\/RZ_web_Speyer_RathausKonz_2020_Faltblatt___1_-002.jpg\" alt=\"\" class=\"wp-image-24768\" srcset=\"https:\/\/speyer24news.com\/wp-content\/uploads\/2020\/01\/RZ_web_Speyer_RathausKonz_2020_Faltblatt___1_-002.jpg 800w, https:\/\/speyer24news.com\/wp-content\/uploads\/2020\/01\/RZ_web_Speyer_RathausKonz_2020_Faltblatt___1_-002-300x212.jpg 300w, https:\/\/speyer24news.com\/wp-content\/uploads\/2020\/01\/RZ_web_Speyer_RathausKonz_2020_Faltblatt___1_-002-768x543.jpg 768w\" sizes=\"(max-width: 800px) 100vw, 800px\" \/><\/figure><\/div>\n\n\n\n<p>Julia Zinn erhielt ihre musikalische  Grundausbildung bei Professor Hans Pfeifer in Ludwigshafen. Erste  Erfahrungen konnte sie unter anderem als Soloklarinettistin im  Landesjugendorchester Rheinland-Pfalz sammeln, aber auch als Mitglied  verschiedenster Bands. W\u00e4hrend ihres Studiums an der Musikhochschule  Mannheim bei Professor Wolfhard Pencz war sie Akademistin und  darauffolgend Aushilfe des SWR Sinfonieorchesters und wirkte u.a. bei  Produktionen am Nationaltheater Mannheim mit. Julia Zinn  unterrichtet als Instrumentalp\u00e4dagogin an der st\u00e4dtischen Musikschule  Mannheim und Speyer.<\/p>\n\n\n\n<p>Die japanische Pianistin Arina Osaki kam,  begeistert von der europ\u00e4ischen Kulturlandschaft, schon nach dem Abitur  nach Deutschland. Hier studierte sie an der Staatlichen Hochschule f\u00fcr  Musik und Darstellende Kunst Mannheim Klavier im k\u00fcnstlerischen  Hauptfach bei Prof. Andreas Pistorius und im Anschluss Liedgestaltung  bei Ulrich Eisenlohr. Neben ihrer Konzertt\u00e4tigkeit arbeitet Arina Osaki  als Klavierp\u00e4dagogin und hat zurzeit einen Lehrauftrag f\u00fcr Korrepetition  in der Klasse von Prof. Snezana Stamenkovic  an der Hochschule Mannheim inne.<\/p>\n\n\n\n<div class=\"wp-block-image\"><figure class=\"aligncenter\"><img decoding=\"async\" loading=\"lazy\" width=\"800\" height=\"566\" src=\"https:\/\/speyer24news.com\/wp-content\/uploads\/2020\/01\/RZ_web_Speyer_RathausKonz_2020_Faltblatt___1_-001.jpg\" alt=\"\" class=\"wp-image-24769\" srcset=\"https:\/\/speyer24news.com\/wp-content\/uploads\/2020\/01\/RZ_web_Speyer_RathausKonz_2020_Faltblatt___1_-001.jpg 800w, https:\/\/speyer24news.com\/wp-content\/uploads\/2020\/01\/RZ_web_Speyer_RathausKonz_2020_Faltblatt___1_-001-300x212.jpg 300w, https:\/\/speyer24news.com\/wp-content\/uploads\/2020\/01\/RZ_web_Speyer_RathausKonz_2020_Faltblatt___1_-001-768x543.jpg 768w\" sizes=\"(max-width: 800px) 100vw, 800px\" \/><\/figure><\/div>\n\n\n\n<p>F\u00fcr regelm\u00e4\u00dfige Konzertbesucher bietet das  Kulturb\u00fcro ein Abonnement an: Es umfasst alle Konzerte der Saison, ist  \u00fcbertragbar und kostet 60,- \u20ac (erm\u00e4\u00dfigt 45,- \u20ac). Einzelkarten kosten  18,- \u20ac (erm\u00e4\u00dfigt 13,- und mit Speyer-Card 16,- \u20ac). Erh\u00e4ltlich  sind die Eintrittskarten bei der Tourist-Information Speyer, unter <a rel=\"noreferrer noopener\" href=\"https:\/\/deref-web-02.de\/mail\/client\/iOxLwbwI2X8\/dereferrer\/?redirectUrl=http%3A%2F%2Fwww.reservix.de\" target=\"_blank\">www.reservix.de<\/a>  sowie bei allen anderen Reservix-Vorverkaufsstellen. Karten f\u00fcr die  Einzelveranstaltungen sind jeweils auch an der Abendkasse verf\u00fcgbar.<\/p>\n\n\n\n<p><em>Text: Stadtverwaltung Speyer, Kulturb\u00fcro Foto: \u00a9 Nicolae Vatra<br>27.01.2020<\/em><\/p>\n","protected":false},"excerpt":{"rendered":"<div class=\"mh-excerpt\"><p>Fortsetzung der \u201eSpeyerer Rathauskonzerte\u201c mit einem au\u00dfergew\u00f6hnlichen Liederabend Speyer &#8211; Mit einem au\u00dfergew\u00f6hnlichen Liederabend f\u00fcr Gesang, Klarinette und Klavier werden die \u201eSpeyerer Rathauskonzerte\u201c im Historischen Ratssaal am Freitag, dem 31. Januar 2020 um 19:30 Uhr <a class=\"mh-excerpt-more\" href=\"https:\/\/speyer24news.com\/?p=24765\" title=\"Kultur\">[&#8230;]<\/a><\/p>\n<\/div>","protected":false},"author":3,"featured_media":0,"comment_status":"open","ping_status":"open","sticky":false,"template":"","format":"standard","meta":{"_monsterinsights_skip_tracking":false,"_monsterinsights_sitenote_active":false,"_monsterinsights_sitenote_note":"","_monsterinsights_sitenote_category":0,"footnotes":""},"categories":[14],"tags":[577,2200,5649,4664,6,4663],"aioseo_notices":[],"amp_enabled":true,"_links":{"self":[{"href":"https:\/\/speyer24news.com\/index.php?rest_route=\/wp\/v2\/posts\/24765"}],"collection":[{"href":"https:\/\/speyer24news.com\/index.php?rest_route=\/wp\/v2\/posts"}],"about":[{"href":"https:\/\/speyer24news.com\/index.php?rest_route=\/wp\/v2\/types\/post"}],"author":[{"embeddable":true,"href":"https:\/\/speyer24news.com\/index.php?rest_route=\/wp\/v2\/users\/3"}],"replies":[{"embeddable":true,"href":"https:\/\/speyer24news.com\/index.php?rest_route=%2Fwp%2Fv2%2Fcomments&post=24765"}],"version-history":[{"count":1,"href":"https:\/\/speyer24news.com\/index.php?rest_route=\/wp\/v2\/posts\/24765\/revisions"}],"predecessor-version":[{"id":24770,"href":"https:\/\/speyer24news.com\/index.php?rest_route=\/wp\/v2\/posts\/24765\/revisions\/24770"}],"wp:attachment":[{"href":"https:\/\/speyer24news.com\/index.php?rest_route=%2Fwp%2Fv2%2Fmedia&parent=24765"}],"wp:term":[{"taxonomy":"category","embeddable":true,"href":"https:\/\/speyer24news.com\/index.php?rest_route=%2Fwp%2Fv2%2Fcategories&post=24765"},{"taxonomy":"post_tag","embeddable":true,"href":"https:\/\/speyer24news.com\/index.php?rest_route=%2Fwp%2Fv2%2Ftags&post=24765"}],"curies":[{"name":"wp","href":"https:\/\/api.w.org\/{rel}","templated":true}]}}