{"id":24861,"date":"2020-01-30T14:08:09","date_gmt":"2020-01-30T13:08:09","guid":{"rendered":"https:\/\/speyer24news.com\/?p=24861"},"modified":"2020-01-30T14:08:11","modified_gmt":"2020-01-30T13:08:11","slug":"germersheim-landkreis-ger-7","status":"publish","type":"post","link":"https:\/\/speyer24news.com\/?p=24861","title":{"rendered":"Germersheim &#038; Landkreis GER"},"content":{"rendered":"<style type=\"text\/css\">\r\n\t.ads_top_disp{}\r\n\t.ads_top_corner_disp{ float:left; margin:0px 10px 10px 0px; }\r\n\t.ads_first_p_disp{}\r\n\t.ads_bottom_disp{}\r\n\t<\/style>\n<h2 class=\"wp-block-heading\">Ferien- und Freizeitkalender 2020 des Landkreises Germersheim<\/h2>\n\n\n\n<div class=\"wp-block-image\"><figure class=\"aligncenter\"><img decoding=\"async\" loading=\"lazy\" width=\"500\" height=\"661\" src=\"https:\/\/speyer24news.com\/wp-content\/uploads\/2020\/01\/Ferienkalender-GER-2020.png\" alt=\"\" class=\"wp-image-24862\" srcset=\"https:\/\/speyer24news.com\/wp-content\/uploads\/2020\/01\/Ferienkalender-GER-2020.png 500w, https:\/\/speyer24news.com\/wp-content\/uploads\/2020\/01\/Ferienkalender-GER-2020-227x300.png 227w\" sizes=\"(max-width: 500px) 100vw, 500px\" \/><\/figure><\/div>\n\n\n\n<p>Er\nist da: der \u201eFerien- und Freizeitkalender 2020\u201c. Zum 16. Mal hat das Jugendamt\nder Kreisverwaltung Germersheim eine umfassende \u00dcbersicht an Kinder- und\nJugendfreizeit- und Ferienaktivit\u00e4ten zusammengestellt. Zahlreiche Vereine,\nInitiativen, sowie freie und kirchliche Verb\u00e4nde waren aufgerufen, ihre\nFerienangebote zu melden. \u201eDas Ergebnis ist wie bereits in den vergangenen\nJahren ein umfangreicher, im handlichen DIN A6-Format gehaltener Ferien- und\nFreizeitkalender\u201c, so Landrat Dr. Fritz Brechtel.<\/p>\n\n\n\n<p>Das\nInhaltsverzeichnis des Kalenders verschafft einen schnellen \u00dcberblick \u00fcber die\nunterschiedlichen Angebote und Termine. Neben den Freizeitveranstaltern aus dem\nLandkreis sind auch Angebote von Tr\u00e4gern au\u00dferhalb des Kreises aufgef\u00fchrt. So\nwerden in der Brosch\u00fcre \u00fcber 80 Angebote im und au\u00dferhalb des Landkreises\nGermersheim und dar\u00fcber hinaus sogar im europ\u00e4ischen Ausland beschrieben. Die\nkommunalen Jugendpfleger\/innen, die Jugendzentren, die kirchlichen\nJugendverb\u00e4nde, Vereine und freie Tr\u00e4ger bieten mit Unterst\u00fctzung von vielen\nehrenamtlichen Helfern, ein breites Spektrum von Ferienaktivit\u00e4ten an. Neben\nFerienfreizeiten mit \u00dcbernachtung finden sich im Ferien- und Freizeitkalender\nauch ganzt\u00e4gige (Ferien-) Veranstaltungen ohne \u00dcbernachtung, wie z.B.\nKinderferienwochen, Spielaktionen und Spielfeste f\u00fcr Menschen mit und ohne\nBeeintr\u00e4chtigungen.<\/p>\n\n\n\n<p>Im\nletzten Teil der Brosch\u00fcre findet man neben der M\u00f6glichkeit die H\u00fcpfburg des\nKreisjugendrings Germersheim e.V. anzumieten auch ein JuleiCa \u2013Seminar, bei dem\nman sich zur\/zum Jugendgruppenleiter\/in ausbilden lassen kann. Das gezielte\nAngebot f\u00fcr ehrenamtliche Helferinnen und Helfer soll diese in ihrer Arbeit\nunterst\u00fctzen. \u201eOhne deren Hilfe w\u00e4ren viele Angebote und Aktionen undenkbar.\nInsofern gilt allen ehrenamtlich Engagierten in der Kinder- und Jugendarbeit\nein besonderer Dank\u201c, so Jugenddezernent und Erster Kreisbeigeordneter\nChristoph Buttweiler.&nbsp; <\/p>\n\n\n\n<p>Auch\nein Berufsorientierungsseminar zu den \u201e14 Gr\u00fcnen Berufen\u201c wird angeboten.<\/p>\n\n\n\n<p>Bei\nvielen Angeboten im Kalender sind Kinder und Jugendliche mit Beeintr\u00e4chtigungen\nzur Teilnahme genauso eingeladen. \u201eDiese Angebote leisten einen wichtigen\nBeitrag zu einer selbstverst\u00e4ndlichen und gesamtgesellschaftlichen Aufgabe, die\ninklusive Leitidee bestm\u00f6glich umzusetzen\u201c, so die Leiterin des Jugendamtes\nDenise Hartmann-Mohr. Um die Teilnahme abh\u00e4ngig vom Programm und vom\nindividuellen Unterst\u00fctzungsbedarf des Kindes bzw. des Jugendlichen vorbereiten\nzu k\u00f6nnen ist es unbedingt erforderlich mit den Veranstaltern der jeweiligen\nAngebote im Vorfeld der Anmeldung das Gespr\u00e4ch zu suchen.<\/p>\n\n\n\n<p>Der \u201eFerien- und Freizeitkalender 2020\u201c kann ab sofort in den Verbandsgemeinde- und Stadtverwaltungen, in den Jugendtreffs und bei der Kreisverwaltung Germersheim abgeholt werden. Dar\u00fcber hinaus sind die Angebote aus dem Kalender unter <a href=\"http:\/\/www.kreis-germersheim.de\/ferienkalender\">www.kreis-germersheim.de\/ferienkalender<\/a> online abrufbar. <\/p>\n\n\n\n<p>Weitere Informationen sind erh\u00e4ltlich beim Kreisjugendamt Germersheim, Mirco Leingang, Tel. 07274\/53-372 oder E-Mail <a href=\"m.leingang@kreis-germersheim.de\">m.leingang@kreis-germersheim.de<\/a>.<\/p>\n\n\n\n<p><em>Kreisverwaltung Germersheim<\/em><br><em>30.01.2020<\/em><\/p>\n\n\n\n<h2 class=\"wp-block-heading\"><strong>Wertstoffhof\nR\u00fclzheim (und Problemm\u00fcllannahmestelle in R\u00fclzheim) sowie Wertstoffhof Bellheim\nam 3. Februar nur bis 15.30 Uhr ge\u00f6ffnet<\/strong><\/h2>\n\n\n\n<p>Die Kreisverwaltung Germersheim\ninformiert, dass die Wertstoffh\u00f6fe Bellheim und R\u00fclzheim sowie die\nProblemm\u00fcllannahmestelle des Landkreises, die sich beim Wertstoffhof R\u00fclzheim\nbefindet am Montag, 3. Februar ausnahmsweise fr\u00fcher schlie\u00dfen. So endet die Betriebszeit\nan diesem Tag aufgrund betriebsinterner Gr\u00fcnde der Betreiberfirma SUEZ S\u00fcd\nbereits um 15.30 Uhr. <\/p>\n\n\n\n<p>Der Wertstoffhof Berg und die Gr\u00fcnschnittannahmestelle in Westheim sind davon nicht betroffen. Sie sind an diesem Tag regul\u00e4r bis 16.15 Uhr ge\u00f6ffnet.<\/p>\n\n\n\n<p><em>Kreisverwaltung Germersheim<br>30.01.2020<\/em><\/p>\n","protected":false},"excerpt":{"rendered":"<div class=\"mh-excerpt\"><p>Ferien- und Freizeitkalender 2020 des Landkreises Germersheim Er ist da: der \u201eFerien- und Freizeitkalender 2020\u201c. Zum 16. Mal hat das Jugendamt der Kreisverwaltung Germersheim eine umfassende \u00dcbersicht an Kinder- und Jugendfreizeit- und Ferienaktivit\u00e4ten zusammengestellt. Zahlreiche <a class=\"mh-excerpt-more\" href=\"https:\/\/speyer24news.com\/?p=24861\" title=\"Germersheim &#038; Landkreis GER\">[&#8230;]<\/a><\/p>\n<\/div>","protected":false},"author":3,"featured_media":0,"comment_status":"open","ping_status":"open","sticky":false,"template":"","format":"standard","meta":{"_monsterinsights_skip_tracking":false,"_monsterinsights_sitenote_active":false,"_monsterinsights_sitenote_note":"","_monsterinsights_sitenote_category":0,"footnotes":""},"categories":[449],"tags":[5671,5670,210,5569,5674,5673,5672],"aioseo_notices":[],"amp_enabled":true,"_links":{"self":[{"href":"https:\/\/speyer24news.com\/index.php?rest_route=\/wp\/v2\/posts\/24861"}],"collection":[{"href":"https:\/\/speyer24news.com\/index.php?rest_route=\/wp\/v2\/posts"}],"about":[{"href":"https:\/\/speyer24news.com\/index.php?rest_route=\/wp\/v2\/types\/post"}],"author":[{"embeddable":true,"href":"https:\/\/speyer24news.com\/index.php?rest_route=\/wp\/v2\/users\/3"}],"replies":[{"embeddable":true,"href":"https:\/\/speyer24news.com\/index.php?rest_route=%2Fwp%2Fv2%2Fcomments&post=24861"}],"version-history":[{"count":1,"href":"https:\/\/speyer24news.com\/index.php?rest_route=\/wp\/v2\/posts\/24861\/revisions"}],"predecessor-version":[{"id":24863,"href":"https:\/\/speyer24news.com\/index.php?rest_route=\/wp\/v2\/posts\/24861\/revisions\/24863"}],"wp:attachment":[{"href":"https:\/\/speyer24news.com\/index.php?rest_route=%2Fwp%2Fv2%2Fmedia&parent=24861"}],"wp:term":[{"taxonomy":"category","embeddable":true,"href":"https:\/\/speyer24news.com\/index.php?rest_route=%2Fwp%2Fv2%2Fcategories&post=24861"},{"taxonomy":"post_tag","embeddable":true,"href":"https:\/\/speyer24news.com\/index.php?rest_route=%2Fwp%2Fv2%2Ftags&post=24861"}],"curies":[{"name":"wp","href":"https:\/\/api.w.org\/{rel}","templated":true}]}}