{"id":24901,"date":"2020-01-31T07:03:26","date_gmt":"2020-01-31T06:03:26","guid":{"rendered":"https:\/\/speyer24news.com\/?p=24901"},"modified":"2020-01-31T07:05:41","modified_gmt":"2020-01-31T06:05:41","slug":"wirtschaft-finanzen-35","status":"publish","type":"post","link":"https:\/\/speyer24news.com\/?p=24901","title":{"rendered":"Wirtschaft &#038; Finanzen"},"content":{"rendered":"<style type=\"text\/css\">\r\n\t.ads_top_disp{}\r\n\t.ads_top_corner_disp{ float:left; margin:0px 10px 10px 0px; }\r\n\t.ads_first_p_disp{}\r\n\t.ads_bottom_disp{}\r\n\t<\/style>\n<h2 class=\"wp-block-heading\" style=\"text-align:center\">Thermen &amp; Badewelt Sinsheim<\/h2>\n\n\n\n<div class=\"wp-block-image\"><figure class=\"aligncenter\"><img decoding=\"async\" loading=\"lazy\" width=\"600\" height=\"266\" src=\"https:\/\/speyer24news.com\/wp-content\/uploads\/2020\/01\/Badewelt-Sinsheim-Au\u00dfenansicht.png\" alt=\"\" class=\"wp-image-24733\" srcset=\"https:\/\/speyer24news.com\/wp-content\/uploads\/2020\/01\/Badewelt-Sinsheim-Au\u00dfenansicht.png 600w, https:\/\/speyer24news.com\/wp-content\/uploads\/2020\/01\/Badewelt-Sinsheim-Au\u00dfenansicht-300x133.png 300w\" sizes=\"(max-width: 600px) 100vw, 600px\" \/><\/figure><\/div>\n\n\n\n<h2 class=\"wp-block-heading\">Stimmungsvolles Showprogramm unter Palmen <\/h2>\n\n\n\n<h3 class=\"wp-block-heading\">Textilfreie\nThermennacht in der Thermen &amp; Badewelt Sinsheim<\/h3>\n\n\n\n<p><strong>Sinsheim \/ Thermen &amp; Badewelt &#8211; Stilvolle Rockabilly-Musik, eine romantische Feuer-Show und atemberaubende Artistik in luftigen H\u00f6hen \u2013 die G\u00e4ste der textilfreien Thermennacht in der Thermen &amp; Badewelt Sinsheim werden am Freitag, den 7. Februar ab 18 Uhr viele au\u00dfergew\u00f6hnliche Momente erleben. An diesem Abend wird die gesamte Therme \u2013 auch das Palmenparadies \u2013 textilfrei genutzt.<\/strong><\/p>\n\n\n\n<div class=\"wp-block-image\"><figure class=\"aligncenter\"><img decoding=\"async\" loading=\"lazy\" width=\"800\" height=\"534\" src=\"https:\/\/speyer24news.com\/wp-content\/uploads\/2020\/01\/A-Sharp-Thing.jpg\" alt=\"\" class=\"wp-image-24907\" srcset=\"https:\/\/speyer24news.com\/wp-content\/uploads\/2020\/01\/A-Sharp-Thing.jpg 800w, https:\/\/speyer24news.com\/wp-content\/uploads\/2020\/01\/A-Sharp-Thing-300x200.jpg 300w, https:\/\/speyer24news.com\/wp-content\/uploads\/2020\/01\/A-Sharp-Thing-768x513.jpg 768w\" sizes=\"(max-width: 800px) 100vw, 800px\" \/><\/figure><\/div>\n\n\n\n<p>\u201eA# Sharp Thing\u201c \u2013 das sind Nadine Gerhards, Iris Gutjahr\nund Maria Ruggiero \u2013 spielen Rockabilly-Klassiker, aber auch heitere\nEvergreens. Die Show ist genauso elegant wie die an die 50er Jahre angelehnten\nOutfits des Damentrios. Unterst\u00fctzt werden sie bei ihrem Auftritt von Peter\nHeene an der Cajon, Christian Stalla an der Gitarre und Clemens Kaesler am\nKontrabass.<\/p>\n\n\n\n<p>Eine funkelnde Lichtershow von \u201ePyrotechnik im Quadrat\u201c\nwird sowohl im Innen- als auch im Au\u00dfenbereich des Palmenparadies gez\u00fcndet. Es\nerwarten die G\u00e4ste unter anderem ein glitzernder Funkenregen und schimmernde\nSilberfont\u00e4nen. Unterlegt ist das Farbenspiel mit epischer Filmmusik. <\/p>\n\n\n\n<div class=\"wp-block-image\"><figure class=\"aligncenter\"><img decoding=\"async\" loading=\"lazy\" width=\"800\" height=\"516\" src=\"https:\/\/speyer24news.com\/wp-content\/uploads\/2020\/01\/Palmenparadies-bei-Nacht.jpg\" alt=\"\" class=\"wp-image-24908\" srcset=\"https:\/\/speyer24news.com\/wp-content\/uploads\/2020\/01\/Palmenparadies-bei-Nacht.jpg 800w, https:\/\/speyer24news.com\/wp-content\/uploads\/2020\/01\/Palmenparadies-bei-Nacht-300x194.jpg 300w, https:\/\/speyer24news.com\/wp-content\/uploads\/2020\/01\/Palmenparadies-bei-Nacht-768x495.jpg 768w\" sizes=\"(max-width: 800px) 100vw, 800px\" \/><\/figure><\/div>\n\n\n\n<p>In die H\u00f6hen des Palmenparadies geht es mit Julia Wahl, denn sie zeigt eine \u201eAerial Hoop\u201c-Darbietung. Dabei f\u00fchrt sie an einem Ring in der Luft artistische Kunstst\u00fccke vor. Aber auch die sogenannte Kontorsion beherrscht die K\u00fcnstlerin in Perfektion \u2013 das Verbiegen zu extremen Formen und Figuren. Die G\u00e4ste des Abends erwartet ein au\u00dfergew\u00f6hnliches Erlebnis.<\/p>\n\n\n\n<p>Neben\nden Auftritten der K\u00fcnstler bereiten die Aufguss-Meister in den Themensaunen\nder Vitaltherme &amp; Sauna passende Aufg\u00fcsse f\u00fcr die Saunag\u00e4nger vor. In der\n80 Grad warmen \u201eEuphoria\u201c etwa schwitzen die G\u00e4ste unter dem Motto\n\u201eTraumf\u00e4nger\u201c zu Panfl\u00f6tenmusik. An diesem Abend zelebriert Aufgie\u00dferin Kathrin\nKoch um 20 Uhr diesen Aufguss mit den \u00e4therischen \u00d6len Blutorange, \u00e4gyptischem\nGeranium und Lavendel: \u201eZu den fruchtigen und blumigen D\u00fcften erleben die\nBesucher die besondere Atmosph\u00e4re der \u201eEuphoria\u201c mit Licht- und Soundeffekten\nund besonderer Wedeltechnik.\u201c Um 21 Uhr l\u00e4dt die \u201eEuphoria\u201c au\u00dferdem zum \u201ePiano\nSpecial\u201c bei ruhigen Klavierkl\u00e4ngen und sanften D\u00fcften, wie zum Beispiel der\nPalmarosa, ein. <\/p>\n\n\n\n<div class=\"wp-block-image\"><figure class=\"aligncenter\"><img decoding=\"async\" loading=\"lazy\" width=\"800\" height=\"485\" src=\"https:\/\/speyer24news.com\/wp-content\/uploads\/2020\/01\/Blaue-Lagune-bei-Nacht.jpg\" alt=\"\" class=\"wp-image-24909\" srcset=\"https:\/\/speyer24news.com\/wp-content\/uploads\/2020\/01\/Blaue-Lagune-bei-Nacht.jpg 800w, https:\/\/speyer24news.com\/wp-content\/uploads\/2020\/01\/Blaue-Lagune-bei-Nacht-300x182.jpg 300w, https:\/\/speyer24news.com\/wp-content\/uploads\/2020\/01\/Blaue-Lagune-bei-Nacht-768x466.jpg 768w\" sizes=\"(max-width: 800px) 100vw, 800px\" \/><\/figure><\/div>\n\n\n\n<p>Die textilfreie Thermennacht beginnt um 18 Uhr. Ab diesem Zeitpunkt ist auch das Palmenparadies mit der gro\u00dfen Lagune und den Gesundheitsbecken mit Sole, Calcium\/Lithium und Selen textilfrei zu nutzen. Der Abend endet um 0 Uhr, damit schlie\u00dft die Therme eine Stunde sp\u00e4ter als sonst an einem Freitag \u00fcblich.<\/p>\n\n\n\n<div class=\"wp-block-image\"><figure class=\"alignleft is-resized\"><a href=\"www.badewelt-sinsheim.de\/events\" target=\"_blank\" rel=\"noreferrer noopener\"><img decoding=\"async\" loading=\"lazy\" src=\"https:\/\/speyer24news.com\/wp-content\/uploads\/2020\/01\/Badewelt-Sinsheim-Logo.png\" alt=\"\" class=\"wp-image-24732\" width=\"334\" height=\"396\" srcset=\"https:\/\/speyer24news.com\/wp-content\/uploads\/2020\/01\/Badewelt-Sinsheim-Logo.png 500w, https:\/\/speyer24news.com\/wp-content\/uploads\/2020\/01\/Badewelt-Sinsheim-Logo-253x300.png 253w\" sizes=\"(max-width: 334px) 100vw, 334px\" \/><\/a><\/figure><\/div>\n\n\n\n<p>Die textilfreie Thermennacht beginnt um 18 Uhr. Ab diesem Zeitpunkt ist auch das Palmenparadies mit der gro\u00dfen Lagune und den Gesundheitsbecken mit Sole, Calcium\/Lithium und Selen textilfrei zu nutzen. Der Abend endet um 0 Uhr, damit schlie\u00dft die Therme eine Stunde sp\u00e4ter als sonst an einem Freitag \u00fcblich.<\/p>\n\n\n\n<p>Das Event ist im Eintrittspreis der Vitaltherme &amp;\nSauna inklusive. G\u00e4sten des Palmenparadies, welche in diesem Bereich nach 18.30\nUhr verweilen m\u00f6chten, wird der Aufpreis f\u00fcr die Vitaltherme &amp; Sauna\naufgebucht, dies verbunden mit dem Hinweis, dass die gesamte Anlage nur\ntextilfrei genutzt werden kann. <\/p>\n\n\n\n<p>Die textilfreie Thermennacht findet an jedem ersten Freitag im Monat in der Thermen &amp; Badewelt Sinsheim statt. <\/p>\n\n\n\n<p>Weitere Informationen unter <a href=\"http:\/\/www.badewelt-sinsheim.de\/events\">www.badewelt-sinsheim.de\/events<\/a><strong><em><\/em><\/strong><\/p>\n\n\n\n<p><em>Thermen &amp; Badewelt Sinsheim<br>30.01.2020<\/em><\/p>\n\n\n\n<h2 class=\"wp-block-heading\" style=\"text-align:center\">Q 6 Q 7 Mannheim \u2013 Das Quartier.<\/h2>\n\n\n\n<div class=\"wp-block-image\"><figure class=\"aligncenter\"><img decoding=\"async\" loading=\"lazy\" width=\"350\" height=\"350\" src=\"https:\/\/speyer24news.com\/wp-content\/uploads\/2020\/01\/q6q7-logo.png\" alt=\"\" class=\"wp-image-24906\" srcset=\"https:\/\/speyer24news.com\/wp-content\/uploads\/2020\/01\/q6q7-logo.png 350w, https:\/\/speyer24news.com\/wp-content\/uploads\/2020\/01\/q6q7-logo-150x150.png 150w, https:\/\/speyer24news.com\/wp-content\/uploads\/2020\/01\/q6q7-logo-300x300.png 300w\" sizes=\"(max-width: 350px) 100vw, 350px\" \/><\/figure><\/div>\n\n\n\n<h2 class=\"wp-block-heading\"><strong>Retail 4.0: Erster YouTube-Star erobert station\u00e4ren Einzelhandel \u2013 Sallys Welt er\u00f6ffnet Flagship-Store im Quartier Q 6 Q 7 Mannheim<\/strong><\/h2>\n\n\n\n<ul><li><strong>Aus YouTube bekannte K\u00fcche wird nachgebaut, dazu interaktiver Austausch und Live-Events<\/strong><\/li><li><strong>Experte Dr. Will: \u201eDas ist etwas Neues, das durch YouTube\u2018s Aufstieg erst m\u00f6glich wurde\u201c<\/strong><\/li><li><strong>Q 6 Q 7-Chef Hoffmann: \u201eVorreiter in einer Branche, die vor neuen Herausforderungen steht\u201c<\/strong><\/li><\/ul>\n\n\n\n<div class=\"wp-block-image\"><figure class=\"aligncenter\"><img decoding=\"async\" loading=\"lazy\" width=\"800\" height=\"534\" src=\"https:\/\/speyer24news.com\/wp-content\/uploads\/2020\/01\/1_DSC_5512.jpg\" alt=\"\" class=\"wp-image-24904\" srcset=\"https:\/\/speyer24news.com\/wp-content\/uploads\/2020\/01\/1_DSC_5512.jpg 800w, https:\/\/speyer24news.com\/wp-content\/uploads\/2020\/01\/1_DSC_5512-300x200.jpg 300w, https:\/\/speyer24news.com\/wp-content\/uploads\/2020\/01\/1_DSC_5512-768x513.jpg 768w\" sizes=\"(max-width: 800px) 100vw, 800px\" \/><figcaption>Stellten das Konzept des Sallys Welt Flagship-Store in Q 6 Q 7 vor (von links): Hendrik Hoffmann (Q 6 Q 7), Saliha \u201eSally\u201c und Murat \u00d6zcan, Marco Knies (YouTube) und Dr. Joachim Will (ecostra).<em> (Foto: Marcus Schwetasch f\u00fcr Q 6 Q 7) <\/em><\/figcaption><\/figure><\/div>\n\n\n\n<p><strong>Mannheim \/ Q 6 Q7 &#8211; <\/strong>Ver\u00e4ndertes Konsumverhalten erfordert neue Konzepte f\u00fcr den Einzelhandel. YouTube-Star Saliha \u201eSally\u201c \u00d6zcan und <em>Q 6 Q 7 Mannheim \u2013 Das Quartier.<\/em> schlagen jetzt ein neues Kapitel f\u00fcr den station\u00e4ren Einzelhandel in Deutschland auf. Sally er\u00f6ffnet im M\u00e4rz einen Flagship-Store in Q 6 Q 7, der ihre Online-Pr\u00e4senz mit dem klassischen Einzelhandel verkn\u00fcpfen wird. Ein Novum: Erstmals wagt eine YouTube-Pers\u00f6nlichkeit mit der eigenen Marke den Weg in den station\u00e4ren Einzelhandel und wird \u201eOnline\u201c und vor Ort in einem v\u00f6llig neuen Konzept verbinden. \u201eAm meisten freue ich mich darauf, meine Community zu treffen\u201c, sagt Sally. Einzelhandels-Experte Dr. Joachim Will: \u201eIn Mannheim wird etwas geschaffen, das durch den Aufstieg von YouTube erst m\u00f6glich wurde.\u201c Marco Knies von YouTube: \u201eWir freuen uns darauf, dass Sallys Zuschauer sie bald live im eigenen Store sehen k\u00f6nnen.\u201c Quartier-Chef Hendrik Hoffmann: \u201eQ 6 Q 7 steht f\u00fcr kreative Konzepte. Sallys Flagship-Store entspricht insofern unserer Grundstrategie, mit der wir uns auch als Vorreiter in einer Branche sehen, die vor neuen Herausforderungen steht.\u201c<\/p>\n\n\n\n<p>Mehr als 1,6 Millionen Menschen folgen Sally auf YouTube und schauen begeistert ihre Videos. Ihr Kanal <strong>\u201eSallys Welt\u201c<\/strong> ist der erfolgreichste rund ums Kochen und Backen in ganz Deutschland. Bisher vertreibt Sally ihre Produkte online und im Fachhandel. \u201eDie Idee eines station\u00e4ren Flagship-Store war ein Wunsch meiner Community\u201c, erl\u00e4utert <strong>Saliha \u201eSally\u201c \u00d6zcan<\/strong>. \u201eBisher gab es unsere Produkte nur online oder auf unseren eigenen Messen. Meine K\u00fcchenhelfer, Werkzeuge und Produkte sind qualitativ hochwertig und viele Dinge muss man einfach mal anfassen und f\u00fchlen, um diese Qualit\u00e4t auch hautnah zu erleben.\u201c Ein Flagship-Store hat f\u00fcr Sally aber noch mehr Vorteile: \u201eDort kann ich auch Kontakte pers\u00f6nlich pflegen und Events veranstalten. Es soll ein Ort werden f\u00fcr alle Koch- und Backbegeisterten, jenseits der Mainstream-Marken, die man \u00fcberall bekommt.\u201c<\/p>\n\n\n\n<div class=\"wp-block-image\"><figure class=\"aligncenter\"><img decoding=\"async\" loading=\"lazy\" width=\"800\" height=\"534\" src=\"https:\/\/speyer24news.com\/wp-content\/uploads\/2020\/01\/2_DSC_5529.jpg\" alt=\"\" class=\"wp-image-24905\" srcset=\"https:\/\/speyer24news.com\/wp-content\/uploads\/2020\/01\/2_DSC_5529.jpg 800w, https:\/\/speyer24news.com\/wp-content\/uploads\/2020\/01\/2_DSC_5529-300x200.jpg 300w, https:\/\/speyer24news.com\/wp-content\/uploads\/2020\/01\/2_DSC_5529-768x513.jpg 768w\" sizes=\"(max-width: 800px) 100vw, 800px\" \/><figcaption>Sally l\u00e4dt ihre YouTube-Community ein, Kommentare auf der Storefront in Q 6 Q 7 abzugeben. (<em>Foto: Marcus Schwetasch f\u00fcr Q 6 Q 7<\/em>)<\/figcaption><\/figure><\/div>\n\n\n\n<p><em>F\u00fcr Q 6 Q 7 Mannheim \u2013 Das Quartier<\/em>. hat sich Sally entschieden, \u201eweil es ein ganz besonderes Einkaufszentrum ist. Wir sind viel unterwegs und sehen einige St\u00e4dte. Was uns dabei auff\u00e4llt ist, dass meist \u00fcberall die gleichen Shops und Marken vertreten sind. In Q 6 Q 7 sind ganz tolle, auserw\u00e4hlte Marken, die man nicht \u00fcberall findet. Ich denke, da passen wir ganz gut dazu. Au\u00dferdem sind wir selbst oft in Mannheim, wir wohnen direkt um die Ecke und k\u00f6nnen jederzeit dort sein, auch mal ganz spontan.\u201c Angebote gab es freilich aus ganz Deutschland: Berlin, Hamburg und aus anderen Gro\u00dfst\u00e4dten. Aber: \u201eMannheim ist ein Heimspiel f\u00fcr uns.\u201c<\/p>\n\n\n\n<p>Mit Sally wird auch YouTube Einzug in Q 6 Q 7 halten: \u201eWir werden mit YouTube zusammen Live-Events veranstalten, andere ber\u00fchmte Pers\u00f6nlichkeiten einladen; die G\u00e4ste und Kunden im Store sind dann ein Teil davon, das gab es so in dieser Art noch nicht. Es wird immer einen interaktiven Austausch in der Online- und Offline-Welt geben.\u201c<\/p>\n\n\n\n<p><strong>Marco Knies<\/strong> ist bei <strong>Google<\/strong>, der Muttergesellschaft von <strong>YouTube<\/strong>, Partnerships Manager in Deutschland: \u201eMit mehr als 1,6 Millionen Abonnenten und \u00fcber 400 Millionen Views ist Sallys Welt Deutschlands gr\u00f6\u00dfter weiblicher YouTube Creator im Bereich Kochen und Backen. Seit 2011 begeistert Sally das YouTube Publikum regelm\u00e4\u00dfig mit ihrer Leidenschaft f\u00fcr gro\u00dfartige Rezepte. Wir sind stolz darauf, dass Sally seit nunmehr \u00fcber acht Jahren auf YouTube Woche f\u00fcr Woche ihren zahlreichen Zuschauer lehrreiche Tipps f\u00fcr K\u00fcche und Haushalt gibt und damit ihre Leidenschaft zum Beruf machen konnte.\u201c Auch bei YouTube ist man gespannt auf Sallys Flagship-Store: \u201eWir freuen uns nat\u00fcrlich, dass Sallys Zuschauer sie nun nicht nur online auf ihrem YouTube Kanal, sondern bald auch live im eigenen Sallys Welt Store sehen k\u00f6nnen.\u201c<\/p>\n\n\n\n<p>Und dieser Store wird sich deutlich vom klassischen Einzelhandel unterscheiden. Welcher Laden sieht beispielsweise genau so aus wie die K\u00fcche der Ladeninhaberin? \u201eWir werden meine K\u00fcche von zu Hause eins zu eins im Shop aufbauen, so dass die G\u00e4ste sich so f\u00fchlen, als w\u00e4ren sie bei mir daheim. Sie k\u00f6nnen in der K\u00fcche st\u00f6bern, Selfies machen und alles hautnah miterleben\u201c, verspricht Sally. \u201eWir verbinden die On- und Offline-Welt und begeistern die Menschen f\u00fcrs Kochen, Backen, f\u00fcrs Einrichten und Heimwerken. Wir kooperieren mit einigen gro\u00dfen Marken, deren Produkte es nur exklusiv bei uns gibt und bei denen wir auch in der Produktentwicklung mitwirken.\u201c<\/p>\n\n\n\n<p>Dass die Online-Welt sich im station\u00e4ren Handel widerspiegelt, sei nicht mehr ganz so neu, erl\u00e4utert <strong>Einzelhandels- und Shopping-Center-Experte Dr. Joachim Will<\/strong>, Gesch\u00e4ftsf\u00fchrer des Beratungsunternehmens ecostra. Dabei verweist er mit Zalando auf eines der j\u00fcngsten Beispiele: Der Online-H\u00e4ndler habe in Deutschland inzwischen mehrere station\u00e4re Einzelhandelsgesch\u00e4fte er\u00f6ffnet, unter anderem um neue Zielgruppen zu erschlie\u00dfen. \u201eDie Er\u00f6ffnung eines Flagship-Store durch eine so bekannte Social Media Personality wie Sally gab es in der Form aber noch nicht. Insofern ist das, was Sallys Welt im Mannheimer Q 6 Q 7 realisiert, etwas ganz Neues. Hier zeichnet sich ein Ph\u00e4nomen ab, das erst mit dem Aufstieg von YouTube m\u00f6glich wurde.\u201c In manchen Zielgruppen habe eine YouTube-Pr\u00e4senz eine sehr relevante Bedeutung angenommen. \u201eDa hat sich ein eigener Markt entwickelt, mit dem manche Influencer auch richtig viel Geld verdienen.\u201c Die hohe Follower-Zahl von Pers\u00f6nlichkeiten wie Sally spreche f\u00fcr eine sehr gro\u00dfe Glaubw\u00fcrdigkeit, die sich auf die Marken und Produkte \u00fcbertrage. \u201eEs ist geradezu eine logische Konsequenz, dass man mit diesem Asset auch den station\u00e4ren Handel angeht.\u201c Gerade Shopping-Center w\u00fcrden derzeit nach immer neuen Impulsen suchen.<\/p>\n\n\n\n<p>\u201eUnser Q 6 Q 7 Mannheim \u2013 Das Quartier. steht seit der Er\u00f6ffnung 2016 f\u00fcr neue Konzepte, die es so in Mannheim oder der gesamte Metropolregion Rhein-Neckar noch nicht gibt\u201c, erl\u00e4utert <strong>Hendrik Hoffmann<\/strong>, <strong>Gesch\u00e4ftsf\u00fchrer der CRM \u2013 Center &amp; Retail Management GmbH<\/strong>, die Q 6 Q 7 betreibt. \u201eMit dem Flagship-Store von Sallys Welt, einem v\u00f6llig neuartigen Shopping-Angebot, das es bislang in ganz Deutschland noch nicht gab, gehen wir einen Schritt weiter. Dies entspricht unserer Grundstrategie, dass wir uns auch als Vorreiter in einer Branche sehen, die vor neuen Herausforderungen steht. Einen Schritt weiter zu sein als der Wettbewerb \u2013 mit allen Risiken, die damit verbunden sind \u2013 tr\u00e4gt zu unserem Erfolg bei. Als eine der ersten Shopping-Malls haben wir beispielsweise viel st\u00e4rker als andere in der Gastronomie auf neue und au\u00dfergew\u00f6hnliche Angebote gesetzt. Mit ,Emma Wolf since 1920\u2018 von Dennis Maier gibt es bei uns sogar ein mit einem Michelin-Stern gekr\u00f6ntes Restaurant. Sallys Flagship-Store mit seiner Kombination aus Information, Entertainment, Retail und \u2013 wenn ich das so sagen darf \u2013 ,allem rund um leckeres Essen\u2018, steht f\u00fcr mich ganz klar f\u00fcr Retail 4.0 und die Zukunft von Shopping-Destinationen in Deutschland.\u201c<\/p>\n\n\n\n<p>Einzelhandels-Experte Dr. Will: \u201eDer Kunde will immer etwas neues haben. Bei Sallys Flagship-Store steht \u2013 und das ist in dieser Form einzigartig \u2013 sie als Person im Fokus.\u201c Dass Kunden eine Marke oder ein Produkt mit einer Person verbinden, kenne man aus der Werbung schon lange \u2013 von Dr. Best\u2019s Zahnb\u00fcrste bis hin zu Trigema-Chef Grupp. \u201eDas ist jedoch vom Kunden auch ganz klar als Werbung zu identifizieren. Sally hingegen ist viel authentischer, weil bei ihr eben nicht die Werbung im Vordergrund steht, sondern Information, Unterhaltung, Hilfe und Service f\u00fcr ihre Community.\u201c Im Vergleich zur Werbung im linearen, \u201eklassischen\u201c Fernsehen komme bei YouTube noch dazu, dass sich die Nutzer ihre Inhalte gezielt aussuchen: \u201eDa bleibe ich viel eher dran, wenn es \u00fcberzeugt \u2013 und abonniere den Kanal, werde zum echten ,Follower\u2018.\u201c<\/p>\n\n\n\n<p>Sally hat inzwischen ein Team von 50 Mitarbeitern um sich versammelt. Schon in jungen Jahren interessierte sie sich f\u00fcrs Kochen, Backen und die Kunst. Als Kind einer t\u00fcrkischen Familie genoss sie den Einblick in zwei unterschiedliche Kulturen und vereinte diese in ihren Werken, seien es Bilder oder kulinarische Gen\u00fcsse. Noch vor dem Abitur heiratete sie ihren Mann <strong>Murat<\/strong>, einen geb\u00fcrtigen Schwaben mit t\u00fcrkischen Wurzeln. Er ist neben den gemeinsamen T\u00f6chtern Samira und Ela auch ein Bestandteil der YouTube-Videos und tr\u00e4gt \u2013 auf seine schw\u00e4bische Art und Weise \u2013 zur Unterhaltung bei. W\u00e4hrend des Studiums zur Grundschullehrerin f\u00fcr die F\u00e4cher Hauswirtschaft, Deutsch, Englisch und islamische Theologie gr\u00fcndete sie im Jahr 2012 ihren eigenen YouTube-Channel \u201eSallys Welt\u201c. Erste TV-Erfahrungen sammelte sie in der<strong> ZDF Kochsendung \u201eTopfgeldj\u00e4ger\u201c<\/strong>. Es folgten weitere TV-Auftritte bei<strong> ProSieben, RTL <\/strong>und<strong> VOX.<\/strong> Mittlerweile hat ihr YouTube-Kanal \u00fcber 1,6 Millionen Abonnenten.<\/p>\n\n\n\n<p>Sally hofft, m\u00f6glichst viele ihrer Abonnenten in ihrem Mannheimer Store zu treffen: \u201eViele begleiten mich schon seit Jahren. Mein Wunsch ist es zudem, Menschen, die uns jetzt noch nicht kennen und dann erst durch den station\u00e4ren Store entdecken, f\u00fcrs Kochen und Backen zu begeistern. Ich m\u00f6chte dort alle Menschen erreichen, egal ob Jung oder Alt \u2013 Essen verbindet alle!\u201c<\/p>\n\n\n\n<p>Auch die Community wird von dem Store begeistert sein: \u201eAm meisten k\u00f6nnen sich alle auf einen wundersch\u00f6n eingerichteten Store freuen, der uns und unsere Einstellungen widerspiegelt. Sie k\u00f6nnen dort meine K\u00fcche hautnah erleben, in meine Sallys Welt eintauchen und sich inspirieren lassen. Es wird Innovationen geben, tolle Produkte, sie d\u00fcrfen sich auf Kaffee und Kuchen freuen, auf eine wundersch\u00f6n eingerichtete Kinderecke, so dass auch Familien mit Kindern ihren Spa\u00df haben. Im Store ist wirklich f\u00fcr jeden etwas dabei. Es wird eine Erlebnisoase f\u00fcr Jung und Alt!\u201c<\/p>\n\n\n\n<p><em>Text: tower media GmbH Foto: Marcus Schwetasch f\u00fcr Q 6 Q 7<br>30.01.2020<\/em><\/p>\n\n\n\n<h2 class=\"wp-block-heading\" style=\"text-align:center\">Bundesagentur f\u00fcr Arbeit<\/h2>\n\n\n\n<div class=\"wp-block-image\"><figure class=\"aligncenter\"><img decoding=\"async\" src=\"https:\/\/speyer24news.com\/wp-content\/uploads\/2019\/11\/Agentur-f\u00fcr-Arbeit-1.png\" alt=\"\" class=\"wp-image-22542\"\/><\/figure><\/div>\n\n\n\n<h2 class=\"wp-block-heading\">Der Arbeitsmarkt im Januar 2020<\/h2>\n\n\n\n<h3 class=\"wp-block-heading\">Anstieg der Arbeitslosigkeit vor allem aus jahreszeitlichen Gr\u00fcnden<\/h3>\n\n\n\n<p><strong>N\u00fcrnberg \/ Deutschland &#8211; <\/strong>\u201eDie konjunkturelle Schw\u00e4che hinterl\u00e4sst weiterhin Spuren auf dem Arbeitsmarkt. Insgesamt zeigte er sich aber auch zum Jahresbeginn robust. Arbeitslosigkeit und Unterbesch\u00e4ftigung sind im Januar gestiegen \u2013 aber vor allem aus jahreszeitlichen Gr\u00fcnden.&#8220;, sagte der Vorstandsvorsitzende der Bundesagentur f\u00fcr Arbeit (BA), Detlef Scheele, heute (30.01.2020) anl\u00e4sslich der monatlichen Pressekonferenz in N\u00fcrnberg.<\/p>\n\n\n\n<ul><li>Arbeitslosenzahl im Januar:  +198.000 auf 2.426.000<\/li><li>Arbeitslosenzahl im Vorjahresvergleich: +20.000<\/li><li>Arbeitslosenquote gegen\u00fcber Vormonat: +0,4 Prozentpunkte auf 5,3 Prozent<\/li><\/ul>\n\n\n\n<h4 class=\"wp-block-heading\">Arbeitslosigkeit, Unterbesch\u00e4ftigung und Erwerbslosigkeit<\/h4>\n\n\n\n<p>Im Zuge der Winterpause ist die Arbeitslosigkeit von Dezember auf Januar um 198.000 auf 2.426.000 gestiegen. Bereinigt um die saisonalen Einfl\u00fcsse wird f\u00fcr den Januar ein leichter R\u00fcckgang von 2.000 im Vergleich zum Vormonat errechnet. Gegen\u00fcber dem Vorjahr hat sich die Arbeitslosenzahl um 20.000 erh\u00f6ht. Die Arbeitslosenquote steigt um 0,4 Prozentpunkte auf 5,3 Prozent. Im Vergleich zum Januar des vorigen Jahres hat sie sich nicht ver\u00e4ndert. Die nach dem ILO-Erwerbskonzept vom Statistischen Bundesamt ermittelte Erwerbslosenquote belief sich im Dezember auf 3,2 Prozent.<\/p>\n\n\n\n<p>Die Unterbesch\u00e4ftigung, die auch Ver\u00e4nderungen in der Arbeitsmarktpolitik und kurzfristiger Arbeitsunf\u00e4higkeit ber\u00fccksichtigt, blieb saisonbereinigt gegen\u00fcber dem Vormonat unver\u00e4ndert. Insgesamt lag die Unterbesch\u00e4ftigung im Januar 2020 bei 3.325.000 Personen. Das waren 30.000 mehr als vor einem Jahr.<\/p>\n\n\n\n<h4 class=\"wp-block-heading\">Erwerbst\u00e4tigkeit und sozialversicherungspflichtige Besch\u00e4ftigung<\/h4>\n\n\n\n<p>Erwerbst\u00e4tigkeit und sozialversicherungspflichtige Besch\u00e4ftigung sind weiter gestiegen, allerdings mit geringeren Zuw\u00e4chsen als im vergangenen Jahr. Nach Angaben des Statistischen Bundesamtes hat sich die Zahl der Erwerbst\u00e4tigen (nach dem Inlandskonzept) im Dezember saisonbereinigt gegen\u00fcber dem Vormonat um 22.000 erh\u00f6ht. Mit 45,44 Millionen Personen fiel sie im Vergleich zum Vorjahr um 273.000 h\u00f6her aus. Das Plus beruht weit \u00fcberwiegend auf dem Zuwachs der sozialversicherungspflichtigen Besch\u00e4ftigung. Diese ist im Vergleich zum Vorjahr um 482.000 gestiegen. Insgesamt waren im November nach hochgerechneten Angaben der BA 33,99 Millionen Menschen sozialversicherungspflichtig besch\u00e4ftigt. Saisonbereinigt ergibt sich von Oktober auf November ein Anstieg um 40.000.<\/p>\n\n\n\n<h4 class=\"wp-block-heading\">Arbeitskr\u00e4ftenachfrage<\/h4>\n\n\n\n<p>Die Nachfrage nach neuen Arbeitskr\u00e4ften gibt im Vorjahresvergleich weiter deutlich nach, befindet sich aber nach wie vor auf hohem Niveau. Im Januar waren 668.000 Arbeitsstellen bei der BA gemeldet, 90.000 weniger als vor einem Jahr. Saisonbereinigt hat sich der Bestand der bei der BA gemeldeten Arbeitsstellen um 1.000 verringert. Der BA-Stellenindex (BA X) \u2013 ein Indikator f\u00fcr die Nachfrage nach Personal in Deutschland \u2013 stieg im Januar 2020 um 1 Punkt auf 118 Punkte. Er liegt damit 15 Punkte unter dem Vorjahreswert.<\/p>\n\n\n\n<h4 class=\"wp-block-heading\">Geldleistungen<\/h4>\n\n\n\n<p>888.000 Personen erhielten im Januar 2020 Arbeitslosengeld, 63.000 mehr als vor einem Jahr. Die Zahl der erwerbsf\u00e4higen Leistungsberechtigten in der Grundsicherung f\u00fcr Arbeitsuchende (SGB II) lag im Januar bei 3.758.000. Gegen\u00fcber Januar 2019 war dies ein R\u00fcckgang von 245.000 Personen. 6,9 Prozent der in Deutschland lebenden Personen im erwerbsf\u00e4higen Alter waren damit hilfebed\u00fcrftig.<\/p>\n\n\n\n<h4 class=\"wp-block-heading\">Ausbildungsmarkt \u2013 Ende Nachvermittlung und Ausblick auf den n\u00e4chsten Herbst<\/h4>\n\n\n\n<p>Von Oktober 2019 bis Januar 2020 waren insgesamt 67.000 Ausbildungsstellen noch zum sofortigen Beginn gemeldet, die besetzt werden sollten. Davon waren im Januar noch 11.000 unbesetzt. Gleichzeitig waren 64.000 Bewerberinnen und Bewerber gemeldet, die weiterhin, erneut oder erstmalig eine Ausbildung zum sofortigen Eintritt suchten. Insgesamt waren im Januar 2020 \u2013 zum Ende der Nachvermittlung \u2013 noch 27.000 gemeldete Bewerberinnen und Bewerber unversorgt sowie weitere 19.000 trotz vorhandener Alternative weiterhin auf der Suche nach einer Ausbildungsstelle.<br>Im Januar liegen erste Daten f\u00fcr das neue Berufsberatungsjahr 2019\/20 vor. Die Zahl der gemeldeten Ausbildungsstellen liegt mit 391.000 um 22.000 niedriger als im Januar des Vorjahres. Die Bewerberzahl bewegt sich mit 296.000 ebenfalls um 22.000 unter dem Vorjahresniveau. Die Beratung und Vermittlung f\u00fcr den Ausbildungsbeginn 2020 haben jedoch erst begonnen. Deshalb ist es f\u00fcr eine fundierte Bewertung noch zu fr\u00fch.<\/p>\n\n\n\n<p>Den ausf\u00fchrlichen Monatsbericht finden Sie im Internet unter<br><a href=\"https:\/\/deref-web-02.de\/mail\/client\/cCyeWcf-PFg\/dereferrer\/?redirectUrl=https%3A%2F%2Fstatistik.arbeitsagentur.de\" target=\"_blank\" rel=\"noreferrer noopener\">https:\/\/statistik.arbeitsagentur.de<\/a>.<\/p>\n\n\n\n<h2 class=\"wp-block-heading\">Jeder zweite Antrag auf Arbeitslosengeld wird online gestellt<\/h2>\n\n\n\n<p><strong>N\u00fcrnberg \/ Deutschland &#8211; <\/strong>Seit f\u00fcnf Jahren k\u00f6nnen B\u00fcrger bei der Bundesagentur f\u00fcr Arbeit (BA) Antr\u00e4ge auf Arbeitslosengeld (ALG I) online einreichen. Mittlerweile wird fast jeder zweite Antrag digital gestellt.<\/p>\n\n\n\n<p>Seit 2015 k\u00f6nnen Kunden das Arbeitslosengeld online beantragen. Seither ist der Anteil der digital eingegangenen Antr\u00e4ge deutlich gestiegen. Verzichteten im ersten Jahr lediglich zehn Prozent der Antragsteller auf die Papierform, ist der Anteil der online eingegangenen Antr\u00e4ge auf knapp 50 Prozent der insgesamt 2,4 Millionen ALG I Antr\u00e4ge gestiegen. Einen Online-Antrag bequem von zuhause aus auszuf\u00fcllen und zu \u00fcbersenden wird zusehends zur Regel.<\/p>\n\n\n\n<h4 class=\"wp-block-heading\">So viel online wie m\u00f6glich\u2026<\/h4>\n\n\n\n<p>Im Mai letzten Jahres ist auch das Portal-Angebot f\u00fcr Kunden im Bereich der Jobcenter live gegangen. Der Schwerpunkt liegt hier im Bereich der Leistungsgew\u00e4hrung: Registrierte Kunden der Jobcenter k\u00f6nnen beispielsweise ihren Weiterbewilligungsantrag inklusive Anlagen online einreichen. Die BA erweitert kontinuierlich ihre digitalen Angebote: So bietet auch die Familienkasse Kindergeldberechtigten seit Mitte letzten Jahres die M\u00f6glichkeit, Ver\u00e4nderungsmitteilungen (wie eine neue Adresse nach einem Umzug) direkt elektronisch zu erfassen.<\/p>\n\n\n\n<h4 class=\"wp-block-heading\">\u2026 aber es geht noch viel mehr:<\/h4>\n\n\n\n<p>Dr. Markus Schmitz, CIO der BA, sieht die BA bei der Umsetzung ihrer Online-Strategie auf dem richtigen Weg: \u201eWir freuen uns, dass die B\u00fcrger unsere Online-Angebote mehr und mehr nutzen. Aber es geht noch mehr: Was ich mir w\u00fcnsche, ist die geplante Umsetzung eines Gesetzentwurfes im Sozialgesetzbuch. Denn dann k\u00f6nnten wir endlich auch im Sinne der Nachhaltigkeit auf den zus\u00e4tzlichen postalischen Versand von \u00fcber 1,1 Millionen ALG-Bescheiden verzichten, die wir heute bereits online zustellen. Wenn dann auch noch das Unterschriften-Erfordernis abgeschafft w\u00fcrde, k\u00f6nnten wir viele Online-Anliegen auch komplett medienbruchfrei anbieten.\u201c<br>Bestimmte Dokumente und Antr\u00e4ge (wie etwa Antr\u00e4ge auf Kurzarbeitergeld, Kindergeld oder Kinderzuschlag) m\u00fcssen Kunden auch weiterhin ausdrucken und pers\u00f6nlich unterzeichnen. Das liegt daran, dass eine handschriftliche Signatur in diesen F\u00e4llen gesetzlich vorgeschrieben ist.<\/p>\n\n\n\n<p><em>Bundesagentur f\u00fcr Arbeit<br>30.01.2020<\/em><\/p>\n\n\n\n<h2 class=\"wp-block-heading\" style=\"text-align:center\">Vereinigten VR Bank Kur- und Rheinpfalz<\/h2>\n\n\n\n<div class=\"wp-block-image\"><figure class=\"aligncenter\"><img decoding=\"async\" src=\"https:\/\/speyer24news.com\/wp-content\/uploads\/2019\/11\/Vereinigte-VR-Bank-Kur-und-Rheinpfalz-eG-Logo.png\" alt=\"\" class=\"wp-image-22533\"\/><\/figure><\/div>\n\n\n\n<h2 class=\"wp-block-heading\"><strong>\u201eUnterwegs\u201c bei der Vereinigten VR Bank Kur- und Rheinpfalz\u200b\u200b<\/strong><\/h2>\n\n\n\n<h3 class=\"wp-block-heading\"><strong>Ausstellung mit Bildern der K\u00fcnstlerin Annette L\u00f6ser in der Speyerer Hauptstelle er\u00f6ffnet<\/strong><\/h3>\n\n\n\n<div class=\"wp-block-image\"><figure class=\"aligncenter\"><img decoding=\"async\" loading=\"lazy\" width=\"800\" height=\"450\" src=\"https:\/\/speyer24news.com\/wp-content\/uploads\/2020\/01\/unterwegs_web.jpg\" alt=\"\" class=\"wp-image-24903\" srcset=\"https:\/\/speyer24news.com\/wp-content\/uploads\/2020\/01\/unterwegs_web.jpg 800w, https:\/\/speyer24news.com\/wp-content\/uploads\/2020\/01\/unterwegs_web-300x169.jpg 300w, https:\/\/speyer24news.com\/wp-content\/uploads\/2020\/01\/unterwegs_web-768x432.jpg 768w, https:\/\/speyer24news.com\/wp-content\/uploads\/2020\/01\/unterwegs_web-678x381.jpg 678w\" sizes=\"(max-width: 800px) 100vw, 800px\" \/><figcaption>Laudator Jochen Bohle, Annette L\u00f6ser und Philip Wagner, Leiter der Firmenkundenbank der Vereinigten VR Bank Kur- und Rheinpfalz vor Bildern der Ausstellung \u201eUnterwegs\u201c. Musikalisch begleitet wurde die Ausstellungser\u00f6ffnung durch  den Gitarrenk\u00fcnstler Bj\u00f6rn Tillman.\u200b<\/figcaption><\/figure><\/div>\n\n\n\n<p><strong>Speyer &#8211; Namibische W\u00fcste, italienische Sch\u00f6nheit oder marokkanische Farbenvielfalt: In der Ausstellung \u201eUnterwegs\u201c der K\u00fcnstlerin Annette L\u00f6ser dreht sich alles um das Reisen, die Bewegung und das Entdecken von Neuem. Am vergangenen  Donnerstag wurde die Ausstellung in der Speyerer Hauptstelle der Vereinigten VR Bank Kur- und Rheinpfalz er\u00f6ffnet.<\/strong><\/p>\n\n\n\n<p>Die in Speyer lebende K\u00fcnstlerin und Kunsttherapeutin Annette L\u00f6ser hat in den Bildern ihrer Ausstellung \u201eUnterwegs\u201c ihre eigenen Erlebnisse aus zahlreichen Reisen innerhalb Europas und nach Afrika auf Leinwand gebracht. Ihre Bilder widmen sich den Gef\u00fchlen,  Eindr\u00fccken und Empfindungen, die man beim Erkunden neuer Orte versp\u00fcrt. \u201eUnterwegs zu sein ist das Motto meiner letzten Jahre, in denen ich viel gereist bin. Mit meiner neuen Malerei habe ich versucht, diese Stimmungen und Schwingungen, die Hitze, K\u00e4lte, \u00dcppigkeit  und Luftigkeit auf der Leinwand festzuhalten\u201c, erkl\u00e4rt Annette L\u00f6ser. Jochen Bohle, ein langj\u00e4hriger Freund der K\u00fcnstlerin, fasste in seiner Laudatio das Thema der Ausstellung mit einem afrikanischen Sprichwort zusammen: \u201eWage Dein Leben und verlasse Dein  Haus.\u201c\u200b \u200b <\/p>\n\n\n\n<p><strong>Zweite Ausstellung von Annette L\u00f6ser bei der Vereinigten VR Bank Kur- und Rheinpfalz\u200b<\/strong> <\/p>\n\n\n\n<p>Die Bilder von Annette L\u00f6ser sind w\u00e4hrend der \u00d6ffnungszeiten der Hauptstelle der Vereinigten VR Bank Kur- und Rheinpfalz in Speyer (Bahnhofstr. 19) bis zum 6. M\u00e4rz 2020 zu sehen. Nach ihrer Ausstellung \u201eHafenliebe\u201c aus dem Jahr 2016 stellt Annette L\u00f6ser  bereits zum zweiten Mal in den R\u00e4umen der Vereinigten VR Bank Kur- und Rheinpfalz aus. \u201eWir freuen uns, dass wir den Besuchern unserer Hauptstelle erneut Bilder von Annette L\u00f6ser pr\u00e4sentieren k\u00f6nnen\u201c, erkl\u00e4rte Philip Wagner, Leiter der Firmenkundenbank der  Vereinigten VR Bank Kur- und Rheinpfalz bei der Er\u00f6ffnung der Ausstellung. \u201eUnd nicht zuletzt passt das Thema \u201aUnterwegs\u2018 auch sehr gut zu unserer Aufbruchstimmung nach der Fusion der Volksbank Kur- und Rheinpfalz und der RV Bank Rhein-Haardt zur Vereinigten  VR Bank Kur- und Rheinpfalz im vergangenen Jahr.\u201c<\/p>\n\n\n\n<p><em>Vereinigte VR Bank Kur- und Rheinpfalz eG\u200b<br>30.01.2020\u200b<\/em><\/p>\n","protected":false},"excerpt":{"rendered":"<div class=\"mh-excerpt\"><p>Thermen &amp; Badewelt Sinsheim Stimmungsvolles Showprogramm unter Palmen Textilfreie Thermennacht in der Thermen &amp; Badewelt Sinsheim Sinsheim \/ Thermen &amp; Badewelt &#8211; Stilvolle Rockabilly-Musik, eine romantische Feuer-Show und atemberaubende Artistik in luftigen H\u00f6hen \u2013 die <a class=\"mh-excerpt-more\" href=\"https:\/\/speyer24news.com\/?p=24901\" title=\"Wirtschaft &#038; Finanzen\">[&#8230;]<\/a><\/p>\n<\/div>","protected":false},"author":3,"featured_media":0,"comment_status":"open","ping_status":"open","sticky":false,"template":"","format":"standard","meta":{"_monsterinsights_skip_tracking":false,"_monsterinsights_sitenote_active":false,"_monsterinsights_sitenote_note":"","_monsterinsights_sitenote_category":0,"footnotes":""},"categories":[29],"tags":[5711,5713,5710,5612,551,1088,5707,5708,5709,5705,5613,5712,1087,4698],"aioseo_notices":[],"amp_enabled":true,"_links":{"self":[{"href":"https:\/\/speyer24news.com\/index.php?rest_route=\/wp\/v2\/posts\/24901"}],"collection":[{"href":"https:\/\/speyer24news.com\/index.php?rest_route=\/wp\/v2\/posts"}],"about":[{"href":"https:\/\/speyer24news.com\/index.php?rest_route=\/wp\/v2\/types\/post"}],"author":[{"embeddable":true,"href":"https:\/\/speyer24news.com\/index.php?rest_route=\/wp\/v2\/users\/3"}],"replies":[{"embeddable":true,"href":"https:\/\/speyer24news.com\/index.php?rest_route=%2Fwp%2Fv2%2Fcomments&post=24901"}],"version-history":[{"count":3,"href":"https:\/\/speyer24news.com\/index.php?rest_route=\/wp\/v2\/posts\/24901\/revisions"}],"predecessor-version":[{"id":24911,"href":"https:\/\/speyer24news.com\/index.php?rest_route=\/wp\/v2\/posts\/24901\/revisions\/24911"}],"wp:attachment":[{"href":"https:\/\/speyer24news.com\/index.php?rest_route=%2Fwp%2Fv2%2Fmedia&parent=24901"}],"wp:term":[{"taxonomy":"category","embeddable":true,"href":"https:\/\/speyer24news.com\/index.php?rest_route=%2Fwp%2Fv2%2Fcategories&post=24901"},{"taxonomy":"post_tag","embeddable":true,"href":"https:\/\/speyer24news.com\/index.php?rest_route=%2Fwp%2Fv2%2Ftags&post=24901"}],"curies":[{"name":"wp","href":"https:\/\/api.w.org\/{rel}","templated":true}]}}