{"id":25004,"date":"2020-02-03T13:38:01","date_gmt":"2020-02-03T12:38:01","guid":{"rendered":"https:\/\/speyer24news.com\/?p=25004"},"modified":"2020-02-03T13:38:02","modified_gmt":"2020-02-03T12:38:02","slug":"wilhelm-hack-museum-ludwigshafen-2","status":"publish","type":"post","link":"https:\/\/speyer24news.com\/?p=25004","title":{"rendered":"Wilhelm-Hack-Museum Ludwigshafen"},"content":{"rendered":"<style type=\"text\/css\">\r\n\t.ads_top_disp{}\r\n\t.ads_top_corner_disp{ float:left; margin:0px 10px 10px 0px; }\r\n\t.ads_first_p_disp{}\r\n\t.ads_bottom_disp{}\r\n\t<\/style>\n<figure class=\"wp-block-image\"><img decoding=\"async\" loading=\"lazy\" width=\"600\" height=\"457\" src=\"https:\/\/speyer24news.com\/wp-content\/uploads\/2020\/01\/Darf-ich-dir-meine-Sammlung-zeigen-WHM.jpg\" alt=\"\" class=\"wp-image-24706\" srcset=\"https:\/\/speyer24news.com\/wp-content\/uploads\/2020\/01\/Darf-ich-dir-meine-Sammlung-zeigen-WHM.jpg 600w, https:\/\/speyer24news.com\/wp-content\/uploads\/2020\/01\/Darf-ich-dir-meine-Sammlung-zeigen-WHM-300x229.jpg 300w, https:\/\/speyer24news.com\/wp-content\/uploads\/2020\/01\/Darf-ich-dir-meine-Sammlung-zeigen-WHM-80x60.jpg 80w\" sizes=\"(max-width: 600px) 100vw, 600px\" \/><\/figure>\n\n\n\n<h2 class=\"wp-block-heading\"><strong>Arne Schmitt \u2013 <em>R\u00e4son<\/em><\/strong><\/h2>\n\n\n\n<h3 class=\"wp-block-heading\">Vom <strong>15. Februar bis 19. April 2020<\/strong><\/h3>\n\n\n\n<h4 class=\"wp-block-heading\"><strong>Er\u00f6ffnung: Freitag, 14. Februar 2020, 18 Uhr<\/strong><\/h4>\n\n\n\n<h4 class=\"wp-block-heading\"><strong>Rudolf-Scharpf-Galerie, Hemshofstra\u00dfe 54.<\/strong><\/h4>\n\n\n\n<div class=\"wp-block-image\"><figure class=\"alignleft is-resized\"><img decoding=\"async\" loading=\"lazy\" src=\"https:\/\/speyer24news.com\/wp-content\/uploads\/2020\/02\/Aren-Schmitt-WHM.png\" alt=\"\" class=\"wp-image-25005\" width=\"287\" height=\"557\" srcset=\"https:\/\/speyer24news.com\/wp-content\/uploads\/2020\/02\/Aren-Schmitt-WHM.png 350w, https:\/\/speyer24news.com\/wp-content\/uploads\/2020\/02\/Aren-Schmitt-WHM-155x300.png 155w\" sizes=\"(max-width: 287px) 100vw, 287px\" \/><\/figure><\/div>\n\n\n\n<p>Arne Schmitt untersucht in seinen\nArbeiten Architektur und St\u00e4dtebau unter historischen und gesellschaftlichen\nGesichtspunkten. Ausgangspunkt seiner <em>R\u00e4son <\/em>betitelten Ausstellung sind\nzwei Videoarbeiten, die sich mit der Geschichte und Gegenwart Ludwigshafens\nbesch\u00e4ftigen, wie etwa <em>Stadt-Gegenstadt<\/em>\n(2018), eine Gegen\u00fcberstellung von Mannheim und Ludwigshafen, basierend auf\neinem Text von Ernst Bloch. Demgegen\u00fcber pr\u00e4sentiert Schmitt seine j\u00fcngste\nArbeit, <em>Zeichen der Zeit. Zur Geschichte eines geschichtslosen<\/em> <em>Gebiets\ngenannt Parkstadt Schwabing<\/em>: ein Portr\u00e4t eines in den 1990er-Jahren\ngeplanten B\u00fcro- und Dienstleistungsviertels im Norden M\u00fcnchens, das der\nK\u00fcnstler anhand von Archivfotografien und Zitaten sowie \u00fcber eigene,\nzeichenhaft zugespitzte Fotografien formuliert.<\/p>\n\n\n\n<p><strong>Arne Schmitt<\/strong> (geboren 1984 in Mayen, lebt in K\u00f6ln) studierte Fotografie in Leipzig und Br\u00fcssel. 2016 war er Karl Schmidt-Rottluff-Stipendiat. 2018 gewann er den Kunstpreis der B\u00f6ttcherstra\u00dfe.  <\/p>\n\n\n\n<p>Zur Ausstellung erscheint ein Buch bei Spector Books.<\/p>\n\n\n\n<p><strong>Kurator:<\/strong> &nbsp;&nbsp;&nbsp;&nbsp;&nbsp;&nbsp;&nbsp;&nbsp;&nbsp;&nbsp;&nbsp;&nbsp;&nbsp;&nbsp;&nbsp;&nbsp;&nbsp;&nbsp;&nbsp;&nbsp;&nbsp;&nbsp;&nbsp;&nbsp;&nbsp;&nbsp;&nbsp;&nbsp;&nbsp;Dr. Astrid Ihle<\/p>\n\n\n\n<p><strong>Er\u00f6ffnung: &nbsp;&nbsp;&nbsp;&nbsp;&nbsp;&nbsp;&nbsp;&nbsp;&nbsp;&nbsp;&nbsp;&nbsp;&nbsp;&nbsp;&nbsp;&nbsp;&nbsp;&nbsp;&nbsp;&nbsp;&nbsp;&nbsp;&nbsp;&nbsp;&nbsp;<\/strong>Freitag, 14. Februar 2020, 18 Uhr<strong>, <\/strong><\/p>\n\n\n\n<p>&nbsp;&nbsp;&nbsp;&nbsp;&nbsp;&nbsp;&nbsp;\n&nbsp;&nbsp;&nbsp;&nbsp;&nbsp;&nbsp;&nbsp;&nbsp;&nbsp;&nbsp;&nbsp;&nbsp;&nbsp;&nbsp;&nbsp;&nbsp;&nbsp;&nbsp;&nbsp;&nbsp;&nbsp;&nbsp;&nbsp;&nbsp;&nbsp;&nbsp;&nbsp;&nbsp;&nbsp;&nbsp;&nbsp;&nbsp;&nbsp;&nbsp;&nbsp;&nbsp;&nbsp;&nbsp; Rudolf-Scharpf-Galerie,\nHemshofstra\u00dfe 54<\/p>\n\n\n\n<p><strong>Begr\u00fc\u00dfung:<\/strong> &nbsp;&nbsp;&nbsp;&nbsp;&nbsp;&nbsp;&nbsp;&nbsp;&nbsp;&nbsp;&nbsp;&nbsp;&nbsp;&nbsp;&nbsp;&nbsp;&nbsp;&nbsp;&nbsp;&nbsp;&nbsp;&nbsp;&nbsp;&nbsp;Ren\u00e9 Zechlin, Direktor<\/p>\n\n\n\n<p><strong>Einf\u00fchrung:<\/strong> &nbsp; &nbsp;&nbsp;&nbsp;&nbsp;&nbsp;&nbsp;&nbsp;&nbsp;&nbsp;&nbsp;&nbsp;&nbsp;&nbsp;&nbsp;&nbsp;&nbsp;&nbsp;&nbsp;&nbsp;&nbsp;&nbsp;Dr. Astrid Ihle&nbsp; <\/p>\n\n\n\n<p><strong>K\u00fcnstlerf\u00fchrung und &nbsp;&nbsp;&nbsp;&nbsp;&nbsp;<\/strong>Arne Schmitt im Gespr\u00e4ch mit Dr. Astrid Ihle<\/p>\n\n\n\n<p><strong>Buchvorstellung: &nbsp;&nbsp;&nbsp;&nbsp; &nbsp;&nbsp;&nbsp;&nbsp;&nbsp;&nbsp;&nbsp; &nbsp;<\/strong>Sonntag, 22. M\u00e4rz 2020, 16 Uhr <\/p>\n\n\n\n<p><strong>F\u00fchrung:<\/strong>                              Samstag, 18. April 2020 \u2013 Im Rahmen der Langen Nacht der Fotografie<\/p>\n\n\n\n<p><strong>\u00d6ffnungszeiten:                  <\/strong>Do bis So &amp; Feiertage 13 \u2013 18 Uhr<\/p>\n\n\n\n<p>                                                 Mo bis Mi geschlossen<br><strong>Eintritt:  <\/strong>                               frei<\/p>\n\n\n\n<p><em>Wilhelm-Hack-Museum \/ Rudolf-Scharpf-Galerie<br>03.02.2020<\/em><\/p>\n\n\n\n<h2 class=\"wp-block-heading\"><strong>Sonntagsmatineen\nim Wilhelm-Hack-Museum<\/strong><\/h2>\n\n\n\n<p>Alle zwei Wochen sonntags veranstaltet die Pf\u00e4lzische Musikgesellschaft Konzertmatineen im Wilhelm-Hack-Museum. Von Klavier \u00fcber Jazz bis hin zur Kammermusik gibt es ein vielf\u00e4ltiges Programm. <\/p>\n\n\n\n<p>Am <strong>Sonntag, 16. Februar 2020<\/strong>, 11 Uhr, spielt die Kammerphilharmonie Mannheim unter der Leitung von Caroline Huppert, Samuel Huhn und Benedikt Schwarz (Studierende der Hochschule f\u00fcr Kirchenmusik Heidelberg) Werke von Mozart, Mendelssohn, Puccini und Britten.<\/p>\n\n\n\n<p>Der Eintritt zu dem Konzert kostet 7 Euro, erm\u00e4\u00dfigt 5 Euro.<\/p>\n\n\n\n<p><em>Wilhelm-Hack-Museum<\/em><br><em>03.02.2020<\/em><\/p>\n\n\n\n<h2 class=\"wp-block-heading\"><strong>&#8222;<\/strong><strong>Klecksstrolche<\/strong><strong>&#8222;<\/strong><strong>: Kurs im Wilhelm-Hack-Museum<\/strong><\/h2>\n\n\n\n<p>Tanzende Linien, kunterbunte Farbwelten, fesselnde Kunstgeschichten und noch vieles mehr k\u00f6nnen die j\u00fcngsten G\u00e4ste zwischen vier und sechs Jahren beim Kurs &#8222;Klecksstrolche&#8220; im Wilhelm-Hack-Museum erleben. Der n\u00e4chste Kurs unter der Leitung von Selina Sutera<strong> startet am 5. Februar<\/strong> 2020, 16 bis 17 Uhr. Ein Kurs umfasst f\u00fcnf Termine, jeweils mittwochnachmittags. Die Folgetermine sind am 12. und 26. Februar sowie am 4. und 11. M\u00e4rz. Eine Anmeldung unter E-Mail <a href=\"mailto:hackmuseum@ludwigshafen.de\">hackmuseum@ludwigshafen.de<\/a> oder Telefon 0621 504-3045\/-3411 ist erforderlich. Die Kosten f\u00fcr den Kurs belaufen sich auf 235 Euro inklusive Eintritt und Material. <\/p>\n\n\n\n<p><em>Wilhelm-Hack-Museum<br>03.02.2020<\/em><\/p>\n","protected":false},"excerpt":{"rendered":"<div class=\"mh-excerpt\"><p>Arne Schmitt \u2013 R\u00e4son Vom 15. Februar bis 19. April 2020 Er\u00f6ffnung: Freitag, 14. Februar 2020, 18 Uhr Rudolf-Scharpf-Galerie, Hemshofstra\u00dfe 54. Arne Schmitt untersucht in seinen Arbeiten Architektur und St\u00e4dtebau unter historischen und gesellschaftlichen Gesichtspunkten. <a class=\"mh-excerpt-more\" href=\"https:\/\/speyer24news.com\/?p=25004\" title=\"Wilhelm-Hack-Museum Ludwigshafen\">[&#8230;]<\/a><\/p>\n<\/div>","protected":false},"author":3,"featured_media":24702,"comment_status":"open","ping_status":"open","sticky":false,"template":"","format":"standard","meta":{"_monsterinsights_skip_tracking":false,"_monsterinsights_sitenote_active":false,"_monsterinsights_sitenote_note":"","_monsterinsights_sitenote_category":0,"footnotes":""},"categories":[14],"tags":[5810,5811,5813,577,5594,5808,5809,5812,2118,5593],"aioseo_notices":[],"amp_enabled":true,"_links":{"self":[{"href":"https:\/\/speyer24news.com\/index.php?rest_route=\/wp\/v2\/posts\/25004"}],"collection":[{"href":"https:\/\/speyer24news.com\/index.php?rest_route=\/wp\/v2\/posts"}],"about":[{"href":"https:\/\/speyer24news.com\/index.php?rest_route=\/wp\/v2\/types\/post"}],"author":[{"embeddable":true,"href":"https:\/\/speyer24news.com\/index.php?rest_route=\/wp\/v2\/users\/3"}],"replies":[{"embeddable":true,"href":"https:\/\/speyer24news.com\/index.php?rest_route=%2Fwp%2Fv2%2Fcomments&post=25004"}],"version-history":[{"count":2,"href":"https:\/\/speyer24news.com\/index.php?rest_route=\/wp\/v2\/posts\/25004\/revisions"}],"predecessor-version":[{"id":25050,"href":"https:\/\/speyer24news.com\/index.php?rest_route=\/wp\/v2\/posts\/25004\/revisions\/25050"}],"wp:featuredmedia":[{"embeddable":true,"href":"https:\/\/speyer24news.com\/index.php?rest_route=\/wp\/v2\/media\/24702"}],"wp:attachment":[{"href":"https:\/\/speyer24news.com\/index.php?rest_route=%2Fwp%2Fv2%2Fmedia&parent=25004"}],"wp:term":[{"taxonomy":"category","embeddable":true,"href":"https:\/\/speyer24news.com\/index.php?rest_route=%2Fwp%2Fv2%2Fcategories&post=25004"},{"taxonomy":"post_tag","embeddable":true,"href":"https:\/\/speyer24news.com\/index.php?rest_route=%2Fwp%2Fv2%2Ftags&post=25004"}],"curies":[{"name":"wp","href":"https:\/\/api.w.org\/{rel}","templated":true}]}}