{"id":25013,"date":"2020-02-03T13:51:31","date_gmt":"2020-02-03T12:51:31","guid":{"rendered":"https:\/\/speyer24news.com\/?p=25013"},"modified":"2020-02-03T13:51:52","modified_gmt":"2020-02-03T12:51:52","slug":"worms-2","status":"publish","type":"post","link":"https:\/\/speyer24news.com\/?p=25013","title":{"rendered":"Worms"},"content":{"rendered":"<style type=\"text\/css\">\r\n\t.ads_top_disp{}\r\n\t.ads_top_corner_disp{ float:left; margin:0px 10px 10px 0px; }\r\n\t.ads_first_p_disp{}\r\n\t.ads_bottom_disp{}\r\n\t<\/style>\n<h2 class=\"wp-block-heading\"><strong>Wappen-Malwettbewerb von \u201emuseum live\u201c <\/strong><\/h2>\n\n\n\n<h3 class=\"wp-block-heading\">Kooperation\nmit Spectaculum Worms f\u00fcr Kinder von acht bis elf Jahren\/kostenlose\nWappen-Workshops buchbar <\/h3>\n\n\n\n<p><strong>Im\nFebruar ist wieder Kreativit\u00e4t gefragt: Kleine Mittelalterfans sind von \u201emuseum\nlive\u201c und dem Spectaculum Worms dazu aufgerufen, im Rahmen eines Malwettbewerbs\ndas sch\u00f6nste Wappen zu gestalten. Der Gewinner darf sich auf eine spannende\nLager-F\u00fchrung mit exklusiven Einblicken auf dem Wormser Spectaculum freuen. Auch\nauf die Pl\u00e4tze zwei bis zehn warten tolle Preise. Mitmachen k\u00f6nnen Kinder\nzwischen acht und elf Jahren (Klassenstufen drei bis f\u00fcnf). Alle wichtigen\nInformationen und Unterlagen, darunter eine Malvorlage sowie eine kurze\nWappenkunde gibt es unter <a href=\"http:\/\/www.nibelungenmuseum.de\">www.nibelungenmuseum.de<\/a>.\nIm Rahmen des Malwettbewerbs bietet \u201emuseum live\u201c, das museumsp\u00e4dagogische\nAngebot der Wormser Museen, f\u00fcr Schulklassen sowie weitere interessierte\nGruppen kostenlose Wappenkunde-Workshops an. Anmelden und informieren kann man\nsich unter <a href=\"mailto:museumsvermittlung@worms.de\">museumsvermittlung@worms.de<\/a>\nsowie 06241-853-4120. Die Wappen und die Einverst\u00e4ndniserkl\u00e4rungen m\u00fcssen bis\nzum 29. Februar im Nibelungenmuseum (Fischerpf\u00f6rtchen 10, 67547 Worms)\nabgegeben werden.<\/strong><\/p>\n\n\n\n<p>\u201eBereits zum dritten Mal veranstalten\nwir den Wappen-Malwettbewerb\u201c, so Isabell Sch\u00e4rf-Miehe vom Nibelungenmuseum,\ndie f\u00fcr die Organisation des Wettbewerbs zust\u00e4ndig ist: \u201eWir freuen uns auch in\ndiesem Jahr wieder auf die zahlreichen kreativen Einsendungen der Teilnehmer.\u201c<\/p>\n\n\n\n<p>Beim Gestalten eines Wappens gibt es\njedoch eine Regel zu beachten: Mithilfe der vom Nibelungenmuseum zur Verf\u00fcgung\ngestellten Malvorlage soll das Wappen in nur zwei Farben gestaltet werden. Zur\nWahl stehen Gelb beziehungsweise Gold, Rot, Gr\u00fcn, Blau, Schwarz und Wei\u00df beziehungsweise\nSilber. \u201eOft verweisen die Motive auf den Familiennamen, zeigen Blumen, Tiere oder\nFabelwesen\u201c, erkl\u00e4rt Sch\u00e4rf-Miehe. <\/p>\n\n\n\n<h4 class=\"wp-block-heading\"><strong>Mitmachen\nlohnt sich <\/strong><\/h4>\n\n\n\n<p>Der erste Gewinner erh\u00e4lt auf dem diesj\u00e4hrigen\nSpectaculum (22. bis 24. Mai) nicht nur freien Eintritt f\u00fcr sich und seine\nFamilie, er bekommt bei einer exklusiven Lager-F\u00fchrung auch spannende Einblicke\nin die Zeit des Mittelalters. Der zweite Platz bekommt zum freien Eintritt auf\ndas Spektaculum ebenfalls f\u00fcr sich und seine Familie noch einen Sanddrachen geschenkt.\nDer dritte Platz darf sich auch auf freien Eintritt zum Spectaculum f\u00fcr sich f\u00fcr\nsich und seine Familie freuen. F\u00fcr die Viert- bis Zehntplatzierten gibt es wahlweise\neine Drachen-Traumkugel oder das Buch \u201eSiegfried von Xanten\u201c. Eine Auszahlung\nder Gewinne ist nicht m\u00f6glich. Die Gewinner werden im M\u00e4rz von einer Jury\nbestehend aus Mitarbeitern des Nibelungenmuseums und Vertretern des Spectaculums\nausgew\u00e4hlt. Wer gewonnen hat, erf\u00e4hrt man auf <a href=\"http:\/\/www.nibelungenmuseum.de\">www.nibelungenmuseum.de<\/a> sowie \u00fcber\ndie Presse.<\/p>\n\n\n\n<h4 class=\"wp-block-heading\"><strong>Kostenlose\nWappenkunde-Workshops <\/strong><\/h4>\n\n\n\n<p>Dritte bis f\u00fcnfte Schulklassen sowie interessierte Kindergruppen k\u00f6nnen in kostenlosen Kreativ-Workshops spielerisch Wissenswertes \u00fcber Wappen lernen und mit ihren Entw\u00fcrfen beim Wettbewerb mitmachen. Die Workshop-Teilnehmer lernen, wie Wappen fr\u00fcher gestaltet wurden, wie man sie lesen kann und wer ein solches mit sich f\u00fchren durfte. Die Workshops finden entweder im Nibelungenmuseum oder an den Schulen statt. Sie k\u00f6nnen ab sofort bis Ende Februar unter <a href=\"mailto:museumsvermittlung@worms.de\">museumsvermittlung@worms.de<\/a> oder 06241-853-4120 gebucht werden. F\u00fcr alle, die ihr Wissen zum Thema Wappen sowie deren besonderer Bedeutung und Gestaltung ohne einen Workshop erweitern m\u00f6chten, hat das Nibelungenmuseum auf seiner Homepage Informationen zur Wappenkunde, der Heraldik, zusammengestellt.<\/p>\n\n\n\n<p><em>Kultur und Veranstaltungs GmbH Worms<br>03.02.2020<\/em><\/p>\n\n\n\n<h2 class=\"wp-block-heading\">&#8222;<strong>Starke Frauen\u201c gehen in eine neue Runde<\/strong><\/h2>\n\n\n\n<h3 class=\"wp-block-heading\">Veranstaltungsreihe des Worms Verlags\nim Fr\u00fchjahr mit Lesungen in der Stadtbibliothek Worms<\/h3>\n\n\n\n<p><strong>F\u00fcnf Frauen lesen vier B\u00fccher an vier Abenden und alle haben sie eins gemeinsam: Die starke und selbstbestimmte Frau steht im Vordergrund. Los geht es mit der sechsten Auflage von \u201eStarke Frauen\u201c am Montag, 9. M\u00e4rz, mit Almut Ilsen und Bettina Rathenow. Sie halten eine lebendige R\u00fcckschau auf gemeinsame Aktivit\u00e4ten und pers\u00f6nliche Schl\u00fcsselerlebnisse der \u201eFrauen f\u00fcr den Frieden\u201c. Juliane Streich gibt am Donnerstag, 16. April, vielseitige Einblicke in die feministische Musikgeschichte. Am Dienstag, 19. Mai, stellt Ulrike Helmer den Roman \u201eAufzeichnungen eines Krokodils\u201c vor, welcher den Aufbruch der chinesischen Jugend f\u00fcr sexuelle Freiheit beschreibt. Als vierte \u201estarke Frau\u201c berichtet Antje Schrupp am Donnerstag, 18. Juni, von der \u201enat\u00fcrlichsten Sache der Welt\u201c, dem \u201eSchwangerwerdenk\u00f6nnen\u201c. Die Veranstaltungen finden jeweils um 19 Uhr in der Stadtbibliothek Worms statt. Der Eintritt zu den Lesungen betr\u00e4gt acht Euro. Weitere Informationen zu den einzelnen Veranstaltungen gibt es unter <a href=\"http:\/\/www.worms.de\">www.worms.de<\/a>.<\/strong><\/p>\n\n\n\n<div class=\"wp-block-image\"><figure class=\"aligncenter\"><img decoding=\"async\" loading=\"lazy\" width=\"500\" height=\"966\" src=\"https:\/\/speyer24news.com\/wp-content\/uploads\/2020\/02\/Cover_Flyer_Fr\u00fchjahr.jpg\" alt=\"\" class=\"wp-image-25016\" srcset=\"https:\/\/speyer24news.com\/wp-content\/uploads\/2020\/02\/Cover_Flyer_Fr\u00fchjahr.jpg 500w, https:\/\/speyer24news.com\/wp-content\/uploads\/2020\/02\/Cover_Flyer_Fr\u00fchjahr-155x300.jpg 155w\" sizes=\"(max-width: 500px) 100vw, 500px\" \/><\/figure><\/div>\n\n\n\n<p>Sieben Frauen formulierten eine Eingabe\ngegen die allgemeine Wehrpflicht f\u00fcr Frauen, welche weitere zirka 130 Frauen\naus Berlin und Halle unterschrieben. Im Oktober 1982 schickten sie diese an\nStaatschef Erich Honecker. Die Aktion gilt als Gr\u00fcndungsakt der \u201eFrauen f\u00fcr den\nFrieden\u201c. Almut Ilsen und Bettina Rathenow waren zwei von ihnen und berichten\nam Montag, 9. M\u00e4rz, um 19 Uhr in der Stadtbibliothek Worms von ihrem Leben.<\/p>\n\n\n\n<p>Juliane Streich liest am Donnerstag, 16.\nApril, um 19 Uhr eine Auswahl aus \u00fcber 100 lehrreichen, kurzweiligen und\npers\u00f6nlichen Texten von verschiedenen Akteuren der Musikbranche aus ihrem Buch\n\u201eThese Girls\u201c.<\/p>\n\n\n\n<p>Am Dienstag, 19. Mai, um 19 Uhr\npr\u00e4sentiert Ulrike Helmer das Kultbuch queerer Literatur: \u201eAufzeichnungen eines\nKrokodils\u201c von Qiu Miaojin, welches von der Ablehnung anderer Sexualit\u00e4ten und\nvom Ringen selbst bei denen, die sie leben oder leben wollen, erz\u00e4hlt. Mit\ndieser Veranstaltung beteiligt sich der Worms Verlag zum dritten Mal\nam Internationalen Tag gegen Homophobie, Transphobie, Biphobie und Interphobie.<\/p>\n\n\n\n<p>Antje\nSchrupp kl\u00e4rt am Donnerstag, 18. Juni, um 19 Uhr, auf. Sie liest aus ihrem Buch\n\u201eSchwangerwerdenk\u00f6nnen\u201c und beantwortet dabei Fragen wie von wem ein Kind\nausgetragen wird oder was eine Mutter und was ein Vater ist oder welches\nGeschlecht sie haben.<\/p>\n\n\n\n<h4 class=\"wp-block-heading\"><strong>Service<\/strong><\/h4>\n\n\n\n<p>Alle Veranstaltungen finden in der\nStadtbibliothek Worms statt und beginnen um 19 Uhr. Der Eintritt kostet jeweils\nacht Euro, Karten gibt es nur an der Abendkasse. Die Reihe \u201eStarke Frauen\u201c\nwurde vom Worms Verlag erstmals im Herbst 2017 ins Leben gerufen. Nach dem\nerfolgreichen Auftakt geht die Veranstaltungsreihe nun in die sechste Runde.<\/p>\n\n\n\n<h4 class=\"wp-block-heading\"><strong>Der Worms Verlag<\/strong><\/h4>\n\n\n\n<p>Seit der 2003 von Kulturkoordinator Volker Gall\u00e9 initiierten Gr\u00fcndung publiziert der Worms Verlag Literatur zu den Nibelungen, zu regionalen und j\u00fcdischen Themen, aber auch Kunst. Die Bandbreite reicht dabei von Fachliteratur bis hin zu Kinderb\u00fcchern. Innerhalb des st\u00e4dtischen Netzwerks realisiert der Verlag Publikationen zu vielf\u00e4ltigen Anl\u00e4ssen und Veranstaltungen. Das Vertriebsnetz hat seinen Schwerpunkt zwar in der Region, erreicht aber \u00fcber das Internet und das Buchhandelsnetz Kunden in ganz Deutschland sowie der Schweiz und \u00d6sterreich. Alle Titel des Worms Verlags sind auch im Buchhandel erh\u00e4ltlich. Weitere Informationen und den Online-Shop findet man unter <a href=\"http:\/\/www.worms-verlag.de\">www.worms-verlag.de<\/a><\/p>\n\n\n\n<p><em>Kultur und Veranstaltungs GmbH Worms<br>03.02.2020<\/em><\/p>\n\n\n\n<h2 class=\"wp-block-heading\"><strong>Worms gedenkt den Bombenangriffen<\/strong><\/h2>\n\n\n\n<div class=\"wp-block-image\"><figure class=\"aligncenter\"><img decoding=\"async\" loading=\"lazy\" width=\"500\" height=\"704\" src=\"https:\/\/speyer24news.com\/wp-content\/uploads\/2020\/02\/Bombennacht-Worms.png\" alt=\"\" class=\"wp-image-25014\" srcset=\"https:\/\/speyer24news.com\/wp-content\/uploads\/2020\/02\/Bombennacht-Worms.png 500w, https:\/\/speyer24news.com\/wp-content\/uploads\/2020\/02\/Bombennacht-Worms-213x300.png 213w\" sizes=\"(max-width: 500px) 100vw, 500px\" \/><\/figure><\/div>\n\n\n\n<p>Sie j\u00e4hren sich 2020 zum\n75. Mal: die beiden Bombenangriffe des 21. Februar und 18. M\u00e4rz 1945. Grund f\u00fcr\ndie Stadt Worms, diesen historischen Ereignissen angemessen zu gedenken. <\/p>\n\n\n\n<p>Aus diesem Anla\u00df wird das Ensemble der \u201eMatineen im Heylshof\u201c am <strong>Sonntag, 23. Februar<\/strong>, jeweils um 11 und 17 Uhr im Theaterfoyer des WORMSERs ihr Programm \u201eBombennacht \u2013 Es brennt die Stadt am Strom\u201c auff\u00fchren.<\/p>\n\n\n\n<p>\u201eIch besuche schon seit\nlangem die \u201eMatineen im Heylshof\u201c und bin jedes Mal von der professionellen\nPr\u00e4sentation begeistert. Mit ihrer Mischung aus historischen Texten, bewegenden\nGedichten und ergreifender Musik sind sie mittlerweile und v\u00f6llig zu Recht zu\neinem festen Bestandteil des Wormser Kulturlebens geworden. Dr. J\u00f6rg Koch und\nKarl-Heinz Deichelmann sprachen mich vor einiger Zeit darauf an, die Stadt bei\nder Ausgestaltung unserer Gedenkfeierlichkeiten mit einer ihrer Auff\u00fchrungen zu\nunterst\u00fctzen. Dieses Angebot habe ich nat\u00fcrlich sehr gerne angenommen\u201c,\nbeschreibt Oberb\u00fcrgermeister Adolf Kessel, wie es zu der Idee kam, das Ensemble\num Karl-Heinz Deichelmann in das st\u00e4dtische Erinnern einzubinden. <\/p>\n\n\n\n<p>Kurz vor Ende des Zweiten\nWeltkriegs wurde Worms das Ziel alliierter Kampfbomber. Das Ergebnis war\nverheerend: 380 Zivilisten verloren bei diesen beiden Angriffen ihr Leben, die\nStadt verlor ihr jahrhundertealtes Gesicht. Am Ende des Krieges waren es mehr\nals 700 Tote, etwa 8000 Wormser wurden obdachlos, 2200 Wohnh\u00e4user waren\nvollkommen zerst\u00f6rt, 1800 stark besch\u00e4digt. Die Ereignisse jener\nverh\u00e4ngnisvollen Tage wirken bis heute nach. <\/p>\n\n\n\n<div class=\"wp-block-image\"><figure class=\"aligncenter\"><img decoding=\"async\" loading=\"lazy\" width=\"800\" height=\"533\" src=\"https:\/\/speyer24news.com\/wp-content\/uploads\/2020\/02\/v.l.n.r.-Dr.-J\u00f6rg-Koch_Karl-Heinz-Deichelmann_Paul-Streich_Foto_Alexandra-Lainsbury_Versandgr-1.jpg\" alt=\"\" class=\"wp-image-25015\" srcset=\"https:\/\/speyer24news.com\/wp-content\/uploads\/2020\/02\/v.l.n.r.-Dr.-J\u00f6rg-Koch_Karl-Heinz-Deichelmann_Paul-Streich_Foto_Alexandra-Lainsbury_Versandgr-1.jpg 800w, https:\/\/speyer24news.com\/wp-content\/uploads\/2020\/02\/v.l.n.r.-Dr.-J\u00f6rg-Koch_Karl-Heinz-Deichelmann_Paul-Streich_Foto_Alexandra-Lainsbury_Versandgr-1-300x200.jpg 300w, https:\/\/speyer24news.com\/wp-content\/uploads\/2020\/02\/v.l.n.r.-Dr.-J\u00f6rg-Koch_Karl-Heinz-Deichelmann_Paul-Streich_Foto_Alexandra-Lainsbury_Versandgr-1-768x512.jpg 768w\" sizes=\"(max-width: 800px) 100vw, 800px\" \/><figcaption>v.l.: Dr. J\u00f6rg Koch, Karl-Heinz Deichelmann und Paul Streich (<em>Foto: Alexandra Lainsbury<\/em>)<\/figcaption><\/figure><\/div>\n\n\n\n<p>\u201eDie Bombenangriffe sind\ndie wohl schmerzhaftesten Einschnitte in der Geschichte unserer Stadt. Deshalb\nwar es klar, dass wir zu den Tagen des Februar und M\u00e4rz 1945 ein eigenes\nProgramm auf die Beine stellen\u201c, begr\u00fcndet Karl-Heinz Deichelmann, Initiator\nund Organisator der Veranstaltungsreihe, die Auswahl des Themas: \u201eMit unseren\nVeranstaltungen m\u00f6chten wir einen Beitrag zur Erinnerungskultur in unserer\nStadt leisten. Es w\u00fcrde uns deshalb sehr freuen, wenn m\u00f6glichst viele Zuschauer\nden Weg ins Theaterfoyer des WORMSERs finden. Die Stadt Worms hat es sich zum\nZiel gesetzt, m\u00f6glichst viele Zuschauer zu begr\u00fc\u00dfen. Deshalb hat es uns ganz\nbesonders gefreut, dass f\u00fcr den Besuch der Veranstaltung kein Eintritt verlangt\nwird.\u201c<\/p>\n\n\n\n<p>Die Gedenkveranstaltung\nfindet am Sonntag, 23. Februar, als Matinee um 11 Uhr und um 17 Uhr als\nNachmittagsveranstaltung im Theaterfoyer des WORMSERs statt. Der Eintritt ist\nfrei, allerdings sind Zugangskarten f\u00fcr den Einlass n\u00f6tig. Diese sind bei\nB\u00fccher Bessler, bei der Kunsthandlung Steuer und beim TicketService Worms im\nWORMSER erh\u00e4ltlich. Aufgrund der begrenzten Anzahl von Sitzpl\u00e4tzen und der freien Platzwahl ist es\nratsam, sich fr\u00fch Karten zu sichern und rechtzeitig zur Veranstaltung zu\nerscheinen.<\/p>\n\n\n\n<p>Die Zahl der Zeitzeugen jener Tage wird immer weniger. \u201eUmso wichtiger ist es, konkret daran zu erinnern, welches Leid der Krieg gebracht hat. Wir versuchen dies durch die Kombination von Gedichten und Musik. Die Gedichte sind oft sehr bewegend und entfalten durch das Wechselspiel mit der Musik eine ganz besondere Wirkung. Und durch die Schilderungen von Dr. J\u00f6rg Koch, der als Autor des Buches \u201eAls Worms unterging\u201c kenntnisreich von den Ereignissen in unserer Heimatstadt und den Erlebnissen der Zeitzeugen erz\u00e4hlt, bekommt die ganze Veranstaltung eine zus\u00e4tzliche N\u00e4he\u201c, gibt Deichelmann einen Vorgeschmack auf die Atmosph\u00e4re der Programms.  \u201eBei der Auswahl der Gedichte bin ich auf einen Text von Wolfgang Borchert gesto\u00dfen, ein heute etwas vergessener Dramatiker und Lyriker, der aber damals erfolgreich war wie kaum ein anderer, weil er mit seinen St\u00fccken und Gedichten den Ton seiner Zeit wie kein zweiter traf. Grund genug, eines seiner bekanntesten Gedichte zu rezitieren, das kurz vor seinem Tod entstand und wie ein Verm\u00e4chtnis wirkt, weil dessen zeitlose Sehnsucht nach Frieden in einen eindringlichen Appell gegen jede Form des Krieges m\u00fcndet: \u201eSag nein!\u201c <\/p>\n\n\n\n<p><em>Text: Kultur und Veranstaltungs GmbH Worms Foto: Alexandra Lainsbury<br>03.02.2020<\/em><\/p>\n","protected":false},"excerpt":{"rendered":"<div class=\"mh-excerpt\"><p>Wappen-Malwettbewerb von \u201emuseum live\u201c Kooperation mit Spectaculum Worms f\u00fcr Kinder von acht bis elf Jahren\/kostenlose Wappen-Workshops buchbar Im Februar ist wieder Kreativit\u00e4t gefragt: Kleine Mittelalterfans sind von \u201emuseum live\u201c und dem Spectaculum Worms dazu aufgerufen, <a class=\"mh-excerpt-more\" href=\"https:\/\/speyer24news.com\/?p=25013\" title=\"Worms\">[&#8230;]<\/a><\/p>\n<\/div>","protected":false},"author":3,"featured_media":24867,"comment_status":"open","ping_status":"open","sticky":false,"template":"","format":"standard","meta":{"_monsterinsights_skip_tracking":false,"_monsterinsights_sitenote_active":false,"_monsterinsights_sitenote_note":"","_monsterinsights_sitenote_category":0,"footnotes":""},"categories":[14,10],"tags":[5825,5826,5499,5496,5823,5824,5822,5821,2304],"aioseo_notices":[],"amp_enabled":true,"_links":{"self":[{"href":"https:\/\/speyer24news.com\/index.php?rest_route=\/wp\/v2\/posts\/25013"}],"collection":[{"href":"https:\/\/speyer24news.com\/index.php?rest_route=\/wp\/v2\/posts"}],"about":[{"href":"https:\/\/speyer24news.com\/index.php?rest_route=\/wp\/v2\/types\/post"}],"author":[{"embeddable":true,"href":"https:\/\/speyer24news.com\/index.php?rest_route=\/wp\/v2\/users\/3"}],"replies":[{"embeddable":true,"href":"https:\/\/speyer24news.com\/index.php?rest_route=%2Fwp%2Fv2%2Fcomments&post=25013"}],"version-history":[{"count":1,"href":"https:\/\/speyer24news.com\/index.php?rest_route=\/wp\/v2\/posts\/25013\/revisions"}],"predecessor-version":[{"id":25017,"href":"https:\/\/speyer24news.com\/index.php?rest_route=\/wp\/v2\/posts\/25013\/revisions\/25017"}],"wp:featuredmedia":[{"embeddable":true,"href":"https:\/\/speyer24news.com\/index.php?rest_route=\/wp\/v2\/media\/24867"}],"wp:attachment":[{"href":"https:\/\/speyer24news.com\/index.php?rest_route=%2Fwp%2Fv2%2Fmedia&parent=25013"}],"wp:term":[{"taxonomy":"category","embeddable":true,"href":"https:\/\/speyer24news.com\/index.php?rest_route=%2Fwp%2Fv2%2Fcategories&post=25013"},{"taxonomy":"post_tag","embeddable":true,"href":"https:\/\/speyer24news.com\/index.php?rest_route=%2Fwp%2Fv2%2Ftags&post=25013"}],"curies":[{"name":"wp","href":"https:\/\/api.w.org\/{rel}","templated":true}]}}