{"id":25085,"date":"2020-02-05T12:44:27","date_gmt":"2020-02-05T11:44:27","guid":{"rendered":"https:\/\/speyer24news.com\/?p=25085"},"modified":"2020-02-05T12:59:54","modified_gmt":"2020-02-05T11:59:54","slug":"polizei-191","status":"publish","type":"post","link":"https:\/\/speyer24news.com\/?p=25085","title":{"rendered":"Polizei"},"content":{"rendered":"<style type=\"text\/css\">\r\n\t.ads_top_disp{}\r\n\t.ads_top_corner_disp{ float:left; margin:0px 10px 10px 0px; }\r\n\t.ads_first_p_disp{}\r\n\t.ads_bottom_disp{}\r\n\t<\/style>\n<h2 class=\"wp-block-heading\">Polizeimeldungen vom Mittwoch (05.02.2020)<\/h2>\n\n\n\n<div class=\"wp-block-image\"><figure class=\"aligncenter\"><img decoding=\"async\" src=\"https:\/\/speyer24news.com\/wp-content\/uploads\/2020\/01\/Aktuelles-Polizeilogo.jpg\" alt=\"\" class=\"wp-image-23832\"\/><\/figure><\/div>\n\n\n\n<h4 class=\"wp-block-heading\">(Speyer) &#8211; Mit Schreckschusspistole in den Geburtstag &#8222;geknallt&#8220; \/ Strafanzeige wegen Versto\u00df gegen das Waffengesetz<\/h4>\n\n\n\n<p>Eine Strafanzeige wegen des Versto\u00dfes gegen das Waffengesetz und die Sicherstellung einer Schreckschusspistole waren das Ergebnis der Zusammenkunft mehrere Jugendlicher in der Friedrich- Ebert-Stra\u00dfe in der Nacht von Dienstag auf Mittwoch. Anrufer hatten die Polizei zun\u00e4chst \u00fcber laut Musik und Sch\u00fcsse aus dem Bereich Woogbach verst\u00e4ndigt. Dort konnte die Polizeibeamten eine 9-k\u00f6pfige Personengruppe Jugendlicher antreffen, die in den Geburtstag eines nun 19-j\u00e4hrigen Speyerers feierten. Im Rahmen der Feierlichkeiten kam es dabei zur Schussabgabe aus einer Schreckschusspistole, die im Rucksack des Geburtstagskinds aufgefunden werden konnte. Der 19-J\u00e4hrige r\u00e4umte gegen\u00fcber den Polizeibeamten die Schussabgabe ein. Im Besitz eines f\u00fcr das F\u00fchren der Schreckschusspistole erforderlichen kleinen Waffenscheins war er nicht. Gegen ihn wurde deshalb ein Strafverfahren eingeleitet und die Schreckschusswaffe sichergestellt. Abschlie\u00dfend wurde den Jugendlichen ein Platzverweis ausgesprochen. <\/p>\n\n\n\n<h4 class=\"wp-block-heading\">(Speyer) &#8211; Zwei Unf\u00e4lle mit leichtverletzten Radfahrern<\/h4>\n\n\n\n<p>Am Dienstagnachmittag ereigneten sich in Speyer gleich zwei Verkehrsunf\u00e4lle, bei denen jeweils ein Radfahrer leicht verletzt wurde. <\/p>\n\n\n\n<p>An der Kreuzung Johannesstra\u00dfe\/Gro\u00dfe Greifengasse \u00fcbersah ein 80-j\u00e4hriger BMW-Fahrer beim Einfahren in die Johannesstra\u00dfe einen von links kommenden bevorrechtigten 39-j\u00e4hrigen Radfahrer. Dieser kam durch den Zusammensto\u00df bei geringer Geschwindigkeit zu Fall und verletzte sich leicht am Bein. Eine \u00e4rztliche Versorgung des Radfahrers war nicht erforderlich. An Pkw und Fahrrad entstand ein Sachschaden in H\u00f6he von ca. 250EUR. <\/p>\n\n\n\n<p>Zu einem weiteren Unfall mit Radfahrerbeteiligung kam es in der Heinkelstra\u00dfe. Hier \u00fcbersah ein vom Gel\u00e4nde Technik Museum ausfahrender 19-j\u00e4hriger Mercedes-Fahrer eine 22-j\u00e4hrige Radfahrerin, die den dortigen Radweg in Richtung Industriestra\u00dfe befuhr. Es kam zu einem leichten Zusammensto\u00df, bei welchem die Radfahrerin st\u00fcrzte und sich leicht am Knie verletzte. Sie begab sich nach der Unfallaufnahme mit dem Rettungsdienst vorsorglich in ein umliegendes Krankenhaus. Der Gesamtschaden an den unfallbeteiligten Fahrzeugen lag hier bei ca. 600EUR. <\/p>\n\n\n\n<h4 class=\"wp-block-heading\">(Speyer) &#8211; R\u00e4uberischer Diebstahl \/ Fl\u00fcchtiger T\u00e4ter gestellt<\/h4>\n\n\n\n<p>Ein Strafverfahren wegen r\u00e4uberischem Diebstahl leitete die Polizei am Dienstagnachmittag gegen einen 31-J\u00e4hrigen aus Rauenberg ein. Dieser wurde zuvor durch den Ladendetektiv eines Supermarktes in der Iggelheimer Stra\u00dfe beim Diebstahl mehrerer Artikel beobachtet. Als der Detektiv ihn im Eingangsbereich ansprach, kam es zu einem Gerangel, bei welchem Beide zu Boden st\u00fcrzten. Hierbei verletzte sich der Detektiv leicht. Der Tatverd\u00e4chtige ergriff danach in einem Pkw die Flucht, der wenig sp\u00e4ter von einer Streife am Berliner Platz festgestellt wurde. Bei der Kontrolle des Tatverd\u00e4chtigen bestritt dieser die Tat. Die Durchsuchung seines Pkw als auch seiner Person f\u00fchrten nicht zum Auffinden von Diebesgut. Der Wert der entwendeten Waren ist derzeit noch nicht bekannt und Gegenstand der weiteren Ermittlungen. <\/p>\n\n\n\n<h4 class=\"wp-block-heading\">(Otterstadt) &#8211; Wohnwagen von Campingplatz gestohlen<\/h4>\n\n\n\n<p>Unbekannte T\u00e4ter entwendeten im Zeitraum 28.01 &#8211; 04.02.2020 vom Campingplatz an der Kollerstra\u00dfe in Otterstadt einen Wohnwagen der Marke Fendt im Wert von ca. 35.000EUR. Die Polizei sucht nun nach Zeugen, die Hinweise zu dem entwendeten Wohnwagen mit Mannheimer Kennzeichen bzw. den unbekannten T\u00e4tern geben k\u00f6nnen (Tel.-Nr. 06232-1370 oder per Mail an <a href=\"mailto:pispeyer@polizei.rlp.de\">pispeyer@polizei.rlp.de<\/a>). <\/p>\n\n\n\n<h4 class=\"wp-block-heading\">(Schifferstadt) &#8211; Rucksack aus Fahrradkorb gestohlen<\/h4>\n\n\n\n<p>Am Dienstag, 04.02.20, meldete eine 39-j\u00e4hrige Schifferst\u00e4dterin den Diebstahl ihres Rucksacks aus ihrem Fahrradkorb in der Hauptstra\u00dfe. Den Rucksack habe die Frau gegen 16:00 Uhr dort abgelegt und kurz unbeaufsichtigt gelassen, um zu telefonieren. In dieser Zeit wurde der Rucksack vermutlich entwendet. Zwei Personen, die in der N\u00e4he festgestellt wurden und der Mitteilerin verd\u00e4chtig vorkamen, konnten nach Durchsuchung ihrer Person und ihres Fahrzeuges als Tatverd\u00e4chtige ausgeschlossen werden. Eineinhalb Stunden sp\u00e4ter erschien die Frau noch einmal auf der Dienststelle der Polizei Schifferstadt. Sie habe ihren Rucksack wieder, dieser sei in einem Supermarkt in der Hauptstra\u00dfe abgegeben worden. Jedoch w\u00fcrden nun ein zweistelliger Geldbetrag und die Bankkarte der Gesch\u00e4digten fehlen. Die Beamten konnten ermitteln, dass der Rucksack gegen 16:30 Uhr von einem Mann, der in Begleitung eines Kindes war, abgegeben wurde. Den Rucksack habe er in Schifferstadt gefunden. Zeugen, insbesondere der vermeintliche Finder des Rucksacks, werden gebeten, sich mit der Polizeiinspektion Schifferstadt unter 06235 495-0 oder <a href=\"mailto:pischifferstadt@polizei.rlp.de\">pischifferstadt@polizei.rlp.de<\/a> in Verbindung zu setzen. <\/p>\n\n\n\n<h4 class=\"wp-block-heading\">(Weingarten \/ Bellheim) &#8211; B\u00fcrger wachsam bei betr\u00fcgerischen Anrufen<\/h4>\n\n\n\n<p>Am 04.02.2020 kam es zu zwei Anrufen, bei denen Betr\u00fcger versuchten die Angerufenen um ihr Erspartes zu bringen. Im ersten Fall wurde ein Lottogewinn in H\u00f6he von 28.000 Euro versprochen. Da die 59-j\u00e4hrige Frau kein Lotto spielte, legte sie auf. Im zweiten Fall gab sich der Betr\u00fcger als Bankmitarbeiter aus und wollte eine 81-j\u00e4hrige Frau hinsichtlich Spartipps bei ihrem Sparkonto &#8222;beraten&#8220;. Auch hier entschloss sich die Dame rechtzeitig, das Gespr\u00e4ch zu beenden. <\/p>\n\n\n\n<h4 class=\"wp-block-heading\">(Lingenfeld) &#8211; Betrunken mit Fahrrad unterwegs<\/h4>\n\n\n\n<p>Wegen Trunkenheit im Verkehr muss sich nun ein Fahrradfahrer verantworten. Er wurde am Dienstagabend kurz vor Mitternacht von einer Streife kontrolliert, weil er ohne Beleuchtung den Gehweg an der Germersheimer Stra\u00dfe in Lingenfeld befuhr. Im Verlauf der Kontrolle konnte Alkoholgeruch bei dem 24-j\u00e4hrigen Fahrradfahrer wahrgenommen werden. Ein Atemtest ergab 1,73 Promille. Dem Fahrradfahrer wurde eine Blutprobe entnommen. <\/p>\n\n\n\n<h4 class=\"wp-block-heading\">(Dienstgebiet Germersheim) &#8211; Verkehrskontrollen in mehreren Ortschaften<\/h4>\n\n\n\n<p>Am Dienstag wurden in mehreren Ortschaften im Dienstgebiet der Polizei Germersheim Verkehrskontrollen durchgef\u00fchrt. Zwischen 7:45h und 8:45h wurde in Knittelsheim in der Hauptstra\u00dfe der Verkehr \u00fcberwacht. Es ergaben sich 11 Verwarnungen u.a. wegen mangelnder Beleuchtung. Von 10:00h bis 11:00h fand eine Kontrolle in der Rheinbr\u00fcckenstra\u00dfe in Germersheim statt. Dort waren 2 LKW-Fahrer nicht angegurtet. An 7 Fahrzeugen wurden M\u00e4ngel festgestellt. Davon war bei 2 Fahrzeugen die Betriebserlaubnis erloschen, weil unerlaubte Ver\u00e4nderungen am Fahrwerk durchgef\u00fchrt wurden bzw. eine nicht zugelassene T\u00f6nungsfolie angebracht war. Ein Fahrradfahrer telefonierte w\u00e4hrend der Fahrt mit seinem Handy, was ebenso wie beim Auto fahren eine Ordnungswidrigkeit darstellt. <\/p>\n\n\n\n<p>Zwischen 12:30h und 13:00h wurde der Verkehr in Schwegenheim in H\u00f6he des Mitfahrerparkplatzes kontrolliert. Dort wurden an 7 Fahrzeugen kleinere M\u00e4ngel festgestellt. Von 13:10h bis 13:30h wurde das Durchfahrtsverbot in Lingenfeld im Hirschgraben \u00fcberwacht. Lediglich ein Fahrer wollte in dieser Zeit \u00fcber den Wirtschaftsweg fahren. Er wurde entsprechend verwarnt. +<\/p>\n\n\n\n<h4 class=\"wp-block-heading\">(Rheinzabern) &#8211; Mit Alkoholgeruch aufgefallen<\/h4>\n\n\n\n<p>Am 05.02.2020 wurde um 00:30 Uhr ein Verkehrsteilnehmer auf der B9 in H\u00f6he Rheinzabern kontrolliert. Im Rahmen der Kontrolle wurden deutliche Anzeichen auf eine Alkoholbeeinflussung. Ein Test erbrachte einen Wert von 0,34 mg\/l. <\/p>\n\n\n\n<h4 class=\"wp-block-heading\">(Maximiliansau) &#8211; Einbruch in Tankstelle<\/h4>\n\n\n\n<div class=\"wp-block-image\"><figure class=\"aligncenter\"><img decoding=\"async\" loading=\"lazy\" width=\"500\" height=\"667\" src=\"https:\/\/speyer24news.com\/wp-content\/uploads\/2020\/02\/05.02.20-Maximiliansau-Einbruch.jpg\" alt=\"\" class=\"wp-image-25086\" srcset=\"https:\/\/speyer24news.com\/wp-content\/uploads\/2020\/02\/05.02.20-Maximiliansau-Einbruch.jpg 500w, https:\/\/speyer24news.com\/wp-content\/uploads\/2020\/02\/05.02.20-Maximiliansau-Einbruch-225x300.jpg 225w\" sizes=\"(max-width: 500px) 100vw, 500px\" \/><\/figure><\/div>\n\n\n\n<p>Am 05.02.2020 wurde gegen 01:35 Uhr ein Einbruch in die Tankstelle in der Pfortzter Stra\u00dfe durch ein Sicherheitsunternehmen gemeldet. Unbekannte T\u00e4ter warfen die Glasscheibe an der T\u00fcr ein und verschafften sich so Zugang zu den Verkaufsr\u00e4umen. Hier entwendeten die T\u00e4ter mehrere Zigaretten und Alkoholika. Im Anschluss fl\u00fcchteten die T\u00e4ter mit einem Fahrzeug. Der Sachschaden wird auf ca. 9000,-EUR gesch\u00e4tzt. <\/p>\n\n\n\n<h4 class=\"wp-block-heading\">(Bad Bergzabern) &#8211; Unfallfl\u00fcchtiger gesucht<\/h4>\n\n\n\n<p>Am Montag, 03.02.2020, zwischen 10:00 Uhr und 11:00 Uhr, wurde auf dem Parkplatz eines Einkaufsmarktes am Klingweg, ein dunkelgrauer Pkw Renault besch\u00e4digt. Ein bislang unbekannter Fahrzeugf\u00fchrer stie\u00df gegen die linke Seite des Renault und richtete hierbei einen Schaden in H\u00f6he von 1500.- Euro an. Der Verursacher entfernte sich ohne um den entstandenen Sachschaden zu k\u00fcmmern. Hinweise zu dem Veruracher nimmt die Polizeiinspektion Bad Bergzabern unter 06343-93340 oder per E-Mail unter <a href=\"mailto:pibadbergzabern@polizei.rlp.de\">pibadbergzabern@polizei.rlp.de<\/a> entgegen. <\/p>\n\n\n\n<h4 class=\"wp-block-heading\">(Landau \/ A 65) &#8211; 39-j\u00e4hriger Tramper auf der A65<\/h4>\n\n\n\n<p>Mit ausgestrecktem Daumen versuchte am Dienstagmorgen (04.02.2020, 8 Uhr) ein 39-j\u00e4hriger Tramper von Landau nach W\u00f6rth zu kommen. Verkehrsteilnehmer meldeten den Mann bei der AS Landau-S\u00fcd (Fahrtrichtung Karlsruhe). Bei der sofortigen \u00dcberpr\u00fcfung durch eine Streife der Polizei Edenkoben konnte der Anhalter angetroffen werden. Dem mittelosen Mann wurde erkl\u00e4rt, dass er sich zuk\u00fcnftig eine Mitfahrgelegenheit an einer weniger gef\u00e4hrlichen Stelle suchen sollte. Der Mann wurde aus dem Gefahrenbereich gebracht. <\/p>\n\n\n\n<h4 class=\"wp-block-heading\">(Edenkoben) &#8211; Achtung Telefonbetr\u00fcger<\/h4>\n\n\n\n<p>&#8222;Sie haben 49.900 Euro gewonnen&#8220;. Diese Auskunft erteilte gestern Mittag (04.02.2020) ein unbekannter Mann einer 74-j\u00e4hrige Frau via Telefon mit. Allerdings m\u00fcsse sie im Voraus 700.- Euro Bearbeitungsgeb\u00fchren entrichten. Die Frau beendete das Telefonat und erstattete bei der Polizei Strafanzeige. Die Polizei warnt: Niemals sollte Geld ausgegeben werden, um einen vermeintlichen Gewinn einzufordern. Zusagen am Telefon sollten in keinem Fall gemacht werden. Auch pers\u00f6nliche Daten wie Kontodaten, Adressen oder \u00c4hnliches sollten telefonisch niemals preisgegeben werden. Im Zweifelsfall sollten sich die Angerufenen mit der Polizei in Verbindung setzen. <\/p>\n\n\n\n<h4 class=\"wp-block-heading\">(Neustadt) &#8211; Verkehrskontrollen im Stadtgebiet<\/h4>\n\n\n\n<p>Am 04.02.2020 wurden im Stadtgebiet verschiedene Kontrollen durchgef\u00fchrt. Von 07:15 Uhr bis 08:15 Uhr wurde der Schulweg in der Villenstra\u00dfe \u00fcberwacht. Hier wurden drei Autofahrer wegen Versto\u00df gegen die Gurtpflicht verwarnt. Von 10:00 Uhr bis 11:30 Uhr wurde der Verkehr in der Amalienstra\u00dfe unter die Lupe genommen. Hier wurden drei Autofahrer beim Benutzen ihres Handys erwischt. Acht Autofahrer waren nicht angegurtet. Von 13:15 Uhr bis 14:15 Uhr wurde die Einhaltung der Geschwindigkeit in der Stra\u00dfe Im Ordenswald (30 km\/h) \u00fcberpr\u00fcft. Hierbei wurden von 19 gemessenen Fahrern drei wegen zu schnellem Fahren verwarnt. <\/p>\n\n\n\n<h4 class=\"wp-block-heading\">(Neustadt) &#8211; Fu\u00dfg\u00e4ngerin bei Verkehrsunfall schwer verletzt<\/h4>\n\n\n\n<p>Bei einem Verkehrsunfall am 04.02.2020 gegen 07:45 Uhr in der Weinstra\u00dfe in Hambach kam es zu einem Zusammensto\u00df zwischen einem Fahrzeug und einer Fu\u00dfg\u00e4ngerin. Nach bisherigen Ermittlungen befuhr die 18-j\u00e4hrige Autofahrerin die Weinstra\u00dfe in Richtung Stadtmitte Neustadt. Kurz vor der Einm\u00fcndung Dr.-Siebenpfeiffer-Stra\u00dfe lief scheinbar unvermittelt eine 64-j\u00e4hrige Frau vom B\u00fcrgersteig auf die Stra\u00dfe und wurde vom rechten Au\u00dfenspiegel des Fahrzeugs erfasst. Die Fu\u00dfg\u00e4ngerin st\u00fcrzte und zog sich Frakturen am Ober- und Unterschenkel sowie vermutlich innere Verletzungen zu. Sie wurde \u00e4rztlich versorgt und ins Krankenhaus Neustadt gebracht. Lebensgefahr bestand offensichtlich nicht. <\/p>\n\n\n\n<h4 class=\"wp-block-heading\">(Frankenthal) &#8211; Fahren unter Alkoholeinfluss<\/h4>\n\n\n\n<p>Nach einem vorangegangenen Beziehungsstreit kann am 05.02.20 gegen 02:00Uhr ein 69-j\u00e4hriger Frankenthaler in seinem Pkw einer Verkehrskontrolle unterzogen werden. Bei dem Mann wird deutlicher Atemalkoholgeruch sowie diverse Ausfallerscheinungen wie eine verwaschene Aussprache und deutliche Gleichgewichtsprobleme festgestellt. Ein freiwillig durchgef\u00fchrter Atemalkoholtest ergibt einen Wert von 1,0 Promille. Dem Mann wird auf der Polizeiinspektion eine Blutprobe entnommen <\/p>\n\n\n\n<p>Der Einfluss von Alkohol oder anderen berauschenden Mitteln stellt eine Hauptunfallursache dar. Wer berauscht f\u00e4hrt, gef\u00e4hrdet nicht nur sich, sondern auch Andere. Gegen den unter Alkoholeinfluss stehenden Fahrzeugf\u00fchrer wurde ein Ermittlungsverfahren wegen Trunkenheit im Verkehr eingeleitet. Der F\u00fchrerschein wurde sichergestellt und gegen ihn kann eine Freiheitsstrafe bis zu einem Jahr oder eine Geldstrafe \/ Geldbu\u00dfe verh\u00e4ngt werden. <\/p>\n\n\n\n<h4 class=\"wp-block-heading\">(Ludwigshafen) &#8211; Durch Lagerhausstra\u00dfe gerast<\/h4>\n\n\n\n<p>Am 05.02.2020, gegen 00:20 Uhr, \u00fcberholt ein 77-j\u00e4hriger Citroenfahrer in der Lagerhausstra\u00dfe mit deutlich \u00fcberh\u00f6hter Geschwindigkeit einen anderen Autofahrer. Aus diesem Grunde sollte er einer Verkehrskontrolle unterzogen werden. Statt jedoch die Geschwindigkeit zu drosseln, raste der 77-J\u00e4hrige weiter. Mit bis zu 110 km\/h fuhr er, bremste dann kurzfristig auf 50 km\/h ab, um schlie\u00dflich erneut auf etwa 90 km\/h zu beschleunigen. Schlussendlich missachtete der Citroenfahrer an der Kreuzung Lagerhausstra\u00dfe\/Kaiserw\u00f6rthstr\u00dfe eine rote Ampel. <\/p>\n\n\n\n<p>Schlie\u00dflich gelang es ihn einer Kontrolle zu unterziehen. Den 77-J\u00e4hrige erwartet nun ein Bu\u00dfgeld sowie ein Fahrverbot. <\/p>\n\n\n\n<h4 class=\"wp-block-heading\">(Ludwigshafen) &#8211; Einbruch in Einfamilienhaus<\/h4>\n\n\n\n<p>Eine kurze Abwesenheit von nur 30 Minuten nutzten bisher unbekannte T\u00e4ter f\u00fcr einen Ein-bruch in ein Einfamilienhaus im Friedrich-Burschell-Weg. Die Bewohner verlie\u00dfen am Dienstagabend, 04.02.2020, um 17.30 Uhr, das Haus. Als sie um 18 Uhr zur\u00fcckkehrten, bemerkten sie, dass im Erdgeschoss und im Obergeschoss Licht brannte. Schr\u00e4nke ge\u00f6ffnete und durchw\u00fchlt waren. Die Einbrecher hatten das Wohnzimmerfenster aufgebrochen und waren so ins Haus gelangt. Bei der Heimkehr der Eheleute fl\u00fcchteten sie \u00fcber die Terrasse. <\/p>\n\n\n\n<p>Die Polizei sucht Zeugen. Wem sind gestern Abend im Friedrich-Burschell-Weg und Umgebung Personen oder Fahr-zeuge aufgefallen. Hinweise bitte an die Polizeiwache Oggersheim unter Tel. 0621 963 &#8211; 2403 oder per Mail <a href=\"mailto:pwoggersheim@polizei.rlp.de\">pwoggersheim@polizei.rlp.de<\/a> erbeten. <\/p>\n\n\n\n<h4 class=\"wp-block-heading\">(Ludwigshafen) &#8211; Falscher Bankmitarbeiter \/ Betrugsversuch in Maudach<\/h4>\n\n\n\n<p>Mit einer neuen Masche versuchte am 04.02.2020, gegen 17:20 Uhr, ein Unbekannter an das Geld einer 84-J\u00e4hrigen zu kommen. Der T\u00e4ter rief bei der Seniorin an und gab sich als Sparkassenmitarbeiter aus. Er behauptete, dass nach einer Auslands\u00fcberweisung nun eine R\u00fcckzahlung erfolgen m\u00fcsse. Die 84-J\u00e4hrige solle s\u00e4mtliches Bargeld richten, er w\u00fcrde es dann bei ihr abholen. Die Seniorin reagierte geistesgegenw\u00e4rtig und legte sofort auf. Danach meldete sie den Vorfall der Polizei. <\/p>\n\n\n\n<p>Sachdienliche Hinweise nimmt die Kriminalpolizei Ludwigshafen unter der Telefonnummer 0621\/963-2773 oder per E-Mail <a href=\"mailto:kiludwigshafen.k1.kdd@polizei.rlp.de\">kiludwigshafen.k1.kdd@polizei.rlp.de<\/a> entgegen. <\/p>\n\n\n\n<h4 class=\"wp-block-heading\">(Ludwigshafen) &#8211; Unfall zwischen Linienbus und Pkw<\/h4>\n\n\n\n<p>Ein Verkehrsunfall mit einem Linienbus und einem Kia Picanto ereignete sich Dienstag, 04.02.2020, um 14.30 Uhr, auf der Pr\u00e4lat-Claire-Stra\u00dfe. Die Fahrerin des leeren Omnibusses wollte auf der Pr\u00e4lat-Claire-Stra\u00dfe den Bus wenden, um auf den Betriebshof zur\u00fcck zu fahren. Beim Wenden \u00fcbersah sie den Kia Picanto der auf der Pr\u00e4lat-Claire-Stra\u00dfe am Bus vorbeifahren wollte. Es kam zum Zusammensto\u00df. An beiden Fahrzeugen entstand Sachschaden, Gesamth\u00f6he rund 5.000 EUR. Die Personen blieben unverletzt. <\/p>\n\n\n\n<h4 class=\"wp-block-heading\">(Mannheim-Sandhofen) &#8211; PKW fl\u00fcchtet vor Kontrolle<\/h4>\n\n\n\n<p>Der Fahrer eines silbernen E-Klasse Mercedes-Benz sollte am Dienstagabend, um 19:25 Uhr auf der B44 einer Verkehrskontrolle unterzogen werden. Als das Fahrzeug in H\u00f6he der Einm\u00fcndung Lilienthalstra\u00dfe gestoppt werden sollte, beschleunigte der Fahrzeugf\u00fchrer seinen Wagen und fl\u00fcchtete mit hoher Geschwindigkeit in Richtung Lampertheim. Trotz Anhaltezeichen, Blaulicht und Martinshorn setzte er seine Fahrt fort und fuhr \u00fcber den Viernheimer Weg bis nach Lampertheim. Aufgrund der hohen Geschwindigkeiten auf der Verbindungsstra\u00dfe zwischen Mannheim-Blumenau und Lampertheim mussten die Kollegen den Abstand zu dem Fl\u00fcchtenden etwas vergr\u00f6\u00dfern um weder sich oder andere Fahrzeugf\u00fchrer zu gef\u00e4hrden. Am Ortseingang Lampertheim nutzte der Fahrer diesen Abstand und bog in ein Wohngebiet ab wo schlie\u00dflich der Sichtkontakt abbrach. Trotz Fahndung in dem Wohngebiet konnte der Wagen nicht wieder festgestellt werden. <\/p>\n\n\n\n<p>Wurden sie durch die Fahrweise des Fl\u00fcchtenden am Dienstagabend gef\u00e4hrdet oder k\u00f6nnen sie sonst Angaben zu dem oder der Fahrer\/-in machen, dann melden sie sich bitte bei dem Revier Mannheim-Sandhofen unter Tel: 0621 77769-0. <\/p>\n\n\n\n<h4 class=\"wp-block-heading\">(Heidelberg) &#8211; Audi-Fahrer verursacht Unfall und entfernt sich Richtung Edingen-Neckarhausen \/ Zeugen gesucht<\/h4>\n\n\n\n<p>Ein bislang nicht ermittelter Fahrer eines schwarzen Audi A 4 mit Heidelberger-Zulassung missachtete am Dienstagmorgen gegen 8.30 Uhr beim Linksabbiegen von der L 637 in den Grenzh\u00f6fer Weg die Vorfahrt eines ordnungsgem\u00e4\u00df entgegenkommenden VW-Fahrers, so dass es zum Zusammensto\u00df kam. Nach einem kurzen Dialog setzte der ca. 40 &#8211; 50 Jahre alte Fahrer des Audis seine Fahrt in Richtung Edingen-Neckarhausen fort. <\/p>\n\n\n\n<p>An dem VW Caddy entstand ein Schaden von ca. 2.000 Euro; der Audi m\u00fcsste Besch\u00e4digungen am R\u00fccklicht wie auch an der Sto\u00dfstange aufweisen. Beamte des Polizeireviers Heidelberg-S\u00fcd sicherten an der Unfallstelle einzelne Fahrzeugteile. Nach ersten Recherchen stammen diese von einem Audi A 4 Avant oder Audi A 4\/S4 Avant Quattro. Die weiteren \u00dcberpr\u00fcfungen dauern jedoch noch an. <\/p>\n\n\n\n<p>Der 25-j\u00e4hrige VW-Fahrer, der zum Gl\u00fcck nicht verletzt wurde, beschrieb den Mann wie folgt: 40 &#8211; 50 Jahre alt, schwarze Haare, schwarzer Bart, er sprach schlecht Deutsch. Eine Fahndung nach diesem Fahrzeug verlief ohne Erfolg. <\/p>\n\n\n\n<p>Verkehrsteilnehmer, die evtl. auf den Unfall aufmerksam wurden und Hinweise zu dem Audi-Fahrer geben k\u00f6nnen, werden gebeten, sich mit dem Polizeirevier Heidelberg-S\u00fcd, Tel.: 06221\/3418-0, in Verbindung zu setzen. <\/p>\n\n\n\n<h4 class=\"wp-block-heading\">(Heidelberg) &#8211; Polizei ermittelt wegen Unfallflucht<\/h4>\n\n\n\n<p>Einen in der Belfortstra\u00dfe Nr. 2 abgestellten BMW besch\u00e4digte am Montag ein bislang nicht ermittelter Autofahrer und entfernte sich danach unerlaubt. Die Gesch\u00e4digte parkte um 8 Uhr und kehrte gegen 14.30 Uhr wieder zu ihrem Auto zur\u00fcck. Sie hat sich nun um einen Schaden von ca. 2.000 Euro zu k\u00fcmmern. Zeugen, die Hinweise zum Verursacher geben k\u00f6nnen, werden gebeten, sich bei der Verkehrspolizei unter Tel.: 0621\/174-4111 zu melden. <\/p>\n\n\n\n<h4 class=\"wp-block-heading\">(Heidelberg-Pfaffengrund) &#8211; 24-j\u00e4hriger Radfahrer bei Unfall schwer verletzt \/ Zeugen gesucht<\/h4>\n\n\n\n<p>Bei einem Unfall am Mittwoch gegen 7.15 Uhr an der Einm\u00fcndung Henkel-Teroson-Stra\u00dfe\/Hans-Bunte-Stra\u00dfe wurde ein 24-j\u00e4hriger Radfahrer schwer verletzt. Nach den bisherigen Ermittlungen war ein 35-j\u00e4hriger Autofahrer von der Hans-Bunte-Stra\u00dfe in die Henkel-Teroson-Stra\u00dfe eingefahren, ohne die durch Verkehrszeichen geregelte Vorfahrt zu beachten. Dies hatte zur Folge, dass er mit dem stadteinw\u00e4rts fahrenden Radfahrer kollidierte. Der Radler st\u00fcrzte zu Boden. Nach der Erstversorgung an der Unfallstelle durch einen Notarzt wurde er mit einem Rettungswagen in eine Klinik gefahren. An dem Auto entstand Sachschaden von ca. 1.500 Euro. Zeugen, die den Unfall beobachtet haben, werden gebeten sich unter Telefon 0621\/174-4140 zu melden.<\/p>\n\n\n\n<h4 class=\"wp-block-heading\">(Sandhausen \/ Rhein-Neckar-Kreis) &#8211; Unfall in der Siemens-\/Carl-Benz-Stra\u00dfe fordert 3.000 Euro Schaden<\/h4>\n\n\n\n<p>Beim Abbiegen von der Siemensstra\u00dfe in die Carl-Benz-Stra\u00dfe missachtete am Dienstag, kurz vor 18 Uhr, eine Mitsubishi-Fahrerin die Vorfahrt eines ordnungsgem\u00e4\u00df fahrenden Mercedes-Fahrers und l\u00f6ste den Zusammensto\u00df aus. Gl\u00fccklicherweise wurde hierbei niemand verletzt. Die Polizei sch\u00e4tzt den Gesamtschaden auf 3.000 Euro. Die Verursacherin sieht einer Anzeige entgegen. <\/p>\n\n\n\n<h4 class=\"wp-block-heading\">(Altlu\u00dfheim \/ Rhein-Neckar-Kreis) &#8211; Drei Verletzte, zwei H\u00e4user und zwei PKW nach Fahrzeugbrand besch\u00e4digt<\/h4>\n\n\n\n<p>Am 04.02.2020, gegen 19.45 Uhr, fuhr ein 45-J\u00e4hriger mit seinem Pkw Mercedes-Benz, C 200, auf der K 4252 von Hockenheim nach Altlu\u00dfheim. Ein hinterherfahrender Autofahrer bemerkte hier schon eine Rauchfahne von dem Mercedes ausgehend. Kurz nach dem Ortseingang Altlu\u00dfheim stellte der Mercedes Fahrer seinen Pkw am Fahrbahnrand der Hauptstra\u00dfe ab, der kurz darauf in Flammen stand. Der Fahrer, sowie seine mitfahrenden Kinder im Alter von 3 und 6 Jahren konnten das Fahrzeug verlassen. Der Brand griff innerhalb k\u00fcrzester Zeit auf einen geparkten Suzuki Pkw \u00fcber, der ebenfalls in Vollbrand geriet. Hierdurch wurden ein daneben geparkter Pkw Renault besch\u00e4digt, sowie zwei H\u00e4user. An einem Haus entstand erheblicher Sachschaden an der Fassade, Fenster und Haust\u00fcr. Teilweise wurde hier Inventar in einem Zimmer besch\u00e4digt. An dem zweiten Haus wurde die Fassade besch\u00e4digt. Die Freiwillige Feuerwehren von Altlu\u00dfheim und Neulu\u00dfheim hatten den Brand schnell unter Kontrolle. Es waren insgesamt 25 Feuerwehrm\u00e4nner eingesetzt. Die Insassen des Mercedes-Benz wurden in Krankenh\u00e4user eingeliefert, da sie Rauchgas eingeatmet hatten. Durch die Hitzeeinwirkung wurde der Fahrbahnbelag derart besch\u00e4digt, dass der Bereich abgesperrt werden musste. Der Sachschaden kann noch nicht genau beziffert werden, betr\u00e4gt aber mehrere Zehntausend Euro. Was den Brand beim Mercedes verursacht hat, ist Gegenstand der weiteren Ermittlungen des PRev. Hockenheim. <\/p>\n\n\n\n<h4 class=\"wp-block-heading\">(Wiesloch \/ Rhein-Neckar-Kreis) &#8211; Bewaffneter auf frischer Tat bei Einbruch festgenommen und auf Antrag der Staatsanwaltschaft Heidelberg in Untersuchungshaft<\/h4>\n\n\n\n<h4 class=\"wp-block-heading\">Gemeinsame Pressemeldung der Staatsanwaltschaft Heidelberg und des Polizeipr\u00e4sidiums Mannheim <\/h4>\n\n\n\n<div class=\"wp-block-image\"><figure class=\"aligncenter\"><img decoding=\"async\" src=\"https:\/\/speyer24news.com\/wp-content\/uploads\/2019\/12\/Zelle.jpg\" alt=\"\" class=\"wp-image-23580\"\/><\/figure><\/div>\n\n\n\n<p>Auf Antrag der Staatsanwaltschaft Heidelberg erlie\u00df das Amtsgericht Heidelberg Haftbefehl gegen einen 39-j\u00e4hrigen Mann wegen des dringenden Verdachts des versuchten Diebstahls mit Waffen und des unerlaubten Besitzes von Bet\u00e4ubungsmitteln. <\/p>\n\n\n\n<p>Der Beschuldigte soll sich am Sonntag, den 02.02.2020, kurz vor 13 Uhr, unbefugt auf ein Firmengel\u00e4nde in der Baiertaler Stra\u00dfe in Wiesloch begeben haben. Dort soll er zun\u00e4chst versucht haben, in das Innere zweier Lkws, einer Halle und eines dort abgestellten Baggers zu gelangen. Diese Einbruchversuche misslangen. Danach soll der 39-J\u00e4hrige die T\u00fcr einer Werkstatt aufgehebelt und diese nach Wertgegenst\u00e4nden durchsucht haben. <\/p>\n\n\n\n<p>Bevor der dringend Tatverd\u00e4chtige etwas entwenden konnte, wurde er von einem Angestellten des Unternehmens gestellt. Dieser verst\u00e4ndigte umgehend die Polizei. Eine Funkwagenbesatzung des Polizeireviers Wiesloch konnte den 39-J\u00e4hrigen vorl\u00e4ufig festnehmen. Bei der Festnahme hatte der Mann ein erlaubnisfreies Klappmesser in seiner Hand. Bei seiner Durchsuchung fanden die Beamten zudem Kleinstmengen an Crystal Meth, Heroin und Cannabis sowie zwei Ecstasypillen. <\/p>\n\n\n\n<p>Auf Antrag der Staatsanwaltschaft Heidelberg erlie\u00df die Ermittlungsrichterin am Amtsgericht Heidelberg am Montagnachmittag Haftbefehl gegen den 39-j\u00e4hrigen Mann wegen bestehender Flucht- und Verdunkelungsgefahr. <\/p>\n\n\n\n<p>Der Beschuldigte wurde in eine Justizvollzugsanstalt eingeliefert. <\/p>\n\n\n\n<p>Die Ermittlungen der Staatsanwaltschaft Heidelberg und des Polizeireviers Wiesloch dauern an. <\/p>\n\n\n\n<h4 class=\"wp-block-heading\">(Eberbach \/ HD-Ziegelhausen \/ Rhein-Neckar-Kreis) &#8211;  Polizei ermittelt wegen Sachbesch\u00e4digung und bittet um Hinweise<\/h4>\n\n\n\n<p>Am Samstagvormittag stellte der Hausmeister einer Eberbacher Schule mehrere Farbschmierereien u.a. an der Fassade, an zwei im Schulhof platzierten Tischtennisplatten sowie an der Treppe fest und verst\u00e4ndigte die Eberbacher Polizei. <\/p>\n\n\n\n<p>Mit wei\u00dfer Farbe brachten zwischen Freitagnachmittag und Samstagvormittag bislang Unbekannte Schriftz\u00fcge mit Bezug zu einem regionalen Fu\u00dfballverein an. In welcher H\u00f6he Sachschaden entstand, ist derzeit noch nicht bekannt; die Ermittlungen dauern an. <\/p>\n\n\n\n<p>Teilweise wurden die Schriftz\u00fcge mit blauer Farbe \u00fcberspr\u00fcht. Auch in Heidelberg-Ziegelhausen wurden Farbschmierereien mit \u00e4hnlichen Parolen registriert. Zeugen, die Hinweise zu den T\u00e4tern geben k\u00f6nnen, werden gebeten, sich mit dem Polizeirevier Eberbach, Tel.: 06271\/92100, in Verbindung zu setzen. <\/p>\n","protected":false},"excerpt":{"rendered":"<div class=\"mh-excerpt\"><p>Polizeimeldungen vom Mittwoch (05.02.2020) (Speyer) &#8211; Mit Schreckschusspistole in den Geburtstag &#8222;geknallt&#8220; \/ Strafanzeige wegen Versto\u00df gegen das Waffengesetz Eine Strafanzeige wegen des Versto\u00dfes gegen das Waffengesetz und die Sicherstellung einer Schreckschusspistole waren das Ergebnis <a class=\"mh-excerpt-more\" href=\"https:\/\/speyer24news.com\/?p=25085\" title=\"Polizei\">[&#8230;]<\/a><\/p>\n<\/div>","protected":false},"author":3,"featured_media":0,"comment_status":"open","ping_status":"open","sticky":false,"template":"","format":"standard","meta":{"_monsterinsights_skip_tracking":false,"_monsterinsights_sitenote_active":false,"_monsterinsights_sitenote_note":"","_monsterinsights_sitenote_category":0,"footnotes":""},"categories":[12],"tags":[3614,53,4854,4683,1548,102,213,55,103,106,2803,2423,427,2625,380,62,104,979,1565],"aioseo_notices":[],"amp_enabled":true,"_links":{"self":[{"href":"https:\/\/speyer24news.com\/index.php?rest_route=\/wp\/v2\/posts\/25085"}],"collection":[{"href":"https:\/\/speyer24news.com\/index.php?rest_route=\/wp\/v2\/posts"}],"about":[{"href":"https:\/\/speyer24news.com\/index.php?rest_route=\/wp\/v2\/types\/post"}],"author":[{"embeddable":true,"href":"https:\/\/speyer24news.com\/index.php?rest_route=\/wp\/v2\/users\/3"}],"replies":[{"embeddable":true,"href":"https:\/\/speyer24news.com\/index.php?rest_route=%2Fwp%2Fv2%2Fcomments&post=25085"}],"version-history":[{"count":5,"href":"https:\/\/speyer24news.com\/index.php?rest_route=\/wp\/v2\/posts\/25085\/revisions"}],"predecessor-version":[{"id":25094,"href":"https:\/\/speyer24news.com\/index.php?rest_route=\/wp\/v2\/posts\/25085\/revisions\/25094"}],"wp:attachment":[{"href":"https:\/\/speyer24news.com\/index.php?rest_route=%2Fwp%2Fv2%2Fmedia&parent=25085"}],"wp:term":[{"taxonomy":"category","embeddable":true,"href":"https:\/\/speyer24news.com\/index.php?rest_route=%2Fwp%2Fv2%2Fcategories&post=25085"},{"taxonomy":"post_tag","embeddable":true,"href":"https:\/\/speyer24news.com\/index.php?rest_route=%2Fwp%2Fv2%2Ftags&post=25085"}],"curies":[{"name":"wp","href":"https:\/\/api.w.org\/{rel}","templated":true}]}}