{"id":25123,"date":"2020-02-06T09:15:22","date_gmt":"2020-02-06T08:15:22","guid":{"rendered":"https:\/\/speyer24news.com\/?p=25123"},"modified":"2021-01-14T08:26:20","modified_gmt":"2021-01-14T07:26:20","slug":"corona-virus","status":"publish","type":"post","link":"https:\/\/speyer24news.com\/?p=25123","title":{"rendered":"Corona-Virus"},"content":{"rendered":"<style type=\"text\/css\">\r\n\t.ads_top_disp{}\r\n\t.ads_top_corner_disp{ float:left; margin:0px 10px 10px 0px; }\r\n\t.ads_first_p_disp{}\r\n\t.ads_bottom_disp{}\r\n\t<\/style>\n<h2 class=\"wp-block-heading\"><strong>\u201eDrive-in\u201c f\u00fcr begr\u00fcndete Corona-Verdachtsf\u00e4lle: Stadt Landau sowie Landkreise Germersheim und S\u00fcdliche Weinstra\u00dfe richten Diagnosezentrum ein <\/strong><\/h2>\n\n\n\n<div class=\"wp-block-image\"><figure class=\"aligncenter\"><img decoding=\"async\" loading=\"lazy\" width=\"800\" height=\"600\" src=\"https:\/\/speyer24news.com\/wp-content\/uploads\/2020\/03\/Gemeinsame-PM-Diagnosezentrum-\u00f6ffnet.jpg\" alt=\"\" class=\"wp-image-25919\" srcset=\"https:\/\/speyer24news.com\/wp-content\/uploads\/2020\/03\/Gemeinsame-PM-Diagnosezentrum-\u00f6ffnet.jpg 800w, https:\/\/speyer24news.com\/wp-content\/uploads\/2020\/03\/Gemeinsame-PM-Diagnosezentrum-\u00f6ffnet-300x225.jpg 300w, https:\/\/speyer24news.com\/wp-content\/uploads\/2020\/03\/Gemeinsame-PM-Diagnosezentrum-\u00f6ffnet-768x576.jpg 768w, https:\/\/speyer24news.com\/wp-content\/uploads\/2020\/03\/Gemeinsame-PM-Diagnosezentrum-\u00f6ffnet-678x509.jpg 678w, https:\/\/speyer24news.com\/wp-content\/uploads\/2020\/03\/Gemeinsame-PM-Diagnosezentrum-\u00f6ffnet-326x245.jpg 326w, https:\/\/speyer24news.com\/wp-content\/uploads\/2020\/03\/Gemeinsame-PM-Diagnosezentrum-\u00f6ffnet-80x60.jpg 80w\" sizes=\"(max-width: 800px) 100vw, 800px\" \/><figcaption>v.l.: Parlamentarischer Staatssekret\u00e4r Dr. Thomas Gebhart, Landrat Dietmar Seefeldt, Oberb\u00fcrgermeister Thomas Hirsch und Landrat Dr. Fritz Brechtel beim Vor-Ort-Termin am neuen Corona-Diagnosezentrum f\u00fcr die S\u00fcdpfalz. <em>(Quelle: Stadt Landau)<\/em><\/figcaption><\/figure><\/div>\n\n\n\n<p><strong>Landau &#8211; <\/strong>Die Stadt Landau sowie die Landkreise Germersheim und S\u00fcdliche Weinstra\u00dfe haben auf dem Alfred-Nobel-Platz in Landau ein gemeinsames Diagnosezentrum eingerichtet, in dem sich Personen mit dem begr\u00fcndeten Verdacht auf eine Infektion mit dem Corona-Virus ab Dienstag, 17. M\u00e4rz, testen lassen k\u00f6nnen. Die Teststation in Form eines \u201eDrive-ins\u201c wird wochentags von 16 bis 20 Uhr betrieben. Gemeinsam mit dem Parlamentarischen Staatssekret\u00e4r im Bundesgesundheitsministerium, Dr. Thomas Gebhart, haben sich Oberb\u00fcrgermeister Thomas Hirsch, Landrat Dr. Fritz Brechtel und Landrat Dietmar Seefeldt heute vor Ort ein Bild von der Einrichtung gemacht. <\/p>\n\n\n\n<p>\u201eWir werden es nur gemeinsam schaffen, die\nCorona-Infektion zu beherrschen\u201c, sind die drei Verwaltungschefs \u00fcberzeugt. Das\ninterkommunale und aus allen Richtungen gut erreichbare Diagnosezentrum auf dem\nNeuen Messegel\u00e4nde in Landau sei ein wichtiger Baustein, um die\nniedergelassenen \u00c4rztinnen und \u00c4rzte sowie die Kliniken zu entlasten und damit die\nInfrastruktur in der S\u00fcdpfalz zu sichern. \u201eDie Einrichtung der Station wurde\nm\u00f6glich durch die enge Zusammenarbeit aller Beteiligten und durch die professionelle\nUnterst\u00fctzung der Katastrophenst\u00e4be, der Gesundheits\u00e4mter, des DRK, der\nKrankenh\u00e4user und der \u00c4rzteschaft in der Region \u2013 daf\u00fcr unser herzliches\nDankesch\u00f6n\u201c, so Hirsch, Dr. Brechtel und Seefeldt. <\/p>\n\n\n\n<p>Die s\u00fcdpf\u00e4lzischen Verwaltungschefs und der Parlamentarische\nStaatssekret\u00e4r nutzten die Gelegenheit auch noch einmal, um an die Bev\u00f6lkerung\nzu appellieren, mitzuhelfen, die Ausbreitung der Infektion so zu verlangsamen,\ndass das Gesundheitssystem diese bew\u00e4ltigen k\u00f6nne. \u201eAngesichts der Ausbreitung\ndes neuartigen Virus ist jetzt einmal mehr Solidarit\u00e4t in der Gesellschaft\ngefragt, um damit vor allem die \u00c4lteren und chronisch Kranken zu sch\u00fctzen\u201c,\nerneuerte Dr. Gebhart seinen Appell. Hirsch, Dr. Brechtel und Seefeldt\nerg\u00e4nzten: \u201eWir alle sowie unsere Verwaltungen erhalten unz\u00e4hlige Anfragen, ob\ndiese oder jene Veranstaltung nicht vielleicht doch stattfinden kann \u2013 wir\nk\u00f6nnen diese unm\u00f6glich alle beantworten. Die zentrale Faustregel lautet aber:\nAlles, was an sozialen Kontakten nicht zwingend notwendig ist, ist zu\nunterlassen! So retten wir Leben.\u201c <\/p>\n\n\n\n<p>Wer sich im neuen Diagnosezentrum testen\nlassen will, ben\u00f6tigt daf\u00fcr zwingend eine \u00dcberweisung von einer \u00c4rztin bzw.\neinem Arzt, etwa der Haus\u00e4rztin bzw. dem Hausarzt. Weiterhin gilt: Bevor eine\nPraxis aufgesucht wird, sollte eine telefonische Anmeldung erfolgen! Der Schein\nmuss von einer symptomfreien Person abgeholt werden. Ebenfalls wichtig: Auf dem\nSchein sollte die Telefonnummer bzw. E-Mail-Adresse der Patientin bzw. des\nPatienten vermerkt sein. Mit der \u00dcberweisung kann dann die Teststation auf dem\nNeuen Messplatz mit dem Auto angefahren werden. Zus\u00e4tzlich zum\n\u00dcberweisungsschein muss die Patientin bzw. der Patient zur Identifikation ihren\nPersonalausweis oder Reisepass vorlegen. Die Testung erfolgt im\n\u201eDrive-in\u201c-Verfahren, d.h., die zu testende Person bleibt im Auto sitzen. Das\nTestergebnis kann zwei Tage sp\u00e4ter bei der Haus\u00e4rztin bzw. dem Hausarzt\nabgeholt werden. Gegebenenfalls erfolgt die Mitteilung auch durch das zust\u00e4ndige\nGesundheitsamt. <\/p>\n\n\n\n<p>Die Durchf\u00fchrung eines Tests ist streng an\nbestimmte Kriterien gebunden: Getestet wird nur, wer aus einem Risikogebiet\nzur\u00fcckgekehrt ist UND Symptome aufweist, oder wer nachweislich Kontakt zu einer\npositiv auf das Corona-Virus getesteten Person hatte \u2013 und das f\u00fcr mindestens\n15 Minuten und in einem Abstand von unter zwei Metern. <\/p>\n\n\n\n<p>Wer keinen \u00dcberweisungsschein hat bzw. sich\nnicht ausweisen kann, wird abgewiesen. Auch wer zu Fu\u00df kommt, wird abgewiesen. <\/p>\n\n\n\n<p>Personen, die nicht mit dem Auto zur\nTeststation fahren oder sich fahren lassen k\u00f6nnen, werden gebeten, die 116 117\nzu w\u00e4hlen und erhalten dann einen Hausbesuch. <\/p>\n\n\n\n<p>Die Gesundheits\u00e4mter Landau-S\u00fcdliche Weinstra\u00dfe und Germersheim weisen unterdessen noch einmal darauf hin, dass R\u00fcckkehrerinnen und R\u00fcckkehrer aus Risikogebieten, etwa \u00d6sterreich und Italien, auch bei Symptomfreiheit eine 14-t\u00e4gige h\u00e4usliche Quarant\u00e4ne einhalten sollten. In dieser Zeit sollte insbesondere der Kontakt zu besonders gef\u00e4hrdeten Menschen unterbleiben. Alle Risikogebiete finden sich tagesaktuell auf <a href=\"http:\/\/www.rki.de\">www.rki.de<\/a>, der Internetseite des Robert-Koch-Instituts.<\/p>\n\n\n\n<p><em>Text: Gemeinsame Pressemitteilung der Landkreise Germersheim und S\u00fcdliche Weinstra\u00dfe und der Stadt Landau in der Pfalz Foto: Stadt Landau<br>16.03.2020<\/em><\/p>\n\n\n\n<h2 class=\"wp-block-heading\"><strong>Coronavirus: Allgemeinverf\u00fcgung an Landeserlass angepasst \u2013 Veranstaltungen von mehr als 75 Personen untersagt<\/strong><\/h2>\n\n\n\n<div class=\"wp-block-image\"><figure class=\"aligncenter\"><img decoding=\"async\" loading=\"lazy\" width=\"800\" height=\"153\" src=\"https:\/\/speyer24news.com\/wp-content\/uploads\/2020\/03\/LU.png\" alt=\"\" class=\"wp-image-25754\" srcset=\"https:\/\/speyer24news.com\/wp-content\/uploads\/2020\/03\/LU.png 800w, https:\/\/speyer24news.com\/wp-content\/uploads\/2020\/03\/LU-300x57.png 300w, https:\/\/speyer24news.com\/wp-content\/uploads\/2020\/03\/LU-768x147.png 768w\" sizes=\"(max-width: 800px) 100vw, 800px\" \/><\/figure><\/div>\n\n\n\n<p><strong>Ludwigshafen &#8211; <\/strong>Im Zuge der fortlaufenden Verbreitung des Coronavirus hat die Stadt Ludwigshafen ihre Richtlinien zur Durchf\u00fchrung \u00f6ffentlicher Veranstaltungen versch\u00e4rft. Die Stadtverwaltung untersagt Veranstaltungen ab einer zu erwartenden Teilnehmerzahl von mehr als 75 Menschen. Damit setzt sie einen Erlass des rheinland-pf\u00e4lzischen Ministeriums f\u00fcr Soziales, Arbeit, Gesundheit und Demografie um.<\/p>\n\n\n\n<p><em>Stadt Ludwigshafen am Rhein<br>16.03.2020<\/em><\/p>\n\n\n\n<h2 class=\"wp-block-heading\">Jobcenter und Arbeitsagenturen sind weiter f\u00fcr die Kunden da<\/h2>\n\n\n\n<ul><li><strong>Jobcenter und Arbeitsagenturen sind weiter f\u00fcr die Kunden da<\/strong><\/li><li><strong>Telefon- und Online-Zugang werden intensiviert und ausgebaut<\/strong><\/li><li><strong>Pers\u00f6nliche Kontakte werden reduziert<\/strong><\/li><\/ul>\n\n\n\n<div class=\"wp-block-image\"><figure class=\"aligncenter\"><img decoding=\"async\" src=\"https:\/\/speyer24news.com\/wp-content\/uploads\/2020\/02\/Agentur-f\u00fcr-Arbeit-1.png\" alt=\"\" class=\"wp-image-25918\"\/><\/figure><\/div>\n\n\n\n<p><strong>N\u00fcrnberg \/ Deutschland &#8211;<\/strong> Um in der aktuellen Lage die wichtigsten Dienstleistungen erbringen zu k\u00f6nnen, konzentrieren sich die Arbeitsagenturen und Jobcenter (gemeinsame Einrichtungen) auf die Bearbeitung und Bewilligung von Geldleistungen.<\/p>\n\n\n\n<p>Daf\u00fcr schaffen wir die Voraussetzungen, dass diese Fragen und Anliegen auch ohne pers\u00f6nlichen Kontakt gekl\u00e4rt werden k\u00f6nnen, damit wir diese Kontakte minimieren k\u00f6nnen. So wollen wir einen Beitrag zum Gesundheitsschutz und zum Eind\u00e4mmen der Pandemie leisten und gleichzeitig die Zahlung von Geldleistungen wie Arbeitslosen- oder Kurzarbeitergeld in dieser schwierigen Lage sicherstellen.<\/p>\n\n\n\n<p>Aufgrund der aktuellen Lage haben wir f\u00fcr alle Kundinnen und Kunden von Jobcentern (gemeinsame Einrichtungen) und Arbeitsagenturen folgende Informationen:<\/p>\n\n\n\n<h4 class=\"wp-block-heading\">1. Pers\u00f6nliche Vorsprachen:<\/h4>\n\n\n\n<p>Die M\u00f6glichkeit zum pers\u00f6nlichen Kontakt in unseren Dienststellen bleibt f\u00fcr Notf\u00e4lle bestehen. Eine Arbeitslosmeldung kann auch telefonisch erfolgen. Ein Antrag auf Grundsicherung kann formlos in den Hausbriefkasten der Dienststelle eingeworfen werden. <\/p>\n\n\n\n<p>Alle pers\u00f6nlichen Gespr\u00e4chstermine entfallen ohne Rechtsfolgen. Sie m\u00fcssen diese Termine *nicht* absagen, Sie m\u00fcssen diesbez\u00fcglich auch nicht anrufen.<\/p>\n\n\n\n<p>Sie k\u00f6nnen Antr\u00e4ge formlos per Mail oder \u00fcber unsere eServices (<a href=\"https:\/\/deref-web-02.de\/mail\/client\/R5YK7tIbSb0\/dereferrer\/?redirectUrl=http%3A%2F%2Fwww.arbeitsagentur.de%2FeServices\" target=\"_blank\" rel=\"noreferrer noopener\">www.arbeitsagentur.de\/eServices<\/a>) stellen oder in den Hausbriefkasten einwerfen. Es entstehen Ihnen keine Nachteile, wenn Sie nicht pers\u00f6nlich vorsprechen.<\/p>\n\n\n\n<p>Bitte kommen Sie wirklich nur im Notfall in die Dienststelle.<\/p>\n\n\n\n<h4 class=\"wp-block-heading\">2. Anliegen telefonisch kl\u00e4ren \u2013 auch die Arbeitslosmeldung<\/h4>\n\n\n\n<p>Die pers\u00f6nliche Vorsprache bei Arbeitslosmeldung in den Arbeitsagenturen entf\u00e4llt vorl\u00e4ufig. Sie k\u00f6nnen die Meldung telefonisch vornehmen.<\/p>\n\n\n\n<p>Au\u00dferdem finden Sie:<\/p>\n\n\n\n<ul><li>Antr\u00e4ge auf Arbeitslosengeld I unter <a href=\"https:\/\/deref-web-02.de\/mail\/client\/QnAZW54TuM4\/dereferrer\/?redirectUrl=http%3A%2F%2Fwww.arbeitsagentur.de%2Feservices\" target=\"_blank\" rel=\"noreferrer noopener\">www.arbeitsagentur.de\/eservices<\/a><\/li><li>Weiterbewilligungsantr\u00e4ge f\u00fcr die Grundsicherung unter <a href=\"https:\/\/deref-web-02.de\/mail\/client\/mFAhgtwEWsU\/dereferrer\/?redirectUrl=https%3A%2F%2Fwww.arbeitsagentur.de%2Farbeitslos-arbeit-finden%2Farbeitslosengeld-2\" target=\"_blank\" rel=\"noreferrer noopener\">https:\/\/www.arbeitsagentur.de\/arbeitslos-arbeit-finden\/arbeitslosengeld-2<\/a><\/li><\/ul>\n\n\n\n<p>Wir werden so schnell wie m\u00f6glich zus\u00e4tzliche Telefonnummern in den St\u00e4dten und Regionen schalten und sie dar\u00fcber sowohl \u00fcber unsere Internetseiten als auch \u00fcber die \u00fcberregionale und regionale Presse informieren.<\/p>\n\n\n\n<p>Da wir unsere telefonischen Kapazit\u00e4ten aufgrund des erwarteten sehr hohen Anrufaufkommens auch technisch verst\u00e4rken m\u00fcssen und dies einige Tage in Anspruch nehmen wird, kann unsere Erreichbarkeit vereinzelt eingeschr\u00e4nkt sein.<\/p>\n\n\n\n<h4 class=\"wp-block-heading\">3. Keine finanziellen Nachteile, die Leistungsgew\u00e4hrung wird sichergestellt<\/h4>\n\n\n\n<p>Wenn jetzt Termine entfallen oder pers\u00f6nlicher Kontakt nicht m\u00f6glich ist, entstehen f\u00fcr unsere Kundinnen und Kunden keine finanziellen Nachteile. Wir agieren so gut es geht in diesen schwierigen Zeiten unb\u00fcrokratisch und flexibel, so dass die Versorgung aller Menschen, die auf die Geldleistungen von Jobcenter oder Arbeitsagentur angewiesen sind, sichergestellt ist.<\/p>\n\n\n\n<p>Dies gilt auch f\u00fcr die Auszahlung von Kindergeld und Kinderzuschlag.<\/p>\n\n\n\n<p>Unsere Arbeitsf\u00e4higkeit ist sichergestellt. Die sichere Auszahlung von Geldleistungen hat f\u00fcr uns oberste Priorit\u00e4t. <\/p>\n\n\n\n<p><em>Bundesagentur f\u00fcr Arbeit<br>16.03.2020<\/em><\/p>\n\n\n\n<h2 class=\"wp-block-heading\">Aktuelle Information zu Corona 15.03.2020<\/h2>\n\n\n\n<div class=\"wp-block-image\"><figure class=\"aligncenter\"><img decoding=\"async\" src=\"https:\/\/speyer24news.com\/wp-content\/uploads\/2020\/03\/Mannheim-Logo.png\" alt=\"\" class=\"wp-image-25671\"\/><\/figure><\/div>\n\n\n\n<ol><li><strong>Aktuelle Fallzahlen<\/strong><\/li><li><strong>Ansprache von Oberb\u00fcrgermeister Dr. Peter Kurz an die B\u00fcrgerinnen und B\u00fcrger<\/strong><\/li><li><strong>Betreuung f\u00fcr Schulkinder und Kitakinder von Eltern in \u201esystemrelevanten Berufen\u201c<\/strong><\/li><\/ol>\n\n\n\n<h4 class=\"wp-block-heading\">1. <strong>Aktuelle Fallzahlen \u2013 Zahl der nachgewiesenen Corona-F\u00e4lle in Mannheim steigt auf 44<\/strong><\/h4>\n\n\n\n<p>Dem Gesundheitsamt Mannheim wurden seit bis heute Nachmittag, 14.03.2020, 17 Uhr, sieben weitere F\u00e4lle von nachgewiesenen Coronavirus-Infektionen gemeldet. Damit erh\u00f6ht sich die Zahl der best\u00e4tigten F\u00e4lle in Mannheim auf 44. Alle nachgewiesenen Infizierten zeigen nur milde Krankheitsanzeichen und k\u00f6nnen in h\u00e4uslicher Quarant\u00e4ne verbleiben.<\/p>\n\n\n\n<p>Nahezu alle Infektionsketten sind nachvollziehbar. Das Gesundheitsamt ermittelt derzeit weitere Kontaktpersonen insbesondere im Bereich der sog. vulnerablen Gruppen, nimmt Kontakt mit diesen auf und begleitet diese w\u00e4hrend der h\u00e4uslichen Quarant\u00e4ne. Alle beteiligten \u00c4rzte, Gesundheitsbeh\u00f6rden, sowie das Kompetenzzentrum Gesundheitsschutz am Landesgesundheitsamt arbeiten dabei eng zusammen.<\/p>\n\n\n\n<h4 class=\"wp-block-heading\">2. Ansprache von Oberb\u00fcrgermeister Dr. Peter Kurz an die B\u00fcrgerinnen und B\u00fcrger<\/h4>\n\n\n\n<p>In einer Video-Botschaft richtet sich der Mannheimer Oberb\u00fcrgermeister Dr. Peter Kurz an die B\u00fcrgerinnen und B\u00fcrger. <\/p>\n\n\n\n<figure class=\"wp-block-embed-youtube wp-block-embed is-type-video is-provider-youtube wp-embed-aspect-16-9 wp-has-aspect-ratio\"><div class=\"wp-block-embed__wrapper\">\n<iframe loading=\"lazy\" title=\"Corona-Virus: Ansprache von Mannheims OB Dr. Kurz\" width=\"500\" height=\"281\" src=\"https:\/\/www.youtube.com\/embed\/PKauCuvyThU?feature=oembed\" frameborder=\"0\" allow=\"accelerometer; autoplay; encrypted-media; gyroscope; picture-in-picture\" allowfullscreen><\/iframe>\n<\/div><\/figure>\n\n\n\n<h4 class=\"wp-block-heading\">3. Betreuung f\u00fcr Schulkinder und Kitakinder von Eltern in \u201esystemrelevanten Berufen\u201c<\/h4>\n\n\n\n<p><strong>Mannheim richtet Not-Kinderbetreuung f\u00fcr Eltern ein, die beide in kritischer Infrastruktur arbeiten \u2013 Notangebot startet Dienstag, den 17.03.<\/strong><\/p>\n\n\n\n<p>Am Montag sind in Mannheim bis auf wenige Ausnahmen noch alle Schulen und Kindertagesst\u00e4tten (Kitas) ge\u00f6ffnet. Die Landesregierung hat die Schlie\u00dfung der Schulen und Kindertagesst\u00e4tten erst ab Dienstag verf\u00fcgt, um den Eltern so die M\u00f6glichkeit zu geben, sich mit ihren Arbeitgebern abzustimmen und die Betreuung zu kl\u00e4ren. Zudem sollen die Schulen die M\u00f6glichkeit haben, die Sch\u00fclerinnen und Sch\u00fcler durch \u00dcbergabe von Material und Hinweisen auf die Phase des Selbststudiums in den n\u00e4chsten vier Wochen vorzubereiten.<br><strong>Eltern mit Kindern in Kindertagesst\u00e4tten, die den Montag nicht f\u00fcr die angesprochenen Kl\u00e4rungen ben\u00f6tigen, werden gebeten, ihre Kinder schon morgen zu Hause zu lassen.<\/strong><\/p>\n\n\n\n<p>Die Stadt Mannheim bietet ab Dienstag, 17.03. eine dezentrale Not-Kinderbetreuung f\u00fcr Eltern an, die beide oder alleinerziehend in sogenannten systemrelevanten Berufen arbeiten. Dazu geh\u00f6ren insbesondere die Gesundheitsversorgung, die Aufrechterhaltung der \u00f6ffentlichen Sicherheit und Ordnung, die nichtpolizeiliche Gefahrenabwehr (Feuerwehr, Rettungsdienst, etc.), die Sicherstellung der \u00f6ffentlichen Infrastruktur in den Bereichen Telekommunikation, Energie, Wasser, \u00d6PNV und Entsorgung sowie die Versorgung mit Lebensmitteln.<\/p>\n\n\n\n<p>Eltern, die in diesen Bereichen arbeiten und deren Kinder bisher in eine Mannheimer Einrichtung zur Kinderbetreuung gehen \u2013 sei es Krippe, Kindergarten, Hort, Schule oder Schulkindbetreuung &#8211; k\u00f6nnen ihre Kinder weiter in die selbe Einrichtung mit gleichem Zeitumfang schicken. Die Stadt Mannheim wird f\u00fcr die Notbetreuung alle ihre Einrichtungen und die Schulen offenhalten.<\/p>\n\n\n\n<p>Gleichzeitig befindet sich die Stadt mit den freien Tr\u00e4gern im Austausch und tr\u00e4gt an diese die Bitte heran, ebenso zu verfahren. Die Eltern m\u00fcssen f\u00fcr die Betreuung ein Formular ausf\u00fcllen, das sie in den Einrichtungen abgeben, sowie ihre \u201esystemrelevante T\u00e4tigkeit\u201c innerhalb von drei Tagen nachweisen (Kopie aus dem Arbeitsvertrag oder Best\u00e4tigung des Arbeitgebers). Das Formular kann auf der Homepage der Stadt abgerufen werden unter LINK und liegt auch in den jeweiligen Einrichtungen bereit.<\/p>\n\n\n\n<h4 class=\"wp-block-heading\">Kindertagespflege (KTP)<\/h4>\n\n\n\n<p>F\u00fcr Eltern, die im Bereich kritischer Infrastruktur arbeiten und ihre Kinder bisher durch Kindertagespflege betreuen lie\u00dfen, deren Angebot jetzt entf\u00e4llt, wird die Stadt ein Ersatzangebot bereitstellen. Pl\u00e4tze f\u00fcr dieses Ersatzangebot werden \u00fcber eine eigens eingerichtete Kinder-Notbetreuungs-Hotline der Stadt vergeben.<\/p>\n\n\n\n<p>Die Kinder-Notbetreuungshotline ist ab Montag, 16.03, ab 12 Uhr, unter der Telefonnummer 0621 -293-5656 freigeschaltet. Vor 12 Uhr ist die Hotline nicht freigeschaltet und erreichbar!<br> Sie ist am Montag von 12 bis 20 Uhr sowie Dienstag bis Freitag von 7 bis18 Uhr besetzt.<\/p>\n\n\n\n<p>Ausw\u00e4rtige Eltern, die in Mannheim in kritischer Infrastruktur arbeiten und in deren Heimatgemeinde kein Notbetreuungsangebot vorhalten, k\u00f6nnen sich ebenfalls an die Kinder-Notbetreuungs-Hotline wenden.<\/p>\n\n\n\n<p><strong>Formular: Notfallbetreuung f\u00fcr Schulkinder von Eltern in systemrelevanten Berufen:<\/strong> <a href=\"https:\/\/www.mannheim.de\/sites\/default\/files\/2020-03\/Notfallbetreuung%20f%C3%BCr%20Schulkinder%20von%20Eltern%20in%20systemrelevanten%20Berufen%20%28002%29.pdf\">https:\/\/www.mannheim.de\/sites\/default\/files\/2020-03\/Notfallbetreuung%20f%C3%BCr%20Schulkinder%20von%20Eltern%20in%20systemrelevanten%20Berufen%20%28002%29.pdf<\/a><\/p>\n\n\n\n<p><strong>Formular:<\/strong> Betreuung f\u00fcr Kita-Kinder von Eltern in systemrelevanten Berufen: <a href=\"https:\/\/www.mannheim.de\/sites\/default\/files\/2020-03\/Anmeldung%20zur%20Notfallbetreuung%20MA-Kitas.pdf\">https:\/\/www.mannheim.de\/sites\/default\/files\/2020-03\/Anmeldung%20zur%20Notfallbetreuung%20MA-Kitas.pdf<\/a><\/p>\n\n\n\n<p><em>Stadt Mannheim<br>16.03.2020<\/em><\/p>\n\n\n\n<h2 class=\"wp-block-heading\">Corona-Virus: Stadt Landau erl\u00e4sst neue Allgemeinverf\u00fcgung zur Schlie\u00dfung von Freizeiteinrichtungen \u2013 Betrieb von Diskotheken, Clubs und Kinos wird untersagt<\/h2>\n\n\n\n<h3 class=\"wp-block-heading\">Dringender Appell von OB Hirsch: \u201eNicht alles, was nicht verboten ist, ist auch erlaubt oder gut!\u201c \u2013 Soziale Kontakte sollen m\u00f6glichst vermieden werden<\/h3>\n\n\n\n<div class=\"wp-block-image\"><figure class=\"aligncenter\"><img decoding=\"async\" loading=\"lazy\" width=\"600\" height=\"621\" src=\"https:\/\/speyer24news.com\/wp-content\/uploads\/2020\/03\/Info-141b-Corona-Veranstaltungen.jpg\" alt=\"\" class=\"wp-image-25916\" srcset=\"https:\/\/speyer24news.com\/wp-content\/uploads\/2020\/03\/Info-141b-Corona-Veranstaltungen.jpg 600w, https:\/\/speyer24news.com\/wp-content\/uploads\/2020\/03\/Info-141b-Corona-Veranstaltungen-290x300.jpg 290w\" sizes=\"(max-width: 600px) 100vw, 600px\" \/><figcaption>Eindrucksvoll: Die Grafik der Bundesregierung zeigt, dass es unumg\u00e4nglich ist, die Verbreitung des Corona-Virus zu verlangsamen. (<em>Quelle: Bundesregierung<\/em>) <\/figcaption><\/figure><\/div>\n\n\n\n<p><strong>Landau &#8211; <\/strong>Um das Corona-Virus einzud\u00e4mmen, hat die Stadt Landau zus\u00e4tzlich zur landesweiten Ank\u00fcndigung von Freitag, Veranstaltungen mit mehr als 75 Teilnehmerinnen und Teilnehmern zu verbieten, eine neue Allgemeinverf\u00fcgung zur Schlie\u00dfung von Freizeiteinrichtungen erlassen. Abgestimmt mit den St\u00e4dten der Pfalz ist seit Montag, 16. M\u00e4rz, der Betrieb von Spielhallen, Tanzschulen, Shisha-Bars, Vergn\u00fcgungsst\u00e4tten, Fitness- und Gymnastikstudios, Saunen, Indoorspielpl\u00e4tzen, Diskotheken, Musikclubs, Theatern und Kinos untersagt. Auch die Innenbereiche zoologischer Anlagen bleiben geschlossen, also das Reptilium oder im Fall des Zoos das Warmhaus. Die Au\u00dfenbereiche des Zoos sind weiter f\u00fcr Besucherinnen und Besucher ge\u00f6ffnet.<\/p>\n\n\n\n<p>Gastronomiebetriebe und\nHotels bleiben ebenfalls ge\u00f6ffnet, allerdings m\u00fcssen Tische zur Bewirtung\nmindestens zwei Meter Abstand voneinander haben und es d\u00fcrfen h\u00f6chstens vier\nPersonen gleichzeitig an einem Tisch sitzen. <\/p>\n\n\n\n<p>Die Regelungen gelten zun\u00e4chst bis einschlie\u00dflich 10. April. <\/p>\n\n\n\n<div class=\"wp-block-image\"><figure class=\"aligncenter\"><img decoding=\"async\" loading=\"lazy\" width=\"800\" height=\"533\" src=\"https:\/\/speyer24news.com\/wp-content\/uploads\/2020\/03\/Info-141a-Corona-Veranstaltungen.jpg\" alt=\"\" class=\"wp-image-25917\" srcset=\"https:\/\/speyer24news.com\/wp-content\/uploads\/2020\/03\/Info-141a-Corona-Veranstaltungen.jpg 800w, https:\/\/speyer24news.com\/wp-content\/uploads\/2020\/03\/Info-141a-Corona-Veranstaltungen-300x200.jpg 300w, https:\/\/speyer24news.com\/wp-content\/uploads\/2020\/03\/Info-141a-Corona-Veranstaltungen-768x512.jpg 768w\" sizes=\"(max-width: 800px) 100vw, 800px\" \/><figcaption>Gastronomiebetriebe und Hotels in Landau bleiben weiter ge\u00f6ffnet, allerdings m\u00fcssen Tische zur Bewirtung mindestens zwei Meter Abstand voneinander haben und es d\u00fcrfen h\u00f6chstens vier Personen gleichzeitig an einem Tisch sitzen. <em>(Quelle:  Stadt Landau in der Pfalz) <\/em><\/figcaption><\/figure><\/div>\n\n\n\n<p>Oberb\u00fcrgermeister Thomas\nHirsch macht deutlich, dass diese Vorsichtsma\u00dfnahmen unumg\u00e4nglich seien, um die\nVerbreitung des Virus einzud\u00e4mmen bzw. zu verlangsamen. \u201eIn Deutschland haben\nwir noch ein kleines Zeitfenster, um uns auf die Wucht der Infektion\nvorzubereiten und je mehr wir soziale Kontakte einschr\u00e4nken, desto langsamer\nwird die Ausbreitung voranschreiten\u201c, so Landaus Stadtchef. Und: Nicht alles,\nwas nicht verboten sei, sei auch erlaubt oder gut, betont der OB mit Nachdruck.\n\u201eJede und jeder von uns hat jetzt Verantwortung f\u00fcr ihre bzw. seine Mitmenschen;\nwir m\u00fcssen Sozialkontakte zur\u00fccknehmen und alle Veranstaltungen, die nicht\nzwingend notwendig sind, absagen.\u201c Die Stadt k\u00f6nne nicht jede Veranstalterin\nund jeden Veranstalter pers\u00f6nlich schriftlich informieren, so Hirsch \u2013 in\ndieser besonderen Situation sei jede und jeder Einzelne gefragt, sich zu\ninformieren und entsprechend im Sinne des Gemeinwohls zu handeln.<\/p>\n\n\n\n<p>Erfreulich: Vereine wie der SV Landau West haben begonnen, Eink\u00e4ufe f\u00fcr Seniorinnen und Senioren zu organisieren und auch Landauer Nachbarschaften pflegen telefonische Kontakte. OB Hirsch dankt allen, die sich aktuell so f\u00fcr ihre Mitmenschen engagieren. \u201eSoziale W\u00e4rme trotz sozialer Distanz: Das brauchen wir in diesen schweren Zeiten\u201c, so der Stadtchef. Weitere Informationen finden sich in den sozialen Netzwerken oder unter <a href=\"http:\/\/www.landau-west.de\">www.landau-west.de<\/a>. <\/p>\n\n\n\n<p><em>Text: Stadtverwaltung Landau in der Pfalz Foto: (1) Bundesregierung; (2) Stadt Landau in der Pfalz<br>16.03.2020<\/em><\/p>\n\n\n\n<h2 class=\"wp-block-heading\"><strong>Coronavirus: Weitere F\u00e4lle im Landkreis S\u00fcdliche Weinstra\u00dfe und der Stadt Landau<\/strong><\/h2>\n\n\n\n<div class=\"wp-block-image\"><figure class=\"aligncenter\"><img decoding=\"async\" loading=\"lazy\" width=\"600\" height=\"184\" src=\"https:\/\/speyer24news.com\/wp-content\/uploads\/2020\/03\/S\u00dcW-Landau-Logo.png\" alt=\"\" class=\"wp-image-25915\" srcset=\"https:\/\/speyer24news.com\/wp-content\/uploads\/2020\/03\/S\u00dcW-Landau-Logo.png 600w, https:\/\/speyer24news.com\/wp-content\/uploads\/2020\/03\/S\u00dcW-Landau-Logo-300x92.png 300w\" sizes=\"(max-width: 600px) 100vw, 600px\" \/><\/figure><\/div>\n\n\n\n<p><strong>Landkreis S\u00fcdliche Weinstra\u00dfe \/ Landau &#8211; <\/strong>Im Landkreis S\u00fcdliche Weinstra\u00dfe und der Stadt Landau haben sich neun weitere F\u00e4lle des Coronavirus (COVID-19) best\u00e4tigt. F\u00fcnf Personen stammen aus der Verbandsgemeinde Herxheim, vier Personen aus der Verbandsgemeinde Edenkoben und eine Person aus der Stadt Landau. &nbsp;<\/p>\n\n\n\n<p>Alle ermittelbaren Kontaktpersonen werden \u00fcber\ndie Infektion informiert. <\/p>\n\n\n\n<p>Nach aktuellem Stand gibt es momentan im\nZust\u00e4ndigkeitsbereich des Gesundheitsamts Landau\/S\u00fcdliche Weinstra\u00dfe insgesamt\nzehn Personen, die positiv auf das Coronavirus getestet wurden; neun im\nLandkreis S\u00fcdliche Weinstra\u00dfe, eine Person aus der Stadt Landau. <\/p>\n\n\n\n<p>Informationen zum Thema Coronavirus auf der\nHomepage des Landkreises: <a href=\"http:\/\/www.suedliche-weinstrasse.de.%20\">www.suedliche-weinstrasse.de.\n<\/a>&nbsp;&nbsp;<\/p>\n\n\n\n<p>B\u00fcrgertelefon: Unter der 06341\/940 555 erhalten B\u00fcrgerinnen und B\u00fcrger des Kreises S\u00dcW und der Stadt Landau Informationen rund um das richtige Verhalten. Das B\u00fcrgertelefon erreichen B\u00fcrgerinnen und B\u00fcrger Montag bis Donnerstag von 10 bis 12:30 Uhr und 13:30 bis 16 Uhr, Freitag 10 bis 12:30 Uhr, Samstag und Sonntag von 10 bis 12:30 Uhr. <\/p>\n\n\n\n<p><em>Gemeinsame Pressemitteilung der Stadt Landau in der Pfalz und des Landkreises S\u00fcdliche Weinstra\u00dfe<br>16.03.2020<\/em><\/p>\n\n\n\n<h2 class=\"wp-block-heading\">Betrieb in der Thermen &amp; Badewelt Sinsheim wird ab 16. M\u00e4rz 2020 eingestellt<\/h2>\n\n\n\n<div class=\"wp-block-image\"><figure class=\"aligncenter\"><img decoding=\"async\" loading=\"lazy\" width=\"500\" height=\"593\" src=\"https:\/\/speyer24news.com\/wp-content\/uploads\/2020\/01\/Badewelt-Sinsheim-Logo.png\" alt=\"\" class=\"wp-image-24732\" srcset=\"https:\/\/speyer24news.com\/wp-content\/uploads\/2020\/01\/Badewelt-Sinsheim-Logo.png 500w, https:\/\/speyer24news.com\/wp-content\/uploads\/2020\/01\/Badewelt-Sinsheim-Logo-253x300.png 253w\" sizes=\"(max-width: 500px) 100vw, 500px\" \/><\/figure><\/div>\n\n\n\n<p><strong>Sinsheim \/ Thermen &amp; Badewelt &#8211; <\/strong>In Anbetracht der aktuellen Situation und der damit verbundenen Gesamtentwicklung in Bezug auf COVID-19 hat sich die Thermen &amp; Badewelt Sinsheim in Absprache mit den zust\u00e4ndigen Beh\u00f6rden, zu einer Einstellung des G\u00e4stebetriebes ab 16. M\u00e4rz 2020 entschlossen. Somit endete der regul\u00e4re Betrieb der Thermen &amp; Badewelt Sinsheim am 15. M\u00e4rz 2020 um 22 Uhr bis auf Weiteres.<\/p>\n\n\n\n<p>\u201eWir sehen uns in der Verantwortung gegen\u00fcber unseren Mitarbeitern und Mitarbeiterinnen und deren Familien sowie auch unseren G\u00e4sten. In den letzten Tagen und Wochen standen wir in einem sehr engen und konstruktiven Austausch mit den verantwortlichen Beh\u00f6rden, bei denen wir uns an dieser Stelle f\u00fcr ihren unerm\u00fcdlichen Einsatz und ihr Engagement bedanken wollen. Mit der Schlie\u00dfung m\u00f6chten wir unseren Beitrag zur Eind\u00e4mmung von COVID-19 in dieser schwierigen Zeit leisten\u201c so Stephan Roth, Gesch\u00e4ftsleiter der Thermen &amp; Badewelt Sinsheim.<\/p>\n\n\n\n<p>Wir werden die \u00d6ffentlichkeit und unsere G\u00e4ste informieren, wenn der Termin der Wiederer\u00f6ffnung bekannt ist.<\/p>\n\n\n\n<p><em>Badewelt Sinsheim GmbH <br>16.03.2020<\/em><\/p>\n\n\n\n<h2 class=\"wp-block-heading\">Aktuelle Information zu Corona in Mannheim 14.03.2020<\/h2>\n\n\n\n<ol><li><strong>Aktuelle Fallzahlen<\/strong><\/li><li><strong>Risikogebiet<\/strong><\/li><li><strong>Fragen und Antworten Allgemeinverf\u00fcgung<\/strong><\/li><\/ol>\n\n\n\n<div class=\"wp-block-image\"><figure class=\"aligncenter\"><img decoding=\"async\" src=\"https:\/\/speyer24news.com\/wp-content\/uploads\/2020\/03\/Mannheim-Logo.png\" alt=\"\" class=\"wp-image-25671\"\/><\/figure><\/div>\n\n\n\n<p>1. Dem Gesundheitsamt Mannheim wurden seit Freitag bis Samstagnachmittag, 14.03.2020, 9 weitere F\u00e4lle von nachgewiesenen Coronavirus-Infektionen gemeldet. Damit erh\u00f6ht sich die Zahl der best\u00e4tigten F\u00e4lle in Mannheim auf 37. Alle nachgewiesenen Infizierten zeigen nur milde Krankheitsanzeichen und k\u00f6nnen in h\u00e4uslicher Quarant\u00e4ne verbleiben.<br>Eine der nachgewiesen infizierten Personen ist an der Friedrichsfeldschule besch\u00e4ftigt. Wie vom Kultusministerium angeordnet, bleiben alle Schulen ab kommenden Dienstag bis nach den Osterferien geschlossen. Die Friedrichsfeldschule bleibt aus organisatorischen Gr\u00fcnden bereits am kommenden Montag, 16.03., geschlossen.<br>Nahezu alle Infektionsketten sind nachvollziehbar. Das Gesundheitsamt ermittelt derzeit weitere Kontaktpersonen. insbesondere im Bereich der sog. vulnerablen Gruppen, nimmt Kontakt mit diesen auf und begleitet diese w\u00e4hrend der h\u00e4uslichen Quarant\u00e4ne. Alle beteiligten \u00c4rzte, Gesundheitsbeh\u00f6rden, sowie das Kompetenzzentrum Gesundheitsschutz am Landesgesundheitsamt arbeiten dabei eng zusammen.<\/p>\n\n\n\n<p><strong>2. Risikogebiete<\/strong><\/p>\n\n\n\n<p>Das Robert-Koch-Institut hat nun auch das Bundesland Tirol in \u00d6sterreich sowie Madrid, Spanien, in die Liste der Risikogebiete aufgenommen:<\/p>\n\n\n\n<p><a href=\"https:\/\/www.rki.de\/DE\/Content\/InfAZ\/N\/Neuartiges_Coronavirus\/Risikogebiete.html\">https:\/\/www.rki.de\/DE\/Content\/InfAZ\/N\/Neuartiges_Coronavirus\/Risikogebiete.html<\/a><\/p>\n\n\n\n<p><strong>3. Fragen und Antworten zur Allgemeinverf\u00fcgung<\/strong><\/p>\n\n\n\n<p><a href=\"https:\/\/www.mannheim.de\/de\/nachrichten\/faq-allgemeinverfuegung\">https:\/\/www.mannheim.de\/de\/nachrichten\/faq-allgemeinverfuegung<\/a><\/p>\n\n\n\n<p><em>Stadt Mannheim<br>16.03.2020<\/em><\/p>\n\n\n\n<h2 class=\"wp-block-heading\"><strong>Coronavirus: Landkreis untersagt Veranstaltungen mit mehr als 75 Teilnehmern<\/strong><\/h2>\n\n\n\n<div class=\"wp-block-image\"><figure class=\"aligncenter\"><img decoding=\"async\" src=\"https:\/\/speyer24news.com\/wp-content\/uploads\/2020\/03\/Absage-Veranstaltung.jpg\" alt=\"\" class=\"wp-image-25854\"\/><\/figure><\/div>\n\n\n\n<p><strong>Landkreis Germersheim &#8211; <\/strong>Im gesamten Land und damit auch im Landkreis Germersheim sind ab sofort Veranstaltungen ab einer zu erwartenden Teilnehmerzahl von mehr als 75 Personen untersagt. Das hat der Landkreis Germersheim per Allgemeinverf\u00fcgung erlassen. Mit dieser Verf\u00fcgung setzt der Landkreis die Ma\u00dfnahmen des Landes Rheinland-Pfalz im Zuge der Ausbreitung des Coronavirus SARSCoV-2 (COVID-19) um. Diese Allgemeinverf\u00fcgung gilt zun\u00e4chst bis zum 10.&nbsp;April 2020.<\/p>\n\n\n\n<p>Es finden nur noch zwingend\nnotwendige Veranstaltungen mit einer Obergrenze von 75&nbsp;Personen statt. Dies\ngilt auch f\u00fcr private Veranstaltungen. Damit soll die Ausbreitung verlangsamt\nund insbesondere \u00e4ltere Menschen, Menschen mit Vorerkrankungen oder\ngeschw\u00e4chtem Immunsystem gesch\u00fctzt werden. \u201eEs gilt jetzt ganz besonders,\ndiesen Personenkreis zu sch\u00fctzen. Aus diesem Grund bitte ich Sie alle\neindringlich, diese Verf\u00fcgung zu beachten und zudem alle sozialen Kontakte auf\nein Minimum zu beschr\u00e4nken\u201c, so Landrat Dr. Fritz Brechtel.<\/p>\n\n\n\n<p>Durch den vorherrschenden\n\u00dcbertragungsweg von SARS-CoV-2 \u00fcber Tr\u00f6pfchen, z.B. durch Husten, Niesen, und\ndurch teils mild erkrankte oder auch asymptomatisch infizierte Personen kann es\nzu \u00dcbertragungen von Mensch-zu-Mensch kommen kann. <\/p>\n\n\n\n<p>Bei gr\u00f6\u00dferen Menschenansammlungen\nl\u00e4sst sich die Gefahr einer Virus\u00fcbertragung angesichts des aktuellen Verlaufs\nan Infektionen mit SARS-CoV-2 nicht sicher beurteilen. Daf\u00fcr spricht die\nheterogene, nicht vollst\u00e4ndig zu \u00fcberblickende Zusammensetzung und Herkunft der\nTeilnehmenden sowie die zu bef\u00fcrchtende Durchmischung und N\u00e4he der\nTeilnehmenden. Dar\u00fcber hinaus ist bei einer h\u00f6heren Teilnehmerzahl eine\nvollst\u00e4ndige und zuverl\u00e4ssige Erfassung der pers\u00f6nlichen Daten, f\u00fcr eine\netwaige R\u00fcckverfolgung der Teilnehmenden, nur schwer zu gew\u00e4hrleisten.<\/p>\n\n\n\n<p>Die Allgemeinverf\u00fcgung ist auf der Webseite der Kreisverwaltung unter <a href=\"http:\/\/www.kreis-germersheim.de\/Coronavirus\">www.kreis-germersheim.de\/Coronavirus<\/a> abrufbar.<\/p>\n\n\n\n<p><em>Kreisverwaltung Germersheim<\/em><br><em>16.03.2020<\/em><\/p>\n\n\n\n<h2 class=\"wp-block-heading\"><strong>Kreisverwaltung bittet alle R\u00fcckkehrer\naus Skigebieten in \u00d6sterreich, Italien und der Schweiz zuhause zu bleiben<\/strong><\/h2>\n\n\n\n<h3 class=\"wp-block-heading\"><strong>Bei Symptomen beim Hausarzt anrufen<\/strong><\/h3>\n\n\n\n<h4 class=\"wp-block-heading\"><strong>B\u00fcrgertelefon ab Montag l\u00e4nger erreichbar<\/strong><\/h4>\n\n\n\n<div class=\"wp-block-image\"><figure class=\"aligncenter\"><img decoding=\"async\" src=\"https:\/\/speyer24news.com\/wp-content\/uploads\/2020\/03\/Germersheim.jpg\" alt=\"\" class=\"wp-image-25757\"\/><\/figure><\/div>\n\n\n\n<p><strong>Landkreis Germersheim \/ S\u00fcdpfalz &#8211; <\/strong>Aufgrund der aktuellen Entwicklungen und der steigenden Infektionszahlen bei R\u00fcckkehrern aus dem Skiurlaub schlie\u00dft sich das Gesundheitsamt der Kreisverwaltung Germersheim der Bitte und dringenden Empfehlung von Bundesgesundheitsminister Jens Spahn an, R\u00fcckkehrer aus \u00d6sterreich, Italien und der Schweiz m\u00f6gen bitte freiwillig 14 Tage in h\u00e4usliche Quarant\u00e4ne gehen. Der Minister twitterte: \u201eWenn Sie innerhalb der letzten 14 Tage in Italien, in der Schweiz oder in \u00d6sterreich waren: Vermeiden Sie unn\u00f6tige Kontakte und bleiben Sie 2 Wochen zu Hause \u2013 unabh\u00e4ngig davon, ob Sie Symptome haben oder nicht.\u201c<\/p>\n\n\n\n<p>Die\nKreisverwaltung bitte dringend darum, dieser Empfehlung zu folgen. R\u00fcckkehrer,\ndie Symptome entwickeln, sollen sich bitte umgehend <strong>telefonisch<\/strong> bei ihrem Hausarzt melden. <\/p>\n\n\n\n<p>\u201eUnser Augenmerk muss weiterhin vor allem darauf liegen, die Infektionsgeschwindigkeit und die Ausbreitung des Coronavirus zu verlangsamen, um unser Gesundheits-, Sozial- und Verwaltungssystem nicht zu \u00fcberlasten und die Schwachen und Vorerkrankten unserer Gesellschaft nicht in eine vermeidbare Gefahr zu bringen\u201c, so Landrat Dr. Fritz Brechtel. Er appelliert die B\u00fcrgerinnen und B\u00fcrger nach ihren M\u00f6glichkeiten zu Schutz ihrer Mitmenschen beizutragen: \u201eBitte haben Sie Verst\u00e4ndnis, halten Sie sich an die Hygienetipps und vermeiden Sie nicht dringend notwendige soziale Kontakte. Ich bitte Sie insbesondere hier im Namen derer, die einer besonderen Gef\u00e4hrdung durch eine Ansteckung ausgesetzt sind.\u201c<strong> <\/strong><\/p>\n\n\n\n<h4 class=\"wp-block-heading\"><strong>B\u00fcrgertelefon &#8211; Erreichbarkeit ausgeweitet<\/strong><\/h4>\n\n\n\n<p>Das B\u00fcrgertelefon der\nKreisverwaltung Germersheim ist unter der<br>\nTelefonnummer&nbsp;07274\/53-131 erreichbar.<\/p>\n\n\n\n<p>Seit Montag, 16. M\u00e4rz 2020, wird die Erreichbarkeit des B\u00fcrgertelefons ausgeweitet. Dieses ist ab Montag zu folgenden Zeiten erreichbar:<\/p>\n\n\n\n<p>Montag bis\nMittwoch: Donnerstag 9 bis 12.30 Uhr und 13.30 bis 16 Uhr<\/p>\n\n\n\n<p>Donnerstag: 9 bis\n12.30 Uhr und 13.30 bis 18 Uhr<\/p>\n\n\n\n<p>Freitag: 9 bis 13\nUhr.<\/p>\n\n\n\n<p><strong>Weitere Informationen zum Thema gibt es unter <\/strong><a href=\"http:\/\/www.kreis-germersheim.de\/Coronavirus\"><strong>www.kreis-germersheim.de\/Coronavirus<\/strong><\/a><\/p>\n\n\n\n<h3 class=\"wp-block-heading\">Lesen sie hier das Amtsblatt des Landkreises Germersheim als pdf:<\/h3>\n\n\n\n<div class=\"wp-block-file\"><a href=\"https:\/\/speyer24news.com\/wp-content\/uploads\/2020\/03\/200314-Amtsblatt-10-2020.pdf\">200314-Amtsblatt-10-2020<\/a><a href=\"https:\/\/speyer24news.com\/wp-content\/uploads\/2020\/03\/200314-Amtsblatt-10-2020.pdf\" class=\"wp-block-file__button\" download>Herunterladen<\/a><\/div>\n\n\n\n<p><em>Kreisverwaltung Germersheim<br>16.03.2020<\/em><\/p>\n\n\n\n<h2 class=\"wp-block-heading\"><strong>Coronakrise<\/strong> &#8211; <strong>08 stellt alle Aktivit\u00e4ten ein<\/strong><\/h2>\n\n\n\n<div class=\"wp-block-image\"><figure class=\"aligncenter\"><img decoding=\"async\" loading=\"lazy\" width=\"600\" height=\"197\" src=\"https:\/\/speyer24news.com\/wp-content\/uploads\/2020\/03\/08-er-Ha\u00dfloch.png\" alt=\"\" class=\"wp-image-25827\" srcset=\"https:\/\/speyer24news.com\/wp-content\/uploads\/2020\/03\/08-er-Ha\u00dfloch.png 600w, https:\/\/speyer24news.com\/wp-content\/uploads\/2020\/03\/08-er-Ha\u00dfloch-300x99.png 300w\" sizes=\"(max-width: 600px) 100vw, 600px\" \/><\/figure><\/div>\n\n\n\n<p><strong>Ha\u00dfloch \/ 1. FC 08 &#8211; <\/strong>Liebe Mitglieder und Freunde des 1. FC 08 Ha\u00dfloch,<\/p>\n\n\n\n<p>aufgrund der aktuellen Entwicklung bei der Coronakrise hat der Gesamtvorstand des 1. FC 08 Ha\u00dfloch in einer Sondersitzung am 14. M\u00e4rz einstimmig folgendes beschlossen:<\/p>\n\n\n\n<ol><li>Der gesamte Spiel- und Sportbetrieb wie auch der Trainingsbetrieb bei allen drei Sportarten Fu\u00dfball, American Football und Cheerleading wird ab sofort &nbsp;bis auf weiteres eingestellt. Dies gilt f\u00fcr den Senioren- wie auch Jugendbereich gleicherma\u00dfen.<\/li><li>Das 08-Clubheim bleibt bis auf weiteres geschlossen. Alle Aktivit\u00e4ten im Clubhaus wie Seniorentanz (\u201eTanz f\u00fcr Junggebliebene\u201c), Clubabende des 1. Skatclubs Ha\u00dfloch und 08-Stammtische werden bis auf weiteres eingestellt.<\/li><\/ol>\n\n\n\n<p>Mit diesem Beschluss kommt der Verein seiner Verantwortung f\u00fcr die Mitglieder, Freunde und G\u00e4ste nach. Motiv ist, unsere Mitglieder und G\u00e4ste zu sch\u00fctzen und dazu beizutragen, dass sich die Situation nicht weiter versch\u00e4rft.<\/p>\n\n\n\n<p>Wir bitten unsere Mitglieder und Freunde um Verst\u00e4ndnis f\u00fcr diese Ma\u00dfnahme. Sobald es die Situation zul\u00e4sst, diesen Beschluss aufzuheben, wird der Verein in gewohnter Weise alle informieren.<\/p>\n\n\n\n<p><em>J\u00fcrgen Hurrle<br>1. Vorsitzender<br>1. FC 08 Ha\u00dfloch<br>16.03.2020<\/em><\/p>\n\n\n\n<h2 class=\"wp-block-heading\"><strong>Bistum\nl\u00e4dt Gl\u00e4ubige zum Angelus-Gebet f\u00fcreinander ein<\/strong><\/h2>\n\n\n\n<h3 class=\"wp-block-heading\"><strong>Glocken in den Gemeinden l\u00e4uten morgens, mittags und abends \u2013 Bischof Wiesemann: \u201eWir verbinden uns zu einer bistumsweiten Gebetsgemeinschaft\u201c<\/strong><\/h3>\n\n\n\n<div class=\"wp-block-image\"><figure class=\"aligncenter\"><img decoding=\"async\" loading=\"lazy\" width=\"375\" height=\"500\" src=\"https:\/\/speyer24news.com\/wp-content\/uploads\/2020\/03\/Dom.jpg\" alt=\"\" class=\"wp-image-25911\" srcset=\"https:\/\/speyer24news.com\/wp-content\/uploads\/2020\/03\/Dom.jpg 375w, https:\/\/speyer24news.com\/wp-content\/uploads\/2020\/03\/Dom-225x300.jpg 225w\" sizes=\"(max-width: 375px) 100vw, 375px\" \/><\/figure><\/div>\n\n\n\n<p><strong>Speyer &#8211; <\/strong>W\u00e4hrend die Gottesdienste im Bistum Speyer aufgrund des Corona-Virus vorerst ausgesetzt sind, l\u00e4dt Bischof Karl-Heinz Wiesemann die Gl\u00e4ubigen zum Angelus-Gebet f\u00fcreinander ein: \u201eWir wollen uns dreimal t\u00e4glich zu einer bistumsweiten Gebetsgemeinschaft verbinden. Dabei wollen wir besonders an die Menschen denken, die am Corona-Virus erkrankt sind. Zugleich gilt das Gebet den \u00c4rzten und Pflegekr\u00e4ften, die die Erkrankten medizinisch betreuen.\u201c<\/p>\n\n\n\n<p>Seit Sonntag, den 15. M\u00e4rz, werden in den Kirchen des Bistums Speyer dreimal t\u00e4glich die Kirchenglocken l\u00e4uten. \u201eMorgens zwischen 6 und 7 Uhr \u2013 die Uhrzeit variiert in den einzelnen Gemeinden &#8211; , mittags um 12 Uhr und abends um 18 Uhr\u201c, erl\u00e4utert Generalvikar Andreas Sturm. Das L\u00e4uten ist das Zeichen zum gemeinsamen Gebet. \u201eDie Gl\u00e4ubigen k\u00f6nnen dabei den Text des Angelus-Gebets verwenden oder ihren Bitten in freier Form Ausdruck geben.\u201c<\/p>\n\n\n\n<p>Das Angelus-Gebet hat in der katholischen Kirche eine lange\nTradition. Im Jahr 1274 sprach der heilige Bonaventura zum ersten Mal die\nEmpfehlung aus, am Abend dreimal das \u201eAve Maria\u201c zu beten. Vom Kloster\nMontecassino in Italien ist bereits Ende des 13. Jahrhunderts belegt, dass dort\nmorgens und abends unter Glockengel\u00e4ut das &#8222;Ave Maria&#8220; gebetet wurde.\nPapst Johannes XXII. griff diese Tradition 1318 auf: Er ordnete an, dass die\nGl\u00e4ubigen jeden Abend beim L\u00e4uten auf die Knie fallen und Maria dreimal gr\u00fc\u00dfen\nsollen. 1571 legte Papst Pius V. das Angelus-Gebet in der heutigen Form fest. Wie\ndie M\u00f6nche im Stundengebet beteten, sollte der &#8222;Engel des Herrn&#8220; allen\nChristen die M\u00f6glichkeit geben, in best\u00e4ndiger Form Maria zu gr\u00fc\u00dfen und Gott um\nseinen Schutz zu bitten. Seitdem betet die Kirche dreimal t\u00e4glich den\n&#8222;Engel des Herrn&#8220;. Morgens soll dabei an die Auferstehung Christi\ngedacht werden, mittags an sein Leiden und am Abend an Jesu Menschwerdung. Das\nGebet besteht auch heute noch aus drei &#8222;Ave Maria&#8220;, die jeweils von\neinem biblischen Vers eingeleitet werden, einem Gebet f\u00fcr die Verstorbenen und\ndem abschlie\u00dfenden Gebet. Das Gebet ist benannt nach seinen ersten Worten.<\/p>\n\n\n\n<h4 class=\"wp-block-heading\"><strong>Das\nAngelus-Gebet<\/strong><\/h4>\n\n\n\n<p><strong><em>Der Engel des Herrn brachte Maria die Botschaft, und\nsie empfing vom Heiligen Geist.<\/em><\/strong><\/p>\n\n\n\n<p><em>Gegr\u00fc\u00dfet seist du, Maria, voll der Gnade, der Herr ist\nmit dir. Du bist gebenedeit unter den Frauen, und gebenedeit ist die Frucht\ndeines Leibes, Jesus. Heilige Maria, Mutter Gottes, bitte f\u00fcr uns S\u00fcnder, jetzt\nund in der Stunde unseres Todes. Amen.<\/em><\/p>\n\n\n\n<p><strong><em>Maria sprach: \u201eSiehe, ich bin die Magd des Herrn; mir\ngeschehe nach deinem Wort.\u201c<\/em><\/strong><\/p>\n\n\n\n<p><em>Gegr\u00fc\u00dfet seist du, Maria, &#8230;<\/em><\/p>\n\n\n\n<p><strong><em>Und das Wort ist Fleisch geworden und hat unter uns\ngewohnt.<\/em><\/strong><\/p>\n\n\n\n<p><em>Gegr\u00fc\u00dfet seist du, Maria, &#8230;<\/em><\/p>\n\n\n\n<p><strong><em>Bitte f\u00fcr uns, heilige Gottesmutter, dass wir w\u00fcrdig\nwerden der Verhei\u00dfung Christi.<\/em><\/strong><\/p>\n\n\n\n<p><em>Lasset uns beten: Allm\u00e4chtiger Gott, gie\u00dfe deine Gnade in\nunsere Herzen ein. Durch die Botschaft des Engels haben wir die Menschwerdung\nChristi, deines Sohnes, erkannt. Lass uns durch sein Leiden und Kreuz zur\nHerrlichkeit der Auferstehung gelangen. Darum bitten wir durch Christus, unsern\nHerrn. Amen<\/em><\/p>\n\n\n\n<p><strong>Zur Geschichte des Angelus-Gebets:<\/strong><a href=\"https:\/\/deref-web-02.de\/mail\/client\/kxJ3SdRD1-0\/dereferrer\/?redirectUrl=https%3A%2F%2Fwww.katholisch.de%2Fartikel%2F6080-ein-gebet-der-ganzen-welt\" target=\"_blank\" rel=\"noreferrer noopener\">https:\/\/www.katholisch.de\/artikel\/6080-ein-gebet-der-ganzen-welt<\/a><\/p>\n\n\n\n<p><em>Bistum Speyer<br>16.03.2020<\/em><\/p>\n\n\n\n<h2 class=\"wp-block-heading\"><strong>Ma\u00dfnahmen zur Eind\u00e4mmung des Coronavirus<\/strong><\/h2>\n\n\n\n<div class=\"wp-block-image\"><figure class=\"aligncenter\"><img decoding=\"async\" loading=\"lazy\" width=\"600\" height=\"277\" src=\"https:\/\/speyer24news.com\/wp-content\/uploads\/2020\/03\/Speyer-Logo-Stadt.png\" alt=\"\" class=\"wp-image-25862\" srcset=\"https:\/\/speyer24news.com\/wp-content\/uploads\/2020\/03\/Speyer-Logo-Stadt.png 600w, https:\/\/speyer24news.com\/wp-content\/uploads\/2020\/03\/Speyer-Logo-Stadt-300x139.png 300w\" sizes=\"(max-width: 600px) 100vw, 600px\" \/><\/figure><\/div>\n\n\n\n<p><strong>Speyer &#8211; <\/strong>Das Land Rheinland-Pfalz hat am Freitag, 13. M\u00e4rz 2020 umfassende Ma\u00dfnahmen ergriffen, um die Ausbreitung des Corona-Virus einzud\u00e4mmen. Gem\u00e4\u00df der erlassenen Allgemeinverf\u00fcgung k\u00f6nnen nur noch zwingend notwendige Veranstaltungen  mit weniger als 75 Teilnehmer*innen durchgef\u00fchrt werden. Veranstaltungen mit mehr als 75 Teilnehmer*innen d\u00fcrfen nicht mehr stattfinden. Dar\u00fcber hinaus wird ab Montag, 16. M\u00e4rz 2020 der regul\u00e4re Schul- und Kitabetrieb eingestellt. <\/p>\n\n\n\n<p>\u201eIch bin froh, dass es jetzt eine rechtsverbindliche Vorgabe des Landes Rheinland-Pfalz gibt, die Unsicherheiten beseitigt und eine einheitliche Vorgehensweise im Land garantiert\u201c, so Oberb\u00fcrgermeisterin Stefanie Seiler.&nbsp; \u201eUnser oberstes Ziel ist es, die weitere Ausbreitung des Coronavirus einzud\u00e4mmen und ein Abflachen beziehungsweise eine Verz\u00f6gerung des H\u00f6hepunkts der Pandemie zu erreichen, um das Gesundheitssystem zu entlasten\u201c. Dar\u00fcber hinaus gelte es nun, die st\u00e4dtische  Infrastruktur und Handlungsf\u00e4higkeit aufrecht zu erhalten. <\/p>\n\n\n\n<p>&#8222;Insbesondere die Versorgung von \u00e4lteren Mitmenschen und jenen mit ernsthaften Vorerkrankungen oder alleinstehenden Menschen, die sich aufgrund von Quarant\u00e4nema\u00dfnahmen nicht mehr selbst versorgen k\u00f6nnen, m\u00fcssen wir sicherstellen,\u201c  erkl\u00e4rt die Stadtchefin. Um dies zu gew\u00e4hrleisten werde sich die Verwaltung um den Aufbau eines Versorgungs- und Einkaufsdienstes bem\u00fchen.<\/p>\n\n\n\n<p>Im Laufe des Freitages hat der Krisenstab der Stadt Speyer wiederholt in unterschiedlichen Konstellationen getagt, um \u00fcber die jeweils neusten Entwicklungen und geeignete weitere Ma\u00dfnahmen zu beraten. <\/p>\n\n\n\n<p>Die Oberb\u00fcrgermeisterin wird am Montag eine Telefonkonferenz mit den Fraktionsvorsitzenden der Stadtratsfraktionen einberufen und besprechen, wie weiter mit Stadtrat-, Ausschuss- und Beiratssitzungen verfahren wird. <\/p>\n\n\n\n<p>Um die vom Land Rheinland-Pfalz in Aussicht gestellte Notbetreuung in Kitas und Schulen sorgf\u00e4ltig zu planen und zu steuern, <strong>bleiben am Montag, 16. M\u00e4rz 2020 zun\u00e4chst alle Einrichtungen komplett geschlossen<\/strong>. Die Stadtverwaltung  bittet um Verst\u00e4ndnis. Weiter Informationen folgen sobald die Rahmenbedingungen feststehen. <\/p>\n\n\n\n<p>Aufgrund der Allgemeinverf\u00fcgung m\u00fcssen die <strong>Fr\u00fchjahrsmesse <\/strong>und der f\u00fcr den 5. April 2020 geplante <strong>verkaufsoffene Sonntag abgesagt<\/strong> werden. Die Stadtchefin bedauert die Absage, betont aber, dass das potentielle Ansteckungs- und  Verbreitungsrisiko nach den j\u00fcngsten Entwicklungen nicht vertretbar sei.<\/p>\n\n\n\n<p>Da f\u00fcr \u00e4ltere Menschen eine Infektion mit dem Corona-Virus besonders gef\u00e4hrlich ist, empfiehlt die Verwaltung Besuche in Alten- und Pflegeeinrichtungen bis auf weiteres auf notwendige Sozialkontakte zu reduzieren und wird am Montag eine Allgemeinverf\u00fcgung zur Besucherregelung erlassen.<\/p>\n\n\n\n<p>Die Stadt plant, ab Montag ein erweitertes B\u00fcrgertelefon einzurichten, um Fragen rund um Betreuungsm\u00f6glichkeiten, \u00d6ffnungszeiten und Veranstaltungen zu beantworten. Dar\u00fcber hinaus wird der Publikumsverkehr in allen st\u00e4dtischen Dienststellen eingeschr\u00e4nkt. Eine pers\u00f6nliche Vorsprache ist nur noch nach vorheriger Terminvereinbarung m\u00f6glich.&nbsp;<\/p>\n\n\n\n<p>Die neusten Informationen zur Situation in Speyer finden Sie unter: <a href=\"https:\/\/deref-web-02.de\/mail\/client\/nUiUk7A8R-w\/dereferrer\/?redirectUrl=https%3A%2F%2Fwww.speyer.de%2Fsv_speyer%2Flive%2Fde%2FRathaus%2FMedien-Infos%2FAktuelle%2520Infos%2FAktuelle%2520Informationen%2520zum%2520Coronavirus%2F\" target=\"_blank\" rel=\"noreferrer noopener\"> www.speyer.de\/corona<\/a> <\/p>\n\n\n\n<p>Weitere Informationen zur aktuellen Lage in Rheinland-Pfalz stellt das Land unter <a href=\"https:\/\/deref-web-02.de\/mail\/client\/mYcRR1-0G30\/dereferrer\/?redirectUrl=http%3A%2F%2Fwww.corona.rlp.de\" target=\"_blank\" rel=\"noreferrer noopener\"> www.corona.rlp.de<\/a> &nbsp;zur Verf\u00fcgung.<\/p>\n\n\n\n<p><em>Stadtverwaltung Speyer<br>16.03.2020<\/em><\/p>\n\n\n\n<h2 class=\"wp-block-heading\">Bek\u00e4mpfung Coronavirus: Landesregierung beschlie\u00dft Gesamtstrategie zur Bek\u00e4mpfung des Coronavirus: Wir handeln entschlossen!<\/h2>\n\n\n\n<div class=\"wp-block-image\"><figure class=\"aligncenter\"><img decoding=\"async\" loading=\"lazy\" width=\"640\" height=\"475\" src=\"https:\/\/speyer24news.com\/wp-content\/uploads\/2020\/03\/RLP-Logo.jpg\" alt=\"\" class=\"wp-image-25896\" srcset=\"https:\/\/speyer24news.com\/wp-content\/uploads\/2020\/03\/RLP-Logo.jpg 640w, https:\/\/speyer24news.com\/wp-content\/uploads\/2020\/03\/RLP-Logo-300x223.jpg 300w, https:\/\/speyer24news.com\/wp-content\/uploads\/2020\/03\/RLP-Logo-80x60.jpg 80w\" sizes=\"(max-width: 640px) 100vw, 640px\" \/><\/figure><\/div>\n\n\n\n<p><strong>Rheinland-Pfalz &#8211; <\/strong>\u201eDie weltweite Ausbreitung des Coronavirus stellt uns vor Herausforderungen, die es so noch niemals gab. Deshalb m\u00f6chte ich zun\u00e4chst voranstellen: F\u00fcr uns stehen Schutz und die Gesundheit der B\u00fcrger und B\u00fcrgerinnen  an erster Stelle. Die Lage ist ernst, deswegen handeln wir entschlossen. Wir wollen, dass Sie wissen: Es gibt keinen Grund zur Panik. Rheinland-Pfalz ist gut vorbereitet. Ziel all unserer Ma\u00dfnahmen ist die Ausbreitung zu verlangsamen. Unsere Ma\u00dfnahmen orientieren  sich jeweils am aktuellen Stand der Wissenschaft, und wir sind im st\u00e4ndigem Austausch mit den Expertinnen und Experten. Diese haben seit gestern eine neue Einsch\u00e4tzung vorgenommen. Deshalb hat sich das Kabinett heute au\u00dferplanm\u00e4\u00dfig getroffen, um eine Gesamtstrategie  zur Bek\u00e4mpfung des Coronavirus zu beschlie\u00dfen\u201c, sagte Ministerpr\u00e4sidentin Malu Dreyer im Anschluss an die Sitzung des Ministerrates. <\/p>\n\n\n\n<div class=\"wp-block-image\"><figure class=\"aligncenter\"><img decoding=\"async\" src=\"https:\/\/speyer24news.com\/wp-content\/uploads\/2020\/03\/Dreyer-Malu-Ministerpr\u00e4sidentin-RlP-SPD.jpg\" alt=\"\" class=\"wp-image-25897\"\/><\/figure><\/div>\n\n\n\n<p>Bund, L\u00e4nder, Kommunen und alle beteiligten Stellen arbeiten entschlossen daran, die Ausbreitung des Virus einzud\u00e4mmen und gleichzeitig auf eine h\u00f6here Zahl von erkrankten Menschen eingestellt zu sein. \u201eGemeinsam\n m\u00fcssen wir daf\u00fcr sorgen, dass besonders gef\u00e4hrdete, \u00e4ltere und hochbetagte Menschen sowie Menschen mit Vorerkrankungen gesch\u00fctzt werden. Jeder B\u00fcrger und jede B\u00fcrgerin sei dazu aufgerufen, wo immer es m\u00f6glich ist, Sozialkontakte einzuschr\u00e4nken.\n<\/p>\n\n\n\n<h4 class=\"wp-block-heading\"><strong>Versammlungsverbote um die Ausbreitung zu verlangsamen und vulnerable Personen zu sch\u00fctzen<\/strong><\/h4>\n\n\n\n<p>Auch wenn der Krankheitsverlauf in der Mehrzahl leicht verlaufen kann, m\u00fcssen wir massiv Vorsorge treffen, um die verwundbaren Personengruppen zu sch\u00fctzen. Daher werden Veranstaltungen mit mehr als 75 Teilnehmenden\n mit Ausnahme des Besuchs von Bildungseinrichtungen ab 16. M\u00e4rz 2020, 8.00 Uhr verboten. Das gilt zun\u00e4chst bis Ostern<\/p>\n\n\n\n<p>Dem liegt zugrunde, dass es durch den vorherrschenden \u00dcbertragungsweg von SARS-CoV-2 \u00fcber Tr\u00f6pfchen, z.B. durch Husten, Niesen, und durch teils mild erkrankte oder auch asymptomatisch infizierte Personen zu \u00dcbertragungen\n von Mensch-zu-Mensch kommen kann. Rheinland-Pfalz grenzt an mehrere Risikogebiete bzw. besonders betroffene Gebiete (im Norden Kreis Heinsberg in Nordrhein-Westfalen, im S\u00fcden an das Departement Grand Est), in denen die Krankheit besonders h\u00e4ufig auftritt.<\/p>\n\n\n\n<p>Bei gr\u00f6\u00dferen Menschenansammlungen l\u00e4sst sich die Gefahr einer Virus\u00fcbertragung angesichts des aktuellen Verlaufs an Infektionen mit SARS-CoV-2 nicht sicher beurteilen.\n<\/p>\n\n\n\n<h4 class=\"wp-block-heading\"><strong>Regul\u00e4rer Schulbetrieb wird befristet eingestellt; Notfallbetreuung wird sichergestellt<\/strong><\/h4>\n\n\n\n<p>Aus diesem Grund haben wir auch beschlossen:\n<\/p>\n\n\n\n<p>Ab Montag, dem 16.3.2020, bleiben die Schulen und Kinderg\u00e4rten bis zum Ende der rheinland-pf\u00e4lzischen Osterferien am 17. April 2020 f\u00fcr einen regul\u00e4ren Betrieb geschlossen.<\/p>\n\n\n\n<p>Eltern werden gebeten, ihre Kinder &#8211; wenn m\u00f6glich &#8211; nicht in die Schulen und Kindertagesst\u00e4tten zu schicken. Es wird eine Notfallbetreuung eingerichtet.<\/p>\n\n\n\n<p>F\u00f6rderschulen, an denen \u00fcberwiegend Sch\u00fclerinnen und Sch\u00fcler mit komplexen Behinderungen und gesundheitlichen Beeintr\u00e4chtigungen unterrichtet werden, k\u00f6nnen nicht geschlossen werden. Dies ergibt sich aus der komplexen\n Beeintr\u00e4chtigung und der Tatsache, dass bei einer Schlie\u00dfung dieser Schulen die medizinische-pflegerische Versorgung seitens der Eltern nicht sichergestellt werden kann. Die Schulaufsicht wird mit diesen Schulen unmittelbar Kontakt aufnehmen und zusammen mit\n dem jeweiligen Gesundheitsamt \u00fcber die notwendigen Standards im Zusammenhang mit der Infektionshygiene beraten.&nbsp;&nbsp;\n<\/p>\n\n\n\n<p>F\u00fcr Lehrkr\u00e4fte besteht weiterhin Dienst und Anwesenheitspflicht. Personen, die in diesen Einrichtungen arbeiten und f\u00fcr die aufgrund einer Vorerkrankung ein erh\u00f6htes Risiko einer COVID-19 Infektion besteht, sollen,\n nach R\u00fccksprache mit ihren \u00c4rztinnen und \u00c4rzten sowie der ADD, in dieser Zeit nicht mehr an ihrem Arbeitsplatz erscheinen. Sie erf\u00fcllen ihre Dienstpflicht am h\u00e4uslichen Arbeitsplatz.<\/p>\n\n\n\n<p>Am kommenden Montag, 16.3.2020, wird an allen Schulen des Landes eine Dienstbesprechung zur Organisation des Notbetriebs durchgef\u00fchrt. Ein Hinweis zu den zu besprechenden Punkten wird von der Schulaufsicht unterst\u00fctzend\n zur Verf\u00fcgung gestellt. Lehrkr\u00e4fte, insbesondere die aktuell nicht in der Notfallbetreuung eingesetzt werden, sind f\u00fcr die Organisation von Lernmaterialien verantwortlich.\n<\/p>\n\n\n\n<p>Die zust\u00e4ndigen Schulaufsichtsbeamten und \u2013beamtinnen werden sich kurzfristig mit den Schulen in Verbindung setzen.<\/p>\n\n\n\n<p>F\u00fcr Kinder, bei denen Bedarf f\u00fcr eine Betreuung besteht, wird eine Notfallbetreuung eingerichtet. Die Notfallbetreuung wird an allen Schulen sichergestellt, die nicht durch Einzelverf\u00fcgung geschlossen wurden. Gleiches\n gilt f\u00fcr den Bereich der Kitas.<\/p>\n\n\n\n<p>Abiturpr\u00fcfungen und sonstige Abschlusspr\u00fcfungen werden grunds\u00e4tzlich durchgef\u00fchrt. Allen Sch\u00fclerinnen und Sch\u00fcler wird erm\u00f6glicht, ihre Pr\u00fcfung durchzuf\u00fchren, ggf. auch zu einem sp\u00e4teren Zeitpunkt.\n<\/p>\n\n\n\n<p>Die Pr\u00fcfungen f\u00fcr das m\u00fcndliche Abitur starten nicht, wie geplant, am kommenden Montag, sondern finden in der Woche vom 23.3.2020 statt.<\/p>\n\n\n\n<p>Die Schulen erhalten Vorgaben zur Gestaltung der Pr\u00fcfungssituation.<\/p>\n\n\n\n<p>Soweit Sch\u00fclerinnen und Sch\u00fcler in der Notfallbetreuung in den Schulen sind, wird dort ein an die Situation angepasstes p\u00e4dagogisches Angebot stattfinden.<\/p>\n\n\n\n<p>F\u00fcr alle anderen Sch\u00fclerinnen und Sch\u00fcler muss eine Versorgung mit Lernmaterialien zum h\u00e4uslichen Studium organisiert werden. Diese kann \u00fcber digitale oder analoge Unterst\u00fctzungsangebote erfolgen.<\/p>\n\n\n\n<p>Erzieherinnen und Erzieher sind gehalten, weiterhin zum Erhalt der Notfallbetreuung in ihren jeweiligen Einrichtungen anwesend zu sein. Personen, die in diesen Einrichtungen arbeiten und f\u00fcr die aufgrund einer\n Vorerkrankung ein erh\u00f6htes Risiko einer COVID-19 Infektion besteht, sollen, nach R\u00fccksprache mit ihren \u00c4rztinnen und \u00c4rzten sowie in Abstimmung mit ihrem Dienstherrn, in dieser Zeit nicht mehr an ihrem Arbeitsplatz erscheinen.<\/p>\n\n\n\n<p>F\u00fcr Kinder von Eltern, die nicht in der Lage sind, eine h\u00e4usliche Betreuung sicherzustellen, wird eine Notbetreuung im Rahmen der bisherigen \u00d6ffnungszeiten in den Kitas sichergestellt.<\/p>\n\n\n\n<h4 class=\"wp-block-heading\"><strong>Verst\u00e4rkung Intensivbetten \n<\/strong><\/h4>\n\n\n\n<p>Wir treffen alle notwendigen Vorkehrungen, damit unsere Krankenh\u00e4user gut auf die Versorgung schwer erkrankter Menschen vorbereitet sind. Unsere Krankenh\u00e4user sind gut aufgestellt. Am Montag werden Ministerpr\u00e4sidentin\n Malu Dreyer und Ministerin Sabine B\u00e4tzing-Lichtenth\u00e4ler mit den zust\u00e4ndigen Krankenhaustr\u00e4gern dar\u00fcber sprechen, wie planbare Eingriffe, die medizinisch nicht unbedingt notwendig sind, verschoben werden k\u00f6nnen, damit m\u00f6glichst viele Ressourcen f\u00fcr die Behandlung\n von Corona-Patienten vorgehalten werden k\u00f6nnen. Hierzu geh\u00f6rt auch die Schulung und Verst\u00e4rkung des Personals wie auch die Anschaffung von notwendigem Material.\n<\/p>\n\n\n\n<p>Eine Abfrage des Gesundheitsministeriums hat ergeben, dass in den Gesundheits\u00e4mtern der Kommunen zus\u00e4tzliche Kr\u00e4fte ben\u00f6tigt w\u00fcrden. Wir sehen die personelle Situation in den Gesundheits\u00e4mtern, dort werden wir\n unterst\u00fctzen. Das Ministerium steht hierzu mit der Landes\u00e4rztekammer im Austausch und es wurden bereits pensionierte \u00c4rzte angeschrieben. Des Weiteren l\u00e4uft eine Ausschreibung zur Gewinnung von fortgeschrittenen Medizinstudierenden zwecks Unterst\u00fctzung, beispielsweise\n bei den diversen Hotlines. <\/p>\n\n\n\n<p>Auch um die Kapazit\u00e4ten an der Hotline des \u00e4rztlichen Bereitschaftsdienstes (116117) erweitern zu k\u00f6nnen, sind bereits Vorkehrungen getroffen worden. In den Leitstellen Mainz und Landau wird derzeit die technische\n Infrastruktur f\u00fcr weitere 22 Arbeitspl\u00e4tze geschaffen, die im Bedarfsfall f\u00fcr eine landesweite Kapazit\u00e4tserweiterung sorgen. Zudem werden die Lehrg\u00e4nge an der Feuerwehr- und Katastrophenschutzschule des Landes ab sofort ausgesetzt. Die Einsatzkr\u00e4fte werden\n in den Kommunen gebraucht. Das Aussetzen gemeinsamer Seminare mit Teilnehmenden aus dem gesamten Land soll auch dazu beitragen, die Ausbreitungswege weiter zu reduzieren.<\/p>\n\n\n\n<h4 class=\"wp-block-heading\"><strong>Wirtschaftsf\u00f6rdernde Ma\u00dfnahmen und Stundung der Steuerschuld<\/strong><\/h4>\n\n\n\n<p>Der Ministerrat begr\u00fc\u00dft ausdr\u00fccklich, dass die Bundesregierung heute ein umfassendes Hilfspaket f\u00fcr die Wirtschaft vorgestellt hat. Die Landesregierung wird gleicherma\u00dfen alle notwendigen Ma\u00dfnahmen vornehmen, um\n die Leistungsf\u00e4higkeit des Wirtschaftsstandorts Rheinland-Pfalz dauerhaft sicherzustellen.\n<\/p>\n\n\n\n<p>Im Wirtschaftsministerium wurde eine Stabsstelle Unternehmenshilfe eingerichtet. Diese ist Ansprechpartner f\u00fcr Unternehmen, die aufgrund der Ausbreitung des Corona-Virus mit wirtschaftlichen Problemstellungen konfrontiert\n sind. Gemeinsam mit der ISB und der B\u00fcrgschaftsbank Rheinland-Pfalz wird das Finanzministerium sicherstellen, dass kurzfristig B\u00fcrgschaften und Liquidit\u00e4tshilfen f\u00fcr Unternehmen zur Verf\u00fcgung gestellt werden, um wirtschaftliche Sch\u00e4den im Zuge der Corona-Krise\n zu minimieren.<\/p>\n\n\n\n<p>Vom Corona-Virus betroffene Unternehmen k\u00f6nnen zudem bei ihrem Finanzamt Antr\u00e4ge auf die Herabsetzung von Vorauszahlungen sowie auf Billigkeitsma\u00dfnahmen, wie zum Beispiel Stundung oder Erlass der Steuerforderung  oder Vollstreckungsaufschub, stellen. Weitere Ma\u00dfnahmen werden derzeit zwischen Bund und L\u00e4ndern abgestimmt.<\/p>\n\n\n\n<p><em>Staatskanzlei Rheinland-Pfalz<br>14.03.2020<\/em><\/p>\n\n\n\n<h2 class=\"wp-block-heading\">Aktuelle Informationen zum Coronavirus aus Mannheim<\/h2>\n\n\n\n<h3 class=\"wp-block-heading\">Best\u00e4tigte F\u00e4lle von 19 auf 28 Personen angestiegen<\/h3>\n\n\n\n<div class=\"wp-block-image\"><figure class=\"aligncenter\"><img decoding=\"async\" src=\"https:\/\/speyer24news.com\/wp-content\/uploads\/2020\/03\/Mannheim-Logo.png\" alt=\"\" class=\"wp-image-25671\"\/><\/figure><\/div>\n\n\n\n<p><strong>Mannheim &#8211; <\/strong>Mit Blick auf die vorgestern auf Bundes- und gestern auf Landesebene eingeleitete deutliche Erweiterung der Ma\u00dfnahmen zur Verlangsamung der Ausbreitung der Corona-Infektion, hat die Stadt Mannheim weitreichende Entscheidungen getroffen. Insbesondere hat sich die Stadt Mannheim am Freitag, 13. M\u00e4rz 2020, entschieden, einen Teil ihrer \u00f6ffentlichen Einrichtungen zu schlie\u00dfen.<\/p>\n\n\n\n<p>Oberb\u00fcrgermeister Dr. Peter Kurz bittet um Verst\u00e4ndnis f\u00fcr die Schlie\u00dfungen und Einschr\u00e4nkungen: \u201eDie von den Fachstellen und medizinischen Experten als notwendig gesehene drastische Reduzierung sozialer Kontakte ist nur durch weitreichende Ma\u00dfnahmen zu erreichen. Die weitgehende Einstellung des \u00f6ffentlichen Lebens f\u00fcr die n\u00e4chsten vier Wochen ist erforderlich, um Zeit zu gewinnen und das \u00f6ffentliche Gesundheitssystem zu entlasten.\u201c<\/p>\n\n\n\n<p>\u201eVor allem die Schlie\u00dfung der Kindertagesst\u00e4tten und Schulen werden f\u00fcr viele Eltern, aber auch f\u00fcr Betriebe eine gro\u00dfe Herausforderung sein. Hier setze ich auf das Verst\u00e4ndnis der Arbeitgeber und darauf, dass gemeinsame L\u00f6sungen wie z.B. Arbeit im Home-Office gefunden werden k\u00f6nnen.\u201c<\/p>\n\n\n\n<p>Die Stadt Mannheim betont, dass die Entscheidungen nicht getroffen wurden, weil das Gefahrenpotenzial gestiegen sei. Bei den inzwischen 28 best\u00e4tigten Corona-Infizierten in unserer Stadt kann nahezu durchgehend der Infektionsweg nachvollzogen werden, die Krankheitsverl\u00e4ufe sind bisher mild. Nur ein Infizierter war in station\u00e4rer Behandlung!<\/p>\n\n\n\n<p>Die allgemeinen Dienstleistungen und Hilfen f\u00fcr einzelne B\u00fcrgerinnen und B\u00fcrger werden aufrechterhalten. Die Mitarbeiterinnen und Mitarbeiter der Stadtverwaltung werden alles tun, um die zentralen Aufgaben des \u00f6ffentlichen Dienstes sicherzustellen.<\/p>\n\n\n\n<p>Aufrechterhalten wird der \u00f6ffentliche Nahverkehr, insbesondere zur Sicherstellung des Berufsverkehrs.<\/p>\n\n\n\n<p>1.Folgende Allgemeinverf\u00fcgung hat die Stadt Mannheim erlassen:<\/p>\n\n\n\n<p>Keine Veranstaltungen mit mehr als 50 Teilnehmern<br>\nBei der Durchf\u00fchrung von Veranstaltungen und Versammlungen ergeben sich neue Vorgaben: Bis auf weiteres d\u00fcrfen diese eine Gr\u00f6\u00dfe von 50 Personen nicht mehr \u00fcberschreiten. Dies gilt sowohl f\u00fcr \u00f6ffentliche als auch f\u00fcr private Veranstaltungen, sowohl im Freien als auch in geschlossenen R\u00e4umen. Veranstaltungen mit einer Teilnehmerzahl unter 50 m\u00fcssen bei der Ortspolizeibeh\u00f6rde der Stadt Mannheim im Vorfeld angezeigt werden.<\/p>\n\n\n\n<p>Zudem wird der Betrieb von Gastronomieeinrichtungen aller Art verboten \u2013 ausgenommen sind Speiselokale sowie Betriebe, in denen \u00fcberwiegend Speisen zum Verzehr an Ort und Stelle oder zum Mitnehmen abgegeben oder ausgeliefert werden.<\/p>\n\n\n\n<p>Kinos, Clubs und Discotheken, Saunen, Spielhallen, Indoorspielpl\u00e4tze und Prostitutionsst\u00e4tten bleiben ebenfalls geschlossen.<\/p>\n\n\n\n<p>Als grunds\u00e4tzlich unproblematisch werden Aktivit\u00e4ten im Freien angesehen, bei denen kein enger K\u00f6rperkontakt stattfindet.<\/p>\n\n\n\n<p>Die Allgemeinverf\u00fcgung gilt ab Sonntag, 15. M\u00e4rz 2020 und steht auch auf der st\u00e4dtischen Homepage zur Verf\u00fcgung:<\/p>\n\n\n\n<figure class=\"wp-block-embed\"><div class=\"wp-block-embed__wrapper\">\nhttps:\/\/www.mannheim.de\/de\/node\/143510\n<\/div><\/figure>\n\n\n\n<p>2.Die Stadt Mannheim schlie\u00dft folgende Einrichtungen<\/p>\n\n\n\n<p>a.Bereiche Bildung, Jugend, Kindertagesst\u00e4tten<br>\nGem\u00e4\u00df Vorgabe des Kultusministeriums bleiben alle Schulen, Horte und Kindertagesst\u00e4tten der \u00f6ffentlichen Hand und der freien Tr\u00e4ger ab kommendem Dienstag bis zum Ende der Osterferien geschlossen.<\/p>\n\n\n\n<p>Auch wird es keine Schulraum\u00fcberlassungen sowie die \u00dcberlassungen von Turn- und Sporthallen in Schulen in diesem Zeitraum geben.<\/p>\n\n\n\n<p>Das Sozialministerium und die Stadt Mannheim empfehlen Gro\u00dfeltern bzw. \u00e4ltere Menschen nicht zur Kinderbetreuung einzusetzen.<\/p>\n\n\n\n<p>Kindertagespflege <br>\nAuch die Kindertagespflege in anderen geeigneten R\u00e4umen ist von der Schlie\u00dfung betroffen. Ebenso Kindertagespflege im Haushalt der Tagespflegeperson. Kindertagespflege im Haushalt der Eltern kann weiterlaufen, da dort in der Regel nur die Kinder einer Familie betreut werden.<\/p>\n\n\n\n<p>Angebot f\u00fcr besondere Berufsgruppen <br>\nF\u00fcr Eltern aus Berufsgruppen, die f\u00fcr die medizinische und \u00f6ffentliche Infrastruktur relevant sind (wie z.B. Medizin, Polizei, Feuerwehr) wird die Stadt trotz der Schlie\u00dfungen eine Betreuung f\u00fcr Kinder von Geburt bis zum Ende des Grundschulalters anbieten. \u00dcber die detaillierte Regelung wird gesondert zeitnah informiert.<br>\nBesonders angesprochen sind dabei nicht nur Kr\u00e4fte in Einrichtungen, sondern auch Pflegekr\u00e4fte in der h\u00e4uslichen Betreuung von Pflegebed\u00fcrftigen.<\/p>\n\n\n\n<p>Die Zentralbibliothek und die Zweigstellen der Stadtbibliothek bleiben ge\u00f6ffnet. Einzelne Angebote werden ggf. reduziert oder entfallen, ebenso wie auch Veranstaltungen.<\/p>\n\n\n\n<p>Geschlossen wird ebenso die Musikschule ab Dienstag.<\/p>\n\n\n\n<p>Gleiches gilt f\u00fcr Einrichtungen der Abteilung Jugendf\u00f6rderung sowie die Jugendhilfe-Einrichtungen der Freien Tr\u00e4ger und somit alle Jugendh\u00e4user und \u2013treffs.<\/p>\n\n\n\n<p>Ebenso schlie\u00dfen die Mannheimer Abendakademie und Tochtergesellschaften ab Montag (keine Bedeutung f\u00fcr Betreuung von Kindern).<\/p>\n\n\n\n<p>b.Sportst\u00e4tten:<br>\nGeschlossen werden ab Sonntag<br>\n\u2022Hallenb\u00e4der (Herschelbad, Gartenhallenbad Neckarau, Hallenbad Seckenheim, Hallenbad Vogelstang, Hallenbad Waldhof-Ost)<br>\n\u2022Sporthallen (Sporthalle am Boehringer Dreieck, Herbert-Lucy-Halle, GBG-Halle am Herzogenried, Leichtathletikhalle, Sporthalle Schwetzingerstadt, Lilli-Gr\u00e4ber-Halle, Rhein-Neckar-Sporthalle)<br>\n\u2022Eissporthallen (Eissportzentrum Herzogenried, Nebenhallen SAP Arena Nord und S\u00fcd)<br>\n\u2022Stadien (Seppl-Herberger-Stadion, Rhein-Neckar-Stadion, Carl-Benz-Stadion)<\/p>\n\n\n\n<p>c.Kultureinrichtungen <br>\n\u2022Die st\u00e4dtischen Museen und das Planetarium schlie\u00dfen ab Sonntag.<br>\n\u2022Die Veranstaltungen der Alten Feuerwache wurden unmittelbar abgesagt.<br>\n\u2022Das Congress Center Rosengarten ist geschlossen.<br>\n\u2022Bereits gestern, 12. M\u00e4rz 2020, wurde entschieden, dass das Nationaltheater Mannheim bis Sonntag, 19. April 2020, seinen Spielbetrieb einstellt.<\/p>\n\n\n\n<p>d.Die SeniorenTreffs sind geschlossen.<\/p>\n\n\n\n<p>3.Weitere Ma\u00dfnahmen: <br>\n\u00b4<br>\nIn Krankenh\u00e4usern sind in der Regel keine Besuche mehr m\u00f6glich. F\u00fcr Pflegeheime gelten Besuchsbeschr\u00e4nkungen. In Pflegeheimen darf jeweils nur ein\/e Angeh\u00f6rige\/r pro Tag f\u00fcr eine Stunde den Bewohner bzw. die Bewohnerin besuchen.<\/p>\n\n\n\n<p>Bei stark nachgefragten Dienstleistungen wird in st\u00e4dtischen B\u00fcrogeb\u00e4uden durch eine Eingangskontrolle geregelt, dass sich im Geb\u00e4ude keine Schlangen in Wartebereichen bilden.<\/p>\n\n\n\n<p>Ma\u00dfnahmen f\u00fcr vorerkrankte Mitarbeiterinnen und Mitarbeiter werden getroffen.<\/p>\n\n\n\n<p>Unter <a href=\"http:\/\/www.mannheim.de\/corona\">www.mannheim.de\/corona<\/a> erfolgen fortlaufend Informationen.<\/p>\n\n\n\n<p><em>Stadt Mannheim<br>14.03.2020<\/em><\/p>\n\n\n\n<h2 class=\"wp-block-heading\"><strong>Diakonissen-Stiftungs-Krankenhaus\nSpeyer reduziert Besucherzahlen im Krankenhaus<\/strong><\/h2>\n\n\n\n<h3 class=\"wp-block-heading\">Aufgrund der aktuellen Situation \u00e4ndert das Diakonissen-Stiftungs-Krankenhaus Speyer ab Samstag, den 14.3.2020, seine Besucherregelungen. Zudem finden bis auf Weiteres keine Vortr\u00e4ge, Informationsveranstaltungen, Krei\u00dfsaalf\u00fchrungen oder Elternschul-Kurse statt.<\/h3>\n\n\n\n<div class=\"wp-block-image\"><figure class=\"aligncenter\"><img decoding=\"async\" loading=\"lazy\" width=\"330\" height=\"229\" src=\"https:\/\/speyer24news.com\/wp-content\/uploads\/2020\/03\/Diakonissen-Logo.png\" alt=\"\" class=\"wp-image-25899\" srcset=\"https:\/\/speyer24news.com\/wp-content\/uploads\/2020\/03\/Diakonissen-Logo.png 330w, https:\/\/speyer24news.com\/wp-content\/uploads\/2020\/03\/Diakonissen-Logo-300x208.png 300w\" sizes=\"(max-width: 330px) 100vw, 330px\" \/><\/figure><\/div>\n\n\n\n<p><strong>Speyer \/ Diakonissen-Stiftungs-Krankenhaus &#8211; <\/strong>Um die Besucherzahlen auf ein Minimum zu reduzieren und so Patienten und Mitarbeitende zu sch\u00fctzen, gelten f\u00fcr die Speyerer Klinik ab Samstag ge\u00e4nderte Besuchszeiten. Ein Besuch ist nur noch zwischen 16 bis 18 Uhr m\u00f6glich und auf einen Besucher pro Patient beschr\u00e4nkt. Au\u00dferdem werden k\u00fcnftig alle Besucher wie bereits die ambulanten und station\u00e4r aufzunehmenden Patienten durch die vor dem Haupteingang aufgestellten Container geleitet und kurz befragt, ob ein Risiko f\u00fcr eine Coronavirusinfektion vorliegen k\u00f6nnte. \u201eBei Erk\u00e4ltungssymptomen oder anderen Anzeichen f\u00fcr eine Infektion sollten Angeh\u00f6rige unbedingt auf den Patientenbesuch im Krankenhaus verzichten\u201c, betont der \u00c4rztliche Direktor Dr. Dirk Jentschura.<\/p>\n\n\n\n<p>Zudem finden aktuell keine medizinischen Vortr\u00e4ge, Informationsveranstaltungen oder Krei\u00dfsaalf\u00fchrungen statt. Die Elternschule Speyer hat ihr Kursprogramm zun\u00e4chst bis einschlie\u00dflich 19. April abgesagt. <\/p>\n\n\n\n<p><em>Diakonissen Speyer<br>14.03.2020<\/em><\/p>\n\n\n\n<h2 class=\"wp-block-heading\"><strong>Schutzma\u00dfnahmen aktualisiert\n<\/strong><\/h2>\n\n\n\n<h3 class=\"wp-block-heading\">Coronavirus: Empfehlungen f\u00fcr die kirchlichen Handlungsfelder <\/h3>\n\n\n\n<div class=\"wp-block-image\"><figure class=\"aligncenter\"><img decoding=\"async\" src=\"https:\/\/speyer24news.com\/wp-content\/uploads\/2020\/03\/Evangelische-Kirche-der-Pfalz-Logo-1.png\" alt=\"\" class=\"wp-image-25898\"\/><\/figure><\/div>\n\n\n\n<p><strong>Speyer<em> (lk)<\/em> &#8211; <\/strong>Angesichts der neusten staatlichen Ma\u00dfnahmen gegen die weitere Ausbreitung des Coronavirus (SARS-Co V-2) hat die Evangelische Kirche der Pfalz ihre Empfehlungen aktualisiert. Demnach gilt das Verbot  von Veranstaltungen mit mehr als 75 Personen auch f\u00fcr Gottesdienste. Dennoch sollen die Kirchengeb\u00e4ude zumindest w\u00e4hrend der \u00fcblichen Gottesdienstzeiten f\u00fcr Gebet und seelsorgerliche Begleitung ge\u00f6ffnet sein. <\/p>\n\n\n\n<p>Davon unabh\u00e4ngig empfiehlt der Landeskirchenrat die grunds\u00e4tzliche Verschiebung der anstehenden Konfirmationen. Konzerte und Veranstaltungen sowie regelm\u00e4\u00dfige Zusammenk\u00fcnfte von Gruppen und Kreisen sollen den  Empfehlungen gem\u00e4\u00df abgesagt werden. <\/p>\n\n\n\n<p><em>14.03.2020<\/em><\/p>\n\n\n\n<h2 class=\"wp-block-heading\"><strong>Kindertagesst\u00e4tten ab Montag geschlossen: Stadt bietet Notbetreuung an<\/strong><\/h2>\n\n\n\n<p><strong>Ludwigshafen &#8211; <\/strong>Aufgrund des Beschlusses des rheinland-pf\u00e4lzischen Ministerrates schlie\u00dft die Stadt Ludwigshafen am Rhein ab Montag, 16. M\u00e4rz 2020, ihre Kindertagesst\u00e4tten f\u00fcr den regul\u00e4ren Betrieb bis zum Ende der Osterferien, 17. April 2020. <\/p>\n\n\n\n<p>Alle Eltern, die\nihre Kinder zu Hause betreuen k\u00f6nnen oder betreuen lassen k\u00f6nnen, werden\ngebeten, die Kinder nicht in die Kindertagesst\u00e4tten zu schicken.<\/p>\n\n\n\n<p>F\u00fcr Eltern, die keine andere Betreuungsm\u00f6glichkeit haben oder diese nicht kurzfristig organisieren k\u00f6nnen, sowie Eltern, die in Bereichen arbeiten, die f\u00fcr die Aufrechterhaltung \u00f6ffentlicher Dienstleistungen unbedingt erforderlich sind (Gesundheit, Versorgung, bestimmte Teile des \u00f6ffentlichen Dienstes), bietet die Stadt in Abstimmung mit den Freien Tr\u00e4gern ab Montag in allen st\u00e4dtischen Kindertagesst\u00e4tten eine Notbetreuung an. Dorthin k\u00f6nnen ausnahmsweise am Montag Kinder gebracht werden, die sowohl st\u00e4dtische Kitas als auch Kitas der Freien Tr\u00e4ger besuchen. Ab Dienstag, 17. M\u00e4rz, wollen auch die Freien Tr\u00e4ger eine Notbetreuung anbieten.<\/p>\n\n\n\n<p><em>Ludwigshafen am Rhein<br>14.03.2020<\/em><\/p>\n\n\n\n<h2 class=\"wp-block-heading\">Historisches Museum der Pfalz vor\u00fcbergehend geschlossen<\/h2>\n\n\n\n<div class=\"wp-block-image\"><figure class=\"aligncenter\"><img decoding=\"async\" src=\"https:\/\/speyer24news.com\/wp-content\/uploads\/2020\/03\/Historisches-Museum-Speyer-Logo-678x213-1.png\" alt=\"\" class=\"wp-image-25895\"\/><\/figure><\/div>\n\n\n\n<p><strong>Speyer \/ Historisches Museum &#8211; <\/strong>Als Ma\u00dfnahme gegen den Corona-Virus wird das Historische Museum der Pfalz <strong>vom 14. M\u00e4rz 2020 an bis auf weiteres geschlossen<\/strong>. <\/p>\n\n\n\n<p>Die angek\u00fcndigten Veranstaltungen entfallen und sollen zu einem sp\u00e4teren Zeitpunkt nachgeholt werden. Ziel dieser Ma\u00dfnahme ist es, die Ausbreitungsgeschwindigkeit des Corona-Virus zu verlangsamen, damit   unser Gesundheitssystem in der Lage ist, die Krise zu bew\u00e4ltigen. Diese Ma\u00dfnahme erfolgt&nbsp;analog zum Vorgehen in den Einrichtungen des Bezirksverbands Pfalz. <\/p>\n\n\n\n<p><em>Historisches Museum der Pfalz Speyer<br>14.03.2020<\/em><\/p>\n\n\n\n<h2 class=\"wp-block-heading\"><strong>Schlie\u00dfung von Schulen und Kindertagesst\u00e4tten ab kommenden Montag<\/strong><\/h2>\n\n\n\n<div class=\"wp-block-image\"><figure class=\"aligncenter\"><img decoding=\"async\" src=\"https:\/\/speyer24news.com\/wp-content\/uploads\/2020\/03\/Rhein-Pfalz-Kreis.jpg\" alt=\"\" class=\"wp-image-25674\"\/><\/figure><\/div>\n\n\n\n<p><strong>Rhein-Pfalz-Kreis &#8211; <\/strong>Nachdem die L\u00e4nder Bayern, Baden-W\u00fcrttemberg (ab 17.03.20), Saarland und aktuell Nordrhein-Westfalen ab kommenden Montag, 16. M\u00e4rz 2020, fl\u00e4chendeckende Schulschlie\u00dfungen aufgrund des Coronavirus beschlossen haben, ist auch das Land Rheinland-Pfalz diesem Entschluss gefolgt.<\/p>\n\n\n\n<p>Die Kreisverwaltung Rhein-Pfalz-Kreis weist daher darauf hin, dass aufgrund der Entscheidung des Landes Rheinland-Pfalz auch die Schulen und Kindertagesst\u00e4tten im Landkreis <strong>ab Montag, 16. M\u00e4rz 2020 bis zum Ende der rheinlandpf\u00e4lzischen Osterferien (17.04.2020)<\/strong>, geschlossen sein werden.&nbsp; <\/p>\n\n\n\n<p>Die ab Montag geplanten Pr\u00fcfungen f\u00fcr das m\u00fcndliche Abitur werden erst in der Woche ab dem 23. M\u00e4rz 2020 stattfinden.<\/p>\n\n\n\n<div class=\"wp-block-image\"><figure class=\"aligncenter\"><img decoding=\"async\" src=\"https:\/\/speyer24news.com\/wp-content\/uploads\/2020\/03\/Closed.jpg\" alt=\"\" class=\"wp-image-25894\"\/><\/figure><\/div>\n\n\n\n<p>Von\nder Schlie\u00dfung der Schulen sind auch die Kurse der Kreisvolkshochschule und der\nUnterricht der Kreismusikschule betroffen. Ebenso geschlossen werden auch die\nKreisporthallen sowie alle Hallenb\u00e4der inklusive Saunen im Rhein-Pfalz-Kreis.<\/p>\n\n\n\n<p>Landrat Clemens K\u00f6rner bittet die B\u00fcrgerinnen und B\u00fcrger sowie alle Lehrerinnen und Lehrer, Eltern und Kinder um Verst\u00e4ndnis f\u00fcr diese Ma\u00dfnahmen, die zum Schutz der Risikopatienten erfolgen und unser Gesundheitssystem handlungsf\u00e4hig halten soll. Die Ausbreitung des Virus l\u00e4sst sich nicht mehr verhindern, soll jedoch so langsam wie nur m\u00f6glich erfolgen.<\/p>\n\n\n\n<p><em>Kreisverwaltung Rhein-Pfalz-Kreis<br>14.03.2020<\/em><\/p>\n\n\n\n<h2 class=\"wp-block-heading\"><strong>TSV-Trainingsbetrieb wird eingestellt<\/strong><\/h2>\n\n\n\n<figure class=\"wp-block-image\"><img decoding=\"async\" loading=\"lazy\" width=\"640\" height=\"271\" src=\"https:\/\/speyer24news.com\/wp-content\/uploads\/2020\/02\/TSV-Speyer.jpg\" alt=\"\" class=\"wp-image-25893\" srcset=\"https:\/\/speyer24news.com\/wp-content\/uploads\/2020\/02\/TSV-Speyer.jpg 640w, https:\/\/speyer24news.com\/wp-content\/uploads\/2020\/02\/TSV-Speyer-300x127.jpg 300w\" sizes=\"(max-width: 640px) 100vw, 640px\" \/><\/figure>\n\n\n\n<p><strong>Speyer \/ TSV &#8211; <\/strong>Aufgrund der aktuellen Lage und der sich weiter abzeichnenden Entwicklung des Coronavirus hat der Vorstand des TSV Speyer einstimmig beschlossen, ab sofort und bis auf Weiteres jeglichen&nbsp; Trainingsbetrieb und Kurse in und auf allen von Abteilungen des Vereins genutzten Sporthallen-\/anlagen einzustellen.&nbsp; Die Entscheidung erfolgt in sportlicher und sozialer Verantwortung gegen\u00fcber allen Mitgliedern.<\/p>\n\n\n\n<p>Weitere Infos zu gegebener Zeit auf der TSV-Homepage unter \u201e<a href=\"http:\/\/www.tsvspeyer.de\">www.tsvspeyer.de<\/a>\u201c<\/p>\n\n\n\n<p>Vielen Dank f\u00fcr Ihr\/Euer Verst\u00e4ndnis. <br>Der Vorstand<\/p>\n\n\n\n<p><em>TSV Speyer<br>14.03.2020<\/em><\/p>\n\n\n\n<h2 class=\"wp-block-heading\"><strong>Coronavirus: Ma\u00dfnahmen des Bistums Speyer<\/strong><\/h2>\n\n\n\n<h3 class=\"wp-block-heading\"><strong>Bistum Speyer sagt alle \u00f6ffentlichen Gottesdienste und andere Veranstaltungen ab \u2013 Regelungen gelten auch f\u00fcr den Speyerer Dom \u2013 Erstkommunionfeiern sollen auf einen sp\u00e4teren Zeitpunkt verschoben werden \u2013 Gottesdienste medial mitfeiern<\/strong><\/h3>\n\n\n\n<div class=\"wp-block-image\"><figure class=\"aligncenter\"><img decoding=\"async\" loading=\"lazy\" width=\"800\" height=\"533\" src=\"https:\/\/speyer24news.com\/wp-content\/uploads\/2020\/03\/Bischof-WiesemannIMG_7761.jpg\" alt=\"\" class=\"wp-image-25558\" srcset=\"https:\/\/speyer24news.com\/wp-content\/uploads\/2020\/03\/Bischof-WiesemannIMG_7761.jpg 800w, https:\/\/speyer24news.com\/wp-content\/uploads\/2020\/03\/Bischof-WiesemannIMG_7761-300x200.jpg 300w, https:\/\/speyer24news.com\/wp-content\/uploads\/2020\/03\/Bischof-WiesemannIMG_7761-768x512.jpg 768w\" sizes=\"(max-width: 800px) 100vw, 800px\" \/><\/figure><\/div>\n\n\n\n<p><strong>Speyer &#8211; <\/strong>Das Bistum Speyer hat angesichts der Ausbreitung des Coronavirus an seine Pfarreien und Einrichtungen weitere Handlungsanweisungen gegeben. Schon in den vergangenen Tagen hatte das Bistum alle Mitarbeiterinnen und Mitarbeiter in Pfarreien und Einrichtungen \u00fcber vorbeugende Hygienema\u00dfnahmen und weitere Handlungsanweisungen informiert.<\/p>\n\n\n\n<p>Das Bistum sagt alle \u00f6ffentlichen Gottesdienste ab. In einem heutigen Schreiben hei\u00dft es: \u201eMit sofortiger Wirkung wird die Feier von Gottesdiensten eingestellt. Die Priester des Bistums sind aufgerufen alleine, stellvertretend f\u00fcr die Gemeinden die Heilige Messe zu feiern und f\u00fcr die Gl\u00e4ubigen zu beten. Die Gl\u00e4ubigen werden von der Erf\u00fcllung der Sonntagspflicht befreit.\u201c<\/p>\n\n\n\n<p>Bischof Wiesemann erkl\u00e4rt dazu: \u201eDie Ma\u00dfnahmen, die wir als Bistum beschlossen haben, sind Ausdruck unserer Verantwortung f\u00fcr die Gl\u00e4ubigen und die Gesellschaft. Uns leitet die Sorge um den Schutz aller Menschen, vor allem derer, die einer Risikogruppe angeh\u00f6ren. Somit ist die Sonntagspflicht bis auf weiteres aufgehoben. Auch wenn wir vorerst keine \u00f6ffentlichen Gottesdienste feiern, ist es mir als Bischof sehr wichtig, dass wir auch weiterhin unseren seelsorglichen Auftrag wahrnehmen. Daher bleiben unsere Kirchen offen als Orte, in denen Menschen ihre Anliegen vor Gott tragen und von ihm St\u00e4rkung erfahren k\u00f6nnen. Ich rufe dazu auf, dass wir uns im Gebet verbinden: mit allen Kranken und ihren Angeh\u00f6rigen, mit \u00c4rzten und Pflegenden und mit allen, die Sorge tragen f\u00fcr das Wohlergehen der Menschen in unserem Land.\u201c<\/p>\n\n\n\n<p>Die Absage gilt auch f\u00fcr alle pfarrlichen Veranstaltungen. Erstkommunionfeiern in den Pfarreien sollen auf einen sp\u00e4teren Zeitpunkt verschoben werden. Die Kirchen im Bistum bleiben als Ort des Gebetes ge\u00f6ffnet. Kl\u00f6ster und Ordensgemeinschaften werden weiterhin in ihrer Klausur Gottesdienste feiern.<\/p>\n\n\n\n<h4 class=\"wp-block-heading\"><strong>Diese Regelungen gelten zun\u00e4chst bis 31. M\u00e4rz 2020.<\/strong><\/h4>\n\n\n\n<h4 class=\"wp-block-heading\"><strong>Angebote an die Gl\u00e4ubigen:<\/strong><\/h4>\n\n\n\n<p>Informationen zu Alternativen f\u00fcr den Gottesdienstbesuch, zu Gottesdienst\u00fcbertragungen in den Medien, Andachten und spirituelle Impulse findet man auf der Homepage im Bistum Speyer.<\/p>\n\n\n\n<p><br>Als Angebot an die Gl\u00e4ubigen wird am Sonntag, 15. M\u00e4rz, um 10 Uhr eine Messfeier von Bischof Dr. Karl-Heinz Wiesemann \u00fcber auf die Homepage des Bistums mit zu feiern sein. Anschlie\u00dfend stehen in einer digitalen Gespr\u00e4chsrunde per Livestream Vertreterinnen und Vertreter des Bistums f\u00fcr Fragen bis 12 Uhr zur Verf\u00fcgung.<\/p>\n\n\n\n<p>Kl\u00f6ster und Ordensgemeinschaften werden weiterhin in ihrer Klausur Gottesdienste feiern.<\/p>\n\n\n\n<h4 class=\"wp-block-heading\"><strong>Schutzma\u00dfnahmen vor Covid-19 im Dom<\/strong><\/h4>\n\n\n\n<p>Bereits seit Beginn der ersten Krankheitsf\u00e4lle von Covid-19 in Deutschland sind Bistum und Domkapitel darum bem\u00fcht, die Besucher des Doms zu sch\u00fctzen. Das Weihwasser wurde vor einigen Tagen aus den Becken entfernt und auch die Ausgabe von Audioguides wird seit zwei Wochen verzichtet. Ab sofort werden keine Gottesdienste mehr im Dom gefeiert. F\u00fcr das pers\u00f6nliche Gebet bleibt die Kathedrale jedoch bis auf Weiteres ge\u00f6ffnet. Schilder an allen Eing\u00e4ngen und die Homepage des Doms informieren die Gl\u00e4ubigen \u00fcber die aktuelle Situation.<\/p>\n\n\n\n<p>Auch die Dommusik handelt vorausschauend und hat, wenn auch \u201eschweren Herzens\u201c, die anstehenden Konzerte abgesagt und den Probenbetrieb eingestellt. \u201eSo traurig es auch ist \u2013 wir werden aus gegebenem Anlass schweren Herzens die anstehenden Konzerte unserer Reihe \u201aCantate Domino\u2018 absagen\u201c, teilte Domkapellmeister Markus Melchiori mit. Als weitere Ma\u00dfnahme wird der gesamte Domsingschul-Betrieb auf unbestimmte Zeit ausgesetzt. Das bedeutet auch, dass die Ch\u00f6re an Ostern nicht singen werden. \u201eDas hei\u00dft, es finden f\u00fcr alle Chorgruppen keine Proben, keine Auftritte in Gottesdiensten und Konzerten, keine Stimmbildung und kein Instrumentalunterricht statt\u201c, erkl\u00e4rte Melchiori.<\/p>\n\n\n\n<p>Im touristischen Dombetrieb wird laufend \u00fcberpr\u00fcft, welche Ma\u00dfnahmen zum Schutz von Besuchern und Mitarbeitern getroffen werden k\u00f6nnen. Die um diese Jahreszeit ohnehin geringen Besucherzahlen haben sich weiter verringert, so dass bei einem Besuch des Doms derzeit keine Gef\u00e4hrdung auszugehen scheint. Dennoch ist Personen, die zum Kreis der besonders Gef\u00e4hrdeten geh\u00f6ren, von einem Besuch abzuraten.<\/p>\n\n\n\n<h4 class=\"wp-block-heading\"><strong>Hinweis:<\/strong><\/h4>\n\n\n\n<p>Fortlaufend aktualisierte Informationen zum Umgang mit dem Coronavirus werden auf der Homepage des Bistums <a href=\"https:\/\/deref-web-02.de\/mail\/client\/1cyMA8jtc2g\/dereferrer\/?redirectUrl=http%3A%2F%2Fwww.bistum-speyer.de\" target=\"_blank\" rel=\"noreferrer noopener\">www.bistum-speyer.de<\/a> ver\u00f6ffentlicht. Hier finden Sie auch die jeweiligen Schreiben an die Mitarbeiterinnen und Mitarbeiter und Einrichtungen im Bistum.<\/p>\n\n\n\n<h4 class=\"wp-block-heading\"><strong>F\u00fcr Fragen aus den Pfarreien gibt es eine Hotline: Tel. 06232\/102414, die zu den folgenden Zeiten erreichbar ist.<\/strong><\/h4>\n\n\n\n<p>Samstag, 9.00 \u2013 12.00 Uhr<\/p>\n\n\n\n<p>Sonntag, 11.00 \u2013 13.00 Uhr<\/p>\n\n\n\n<p>Ab Montag, 16.03.2020, 9.00 \u2013 17.00 Uhr<\/p>\n\n\n\n<p><em>Bistum Speyer<br>14.03.2020<\/em><\/p>\n\n\n\n<h2 class=\"wp-block-heading\"><strong>Pers\u00f6nliche Vorsprache nur noch nach Terminvereinbarung<\/strong><\/h2>\n\n\n\n<div class=\"wp-block-image\"><figure class=\"aligncenter\"><img decoding=\"async\" src=\"https:\/\/speyer24news.com\/wp-content\/uploads\/2020\/02\/Speyer-Logo.jpg\" alt=\"\" class=\"wp-image-25892\"\/><\/figure><\/div>\n\n\n\n<p><strong>Speyer &#8211; <\/strong>Aus aktuellem Anlass sind Vorsprachen bei s\u00e4mtlichen Dienststellen der Stadtverwaltung Speyer zum Schutz der B\u00fcrger*innen und Mitarbeiter*innen  nur noch nach vorheriger Terminvereinbarung m\u00f6glich. Termine k\u00f6nnen entweder telefonisch oder per E-Mail vereinbart werden. Die Stadtverwaltung bittet die B\u00fcrgerinnen und B\u00fcrger darum, diese M\u00f6glichkeit nur in wirklich dringenden Angelegenheiten wahrzunehmen  und nur dann, wenn sie selbst keine Krankheitssymptome zeigen. Ziel ist es, gr\u00f6\u00dfere Menschenansammlungen in den Wartebereichen zu vermeiden und so die Ansteckungsgefahr zu reduzieren. <\/p>\n\n\n\n<p>Oberb\u00fcrgermeisterin Stefanie Seiler appelliert an die Bev\u00f6lkerung und die Medien, keine unbest\u00e4tigten Informationen zu verbreiten. Die\n Stadt Speyer informiert in enger Abstimmung mit dem Gesundheitsamt des Rhein-Pfalz-Kreises und dem Land Rheinland-Pfalz unter\n<a href=\"https:\/\/deref-web-02.de\/mail\/client\/1erN5_NI5UQ\/dereferrer\/?redirectUrl=http%3A%2F%2Fwww.speyer.de%2Fcorona\" target=\"_blank\" rel=\"noreferrer noopener\">www.speyer.de\/corona<\/a> \u00fcber die aktuelle Lage.\n<\/p>\n\n\n\n<p>Bitte nutzen Sie zur Terminvereinbarung folgende Kontaktm\u00f6glichkeiten:<\/p>\n\n\n\n<p><strong>B\u00fcrgerb\u00fcro I \u2013 Maximilianstra\u00dfe<\/strong><\/p>\n\n\n\n<p>Tel.: 14 13 33<\/p>\n\n\n\n<p>E-Mail:\n<a href=\"mailto:buergerbuero@stadt-speyer.de\" target=\"_blank\" rel=\"noreferrer noopener\">buergerbuero@stadt-speyer.de<\/a><\/p>\n\n\n\n<p><strong>B\u00fcrgerb\u00fcro II \u2013 Industriestra\u00dfe\n<\/strong><\/p>\n\n\n\n<p>Tel.: 14 13 34<\/p>\n\n\n\n<p>E-Mail:\n<a href=\"mailto:buergerbuero@stadt-speyer.de\" target=\"_blank\" rel=\"noreferrer noopener\">buergerbuero@stadt-speyer.de<\/a><\/p>\n\n\n\n<p><strong>Ordnungs- und Ausl\u00e4nderbeh\u00f6rde<\/strong><\/p>\n\n\n\n<p>Tel.: 14 27 25<\/p>\n\n\n\n<p>E-Mail:\n<a href=\"mailto:ordnungswesen@stadt-speyer.de\" target=\"_blank\" rel=\"noreferrer noopener\">ordnungswesen@stadt-speyer.de<\/a><\/p>\n\n\n\n<p><strong>Stra\u00dfenverkehrsbeh\u00f6rde<\/strong><\/p>\n\n\n\n<p>Tel.: 14 24 80<\/p>\n\n\n\n<p>E-Mail:\n<a href=\"mailto:strassenverkehr@stadt-speyer.de\" target=\"_blank\" rel=\"noreferrer noopener\">strassenverkehr@stadt-speyer.de<\/a><\/p>\n\n\n\n<p><strong>Standesamt\/Friedhof<\/strong><\/p>\n\n\n\n<p>Tel.: 14 25 03<\/p>\n\n\n\n<p>E-Mail:\n<a href=\"mailto:standesamt@stadt-speyer.de\" target=\"_blank\" rel=\"noreferrer noopener\">standesamt@stadt-speyer.de<\/a><\/p>\n\n\n\n<p><strong>Kultur, Tourismus, Bildung und Sport<\/strong><\/p>\n\n\n\n<p>Tel.: 14 22 07<\/p>\n\n\n\n<p>E-Mail:\n<a href=\"mailto:kultur@stadt-speyer.de\" target=\"_blank\" rel=\"noreferrer noopener\">kultur@stadt-speyer.de<\/a> <\/p>\n\n\n\n<p><strong>Familie, Jugend und Soziales<\/strong><\/p>\n\n\n\n<p>Tel.: 14 24 00<\/p>\n\n\n\n<p>E-Mail:\n<a href=\"mailto:fb4@stadt-speyer.de\" target=\"_blank\" rel=\"noreferrer noopener\">fb4@stadt-speyer.de<\/a><\/p>\n\n\n\n<p><strong>Bauamt<\/strong><\/p>\n\n\n\n<p>Tel.: 14 23 02<\/p>\n\n\n\n<p>E-Mail:\n<a href=\"mailto:bauordnung@stadt-speyer.de\" target=\"_blank\" rel=\"noreferrer noopener\">bauordnung@stadt-speyer.de<\/a> <\/p>\n\n\n\n<p>Alle anderen Abteilungsrufnummern und Funktionspostf\u00e4cher k\u00f6nnen auf <a href=\"https:\/\/deref-web-02.de\/mail\/client\/VX_rnXDx1lU\/dereferrer\/?redirectUrl=http%3A%2F%2Fwww.speyer.de\" target=\"_blank\" rel=\"noreferrer noopener\">www.speyer.de<\/a> unter Rathaus\/Verwaltung\/Verwaltungsgliederung abgerufen werden.<\/p>\n\n\n\n<p><em>Stadtverwaltung Speyer<br>14.03.2020<\/em><\/p>\n\n\n\n<h2 class=\"wp-block-heading\"><strong>Coronavirus: Stadt aktualisiert Allgemeinverf\u00fcgung<\/strong><\/h2>\n\n\n\n<div class=\"wp-block-image\"><figure class=\"aligncenter\"><img decoding=\"async\" loading=\"lazy\" width=\"800\" height=\"153\" src=\"https:\/\/speyer24news.com\/wp-content\/uploads\/2020\/03\/LU.png\" alt=\"\" class=\"wp-image-25754\" srcset=\"https:\/\/speyer24news.com\/wp-content\/uploads\/2020\/03\/LU.png 800w, https:\/\/speyer24news.com\/wp-content\/uploads\/2020\/03\/LU-300x57.png 300w, https:\/\/speyer24news.com\/wp-content\/uploads\/2020\/03\/LU-768x147.png 768w\" sizes=\"(max-width: 800px) 100vw, 800px\" \/><\/figure><\/div>\n\n\n\n<p><strong>Ludwigshafen &#8211; <\/strong>Aufgrund der anhaltenden Verbreitung des Coronavirus im gesamten Bundesgebiet und auch in der Region hat die Stadt Ludwigshafen die Richtlinien zur Durchf\u00fchrung \u00f6ffentlicher Veranstaltungen ausgeweitet. Damit folgt die Stadtverwaltung den aktuellen bundespolitischen Empfehlungen. Die aktualisierte Allgemeinverf\u00fcgung untersagt Veranstaltungen in geschlossenen R\u00e4umen ab einer erwarteten Teilnehmerzahl von 200 Menschen. Mit der Festlegung der Personenzahl auf 200 hat die Stadt Ludwigshafen unter anderem die Aufrechterhaltung eines funktionsf\u00e4higen \u00d6ffentlichen Personennahverkehrs im Blick.<\/p>\n\n\n\n<p>F\u00fcr alle anderen\nVeranstaltungen gilt weiterhin, dass der Veranstalter sicherzustellen und zu\nbest\u00e4tigen hat, dass diese gem\u00e4\u00df den jeweils g\u00fcltigen und aktuellen Hinweisen\nund Empfehlungen des Robert-Koch-Instituts (www.rki.de) durchgef\u00fchrt werden.\nAus infektionsmedizinischen Gr\u00fcnden sollte gem\u00e4\u00df den Empfehlungen der Fachleute\ndes Klinikums auf Veranstaltungen beziehungsweise Ansammlungen bereits ab einer\nAnzahl von 100 Personen verzichtet und jene abgesagt werden.<\/p>\n\n\n\n<p>Die Stadtverwaltung bittet die\nB\u00fcrger*innen um Verst\u00e4ndnis, dass aufgrund der aktuellen Entwicklungen alle\ngr\u00f6\u00dferen Veranstaltungen in der Stadt bis Ende Juni abgesagt werden m\u00fcssen.\nDetails dazu folgen in der kommenden Woche.<\/p>\n\n\n\n<p>Die aktualisierte Allgemeinverf\u00fcgung ist auf der st\u00e4dtischen Internetseite <a href=\"http:\/\/www.ludwigshafen.de\">www.ludwigshafen.de<\/a> einsehbar.<\/p>\n\n\n\n<p>Dar\u00fcber hinaus gibt die\nStadtverwaltung die nachfolgenden Hinweise zu Einschr\u00e4nkungen bei den Bereichen\nB\u00fcrgerdienste, Stra\u00dfenverkehr, \u00d6ffentliche Ordnung, Stadtkasse und Finanzen\nbekannt: Ab Montag, 16. M\u00e4rz 2020, sind dort pers\u00f6nliche Vorsprachen nur\neingeschr\u00e4nkt oder nicht mehr m\u00f6glich.<\/p>\n\n\n\n<h4 class=\"wp-block-heading\"><strong>Standesamt<\/strong><\/h4>\n\n\n\n<p>Eheschlie\u00dfungen werden\nweiterhin durchgef\u00fchrt. Es liegen Anwesenheitslisten aus, in denen sich die\nG\u00e4ste der Trauungen einzutragen haben. Das Standesamt beh\u00e4lt sich vor, die\nG\u00e4stezahl f\u00fcr Eheschlie\u00dfungen bei Bedarf zu begrenzen.<\/p>\n\n\n\n<p>Das Standesamt bittet die\nB\u00fcrger*innen, bei der Anforderung von Personenstandsurkunden auf pers\u00f6nliche\nVorsprachen zu verzichten und dies daf\u00fcr auf dem Postweg oder per E-Mail\ndurchzuf\u00fchren. <\/p>\n\n\n\n<h4 class=\"wp-block-heading\"><strong>Stra\u00dfenverkehr<\/strong><\/h4>\n\n\n\n<p>Pers\u00f6nliche Vorsprachen sind\nbeim Bereich Stra\u00dfenverkehr in der Achtmorgenstra\u00dfe nur noch nach vorheriger\nTerminvereinbarung m\u00f6glich.<\/p>\n\n\n\n<p>Terminabsprache zur Zulassungsstelle f\u00fcr Fahrzeuge in dringenden F\u00e4llen telefonisch unter 0621 504-2490 und ansonsten \u00fcber die Beh\u00f6rdennummer 115, die st\u00e4dtische Internetseite <a href=\"http:\/\/www.ludwigshafen.de\">www.ludwigshafen.de<\/a> (B\u00fcrgerservice &gt; Onlineservices &gt; Zulassungsstelle) sowie \u00fcber die E-Mail-Adresse <a href=\"mailto:zulassungsstelle@ludwigshafen.de\">zulassungsstelle@ludwigshafen.de<\/a>.<\/p>\n\n\n\n<p>Zulassung f\u00fcr Personen: Terminvereinbarung von Montag bis Freitag in der Zeit von 8 bis 12 Uhr unter der Rufnummer 0621 504-2407 und unter der E-Mail-Adresse <a href=\"fuehrerscheinstelle@ludwigshafen.de\">fuehrerscheinstelle@ludwigshafen.de<\/a> unter Angabe des Namens, der Anschrift, Telefonnummer und E-Mail-Adresse.<\/p>\n\n\n\n<p>Bu\u00dfgeldstelle: Telefonisch erreichbar unter 0621 504-3735 und per E-Mail an <a href=\"bussgeldstelle@ludwigshafen.de\">bussgeldstelle@ludwigshafen.de<\/a>. <\/p>\n\n\n\n<p>Verkehrs\u00fcberwachung: Telefonisch erreichbar unter 0621 504-3212 und per E-Mail an <a href=\"rv-einsatzleitstelle@ludwigshafen.de\">rv-einsatzleitstelle@ludwigshafen.de<\/a>. <\/p>\n\n\n\n<p>Verkehrsangelegenheiten: Telefonisch erreichbar unter 0621 504-3750 und per E-Mail an <a href=\"verkehrsangelegenheiten@ludwigshafen.de\">verkehrsangelegenheiten@ludwigshafen.de<\/a> zu richten.<\/p>\n\n\n\n<p>B\u00fcrgerb\u00fcro Achtmorgenstra\u00dfe:\nTerminvereinbarungen unter Telefon 0621 504-3860 von Montag bis Freitag von 8\nbis 12 Uhr unter Angabe des Namens, der Anschrift, Telefonnummer und\nE-Mail-Adresse Termine.<\/p>\n\n\n\n<h4 class=\"wp-block-heading\"><strong>Stadtkasse<\/strong><\/h4>\n\n\n\n<p>Die Stadtkasse ist f\u00fcr\nPublikumsverkehr bis auf Weiteres geschlossen. <\/p>\n\n\n\n<p>\u2022&nbsp;&nbsp;&nbsp;&nbsp;&nbsp;&nbsp;&nbsp;&nbsp;&nbsp;&nbsp; Bareinzahlungen und\nKautionszahlungen in bar sind nicht m\u00f6glich. <\/p>\n\n\n\n<p>Die Bankverbindungen der Stadtverwaltung Ludwigshafen sind auf <a href=\"http:\/\/www.ludwigshafe.de\">www.ludwigshafe.de<\/a> (unter B\u00fcrgernah &gt; B\u00fcrgerservice &gt; Bankverbindung) einsehbar.<\/p>\n\n\n\n<p>Kontaktaufnahme ist telefonisch\noder per E-Mail mit den zust\u00e4ndigen Sachbearbeiter*innen m\u00f6glich, deren Kontaktdaten\nauf der R\u00fcckseite der jeweiligen Zahlungserinnerung aufgef\u00fchrt sind.<\/p>\n\n\n\n<p>F\u00fcr allgemeine Anliegen ist die Stadtkasse unter Telefon 0621 504-3021 sowie unter der Faxnummer 0621 504-3323 und per E-Mail an <a href=\"2-12@ludwigshafen.de\">2-12@ludwigshafen.de<\/a> zu erreichen.<\/p>\n\n\n\n<h4 class=\"wp-block-heading\"><strong>B\u00fcrgerdienste<\/strong><\/h4>\n\n\n\n<p>Der Bereich B\u00fcrgerdienste f\u00fchrt\nab sofort keine Pass\u00fcbertr\u00e4ge mehr durch und nimmt bis auf Weiteres auch keine\nVerpflichtungserkl\u00e4rungen f\u00fcr Einladungen von Personen aus dem Ausland auf.\nNotf\u00e4lle sind von diesen Regelungen ausgenommen. Zudem werden keine\nAufenthaltstitel mehr verl\u00e4ngert oder erteilt. Damit sich die davon betroffenen\nPersonen nicht illegal im Bundesgebiet aufhalten oder ihre Arbeitsstelle\nverlieren, erfolgt die geb\u00fchrenfreie und langfristige Ausstellung von\nFiktionsbescheinigungen.<\/p>\n\n\n\n<h4 class=\"wp-block-heading\"><strong>\u00d6ffentliche Ordnung<\/strong><\/h4>\n\n\n\n<p>\u00d6ffnungszeiten<\/p>\n\n\n\n<p>\u2022&nbsp;&nbsp;Fundb\u00fcro dienstags von 8 bis 12 Uhr<\/p>\n\n\n\n<p>\u2022&nbsp;&nbsp;Gewerbemeldestelle donnerstags von 8 bis 12 sowie von 14 bis 17 Uhr <\/p>\n\n\n\n<p>\u2022&nbsp;&nbsp;Gastst\u00e4ttenabteilung und Waffenbeh\u00f6rde montags zwischen 8 und 12 Uhr.<\/p>\n\n\n\n<h4 class=\"wp-block-heading\"><strong>Steuerverwaltung<\/strong><\/h4>\n\n\n\n<p>Kontaktaufnahme ist telefonisch oder per E-Mail m\u00f6glich. Kontaktdaten sind auf der R\u00fcckseite der jeweiligen Steuer- und Abgabenbescheide aufgef\u00fchrt. Das Verwaltungssekretariat ist t\u00e4glich von 8 bis 12 Uhr unter Telefon 0621 504-3022 erreichbar. Stundungsbeantragungen: Kontakt \u00fcber Jutta Ratajski f\u00fcr die Nachnamensbuchstaben A bis L, Telefon 0621 504-2234 und E-Mail <a href=\"jutta.ratajski@ludwigshafen.de\">jutta.ratajski@ludwigshafen.de<\/a>; f\u00fcr Nachnamensbuchstaben M bis Z, Nicole Merz, Telefon 0621 504-2267 und E-Mail <a href=\"nicole.merz@ludwigshafen.de\">nicole.merz@ludwigshafen.de<\/a>.<\/p>\n\n\n\n<h4 class=\"wp-block-heading\"><strong>Bereich Immobilien<\/strong><\/h4>\n\n\n\n<p>Die Sachbearbeiter*innen k\u00f6nnen telefonisch oder per E-Mail erreicht werden. Weitere Informationen sind auf <a href=\"http:\/\/www.ludwigshafen.de\">www.ludwigshafen.de<\/a> (Rathaus &gt; Verwaltung &gt; Dezernat 2 &gt; 2-13 Immobilien) verf\u00fcgbar. Allgemeine Anliegen: Telefon 0621 504-3023, Fax 0621 504-3821 und E-Mail <a href=\"mailto:2-13@ludwigshafen.de\">2-13@ludwigshafen.de<\/a>.<\/p>\n\n\n\n<h4 class=\"wp-block-heading\"><strong>Kein Infostand zum Equal Pay Day<\/strong><\/h4>\n\n\n\n<p>Das f\u00fcr Dienstag, 17. M\u00e4rz 2020, 11 bis 14 Uhr, geplante Informationsangebot zum Equal Pay Day in der Rhein-Galerie findet nicht statt. Das haben die Veranstalterinnen, die Gleichstellungsstellen der Stadt und des Rhein-Pfalz-Kreises sowie der Business and Professional Women Club Mannheim Ludwigshafen (BPW) entschieden. Grundlage sind die von der Stadt Ludwigshafen getroffenen Vorsorgema\u00dfnahmen aufgrund der weiter anhaltenden Verbreitung des Coronavirus in Deutschland. Die Stadt hat ab 12. M\u00e4rz 2020 einen Teil ihrer Einrichtungen geschlossen und Dienstleistungen eingeschr\u00e4nkt.<\/p>\n\n\n\n<p><em>Stadt Ludwigshafen am Rhein<br>14.03.2020<\/em><\/p>\n\n\n\n<h2 class=\"wp-block-heading\"><strong>Ahnen und Wissing begr\u00fc\u00dfen umfassendes Hilfspaket f\u00fcr die Wirtschaft<\/strong><\/h2>\n\n\n\n<p><strong>Berlin \/ Mainz \/ Deutschland &#8211; <\/strong>Die Bundesregierung hat am Freitag (13.03.2020) ein umfassendes Hilfspaket f\u00fcr die Wirtschaft vorgestellt. Dieses sieht unter anderem einen unbegrenzten Garantierahmen des Bundes f\u00fcr die Kreditprogramme der KfW, eine erhebliche Erweiterung  der M\u00f6glichkeiten der B\u00fcrgschaftsbanken, Erleichterungen bei der Kurzarbeit sowie Steuererleichterungen bei Vorauszahlungen und Stundungen vor. Finanzministerin Doris Ahnen und Wirtschaftsminister Dr. Volker Wissing begr\u00fc\u00dfen diese umfassenden Sofortma\u00dfnahmen.  Das milliardenschwere Hilfspaket sei aus ihrer Sicht ein entscheidender Beitrag, um die Leistungsf\u00e4higkeit des Wirtschaftsstandorts Deutschland dauerhaft sicherzustellen.<\/p>\n\n\n\n<p>\n\u201eAufgrund der Ausbreitung des Corona-Virus sehen sich viele Unternehmen in Rheinland-Pfalz vor wirtschaftliche Herausforderungen und Probleme gestellt. Insbesondere die Anhebung des H\u00f6chstbetrags f\u00fcr B\u00fcrgschaften\n der B\u00fcrgschaftsbanken von 1,25 Millionen auf 2,5 Millionen Euro ist ein wichtiges wirtschaftspolitisches Signal, um vor allem kleine und mittlere Unternehmen bei der Bew\u00e4ltigung der Herausforderungen durch das Corona-Virus zu unterst\u00fctzen. Wir begr\u00fc\u00dfen es,\n dass die Bundesregierung hier zusammen mit den L\u00e4ndern schnell und konsequent handelt. Wo immer es erforderlich ist, werden wir umgehend alle notwendigen Instrumente bereitstellen, um die Auswirkungen des Corona-Virus auf die rheinland-pf\u00e4lzische Wirtschaft\n abzufedern\u201c, erkl\u00e4rten Ahnen und Wissing. Neben der B\u00fcrgschaftsbank Rheinland-Pfalz GmbH stehe den Unternehmen auch die Investitions- und Strukturbank Rheinland-Pfalz (ISB) zur Seite. In jedem Fall sollten sich Unternehmen bei drohenden Liquidit\u00e4tsengp\u00e4ssen\n fr\u00fchzeitig an ihre Hausbank wenden.<\/p>\n\n\n\n<p>Die B\u00fcrgschaftsbank Rheinland-Pfalz GmbH vergibt B\u00fcrgschaften und Garantien zur Besicherung von Krediten und Beteiligungen f\u00fcr kleine und mittlere Unternehmen, wenn anderweitige bank\u00fcbliche Sicherheiten nicht ausreichend  vorhanden sind. Bund und L\u00e4nder \u00fcbernehmen dabei anteilig einen Teil des Risikos der B\u00fcrgschaftsbank durch R\u00fcckb\u00fcrgschaften. Der H\u00f6chstbetrag f\u00fcr B\u00fcrgschaften lag bisher bei 1,25 Millionen Euro und wurde jetzt durch das Bundeswirtschaftsministerium auf 2,5  Millionen Euro angehoben. Das Land hebt f\u00fcr seinen Haftungsanteil ebenso wie der Bund den H\u00f6chstbetrag auf 2,5 Millionen Euro an.<\/p>\n\n\n\n<p>F\u00fcr B\u00fcrgschaften, die \u00fcber dem H\u00f6chstbetrag der B\u00fcrgschaftsbank von 2,5 Mio. \u20ac liegen, k\u00f6nnen die Investitions- und Strukturbank Rheinland-Pfalz (ISB) sowie das Land Rheinland-Pfalz B\u00fcrgschaften \u00fcbernehmen. Als Sofortma\u00dfnahme  hat die ISB eine Anlaufstelle sowie eine telefonische Beratungs-Hotline zu diesem Thema eingerichtet. Die ISB stellt eine zeitnahe Bearbeitung der Antr\u00e4ge sicher.<\/p>\n\n\n\n<p>\u201eVom Corona-Virus betroffene Unternehmen k\u00f6nnen zudem bei ihrem Finanzamt Antr\u00e4ge auf die Herabsetzung von Vorauszahlungen sowie auf Billigkeitsma\u00dfnahmen, wie zum Beispiel Stundung oder Erlass der Steuerforderung  oder Vollstreckungsaufschub, stellen. Wir haben unsere Finanz\u00e4mter sensibilisiert, bei der Entscheidung entsprechender Antr\u00e4ge das zur Verf\u00fcgung stehende Ermessen gro\u00dfz\u00fcgig anzuwenden\u201c, erkl\u00e4rte Finanzministerin Doris Ahnen. Weitere Ma\u00dfnahmen werden derzeit  zwischen Bund und L\u00e4ndern abgestimmt. <\/p>\n\n\n\n<p>Weitere Informationen zur Unterst\u00fctzung von kleinen und mittleren Unternehmen finden Sie auf der Homepage der ISB: <a href=\"https:\/\/deref-web-02.de\/mail\/client\/8tatU8Cz4wY\/dereferrer\/?redirectUrl=https%3A%2F%2Fisb.rlp.de%2Fhome%2Fdetailansicht%2Funterstuetzung-von-kmu-auch-in-krisenzeiten.html\" target=\"_blank\" rel=\"noreferrer noopener\"> https:\/\/isb.rlp.de\/home\/detailansicht\/unterstuetzung-von-kmu-auch-in-krisenzeiten.html<\/a>.<\/p>\n\n\n\n<p><em>Ministerium der Finanzen Rheinland-Pfalz<br>14.03.2020<\/em><\/p>\n\n\n\n<h2 class=\"wp-block-heading\"><strong>Coronavirus<\/strong> &#8211; <strong>Weitere positive F\u00e4lle im Landkreis Germersheim best\u00e4tigt<\/strong><\/h2>\n\n\n\n<div class=\"wp-block-image\"><figure class=\"aligncenter\"><img decoding=\"async\" src=\"https:\/\/speyer24news.com\/wp-content\/uploads\/2020\/03\/Germersheim.jpg\" alt=\"\" class=\"wp-image-25757\"\/><\/figure><\/div>\n\n\n\n<p><strong>Landkreis Germersheim &#8211; <\/strong>Im Landkreis Germersheim gibt es zwei neu best\u00e4tigte positive F\u00e4lle (Stand Freitag, 13 Uhr).<\/p>\n\n\n\n<p>Insgesamt sind damit derzeit 4\nbest\u00e4tigte F\u00e4lle bekannt. Beide Personen wohnen in unterschiedlichen Orten im\nS\u00fcden des Landkreises. Sie und ihre Familien befinden sich bis auf Weiteres in\nh\u00e4uslicher Quarant\u00e4ne.<\/p>\n\n\n\n<p>In beiden F\u00e4llen handelt sich um\nReiser\u00fcckkehrer aus einem Risikogebiet. Aufgrund von Symptomen wurden die\nBetroffenen vom Hausarzt\/-\u00e4rztin untersucht und getestet. Das Gesundheitsamt\ndes Landkreises Germersheim hat diese Quarant\u00e4ne nach Infektionsschutzgesetzt\nangeordnet. Die Nachverfolgung von Kontaktpersonen l\u00e4uft.<\/p>\n\n\n\n<p>Informationen zum Thema Coronavirus auf der Homepage des Landkreises finden Interessierte direkt \u00fcber <a href=\"http:\/\/www.kreis-germersheim.de\/coronavirus\">www.kreis-germersheim.de\/coronavirus<\/a>. Au\u00dferdem ist in der Kreisverwaltung ein B\u00fcrgertelefon besetzt. Dieses erreichen B\u00fcrgerinnen und B\u00fcrger Montag bis Donnerstag von 9 bis 12.30 Uhr und 13.30 bis 16 Uhr (donnerstags bis 18 Uhr), Freitag 10 bis 13 Uhr, Telefonnummer 07274\/53-131.<\/p>\n\n\n\n<p><em>Kreisverwaltung Germersheim<\/em><br><em>14.03.2020<\/em><\/p>\n\n\n\n<h2 class=\"wp-block-heading\"><strong>Landrat Brechtel: Notbetreuung an Kitas und Schulen sicherstellen!<\/strong><\/h2>\n\n\n\n<div class=\"wp-block-image\"><figure class=\"aligncenter\"><img decoding=\"async\" loading=\"lazy\" width=\"640\" height=\"523\" src=\"https:\/\/speyer24news.com\/wp-content\/uploads\/2020\/03\/Brechtel-Fritz-Landrat-GER.jpg\" alt=\"\" class=\"wp-image-25889\" srcset=\"https:\/\/speyer24news.com\/wp-content\/uploads\/2020\/03\/Brechtel-Fritz-Landrat-GER.jpg 640w, https:\/\/speyer24news.com\/wp-content\/uploads\/2020\/03\/Brechtel-Fritz-Landrat-GER-300x245.jpg 300w\" sizes=\"(max-width: 640px) 100vw, 640px\" \/><\/figure><\/div>\n\n\n\n<p><strong>Germersheim &amp; Landkreis Germersheim &#8211; <\/strong>\u201eSeit Freitagvormittag kursiert die Information, dass das Land Rheinland-Pfalz alle Schulen und Kitas schlie\u00dfen wird. Klar ist, dass nicht alle Eltern eine Betreuung ad hoc sicherstellen k\u00f6nnen. Daher hat die Kreisverwaltung aktuell alle Schulen und Kitas bzw. deren Tr\u00e4ger darauf hingewiesen, dass eine Notbetreuung eingerichtet werden muss\u201c, so Landrat Dr. Fritz Brechtel und der Erste Kreisbeigeordnete Christoph Buttweiler. <\/p>\n\n\n\n<p>Wir gehen davon aus, dass das Land\nmit den Kommunen konkrete Kriterien hierf\u00fcr erarbeitet.<\/p>\n\n\n\n<p>Bereits heute Vormittag haben sich Landr\u00e4te, Oberb\u00fcrgermeister und B\u00fcrgermeister der gesamten Region und entlang der Grenze zu Frankreich mit einem Brief an Ministerpr\u00e4sidentin Malu Dreyer gewandt und zum Schutz der Bev\u00f6lkerung die Schlie\u00dfung von Schulen und Kindertagesst\u00e4tten gefordert. \u201eVor allem zur Unterbrechung von \u00dcbertragungswegen und zur Verlangsamung der Erkrankungswelle halten wir diese Ma\u00dfnahme f\u00fcr unbedingt erforderlich\u201c, so Landrat Brechtel. \u201eDennoch m\u00fcssen wir eine Betreuung anbieten f\u00fcr all jene, die ansonsten ihre Kinder nicht betreuen k\u00f6nnen. Wichtig ist au\u00dferdem, dass das m\u00fcndliche Abitur durchgef\u00fchrt werden kann.\u201c<\/p>\n\n\n\n<p><em>Kreisverwaltung Germersheim<br>14.03.2020<\/em><\/p>\n\n\n\n<h2 class=\"wp-block-heading\"><strong>Erster best\u00e4tigter Corona-Fall in Speyer \u2013 Person isoliert und stabil<\/strong><\/h2>\n\n\n\n<div class=\"wp-block-image\"><figure class=\"aligncenter\"><img decoding=\"async\" loading=\"lazy\" width=\"600\" height=\"277\" src=\"https:\/\/speyer24news.com\/wp-content\/uploads\/2020\/03\/Speyer-Logo-Stadt.png\" alt=\"\" class=\"wp-image-25862\" srcset=\"https:\/\/speyer24news.com\/wp-content\/uploads\/2020\/03\/Speyer-Logo-Stadt.png 600w, https:\/\/speyer24news.com\/wp-content\/uploads\/2020\/03\/Speyer-Logo-Stadt-300x139.png 300w\" sizes=\"(max-width: 600px) 100vw, 600px\" \/><\/figure><\/div>\n\n\n\n<p><strong>Speyer &#8211; <\/strong>In Speyer ist erstmalig eine Person positiv auf das neuartige Coronavirus (SARS-CoV-2) getestet worden, die sich in Ischgl zum Skifahren  aufgehalten hat. Das Ergebnis liegt seit Freitagvormittag, 13. M\u00e4rz 2020, vor. Die Beh\u00f6rden haben umgehend die notwendigen Ma\u00dfnahmen ergriffen. Die Person, die in der Verwaltung der Stadt Speyer arbeitet, befindet sich ebenso wie ihre unmittelbaren Kontaktpersonen  in h\u00e4uslicher Quarant\u00e4ne, der Gesundheitszustand ist stabil. Das zust\u00e4ndige Gesundheitsamt des Rhein-Pfalz-Kreises hat die weiteren Kontaktpersonen bereits ermittelt und wird weitere Ma\u00dfnahmen ergreifen.<\/p>\n\n\n\n<p>\u201eEs ist unser vordringlichstes Anliegen, die Ausbreitung des Coronavirus einzud\u00e4mmen und m\u00f6gliche Infektionsketten zu unterbrechen.\n Die schnelle und besonnene Reaktion aller Beteiligten zeigt, dass die Ma\u00dfnahmen greifen und wir gut vorbereitet sind\u201c, erkl\u00e4rt Oberb\u00fcrgermeisterin Stefanie Seiler. \u201eDer betroffenen Person w\u00fcnsche ich eine schnelle und vollst\u00e4ndige Genesung\u201c, so Seiler weiter.<\/p>\n\n\n\n<p>Gem\u00e4\u00df Definition des Robert-Koch-Instituts gelten als Verdachtsf\u00e4lle nur Personen, die Krankheitssymptome wie z.B. Erk\u00e4ltungskrankheiten\n zeigen und sich in den letzten zwei Wochen in einem Risikogebiet gem\u00e4\u00df der Liste des Robert-Koch-Instituts aufgehalten haben bzw. Kontakt zu einem nachgewiesen an Corona erkrankten Patienten hatten.\n<\/p>\n\n\n\n<p>Personen, die Sorge haben, sich mit dem Coronavirus infiziert zu haben, wenden sich bitte an die 116117, die Nummer des \u00e4rztlichen Bereitschaftsdienstes.\n Von unangek\u00fcndigten Besuchen in Krankenh\u00e4usern oder Arztpraxen ist dringend abzuraten. F\u00fcr Fragen besorgter Mitb\u00fcrger*innen hat das Land eine kostenfreie Hotline eingerichtet, die von Montag bis Donnerstag, 9:00 bis 16:00 Uhr sowie freitags von 9:00 bis 12:00\n Uhr unter Tel. 0800-575 81 00 erreichbar ist. <\/p>\n\n\n\n<p>Auch das Gesundheitsamt des Rhein-Pfalz-Kreises hat eine Hotline eingerichtet. Dieses erreichen B\u00fcrgerinnen und B\u00fcrger unter der Telefonnummer\n 0621 5909 5800 von Montag bis Donnerstag von 9 bis 12 Uhr und 13 bis 16 Uhr, freitags von 9 bis 12 Uhr. Weitere Informationen finden Sie hier.<\/p>\n\n\n\n<p>Der Notruf 112 sollte auch weiterhin nur in Notsituationen wie akuter Atemnot genutzt werden.<\/p>\n\n\n\n<p><em>Stadtverwaltung Speyer<br>14.03.2020<\/em><\/p>\n\n\n\n<h2 class=\"wp-block-heading\">Coronavirus: Stadtwerke Speyer geschlossen<\/h2>\n\n\n\n<div class=\"wp-block-image\"><figure class=\"aligncenter\"><img decoding=\"async\" src=\"https:\/\/speyer24news.com\/wp-content\/uploads\/2020\/03\/SWS-Logo-1024x356.jpg\" alt=\"\" class=\"wp-image-25890\"\/><\/figure><\/div>\n\n\n\n<p><strong>Speyer \/ Stadtwerke &#8211; <\/strong>Gemeinsam mit der Stadt Speyer ist es unser Ziel, zum Schutz der Bev\u00f6lkerung die Infektionswege zu unterbrechen und damit die Ausbreitung des Coronavirus zu verz\u00f6gern.<\/p>\n\n\n\n<p>Wegen der aktuellen Gesundheitslage bleiben die Stadtwerke Speyer (SWS) ab Montag, 16. M\u00e4rz vorsorglich bis auf Weiteres geschlossen (Verwaltung und Kundenzentrum in der Industriestra\u00dfe).\n<\/p>\n\n\n\n<p>Zum Schutz unserer Kunden und Mitarbeiter m\u00fcssen wir diese Ma\u00dfnahmen ergreifen. Zudem geht es ma\u00dfgeblich um die Aufrechterhaltung der Versorgungssicherheit.\n<\/p>\n\n\n\n<p>Anliegen sind weiterhin telefonisch, per E-Mail oder \u00fcber das Online-Kundenportal der SWS m\u00f6glich. Der Bereitschaftsdienst ist rund um die Uhr erreichbar. Der Abfallwirtschaftshof in der Franz-Kirrmeier-Stra\u00dfe bleibt zun\u00e4chst ge\u00f6ffnet.  Details sind im Internet unter <a href=\"https:\/\/deref-web-02.de\/mail\/client\/AQh2Tvk3XIc\/dereferrer\/?redirectUrl=http%3A%2F%2Fwww.stadtwerke-speyer.de\" target=\"_blank\" rel=\"noreferrer noopener\">www.stadtwerke-speyer.de<\/a> zu finden. In dringenden F\u00e4llen wenden sich Kunden zu den regul\u00e4ren \u00d6ffnungszeiten unter Tel. 06232\/625-0 an die SWS. <\/p>\n\n\n\n<p><em>Stadtwerke Speyer GmbH<\/em><br><em>14.03.2020<\/em><\/p>\n\n\n\n<h2 class=\"wp-block-heading\"><strong>Coronavirus: bademaxx bleibt geschlossen<\/strong><\/h2>\n\n\n\n<div class=\"wp-block-image\"><figure class=\"aligncenter\"><img decoding=\"async\" src=\"https:\/\/speyer24news.com\/wp-content\/uploads\/2020\/03\/Bademaxx.jpg\" alt=\"\" class=\"wp-image-25891\"\/><\/figure><\/div>\n\n\n\n<p><strong>Speyer \/ Bademaxx &#8211; <\/strong>Gemeinsam mit der Stadt Speyer ist es unser Ziel, zum Schutz der Bev\u00f6lkerung die Infektionswege zu unterbrechen und damit die Ausbreitung des Coronavirus zu verz\u00f6gern. Wegen der aktuellen Gesundheitslage m\u00fcssen wir das bademaxx ab Samstag, 14. M\u00e4rz vorsorglich bis auf Weiteres schlie\u00dfen. <\/p>\n\n\n\n<p>Wie Schulen, Kinderg\u00e4rten, Hochschulen sind B\u00e4der\/Saunen ein \u00f6ffentlicher, geschlossener Raum, \u00fcber den Krankheitserreger \u00fcbertragen werden k\u00f6nnen. Zum Schutz unserer Bade- und Saunag\u00e4ste sowie Mitarbeiter m\u00fcssen wir diese Ma\u00dfnahmen ergreifen.<\/p>\n\n\n\n<p>Bei dringenden Fragen: E-Mail: <a href=\"mailto:bademaxx@stadtwerke-speyer.de\" target=\"_blank\" rel=\"noreferrer noopener\"> bademaxx@stadtwerke-speyer.de<\/a>, Telefon: 06232\/625-1715 (Mo \u2013 Fr, zu den B\u00fcrozeiten)<\/p>\n\n\n\n<p><em>Stadtwerke Speyer GmbH \/ Bademaxx<br>14.03.2020<\/em><\/p>\n\n\n\n<h2 class=\"wp-block-heading\">Gemeindeverwaltung sagt vorerst alle gemeindeeigenen Veranstaltungen ab <\/h2>\n\n\n\n<div class=\"wp-block-image\"><figure class=\"aligncenter\"><img decoding=\"async\" loading=\"lazy\" width=\"600\" height=\"282\" src=\"https:\/\/speyer24news.com\/wp-content\/uploads\/2020\/02\/Ha\u00dfloch.jpg\" alt=\"\" class=\"wp-image-25888\" srcset=\"https:\/\/speyer24news.com\/wp-content\/uploads\/2020\/02\/Ha\u00dfloch.jpg 600w, https:\/\/speyer24news.com\/wp-content\/uploads\/2020\/02\/Ha\u00dfloch-300x141.jpg 300w\" sizes=\"(max-width: 600px) 100vw, 600px\" \/><\/figure><\/div>\n\n\n\n<p><strong>Ha\u00dfloch &#8211;<\/strong> Die Weltgesundheitsorganisation WHO hat am Mittwoch die Coronaerkrankung zum Pandemiefall erkl\u00e4rt. Die Bundeskanzlerin hat am Donnerstag einen Appell an die Bev\u00f6lkerung gerichtet, alle nicht notwendigen Veranstaltungen abzusagen. Die Kreisverwaltung Bad D\u00fcrkheim und das Gesundheitsamt raten dringend davon ab, in den n\u00e4chsten Wochen Veranstaltungen durchzuf\u00fchren.  <\/p>\n\n\n\n<p>Die Lage \u00e4ndert sich nahezu t\u00e4glich und die Entwicklung der Infektionszahlen in Deutschland unterliegt derzeit einer Dynamik, die darauf hinweist, dass sich das Virus weiter verbreitet. Daher hat sich die Gemeindeverwaltung Ha\u00dfloch dazu entschieden, alle gemeindeeigenen Veranstaltungen vorerst abzusagen. \u201eEs geht dabei nicht um das Sch\u00fcren von Panik, sondern um die Gewinnung von Zeit. Es ist dringend erforderlich, dass jeder das M\u00f6gliche tut, um die weitere Ausbreitung des Coronavirsus zumindest zu verlangsamen, um unser Gesundheitssystem nicht \u00fcber die Leistungsgrenzen hinaus zu beanspruchen\u201c, so der Erste Beigeordnete Tobias Meyer.  <\/p>\n\n\n\n<p>Meyer betont auch, dass sich die Verantwortlichen diese Entscheidung nicht leicht gemacht h\u00e4tten \u2013 dass diese aber unbedingt notwendig sei, um das Virus einzud\u00e4mmen. \u201eUnser Beitrag, auf Veranstaltungen zu verzichten, dient dar\u00fcber hinaus auch dem Schutz der \u00e4lteren und gesundheitlich schw\u00e4cheren Mitb\u00fcrger, bei denen eine Ansteckung zu einem schweren Krankheitsverlauf f\u00fchren kann\u201c.   <\/p>\n\n\n\n<p>Konkret betrifft die Entscheidung folgende Veranstaltungen: <\/p>\n\n\n\n<ul><li>15.03.2020: Sommertagsumzug durch den Ortskern<\/li><li>15.03.2020: Suiseki-Ausstellung im Kulturviereck<\/li><li>15.03.2020: Theaterfahrt f\u00fcr Senioren in den Pfalzbau nach Ludwigshafen<\/li><li>16.03.2020: Infoveranstaltung KlimawandelAnpassungsCoach im Kulturviereck<\/li><li>17.03.2020: Internationales Frauen-Fr\u00fchst\u00fcck der ehrenamtlichen Gleichstellungsbeauftragten im Versammlungsraum der Feuerwehr<\/li><li>18.03.2020: Auftaktveranstaltung zur Neuaufstellung des Fl\u00e4chennutzungsplans im Kulturviereck<\/li><li>21.03.2020: Vortrag \u201eJede*r f\u00fcr Gleichberechtigung\u201c der ehrenamtlichen Gleichstellungsbeauftragten im Blaub\u00e4r<\/li><li>26.03.2020: Leseabend in franz\u00f6sischer Sprache in der Gemeindeb\u00fccherei<\/li><li>26.03.2020: Demenz-Partner \u2013 Basisschulung im Kulturviereck <\/li><li>26.03.2020: Abschlussveranstaltung zum Girls\u2019Day der ehrenamtlichen Gleichstellungsbeauftragten<\/li><li>29.03.2020: Theaterfahrt f\u00fcr Senioren in den Pfalzbau nach Ludwigshafen<\/li><li>05.04.2020: Suiseki-Ausstellung im Kulturviereck<\/li><li>07.04.2020: Anwohnerforum Industriegebiet S\u00fcd<\/li><li>09.05.2020: Konzert f\u00fcr Senioren im Hannah-Arendt-Gymnasium<\/li><li>20.05.2020: Seniorenausflug der Gemeinde <\/li><\/ul>\n\n\n\n<h4 class=\"wp-block-heading\"><strong>Schlie\u00dfung von Kitas und Schulen:<\/strong><\/h4>\n\n\n\n<p>Um das Coronavirus einzud\u00e4mmen, haben inzwischen mehrere Bundesl\u00e4nder die Schlie\u00dfung von Schulen und Kitas beschlossen.\n Auch in Rheinland-Pfalz bleiben ab Montag, 16.03.2020, Schulen und Kindertagest\u00e4tten geschlossen. Die Ma\u00dfnahme gilt bis zum Ende der Osterferien am 17.04.2020. In Ha\u00dfloch betrifft das neben s\u00e4mtlichen Schulen und Kindertagesst\u00e4tten auch die Musikschule.\n<\/p>\n\n\n\n<p>Es wird Regelungen zur Notbetreuung geben. Wie Ma\u00dfnahmen zur Notbetreuung aussehen k\u00f6nnen, wird vom Land noch kommuniziert.\n \u00dcber die Umsetzung vor Ort werden wir im Laufe des Wochenendes auf unserer Homepage\n<a href=\"https:\/\/deref-web-02.de\/mail\/client\/MlRWqvfjGOU\/dereferrer\/?redirectUrl=http%3A%2F%2Fwww.hassloch.de\" target=\"_blank\" rel=\"noreferrer noopener\">www.hassloch.de<\/a> informieren.<\/p>\n\n\n\n<h4 class=\"wp-block-heading\"><strong>Schulsporthallen ab Montag geschlossen:<\/strong><\/h4>\n\n\n\n<p>Nachdem das Land Rheinland-Pfalz mitgeteilt hat, dass alle Schulen und Kindertagesst\u00e4tten ab Montag geschlossen bleiben,\n hat der Landkreis Bad D\u00fcrkheim beschlossen, ab Montag auch alle Schulturnhallen bei kreiseigenen Schulen zu schlie\u00dfen. Das betrifft in Ha\u00dfloch die Turnhallen des Hannah-Arendt-Gymnasiums und der Siebenpfeiffer-Realschule Plus sowie der Gottlieb-Wenz-Schule.\n<\/p>\n\n\n\n<p>Auch die Gemeindeverwaltung bef\u00fcrwortet die Entscheidung des Landkreises und \u00fcbertr\u00e4gt diese auf die in eigener Schultr\u00e4gerschaft\n stehenden Turnhallen der Schillerschule und Ernst-Reuter-Schule. <\/p>\n\n\n\n<p>\u201eWir bedauern die Umst\u00e4nde f\u00fcr Vereine und andere Gruppen, sehen die Schlie\u00dfung aber als folgerichtig in der aktuellen\n Situation. Jeder Einzelne steht in der Verantwortung, die Ausbreitung des Virus einzud\u00e4mmen\u201c, so der Beigeordnete und zust\u00e4ndige Vereinsdezernent Claus Wolfer.\n<\/p>\n\n\n\n<p>Sitzungen der gemeindlichen Gremien sollen nach jetzigem Planungsstand weiterhin abgehalten werden. Eine n\u00e4chste Sitzung (Haupt-, Finanz- und Wirtschaftsf\u00f6rderungsausschuss) findet am 19. M\u00e4rz 2020 im Ratssaal des Rathauses statt. <\/p>\n\n\n\n<p>Die ehrenamtliche Gleichstellungsbeauftragte der Gemeinde, Christine Steinmetz, weist darauf hin, dass Sie ihre pers\u00f6nlichen Sprechstunden dienstags und mittwochs im Foyer des Rathauses vorerst pausieren l\u00e4sst, telefonisch aber als Ansprechpartnerin unter 0152\/0794 6932 zur Verf\u00fcgung steht. <\/p>\n\n\n\n<p>Ob mit weiteren Einschr\u00e4nkungen zu rechnen ist, k\u00f6nnen wir Stand heute (13.03.2020) nicht sagen. Wir werden bei \u00c4nderungen entsprechend informieren. <\/p>\n\n\n\n<p><em>Gemeindeverwaltung Ha\u00dfloch<br>14.03.2020<\/em><\/p>\n\n\n\n<h2 class=\"wp-block-heading\"><strong>Allgemeinverf\u00fcgung der Stadt Schwetzingen f\u00fcr Reiser\u00fcckkehrer aus Risikogebieten und besonders von der Ausbreitung des Coronavirus SARS-CoV-2 und COVID-19 betroffenen Gebieten<\/strong><\/h2>\n\n\n\n<div class=\"wp-block-image\"><figure class=\"aligncenter\"><img decoding=\"async\" src=\"https:\/\/speyer24news.com\/wp-content\/uploads\/2020\/02\/Schwetzingen.jpg\" alt=\"\" class=\"wp-image-25886\"\/><\/figure><\/div>\n\n\n\n<p>Beschr\u00e4nkung\ndes Besuchs von<\/p>\n\n\n\n<p>Einrichtungen nach \u00a7 23 Absatz 3 Nr.\n1 und Nr. 3 bis 5 IfSG (Krankenh\u00e4user, Vorsorge- und\nRehabilitationseinrichtungen, in denen eine den Krankenh\u00e4usern vergleichbare\nmedizinische Versorgung erfolgt, Dialyseeinrichtungen, Tageskliniken und\nBehandlungs- oder Versorgungseinrichtungen, die mit einer der in den Nummern 1\nbis 6 genannten Einrichtungen vergleichbar sind <\/p>\n\n\n\n<p>sowie<\/p>\n\n\n\n<p>von station\u00e4ren Einrichtungen f\u00fcr\nMenschen mit Pflege- und Unterst\u00fctzungsbedarf oder mit Behinderungen sowie von\neinem Anbieter verantwortete ambulant betreute Wohngemeinschaften nach dem\nWohn-, Teilhabe- und Pflegegesetz (WTPG)<\/p>\n\n\n\n<p><strong>I.\n<\/strong><\/p>\n\n\n\n<p>Gem\u00e4\u00df \u00a7 28 Absatz 1 Satz 1\nInfektionsschutzgesetz (IfSG) wird folgende Allgemeinverf\u00fcgung erlassen: <\/p>\n\n\n\n<ol><li>Personen,\ndie sich in einem Risikogebiet oder einem besonders betroffenen Gebiet\nentsprechend der jeweils aktuellen Festlegung durch das Robert Koch-Institut\n(RKI) aufgehalten haben und am 26.02.2020 oder sp\u00e4ter von dort zur\u00fcckgekehrt\nsind, d\u00fcrfen f\u00fcr einen Zeitraum von 14 Tagen seit R\u00fcckkehr aus dem Risikogebiet\noder des besonders betroffenen Gebiets folgende Einrichtungen nicht betreten:<\/li><\/ol>\n\n\n\n<ol><li>Einrichtungen\nnach \u00a7 23 Absatz 3 Nr. 1 und Nr. 3 bis 5 IfSG (Krankenh\u00e4user, Vorsorge- und\nRehabilitationseinrichtungen, in denen eine den Krankenh\u00e4usern vergleichbare\nmedizinische Versorgung erfolgt, Dialyseeinrichtungen, Tageskliniken und\nBehandlungs- oder Versorgungseinrichtungen, die mit einer der in den Nummern 1\nbis 6 genannten Einrichtungen vergleichbar sind. <\/li><\/ol>\n\n\n\n<ul><li>Station\u00e4re\nEinrichtungen f\u00fcr Menschen mit Pflege- und Unterst\u00fctzungsbedarf oder mit\nBehinderungen sowie von einem Anbieter verantwortete ambulant betreute\nWohngemeinschaften nach dem Wohn-, Teilhabe- und Pflegegesetz (WTPG).<\/li><\/ul>\n\n\n\n<p>Ausreichend\nist, dass die entsprechende Festlegung der Gebiete durch das RKI innerhalb der\n14-Tage-Frist erfolgt. <\/p>\n\n\n\n<p>Die\nRisikogebiete und besonders betroffene Gebiete sind unter\nwww.rki.de\/ncov-risikogebiete tagesaktuell abrufbar. <\/p>\n\n\n\n<ul><li>Ausnahmen\nvon den unter Ziff. 1 getroffenen Anordnungen k\u00f6nnen f\u00fcr nahestehende Personen\n(z.B. im Rahmen der Sterbebegleitung oder zur Begleitung eines erkrankten\nKindes) sowie Personen, deren Zutritt aus beruflichen Gr\u00fcnden notwendig ist, im\nEinzelfall unter Auflagen zugelassen werden.<\/li><\/ul>\n\n\n\n<ul><li>Von\nder Regelung unter Ziff. 1 nicht erfasst ist das Personal in den dort genannten\nEinrichtungen. Zur Aufrechterhaltung des Pflegebetriebs kann diese\nPersonengruppe nach Abw\u00e4gung und Risikobewertung die berufliche T\u00e4tigkeit in\nden genannten Einrichtungen unter Beachtung von Schutzma\u00dfnahmen fortsetzen.<\/li><\/ul>\n\n\n\n<ul><li>Wenn\neine nach Ziffer 1 verpflichtete Person minderj\u00e4hrig ist, so hat derjenige f\u00fcr\ndie Einhaltung der diese Person treffende Verpflichtung zu sorgen, dem die\nSorge f\u00fcr diese Person zusteht. Die gleiche Verpflichtung trifft Betreuerinnen\noder Betreuer einer von der Verpflichtung nach Ziffer 1 betroffenen Person,\nsoweit die Erf\u00fcllung dieser Verpflichtungen zu deren Aufgabenkreis geh\u00f6rt. Sie\nsind unter Ber\u00fccksichtigung der Voraussetzungen in Ziffer 1 verpflichtet, keine\nBetreuungsangebote in Anspruch zu nehmen. <\/li><\/ul>\n\n\n\n<ul><li>Die\nAnordnung gilt sofort ab dem Zeitpunkt der Bekanntmachung. <\/li><\/ul>\n\n\n\n<ul><li>Auf\ndie Bu\u00dfgeldvorschrift des \u00a7 73 Abs. 1a Nr. 6 IfSG wird hingewiesen. <\/li><\/ul>\n\n\n\n<p><strong>II.<\/strong><\/p>\n\n\n\n<p>Angesichts\nder sich dynamisch entwickelnden Lage bei COVID-19 Erkrankungen besteht die\nNotwendigkeit, weitergehende kontaktreduzierende Ma\u00dfnahmen zur Beeinflussung\nder Ausbreitungsdynamik zu ergreifen, um besonders vulnerable Gruppen wie z.B.\nalte und kranke Menschen zu sch\u00fctzen. Aufgrund des vorherrschenden\n\u00dcbertragungswegs (Tr\u00f6pfcheninfektion) ist eine \u00dcbertragung von Mensch zu\nMensch, z.B. durch Husten, Niesen, auch durch mild weitgehende ohne\neinschl\u00e4gige Symptome erkrankte Personen leicht m\u00f6glich. Derzeit gehen\nbest\u00e4tigte F\u00e4lle der Erkrankung an COVID-19 in Baden-W\u00fcrttemberg vor allem auf\nKontakte von Personen zur\u00fcck, die sich in Risikogebieten und besonders\nbetroffen Gebieten aufgehalten haben. Daher ist es aus der Sicht des\nInfektionsschutzes notwendig die unter den Ziffer I dieser Verf\u00fcgung\naufgef\u00fchrten Regelungen zu treffen.<\/p>\n\n\n\n<p>Die\nMa\u00dfnahme dient folglich dazu, die Ausbreitung des Erregers einzud\u00e4mmen sowie\nden Schutz vulnerabler Personengruppen sicherzustellen. Dar\u00fcber hinaus tragen\ndie Ma\u00dfnahmen f\u00fcr die erfassten Einrichtungen auch zur Aufrechterhaltung der\nVersorgungskapazit\u00e4ten bei.<\/p>\n\n\n\n<p>In\nden unter Ziff. I. 1. genannten Einrichtungen werden vielfach Personen betreut,\ndie durch eine Infektion mit dem neuen Erreger in besonders schwerer Weise\ngesundheitlich gef\u00e4hrdet w\u00e4ren. Zum Schutz dieser besonders vulnerablen\nPersonengruppen stellt die Beschr\u00e4nkung des Zugangs f\u00fcr Reiser\u00fcckkehrer aus\nRisikogebieten oder besonders betroffenen Gebieten eine geeignete und\nerforderliche Schutzma\u00dfnahme dar. Neben der Vermeidung von Eintr\u00e4gen des\nErregers wird auch die medizinische Versorgung unterst\u00fctzt. Die Erkrankung des\nbetreuenden und medizinischen Personals wird verringert.<\/p>\n\n\n\n<p>Die\nFestlegung des Betretungsverbotes auf einen Zeitraum von 14 Tagen seit R\u00fcckkehr\naus dem Risikogebiet bzw. dem besonders betroffenen Gebiet ergibt sich aus den\nErkenntnissen des Robert-Koch-Institutes zur Spannweite der Inkubationszeit (1\nbis 14 Tage).<\/p>\n\n\n\n<p>Die\nAnordnung tritt am auf die Bekanntgabe folgenden Tag in Kraft. Sie ist nicht\nbefristet. Bei entsprechender erneuter Risikoeinsch\u00e4tzung wird die\nAllgemeinverf\u00fcgung aufgehoben. <\/p>\n\n\n\n<p>Die\nAnordnung ist gem. \u00a7 28 Abs. 3 i. V. m. \u00a7 16 Abs. 8 IfSG sofort vollziehbar.<\/p>\n\n\n\n<p><strong>Rechtsbehelfsbelehrung<\/strong><\/p>\n\n\n\n<p>Gegen\ndiese Allgemeinverf\u00fcgung kann innerhalb eines Monats nach Bekanntgabe beim\nOrdnungsamt der Stadt Schwetzingen, Zeyherstra\u00dfe 1, 68723 Schwetzingen,\nWiderspruch erhoben werden. Die Widerspruchsfrist ist auch gewahrt, wenn der\nWiderspruch innerhalb der genannten Frist bei der Widerspruchsbeh\u00f6rde,\nRegierungspr\u00e4sidium Karlsruhe, Schlo\u00dfplatz 1-3, 76137 Karlsruhe, eingelegt\nwird. <\/p>\n\n\n\n<p>Schwetzingen, den 13.\nM\u00e4rz 2020<\/p>\n\n\n\n<p>Dr. Ren\u00e9 P\u00f6ltl<\/p>\n\n\n\n<p>Oberb\u00fcrgermeister<\/p>\n\n\n\n<p><strong>Hinweis:<\/strong> <\/p>\n\n\n\n<p>Diese Allgemeinverf\u00fcgung einschlie\u00dflich Begr\u00fcndung kann bei der Stadt Schwetzingen im B\u00fcrgerb\u00fcro zu den \u00fcblichen \u00d6ffnungszeiten eingesehen werden.<\/p>\n\n\n\n<p><em>Stadtverwaltung Schwetzingen<br>14.03.2020<\/em><\/p>\n\n\n\n<h2 class=\"wp-block-heading\">Aktuelle Information zu Corona in Mannheim \u2013 12.3.2020<\/h2>\n\n\n\n<h3 class=\"wp-block-heading\">Zahl der nachgewiesenen F\u00e4lle steigt auf 19<\/h3>\n\n\n\n<div class=\"wp-block-image\"><figure class=\"aligncenter\"><img decoding=\"async\" src=\"https:\/\/speyer24news.com\/wp-content\/uploads\/2020\/03\/Mannheim-Logo.png\" alt=\"\" class=\"wp-image-25671\"\/><\/figure><\/div>\n\n\n\n<p><strong>Mannheim &#8211; <\/strong>Das Gesundheitsamt Mannheim hat am Donnerstagabend (12.03.2020) f\u00fcnf weitere F\u00e4lle von nachgewiesenen Coronavirus-Infektionen gemeldet. Damit erh\u00f6ht sich die Zahl der best\u00e4tigten F\u00e4lle in Mannheim auf 19.<\/p>\n\n\n\n<p>In zwei der F\u00e4lle handelt es sich um Familienangeh\u00f6rige \u2013 den 1967 geborenen Vater und 1999 geborenen Bruder &#8211; eines Teilnehmers der Skifreizeit in S\u00fcdtirol, Trentino, aus der bereits weitere best\u00e4tigte F\u00e4lle bekannt sind. Beide befanden sich als enge Kontaktpersonen bereits in h\u00e4uslicher Isolierung und wurden, nachdem sie leichte Krankheitsanzeichen zeigten, auf das Virus getestet. Der Test erbrachte bei beiden den labordiagnostischen Nachweis.<\/p>\n\n\n\n<p>Auch in den anderen drei F\u00e4llen handelt es sich um R\u00fcckkehrer aus Skigebieten: Eine 1962 geborene Frau, die zum Skifahren in Ischgl war und grippeartige Symptome mit Husten entwickelte, einen 1985 geborenen Mann, der aus dem Skiurlaub in St. Anton zur\u00fcckkehrte und leichte Krankheitsanzeichen zeigte sowie eine 1968 geborene Frau, die zum Skifahren in S\u00fcdtirol war und milde Krankheitsanzeichen hat. Alle drei wurden auf das Virus getestet, der Test erbrachte den labordiagnostischen Nachweis. F\u00fcr alle drei wurde nun h\u00e4usliche Isolation angeordnet.<\/p>\n\n\n\n<p>Das Gesundheitsamt ermittelt derzeit weitere Kontaktpersonen, nimmt Kontakt mit diesen auf und begleitet diese w\u00e4hrend der h\u00e4uslichen Quarant\u00e4ne. Alle beteiligten \u00c4rzte, Gesundheitsbeh\u00f6rden, sowie das Kompetenzzentrum Gesundheitsschutz am Landesgesundheitsamt arbeiten dabei eng zusammen.<\/p>\n\n\n\n<p><em>Stadt Mannheim<br>13.03.2020<\/em><\/p>\n\n\n\n<h2 class=\"wp-block-heading\"><strong>Aktuelle Informationen zum Coronavirus<\/strong><\/h2>\n\n\n\n<div class=\"wp-block-image\"><figure class=\"aligncenter\"><img decoding=\"async\" loading=\"lazy\" width=\"400\" height=\"190\" src=\"https:\/\/speyer24news.com\/wp-content\/uploads\/2020\/03\/Schifferstadt.png\" alt=\"\" class=\"wp-image-25696\" srcset=\"https:\/\/speyer24news.com\/wp-content\/uploads\/2020\/03\/Schifferstadt.png 400w, https:\/\/speyer24news.com\/wp-content\/uploads\/2020\/03\/Schifferstadt-300x143.png 300w\" sizes=\"(max-width: 400px) 100vw, 400px\" \/><\/figure><\/div>\n\n\n\n<p><strong>Schifferstadt &#8211; <\/strong>Die Stadtverwaltung best\u00e4tigt, dass die Kreisordnungsbeh\u00f6rde sieben Personen in Schifferstadt auf Hinweis des Gesundheitsamtes ab heute bis 21. M\u00e4rz unter h\u00e4usliche Quarant\u00e4ne gestellt hat. Eine m\u00e4nnliche Person wurde positiv auf den Erreger SARS-CoV-2 getestet; die weiteren sechs Personen gelten als Kontaktpersonen der Kategorie I.<\/p>\n\n\n\n<h4 class=\"wp-block-heading\"><strong>Absage von Veranstaltungen<\/strong><\/h4>\n\n\n\n<p>Um das Infektionsrisiko zu minimieren und die B\u00fcrgerinnen und B\u00fcrger vor einer Corona-Ansteckung zu sch\u00fctzen, hat die Stadtverwaltung sich daf\u00fcr entschieden, den Vortrag von Patricia K\u00fcll am Donnerstag, 12. M\u00e4rz sowie die Kleidertauschparty am Freitag, 13. M\u00e4rz abzusagen. Wer eine Eintrittskarte f\u00fcr den Vortrag gekauft hat, kann sich das Geld in der Stadtb\u00fccherei zur\u00fcckerstatten lassen. Auch zur Absage der Aktion \u201eSauberes Schifferstadt\u201c am Wochenende sieht sich die Verwaltung gezwungen. Sie wird zu einem sp\u00e4teren Zeitpunkt nachgeholt. Des Weiteren finden vorerst keine Seniorennachmittage in der Adlerstube mehr statt und auch die B\u00fcrgerbus-Fahrten werden vor\u00fcbergehend ausgesetzt. Die Gesundheit der B\u00fcrgerinnen und B\u00fcrger sowie der Besucherinnen und Besucher liege den Verwaltungs-Mitarbeitenden sehr am Herzen \u2013 daher hoffe man auf Ihr Verst\u00e4ndnis. Ob weitere Veranstaltungen abgesagt werden, wird in den n\u00e4chsten Tagen und in R\u00fccksprache mit der Kreisverwaltung besprochen. &nbsp;<\/p>\n\n\n\n<h4 class=\"wp-block-heading\"><strong>Telefonanruf statt pers\u00f6nlicher Besuch<\/strong><\/h4>\n\n\n\n<p>Um die Ausbreitung der\nInfektion weiter einzuschr\u00e4nken, bittet die Stadtverwaltung darum, vorl\u00e4ufig\nauf pers\u00f6nliche Besuche im Rathaus zu verzichten. Bei dringenden Fragen ist die\nTelefonzentrale unter der Nummer 06235 \/ 440 erreichbar. Die Mitarbeiterinnen stellen\ndie Anrufer dann an den entsprechenden Ansprechpartner durch. <\/p>\n\n\n\n<h4 class=\"wp-block-heading\"><strong>Weitere Informationen<\/strong><\/h4>\n\n\n\n<p>Auf der Startseite der st\u00e4dtischen Website <a href=\"http:\/\/www.schifferstadt.de\">www.schifferstadt.de<\/a> finden Interessierte aktuelle, ausf\u00fchrliche Informationen und Neuigkeiten zum Coronavirus. <\/p>\n\n\n\n<p><em>Stadtverwaltung Schifferstadt<br>13.03.2020<\/em><\/p>\n\n\n\n<h2 class=\"wp-block-heading\"><strong>Weiterer best\u00e4tigter Fall von Coronavirus \u2013 nun aus der Stadt Frankenthal<\/strong><\/h2>\n\n\n\n<div class=\"wp-block-image\"><figure class=\"aligncenter\"><img decoding=\"async\" src=\"https:\/\/speyer24news.com\/wp-content\/uploads\/2020\/03\/Rhein-Pfalz-Kreis.jpg\" alt=\"\" class=\"wp-image-25674\"\/><\/figure><\/div>\n\n\n\n<p><strong>Frankenthal \/ Rhein-Pfalz-Kreis &#8211;<\/strong> Ein weiterer best\u00e4tigter Fall einer Erkrankung am Coronavirus hat das Testergebnis eines B\u00fcrgers aus Frankenthal geliefert. <\/p>\n\n\n\n<p>Der\n48-j\u00e4hrige Mann hatte sich offensichtlich bei einer Auslandsreise mit dem Virus\nangesteckt. Das zust\u00e4ndige Gesundheitsamt des Rhein-Pfalz-Kreises hat als\nvorbeugende Ma\u00dfnahmen beschlossen, den Mann unter h\u00e4uslicher Quarant\u00e4ne zu\nstellen.<\/p>\n\n\n\n<p>Die\nKontaktpersonen des Mannes werden nun ermittelt. <\/p>\n\n\n\n<p>Auch\ndieser Mann befindet sich bereits auf dem Weg der Besserung.<\/p>\n\n\n\n<p>\u00dcber weitere Fallzahlen aus dem Bereich des Rhein-Pfalz-Kreises und der St\u00e4dte Ludwigshafen, Frankenthal und Speyer, werden wir k\u00fcnftig auf der Homepage des Rhein-Pfalz-Kreises ver\u00f6ffentlichen.<\/p>\n\n\n\n<p><em>Kreisverwaltung Rhein-Pfalz-Kreis<br>13.03.2020<\/em><\/p>\n\n\n\n<h2 class=\"wp-block-heading\">Beh\u00f6rdliches Verbot des Maimarktes in Mannheim<\/h2>\n\n\n\n<div class=\"wp-block-image\"><figure class=\"aligncenter\"><img decoding=\"async\" loading=\"lazy\" width=\"400\" height=\"314\" src=\"https:\/\/speyer24news.com\/wp-content\/uploads\/2020\/03\/Maimarkt-2020-2.png\" alt=\"\" class=\"wp-image-25881\" srcset=\"https:\/\/speyer24news.com\/wp-content\/uploads\/2020\/03\/Maimarkt-2020-2.png 400w, https:\/\/speyer24news.com\/wp-content\/uploads\/2020\/03\/Maimarkt-2020-2-300x236.png 300w\" sizes=\"(max-width: 400px) 100vw, 400px\" \/><\/figure><\/div>\n\n\n\n<p><strong>Mannheim &#8211; <\/strong>Wir haben am Donnerstag, den 12.03.2020, um 14:25 Uhr eine Verf\u00fcgung vom Ordnungsamt der Stadt Mannheim \u2013 Fachbereich Sicherheit und Ordnung \u2013 erhalten. Darin wird entschieden, dass der diesj\u00e4hrige Maimarkt  verboten wird, die Veranstaltung abzusagen ist und die Teilnehmer unverz\u00fcglich zu informieren sind. Dieser Verf\u00fcgung leisten wir hiermit Folge.<\/p>\n\n\n\n<p>Wir bedauern diese Entwicklung sehr. Gleichzeitig steht auch f\u00fcr uns der Schutz der Gesundheit von Besuchern, Ausstellern und Mitarbeitern an erster Stelle.<\/p>\n\n\n\n<p><strong>Der n\u00e4chste Maimarkt findet vom 24. April bis 4. Mai 2021 statt.<\/strong><\/p>\n\n\n\n<p>Weitere Informationen folgen, wir bitten hierzu vorerst noch um Ihre Geduld.<\/p>\n\n\n\n<p><em>MAG Mannheimer Ausstellungs-GmbH<br>13.03.2020<\/em><\/p>\n\n\n\n<h2 class=\"wp-block-heading\">Aktuelle Information zu Corona in Mannheim &#8211; 12.3.2020<\/h2>\n\n\n\n<p><strong>Mannheim &#8211; <\/strong>Das Nationaltheater Mannheim stellt ab Freitag, 13. M\u00e4rz 2020 bis Sonntag, 19. April 2020 seinen Spielbetrieb ein. F\u00fchrungen, Begleitprogramme sowie Veranstaltungen an anderen Spielorten sind davon ebenfalls betroffen. Die daf\u00fcr zust\u00e4ndigen Fachbereiche der Stadt Mannheim haben das Nationaltheater Mannheim sorgf\u00e4ltig nach den Ma\u00dfst\u00e4ben des Robert-Koch-Instituts gepr\u00fcft. Danach w\u00e4re auch zum jetzigen Zeitpunkt ein Spielbetrieb zwar teilweise m\u00f6glich gewesen. Die Absage eines Teils der Veranstaltungen ist weder organisatorisch noch in der Kommunikation sinnvoll zu gestalten. Mit dieser Ma\u00dfnahme wird dar\u00fcber hinaus auf das konkrete Publikumsverhalten reagiert. Das Nationaltheater Mannheim schlie\u00dft sich damit den Entscheidungen zu den Staatstheatern in Baden-W\u00fcrttemberg an. Das Vorgehen ist ebenso mit dem Theater Heidelberg abgestimmt.<\/p>\n\n\n\n<p>Weitere Informationen und organisatorische Hinweise finden Sie auf der Homepage des Nationaltheaters: <a href=\"http:\/\/www.nationaltheater-mannheim.de\">www.nationaltheater-mannheim.de<\/a><\/p>\n\n\n\n<p>Der Verkauf f\u00fcr die Vorstellungen ab Montag, 20. April 2020 l\u00e4uft weiter wie gewohnt.<\/p>\n\n\n\n<p><em>Stadt Mannheim<br>13.03.2020<\/em><\/p>\n\n\n\n<h2 class=\"wp-block-heading\" style=\"text-align:center\">ALLGEMEINVERF\u00dcGUNG <\/h2>\n\n\n\n<h3 class=\"wp-block-heading\">der Stadtverwaltung Speyer zur Verminderung der weiteren Ausbreitung des neuartigen Coronavirus (SARS-CoV2) und Einf\u00fchrung einer Anzeigepflicht von Veranstaltungen und Versammlungen vom 12.03.2020<\/h3>\n\n\n\n<div class=\"wp-block-image\"><figure class=\"aligncenter\"><img decoding=\"async\" loading=\"lazy\" width=\"600\" height=\"277\" src=\"https:\/\/speyer24news.com\/wp-content\/uploads\/2020\/03\/Speyer-Logo-Stadt.png\" alt=\"\" class=\"wp-image-25862\" srcset=\"https:\/\/speyer24news.com\/wp-content\/uploads\/2020\/03\/Speyer-Logo-Stadt.png 600w, https:\/\/speyer24news.com\/wp-content\/uploads\/2020\/03\/Speyer-Logo-Stadt-300x139.png 300w\" sizes=\"(max-width: 600px) 100vw, 600px\" \/><\/figure><\/div>\n\n\n\n<p><strong>Speyer &#8211; <\/strong>Aufgrund von \u00a7 16 und \u00a7 28 Abs. 1 des Infektionsschutzgesetzes (IfSG) vom 20. Juli 2000 (BGBl. I S. 1045), das zuletzt durch Artikel 1 des Gesetzes vom 10. Februar 2020 (BGBl. I S. 148) ge\u00e4ndert worden ist i.V.m. \u00a7 2 der Landesverordnung zur Durchf\u00fchrung des Infektionsschutzgesetzes (IfSGDV) vom 10. M\u00e4rz 2010 (GVBl. 2010, 55), zuletzt ge\u00e4ndert durch \u00a7 7 des Gesetzes vom 15.10.2012 (GVBl. S. 341) erl\u00e4sst die Stadtverwaltung Speyer als zust\u00e4ndige Beh\u00f6rde folgende  <\/p>\n\n\n\n<h4 class=\"wp-block-heading\">ALLGEMEINVERF\u00dcGUNG <\/h4>\n\n\n\n<ol><li>\u00d6ffentliche Veranstaltungen und Versammlungen mit einer erwarteten Gesamtbesucherzahl ab 1.000 Besuchern, welche auf dem Gemeindegebiet der Stadt Speyer durchgef\u00fchrt werden, sind ab dem auf die \u00f6ffentliche Bekanntmachung dieser Allgemeinverf\u00fcgung folgenden Tag untersagt. <\/li><li>\u00d6ffentliche Veranstaltungen mit einer erwarteten Gesamtbesucherzahl unter 1.000 Besuchern, welche ab dem auf die \u00f6ffentliche Bekanntmachung dieser Allgemeinverf\u00fcgung folgenden Tag auf dem Gemeindegebiet der Stadt Speyer durchgef\u00fchrt werden, haben zwingend die Empfehlungen des Robert-Koch-Instituts zu den Infektionsschutzma\u00dfnahmen betreffend die Verhinderung der Verbreitung des Coronavirus (SARS-CoV-2) in der jeweils aktuellen Fassung einzuhalten \u201eAllgemeine Prinzipien der Risikoeinsch\u00e4tzung und Handlungsempfehlung f\u00fcr Gro\u00dfveranstaltungen\u201c. (Quelle: www.rki.de)  Vom Gesundheitsamt des Rhein-Pfalz-Kreises wird dar\u00fcber hinaus gefordert, dass Name, Adresse, Telefonnummer\/Handynummer, E-Mail-Adresse und das zust\u00e4ndige Gesundheitsamt ermittelt und bereitgehalten werden. Diese Angaben sind bis 4 Wochen nach Ende der Veranstaltung aufzubewahren und auf Verlangen der jeweils zust\u00e4ndigen Gesundheitsbeh\u00f6rden herauszugeben.  <\/li><li>Der jeweilige Veranstalter von Veranstaltungen und Versammlungen nach Ziffer 2 hat gegen\u00fcber der Stadt Speyer \u2013Fachbereich 2\u2013 Bereich \u00d6ffentliche Sicherheit und Ordnung, die jeweilige Veranstaltung anzuzeigen und mindestens 1 Woche vor Veranstaltungsbeginn zu best\u00e4tigen, ob und wie die o.g. Empfehlungen des Robert-Koch-Instituts, in Bezug auf Teilnehmer, Art und Ort der Veranstaltung eingehalten werden. Sonstige Genehmigungs- und Anzeigepflichten nach anderen Rechtsvorschriften (z.B. Versammlungsrecht) bleiben hiervon unber\u00fchrt. <\/li><li>Die Anzeige nach Ziffer 3 muss die folgenden Daten enthalten: <\/li><\/ol>\n\n\n\n<p>a. Veranstalter (Name, Anschrift, Telefon) <\/p>\n\n\n\n<p>b. Veranstaltungsort, -zeit und -dauer <\/p>\n\n\n\n<p>c. erwartete Teilnehmerzahl <\/p>\n\n\n\n<p>d. erwartete Zusammensetzung der Teilnehmer (Altersstruktur, regionale Herkunft) <\/p>\n\n\n\n<p>e. Art der Veranstaltung (\u00f6ffentlich, geschlossen, unter freiem Himmel) <\/p>\n\n\n\n<p>f. Vollst\u00e4ndige Risikoanalyse nach den Kriterien des Robert Koch-Instituts gem\u00e4\u00df der Anlage 1, dort die Ziffern (1), (2) und (3). <\/p>\n\n\n\n<p>5.) Die Anzeige nach Ziffer 2-4 hat schriftlich an  <\/p>\n\n\n\n<p>Stadtverwaltung Speyer  <\/p>\n\n\n\n<p>Fachbereich 2 &#8211; Bereich \u00d6ffentliche Sicherheit und Ordnung  <\/p>\n\n\n\n<p>Gro\u00dfe Himmelsgasse 10,    <\/p>\n\n\n\n<p>67346 Speyer    <\/p>\n\n\n\n<p>oder elektronisch an <a href=\"ordnungswesen@stadt-speyer.de\">ordnungswesen@stadt-speyer.de<\/a> zu erfolgen. <\/p>\n\n\n\n<p>6.) Erfolgt die Durchf\u00fchrung der Veranstaltung ohne Einhaltung der Festlegungen unter Nummer 1 bis 5, haftet der Veranstalter f\u00fcr alle durch die Verletzung seiner Pflichten resultierenden Folgen. Bei Versto\u00df gegen Ziff. 1 dieser Allgemeinverf\u00fcgung kann ein Bu\u00dfgeld gem. \u00a7 73 Abs. 1a Nr. 6 i.V.m. Abs. 2 IfSG in H\u00f6he von bis zu 25.000 EUR festgesetzt werden. Wer den Versto\u00df vors\u00e4tzlich begeht, wird gem. \u00a7 74 IfSG mit Freiheitsstrafe bis zu f\u00fcnf Jahren oder mit Geldstrafe bestraft. <\/p>\n\n\n\n<p>7.) Diese Verf\u00fcgung gilt an dem auf die Bekanntmachung folgenden Tage als bekannt gegeben (\u00a7 1 LVwVfG i.V.m. \u00a7 41 Abs. 3 u. 4 VwVfG) und gilt unbefristet. Sie erlischt, sobald eine gleichgerichtete Rechtsverordnung gem. \u00a7 32 IfSG durch das fachlich zust\u00e4ndige Ministerium des Landes Rheinland-Pfalz erlassen wird. <\/p>\n\n\n\n<p>8.) Die Regelungen dieser Allgemeinverf\u00fcgung k\u00f6nnen jederzeit ganz oder teilweise aufgehoben und\/oder widerrufen bzw. mit weiteren Nebenbestimmungen versehen werden. <\/p>\n\n\n\n<h4 class=\"wp-block-heading\">Begr\u00fcndung <\/h4>\n\n\n\n<p>Die angeordneten Ma\u00dfnahmen ergehen auf Grund der derzeitigen Risikobewertung des Robert Koch Instituts zu dem neuen Coronavirus (SARS-CoV-2). Danach handelt es sich auf globaler Ebene um eine sich sehr dynamisch entwickelnde und ernst zu nehmende Situation, mit zum Teil schweren und auch t\u00f6dlichen Krankheitsverl\u00e4ufen. Mit weiteren F\u00e4llen, Infektionsketten und Ausbr\u00fcchen muss in Deutschland gerechnet werden.<\/p>\n\n\n\n<p>Veranstaltungen mit einer gro\u00dfen Anzahl an Besuchern k\u00f6nnen dazu beitragen, das Virus schneller zu verbreiten. Daher kann je nach Einzelfall das Absagen, Verschieben oder die Umorganisation von gr\u00f6\u00dferen Veranstaltungen gerechtfertigt sein, um der vorrangigen Gesundheitssicherheit der Bev\u00f6lkerung Rechnung zu tragen.<\/p>\n\n\n\n<p>Durch den vorherrschenden \u00dcbertragungsweg von SARS-CoV-2 (Tr\u00f6pfchen)  z.B. durch Husten, Niesen oder teils mild erkrankte oder auch asymptomatisch infizierte Personen kann es zu \u00dcbertragungen von Mensch-zu-Mensch kommen. \u00dcbertragungen kommen im privaten und beruflichen Umfeld, aber auch bei gr\u00f6\u00dferen Veranstaltungen vor. Auf Messen, Kongressen oder Veranstaltungen kann es unter ung\u00fcnstigen Bedingungen zu einer \u00dcbertragung auf viele Personen kommen. <\/p>\n\n\n\n<p>Die Risiken sind nicht bei allen Veranstaltungen gleich gro\u00df, daher sollten die jeweiligen Verantwortlichen eine sorgf\u00e4ltige Abw\u00e4gung der konkreten Ma\u00dfnahmen treffen. Die Zust\u00e4ndigkeit zur Veranlassung von Ma\u00dfnahmen f\u00fcr Veranstaltungen obliegt dabei den Veranstaltern sowie den lokalen Beh\u00f6rden vor Ort. <\/p>\n\n\n\n<p>Die Stadt Speyer hat sich aufgrund der aktuellen Lage und der Empfehlung des Bundesgesundheitsministers dazu entschieden, Veranstaltungen mit einer erwarteten Gesamtbesucherzahl ab 1.000 Besucher zu untersagen. Veranstaltungen unter einer erwarteten Gesamtbesucherzahl ab 1.000 Besucher k\u00f6nnen grunds\u00e4tzlich, bei Beachtung der in dieser Anordnung enthaltenen Auflagen, weiterhin durchgef\u00fchrt werden. <\/p>\n\n\n\n<p>Dabei sollten vor allem folgende Ma\u00dfnahmen entsprechend den Empfehlungen des Robert-KochInstituts (\u201eAllgemeine Prinzipien der Risikoeinsch\u00e4tzung und Handlungsempfehlung f\u00fcr Gro\u00dfveranstaltungen\u201c) durch den Veranstalter getroffen werden, um das Risiko einer \u00dcbertragung zu verringern: <\/p>\n\n\n\n<ul><li>Eine dem Infektionsrisiko angemessene Bel\u00fcftung des Veranstaltungsortes.<\/li><li>Aktive Information der Teilnehmer und Teilnehmerinnen \u00fcber allgemeine Ma\u00dfnahmen des Infektionsschutzes wie H\u00e4ndehygiene, Abstand halten oder Husten- und Schnupfhygiene. <\/li><li>Teilnehmerzahl begrenzen bzw. reduzieren.<\/li><li>Ausschluss von Personen mit akuten respiratorischen Symptomen.<\/li><li>Eingangsscreening auf Risikoexposition und\/oder Symptome.<\/li><li>Auf enge Interaktion der Teilnehmenden verzichten.<\/li><li>Veranstaltungen verschieben oder je nach weiterer Entwicklung absagen. <\/li><\/ul>\n\n\n\n<h4 class=\"wp-block-heading\">Rechtsbehelfsbelehrung <\/h4>\n\n\n\n<p>Gegen diese Allgemeinverf\u00fcgung kann innerhalb eines Monats nach \u00f6ffentlicher Bekanntgabe Widerspruch erhoben werden. Der Widerspruch ist schriftlich oder zur Niederschrift bei der Stadtverwaltung Speyer (Postanschrift: Maximilianstra\u00dfe 100, 67346 Speyer) zu erheben. <\/p>\n\n\n\n<p>Die Schriftform kann durch die elektronische Form ersetzt werden. In diesem Fall ist das elektronische Dokument, versehen mit einer qualifizierten elektronischen Signatur nach dem Vertrauensdienstegesetz (VDG) vom 18.07.2017 (BGBl. I S. 2745), in der jeweils geltenden Fassung, an folgende Mailadresse zu richten: <a href=\"stv-speyer@poststelle.rlp.de\">stv-speyer@poststelle.rlp.de<\/a>. <\/p>\n\n\n\n<p>Bei der Verwendung der elektronischen Form sind besondere technische Rahmenbedingungen zu beachten. N\u00e4here Einzelheiten dazu finden Sie im Internet unter <a href=\"http:\/\/www.speyer.de\">www.speyer.de<\/a> \u2192 Impressum \u2192 Rahmenbedingungen f\u00fcr elektronische Kommunikation <\/p>\n\n\n\n<p>Es wird darauf hingewiesen, dass ein Widerspruch gegen diese Allgemeinverf\u00fcgung gem\u00e4\u00df \u00a7 16 Abs. 8 IfSG keine aufschiebende Wirkung hat.<\/p>\n\n\n\n<p>Auf Antrag kann das Verwaltungsgericht in 67433 Neustadt an der Weinstra\u00dfe, Robert-Stolz-Stra\u00dfe 20, gem\u00e4\u00df \u00a7 80 Abs. 5 Verwaltungsgerichtsordnung (VwGO) vom 21.01.1960 (BGBl. I S. 17) die aufschiebende Wirkung ganz oder teilweise anordnen. Dieser Antrag ist schon vor Erlass einer Entscheidung des Stadtrechtsausschusses Anfechtungsklage zul\u00e4ssig. Er w\u00e4re gegen die Stadt Speyer, vertreten durch die Oberb\u00fcrgermeisterin, zu richten. Er m\u00fcsste den Antragsteller und den Antragsgegner sowie den Streitgegenstand bezeichnen. Die zu einer Begr\u00fcndung dienenden Tatsachen und Beweismittel sollten angegeben werden. Die Anordnung, gegen die sich der Antrag richtet, sollte in Urschrift oder Abschrift beigef\u00fcgt werden. <\/p>\n\n\n\n<p>Speyer, 12.03.2020 <\/p>\n\n\n\n<p>Stadtverwaltung Speyer <\/p>\n\n\n\n<p>gez.  Stefanie Seiler <\/p>\n\n\n\n<p>Oberb\u00fcrgermeisterin <\/p>\n\n\n\n<p><em>Stadtverwaltung Speyer<\/em><br><em>13.03.2020<\/em><\/p>\n\n\n\n<h2 class=\"wp-block-heading\"><strong>Veranstaltungsabsagen<\/strong> in Speyer<\/h2>\n\n\n\n<div class=\"wp-block-image\"><figure class=\"aligncenter\"><img decoding=\"async\" src=\"https:\/\/speyer24news.com\/wp-content\/uploads\/2020\/03\/Absage-Veranstaltung.jpg\" alt=\"\" class=\"wp-image-25854\"\/><\/figure><\/div>\n\n\n\n<p><strong>Speyer &#8211; <\/strong>Aufgrund der aktuellen Lage hat sich die Stadt Speyer zur Absage der folgenden Veranstaltungen entschieden:<\/p>\n\n\n\n<p>Norwegen. Schweden. Finnland &#8211; Eine Multimedia-Show von Cornelia Greverus und Friedrich Goyert<\/p>\n\n\n\n<p>Dienstag, 31. M\u00e4rz 2020, 19 Uhr im Vortragsaal der Villa Ecarius<\/p>\n\n\n\n<p>Fahrradbasar in der Kita WoLa<\/p>\n\n\n\n<p>Sonntag, 29. M\u00e4rz 2020, 14 Uhr in der Kita WoLa<\/p>\n\n\n\n<p>Die Stadtverwaltung bittet hierf\u00fcr um Verst\u00e4ndnis.<\/p>\n\n\n\n<p><em>Stadtverwaltung Speyer<br>13.03.2020<\/em><\/p>\n\n\n\n<h2 class=\"wp-block-heading\">Recht auf freie Religionsaus\u00fcbung mit dem Recht auf Gesundheit abwiegen<\/h2>\n\n\n\n<h3 class=\"wp-block-heading\">Coronavirus: Landeskirche gibt Hinweise f\u00fcr die Handlungsfelder in der Kirchengemeinde &#8211; Keine generelle Absage von Gottesdiensten<\/h3>\n\n\n\n<div class=\"wp-block-image\"><figure class=\"aligncenter\"><img decoding=\"async\" loading=\"lazy\" width=\"800\" height=\"600\" src=\"https:\/\/speyer24news.com\/wp-content\/uploads\/2020\/03\/IMG_20200221_153722-1.jpg\" alt=\"\" class=\"wp-image-25880\" srcset=\"https:\/\/speyer24news.com\/wp-content\/uploads\/2020\/03\/IMG_20200221_153722-1.jpg 800w, https:\/\/speyer24news.com\/wp-content\/uploads\/2020\/03\/IMG_20200221_153722-1-300x225.jpg 300w, https:\/\/speyer24news.com\/wp-content\/uploads\/2020\/03\/IMG_20200221_153722-1-768x576.jpg 768w, https:\/\/speyer24news.com\/wp-content\/uploads\/2020\/03\/IMG_20200221_153722-1-678x509.jpg 678w, https:\/\/speyer24news.com\/wp-content\/uploads\/2020\/03\/IMG_20200221_153722-1-326x245.jpg 326w, https:\/\/speyer24news.com\/wp-content\/uploads\/2020\/03\/IMG_20200221_153722-1-80x60.jpg 80w\" sizes=\"(max-width: 800px) 100vw, 800px\" \/><\/figure><\/div>\n\n\n\n<p><strong>Speyer <em>(lk)<\/em> &#8211; <\/strong>Angesichts der staatlichen Ma\u00dfnahmen gegen die weitere Ausbreitung des Coronavirus (SARS-Co V-2) sieht Kirchenpr\u00e4sident Christian Schad Christen in der Pflicht, \u201evorbeugende Ma\u00dfnahmen zu ergreifen, um das Infektionsrisiko auch in Gottesdiensten und kirchlichen Veranstaltungen zu minimieren.\u201c Ebenso wolle man dazu beitragen, \u201edass auch weiterhin die begrenzten medizinischen Ressourcen in ausreichendem Ma\u00df zur Verf\u00fcgung stehen\u201c, betonte der Kirchenpr\u00e4sident. F\u00fcr eine generelle Absage von Gottesdiensten sieht er zurzeit jedoch keinen Anlass.<\/p>\n\n\n\n<p>Der Ausbruch der Corona-Epidemie ist nach Auffassung des Kirchenpr\u00e4sidenten ein Geschehen, das unter den Bedingungen einer globalen Welt nicht auszuschlie\u00dfen sei. Die gegenw\u00e4rtige Machtlosigkeit gegen das Virus erinnere nicht nur an die Zerbrechlichkeit menschlichen Lebens, \u201esie ersch\u00fcttert auch unsere zum Teil ungebrochene Wissenschaftsgl\u00e4ubigkeit: als ob der Mensch alles k\u00f6nne und alles im Griff habe\u201c, sagte Schad.<\/p>\n\n\n\n<p>Gerade in Zeiten der Sorge seien das gemeinsame Gebet, das H\u00f6ren auf Gottes Wort und die Bitte um seinen Schutz und Segen umso wichtiger und st\u00e4rkender, erkl\u00e4rte der Kirchenpr\u00e4sident. Der Gottesdienst sei f\u00fcr Protestanten der Ort, \u201ean dem Menschen Gott begegnen k\u00f6nnen, wo Gott uns seinen Zuspruch zukommen l\u00e4sst, auch wenn das Abendmahl nur mit Brot oder gar nicht gefeiert wird\u201c, sagte Schad. Dort wo ein Gottesdienst abgesagt werden m\u00fcsse, k\u00f6nne die Kirche dennoch f\u00fcr das Gebet ge\u00f6ffnet und seelsorgerliche Gespr\u00e4che angeboten werden.<\/p>\n\n\n\n<p>F\u00fcr Gottesdienste und Veranstaltungen mit hohen Teilnehmerzahlen, zum Beispiel bei Konfirmationen oder den Karfreitags- und Ostergottesdiensten, k\u00f6nnten am selben Tag zwei Gottesdienste angeboten werden, um die Zahl der Besuchenden in einem Gottesdienst zu minimieren und die M\u00f6glichkeit eines ausreichenden Abstandes zwischen den Teilnehmenden zu gew\u00e4hrleisten, schreibt der Kirchenpr\u00e4sident an die Pfarrerschaft und die Presbyterinnen und Presbyter. Bei Konfirmationsgottesdiensten solle zus\u00e4tzlich die Teilnahme auf die Patinnen und Paten sowie die engsten Familienangeh\u00f6rigen der Konfirmandinnen und Konfirmanden beschr\u00e4nkt werden.<\/p>\n\n\n\n<p>Falls Trauerfeiern in kommunalen R\u00e4umlichkeiten derzeit nicht durchf\u00fchrbar sind, besteht nach Auffassung von Kirchenpr\u00e4sident Schad \u201edie M\u00f6glichkeit, hier als Alternative unsere weitaus gr\u00f6\u00dferen Kirchengeb\u00e4ude zur Verf\u00fcgung zu stellen \u2013 selbstverst\u00e4ndlich unter Beachtung der genannten Vorsichtsma\u00dfnahmen.\u201c<\/p>\n\n\n\n<p>Das Recht auf freie Religionsaus\u00fcbung m\u00fcsse in den f\u00fcr alle schwierigen Zeiten mit dem Recht auf Gesundheit und k\u00f6rperliche Unversehrtheit abgewogen werden, sagte Kirchenpr\u00e4sident Schad. Daher gelte ein besonderes Augenmerk auch der Sorge f\u00fcr \u00e4ltere und kranke Menschen. \u201eWir wollen sozialer Ausgrenzung, die nicht der medizinisch gebotenen Quarant\u00e4ne dient, entgegentreten und dem genannten Personenkreis sowie deren Angeh\u00f6rigen im Rahmen unserer M\u00f6glichkeiten seelsorgerlich beistehen\u201c, so der Kirchenpr\u00e4sident. Frauen und M\u00e4nnern, die sich in den Gesundheitsdiensten Tag und Nacht um erkrankte und pflegebed\u00fcrftige Menschen k\u00fcmmerten, gelte die F\u00fcrbitte.<\/p>\n\n\n\n<p><em>13.03.2020<\/em><\/p>\n\n\n\n<h2 class=\"wp-block-heading\"><strong>Stadt Ludwigshafen schr\u00e4nkt Besuchsrecht in Alten- und Pflegeheimen aufgrund der Corona-Pandemie ein<\/strong><\/h2>\n\n\n\n<figure class=\"wp-block-image\"><img decoding=\"async\" loading=\"lazy\" width=\"800\" height=\"153\" src=\"https:\/\/speyer24news.com\/wp-content\/uploads\/2020\/03\/LU.png\" alt=\"\" class=\"wp-image-25754\" srcset=\"https:\/\/speyer24news.com\/wp-content\/uploads\/2020\/03\/LU.png 800w, https:\/\/speyer24news.com\/wp-content\/uploads\/2020\/03\/LU-300x57.png 300w, https:\/\/speyer24news.com\/wp-content\/uploads\/2020\/03\/LU-768x147.png 768w\" sizes=\"(max-width: 800px) 100vw, 800px\" \/><\/figure>\n\n\n\n<p><strong>Ludwigshafen &#8211; <\/strong>\u00c4ltere Menschen, besonders jene, die bereits an Krankheiten leiden, sind besonders durch das neuartige Corona-Virus gef\u00e4hrdet. Um diese Menschen besser zu sch\u00fctzen, hat die Stadt Ludwigshafen auf Empfehlung des Gesundheitsamtes des Rhein-Pfalz-Kreises eine Verf\u00fcgung mit sofortiger Wirkung f\u00fcr Pflegeeinrichtungen und Altenheime auf dem Gemeindegebiet der Stadt Ludwigshafen erwirkt. Darin ist geregelt, dass folgende Personen als Besucher*innen bis zum Erlass einer anderslautenden oder einer aufhebenden Verf\u00fcgung Alten- und Pflegeheime nicht betreten d\u00fcrfen: Personen, die sich innerhalb der letzten 14 Tage in einem Gebiet aufgehalten haben, welches das Robert Koch Institut (RKI) als &#8222;Risikogebiet&#8220; oder als &#8222;Besonders betroffene Gebiete in Deutschland&#8220; bezeichnet; Personen, die mit einer an Covid-19 erkrankten Person direkten Kontakt hatten; Personen mit Fieber; Personen, die an akuten respiratorischen Symptomen (Husten, Atemnot) leiden; Personen, die ein positives Testergebnis f\u00fcr das neue Corona-Virus haben; Personen, die von einem Gesundheitsamt als Kontaktperson eingestuft worden sind und Personen, denen die h\u00e4usliche Quarant\u00e4ne durch das Gesundheitsamt oder einen Arzt empfohlen wurde.<\/p>\n\n\n\n<p><em>Stadt Ludwigshafen am Rhein<br>13.03.2020<\/em><\/p>\n\n\n\n<h2 class=\"wp-block-heading\"><strong>Diagnosezentrum\nS\u00fcdpfalz<\/strong><\/h2>\n\n\n\n<h3 class=\"wp-block-heading\"><strong>Landkreise S\u00fcdliche\nWeinstra\u00dfe und Germersheim und die Stadt Landau errichten gemeinsame\nAnlaufstelle<\/strong><\/h3>\n\n\n\n<p><strong>S\u00fcdpfalz &#8211; <\/strong>Die Landkreise Germersheim und S\u00fcdliche Weinstra\u00dfe sowie die Stadt Landau errichten ein gemeinsames zentrales Diagnosezentrum, in dem sich Personen mit einem begr\u00fcndeten Verdacht auf eine Infektion mit dem Coronavirus k\u00fcnftig testen lassen k\u00f6nnen. \u201eWir haben uns entschieden, unsere Kr\u00e4fte zu b\u00fcndeln und zusammen f\u00fcr die B\u00fcrgerinnen und B\u00fcrger der S\u00fcdpfalz ein aus allen Richtungen gut erreichbares Diagnosezentrum aufzubauen\u201c, teilen die Landr\u00e4te Dr. Fritz Brechtel, Dietmar Seefeldt und der Oberb\u00fcrgermeister Thomas Hirsch mit.<\/p>\n\n\n\n<p>In der n\u00e4chsten Woche wird das Diagnosezentrum in\nBetrieb genommen. Derzeit l\u00e4uft die konkrete Umsetzung, d.h. der Aufbau der\nInfektstation. Als Standort wurde das Neue Messegel\u00e4nde (Alfred-Nobel-Platz) in\nLandau als besonders geeignet ausgew\u00e4hlt. \u201eEs liegt am Rande der Stadt, ist\nsehr gut \u00fcber die Autobahn erreichbar und bietet die notwendige Infrastruktur\u201c,\nso der Oberb\u00fcrgermeister und die Landr\u00e4te.<\/p>\n\n\n\n<p>Vorgesehen ist, das Diagnosezentrum als Drive-in zu\nbetreiben. \u201eAuf diese Weise verringern wir das Risiko einer \u00dcbertragung des\nVirus deutlich\u201c, so Seefeldt, Hirsch und Brechtel. \u201eDas muss weiterhin eines\nunsere wichtigen Ziele sein: Die Ausbreitung des Virus zu verlangsamen!\u201c<\/p>\n\n\n\n<p>Patienten aus Landau und den Landkreisen S\u00fcdliche\nWeinstra\u00dfe und Germersheim mit Symptomen wie Husten, Halsschmerzen oder Fieber\nk\u00f6nnen sich nach Inbetriebnahme in dem Diagnosezentrum S\u00fcdpfalz nach\ntelefonischer Anmeldung vorstellen, d.h. einen Rachenabstrich machen lassen.\nVoraussetzungen sind eine akute Erkrankung der Atemwege und ein Kontakt mit\neinem als infiziert best\u00e4tigten Menschen oder ein Aufenthalt in einem\nRisikogebiet. <\/p>\n\n\n\n<p>Sobald das Diagnosezentrum einsatzbereit ist, wird eine\nInformation der Medien und \u00d6ffentlichkeit erfolgen. Darin werden auch weitere\nDetails zum Anmeldeverfahren mitgeteilt.<\/p>\n\n\n\n<p>\u201eLeider gibt es noch keine Aussage von Land oder Kassen\u00e4rztlicher Vereingung zur \u00dcbernahme der anfallenden Kosten. Sowohl mit dem Innenministerium des Landes wie auch mit der Kassen\u00e4rztlichen Vereinigung haben wir Kontakt aufgenommen. Unabh\u00e4ngig von einer finalen Kl\u00e4rung dieser Frage, werden wir das Diagnosezentrum in Betrieb nehmen \u2013 f\u00fcr unsere B\u00fcrgerinnen und B\u00fcrger in der gesamten S\u00fcdpfalz und zur Entlastung unserer niedergelassenen \u00c4rzte und der Kliniken\u201c, versichern Oberb\u00fcrgermeister Thomas Hirsch, Landrat Dr. Fritz Brechtel und Landrat Dietmar Seefeldt. \u201eWir danken schon jetzt allen \u00c4rzten und dem ganzen Personal des Gesundheitswesens f\u00fcr ihren Einsatz\u201c.<\/p>\n\n\n\n<p><em>Gemeinsame Pressemitteilung der Landkreise Germersheim und S\u00fcdliche Weinstra\u00dfe und der Stadt Landau in der Pfalz<br>13.03.2020<\/em><\/p>\n\n\n\n<h2 class=\"wp-block-heading\"><strong>Erster best\u00e4tigter Fall von Coronavirus im Rhein-Pfalz-Kreis<\/strong><\/h2>\n\n\n\n<div class=\"wp-block-image\"><figure class=\"aligncenter\"><img decoding=\"async\" loading=\"lazy\" width=\"400\" height=\"190\" src=\"https:\/\/speyer24news.com\/wp-content\/uploads\/2020\/03\/Schifferstadt.png\" alt=\"\" class=\"wp-image-25696\" srcset=\"https:\/\/speyer24news.com\/wp-content\/uploads\/2020\/03\/Schifferstadt.png 400w, https:\/\/speyer24news.com\/wp-content\/uploads\/2020\/03\/Schifferstadt-300x143.png 300w\" sizes=\"(max-width: 400px) 100vw, 400px\" \/><\/figure><\/div>\n\n\n\n<p><strong>Schifferstadt \/ Rhein-Pfalz-Kreis &#8211; <\/strong>Ein erster best\u00e4tigter Fall einer Erkrankung am Coronavirus hat das Testergebnis eines B\u00fcrgers aus Schifferstadt geliefert. <\/p>\n\n\n\n<p>Der\n57-j\u00e4hrige Mann hatte sich offensichtlich bei einer Auslandsreise in einem\nRisikogebiet mit dem Virus angesteckt und befindet sich nun in h\u00e4uslicher\nQuarant\u00e4ne. Das zust\u00e4ndige Gesundheitsamt des Rhein-Pfalz-Kreises hat alle\nm\u00f6glichen Kontaktpersonen ermittelt. Enge Kontaktpersonen werden ebenso\nh\u00e4uslich abgesondert.<\/p>\n\n\n\n<p>Landrat Clemens K\u00f6rner betont, dass das Gesundheitsamt den positiv getesteten F\u00e4llen mit Hochdruck nachgeht, um eine weitere Verbreitung des Coronavirus weitgehend zu unterbinden. Die allgemeinen Hygieneempfehlungen, die auch bei infekti\u00f6sen Atemwegserkrankungen anzuwenden sind, wie H\u00e4ndehygiene, Husten- und Nies-Etikette, sind unbedingt zu beachten.<\/p>\n\n\n\n<p><em>Kreisverwaltung Rhein-Pfalz-Kreis<br>13.03.2020<\/em><\/p>\n\n\n\n<h2 class=\"wp-block-heading\">Absage Corona-Virus: Jubil\u00e4umswochenende und Vorstellungen<\/h2>\n\n\n\n<div class=\"wp-block-image\"><figure class=\"aligncenter\"><img decoding=\"async\" loading=\"lazy\" width=\"357\" height=\"500\" src=\"https:\/\/speyer24news.com\/wp-content\/uploads\/2020\/03\/Kinder-und-Jugendtheater-Speyer.jpg\" alt=\"\" class=\"wp-image-25664\" srcset=\"https:\/\/speyer24news.com\/wp-content\/uploads\/2020\/03\/Kinder-und-Jugendtheater-Speyer.jpg 357w, https:\/\/speyer24news.com\/wp-content\/uploads\/2020\/03\/Kinder-und-Jugendtheater-Speyer-214x300.jpg 214w\" sizes=\"(max-width: 357px) 100vw, 357px\" \/><\/figure><\/div>\n\n\n\n<p><strong>Speyer &#8211; <\/strong>Aufgrund der aktuellen Lage sowie auf Empfehlung der Stadt Speyer hat sich das Kinder- und Jugendtheater dazu entschlossen, <strong>alle Vorstellungen ab dem 16.03.2020<\/strong> bis auf Weiteres abzusagen. <\/p>\n\n\n\n<p>Dies betrifft vor allen Dingen auch unser gro\u00dfes Geburtstags-Jubil\u00e4um \u201e30 Jahre Kinder- und Jugendtheater\u201c vom 20. \u2013 22.03.2020. <\/p>\n\n\n\n<p>Zu gegebenem Zeitpunkt m\u00f6chten wir unser Jubil\u00e4um sowie die betroffenen Veranstaltungen gerne nachholen. <\/p>\n\n\n\n<p>Hierzu geben wir rechtzeitig die Termine bekannt. Die n\u00e4chste \u00f6ffentliche Vorstellung nach dem 16.03. wird voraussichtlich erst wieder der Sonntag, 26. April 2020 sein.<\/p>\n\n\n\n<p>Wir halten Sie weiterhin auf dem Laufenden.<\/p>\n\n\n\n<p><em>Kinder- und Jugendtheater Speyer e. V.<br>13.03.2020<\/em><\/p>\n\n\n\n<h2 class=\"wp-block-heading\">Um das Corona-Virus\neinzud\u00e4mmen: Stadt und Stadtholding Landau schlie\u00dfen Freizeitbad LA OLA \u2013 Jugendstil-Festhalle\nwird f\u00fcr Veranstaltungen gesperrt <\/h2>\n\n\n\n<p><strong>Landau &#8211; <\/strong>Mit der Ausweisung des benachbarten Elsasses als Risikogebiet f\u00fcr das neuartige Corona-Virus versch\u00e4rft sich auch die Lage in der S\u00fcdpfalz weiter. Stadt und Stadtholding Landau haben gemeinsam entschieden, das Freizeitbad LA OLA ab Sonntag, 15. M\u00e4rz, zu schlie\u00dfen und vorgezogene Reinigungswochen durchzuf\u00fchren. Diese finden sonst in den Sommermonaten statt. Die Wiederer\u00f6ffnung des Bads erfolgt nach Lage. <\/p>\n\n\n\n<p>Weiter finden im Gro\u00dfen Saal\nder Jugendstil-Festhalle ab Freitag, 13. M\u00e4rz, keine Veranstaltungen mehr\nstatt. In enger Abstimmung mit den umliegenden St\u00e4dten und Landkreisen, etwa\nder Stadt Neustadt, die ihren Saalbau ebenfalls f\u00fcr Veranstaltungen gesperrt\nhat, erl\u00e4sst die Stadt Landau eine entsprechende ordnungsbeh\u00f6rdliche Verf\u00fcgung.\nAuch hier wird nach Lage entschieden, wann wieder Veranstaltungen stattfinden\nk\u00f6nnen.<\/p>\n\n\n\n<p>Oberb\u00fcrgermeister und\nStadtholding-Gesch\u00e4ftsf\u00fchrer Thomas Hirsch betont, dass sich die\nVerantwortlichen diese Entscheidungen nicht leicht gemacht h\u00e4tten \u2013 dass diese\naber unbedingt notwendig seien, um das Virus einzud\u00e4mmen. \u201eEin Blick nach\nItalien reicht, um den Ernst der Lage beurteilen zu k\u00f6nnen\u201c, macht Landaus\nStadtchef deutlich. \u201eOberste Priorit\u00e4t ist es nun, die Schw\u00e4chsten in der\nGesellschaft zu sch\u00fctzen und ich danke allen, die das erkannt haben und mit der\n<\/p>\n\n\n\n<p>notwendigen R\u00fccksicht und Vorsicht Verst\u00e4ndnis zeigen\u201c, so Hirsch. Er\nappelliert in diesem Zusammenhang an alle Veranstalterinnen und Veranstalter, Veranstaltungen,\ndie nicht unbedingt notwendig sind, abzusagen. &nbsp;<\/p>\n\n\n\n<p>In enger Abstimmung in der Region arbeitet die Stadt Landau aktuell auch am Aufbau eines Diagnostikzentrums, bereitet Notfallpl\u00e4ne vor und w\u00e4gt die Durchf\u00fchrbarkeit eigener Veranstaltungen ab. Die Checkliste zur Risikobewertung von \u00f6ffentlichen Veranstaltungen, die auch die Stadt Landau nutzt, findet sich im Internet unter <a href=\"http:\/\/www.suedliche-weinstrasse.de\/de\/aktuelles\/meldungen\/infos_corona_virus.php\">www.suedliche-weinstrasse.de\/de\/aktuelles\/meldungen\/infos_corona_virus.php<\/a>.<\/p>\n\n\n\n<p><em>Stadtverwaltung Landau in der Pfalz<br>13.03.2020<\/em><\/p>\n\n\n\n<h2 class=\"wp-block-heading\">Aktuelle Information zu Corona in Mannheim -12.3.20<\/h2>\n\n\n\n<p><strong>1) Aktuelle Fallzahlen<br>2) Schutz vulnerabler Gruppen<br>3) Veranstaltungen der Stadt Mannheim und st\u00e4dtischen Betriebe<\/strong><\/p>\n\n\n\n<h4 class=\"wp-block-heading\">1) Fallzahlen: Zahl der nachgewiesenen F\u00e4lle steigt auf 14<\/h4>\n\n\n\n<p>Das Gesundheitsamt Mannheim hat heute vormittag (12.03.2020) zwei weitere F\u00e4lle von nachgewiesenen Coronavirus-Infektionen an das Landesgesundheitsamt gemeldet. Damit erh\u00f6ht sich die Zahl der best\u00e4tigten F\u00e4lle in Mannheim auf 14.<\/p>\n\n\n\n<p>In den beiden F\u00e4llen handelt es sich um eine 1974 geborene Frau sowie ihr 2009 geborenes Kind, die beide Teilnehmer der Skigruppe waren, die in S\u00fcdtirol, Trentino gewesen war und aus der bereits weitere best\u00e4tigte F\u00e4lle bekannt sind.<\/p>\n\n\n\n<p>Beide befanden sich als Kontaktpersonen bereits in h\u00e4uslicher Isolierung. Die Frau zeigte milde Erk\u00e4ltungsanzeichen und wurde auf das Virus getestet. Der labordiagnostische Test erbrachte den Nachweis. Das Kind zeigte keine Symptome, wurde aber als sehr enge Kontaktperson ebenfalls getestet, der Test erbrachte auch bei ihm den labordiagnostischen Nachweis.<\/p>\n\n\n\n<p>Die Frau ist bei einem ambulanten Pflegedienst besch\u00e4ftigt. Das Gesundheitsamt ermittelt nun die von ihr in der vergangenen Woche betreuten Personen und begleitet diese eng. Die Mitarbeitenden des Pflegedienstes, die keine Kontaktpersonen sind, werden nun vom Gesundheitsamt noch einmal gezielt zum Thema Hygiene- und Infektionsschutz beraten. \u201eDie gepflegten Personen geh\u00f6ren einer besonders schutzw\u00fcrdigen Gruppe an, daher gilt diesen nun unser ganz besonderes Augenmerk und unsere Aufmerksamkeit\u201c, betont der Leiter des Gesundheitsamtes, Dr. Peter Sch\u00e4fer.<\/p>\n\n\n\n<p>Das Kind besuchte in der vergangenen Woche, bevor S\u00fcdtirol als Risikogebiet eingestuft wurde, eine Mannheimer Grundschule sowie den zugeh\u00f6rigen Hort an der Schule. F\u00fcr alle Sch\u00fcler*innen der entsprechenden Klassenstufe, Lehrende der Klasse sowie Kinder und Mitarbeitende der Hortgruppe, die an den entsprechenden Tagen die Schule und den Hort besucht hatten, wurde eine 14t\u00e4gige h\u00e4usliche Isolation ab dem letzten Kontakttag angeordnet. F\u00fcr alle anderen Sch\u00fcler*innen und Besch\u00e4ftigten, die keinen engen Kontakt zu dem Kind hatten, gilt kein erh\u00f6htes Infektionsrisiko. Sie k\u00f6nnen die Schule und den Hort wie gewohnt besuchen. Derzeit besteht aus Sicht des Gesundheitsamtes kein Anlass, die gesamte Schule zu schlie\u00dfen.<\/p>\n\n\n\n<p>Die Eltern wurden bereits informiert. Bis alle Kontaktpersonen ermittelt sind, bleiben vorsorglich alle Sch\u00fcler*innen der entsprechenden Klassenstufe heute vom Unterricht befreit. Bei den ermittelten Kontaktpersonen ist eine Testung zum Erregernachweis aus medizinischer Sicht nicht begr\u00fcndet, solange keine Krankheitssymptome vorliegen. Personen, die mit den Kontaktpersonen Umgang hatten oder haben, unterliegen keinen Einschr\u00e4nkungen.<\/p>\n\n\n\n<p>Das Gesundheitsamt ermittelt derzeit weitere Kontaktpersonen, nimmt Kontakt mit diesen auf und begleitet diese w\u00e4hrend der h\u00e4uslichen Quarant\u00e4ne. Alle beteiligten \u00c4rzte, Gesundheitsbeh\u00f6rden, sowie das Kompetenzzentrum Gesundheitsschutz am Landesgesundheitsamt arbeiten dabei eng zusammen.<\/p>\n\n\n\n<h4 class=\"wp-block-heading\">2.) Schutz vulnerabler Gruppen: Besonders schutzw\u00fcrdige Menschen im Blick<\/h4>\n\n\n\n<p>Die bisherigen Erkenntnisse \u00fcber das neuartige Corona-Virus zeigen, dass besonders \u00fcber 60-j\u00e4hrige Menschen und chronisch Kranke gef\u00e4hrdet sind. Zu den h\u00e4ufigsten Erregern, die Infektionen der Lunge ausl\u00f6sen k\u00f6nnen, geh\u00f6ren auch Pneumokokken und Keuchhusten (Pertussis) sowie Influenza-Viren. Das Gesundheitsamt empfiehlt daher allen Menschen, die zu der vulnerablen Gruppe geh\u00f6ren, die entsprechenden Impfungen. Eine bereits mit einem Krankheitserreger befallene Lunge kann auch noch von einem zweiten (oder dritten) Erreger \u2013 hier dem Coronavirus \u2013 angegriffen werden. Dabei w\u00fcrde es sich um eine Komplikation handeln, die die Behandlung sehr erschweren w\u00fcrde und den Patienten\/die Patientin besonders gef\u00e4hrden w\u00fcrde. Um diese Komplikation zu vermeiden, sollte gegen Pneumokokken, Keuchhusten und Influenza geimpft werden.<\/p>\n\n\n\n<p>Hygienefachkr\u00e4fte des Gesundheitsamtes suchen die Seniorenheime und Behinderteneinrichtungen in der Stadt auf und beraten die Tr\u00e4ger, Mitarbeitenden und Bewohner*innen entsprechend zu Hygienethemen und vorbeugendem Infektionsschutz. Eine vorbeugende Ma\u00dfnahme, um die Wahrscheinlichkeit f\u00fcr ein Weitertragen des neuartigen Corona-Virus zu reduzieren, kann auch die Anpassung der Besuchszeiten in den Seniorenheimen sein. In den Krankenh\u00e4usern wurden unter anderem bereits die allgemeinen Besucherregeln angepasst: Die allgemeinen Besuchszeiten wurden von 15 bis 19 Uhr verk\u00fcrzt. Personen mit Erk\u00e4ltungssymptomen oder ansteckenden Erkrankungen sind als Besucher*innen zum Schutz der (vorerkrankten) Patient*innen nicht zugelassen. Kinder unter zw\u00f6lf Jahren sollten m\u00f6glichst auch nicht zu Besuch in die Krankenh\u00e4user kommen.<\/p>\n\n\n\n<p>Dar\u00fcber hinaus gelten die allgemeinen Verhaltensregeln und Hygienehinweise: <a href=\"http:\/\/www.mannheim.de\/corona\">http:\/\/www.mannheim.de\/corona<\/a><\/p>\n\n\n\n<h4 class=\"wp-block-heading\">3) Veranstaltungen der Stadt Mannheim und st\u00e4dtischer Betriebe<\/h4>\n\n\n\n<ul><li>Sportlerehrung der Stadt Mannheim: Verschiebung in den Sommer \u2013 Terminkorrektur<br>Nach der neuen Lagebeurteilung und den daraus resultierenden Handlungsempfehlungen des Bundesgesundheitsministeriums und des Gesundheitsministeriums Baden-W\u00fcrttemberg sowie unter Ber\u00fccksichtigung der Empfehlung des Robert-Koch-Instituts f\u00fcr den Umgang mit Veranstaltungen, hat die Stadt Mannheim insbesondere die f\u00fcr die kommenden zwei Wochen angemeldeten Veranstaltungen gepr\u00fcft. Nach eingehenden Beratungen hat sich die Stadt entschieden, die Sportlerehrung, die am Freitag, 20. M\u00e4rz 2020, stattfinden sollte, in den Sommer 2020 zu verschieben. Hierdurch soll in der aktuellen Situation das Kontaktrisiko f\u00fcr die Besucherinnen und Besucher im recht engen Foyer des Veranstaltungsraums minimiert werden. Denn gerade eine Sportlerehrung lebt in der Regel von einer engen Kommunikation. Bez\u00fcglich eines Ersatztermins wird zu entsprechender Zeit informiert.<\/li><\/ul>\n\n\n\n<p><em>Stadt Mannheim<br>13.03.2020<\/em><\/p>\n\n\n\n<h2 class=\"wp-block-heading\">Gemeinsame Erkl\u00e4rung der Oberb\u00fcrgermeister der St\u00e4dte Mannheim und Heidelberg und der Landr\u00e4te des Rhein-Neckar-Kreises und des Neckar-Odenwald-Kreises<\/h2>\n\n\n\n<p>Die Oberb\u00fcrgermeister der St\u00e4dte Mannheim und Heidelberg und die Landr\u00e4te des Rhein-Neckar-Kreises und des Neckar-Odenwald-Kreises geben folgende gemeinsame Erkl\u00e4rung zu den vom Stadtvorstand der Stadt Ludwigshafen, Mittwoch, 11.3.2020, angeordneten Ma\u00dfnahmen ab:<\/p>\n\n\n\n<p>Derzeit besteht keine Veranlassung von der bundeseinheitliche Regelungen, den Empfehlungen des Robert-Koch-Institues sowie den Vorgaben der Landesregierung Baden-W\u00fcrttemberg abzuweichen. Diese sind fachlich begr\u00fcndet und der jetzigen Situation angemessen.<\/p>\n\n\n\n<p>Von besonderer Bedeutung in dieser Situation ist ein abgestimmtes und einheitliches Vorgehen der verantwortlichen Entscheidungstr\u00e4ger.<\/p>\n\n\n\n<p>Die Beh\u00f6rden und Einrichtungen der St\u00e4dte Mannheim, Heidelberg, des Rhein-Neckar-Kreises und des Neckar-Odenwald-Kreises bleiben bleiben daher grunds\u00e4tzlich ge\u00f6ffnet.<\/p>\n\n\n\n<p><em>Mannheim \/ Heidelberg \/ Landrat Rhein-Neckar-Kreis \/ Landrat Neckar-Odenwald-Kreis<br>12.03.2020<\/em><\/p>\n\n\n\n<h2 class=\"wp-block-heading\">Aktuelle Information zu Corona in Mannheim &#8211; 11.03.2020<\/h2>\n\n\n\n<ol><li><strong>Aktuelle Fallzahlen<\/strong><\/li><li><strong>Landesverordnung zu Veranstaltungen<\/strong><\/li><li><strong>Veranstaltungen der Stadt Mannheim und st\u00e4dtischen Betriebe<\/strong><\/li><li><strong>Risikogebiete<\/strong><\/li><li><strong>Hinweise f\u00fcr Schulen und Kitas<\/strong><\/li><\/ol>\n\n\n\n<figure class=\"wp-block-image\"><img decoding=\"async\" src=\"https:\/\/speyer24news.com\/wp-content\/uploads\/2020\/03\/Mannheim-Logo.png\" alt=\"\" class=\"wp-image-25671\"\/><\/figure>\n\n\n\n<h4 class=\"wp-block-heading\">1) Fallzahlen: Zahl der nachgewiesenen F\u00e4lle steigt auf zw\u00f6lf<\/h4>\n\n\n\n<p>Das Gesundheitsamt Mannheim hat heute (11.03.2020) einen weiteren Fall einer nachgewiesenen Coronavirus-Infektion best\u00e4tigt. Damit erh\u00f6ht sich die Zahl der best\u00e4tigten F\u00e4lle in Mannheim auf zw\u00f6lf.<\/p>\n\n\n\n<p>In dem Fall handelt es sich um einen 1956 geborenen Mann, der als Kontaktperson zu einem bei einem ausw\u00e4rtigen Gesundheitsamt bekannten best\u00e4tigten Fall nach einem Skiurlaub in S\u00fcdtirol bereits in h\u00e4uslicher Isolierung war. Er zeigte leichte Krankheitsanzeichen und wurde auf das Virus getestet, der labordiagnostische Test erbrachte den Nachweis. Das Gesundheitsamt ermittelt derzeit die engen Kontaktpersonen, nimmt Kontakt mit diesen auf und begleitet diese w\u00e4hrend der h\u00e4uslichen Quarant\u00e4ne.<\/p>\n\n\n\n<p>Alle beteiligten \u00c4rzte, Gesundheitsbeh\u00f6rden, sowie das Kompetenzzentrum Gesundheitsschutz am Landesgesundheitsamt arbeiten dabei eng zusammen.<\/p>\n\n\n\n<h4 class=\"wp-block-heading\">2.) Landesverordnung zu Veranstaltungen &#8211; Absage s\u00e4mtlicher Veranstaltungen mit mehr als 1000 Teilnehmern<\/h4>\n\n\n\n<p>Im Vorgriff auf die zu erlassende Rechtsverordnung hat das baden-w\u00fcrttembergische Gesundheitsministerium angewiesen, Veranstaltungen mit mehr als 1000 Teilnehmern bzw. Zuschauern aus infektiologischer Sicht abzusagen. Damit wird die bereits am Montag von der Stadt Mannheim festgelegte Linie verbindlich.<\/p>\n\n\n\n<p>Schon seit Anfang der Woche bespricht die st\u00e4dtische Versammlungsbeh\u00f6rde mit Veranstaltern, deren Veranstaltungen angesichts der Ausbreitung des Coronavirus nicht wie geplant stattfinden k\u00f6nnen, das weitere Vorgehen.<\/p>\n\n\n\n<p>Die Stadt bewertet aktuell individuell s\u00e4mtliche Veranstaltungen der kommenden Wochen, f\u00fcr die weniger als 1000 Teilnehmer angemeldet sind. Hier liegt das Augenmerk unter anderem auf der Veranstaltungs\u00f6rtlichkeit (beispielsweise Frischluftzufuhr, Abstand der G\u00e4ste untereinander), aber insbesondere auch auf den zu erwartenden Besucherinnen und Besuchern: Handelt es sich um besonders risikoanf\u00e4llige oder \u00e4ltere Personen? Sind die Tickets personalisiert, so dass sich auch im Nachhinein nachvollziehen l\u00e4sst, wer an der Veranstaltung teilgenommen hat? \u2013 Das sind nur einige der zu betrachtenden und zu beurteilenden Aspekte, die sich an den Richtlinien des Robert-Koch-Instituts orientieren. Die Einsch\u00e4tzungen erfolgen stets unter Beachtung der Grunds\u00e4tze der Verh\u00e4ltnism\u00e4\u00dfigkeit.<\/p>\n\n\n\n<p>Im Rahmen der Gespr\u00e4che mit den Veranstaltern soll auch gepr\u00fcft werden, ob die betreffenden Veranstaltungen unter 1000 durch infektionshygienische Ma\u00dfnahmen oder weitere Auflagen wie zeitliche Verschiebungen doch noch erm\u00f6glicht werden k\u00f6nnen.<\/p>\n\n\n\n<p>Die Weisung des Gesundheitsministeriums sichert ein landesweit einheitliches Vorgehen und gibt auch der Stadt Mannheim die n\u00f6tige Rechtssicherheit. Heute erhielt die Stadt zun\u00e4chst die Weisung des Ministeriums, die bis zum Erlass der angek\u00fcndigten Rechtsverordnung gilt, die im Laufe der Woche erwartet wird.<\/p>\n\n\n\n<p>Das Spiel Waldhof-Uerdingen am Freitag, 13. M\u00e4rz, wurde durch den DFB auf nach Ostern verlegt.<\/p>\n\n\n\n<h4 class=\"wp-block-heading\">3) Veranstaltungen der Stadt Mannheim und st\u00e4dtischer Betriebe<\/h4>\n\n\n\n<ul><li>Sportlerehrung der Stadt Mannheim: Verschiebung in den Sommer<br>Nach der neuen Lagebeurteilung und den daraus resultierenden Handlungsempfehlungen des Bundesgesundheitsministeriums und des Gesundheitsministeriums Baden-W\u00fcrttemberg sowie unter Ber\u00fccksichtigung der Empfehlung des Robert-Koch-Instituts f\u00fcr den Umgang mit Veranstaltungen, hat die Stadt Mannheim insbesondere die f\u00fcr die kommenden zwei Wochen angemeldeten Veranstaltungen gepr\u00fcft.<\/li><\/ul>\n\n\n\n<p>Nach eingehenden Beratungen hat sich die Stadt Mannheim deshalb entschieden, die <strong>Sportlerehrung, die am Freitag, 13. M\u00e4rz 2020<\/strong>, stattfinden sollte, in den Sommer 2020 zu verschieben. Bez\u00fcglich eines Ersatztermins wird zu entsprechender Zeit informiert.<\/p>\n\n\n\n<ul><li>Veranstaltungen der Reiss-Engelhorn-Museen (REM)<br>Die Reiss-Engelhorn-Museen nehmen ihre Verantwortung f\u00fcr die Gesundheit und Sicherheit ihrer Besucher und Mitarbeiter sehr ernst und m\u00f6chten zugleich einer weiteren Verbreitung des Coronavirus vorbeugen. Um dies zu gew\u00e4hrleisten, wird in den Reiss-Engelhorn-Museen das Veranstaltungsprogramm anhand der Kriterien des Robert-Koch-Instituts (RKI) und der Stadt Mannheim t\u00e4glich \u00fcberpr\u00fcft und neu bewertet.<\/li><\/ul>\n\n\n\n<p>Absage der <strong>Er\u00f6ffnungsfeier \u201eYesterday \u2013 Tomorrow\u201c am Samstag, den 14. M\u00e4rz 2020<\/strong><br>Aus diesem Grund haben die Reiss-Engelhorn-Museen die Er\u00f6ffnungsfeierlichkeiten f\u00fcr die Sonderausstellung \u201eMarc Erwin Babej: Yesterday \u2013 Tomorrow\u201c, die f\u00fcr Samstag, den 14. M\u00e4rz 2020 geplant waren, abgesagt. Die Veranstaltung richtete sich an geladene G\u00e4ste, die bereits postalisch \u00fcber die Absage informiert wurden. Erwartet wurden mehr als 500 G\u00e4ste.<\/p>\n\n\n\n<p>Durchf\u00fchrung des aktuellen Veranstaltungsprogramms<\/p>\n\n\n\n<p>Weitere Veranstaltungen, die sich an die \u00d6ffentlichkeit richten, wie F\u00fchrungen, Vortr\u00e4ge, Kulturabende oder das Kinderprogramm, werden nach Pr\u00fcfung der genannten Kriterien derzeit regul\u00e4r durchgef\u00fchrt.<\/p>\n\n\n\n<p>Ausstellungsh\u00e4user weiterhin regul\u00e4r ge\u00f6ffnet<\/p>\n\n\n\n<p>Eine Auswirkung auf den Besuch der einzelnen Ausstellungen im Museum Weltkulturen und Museum Zeughaus gibt es derzeit nicht. Die Ausstellungen sind regul\u00e4r ge\u00f6ffnet. Relevante Hands-on-Bereiche wie die Virtuelle-Brillen-Station in der Ausstellung \u201eReconsidering Icons\u201c werden regelm\u00e4\u00dfig gereinigt und desinfiziert. Die Risikobewertung wird von den Reiss-Engelhorn-Museen t\u00e4glich neu gepr\u00fcft.<\/p>\n\n\n\n<p>\u00dcber \u00c4nderungen und Absagen von Veranstaltungen oder \u00fcber die \u00c4nderung der \u00d6ffnungszeiten informieren die Reiss-Engelhorn-Museen auf ihrer Website unter <a href=\"http:\/\/www.rem-mannheim.de\">http:\/\/www.rem-mannheim.de<\/a>.<\/p>\n\n\n\n<h4 class=\"wp-block-heading\">4) Risikogebiete: Neue Gebiete in RKI-Liste aufgenommen<\/h4>\n\n\n\n<p>Das RKI hat heute auch in Frankreich die Region Grand Est (diese Region enth\u00e4lt Elsass, Lothringen und Champagne-Ardenne) in die Liste der Risikogebiete mit aufgenommen: <a href=\"https:\/\/www.rki.de\/DE\/Content\/InfAZ\/N\/Neuartiges_Coronavirus\/Risikogebiete.html\">https:\/\/www.rki.de\/DE\/Content\/InfAZ\/N\/Neuartiges_Coronavirus\/Risikogebiete.html<\/a><\/p>\n\n\n\n<h4 class=\"wp-block-heading\">5) Hinweise f\u00fcr Schulen und Kitas<\/h4>\n\n\n\n<p>Das Kultusministerium Baden-W\u00fcrttemberg hat zudem folgende Hinweise f\u00fcr Schulen und Kitas ver\u00f6ffentlicht (Stand 10.03.2020):<br><a href=\"https:\/\/km-bw.de\/site\/pbs-bw-new\/get\/documents\/KULTUS.Dachmandant\/KULTUS\/KM-Homepage\/Pressemitteilungen\/Pressemitteilungen%202020\/2020%2003%2010%20MD%20Schreiben%20V%20weitere%20Risikogebiete.pdf\">https:\/\/km-bw.de\/site\/pbs-bw-new\/get\/documents\/KULTUS.Dachmandant\/KULTUS\/KM-Homepage\/Pressemitteilungen\/Pressemitteilungen%202020\/2020%2003%2010%20MD%20Schreiben%20V%20weitere%20Risikogebiete.pdf<\/a><\/p>\n\n\n\n<p><em>Stadt Mannheim<br>12.03.2020<\/em><\/p>\n\n\n\n<h2 class=\"wp-block-heading\">Informationen zum Coronavirus im Hinblick auf Veranstaltungen<\/h2>\n\n\n\n<div class=\"wp-block-image\"><figure class=\"aligncenter\"><img decoding=\"async\" loading=\"lazy\" width=\"600\" height=\"277\" src=\"https:\/\/speyer24news.com\/wp-content\/uploads\/2020\/03\/Speyer-Logo-Stadt.png\" alt=\"\" class=\"wp-image-25862\" srcset=\"https:\/\/speyer24news.com\/wp-content\/uploads\/2020\/03\/Speyer-Logo-Stadt.png 600w, https:\/\/speyer24news.com\/wp-content\/uploads\/2020\/03\/Speyer-Logo-Stadt-300x139.png 300w\" sizes=\"(max-width: 600px) 100vw, 600px\" \/><\/figure><\/div>\n\n\n\n<p><strong>Speyer &#8211; <\/strong>Veranstaltungen mit vielen Teilnehmerinnen und Teilnehmern k\u00f6nnen zu einer schnelleren Verbreitung des Coronavirus beitragen, da eine \u00dcbertragung auf viele Personen m\u00f6glich ist. Im Falle einer Ausbreitung erschweren Massenveranstaltungen die R\u00fcckverfolgung und die Ermittlung von Kontaktpersonen. Im Einzelfall kann daher das Absagen, Verschieben oder die Umorganisation gerechtfertigt sein.<\/p>\n\n\n\n<p>Oberstes Ziel ist es, zum <strong>Schutz der Bev\u00f6lkerung<\/strong> die Infektionswege zu unterbrechen und damit die Ausbreitung des Coronavirus hinauszuz\u00f6gern.<\/p>\n\n\n\n<p>Die Stadt Speyer folgt daher der Empfehlung des Landes Rheinland-Pfalz und den Vorgaben des Robert-Koch-Institutes und wird alle <strong>Veranstaltungen<\/strong>, zu denen <strong>mehr als 1.000 Teilnehmerinnen und Teilnehmer<\/strong> erwartet werden, bis <strong>auf weiteres absagen<\/strong>.<\/p>\n\n\n\n<p>Eine ordnungsrechtliche Allgemeinverf\u00fcgung der Stadt zur Durchf\u00fchrung des Infektionsschutzgesetzes folgt am Donnerstag, 12. M\u00e4rz 2020. <\/p>\n\n\n\n<p>Auch bei Veranstaltungen mit einer kleineren Teilnehmeranzahl kann eine Absage bzw. eine Verlegung des Termins\/der Veranstaltung erfolgen, wenn: <\/p>\n\n\n\n<ol><li>es sich um einen <strong>Teilnehmerkreis <\/strong>mit besonderem Risiko (\u00e4ltere Menschen, Personen mit Vorerkrankungen oder Immungeschw\u00e4chte) handelt oder <\/li><li>Teilnehmerinnen und Teilnehmer aus <strong>Risikogebieten <\/strong>erwartet werden oder <\/li><li>die Veranstaltung in geschlossenen R\u00e4umen mit <strong>K\u00f6rperkontakt <\/strong>stattfindet (etwa Tanzveranstaltungen oder unbestuhlte Konzerte) oder <\/li><li>die Veranstaltung in geschlossenen R\u00e4umen mit <strong>schlechter Bel\u00fcftung<\/strong> stattfindet<br><strong><em>Bei allen Veranstaltungen sind die vom Robert Koch-Institut ver\u00f6ffentlichten Empfehlungen \u201eAllgemeine Prinzipien der Risikoeinsch\u00e4tzung und Handlungsempfehlung f\u00fcr Gro\u00dfveranstaltungen\u201c streng zu pr\u00fcfen. <\/em><\/strong><\/li><\/ol>\n\n\n\n<p><strong>Die Stadt Speyer r\u00e4t allen Veranstaltern dringend davon ab, in den n\u00e4chsten Wochen Veranstaltungen durchzuf\u00fchren<\/strong>. Wir appellieren zum Schutz der Bev\u00f6lkerung an das Verantwortungsbewusstsein und bitten darum, bereits <strong>geplante Veranstaltungen bis auf weiteres abzusagen bzw. zu verschieben, sollte eines der oben genannten Kriterien zutreffen<\/strong>.  <\/p>\n\n\n\n<p>Bei allen Veranstaltungen gilt: Vorsicht ist besser als Nachsicht.<\/p>\n\n\n\n<p>Ungeachtet dessen werden die Bev\u00f6lkerung und die Medien gebeten, die Ereignisse realistisch einzuordnen und <strong>Ruhe <\/strong>zu bewahren. Die <strong>Einhaltung von Hygienema\u00dfnahmen<\/strong> wie H\u00e4ndehygiene, Nies- und Hustenetikette sowie Abstandhalten zu Erkrankten gelten nach wie vor.<\/p>\n\n\n\n<p>Weitere Informationen sind auf der Homepage des Robert Koch-Institutes (<a href=\"http:\/\/www.rki.de\">www.rki.de<\/a>) und des zust\u00e4ndigen Gesundheitsamtes im Rhein-Pfalz-Kreis (<a href=\"https:\/\/www.rhein-pfalz-kreis.de\/kv_rpk\/Slider\/Informationen%20zum%20Coronavirus\/\">https:\/\/www.rhein-pfalz-kreis.de\/kv_rpk\/Slider\/Informationen%20zum%20Coronavirus\/<\/a>) einzusehen.<\/p>\n\n\n\n<p><em>Stefanie Seiler<br>Oberb\u00fcrgermeisterin<br>12.03.2020<\/em><\/p>\n\n\n\n<h2 class=\"wp-block-heading\"><strong>Coronavirus: Stadt Ludwigshafen ergreift weitere Vorsichtsma\u00dfnahmen<\/strong><\/h2>\n\n\n\n<h3 class=\"wp-block-heading\"><strong>OB Steinruck: Zum jetzigen Zeitpunkt der richtige Schritt<\/strong><\/h3>\n\n\n\n<p><strong>Ludwigshafen &#8211; <\/strong>Aufgrund der weiter anhaltenden Verbreitung des Coronavirus in Deutschland hat die Stadt Ludwigshafen am Mittwoch 11. M\u00e4rz 2020, aus Vorsorgegr\u00fcnden entschieden, einen Teil ihrer Einrichtungen zu schlie\u00dfen. Zudem wird es ab Donnerstag, 12. M\u00e4rz 2020, 8 Uhr, Einschr\u00e4nkungen bei st\u00e4dtischen Dienstleistungen und Servicestellen geben. Ziel dieser weitreichenden Vorsichtsma\u00dfnahmen ist es, die Verbreitung des Virus durch das fr\u00fchzeitige und konsequente Unterbrechen m\u00f6glicher Infektionsketten einzud\u00e4mmen. <\/p>\n\n\n\n<p>Gemeinsam mit Medizinern und\nHygienespezialisten des Klinikums sowie dem Gesundheitsamt hat sich der\nLudwigshafener Stadtvorstand unter Leitung von Oberb\u00fcrgermeisterin Jutta\nSteinruck auf ein B\u00fcndel pr\u00e4ventiver, also vorsorglicher Ma\u00dfnahmen zum Schutz\nder B\u00fcrger*innen sowie der Mitarbeiter*innen der Stadtverwaltung verst\u00e4ndigt.\nSie alle dienen dazu, gr\u00f6\u00dfere Ansammlungen von Menschen zu vermeiden.\nMenschenansammlungen werden als eine wesentliche Ursache f\u00fcr die Verbreitung\ndes Coronavirus angesehen. Aus diesem Grund werden u.a. Sporthallen, B\u00e4der,\nBibliotheken und kulturelle Einrichtungen wie Museen und Theater geschlossen.\nDie Stadtverwaltung reagiert damit auch auf den ersten best\u00e4tigen Fall eines\nmit dem Coronavirus infizierten Menschen in Ludwigshafen. <\/p>\n\n\n\n<p>Zudem gibt es seit  Dienstagabend einen Verdachtsfall in der Kindertagesst\u00e4tte Karl-Kr\u00e4mer-Stra\u00dfe. Die Kita ist derzeit geschlossen. Die Verwaltung erwartet das Testergebnis.<\/p>\n\n\n\n<p>&#8222;Wir haben\nuns sehr genau \u00fcberlegt, welche Schritte wir nun gehen wollen und Ma\u00dfnahmen\ngegeneinander abgewogen. Es gibt keinen Grund f\u00fcr gr\u00f6\u00dfte Besorgnis oder gar f\u00fcr\nPanik. Deutschland \u2013 und ein so starker Standort wie Ludwigshafen \u2013 ist auf\nviele schwierige Situationen vorbereitet. Wir unternehmen aktuell angemessene\nSchritte, um eine weitere Verbreitung des Virus auch bei uns einzud\u00e4mmen. Das\nist zum jetzigen Zeitpunkt der richtige Schritt. Wir m\u00fcssen daf\u00fcr sorgen, dass\nkeine unn\u00f6tigen Infektionsketten entstehen. Denn genau das k\u00f6nnte zu einer\nZunahme der Erkrankungen f\u00fchren. Dies gilt es im Interesse der Gesundheit\nunserer B\u00fcrger*innen sowie auch unseres \u00f6ffentlichen Gesundheitssystems und der\ndort arbeitenden Menschen und auch unserer Verwaltung zu verhindern. Mit\nunseren Ma\u00dfnahmen leisten wir einen Beitrag, in der derzeitigen Lage wichtige\nZeit zu gewinnen. Diese Ziele hat auch die Bundeskanzlerin heute im Anschluss\nan Konsultationen mit ihren europ\u00e4ischen Partnern so formuliert. Wir alle \u2013 und\neben auch als Kommune \u2013 sind gehalten, die Infektionsrisiken zu minimieren.\nDazu tragen wir durch abgestimmte und durchdachte Ma\u00dfnahmen bei&#8220;, erl\u00e4uterte\nOberb\u00fcrgermeisterin Jutta Steinruck.<\/p>\n\n\n\n<p>Die OB bittet B\u00fcrger*innen um Verst\u00e4ndnis daf\u00fcr, dass Dienstleistungen der Verwaltungen teilweise eingeschr\u00e4nkt sind oder bestimmten Restriktionen unterliegen. &#8222;\u00d6ffentliche Aufgaben und Funktionen, die von grundlegender Bedeutung f\u00fcr die Allgemeinheit sind, werden selbstverst\u00e4ndlich weiter erf\u00fcllt.<\/p>\n\n\n\n<p>Das steht au\u00dfer Frage.\nDienstleistungen rund um den B\u00fcrgerservice werden erbracht. Hier bitten wir\ndarum, Regularien, wie wir sie nun vorsorglich festgelegt haben, einzuhalten.\nAber dort, wo wir durch Einschr\u00e4nkungen von Services aktuell einen Beitrag zum\nInfektionsschutz leisten k\u00f6nnen, machen wir das. Die kommenden Tage wird uns\nalle etwas Geduld abn\u00f6tigen, die wir aber im Interesse der allgemeinen\nGesundheit gerne aufbringen sollten&#8220;, betont die OB.<\/p>\n\n\n\n<p>Jutta Steinruck dankte den\n\u00e4rztlichen Ratgebern und Partnern aus Klinikum und Gesundheitsamt sowie den\nMitarbeiter*innen der Gesundheitsbeh\u00f6rden und \u2013einrichtungen sowie den\nzahlreichen sachbefassten Mitarbeiter*innen aus der Stadtverwaltung f\u00fcr deren\ngro\u00dfes Engagement und die vertrauensvolle Zusammenarbeit. &#8222;Als politische Verantwortliche brauchen wir\ndie wissenschaftliche Sicht und den fundierten Ratschlag, die kritische\nReflexion und das Abw\u00e4gen mit Expert*innen, um solide und begr\u00fcndete\nEntscheidungen zu treffen&#8220;, betont die OB. <\/p>\n\n\n\n<p>Nachdem das erfolgt sei, habe\nsich die Stadt zu folgenden Vorsorgema\u00dfnahmen entschieden:<\/p>\n\n\n\n<h4 class=\"wp-block-heading\"><strong>Folgenden Einrichtungen bleiben bis auf Weiteres geschlossen<\/strong><\/h4>\n\n\n\n<p><strong>Kultureinrichtungen<\/strong><\/p>\n\n\n\n<ul><li>Stadtbibliothek einschlie\u00dflich der Stadtteilbibliotheken<\/li><li>Theater im Pfalzbau<\/li><li>Wilhelm-Hack-Museum<\/li><li>Stadtmuseum<\/li><li>Rudolf-Scharpf-Galerie<\/li><li>Schillerhaus Oggersheim<\/li><li>Musikschule<\/li><li>Kulturzentrum DasHaus<\/li><li>Ernst Bloch Zentrum<\/li><\/ul>\n\n\n\n<h4 class=\"wp-block-heading\">Kinder- und Jugendeinrichtungen <\/h4>\n\n\n\n<ul><li>Alle offenen Kinder- und Jugendeinrichtungen der Stadt einschlie\u00dflich der Einrichtungen der B\u00fcrgerinitiativen<\/li><li>Schullandheim Ramsen <\/li><\/ul>\n\n\n\n<h4 class=\"wp-block-heading\">Sportanlagen und Schwimmb\u00e4der<\/h4>\n\n\n\n<ul><li>Schulsporthallen und Bezirkssportanlagen f\u00fcr den Vereinsbetrieb (Ausnahme Schulsport).<\/li><li>Leichtathletikhalle (Ausnahme Schulsport) <\/li><li>S\u00fcdwest-Stadion<\/li><li>Hallenbad S\u00fcd<\/li><li>Hallenbad Oggersheim<\/li><\/ul>\n\n\n\n<h4 class=\"wp-block-heading\">Soziales<\/h4>\n\n\n\n<ul><li>Soziale Stadt B\u00fcros<\/li><li>Abteilung Wohngeld<\/li><li>Schuldnerberatungsstelle<\/li><li>Drogenberatung, Goethestra\u00dfe 12<\/li><li>Stadthaus Nord &#8211; \u00d6ffnungszeiten vorerst nur Donnerstag 9 bis 12 Uhr<\/li><\/ul>\n\n\n\n<h4 class=\"wp-block-heading\">Senioren<\/h4>\n\n\n\n<ul><li>Seniorentreffs und Seniorenzentren<\/li><li>Seniorenf\u00f6rderung Walzm\u00fchle: \u00d6ffnungszeiten vorerst nur Donnerstag 9 bis 12 Uhr<\/li><\/ul>\n\n\n\n<h4 class=\"wp-block-heading\">Besch\u00e4ftigungsf\u00f6rderung<\/h4>\n\n\n\n<ul><li> Kleidertreffs<\/li><\/ul>\n\n\n\n<p><strong>Volkshochschule<\/strong><br> Anmeldung geschlossen<br> Sprachberatung geschlossen<br> Alle Kurse und Veranstaltungen werden abgesagt<br> Pr\u00fcfungsrelevante Kurse finden statt<\/p>\n\n\n\n<ul><li>Es finden keine Trauerfeiern mehr statt<\/li><\/ul>\n\n\n\n<ul><li>Das Haus der Naturp\u00e4dagogik ist geschlossen, der Wildpark bleibt ge\u00f6ffnet<\/li><\/ul>\n\n\n\n<p><strong><em>Die Liste wird gegebenenfalls aktualisiert<\/em><\/strong><\/p>\n\n\n\n<p>F\u00fcr weitere B\u00fcrgerfragen ist\nunter der Rufnummer 0621 504-6000 ein Informationstelefon geschaltet. \u00dcber\ndieses Informationstelefon k\u00f6nnen sich die B\u00fcrger*innen \u00fcber die\nVorsorgema\u00dfnahmen wie zum Beispiel Schlie\u00dfungen informieren.<\/p>\n\n\n\n<p>Weitere Informationen auf <a href=\"http:\/\/www.ludwigshafen.de\">www.ludwigshafen.de<\/a><\/p>\n\n\n\n<p><em>Stadt Ludwigshafen am Rhein<br>12.03.2020<\/em><\/p>\n\n\n\n<h2 class=\"wp-block-heading\"><strong>Coronavirus<\/strong> &#8211; <strong>Weiterer positiver Fall\nim Landkreis Germersheim best\u00e4tigt<\/strong><\/h2>\n\n\n\n<p><strong>Landkreis Germersheim &#8211;<\/strong> Im Landkreis Germersheim ist der zweite positive Fall best\u00e4tigt. Der betroffene Mann und die Ehepartnerin befinden sich bis auf weiteres in h\u00e4uslicher Quarant\u00e4ne. Das Ehepaar war aus S\u00fcdtirol zur\u00fcckgekehrt und war von Anfang an zuhause geblieben. Aufgrund von Symptomen wurde der Betroffene vom Hausarzt untersucht und getestet. Das Gesundheitsamt des Landkreises Germersheim hat diese Quarant\u00e4ne nach Infektionsschutzgesetzt angeordnet.<\/p>\n\n\n\n<p>Informationen zum Thema Coronavirus auf der Homepage des Landkreises erreichen Interessierte direkt \u00fcber <a href=\"http:\/\/www.kreis-germersheim.de\/coronavirus\">www.kreis-germersheim.de\/coronavirus<\/a>. Au\u00dferdem ist in der Kreisverwaltung ein B\u00fcrgertelefon besetzt. Dieses erreichen B\u00fcrgerinnen und B\u00fcrger Montag bis Donnerstag von 10 bis 12.30 Uhr und 13.30 bis 16 Uhr, Freitag 10 bis 13 Uhr, Telefonnummer 07274\/53-131.<\/p>\n\n\n\n<p><em>Kreisverwaltung Germersheim<br>12.03.2020<\/em><\/p>\n\n\n\n<h2 class=\"wp-block-heading\">Corona-Virus: Gedenkveranstaltung zum Bombenangriff auf die Stadt Landau, Premiere des Fugger-Gl\u00f6tt-Films und zwei \u201eFrauenZimmer\u201c-Veranstaltungen werden verschoben bzw. abgesagt <\/h2>\n\n\n\n<div class=\"wp-block-image\"><figure class=\"aligncenter\"><img decoding=\"async\" loading=\"lazy\" width=\"800\" height=\"533\" src=\"https:\/\/speyer24news.com\/wp-content\/uploads\/2020\/03\/Info-132-Absagen.jpg\" alt=\"\" class=\"wp-image-25861\" srcset=\"https:\/\/speyer24news.com\/wp-content\/uploads\/2020\/03\/Info-132-Absagen.jpg 800w, https:\/\/speyer24news.com\/wp-content\/uploads\/2020\/03\/Info-132-Absagen-300x200.jpg 300w, https:\/\/speyer24news.com\/wp-content\/uploads\/2020\/03\/Info-132-Absagen-768x512.jpg 768w\" sizes=\"(max-width: 800px) 100vw, 800px\" \/><figcaption>Die Checkliste des gemeinsamen Gesundheitsamts von Stadt und Kreis hilft Veranstalterinnen und Veranstaltern, eine Risikobewertung vorzunehmen. <\/figcaption><\/figure><\/div>\n\n\n\n<p><strong>Landau &#8211; <\/strong>Die interne Risikoeinsch\u00e4tzung anhand der Empfehlungen des Gesundheitsamts Landau-S\u00fcdliche Weinstra\u00dfe in Bezug auf das Corona-Virus f\u00fchrt dazu, dass die Stadt Landau drei geplante Veranstaltungen absagt. Die Gedenkstunde f\u00fcr die Opfer des Bombenangriffs auf das Stadtgebiet im Zweiten Weltkrieg, die f\u00fcr den 16. M\u00e4rz geplant war, soll auf den 8. Mai verschoben werden, dem Jahrestag der Kapitulation der deutschen Wehrmacht. Der Vortrag zum Equal-Pay-Day am 17. M\u00e4rz und das Damencaf\u00e9 am 25. M\u00e4rz, beides Veranstaltungen im Rahmen der Reihe \u201eFrauenZimmer\u201c der st\u00e4dtischen Gleichstellungsstelle, finden nicht statt. <\/p>\n\n\n\n<p>Ebenso weist die Stadt\nLandau darauf hin, dass die f\u00fcr den 15. M\u00e4rz geplante Premiere des\nDokumentarfilms \u201eTheodor Graf Fugger von Gl\u00f6tt \u2013 Deserteur oder\nFreiheitsk\u00e4mpfer?\u201c des Ehepaars Knauf im Universum-Kinocenter abgesagt wurde.\nDie Veranstaltung soll nachgeholt werden. <\/p>\n\n\n\n<p>Die Stadt Landau versucht auf allen Ebenen und eng abgestimmt mit dem Landkreis S\u00fcdliche Weinstra\u00dfe die Verbreitung des Corona-Virus zu verhindern. Veranstalterinnen und Veranstalter werden aus diesem Grund gebeten, kritisch die Notwendigkeit geplanter Veranstaltungen zu hinterfragen. Die entsprechende Checkliste zur Risikoeinsch\u00e4tzung, mit der auch die Stadtverwaltung arbeitet, findet sich im Internet unter <a href=\"http:\/\/www.suedliche-weinstrasse.de\/de\/aktuelles\/meldungen\/infos_corona_virus.php\">www.suedliche-weinstrasse.de\/de\/aktuelles\/meldungen\/infos_corona_virus.php<\/a>.<\/p>\n\n\n\n<p><em>Stadtverwaltung Landau in der Pfalz<br>12.03.2020<\/em><\/p>\n\n\n\n<h2 class=\"wp-block-heading\"><strong>Erster best\u00e4tigter Fall von Coronavirus in der Stadt Ludwigshafen<\/strong><\/h2>\n\n\n\n<div class=\"wp-block-image\"><figure class=\"aligncenter\"><img decoding=\"async\" src=\"https:\/\/speyer24news.com\/wp-content\/uploads\/2020\/03\/Rhein-Pfalz-Kreis.jpg\" alt=\"\" class=\"wp-image-25674\"\/><\/figure><\/div>\n\n\n\n<p><strong>Ludwigshafen \/ Rhein-Pfalz-Kreis &#8211; <\/strong>Ein erster best\u00e4tigter Fall einer Erkrankung am Coronavirus hat das Testergebnis eines B\u00fcrgers aus Ludwigshafen geliefert. <\/p>\n\n\n\n<p>Der\nMann hatte sich offensichtlich bei einer Auslandsreise mit dem Virus\nangesteckt. Das zust\u00e4ndige Gesundheitsamt des Rhein-Pfalz-Kreises hat als\nvorbeugende Ma\u00dfnahmen beschlossen, den Mann unter h\u00e4uslicher Quarant\u00e4ne zu\nstellen.<\/p>\n\n\n\n<p>Die\nKontaktpersonen des Mannes wurden ermittelt und an die zust\u00e4ndigen\nGesundheits\u00e4mter weitergeleitet. Kontaktpersonen im Zust\u00e4ndigkeitsbereich des\nGesundheitsamtes Rhein-Pfalz-Kreis gibt es nicht.<\/p>\n\n\n\n<p>Der Mann befindet sich bereits auf dem Weg der Besserung<\/p>\n\n\n\n<p><em>Kreisverwaltung Rhein-Pfalz-Kreis<br>12.03.2020<\/em><\/p>\n\n\n\n<h2 class=\"wp-block-heading\">Aktuelle Informationen zur Lage in Mannheim<\/h2>\n\n\n\n<h4 class=\"wp-block-heading\">Inhalt :<\/h4>\n\n\n\n<ul><li><strong>Aktuelle Fallzahlen<\/strong><\/li><li><strong>Landesverordnung zu Veranstaltungen<\/strong><\/li><li><strong>Diagnosest\u00fctzpunkt eingerichtet<\/strong><\/li><\/ul>\n\n\n\n<h4 class=\"wp-block-heading\">Aktuelle Fallzahlen<\/h4>\n\n\n\n<p><strong>Mannheim &#8211; <\/strong>Beim Gesundheitsamt Mannheim wurden am Dienstag (10.03.2020) keine weiteren best\u00e4tigten Coronavirus-F\u00e4lle gemeldet. Damit betr\u00e4gt die Zahl der nachgewiesenen F\u00e4lle in Mannheim weiterhin elf.<\/p>\n\n\n\n<h4 class=\"wp-block-heading\">Veranstaltungen<\/h4>\n\n\n\n<p>Die Stadt Mannheim hat mit Blick auf Gro\u00dfveranstaltungen wie gestern angek\u00fcndigt mit Veranstaltern Kontakt aufgenommen, um Veranstaltungen \u00fcber 1000 Teilnehmern in der Regel abzusagen. Die Ank\u00fcndigung des Gesundheitsministeriums eine verbindliche Verordnung dazu zu erlassen, begr\u00fc\u00dft der Mannheimer Oberb\u00fcrgermeister und Pr\u00e4sident des baden-w\u00fcrttembergischen St\u00e4dtetags Peter Kurz ausdr\u00fccklich. \u201eRechtssicherheit und Einheitlichkeit des Vorgehens sind f\u00fcr diese weitreichenden Eingriffe notwendig. Die Ank\u00fcndigung entspricht der von gestern festgelegten Linie. Eine Verordnung in dieser Frage ist von den Kommunen gew\u00fcnscht.\u201e<\/p>\n\n\n\n<h4 class=\"wp-block-heading\">Diagnose-St\u00fctzpunkt am Universit\u00e4tsklinikum <\/h4>\n\n\n\n<p>Das Universit\u00e4tsklinikum Mannheim (UMM) richtet ab Mittwoch, 11. M\u00e4rz, einen Coronavirus Diagnose-St\u00fctzpunkt in mehreren speziell ausgestatteten Containern im Park des UMM-Campus ein. Die Zuweisung erfolgt ausschlie\u00dflich \u00fcber das Info-Telefon des Gesundheitsamts Mannheim, Telefon 0621-293-2253.<br>Das Universit\u00e4tsklinikum teilt dazu mit: \u201ePersonen, bei denen der begr\u00fcndete Verdacht besteht, dass sie sich mit SARS-CoV-2 infiziert haben, k\u00f6nnen dort getrennt von anderen Patienten auf das neuartige Coronavirus getestet werden. Der neue Coronavirus Diagnose-St\u00fctzpunkt liegt zentral und gut erreichbar im Park der Universit\u00e4tsmedizin Mannheim direkt neben Haus 22.<\/p>\n\n\n\n<h4 class=\"wp-block-heading\">Zuweisung \u00fcber Info-Telefon des Gesundheitsamts<\/h4>\n\n\n\n<p>Personen mit begr\u00fcndetem Verdacht auf eine SARS-CoV-2-Infektion erhalten vom Info-Telefon des Mannheimer Gesundheitsamts, 0621\/293-2253, ein Passwort, mit dem sie sich im Diagnose-St\u00fctzpunkt melden. Mit dem Passwort k\u00f6nnen sie auch \u00fcber die Einfahrt in der R\u00f6ntgenstra\u00dfe auf den UMM-Campus fahren und ihr Auto nach Einweisung durch den Sicherheitsdienst in unmittelbarer N\u00e4he zum St\u00fctzpunkt abstellen. Wer weiter au\u00dferhalb parkt oder zu Fu\u00df kommt, findet zahlreiche Hinweisschilder und auf den Boden aufgespr\u00fchte Markierungen, die den besten Weg von den Eing\u00e4ngen zum St\u00fctzpunkt weisen. Die \u00d6ffnungszeiten des Coronavirus Diagnose-St\u00fctzpunkts k\u00f6nnen beim Info-Telefon des Mannheimer Gesundheitsamts, 0621\/293-2253, erfragt werden.<\/p>\n\n\n\n<p>Das Gesundheitsamt weist in diesem Zusammenhang darauf hin, dass nach Definition des Robert-Koch-Instituts (RKI) als begr\u00fcndete Verdachtsf\u00e4lle nur Personen gelten, die Krankheitssymptome wie z.B. Erk\u00e4ltungskrankheiten, zeigen UND sich in den letzten zwei Wochen in einem Risikogebiet gem\u00e4\u00df Liste des RKI aufgehalten haben oder Krankheitssymptome zeigen UND Kontakt zu einem NACHGEWIESEN am neuartigen Coronavirus erkrankten Patienten hatten. Nur f\u00fcr diesen Personenkreis ist eine Testung vorgesehen und sinnvoll. In allen anderen F\u00e4llen ist die Wahrscheinlichkeit einer Infektion mit dem Virus als sehr gering einzustufen.<\/p>\n\n\n\n<p>Das Universit\u00e4tsklinikum f\u00fchrt die Tests auf SARS-CoV-2 im hauseigenen Institut f\u00fcr Medizinische Mikrobiologie und Hygiene selbst durch. Dazu wird mit einem Wattestab ein Abstrich aus Rachen und Nase entnommen, der dann nach bestimmten, eindeutigen Abschnitten der Virus-DNA durchsucht wird. Das Testergebnis liegt in der Regel innerhalb eines Tages vor und kann telefonisch mit einem individuellen Kennwort abgerufen werden. In der Zwischenzeit k\u00f6nnen die Getesteten nach Hause zur\u00fcckkehren, wenn sie keine gr\u00f6\u00dferen gesundheitlichen Beeintr\u00e4chtigungen versp\u00fcren. Bis zum Testergebnis sollten sie aber den Umgang mit anderen Menschen soweit als m\u00f6glich reduzieren, um nicht selbst zu einer Infektionsquelle zu werden.\u201c<\/p>\n\n\n\n<p>Die Kassen\u00e4rztliche Vereinigung Baden-W\u00fcrttemberg hatte in der vergangenen Woche zur Erf\u00fcllung ihres Sicherstellungsauftrages abh\u00e4ngig von der jeweiligen Ressourcenverf\u00fcgbarkeit empfohlen, in jedem Landkreis eine zentrale Anlauf- und Abstrichstelle zur Testung des neuartigen Corona-Virus einzurichten. Wenn dies nicht m\u00f6glich ist, k\u00f6nnten auch andere Alternativen wie beispielsweise sogenannte \u201eDrive-In-Corona-Abstrich-Konzepte\u201c in Betracht kommen.<\/p>\n\n\n\n<p>\u201eMit dem Diagnose-St\u00fctzpunkt am Universit\u00e4tsklinikum haben wir hier in Mannheim nun in k\u00fcrzester Zeit die beste empfohlene L\u00f6sung eingerichtet\u201c, betont Gesundheitsb\u00fcrgermeister Dirk Grunert. Er weist noch einmal drauf hin, dass die Einrichtung nur begr\u00fcndeten Verdachtsf\u00e4llen, die \u00fcber das Info-Telefon zugewiesen werden, vorbehalten ist.<\/p>\n\n\n\n<p>Weitere Infos: <a href=\"http:\/\/mannheim.de\/corona\">http:\/\/mannheim.de\/corona<\/a><\/p>\n\n\n\n<p><em>Stadt Mannheim<br>12.03.2020<\/em><\/p>\n\n\n\n<h2 class=\"wp-block-heading\"><strong>Coronavirus: Stadt erl\u00e4sst aktualisierte Allgemeinverf\u00fcgung<\/strong><\/h2>\n\n\n\n<div class=\"wp-block-image\"><figure class=\"aligncenter\"><img decoding=\"async\" loading=\"lazy\" width=\"800\" height=\"153\" src=\"https:\/\/speyer24news.com\/wp-content\/uploads\/2020\/03\/LU.png\" alt=\"\" class=\"wp-image-25754\" srcset=\"https:\/\/speyer24news.com\/wp-content\/uploads\/2020\/03\/LU.png 800w, https:\/\/speyer24news.com\/wp-content\/uploads\/2020\/03\/LU-300x57.png 300w, https:\/\/speyer24news.com\/wp-content\/uploads\/2020\/03\/LU-768x147.png 768w\" sizes=\"(max-width: 800px) 100vw, 800px\" \/><\/figure><\/div>\n\n\n\n<p><strong>Ludwigshafen &#8211; <\/strong>Die Stadt Ludwigshafen hat wegen der fortdauernden Verbreitung des Coronavirus auch in der Region die Richtlinien zur Durchf\u00fchrung \u00f6ffentlicher Veranstaltungen gem\u00e4\u00df den Empfehlungen des Bundesgesundheitsministeriums erg\u00e4nzt und aktualisiert. Die neue Allgemeinverf\u00fcgung untersagt Veranstaltungen in geschlossenen R\u00e4umen ab einer erwarteten Teilnehmerzahl von 1.000 Menschen. F\u00fcr alle anderen Veranstaltungen gilt weiterhin, dass der Veranstalter sicherzustellen und zu best\u00e4tigen hat, dass diese gem\u00e4\u00df den jeweils g\u00fcltigen und aktuellen Hinweisen und Empfehlungen des Robert-Koch-Instituts (<a href=\"http:\/\/www.rki.de\">www.rki.de<\/a>) durchgef\u00fchrt werden.<\/p>\n\n\n\n<p>Die aktualisierte Allgemeinverf\u00fcgung ist auf der st\u00e4dtischen Internetseite <strong><a href=\"http:\/\/www.ludwigshafen.de\">www.ludwigshafen.de<\/a><\/strong> einsehbar.<\/p>\n\n\n\n<p><em>Stadt Ludwigshafen am Rhein<br>12.03.2020<\/em><\/p>\n\n\n\n<h2 class=\"wp-block-heading\"><strong>Informationen zum Coronavirus<\/strong><\/h2>\n\n\n\n<div class=\"wp-block-image\"><figure class=\"aligncenter\"><img decoding=\"async\" loading=\"lazy\" width=\"500\" height=\"583\" src=\"https:\/\/speyer24news.com\/wp-content\/uploads\/2020\/03\/Checkliste-Schutz-vor-Infektionen.png\" alt=\"\" class=\"wp-image-25808\" srcset=\"https:\/\/speyer24news.com\/wp-content\/uploads\/2020\/03\/Checkliste-Schutz-vor-Infektionen.png 500w, https:\/\/speyer24news.com\/wp-content\/uploads\/2020\/03\/Checkliste-Schutz-vor-Infektionen-257x300.png 257w\" sizes=\"(max-width: 500px) 100vw, 500px\" \/><\/figure><\/div>\n\n\n\n<p><strong>Speyer &#8211; <\/strong>Auf Anregung des medizinischen Fachberaters der Stadt Speyer, Dr. Peter Wresch, fand am Freitag, 6. M\u00e4rz 2020, ein Austauschgespr\u00e4ch  zum aktuellen Sachstand in Sachen Coronavirus zwischen Vertreterinnen und Vertretern der Speyerer Krankenh\u00e4user, der niedergelassenen \u00c4rzteschaft und der Rettungsdienste sowie der Stadtverwaltung und der Feuerwehr Speyer statt.<\/p>\n\n\n\n<p>\u201eAlle betroffenen Stellen sind vorbereitet und die Gesundheitsversorgung der Stadt ist sichergestellt. Um die Zusammenarbeit zwischen\n den Institutionen noch besser aufeinander abzustimmen, wird sich der besagte Teilnehmerkreis jede Woche zu einem Austauschtermin treffen\u201c, so Oberb\u00fcrgermeisterin Stefanie Seiler.\n<\/p>\n\n\n\n<p>Infolge der Empfehlung des Bundesgesundheitsministerium f\u00fcr Veranstaltungen sei auf die Allgemeinen Prinzipien der Risikoeinsch\u00e4tzung  und Handlungsempfehlung f\u00fcr Gro\u00dfveranstaltungen des Robert-Koch-Instituts hingewiesen, die auf der Homepage der Stadt Speyer einzusehen und dieser Medieninfo beigef\u00fcgt sind. Ebenso hat der Landkreis S\u00fcdliche Weinstra\u00dfe eine einfache Checkliste f\u00fcr Veranstaltungen  entworfen, die wir nach R\u00fccksprache ebenso online stellen und hiermit weiterleiten d\u00fcrfen. Die Stadt Speyer ist hierzu aber auch in Kontakt mit dem zust\u00e4ndigen Gesundheitsamt des Rhein-Pfalz-Kreises, um bei Bedarf und Lage entsprechende Anordnungen f\u00fcr Veranstaltungen  auf den Weg zu bringen.<\/p>\n\n\n\n<div class=\"wp-block-image\"><figure class=\"aligncenter\"><img decoding=\"async\" loading=\"lazy\" width=\"800\" height=\"600\" src=\"https:\/\/speyer24news.com\/wp-content\/uploads\/2020\/03\/IMG_20200309_083427.jpg\" alt=\"\" class=\"wp-image-25809\" srcset=\"https:\/\/speyer24news.com\/wp-content\/uploads\/2020\/03\/IMG_20200309_083427.jpg 800w, https:\/\/speyer24news.com\/wp-content\/uploads\/2020\/03\/IMG_20200309_083427-300x225.jpg 300w, https:\/\/speyer24news.com\/wp-content\/uploads\/2020\/03\/IMG_20200309_083427-768x576.jpg 768w, https:\/\/speyer24news.com\/wp-content\/uploads\/2020\/03\/IMG_20200309_083427-678x509.jpg 678w, https:\/\/speyer24news.com\/wp-content\/uploads\/2020\/03\/IMG_20200309_083427-326x245.jpg 326w, https:\/\/speyer24news.com\/wp-content\/uploads\/2020\/03\/IMG_20200309_083427-80x60.jpg 80w\" sizes=\"(max-width: 800px) 100vw, 800px\" \/><\/figure><\/div>\n\n\n\n<p>Es gibt nach wie vor weder in der Stadt noch im Kreis Verdachtsf\u00e4lle. Die Bev\u00f6lkerung wird ebenso wie die Medien gebeten, die Ereignisse\n realistisch einzuordnen und Ruhe zu bewahren.<\/p>\n\n\n\n<p>Auf der Internetseite des Gesundheitsamtes des Rhein-Pfalz-Kreises, das auch f\u00fcr die Stadt Speyer zust\u00e4ndig ist, sind aktuelle Infos\n rund um den Coronavirus zusammengetragen: <a href=\"https:\/\/deref-web-02.de\/mail\/client\/HSm6BTMun4s\/dereferrer\/?redirectUrl=https%3A%2F%2Fwww.rhein-pfalz-kreis.de%2Fkv_rpk%2FSlider%2FInformationen%2520zum%2520Coronavirus%2F\" target=\"_blank\" rel=\"noreferrer noopener\">\nhttps:\/\/www.rhein-pfalz-kreis.de\/kv_rpk\/Slider\/Informationen%20zum%20Coronavirus\/<\/a><\/p>\n\n\n\n<p>Die Einhaltung von Hygienema\u00dfnahmen wie H\u00e4ndehygiene, Nies- und Hustenetikette sowie Abstandhalten zu Erkrankten gelten nach wie vor.\n Gem\u00e4\u00df Definition des Robert-Koch-Instituts gelten als Verdachtsf\u00e4lle nur Personen, die Krankheitssymptome wie z.B. Erk\u00e4ltungskrankheiten zeigen und sich in den letzten zwei Wochen in einem Risikogebiet gem\u00e4\u00df der Liste des Robert-Koch-Instituts aufgehalten\n haben bzw. Kontakt zu einem nachgewiesen an Corona erkrankten Patienten hatten. \n<\/p>\n\n\n\n<p>Personen, die Sorge haben, sich mit dem Coronavirus infiziert zu haben, wenden sich bitte an die <strong>116117<\/strong>, die Nummer des \u00e4rztlichen Bereitschaftsdienstes. Von unangek\u00fcndigten Besuchen in Krankenh\u00e4usern oder Arztpraxen ist dringend abzuraten. F\u00fcr Fragen besorgter Mitb\u00fcrger*innen hat das Land eine kostenfreie Hotline eingerichtet, die von Montag bis  Donnerstag, 9:00 bis 16:00 Uhr sowie freitags von 9:00 bis 12:00 Uhr unter Tel. 0800-575 81 00 erreichbar ist. <\/p>\n\n\n\n<h3 class=\"wp-block-heading\">Lesen sie hier die Risikoeinsch\u00e4tzungen f\u00fcr Gro\u00dfveranstaltungen als pdf:<\/h3>\n\n\n\n<div class=\"wp-block-file\"><a href=\"https:\/\/speyer24news.com\/wp-content\/uploads\/2020\/03\/Risiko_Grossveranstaltungen.pdf\">Risiko_Grossveranstaltungen<\/a><a href=\"https:\/\/speyer24news.com\/wp-content\/uploads\/2020\/03\/Risiko_Grossveranstaltungen.pdf\" class=\"wp-block-file__button\" download>Herunterladen<\/a><\/div>\n\n\n\n<p><em>Stadt Speyer<br>10.03.2020<\/em><\/p>\n\n\n\n<h2 class=\"wp-block-heading\">Coronavirus: Stadt folgt Landesempfehlungen zum Umgang mit Veranstaltungen<\/h2>\n\n\n\n<p><strong>Mannheim &#8211; <\/strong>Nach der neuen Lagebeurteilung und den daraus resultierenden Handlungsempfehlungen des Bundesgesundheitsministeriums und des Gesundheitsministeriums Baden-W\u00fcrttemberg sowie unter Ber\u00fccksichtigung der Empfehlung des Robert-Koch-Instituts f\u00fcr den Umgang mit Veranstaltungen, hat die Stadt Mannheim insbesondere die f\u00fcr die kommenden zwei Wochen angemeldeten Veranstaltungen gepr\u00fcft. Sie wird mit den Veranstaltern in Kontakt treten, deren Veranstaltungen angesichts der Ausbreitung des Coronavirus nicht wie geplant stattfinden k\u00f6nnen.<\/p>\n\n\n\n<p>Das Mannheimer Gesundheitsamt orientiert sich grunds\u00e4tzlich an den Empfehlungen des Gesundheitsministeriums Baden-W\u00fcrttemberg, Veranstaltungen in einer Gr\u00f6\u00dfenordnung von mehr als 1000 Teilnehmern abzusagen. Dies erfolgt aufgrund der dynamischen Entwicklung der Infektionszahlen in Baden-W\u00fcrttemberg und der Region Rhein-Neckar sowie der Tatsache, dass aktuell nicht mehr alle Infektionsf\u00e4lle im Einzelfall zur\u00fcckverfolgt werden k\u00f6nnen. Aktuell gibt es in Frankreich und damit in unmittelbarer N\u00e4he Baden-W\u00fcrttembergs weitere Infektions-Hotspots.<\/p>\n\n\n\n<p>Die Stadt Mannheim hatte bereits in der letzten Woche begonnen, sich auf Basis der derzeitigen Lage und der Hinweise des Robert-Koch-Instituts eine \u00dcbersicht zu verschaffen und die Veranstaltungen einzelfallbezogen entsprechend der aktuellen Empfehlungen zu pr\u00fcfen. Unter Beachtung der Grunds\u00e4tze der Verh\u00e4ltnism\u00e4\u00dfigkeit ist die Stadt damit in der Lage, sich kurzfristig und gezielt an diejenigen zu wenden, deren Veranstaltungen als kritisch zu bewerten sind.<\/p>\n\n\n\n<p>Folgende Kriterien des Robert-Koch-Instituts kommen bei der Bewertung von Veranstaltungen zur Anwendung:<\/p>\n\n\n\n<ol><li>Zusammensetzung der Teilnehmer (u.a. Herkunft, Symptome, Risikogebiete)<\/li><li>Art der Veranstaltung (Interaktionen wie bspw. Tanzen)<\/li><li>Ort der Veranstaltung (Mannheim und die dortige aktuelle Situation, geschlossener Raum oder im Freien )<br>\nZudem gilt die aktuelle Empfehlung der genannten Ministerien, die Teilnehmerzahl auf 1000 zu beschr\u00e4nken.<\/li><\/ol>\n\n\n\n<p>Fragen der Kostenr\u00fcckerstattung sind mit dem jeweiligen Veranstalter zu kl\u00e4ren.<\/p>\n\n\n\n<p>Mit Stand Montagabend 19 Uhr ist f\u00fcr diese Woche bereits der dreit\u00e4gige Mittelaltermarkt im Herzogenriedpark mit seinen gesch\u00e4tzt 15.000 Besucherinnen und Besuchern abgesagt.<\/p>\n\n\n\n<p>Bez\u00fcglich publikumsintensiver Sportevents wie zum Beispiel Fu\u00dfballspiele der 1., 2. und 3. Liga, Eishockey- oder Handballspiele stehen die kommunalen Spitzenverb\u00e4nde (z.B. Deutscher St\u00e4dtetag) in Kontakt mit den zust\u00e4ndigen Verb\u00e4nden des Sports. Eine bundesweite Regelung wird hier erwartet.<\/p>\n\n\n\n<p><em>Stadt Mannheim<br>10.03.2020<\/em><\/p>\n\n\n\n<h2 class=\"wp-block-heading\">Aktualisierung: Zahl der best\u00e4tigten Corona-Virus-F\u00e4lle in Mannheim steigt auf elf<\/h2>\n\n\n\n<p><strong>Mannheim &#8211;<\/strong> Beim Gesundheitsamt Mannheim wurden am Montag (09.03.2020) zwei weitere best\u00e4tigte Coronavirus-F\u00e4lle gemeldet. Damit erh\u00f6ht sich die Zahl der best\u00e4tigten F\u00e4lle in Mannheim auf elf.<\/p>\n\n\n\n<p>In einem Fall handelt es sich um eine 1952 geborene Frau, die in Kontakt mit einer Person stand, bei der eine Corona-Infektion bereits nachgewiesen wurde und bekannt ist. Die Frau stand bereits in h\u00e4uslicher Isolation. Sie zeigte Anzeichen eines grippalen Infekts und wurde auf das Virus getestet. Der Test erbrachte den labordiagnostischen Nachweis.<\/p>\n\n\n\n<p>Im zweiten Fall handelt es sich um einen 1996 geborenen Mann, der mit der Skigruppe, aus der bereits zwei nachgewiesene Corona-F\u00e4lle bekannt sind, aus S\u00fcdtirol, Trentino nach Mannheim zur\u00fcckkehrte. Als Kontaktperson befand er sich in h\u00e4uslicher Isolation. Er entwickelte grippeartige Krankheitssymptome und wurde auf das Virus getestet. Der Test erbrachte den labordiagnostischen Nachweis.<\/p>\n\n\n\n<p>Das Gesundheitsamt ermittelt nun weitere Kontaktpersonen, nimmt Kontakt mit diesen auf und begleitet diese w\u00e4hrend der h\u00e4uslichen Quarant\u00e4ne. Alle beteiligten \u00c4rzte, Gesundheitsbeh\u00f6rden, sowie das Kompetenzzentrum Gesundheitsschutz am Landesgesundheitsamt arbeiten dabei eng zusammen.<\/p>\n\n\n\n<p>Alle wichtigen Hinweise zum Corona-Virus allgemein, der Situation in Mannheim sowie Handlungsempfehlungen sind unter <a href=\"http:\/\/www.mannheim.de\/corona\">http:\/\/www.mannheim.de\/corona<\/a> abrufbar.<\/p>\n\n\n\n<p><em>Stadt Mannheim<br>10.03.2020<\/em><\/p>\n\n\n\n<h2 class=\"wp-block-heading\">Corona-Virus: Stadt Landau gibt Veranstalterinnen und Veranstaltern Checkliste an die Hand \u2013 Deutsch-Franz\u00f6sischer Bauernmarkt und L\u00e4tare-Umzug werden abgesagt \u2013 OB Hirsch: \u201eVorsicht und R\u00fccksicht: Ja. Panik: Nein.\u201c<\/h2>\n\n\n\n<div class=\"wp-block-image\"><figure class=\"aligncenter\"><img decoding=\"async\" loading=\"lazy\" width=\"800\" height=\"533\" src=\"https:\/\/speyer24news.com\/wp-content\/uploads\/2020\/03\/Info-129-Corona-Veranstaltungen.jpg\" alt=\"\" class=\"wp-image-25806\" srcset=\"https:\/\/speyer24news.com\/wp-content\/uploads\/2020\/03\/Info-129-Corona-Veranstaltungen.jpg 800w, https:\/\/speyer24news.com\/wp-content\/uploads\/2020\/03\/Info-129-Corona-Veranstaltungen-300x200.jpg 300w, https:\/\/speyer24news.com\/wp-content\/uploads\/2020\/03\/Info-129-Corona-Veranstaltungen-768x512.jpg 768w\" sizes=\"(max-width: 800px) 100vw, 800px\" \/><figcaption>OB Thomas Hirsch, Kreisfeuerwehrinspekteur Jens Thiele und Landrat Dietmar Seefeldt (v.l.n.r.) mit den vom gemeinsamen Gesundheitsamt geschulten Mitarbeiterinnen des Corona-B\u00fcrgertelefons. <\/figcaption><\/figure><\/div>\n\n\n\n<p><strong>Landau \/ LK Landau \/ LK S\u00fcdliche Weinstra\u00dfe &#8211; <\/strong>Auf allen Ebenen und eng abgestimmt mit dem Landkreis S\u00fcdliche Weinstra\u00dfe versucht die Stadt Landau die Verbreitung des Corona-Virus zu verhindern. Veranstalterinnen und Veranstalter werden aus diesem Grund gebeten, kritisch die Notwendigkeit geplanter Veranstaltungen zu hinterfragen. Dazu weist die Stadt jetzt auch erneut auf eine Checkliste zur Risikoeinsch\u00e4tzung bei Veranstaltungen hin, die vom gemeinsamen Gesundheitsamt von Stadt und Kreis erarbeitet wurde und die im Internet unter <a href=\"http:\/\/www.suedliche-weinstrasse.de\/de\/aktuelles\/meldungen\/infos_corona_virus.php\">www.suedliche-weinstrasse.de\/de\/aktuelles\/meldungen\/infos_corona_virus.php<\/a> zu finden ist. &nbsp;<\/p>\n\n\n\n<p>Die\nStadt Landau wendet die dort angegeben Kriterien auch auf ihre eigenen\nVeranstaltungen an. Aus diesem Grund hat der Stadtvorstand entschieden, sowohl\nden L\u00e4tare-Umzug durch die Innenstadt am 22. M\u00e4rz als auch den Deutsch-Franz\u00f6sischen\nBauernmarkt samt Verkaufsoffenem Sonntag am 29. M\u00e4rz abzusagen. Bei beiden\nVeranstaltungen kommen viele Menschen auf engstem Raum zusammen \u2013 und das\nzumindest im Fall des Bauernmarkts bzw. des Verkaufsoffenen Sonntags aus einem\ngro\u00dfen Einzugsbereich. Auch die Ausstellungser\u00f6ffnung des Wettbewerbs zum neuen\nStadtquartier S\u00fcdwest am 12. M\u00e4rz und die erste Veranstaltung von \u201eIhre Fragen\nan den Oberb\u00fcrgermeister\u201c am 14. M\u00e4rz in Arzheim entfallen. \u00dcber die\nDurchf\u00fchrung weiterer Veranstaltungen entscheidet die Verwaltung von Fall zu\nFall und gibt eventuelle Absagen baldm\u00f6glichst bekannt. &nbsp;<\/p>\n\n\n\n<p>\u201eVorsichtsma\u00dfnahmen schr\u00e4nken uns ein, helfen aber, die Infektionslage m\u00f6glichst gut zu bew\u00e4ltigen\u201c, betont OB Thomas Hirsch. Auch wenn eine Infektion mit dem neuen Erreger nach heutigem Kenntnisstand in aller Regel kaum \u00fcber \u00fcbliche Erk\u00e4ltungssymptome hinausreiche, so gelte es doch, die fl\u00e4chendeckende Ausbreitung einzud\u00e4mmen \u2013 um die Schw\u00e4chsten in der Gesellschaft zu sch\u00fctzen und die Ressourcen des Gesundheitssystems zu schonen, so Hirsch. Landaus Stadtchef ist sich bewusst, dass viele Menschen angesichts der Dynamik der Ereignisse verunsichert seien. Dies sei auch verst\u00e4ndlich, wei\u00df Hirsch. Er bittet aber: \u201eVorsicht und R\u00fccksicht: Ja. Panik: Nein.\u201c Die aktuellen Risikogebiete und viele weitere Informationen rund um das Corona-Virus k\u00f6nnen jederzeit auf den Internetseiten <a href=\"http:\/\/www.rki.de\">www.rki.de<\/a> bzw. <a href=\"http:\/\/www.infektionsschutz.de\">www.infektionsschutz.de<\/a> abgerufen werden. Zus\u00e4tzlich zum \u00fcberregionalen B\u00fcrgertelefon des Bundesgesundheitsministerium, das unter 030\/346 465 100 zu erreichen ist, haben Stadt Landau und Landkreis S\u00fcdliche Weinstra\u00dfe ein eigenes, regionales B\u00fcrgertelefon unter 0 63 41\/94 05 55 eingerichtet. Dieses ist montags bis donnerstags von 10 bis 12:30 Uhr und von 13:30 bis 16 Uhr sowie freitags von 10 bis 12:30 Uhr geschaltet.  <\/p>\n\n\n\n<p><em>Stadt Landau in der Pfalz<br>10.03.2020<\/em><\/p>\n\n\n\n<h2 class=\"wp-block-heading\">Aktualisierung: Zahl der best\u00e4tigten Corona-Virus-F\u00e4lle in Mannheim steigt auf neun<\/h2>\n\n\n\n<p><strong>Mannheim &#8211; <\/strong>Beim Gesundheitsamt Mannheim wurden am Sonntag (08.03.2020) zwei weitere best\u00e4tigte Coronavirus-F\u00e4lle gemeldet. Damit erh\u00f6ht sich die Zahl der best\u00e4tigten F\u00e4lle in Mannheim auf neun.<\/p>\n\n\n\n<p>In einem Fall handelt es sich um eine 1974 geborene Frau, die der Skigruppe angeh\u00f6rte, die in S\u00fcdtirol, Trentino, gewesen war und aus der bereits ein anderer nachgewiesener Fall einer Corona-Infektion bekannt ist. Nach ihrer R\u00fcckkehr zeigte sie leichte Krankheitsanzeichen, wurde auf das Virus getestet und befindet sich seitdem in h\u00e4uslicher Isolation. Die Frau ist in einer st\u00e4dtischen Kindertagesst\u00e4tte besch\u00e4ftigt und besuchte die Einrichtung an einem Tag in dieser Woche, bevor die h\u00e4usliche Isolation angeordnet wurde.<\/p>\n\n\n\n<p>Alle an diesem Tag im Kinderhaus betreuten Kinder und t\u00e4tigen Mitarbeitenden gelten als Kontaktpersonen, sie sind dem Gesundheitsamt bereits alle namentlich bekannt. F\u00fcr sie wurde eine 14-t\u00e4gige h\u00e4usliche Isolation ab dem letzten Kontakttag angeordnet. Diese ist nicht f\u00fcr Familienmitglieder der betroffenen Kinder oder Mitarbeitenden erforderlich, sie k\u00f6nnen regul\u00e4r ihren Besch\u00e4ftigungen nachgehen. Alle Kinder und Personen, die an dem entsprechenden Tag nicht anwesend waren, k\u00f6nnen grunds\u00e4tzlich weiterhin betreut werden bzw. arbeiten, f\u00fcr sie besteht kein erh\u00f6htes Infektionsrisiko. Am morgigen Montag bleibt das Kinderhaus aus organisatorischen Gr\u00fcnden geschlossen, um die weitere Betreuung f\u00fcr diese Kinder vorzubereiten. Die Familien und Mitarbeitenden wurden im Lauf des heutigen Nachmittags bereits pers\u00f6nlich informiert. Besondere oder weitergehende Ma\u00dfnahmen sind f\u00fcr das Kinderhaus nicht erforderlich.<\/p>\n\n\n\n<p>Im zweiten Fall handelt es sich um eine 1999 geborene Frau, die Sch\u00fclerin einer beruflichen Schule in Mannheim ist. Sie zeigte unspezifische Krankheitssymptome und wurde auf das Virus getestet, der Test erbrachte nun den labordiagnostischen Nachweis. Der Ansteckungsweg ist nach derzeitigem Stand noch nicht bekannt und wird vom Gesundheitsamt ermittelt. Sie hat den Unterricht seit den Faschingsferien nicht besucht. Besondere Ma\u00dfnahmen an der Schule sind daher nicht erforderlich, f\u00fcr andere Sch\u00fcler und Lehrende besteht kein erh\u00f6htes Infektionsrisiko. Das Gesundheitsamt ermittelt derzeit die engen Kontaktpersonen, nimmt Kontakt mit diesen auf und begleitet diese w\u00e4hrend der h\u00e4uslichen Quarant\u00e4ne.<\/p>\n\n\n\n<p>Alle beteiligten \u00c4rzte, Gesundheitsbeh\u00f6rden, sowie das Kompetenzzentrum Gesundheitsschutz am Landesgesundheitsamt arbeiten dabei eng zusammen.<\/p>\n\n\n\n<p>Alle wichtigen Hinweise zum Corona-Virus allgemein, der Situation in Mannheim sowie Handlungsempfehlungen sind unter <a href=\"http:\/\/www.mannheim.de\/corona\">http:\/\/www.mannheim.de\/corona<\/a> abrufbar.<\/p>\n\n\n\n<p><em>Stadt Mannheim<\/em><br><em>10.03.2020<\/em><\/p>\n\n\n\n<h2 class=\"wp-block-heading\"><strong>Entwarnung: Alle Tests negativ \u2013 derzeit kein Hinweis auf eine SARS-CoV-2 Infektionen nach Sch\u00fclerreisen nach S\u00fcdtirol<\/strong><\/h2>\n\n\n\n<div class=\"wp-block-image\"><figure class=\"aligncenter\"><img decoding=\"async\" loading=\"lazy\" width=\"500\" height=\"500\" src=\"https:\/\/speyer24news.com\/wp-content\/uploads\/2020\/02\/virus-4810549_1920.png\" alt=\"\" class=\"wp-image-25116\" srcset=\"https:\/\/speyer24news.com\/wp-content\/uploads\/2020\/02\/virus-4810549_1920.png 500w, https:\/\/speyer24news.com\/wp-content\/uploads\/2020\/02\/virus-4810549_1920-150x150.png 150w, https:\/\/speyer24news.com\/wp-content\/uploads\/2020\/02\/virus-4810549_1920-300x300.png 300w\" sizes=\"(max-width: 500px) 100vw, 500px\" \/><\/figure><\/div>\n\n\n\n<p><strong>Landkreis Germersheim &#8211; <\/strong>\u201eGute Nachrichten: Alle Ergebnisse der Freitag genommenen Abstriche sind negativ. Das hei\u00dft, alle R\u00fcckkehrer der Sch\u00fclerreise sind nicht mit dem Coronavirus infiziert. Ich freue mich f\u00fcr die Betroffenen \u00fcber das Ergebnis und danke allen f\u00fcr ihr Verst\u00e4ndnis\u201c, so Landrat Dr. Fritz Brechtel.<\/p>\n\n\n\n<p>Die\nBetroffenen und auch alle anderen R\u00fcckkehrer sind neben den m\u00fcndlichen\nErl\u00e4uterungen durch den Amtsarzt mit einem Schreiben \u00fcber den weiteren Ablauf\ninformiert worden. Alle\nR\u00fcckkehrer bleiben 14 Tage in h\u00e4uslicher Absonderung. Alle anderen Sch\u00fclerinnen\nund Sch\u00fcler, die nicht in der Reisegruppe waren, sind von diesen Ma\u00dfnahmen\nnicht betroffen. Der Unterricht findet f\u00fcr diese uneingeschr\u00e4nkt weiter statt.<\/p>\n\n\n\n<p>Das Gesundheitsamt der Kreisverwaltung Germersheim hatte gestern bei acht Personen einer aus S\u00fcdtirol zur\u00fcckgekehrten Sch\u00fclergruppe Abstriche genommen. Diese wurden auf SARS-CoV-2 und Influenzaviren untersucht. Die Abstriche wurden entnommen, da S\u00fcdtirol inzwischen zum Risikogebiet erkl\u00e4rt wurde und zudem bei diesen acht Personen milde Erk\u00e4ltungszeichen aufgetreten waren. \u201eDie Abstriche wurden als besondere Vorsichtsma\u00dfnahme entnommen\u201c, erkl\u00e4rt Landrat Brechtel. <\/p>\n\n\n\n<p><em>Kreisverwaltung Germersheim<br>10.03.2020<\/em><\/p>\n\n\n\n<h2 class=\"wp-block-heading\">Aktualisierung: Zahl der best\u00e4tigten Corona-Virus-F\u00e4lle in Mannheim steigt auf sieben<\/h2>\n\n\n\n<div class=\"wp-block-image\"><figure class=\"aligncenter\"><img decoding=\"async\" loading=\"lazy\" width=\"500\" height=\"499\" src=\"https:\/\/speyer24news.com\/wp-content\/uploads\/2020\/03\/Schutz-vor-Infektionen.png\" alt=\"\" class=\"wp-image-25805\" srcset=\"https:\/\/speyer24news.com\/wp-content\/uploads\/2020\/03\/Schutz-vor-Infektionen.png 500w, https:\/\/speyer24news.com\/wp-content\/uploads\/2020\/03\/Schutz-vor-Infektionen-150x150.png 150w, https:\/\/speyer24news.com\/wp-content\/uploads\/2020\/03\/Schutz-vor-Infektionen-300x300.png 300w\" sizes=\"(max-width: 500px) 100vw, 500px\" \/><\/figure><\/div>\n\n\n\n<p><strong>Mannheim &#8211; <\/strong>Beim Gesundheitsamt Mannheim wurde am Samstag (07.03.2020) ein weiterer best\u00e4tigter Coronavirus-Fall gemeldet. Damit erh\u00f6ht sich die Zahl der best\u00e4tigten F\u00e4lle in Mannheim auf sieben.<\/p>\n\n\n\n<p>Bei dem neuen Fall handelt es sich um einen 1967 geborenen Mann, der mit einer Skigruppe im Risikogebiet S\u00fcdtirol, Trentino, gewesen war. Nach seiner R\u00fcckkehr zeigte er leichte grippeartige Symptome und wurde auf das Virus getestet. Seitdem befindet er sich in h\u00e4uslicher Isolation.<\/p>\n\n\n\n<p>Der labordiagnostische Nachweis best\u00e4tigte nun den Virusnachweis. Das Gesundheitsamt ermittelt derzeit die engen Kontaktpersonen, nimmt Kontakt mit diesen auf und begleitet diese w\u00e4hrend der h\u00e4uslichen Quarant\u00e4ne. Alle beteiligten \u00c4rzte, Gesundheitsbeh\u00f6rden, sowie das Kompetenzzentrum Gesundheitsschutz am Landesgesundheitsamt arbeiten dabei eng zusammen.<\/p>\n\n\n\n<p>Das Robert-Koch-Institut in Berlin (RKI) hat S\u00fcdtirol als neues Risikogebiet f\u00fcr Corona-Infektionen ausgewiesen. Unter <a href=\"https:\/\/sozialministerium.baden-wuerttemberg.de\/fileadmin\/redaktion\/m-sm\/intern\/downloads\/Downloads_Gesundheitsschutz\/Coronavirus_Handzettel_Italien_28-02-2020.pdf\">https:\/\/sozialministerium.baden-wuerttemberg.de\/fileadmin\/redaktion\/m-sm\/intern\/downloads\/Downloads_Gesundheitsschutz\/Coronavirus_Handzettel_Italien_28-02-2020.pdf<\/a> hat das Sozialministerium Baden-W\u00fcrttemberg entsprechende Informationen und Verhaltenshinweise f\u00fcr Reiser\u00fcckkehrer ver\u00f6ffentlicht.<\/p>\n\n\n\n<p>Alle wichtigen Hinweise zum Corona-Virus allgemein, der Situation in Mannheim sowie Handlungsempfehlungen sind unter <a href=\"http:\/\/www.mannheim.de\/corona\">http:\/\/www.mannheim.de\/corona<\/a> abrufbar.<\/p>\n\n\n\n<p><em>Stadt Mannheim<\/em><br><em>10.03.2020<\/em><\/p>\n\n\n\n<h2 class=\"wp-block-heading\">Corona-Virus: Sechster best\u00e4tigter Fall in Mannheim<\/h2>\n\n\n\n<div class=\"wp-block-image\"><figure class=\"aligncenter\"><img decoding=\"async\" src=\"https:\/\/speyer24news.com\/wp-content\/uploads\/2020\/03\/Mannheim-Logo.png\" alt=\"\" class=\"wp-image-25671\"\/><\/figure><\/div>\n\n\n\n<p><strong>Mannheim &#8211; <\/strong>Das Gesundheitsamt Mannheim hat Freitagabend, 6. M\u00e4rz, beim Landesgesundheitsamt einen weiteren nachgewiesenen Coronavirus-Fall in Mannheim gemeldet. Die Zahl der best\u00e4tigten F\u00e4lle in Mannheim steigt damit auf sechs.<\/p>\n\n\n\n<p>Bei dem Fall handelt es sich um einen 63j\u00e4hrigen Mann, der nach einem Urlaub in S\u00fcdtirol am Sonntag mit leichten Krankheitssymptomen erkrankte. Deshalb hielt er sich seither zuhause auf. Der labordiagnostische Nachweis best\u00e4tigte den Virusnachweis. Das Gesundheitsamt ermittelt derzeit die Kontaktpersonen, nimmt Kontakt mit diesen auf und begleitet diese w\u00e4hrend der h\u00e4uslichen Quarant\u00e4ne.<\/p>\n\n\n\n<p>Der Fall steht nach derzeitiger Kenntnis nicht in Zusammenhang mit den anderen bereits bekannten und best\u00e4tigten F\u00e4llen.<\/p>\n\n\n\n<p>Alle beteiligten \u00c4rzte, Gesundheitsbeh\u00f6rden, sowie das Kompetenzzentrum Gesundheitsschutz am Landesgesundheitsamt, arbeiten dabei eng zusammen.<\/p>\n\n\n\n<p>Generell wird die Einhaltung der allgemeinen folgenden Verhaltensregeln empfohlen: <a href=\"http:\/\/www.mannheim.de\/corona\">http:\/\/www.mannheim.de\/corona<\/a><\/p>\n\n\n\n<p><em>Stadt Mannheim<br>07.03.2020<\/em><\/p>\n\n\n\n<h2 class=\"wp-block-heading\"><strong>Absage zugesagt: Demonstrationen am 07. M\u00e4rz 2020 in Jockgrim<\/strong><\/h2>\n\n\n\n<div class=\"wp-block-image\"><figure class=\"aligncenter\"><img decoding=\"async\" src=\"https:\/\/speyer24news.com\/wp-content\/uploads\/2020\/03\/Germersheim.jpg\" alt=\"\" class=\"wp-image-25757\"\/><\/figure><\/div>\n\n\n\n<p><strong>Jockgrim &#8211; <\/strong>Die drei f\u00fcr Samstag, 07.03.2020, angemeldeten Versammlungen in Jockgrim werden nach dringender Empfehlung der Kreisverwaltung durch die Veranstalter selbst abgesagt. Die Kreisverwaltung hatte die dringende Empfehlung ausgesprochen, um das Risiko einer Ansteckung mit dem Coronavirus zu minimieren. Im Gespr\u00e4ch mit Landrat Dr. Fritz Brechtel haben alle drei Anmelder Verst\u00e4ndnis signalisiert und dem Landrat zugesichert, dass sie ihre Veranstaltungen absagen. Landrat Dr. Fritz Brechtel bedankt sich bei allen Veranstaltern und bei den Teilnehmenden f\u00fcr ihre Einsicht und ihr Verst\u00e4ndnis.<\/p>\n\n\n\n<p><em>Kreisverwaltung Germersheim<\/em><br><em>07.03.2020<\/em><\/p>\n\n\n\n<h2 class=\"wp-block-heading\"><strong>Verdachtsf\u00e4lle nach Sch\u00fclerreisen\nnach S\u00fcdtirol<\/strong><\/h2>\n\n\n\n<p><strong>Landkreis Germersheim &#8211; <\/strong>Das Gesundheitsamt der Kreisverwaltung Germersheim hat Donnerstagnachmittag (06.03.2020) bei acht Personen einer heute aus S\u00fcdtirol zur\u00fcckgekehrten Sch\u00fclergruppe der IGS Kandel Abstriche genommen. Diese werden nun auf den Coronavirus hin untersucht. Mit den Ergebnissen wird morgen gerechnet. Die Abstriche wurden entnommen, da Italien S\u00fcdtirol inzwischen zum Risikogebiet erkl\u00e4rt hat und zudem bei diesen acht Personen milde Erk\u00e4ltungszeichen aufgetreten sind. Dies dient einer besonderen Vorsichtsma\u00dfnahme. Ein nachweislicher Kontakt zu einer infizierten Person liegt nicht vor.<\/p>\n\n\n\n<p>Alle Personen, die sich in dem Reisebus befunden haben, bleiben nun als besondere Vorsichtsma\u00dfnahme f\u00fcr 14 Tage in freiwilliger h\u00e4uslicher Absonderung. \u00dcber die Ergebnisse der Abstriche werden die Reisenden durch das Gesundheitsamt informiert.<\/p>\n\n\n\n<p><em>Kreisverwaltung Germersheim<br>07.03.2020<\/em><\/p>\n\n\n\n<h2 class=\"wp-block-heading\">Corona-Virus: F\u00fcnfter best\u00e4tigter Fall in Mannheim<\/h2>\n\n\n\n<p><strong>Mannheim &#8211; <\/strong>Das Gesundheitsamt Mannheim hat heute, 6. M\u00e4rz, beim Landesgesundheitsamt einen weiteren nachgewiesenen Coronavirus-Fall in Mannheim gemeldet. Die Zahl der best\u00e4tigten F\u00e4lle in Mannheim steigt damit auf f\u00fcnf.<\/p>\n\n\n\n<p>Bei dem Fall handelt es sich um eine 35j\u00e4hrige Frau, die an der Universit\u00e4t studiert und in Kontakt mit einer der bereits nachgewiesenen vier infizierten Personen stand. Sie befindet sich seit Mittwoch in h\u00e4uslicher Absonderung, nachdem sie als enge Kontaktperson des zuvor best\u00e4tigten Falles identifiziert worden war. Da sie leichte Krankheitsanzeichen zeigte, erfolgte der Abstrich, im Ergebnis best\u00e4tigte der Test den Virusnachweis. Das Gesundheitsamt ermittelt derzeit weitere Kontaktpersonen, nimmt Kontakt mit diesen auf und begleitet diese w\u00e4hrend der h\u00e4uslichen Quarant\u00e4ne.<\/p>\n\n\n\n<p>Unter den engen Kontaktpersonen sind auch Studierende und Besch\u00e4ftigte der Universit\u00e4t. Das Gesundheitsamt Mannheim hat in Abstimmung mit den \u00fcbergeordneten Landesbeh\u00f6rden eine sorgf\u00e4ltige Risikobewertung vorgenommen und f\u00fcr wenige Personen, die in direktem und l\u00e4nger anhaltendem Kontakt mit den nachgewiesen Infizierten standen, h\u00e4usliche Quarant\u00e4ne angeordnet.<\/p>\n\n\n\n<p><strong>F\u00fcr alle anderen Studierenden und Angeh\u00f6rigen der Universit\u00e4t besteht kein erh\u00f6htes Risiko einer Infektion<\/strong>. Derzeit besteht keine Veranlassung f\u00fcr weitergehende Ma\u00dfnahmen.<\/p>\n\n\n\n<p>Alle beteiligten \u00c4rzte, Gesundheitsbeh\u00f6rden, die Universit\u00e4t sowie das Kompetenzzentrum Gesundheitsschutz am Landesgesundheitsamt arbeiten dabei eng zusammen.<\/p>\n\n\n\n<p>Generell wird die Einhaltung der allgemeinen folgenden Verhaltensregeln empfohlen: <a href=\"http:\/\/www.mannheim.de\/corona\">http:\/\/www.mannheim.de\/corona<\/a><\/p>\n\n\n\n<p><em>Stadt Mannheim<br>07.03.2020<\/em><\/p>\n\n\n\n<h2 class=\"wp-block-heading\">Coronavirus: Stadt erl\u00e4sst Richtlinien f\u00fcr Veranstaltungen<\/h2>\n\n\n\n<div class=\"wp-block-image\"><figure class=\"aligncenter\"><img decoding=\"async\" loading=\"lazy\" width=\"800\" height=\"153\" src=\"https:\/\/speyer24news.com\/wp-content\/uploads\/2020\/03\/LU.png\" alt=\"\" class=\"wp-image-25754\" srcset=\"https:\/\/speyer24news.com\/wp-content\/uploads\/2020\/03\/LU.png 800w, https:\/\/speyer24news.com\/wp-content\/uploads\/2020\/03\/LU-300x57.png 300w, https:\/\/speyer24news.com\/wp-content\/uploads\/2020\/03\/LU-768x147.png 768w\" sizes=\"(max-width: 800px) 100vw, 800px\" \/><\/figure><\/div>\n\n\n\n<p><strong>(Ludwigshafen) &#8211; <\/strong>Aufgrund der anhaltenden Verbreitung des Coronavirus auch in der Region hat die Stadt Ludwigshafen Richtlinien zur Durchf\u00fchrung f\u00fcr alle \u00f6ffentlichen Veranstaltungen in einer Allgemeinverf\u00fcgung festgelegt. Demnach d\u00fcrfen nur noch \u00f6ffentliche Veranstaltungen durchgef\u00fchrt werden, bei denen der Veranstalter sicherstellt und best\u00e4tigt, dass diese gem\u00e4\u00df den jeweils g\u00fcltigen und aktuellen Hinweisen und Empfehlungen des Robert-Koch-Instituts (<a href=\"http:\/\/www.rki.de\">www.rki.de<\/a>) durchgef\u00fchrt werden.<\/p>\n\n\n\n<p>Der Koordinierungsstab der Stadtverwaltung unter Leitung von Oberb\u00fcrgermeisterin Jutta Steinruck hat das Vorgehen am heutigen Freitag, 6. M\u00e4rz 2020, gemeinsam mit Medizinern und Hygienespezialisten des st\u00e4dtischen Klinikums sowie dem Gesundheitsamt festgelegt.<\/p>\n\n\n\n<p><em>Stadt Ludwigshafen am Rhein<br>07.03.2020<\/em><\/p>\n\n\n\n<h2 class=\"wp-block-heading\">Coronavirus: die Lage in Heidelberg<\/h2>\n\n\n\n<div class=\"wp-block-image\"><figure class=\"aligncenter\"><img decoding=\"async\" loading=\"lazy\" width=\"386\" height=\"135\" src=\"https:\/\/speyer24news.com\/wp-content\/uploads\/2020\/03\/Heidelberg-Aber-Sicher.jpg\" alt=\"\" class=\"wp-image-25753\" srcset=\"https:\/\/speyer24news.com\/wp-content\/uploads\/2020\/03\/Heidelberg-Aber-Sicher.jpg 386w, https:\/\/speyer24news.com\/wp-content\/uploads\/2020\/03\/Heidelberg-Aber-Sicher-300x105.jpg 300w\" sizes=\"(max-width: 386px) 100vw, 386px\" \/><\/figure><\/div>\n\n\n\n<p><strong>(Heidelberg) &#8211; <\/strong>Das Gesundheitsamt des Rhein-Neckar-Kreises hat am Freitagmorgen, 6. M\u00e4rz 2020, zwei weitere Personen in der Stadt Heidelberg best\u00e4tigt, bei denen der Coronavirus (COVID-19) nachgewiesen wurde. Damit liegt die Zahl der best\u00e4tigten Coronavirus-F\u00e4lle im Stadtgebiet Heidelberg nun bei vier. Bei den beiden neuen F\u00e4llen handelt es sich um bereits bekannte Kontaktpersonen (Ehefrau und Neffe) des am Mittwoch, 4. M\u00e4rz, positiv getesteten Reiser\u00fcckkehrers aus S\u00fcdtirol. Die Ehefrau stand bereits seit Urlaubsr\u00fcckkehr unter freiwilliger Quarant\u00e4ne; der Neffe hat bis zum Auftreten erster leichter Symptome die Schule besucht. Der Neffe ist Sch\u00fcler am Heidelberger Helmholtz-Gymnasium. Der Schulbetrieb muss nicht eingestellt werden. Bis das Gesundheitsamt die direkten Kontaktpersonen ermittelt hat, ist die gesamte Kursstufe, die der Sch\u00fcler besucht hat, aufgefordert, zu Hause zu bleiben. Die Schulleitung hat diese Entscheidung in enger Abstimmung mit dem Gesundheitsamt getroffen. <\/p>\n\n\n\n<p>Das Robert Koch-Institut\n(RKI) hat am sp\u00e4ten Donnerstagabend, 5. M\u00e4rz, nun auch S\u00fcdtirol in Norditalien\nin die Liste der Risikogebiete aufgenommen. Das Sozialministerium\nBaden-W\u00fcrttemberg gibt f\u00fcr Reise-R\u00fcckkehrer aus Risikogebieten folgende\nHinweise:<\/p>\n\n\n\n<ul><li>Wenn Sie innerhalb der letzten 14 Tage in einem\nRisikogebiet waren, vermeiden Sie \u2013 unabh\u00e4ngig von Symptomen \u2013 unn\u00f6tige Kontakte\nund bleiben Sie nach M\u00f6glichkeit zu Hause.<\/li><li>Waren Sie in einem der Risikogebiete und bekommen\nSie innerhalb von 14 Tagen nach R\u00fcckkehr von dort Symptome wie Fieber,\nMuskelschmerzen, Husten, Schnupfen, Durchfall, so vermeiden Sie alle nicht\nnotwendigen Kontakte, bleiben Sie zu Hause und beachten Sie die Husten- und\nNiesetikette. Kontaktieren Sie das zust\u00e4ndige Gesundheitsamt \u2013 f\u00fcr Heidelberg\nist das Gesundheitsamt des Rhein-Neckar-Kreises zust\u00e4ndig und t\u00e4glich von 7.30\nbis 21 Uhr unter der Telefonnummer 06221 522-1881 erreichbar.<\/li><li>Hatten Sie w\u00e4hrend Ihrer Italienreise innerhalb\nder letzten 14 Tage Kontakt zu einem best\u00e4tigt an COVID-19 Erkrankten, so\nkontaktieren Sie bitte umgehend das zust\u00e4ndige Gesundheitsamt. Dies muss in jedem Fall erfolgen \u2013 unabh\u00e4ngig vom Auftreten von\nSymptomen. F\u00fcr Heidelberg ist das Gesundheitsamt\ndes Rhein-Neckar-Kreises zust\u00e4ndig und t\u00e4glich von 7.30 bis 21 Uhr unter der\nTelefonnummer 06221 522-1881 erreichbar.<\/li><\/ul>\n\n\n\n<p>Das\nKultusministerium hat am Freitagmorgen ebenfalls dar\u00fcber informiert, dass alle\nPersonen an Schulen und Kinderg\u00e4rten, die aktuell oder in den vergangenen 14\nTagen aus einem Risikogebiet zur\u00fcckgekehrt sind, zu Hause bleiben sollen. Die\n14 Tage sind aufgrund der lnkubationszeit jeweils ab dem Zeitpunkt der R\u00fcckkehr\nzu z\u00e4hlen. Personen, die innerhalb der letzten 14 Tage Kontakt gehabt haben mit\neiner anderen Person, die in diesem Zeitraum aus einem Risikogebiet\nzur\u00fcckgekehrt ist, k\u00f6nnen hingegen weiter uneingeschr\u00e4nkt am Schul- bzw.\nKita-Betrieb teilnehmen, sofern sie keine Symptome zeigen.<\/p>\n\n\n\n<p>Die\nStadtverwaltung Heidelberg hat die Regelung analog f\u00fcr ihre Besch\u00e4ftigten\n\u00fcbernommen. Mitarbeiterinnen und Mitarbeiter, die in den vergangenen 14 Tagen\naus einem Risikogebiet zur\u00fcckgekehrt sind, bleiben demnach zu Hause. Bislang\nbetraf das nur f\u00fcnf Personen. Durch die Einstufung von S\u00fcdtirol als\nRisikogebiet durch das RKI wird sich die Zahl sicherlich ver\u00e4ndern. <\/p>\n\n\n\n<p>Vor dem Hintergrund des Coronavirus wird auch die Ehrung von Heidelbergs Sportlerinnen und Sportler des Jahres nicht wie geplant am 20. M\u00e4rz 2020 im Casino der Stadtwerke Heidelberg stattfinden. Die Sportlerehrung durch die Stadt Heidelberg und den Sportkreis Heidelberg wird verschoben und zu einem sp\u00e4teren Zeitpunkt nachgeholt. Der Termin wird rechtzeitig bekanntgegeben.<\/p>\n\n\n\n<p><em>Stadt Heidelberg<br>07.03.2020<\/em><\/p>\n\n\n\n<h2 class=\"wp-block-heading\">Hinweis des Gesundheitsamts zur Meldung des Sozialministeriums zur Einstufung von S\u00fcdtirol als Risikogebiet: Test nur in begr\u00fcndeten Verdachtsf\u00e4llen sinnvoll!<\/h2>\n\n\n\n<div class=\"wp-block-image\"><figure class=\"aligncenter\"><img decoding=\"async\" loading=\"lazy\" width=\"500\" height=\"706\" src=\"https:\/\/speyer24news.com\/wp-content\/uploads\/2020\/03\/Handzettel-Mannheim-pdf.png\" alt=\"\" class=\"wp-image-25751\" srcset=\"https:\/\/speyer24news.com\/wp-content\/uploads\/2020\/03\/Handzettel-Mannheim-pdf.png 500w, https:\/\/speyer24news.com\/wp-content\/uploads\/2020\/03\/Handzettel-Mannheim-pdf-212x300.png 212w\" sizes=\"(max-width: 500px) 100vw, 500px\" \/><\/figure><\/div>\n\n\n\n<p><strong>(Berlin \/ Mannheim) &#8211; <\/strong>Das Robert-Koch-Institut in Berlin hat S\u00fcdtirol als neues Risikogebiet f\u00fcr Corona-Infektionen ausgewiesen. Unter <a href=\"https:\/\/sozialministerium.baden-wuerttemberg.de\/fileadmin\/redaktion\/m-sm\/intern\/downloads\/Downloads_Gesundheitsschutz\/Coronavirus_Handzettel_Italien_28-02-2020.pdf\">https:\/\/sozialministerium.baden-wuerttemberg.de\/fileadmin\/redaktion\/m-sm\/intern\/downloads\/Downloads_Gesundheitsschutz\/Coronavirus_Handzettel_Italien_28-02-2020.pdf<\/a> hat das Sozialministerium Baden-W\u00fcrttemberg entsprechende Informationen und Verhaltenshinweise ver\u00f6ffentlicht.<\/p>\n\n\n\n<p>Das Gesundheitsamt weist in diesem Zusammenhang darauf hin, dass gem\u00e4\u00df Definition des Robert-Koch-Instituts als <strong>Verdachtsf\u00e4lle nur Personen<\/strong> gelten, die <strong>Krankheitssymptome <\/strong>wie z.B. Erk\u00e4ltungskrankheiten, zeigen <strong>UND<\/strong> sich in den letzten zwei Wochen in einem <strong>Risikogebiet <\/strong>gem\u00e4\u00df Liste des RKI aufgehalten haben oder <strong>Krankheitssymptome <\/strong>zeigen <strong>UND Kontakt zu einem NACHGEWIESEN an Corona erkrankten Patienten <\/strong>hatten. Nur f\u00fcr diesen Personenkreis ist eine Testung vorgesehen und sinnvoll!. In allen anderen F\u00e4llen ist die Wahrscheinlichkeit einer Infektion mit dem Virus als sehr gering einzustufen.<\/p>\n\n\n\n<p>Um auf das hohe Informationsbed\u00fcrfnis der B\u00fcrger*innen zu reagieren, hat die Stadt ein Infotelefon eingerichtet: Die<strong> Telefonnummer 0621-293 2253<\/strong> ist montags bis sonntags von 7.30 bis 19.00 Uhr besetzt.<\/p>\n\n\n\n<p>Jeder B\u00fcrger und jede B\u00fcrgerin kann durch die Beachtung folgender allgemeiner Hygienema\u00dfnahmen einen Beitrag zur Vermeidung der Weiterverbreitung von Coronavirus-Erkrankungen leisten: Abstand beim Husten und Niesen halten, dabei Armbeuge vor Mund und Nase halten, die H\u00e4nde regelm\u00e4\u00dfig mit Wasser und Seife waschen, Ber\u00fchrungen von Augen, Nase und Mund vermeiden, den Kontakt zu offensichtlich erkrankten Personen vermeiden und auf das H\u00e4ndesch\u00fctteln zu Begr\u00fc\u00dfung und Verabschiedung zu verzichten.<\/p>\n\n\n\n<p>Diese Hinweise finden Sie auch zum Download als Poster auf der Serviceseite der Stadt unter: <a href=\"http:\/\/www.mannheim.de\/Corona\">http:\/\/www.mannheim.de\/Corona<\/a><\/p>\n\n\n\n<p>Weitere Informationen des Sozialministeriums: <a href=\"https:\/\/sozialministerium.baden-wuerttemberg.de\/de\/gesundheit-pflege\/gesundheitsschutz\/infektionsschutz-hygiene\/informationen-zu-coronavirus\/\">https:\/\/sozialministerium.baden-wuerttemberg.de\/de\/gesundheit-pflege\/gesundheitsschutz\/infektionsschutz-hygiene\/informationen-zu-coronavirus\/<\/a><\/p>\n\n\n\n<p>Eine aktuelle Liste der Risikogebiet finden Sie auf der Website des Robert-Koch-Instituts unter <a href=\"https:\/\/www.rki.de\/DE\/Content\/InfAZ\/N\/Neuartiges_Coronavirus\/Risikogebiete.html\">https:\/\/www.rki.de\/DE\/Content\/InfAZ\/N\/Neuartiges_Coronavirus\/Risikogebiete.html<\/a>.<\/p>\n\n\n\n<p>Informationen des Ministeriums f\u00fcr Kultus, Jugend und Sport f\u00fcr Schulen und Kinderg\u00e4rten finden Sie hier: <a href=\"https:\/\/km-bw.de\/,Lde\/Startseite\/Service\/2020+02+27+Informationen+zum+Corona-Virus\">https:\/\/km-bw.de\/,Lde\/Startseite\/Service\/2020+02+27+Informationen+zum+Corona-Virus<\/a><\/p>\n\n\n\n<p><em>Stadt Mannheim<br>07.03.2020<\/em><\/p>\n\n\n\n<h2 class=\"wp-block-heading\">Gemeinsame Pressemeldung der Stadt Mannheim mit der Universit\u00e4tsmedizin Mannheim (UMM), dem Theresienkrankenhaus und dem Diakonissenkrankenhaus<\/h2>\n\n\n\n<h3 class=\"wp-block-heading\">GEMEINSAM GUT GER\u00dcSTET &#8211; ABGESTIMMTES VORGEHEN GEGEN DAS NEUARTIGE CORONAVIRUS<\/h3>\n\n\n\n<p><strong>(Mannheim) &#8211;<\/strong> Um einzelne Infektionen mit dem neuartigen Coronavirus (SARS-CoV2) fr\u00fch zu erkennen und eine weitere Ausbreitung in Mannheim einzud\u00e4mmen, steht der Fachbereich Jugendamt und Gesundheitsamt in engem Austausch mit den Mannheimer Krankenh\u00e4usern. \u201eDie Mannheimer Krankenh\u00e4user verf\u00fcgen \u00fcber ausreichende M\u00f6glichkeiten und Kapazit\u00e4ten, Menschen mit begr\u00fcndetem Verdacht auf eine Corona-Infektion zu untersuchen. Sie sind gut vorbereitet\u201c, erkl\u00e4rt Dr. Peter Sch\u00e4fer, Leiter des Fachbereichs Jugendamt und Gesundheitsamt nach einem gestrigen Treffen mit Vertreter*innen aller Mannheimer Krankenh\u00e4user.<\/p>\n\n\n\n<p>Gem\u00e4\u00df Definition des Robert-Koch-Instituts (RKI) gelten als begr\u00fcndete Verdachtsf\u00e4lle nur Personen, die <strong>Krankheitssymptome <\/strong>wie bei einer Erk\u00e4ltung zeigen, <strong>und sich in den vergangenen 14 Tagen in einem Risikogebiet gem\u00e4\u00df Liste des RKI<\/strong> aufgehalten haben <strong>oder in den vergangenen 14 Tagen Kontakt zu einer (durch Laboruntersuchung) nachgewiesen an SARS-CoV2 erkrankten Person <\/strong>hatten. Eine Testung ist daher prim\u00e4r f\u00fcr diese Personen vorgesehen. Wer keine Symptome hat und lediglich in einem Gebiet war, in dem Erkrankungsf\u00e4lle aufgetreten sind, oder Kontakt mit einer Person hatte, die in einem Risikogebiet war, gilt nicht als Verdachtsfall.<\/p>\n\n\n\n<p>Eine station\u00e4re Behandlung von nachgewiesen mit dem neuartigen Coronavirus infizierten Patient*innen ist \u00fcbrigens nicht zwingend erforderlich. Nach individueller R\u00fccksprache mit dem Gesundheitsamt kann bei milden Krankheitsverl\u00e4ufen auch eine h\u00e4usliche Absonderung ausreichen.<\/p>\n\n\n\n<h4 class=\"wp-block-heading\">Ma\u00dfnahmen in den Krankenh\u00e4usern<\/h4>\n\n\n\n<p>Die Mannheimer Krankenh\u00e4user verf\u00fcgen beispielsweise aufgrund von \u201eGrippewellen\u201c \u00fcber weitreichende Erfahrung und Kapazit\u00e4ten f\u00fcr den Umgang mit gr\u00f6\u00dferen Zahlen an infekti\u00f6sen Patient<em>innen. Durch bauliche oder organisatorische Ma\u00dfnahmen haben sich alle Mannheimer Kliniken darauf eingestellt, Verdachtsf\u00e4lle sowie Menschen mit best\u00e4tigten Infektionen r\u00e4umlich von anderen Patient<\/em>innen und Besucher<em>innen zu isolieren, um Ansteckungen von Anfang an zu vermeiden. Umfassende Infektionsschutz- und Hygiene-Informationen an Mitarbeiter<\/em>innen, Patient<em>innen und Besucher<\/em>innen geh\u00f6ren ebenfalls zu den Ma\u00dfnahmen.<\/p>\n\n\n\n<p>Aufgrund des neuartigen Coronavirus wurden unter anderem die allgemeinen Besu-cherregeln in den Krankenh\u00e4usern angepasst: Die allgemeinen Besuchszeiten wurden von 15 bis 19 Uhr verk\u00fcrzt. Personen mit Erk\u00e4ltungssymptomen oder ansteckenden Erkrankungen sind als Besucher*innen zum Schutz der Patient*innen nicht zugelassen. Kinder unter zw\u00f6lf Jahren sollten m\u00f6glichst auch nicht zu Besuch in die Krankenh\u00e4user kommen. Auch das ist eine vorbeugende Ma\u00dfnahme, um die Wahrscheinlichkeit f\u00fcr ein Weitertragen des neuartigen Coronavirus zu reduzieren. Die Verantwortlichen der Krankenh\u00e4user bitten hier um Verst\u00e4ndnis.<br> Die Mannheimer Kliniken und das Gesundheitsamt stehen in kontinuierlichem Austausch zu allen das neuartige Coronavirus betreffenden Fragen der medizinischen Versorgung im station\u00e4ren Bereich und in Notf\u00e4llen.<\/p>\n\n\n\n<h4 class=\"wp-block-heading\">Informationstelefon f\u00fcr B\u00fcrger*innen <\/h4>\n\n\n\n<p>Aufgrund des hohen Informationsbed\u00fcrfnisses der Mannheimer B\u00fcrger*innen hat die Stadt ein Infotelefon eingerichtet: Die Telefonnummer 0621-293 2253 ist montags bis sonntags von 7.30 bis 19.00 Uhr besetzt. Hier k\u00f6nnen auch begr\u00fcndete Verdachtsf\u00e4lle f\u00fcr eine m\u00f6gliche Infektion mit dem neuartigen Coronavirus erkannt werden, f\u00fcr die eine entsprechende Testung in Mannheim dann gesichert ist.<\/p>\n\n\n\n<p>Wichtige aktuelle Informationen sind zudem auf der Internet-Serviceseite <a href=\"http:\/\/www.mannheim.de\/corona\">http:\/\/www.mannheim.de\/corona<\/a> zusammengestellt. Dort ist unter anderem die Liste des RKI mit den Risikogebieten hinterlegt. <\/p>\n\n\n\n<p><em>Stadt Mannheim<br>07.03.2020<\/em><\/p>\n\n\n\n<h2 class=\"wp-block-heading\">Kontaktpersonen der vier Infizierten werden ermittelt und betreut<\/h2>\n\n\n\n<p><strong>(Mannheim) &#8211; <\/strong>In den bereits bekannt gegebenen vier best\u00e4tigten F\u00e4llen von Corona-Infektionen im Mannheim ermittelt das Gesundheitsamt derzeit die m\u00f6glichen Kontaktpersonen, nimmt Kontakt mit diesen auf und begleitet diese w\u00e4hrend der h\u00e4uslichen Quarant\u00e4ne. Unter den Infizierten befindet sich auch eine Person, die an der Universit\u00e4t Mannheim studiert und sich in einem Risikogebiet aufgehalten hat. Die Person befindet sich seit Anfang der Woche in h\u00e4uslicher Isolation.<\/p>\n\n\n\n<p>Unter den Kontaktpersonen sind auch einige wenige Studierende und Besch\u00e4ftigte der Universit\u00e4t, die bereits informiert wurden. Das Gesundheitsamt Mannheim hat in Abstimmung mit den \u00fcbergeordneten Landesbeh\u00f6rden eine sorgf\u00e4ltige Risikobewertung vorgenommen und f\u00fcr f\u00fcnf Personen, die in direktem Kontakt mit dem Indexpatienten standen, h\u00e4usliche Quarant\u00e4ne angeordnet.<\/p>\n\n\n\n<p>F\u00fcr alle anderen Studierende und Angeh\u00f6rige der Universit\u00e4t besteht kein erh\u00f6htes Risiko einer Infektion. Derzeit besteht auch keine Veranlassung f\u00fcr weitergehende Ma\u00dfnahmen oder gar eine Einstellung des Betriebs an der Universit\u00e4t.<\/p>\n\n\n\n<p>Alle beteiligten \u00c4rzte, Gesundheitsbeh\u00f6rden, die Universit\u00e4t sowie das Kompetenzzentrum Gesundheitsschutz am Landesgesundheitsamt arbeiten dabei eng zusammen.<\/p>\n\n\n\n<p>Generell wird die Einhaltung der allgemeinen folgenden Verhaltensregeln empfohlen: <a href=\"http:\/\/www.mannheim.de\/corona\">http:\/\/www.mannheim.de\/corona<\/a><\/p>\n\n\n\n<p><em>Stadt Mannheim<br>07.03.2020<\/em><\/p>\n\n\n\n<h2 class=\"wp-block-heading\"><strong>Coronavirus<\/strong>: <strong>Dorschbergschule darf Montag wieder Schulbetrieb aufnehmen \u2013 Virus bei Angeh\u00f6rigen nicht nachgewiesen<\/strong><\/h2>\n\n\n\n<p><strong>W\u00f6rth \/ Dorschbergschule &#8211; <\/strong>\u201eDie Angeh\u00f6rigen des mit dem Coronavirus Infizierten in W\u00f6rth am Rhein waren zum Zeitpunkt des Schulbesuchs nicht infiziert. Die Tests vom Mittwoch waren bei allen Angeh\u00f6rigen negativ. Das bedeutet, dass keine Gefahr bestand, dass eine Infektion vorhanden war. Die Kinder waren somit zum Zeitpunkt des Schulbesuchs nicht infekti\u00f6s\u201c, teil Landrat Dr. Fritz Brechtel mit. F\u00fcr die Dorschbergschule bedeutet dies, dass ab Montag der Schulbetrieb wieder regul\u00e4r aufgenommen wird. Die Angeh\u00f6rigen, also auch die Kinder des mit dem Coronavirus Infizierten, bleiben jedoch weiterhin zuhause in Quarant\u00e4ne. Sie gehen erst wieder zur Schule, wenn auch im Verlauf der Quarant\u00e4ne kein Nachweis des Virus erfolgt.<\/p>\n\n\n\n<p>\u201eDie\nSchulschlie\u00dfung war seitens der Kreisverwaltung eine besondere Vorsichtsma\u00dfnahme.\nHerzlichen Dank an alle, die die Entscheidung, die Schule vor\u00fcbergehend zu\nschlie\u00dfen, mitgetragen haben. Vielen Dank f\u00fcr Ihr Verst\u00e4ndnis!\u201c, so Landrat Dr.\nFritz Brechtel. \u201eEs war eine Frage der Zeit, dass auch im Landkreis Germersheim\nder Virus nachgewiesen wird. Dennoch gibt es keinen Grund zur Panik. Ich bitte\nSie, bleiben Sie weiterhin bedacht, halten Sie sich an die Hygieneregeln und\ninformieren Sie sich vor allem nur \u00fcber zuverl\u00e4ssige Quellen\u201c, appelliert Landrat\nDr. Fritz Brechtel.<\/p>\n\n\n\n<p>F\u00fcr alle\nB\u00fcrgerinnen und B\u00fcrger hat der Landkreis Germersheim auf der Homepage\ninteressante und wichtige Informationen u.a. des Robert-Koch-Institutes, der\nBundeszentrale f\u00fcr gesundheitliche Aufkl\u00e4rung und des Ausw\u00e4rtigen Amtes\nzusammengetragen, darunter allgemeine Informationen zum Virus, Hygiene-Hinweise\nund Antworten auf h\u00e4ufig gestellte Fragen.<\/p>\n\n\n\n<p>Die Informationen zum Thema Coronavirus auf der Homepage des Landkreises erreichen Interessierte direkt \u00fcber <a href=\"http:\/\/www.kreis-germersheim.de\/coronavirus\">www.kreis-germersheim.de\/coronavirus<\/a>. Au\u00dferdem ist in der Kreisverwaltung ein B\u00fcrgertelefon besetzt. Dieses erreichen B\u00fcrgerinnen und B\u00fcrger Montag bis Donnerstag von 10 bis 12.30 Uhr und 13.30 bis 16 Uhr, Freitag 10 bis 13 Uhr, Telefonnummer 07274\/53-131.<\/p>\n\n\n\n<p><em>Kreisverwaltung Germersheim<br>05.03.2020<\/em><\/p>\n\n\n\n<h2 class=\"wp-block-heading\">Corona-Virus: Vierter best\u00e4tigter Fall in Mannheim<\/h2>\n\n\n\n<div class=\"wp-block-image\"><figure class=\"aligncenter\"><img decoding=\"async\" src=\"https:\/\/speyer24news.com\/wp-content\/uploads\/2020\/03\/Mannheim-Logo.png\" alt=\"\" class=\"wp-image-25671\"\/><\/figure><\/div>\n\n\n\n<p><strong>Mannheim &#8211; <\/strong>Wie das Sozialministerium Baden-W\u00fcrttemberg gerade ver\u00f6ffentlichte, hat das Landesgesundheitsamt heute, 4. M\u00e4rz 2020, einen weiteren nachgewiesenen Coronavirus-Fall in Mannheim best\u00e4tigt. Die Zahl der best\u00e4tigten F\u00e4lle in Mannheim steigt damit auf vier.<\/p>\n\n\n\n<p>Bei dem Fall handelt es sich um eine 33j\u00e4hrige Frau, die in der vergangenen Woche aus dem Risikogebiet Teheran, Iran, nach Mannheim gekommen ist. Nachdem sie leichte Krankheitssymptome zeigte, erfolgte gestern der Abstrich. Seitdem befindet sie sich in h\u00e4uslicher Absonderung. Im Ergebnis best\u00e4tigte der Test nun den Virusnachweis.<\/p>\n\n\n\n<p>Alle beteiligten \u00c4rzte, Gesundheitsbeh\u00f6rden sowie das Kompetenzzentrum Gesundheitsschutz am Landesgesundheitsamt arbeiten dabei eng zusammen.<\/p>\n\n\n\n<p>Es besteht nach den ersten vorliegenden Informationen keine Verbindung zu den drei bereits bekannten F\u00e4llen in Mannheim.<\/p>\n\n\n\n<p><em>Stadt Mannheim<br>05.03.2020<\/em><\/p>\n\n\n\n<h2 class=\"wp-block-heading\"><strong>Coronavirus<\/strong> &#8211; <strong>Erster positiver Fall im\nLandkreis Germersheim best\u00e4tigt<\/strong><\/h2>\n\n\n\n<p><strong>W\u00f6rth \/ Landkreis Germersheim &#8211;<\/strong> Im Landkreis Germersheim ist der erste positive Fall seit dem 4. M\u00e4rz 2020 best\u00e4tigt. Die betroffene Person und ihre Familie sind in h\u00e4uslicher Quarant\u00e4ne in ihrer Wohnung in der Stadt W\u00f6rth am Rhein. Das Gesundheitsamt des Landkreises Germersheim hat diese Quarant\u00e4ne nach \u00a730 Infektionsschutzgesetzt angeordnet. Die Nachverfolgung von Kontaktpersonen l\u00e4uft.<\/p>\n\n\n\n<p>Ein Kind der\nnachweislich infizierten Person besucht die Dorschberggrundschule in W\u00f6rth am\nRhein. Um eine besondere Vorsicht walten zu lassen, werden aktuell weitere\nTestungen bei der gesamten betroffenen Familie durchgef\u00fchrt. Landrat Dr. Fritz\nBrechtel betont: \u201eBei diesen Angeh\u00f6rigen sind bisher keine Krankheitszeichen\nfestgestellt worden. Aus besonderer Vorsicht wird die gesamte\nDorschberggrundschule ab morgen geschlossen. Wir bitten alle Betroffenen f\u00fcr\nVerst\u00e4ndnis.\u201c<\/p>\n\n\n\n<p>An allen\nanderen Schulen im Kreis findet unver\u00e4ndert Schulunterricht statt. Auch die\nKindertagesst\u00e4tten bleiben ge\u00f6ffnet. <\/p>\n\n\n\n<p>Sind alle\nweiteren Testungen der Angeh\u00f6rigen negativ, kann die Dorschbergschule zeitnah\nwieder ge\u00f6ffnet werden. Dies entscheidet dann der Amtsarzt des Gesundheitsamtes\nLandkreis Germersheim. Die Kinder der betroffenen Familie bleiben bis auf\nweiteres zuhause und zeigen bisher keine Symptome.<\/p>\n\n\n\n<p>Ein weiteres\nKind besucht eine Schule in Karlsruhe. Das zust\u00e4ndige Gesundheitsamt ist\ninformiert. Dieses wird \u00fcber weitere Ma\u00dfnahmen vor Ort entscheiden.<\/p>\n\n\n\n<p>Der DRK\nKreisverband hat speziell f\u00fcr Personen, die sich in Quarant\u00e4ne befinden, eine\nHotline eingerichtet. Diese Hotline ist f\u00fcr die betroffenen Personen jederzeit\nerreichbar. Besetzt ist die Hotline mit Einsatzkr\u00e4ften aus dem Bereich der\nsozialen Betreuung oder der psychosozialen Notfallversorgung besetzt. \u201eDie\npsychosoziale Betreuung in dieser besonderen Situation ist damit\ngew\u00e4hrleistet\u201c, so Landrat Brechtel.<\/p>\n\n\n\n<p>\u201eEs war eine Frage der Zeit, dass\nauch im Landkreis Germersheim der Virus nachgewiesen wird. Dennoch gibt es\nkeinen Grund zur Unruhe. Ich bitte Sie, bleiben Sie weiterhin bedacht, halten\nSie sich an die Hygieneregeln und informieren Sie sich vor allem nur \u00fcber\nzuverl\u00e4ssige Quellen\u201c, appelliert Landrat Dr. Fritz Brechtel. F\u00fcr alle\nB\u00fcrgerinnen und B\u00fcrger hat der Landkreis Germersheim auf der Homepage\ninteressante und wichtige Informationen u.a. des Robert-Koch-Institutes, der\nBundeszentrale f\u00fcr gesundheitliche Aufkl\u00e4rung und des Ausw\u00e4rtigen Amtes\nzusammengetragen, darunter allgemeine Informationen zum Virus, Hygiene-Hinweise\nund Antworten auf h\u00e4ufig gestellte Fragen.<\/p>\n\n\n\n<p>\u201eDie Ausbreitung des Corona-Virus ist\nnach meiner Einsch\u00e4tzung nur zu verlangsam, nicht mehr aufhaltbar\u201c, betont der\nW\u00f6rther B\u00fcrgermeister Dr. Dennis Nitsche. \u201eDas ist jedoch keinerlei Grund zur\nPanik, f\u00fcr Hamsterk\u00e4ufe oder anderen Unfug. Wir haben eine neue Krankheit, mit\nderen Existenz wir leben m\u00fcssen, zumindest bis Impfstoffe dagegen entwickelt\nwurden. Die meisten Menschen bemerken die Erkrankung kaum. Ein Risiko besteht\nausschlie\u00dflich f\u00fcr Menschen mit gesch\u00e4digtem Immunsystem oder bestehenden schwerwiegenden\nErkrankungen. Unser Gesundheitssystem ist darauf ausgelegt, die optimale\nVersorgung zu gew\u00e4hrleisten.\u201c<\/p>\n\n\n\n<p>Die Informationen zum Thema Coronavirus auf der Homepage des Landkreises erreichen Interessierte direkt \u00fcber www.kreis-germersheim.de\/coronavirus. Au\u00dferdem ist in der Kreisverwaltung ein B\u00fcrgertelefon besetzt. Dieses erreichen B\u00fcrgerinnen und B\u00fcrger Montag bis Donnerstag von 10 bis 12.30 Uhr und 13.30 bis 16 Uhr, Freitag 10 bis 13 Uhr, Telefonnummer 07274\/53-131.<\/p>\n\n\n\n<p><em>Kreisverwaltung Germersheim<br>05.03.2020<\/em><\/p>\n\n\n\n<h2 class=\"wp-block-heading\"><strong>Wichtige Informationen zum Coronavirus<\/strong> &#8211; <strong>B\u00fcrgertelefon f\u00fcr den Rhein-Pfalz-Kreis eingerichtet<\/strong><\/h2>\n\n\n\n<div class=\"wp-block-image\"><figure class=\"aligncenter\"><img decoding=\"async\" src=\"https:\/\/speyer24news.com\/wp-content\/uploads\/2020\/03\/Rhein-Pfalz-Kreis.jpg\" alt=\"\" class=\"wp-image-25674\"\/><\/figure><\/div>\n\n\n\n<p><strong>Rhein-Pfalz-Kreis &#8211; <\/strong>Gem\u00e4\u00df den Angaben des Robert-Koch-Instituts breitet sich das Coronavirus weltweit weiter aus. Aktuell sind zum 03.03.2020 noch keine Personen aus dem Rhein-Pfalz-Kreis nachweislich am Coronavirus erkrankt.<\/p>\n\n\n\n<p>Da die Anfragen von B\u00fcrgerinnen und B\u00fcrgern beim Gesundheitsamt des\nRhein-Pfalz-Kreises zurzeit zunehmen, hat sich die Kreisverwaltung dazu\nentschlossen, ein B\u00fcrgertelefon einzurichten. Dieses erreichen B\u00fcrgerinnen und\nB\u00fcrger unter der Telefonnummer 0621 5909 5800 von Montag bis Donnerstag von 9\nbis 12 Uhr und 13 bis 16 Uhr, freitags von 9 bis 12 Uhr.<\/p>\n\n\n\n<p>Weiterhin m\u00f6chte die Kreisverwaltung darauf aufmerksam machen, dass die Homepage des Rhein-Pfalz-Kreises tagesaktuell interessante und wichtige Informationen zum Coronavirus bereitstellt. Auch auf den Seiten des Robert-Koch-Institutes, der Bundeszentrale f\u00fcr gesundheitliche Aufkl\u00e4rung und des Ausw\u00e4rtigen Amtes sind Informationen zum Virus, allgemeine Verhaltensweisen, Hygiene-Hinweise und Antworten auf h\u00e4ufig gestellte Fragen zu erhalten.<\/p>\n\n\n\n<p><em>Kreisverwaltung Rhein-Pfalz-Kreis<br>05.03.2020<\/em><\/p>\n\n\n\n<h2 class=\"wp-block-heading\">Infotelefon eingerichtet<\/h2>\n\n\n\n<div class=\"wp-block-image\"><figure class=\"aligncenter\"><img decoding=\"async\" src=\"https:\/\/speyer24news.com\/wp-content\/uploads\/2020\/03\/Telefon.png\" alt=\"\" class=\"wp-image-25602\"\/><\/figure><\/div>\n\n\n\n<p><strong>Mannheim \/ Baden-W\u00fcrttemberg &#8211; <\/strong>Der Verwaltungsstab der Stadt Mannheim hat heute getagt, um im Rahmen der Pandemieplanung relevante Fragen gemeinsam mit den f\u00fcr Fragen des Infektionsschutzes wichtigen Akteuren vom Gesundheitsamt bis zur Katastrophenschutzbeh\u00f6rde zu er\u00f6rtern.<br>Derzeit gibt es in Mannheim keine weiteren, \u00fcber die drei bereits bekannten F\u00e4lle hinausgehenden, best\u00e4tigten Verdachtsf\u00e4lle von Corona-Infektionen.<\/p>\n\n\n\n<h4 class=\"wp-block-heading\">Infotelefon eingerichtet<\/h4>\n\n\n\n<p>Um auf das hohe Informationsbed\u00fcrfnis der B\u00fcrger*innen zu reagieren, hat die Stadt ab sofort ein Infotelefon eingerichtet: Die Telefonnummer 0621-293 2253 ist montags bis sonntags von 7.30 bis 19.00 Uhr besetzt. Wichtige Informationen liefert zudem die Internet-Serviceseite <a href=\"http:\/\/www.mannheim.de\/corona\">www.mannheim.de\/corona<\/a>. Neben allgemeinen Hinweisen zum Corona-Virus werden die Anrufer*innen auch informiert, f\u00fcr wen eine Testung sinnvoll ist: Gem\u00e4\u00df Definition des Robert-Koch-Instituts gelten als Verdachtsf\u00e4lle nur Personen, die Krankheitssymptome wie z.B. Erk\u00e4ltungskrankheiten, zeigen UND in den letzten zwei Wochen in einem RISIKOGEBIET gem\u00e4\u00df Liste des RKI aufgehalten haben oder Kontakt zu einem NACHGEWIESEN an Corona erkrankten Patienten hatten. Nur f\u00fcr diesen Personenkreis ist eine Testung vorgesehen und sinnvoll. In allen anderen F\u00e4llen ist die Wahrscheinlichkeit einer Infektion mit dem Virus als sehr gering einzustufen. Wer lediglich in einem Gebiet war, in dem Corona-F\u00e4lle aufgetreten sind, oder Kontakt mit einer Person hatte, die in einem Risikogebiet war, gilt nicht als Verdachtsfall!<\/p>\n\n\n\n<p> \u201eDennoch kann jeder B\u00fcrger und jede B\u00fcrgerin durch die Beachtung allgemeiner Hygienema\u00dfnahmen einen Beitrag zur Vermeidung der Weiterverbreitung von Coronavirus-Erkrankungen leisten\u201c; appelliert Gesundheitsb\u00fcrgermeister Dirk Grunert und empfiehlt folgende allgemeine Empfehlungen einzuhalten: Abstand beim Husten und Niesen halten, dabei Armbeuge vor Mund und Nase halten, die H\u00e4nde regelm\u00e4\u00dfig mit Wasser und Seife waschen, Ber\u00fchrungen von Augen, Nase und Mund vermeiden, den Kontakt zu offensichtlich erkrankten Personen vermeiden und auf das H\u00e4ndesch\u00fctteln zu Begr\u00fc\u00dfung und Verabschiedung zu verzichten.<br> Nach wie vor ist jedoch der Erreger der echten Grippe, das Influenzavirus der gef\u00e4hrlichste Erreger von akuten Atemwegsinfektionen in Deutschland. Deshalb r\u00e4t Dr. Peter Sch\u00e4fer, Leiter des Fachbereichs Jugendamt und Gesundheitsamt: \u201eEine Grippe-Impfung ist auch jetzt noch der effektivste Weg, sich vor akuten Atemwegsinfektionen zu sch\u00fctzen\u201c.<\/p>\n\n\n\n<p>Derzeit besteht kein Anlass f\u00fcr das Schlie\u00dfen von \u00f6ffentlichen Einrichtungen. Hinweise f\u00fcr Schulen und Kitas sowie R\u00fcckkehrer aus dem Italienurlaub geben das Kultus- und Sozialministerium auf seiner Homepage.<\/p>\n\n\n\n<p><em>Stadt Mannheim<br>04.03.2020<\/em><\/p>\n\n\n\n<h2 class=\"wp-block-heading\"><strong>Diakonissen-Stiftungs-Krankenhaus\nSpeyer bereitet sich auf Zunahme an Corona-Infizierten in der Region vor<\/strong><\/h2>\n\n\n\n<h4 class=\"wp-block-heading\"><em>Am Diakonissen-Stiftungs-Krankenhaus Speyer gibt es bisher keine Patienten, die mit dem Coronavirus infiziert sind oder bei denen der Verdacht einer Infektion besteht. Dennoch bereitet sich die Speyerer Klinik auf die zu erwartende Zunahme an Corona-Infizierten in der Region vor und richtet eine Anlaufstelle f\u00fcr die Ersteinsch\u00e4tzung von Patienten vor dem Krankenhaus-Haupteingang ein.<\/em><\/h4>\n\n\n\n<div class=\"wp-block-image\"><figure class=\"aligncenter\"><img decoding=\"async\" src=\"https:\/\/speyer24news.com\/wp-content\/uploads\/2020\/01\/Diakonissen-Logo.png\" alt=\"\" class=\"wp-image-24453\"\/><\/figure><\/div>\n\n\n\n<p><strong>Speyer \/ Diakonissen-Stiftungs-Krankenhaus &#8211; <\/strong>Um einer \u00dcbertragung in Wartebereichen vorzubeugen, hat sich die Klinikleitung entschieden, alle ambulanten und station\u00e4r aufzunehmenden Patienten bis auf Weiteres in einem Container vor dem Haupteingang einer kurzen Befragung zur Ersteinsch\u00e4tzung, ob ein Risiko f\u00fcr eine Coronavirusinfektion vorliegen k\u00f6nnte, zu unterziehen. Die Patienten ohne Risiko k\u00f6nnen danach wie gewohnt durch den Haupteingang in das Krankenhaus gehen. Patienten mit einem Risiko f\u00fcr eine Coronavirusinfektion erhalten einen Mund-Nasen-Schutz, werden um das Haus geleitet und in einem in Containern eingerichteten gesonderten Wartebereich in Empfang genommen. \u201eDiese neue Patientenlenkung ist eine Vorsichtsma\u00dfnahme zum Schutz unserer Patienten\u201c, betont der \u00c4rztliche Direktor Dr. Dirk Jentschura und appelliert an die Bev\u00f6lkerung, sich bei einem Infektionsverdacht zun\u00e4chst telefonisch an das \u00f6rtliche Gesundheitsamt, den Hausarzt oder den \u00e4rztlichen Notdienst unter der Telefonnummer 116117 zu wenden. <\/p>\n\n\n\n<p>Um sich und andere zu sch\u00fctzen, weist Krankenhaushygieniker Dr. Thomas Kienbaum auf einfache, aber sehr wirksame Hygienema\u00dfnahmen zur Vorbeugung von Infektionen hin, wie beispielsweise regelm\u00e4\u00dfiges H\u00e4ndewaschen, richtiges Verhalten bei Husten und Niesen sowie ein Mindestabstand von erk\u00e4lteten Personen von einem Meter. Die Hygienetipps der Bundeszentrale f\u00fcr gesundheitliche Aufkl\u00e4rung seien hier ein hilfreicher Leitfaden, so Kienbaum. Zudem sollten Angeh\u00f6rige und Freunde bei Schnupfen, Husten, Halskratzen, Fieber, Durchfall oder anderen Anzeichen f\u00fcr eine Infektion auf einen Patientenbesuch im Krankenhaus verzichten.<\/p>\n\n\n\n<p><em>Diakonissen Speyer<br>04.03.2020<\/em><\/p>\n\n\n\n<h2 class=\"wp-block-heading\">Drei best\u00e4tigte F\u00e4lle von Corona-Virus in Mannheim<\/h2>\n\n\n\n<figure class=\"wp-block-image\"><img decoding=\"async\" loading=\"lazy\" width=\"800\" height=\"346\" src=\"https:\/\/speyer24news.com\/wp-content\/uploads\/2020\/02\/coronavirus-4817450_1920.jpg\" alt=\"\" class=\"wp-image-25126\" srcset=\"https:\/\/speyer24news.com\/wp-content\/uploads\/2020\/02\/coronavirus-4817450_1920.jpg 800w, https:\/\/speyer24news.com\/wp-content\/uploads\/2020\/02\/coronavirus-4817450_1920-300x130.jpg 300w, https:\/\/speyer24news.com\/wp-content\/uploads\/2020\/02\/coronavirus-4817450_1920-768x332.jpg 768w\" sizes=\"(max-width: 800px) 100vw, 800px\" \/><\/figure>\n\n\n\n<p><strong>Mannheim &#8211; <\/strong>Wie das Sozialministerium Baden-W\u00fcrttemberg am Samstagabend ver\u00f6ffentlichte, hat das Landesgesundheitsamt Samstag, 1. M\u00e4rz 2020, drei nachgewiesene Coronavirus-F\u00e4lle in Mannheim best\u00e4tigt.<\/p>\n\n\n\n<p>Im ersten Fall handelt es sich um einen 68-j\u00e4hrigen Mann, der Kontakt zu der infizierten Person aus dem Rhein-Neckar-Kreis hatte, die am vergangenen Mittwoch aus dem Skiurlaub in S\u00fcdtirol nach Deutschland zur\u00fcckkehrte. Der Mannheimer befand sich als Kontaktperson bereits in h\u00e4uslicher Absonderung. Der Infizierte zeigt bislang keine Krankheitsanzeichen, es geht ihm gut, er bleibt in h\u00e4uslicher Quarant\u00e4ne.<\/p>\n\n\n\n<p>Der zweite Infizierte, ein 23-j\u00e4hriger Mann aus Mannheim, hatte Kontakt zu einem bereits best\u00e4tigten Fall in Nordrhein-Westfalen. Auch er befand sich als Kontaktperson bereits in h\u00e4uslicher Quarant\u00e4ne. Der Patient hat leichte grippale Symptome und bleibt in h\u00e4uslicher Absonderung.<\/p>\n\n\n\n<p>Beim dritten Fall handelt es sich um einen 53j\u00e4hrigen Mannheimer, der von einer Reise aus dem Risikogebiet Ghom im Iran zur\u00fcckgekehrt ist. Er befand sich seitdem in h\u00e4uslicher Absonderung. Der Patient befindet sich im Theresienkrankenhaus und wird isoliert von den anderen Patientinnen und Patienten behandelt. Er zeigt Anzeichen einer Lungenentz\u00fcndung.<\/p>\n\n\n\n<p>In allen drei F\u00e4llen geht das Gesundheitsamt m\u00f6glichen weiteren Kontaktpersonen nach, diese werden entsprechend informiert und begleitet.<\/p>\n\n\n\n<p>Alle beteiligten \u00c4rzte, Gesundheitsbeh\u00f6rden sowie das Kompetenzzentrum Gesundheitsschutz am Landesgesundheitsamt arbeiten eng zusammen.<\/p>\n\n\n\n<h4 class=\"wp-block-heading\">Information des Sozialministeriums:<\/h4>\n\n\n\n<p><a href=\"https:\/\/sozialministerium.baden-wuerttemberg.de\/de\/service\/presse\/pressemitteilung\/pid\/zahl-der-bestaetigten-corona-faelle-in-baden-wuerttemberg-steigt-weiter\/\">https:\/\/sozialministerium.baden-wuerttemberg.de\/de\/service\/presse\/pressemitteilung\/pid\/zahl-der-bestaetigten-corona-faelle-in-baden-wuerttemberg-steigt-weiter\/<\/a><\/p>\n\n\n\n<h4 class=\"wp-block-heading\">Stadt Mannheim<\/h4>\n\n\n\n<p><a href=\"https:\/\/www.mannheim.de\/de\/nachrichten\/informationen-zum-corona-virus\">https:\/\/www.mannheim.de\/de\/nachrichten\/informationen-zum-corona-virus<\/a><\/p>\n\n\n\n<p><em>Stadt Mannheim<br>04.03.2020<\/em><\/p>\n\n\n\n<h2 class=\"wp-block-heading\">Corona-Virus: Jeder B\u00fcrger kann Beitrag leisten<\/h2>\n\n\n\n<h3 class=\"wp-block-heading\">Hinweise f\u00fcr Italien-R\u00fcckkehrer*innen sowie Schulen und Kitas<\/h3>\n\n\n\n<p><strong>Mannheim &#8211; <\/strong>\u201eBislang haben wir gl\u00fccklicherweise nach wie vor keinen best\u00e4tigten Corona-Verdachtsfall bei uns in Mannheim\u201c, betont der Leiter des Gesundheitsamtes Dr. Peter. \u201eFalls dieser jedoch eintreten sollte, sehen wir uns im Rahmen der Pandemieplanung gut vorbereitet. Derzeit besteht kein Anlass f\u00fcr die Schlie\u00dfung von Einrichtungen oder die Absage von Veranstaltungen. Jede*r B\u00fcrger*in kann jedoch durch die Beachtung allgemeiner Hygienema\u00dfnahmen einen Beitrag zur Vermeidung der Weiterverbreitung von Coronavirus-Erkrankungen leisten\u201c:<\/p>\n\n\n\n<h4 class=\"wp-block-heading\">Allgemeine Hygienema\u00dfnahmen:<\/h4>\n\n\n\n<p>Die wichtigste Ma\u00dfnahme zur Vermeidung der Weiterverbreitung von Coronavirus-Erkrankungen (COVID 19) sind allgemeine Hygienema\u00dfnahmen wie <strong>Abstand halten beim Husten und Niesen<\/strong>, dabei <strong>Armbeuge vor Mund und Nase halten<\/strong>, die <strong>H\u00e4nde regelm\u00e4\u00dfig mit Wasser und Seife waschen<\/strong>, <strong>Ber\u00fchrungen von Augen, Nase und Mund vermeiden<\/strong>. Vermeiden Sie den Kontakt zu offensichtlich erkrankten Personen. <strong>Verzichten Sie auf das H\u00e4ndesch\u00fctteln zu Begr\u00fc\u00dfung und Verabschiedung<\/strong>.<br>Diese Ma\u00dfnahmen sch\u00fctzen auch vor einer \u00dcbertragung der derzeit noch sehr stark zirkulierenden Grippeviren oder anderer Ausl\u00f6ser von Erk\u00e4ltungskrankheiten.<\/p>\n\n\n\n<p>Mit dem Ende der Faschingsferien in Baden-W\u00fcrttemberg werden viele R\u00fcckkehrer*innen aus Norditalien erwartet, wo sich derzeit Coronavirus-F\u00e4lle h\u00e4ufen. Besonders betroffen sind dort aktuell folgende Risikogebiete: Die Region Lombardei sowie die Stadt Vo im Bezirk Padua. Die aktuelle Liste der Risikogebiete findet sich auf den Internetseiten des Robert-Koch-Instituts unter <a href=\"https:\/\/www.rki.de\/DE\/Content\/InfAZ\/N\/Neuartiges_Coronavirus\/Risikogebiete.html\">https:\/\/www.rki.de\/DE\/Content\/InfAZ\/N\/Neuartiges_Coronavirus\/Risikogebiete.html<\/a><\/p>\n\n\n\n<h4 class=\"wp-block-heading\">Hinweise f\u00fcr Reiser\u00fcckkehrer:<\/h4>\n\n\n\n<p><a href=\"https:\/\/sozialministerium.baden-wuerttemberg.de\/de\/service\/presse\/pressemitteilung\/pid\/empfehlung-fuer-rueckkehrer-aus-dem-italienurlaub\/\">https:\/\/sozialministerium.baden-wuerttemberg.de\/de\/service\/presse\/pressemitteilung\/pid\/empfehlung-fuer-rueckkehrer-aus-dem-italienurlaub\/<\/a><\/p>\n\n\n\n<h4 class=\"wp-block-heading\">Hinweise f\u00fcr Schulen und Kitas, Eltern, Lehrer*innen, P\u00e4dagogische Fachkr\u00e4fte \u2013 Mitteilung des Ministerium f\u00fcr Kultus, Jugend und Sport Baden-W\u00fcrttemberg vom 28. 02.2020<\/h4>\n\n\n\n<p><a href=\"https:\/\/www.gesundheitsamt-bw.de\/lga\/DE\/Startseite\/aktuelles\/Seiten\/pressemitteilung.aspx?rid=67\">https:\/\/www.gesundheitsamt-bw.de\/lga\/DE\/Startseite\/aktuelles\/Seiten\/pressemitteilung.aspx?rid=67<\/a><\/p>\n\n\n\n<h4 class=\"wp-block-heading\">Aktuelle Informationen der Stadt Mannheim<\/h4>\n\n\n\n<p>Die Stadt Mannheim informiert \u00fcber ihre Website <a href=\"http:\/\/www.mannheim.de\">http:\/\/www.mannheim.de<\/a> \u00fcber aktuelle Hinweise und neue Entwicklungen. Auf der Sonderseite <a href=\"https:\/\/www.mannheim.de\/de\/nachrichten\/informationen-zum-corona-virus\">https:\/\/www.mannheim.de\/de\/nachrichten\/informationen-zum-corona-virus<\/a> finden Sie gesammelt alle wichtigen Informationen.<\/p>\n\n\n\n<p><em>Stadt Mannheim<br>04.03.2020<\/em><\/p>\n\n\n\n<h2 class=\"wp-block-heading\"><strong>Bisher\nkeine Erkrankung im Landkreis Germersheim<\/strong><\/h2>\n\n\n\n<h3 class=\"wp-block-heading\"><strong>Wichtige\nInformationen und Hygiene-Hinweise gesammelt auf der Homepage des Landkreises \u2013\nAb Montag B\u00fcrgertelefon f\u00fcr den Landkreis Germersheim eingerichtet<\/strong><\/h3>\n\n\n\n<p><strong>Landkreis Germersheim &#8211;<\/strong> Der Coronavirus breitet sich weltweit weiter aus. Noch ist im Landkreis Germersheim keine Person am nachweislich am Coronavirus erkrankt (Stand Freitag, 28. Februar 2020, 12 Uhr). <\/p>\n\n\n\n<p>\u201eAuch wenn niemand ausschlie\u00dfen, dass auch hier Erkrankungen auftreten, gibt es keinen Grund zur Unruhe. Ich bitte Sie, bleiben Sie bedacht, halten Sie sich an die Hygieneregeln und informieren Sie sich vor allem nur \u00fcber zuverl\u00e4ssige Quellen\u201c, appelliert Landrat Dr. Fritz Brechtel. F\u00fcr alle B\u00fcrgerinnen und B\u00fcrger hat der Landkreis Germersheim auf der Homepage interessante und wichtige Informationen u.a. des Robert-Koch-Institutes, des Bundeszentrale f\u00fcr gesundheitliche Aufkl\u00e4rung und des Ausw\u00e4rtigen Amtes zusammengetragen, darunter allgemeine Informationen zum Virus, Hygiene-Hinweise und Antworten auf h\u00e4ufig gestellten Fragen. <\/p>\n\n\n\n<p>Die Informationen auf der Homepage des Landkreises erreichen Interessierte direkt \u00fcber <a href=\"http:\/\/www.kreis-germersheim.de\/coronavirus\">www.kreis-germersheim.de\/coronavirus<\/a>. Ab Montag ist in der Kreisverwaltung zudem ein B\u00fcrgertelefon besetzt. Dieses erreichen B\u00fcrgerinnen und B\u00fcrger Montag bis Donnerstag von 10 bis 12.30 Uhr und 13.30 bis 16 Uhr, Freitag 10 bis 13 Uhr, Telefonnummer 07274\/53-131.<\/p>\n\n\n\n<p><em>Kreisverwaltung Germersheim<br>04.03.2020<\/em><\/p>\n\n\n\n<h2 class=\"wp-block-heading\">Weiterhin kein Fall von Corona-Infektionen in Mannheim<\/h2>\n\n\n\n<div class=\"wp-block-image\"><figure class=\"aligncenter\"><img decoding=\"async\" src=\"https:\/\/speyer24news.com\/wp-content\/uploads\/2020\/03\/Mannheim-Logo.jpg\" alt=\"\" class=\"wp-image-25600\"\/><\/figure><\/div>\n\n\n\n<p><strong>Mannheim &#8211; <\/strong>Am Dienstagabend (25.02.2020) wurde bei einem Patienten in Baden-W\u00fcrttemberg eine Infektion mit dem Coronavirus (SARS-CoV-2) nachgewiesen. Das ist die erste best\u00e4tigte Infektion im Land. In Mannheim gibt es auch weiterhin bis Mittwoch (26. Februar) keinen best\u00e4tigten Fall der Virusinfektion.<\/p>\n\n\n\n<p>Bei dem Patienten in Baden-W\u00fcrttemberg handelt es sich laut einer Information des Landesgesundheitsamtes Baden-W\u00fcrttemberg um einen 25-j\u00e4hrigen Mann aus dem Landkreis G\u00f6ppingen, der sich vermutlich w\u00e4hrend einer Italienreise in Mailand angesteckt hat. Weitere Informationen: <a href=\"https:\/\/sozialministerium.baden-wuerttemberg.de\/de\/gesundheit-pflege\/gesundheitsschutz\/infektionsschutz-hygiene\/informationen-zu-coronavirus\/\">https:\/\/sozialministerium.baden-wuerttemberg.de\/de\/gesundheit-pflege\/gesundheitsschutz\/infektionsschutz-hygiene\/informationen-zu-coronavirus\/<\/a><\/p>\n\n\n\n<h4 class=\"wp-block-heading\">Appell an Reiser\u00fcckkehrer aus Risikogebieten<\/h4>\n\n\n\n<p>Gesundheitsminister Manne Lucha mahnt zur Besonnenheit: \u201eBaden-W\u00fcrttemberg hat sich schon fr\u00fch auf diesen Fall eingestellt. Alle beteiligten Stellen arbeiten eng und intensiv zusammen.\u201c Personen, die sich einem Risikogebiet aufgehalten haben oder Kontakt mit einer an dem neuen Coronavirus erkrankten Person hatten, und bis 14 Tage nach der R\u00fcckkehr bzw. dem Kontakt grippeartige Krankheitssymptome entwickeln, sollten sich bei einem Arzt melden: \u201eNehmen Sie unter Hinweis auf den Aufenthalt im Risikogebiet telefonisch Kontakt zu Ihrem Hausarzt oder dem kassen\u00e4rztlichen Notdienst auf\u201c, so das Ministerium.<\/p>\n\n\n\n<p>Die aktuelle Liste der Risikogebiete findet sich auf den Internetseiten des Robert-Koch-Instituts unter <a href=\"https:\/\/www.rki.de\/DE\/Content\/InfAZ\/N\/Neuartiges_Coronavirus\/Risikogebiete.html\">https:\/\/www.rki.de\/DE\/Content\/InfAZ\/N\/Neuartiges_Coronavirus\/Risikogebiete.html<\/a><\/p>\n\n\n\n<p>Menschen, die nach ihrer Einreise aus Gebieten, in denen COVID-19-F\u00e4lle vorkommen, innerhalb von 14 Tagen nach ihrer R\u00fcckkehr Fieber, Husten oder Atemnot entwickeln, sollen<\/p>\n\n\n\n<ul><li>unn\u00f6tige Kontakte vermeiden,<\/li><li>nach M\u00f6glichkeit zu Hause bleiben,<\/li><li>beim Husten und Niesen Abstand zu anderen Menschen halten beziehungsweise in die Armbeuge niesen oder husten,<\/li><li>nach M\u00f6glichkeit nur ein Taschentuch benutzen, das sofort entsorgt wird,<\/li><li>regelm\u00e4\u00dfig und gr\u00fcndlich H\u00e4nde mit Wasser und Seife waschen,<\/li><li>Ber\u00fchrungen von Nase, Augen und Mund vermeiden,<\/li><li>nach telefonischer Anmeldung unter Hinweis auf die Reiseregion einen Arzt aufsuchen. Erste Anlaufstelle ist der zust\u00e4ndige Hausarzt oder Kinderarzt!<\/li><\/ul>\n\n\n\n<p>Personen, die Kontakt zu einem best\u00e4tigten Coronavirusfall hatten, finden unter <a href=\"https:\/\/www.rki.de\/DE\/Content\/InfAZ\/N\/Neuartiges_Coronavirus\/Risikogebiete.html\">https:\/\/www.rki.de\/DE\/Content\/InfAZ\/N\/Neuartiges_Coronavirus\/Risikogebiete.html<\/a> Informationen zum richtigen Verhalten.<\/p>\n\n\n\n<h4 class=\"wp-block-heading\">Telefon-Hotline beim Landesgesundheitsamt<\/h4>\n\n\n\n<p>F\u00fcr alle Fragen zum Coronavirus hat das Landesgesundheitsamt eine Hotline f\u00fcr Rat suchende B\u00fcrgerinnen und B\u00fcrger eingerichtet. Sie erreichen die Mitarbeiterinnen und Mitarbeiter werktags zwischen 9 und 16 Uhr telefonisch unter 0711 904-39555.<\/p>\n\n\n\n<h4 class=\"wp-block-heading\">Wie kann man sich jetzt vor akuten Atemwegsinfektionen sch\u00fctzen?<\/h4>\n\n\n\n<p>Auch beim Gesundheitsamt Mannheim ist die Vermeidung von akuten Atemwegsinfektionen derzeit ein sehr gefragtes Thema. \u201eVor dem Ausbruchsgeschehen mit dem neuartigen Coronavirus SARS-CoV2 machen sich auch in Mannheim viele Menschen verst\u00e4ndlicherweise Sorgen und wollen sich bestm\u00f6glich sch\u00fctzen\u201c, so der Leiter des Fachbereichs Jugendamt und Gesundheitsamt, Dr. Peter Sch\u00e4fer. Dennoch ist derzeit der Erreger der echten Grippe, das Influenzavirus, weiterhin der gef\u00e4hrlichste Erreger von akuten Atemwegsinfektionen in Deutschland. \u201eEine Grippe-Impfung ist auch jetzt noch der effektivste Weg, sich vor akuten Atemwegsinfektionen zu sch\u00fctzen\u201c, r\u00e4t Dr. Peter Sch\u00e4fer.<\/p>\n\n\n\n<p>Besonders empfiehlt das Robert-Koch-Institut allen Personen \u00fcber 60, chronisch kranken Menschen aller Altersstufen und Medizin- und Pflegepersonal eine Impfung als wichtigste Schutzma\u00dfnahme gegen die Grippe. Au\u00dferdem gibt es eine allgemeine Impfempfehlung f\u00fcr Schwangere ab dem zweiten Schwangerschaftsdrittel. Die Grippe-Impfung sch\u00fctzt jedoch nicht vor \u201enormalen\u201c Erk\u00e4ltungen, die landl\u00e4ufig als \u201egrippaler Infekt\u201c bezeichnet werden und zeitgleich \u201eHochsaison\u201c haben. Sie sch\u00fctzt auch nicht gegen Infektionen mit SARS-CoV2. Allerdings haben Personen, die gegen Grippe geimpft sind, ein geringeres Risiko, zeitgleich an mehreren Erregern von Atemwegsinfektionen zu erkranken.<\/p>\n\n\n\n<h4 class=\"wp-block-heading\">Was passiert, falls es in der Region Mannheim einen best\u00e4tigten Fall des Corona-Virus gibt?<\/h4>\n\n\n\n<p>Nach einem positiven Ergebnis eines Tests auf Corona-Viren w\u00fcrde der Patient, der Krankheitssymptome zeigt, in eine Klinik eingeliefert und dort isoliert von den \u00fcbrigen Patient*innen untergebracht und behandelt werden. Das zust\u00e4ndige Gesundheitsamt w\u00fcrde dann in enger Abstimmung mit dem Kompetenzzentrum Gesundheitsschutz des Landes am Landesgesundheitsamt die Kontaktpersonen des Patienten ermitteln und entsprechende Schutzma\u00dfnahmen veranlassen. Das bedeutet, dass enge Kontaktpersonen h\u00e4uslich abgesondert werden. Sobald eine Kontaktperson Symptome entwickelt, wird sie ebenfalls in einem Krankenhaus isoliert. Alle beteiligten \u00c4rzte, Kliniken und Gesundheitsbeh\u00f6rden arbeiten dabei eng zusammen.<\/p>\n\n\n\n<h4 class=\"wp-block-heading\">Vorbereitung \/ Ma\u00dfnahmen zum Infektionsschutz des Landes<\/h4>\n\n\n\n<p>Das Zusammenwirken der Gesundheitsbeh\u00f6rden beim Auftreten von Infektionskrankheiten ist in Baden-W\u00fcrttemberg gut eingespielt, betont das Landesgesundheitsamt. Die Beh\u00f6rden sind gut vorbereitet, das nationale und weltweite Geschehen wird aufmerksam beobachtet. Es besteht ein st\u00e4ndiger Austausch mit den Bundesbeh\u00f6rden und den anderen Bundesl\u00e4ndern, um ein einheitliches Vorgehen zu gew\u00e4hrleisten.<br> Alle relevanten Akteure im Land sind sensibilisiert und mit den wesentlichen aktuellen Informationen versorgt. Eine wichtige Rolle kommt den in Praxen und Kliniken t\u00e4tigen \u00c4rzten zu, da sich ein Krankheitsverdacht in der Regel bei der Anamnese und Untersuchung von Patienten ergibt.<\/p>\n\n\n\n<p>Um eine zeitnahe Diagnostik zu gew\u00e4hrleisten, hat das Land die eigenen Laborkapazit\u00e4ten inzwischen ausgebaut. So k\u00f6nnen ab sofort Proben von begr\u00fcndeten Verdachtsf\u00e4llen in Absprache mit dem Gesundheitsamt im Labor des Landesgesundheitsamtes untersucht werden.<\/p>\n\n\n\n<h4 class=\"wp-block-heading\">Weitere Informationen: <\/h4>\n\n\n\n<ul><li><a href=\"https:\/\/www.gesundheitsamt-bw.de\/lga\/DE\/Startseite\/aktuelles\/Termine_Hinweise\/Seiten\/Coronavirus.aspx\">https:\/\/www.gesundheitsamt-bw.de\/lga\/DE\/Startseite\/aktuelles\/Termine_Hinweise\/Seiten\/Coronavirus.aspx<\/a><\/li><li><a href=\"https:\/\/www.infektionsschutz.de\/coronavirus-sars-cov-2.html\">https:\/\/www.infektionsschutz.de\/coronavirus-sars-cov-2.html<\/a><\/li><\/ul>\n\n\n\n<p>oder<\/p>\n\n\n\n<ul><li><a href=\"https:\/\/www.infektionsschutz.de\/fileadmin\/infektionsschutz.de\/Downloads\/Merkblatt-Infektionsschutz-Coronavirus.pdf\">https:\/\/www.infektionsschutz.de\/fileadmin\/infektionsschutz.de\/Downloads\/Merkblatt-Infektionsschutz-Coronavirus.pdf<\/a><\/li><\/ul>\n\n\n\n<p><em>Stadt Mannheim<br>04.03.2020<\/em><\/p>\n\n\n\n<h2 class=\"wp-block-heading\"><strong>Informationen zum COVID-19-Geschehen in Italien<\/strong><\/h2>\n\n\n\n<div class=\"wp-block-image\"><figure class=\"aligncenter\"><img decoding=\"async\" loading=\"lazy\" width=\"800\" height=\"558\" src=\"https:\/\/speyer24news.com\/wp-content\/uploads\/2020\/03\/wash-hands-2631777_1920.jpg\" alt=\"\" class=\"wp-image-25599\" srcset=\"https:\/\/speyer24news.com\/wp-content\/uploads\/2020\/03\/wash-hands-2631777_1920.jpg 800w, https:\/\/speyer24news.com\/wp-content\/uploads\/2020\/03\/wash-hands-2631777_1920-300x209.jpg 300w, https:\/\/speyer24news.com\/wp-content\/uploads\/2020\/03\/wash-hands-2631777_1920-768x536.jpg 768w\" sizes=\"(max-width: 800px) 100vw, 800px\" \/><\/figure><\/div>\n\n\n\n<p><strong>Berlin \/ Deutschland \/ Italien &#8211; <\/strong>Das Robert-Koch-Institut informiert zum COVID-19-Geschehen in Italien: Mit Stand vom 24.02.2020 meldet Italien einen sprunghaften Anstieg der Fallzahlen von COVID-19 aus mehreren Regionen: Neben drei bereits bekannten importierten F\u00e4llen in der Region Lazio, die jeweils einen Bezug zu China hatten, kommen aktuell zahlreiche F\u00e4lle v.a. in der Lombardei und in Venezien vor.<\/p>\n\n\n\n<p>Reisende, die mit einer in Italien an COVID-19 erkrankten Person einen pers\u00f6nlichen Kontakt hatten, sollten sich umgehend an ihr Gesundheitsamt wenden. Alle anderen Reisenden aus italienischen Regionen mit COVID-19-Erkrankungsf\u00e4llen, die innerhalb von 14 Tagen nach R\u00fcckreise Fieber, Husten oder Atemnot entwickeln, sollten nach telefonischer Anmeldung und unter Hinweis auf die Reise einen Arzt aufsuchen. Zudem sollten diese Personen unn\u00f6tige Kontakte vermeiden, nach M\u00f6glichkeit zu Hause bleiben, beim Husten und Niesen Abstand halten oder sich wegdrehen und sich die Armbeuge oder ein Taschentuch, das sie sofort entsorgen, vor Mund und Nase halten. Auch die H\u00e4nde regelm\u00e4\u00dfig und gr\u00fcndlich mit Wasser und Seife zu waschen, ist zu empfehlen.<\/p>\n\n\n\n<p><em>Kreisverwaltung Germersheim<br>04.03.2020<\/em><\/p>\n\n\n\n<h2 class=\"wp-block-heading\">Quarant\u00e4ne f\u00fcr China-R\u00fcckkehrer in Germersheim beendet<\/h2>\n\n\n\n<h3 class=\"wp-block-heading\">Landrat dankt allen Beteiligten f\u00fcr ihr Engagement und das gute Zusammenspiel<\/h3>\n\n\n\n<p><strong>Germersheim &#8211; <\/strong>Die Quarant\u00e4ne f\u00fcr die 124 in der Germersheimer S\u00fcdpfalz-Kaserne verbliebenen China-R\u00fcckkehrer ist seit Sonntag beendet. Nach einer dritten Beprobung und einem \u00e4rztlichen Check wurde bei keinem der G\u00e4ste und keinem der Helfer des Deutschen Roten Kreuzes das Coronavirus nachgewiesen. Es besteht kein Verdacht f\u00fcr eine Infektion mit Sars-CoV-2 gem\u00e4\u00df Infektionsschutzgesetz. Die 124 R\u00fcckkehrer und 22 Einsatzkr\u00e4fte des Deutschen Roten Kreuzes gelten somit nicht als ansteckungsverd\u00e4chtig. \u201eDer Amtsarzt unseres Gesundheitsamtes der Kreisverwaltung Germersheim konnte die Quarant\u00e4ne-Verf\u00fcgung f\u00fcr alle Personen aufheben. Noch am Sonntag haben sich die China-R\u00fcckkehrer auf die Reise zu ihren pers\u00f6nlichen Zielorten begeben. Ich bin sehr froh, dass die Quarant\u00e4ne ein so gl\u00fcckliches Ende genommen hat\u201c, so Landrat Dr. Fritz Brechtel.<\/p>\n\n\n\n<p>Zwei Wochen hatten die insgesamt 146 R\u00fcckkehrer und Einsatzkr\u00e4fte auf einem abgeriegelten Gel\u00e4nde in einem neu errichteten Geb\u00e4ude innerhalb der S\u00fcdpfalzkaserne verbracht. Dreimal wurden in dieser Zeit Rachenabstriche genommen und ins Landesuntersuchungsamt zur Beprobung gebracht. Die Betreuung der R\u00fcckkehrer innerhalb der Quarant\u00e4nezone hatte das Deutsche Rote Kreuz mit 22 Freiwilligen \u00fcbernommen. Im Hintergrund im Einsatz waren zahlreiche weitere Helfer der Bundeswehr sowie Ehrenamtliche auch aus Organisationen aus dem Landkreis Germersheim. \u201eAls Leiter der Kreisverwaltung, die f\u00fcr die Durchf\u00fchrung der Quarant\u00e4ne nach \u00a7 30 Infektionsschutzgesetz von Anfang bis Ende Verantwortung getragen hat, m\u00f6chte ich mich bei allen Beteiligten bedanken: Danke an alle, die in dieser besonderen Situation im Einsatz waren \u2013 egal ob ehrenamtlich oder hauptamtlich\u201c, betont Landrat Brechtel. Das Zusammenwirken der verschiedenen Organisationen habe sehr gut funktioniert: \u201eBesonders m\u00f6chte ich die hervorragende Kooperation mit der Bundeswehr hervorheben. Sie und die Kr\u00e4fte des DRK haben gemeinsam mit unserer medizinischen Schiene alles getan, damit diese herausfordernde Aufgabe und Zeit gut gemeistert und zu einem gl\u00fccklichen Ende gef\u00fchrt werden konnte.\u201c<br>\nLandrat Brechtel betont auch, \u201edass die Bew\u00e4ltigung dieser neuartigen und komplexen Aufgabe nur m\u00f6glich war, weil alle Beteiligten hervorragend gemeinsam zusammengearbeitet und sich dabei \u00fcber die Ma\u00dfen zeitlich und fachlich eingesetzt haben. Die Verantwortung wurde angenommen, es gab einen gro\u00dfen Einsatzwillen von Hauptamtlichen, auch in Amtshilfe, und auch von zahlreichen Ehrenamtlichen, alle haben sich in unglaublichem Ma\u00dfe engagiert.\u201c<\/p>\n\n\n\n<p>Der Parlamentarische Staatssekret\u00e4r im Bundesgesundheitsministerium Dr. Thomas Gebhart: \u201eIch freue mich sehr, dass die R\u00fcckkehrer aus Wuhan gesund zu ihren Familien zur\u00fcckkehren k\u00f6nnen. Die Quarant\u00e4ne war f\u00fcr alle Beteiligten nicht einfach. Aber sie war notwendig zum Schutze aller. Mein Dank gilt allen, die das m\u00f6glich gemacht haben. Aber mein Dank gilt auch den B\u00fcrgerinnen und B\u00fcrgern von Germersheim, die diese Situation so gelassen mitgetragen haben. Wir haben gezeigt: Wenn es darauf ankommt, arbeiten Bund, L\u00e4nder und Kommunen Hand in Hand, um die Bev\u00f6lkerung zu sch\u00fctzen.\u201c<\/p>\n\n\n\n<p>Der Kommandeur des Luftwaffenausbildungsbataillons und Standort\u00e4ltester des Standorts Germersheim, Oberstleutnant Peter Eckert im R\u00fcckblick: \u201eEs ist bemerkenswert und einzigartig was die Angeh\u00f6rigen des Standortes und des Luftwaffenausbildungsbataillons in den letzten Wochen geleistet haben. Ich bin stolz auf dieses Team und dessen bemerkenswerte Leistungsf\u00e4higkeit. Ebenso hervorragend gestaltete sich auch die Zusammenarbeit mit Landkreis, Stadt, DRK sowie allen anderen Beteiligten. Als Luftwaffe war es uns ein aufrichtiges Bed\u00fcrfnis, alles f\u00fcr das Wohlergehen der R\u00fcckkehrer aus Wuhan zu tun und Ihnen diese besondere Situation so angenehm wie irgend m\u00f6glich zu gestalten. Die vergangen zwei Wochen waren f\u00fcr uns alle besonders und herausfordernd und deshalb freut es uns umso mehr, dass wir unsere G\u00e4ste heute aus der Quarant\u00e4ne entlassen durften. Wir w\u00fcnschen allen eine gute Heimreise und f\u00fcr die Zukunft alles erdenklich Gute. Danke nochmals an alle f\u00fcr diese au\u00dferordentliche und hervorragende Teamleistung und das bemerkenswerte Zeichen der Geschlossenheit!\u201c<\/p>\n\n\n\n<p>\u201eWir sind gl\u00fccklich, dass die Isolation der R\u00fcckkehrer und Helfer in Germersheim aufgehoben werden konnte. Die Belastung f\u00fcr alle Beteiligten war enorm gro\u00df. Mein Dank gilt allen insgesamt rund 120 Helfern des DRK, die jeden Tag mit beispiellosem Engagement im Einsatz waren, ganz besonders den 22 Freiwilligen in der Kaserne. Es war eine gro\u00dfartige Leistung, 14 Tage lang die Betreuung der 124 R\u00fcckkehrer zu \u00fcbernehmen und mit ihnen isoliert zu leben\u201c, sagte DRK-Generalsekret\u00e4r Christian Reuter am Sonntag. Unter der Leitung des Generalsekretariats des Deutschen Roten Kreuzes seien an dem Einsatz auch der Verband der Schwesternschaften vom DRK sowie die DRK-Landesverb\u00e4nde Rheinland-Pfalz, Baden-W\u00fcrttemberg, Berliner Rotes Kreuz, Brandenburg, Hessen, Nordrhein, Saarland, Sachsen, Schleswig-Holstein und der DRK-Bezirksverband Frankfurt\/Main beteiligt gewesen.<\/p>\n\n\n\n<p>Die gesamte Zeit war gepr\u00e4gt von einem guten Zusammenspiel unterschiedlicher Organisationen und Einrichtungen: dem Luftwaffenausbildungsbataillon der Bundeswehr in der S\u00fcdpfalz-Kaserne in Germersheim, der Kreisverwaltung Germersheim, dem Bundesministerium f\u00fcr Gesundheit, dem Ministerium des Landes Rheinland-Pfalz f\u00fcr Soziales, Arbeit, Gesundheit und Demografie, der Stadt Germersheim, dem Deutschen Roten Kreuz, der Polizei, dem Malteser Hilfsdienst, dem Technischen Hilfswerk, der Feuerwehr, der Deutschen Lebensrettungsgesellschaft, benachbarten Kreisverwaltungen, dem Robert-Koch-Institut, dem Landesuntersuchungsamt, den Krankenh\u00e4usern und dem \u00c4rztlichen Dienst der Bundeswehr.<\/p>\n\n\n\n<p><em>Kreisverwaltung Germersheim<br>04.03.2020<\/em><\/p>\n\n\n\n<h2 class=\"wp-block-heading\"><strong>Weitere\nMedieninformation aus der Quarant\u00e4ne-Einrichtung erst nach Vorliegen der\nn\u00e4chsten Testergebnisse<\/strong><\/h2>\n\n\n\n<p><strong>Germersheim &#8211; <\/strong>Am Freitag, 14. Februar 2020, wird es eine weitere Beprobung der China-R\u00fcckkehrer und der DRK-Helferinnen und Helfer geben, denn bis zum Ende der Quarant\u00e4nezeit ist nicht auszuschlie\u00dfen, dass doch noch ein Nachweis des Virus\u00b4 erfolgt. Mit den Ergebnissen ist fr\u00fchestens Samstagabend zu rechnen. Selbst nach einem wiederholt negativen Ergebnis wird am Sonntag eine \u00e4rztliche Untersuchung aller in der Quarant\u00e4ne befindlichen Personen stattfinden. Erst danach kann \u00fcber eine Aufhebung der Quarant\u00e4ne entschieden werden.<\/p>\n\n\n\n<p><em>Kreisverwaltung Germersheim<\/em><br><em>14.02.2020<\/em><\/p>\n\n\n\n<h2 class=\"wp-block-heading\"><strong>Gute\nNachrichten aus der Quarant\u00e4ne-Einrichtung: Alle Ergebnisse der Beprobung von\nMontag sind negativ<\/strong><\/h2>\n\n\n\n<p><strong>Germersheim &#8211; <\/strong>Alle Proben, die am Montag von den China-R\u00fcckkehrern in der Quarant\u00e4ne-Einrichtung in der S\u00fcdpfalzkaserne in Germersheim genommen wurden, sind negativ. Bei keinem der 122 R\u00fcckkehrerinnen und R\u00fcckkehrern und den 22 Helferinnen und Helfern des Deutschen Roten Kreuzes im Quarant\u00e4nebereich wurde das neue Coronavirus nachgewiesen. Die Testergebnisse geliefert hat das Landesuntersuchungsamt Rheinland-Pfalz.<\/p>\n\n\n\n<p>Am Freitag wird es noch eine\nweitere Beprobung geben. Denn auch wenn es mit zunehmender Dauer immer\nunwahrscheinlicher wird, dass das Virus noch nachgewiesen wird, ist es bis zum\nEnde der Quarant\u00e4nezeit nicht auszuschlie\u00dfen, dass doch noch ein Nachweis\nerfolgt.<\/p>\n\n\n\n<p>Mit den Ergebnissen ist\nfr\u00fchestens Samstagabend zu rechnen. Eine m\u00f6gliche Aufhebung der Quarant\u00e4ne erfolgt nach den Richtlinien des Robert Koch\nInstitutes. Demnach folgt selbst nach einem wiederholt negativen Ergebnis am\nSonntag eine \u00e4rztliche Untersuchung. Erst danach kann \u00fcberhaupt \u00fcber eine\nAufhebung der Quarant\u00e4ne entschieden werden. <\/p>\n\n\n\n<p>Momentan zeigen sich alle Beteiligten erleichtert \u00fcber das aktuelle negative Ergebnis der aktuellen Beprobung. Sowohl die Mitarbeiter des Deutschen Roten Kreuzes, die Vertreter der Bundeswehr, des Landkreises und der Stadt Germersheim sowie die Ministerien sind optimistisch und schauen zuversichtlich auf ein Ende der Quarant\u00e4nezeit f\u00fcr die China-R\u00fcckkehrer und die Helferinnen und Helfer in der Quarant\u00e4nezone.<\/p>\n\n\n\n<p><em>Kreisverwaltung Germersheim<br>14.02.2020<\/em><\/p>\n\n\n\n<h2 class=\"wp-block-heading\">Corona-Virus: Hotline beim Landesgesundheitsamt eingerichtet<\/h2>\n\n\n\n<h3 class=\"wp-block-heading\">Gemeinsame Pressemeldung des Sozialministeriums und Landesgesundheitsamts<\/h3>\n\n\n\n<div class=\"wp-block-image\"><figure class=\"aligncenter\"><img decoding=\"async\" loading=\"lazy\" width=\"800\" height=\"533\" src=\"https:\/\/speyer24news.com\/wp-content\/uploads\/2020\/02\/blogger-336371_1920.jpg\" alt=\"\" class=\"wp-image-25220\" srcset=\"https:\/\/speyer24news.com\/wp-content\/uploads\/2020\/02\/blogger-336371_1920.jpg 800w, https:\/\/speyer24news.com\/wp-content\/uploads\/2020\/02\/blogger-336371_1920-300x200.jpg 300w, https:\/\/speyer24news.com\/wp-content\/uploads\/2020\/02\/blogger-336371_1920-768x512.jpg 768w\" sizes=\"(max-width: 800px) 100vw, 800px\" \/><\/figure><\/div>\n\n\n\n<p><strong>Mannheim \/ Stuttgart \/ Baden-W\u00fcrttemberg &#8211; <\/strong>In der Region Mannheim gibt es auch weiterhin keinen vermuteten oder best\u00e4tigten Fall von Corona-Viren-Infektionen. Das Landesgesundheitsamt hat nun eine Hotline f\u00fcr B\u00fcrger*innen zu dem Thema eingerichtet. <\/p>\n\n\n\n<p>Gesundheitsminister Lucha und Regierungspr\u00e4sident Reimer betonen, dass die Gesundheitsbeh\u00f6rden im Land gut auf das neuartige Coronavirus vorbereitet und das Risiko f\u00fcr Bev\u00f6lkerung gering seien. In einer gemeinsamen Pressemitteilung des Ministeriums und Landesgesundheitsamtes hei\u00dft es dazu:<\/p>\n\n\n\n<p>\u201eAb sofort k\u00f6nnen sich B\u00fcrgerinnen und B\u00fcrger werktags zwischen 9:00 und 16:00 Uhr unter der Telefonnummer 0711\/904-39555 mit Fragen zum neuartigen Coronavirus an eine eigens eingerichtete Hotline des Landesgesundheitsamts (LGA) Baden-W\u00fcrttemberg im Regierungspr\u00e4sidium Stuttgart wenden. \u201eWir haben Verst\u00e4ndnis f\u00fcr das gro\u00dfe Informationsbed\u00fcrfnis der Menschen. Da die Flut an Meldungen sowie teilweise bewusste Falschinformationen in den Sozialen Netzwerken zu Verunsicherungen f\u00fchren, haben wir die Hotline beim Landesgesundheitsamt eingerichtet\u201c, sagte Gesundheitsminister Manne Lucha am Mittwoch (5. Februar) in Stuttgart.<\/p>\n\n\n\n<p>\u201eNeben der Hotline f\u00fcr B\u00fcrgerinnen und B\u00fcrger informieren wir \u00fcber das Coronavirus selbstverst\u00e4ndlich auch \u00fcber unsere Internetseiten, die wir regelm\u00e4\u00dfig aktualisieren\u201c, sagte der Stuttgarter Regierungspr\u00e4sident Wolfgang Reimer, in dessen Beh\u00f6rde das Landesgesundheitsamt (LGA) angesiedelt ist. Reimer erkl\u00e4rte au\u00dferdem, dass im Falle eines best\u00e4tigten Falls das Kompetenzzentrum Gesundheitsschutz beim Landesgesundheitsamt die zentrale Koordination im Land \u00fcbernehme und die Gesundheits\u00e4mter vor Ort als \u201eTask Force\u201c unterst\u00fctze. \u201eSchon jetzt sind die Expertinnen und Experten beim LGA rund um die Uhr f\u00fcr die Gesundheits\u00e4mter erreichbar\u201c, so Reimer.<\/p>\n\n\n\n<p>In Baden-W\u00fcrttemberg wurden bislang keine Erkrankungen am Coronavirus festgestellt. Im Labor des LGA wurden bisher 84 Proben vorsorglich untersucht \u2013 alle waren negativ. \u201eAktuell befinden sich neun Personen in Baden-W\u00fcrttemberg, die Kontakt zu einer infizierten Person aus Bayern hatten, vorsorglich f\u00fcr 14 Tage \u2013 die Inkubationszeit \u2013 in h\u00e4uslicher Absonderung. Bisher sind alle bei diesen Personen durchgef\u00fchrten Tests auf das Coronavirus negativ ausgefallen\u201c, erkl\u00e4rte die Leiterin des LGA, Dr. Karlin Stark.<\/p>\n\n\n\n<p>Das Erkrankungsrisiko f\u00fcr die Bev\u00f6lkerung in Deutschland wird vom Robert-Koch-Institut in Berlin weiterhin als gering eingestuft. Die Lage ist jedoch dynamisch, sodass sich diese Einsch\u00e4tzung kurzfristig durch neue Erkenntnisse \u00e4ndern kann. Ausf\u00fchrliche Informationen zum Krankheisterreger, zum Verbreitungsgebiet, den Infektionsschutzma\u00dfnahmen bei Verdachtsf\u00e4llen und weitere Hinweise k\u00f6nnen auf der Internetseite des Robert Koch-Instituts abgerufen werden. Dort steht auch eine umfangreiche Fragen-und-Antworten-Liste zur Verf\u00fcgung: <a href=\"https:\/\/www.rki.de\/SharedDocs\/FAQ\/NCOV2019\/FAQ_Liste.html\">https:\/\/www.rki.de\/SharedDocs\/FAQ\/NCOV2019\/FAQ_Liste.html<\/a><\/p>\n\n\n\n<p>Weitere Informationen finden Sie auch folgender Website: <a href=\"https:\/\/sozialministerium.baden-wuerttemberg.de\/de\/gesundheit-pflege\/gesundheitsschutz\/infektionsschutz-hygiene\/informationen-zu-coronavirus\/\">https:\/\/sozialministerium.baden-wuerttemberg.de\/de\/gesundheit-pflege\/gesundheitsschutz\/infektionsschutz-hygiene\/informationen-zu-coronavirus\/<\/a>.<br> Dort ist auch das Faktenblatt des Landesgesundheitsamtes verlinkt (<a href=\"https:\/\/sozialministerium.baden-wuerttemberg.de\/fileadmin\/redaktion\/m-sm\/intern\/downloads\/Downloads_Gesundheitsschutz\/Coronavirus_LGA-Faktenblatt_06-02-2020.pdf\">https:\/\/sozialministerium.baden-wuerttemberg.de\/fileadmin\/redaktion\/m-sm\/intern\/downloads\/Downloads_Gesundheitsschutz\/Coronavirus_LGA-Faktenblatt_06-02-2020.pdf<\/a> ) sowie h\u00e4ufige Fragen &amp; Antworten zum Virus.<\/p>\n\n\n\n<p><em>Sozialministerium und Landesgesundheitsamt Baden-W\u00fcrttemberg<br>08.02.2020<\/em><\/p>\n\n\n\n<h2 class=\"wp-block-heading\"><strong>Bisher kein Coronavirus bei R\u00fcckkehrern in Germersheim nachgewiesen<\/strong><\/h2>\n\n\n\n<div class=\"wp-block-image\"><figure class=\"aligncenter\"><img decoding=\"async\" loading=\"lazy\" width=\"800\" height=\"533\" src=\"https:\/\/speyer24news.com\/wp-content\/uploads\/2020\/02\/mouth-guard-4791772_1920.jpg\" alt=\"\" class=\"wp-image-25124\" srcset=\"https:\/\/speyer24news.com\/wp-content\/uploads\/2020\/02\/mouth-guard-4791772_1920.jpg 800w, https:\/\/speyer24news.com\/wp-content\/uploads\/2020\/02\/mouth-guard-4791772_1920-300x200.jpg 300w, https:\/\/speyer24news.com\/wp-content\/uploads\/2020\/02\/mouth-guard-4791772_1920-768x512.jpg 768w\" sizes=\"(max-width: 800px) 100vw, 800px\" \/><\/figure><\/div>\n\n\n\n<p><strong>S\u00fcdpfalz Kaserne Germersheim \u2013<\/strong> Das mit Spannung erwartete Ergebnis der Beprobung aller China-R\u00fcckkehrer liegt nun vor. Es ist sehr erfreulich.&nbsp; Bei keinem der in der S\u00fcdpfalz Kaserne in Germersheim untergebrachten R\u00fcckkehrer konnte bisher das Coronavirus nachgewiesen werden. Landrat und Kommandeur \u00fcberbrachten die freudige Nachricht an die G\u00e4ste und die Helfer des Roten Kreuzes im Quarant\u00e4nebereich, wo die Nachricht mit gro\u00dfer Erleichterung und Freude aufgenommen wurde. <\/p>\n\n\n\n<p>Das Landesuntersuchungsamt Rheinland-Pfalz, das die\nUntersuchung durchgef\u00fchrt hat, weist allerdings darauf hin, dass es f\u00fcr eine\nEntwarnung noch viel zu fr\u00fch sei. Das Virus k\u00f6nne noch bis zum Ende der\nQuarant\u00e4nezeit auftreten. Dennoch ist die rheinland-pf\u00e4lzische\nGesundheitsministerin zuversichtlich: \u201eDas Ergebnis ist eine gute\nAusgangsbedingung daf\u00fcr, dass die Quarant\u00e4ne hoffentlich wie vorgesehen beendet\nwerden kann.\u201c Der Landrat des Landkreises Germersheim, Dr. Brechtel erg\u00e4nzte:\n\u201cIch bin sehr erleichtert. Das ist in erster Linie f\u00fcr die R\u00fcckkehrer ein\nberuhigendes Ergebnis, aber auch f\u00fcr alle Beteiligten, die sich um die Menschen\nk\u00fcmmern.\u201c<\/p>\n\n\n\n<p>Die Gesundheitsbeh\u00f6rden sehen eine weitere Testung in der n\u00e4chsten Woche und am Ende der vorgesehenen Quarant\u00e4nezeit vor. Sie dienen dazu,&nbsp; m\u00f6gliche Infektionen fr\u00fchzeitig zu erkennen, infektionshygienische Ma\u00dfnahmen zu unterst\u00fctzen und den R\u00fcckkehrern in der Quarant\u00e4ne Sicherheit zu geben. <\/p>\n\n\n\n<p><em>Au\u00dfenstelle Gesundheitsamt S\u00fcdpfalzkaserne Germersheim<br>06.02.2020<\/em><\/p>\n\n\n\n<h2 class=\"wp-block-heading\"><strong>115 Personen aus China zur\u00fcckgebracht<\/strong><\/h2>\n\n\n\n<h3 class=\"wp-block-heading\">2 davon positiv auf das Coronavirus getestet.<\/h3>\n\n\n\n<div class=\"wp-block-image\"><figure class=\"aligncenter\"><img decoding=\"async\" loading=\"lazy\" width=\"800\" height=\"400\" src=\"https:\/\/speyer24news.com\/wp-content\/uploads\/2020\/02\/virus-1812092_1920.jpg\" alt=\"\" class=\"wp-image-25128\" srcset=\"https:\/\/speyer24news.com\/wp-content\/uploads\/2020\/02\/virus-1812092_1920.jpg 800w, https:\/\/speyer24news.com\/wp-content\/uploads\/2020\/02\/virus-1812092_1920-300x150.jpg 300w, https:\/\/speyer24news.com\/wp-content\/uploads\/2020\/02\/virus-1812092_1920-768x384.jpg 768w\" sizes=\"(max-width: 800px) 100vw, 800px\" \/><\/figure><\/div>\n\n\n\n<p><strong>Frankfurt \/ Germersheim &#8211; <\/strong>Am 01. Februar 2020 wurden 115 Personen, die zuvor aus Wuhan, China, zur\u00fcckgeholt wurden, vom Flughafen Frankfurt nach Germersheim in Quarant\u00e4ne gebracht. Hier befindet sich die zentrale Unterbringung f\u00fcr die R\u00fcckkehrer. Die Unterbringung erfolgte nach den \u00fcblichen, f\u00fcr diese Situationen vorgegebenen Verfahrensweisen unter den Vorgaben des zust\u00e4ndigen Amtsarztes des Landkreises Germersheim. Die Betreuung erfolgte durch das Deutsche Rote Kreuz.<\/p>\n\n\n\n<p>Am\nMorgen des 02. Februars 2020 erhielt die \u00f6rtliche Einsatzleitung in Germersheim\ndie Information, dass zwei Personen in Frankfurt positiv auf das Corona-Virus\ngetestet wurden. Es ist der Fall eingetreten, wof\u00fcr die Einrichtung dieser\nSchutzzone erfolgt ist. Die betroffenen Personen haben diesen Befund gefasst\naufgenommen und wurden isoliert. Als weitere Ma\u00dfnahme werden die Personen mit\neinem Infektionsschutzkrankentransportwagen durch das Deutsche Rote Kreuz in\ndas Uniklinikum Frankfurt gefahren.<\/p>\n\n\n\n<p>F\u00fcr das am Standort Germersheim eingesetzte milit\u00e4rische wie zivile Personal, sowie f\u00fcr die ehrenamtlichen Helfer vom Deutschen Roten Kreuz und die Bev\u00f6lkerung besteht kein Grund zur Sorge.<\/p>\n\n\n\n<p><em>Gemeinsame Pressemitteilung der Luftwaffe, dem Deutschem Roten Kreuz, dem Landkreis und der Stadt Germersheim<br>02.02.2020<\/em><\/p>\n\n\n\n<h2 class=\"wp-block-heading\"><strong>\u201eBundeswehrstandort\nist gut vorbereitet\u201c<\/strong><\/h2>\n\n\n\n<h3 class=\"wp-block-heading\"><strong>\u201eKeine\nGefahr f\u00fcr Anwohner\u201c<\/strong><\/h3>\n\n\n\n<h4 class=\"wp-block-heading\"><strong>\u201eEs kommen ausschlie\u00dflich Personen in Germersheim in Quarant\u00e4ne, die keine Krankheitssymptome aufweisen\u201c<\/strong><\/h4>\n\n\n\n<div class=\"wp-block-image\"><figure class=\"aligncenter\"><img decoding=\"async\" loading=\"lazy\" width=\"800\" height=\"533\" src=\"https:\/\/speyer24news.com\/wp-content\/uploads\/2020\/02\/insulation-station-4799475_1920.jpg\" alt=\"\" class=\"wp-image-25127\" srcset=\"https:\/\/speyer24news.com\/wp-content\/uploads\/2020\/02\/insulation-station-4799475_1920.jpg 800w, https:\/\/speyer24news.com\/wp-content\/uploads\/2020\/02\/insulation-station-4799475_1920-300x200.jpg 300w, https:\/\/speyer24news.com\/wp-content\/uploads\/2020\/02\/insulation-station-4799475_1920-768x512.jpg 768w\" sizes=\"(max-width: 800px) 100vw, 800px\" \/><\/figure><\/div>\n\n\n\n<p><strong>S\u00fcdpfalz Kaserne Germersheim \u2013<\/strong> Ca. 130 deutsche Staatsb\u00fcrger werden aus der vom Coronavirus betroffenen chinesischen Provinz Hubei von der Bundesregierung zur\u00fcck nach Deutschland geflogen. Nach ihrer Landung in Frankfurt sollen diese Personen in der S\u00fcdpfalzkaserne in Germersheim f\u00fcr 14 Tage unter Quarant\u00e4ne gestellt werden. \u00dcber diese Entscheidung des federf\u00fchrend zust\u00e4ndigen Bundesministeriums f\u00fcr Gesundheit wurden Landrat Dr. Fritz Brechtel, B\u00fcrgermeister Marcus Schaile und der Beigeordnete der Stadt Germersheim, Dr. Sascha Hofmann, gestern informiert.<\/p>\n\n\n\n<p>Am Bundeswehrstandort in der\nS\u00fcdpfalzkaserne wurden alle notwendigen Vorkehrungen getroffen, damit die\nankommenden Menschen hier optimal versorgt und untergebracht werden k\u00f6nnen. Die\nBeh\u00f6rden vor Ort unterst\u00fctzen die Kr\u00e4fte am Bundeswehrstandort und das federf\u00fchrende\nBundesgesundheitsministerium und stehen in einem st\u00e4ndigen Austausch.<\/p>\n\n\n\n<p>Landrat Dr. Fritz Brechtel und Dr. Sascha Hofman betonen, dass ausschlie\u00dflich deutsche Staatsb\u00fcrger hier vor\u00fcbergehende untergebracht werden, die bisher keinerlei Krankheitssymptome aufweisen. F\u00fcr die Bev\u00f6lkerung besteht keine Gefahr einer Ansteckung. Bei der Ma\u00dfnahme handelt es sich um eine reine Vorsichtsma\u00dfnahme. <\/p>\n\n\n\n<p><em>Kreisverwaltung Germersheim<br>31.01.2020<\/em><\/p>\n\n\n\n<h2 class=\"wp-block-heading\">Bisher kein Fall von Corona-Infektionen in Mannheim<\/h2>\n\n\n\n<div class=\"wp-block-image\"><figure class=\"aligncenter\"><img decoding=\"async\" loading=\"lazy\" width=\"500\" height=\"500\" src=\"https:\/\/speyer24news.com\/wp-content\/uploads\/2020\/02\/virus-4810549_1920.png\" alt=\"\" class=\"wp-image-25116\" srcset=\"https:\/\/speyer24news.com\/wp-content\/uploads\/2020\/02\/virus-4810549_1920.png 500w, https:\/\/speyer24news.com\/wp-content\/uploads\/2020\/02\/virus-4810549_1920-150x150.png 150w, https:\/\/speyer24news.com\/wp-content\/uploads\/2020\/02\/virus-4810549_1920-300x300.png 300w\" sizes=\"(max-width: 500px) 100vw, 500px\" \/><\/figure><\/div>\n\n\n\n<p><strong>Mannheim &#8211; <\/strong>Inzwischen gibt es die ersten Nachweise der neuen Lungenkrankheit in Deutschland. In der Region Mannheim gibt es hingegen bislang keinen vermuteten oder best\u00e4tigten Fall von Corona-Viren.<\/p>\n\n\n\n<p>Sofern es Verdachtsf\u00e4lle gibt, sind diese dem Gesundheitsamt zu melden. Ein Verdacht auf eine Erkrankung liegt nach Angaben des Robert Koch-Instituts (RKI) vor allem in zwei F\u00e4llen vor:<\/p>\n\n\n\n<ul><li>Zum einen, wenn ein Mensch eine akute Infektion der unteren Atemwege wie zum Beispiel eine Lungenentz\u00fcndung hat <strong>und bis maximal 14 Tage vor dem Erkrankungsbeginn in einem Risikogebiet &#8211; etwa in Wuhan in China &#8211; war.<\/strong><\/li><li>Als Verdachtsfall wird auch eingestuft, wenn die Person nur Symptome wie Husten hat, aber<strong> in direktem Kontakt mit einem Erkrankten<\/strong> bis maximal 14 Tage vor Erkrankungsbeginn war.<\/li><\/ul>\n\n\n\n<p>Gem\u00e4\u00df Infektionsschutzgesetz besteht eine Arzt- und Labormeldepflicht f\u00fcr das Auftreten einer bedrohlichen \u00fcbertragbaren Krankheit sowie den Nachweis von Coronaviren. In Verdachtsf\u00e4llen gem\u00e4\u00df o.g. Definition werden entsprechende Tests (in der Regel Abstriche aus Nase oder Rachen und, wenn m\u00f6glich, eine Probeentnahme aus den unteren Atemwegen) durchgef\u00fchrt.<\/p>\n\n\n\n<h4 class=\"wp-block-heading\">Vorsichtsma\u00dfnahmen (Pr\u00e4vention)<\/h4>\n\n\n\n<p>Aufgrund der derzeitigen Grippesaison auf der Nordhalbkugel kommt es zu zeitgleichem Auftreten von Erkrankungen durch Influenza-Viren, die \u00e4hnliche Symptome wie Coronaviren hervorrufen. Vor einer Erkrankung an saisonaler Influenza k\u00f6nnen Sie sich durch eine Impfung sch\u00fctzen. Eine Influenza-Impfung tr\u00e4gt dadurch auch zur Vermeidung unn\u00f6tiger Verdachtsf\u00e4lle einer Infektion durch Corona-Viren bei. <\/p>\n\n\n\n<h4 class=\"wp-block-heading\">Zur Vermeidung einer Infektion wird folgendes Verhalten empfohlen:<\/h4>\n\n\n\n<ul><li>Achten Sie auf eine gute pers\u00f6nliche Hygiene, insbesondere auf regelm\u00e4\u00dfiges richtiges H\u00e4ndewaschen.<\/li><li>Vermeiden Sie direkten Kontakt mit Personen, die an Atemwegserkrankungen leiden.<\/li><li>Husten und nie\u00dfen Sie in ein Taschentuch oder in die Ellenbeuge.<\/li><li>Falls Sie Fieber, Husten oder Atemschwierigkeiten haben, gehen Sie zum Arzt \u2013 dies gilt insbesondere, nach Aufenthalt in den Ausbruchsgebieten oder engem Kontakt mit einer Person aus dem Ausbruchsgebiet.<\/li><\/ul>\n\n\n\n<h4 class=\"wp-block-heading\">Verlauf meist mild<\/h4>\n\n\n\n<p>Eine Impfung oder eine spezielle Therapie zur Behandlung der Erkrankung gibt es nicht, die Symptome k\u00f6nnen aber mit Medikamenten abgemildert werden. Nach derzeitiger Einsch\u00e4tzung von Experten verl\u00e4uft die neuartige Lungenkrankheit offenbar in den meisten F\u00e4llen mild, m\u00f6glicherweise sogar ohne Symptome. Vor allem bei \u00e4lteren Patienten mit schweren Vorerkrankungen kann die Erkrankung auch schwer verlaufen bis hin zu Todesf\u00e4llen.<\/p>\n\n\n\n<h4 class=\"wp-block-heading\">Weitere Infos:<\/h4>\n\n\n\n<p>Die f\u00fcr Deutschland geltende Falldefinition und Ma\u00dfnahmen bei einem Verdachtsfall finden Sie hier: <a href=\"https:\/\/www.rki.de\/DE\/Content\/InfAZ\/N\/Neuartiges_Coronavirus\/Falldefinition.html\">https:\/\/www.rki.de\/DE\/Content\/InfAZ\/N\/Neuartiges_Coronavirus\/Falldefinition.html<\/a><\/p>\n\n\n\n<p>Informationen des RKI zum neuen Coronavirus und dem Umgang damit:<a href=\"https:\/\/www.rki.de\/SharedDocs\/FAQ\/NCOV2019\/FAQ_Liste.html\">https:\/\/www.rki.de\/SharedDocs\/FAQ\/NCOV2019\/FAQ_Liste.html<\/a><\/p>\n\n\n\n<p>Falldefinition RKI: <a href=\"https:\/\/www.rki.de\/DE\/Content\/InfAZ\/N\/Neuartiges_Coronavirus\/Falldefinition.html\">https:\/\/www.rki.de\/DE\/Content\/InfAZ\/N\/Neuartiges_Coronavirus\/Falldefinition.html<\/a><\/p>\n\n\n\n<p>Orientierungshilfe des RKI f\u00fcr \u00c4rzte: <a href=\"https:\/\/www.rki.de\/DE\/Content\/InfAZ\/N\/Neuartiges_Coronavirus\/nCoV_Verdachtsabklaerung_Massnahmen.html\">https:\/\/www.rki.de\/DE\/Content\/InfAZ\/N\/Neuartiges_Coronavirus\/nCoV_Verdachtsabklaerung_Massnahmen.html<\/a><\/p>\n\n\n\n<p><em>Stadt Mannheim<br>29.01.2020<\/em><\/p>\n","protected":false},"excerpt":{"rendered":"<div class=\"mh-excerpt\"><p>\u201eDrive-in\u201c f\u00fcr begr\u00fcndete Corona-Verdachtsf\u00e4lle: Stadt Landau sowie Landkreise Germersheim und S\u00fcdliche Weinstra\u00dfe richten Diagnosezentrum ein Landau &#8211; Die Stadt Landau sowie die Landkreise Germersheim und S\u00fcdliche Weinstra\u00dfe haben auf dem Alfred-Nobel-Platz in Landau ein gemeinsames <a class=\"mh-excerpt-more\" href=\"https:\/\/speyer24news.com\/?p=25123\" title=\"Corona-Virus\">[&#8230;]<\/a><\/p>\n<\/div>","protected":false},"author":3,"featured_media":25125,"comment_status":"open","ping_status":"open","sticky":false,"template":"","format":"standard","meta":{"_monsterinsights_skip_tracking":false,"_monsterinsights_sitenote_active":false,"_monsterinsights_sitenote_note":"","_monsterinsights_sitenote_category":0,"footnotes":""},"categories":[1453],"tags":[318,6333,6218,6208,551,6259,1540,5900,5800,6200,6210,6199,5904,5801,6258,5910,6335,6336,1064,6257,6332,5909,5906,60,5905,210,3620,6220,180,6216,6217,6219,6207,6209,6211,58,5973,5569,2962,2865,6213,5907,56,6334,6214,5908,2625,380,6221,127,6212,2944,5974,6,359,451,5899,5976,5975,5613,224],"aioseo_notices":[],"amp_enabled":true,"_links":{"self":[{"href":"https:\/\/speyer24news.com\/index.php?rest_route=\/wp\/v2\/posts\/25123"}],"collection":[{"href":"https:\/\/speyer24news.com\/index.php?rest_route=\/wp\/v2\/posts"}],"about":[{"href":"https:\/\/speyer24news.com\/index.php?rest_route=\/wp\/v2\/types\/post"}],"author":[{"embeddable":true,"href":"https:\/\/speyer24news.com\/index.php?rest_route=\/wp\/v2\/users\/3"}],"replies":[{"embeddable":true,"href":"https:\/\/speyer24news.com\/index.php?rest_route=%2Fwp%2Fv2%2Fcomments&post=25123"}],"version-history":[{"count":22,"href":"https:\/\/speyer24news.com\/index.php?rest_route=\/wp\/v2\/posts\/25123\/revisions"}],"predecessor-version":[{"id":25921,"href":"https:\/\/speyer24news.com\/index.php?rest_route=\/wp\/v2\/posts\/25123\/revisions\/25921"}],"wp:featuredmedia":[{"embeddable":true,"href":"https:\/\/speyer24news.com\/index.php?rest_route=\/wp\/v2\/media\/25125"}],"wp:attachment":[{"href":"https:\/\/speyer24news.com\/index.php?rest_route=%2Fwp%2Fv2%2Fmedia&parent=25123"}],"wp:term":[{"taxonomy":"category","embeddable":true,"href":"https:\/\/speyer24news.com\/index.php?rest_route=%2Fwp%2Fv2%2Fcategories&post=25123"},{"taxonomy":"post_tag","embeddable":true,"href":"https:\/\/speyer24news.com\/index.php?rest_route=%2Fwp%2Fv2%2Ftags&post=25123"}],"curies":[{"name":"wp","href":"https:\/\/api.w.org\/{rel}","templated":true}]}}