{"id":25130,"date":"2020-02-06T10:20:25","date_gmt":"2020-02-06T09:20:25","guid":{"rendered":"https:\/\/speyer24news.com\/?p=25130"},"modified":"2020-02-06T10:20:25","modified_gmt":"2020-02-06T09:20:25","slug":"rhein-pfalz-kreis-35","status":"publish","type":"post","link":"https:\/\/speyer24news.com\/?p=25130","title":{"rendered":"Rhein-Pfalz-Kreis"},"content":{"rendered":"<style type=\"text\/css\">\r\n\t.ads_top_disp{}\r\n\t.ads_top_corner_disp{ float:left; margin:0px 10px 10px 0px; }\r\n\t.ads_first_p_disp{}\r\n\t.ads_bottom_disp{}\r\n\t<\/style>\n<h2 class=\"wp-block-heading\"><strong>Der\nRhein-Pfalz-Kreis sucht eine\/-n ehrenamtliche\/-n Behindertenbeauftragte\/-n\n(m\/w\/d).<\/strong><\/h2>\n\n\n\n<p><strong>Ludwigshafen &#8211; <\/strong>Das Ehrenamt es Behindertenbeauftrage\/n ist f\u00fcr den Rhein-Pfalz-Kreis ein wichtiger Baustein, um den Belangen behinderter Menschen im Kreisgebiet gerecht zu werden. Dazu m\u00f6chte der Landkreis allen interessierten B\u00fcrgerinnen und B\u00fcrgern die Chance bieten, sich in diesem Themengebiet zu engagieren. Zu den Aufgaben der\/des ehrenamtlichen Behindertenbeauftragten geh\u00f6ren insbesondere:<\/p>\n\n\n\n<ul><li>die Koordination in allen\nBehindertenangelegenheiten als Bindeglied zwischen \u00f6rtlichen Beauftragten,\nfreien Tr\u00e4gern, Selbsthilfegruppen und Vereinen<\/li><li>die F\u00f6rderung verschiedener Aktivit\u00e4ten zur\nVerbesserung der Lebensbedingungen und der Teilhabe behinderter Menschen in\nallen Lebensbereichen<\/li><li>die Beratung von Menschen mit Behinderung zu\nfesten Sprechzeiten und die Vermittlung der individuellen Bed\u00fcrfnisse,\nBeschwerden und Empfehlungen gegen\u00fcber der Kreisverwaltung<\/li><li>Mitwirkung bei der behindertengerechten\nGestaltung \u00f6ffentlicher Geb\u00e4ude, Anlagen, Verkehrsr\u00e4umen und des \u00f6ffentlichen\nVerkehrs<\/li><li>Beratung, Betreuung, Kontaktpflege und\nZusammenarbeit mit anderen Beh\u00f6rden, Wohlfahrtsverb\u00e4nden, Selbsthilfegruppen,\n\u00c4rzten und Pflegeinrichtungen<\/li><li>Kontaktstelle zum Landesbehindertenbeauftragten\nund dem Ministerium f\u00fcr Soziales, Arbeit, Gesundheit und Demografie<\/li><li>als zentrale Anlaufstelle der Verwaltung in\nallen Fragen bez\u00fcglich Behinderung zu wirken.<\/li><\/ul>\n\n\n\n<p>F\u00fcr\ndie Erf\u00fcllung dieser ehrenamtlichen Aufgaben wird eine verantwortungsbewusste,\neinsatzbereite und kontaktfreudige Pers\u00f6nlichkeit gesucht, die \u00fcber ein hohes\nMa\u00df an Einf\u00fchlungsverm\u00f6gen f\u00fcr und in die Belange, W\u00fcnsche und Probleme von\nMenschen mit Behinderung verf\u00fcgt.<\/p>\n\n\n\n<p>Nach\nder Hauptsatzung des Rhein-Pfalz-Kreises erh\u00e4lt die\/der Behindertenbeauftragte\nf\u00fcr die notwendigen baren Auslagen und sonstige Aufwendungen monatlich im\nVoraus eine pauschale Aufwandsentsch\u00e4digung von 285,23 Euro. Daneben wird eine\nReisekostenverg\u00fctung f\u00fcr Dienstreisen nach den Bestimmungen des\nLandesreisekostengesetzes erstattet. <\/p>\n\n\n\n<p>Die\/Der\nBehindertenbeauftragte wird vom Kreistag f\u00fcr die Dauer seiner gesetzlichen\nWahlzeit gew\u00e4hlt \u2013 somit bis zu den n\u00e4chsten Kommunalwahlen im Jahr 2024.<\/p>\n\n\n\n<p>Interessierte richten bitte ihre Bewerbungsunterlagen <strong>bis zum 28.Februar 2020<\/strong> an die:<\/p>\n\n\n\n<p>Kreisverwaltung Rhein-Pfalz-Kreis<br>Vorzimmer des Landrates<br>z.Hd. Tilo Meinke<br>Europaplatz 5 <br>67063 Ludwigshafen\/Rh.<\/p>\n\n\n\n<p><em>Kreisverwaltung Rhein-Pfalz-Kreis<\/em><br><em>02.02.2020<\/em><\/p>\n\n\n\n<h2 class=\"wp-block-heading\"><strong>Fr\u00fchzeitige Schlie\u00dfung der Kfz-Zulassungsau\u00dfenstelle He\u00dfheim am 10. Februar 2020<\/strong><\/h2>\n\n\n\n<div class=\"wp-block-image\"><figure class=\"aligncenter\"><img decoding=\"async\" src=\"https:\/\/speyer24news.com\/wp-content\/uploads\/2020\/01\/Closed.jpg\" alt=\"\" class=\"wp-image-24022\"\/><\/figure><\/div>\n\n\n\n<p><strong>He\u00dfheim &#8211; <\/strong>Nach Mitteilung der Verbandsgemeindeverwaltung Lambsheim-He\u00dfheim findet am <strong>Montag, 10. Februar 2020<\/strong>, eine Personalversammlung statt. Die Verwaltung ist daher <strong>ab 10:30 Uhr geschlossen<\/strong>. Davon betroffen ist auch die Kfz-Zulassungsau\u00dfenstelle He\u00dfheim, im Rathaus der Verbandsgemeindeverwaltung Lambsheim-He\u00dfheim. Die Nummernausgabe endet bereits um 10 Uhr.<\/p>\n\n\n\n<p>B\u00fcrgerinnen\nund B\u00fcrger haben die M\u00f6glichkeit, die Kfz-Zulassungsstelle im Kreishaus des\nRhein-Pfalz-Kreises in Ludwigshafen oder die Kfz-Zulassungsau\u00dfenstelle in Dudenhofen,\nim Geb\u00e4ude der Verbandsgemeindeverwaltung R\u00f6merberg-Dudenhofen zu nutzen. Die\nKreisverwaltung bittet alle B\u00fcrgerinnen und B\u00fcrger um Verst\u00e4ndnis. <\/p>\n\n\n\n<p>\u00d6ffnungszeiten und weitere Informationen unter <a href=\"http:\/\/www.rhein-pfalz-kreis.de\">www.rhein-pfalz-kreis.de<\/a>.<\/p>\n\n\n\n<p><em>Kreisverwaltung Rhein-Pfalz-Kreis<br>02.02.2020<\/em><\/p>\n","protected":false},"excerpt":{"rendered":"<div class=\"mh-excerpt\"><p>Der Rhein-Pfalz-Kreis sucht eine\/-n ehrenamtliche\/-n Behindertenbeauftragte\/-n (m\/w\/d). Ludwigshafen &#8211; Das Ehrenamt es Behindertenbeauftrage\/n ist f\u00fcr den Rhein-Pfalz-Kreis ein wichtiger Baustein, um den Belangen behinderter Menschen im Kreisgebiet gerecht zu werden. Dazu m\u00f6chte der Landkreis allen <a class=\"mh-excerpt-more\" href=\"https:\/\/speyer24news.com\/?p=25130\" title=\"Rhein-Pfalz-Kreis\">[&#8230;]<\/a><\/p>\n<\/div>","protected":false},"author":3,"featured_media":0,"comment_status":"open","ping_status":"open","sticky":false,"template":"","format":"standard","meta":{"_monsterinsights_skip_tracking":false,"_monsterinsights_sitenote_active":false,"_monsterinsights_sitenote_note":"","_monsterinsights_sitenote_category":0,"footnotes":""},"categories":[1564],"tags":[5911,5912,4269,4270,4940,2144,427,1565],"aioseo_notices":[],"amp_enabled":true,"_links":{"self":[{"href":"https:\/\/speyer24news.com\/index.php?rest_route=\/wp\/v2\/posts\/25130"}],"collection":[{"href":"https:\/\/speyer24news.com\/index.php?rest_route=\/wp\/v2\/posts"}],"about":[{"href":"https:\/\/speyer24news.com\/index.php?rest_route=\/wp\/v2\/types\/post"}],"author":[{"embeddable":true,"href":"https:\/\/speyer24news.com\/index.php?rest_route=\/wp\/v2\/users\/3"}],"replies":[{"embeddable":true,"href":"https:\/\/speyer24news.com\/index.php?rest_route=%2Fwp%2Fv2%2Fcomments&post=25130"}],"version-history":[{"count":1,"href":"https:\/\/speyer24news.com\/index.php?rest_route=\/wp\/v2\/posts\/25130\/revisions"}],"predecessor-version":[{"id":25131,"href":"https:\/\/speyer24news.com\/index.php?rest_route=\/wp\/v2\/posts\/25130\/revisions\/25131"}],"wp:attachment":[{"href":"https:\/\/speyer24news.com\/index.php?rest_route=%2Fwp%2Fv2%2Fmedia&parent=25130"}],"wp:term":[{"taxonomy":"category","embeddable":true,"href":"https:\/\/speyer24news.com\/index.php?rest_route=%2Fwp%2Fv2%2Fcategories&post=25130"},{"taxonomy":"post_tag","embeddable":true,"href":"https:\/\/speyer24news.com\/index.php?rest_route=%2Fwp%2Fv2%2Ftags&post=25130"}],"curies":[{"name":"wp","href":"https:\/\/api.w.org\/{rel}","templated":true}]}}