{"id":25206,"date":"2020-02-08T08:24:46","date_gmt":"2020-02-08T07:24:46","guid":{"rendered":"https:\/\/speyer24news.com\/?p=25206"},"modified":"2020-02-08T08:24:46","modified_gmt":"2020-02-08T07:24:46","slug":"stadtnotizen-verkehrsnotizen-aus-speyer-7","status":"publish","type":"post","link":"https:\/\/speyer24news.com\/?p=25206","title":{"rendered":"Stadtnotizen &#038; Verkehrsnotizen aus Speyer"},"content":{"rendered":"<style type=\"text\/css\">\r\n\t.ads_top_disp{}\r\n\t.ads_top_corner_disp{ float:left; margin:0px 10px 10px 0px; }\r\n\t.ads_first_p_disp{}\r\n\t.ads_bottom_disp{}\r\n\t<\/style>\n<h1 class=\"wp-block-heading\" style=\"text-align:center\">Stadtnotizen<\/h1>\n\n\n\n<div class=\"wp-block-image\"><figure class=\"aligncenter\"><img decoding=\"async\" loading=\"lazy\" width=\"800\" height=\"600\" src=\"https:\/\/speyer24news.com\/wp-content\/uploads\/2020\/01\/Speyer-Stadtnachrichten-2.jpg\" alt=\"\" class=\"wp-image-23901\" srcset=\"https:\/\/speyer24news.com\/wp-content\/uploads\/2020\/01\/Speyer-Stadtnachrichten-2.jpg 800w, https:\/\/speyer24news.com\/wp-content\/uploads\/2020\/01\/Speyer-Stadtnachrichten-2-300x225.jpg 300w, https:\/\/speyer24news.com\/wp-content\/uploads\/2020\/01\/Speyer-Stadtnachrichten-2-768x576.jpg 768w, https:\/\/speyer24news.com\/wp-content\/uploads\/2020\/01\/Speyer-Stadtnachrichten-2-678x509.jpg 678w, https:\/\/speyer24news.com\/wp-content\/uploads\/2020\/01\/Speyer-Stadtnachrichten-2-326x245.jpg 326w, https:\/\/speyer24news.com\/wp-content\/uploads\/2020\/01\/Speyer-Stadtnachrichten-2-80x60.jpg 80w\" sizes=\"(max-width: 800px) 100vw, 800px\" \/><\/figure><\/div>\n\n\n\n<h2 class=\"wp-block-heading\">Dr. Matthias Nowack wird zum Leiter des Fachbereich 3 (Kultur, Tourismus, Bildung und Sport) ernannt<\/h2>\n\n\n\n<h3 class=\"wp-block-heading\">Lisa Eschenbach neue Pressesprecherin der Stadt Speyer<\/h3>\n\n\n\n<div class=\"wp-block-image\"><figure class=\"alignleft is-resized\"><img decoding=\"async\" loading=\"lazy\" src=\"https:\/\/speyer24news.com\/wp-content\/uploads\/2020\/02\/Matthias-Nowack-@youtube.jpg\" alt=\"\" class=\"wp-image-25207\" width=\"322\" height=\"275\" srcset=\"https:\/\/speyer24news.com\/wp-content\/uploads\/2020\/02\/Matthias-Nowack-@youtube.jpg 400w, https:\/\/speyer24news.com\/wp-content\/uploads\/2020\/02\/Matthias-Nowack-@youtube-300x257.jpg 300w\" sizes=\"(max-width: 322px) 100vw, 322px\" \/><\/figure><\/div>\n\n\n\n<p><strong>Speyer &#8211; <\/strong>Matthias Nowack, seit 1990 bei der Stadt Speyer besch\u00e4ftigt und seit 1995 Pressesprecher der Stadt Speyer verl\u00e4sst diese Stelle. K\u00fcnftig wird er den 2015 aufgel\u00f6sten und nun wieder neu belebten Fachbereich 3 &#8222;Kultur, Tourismus, Bildung und Sport&#8220; leiten. <\/p>\n\n\n\n<p>Das es den Fachbereich 3 wieder geben solle wurde am Donnerstagabend im Stadtrat beschlossen. Eine neue Perspektive und eine sehr reizvolle Aufgabe die seinen Interessen und Neigungen entgegen kommt, wie er pers\u00f6nlich berichtet.<\/p>\n\n\n\n<p>Lisa Eschenbach, als Vertretung f\u00fcr die ausgeschiedene Barbara Fresenius in die Pressestelle berufene Kraft wird nun die neue Pressesprecherin der Stadt Speyer. <\/p>\n\n\n\n<p><em>Text: Speyer 24\/7 News, dak Foto: youtube<br>08.02.2020<\/em><\/p>\n\n\n\n<h1 class=\"wp-block-heading\" style=\"text-align:center\">Verkehrsnotizen<\/h1>\n\n\n\n<div class=\"wp-block-image\"><figure class=\"aligncenter\"><img decoding=\"async\" loading=\"lazy\" width=\"800\" height=\"565\" src=\"https:\/\/speyer24news.com\/wp-content\/uploads\/2020\/01\/Baustelle-2.jpg\" alt=\"\" class=\"wp-image-23900\" srcset=\"https:\/\/speyer24news.com\/wp-content\/uploads\/2020\/01\/Baustelle-2.jpg 800w, https:\/\/speyer24news.com\/wp-content\/uploads\/2020\/01\/Baustelle-2-300x212.jpg 300w, https:\/\/speyer24news.com\/wp-content\/uploads\/2020\/01\/Baustelle-2-768x542.jpg 768w\" sizes=\"(max-width: 800px) 100vw, 800px\" \/><\/figure><\/div>\n\n\n\n<h2 class=\"wp-block-heading\"><strong>Akazienweg gesperrt<\/strong><\/h2>\n\n\n\n<div class=\"wp-block-image\"><figure class=\"aligncenter\"><img decoding=\"async\" src=\"https:\/\/speyer24news.com\/wp-content\/uploads\/2020\/01\/Vollsperrung.jpg\" alt=\"\" class=\"wp-image-23970\"\/><\/figure><\/div>\n\n\n\n<p>Aufgrund von Leitungsarbeiten im Auftrag der EBS wird der Akazienweg auf H\u00f6he der Hausnummer 14 <strong>vom 10.02.2020 bis voraussichtlich 14.02.2020<\/strong> f\u00fcr den Durchgangsverkehr gesperrt. F\u00fcr die Dauer der Ma\u00dfnahme wird der Akazienweg beidseitig als Sackgasse ausgewiesen. Eine Umleitung wird ausgeschildert.<\/p>\n\n\n\n<p>F\u00fcr R\u00fcckfragen steht die Stra\u00dfenverkehrsbeh\u00f6rde unter den Rufnummern 14-2739, 14-2492 oder 14-2682 zur Verf\u00fcgung.<\/p>\n\n\n\n<p><em>Text: Stadtverwaltung Speyer Foto: Speyer 24\/7 News, dak<br>08.02.2020<\/em><\/p>\n","protected":false},"excerpt":{"rendered":"<div class=\"mh-excerpt\"><p>Stadtnotizen Dr. Matthias Nowack wird zum Leiter des Fachbereich 3 (Kultur, Tourismus, Bildung und Sport) ernannt Lisa Eschenbach neue Pressesprecherin der Stadt Speyer Speyer &#8211; Matthias Nowack, seit 1990 bei der Stadt Speyer besch\u00e4ftigt und <a class=\"mh-excerpt-more\" href=\"https:\/\/speyer24news.com\/?p=25206\" title=\"Stadtnotizen &#038; Verkehrsnotizen aus Speyer\">[&#8230;]<\/a><\/p>\n<\/div>","protected":false},"author":3,"featured_media":23902,"comment_status":"open","ping_status":"open","sticky":false,"template":"","format":"standard","meta":{"_monsterinsights_skip_tracking":false,"_monsterinsights_sitenote_active":false,"_monsterinsights_sitenote_note":"","_monsterinsights_sitenote_category":0,"footnotes":""},"categories":[47],"tags":[5966,5962,5963,5964,5965,6,1296,1114],"aioseo_notices":[],"amp_enabled":true,"_links":{"self":[{"href":"https:\/\/speyer24news.com\/index.php?rest_route=\/wp\/v2\/posts\/25206"}],"collection":[{"href":"https:\/\/speyer24news.com\/index.php?rest_route=\/wp\/v2\/posts"}],"about":[{"href":"https:\/\/speyer24news.com\/index.php?rest_route=\/wp\/v2\/types\/post"}],"author":[{"embeddable":true,"href":"https:\/\/speyer24news.com\/index.php?rest_route=\/wp\/v2\/users\/3"}],"replies":[{"embeddable":true,"href":"https:\/\/speyer24news.com\/index.php?rest_route=%2Fwp%2Fv2%2Fcomments&post=25206"}],"version-history":[{"count":1,"href":"https:\/\/speyer24news.com\/index.php?rest_route=\/wp\/v2\/posts\/25206\/revisions"}],"predecessor-version":[{"id":25208,"href":"https:\/\/speyer24news.com\/index.php?rest_route=\/wp\/v2\/posts\/25206\/revisions\/25208"}],"wp:featuredmedia":[{"embeddable":true,"href":"https:\/\/speyer24news.com\/index.php?rest_route=\/wp\/v2\/media\/23902"}],"wp:attachment":[{"href":"https:\/\/speyer24news.com\/index.php?rest_route=%2Fwp%2Fv2%2Fmedia&parent=25206"}],"wp:term":[{"taxonomy":"category","embeddable":true,"href":"https:\/\/speyer24news.com\/index.php?rest_route=%2Fwp%2Fv2%2Fcategories&post=25206"},{"taxonomy":"post_tag","embeddable":true,"href":"https:\/\/speyer24news.com\/index.php?rest_route=%2Fwp%2Fv2%2Ftags&post=25206"}],"curies":[{"name":"wp","href":"https:\/\/api.w.org\/{rel}","templated":true}]}}