{"id":25230,"date":"2020-02-08T10:06:28","date_gmt":"2020-02-08T09:06:28","guid":{"rendered":"https:\/\/speyer24news.com\/?p=25230"},"modified":"2020-02-08T10:06:30","modified_gmt":"2020-02-08T09:06:30","slug":"geschwindigkeitsmessung-blitzer-16","status":"publish","type":"post","link":"https:\/\/speyer24news.com\/?p=25230","title":{"rendered":"Geschwindigkeitsmessung \/ Blitzer"},"content":{"rendered":"<style type=\"text\/css\">\r\n\t.ads_top_disp{}\r\n\t.ads_top_corner_disp{ float:left; margin:0px 10px 10px 0px; }\r\n\t.ads_first_p_disp{}\r\n\t.ads_bottom_disp{}\r\n\t<\/style>\n<h2 class=\"wp-block-heading\">Radarkontrollen des Polizeipr\u00e4sidiums Rheinpfalz f\u00fcr Februar 2020<\/h2>\n\n\n\n<figure class=\"wp-block-image\"><img decoding=\"async\" src=\"https:\/\/speyer24news.com\/wp-content\/uploads\/2020\/01\/Radar.jpg\" alt=\"\" class=\"wp-image-23872\"\/><\/figure>\n\n\n\n<p><strong>(Pr\u00e4sidiumsbereich Rheinpfalz) \u2013<\/strong> Im Bereich der <strong>Polizeidirektion Ludwigshafen<\/strong> finden wie folgt Kontrollen statt: <\/p>\n\n\n\n<ul><li>Donnerstag 13.02.2020 im Bereich Frankenthal, <\/li><li>Freitag 21.02.2020 im Bereich Speyer, <\/li><li>Donnerstag 27.02.2020 im Bereich B\u00f6hl-Iggelheim. <\/li><\/ul>\n\n\n\n<p>Im Bereich der <strong>Polizeidirektion Landau<\/strong> finden wie folgt Kontrollen statt:<\/p>\n\n\n\n<ul><li>Montag 10.02.2020 im Bereich Germersheim<\/li><li>Mittwoch 19.02.2020 im Bereich Landau<\/li><li>Montag 24.02.2020 im Bereich Freimersheim<\/li><\/ul>\n\n\n\n<p>Im Bereich der <strong>Polizeidirektion Neustadt<\/strong> finden wie folgt Kontrollen statt:<\/p>\n\n\n\n<ul><li>Mittwoch 12.02.2020 im Bereich der Ha\u00dfloch,<\/li><li>Montag 17.02.2020 im Bereich Bad D\u00fcrkheim, <\/li><li>Dienstag 25.02.2020 im Bereich A6 bei Neuleinigen. <\/li><\/ul>\n\n\n\n<p>Die Polizei weist ausdr\u00fccklich darauf hin, dass Kontrollen auch au\u00dferhalb der genannten Zeiten und \u00d6rtlichkeiten stattfinden. <\/p>\n\n\n\n<p><em>Polizeipr\u00e4sidium Rheinpfalz<br>04.02.2020<\/em><\/p>\n\n\n\n<h2 class=\"wp-block-heading\">Geschwindigkeitskontrollen in der Woche vom 10. bis 14. Februar<\/h2>\n\n\n\n<div class=\"wp-block-image\"><figure class=\"aligncenter\"><img decoding=\"async\" loading=\"lazy\" width=\"640\" height=\"497\" src=\"https:\/\/speyer24news.com\/wp-content\/uploads\/2020\/01\/Kontrolle-BaW\u00fc.jpg\" alt=\"\" class=\"wp-image-23874\" srcset=\"https:\/\/speyer24news.com\/wp-content\/uploads\/2020\/01\/Kontrolle-BaW\u00fc.jpg 640w, https:\/\/speyer24news.com\/wp-content\/uploads\/2020\/01\/Kontrolle-BaW\u00fc-300x233.jpg 300w\" sizes=\"(max-width: 640px) 100vw, 640px\" \/><\/figure><\/div>\n\n\n\n<p><strong>(Mannheim) &#8211; <\/strong>Die Stadt Mannheim f\u00fchrt vom 10. bis 14. Februar in folgenden Stra\u00dfen Radarkontrollen durch:<\/p>\n\n\n\n<ul><li> Erdinger Riedweg<\/li><li> Grenadierstra\u00dfe (Erich-K\u00e4stner-Schule)<\/li><li> K\u00e4fertaler Stra\u00dfe<\/li><li> Karolingerweg<\/li><li> Kronenburgstra\u00dfe<\/li><li> K\u00fclsheimer Stra\u00dfe<\/li><li> Landwehrstra\u00dfe<\/li><li> L\u00fcderitzstra\u00dfe<\/li><li> Mallaustra\u00dfe<\/li><li> Marianne-Cohn-Stra\u00dfe<\/li><li> Mudauer Ring<\/li><li> Osterburger Stra\u00dfe<\/li><li> Mutterstadter Platz (Rheinauschule)<\/li><li> Rheinauer Ring<\/li><li> Rohrhofer Stra\u00dfe<\/li><li> R\u00f6merstra\u00dfe (Wallstadtschule)<\/li><li> Rotterdamer Stra\u00dfe<\/li><li> Storchenstra\u00dfe<\/li><li> Wilhelm-Peters-Stra\u00dfe (Gerhard-Hauptmann-Schule)<\/li><li> Winterstra\u00dfe (Pfingstbergschule)<\/li><li> Zum Herrenried (K\u00e4the-Kollwitz-Schule)<\/li><\/ul>\n\n\n\n<p>Kurzfristige \u00c4nderungen oder zus\u00e4tzliche Messstellen sind aus aktuellem Anlass m\u00f6glich.<\/p>\n\n\n\n<p><em>Stadt Mannheim<br>08.02.2020<\/em><\/p>\n\n\n\n<h2 class=\"wp-block-heading\">Radarkontrollen f\u00fcr die Woche vom 10. Februar bis 16. Februar 2020<\/h2>\n\n\n\n<div class=\"wp-block-image\"><figure class=\"aligncenter\"><img decoding=\"async\" src=\"https:\/\/speyer24news.com\/wp-content\/uploads\/2020\/01\/Radarkontrolle_1.jpg\" alt=\"\" class=\"wp-image-23873\"\/><\/figure><\/div>\n\n\n\n<p><strong>(Ludwigshafen) &#8211; <\/strong>Die Stadt Ludwigshafen nimmt in folgenden Stadtteilen Radarkontrollen vor.<\/p>\n\n\n\n<ul><li>Montag, 10. Februar: Edigheim, Gartenstadt und Friesenheim<\/li><li>Dienstag, 11. Februar: Maudach, Mitte und Nord<\/li><li>Mittwoch, 12. Februar: Ruchheim, Oggersheim und Oppau<\/li><li>Donnerstag, 13. Februar: Gartenstadt, Rheing\u00f6nheim und Mundenheim<\/li><li>Freitag, 14. Februar: West, Pfingstweide und Oppau<\/li><li>Samstag, 15. Februar: Mitte und Oggersheim<\/li><\/ul>\n\n\n\n<p>Kurzfristige \u00c4nderungen beh\u00e4lt sich der Bereich Stra\u00dfenverkehr vor. Kontrollen k\u00f6nnen auch kurzfristig an anderen Stellen stattfinden.<\/p>\n\n\n\n<p><em>Stadt Ludwigshafen am Rhein<br>08.02.2020<\/em><\/p>\n","protected":false},"excerpt":{"rendered":"<div class=\"mh-excerpt\"><p>Radarkontrollen des Polizeipr\u00e4sidiums Rheinpfalz f\u00fcr Februar 2020 (Pr\u00e4sidiumsbereich Rheinpfalz) \u2013 Im Bereich der Polizeidirektion Ludwigshafen finden wie folgt Kontrollen statt: Donnerstag 13.02.2020 im Bereich Frankenthal, Freitag 21.02.2020 im Bereich Speyer, Donnerstag 27.02.2020 im Bereich B\u00f6hl-Iggelheim. <a class=\"mh-excerpt-more\" href=\"https:\/\/speyer24news.com\/?p=25230\" title=\"Geschwindigkeitsmessung \/ Blitzer\">[&#8230;]<\/a><\/p>\n<\/div>","protected":false},"author":3,"featured_media":0,"comment_status":"open","ping_status":"open","sticky":false,"template":"","format":"standard","meta":{"_monsterinsights_skip_tracking":false,"_monsterinsights_sitenote_active":false,"_monsterinsights_sitenote_note":"","_monsterinsights_sitenote_category":0,"footnotes":""},"categories":[64],"tags":[18,4819,4814,5987,19,4822,4817,5149,4228,947,5146,4820,4815,5147,5984,779,5152,4821,4816,5153,5985,17,5150,4818,4813,5151,5986,948],"aioseo_notices":[],"amp_enabled":true,"_links":{"self":[{"href":"https:\/\/speyer24news.com\/index.php?rest_route=\/wp\/v2\/posts\/25230"}],"collection":[{"href":"https:\/\/speyer24news.com\/index.php?rest_route=\/wp\/v2\/posts"}],"about":[{"href":"https:\/\/speyer24news.com\/index.php?rest_route=\/wp\/v2\/types\/post"}],"author":[{"embeddable":true,"href":"https:\/\/speyer24news.com\/index.php?rest_route=\/wp\/v2\/users\/3"}],"replies":[{"embeddable":true,"href":"https:\/\/speyer24news.com\/index.php?rest_route=%2Fwp%2Fv2%2Fcomments&post=25230"}],"version-history":[{"count":1,"href":"https:\/\/speyer24news.com\/index.php?rest_route=\/wp\/v2\/posts\/25230\/revisions"}],"predecessor-version":[{"id":25231,"href":"https:\/\/speyer24news.com\/index.php?rest_route=\/wp\/v2\/posts\/25230\/revisions\/25231"}],"wp:attachment":[{"href":"https:\/\/speyer24news.com\/index.php?rest_route=%2Fwp%2Fv2%2Fmedia&parent=25230"}],"wp:term":[{"taxonomy":"category","embeddable":true,"href":"https:\/\/speyer24news.com\/index.php?rest_route=%2Fwp%2Fv2%2Fcategories&post=25230"},{"taxonomy":"post_tag","embeddable":true,"href":"https:\/\/speyer24news.com\/index.php?rest_route=%2Fwp%2Fv2%2Ftags&post=25230"}],"curies":[{"name":"wp","href":"https:\/\/api.w.org\/{rel}","templated":true}]}}