{"id":25265,"date":"2020-02-11T07:20:58","date_gmt":"2020-02-11T06:20:58","guid":{"rendered":"https:\/\/speyer24news.com\/?p=25265"},"modified":"2020-02-14T12:42:20","modified_gmt":"2020-02-14T11:42:20","slug":"vermisstensuche-oeffentlichkeitsfahndung-3","status":"publish","type":"post","link":"https:\/\/speyer24news.com\/?p=25265","title":{"rendered":"Vermisstensuche \/ \u00d6ffentlichkeitsfahndung"},"content":{"rendered":"<style type=\"text\/css\">\r\n\t.ads_top_disp{}\r\n\t.ads_top_corner_disp{ float:left; margin:0px 10px 10px 0px; }\r\n\t.ads_first_p_disp{}\r\n\t.ads_bottom_disp{}\r\n\t<\/style>\n<h2 class=\"wp-block-heading\">Vermisste 71-J\u00e4hrige wieder da<\/h2>\n\n\n\n<p><strong>(Heidelberg \/ Rhein-Neckar-Kreis) \u2013 <\/strong>Dank Hinweisen aus der Bev\u00f6lkerung konnte die vermisste Barbara F. am Mittwochnachmittag im Stadtgebiet Heidelberg ausfindig gemacht und wohlbehalten wieder in die Psychiatrische Klinik verbracht werden. <\/p>\n\n\n\n<p>Die 71-J\u00e4hrige ist wohlauf und unverletzt. <\/p>\n\n\n\n<p><em>Polizeipr\u00e4sidium Mannheim<\/em><br><em>13.02.2020<\/em><\/p>\n\n\n\n<h2 class=\"wp-block-heading\">71-j\u00e4hrige Frau wird vermisst<\/h2>\n\n\n\n<h3 class=\"wp-block-heading\">Hubschrauber im Einsatz<\/h3>\n\n\n\n<figure class=\"wp-block-image\"><img decoding=\"async\" src=\"https:\/\/speyer24news.com\/wp-content\/uploads\/2020\/01\/Hubschrauber-bei-Personensuche.jpeg\" alt=\"\" class=\"wp-image-24211\"\/><\/figure>\n\n\n\n<p><strong>(Heidelberg \/ Eppelheim) \u2013 <\/strong>Seit Montagabend gegen 21.00 Uhr sucht die Polizei nach einer 71-j\u00e4hrigen Frau, die derzeit in der  Psychiatrischen Klinik in der Vo\u00dfstra\u00dfe untergebracht ist. Offenbar verlie\u00df sie das Klinikgel\u00e4nde gegen 20.15 Uhr und kehrte nicht mehr zur\u00fcck. <\/p>\n\n\n\n<p>Aufgrund ihres Alters und ihres Gesundheitszustandes kann eine hilflose Lage nicht ausgeschlossen werden, weshalb sofort mit mehreren Streifenbesatzungen nach ihr gesucht wurde. <\/p>\n\n\n\n<p>Der Polizeihubschrauber konnte witterungsbedingt erst einige Stunden sp\u00e4ter zur Unterst\u00fctzung eingesetzt werden.  Nach Hinweisen, dass die Vermisste in Eppelheim aus einer Stra\u00dfenbahn ausgestiegen sei, wurden die Suchma\u00dfnahmen auf diesen Bereich erweitert. Allerdings verliefen diese bislang erfolglos. <\/p>\n\n\n\n<p>Die Gesuchte ist:<\/p>\n\n\n\n<ul><li>ca. 170 cm gro\u00df, <\/li><li>hat eine normale Figur und <\/li><li>kurze graue Haare. <\/li><li>Sie tr\u00e4gt vermutlich einen langen schwarzen Mantel und f\u00fchrt einen Trolley mit. <\/li><\/ul>\n\n\n\n<p>Hinweise nimmt die Polizei unter der Notrufnummer 110 entgegen. <\/p>\n\n\n\n<p><em>Polizeipr\u00e4sidium Mannheim<br>11.02.2020<\/em><\/p>\n","protected":false},"excerpt":{"rendered":"<div class=\"mh-excerpt\"><p>Vermisste 71-J\u00e4hrige wieder da (Heidelberg \/ Rhein-Neckar-Kreis) \u2013 Dank Hinweisen aus der Bev\u00f6lkerung konnte die vermisste Barbara F. am Mittwochnachmittag im Stadtgebiet Heidelberg ausfindig gemacht und wohlbehalten wieder in die Psychiatrische Klinik verbracht werden. Die <a class=\"mh-excerpt-more\" href=\"https:\/\/speyer24news.com\/?p=25265\" title=\"Vermisstensuche \/ \u00d6ffentlichkeitsfahndung\">[&#8230;]<\/a><\/p>\n<\/div>","protected":false},"author":3,"featured_media":24191,"comment_status":"open","ping_status":"open","sticky":false,"template":"","format":"standard","meta":{"_monsterinsights_skip_tracking":false,"_monsterinsights_sitenote_active":false,"_monsterinsights_sitenote_note":"","_monsterinsights_sitenote_category":0,"footnotes":""},"categories":[12],"tags":[2703,57,2388,1881,6010,1117,619,618,6009],"aioseo_notices":[],"amp_enabled":true,"_links":{"self":[{"href":"https:\/\/speyer24news.com\/index.php?rest_route=\/wp\/v2\/posts\/25265"}],"collection":[{"href":"https:\/\/speyer24news.com\/index.php?rest_route=\/wp\/v2\/posts"}],"about":[{"href":"https:\/\/speyer24news.com\/index.php?rest_route=\/wp\/v2\/types\/post"}],"author":[{"embeddable":true,"href":"https:\/\/speyer24news.com\/index.php?rest_route=\/wp\/v2\/users\/3"}],"replies":[{"embeddable":true,"href":"https:\/\/speyer24news.com\/index.php?rest_route=%2Fwp%2Fv2%2Fcomments&post=25265"}],"version-history":[{"count":2,"href":"https:\/\/speyer24news.com\/index.php?rest_route=\/wp\/v2\/posts\/25265\/revisions"}],"predecessor-version":[{"id":25352,"href":"https:\/\/speyer24news.com\/index.php?rest_route=\/wp\/v2\/posts\/25265\/revisions\/25352"}],"wp:featuredmedia":[{"embeddable":true,"href":"https:\/\/speyer24news.com\/index.php?rest_route=\/wp\/v2\/media\/24191"}],"wp:attachment":[{"href":"https:\/\/speyer24news.com\/index.php?rest_route=%2Fwp%2Fv2%2Fmedia&parent=25265"}],"wp:term":[{"taxonomy":"category","embeddable":true,"href":"https:\/\/speyer24news.com\/index.php?rest_route=%2Fwp%2Fv2%2Fcategories&post=25265"},{"taxonomy":"post_tag","embeddable":true,"href":"https:\/\/speyer24news.com\/index.php?rest_route=%2Fwp%2Fv2%2Ftags&post=25265"}],"curies":[{"name":"wp","href":"https:\/\/api.w.org\/{rel}","templated":true}]}}