{"id":25267,"date":"2020-02-11T08:06:51","date_gmt":"2020-02-11T07:06:51","guid":{"rendered":"https:\/\/speyer24news.com\/?p=25267"},"modified":"2020-02-11T08:08:44","modified_gmt":"2020-02-11T07:08:44","slug":"sturmtief-sabine","status":"publish","type":"post","link":"https:\/\/speyer24news.com\/?p=25267","title":{"rendered":"Sturmtief \u201eSabine\u201c"},"content":{"rendered":"<style type=\"text\/css\">\r\n\t.ads_top_disp{}\r\n\t.ads_top_corner_disp{ float:left; margin:0px 10px 10px 0px; }\r\n\t.ads_first_p_disp{}\r\n\t.ads_bottom_disp{}\r\n\t<\/style>\n<h2 class=\"wp-block-heading\"><strong>Orkantief \u201eSabine\u201c fegt \u00fcber Speyer \u2013 Adenauerpark geschlossen<\/strong><\/h2>\n\n\n\n<div class=\"wp-block-image\"><figure class=\"aligncenter\"><img decoding=\"async\" loading=\"lazy\" width=\"500\" height=\"414\" src=\"https:\/\/speyer24news.com\/wp-content\/uploads\/2020\/01\/Speyer-Logo.jpg\" alt=\"\" class=\"wp-image-23902\" srcset=\"https:\/\/speyer24news.com\/wp-content\/uploads\/2020\/01\/Speyer-Logo.jpg 500w, https:\/\/speyer24news.com\/wp-content\/uploads\/2020\/01\/Speyer-Logo-300x248.jpg 300w\" sizes=\"(max-width: 500px) 100vw, 500px\" \/><\/figure><\/div>\n\n\n\n<p><strong>(Speyer) &#8211; <\/strong>In Folge des Orkantiefs \u201eSabine\u201c wurde in den fr\u00fchen Montagmorgenstunden bis auf Weiteres eine Sperrung des Adenauerparks veranlasst. An den  Zug\u00e4ngen wurden entsprechende Aush\u00e4nge angebracht. <\/p>\n\n\n\n<p>Nach Abflauen des Sturms werden die Expert*innen der Abteilung Stadtgr\u00fcn den Park auf Verkehrssicherheit kontrollieren und eventuell  notwendige Ma\u00dfnahmen einleiten. Erst im Anschluss kann der Adenauerpark wieder ge\u00f6ffnet werden. <\/p>\n\n\n\n<p><em>Stadtverwaltung Speyer<br>11.02.2020<\/em><\/p>\n\n\n\n<h2 class=\"wp-block-heading\">Auswirkungen des Sturmtiefs<\/h2>\n\n\n\n<div class=\"wp-block-image\"><figure class=\"aligncenter\"><img decoding=\"async\" src=\"https:\/\/speyer24news.com\/wp-content\/uploads\/2020\/02\/Mannheim-Logo.png\" alt=\"\" class=\"wp-image-25268\"\/><\/figure><\/div>\n\n\n\n<p><strong>(Mannheim) &#8211; <\/strong>Die Stadt Mannheim r\u00e4t dringend von Spazierg\u00e4ngen in allen Mannheimer W\u00e4ldern ab. Durch das Sturmtief \u201eSabine\u201c sind dort vereinzelt B\u00e4ume umgest\u00fcrzt, gro\u00dfe \u00c4ste oder ganze Baumkronen abgebrochen. Etliche Wege sind derzeit nicht passierbar. Besondere Gefahr geht von noch h\u00e4ngenden \u00c4sten oder angeschobenen B\u00e4umen aus, die jetzt ohne st\u00e4rkeren Windeinfluss umst\u00fcrzen k\u00f6nnen. Die Aufr\u00e4umarbeiten werden bis zum Wochenende andauern.<\/p>\n\n\n\n<p>Im Stadtgebiet sind die Sch\u00e4den an den B\u00e4umen weniger stark als bef\u00fcrchtet, die Zahl der entwurzelten B\u00e4ume liegt Stand heute im einstelligen Bereich.<\/p>\n\n\n\n<h4 class=\"wp-block-heading\">Auswirkungen auf die Abfallentsorgung<\/h4>\n\n\n\n<p>Aufgrund betrieblicher St\u00f6rungen durch die Unwetterlage kommt es aktuell zu Verz\u00f6gerungen bei der Abfallentsorgung. Die R\u00fcckst\u00e4nde werden in den n\u00e4chsten Tagen aufgeholt. Wir bitten um Ihr Verst\u00e4ndnis.<\/p>\n\n\n\n<p><em>Stadt Mannheim<\/em><br><em>11.02.2020<\/em><\/p>\n\n\n\n<h2 class=\"wp-block-heading\">Sturmtief Sabine: mehrere unwetterbedingte Feuerwehreins\u00e4tze<\/h2>\n\n\n\n<div class=\"wp-block-image\"><figure class=\"aligncenter\"><img decoding=\"async\" src=\"https:\/\/speyer24news.com\/wp-content\/uploads\/2020\/02\/Mannheim-Logo.png\" alt=\"\" class=\"wp-image-25268\"\/><\/figure><\/div>\n\n\n\n<p><strong>(Mannheim) &#8211; <\/strong>Das Sturmtief Sabine hat die Stadt Mannheim wie angek\u00fcndigt in der Nacht von Sonntag auf Montag erreicht \u2013 allerdings mit weniger starken Auswirkungen als urspr\u00fcnglich gedacht. Dennoch waren Feuerwehr und Polizei mehrfach gefordert. Haupts\u00e4chlich handelte es sich um lose \u00c4ste, die auf Fahrbahnen geweht worden waren oder an zahlreichen Stellen in Oberleitungen hingen. Behinderungen gab es beispielsweise auf der B38a, wo ein umgest\u00fcrzter Baum \u00fcber alle Fahrbahnen ragte und die Feuerwehr gegen kurz nach 3 Uhr ausr\u00fccken musste. Auch von Hausd\u00e4chern abgel\u00f6ste Ziegel mussten bis in die Morgenstunden hinein immer wieder gesichert werden.<\/p>\n\n\n\n<p>Insgesamt wurde die Feuerwehr bis Montagvormittag zu mehr als 40 unwetterbedingten Eins\u00e4tzen gerufen. Rund 60 Einsatzkr\u00e4fte waren letztendlich im Stadtgebiet gefordert, mindestens 200 aber waren die Nacht in h\u00e4uslicher Einsatzbereitschaft gewesen. Personen- oder gr\u00f6\u00dfere Sachsch\u00e4den gab es bislang nicht. Die Berufsfeuerwehr wurde zus\u00e4tzlich durch die Abteilungen Nord und Innenstadt der Freiwilligen Feuerwehr unterst\u00fctzt. \u201eWir sind froh, dass der Sturm glimpflicher \u00fcber Mannheim gefegt ist, als angek\u00fcndigt. Dennoch waren wir gut vorbereitet und aufgestellt. Mein Dank gilt sowohl den Kr\u00e4ften der Polizei und der Berufsfeuerwehr als auch der Freiwilligen Feuerwehr, die im Einsatz oder in Bereitschaft waren\u201c, lobt Erster B\u00fcrgermeister und Sicherheitsdezernent Christian Specht.<\/p>\n\n\n\n<p><em>Stadt Mannheim<\/em><br><em>11.02.2020<\/em><\/p>\n\n\n\n<h2 class=\"wp-block-heading\">Hauptfriedhof am Montag geschlossen<\/h2>\n\n\n\n<div class=\"wp-block-image\"><figure class=\"aligncenter\"><img decoding=\"async\" src=\"https:\/\/speyer24news.com\/wp-content\/uploads\/2020\/02\/Mannheim-Logo.png\" alt=\"\" class=\"wp-image-25268\"\/><\/figure><\/div>\n\n\n\n<p><strong>(Mannheim) &#8211;<\/strong> Der Hauptfriedhof Mannheim bleib am Montag aufgrund des Sturms geschlossen. Dort gibt es vereinzelt schiefstehende B\u00e4ume, deren Standfestigkeit nun n\u00e4her gepr\u00fcft werden muss. Die Vorortfriedh\u00f6fe waren ge\u00f6ffnet. Dienstagfr\u00fch werden alle Friedh\u00f6fe nochmals begangen und es wird erneut gepr\u00fcft, ob ge\u00f6ffnet werden kann.<\/p>\n\n\n\n<p><em>Stadt Mannheim<br>11.02.2020<\/em><\/p>\n\n\n\n<h2 class=\"wp-block-heading\">Sturmtief Sabine: Geringe Sch\u00e4den in Heidelberg<\/h2>\n\n\n\n<h3 class=\"wp-block-heading\">Schlossbergtunnel zeitweilig gesperrt \/ Stadt r\u00e4t von Waldbesuchen in den kommenden Tagen ab<\/h3>\n\n\n\n<div class=\"wp-block-image\"><figure class=\"aligncenter\"><img decoding=\"async\" loading=\"lazy\" width=\"600\" height=\"128\" src=\"https:\/\/speyer24news.com\/wp-content\/uploads\/2020\/02\/Heidelberg-Logo.png\" alt=\"\" class=\"wp-image-25270\" srcset=\"https:\/\/speyer24news.com\/wp-content\/uploads\/2020\/02\/Heidelberg-Logo.png 600w, https:\/\/speyer24news.com\/wp-content\/uploads\/2020\/02\/Heidelberg-Logo-300x64.png 300w\" sizes=\"(max-width: 600px) 100vw, 600px\" \/><\/figure><\/div>\n\n\n\n<p><strong>(Heidelberg) &#8211; <\/strong>Eine Schlie\u00dfung des Schlossbergtunnels, gesperrte Stra\u00dfen und mehrere umgest\u00fcrzte B\u00e4ume: Sturmtief Sabine hat von Sonntag auf Montag auch in Heidelberg f\u00fcr Sch\u00e4den gesorgt \u2013 die Ausma\u00dfe blieben aber gl\u00fccklicherweise \u00fcberschaubar. Weil sich Bruchholz oberhalb des Schlossbergtunnels gesammelt hatte und auf die Stra\u00dfe zu fallen drohte, musste der Tunnel am Montagvormittag beidseitig gesperrt werden. Ebenfalls gesperrt waren die Verbindungsstra\u00dfe zwischen Wilhelmsfeld und Peterstal sowie der Johannes-Hopps-Weg \u2013 hier waren B\u00e4ume umgest\u00fcrzt, der Verkehr wurde umgeleitet. Die Feuerwehr Heidelberg und das st\u00e4dtische Landschafts- und Forstamt beseitigten im gesamten Stadtgebiet mehrere umgest\u00fcrzte B\u00e4ume. Die Abfallwirtschaft und Stadtreinigung entfernte auf den Stra\u00dfen grobe M\u00fcllverwehungen und \u00c4ste. <\/p>\n\n\n\n<p>Im Heidelberger Stadtwald ist das genaue Schadensausma\u00df noch\nnicht klar. Mitarbeiter des st\u00e4dtischen Landschafts- und Forstamts r\u00e4umten\nerste Wege. Die Stadt Heidelberg empfiehlt, in den kommenden Tagen keine Waldbesuche\nzu machen. Es besteht die Gefahr von Astbr\u00fcchen, auch ganze B\u00e4ume k\u00f6nnen immer\nnoch umst\u00fcrzen.<\/p>\n\n\n\n<p>In den Schulen galt in Heidelberg am Montag die landesweite Regelung des baden-w\u00fcrttembergischen Kultusministeriums:Erziehungsberechtigte konnten selbst entscheiden, ob der Schulweg f\u00fcr ihre Kinder zumutbar war.Anweiterf\u00fchrenden Schulen kamen teilweise nur etwa zehn Prozent der Sch\u00fclerinnen und Sch\u00fcler zum Unterricht. Weiterf\u00fchrende Schulen haben in der Regel ein gr\u00f6\u00dferes Einzugsgebiet \u2013 deshalb hatte der weitgehende Ausfall des \u00d6PNV hier besondere Konsequenzen. An Grundschulen, die in der Regel fu\u00dfl\u00e4ufig von zuhause erreichbar sind, war der Prozentsatz der Schulbesucher hingegen deutlich h\u00f6her. Hier waren bis zu circa 90 Prozent der Sch\u00fclerinnen und Sch\u00fcler anwesend. \u00c4hnlich war das Bild bei den st\u00e4dtischen Kindertageseinrichtungen.<\/p>\n\n\n\n<p><em>Stadt Heidelberg<br>11.02.2020<\/em><\/p>\n\n\n\n<h2 class=\"wp-block-heading\"><strong>Sturmsch\u00e4den wegen Orkantief \u201eSabine\u201c an der Rundsporthalle in Mutterstadt<\/strong><\/h2>\n\n\n\n<div class=\"wp-block-image\"><figure class=\"aligncenter\"><img decoding=\"async\" src=\"https:\/\/speyer24news.com\/wp-content\/uploads\/2020\/01\/Rhein-Pfalz-Kreis-Logo.jpg\" alt=\"\" class=\"wp-image-24012\"\/><\/figure><\/div>\n\n\n\n<p><strong>(Mutterstadt) &#8211;<\/strong> In der Nacht zum Montag, 10. Februar 2020, wurde bei dem Unwetter mit orkanartigen B\u00f6en neben zahlreichen umgest\u00fcrzten B\u00e4umen auch das Dach der Rundsporthalle in Mutterstadt besch\u00e4digt.<\/p>\n\n\n\n<p>Aufgrund der momentanen\nWetterlage besteht weiterhin die Gefahr, dass Teile der Dachabdichtung\nherabfallen k\u00f6nnen. Anwohner und Passanten werden daher gebeten, den Bereich\nder Rundsporthalle weitr\u00e4umig zu umgehen. Auch Fahrzeuge sollen nicht in\nunmittelbarer N\u00e4he geparkt werden.<\/p>\n\n\n\n<p>Die Rundsporthalle ist f\u00fcr den\nSchul \u2013 und Vereinsbetrieb bis auf weiteres geschlossen. Sobald sich die\nWetterlage bessert, kann das Ausma\u00df des Schadens ermittelt und mit dem R\u00fcckbau\nder besch\u00e4digten Dachabdichtung begonnen werden.<\/p>\n\n\n\n<p>Die Verwaltung bittet die\nB\u00fcrgerinnen und B\u00fcrger sowie Sch\u00fclerinnen und Sch\u00fcler und deren Eltern vorab um\nVerst\u00e4ndnis.<\/p>\n\n\n\n<h2 class=\"wp-block-heading\"><strong>Verschiebung der Abfallabfuhr wegen Orkantief \u201eSabine\u201c<\/strong><\/h2>\n\n\n\n<div class=\"wp-block-image\"><figure class=\"aligncenter\"><img decoding=\"async\" src=\"https:\/\/speyer24news.com\/wp-content\/uploads\/2020\/01\/Rhein-Pfalz-Kreis-Logo-1.jpg\" alt=\"\" class=\"wp-image-24400\"\/><\/figure><\/div>\n\n\n\n<p><strong>(Rhein-Pfalz-Kreis) &#8211; <\/strong>Der Eigenbetrieb Abfallwirtschaft des Rhein-Pfalz-Kreises weist darauf hin, dass in einigen Gemeinden aufgrund des Orkantiefs \u201eSabine\u201c die Abfuhr von Rest- und Bioabfall nicht stattfinden konnte und somit verschoben wird.<\/p>\n\n\n\n<p>Von\nder verschobenen Abfuhr von Restabfall betroffen sind die Gemeinden\nB\u00f6hl-Iggelheim, Hanhofen und Harthausen. Die Verschiebung von der Abfuhr von\nBioabfall betrifft die Gemeinden Limburgerhof und Waldsee. Die Abfuhrtermine\nvon Rest- und Bioabfall der genannten Gemeinden werden auf den kommenden <strong>Samstag, 15. Februar 2020<\/strong>, verschoben.<\/p>\n\n\n\n<p>Die\ngelben Wertstoffs\u00e4cke sind von dieser Verschiebung nicht betroffen und werden\nentsprechend dem Abfuhrplan eingesammelt.<\/p>\n\n\n\n<p>Die Kreisverwaltung bittet die B\u00fcrgerinnen und B\u00fcrger der jeweiligen Gemeinden um Verst\u00e4ndnis. Weitere Informationen unter <a href=\"http:\/\/www.ebalu.de\">www.ebalu.de<\/a>. <\/p>\n\n\n\n<p><em>Kreisverwaltung Rhein-Pfalz-Kreis<br>11.02.2020<\/em><\/p>\n\n\n\n<h2 class=\"wp-block-heading\"><strong>M\u00fcllabfuhr wegen Sturmtief \u201eSabine\u201c um einen Tag verschoben<\/strong><\/h2>\n\n\n\n<div class=\"wp-block-image\"><figure class=\"aligncenter\"><img decoding=\"async\" src=\"https:\/\/speyer24news.com\/wp-content\/uploads\/2020\/01\/Germersheim.jpg\" alt=\"\" class=\"wp-image-23882\"\/><\/figure><\/div>\n\n\n\n<p><strong>(Stadt Germersheim &amp; Landkreis Germersheim) &#8211; <\/strong>Der Fachbereich Abfallwirtschaft des Landkreises Germersheim teilt mit, dass aufgrund der herrschenden Wetterlage am Montag keine Abfallsammlung (mit Ausnahme der Abfuhr der Glasboxen) im Kreis m\u00f6glich war.<\/p>\n\n\n\n<p>Die\nAbfuhr f\u00fcr Rest- und Biom\u00fcll und f\u00fcr gelbe S\u00e4cke sowie die Leerung der\nPapiertonnen finden im Landkreis Germersheim in dieser Woche von 10. bis 14.\nFebruar jeweils einen Tag sp\u00e4ter statt. Die ausgefallenen Leerungen verschieben\nsich damit von Montag auf Dienstag, von Dienstag auf Mittwoch und so weiter,\ndie letzten Abfuhren von Freitag werden am Samstag nachgeholt.<\/p>\n\n\n\n<p>Die\nAbfuhr der Glasboxen sind von dieser Verschiebung nicht betroffen und werden\nwie im Abfuhrplan vorgesehen, abgeholt. <\/p>\n\n\n\n<p>Au\u00dferdem waren die Wertstoffh\u00f6fe in R\u00fclzheim und Bellheim aufgrund der Wetterlage am Montag geschlossen. Der Wertstoffhof in Berg und die Heckenannahmestelle in Westheim bleiben ge\u00f6ffnet.<\/p>\n\n\n\n<p><em>Kreisverwaltung Germersheim<br>11.02.2020<\/em><\/p>\n\n\n\n<h2 class=\"wp-block-heading\"><strong>Sturmtief Sabine: Schulen haben verantwortungsvoll gehandelt<\/strong><\/h2>\n\n\n\n<div class=\"wp-block-image\"><figure class=\"aligncenter\"><img decoding=\"async\" loading=\"lazy\" width=\"600\" height=\"238\" src=\"https:\/\/speyer24news.com\/wp-content\/uploads\/2020\/02\/Rheinland-Pfalz.jpg\" alt=\"\" class=\"wp-image-25269\" srcset=\"https:\/\/speyer24news.com\/wp-content\/uploads\/2020\/02\/Rheinland-Pfalz.jpg 600w, https:\/\/speyer24news.com\/wp-content\/uploads\/2020\/02\/Rheinland-Pfalz-300x119.jpg 300w\" sizes=\"(max-width: 600px) 100vw, 600px\" \/><\/figure><\/div>\n\n\n\n<p><strong>(Rheinland-Pfalz) &#8211; <\/strong>Rheinland-Pfalz hat \u2013 wie auch in die benachbarten L\u00e4nder Baden-W\u00fcrttemberg, Hessen, das Saarland oder Nordrhein-Westfalen \u2013 es den  Schulen freigestellt, ob der Unterricht angesichts der aktuellen Sturmwarnungen stattfinden kann. \u201eDie Schulen haben verantwortungsvoll gehandelt und entlang der jeweiligen Lage vor Ort entschieden, ob der Unterricht stattfinden kann oder nicht\u201c, so Bildungsministerin  Dr. Stefanie Hubig am Montag in Mainz.<\/p>\n\n\n\n<p>Landesweit haben nach aktuellem Stand rund 200 Schulen von der M\u00f6glichkeit Gebrauch gemacht, den Unterricht ganz ausfallen zu lassen. Insgesamt gibt es in Rheinland-Pfalz 1.600 Schulen. <\/p>\n\n\n\n<p>Auch die schulgesetzliche Regelung,  dass die Eltern entscheiden, ob ihre Kinder bei extremen Wetterverh\u00e4ltnissen die Schule besuchen k\u00f6nnen und der Schulweg sicher ist, hat sich bew\u00e4hrt. \u201eWir bedanken uns bei allen f\u00fcr ihr besonnenes Handeln. Das Wichtigste ist: Die Sicherheit der Sch\u00fclerinnen  und Sch\u00fcler konnte gew\u00e4hrleistet werden. Bleiben Sie auch in den kommenden st\u00fcrmischen Stunden vorsichtig\u201c, so die Ministerin weiter.<\/p>\n\n\n\n<p><em>Ministerium f\u00fcr Bildung Rheinland-Pfalz<br>11.02.2020<\/em><\/p>\n\n\n\n<h1 class=\"wp-block-heading\" style=\"text-align:center\">Lesen sie hier die Polizeimeldungen vom Montag (10.02.2020) die Sturmtief Sabine betreffen:<\/h1>\n\n\n\n<div class=\"wp-block-image\"><figure class=\"aligncenter\"><img decoding=\"async\" src=\"https:\/\/speyer24news.com\/wp-content\/uploads\/2020\/01\/Polizeilogo-Neu.jpg\" alt=\"\" class=\"wp-image-23833\"\/><\/figure><\/div>\n\n\n\n<h4 class=\"wp-block-heading\">(Speyer \/ Hanhofen) \u2013 Polizeiliche Eins\u00e4tze im Zusammenhang mit Sturmtief \u201eSabine\u201c<\/h4>\n\n\n\n<p>Am 10.02.2020 kam es auch im Dienstgebiet der Polizeiinspektion Speyer zu mehreren, kleineren Eins\u00e4tzen im Zusammenhang mit dem Sturmtief \u201eSabine\u201c. <\/p>\n\n\n\n<p>Gegen 04:00 Uhr wurde im Ulmenweg ein 2 x 2 Meter gro\u00dfes Gartenhaus aus Metall vom Wind angehoben und besch\u00e4digten einen auf der Stra\u00dfe parkenden Pkw. Hierbei entstand ein Gesamtschaden von ca. 1000EUR <\/p>\n\n\n\n<p>Kurz vor 6 Uhr wurden auf der K15 an der Einm\u00fcndung zur Gastst\u00e4tte \u201eGarnerb\u201c zwei umgest\u00fcrzte B\u00e4ume gemeldet. W\u00e4hrend der Beseitigung der B\u00e4ume durch die Freiwillige Feuerwehr Dudenhofen musste die Fahrbahn kurzzeitig durch die Polizei gesperrt werden. <\/p>\n\n\n\n<p>Um 06:30 Uhr \u00fcbersah ein 59-j\u00e4hriger Schifferst\u00e4dter der mit seinem Mercedes die K26 in Richtung Harthausen befuhr, einen in H\u00f6he des Sportplatzes auf der Fahrbahn liegenden, umgest\u00fcrzten Baum. Durch den Zusammensto\u00df entstand ein Sachschaden von ca. 1200EUR, verletzt wurde niemand. <\/p>\n\n\n\n<p>Gegen 07:20 Uhr wurde ein aus einem Garten umgest\u00fcrzter Baum in der Zeppelinstra\u00dfe gemeldet, der auf zwei parkenden Fahrzeuge gest\u00fcrzt sei soll. Vor Ort lie\u00df sich an den Fahrzeugen kein gr\u00f6\u00dferer Schaden feststellen. Durch das Ge\u00e4st d\u00fcrften lediglich deren D\u00e4cher verkratz worden sein. An dem Grundst\u00fcckszaun hingegen entstand ein Schaden von ca. 300EUR. <\/p>\n\n\n\n<p>Gegen 08:35 Uhr unterst\u00fctzte die Polizei den Baubetriebshof in der Unteren Langgasse bei der Beseitigung eines gro\u00dfen Holztafelplakats, welches dem Sturm nicht standhielt und auf die Fahrbahn gest\u00fcrzt war. Zu Besch\u00e4digungen durch den Umsturz der Tafel kam es nicht. <\/p>\n\n\n\n<p>In der Johannesstra\u00dfe l\u00f6ste sich am Morgen durch den Sturm die Abdeckung eines Streugutbeh\u00e4lters im Hof des Finanzamtes und verursachte an einem parkenden Fahrzeug einen Schaden von ca. 500EUR. <\/p>\n\n\n\n<p>In der Landauer Stra\u00dfe wurde ein Peugeot durch einen herabfallenden Dachziegel besch\u00e4digt. Die H\u00f6he des Sachschadens an dem Pkw steht derzeit noch nicht fest. <\/p>\n\n\n\n<h4 class=\"wp-block-heading\">(B\u00f6hl-Iggelheim \/ Dannstadt \/ Schifferstadt) \u2013 Sachsch\u00e4den und Verkehrsbehinderungen durch Sturmtief Sabine<\/h4>\n\n\n\n<p>Am Montag, den 10.02.20, alarmierte ein Anwohner des 2. Maxfeldwegs gegen 06:00 Uhr morgens die Integrierte Leitstelle der Feuerwehr, da zwei B\u00e4ume auf Grund des Sturmtiefs Sabine auf seinen oberirdischen Gastank gest\u00fcrzt seien. Vor Ort stellte die Feuerwehr einen Austritt von Fl\u00fcssiggas aus dem 2700 Liter Tank fest. Aus Sicherheitsgr\u00fcnden mussten 3 umliegende Wohngeb\u00e4ude, die sich im unmittelbaren Gefahrenbereich befanden, evakuiert werden. Die Feuerwehr konnte das austretende Gas mit Wasser niederschlagen. Das verbliebene Fl\u00fcssiggas wurde in einen Tankwagen umgepumpt. Die freiwillige Feuerwehr B\u00f6hl-Iggelheim war mit einem gr\u00f6\u00dferen Kr\u00e4fteaufgebot vor Ort. Ebenso waren Beamte der Polizeiinspektion Schifferstadt im Einsatz. <\/p>\n\n\n\n<p>Auch in anderen Gemeinden kam es zu sturmbedingten Sch\u00e4den und Gefahrenstellen im Verkehr. In Dannstadt-Schauernheim in der Schillerstra\u00dfe st\u00fcrzte ein Baum von einem Privatgrundst\u00fcck auf die Fahrbahn und musste durch die Freiwillige Feuerwehr beseitigt werden. In Mutterstadt wurde ein Bauzaun durch den starken Wind auf die Fahrbahn geweht. In Schifferstadt ereignete sich auf der K30 zwischen Waldsee und Schifferstadt ein Verkehrsunfall, bei dem ein 57-j\u00e4hriger LKW-Fahrer mit einem Baum, der durch den Sturm in die Fahrbahn ragte, kollidierte. Der Fahrer wurde nicht verletzt, am LKW entstand jedoch ein gesch\u00e4tzter Sachschaden in H\u00f6he von 4500EUR. <\/p>\n\n\n\n<h4 class=\"wp-block-heading\">(Germersheim) \u2013 Sturmsch\u00e4den im Dienstgebiet<\/h4>\n\n\n\n<p>Der Sturm \u201eSabine\u201c hat seine Spuren hinterlassen. Die Polizei Germersheim musste zusammen mit der Feuerwehr und den Stra\u00dfenmeistereien zu mehreren Eins\u00e4tzen ausr\u00fccken. Darunter waren umgest\u00fcrzte B\u00e4ume, \u00c4ste und andere Gegenst\u00e4nde auf der Fahrbahn, umgewehte Verkehrszeichen, heruntergefallene Dachziegel und ein Gartenhaus aus Blech, welches auf die Fahrbahn zwischen Germersheim und Lingenfeld geweht wurde. Es kam insgesamt zu kurzeitigen Verkehrsbeeintr\u00e4chtigungen. Personen wurden nicht verletzt. Der Sachschaden wird auf ca. 5000 Euro gesch\u00e4tzt. <\/p>\n\n\n\n<h4 class=\"wp-block-heading\">(W\u00f6rth am Rhein) \u2013 Sperrungen auf Grund von Sturmsch\u00e4den<\/h4>\n\n\n\n<figure class=\"wp-block-image\"><img decoding=\"async\" loading=\"lazy\" width=\"600\" height=\"471\" src=\"https:\/\/speyer24news.com\/wp-content\/uploads\/2020\/02\/SperrungenBienwald.jpg\" alt=\"\" class=\"wp-image-25261\" srcset=\"https:\/\/speyer24news.com\/wp-content\/uploads\/2020\/02\/SperrungenBienwald.jpg 600w, https:\/\/speyer24news.com\/wp-content\/uploads\/2020\/02\/SperrungenBienwald-300x236.jpg 300w\" sizes=\"(max-width: 600px) 100vw, 600px\" \/><figcaption>Sperrungen im Bienwald<\/figcaption><\/figure>\n\n\n\n<p>Durch die Stra\u00dfenmeisterei Kandel und die alarmierten Feuerwehreinheiten mussten auf Grund Sturmsch\u00e4den eine Vielzahl von Kreisstra\u00dfen im Bereich Bienwald gesperrt werden. Es besteht Astbruch- und Lebensgefahr. Die Stra\u00dfen k\u00f6nnen erst im Laufe des Dienstag sukzessive freigegeben werden. <\/p>\n\n\n\n<h4 class=\"wp-block-heading\">(Edenkoben) \u2013 Sturmtief Sabine besch\u00e4ftigt die Polizei<\/h4>\n\n\n\n<figure class=\"wp-block-image\"><img decoding=\"async\" loading=\"lazy\" width=\"800\" height=\"547\" src=\"https:\/\/speyer24news.com\/wp-content\/uploads\/2020\/02\/Planendach.jpg\" alt=\"\" class=\"wp-image-25263\" srcset=\"https:\/\/speyer24news.com\/wp-content\/uploads\/2020\/02\/Planendach.jpg 800w, https:\/\/speyer24news.com\/wp-content\/uploads\/2020\/02\/Planendach-300x205.jpg 300w, https:\/\/speyer24news.com\/wp-content\/uploads\/2020\/02\/Planendach-768x525.jpg 768w\" sizes=\"(max-width: 800px) 100vw, 800px\" \/><figcaption>Planenaluminiumdach<\/figcaption><\/figure>\n\n\n\n<p>Wegen starken Orkanb\u00f6en musste Sonntagabend (09.02.2020, 23.40 Uhr) die Fahrbahn der A 65 H\u00f6he Edenkoben in Fahrtrichtung Ludwigshafen von Baum\u00e4sten freiger\u00e4umt werden. Es kam zu kleineren Verkehrsbeeintr\u00e4chtigungen. In Edesheim auf dem Bahnhofsparkplatz wurde Montagmorgen (10.02.2020, 05.13 Uhr) ein gr\u00f6\u00dferer Baum entwurzelt. Dabei st\u00fcrzte dieser auf einen geparkten Mercedes Benz, der erheblich besch\u00e4digt wurde.  Gl\u00fcck hatte am Montagmorgen ein 29-j\u00e4hriger LKW-Fahrer auf der A65 bei Landau Zentrum in Fahrtrichtung Karlsruhe. W\u00e4hrend der Fahrt riss infolge des Sturms das flexible Planenaluminiumdach der Ladefl\u00e4che eines vorausfahrenden Lastzugs ab und schleuderte gegen den LKW des 29-J\u00e4hrigen. Dabei entstand Sachschaden am F\u00fchrerhaus. Der unbekannte Lastzugfahrer fuhr weiter, ohne sich um den Schaden zu k\u00fcmmern. Hinweise zu diesem nimmt die Polizei Edenkoben unter der Telefonnummer 06323 9550 entgegen. <\/p>\n\n\n\n<h4 class=\"wp-block-heading\">(Leiningerland) \u2013 Sturmtief: Zahlreiche Eins\u00e4tze im Leiningerland<\/h4>\n\n\n\n<p>Am fr\u00fchen Sonntagabend ging um 19:25 Uhr die erste Meldung \u00fcber herabfallende Ziegeln und zwei besch\u00e4digte PKW in Hettenleidelheim bei der Polizei ein. Dann ging es weiter: in Obers\u00fclzen drohte ein Vordach abzubrechen, umgest\u00fcrzte B\u00e4ume lagen auf vielen Stra\u00dfen im Leiningerland quer, ein Baum fiel auf ein Hausdach in Carlsberg, weitere B\u00e4ume fielen in Gr\u00fcnstadt und Kirchheim auf geparkte PKWs, in Carlsberg landete ein Baum in einer Stromleitung, in Asselheim flog ein Blechdach weg, weitere Ziegeln wurden u.a. in Dirmstein abgedeckt. Die (vorl\u00e4ufig) letzte Meldung kam aus Obers\u00fclzen um 08:15 Uhr \u2013 hier hatten Laub, \u00c4ste etc. die Abwasserkan\u00e4le verstopft, wodurch die Fahrbahn im Bereich der L453\/K29 \u00fcberflutet wurde. W\u00e4hrend all der flei\u00dfigen Aufr\u00e4umarbeiten von Feuerwehr und anderen Helfern mussten Stra\u00dfen und Streckenabschnitte abgesperrt werden \u2013 die Umleitungen erfolgten situativ. <\/p>\n\n\n\n<h4 class=\"wp-block-heading\">(Frankenthal) \u2013 Einsatzgeschehen Sturm \u201eSabine\u201c<\/h4>\n\n\n\n<p>In der Nacht von Sonntag auf Montag kommt es im Dienstgebiet der Polizei Frankenthal und Maxdorf zu mehreren Eins\u00e4tzen durch die Auswirkungen des Sturmtiefs \u201eSabine\u201c. Mehrere kleinere umgest\u00fcrzte B\u00e4ume, heruntergefallene Dachziegeln, umgewehte Verkehrsschilder und \u00e4hnliches werden durch die eingesetzten Beamten von den Stra\u00dfen entfernt. Zu gr\u00f6\u00dferen Sch\u00e4den oder gar Personensch\u00e4den kommt es nach unserem Kenntnisstand nicht. Bleiben Sie weiterhin achtsam, auch in den n\u00e4chsten Stunden sind B\u00f6en mit hoher Windgeschwindigkeit vorhergesagt. <\/p>\n\n\n\n<p>Wir wollen, dass Sie sicher leben \u2013 Ihre Polizei Frankenthal! <\/p>\n\n\n\n<h4 class=\"wp-block-heading\">(Ludwigshafen) \u2013 #SturmtiefSabine \/ Bilanz 13.30 Uhr<\/h4>\n\n\n\n<h4 class=\"wp-block-heading\">Im Nachgang zu unserer Bilanz von 10 Uhr \u2026<\/h4>\n\n\n\n<p>\u2026 hat sich das Sturmtief Sabine im Pr\u00e4sidialbereich beruhigt. Zwischen 10 Uhr und 13.30 Uhr z\u00e4hlten wir im gesamten Pr\u00e4sidialbereich noch 22 polizeiliche Eins\u00e4tze und f\u00fcnf umgest\u00fcrzte B\u00e4ume.  Es kam zu keinen Personensch\u00e4den, der Sachschaden lag bei rund 5.000EUR. <\/p>\n\n\n\n<h4 class=\"wp-block-heading\">(Ludwigshafen) \u2013 #SturmtiefSabine \/ Bilanz 10 Uhr<\/h4>\n\n\n\n<p>Auch im Laufe des Morgens war unser Pr\u00e4sidialbereich stark vom Sturmtief Sabine beeintr\u00e4chtigt. Mittlerweile z\u00e4hlen wir im gesamten Pr\u00e4sidialbereich rund 140 polizeiliche Eins\u00e4tze und 44 umgest\u00fcrzte B\u00e4ume. Bisher wurden uns sechs witterungsbedingte Verkehrsunf\u00e4lle bekannt, bei zwei Unf\u00e4llen kam es zu Personensch\u00e4den. <\/p>\n\n\n\n<p>Den Schwerpunkt der Ereignisse verzeichneten wir heute Morgen im Bereich der Polizeidirektion Neustadt. Dort kam es durch Windbruch, umgewehte Z\u00e4une und Schilder und Geb\u00e4udesch\u00e4den zu einer Vielzahl von Sachsch\u00e4den in H\u00f6he von rund. 150.000 EUR. <\/p>\n\n\n\n<p>Wie die Polizeiinspektion W\u00f6rth aktuell berichtet sind im Bereich Bienwald eine Vielzahl von Stra\u00dfen gesperrt. Mit einer Freigabe der Stra\u00dfen ist erst ab Dienstag zu rechnen. <\/p>\n\n\n\n<p>Da der Sturm weiter andauert, bitten wir unsere B\u00fcrgerinnen und B\u00fcrger um besonnenes Verhalten. Soweit es Ihnen m\u00f6glich ist, bleiben Sie zuhause. Sollten Sie mit dem Auto unterwegs sein, fahren Sie langsam und vorsichtig. <\/p>\n\n\n\n<h4 class=\"wp-block-heading\">(Ludwigshafen) \u2013 #SturmtiefSabine \/ Bilanz 4 Uhr<\/h4>\n\n\n\n<p>Das Sturmtief Sabine zog in der Nacht vom Sonntag, 09.02.2020, auf Montag, 10.02.2020, auch \u00fcber unseren Pr\u00e4sidialbereich hinweg. Im gesamten Pr\u00e4sidialbereich kam es zu rund 100 polizeilichen Eins\u00e4tzen. Wir registrierten mehr als 30 umgest\u00fcrzte B\u00e4ume, weshalb kurzzeitig zehn Stra\u00dfen gesperrt werden mussten. Erfreulicherweise kam es bisher zu keinen Personensch\u00e4den. <\/p>\n\n\n\n<p>Den Schwerpunkt der Ereignisse verzeichneten wir im Bereich der Polizeidirektion Landau. Dort kam es durch Windbruch und umgewehte Z\u00e4une und Schilder zu einer Vielzahl von Sachsch\u00e4den mit einem Schaden von rund. 50.000 EUR. <\/p>\n\n\n\n<p>Da der Sturm weiter andauert, bitten wir unsere B\u00fcrgerinnen und B\u00fcrger um besonnenes Verhalten. Soweit es Ihnen m\u00f6glich ist, bleiben Sie zuhause. Sollten Sie mit dem Auto unterwegs sein, fahren Sie langsam und vorsichtig.<\/p>\n\n\n\n<h4 class=\"wp-block-heading\">(Mannheim \/ Heidelberg \/ Rhein-Neckar-Kreis) \u2013 Bislang keine Personensch\u00e4den nach Orkan in der Region; Schwerpunkte \/ Gegenden um Weinheim, Ladenburg, Wiesloch, Schwetzingen und Sinsheim<\/h4>\n\n\n\n<p>Aufgrund des Orkans \u201eSabine\u201c, verbunden mit starken Windb\u00f6en und Starkregen waren seit Sonntagabend Polizei und Feuerwehren in der Region im Dauereinsatz. Erste Auswirkungen des Orkans zeigten sich ab 19.30 Uhr. Richtig los ging es ab ca. 3 Uhr am Montagmorgen, als die Polizei praktisch im Minutentakt zu Eins\u00e4tzen in der gesamten Region gerufen wurde. <\/p>\n\n\n\n<p>Bis 7 Uhr wurden bisher insgesamt 107 Polizeieins\u00e4tze dokumentiert. Dabei kristallisierten sich mit den Gegenden um Weinheim\/Ladenburg, Wiesloch\/Sandhausen, Schwetzingen\/Oftersheim und Sinsheim\/Waibstadt heraus. <\/p>\n\n\n\n<p>Zwanzig umgest\u00fcrzte B\u00e4ume die gr\u00f6\u00dftenteils auch auf Fahrbahnen wie die Autobahnen 5 und 6, sowie die Bundesstra\u00dfen 291,292, 38, 39 und die Landesstra\u00dfen 532, 536, 546, 597 ragten, wurden hier festgestellt. Aufgrund der Aufr\u00e4umarbeiten mussten teilweise die Stra\u00dfen kurzfristig voll gesperrt werden. In Sandhausen besch\u00e4digte ein umgest\u00fcrzter Baum zudem ein Wohnhaus. Das Schadensausma\u00df ist nicht bekannt. <\/p>\n\n\n\n<p>In Mannheim wurden \u00fcberwiegend Wellbleche, Baustellenschilder und Verkehrszeichen aus ihren Verankerungen gerissen. \u00dcber alle Fahrbahnen der B 38a ragte kurz nach 3 Uhr ein Baum, der den Einsatz der Feuerwehr notwendig machte. <\/p>\n\n\n\n<p>Vergleichsweise glimpflich ging es in Heidelberg zu. Bis dato sind nur wenige Eins\u00e4tze bez\u00fcglich umgest\u00fcrzter Bauz\u00e4une und Baustellenschilder gemeldet worden. <\/p>\n\n\n\n<p>Die H\u00f6he des Gesamtschadens l\u00e4sst sich noch nicht beziffern. <\/p>\n\n\n\n<p>Es wird noch mit weiteren Polizeeins\u00e4tzen im laufe des Montagvormittages in der gesamten Region gerechnet. <\/p>\n\n\n\n<h4 class=\"wp-block-heading\">(Mannheim \/ Heidelberg \/ Rhein-Neckar-Kreis) \u2013 Orkan \u201eSabine\u201c; Sachstand: 15 Uhr \/ derzeit: K 4250 bei Altlu\u00dfheim wegen Bergungsarbeiten gesperrt; N\u00e4heres im nachfolgenden Pressebericht<\/h4>\n\n\n\n<h4 class=\"wp-block-heading\" style=\"text-align:center\">Pressemeldung Nr. 2<\/h4>\n\n\n\n<p>Mit einem blauen Auge davongekommen ist die gesamte Region nach dem Orkan \u201eSabine\u201c. Bis 15 Uhr am Montagnachmittag registrierte das Lagezentrum des Polizeipr\u00e4sidiums Mannheim \u00fcber 160 Eins\u00e4tze im gesamten Zust\u00e4ndigkeitsbereich. <\/p>\n\n\n\n<p>W\u00e4hrend sich die Einsatzschwerpunkte auf die Umgebungen von Weinheim\/Ladenburg, Wiesloch\/Sandhausen, Schwetzingen\/Oftersheim und Sinsheim\/Waibstadt konzentrierten, war es im Stadtgebiet Heidelbergs eher ruhiger. Ab dem sp\u00e4ten Vormittag kam es allerdings zu Verkehrsbehinderungen, im Bereich der B 37 und der Friedrich-Ebert-Anlage. Am Karlstor blockierte ein umgest\u00fcrzter Baum die Einfahrt in den Schlossbergtunnel. Bei der \u00dcberpr\u00fcfung der Bewaldung vor Ort stellten Experten fest, dass noch weitere B\u00e4ume drohen, umzust\u00fcrzen. Aufgrund der nun anstehenden Baumf\u00e4llarbeiten blieb der Tunnel weiter in beiden Richtungen gesperrt. Verkehrsbehinderungen insbesondere auch in der Innenstadt hatte dies zur Folge. Erst gegen 15 Uhr waren die Aufr\u00e4umarbeiten beendet, sodass der Verkehr wieder flie\u00dfen konnte. <\/p>\n\n\n\n<p>In Mannheim flogen \u00fcberwiegend Wellbleche, Baustellenschilder und Verkehrszeichen durch die Gegend. Auf der B 38a ragte kurz nach 3 Uhr ein Baum \u00fcber die komplette Fahrbahn, was den Einsatz der Feuerwehr notwendig machte. <\/p>\n\n\n\n<p>In Sandhausen wurde zun\u00e4chst gemeldet, dass ein Baum in der Ostlandstra\u00dfe auf ein Wohnhaus gest\u00fcrzt sei. Dies best\u00e4tigte sich im Kern nicht. Der Baum lag hinter dem Haus auf einem privaten Grundst\u00fcck. <\/p>\n\n\n\n<p>Gegen 14.20 Uhr geriet auf der K 4250 bei Altlu\u00dfheim ein Lkw-Fahrer mit seinem Fahrzeug aufgrund einer Windb\u00f6e ins Schleudern und fuhr sich auf dem Gr\u00fcnstreifen. Derzeit wird das Fahrzeug geborgen. Hierzu ist die K 4250 in beiden Richtungen voll gesperrt. Wie lange die Sperrung andauern wird, steht noch nicht fest. Der Verkehr wird \u00f6rtlich umgeleitet. <\/p>\n\n\n\n<p>Im Laufe des Montagnachmittages beruhigte sich allm\u00e4hlich die Witterungssituation und das damit verbundene Einsatzaufkommen der Polizei. <\/p>\n","protected":false},"excerpt":{"rendered":"<div class=\"mh-excerpt\"><p>Orkantief \u201eSabine\u201c fegt \u00fcber Speyer \u2013 Adenauerpark geschlossen (Speyer) &#8211; In Folge des Orkantiefs \u201eSabine\u201c wurde in den fr\u00fchen Montagmorgenstunden bis auf Weiteres eine Sperrung des Adenauerparks veranlasst. An den Zug\u00e4ngen wurden entsprechende Aush\u00e4nge angebracht. <a class=\"mh-excerpt-more\" href=\"https:\/\/speyer24news.com\/?p=25267\" title=\"Sturmtief \u201eSabine\u201c\">[&#8230;]<\/a><\/p>\n<\/div>","protected":false},"author":3,"featured_media":25271,"comment_status":"open","ping_status":"open","sticky":false,"template":"","format":"standard","meta":{"_monsterinsights_skip_tracking":false,"_monsterinsights_sitenote_active":false,"_monsterinsights_sitenote_note":"","_monsterinsights_sitenote_category":0,"footnotes":""},"categories":[10,1453],"tags":[6017,6012,210,6013,57,5569,56,6019,222,313,6011,427,2625,6016,6014,6020,6,312,311,6008,6018,1534,6015],"aioseo_notices":[],"amp_enabled":true,"_links":{"self":[{"href":"https:\/\/speyer24news.com\/index.php?rest_route=\/wp\/v2\/posts\/25267"}],"collection":[{"href":"https:\/\/speyer24news.com\/index.php?rest_route=\/wp\/v2\/posts"}],"about":[{"href":"https:\/\/speyer24news.com\/index.php?rest_route=\/wp\/v2\/types\/post"}],"author":[{"embeddable":true,"href":"https:\/\/speyer24news.com\/index.php?rest_route=\/wp\/v2\/users\/3"}],"replies":[{"embeddable":true,"href":"https:\/\/speyer24news.com\/index.php?rest_route=%2Fwp%2Fv2%2Fcomments&post=25267"}],"version-history":[{"count":2,"href":"https:\/\/speyer24news.com\/index.php?rest_route=\/wp\/v2\/posts\/25267\/revisions"}],"predecessor-version":[{"id":25273,"href":"https:\/\/speyer24news.com\/index.php?rest_route=\/wp\/v2\/posts\/25267\/revisions\/25273"}],"wp:featuredmedia":[{"embeddable":true,"href":"https:\/\/speyer24news.com\/index.php?rest_route=\/wp\/v2\/media\/25271"}],"wp:attachment":[{"href":"https:\/\/speyer24news.com\/index.php?rest_route=%2Fwp%2Fv2%2Fmedia&parent=25267"}],"wp:term":[{"taxonomy":"category","embeddable":true,"href":"https:\/\/speyer24news.com\/index.php?rest_route=%2Fwp%2Fv2%2Fcategories&post=25267"},{"taxonomy":"post_tag","embeddable":true,"href":"https:\/\/speyer24news.com\/index.php?rest_route=%2Fwp%2Fv2%2Ftags&post=25267"}],"curies":[{"name":"wp","href":"https:\/\/api.w.org\/{rel}","templated":true}]}}