{"id":25318,"date":"2020-02-11T10:59:42","date_gmt":"2020-02-11T09:59:42","guid":{"rendered":"https:\/\/speyer24news.com\/?p=25318"},"modified":"2020-02-11T10:59:43","modified_gmt":"2020-02-11T09:59:43","slug":"germersheim-und-landkreis-ger-13","status":"publish","type":"post","link":"https:\/\/speyer24news.com\/?p=25318","title":{"rendered":"Germersheim und Landkreis GER"},"content":{"rendered":"<style type=\"text\/css\">\r\n\t.ads_top_disp{}\r\n\t.ads_top_corner_disp{ float:left; margin:0px 10px 10px 0px; }\r\n\t.ads_first_p_disp{}\r\n\t.ads_bottom_disp{}\r\n\t<\/style>\n<h2 class=\"wp-block-heading\"><strong>\u00d6ffnungszeiten\nan Faschingsdienstag<\/strong><\/h2>\n\n\n\n<p>Am\nFaschingsdienstag, 25. Februar 2020, hat die Kreisverwaltung Germersheim mit\nallen Au\u00dfenstellen (inklusive der Zulassungsstelle in Kandel) vormittags bis 12\nUhr ge\u00f6ffnet, nachmittags ist geschlossen.<strong><\/strong><\/p>\n\n\n\n<p><em>Kreisverwaltung Germersheim<\/em><br><em>11.02.2020<\/em><\/p>\n\n\n\n<h2 class=\"wp-block-heading\"><strong>Landkreis Germersheim: An Fastnachtdienstag Wertstoffh\u00f6fe ab 12 Uhr geschlossen<\/strong><\/h2>\n\n\n\n<div class=\"wp-block-image\"><figure class=\"aligncenter\"><img decoding=\"async\" src=\"https:\/\/speyer24news.com\/wp-content\/uploads\/2020\/01\/Closed.jpg\" alt=\"\" class=\"wp-image-24022\"\/><\/figure><\/div>\n\n\n\n<p>An\nFastnachtdienstag, 25. Februar, sind die Abfallentsorgungsanlagen im Kreis\nGermersheim ab 12 Uhr geschlossen. Dies betrifft den Wertstoffhof Berg (an der\nDeponie Berg) sowie die Wertstoffh\u00f6fe Bellheim und R\u00fclzheim, die station\u00e4re\nProblemm\u00fcllannahmestelle am Wertstoffhof R\u00fclzheim und die Annahmestelle f\u00fcr\nGr\u00fcnabf\u00e4lle in Westheim (an der Verg\u00e4rungsanlage).<\/p>\n\n\n\n<p><em>Kreisverwaltung Germersheim<\/em><br><em>11.02.2020<\/em><\/p>\n\n\n\n<h2 class=\"wp-block-heading\"><strong>Erste\nAbschlagszahlung f\u00fcr M\u00fcllgeb\u00fchren<\/strong><\/h2>\n\n\n\n<p>Am 1. M\u00e4rz ist im Kreis Germersheim\ndie 1. Abschlagszahlung der M\u00fcllgeb\u00fchren f\u00fcr das Jahr 2020 f\u00e4llig.<\/p>\n\n\n\n<p>Die Abfallwirtschaft der\nKreisverwaltung Germersheim erinnert die betroffenen Grundst\u00fcckseigent\u00fcmer an\ndie rechtzeitige Zahlung.<\/p>\n\n\n\n<p>Der Geb\u00fchrenbescheid wird immer zu\nBeginn des aktuellen Kalenderjahres verschickt. Er weist die H\u00f6he sowie die\nF\u00e4lligkeitstermine der zu zahlenden Abschlagsbetr\u00e4ge aus.<\/p>\n\n\n\n<p>Gehen die M\u00fcllgeb\u00fchren nicht\nfristgerecht ein m\u00fcssen zus\u00e4tzlich Verwaltungsgeb\u00fchren erhoben werden. Wer eine\nEinzugserm\u00e4chtigung\/SEPA-Lastschriftmandat erteilt hat erh\u00e4lt die Garantie,\ndass die Abfallgeb\u00fchren immer fristgerecht abgebucht werden.<\/p>\n\n\n\n<p>Das Formular hierf\u00fcr kann beim Fachbereich Abfallwirtschaft unter der Telefonnummer 07274\/53 256 angefordert werden. Es ist ebenso im Internet unter <a href=\"http:\/\/www.kreis-germersheim.de\/abfallwirtschaft\">www.kreis-germersheim.de\/abfallwirtschaft<\/a> unter der Rubrik Formulare abrufbar und muss unterschrieben an die Kreisverwaltung geschickt bzw. gefaxt werden.<\/p>\n\n\n\n<p>Die Beh\u00f6rde bittet darum, bei Zahlungen unbedingt die Eigent\u00fcmernummer auf den \u00dcberweisungstr\u00e4gern anzugeben. Ohne diese Angabe k\u00f6nnen die eingehenden Betr\u00e4ge nicht zugeordnet werden.<\/p>\n\n\n\n<p><em>Kreisverwaltung Germersheim<\/em><br><em>11.02.2020<\/em><\/p>\n\n\n\n<h2 class=\"wp-block-heading\"><strong>M\u00fcllabfuhr wegen Sturmtief \u201eSabine\u201c um einen Tag verschoben<\/strong><\/h2>\n\n\n\n<p>Der Fachbereich Abfallwirtschaft des Landkreises Germersheim teilt mit, dass aufgrund der herrschenden Wetterlage am Montag keine Abfallsammlung (mit Ausnahme der Abfuhr der Glasboxen) im Kreis m\u00f6glich ist.<\/p>\n\n\n\n<p>Die\nAbfuhr f\u00fcr Rest- und Biom\u00fcll und f\u00fcr gelbe S\u00e4cke sowie die Leerung der\nPapiertonnen finden im Landkreis Germersheim in dieser Woche von 10. bis 14.\nFebruar jeweils einen Tag sp\u00e4ter statt. Die ausgefallenen Leerungen verschieben\nsich damit von Montag auf Dienstag, von Dienstag auf Mittwoch und so weiter,\ndie letzten Abfuhren von Freitag werden am Samstag nachgeholt.<\/p>\n\n\n\n<p>Die\nAbfuhr der Glasboxen sind von dieser Verschiebung nicht betroffen und werden\nwie im Abfuhrplan vorgesehen, abgeholt. <\/p>\n\n\n\n<p>Au\u00dferdem sind die Wertstoffh\u00f6fe in R\u00fclzheim und Bellheim aufgrund der Wetterlage am Montag geschlossen. Der Wertstoffhof in Berg und die Heckenannahmestelle in Westheim bleib ge\u00f6ffnet.<\/p>\n\n\n\n<p><em>Kreisverwaltung Germersheim<br>11.02.2020<\/em><\/p>\n\n\n\n<h1 class=\"wp-block-heading\" style=\"text-align:center\"><strong>Kreisvolkshochschule (KVHS) Germersheim: <\/strong><\/h1>\n\n\n\n<div class=\"wp-block-image\"><figure class=\"aligncenter\"><img decoding=\"async\" src=\"https:\/\/speyer24news.com\/wp-content\/uploads\/2020\/01\/VHS-GER-Logo.png\" alt=\"\" class=\"wp-image-24132\"\/><\/figure><\/div>\n\n\n\n<h2 class=\"wp-block-heading\"><strong>Kurse, Vortr\u00e4ge, Veranstaltungen<\/strong><\/h2>\n\n\n\n<p>Es wird darauf hingewiesen, dass zu\nallen nachstehend aufgef\u00fchrten Kursen und Vortr\u00e4gen eine <strong>Anmeldung unbedingt erforderlich <\/strong>ist. Kontaktadressen sind\nam Ende des Textes zu finden.<\/p>\n\n\n\n<p><strong>2020kv167<\/strong><strong><\/strong><\/p>\n\n\n\n<p><strong>\u201eRechnen im Alltag<\/strong><\/p>\n\n\n\n<p><strong>Mathematik\n&#8211; Aufbaukurs (Leistungsanforderung qualifizierter Sekundarabschluss I)<\/strong><strong>\u201c\n&#8211; <\/strong>Kurs mit <strong>Dieter\nBoudgoust: <\/strong>Germersheim, August-Keiler-Str. 34, Goethe-Gymnasium, Ostbau, EG, Saal 082. Beginn: Dienstag, 03.03.2020,\n19:00 &#8211; 20:30\nUhr. Dauer: 12 Termine, Kosten: 75,00\nEuro\/Person.<\/p>\n\n\n\n<p><strong>2020kv182<\/strong><strong><\/strong><\/p>\n\n\n\n<p><strong>\u201eMeditation `Ruhe &amp; Konzentration\u00b4\u201c &#8211; <\/strong>Kurs mit <strong>Janina-Alisha Michaelis: <\/strong>Germersheim, Friedenstr.\n13, Praxis \u201eOMVitalZeit\u201c. Beginn: Donnerstag, 05.03.2020,\n18:30 &#8211; 19:15\nUhr. Dauer: 7 Termine, Kosten: 21,00\nEuro\/Person.<\/p>\n\n\n\n<p><strong>2020kv163<\/strong><strong><\/strong><\/p>\n\n\n\n<p><strong>\u201eDas Wohnraummietrecht &#8211; Rechtsvortrag\u201c &#8211; <\/strong>Kurs mit <strong>Matthias Marz: <\/strong>Germersheim, Ritter-von-Schmau\u00df-Str.\/Ecke\nParadeplatz, Seiteneingang der\nBerufsbildende Schule, UG, Seminarraum 1 in der KVHS Gesch\u00e4ftsstelle.\nBeginn: Donnerstag, 12.03.2020, 19:30\n&#8211; 21:00 Uhr. Dauer: 1 Termin, Kosten: 10,00 Euro\/Person.<\/p>\n\n\n\n<p><strong>2020kv138<\/strong><strong><\/strong><\/p>\n\n\n\n<p><strong>\u201eAugentraining &#8211; St\u00e4rkung der Sehkraft\u201c &#8211; <\/strong>Kurs mit <strong>Gertrud Hertel: <\/strong>Germersheim, Ritter-von-Schmau\u00df-Str.\/Ecke\nParadeplatz, Seiteneingang der\nBerufsbildende Schule, EG, Saal E 06. Beginn: Freitag, 13.03.2020, 18:30 &#8211; 20:00\nUhr. Dauer: 6 Termine, Kosten: 45,00\nEuro\/Person.<\/p>\n\n\n\n<p><strong>2020kv008\nund 2020kv009<\/strong><\/p>\n\n\n\n<p><strong>\u201eEinb\u00fcrgerungstest, Termin 7 am Vormittag und Termin 8\nam Nachmittag-\u201c &#8211; Test mit Karin Tr\u00e4ber:\n<\/strong>Germersheim, Ritter-von-Schmau\u00df-Str.\/Ecke\nParadeplatz, Seiteneingang der Berufsbildende Schule, UG, Seminarraum 1 der KVHS Gesch\u00e4ftsstelle, am Montag, 06. April 2020, Termin 7 um 10:00 Uhr, Termin 8 um 15:00 Uhr, Dauer: 60 Minuten,\nKosten: 25,00 Euro\/Person. <strong>Anmeldeschluss: Freitag, 06. M\u00e4rz 2020.<\/strong><\/p>\n\n\n\n<p>Eine <strong>Anmeldung<\/strong> ist zu allen Veranstaltungen der Kreisvolkshochschule zwingend <strong>erforderlich<\/strong> bei der Gesch\u00e4ftsstelle der KVHS in Germersheim, Ritter-von-Schmau\u00df-Str.\/Ecke Paradeplatz, Tel. 07274-53334 oder -53382, E-Mail: <a href=\"mailto:vhs@kreis-germersheim.de\">vhs@kreis-germersheim.de<\/a> oder online \u00fcber ein Buchungsformular auf der Homepage unter <a href=\"http:\/\/www.kreis-germersheim.de\/kvhs\">www.kreis-germersheim.de\/kvhs<\/a>.<\/p>\n\n\n\n<p><strong>Bitte beachten Sie unsere\n\u00d6ffnungszeiten:<\/strong><\/p>\n\n\n\n<p>Montag\nbis Freitag: 08:30 bis 12:00 Uhr, Dienstag: 13:30 bis 16:00 Uhr, Donnerstag:\n13:30 bis 18:00 Uhr, <\/p>\n\n\n\n<p>Annahmeschluss: jeweils 15 Minuten vor Ende der \u00d6ffnungszeiten.<\/p>\n\n\n\n<p><em>Kreisverwaltung Germersheim \/ Kreisvolkshochschule (KVHS) Germersheim<br>11.02.2020<\/em><\/p>\n","protected":false},"excerpt":{"rendered":"<div class=\"mh-excerpt\"><p>\u00d6ffnungszeiten an Faschingsdienstag Am Faschingsdienstag, 25. Februar 2020, hat die Kreisverwaltung Germersheim mit allen Au\u00dfenstellen (inklusive der Zulassungsstelle in Kandel) vormittags bis 12 Uhr ge\u00f6ffnet, nachmittags ist geschlossen. Kreisverwaltung Germersheim11.02.2020 Landkreis Germersheim: An Fastnachtdienstag Wertstoffh\u00f6fe <a class=\"mh-excerpt-more\" href=\"https:\/\/speyer24news.com\/?p=25318\" title=\"Germersheim und Landkreis GER\">[&#8230;]<\/a><\/p>\n<\/div>","protected":false},"author":3,"featured_media":0,"comment_status":"open","ping_status":"open","sticky":false,"template":"","format":"standard","meta":{"_monsterinsights_skip_tracking":false,"_monsterinsights_sitenote_active":false,"_monsterinsights_sitenote_note":"","_monsterinsights_sitenote_category":0,"footnotes":""},"categories":[449],"tags":[4148,111,210,1665,5057,5569,6019,6027,6025,6026],"aioseo_notices":[],"amp_enabled":true,"_links":{"self":[{"href":"https:\/\/speyer24news.com\/index.php?rest_route=\/wp\/v2\/posts\/25318"}],"collection":[{"href":"https:\/\/speyer24news.com\/index.php?rest_route=\/wp\/v2\/posts"}],"about":[{"href":"https:\/\/speyer24news.com\/index.php?rest_route=\/wp\/v2\/types\/post"}],"author":[{"embeddable":true,"href":"https:\/\/speyer24news.com\/index.php?rest_route=\/wp\/v2\/users\/3"}],"replies":[{"embeddable":true,"href":"https:\/\/speyer24news.com\/index.php?rest_route=%2Fwp%2Fv2%2Fcomments&post=25318"}],"version-history":[{"count":1,"href":"https:\/\/speyer24news.com\/index.php?rest_route=\/wp\/v2\/posts\/25318\/revisions"}],"predecessor-version":[{"id":25319,"href":"https:\/\/speyer24news.com\/index.php?rest_route=\/wp\/v2\/posts\/25318\/revisions\/25319"}],"wp:attachment":[{"href":"https:\/\/speyer24news.com\/index.php?rest_route=%2Fwp%2Fv2%2Fmedia&parent=25318"}],"wp:term":[{"taxonomy":"category","embeddable":true,"href":"https:\/\/speyer24news.com\/index.php?rest_route=%2Fwp%2Fv2%2Fcategories&post=25318"},{"taxonomy":"post_tag","embeddable":true,"href":"https:\/\/speyer24news.com\/index.php?rest_route=%2Fwp%2Fv2%2Ftags&post=25318"}],"curies":[{"name":"wp","href":"https:\/\/api.w.org\/{rel}","templated":true}]}}