{"id":25330,"date":"2020-02-12T07:45:13","date_gmt":"2020-02-12T06:45:13","guid":{"rendered":"https:\/\/speyer24news.com\/?p=25330"},"modified":"2020-02-12T07:45:14","modified_gmt":"2020-02-12T06:45:14","slug":"kirche-54","status":"publish","type":"post","link":"https:\/\/speyer24news.com\/?p=25330","title":{"rendered":"Kirche"},"content":{"rendered":"<style type=\"text\/css\">\r\n\t.ads_top_disp{}\r\n\t.ads_top_corner_disp{ float:left; margin:0px 10px 10px 0px; }\r\n\t.ads_first_p_disp{}\r\n\t.ads_bottom_disp{}\r\n\t<\/style>\n<h2 class=\"wp-block-heading\"><strong>Lobpreisgottesdienst in St. Hedwig<\/strong><\/h2>\n\n\n\n<p><strong>Speyer &#8211; <\/strong>Am <strong>Sonntag, 16. Februar<\/strong> um 18 Uhr findet der n\u00e4chste Lobpreisegottesdienst statt. Wie immer wird er als Eucharistiefeier in der Kirche St. Hedwig (Heinrich-Heine-Str. 8, Speyer) unter der Leitung von Domkapitular Vogelgesang gefeiert. Am Ende des Gottesdienstes besteht die M\u00f6glichkeit, in den pers\u00f6nlichen Anliegen zu beten und einen eigenen Segen zu erhalten.<\/p>\n\n\n\n<p>Menschen aller Altersgruppen auf der Suche nach Formen gelebter Spiritualit\u00e4t, die den Alltag tragen, finden hier ein Angebot zu einer angenehmen Zeit am Sonntagabend. Modernes geistliches Liedgut aus verschiedenen Stilrichtungen, offene Gebetsformen, dialogische Predigt und einfach eine \u201egute Atmosph\u00e4re\u201c sorgen daf\u00fcr, dass die Eucharistie in ihrer ganzen Sch\u00f6nheit und Kraft erlebt werden kann. All das will Lobpreisgottesdienst sein! Nach dem Gottesdienst ist Gelegenheit sein, die Gemeinschaft weiter zu f\u00fchren und sich \u00fcber die Themen des Gottesdienstes auszutauschen.<\/p>\n\n\n\n<p>In den Stra\u00dfen des Wohngebietes Speyer-West finden sich gen\u00fcgend Parkpl\u00e4tze, die ohne Anwohnerparkausweise genutzt werden k\u00f6nnen.<\/p>\n\n\n\n<p>Die Termine der Lobpreisgottesdienste im neuen Jahr 2020 sind folgende: 22.03., 26.04., 24.05., 21.06., 26.07., 23.08., 27.09., 25.10., 22.11., 13.12.<\/p>\n\n\n\n<p><em>Bistum Speyer<br>12.02.2020<\/em><\/p>\n\n\n\n<h2 class=\"wp-block-heading\"><strong>Musik zur Fastenzeit im Speyerer Dom<\/strong><\/h2>\n\n\n\n<h3 class=\"wp-block-heading\"><strong>Auftakt der Konzertreihe \u201eCantate Domino\u201c am 29. Februar<\/strong><\/h3>\n\n\n\n<div class=\"wp-block-image\"><figure class=\"aligncenter\"><img decoding=\"async\" loading=\"lazy\" width=\"800\" height=\"565\" src=\"https:\/\/speyer24news.com\/wp-content\/uploads\/2020\/02\/IMG_4993DommusikSpeyer.jpg\" alt=\"\" class=\"wp-image-25331\" srcset=\"https:\/\/speyer24news.com\/wp-content\/uploads\/2020\/02\/IMG_4993DommusikSpeyer.jpg 800w, https:\/\/speyer24news.com\/wp-content\/uploads\/2020\/02\/IMG_4993DommusikSpeyer-300x212.jpg 300w, https:\/\/speyer24news.com\/wp-content\/uploads\/2020\/02\/IMG_4993DommusikSpeyer-768x542.jpg 768w\" sizes=\"(max-width: 800px) 100vw, 800px\" \/><\/figure><\/div>\n\n\n\n<p><strong>Speyer &#8211; <\/strong>An den Samstagen der Fastenzeit, l\u00e4dt die Dommusik Speyer zu Konzerten in den Dom. Unter dem Titel \u201eCantate Domino\u201c (Singet dem Herrn) findet jeweils um 18 Uhr im Dom zu Speyer ein etwa einst\u00fcndiges Konzert statt. St\u00fccke aus verschiedenen Jahrhunderten und in unterschiedlicher Instrumentierung setzen sich mit den Themen der Fastenzeit auseinander und er\u00f6ffnen so den Zuh\u00f6rern einen musikalischen Zugang zur Passionszeit. In diesem Jahr stehen die Musikst\u00fccke in besonderem optischen Bezug zu den Kreuzwegbildern \u201eAugenblick: Passion\u201c von Stefan Weyergraf gen. Streit, die ab dem 28. Februar im Dom zu sehen sind. Der Eintritt zu den Konzerten ist frei. Um eine Spende am Ausgang wird gebeten.<\/p>\n\n\n\n<p>Musik von Joseph Haydn steht am Samstag, <strong>29.Februar, 18 Uhr <\/strong>inder Krypta des Domsauf dem Programm. Johanna Elvira Lorenzin spielt auf einem historischen Hammerklavier <strong>\u201eDie sieben letzten Worte unseres<\/strong> <strong>Erl\u00f6sers am Kreuze\u201c<\/strong> in der Fassung f\u00fcr Klavier solo.<\/p>\n\n\n\n<p>Das Werk <strong>\u201eThe Crucifixion\u201c<\/strong>, eine Passionskantate von John Stainer f\u00fcr Tenor-, Baritonsolo, Chor und Orgel gibt dem Konzert am <strong>7.M\u00e4rz, um 18 Uhr<\/strong> seinen Titel. Der Komponist lebte in London im 19. Jahrhundert und war dort Director of Music an der St. Pauls Cathedral. Er schuf mit diesem Werk eine Meditation \u00fcber das Leiden Christi, das in England sehr popul\u00e4r ist und in der Karwoche in den englischen Kathedralen nicht fehlen darf. <\/p>\n\n\n\n<p>Daniel Schreiber (Tenor) und Michael Marz (Bariton) \u00fcbernehmen die Solistenrollen. Der Domchor Speyer und Domorganist Markus Eichenlaub musizieren unter der Leitung von Domkantor Joachim Weller.<\/p>\n\n\n\n<p>Am Samstag, <strong>14. M\u00e4rz, 18 Uhr <\/strong>stimmen drei Kantaten von Johann Sebastian Bach auf den Dritten Fastensonntag ein. Die drei Kantaten <strong>\u201eJesus nahm zu sich die Zw\u00f6lfe\u201c, \u201eDu wahrer Gott und<\/strong> <strong>Davids Sohn\u201c <\/strong>und<strong> \u201eSehet, wir gehen hinauf gen Jerusalem\u201c<\/strong> wurden von Bach im Jahr 1722 komponiert und als seine Bewerbungsst\u00fccke f\u00fcr die Stelle des Thomaskantors in Leipzig aufgef\u00fchrt. <\/p>\n\n\n\n<p>Anabelle Hund (Sopran), Matthias Lucht (Altus), Martin Steffan (Tenor) und Lorenz Miehlich (Bass) sind die Vokalsolisten der Auff\u00fchrung mit den Speyerer Domsingknaben und dem Barockorchester L\u2019arpa festante. Die Leitung liegt in den H\u00e4nden von Domkantor Joachim Weller.<\/p>\n\n\n\n<p>Das wahrscheinlich ber\u00fchmteste Werk der Barockzeit, das <strong>\u201eStabat mater\u201c<\/strong> von Giovanni Battista Pergolesi wird am Samstag, <strong>21. M\u00e4rz, 18<\/strong> <strong>Uhr<\/strong> zu h\u00f6ren sein. Pergolesi starb sehr jung mit gerade einmal 26 Lebensjahren, machte sich aber mit seiner Vertonung des mittelalterlichen Gedichts, in dem die Situation der Gottesmutter bei ihrem sterbenden Sohn beschrieben wird, unsterblich und schuf damit ein ganz zentrale Werk der Musikgeschichte.<\/p>\n\n\n\n<p>Die jungen S\u00e4ngerinnen Gina Capello (Sopran) und Julia Werner (Alt) musizieren zusammen mit dem M\u00e4dchenchor am Dom zu Speyerer und dem Chiarina Streichquintett unter der Leitung von Domkapellmeister Markus Melchiori.<\/p>\n\n\n\n<p>F\u00fcr die Passionszeit des Jahres 1680 komponierte Dieterich Buxtehude sein gr<em>\u00f6<\/em>\u00dftes oratorisches Werk, den Kantatenzyklus <strong>\u201eMembra Jesu nostri\u201c<\/strong>. <\/p>\n\n\n\n<p>Er steht am <strong>28. M\u00e4rz, um 18 Uhr<\/strong> auf dem Programm. In den sieben kurzen Einzelkantaten werden F\u00fc\u00dfe, Knie, H\u00e4nde, Seite, Brust, Herz und Gesicht des gekreuzigten Christus allegorisch gedeutet. <\/p>\n\n\n\n<p>Angelika Lenter (Sopran), Anabelle Hund (Sopran), Matthias Lucht (Altus), Thomas Jakobs (Tenor) und Michael Marz (Bass) werden von Mitgliedern des Barockorchesters L\u2019arpa festante begleitet. Die musikalische Leitung hat Domkapellmeister Markus Melchiori.<\/p>\n\n\n\n<p>Den Abschluss der Konzertreihe bildet die Auff\u00fchrung des Orgelzyklus <strong>\u201eLe chemin de la croix \u2013 Der Kreuzweg\u201c<\/strong> von Marcel Dupr\u00e9 am <strong>4. April, 18 Uhr <\/strong>zum Palmsonntag, den Prof. Carsten Klomp aus Heidelberg an den Orgeln des Doms zu Speyer interpretieren wird.<\/p>\n\n\n\n<h3 class=\"wp-block-heading\"><strong>Die Termine im \u00dcberblick:<\/strong><\/h3>\n\n\n\n<ul><li><strong>Samstag, 29. Februar 2020, 18:00 Uhr zum Ersten Fastensonntag (in der Krypta)<\/strong><br>Joseph Haydn (1732-1809)<br><strong>Die sieben letzten Worte unseres Erl\u00f6sers am Kreuze<\/strong><br>Fassung des Komponisten f\u00fcr Klavier solo<br>Johanna Elvira Lorenzin | Hammerklavier<\/li><li><strong>Samstag, 7. M\u00e4rz 2020, 18:00 Uhr zum Zweiten Fastensonntag<\/strong><br>John Stainer (1840-1901)<br><strong>The Crucifixion<\/strong><br>f\u00fcr Tenor- und Baritonsolo, Chor und Orgel<br>Daniel Schreiber | Tenor<br>Michael Marz | Bariton<br>Domchor Speyer<br>Domorganist Markus Eichenlaub | Orgel<br>Leitung: Domkantor Joachim Weller<\/li><li><strong>Samstag, 14. M\u00e4rz 2020, 18:00 Uhr zum Dritten Fastensonntag<\/strong><br>Johann Sebastian Bach (1685-1750)<br><strong>Kantaten zur Passion<\/strong><br>Jesus nahm zu sich die Zw\u00f6lfe, BWV 22<br>Du wahrer Gott und Davids Sohn, BWV 23<br>Sehet, wir gehen hinauf gen Jerusalem, BWV 159<br>Anabelle Hund | Sopran<br>Matthias Lucht | Altus<br>Martin Steffan | Tenor<br>Lorenz Miehlich | Bass<br>Speyerer Domsingknaben<br>Barockorchester L\u00b4 arpa festante<br>Leitung: Domkantor Joachim Weller<\/li><li><strong>Samstag, 21. M\u00e4rz 2020, 18:00 Uhr zum Vierten Fastensonntag<\/strong><br>Giovanni Battista Pergolesi (1710-1736)<br><strong>Stabat mater<\/strong><br>Gina Capello | Sopran<br>Julia Werner | Alt<br>M\u00e4dchenchor am Dom zu Speyerer<br>Chiarina Streichquintett<br>Leitung: Domkapellmeister Markus Melchiori<\/li><li><strong>Samstag, 28. M\u00e4rz 2020, 18:00 Uhr zum F\u00fcnften Fastensonntag<\/strong><br>Heinrich Sch\u00fctz (1585-1672): <strong>O bone Jesu<\/strong><br>Dietrich Buxtehude (1637-1707): <strong>Membra Jesu nostri<\/strong><br>Angelika Lenter und Anabelle Hund | Sopran<br>Matthias Lucht | Altus<br>Thomas Jakobs | Tenor<br>Michael Marz | Bass<br>Barockorchester L\u00b4 arpa festante<br>Leitung: Domkapellmeister Markus Melchiori<\/li><li><strong>Samstag, 4. April 2020, 18:00 Uhr zum Palmsonntag<\/strong><br>Marcel Dupr\u00e9 (1886-1971)<br><strong>Le chemin de la croix \u2013 Der Kreuzweg<\/strong><br>Prof. Carsten Klomp, Orgel<\/li><\/ul>\n\n\n\n<p><em>Text: Bistum Speyer Foto: Dommusik Speyer \/ Klaus Landry<br>12.02.2020<\/em><\/p>\n\n\n\n<h2 class=\"wp-block-heading\">Die Demokratie muss sich an ethischen Grunds\u00e4tzen orientieren<\/h2>\n\n\n\n<h3 class=\"wp-block-heading\">Kirchenpr\u00e4sident Schad fordert zur Wachsamkeit gegen\u00fcber Parteien auf, die Hass und Ausgrenzung propagieren<\/h3>\n\n\n\n<div class=\"wp-block-image\"><figure class=\"aligncenter\"><img decoding=\"async\" src=\"https:\/\/speyer24news.com\/wp-content\/uploads\/2020\/01\/Christian-Schad-Portr\u00e4t-Ev.-Kirche.jpg\" alt=\"\" class=\"wp-image-24406\"\/><\/figure><\/div>\n\n\n\n<p><strong>Speyer<em> (lk)<\/em> &#8211; <\/strong>Kirchenpr\u00e4sident Christian Schad hat die Parteien und gesellschaftlich relevanten Gruppen aufgefordert, f\u00fcr eine Werteorientierung in der Politik einzutreten, in deren Zentrum die W\u00fcrde jedes einzelnen Menschen, die Achtung der Menschenrechte und die Ausrichtung am Gemeinwohl stehen. Angesichts der aktuellen Vorg\u00e4nge rund um die Wahl des th\u00fcringischen Ministerpr\u00e4sidenten forderte Schad dazu auf, &#8222;wachsam zu sein und allen entschieden entgegenzutreten, die Ausgrenzung, Hass und diskriminierende Parolen verbreiten.&#8220; Kirchen und Gewerkschaften, Verb\u00e4nde und Vereinigungen m\u00fcssten ihren eigenen Beitrag zur Festigung der Demokratie leisten und aufkl\u00e4rend auf Menschen zugehen, die bereit seien, &#8222;ihre Stimme denen zu geben, die meinen, mit einfachen Antworten komplexe Fragen unserer Zeit l\u00f6sen zu k\u00f6nnen&#8220;, erkl\u00e4rte Schad.<\/p>\n\n\n\n<p>Von Politikern erwartet der Kirchenpr\u00e4sident &#8222;die Tugend der Standfestigkeit, die \u00fcber das Interesse eines Einzelnen oder einer Partei hinausgeht.&#8220; Man d\u00fcrfe auch nicht im Ansatz v\u00f6lkischem Denken Raum lassen und m\u00fcsse sich vorbehaltlos f\u00fcr die freiheitliche Demokratie einsetzen. Die Demokratie brauche die Orientierung an ethischen Grunds\u00e4tzen. Angesichts der j\u00fcngeren deutschen Geschichte sieht Kirchenpr\u00e4sident Schad die politischen Akteure und die gesellschaftlichen Gruppen in der Pflicht, &#8222;die Demokratie auf dem Hintergrund unseres christlichen Menschenbildes zu verteidigen und aktiv mitzugestalten.&#8220; Die Entfaltung demokratischer Tugenden sei dabei eine notwendige Bedingung, um eine wehrhafte Demokratie in Deutschland zu st\u00fctzen und lebendig zu halten.<\/p>\n\n\n\n<h2 class=\"wp-block-heading\" style=\"text-align:center\">Die Erkl\u00e4rung im Wortlaut:<\/h2>\n\n\n\n<h3 class=\"wp-block-heading\">Demokratie braucht Tugenden<\/h3>\n\n\n\n<h4 class=\"wp-block-heading\">Stellungnahme von Kirchenpr\u00e4sident Dr. h. c. Christian Schad zu den aktuellen Vorg\u00e4ngen in Th\u00fcringen:<\/h4>\n\n\n\n<p>Der 5. Februar 2020 &#8211; die Annahme der Wahl zum Ministerpr\u00e4sidenten eines Bundeslandes, die unter anderem mit den Stimmen einer rechtsextremen Partei zustande kam &#8211; hat gezeigt, welche fatalen Folgen es hat, wenn politisches Taktieren wichtiger wird als das klare Eintreten f\u00fcr demokratische Grundhaltungen &#8211; und wenn Einzelinteressen oder pers\u00f6nlicher Ehrgeiz \u00fcber die Glaubw\u00fcrdigkeit siegen.<\/p>\n\n\n\n<p><strong>Die Position der Evangelischen Kirche war und ist:<\/strong><\/p>\n\n\n\n<p>Nirgendwo d\u00fcrfen demokratische Regierungen in unserem Land durch eine Partei an die Macht kommen, die ihrerseits die Grundwerte des demokratischen Rechtsstaats leugnet, indem sie zum Beispiel fremdenfeindlichen und antisemitischen Positionen Vorschub leistet oder die Schreckensherrschaft der NS-Diktatur relativiert und ihre Verbrechen verharmlost.<\/p>\n\n\n\n<p><strong>Die Vorg\u00e4nge in Th\u00fcringen haben gezeigt, wie verletzlich unsere Demokratie ist.<\/strong><\/p>\n\n\n\n<p>Dass ein Ministerpr\u00e4sident mit Hilfe einer Partei gew\u00e4hlt wurde, die bis in die Spitze hinein von Rechtsextremen gepr\u00e4gt wird, war und ist ein Tabubruch &#8211; und das eineinhalb Wochen nach dem 27. Januar 2020, dem Internationalen Tag des Gedenkens an die Opfer des Holocausts, 75 Jahre nach der Befreiung des Konzentrationslagers Auschwitz!<\/p>\n\n\n\n<p>Dies muss uns Warnung sein, f\u00fcr eine Werteorientierung in der Politik einzutreten, in deren Zentrum die W\u00fcrde jedes einzelnen Menschen, die Achtung der Menschenrechte und die Ausrichtung am Gemeinwohl stehen. Das aber hei\u00dft: wachsam zu sein und allen entschieden entgegenzutreten, die Ausgrenzung, Hass und diskriminierende Parolen verbreiten.<\/p>\n\n\n\n<p>Gefordert ist hier von Politikern die Tugend der Standfestigkeit, die \u00fcber das Interesse eines Einzelnen oder einer Partei hinausgeht, sich vielmehr vorbehaltlos f\u00fcr die freiheitliche Demokratie einsetzt und damit v\u00f6lkischem Denken auch nicht im Ansatz Raum l\u00e4sst. Sich demokratisch durch eine Partei legitimieren zu lassen, die durch ihre Repr\u00e4sentanten dem Prinzip der freiheitlichen Demokratie zuwiderhandelt, ist unglaubw\u00fcrdig und zerst\u00f6rt das Vertrauen der B\u00fcrgerinnen und B\u00fcrger in die Politik.<\/p>\n\n\n\n<p>Demgegen\u00fcber braucht die Demokratie die Orientierung an ethischen Grunds\u00e4tzen. Und dazu geh\u00f6ren entsprechende Einstellungen und Verhaltensweisen &#8211; gerade auch von Politikerinnen und Politikern.<\/p>\n\n\n\n<p>Dar\u00fcber hinaus bleiben alle gesellschaftlich relevanten Gruppen aufgefordert, ihren eigenen Beitrag zur Festigung der Demokratie zu leisten &#8211; und aufkl\u00e4rend auf Menschen zuzugehen, die bereit sind, ihre Stimme denen zu geben, die meinen, mit einfachen Antworten komplexe Fragen unserer Zeit l\u00f6sen zu k\u00f6nnen.<\/p>\n\n\n\n<p>Unmittelbare historische Vergleiche der gegenw\u00e4rtigen Vorg\u00e4nge in der Bunderepublik Deutschland mit der Weimarer Republik halte ich f\u00fcr problematisch.<\/p>\n\n\n\n<p><strong>Aber Lehren k\u00f6nnen dennoch gezogen werden:<\/strong><\/p>\n\n\n\n<p>Die deutsche Katastrophe begann n\u00e4mlich damit, dass zu viele Menschen der damals jungen Demokratie gleichg\u00fcltig bzw. kritisch gegen\u00fcberstanden. Die Weimarer Republik ist nicht an zu viel Demokratie, sondern an zu z\u00f6gerlichen Demokraten gescheitert.<br>Heute stehen wir deshalb in der Pflicht, die Demokratie auf dem Hintergrund unseres christlichen Menschenbildes zu verteidigen und aktiv mitzugestalten. Die Entfaltung demokratischer Tugenden ist dabei eine notwendige Bedingung daf\u00fcr, eine wehrhafte Demokratie in unserem Land zu st\u00fctzen und lebendig zu halten.<\/p>\n\n\n\n<p><em>EVANGELISCHE KIRCHE DER PFALZ (Protestantische Landeskirche)<br>12.02.2020<\/em><\/p>\n","protected":false},"excerpt":{"rendered":"<div class=\"mh-excerpt\"><p>Lobpreisgottesdienst in St. Hedwig Speyer &#8211; Am Sonntag, 16. Februar um 18 Uhr findet der n\u00e4chste Lobpreisegottesdienst statt. Wie immer wird er als Eucharistiefeier in der Kirche St. Hedwig (Heinrich-Heine-Str. 8, Speyer) unter der Leitung <a class=\"mh-excerpt-more\" href=\"https:\/\/speyer24news.com\/?p=25330\" title=\"Kirche\">[&#8230;]<\/a><\/p>\n<\/div>","protected":false},"author":3,"featured_media":0,"comment_status":"open","ping_status":"open","sticky":false,"template":"","format":"standard","meta":{"_monsterinsights_skip_tracking":false,"_monsterinsights_sitenote_active":false,"_monsterinsights_sitenote_note":"","_monsterinsights_sitenote_category":0,"footnotes":""},"categories":[120],"tags":[174,407,5192,6037,408,2360,403,121,4314,6036],"aioseo_notices":[],"amp_enabled":true,"_links":{"self":[{"href":"https:\/\/speyer24news.com\/index.php?rest_route=\/wp\/v2\/posts\/25330"}],"collection":[{"href":"https:\/\/speyer24news.com\/index.php?rest_route=\/wp\/v2\/posts"}],"about":[{"href":"https:\/\/speyer24news.com\/index.php?rest_route=\/wp\/v2\/types\/post"}],"author":[{"embeddable":true,"href":"https:\/\/speyer24news.com\/index.php?rest_route=\/wp\/v2\/users\/3"}],"replies":[{"embeddable":true,"href":"https:\/\/speyer24news.com\/index.php?rest_route=%2Fwp%2Fv2%2Fcomments&post=25330"}],"version-history":[{"count":1,"href":"https:\/\/speyer24news.com\/index.php?rest_route=\/wp\/v2\/posts\/25330\/revisions"}],"predecessor-version":[{"id":25332,"href":"https:\/\/speyer24news.com\/index.php?rest_route=\/wp\/v2\/posts\/25330\/revisions\/25332"}],"wp:attachment":[{"href":"https:\/\/speyer24news.com\/index.php?rest_route=%2Fwp%2Fv2%2Fmedia&parent=25330"}],"wp:term":[{"taxonomy":"category","embeddable":true,"href":"https:\/\/speyer24news.com\/index.php?rest_route=%2Fwp%2Fv2%2Fcategories&post=25330"},{"taxonomy":"post_tag","embeddable":true,"href":"https:\/\/speyer24news.com\/index.php?rest_route=%2Fwp%2Fv2%2Ftags&post=25330"}],"curies":[{"name":"wp","href":"https:\/\/api.w.org\/{rel}","templated":true}]}}