{"id":25359,"date":"2020-02-14T08:14:47","date_gmt":"2020-02-14T07:14:47","guid":{"rendered":"https:\/\/speyer24news.com\/?p=25359"},"modified":"2020-02-14T08:17:06","modified_gmt":"2020-02-14T07:17:06","slug":"stadtnotizen-und-verkehrsnotizen-aus-speyer-5","status":"publish","type":"post","link":"https:\/\/speyer24news.com\/?p=25359","title":{"rendered":"Stadtnotizen und Verkehrsnotizen aus Speyer"},"content":{"rendered":"<style type=\"text\/css\">\r\n\t.ads_top_disp{}\r\n\t.ads_top_corner_disp{ float:left; margin:0px 10px 10px 0px; }\r\n\t.ads_first_p_disp{}\r\n\t.ads_bottom_disp{}\r\n\t<\/style>\n<h1 class=\"wp-block-heading\" style=\"text-align:center\">Stadtnotizen<\/h1>\n\n\n\n<div class=\"wp-block-image\"><figure class=\"aligncenter\"><img decoding=\"async\" loading=\"lazy\" width=\"800\" height=\"600\" src=\"https:\/\/speyer24news.com\/wp-content\/uploads\/2020\/01\/Speyer-Stadtnachrichten-2.jpg\" alt=\"\" class=\"wp-image-23901\" srcset=\"https:\/\/speyer24news.com\/wp-content\/uploads\/2020\/01\/Speyer-Stadtnachrichten-2.jpg 800w, https:\/\/speyer24news.com\/wp-content\/uploads\/2020\/01\/Speyer-Stadtnachrichten-2-300x225.jpg 300w, https:\/\/speyer24news.com\/wp-content\/uploads\/2020\/01\/Speyer-Stadtnachrichten-2-768x576.jpg 768w, https:\/\/speyer24news.com\/wp-content\/uploads\/2020\/01\/Speyer-Stadtnachrichten-2-678x509.jpg 678w, https:\/\/speyer24news.com\/wp-content\/uploads\/2020\/01\/Speyer-Stadtnachrichten-2-326x245.jpg 326w, https:\/\/speyer24news.com\/wp-content\/uploads\/2020\/01\/Speyer-Stadtnachrichten-2-80x60.jpg 80w\" sizes=\"(max-width: 800px) 100vw, 800px\" \/><\/figure><\/div>\n\n\n\n<h2 class=\"wp-block-heading\"><strong>Ortsbegehung am Platz der Stadt Ravenna &#8211; Was passiert mit den Kastanienb\u00e4umen?<\/strong><\/h2>\n\n\n\n<div class=\"wp-block-image\"><figure class=\"aligncenter\"><img decoding=\"async\" loading=\"lazy\" width=\"800\" height=\"533\" src=\"https:\/\/speyer24news.com\/wp-content\/uploads\/2020\/02\/chestnut-tree-275921_1920.jpg\" alt=\"\" class=\"wp-image-25360\" srcset=\"https:\/\/speyer24news.com\/wp-content\/uploads\/2020\/02\/chestnut-tree-275921_1920.jpg 800w, https:\/\/speyer24news.com\/wp-content\/uploads\/2020\/02\/chestnut-tree-275921_1920-300x200.jpg 300w, https:\/\/speyer24news.com\/wp-content\/uploads\/2020\/02\/chestnut-tree-275921_1920-768x512.jpg 768w\" sizes=\"(max-width: 800px) 100vw, 800px\" \/><\/figure><\/div>\n\n\n\n<p>Die voraussichtlich im Mai startenden Umbauarbeiten am Platz der Stadt Ravenna im Rahmen der \u201eSozialen Stadt Speyer-S\u00fcd\u201c machen Ver\u00e4nderungen  am dortigen Baumbestand notwendig. Im Rahmen einer Ortsbegehung informiert Steffen Schwendy, Projektleiter der \u201eSozialen Stadt Speyer-S\u00fcd\u201c, interessierte B\u00fcrgerinnen und B\u00fcrger am <strong>Montag, 17.02.2020, 17:00 Uhr<\/strong> direkt vor Ort \u00fcber den Zustand der B\u00e4ume und  steht f\u00fcr R\u00fcckfragen zur Verf\u00fcgung.&nbsp; <\/p>\n\n\n\n<p>Einige der Kastanienb\u00e4ume m\u00fcssen entfernt werden, da sie teilweise in keinem guten Zustand sind. Im Zuge der Platzumgestaltung werden\n sie durch Nachpflanzungen ersetzt. Kastanienb\u00e4ume, die noch gesund sind, werden umgepflanzt. \u201eDie Anzahl der B\u00e4ume wird erfreulicherweise insgesamt steigen. Zus\u00e4tzlich runden die geplanten Hecken die Begr\u00fcnung ab\u201c, so Schwendy.<\/p>\n\n\n\n<p>Die umfangreiche B\u00fcrgerbeteiligung im Rahmen der \u201eSozialen Stadt Speyer-S\u00fcd\u201c hat gezeigt, wie wichtig der B\u00fcrgerschaft bessere Nutzungsm\u00f6glichkeiten\n und die Neugestaltung des Platzes sind. Bei der Vielzahl der Vorschl\u00e4ge war auch der Erhalt der Kastanienb\u00e4ume ein Thema. So ist ein Entwurf entstanden, der die meisten B\u00e4ume schonen und die Standortverh\u00e4ltnisse verbessern kann.\n<\/p>\n\n\n\n<p>Da F\u00e4llarbeiten aus R\u00fccksicht auf die Vegetation nur bis einschlie\u00dflich Februar stattfinden k\u00f6nnen, m\u00fcssen die Arbeiten noch in diesem\n Monat erfolgen. <\/p>\n\n\n\n<p><strong>Kontakt<br> <\/strong>Soziale Stadt Speyer-S\u00fcd<br> Quartiersmanagerin Jessica Schierz <br> E-Mail: <a href=\"mailto:jessica.schierz@stadtberatung.info\" target=\"_blank\" rel=\"noreferrer noopener\">jessica.schierz@stadtberatung.info<\/a><\/p>\n\n\n\n<p><em>Stadtverwaltung Speyer<br>14.02.2020<\/em><\/p>\n\n\n\n<h2 class=\"wp-block-heading\"><strong>Adenauerpark seit Donnerstag wieder ge\u00f6ffnet<\/strong><\/h2>\n\n\n\n<p>Nach einer Mittwochnachmittag erfolgten erneuten Kontrolle des Baumbestandes des in Folge des Orkantiefs \u201eSabine\u201c geschlossenen Adenauerparks  durch die Expert*innen der Abteilung Stadtgr\u00fcn und der erfolgten Beseitigung der Sturmsch\u00e4den ist der Park ab Donnerstag, 13. Februar 2020 wieder zu den gewohnten Zeiten ge\u00f6ffnet. <\/p>\n\n\n\n<p><em>Stadtverwaltung Speyer<br>14.02.2020<\/em><\/p>\n\n\n\n<h1 class=\"wp-block-heading\" style=\"text-align:center\">Verkehrsnotizen<\/h1>\n\n\n\n<div class=\"wp-block-image\"><figure class=\"aligncenter\"><img decoding=\"async\" loading=\"lazy\" width=\"800\" height=\"565\" src=\"https:\/\/speyer24news.com\/wp-content\/uploads\/2020\/01\/Baustelle-2.jpg\" alt=\"\" class=\"wp-image-23900\" srcset=\"https:\/\/speyer24news.com\/wp-content\/uploads\/2020\/01\/Baustelle-2.jpg 800w, https:\/\/speyer24news.com\/wp-content\/uploads\/2020\/01\/Baustelle-2-300x212.jpg 300w, https:\/\/speyer24news.com\/wp-content\/uploads\/2020\/01\/Baustelle-2-768x542.jpg 768w\" sizes=\"(max-width: 800px) 100vw, 800px\" \/><\/figure><\/div>\n\n\n\n<h2 class=\"wp-block-heading\"><strong>Hasenstra\u00dfe gesperrt<\/strong><\/h2>\n\n\n\n<p>Wegen Anlieferungen mit dem Kranfahrzeug wird die Hasenstra\u00dfe an der Kreuzung zur Gabelsbergerstra\u00dfe <strong>am 26.02.2020 von 07:00 Uhr bis  17:00 Uhr <\/strong>f\u00fcr den Durchgangsverkehr gesperrt. Eine Sackgasse und eine Umleitung werden ausgewiesen.<\/p>\n\n\n\n<p>F\u00fcr R\u00fcckfragen steht die Stra\u00dfenverkehrsbeh\u00f6rde unter den Rufnummern 14-2739, 14-2682&nbsp; oder 14-2492 zur Verf\u00fcgung.<\/p>\n\n\n\n<h2 class=\"wp-block-heading\"><strong>Halbseitige Sperrung der Dudenhofer Stra\u00dfe<\/strong><\/h2>\n\n\n\n<p>Aufgrund von Stra\u00dfenbauarbeiten wird die Dudenhofer Stra\u00dfe an der Kreuzung Theodor-Heuss-Stra\u00dfe <strong>ab 17.02.2020 bis voraussichtlich 20.02.2020<\/strong>  in Fahrtrichtung Stadtmitte f\u00fcr den Durchgangsverkehr gesperrt. Eine Umleitung wird ausgewiesen.<\/p>\n\n\n\n<p>F\u00fcr R\u00fcckfragen steht die Stra\u00dfenverkehrsbeh\u00f6rde unter den Rufnummern 14-2739, 14-2682&nbsp; oder 14-2492 zur Verf\u00fcgung.<\/p>\n\n\n\n<h2 class=\"wp-block-heading\"><strong>Paul-Sch\u00e4fer-Weg gesperrt<\/strong><\/h2>\n\n\n\n<p>Wegen Leitungsarbeiten im Auftrag der Stadtwerke wird der Paul-Sch\u00e4fer-Weg <strong>ab 17.02.2019 bis voraussichtlich 03.04.2019<\/strong> f\u00fcr den Durchgangsverkehr  gesperrt.<\/p>\n\n\n\n<p>F\u00fcr R\u00fcckfragen steht die Stra\u00dfenverkehrsbeh\u00f6rde unter den Rufnummern 14-2739, 14-2682&nbsp; oder 14-2492 zur Verf\u00fcgung.<\/p>\n\n\n\n<p><em>Stadtverwaltung Speyer<br>14.02.2020<\/em><\/p>\n","protected":false},"excerpt":{"rendered":"<div class=\"mh-excerpt\"><p>Stadtnotizen Ortsbegehung am Platz der Stadt Ravenna &#8211; Was passiert mit den Kastanienb\u00e4umen? Die voraussichtlich im Mai startenden Umbauarbeiten am Platz der Stadt Ravenna im Rahmen der \u201eSozialen Stadt Speyer-S\u00fcd\u201c machen Ver\u00e4nderungen am dortigen Baumbestand <a class=\"mh-excerpt-more\" href=\"https:\/\/speyer24news.com\/?p=25359\" title=\"Stadtnotizen und Verkehrsnotizen aus Speyer\">[&#8230;]<\/a><\/p>\n<\/div>","protected":false},"author":3,"featured_media":23902,"comment_status":"open","ping_status":"open","sticky":false,"template":"","format":"standard","meta":{"_monsterinsights_skip_tracking":false,"_monsterinsights_sitenote_active":false,"_monsterinsights_sitenote_note":"","_monsterinsights_sitenote_category":0,"footnotes":""},"categories":[47],"tags":[6012,6056,6055,6052,6054,6057,6051,6053,6,1296,1114],"aioseo_notices":[],"amp_enabled":true,"_links":{"self":[{"href":"https:\/\/speyer24news.com\/index.php?rest_route=\/wp\/v2\/posts\/25359"}],"collection":[{"href":"https:\/\/speyer24news.com\/index.php?rest_route=\/wp\/v2\/posts"}],"about":[{"href":"https:\/\/speyer24news.com\/index.php?rest_route=\/wp\/v2\/types\/post"}],"author":[{"embeddable":true,"href":"https:\/\/speyer24news.com\/index.php?rest_route=\/wp\/v2\/users\/3"}],"replies":[{"embeddable":true,"href":"https:\/\/speyer24news.com\/index.php?rest_route=%2Fwp%2Fv2%2Fcomments&post=25359"}],"version-history":[{"count":3,"href":"https:\/\/speyer24news.com\/index.php?rest_route=\/wp\/v2\/posts\/25359\/revisions"}],"predecessor-version":[{"id":25363,"href":"https:\/\/speyer24news.com\/index.php?rest_route=\/wp\/v2\/posts\/25359\/revisions\/25363"}],"wp:featuredmedia":[{"embeddable":true,"href":"https:\/\/speyer24news.com\/index.php?rest_route=\/wp\/v2\/media\/23902"}],"wp:attachment":[{"href":"https:\/\/speyer24news.com\/index.php?rest_route=%2Fwp%2Fv2%2Fmedia&parent=25359"}],"wp:term":[{"taxonomy":"category","embeddable":true,"href":"https:\/\/speyer24news.com\/index.php?rest_route=%2Fwp%2Fv2%2Fcategories&post=25359"},{"taxonomy":"post_tag","embeddable":true,"href":"https:\/\/speyer24news.com\/index.php?rest_route=%2Fwp%2Fv2%2Ftags&post=25359"}],"curies":[{"name":"wp","href":"https:\/\/api.w.org\/{rel}","templated":true}]}}