{"id":25366,"date":"2020-02-14T08:31:23","date_gmt":"2020-02-14T07:31:23","guid":{"rendered":"https:\/\/speyer24news.com\/?p=25366"},"modified":"2020-02-14T08:31:23","modified_gmt":"2020-02-14T07:31:23","slug":"kirche-55","status":"publish","type":"post","link":"https:\/\/speyer24news.com\/?p=25366","title":{"rendered":"Kirche"},"content":{"rendered":"<style type=\"text\/css\">\r\n\t.ads_top_disp{}\r\n\t.ads_top_corner_disp{ float:left; margin:0px 10px 10px 0px; }\r\n\t.ads_first_p_disp{}\r\n\t.ads_bottom_disp{}\r\n\t<\/style>\n<h2 class=\"wp-block-heading\"><strong>Was gibt Orientierung in einer digitalen Welt?<\/strong><\/h2>\n\n\n\n<h3 class=\"wp-block-heading\"><strong>Bistum Speyer und Kooperationspartner laden zu Veranstaltung am 20. M\u00e4rz nach Kaiserslautern ein<\/strong><\/h3>\n\n\n\n<div class=\"wp-block-image\"><figure class=\"aligncenter\"><img decoding=\"async\" loading=\"lazy\" width=\"800\" height=\"565\" src=\"https:\/\/speyer24news.com\/wp-content\/uploads\/2020\/02\/Was-gibt-Orientierung.png\" alt=\"\" class=\"wp-image-25368\" srcset=\"https:\/\/speyer24news.com\/wp-content\/uploads\/2020\/02\/Was-gibt-Orientierung.png 800w, https:\/\/speyer24news.com\/wp-content\/uploads\/2020\/02\/Was-gibt-Orientierung-300x212.png 300w, https:\/\/speyer24news.com\/wp-content\/uploads\/2020\/02\/Was-gibt-Orientierung-768x542.png 768w\" sizes=\"(max-width: 800px) 100vw, 800px\" \/><\/figure><\/div>\n\n\n\n<p><strong>Kaiserslautern &#8211; <\/strong>Was gibt Orientierung in einer digitalen Welt? Dieser Frage geht eine Veranstaltung am 20. M\u00e4rz im Edith-Stein-Haus in Kaiserslautern nach, zu der das Bistum Speyer zusammen mit dem Familienbund der Katholiken, der Katholischen Arbeitnehmerbewegung und der Evangelischen Arbeitsstelle Bildung und Gesellschaft einl\u00e4dt.<\/p>\n\n\n\n<p>\u201eDie Auswirkungen der Digitalisierung sind sowohl in der Arbeitswelt als auch im Bewusstsein der Menschen angekommen. Arbeitsabl\u00e4ufe werden einfacher, schneller, kurzlebiger. H\u00f6rt sich doch gut an! Doch wer denkt an die Menschen, die t\u00e4glich in Ihrem Arbeitsalltag damit umgehen m\u00fcssen?\u201c schreiben Andreas Welte und Stefanie Minges vom Fachbereich Arbeitswelt in ihrer Einladung. Die Entwicklungen seien nicht aufzuhalten und man k\u00f6nne nur erahnen, wohin diese Reise noch f\u00fchren wird. \u201eDie Digitalisierung greift in alle Lebensbereiche ein, doch in der Arbeitswelt gehen Existenz\u00e4ngste damit einher\u201c, so ihre Feststellung. Die Veranstaltung soll Impulse geben, um dar\u00fcber miteinander in einen Dialog zu treten und Orientierung anzubieten, um den Arbeitsalltag achtsam zu gestalten.<\/p>\n\n\n\n<div class=\"wp-block-image\"><figure class=\"aligncenter\"><img decoding=\"async\" loading=\"lazy\" width=\"800\" height=\"515\" src=\"https:\/\/speyer24news.com\/wp-content\/uploads\/2020\/02\/Was-gibt-Orientierung2.png\" alt=\"\" class=\"wp-image-25369\" srcset=\"https:\/\/speyer24news.com\/wp-content\/uploads\/2020\/02\/Was-gibt-Orientierung2.png 800w, https:\/\/speyer24news.com\/wp-content\/uploads\/2020\/02\/Was-gibt-Orientierung2-300x193.png 300w, https:\/\/speyer24news.com\/wp-content\/uploads\/2020\/02\/Was-gibt-Orientierung2-768x494.png 768w\" sizes=\"(max-width: 800px) 100vw, 800px\" \/><\/figure><\/div>\n\n\n\n<p>Die Veranstaltung beginnt um 9.15 Uhr. Dr. Martin Verlage spricht zum Thema \u201eDigitalisierung ver\u00e4ndert alle Lebenswelten\u201c. Ein Referat von Dr. Alexander Jatzko widmet sich der Frage \u201eWas braucht der Mensch?\u201c Am Nachmittag stellt Pfarrer Wolfgang Herrmann sozialethische Betrachtungen zur Frage \u201eIst der Mensch das Ma\u00df?\u201c zur Diskussion. Die Veranstaltung endet um 16 Uhr. Die Teilnahme ist kostenlos. Anmeldeschluss ist der 6. M\u00e4rz.<\/p>\n\n\n\n<p><strong>Kontakt und Anmeldung:<\/strong><\/p>\n\n\n\n<p>Bisch\u00f6fliches Ordinariat<br>Seelsorge in Pfarrei und Lebensr\u00e4umen<br>Webergasse 11, 67346 Speyer<br>Telefon: 06232\/102-314<br>E-Mail: <a href=\"pfarrei-lebensraeume@bistum-speyer.de\">pfarrei-lebensraeume@bistum-speyer.de<\/a><\/p>\n\n\n\n<p><em>Bistum Speyer<\/em><br><em>14.02.2020<\/em><\/p>\n\n\n\n<h2 class=\"wp-block-heading\"><strong>Jetzt aktiv am Visionsprozess SEGENSORTE teilnehmen<\/strong><\/h2>\n\n\n\n<h3 class=\"wp-block-heading\"><strong>Gruppen k\u00f6nnen bei eigenem \u201eOrtstermin\u201c SEGENSORTE beschreiben, entdecken und gestalten \u2013 Materialbox liefert kreative Anregungen und Methoden<\/strong><\/h3>\n\n\n\n<div class=\"wp-block-image\"><figure class=\"aligncenter\"><img decoding=\"async\" loading=\"lazy\" width=\"800\" height=\"579\" src=\"https:\/\/speyer24news.com\/wp-content\/uploads\/2020\/02\/Materialbox.jpg\" alt=\"\" class=\"wp-image-25367\" srcset=\"https:\/\/speyer24news.com\/wp-content\/uploads\/2020\/02\/Materialbox.jpg 800w, https:\/\/speyer24news.com\/wp-content\/uploads\/2020\/02\/Materialbox-300x217.jpg 300w, https:\/\/speyer24news.com\/wp-content\/uploads\/2020\/02\/Materialbox-768x556.jpg 768w\" sizes=\"(max-width: 800px) 100vw, 800px\" \/><\/figure><\/div>\n\n\n\n<p><strong>Speyer &#8211; <\/strong>Es geht los: Interessierte Gruppen haben ab sofort die M\u00f6glichkeit, sich aktiv in den Visionsprozess SEGENSORTE des Bistums Speyer einzubringen. Das Bistum stellt dazu eine Materialbox bereit, die kreative Anregungen und Methoden enth\u00e4lt. Sie kann ab sofort bestellt werden und wird ab Anfang M\u00e4rz verschickt.<\/p>\n\n\n\n<p>\u201eKirche soll ein Segensort im Leben der Menschen sein\u201c, l\u00e4dt Bischof Dr. Karl-Heinz Wiesemann alle Interessierten zur Mitwirkung am Visionsprozess des Bistums ein. Dabei gehe es zentral um die Frage: \u201eWie k\u00f6nnen wir diese Segensorte entdecken und neue Segensorte erm\u00f6glichen?\u201c Dazu geh\u00f6re auch die \u201eehrlichen Auseinandersetzung mit der Tatsache, dass Kirche in der Vergangenheit nicht in allem zum Segen gewirkt hat\u201c. Mit dem Visionsprozess verbindet er die Hoffnung, auf die aktuellen Herausforderungen der Zeit glaubw\u00fcrdige Antworten zu finden. In seiner Einladung an alle Interessierten schreibt Bischof Wiesemann: \u201eEbenso wie Sie bin ich auf der Suche nach einer erneuerten Gestalt von Kirche. Solch ein vision\u00e4rer Aufbruch kann nur gemeinsam gelingen. Daher bitte ich Sie um Ihre Mithilfe \u2013 durch Ihre Ideen, Ihre Erfahrungen, Ihre Leidenschaft und Ihre Visionen.\u201c<\/p>\n\n\n\n<p>Ab sofort sind alle Interessierten eingeladen, sich bei sogenannten \u201eOrtsterminen\u201c aktiv in den Visionsprozess einzubringen. \u201eEin Ortstermin findet immer in einer Gruppe statt. Wie sie sich zusammensetzt, kann frei gew\u00e4hlt werden\u201c, erkl\u00e4rt Felix Goldinger von der Gesch\u00e4ftsstelle SEGENSORTE. \u201eMan kann sich mit einer bestehenden Gruppe beteiligen &#8211; sei es die lokale Ministrantengruppe, die Ortsgruppe eines Frauenverband, das Team eines Kindergartens, die Mitarbeiterinnen und Mitarbeiter einer Abteilung bis hin zu den pfarrlichen und di\u00f6zesanen Gremien. Oder man tut sich mit Menschen zusammen, die ebenfalls Freude daran haben, gemeinsam \u00fcber die Zukunft der Kirche nachzudenken.\u201c Dann k\u00f6nne man f\u00fcr den Visionsprozess auch eigens eine Gruppe bilden. Der \u201eOrtstermin\u201c k\u00f6nne \u201ein einem Sportverein oder zu Beginn einer Sitzung ebenso stattfinden wie im Rahmen einer Schulstunde oder bei einer Weinprobe. Alles ist m\u00f6glich\u201c, betont Felix Goldinger.<\/p>\n\n\n\n<p>F\u00fcr die \u201eOrtstermine\u201c stellt das Bistum den Gruppen eine eigene Materialbox zur Verf\u00fcgung. Sie enth\u00e4lt ein breites Angebot an Methoden und Anregungen. \u201eWir haben in die Box alles hineingepackt, was Kopf und Herz frei macht und Inspiration weckt, um \u00fcber das Bestehende hinauszudenken und Neues entstehen zu lassen, mit spielerischen Elementen ebenso wie mit spirituellen und musikalischen Anteilen. Die Gruppen d\u00fcrfen gespannt sein\u201c, macht Felix Goldinger schon jetzt auf die Inhalte der Materialbox neugierig. Jeder \u201eOrtstermin\u201c schlie\u00dft mit einer Sicherung der Ergebnisse und der Markierung von Segensorten auf der Homepage des Visionsprozesses. Ortstermin-Gruppen k\u00f6nnen dazu direkt die digitale Eingabemaske nutzen oder einen Beitragsblock nutzen, der der Materialbox ebenso beiliegt wie ein Kartenspiel sowie Gebetskarten und SEGENSORT-Aufkleber. \u201eAuf der Homepage entsteht so im Lauf dieses Jahres ein Bild des Bistums, in dem alle Lieblings- und Wunsch-SEGENSORTE aus den Ortsterminen dargestellt sind. Hier erf\u00e4hrt man auch, welche Gruppen sich bereits getroffen haben und zu welchen Ergebnissen sie gekommen sind\u201c, so Felix Goldinger.<\/p>\n\n\n\n<h4 class=\"wp-block-heading\"><strong>\u201eOrtstermine\u201c bis Ende August m\u00f6glich &#8211; Vorstellung der Ergebnisse auf der Di\u00f6zesanversammlung<\/strong><\/h4>\n\n\n\n<p>Die digitale Eingabemaske f\u00fcr die Homepage \u00f6ffnet am 1. M\u00e4rz und endet am 31. August. Danach werden alle Beitr\u00e4ge gesichtet. \u201eAuf der Di\u00f6zesanversammlung im November 2020 werden dann die Vision und die sich aus ihr ergebenden zentralen Handlungsfelder vorgestellt\u201c, erl\u00e4utert Felix Goldinger das weitere Vorgehen.<\/p>\n\n\n\n<p>Daran schlie\u00dft sich eine Resonanz-Phase im Bistum an. \u201eIm Anschluss an die Di\u00f6zesanversammlung 2020 besteht f\u00fcr alle Interessierten die M\u00f6glichkeit, auf Vision und Handlungsfelder zu reagieren, um Anpassungen vorzunehmen\u201c. Sp\u00e4testens zur Di\u00f6zesanversammlung 2021 soll dann die endg\u00fcltige Fassung feststehen.<\/p>\n\n\n\n<p>\u201eDie Vision vom Reich Gottes ist uns schon geschenkt. In unserem Visionsprozess wollen wir diese Vision des Evangeliums konkret auf das Hier und Heute in unserem Bistum beziehen\u201c, macht Felix Goldinger deutlich. Aus seiner Sicht hat der Prozess sein Ziel erreicht, wenn \u201euns ein gemeinsam entwickeltes, hoffnungsvolles und motivierendes Bild f\u00fcr die Kirche von Speyer vor Augen steht\u201c, zum Beispiel in Form eines Leitsatzes, der mit ein paar Aussagen erl\u00e4utert wird. \u201eDie Vision &#8211; ein Leitsatz &#8211; und die aus ihr abgeleiteten Handlungsfelder sollen eine Art Kompass sein und uns helfen, in Zukunft auf allen Ebenen des Bistums gute Entscheidungen zu treffen.\u201c Zugleich sieht er den Visionsprozess als eine \u201eZeit des gemeinsamen Lernens und Entdeckens\u201c und als Beitrag zu einem \u201eKulturwandel in Richtung von mehr Offenheit, Gleichberechtigung, Innovationsbereitschaft, Kommunikation und Transparenz\u201c.<\/p>\n\n\n\n<h4 class=\"wp-block-heading\"><strong>Bestellung der Materialbox f\u00fcr einen \u201eOrtstermin\u201c:<\/strong><\/h4>\n\n\n\n<figure class=\"wp-block-embed-wordpress wp-block-embed is-type-wp-embed is-provider-segensorte\"><div class=\"wp-block-embed__wrapper\">\n<blockquote class=\"wp-embedded-content\" data-secret=\"ncSp4pTFcn\"><a href=\"https:\/\/segensorte.de\/neuigkeiten\/\">Neuigkeiten<\/a><\/blockquote><iframe title=\"&#8222;Neuigkeiten&#8220; &#8212; Segensorte\" class=\"wp-embedded-content\" sandbox=\"allow-scripts\" security=\"restricted\" style=\"position: absolute; clip: rect(1px, 1px, 1px, 1px);\" src=\"https:\/\/segensorte.de\/neuigkeiten\/embed\/#?secret=ncSp4pTFcn\" data-secret=\"ncSp4pTFcn\" width=\"500\" height=\"282\" frameborder=\"0\" marginwidth=\"0\" marginheight=\"0\" scrolling=\"no\"><\/iframe>\n<\/div><\/figure>\n\n\n\n<h4 class=\"wp-block-heading\"><strong>Weitere Informationen zum Visionsprozess SEGENSORTE:<\/strong><\/h4>\n\n\n\n<figure class=\"wp-block-embed-wordpress wp-block-embed is-type-wp-embed is-provider-segensorte\"><div class=\"wp-block-embed__wrapper\">\n<blockquote class=\"wp-embedded-content\" data-secret=\"TQLoPBm1vG\"><a href=\"https:\/\/segensorte.de\/bistum-speyer\/\">Bistum Speyer<\/a><\/blockquote><iframe title=\"&#8222;Bistum Speyer&#8220; &#8212; Segensorte\" class=\"wp-embedded-content\" sandbox=\"allow-scripts\" security=\"restricted\" style=\"position: absolute; clip: rect(1px, 1px, 1px, 1px);\" src=\"https:\/\/segensorte.de\/bistum-speyer\/embed\/#?secret=TQLoPBm1vG\" data-secret=\"TQLoPBm1vG\" width=\"500\" height=\"282\" frameborder=\"0\" marginwidth=\"0\" marginheight=\"0\" scrolling=\"no\"><\/iframe>\n<\/div><\/figure>\n\n\n\n<p><em>Bistum Speyer<br>14.02.2020<\/em><\/p>\n","protected":false},"excerpt":{"rendered":"<div class=\"mh-excerpt\"><p>Was gibt Orientierung in einer digitalen Welt? Bistum Speyer und Kooperationspartner laden zu Veranstaltung am 20. M\u00e4rz nach Kaiserslautern ein Kaiserslautern &#8211; Was gibt Orientierung in einer digitalen Welt? Dieser Frage geht eine Veranstaltung am <a class=\"mh-excerpt-more\" href=\"https:\/\/speyer24news.com\/?p=25366\" title=\"Kirche\">[&#8230;]<\/a><\/p>\n<\/div>","protected":false},"author":3,"featured_media":0,"comment_status":"open","ping_status":"open","sticky":false,"template":"","format":"standard","meta":{"_monsterinsights_skip_tracking":false,"_monsterinsights_sitenote_active":false,"_monsterinsights_sitenote_note":"","_monsterinsights_sitenote_category":0,"footnotes":""},"categories":[120],"tags":[174,2897,6061,6060,6,6059,6058],"aioseo_notices":[],"amp_enabled":true,"_links":{"self":[{"href":"https:\/\/speyer24news.com\/index.php?rest_route=\/wp\/v2\/posts\/25366"}],"collection":[{"href":"https:\/\/speyer24news.com\/index.php?rest_route=\/wp\/v2\/posts"}],"about":[{"href":"https:\/\/speyer24news.com\/index.php?rest_route=\/wp\/v2\/types\/post"}],"author":[{"embeddable":true,"href":"https:\/\/speyer24news.com\/index.php?rest_route=\/wp\/v2\/users\/3"}],"replies":[{"embeddable":true,"href":"https:\/\/speyer24news.com\/index.php?rest_route=%2Fwp%2Fv2%2Fcomments&post=25366"}],"version-history":[{"count":1,"href":"https:\/\/speyer24news.com\/index.php?rest_route=\/wp\/v2\/posts\/25366\/revisions"}],"predecessor-version":[{"id":25370,"href":"https:\/\/speyer24news.com\/index.php?rest_route=\/wp\/v2\/posts\/25366\/revisions\/25370"}],"wp:attachment":[{"href":"https:\/\/speyer24news.com\/index.php?rest_route=%2Fwp%2Fv2%2Fmedia&parent=25366"}],"wp:term":[{"taxonomy":"category","embeddable":true,"href":"https:\/\/speyer24news.com\/index.php?rest_route=%2Fwp%2Fv2%2Fcategories&post=25366"},{"taxonomy":"post_tag","embeddable":true,"href":"https:\/\/speyer24news.com\/index.php?rest_route=%2Fwp%2Fv2%2Ftags&post=25366"}],"curies":[{"name":"wp","href":"https:\/\/api.w.org\/{rel}","templated":true}]}}