{"id":25375,"date":"2020-02-14T09:18:50","date_gmt":"2020-02-14T08:18:50","guid":{"rendered":"https:\/\/speyer24news.com\/?p=25375"},"modified":"2020-02-14T09:18:51","modified_gmt":"2020-02-14T08:18:51","slug":"schifferstadt-51","status":"publish","type":"post","link":"https:\/\/speyer24news.com\/?p=25375","title":{"rendered":"Schifferstadt"},"content":{"rendered":"<style type=\"text\/css\">\r\n\t.ads_top_disp{}\r\n\t.ads_top_corner_disp{ float:left; margin:0px 10px 10px 0px; }\r\n\t.ads_first_p_disp{}\r\n\t.ads_bottom_disp{}\r\n\t<\/style>\n<h2 class=\"wp-block-heading\"><strong>Schnell und ungehindert zum\nEinsatzort<\/strong><\/h2>\n\n\n\n<h3 class=\"wp-block-heading\"><strong>Freiwillige Feuerwehr und Ordnungsbeh\u00f6rde\nhaben enge Stra\u00dfen kontrolliert<\/strong><\/h3>\n\n\n\n<p>Wegen der zunehmenden Eins\u00e4tze\nund Verkehrsverst\u00f6\u00dfe besonders in schmalen Stra\u00dfen sind am vergangenen\nMittwochabend drei Gro\u00dffahrzeuge der Feuerwehr diese Passagen abgefahren. \u201eAn\nBord\u201c waren neben dem Beigeordneten Hans Schwind, Peter Schlindwein, Leiter des\nFachbereichs B\u00fcrgerdienste, sowie Traudel Steigleder, Leiterin des Referats\n\u00d6ffentliche Sicherheit und Ordnung, auch Vollzugsbeamte und Politessen.\nInsgesamt wurden zw\u00f6lf Verwarnungen erteilt. <\/p>\n\n\n\n<p>Immer wieder waren B\u00fcrgerinnen\nund B\u00fcrger sowie Rettungsdienste an die Ordnungsbeh\u00f6rde herangetreten, weil es\nin engen Stra\u00dfen immer wieder vorkommt, dass die Ein- und Durchfahrten durch\nparkende Fahrzeuge sehr eingeengt sind. Ziel der Aktion sei gewesen, die\nBev\u00f6lkerung zu sensibilisieren und zu zeigen, wie wichtig es ist, bestehende\nParkregelungen einzuhalten, erkl\u00e4rt Schwind und erg\u00e4nzt: \u201eNur so kann\ngew\u00e4hrleistet werden, dass im Ernstfall Rettungsfahrzeuge schnell und ungehindert\nzum Einsatzort gelangen.\u201c <\/p>\n\n\n\n<p>Mit tatkr\u00e4ftiger Unterst\u00fctzung der Freiwilligen Feuerwehr Schifferstadt konnte die Ordnungsbeh\u00f6rde durch die Aktion erkennen, wo Defizite bestehen, Regelungen zum ruhenden Verkehr notwendig sind oder bestehende Parkverbote erweitert werden m\u00fcssen. <\/p>\n\n\n\n<p><em>Stadtverwaltung Schifferstadt<\/em><br><em>14.02.2020<\/em><\/p>\n\n\n\n<h2 class=\"wp-block-heading\"><strong>25. Februar: Stadtb\u00fccherei, Jugendtreff und Rathaus geschlossen<\/strong><\/h2>\n\n\n\n<div class=\"wp-block-image\"><figure class=\"aligncenter\"><img decoding=\"async\" src=\"https:\/\/speyer24news.com\/wp-content\/uploads\/2020\/01\/Closed.jpg\" alt=\"\" class=\"wp-image-24022\"\/><\/figure><\/div>\n\n\n\n<p>Am Fastnachtsdienstagnachmittag, 25. Februar 2020 bleiben die\nStadtb\u00fccherei, der Jugendtreff und das Rathaus geschlossen. &nbsp;<\/p>\n\n\n\n<p>Die geringen B\u00fcrgernachfragen in den vergangenen Jahren sowie die \u201eKapitulation\u201c aller anderen Gemeinden und auch der Kreisverwaltung anl\u00e4sslich des Fastnachtstreibens seien der Grund daf\u00fcr, dass die st\u00e4dtischen Einrichtungen am Nachmittag des diesj\u00e4hrigen Faschingsdienstags wieder zu sein werden, so B\u00fcrgermeisterin Ilona Volk. Vormittags bleibe aber bis 12 Uhr f\u00fcr Besucher ge\u00f6ffnet.<\/p>\n\n\n\n<div class=\"wp-block-image\"><figure class=\"aligncenter\"><img decoding=\"async\" loading=\"lazy\" width=\"800\" height=\"533\" src=\"https:\/\/speyer24news.com\/wp-content\/uploads\/2020\/02\/Bild-Stra\u00dfenfastnacht-2016.jpg\" alt=\"\" class=\"wp-image-25028\" srcset=\"https:\/\/speyer24news.com\/wp-content\/uploads\/2020\/02\/Bild-Stra\u00dfenfastnacht-2016.jpg 800w, https:\/\/speyer24news.com\/wp-content\/uploads\/2020\/02\/Bild-Stra\u00dfenfastnacht-2016-300x200.jpg 300w, https:\/\/speyer24news.com\/wp-content\/uploads\/2020\/02\/Bild-Stra\u00dfenfastnacht-2016-768x512.jpg 768w\" sizes=\"(max-width: 800px) 100vw, 800px\" \/><\/figure><\/div>\n\n\n\n<p>Ganz ge\u00f6ffnet bleiben die st\u00e4dtischen Kindertagesst\u00e4tten \u201eHaus des\nKindes\u201c, \u201eGro\u00dfer Garten\u201c, \u201eKinderburg\u201c und \u201eEntdeckungskiste\u201c. Die \u201eKita am\nWald\u201c ist am 25. Februar bis 13 Uhr ge\u00f6ffnet. <\/p>\n\n\n\n<p>Die Stadtverwaltung bittet um Beachtung und Verst\u00e4ndnis und w\u00fcnscht allen Schifferstadtern eine heitere Fastnachtszeit, zum Beispiel bei der Schifferstadter Stra\u00dfenfastnacht am Sonntag, 23. Februar!<\/p>\n\n\n\n<p><em>Stadtverwaltung Schifferstadt<br>14.02.2020<\/em><\/p>\n\n\n\n<h1 class=\"wp-block-heading\" style=\"text-align:center\">Volkshochschule (VHS) Schifferstadt<\/h1>\n\n\n\n<div class=\"wp-block-image\"><figure class=\"aligncenter\"><img decoding=\"async\" src=\"https:\/\/speyer24news.com\/wp-content\/uploads\/2020\/01\/VHS-1.png\" alt=\"\" class=\"wp-image-24397\"\/><\/figure><\/div>\n\n\n\n<h2 class=\"wp-block-heading\"><strong>Wenn die Blase macht, was sie will<\/strong><\/h2>\n\n\n\n<p>Am <strong>Mittwoch, 19. Februar<\/strong> beginnt um 19 Uhr der Info-Abend \u201eWenn die Blase macht, was sie will\u201c im Schifferstadter vhs-Bildungszentrum, Neust\u00fcckweg 2. <\/p>\n\n\n\n<p>Diese Informationsveranstaltung\nbeleuchtet das Thema Inkontinenz und Beckenbodenschw\u00e4che der Frau. Von\nBlasenschw\u00e4che, medizinisch Inkontinenz, sind allein in Deutschland\nsch\u00e4tzungsweise \u00fcber zehn Millionen Menschen betroffen. Da noch immer viele\nBetroffene aus Scham nicht zum Arzt gehen, soll dieser Abend allen\nInteressierten \u2013 sowohl Angeh\u00f6rigen als auch wie Betroffenen \u2013 erst einmal die\nUrsachen und die heutigen Behandlungsm\u00f6glichkeiten aufzeigen. Die Versorgung\nvon Inkontinenz durch interdisziplin\u00e4re Teams mit verschiedenen Fach\u00e4rzten,\nExperten f\u00fcr Rehabilitation und Physiotherapie sowie Haus\u00e4rzten als Lotsen, ist\nebenfalls Thema. Der Dozent ist Facharzt f\u00fcr Frauenheilkunde und Spezialist f\u00fcr\nUrogyn\u00e4kologie. <\/p>\n\n\n\n<p>Informationen und Anmeldung\nerhalten Interessierte bei der Stadtverwaltung Schifferstadt&nbsp;&nbsp; unter der Telefonnummer 06235\/44302.<\/p>\n\n\n\n<h2 class=\"wp-block-heading\"><strong>Vortrag: Papst Franziskus und die\nFl\u00fcchtlinge<\/strong><\/h2>\n\n\n\n<p>Am <strong>Freitag, 21. Februar<\/strong> beginnt um 19 Uhr der Vortrag \u201ePapst Franziskus und die Fl\u00fcchtlinge\u201c im Schifferstadter vhs-Bildungszentrum, Neust\u00fcckweg 2.<\/p>\n\n\n\n<p>Seit 2013 ist Papst Franziskus\ndas Oberhaupt der r\u00f6misch-katholischen Kirche. Er genie\u00dft bei vielen Katholiken\nwie Nicht-Katholiken gro\u00dfes Ansehen und gilt als feste moralische Instanz und\nOrientierungsgr\u00f6\u00dfe, da er die kirchliche und \u00f6ffentliche Aufmerksamkeit immer\nwieder auf gesellschaftlich benachteiligte Randgruppen lenkt. Der Vortrag soll\ndie wichtigsten Positionen des Papstes in Bezug auf Fl\u00fcchtlinge vorstellen und\ndabei auch allgemein einen Einblick in die Fl\u00fcchtlingspolitik der katholischen\nKirche sowie anderer christlicher Glaubensgemeinschaften geben. Der Dozent ist\nwissenschaftlicher Mitarbeiter an den Universit\u00e4ten Frankfurt und Heidelberg.<\/p>\n\n\n\n<p>Informationen und Anmeldung\nerhalten Interessierte bei der Stadtverwaltung Schifferstadt unter der\nTelefonnummer 06235\/44302.<\/p>\n\n\n\n<p><em>Stadtverwaltung Schifferstadt \/ Volkshochschule (VHS) Schifferstadt<br>14.02.2020<\/em><\/p>\n","protected":false},"excerpt":{"rendered":"<div class=\"mh-excerpt\"><p>Schnell und ungehindert zum Einsatzort Freiwillige Feuerwehr und Ordnungsbeh\u00f6rde haben enge Stra\u00dfen kontrolliert Wegen der zunehmenden Eins\u00e4tze und Verkehrsverst\u00f6\u00dfe besonders in schmalen Stra\u00dfen sind am vergangenen Mittwochabend drei Gro\u00dffahrzeuge der Feuerwehr diese Passagen abgefahren. \u201eAn <a class=\"mh-excerpt-more\" href=\"https:\/\/speyer24news.com\/?p=25375\" title=\"Schifferstadt\">[&#8230;]<\/a><\/p>\n<\/div>","protected":false},"author":3,"featured_media":0,"comment_status":"open","ping_status":"open","sticky":false,"template":"","format":"standard","meta":{"_monsterinsights_skip_tracking":false,"_monsterinsights_sitenote_active":false,"_monsterinsights_sitenote_note":"","_monsterinsights_sitenote_category":0,"footnotes":""},"categories":[126],"tags":[111,20,6065,6064,506,127,1521,2582],"aioseo_notices":[],"amp_enabled":true,"_links":{"self":[{"href":"https:\/\/speyer24news.com\/index.php?rest_route=\/wp\/v2\/posts\/25375"}],"collection":[{"href":"https:\/\/speyer24news.com\/index.php?rest_route=\/wp\/v2\/posts"}],"about":[{"href":"https:\/\/speyer24news.com\/index.php?rest_route=\/wp\/v2\/types\/post"}],"author":[{"embeddable":true,"href":"https:\/\/speyer24news.com\/index.php?rest_route=\/wp\/v2\/users\/3"}],"replies":[{"embeddable":true,"href":"https:\/\/speyer24news.com\/index.php?rest_route=%2Fwp%2Fv2%2Fcomments&post=25375"}],"version-history":[{"count":1,"href":"https:\/\/speyer24news.com\/index.php?rest_route=\/wp\/v2\/posts\/25375\/revisions"}],"predecessor-version":[{"id":25376,"href":"https:\/\/speyer24news.com\/index.php?rest_route=\/wp\/v2\/posts\/25375\/revisions\/25376"}],"wp:attachment":[{"href":"https:\/\/speyer24news.com\/index.php?rest_route=%2Fwp%2Fv2%2Fmedia&parent=25375"}],"wp:term":[{"taxonomy":"category","embeddable":true,"href":"https:\/\/speyer24news.com\/index.php?rest_route=%2Fwp%2Fv2%2Fcategories&post=25375"},{"taxonomy":"post_tag","embeddable":true,"href":"https:\/\/speyer24news.com\/index.php?rest_route=%2Fwp%2Fv2%2Ftags&post=25375"}],"curies":[{"name":"wp","href":"https:\/\/api.w.org\/{rel}","templated":true}]}}