{"id":25406,"date":"2020-02-15T08:03:28","date_gmt":"2020-02-15T07:03:28","guid":{"rendered":"https:\/\/speyer24news.com\/?p=25406"},"modified":"2020-02-17T08:02:13","modified_gmt":"2020-02-17T07:02:13","slug":"polizei-198","status":"publish","type":"post","link":"https:\/\/speyer24news.com\/?p=25406","title":{"rendered":"Polizei"},"content":{"rendered":"<style type=\"text\/css\">\r\n\t.ads_top_disp{}\r\n\t.ads_top_corner_disp{ float:left; margin:0px 10px 10px 0px; }\r\n\t.ads_first_p_disp{}\r\n\t.ads_bottom_disp{}\r\n\t<\/style>\n<h2 class=\"wp-block-heading\">Polizeimeldungen vom Freitag (15.02.2020)<\/h2>\n\n\n\n<div class=\"wp-block-image\"><figure class=\"aligncenter\"><img decoding=\"async\" src=\"https:\/\/speyer24news.com\/wp-content\/uploads\/2020\/01\/Aktuelles-Polizeilogo.jpg\" alt=\"\" class=\"wp-image-23832\"\/><\/figure><\/div>\n\n\n\n<h4 class=\"wp-block-heading\">(Speyer) &#8211; Kampagne &#8222;One Billion Rising&#8220; F\u00fcr ein Ende der Gewalt gegen Frauen und M\u00e4dchen und f\u00fcr Gleichstellung<\/h4>\n\n\n\n<div class=\"wp-block-image\"><figure class=\"aligncenter\"><img decoding=\"async\" loading=\"lazy\" width=\"600\" height=\"458\" src=\"https:\/\/speyer24news.com\/wp-content\/uploads\/2020\/02\/One_Billion_Rising_-_logo_-_01.jpg\" alt=\"\" class=\"wp-image-25074\" srcset=\"https:\/\/speyer24news.com\/wp-content\/uploads\/2020\/02\/One_Billion_Rising_-_logo_-_01.jpg 600w, https:\/\/speyer24news.com\/wp-content\/uploads\/2020\/02\/One_Billion_Rising_-_logo_-_01-300x229.jpg 300w, https:\/\/speyer24news.com\/wp-content\/uploads\/2020\/02\/One_Billion_Rising_-_logo_-_01-80x60.jpg 80w\" sizes=\"(max-width: 600px) 100vw, 600px\" \/><\/figure><\/div>\n\n\n\n<p>Am Valentinstag fand in Speyer, Geschirrpl\u00e4tzel die Tanzveranstaltung &#8222;One Billion Rising&#8220; statt. Bei der Veranstaltung handelt es sich um eine weltweite Kampagne f\u00fcr ein Ende der Gewalt gegen Frauen und M\u00e4dchen und f\u00fcr Gleichstellung. An der Veranstaltung nahmen gesch\u00e4tzt 250 Personen teil, die tanzend ein Zeichen f\u00fcr das Recht auf Respekt und auf ein Leben ohne Gewalt setzten. Am Rande der Veranstaltung kam es zu einer Meinungs\u00e4u\u00dferung eines vorbeilaufenden Passanten, die zur Einleitung eines strafrechtlichen Ermittlungsverfahrens f\u00fchren wird. Der Mann hatte seine Meinung in Form von &#8222;FuckYou&#8220; Rufen und dem Zeigen des Mittelfingers in Richtung Versammlung ge\u00e4u\u00dfert. Die Personalien des Mannes und seiner weiblichen Begleitung wurden erhoben. <\/p>\n\n\n\n<h4 class=\"wp-block-heading\">(Speyer) &#8211; Joint geraucht und sich danach ans Steuer gesetzt<\/h4>\n\n\n\n<p>In der Nacht von Donnerstag auf Freitag wurde eine Streife in der Dudenhofer Strs\u00dfe auf einen Fiat Ducato mit \u00fcberh\u00f6hter Geschwindigkeit aufmerksam. Auf entsprechende Anhaltezeichen der Polizei reagierte die 50-j\u00e4hrige Fahrerin aus Ludwigshafen zuerst nicht. Eine Kontrolle des Fahrzeugs erfolgte dann in der Oberen Langgasse \/ Ecke Burgstra\u00dfe. Durch die kontrollierenden Beamten konnte hierbei deutlicher Marihuana-Geruch aus dem Fahrzeuginneren wahrgenommen werden. Hiermit konfrontiert, r\u00e4umte die Fahrerin ein, vor Fahrantritt einen Joint geraucht zu haben. Bei der Durchsuchung der Frau und ihres Fahrzeugs konnten keine Bet\u00e4ubungsmittel aufgefunden werden. Ein Drogentest bei der 50-J\u00e4hrigen reagierte positiv auf THC. Ihr wurde eine Blutprobe entnommen und ihr F\u00fchrerschein sichergestellt. Zudem wurde ein Strafverfahren gem. \u00a7 316 StGB \/ Trunkenheit im Verkehr gegen die Frau eingeleitet. <\/p>\n\n\n\n<h4 class=\"wp-block-heading\">(R\u00f6merberg) &#8211; Mehrere Anrufe &#8222;Falscher Polizeibeamter&#8220; in R\u00f6merberg<\/h4>\n\n\n\n<p>Am Donnerstagmittag kam es in R\u00f6merberg zu mehreren Anrufen falscher Polizeibeamter. Bislang meldeten sich bei der Polizei neun Personen, bei denen eine m\u00e4nnliche Person anrief und sich als Polizeibeamter ausgab. In bekannter Weise wurde vorgegeben, dass in der Nachbarschaft eingebrochen wurde und bei den festgenommenen T\u00e4tern Listen mit dem Namen der Angerufenen aufgetaucht w\u00e4ren. Danach wurde versucht, Informationen zu den Angerufenen bzw. zu deren Verm\u00f6gensverh\u00e4ltnissen zu erlangen. Durch zur\u00fcckliegende Hinweise war die &#8222;Betrugsmasche&#8220; den Angerufenen jedoch bereits bekannt, so dass alle Gespr\u00e4che beendeten wurden, ohne dass es zu einer Verm\u00f6gensverf\u00fcgung kam. Die Polizei weist in diesem Zusammenhang darauf nochmals hin, auf derartige Anrufe nicht einzugehen und diese bei der Polizei zu melden (Tel.-Nr. 06232-1370 oder per Mail an <a href=\"mailto:pispeyer@polizei.rlp.de\">pispeyer@polizei.rlp.de<\/a>). <\/p>\n\n\n\n<h4 class=\"wp-block-heading\">(Schifferstadt) &#8211; Sperrung des Bahnverkehrs in Schifferstadt wegen Polizeieinsatz<\/h4>\n\n\n\n<p>Am Freitagabend gegen 18:45 Uhr wurde die Polizeiinspektion Schifferstadt von einer jungen Frau (15 Jahre alt) dar\u00fcber informiert, dass sie gerade eine Auseinandersetzung mit ihrem ebenfalls 15-j\u00e4hrigen Freund gehabt habe und dieser nun damit drohe, sich das Leben zu nehmen &#8211; er wolle von einer Br\u00fccke springen. Die Beiden hielten sich zu diesem Zeitpunkt in der N\u00e4he des Schifferstadter Hauptbahnhofes auf, in der D\u00fcrkheimer Stra\u00dfe, auf der \u00dcberf\u00fchrung \u00fcber die Bahnlinie Kaiserslautern-Mannheim. Nachdem die junge Frau den Notruf abgesetzt hatte, fl\u00fcchtete der 15-J\u00e4hrige. Da nicht auszuschlie\u00dfen war, dass er seine Androhung in der Folgezeit umsetzen k\u00f6nnte, wurde \u00fcber die Bundespolizei Kaiserslautern die Sperrung des Zugverkehrs rund um Schifferstadt veranlasst. Im Rahmen der Fahndungsma\u00dfnahmen durch Kr\u00e4fte der Polizeiinspektion Schifferstadt sowie des Bundespolizeireviers Neustadt wurde der junge Mann schlie\u00dflich in der Pechh\u00fcttenstra\u00dfe angetroffen und zun\u00e4chst in polizeilichen Gewahrsam genommen; ihm ging es gut. Der Bahnverkehr blieb w\u00e4hrend der Einsatzzeit &#8211; auch zur Sicherheit der Polizeikr\u00e4fte &#8211; f\u00fcr ca. 40min gesperrt. <\/p>\n\n\n\n<h4 class=\"wp-block-heading\">(Schifferstadt) &#8211; Verkehrsunfall mit leichtverletztem Kind<\/h4>\n\n\n\n<p>Zu einem Verkehrsunfall, bei dem ein Kind leicht verletzt wurde, kam es am Donnerstag, 13.02.20, um 07:45 Uhr in der Salierstra\u00dfe an der Ampelkreuzung zur Lillengasse. Die Mutter aus dem Rhein-Pfalz-Kreis befuhr die Salierstra\u00dfe in Richtung Waldspitzweg. Im Kreuzungsbereich kollidierte sie mit dem, von links aus der Lillengasse kommenden, PKW einer 45-J\u00e4hrigen. Die 6-j\u00e4hrige Tochter, die zum Unfallzeitpunkt auf der R\u00fccksitzbank des 1. PKWs sa\u00df, klagte bei der Unfallaufnahme \u00fcber Schmerzen im Oberschenkel. Die Frau gab an, dass der von links kommende PKW \u00fcber Rot gefahren sei. Die Unfallgegnerin bestritt dies. An der Ampelanlage konnten die Beamten keine Fehlfunktion feststellen. Gegen die 45-J\u00e4hrige wurde ein Strafverfahren wegen fahrl\u00e4ssiger K\u00f6rperverletzung eingeleitet. Die Mutter verbrachte ihre Tochter im Anschluss zum Arzt. An den beiden PKW entstand ein gesch\u00e4tzter Gesamtsachschaden im f\u00fcnfstelligen Bereich. Dass die 6-J\u00e4hrige keine gr\u00f6\u00dferen Verletzungen davontrug, ist auch der vorbildlichen Sicherung durch die Mutter mittels Schalen-Kindersitz zu verdanken, der das kleine M\u00e4dchen beim Anprall ordnungsgem\u00e4\u00df sch\u00fctzte. <\/p>\n\n\n\n<h4 class=\"wp-block-heading\">(Dannstadt-Schauernheim) &#8211; Mit \u00fcber 0,5 Promille unterwegs<\/h4>\n\n\n\n<p>Beamte der Polizeiinspektion Schifferstadt kontrollierten am 14.02.20 gegen 01:00 Uhr einen Verkehrsteilnehmer mit seinem PKW in der Hauptstra\u00dfe. Bei der Kontrolle stellten die Beamten Atemalkoholgeruch bei dem 39-j\u00e4hrigen Fahrer fest. Ein Atemalkoholtest ergab 0,74 Promille. Der Fahrer wurde zur Dienststelle verbracht, wo er sich weiteren Tests unterziehen musste. Die Weiterfahrt wurde ihm durch die Beamten untersagt. Den Fahrer erwartet nun ein Ordnungswidrigkeitenverfahren wegen Versto\u00dfes gegen die geltende 0,5 Promille Grenze. <\/p>\n\n\n\n<h4 class=\"wp-block-heading\">(Bellheim) &#8211; Gl\u00e4tteunfall am Donnerstag<\/h4>\n\n\n\n<p>Aufgrund Stra\u00dfengl\u00e4tte und vermutlich nicht angepasster Geschwindigkeit kam am Donnerstagmorgen gegen 6.30 Uhr eine Autofahrerin von der Fahrbahn ab. Die 54-j\u00e4hrige Frau wollte mit ihrem Fahrzeug bei Bellheim-Nord auf die B9 in Richtung Speyer auffahren. Hierbei geriet sie ins Schleudern und landete im Stra\u00dfengraben. Verletzt wurde niemand, das Fahrzeug musste durch ein Abschleppunternehmen geborgen werden. <\/p>\n\n\n\n<h4 class=\"wp-block-heading\">(Landau) &#8211; Ohne F\u00fchrerschein und mit Drogen<\/h4>\n\n\n\n<p>In der Wei\u00dfenburger Stra\u00dfe wurde ein 24-j\u00e4hriger Rollerfahrer einer Verkehrskontrolle unterzogen. Es stellte sich heraus, dass der Fahrer keine notwendige Fahrerlaubnis vorzeigen konnte. Zudem ergaben sich deutliche Hinweise auf einen Drogenkonsum, was ein anschlie\u00dfend durchgef\u00fchrter Test best\u00e4tigte. Ihm wurde anschlie\u00dfend eine Blutprobe entnommen. <\/p>\n\n\n\n<h4 class=\"wp-block-heading\">(Edenkoben) &#8211; Auf der Suche nach dem Auto<\/h4>\n\n\n\n<p>Am 13.02.2020, gegen 15:50 Uhr, wurde die Streife auf einen 83-j\u00e4hrigen Mann aus dem Bereich VG Winnweiler aufmerksam. Der Mann irrte v\u00f6llig durchn\u00e4sst durch Edenkoben und suchte seinen Pkw, da er nicht mehr wusste, wo er ihn zuvor geparkt hatte. Durch die eingesetzten Beamten konnte dem Mann jedoch geholfen werden. Durch sofortige Fahndungsma\u00dfnahmen gelang es den Beamten, den gesuchten Pkw in der N\u00e4he des vermuteten Abstellplatzes aufzufinden.   Da der Mann jedoch nicht in der Lage war, seinen Pkw sicher zu f\u00fchren, wurden seine Angeh\u00f6rigen verst\u00e4ndigt, welche den Senior abholten. <\/p>\n\n\n\n<h4 class=\"wp-block-heading\">(Edenkoben) &#8211; Geldbeuteldiebstahl<\/h4>\n\n\n\n<p>Am 13.02.2020, gegen 14:30 Uhr, kam es zum Diebstahl eines Geldbeutels in einem Einkaufsmarkt in der Luitpoldstra\u00dfe. Hier wurde einer 75-j\u00e4hrigen Dame w\u00e4hrend des Einkaufs der Geldbeutel aus der Handtasche entwendet. Der entstandene Sachschaden bel\u00e4uft sich auf ca. 50EUR. <\/p>\n\n\n\n<p>Hinweise nimmt die PI Edenkoben unter 06323 955-0 oder per Mail an <a href=\"mailto:piedenkoben@polizei.rlp.de\">piedenkoben@polizei.rlp.de<\/a> entgegen. <\/p>\n\n\n\n<h4 class=\"wp-block-heading\">(Edenkoben) &#8211; Verkehrskontrollen<\/h4>\n\n\n\n<p>Am 13.02.2020, zwischen 09:40 Uhr und 10:40 Uhr, wurde durch Beamte der Polizei Edenkoben eine Kontrollstelle in der Staatsstra\u00dfe eingerichtet. Im Rahmen der einst\u00fcndigen Kontrolle konnten sechs Fahrzeugf\u00fchrer ohne angelegten Sicherheitsgurt, ein Versto\u00df gegen die Nutzung von Mobiltelefonen w\u00e4hrend der Fahrt und zwei Verst\u00f6\u00dfe wegen mangelnder Ladungssicherung festgestellt und geahndet werden. <\/p>\n\n\n\n<h4 class=\"wp-block-heading\">(Neustadt) &#8211; Unbekannte D\u00e4mpfe verursachen Atembeschwerden<\/h4>\n\n\n\n<h4 class=\"wp-block-heading\" style=\"text-align:center\">1. Nachtrag<\/h4>\n\n\n\n<h4 class=\"wp-block-heading\">Gemeinsame Pressemitteilung von Staatsanwaltschaft Frankenthal und Polizeipr\u00e4sidium Rheinpfalz<\/h4>\n\n\n\n<p>Die Untersuchung der Substanz ergab, dass es sich um einen chemischen Stoff handelt, der h\u00e4ufig als Wirkstoff in Pfeffersprays eingesetzt wird. Beim Verbrennen f\u00fchrt er zu starker Reizung der Schleimh\u00e4ute. Er ist nicht als Giftstoff eingestuft. <\/p>\n\n\n\n<p>Alle betroffene Beamte verrichten wieder uneingeschr\u00e4nkt Dienst. <\/p>\n\n\n\n<h4 class=\"wp-block-heading\">(Ha\u00dfloch) &#8211; Unf\u00e4lle mit verletzten Radfahrern<\/h4>\n\n\n\n<p>Am Donnerstag, 13.02., um 19.30 Uhr befuhr ein 9-j\u00e4hriger Fahrradfahrer die Friedensstra\u00dfe in Ha\u00dfloch in westlicher Richtung und wollte nach links in die Stra\u00dfe S\u00e4gm\u00fchlweg einbiegen. Ein bislang unbekannter Pkw-Fahrer befuhr zu diesem Zeitpunkt den S\u00e4gm\u00fchlweg in Richtung Ortsmitte und beachtete an der rechts-vor-links geregelten Kreuzung nicht die Vorfahrt des jungen Radfahrers, wodurch es zum Zusammensto\u00df kam, bei dem der Junge vom Rad st\u00fcrzte, sich dabei leicht verletzte und das Fahrrad besch\u00e4digt wurde. Der Pkw-Fahrer setzte seine Fahrt fort, ohne sich um den Verletzten zu k\u00fcmmern oder sich \u00fcberhaupt \u00fcber die Folgen und eine m\u00f6gliche Schadensregulierung zu vergewissern. <\/p>\n\n\n\n<p>Die Polizeiinspektion Ha\u00dfloch erbittet Hinweise von evtl. Zeugen des Unfalls unter Tel. 06324-9330 oder per E-Mail an <a href=\"mailto:pihassloch@polizei.rlp.de\">pihassloch@polizei.rlp.de<\/a>. <\/p>\n\n\n\n<p>Ebenfalls sucht die Polizeiinspektion Ha\u00dfloch nachtr\u00e4glich nach Zeugen eines Unfalles, der sich bereits letzten Freitag, 07.02., um 07.25 Uhr am Kreisverkehr Lindenstra\u00dfe\/Rennbahnstra\u00dfe in Ha\u00dfloch ereignet hatte. Dabei war eine 18-j\u00e4hrige Fahrradfahrerin die Lindenstra\u00dfe in Richtung Iggelheim gefahren und passierte gerade den Kreisverkehr, als der Fahrer eines Pkw, der die Rennbahnstra\u00dfe aus s\u00fcdlicher Richtung befuhr, die Vorfahrt der Radfahrerin missachtete und in den Kreisverkehr einfuhr. Es kam zum Zusammensto\u00df, bei dem die Radfahrerin st\u00fcrzte und sich leicht verletzte. <\/p>\n\n\n\n<h4 class=\"wp-block-heading\">(Bad D\u00fcrkheim) &#8211; Fahrradaktionstage \/ Polizei schult Pedelec-Fahrer<\/h4>\n\n\n\n<p>Sicher mit dem Pedelec unterwegs sein? Das k\u00f6nnen alle Interessierten bei den Aktionstagen der Polizei Bad D\u00fcrkheim und der Verkehrswacht Bad D\u00fcrkheim S\u00fcd lernen. <\/p>\n\n\n\n<p>Im Fr\u00fchling beginnt wieder die Fahrradsaison und immer mehr Menschen werden auch mit dem Pedelec unterwegs sein. Leider verzeichnet die Polizei Bad D\u00fcrkheim im Zuge dessen auch einen Anstieg der Unfallbeteiligung solcher Fahrzeuge, denn die Zahl der Unf\u00e4lle unter Beteiligung von Radfahrern ist im Vergleich zum Vorjahr gestiegen. Gerade bei \u00e4lteren Verkehrsteilnehmern werden Fahrr\u00e4der mit elektrischer Tretunterst\u00fctzung immer beliebter. Sie bescheren vor allem Senioren eine neue Art der Mobilit\u00e4t. Aus der Leichtigkeit der Fortbewegung und der daraus resultierenden h\u00f6heren Geschwindigkeit ergeben sich allerdings Gefahrenmomente, die es zu erkennen und zu beherrschen gilt. Neben der h\u00f6heren Geschwindigkeit, verl\u00e4ngert sich auch der Bremsweg. Der Umstieg von einem Fahrrad auf ein Pedelec erfordert \u00dcbung. Wird die Unterst\u00fctzungsstufe zu hoch angesetzt, wird man zu schnell, was vor allem in Kurven gef\u00e4hrlich sein kann. Bei den Kursen &#8222;Fit mit dem Pedelec&#8220; hat man die M\u00f6glichkeit, diese neue Form der Mobilit\u00e4t kennenzulernen. Nach einer theoretischen Einf\u00fchrung, k\u00f6nnen das besondere Fahrgef\u00fchl, die n\u00f6tige Bewegungskoordination, der erforderliche Gleichgewichtssinn und die Reaktionsf\u00e4higkeit in einem Parcours ausprobiert werden. Das eigene Pedelec sollte mitgebracht werden. <\/p>\n\n\n\n<p>Bei den praktischen Fahr\u00fcbungen besteht Helmpflicht. <\/p>\n\n\n\n<p>Dar\u00fcber hinaus wird auch f\u00fcr interessierte Personen ein Pedelec zum Ausprobieren zur Verf\u00fcgung gestellt. <\/p>\n\n\n\n<p>Die Kurse finden in Bad D\u00fcrkheim auf dem Schulhof der Carl-Orff-Realschule statt. <\/p>\n\n\n\n<p><strong>Die Termine sind am: <\/strong><\/p>\n\n\n\n<ul><li>Montag, 27.04.2020, <\/li><li>Dienstag, 19.05.2020, <\/li><li>Dienstag, 02.06.2020 und <\/li><li>Dienstag 16.06.2020 <\/li><\/ul>\n\n\n\n<p><strong><em>jeweils um 14:00 Uhr.<\/em><\/strong> <\/p>\n\n\n\n<p>Da die Teilnehmerpl\u00e4tze begrenzt sind, wird um fr\u00fchzeitige Anmeldung bei der Polizei Bad D\u00fcrkheim, unter Tel.: 06322\/963-203 gebeten. <\/p>\n\n\n\n<p>Ihre Verkehrssicherheitsberaterin Nadine Bergstr\u00e4\u00dfer <\/p>\n\n\n\n<h4 class=\"wp-block-heading\">(Bobenheim-Roxheim) &#8211; Verkehrsunfallflucht<\/h4>\n\n\n\n<p>In der Nacht auf Donnerstag, den 13.02.2020, parkt ein 66-j\u00e4hriger Mann aus Bobenheim-Roxheim seinen Pkw, einen wei\u00dfen Opel-Astra, am rechten Fahrbahnrand in der Beethovenstra\u00dfe in Bobenheim-Roxheim. Als er am Morgen gegen 06:30 Uhr zu seinem Pkw zur\u00fcckkehrt, bemerkt er, dass der linke Au\u00dfenspiegel besch\u00e4digt wurde. Anhand des Schadensbildes ist davon auszugehen, dass ein bis dato unbekannter Fahrzeugf\u00fchrer im Rahmen eines Verkehrsunfalles das geparkte Fahrzeug touchierte und besch\u00e4digte. Ohne seinen Pflichten als Unfallbeteiligter nachzukommen, entfernt sich der Verursacher von der Unfallstelle. Dem Mann aus Bobenheim-Roxheim entsteht ein Sachschaden in H\u00f6he von ca. 500,-EUR. <\/p>\n\n\n\n<p>Zeugen werden gebeten sich an die Polizeiinspektion Frankenthal unter der Tel.-Nr.: 06233\/313-0 oder an die Polizeiwache Maxdorf unter der Tel.-Nr.: 06237\/934-100 zu wenden. Gerne nehmen wir Ihre Hinweise auch per E-Mail unter  <a href=\"mailto:pifrankenthal@polizei.rlp.de\">pifrankenthal@polizei.rlp.de<\/a> entgegen. <\/p>\n\n\n\n<h4 class=\"wp-block-heading\">(Ludwigshafen) &#8211; Bewerbertraining am 07.03.2020 in Ludwigshafen<\/h4>\n\n\n\n<p>Am 07.03.2020, ab 10.00 Uhr, bietet das Polizeipr\u00e4sidium Rheinpfalz an der <\/p>\n\n\n\n<p>Berufsbildenden Schule Wirtschaft II <\/p>\n\n\n\n<p>Bismarckstr. 39 <\/p>\n\n\n\n<p>67059 Ludwigshafen <\/p>\n\n\n\n<p>wieder ein Bewerbertraining f\u00fcr Bewerber und am Polizeiberuf Interessierte an. Da nur eine begrenzte Anzahl von Teilnehmerpl\u00e4tzen vorhanden ist, wird um Anmeldung per E-Mail unter <\/p>\n\n\n\n<p><a href=\"mailto:pprheinpfalz.einstellungen@polizei.rlp.de\">pprheinpfalz.einstellungen@polizei.rlp.de<\/a> <\/p>\n\n\n\n<p>gebeten. Die Teilnahmebest\u00e4tigung erfolgt dann per E-Mail. <\/p>\n\n\n\n<h4 class=\"wp-block-heading\">(Ludwigshafen) &#8211; Aggressives Verhalten im Stra\u00dfenverkehr f\u00fchrt zu Konsequenzen<\/h4>\n\n\n\n<p>Wegen seines aggressiven Verhaltens muss sich nun ein 38-J\u00e4hriger wegen Sachbesch\u00e4digung verantworten. Ausl\u00f6ser war eine allt\u00e4gliche Verkehrssituation im Kreisverkehr in der Oderstra\u00dfe, Donnerstagmorgen, 13.02.2020, 10.15 Uhr. Der 38-J\u00e4hrige fuhr von einem Tankstellengel\u00e4nde in den Kreisverkehr ein und missachtete dabei aber die Vorfahrt eines Dacia-Fahrers. Dieser hupte, um auf die Verkehrssituation aufmerksam zu machen. Zu einem Zusammensto\u00df kam es nicht. Das Hupen \u00e4rgerte den 38-J\u00e4hrigen offensichtlich sehr. Beide Autofahrer setzten ihre Fahrt fort, mussten aber an der Bahnschranke der Rhein-Hardt-Bahn anhalten. Hier stieg der 38-J\u00e4hrige aus, ging nach vorne zum Dacia und schlug zun\u00e4chst gegen die Fahrerscheibe. Dass der 33-J\u00e4hrige Dacia-Fahrer nicht ausstieg, \u00e4rgerte ihn augenscheinlich noch mehr, weshalb er gegen den Au\u00dfenspiegel des Wagens schlug und diesen besch\u00e4digte. <\/p>\n\n\n\n<h4 class=\"wp-block-heading\">(Ludwigshafen) &#8211; Rollerfahrerin bei Unfall leicht verletzt<\/h4>\n\n\n\n<p>Die Fahrerin eines Motorrollers verletzte sich am Donnerstag, 13.02.2020, 7.50 Uhr, bei einem Verkehrsunfall auf der vereisten Stadtgartenstra\u00dfe leicht. Die 38-J\u00e4hrige war mit ihrem Roller auf der Stadtgartenstra\u00dfe unterwegs und wollte an der abknickenden Vorfahrt nach links in die Weimarer Stra\u00dfe abbiegen. Dabei hatte sie ihre Geschwindigkeit nicht den vereisten Stra\u00dfenverh\u00e4ltnissen angepasst. Sie kam ins Rutschen und st\u00fcrzte. Dabei verletzte sie sich leicht am Bein und musste vom Rettungsdienst ins nahegelegene Krankenhaus zur medizinischen Versorgung verbracht werden. <\/p>\n\n\n\n<h4 class=\"wp-block-heading\">(Ludwigshafen) &#8211; Grableuchten gestohlen<\/h4>\n\n\n\n<p>Bereits im Dezember und nun auch vom 11.02.2020 auf den 12.02.2020 entwendeten Unbekannte von einem Grab auf dem Friedhof Mundenheim jeweils eine Grableuchte. Die Polizei sucht Zeugen. Wem sind auf dem Friedhof verd\u00e4chtige Personen aufgefallen? Hinweise erbittet die Polizeiinspektion Ludwigshafen 1, 0621 963-2122 oder per E-Mail <a href=\"mailto:piludwigshafen1@polizei.rlp.de\">piludwigshafen1@polizei.rlp.de<\/a>. <\/p>\n\n\n\n<h4 class=\"wp-block-heading\">(Mannheim) &#8211; Gastst\u00e4tteneinbruch in der Innenstadt<\/h4>\n\n\n\n<p>In ein Caf\u00e9 in den I-Quadraten brach am sp\u00e4ten Donnerstagabend ein bislang unbekannter T\u00e4ter ein. Durch Aufhebeln einer T\u00fcre gelangte der Einbrecher in die Innenr\u00e4ume, entwendete aber bisherigen Erkenntnissen nichts. Die Polizei erhielt gegen 22.45 Uhr Kenntnis von dem Einbruch. Das Objekt durchsuchten die Beamten, auch mit dem Polizeihund, konnten den Einbrecher aber nicht mehr aufsp\u00fcren. <\/p>\n\n\n\n<p>Sachschaden entstand in H\u00f6he von mindestens 1.000 Euro. <\/p>\n\n\n\n<p>Zeugen, die zwischen 22 Uhr und 22.45 Uhr verd\u00e4chtige Wahrnehmungen gemacht haben, werden gebeten, sich beim Polizeirevier Mannheim-Innenstadt, Tel.: 0621\/1258-0, oder der Kriminalpolizeidirektion Heidelberg, Tel.: 0621\/174-4444, zu melden. <\/p>\n\n\n\n<h4 class=\"wp-block-heading\">(Mannheim) &#8211; Mehrere Verletzte und zwei total besch\u00e4digte Autos nach Verkehrsunfall<\/h4>\n\n\n\n<p>Insgesamt f\u00fcnf Verletzte und zwei Autos mit Totalschaden sind die Bilanz eines Verkehrsunfalls, der sich am Donnerstag gegen 19.30 Uhr in der Feudenheimer Stra\u00dfe\/Dudenstra\u00dfe ereignet hat. <\/p>\n\n\n\n<p>Ein ortsunkundiger Hyundai-Fahrer befuhr zun\u00e4chst die Dudenstra\u00dfe. Nachdem er bemerkt hatte, dass er falsch war, fuhr er \u00fcber die dortige abgesenkte Verkehrsinsel auf die Feudenheimer Stra\u00dfe und nahm dann noch einen Fahrspurenwechsel vor. Ein ordnungsgem\u00e4\u00df fahrender 43-j\u00e4hriger BMW-Fahrer &#8211;  die Lichtzeichenanlage stand f\u00fcr ihn auf &#8222;Gr\u00fcn&#8220; &#8211; erkannte den Hyundai zu sp\u00e4t und konnte einen Zusammensto\u00df nicht mehr verhindern. Die vier Insassen des BMW wie auch der Verursacher zogen sich Verletzungen zu, die nach den Erstversorgungen an der Unfallstelle in Krankenh\u00e4usern weiterbehandelt werden mussten. Die nicht mehr fahrbereiten Autos transportierten Abschleppunternehmen von der Unfallstelle ab. Die Polizei sch\u00e4tzt den Gesamtschaden auf rund 15.000 Euro. <\/p>\n\n\n\n<p>W\u00e4hrend der Unfallaufnahme und auch R\u00e4umung der Unfallstelle war die Sperrung eines Fahrstreifens notwendig. Zu gr\u00f6\u00dferen Verkehrsbeeintr\u00e4chtigungen kam es nicht. <\/p>\n\n\n\n<h4 class=\"wp-block-heading\">(Mannheim-Neckarstadt) &#8211; Scheiben geparkter Autos eingeschlagen \/ Wer hat Verd\u00e4chtiges beobachtet ?<\/h4>\n\n\n\n<p>Je eine Scheibe eines Ford und Peugeot schlugen in der Nacht zum Donnerstag bislang unbekannte T\u00e4ter ein und durchsuchten im Anschluss die Wageninnenr\u00e4ume. Geparkt waren beide Autos in der Tiefgarage der Neckarpromenade. <\/p>\n\n\n\n<p>Bisherigen Feststellungen zufolge entwendeten die Unbekannten lediglich eine geringe Menge an M\u00fcnzgeld. <\/p>\n\n\n\n<p>In welcher H\u00f6he Sachschaden entstand, ist derzeit noch nicht abschlie\u00dfend gekl\u00e4rt. Zeugen, die zwischen Mittwochabend und Donnerstagmorgen verd\u00e4chtige Beobachtungen gemacht haben, werden gebeten, sich beim Polizeirevier Mannheim-Neckarstadt, Tel.: 0621\/3301-0, zu melden. <\/p>\n\n\n\n<h4 class=\"wp-block-heading\">(Mannheim-Seckenheim) &#8211; Einbruch in Veranstaltungsr\u00e4ume \/ Zeugen gesucht<\/h4>\n\n\n\n<p>Auf ein Vereinsgel\u00e4nge im Turfweg im Mannheimer Stadtteil Seckenheim begaben sich in der Nacht zum Donnerstag bislang unbekannte T\u00e4ter, schnitten eine Plane zu einem Veranstaltungsraum auf und gelangten so ins Innere. Mit zwei Fernsehern, einer Kaffeemaschine, zwei Registrierkassen sowie fast ein Dutzend Flaschen an verschiedenen Spirituosen suchten die Unbekannten wieder &#8222;das Weite&#8220;. Angaben zur Gesamtschadensh\u00f6he sind bislang noch nicht m\u00f6glich. Als Tatzeit kommt Mittwoch, 17 Uhr bis Donnerstagmorgen, kurz vor 9 Uhr in Betracht. Zeugen, die evtl. verd\u00e4chtige Beobachtungen gemacht haben, werden gebeten, sich mit dem Polizeiposten Mannheim-Seckenheim, Tel.: 0621\/48971, oder dem Polizeirevier Ladenburg, Tel.: 06203\/9305-0, in Verbindung zu setzen. <\/p>\n\n\n\n<h4 class=\"wp-block-heading\">(Mannheim-Neuostheim) &#8211; Zusammensto\u00df nach Vorfahrtsverletzung<\/h4>\n\n\n\n<p>Ein Verkehrsunfall am Donnerstagnachmittag in Neuostheim sorgte f\u00fcr vor\u00fcbergehende Verkehrsbeeintr\u00e4chtigungen. Ein 25-j\u00e4hriger Mann war kurz nach 17 Uhr mit seinem Mitsubishi in der Seckenheimer Landstra\u00dfe in Richtung B38a unterwegs. An der Ausfahrt des Parkplatzes des Flughafens Neuostheim nahm ihm ein 23-j\u00e4hriger Skoda-Fahrer die Vorfahrt und stie\u00df mit ihm zusammen. Dabei wurde der Mitsubishi so stark besch\u00e4digt, dass er abgeschleppt werden musste. Der Sachschaden wird auf rund 7.000 Euro gesch\u00e4tzt. Beide Fahrer kamen mit dem Schrecken davon und blieben unverletzt. Durch die beiden beteiligten Fahrzeuge wurde die Fahrbahn vor\u00fcbergehend blockiert, wodurch sich ein R\u00fcckstau auf der Seckenheimer Landstra\u00dfe bis zur Lucas-Cranach-Stra\u00dfe bildete. Nachdem die Fahrzeuge von der Fahrbahn entfernt worden waren, l\u00f6ste sich der Stau rasch wieder auf. <\/p>\n\n\n\n<h4 class=\"wp-block-heading\">(Mannheim-Neckarau) &#8211; Verkehrsunfall mit Beteiligung einer Stra\u00dfenbahn<\/h4>\n\n\n\n<p>Am Freitagmorgen ereignete sich im Stadtteil Neckarau ein Verkehrsunfall, bei dem auch eine Stra\u00dfenbahn beteiligt war. Ein 43-j\u00e4hriger Mann war kurz vor acht Uhr mit seinem Seat auf der Neckarauer Stra\u00dfe in Richtung Mannheim-Rheinau unterwegs. In H\u00f6he der Schulstra\u00dfe wendete er verbotswidrig \u00fcber den Gleisk\u00f6rper, um seine Fahrt anschlie\u00dfend wieder stadteinw\u00e4rts fortzusetzen. Dabei stie\u00df er mit einer von hinten herannahenden, ebenfalls in Richtung Rheinau fahrenden, Stra\u00dfenbahn zusammen. Hierbei verletzte sich ein 22-j\u00e4hriger weiblicher Fahrgast der Bahn und wurde zur ambulanten Behandlung in ein Krankenhaus gebracht. der Seat war nicht mehr fahrbereit und musste abgeschleppt werden. Der entstandene Sachschaden wird auf rund 15.000 Euro gesch\u00e4tzt. W\u00e4hrend der Unfallaufnahme war der Stra\u00dfenbahnverkehr bis ca. neun Uhr gest\u00f6rt. <\/p>\n\n\n\n<h4 class=\"wp-block-heading\">(Mannheim-Sandhofen) &#8211; Angeblicher Wasserwerker ergaunert Schmuck bei 81-j\u00e4hriger Frau<\/h4>\n\n\n\n<p>Schmuck im Wert von mehreren tausend Euro erbeutete ein angeblicher Wasserwerker am Donnerstagmorgen bei einer 81-j\u00e4hrigen Frau im Stadtteil Sandhofen. Der Unbekannte klingelte gegen 8.30 Uhr an der Wohnungst\u00fcr der Seniorin und verschaffte sich unter dem Vorwand einer \u00dcberpr\u00fcfung wegen eines Wasserschadens Zutritt zur Wohnung. Er gab vor, s\u00e4mtliche Wasserh\u00e4hne \u00fcberpr\u00fcfen zu m\u00fcssen und wies die 81-J\u00e4hrige an, den Brausekopf der Dusche solange zu halten, bis er mit seinen \u00dcberpr\u00fcfungen fertig sei. Nach rund 30 Minuten hatte er seine angeblichen Arbeiten erledigt und bot seinem Opfer 75 Euro Entsch\u00e4digung f\u00fcr das verbrauchte Wasser an. Sie Frau m\u00fcsse ihm das Geld jedoch wechseln. Da die Seniorin jedoch nicht preisgeben wollte, wo sie ihr Geld aufbewahrt, lehnte sie die Zahlung ab und der Unbekannte verlie\u00df die Wohnung. Erst sp\u00e4ter bemerkte die Gesch\u00e4digte, dass der unbekannte Mann in der Zwischenzeit s\u00e4mtliche Schr\u00e4nke und Schubladen in der Wohnung durchw\u00fchlt hatte. Nach ersten Feststellungen hatte er dabei zahlreiche Schmuckst\u00fccke wie Armketten und Ringe erbeutet. Zudem hatte er aus den Mobiltelefonen der Frau die Batterien entfernt, um zu verhindern, dass diese die Polizei verst\u00e4ndigt. <\/p>\n\n\n\n<p>Der angebliche Wasserwerker wird wie folgt beschrieben: <\/p>\n\n\n\n<ul><li>Ca. 25 bis 30 Jahre alt<\/li><li>Ca. 175 cm gro\u00df<\/li><li>Kurze schwarze Haare<\/li><li>Europ\u00e4isches Aussehen<\/li><li>Sprach hochdeutsch <\/li><\/ul>\n\n\n\n<p>Zeugen, die sachdienliche Hinweise zum T\u00e4ter geben k\u00f6nnen, werden gebeten, sich beim Kriminaldauerdienst der Kriminalpolizeidirektion Heidelberg, Tel.: 0621\/174-4444 zu melden. <\/p>\n\n\n\n<p><strong><em>Die Polizei weist nochmals ausdr\u00fccklich auf folgendes hin: <\/em><\/strong><\/p>\n\n\n\n<ul><li>Lassen Sie keine Fremden in die Wohnung!<\/li><li>Sehen Sie sich Besucher vor dem \u00d6ffnen durch den T\u00fcrspion oder mit einem Blick aus dem Fenster an und machen Sie von Ihrer T\u00fcrsprechanlage Gebrauch.<\/li><li>\u00d6ffnen Sie die Wohnungst\u00fcr niemals sofort &#8211; legen Sie immer Sperrb\u00fcgel oder Sicherheitskette an.<\/li><li>Ziehen Sie telefonisch eine Nachbarin oder einen Nachbarn hinzu, wenn unbekannte Besucher vor der T\u00fcr stehen, oder bestellen Sie die Besucher zu einem sp\u00e4teren Termin, wenn eine Vertrauensperson anwesend ist.<\/li><li>Fordern Sie von Amtspersonen immer den Dienstausweis und pr\u00fcfen       Sie ihn sorgf\u00e4ltig (nach Druck, Foto und Stempel). Sorgen Sie dazu f\u00fcr gute Beleuchtung und benutzen Sie, wenn n\u00f6tig, eine Sehhilfe.<\/li><li>Rufen Sie beim geringsten Zweifel bei der Beh\u00f6rde an. Suchen Sie dazu die Telefonnummer selbst heraus und ziehen Sie telefonisch eine Nachbarin oder einen Nachbarn hinzu.<\/li><li>Lassen Sie Handwerker nur dann herein, wenn Sie sie selbst bestellt haben oder wenn sie von der Hausverwaltung angek\u00fcndigt worden sind.<\/li><li>Nehmen Sie nichts f\u00fcr Nachbarn ohne deren Ank\u00fcndigung oder Auftrag entgegen.<\/li><li>Wehren Sie sich gegen zudringliche Besucher notfalls auch energisch. Sprechen Sie sie laut an und rufen Sie um Hilfe.<\/li><li>Pflegen Sie Kontakt zu \u00e4lteren Mitbewohnerinnen und Mitbewohnern. Machen Sie ihnen das Angebot, bei fremden Besuchern an der Wohnungst\u00fcr zur Sicherheit hinzuzukommen, und \u00fcbergeben Sie f\u00fcr solche F\u00e4lle die eigene Telefonnummer. <\/li><\/ul>\n\n\n\n<h4 class=\"wp-block-heading\">(Mannheim \/ Heidelberg \/ Rhein-Neckar-Kreis) &#8211;  Telefonanrufe von &#8222;Enkeln&#8220; rei\u00dfen nicht ab \/ \u00dcber 40 bekanntgewordene F\u00e4lle im Zust\u00e4ndigkeitsbereich des Polizeipr\u00e4sidiums Mannheim<\/h4>\n\n\n\n<div class=\"wp-block-image\"><figure class=\"aligncenter\"><img decoding=\"async\" src=\"https:\/\/speyer24news.com\/wp-content\/uploads\/2020\/01\/Telefonbetrug-1.jpg-1.jpg\" alt=\"\" class=\"wp-image-24776\"\/><\/figure><\/div>\n\n\n\n<p>Weit \u00fcber 40 Telefonanrufe von vermeintlichen Enkeln, die in Gespr\u00e4chen finanzielle Notlagen vorgaben, registrierte die Polizei am Freitagmorgen. \u00dcberwiegend \u00e4ltere B\u00fcrger\/B\u00fcrgerinnen, die im Stadtgebiet Mannheim, Heidelberg sowie im Rhein-Neckar-Kreis wohnhaft sind, erhielten am Donnerstag dubiose Telefonanrufe. F\u00fcr Verkehrsunf\u00e4lle und Wohnungsk\u00e4ufe br\u00e4uchten die Enkel dringend Bargeld in H\u00f6he von mehreren tausend Euro. <\/p>\n\n\n\n<p>Vereinzelt hatten die Kontaktierten auch schon Bargeld &#8222;organisiert&#8220;, doch Bankmitarbeiter sch\u00f6pften Verdacht und alarmierten rechtzeitig die Polizei. Zu Sch\u00e4den kam es in keinem Fall. Die meisten Anrufe waren im Stadtgebiet Heidelberg, hier im Bereich des Polizeireviers Heidelberg-S\u00fcd, zu verzeichnen. <\/p>\n\n\n\n<p><strong><em>Aufgrund der aktuellen H\u00e4ufung gibt die Polizei erneut folgende Hinweise: <\/em><\/strong><\/p>\n\n\n\n<ul><li>Hinterfragen Sie stets, vergewissern Sie sich, mit wem Sie es zu tun haben &#8211; stellen Sie Fragen. <\/li><li>Lassen Sie sich nicht unter Druck setzen. Legen Sie auf ! <\/li><li>\u00dcbergeben Sie niemals Geld an Unbekannte ! <\/li><li>Geben Sie niemals Besitzverh\u00e4ltnisse\/Verm\u00f6gensverh\u00e4ltnisse preis ! <\/li><li>H\u00e4ndigen Sie kein Geld an Unbekannte aus, die angeblich von       Verwandten zur Abholung beauftragt wurden. <\/li><li>Verst\u00e4ndigen Sie bei der Kontaktaufnahme von vermeintlichen       Verwandten sofort die Polizei unter 110. <\/li><li>Pr\u00fcfen Sie ihren Eintrag im Telefonbuch und lassen Sie ihren Vornamen l\u00f6schen oder nur Anfangsbuchstaben eintragen. <\/li><\/ul>\n\n\n\n<p>Auf die M\u00f6glichkeit einer kostenfreien Beratung durch die Kriminalpolizeiliche Beratungsstelle des Polizeipr\u00e4sidiums Mannheim unter 0621\/174-1212 wird zudem hingewiesen.<\/p>\n\n\n\n<h4 class=\"wp-block-heading\">(Heidelberg) &#8211; Unfall in der Ring-\/Lessingstra\u00dfe: 15.000 Euro Schaden und ein Leichtverletzter<\/h4>\n\n\n\n<p>Am sp\u00e4ten Donnerstagabend, kurz vor 21.30 Uhr kam es in der Ring-\/Lessingstra\u00dfe zu einem Verkehrsunfall mit Beteiligung eines DRK-Fahrzeugs, den eine 83-j\u00e4hrige VW Passat-Fahrerin verursacht hatte. Die Frau gew\u00e4hrte dem mit Sondersignal fahrenden Rettungsfahrzeug keine &#8222;freie Bahn&#8220;, so dass es im Kreuzungsbereich zum Zusammensto\u00df kam. Der Mitfahrer im Rettungsfahrzeug zog sich durch die Aufprallwucht zum Gl\u00fcck nur leichte Verletzungen zu. Das Auto der Verursacherin war nicht mehr fahrbereit und musste von einem Abschleppunternehmen abtransportiert werden. Die Polizei sch\u00e4tzt den Gesamtschaden auf rund 15.000 Euro. <\/p>\n\n\n\n<h4 class=\"wp-block-heading\">(Heidelberg) &#8211; Junger Sch\u00fcler bei Verkehrsunfall an Haltestelle verletzt; Fahrradfahrer gefl\u00fcchtet; Zeugen dringend gesucht<\/h4>\n\n\n\n<p>Am Donnerstagmorgen, gegen 7.30 Uhr, wurde ein 9-j\u00e4hriger Sch\u00fcler, bei einem Verkehrsunfall mit einem noch unbekannten Fahrradfahrer leicht verletzt. Der Fahrradfahrer fuhr anschlie\u00dfend weiter, ohne sich um den Jungen zu k\u00fcmmern. <\/p>\n\n\n\n<p>Der noch Unbekannte war mit seinem Rad auf der Rohrbacher Stra\u00dfe in Richtung Franz-Knauf-Stra\u00dfe unterwegs, als ihm auf dem Radweg in H\u00f6he der Bahn-Haltestelle Weststadt\/S\u00fcdstadt ein anderer Radler entgegenkam. Um einen Zusammensto\u00df zu verhindern, wich er aus und stie\u00df mit dem 9-J\u00e4hrigen zusammen, der gerade \u00fcber den Fu\u00dfg\u00e4nger\u00fcbergang in Richtung Stra\u00dfenbahnhaltestelle ging. <\/p>\n\n\n\n<p>Der Junge, der \u00fcber Bauch- und Knieschmerzen klagte, beschreibt den Fahrradfahrer wie folgt: ca. 30-40 Jahre; ca. 185-190 cm; kurze, braune Haare. Er trug ein blaues Tuch als K\u00e4lteschutz um den Mund, eine schwarze Jacke und dunkle Schuhe. Sein Fahrrad war wei\u00df. <\/p>\n\n\n\n<p>Nachdem Zusammenprall kam dem Kind eine noch nicht bekannte Frau zu Hilfe, die zuvor aus einer Stra\u00dfenbahn ausgestiegen war und den Unfall beobachtet hatte. Sie soll ca. 45 Jahre alt gewesen sein, blonde Haare haben und eine wei\u00dfe Jacke getragen haben. <\/p>\n\n\n\n<p>Zudem d\u00fcrfte der Stra\u00dfenbahnfahrer der noch unbekannten Linie den Unfall ebenfalls beobachtet haben. <\/p>\n\n\n\n<p>Die noch unbekannte Helferin und der Stra\u00dfenbahnfahrer sowie weitere Zeugen, die den Unfall beobachtet haben und\/oder Hinweise zu dem verursachenden Fahrradfahrer geben k\u00f6nnen, werden gebeten, sich mit dem Polizeirevier Heidelberg-Mitte, Tel.: 06221\/99-1700 oder mit der Verkehrspolizei Heidelberg, Tel.: 0621\/174-4111 in Verbindung zu setzen. <\/p>\n\n\n\n<h4 class=\"wp-block-heading\">(Heidelberg \/ Sinsheim \/ Rhein-Neckar-Kreis) &#8211; Unbekannter Mann bel\u00e4stigt Frauen in der S-Bahn \/ Zeugen und Gesch\u00e4digte gesucht<\/h4>\n\n\n\n<p>Wie erst am Mittwoch, 12.02.2020 durch eine Gesch\u00e4digte zur Anzeige gebracht wurde, bel\u00e4stigte am Freitagabend, 07.02.2020 ein unbekannter Mann zwei Frauen in der S-Bahn. Eine 35-j\u00e4hrige Frau war gegen 19.30 Uhr mit der S-Bahn der Linie 5 von Heidelberg in Richtung Sinsheim unterwegs. Dabei fielen ihr zwei junge M\u00e4nner auf, die auff\u00e4llig in der Bahn hin- und herliefen und weibliche Fahrg\u00e4ste musterten. Sie setzten sich schlie\u00dflich der 35-J\u00e4hrigen und einer ca. 20 Jahre alten unbekannten Frau gegen\u00fcber in eine Sitzgruppe. W\u00e4hrend einer der M\u00e4nner den Frauen mit den ausgestreckten Beinen den Weg versperrte, begann der andere f\u00fcr mehrere Minuten in seiner Hose zu onanieren. Dies konnte die Gesch\u00e4digte an eindeutigen Handbewegungen in dessen Hose erkennen. Sein Geschlechtsteil war jedoch nicht zu sehen. <\/p>\n\n\n\n<p>Nach der Tat stieg die unbekannte Frau in Meckesheim aus, die 35-J\u00e4hrige verlie\u00df in Zuzenhausen die Bahn. <\/p>\n\n\n\n<p><em><strong>Der onanierende Mann wird wie folgt beschrieben:<\/strong><\/em><\/p>\n\n\n\n<ul><li>Westeurop\u00e4isches Erscheinungsbild<\/li><li>Ca. 17-23 Jahre alt<\/li><li>Dunkle Haare mit Pony<\/li><li>Wirkte schm\u00e4chtig<\/li><li>War bekleidet mit dunkler weiter Jogginghose und dunklem       Kapuzenpulli mit aufgezogener Kapuze<\/li><li>Hatte eine schwarze Bauchtasche mit wei\u00dfer Schrift um den Bauch<\/li><li>Wirkte insgesamt ungepflegt <\/li><\/ul>\n\n\n\n<ul><li>Der zweite Mann \u00e4hnelte dem ersten T\u00e4ter hinsichtlich Alter und Erscheinungsbild, hatte jedoch dunkelblonde Haare. \u00dcber die Bekleidung liegen keine Informationen vor. <\/li><\/ul>\n\n\n\n<p>Die Polizei sucht zum einen die unbekannte Frau, die in Meckesheim ausgestiegen war, zum anderen Zeugen, denen die beiden M\u00e4nner aufgefallen sind und sachdienliche Hinweise hierzu geben k\u00f6nnen. Diese werden gebeten, sich beim Kriminaldauerdienst der Kriminalpolizeidirektion Heidelberg, Tel.: 0621\/174-4444 zu melden. <\/p>\n\n\n\n<h4 class=\"wp-block-heading\">(Br\u00fchl \/ Rhein-Neckar-Kreis) &#8211; Bewaffneter Raub\u00fcberfall auf Tankstelle. Zeugen gesucht!<\/h4>\n\n\n\n<div class=\"wp-block-image\"><figure class=\"aligncenter\"><img decoding=\"async\" src=\"https:\/\/speyer24news.com\/wp-content\/uploads\/2020\/02\/Zeugen-Gesucht-Neutral.jpg\" alt=\"\" class=\"wp-image-25059\"\/><\/figure><\/div>\n\n\n\n<p>Am Freitagabend, gegen 20.45 Uhr, betraten zwei T\u00e4ter eine Tankstelle in der Mannheimer Stra\u00dfe in Br\u00fchl. Ein T\u00e4ter bedrohte die Kassiererin mit einer Schusswaffe und erpresste die Herausgabe von Bargeld. Die Kassiererin h\u00e4ndigte daraufhin Bargeld in unbekannter H\u00f6he aus. Anschlie\u00dfend fl\u00fcchteten die T\u00e4ter zu Fu\u00df in die Fichtestra\u00dfe wo sie in ein graues Auto stiegen und auf der Mannheimer Stra\u00dfe in Richtung Mannheim fl\u00fcchteten. Die Kassiererin erlitt einen Schock. <\/p>\n\n\n\n<p>Die T\u00e4ter k\u00f6nnen wie folgt beschrieben werden: <\/p>\n\n\n\n<ol><li>T\u00e4ter: ca. 180 cm, sportliche Figur, bekleidet mit grauer Hose und wei\u00dfen Turnschuhen. <\/li><li>T\u00e4ter: ca. 175 cm, kr\u00e4ftige Statur, bekleidet mit gr\u00fcn-wei\u00dfer Jacke. <\/li><\/ol>\n\n\n\n<ul><li>Beide T\u00e4ter waren mit Sturmhauben maskiert. <\/li><\/ul>\n\n\n\n<p>Zeugen werden gebeten sich mit dem Kriminaldauerdienst, unter Tel.: 0621\/174-4444, in Verbindung zu setzen. <\/p>\n\n\n\n<h4 class=\"wp-block-heading\">(Walldorf \/ Rhein-Neckar-Kreis) &#8211; VW in der Impexstra\u00dfe besch\u00e4digt \/ Zeugin beobachtet Vorfall<\/h4>\n\n\n\n<p>Am sp\u00e4ten Donnerstagabend, kurz nach 23 Uhr besch\u00e4digte eine bislang noch nicht ermittelte Autofahrerin beim R\u00fcckw\u00e4rtsfahren in der Impexstra\u00dfe einen geparkten VW; Sachschaden entstand an diesem Auto in H\u00f6he von mindestens 1.000 Euro. Nach Angaben einer Zeugin schaute sich die Fahrerin den Schaden an, fuhr dann aber in Richtung Kreisverkehr\/Walldorfer Stra\u00dfe davon. Ein Kennzeichen liegt der Polizei vor. Die Ermittlungen nach der verantwortlichen Fahrerin, die mit einem BMW unterwegs war, dauern derzeit noch an. <\/p>\n\n\n\n<h4 class=\"wp-block-heading\">(Wiesloch-Schatthausen \/ Rhein-Neckar-Kreis) &#8211; Von Fahrbahn abgekommen und Baum touchiert; Autofahrer bei Unfall leicht verletzt<\/h4>\n\n\n\n<p>Bei einem Verkehrsunfall am Freitag, kurz vor 12 Uhr, wurde ein 37-j\u00e4hriger Toyota-Fahrer leicht verletzt. Es entstand nach ersten Sch\u00e4tzungen ein Sachschaden von rund 15.000.- Euro. <\/p>\n\n\n\n<p>Der Mann war auf der L 547 von Mauer in Richtung Schatthausen unterwegs, als er ca. 200 Meter vor dem Kreisverkehr an der K 4160, aus bislang unbekannten Gr\u00fcnden, nach rechts von der Fahrbahn abkam, zun\u00e4chst einen Baum touchierte und anschlie\u00dfend in einem Graben liegen blieb. <\/p>\n\n\n\n<p>Nachdem er aus seinem Fahrzeug geborgen war, wurde der 37-J\u00e4hrige mit einem Rettungswagen zur Untersuchung in eine Klinik gebracht. <\/p>\n\n\n\n<p>Die Bergung seines Fahrzeuges gestaltet sich schwierig. Hierzu musste die L 547 kurzzeitig gesperrt werden.  Bergungs- und Abschleppvorgang werden sich noch bis nach 15 Uhr hinziehen.<\/p>\n\n\n\n<h4 class=\"wp-block-heading\">(Angelbachtal \/ B 292 \/ Rhein-Neckar-Kreis) &#8211; Lkw in Bankett festgefahren \/ Bergungsarbeiten<\/h4>\n\n\n\n<p>Aufgrund eines waghalsigen \u00dcberholman\u00f6vers eines bislang unbekannten Autofahrers musste ein Muldenkipper am Freitagvormittag ausweichen &#8211; dabei fuhr sich der 40-Tonner im Bankett fest. Das Polizeirevier Sinsheim sucht in diesem Zusammenhang nach Zeugen. <\/p>\n\n\n\n<p>Um kurz nach 10 Uhr \u00fcberholte ein wei\u00dfer BMW, mutma\u00dflich der 4er oder 5er Serie, einen anderen Pkw auf der Bundesstra\u00dfe 292 zwischen Angelbachtal und \u00d6stringen. Um einen Zusammensto\u00df mit dem entgegen kommenden BMW zu vermeiden, wich der Lkw-Fahrer auf den Gr\u00fcnstreifen am Stra\u00dfenrand aus und fuhr sich dabei fest. Ob ein Schaden am Lastkraftwagen entstand steht bislang nicht fest. <\/p>\n\n\n\n<p>Der vollbeladene Muldenkipper muss nun mit Hilfe des Technischen Hilfswekrs aufwendig geborgen werden. Hierzu wird die Bundesstra\u00dfe voraussichtlich f\u00fcr mehrere Stunden gesperrt. Der Verkehr wird \u00f6rtlich umgeleitet. <\/p>\n\n\n\n<p>Zeugen, die Hinweise zum fl\u00fcchtigen BMW machen k\u00f6nnen, werden gebeten, sich unter 07261 6900 an die Beamten des ermittelnden Polizeireviers Sinsheim zu melden. <\/p>\n\n\n\n<h4 class=\"wp-block-heading\">(Helmstadt-Bargen \/ Rhein-Neckar-Kreis) &#8211; Unfall beim Einfahren auf die B 292 \/ Schaden: 5.000 Euro<\/h4>\n\n\n\n<p>An der Einm\u00fcndung Bahnhofstra\u00dfe\/B 292 stie\u00dfen am Mittwochnachmittag kurz nach 16 Uhr zwei Fahrzeuge zusammen. Verursacht hatte den Unfall ein 22-j\u00e4hriger Opel-Fahrer, der beim Abbiegen von der Bahnhofstra\u00dfe auf die B 292 die Vorfahrt eines ordnungsgem\u00e4\u00df fahrenden Renault Kangoo-Fahrers missachtet hatte. Gl\u00fccklicherweise wurde keiner der Fahrer verletzt; die Autos waren zudem noch fahrbereit. Der 22-j\u00e4hrige Autofahrer sieht einer Anzeige entgegen. <\/p>\n\n\n\n<h4 class=\"wp-block-heading\">(Sinsheim \/ Rhein-Neckar-Kreis) &#8211; VW Polo-Fahrer verursacht Unfall auf der A 6 und entfernt sich \/ Polizei ermittelt und sucht Zeugen<\/h4>\n\n\n\n<p>Am Donnerstagvormittag gegen 10.20 Uhr kam es auf der A 6 in Fahrtrichtung Mannheim zu einem Verkehrsunfall, bei dem Schaden von mehreren tausend Euro entstand. Der Verursacher, der Fahrer eines k\u00f6nigsblauen VW Polo, k\u00fcmmerte sich nicht um den Vorfall und setzte die Fahrt unbeeindruckt fort. <\/p>\n\n\n\n<p>Dieser fuhr vom Beschleunigungsstreifen auf die Hauptfahrbahn der A 6 ein, auf dem sich zu diesem Zeitpunkt eine Citroen-Fahrerin befand. Die 43-J\u00e4hrige wich zwar aus, konnte aber eine seitliche Kollision mit dem VW nicht mehr verhindern. Bei ihrem weiteren Ausweichman\u00f6ver auf den linken Fahrstreifen kollidierte sie mit einem 38-j\u00e4hrigen VW-Fahrer, so dass an den beiden Autos Schaden entstand. <\/p>\n\n\n\n<p>Das Auto des Verursachers m\u00fcsste ebenfalls Besch\u00e4digungen aufweisen. <\/p>\n\n\n\n<p>Die 43-J\u00e4hrige sicherte an der Unfallstelle ein schwarzes Plastikteil und \u00fcbergab es bei der Anzeigenerstattung den Polizeibeamten. Erste Recherchen ergaben diesbez\u00fcglich, dass das Teil von einem VW der Marke Polo der Baujahre 2009-2017 stammen m\u00fcsste. <\/p>\n\n\n\n<p>Verkehrsteilnehmer, die auf den Vorfall aufmerksam wurden und Hinweise zu dem k\u00f6nigsblauen VW Polo geben k\u00f6nnen, werden gebeten, sich bei der Polizei unter Tel.: 06227\/35826-0, zu melden. <\/p>\n\n\n\n<h4 class=\"wp-block-heading\">(Eppelheim \/ Rhein-Neckar-Kreis) &#8211; Unfall in der Rudolf-Wild-\/Hermann-Wittmann-Stra\u00dfe<\/h4>\n\n\n\n<p>In zu engem Bogen fuhr am Donnerstag gegen 13 Uhr ein 33-j\u00e4hriger Lkw-Fahrer von der Rudolf-Wild-Stra\u00dfe in die Hermann-Wittmann-Stra\u00dfe ein. Zum selben Zeitpunkt stand an der Haltelinie ein Mitsubishi. Der Autofahrer erkannte dies rechtzeitig und fuhr mit seinem Wagen ein St\u00fcck zur\u00fcck, kollidierte aber mit einem dahinterstehenden VW Golf, der in der Folge auf einen weiteren Ford Fiesta geschoben wurde. An allen beteiligten Fahrzeugen entstanden Sch\u00e4den, den die Polizei mit mehreren tausend Euro beziffert. Gl\u00fccklicherweise \u00fcberstanden die Beteiligten den Unfall ohne Verletzungen. Auch der Lkw-Fahrer wird einer Anzeige entgegen sehen. <\/p>\n\n\n\n<h4 class=\"wp-block-heading\">(Ladenburg \/ Rhein-Neckar-Kreis) &#8211; Drei M\u00e4nner im Alter von 20 und 37 Jahren nach Einbruch in ein Wohnhaus in Untersuchungshaft<\/h4>\n\n\n\n<h4 class=\"wp-block-heading\">Gemeinsame Presseerkl\u00e4rung der Staatsanwaltschaft Mannheim und des Polizeipr\u00e4sidiums Mannheim:<\/h4>\n\n\n\n<div class=\"wp-block-image\"><figure class=\"aligncenter\"><img decoding=\"async\" src=\"https:\/\/speyer24news.com\/wp-content\/uploads\/2019\/12\/Zelle.jpg\" alt=\"\" class=\"wp-image-23580\"\/><\/figure><\/div>\n\n\n\n<p>Auf Antrag der Staatsanwaltschaft Mannheim wurde durch das Amtsgericht Mannheim Haftbefehl gegen drei M\u00e4nner, zwei im Alter von 20 und einer im Alter von 37 Jahren, mit serbischer Staatsangeh\u00f6rigkeit erlassen. Sie stehen im dringenden Verdacht, am Mittwochabend, den 12.02.2020, in ein Wohnhaus in Ladenburg eingebrochen zu sein. <\/p>\n\n\n\n<p>Die drei Tatverd\u00e4chtigen sollen gegen 18:30 Uhr das Wohnanwesen betreten haben. Um sicherzustellen, dass die Bewohner nicht im Haus sind, sollen sie an der Haust\u00fcr geklingelt haben. Als keine Reaktion erfolgte, sollen sie sich zum r\u00fcckw\u00e4rtigen Teil des Hauses begeben und zun\u00e4chst versucht haben, die Haust\u00fcr am Kellerabgang aufzuhebeln. Als dies nicht gelang, sollen sie die Katzenklappe aus der T\u00fcr herausgebrochen haben und durch die entstandene \u00d6ffnung ins Anwesen eingedrungen sein. Der Hauseigent\u00fcmer hatte auf seinem Mobiltelefon den Livestream seiner \u00dcberwachungskamera beobachtet, dabei die drei M\u00e4nner im Garten entdeckt und sofort die Polizei verst\u00e4ndigt. Die drei M\u00e4nner konnten anschlie\u00dfend durch Polizeikr\u00e4fte noch im Haus angetroffen und widerstandslos festgenommen werden. <\/p>\n\n\n\n<p>Nach der Vorf\u00fchrung der Tatverd\u00e4chtigen am Donnerstagnachmittag beim Haft- und Ermittlungsrichter des Amtsgerichts Mannheim und Er\u00f6ffnung der Haftbefehle wegen Fluchtgefahr wurden die drei M\u00e4nner in Justizvollzugsanstalten eingeliefert. <\/p>\n\n\n\n<p>Inwiefern die Tatverd\u00e4chtigen f\u00fcr weitere gleichgelagerte Straftaten in Betracht kommen, ist Gegenstand der weiteren Ermittlungen von Staatsanwaltschaft Mannheim und der Ermittlungsgruppe Eigentum bei der Kriminalpolizeidirektion Heidelberg. <\/p>\n\n\n\n<h4 class=\"wp-block-heading\">(Weinheim \/ Rhein-Neckar-Kreis) &#8211; Gartenh\u00fctte in Vollbrand \/ Ursache noch unbekannt<\/h4>\n\n\n\n<p>Am Donnerstagabend, kurz nach 20 Uhr wurde die Polizei \u00fcber den Brand einer Gartenh\u00fctte im &#8222;Neuen Burgweg&#8220; unterrichtet. Bei Eintreffen der Beamten war die Freiwillige Feuerwehr Weinheim bereits mit zwei Dutzend Wehrleuten vor Ort und l\u00f6schte das Feuer. Die Brandursache ist derzeit noch nicht gekl\u00e4rt; die Ermittlungen dauern an. Ein \u00dcbergreifen des Feuers auf benachbarte Grundst\u00fccke bzw. Geb\u00e4ude konnte zum Gl\u00fcck verhindert werden. Zeugen, die Verd\u00e4chtiges bemerkt haben, werden gebeten, sich mit dem Polizeirevier Weinheim, Tel.: 06201\/10030, in Verbindung zu setzen. <\/p>\n\n\n\n<h4 class=\"wp-block-heading\">(Hemsbach \/ Rhein-Neckar-Kreis) &#8211; Skoda in Garagenzufahrt besch\u00e4digt \/ Polizei sucht Zeugen<\/h4>\n\n\n\n<p>Einen vor einem Wohnanwesen in der Giselherstra\u00dfe geparkten Skoda besch\u00e4digten bislang noch unbekannte T\u00e4ter. Die entstandene Sachschadensh\u00f6he ist aktuell noch nicht bezifferbar. Die Gesch\u00e4digte parkte ihren Wagen Freitag, den 07.02.2020 und musste am Montagmorgen die Besch\u00e4digungen im Bereich der Sto\u00dfstange feststellen. Sie erstatte umgehend Anzeige beim \u00f6rtlichen Polizeiposten. Die Beamten nehmen unter Tel.: 06201\/71207 sachdienliche Hinweise entgegen. Das zust\u00e4ndige Polizeirevier Weinheim ist unter Tel.: 06201\/10030 zu erreichen. <\/p>\n","protected":false},"excerpt":{"rendered":"<div class=\"mh-excerpt\"><p>Polizeimeldungen vom Freitag (15.02.2020) (Speyer) &#8211; Kampagne &#8222;One Billion Rising&#8220; F\u00fcr ein Ende der Gewalt gegen Frauen und M\u00e4dchen und f\u00fcr Gleichstellung Am Valentinstag fand in Speyer, Geschirrpl\u00e4tzel die Tanzveranstaltung &#8222;One Billion Rising&#8220; statt. Bei <a class=\"mh-excerpt-more\" href=\"https:\/\/speyer24news.com\/?p=25406\" title=\"Polizei\">[&#8230;]<\/a><\/p>\n<\/div>","protected":false},"author":3,"featured_media":0,"comment_status":"open","ping_status":"open","sticky":false,"template":"","format":"standard","meta":{"_monsterinsights_skip_tracking":false,"_monsterinsights_sitenote_active":false,"_monsterinsights_sitenote_note":"","_monsterinsights_sitenote_category":0,"footnotes":""},"categories":[12],"tags":[3614,61,2555,63,105,53,4854,4683,1548,102,213,55,5261,103,106,2803,2423,427,2625,380,62,104,979,1565],"aioseo_notices":[],"amp_enabled":true,"_links":{"self":[{"href":"https:\/\/speyer24news.com\/index.php?rest_route=\/wp\/v2\/posts\/25406"}],"collection":[{"href":"https:\/\/speyer24news.com\/index.php?rest_route=\/wp\/v2\/posts"}],"about":[{"href":"https:\/\/speyer24news.com\/index.php?rest_route=\/wp\/v2\/types\/post"}],"author":[{"embeddable":true,"href":"https:\/\/speyer24news.com\/index.php?rest_route=\/wp\/v2\/users\/3"}],"replies":[{"embeddable":true,"href":"https:\/\/speyer24news.com\/index.php?rest_route=%2Fwp%2Fv2%2Fcomments&post=25406"}],"version-history":[{"count":2,"href":"https:\/\/speyer24news.com\/index.php?rest_route=\/wp\/v2\/posts\/25406\/revisions"}],"predecessor-version":[{"id":25408,"href":"https:\/\/speyer24news.com\/index.php?rest_route=\/wp\/v2\/posts\/25406\/revisions\/25408"}],"wp:attachment":[{"href":"https:\/\/speyer24news.com\/index.php?rest_route=%2Fwp%2Fv2%2Fmedia&parent=25406"}],"wp:term":[{"taxonomy":"category","embeddable":true,"href":"https:\/\/speyer24news.com\/index.php?rest_route=%2Fwp%2Fv2%2Fcategories&post=25406"},{"taxonomy":"post_tag","embeddable":true,"href":"https:\/\/speyer24news.com\/index.php?rest_route=%2Fwp%2Fv2%2Ftags&post=25406"}],"curies":[{"name":"wp","href":"https:\/\/api.w.org\/{rel}","templated":true}]}}