{"id":25422,"date":"2020-02-18T08:15:04","date_gmt":"2020-02-18T07:15:04","guid":{"rendered":"https:\/\/speyer24news.com\/?p=25422"},"modified":"2020-02-18T08:15:06","modified_gmt":"2020-02-18T07:15:06","slug":"polizei-200","status":"publish","type":"post","link":"https:\/\/speyer24news.com\/?p=25422","title":{"rendered":"Polizei"},"content":{"rendered":"<style type=\"text\/css\">\r\n\t.ads_top_disp{}\r\n\t.ads_top_corner_disp{ float:left; margin:0px 10px 10px 0px; }\r\n\t.ads_first_p_disp{}\r\n\t.ads_bottom_disp{}\r\n\t<\/style>\n<h2 class=\"wp-block-heading\">Polizeimeldungen vom Montag (17.02.2020)<\/h2>\n\n\n\n<div class=\"wp-block-image\"><figure class=\"aligncenter\"><img decoding=\"async\" src=\"https:\/\/speyer24news.com\/wp-content\/uploads\/2020\/01\/Aktuelles-Polizeilogo.jpg\" alt=\"\" class=\"wp-image-23832\"\/><\/figure><\/div>\n\n\n\n<h4 class=\"wp-block-heading\">(Speyer) &#8211; LKW kommt in einer Abfahrt von der Fahrbahn ab. Stundenlange Sperrung der Abfahrt (\u00dcberleitung)<\/h4>\n\n\n\n<p>Am 17.02.2020 gegen 12:30 Uhr befuhr ein 48 j\u00e4hriger, aus Bulgarien stammender, LKW Fahrer mit seinem unbeladenen Sattelzug am Kreuz Speyer die \u00dcberleitung von der A61 Richtung Hockenheim auf die B9 Richtung Speyer. Hierbei kam er aus bislang ungekl\u00e4rter Ursache nach links von der Fahrbahn ab. Er durchbrach mit seinem LKW die Seitenschutzplanke und kam in einer mehrere Meter tiefen Senke zum Stillstand. Der Fahrer wurde hierbei nicht verletzt, auch andere Verkehrsteilnehmer wurden nicht in Mitleidenschaft gezogen. Da der Auflieger in die \u00dcberleitung ragte, musste diese voll gesperrt werden. <\/p>\n\n\n\n<h4 class=\"wp-block-heading\">(Speyer) &#8211; Fahren unter Drogeneinfluss und ohne Versicherungsschutz<\/h4>\n\n\n\n<p>Ohne Versicherungskennzeichen und unter Drogeneinfluss unterwegs, war\nam Sonntagmittag ein 28-J\u00e4hriger Mann. Dieser wurde mit seinem \nE-Scooter von einer Polizeistreife in der Spaldinger Stra\u00dfe \nkontrolliert. Als die Beamten bei dem Fahrer drogentypische \nAuff\u00e4lligkeiten feststellten, f\u00fchrten sie mit ihm einen Urintest \ndurch. Dieser best\u00e4tigte den Verdacht: Der Fahrer stand unter dem \nEinfluss von Cannabis. Sowohl der E-Scooter als auch der F\u00fchrerschein\ndes Mannes wurden zun\u00e4chst sichergestellt. Neben einem \nOrdnungswidrigkeitenverfahren wurde auch ein Strafverfahren wegen des\nFahrens ohne Versicherungsschutz eingeleitet <\/p>\n\n\n\n<h4 class=\"wp-block-heading\">(Speyer) &#8211; Graffiti Spr\u00fcher erwischt<\/h4>\n\n\n\n<p>Eine aufmerksame Zeugin konnte am Sonntagmittag vier Jugendliche beim Graffitispr\u00fchen in der Burgstra\u00dfe beobachten. Als die Polizeibeamten eintrafen, fl\u00fcchtete die Gruppe zu Fu\u00df in Richtung Obere Langgasse. Nach einer kurzen Verfolgungsfahrt, gelang es den Polizisten, drei 15-J\u00e4hrige sowie eine 17-J\u00e4hrige zu stellen. Die Jugendlichen gestanden die Tat und m\u00fcssen sich nun wegen Sachbesch\u00e4digung verantworten. Bei der &#8222;Spr\u00fchaktion&#8220; wurde eine Wand sowie ein PKW beschmiert. Der hierdurch entstandene Sachschaden wird auf ca. 5000 EUR gesch\u00e4tzt.<\/p>\n\n\n\n<h4 class=\"wp-block-heading\">(Dannstadt-Schauernheim) &#8211; Mit mehr als 2 Promille mit dem Fahrrad unterwegs<\/h4>\n\n\n\n<p>Am Sonntag, 16.02.20, kontrollierten Beamte der Polizeiinspektion Schifferstadt gegen 18:30 Uhr in der Angelstra\u00dfe einen 51-j\u00e4hrigen Fahrradfahrer, weil dieser ohne Licht fuhr. W\u00e4hrend der Kontrolle stellten die Beamten fest, dass der Mann stark betrunken war und sich kaum auf den Beinen halten konnte. Ein Atemalkoholtest ergab einen Wert von \u00fcber 2 Promille. Dem Mann wurde eine Blutprobe entnommen. Die Weiterfahrt mit dem Fahrrad wurde ihm untersagt. Den 51-J\u00e4hrigen erwartet nun ein Strafverfahren wegen Trunkenheit im Verkehr. Die F\u00fchrerscheinstelle wurde ebenfalls informiert.<\/p>\n\n\n\n<h4 class=\"wp-block-heading\">(Harthausen) &#8211; Drogenfund bei Personenkontrolle<\/h4>\n\n\n\n<p>Am sp\u00e4ten Sonntagabend wurde in der Raiffeisenstra\u00dfe in Harthausen mit einem 17-J\u00e4hrigen eine Personenkontrolle durchgef\u00fchrt. Hierbei fanden die Beamten bei dem Jugendlichen ein T\u00fctchen mit Marihuana. Die Drogen wurden sichergestellt und ein Strafverfahren eingeleitet.<\/p>\n\n\n\n<h4 class=\"wp-block-heading\">(Germersheim) &#8211; Randalierer \u00fcbernachtet in der Zelle<\/h4>\n\n\n\n<p>Weil sich ein Gast in einer Gastst\u00e4tte am Paradeplatz in Germersheim nicht benehmen wollte, wurde in der Nacht zum Sonntag gegen 03.15h die Polizei hinzugerufen. Auch hier wollte sich der stark alkoholisierte Gast nicht beruhigen, sodass er zur Ausn\u00fcchterung in einer Zelle der Polizei schlafen musste. <\/p>\n\n\n\n<h4 class=\"wp-block-heading\">(H\u00f6rdt) &#8211; Motorradunfall ohne F\u00fchrerschein mit Verletzten<\/h4>\n\n\n\n<p>Am Sonntag gegen 17.10h st\u00fcrzte ein 20-j\u00e4hriger Leichtkraftfahrer am Ortseingang H\u00f6rdt von Sondernheim kommend. Vermutlich wegen nicht angepasster Geschwindigkeit kam er an der Verschwenkung des Fahrbahnteilers nach rechts von der Fahrbahn ab und fuhr gegen einen Leitpfosten. Die 19-j\u00e4hrige Sozia zog sich bei dem Sturz Verletzungen am Arm und am Becken zu. Sie wurde zur Sicherheit vom Rettungsdienst in ein Krankenhaus gebracht. Der Fahrer selbst trug Verletzungen an der Schulter davon. Wie sich zudem herausstellte, war der Fahrer nicht im Besitz einer Fahrerlaubnis f\u00fcr das Leichtkraftrad. Die beiden Verletzten trugen einen Helm, aber keine Schutzkleidung. Die Polizei weist darauf hin, dass beim Motorradfahren ordentliche Schutzkleidung unerl\u00e4sslich ist. <\/p>\n\n\n\n<h4 class=\"wp-block-heading\">(Bad Bergzabern) &#8211; Pkw und Mauer mit schwarzer Farbe beschmiert<\/h4>\n\n\n\n<p>Vermutlich in der Nacht von Samstag auf Sonntag, 15.\/16.02.2020, wurde im Maxburgring 9, die Motorhaube eines Pkw Fiat 290 mit schwarzer Farbe beschmiert. In der Lessingstra\u00dfe bespr\u00fchten bislang unbekannte T\u00e4ter die Hofmauer eines Anwesens mit schwarzer Farbe. Hinweise zu beiden F\u00e4llen nimmt die Polizeiinspektion Bad Bergzabern unter 06343-93340 oder per E-Mail unter <a href=\"mailto:pibadbergzabern@polizei.rlp.de\">pibadbergzabern@polizei.rlp.de<\/a> entgegen. <\/p>\n\n\n\n<h4 class=\"wp-block-heading\">(Landau) &#8211; Angriff auf Polizeibeamte<\/h4>\n\n\n\n<p>Zum Einsatz des Distanzelektroimpulsger\u00e4ts (kurz: &#8222;Taser&#8220;) kam es am sp\u00e4ten Montagnachmittag gegen 18:00 Uhr im Bereich der Horststra\u00dfe in Landau. Ersten Ermittlungen zu Folge bedrohte ein 32 Jahre alter Mann aus dem Kreis Germersheim seine 25 Jahre alte Lebensgef\u00e4hrtin, die sich zuvor aus der gemeinsamen Wohnung im Bereich Germersheim zu einer Freundin nach Landau fl\u00fcchtete. Bei Eintreffen der Streifen zeigte er sich k\u00f6rperlich aggressiv und versuchte, die Beamten anzugreifen. Der Angriff wurde durch den Einsatz des Tasers unterbunden. Der Mann konnte festgenommen und in Gewahrsam verbracht werden. Bei der Durchsuchung wurde zudem ein Schlagring aufgefunden. Neben einer Anzeige wegen Bedrohung und des Versto\u00dfes gegen das Waffengesetz, erwartet ihn ein Ermittlungsverfahren wegen des t\u00e4tlichen Angriffs auf Vollstreckungsbeamte. <\/p>\n\n\n\n<h4 class=\"wp-block-heading\">(Landau) &#8211; In Bankfiliale ausgeraubt<\/h4>\n\n\n\n<p>Am Freitag, 14.02.2020 gegen 19:05 Uhr, befand sich eine 60-j\u00e4hrige Frau in einer Sparkassenfiliale in der Horststra\u00dfe in Landau und wollte Geld abheben. Nachdem die Frau gerade Geld abgehoben hatte, trat ein bislang unbekannter m\u00e4nnlicher T\u00e4ter an sie heran und verlangte das Aush\u00e4ndigen des Geldes. W\u00e4hrend der maskierte Mann die Gesch\u00e4digte bedrohte, hielt er einen bislang unbekannten Gegenstand in der Hand, um seiner Forderung Nachdruck zu verleihen. Die Gesch\u00e4digte h\u00e4ndigte dem T\u00e4ter Bargeld aus, woraufhin dieser die Bankfiliale z\u00fcgig wieder verlie\u00df. Eine polizeiliche Nahbereichsfahndung blieb ohne Erfolg. Die Kriminalpolizei Landau hat Ermittlungen aufgenommen und sucht den T\u00e4ter, der wie folgt beschrieben wird: <\/p>\n\n\n\n<p>M\u00e4nnlicher T\u00e4ter, <\/p>\n\n\n\n<ul><li>ca. 170 bis 180 cm gro\u00df,<\/li><li>helle Haut, <\/li><li>ca. 30 bis 40 Jahre alt, <\/li><li>bekleidet mit dunkler Jogginghose mit wei\u00dfen Streifen oder Rei\u00dfverschluss, dunkler Parka mit Kapuze, Gesicht vermummt und sprach pf\u00e4lzischen Dialekt. <\/li><\/ul>\n\n\n\n<p>Hinweise nimmt die Kriminalinspektion Landau unter 06341\/2870 oder <a href=\"mailto:kilandau@polizei.rlp.de\">kilandau@polizei.rlp.de<\/a> entgegen. <\/p>\n\n\n\n<h4 class=\"wp-block-heading\">(Siebeldingen \/ L 508) &#8211; Verkehrsunfall mit schwer verletztem Motorradfahrer<\/h4>\n\n\n\n<p>Am 16.2.20, gegen 15.20 Uhr, verlor ein auf der Landstra\u00dfe von Frankweiler nach Siebeldingen fahrender 62-j\u00e4hriger Motorradfahrer die Kontrolle \u00fcber sein Motorrad. Er kam nach rechts von der Fahrbahn ab. Der Motorradfahrer musste nach der Erstversorgung mittels eines Rettungshubschraubers in ein Karlsruher Krankenhaus verbracht werden. Am Motorrad entstand ein Sachschaden von ca. 2000.&#8211;EUR. <\/p>\n\n\n\n<h4 class=\"wp-block-heading\">(Edenkoben) &#8211; Mit Kr\u00fccken auf Polizisten geschlagen<\/h4>\n\n\n\n<p>Sonntagabend (16.02.) musste die Polizei Edenkoben zu einem 85 Jahre alten Mann fahren, der sich \u00e4u\u00dferst aggressiv gegen\u00fcber seinen Familienmitgliedern zeigte und sich schlie\u00dflich im Wohnzimmer verbarrikadierte. Die Scharniere einer Glast\u00fcr mussten durch die Polizei gel\u00f6st werden, um ins Wohnzimmer zu gelangen. Bei Betreten des Raumes schlug der Mann dann unentwegt mit seinen Kr\u00fccken auf die Beamten ein, bis diese ihm abgenommen werden konnten. Aufgrund seines weiteren aggressiven Zustandes und fehlender notwendiger Medikamenteneinnahme wurde die Person mit Hilfe des DRK in ein Krankhaus gefahren. Ein Beamter wurde bei dem Einsatz leicht verletzt, konnte seinen Dienst aber weiter verrichten. <\/p>\n\n\n\n<h4 class=\"wp-block-heading\">(Neustadt) &#8211; &#8222;Nachtanken&#8220; verl\u00e4uft unplanm\u00e4\u00dfig<\/h4>\n\n\n\n<p>Als ein 54-j\u00e4hriger Neustadter am 16.02.2020 an einer Tankstelle im Stadtgebiet um 11:00 Uhr zwei Flaschen Bier kaufen wollte, gestaltete sich f\u00fcr ihn die Situation dahingehend ung\u00fcnstig, als dass pl\u00f6tzlich direkt hinter ihm eine Polizeibeamtin in der Schlange stand. Denn sie konnte aufgrund des Allgemeinzustandes und speziell des Geruchs folgern, dass der 54-J\u00e4hrige bereits zuvor Alkohol genossen haben musste. Als der Kunde, nach dem Bezahlen, dann auch noch im Begriff war, sein Fahrrad zu nutzen, wurde er auf die polizeilichen Feststellungen angesprochen. Er belie\u00df sein Fahrrad, nach der Ansprache, gesichert vor Ort und musste sich zu Fu\u00df auf seinen weiteren Weg machen. <\/p>\n\n\n\n<h4 class=\"wp-block-heading\">(Bad D\u00fcrkheim) &#8211; Unter Drogeneinfluss Pkw gef\u00fchrt<\/h4>\n\n\n\n<p>Am 17.02.2020, gegen 01:00 Uhr, wurde ein Pkw-Fahrer in der Bruchstra\u00dfe einer allgemeinen Verkehrskontrolle unterzogen. Hierbei wurden bei dem 50-j\u00e4hrigen Fahrzeugf\u00fchrer Hinweise auf Drogenkonsum festgestellt. Ein freiwillig durchgef\u00fchrter Drogenvortest verlief im Hinblick auf den Konsum von Amphetamin und Cannabis positiv. Dem 50-J\u00e4hrigen wurde auf der Dienststelle eine Blutprobe entnommen. <\/p>\n\n\n\n<p>Der Erstversto\u00df wird mit 500,- Euro Bu\u00dfgeld, zwei Punkten in Flensburg und einem Monat Fahrverbot geahndet. <\/p>\n\n\n\n<h4 class=\"wp-block-heading\">(Bad D\u00fcrkheim) &#8211; Pkw-Fahrer stand unter Alkoholeinfluss<\/h4>\n\n\n\n<p>Am 15.02.2020, gegen 23:30 Uhr, wurde ein Pkw-Fahrer in der Leistadter Stra\u00dfe einer allgemeinen Verkehrskontrolle unterzogen. Bei der Kontrolle wurde Alkoholgeruch in der Atemluft des 56-j\u00e4hrigen Fahrzeugf\u00fchrers festgestellt. Ein freiwillig durchgef\u00fchrter Atemalkoholtest ergab einen Wert von ca. 0,9 Promille. Den 56-J\u00e4hrigen erwartet nun eine Ordnungswidrigkeitenanzeige. Der Erstversto\u00df wird mit 500,- Euro Bu\u00dfgeld, zwei Punkten in Flensburg und einem Monat Fahrverbot geahndet. <\/p>\n\n\n\n<h4 class=\"wp-block-heading\">(Bad D\u00fcrkheim) &#8211; Laserkontrolle<\/h4>\n\n\n\n<p>Am 14.02.2020 wurde in der Zeit von 18:40 &#8211; 19:10 Uhr in der Mozartstra\u00dfe eine Laserkontrolle durchgef\u00fchrt, da nach Mitteilung von B\u00fcrgern in der Mozartstra\u00dfe schneller als die erlaubten 30 km\/h gefahren werde. Bei m\u00e4\u00dfigen Verkehrsaufkommen wurde ein Verkehrsteilnehmer festgestellt, der 47 km\/h gefahren war. Dieser Versto\u00df wurde mit einen Verwarnungsgeld von 35,- Euro sanktioniert. Dar\u00fcber hinaus wurden zwei Fahrzeugf\u00fchrer angetroffen, deren Fahrzeugbeleuchtung M\u00e4ngel aufwies. Ihnen wurde jeweils ein M\u00e4ngelbericht ausgeh\u00e4ndigt. <\/p>\n\n\n\n<h4 class=\"wp-block-heading\">(Gr\u00fcnstadt) &#8211; Personenkontrollen im Bereich Hauptbahnhof und im Bereich Alla-Hopp-Anlage<\/h4>\n\n\n\n<p style=\"text-align:center\"><strong> 1. Personenkontrolle <\/strong><\/p>\n\n\n\n<p>Am Montag, den 17.02.2020 konnten Beamte der Polizeiinspektion Gr\u00fcnstadt gegen 12.45 Uhr zwei amtsbekannte 27- und 31-j\u00e4hrige M\u00e4nner auf dem Verbindungsweg zwischen Hauptbahnhof und Alla-Hopp-Anlage feststellen und einer Personenkontrolle unterziehen. Bei beiden M\u00e4nnern konnten bei der Durchsuchung Drogen (Haschisch und Amphetamin) aufgefunden und sichergestellt werden. Die entsprechenden Strafanzeigen wegen des Versto\u00dfes gegen das Bet\u00e4ubungsmittelgesetz wurden gefertigt. Au\u00dferdem erhielten die M\u00e4nner Platzverweise. <\/p>\n\n\n\n<p style=\"text-align:center\"><strong>2. Personenkontrolle <\/strong><\/p>\n\n\n\n<p>Um 19.45 Uhr wurde eine Personengruppe von 11 Personen im Alter von 17-31 Jahren, die sich im Bahnhofsbereich und Verbindungsweg zur Alla-Hopp-Anlage aufhielten durch Kr\u00e4fte der Polizeiinspektion Gr\u00fcnstadt festgestellt und einer Personenkontrolle zugef\u00fchrt. Da mehrere Personen Erkenntnisse wegen des Versto\u00dfes gegen das Bet\u00e4ubungsmittelgesetzes hatten, wurden entsprechende Durchsuchungsma\u00dfnahmen durchgef\u00fchrt. Dabei konnte bei einem 31-J\u00e4hrigen ein sogenanntes Springmesser aufgefunden werden. Das entsprechende Verfahren wegen des Versto\u00dfes gegen das Waffengesetz wurde eingeleitet. Weiterhin erhielten alle Personen einen Platzverweis. <\/p>\n\n\n\n<h4 class=\"wp-block-heading\">(Maxdorf \/ Frankenthal) &#8211; N\u00f6tigung und Gef\u00e4hrdung im Stra\u00dfenverkehr\/Amtsanma\u00dfung<\/h4>\n\n\n\n<p>Am 16.02.2020 gegen 15:11Uhr meldet ein 26-j\u00e4hriger Pkw-Fahrer aus Frankenthal, dass er mit seinem grauen Mazda die L 527 von Maxdorf aus in Richtung Oggersheim bef\u00e4hrt. Ein 33-j\u00e4hriger Mann aus Ellerstadt f\u00e4hrt mit seiner schwarzen Mercedes A-Klasse hinter dem Mazda. Kurz nach Befahren der dortigen Br\u00fccke habe der bislang hinter dem Mazda-Fahrer fahrende Mercedes-Fahrer mit seinem PKW zum \u00dcberholen angesetzt und hierf\u00fcr den Fahrstreifen des Gegenverkehrs befahren. Beide Fahrzeugf\u00fchrer haben nun im Gegenverkehr einen weiteren PKW (vermutlich silberner Mercedes SLK\/CLK) wahrgenommen. Um den \u00dcberholvorgang zu beenden, wollte die A-Klasse weiter beschleunigen. Der Mazda-Fahrer wiederum beschleunigte, um dem Mercedes-Fahrer ein gefahrloses Wiedereinscheren zu erm\u00f6glichen. Schlie\u00dflich beendet die A-Klasse den \u00dcberholvorgang, bremst den Mazda anschlie\u00dfend absichtlich auf 30 km\/h aus und bringt ein Blaulicht an dem Fahrzeugdach an. Dem Mazda-Fahrer kommt dies suspekt vor, weshalb er die Polizei verst\u00e4ndigt, die beide Fahrzeugf\u00fchrer anschlie\u00dfend einer Verkehrskontrolle unterziehen kann. <\/p>\n\n\n\n<p>Der Mercedes-Fahrer gibt an, das Blaulicht im Rahmen eines Junggesellenabschieds geschenkt bekommen zu haben. Er wisse, dass dies eine &#8222;dumme Idee&#8220; gewesen sei. Das Blaulicht kann in einem nahegelgegen Geb\u00fcsch aufgefunden und sichergestellt werden. Gegen den Mercedes-Fahrer wird ein Strafverfahren wegen des Verdachts der Stra\u00dfenverkehrsgef\u00e4hrdung, N\u00f6tigung im Stra\u00dfenverkehr und Amtsanma\u00dfung eingeleitet. <\/p>\n\n\n\n<p>Zeugen werden gebeten sich an die Polizeiinspektion Frankenthal unter der Tel.-Nr.: 06233\/313-0 oder an die Polizeiwache Maxdorf unter der Tel.-Nr.: 06237\/934-100 zu wenden. Gerne nehmen wir Ihre Hinweise auch per E-Mail unter  <a href=\"mailto:pifrankenthal@polizei.rlp.de\">pifrankenthal@polizei.rlp.de<\/a> entgegen.<\/p>\n\n\n\n<h4 class=\"wp-block-heading\">(Ludwigshafen) &#8211; Verkehrsunfall unter Alkoholeinfluss \/ Zeugenaufruf<\/h4>\n\n\n\n<p>Am 17.02.2020 gegen 16:20 Uhr, kam der Fahrer eines schwarzen PKW, ein BMW 5er, in der Sudetenstra\u00dfe, aus Richtung Oggersheim-Melm kommend, nach rechts von der Fahrbahn ab und verursachte einen Verkehrsunfall. Beide von der Polizei festgestellten Fahrzeuginsassen standen unter Alkoholeinfluss. Bei dem Verkehrsunfall wurde niemand verletzt. Der Schaden an dem hochwertigen Fahrzeug wird auf mindestens 50.000 EUR gesch\u00e4tzt. <\/p>\n\n\n\n<p>Die Polizei sucht Zeugen, die Angaben zum Unfallhergang und den Fahrer des unfallbeteiligten BMW beschreiben k\u00f6nnen. <\/p>\n\n\n\n<p>Sachdienliche Hinweise bitte an die Polizeiwache Oggersheim unter 0621 963-2403 oder per E-Mail an <a href=\"mailto:pwoggersheim@polizei.rlp.de\">pwoggersheim@polizei.rlp.de<\/a> . <\/p>\n\n\n\n<h4 class=\"wp-block-heading\">(Pr\u00e4sidiumsbereich Ludwigshafen) &#8211; #SturmtiefVictoria \/ Bilanz 6 Uhr<\/h4>\n\n\n\n<p>Das Sturmtief Victoria zog in der Nacht vom Sonntag, 16.02.2020, auf Montag, 17.02.2020, auch \u00fcber den Bereich des Polizeipr\u00e4sidiums Rheinpfalz hinweg. <\/p>\n\n\n\n<p>Im gesamten Pr\u00e4sidialbereich kam es lediglich zu 19 polizeilichen Eins\u00e4tzen, bei denen wir fast ausschlie\u00dflich \u00fcber umgewehte Z\u00e4une und Schilder oder Windbruch informiert wurden. <\/p>\n\n\n\n<p>Der Schwerpunkt der Ereignisse lag im Bereich der Polizeidirektion Neustadt. Als Sachschaden in H\u00f6he von ca. 500 Euro wurde nur ein besch\u00e4digter Zaun bekannt. <\/p>\n\n\n\n<p>Im Bereich der Polizeidirektion Ludwigshafen wurde ein Scheunendach heruntergeweht, was einen Sachschaden von rund 30.000 Euro verursachte. <\/p>\n\n\n\n<p>Ansonsten wurden keine nennenswerten weiteren Sachsch\u00e4den bekannt. <\/p>\n\n\n\n<p>Zu Personensch\u00e4den kam es nicht. <\/p>\n\n\n\n<h4 class=\"wp-block-heading\">(Ludwigshafen) &#8211; In Kleingarten eingebrochen<\/h4>\n\n\n\n<p>Zwischen dem 08.02.2020, 16 Uhr, und dem 16.02.2020, 16 Uhr, verschafften sich bislang unbekannte T\u00e4ter Zugang zu einem Kleingarten im &#8222;Am Riedsaumpark&#8220;. Dort entwendeten sie Gartenger\u00e4te im Wert von mehreren hundert Euro. <\/p>\n\n\n\n<p>Zeugen, die den Vorfall beobachtet haben, werden gebeten, sich bei der Polizeiinspektion Ludwigshafen 2 unter der Telefonnummer 0621 963-2222 oder per E-Mail <a href=\"mailto:piludwigshafen2@polizei.rlp.de\">piludwigshafen2@polizei.rlp.de<\/a> zu melden. <\/p>\n\n\n\n<h4 class=\"wp-block-heading\">(Ludwigshafen) &#8211; Betrugsversuch \/ 2 M\u00e4nner in Untersuchungshaft<\/h4>\n\n\n\n<p>Am Samstag (15.02.2020) versuchten zwei M\u00e4nner mittels Bestellbetrugs an ein hochwertiges Mobiltelefon im Wert von knapp 1.000 Euro zu gelangen. Sie bestellten unter fremdem Namen das Telefon und wollten es direkt vom Kurierfahrer an seinem Lieferfahrzeug in Empfang nehmen. Dieser verweigerte jedoch die Herausgabe und informierte die Polizei. Bei den Fahndungsma\u00dfnahmen konnten ein 24-J\u00e4hriger aus Leipzig und ein 25-J\u00e4hriger aus Ludwigshafen vorl\u00e4ufig festgenommen werden. Die weiteren Ermittlungen ergaben, dass auch am Vortag auf betr\u00fcgerische Weise versucht worden war, ein hochwertiges Mobiltelefon zu erlangen. Die Tatverd\u00e4chtigen wurden einem Haftrichter vorgef\u00fchrt, der auf Antrag der Staatsanwaltschaft Frankenthal Untersuchungshaftbefehl wegen versuchten gewerbsm\u00e4\u00dfigen Betrugs erlie\u00df. Die Beiden kamen in eine Justizvollzuganstalt.<\/p>\n\n\n\n<h4 class=\"wp-block-heading\">(Ludwigshafen) &#8211; Zeugen von Unfall gesucht<\/h4>\n\n\n\n<p>Im Kreisel am Ruthenlatz kam es am Nachmittag des 14.02.2020, gegen 15 Uhr, zu einem Verkehrsunfall zwischen einem bislang unbekannten Fahrradfahrer und einer 20-j\u00e4hrigen Autofahrerin. Nach derzeitigem Ermittlungsstand hatte der Fahrradfahrer beim Einfahren in den Kreisel die Vorfahrt der 20-J\u00e4hrigen missachtet. Es kam zum Zusammensto\u00df und der Fahrradfahrer st\u00fcrzte. Danach entfernte er sich unerlaubt vom Unfallort. <\/p>\n\n\n\n<p>Zeugen, die etwas zum Unfallhergang oder dem Fahrradfahrer sagen k\u00f6nnen, werden gebeten, sich bei der Polizeiinspektion Ludwigshafen 2 unter der Telefonnummer 0621 963-2222 oder per E-Mail <a href=\"mailto:piludwigshafen2@polizei.rlp.de\">piludwigshafen2@polizei.rlp.de<\/a> zu melden. <\/p>\n\n\n\n<h4 class=\"wp-block-heading\">(Ludwigshafen) &#8211; 56-J\u00e4hriger angegriffen \/ Zeugen gesucht<\/h4>\n\n\n\n<p>Am Donnerstagabend (13.02.2020), ca. 23:30 Uhr, wurde ein 56-J\u00e4hriger in der Bismarckstra\u00dfe zwischen Kaiser-Wilhelm-Stra\u00dfe und Bahnhofstra\u00dfe von einem Unbekannten angegriffen und mehrfach geschlagen und getreten. Hierbei st\u00fcrzte er zu Boden. Als der Gesch\u00e4digte um Hilfe schrie, lie\u00df der T\u00e4ter von ihm ab und ging in Richtung Rathauscenter davon. <\/p>\n\n\n\n<p>Der T\u00e4ter wird folgenderma\u00dfen beschrieben: <\/p>\n\n\n\n<ul><li>Ca. 20-25 Jahre alt<\/li><li>Bekleidet mit Kapuzenjacke (Kapuze war \u00fcber den Kopf gezogen) und Sportkleidung <\/li><\/ul>\n\n\n\n<p>Der Gesch\u00e4digte wurde verletzt und wurde in einem Krankenhaus behandelt. Er erlitt Sch\u00fcrfwunden im Gesicht, verlor einen Eckzahn, Hand- und Fu\u00dfgelenk sind gebrochen. <\/p>\n\n\n\n<p>Wir suchen dringend Zeugen, die Hinweise zum Tatablauf und zum T\u00e4ter geben k\u00f6nnen. Wer hat Personen am Donnerstabend gegen 23:30 Uhr in der Bismarckstra\u00dfe bzw. im Bereich des Rathauscenters gesehen, auf die o.g. Beschreibung passt? Hinweise bitte an die Polizeiinspektion Ludwigshafen 1, Telefonnummer 0621 963-2122 oder per E-Mail <a href=\"mailto:piludwigshafen1@polizei.rlp.de\">piludwigshafen1@polizei.rlp.de<\/a> . <\/p>\n\n\n\n<h4 class=\"wp-block-heading\">(Mannheim) &#8211; Autodiebstahl in der Neckarstadt<\/h4>\n\n\n\n<p>Einen in der Langstra\u00dfe im Mannheimer Stadtteil Neckarstadt geparkten Mercedes stahlen am Samstag bislang unbekannte T\u00e4ter. Die Gesch\u00e4digte hatte ihren Wagen, an dem die Kennzeichen HD-IN 9801 angebracht sind, zwischen 17 und 22.30 Uhr in H\u00f6he des Anwesens Nr. 95 geparkt. Der Zeitwert des Wagens liegt bei \u00fcber 15.000 Euro. Bisherige \u00dcberpr\u00fcfungen verliefen allesamt ohne Ergebnis. Zeugen, die Hinweise zum Diebstahl bzw. Verbleib des Mercedes geben k\u00f6nnen, werden gebeten, sich bei der Kriminalpolizeidirektion Heidelberg, Tel.: 0621\/174-4444, zu melden. <\/p>\n\n\n\n<h4 class=\"wp-block-heading\">(Mannheim) &#8211; Scheibe von Baustellenfahrzeug eingeworfen \/ Sach- und Diebstahlsschaden von weit \u00fcber 5.000 Euro &#8211; Zeugen gesucht<\/h4>\n\n\n\n<p>Die Heckscheibe eines Baustellenfahrzeugs, welches in der Zeit zwischen Freitagnachmittag und Samstagmorgen im Bereich einer Gro\u00dfbaustelle in den T-Quadraten abgestellt war, schlugen bislang unbekannte T\u00e4ter ein und lie\u00dfen mehrere Bohrmaschinen mitgehen. Am Samstagmorgen bemerkten Arbeiter den Diebstahl und alarmierten die Polizei. Bisherigen Angaben zufolge schl\u00e4gt der Schaden mit \u00fcber 5.000 Euro zu Buche. Zeugen, die in dieser Zeit verd\u00e4chtige Beobachtungen gemacht haben, werden gebeten, sich mit dem Polizeirevier Mannheim-Innenstadt, Tel.: 0621\/1258-0, in Verbindung zu setzen. <\/p>\n\n\n\n<h4 class=\"wp-block-heading\">(Mannheim-K\u00e4fertal) &#8211; Werkzeuge aus VW Transporter gestohlen \/ Wer kann Hinweise geben ?<\/h4>\n\n\n\n<p>In der Zeit zwischen Samstagnachmittag und Montagmorgen schlugen bislang nicht ermittelte T\u00e4ter die Heckscheibe eines in der Stra\u00dfe &#8222;Frischer Mut&#8220; im Mannheimer Stadtteil K\u00e4fertal ein und entwendeten verschiedene Werkzeuge. Der Gesamtwert der Arbeitsger\u00e4te d\u00fcrfte sich ersten Angaben zufolge auf fast 5.000 Euro belaufen. In welcher H\u00f6he Schaden am Fahrzeug entstand, ist derzeit noch nicht gekl\u00e4rt. Zeugen, die Hinweise hierzu geben k\u00f6nnen, werden gebeten, sich mit dem Polizeirevier Mannheim-K\u00e4fertal, Tel.: 0621\/71849-0, in Verbindung zu setzen. <\/p>\n\n\n\n<h4 class=\"wp-block-heading\">(Mannheim-Sandhofen) &#8211; 17-J\u00e4hriger wird handgreiflich gegen Polizeibeamte<\/h4>\n\n\n\n<p>Am Sonntagmorgen wurde ein 17-j\u00e4hriger Jugendlicher im Stadtteil Sandhofen handgreiflich gegen\u00fcber Polizeibeamten. Polizeibeamte wurden kurz nach 08:00 Uhr aufgrund einer Ruhest\u00f6rung in den Albert-Schweitzer-Park gerufen. Dabei konnten zwei junge Leute im Alter von 17 und 20 Jahren angetroffen werden. Beide wurden aufgefordert, die \u00d6rtlichkeit zu verlassen, was diese auch taten. Wenig sp\u00e4ter kamen den Beamten die beiden auf einem Motorroller im Oppauer Kreuzweg entgegen. Beide trugen keinen Helm. Beim Erblicken des Polizeifahrzeugs versuchte der 17-j\u00e4hrige Fahrer des Rollers zu fl\u00fcchten und kam beim Einbiegen in die Bartholom\u00e4usstra\u00dfe ins Schleudern und st\u00fcrzte mit dem Roller schlie\u00dflich auf die Fahrbahn. Der 17-J\u00e4hrige wollte sogleich wieder die Flucht ergreifen, konnte jedoch von einem Beamten am Arm festgehalten werden. Der Jugendliche wollte sich wieder losrei\u00dfen und schlug nach dem Polizisten. Er konnte schlie\u00dflich auf den Boden gebracht werden, wo er mit den Fersen nach den Beamten trat. Er konnte schlie\u00dflich \u00fcberw\u00e4ltigt und zum Polizeirevier Sandhofen gebracht werden. W\u00e4hrend des Transports und auch auf dem Revier beleidigte er die Ordnungsh\u00fcter mit unfl\u00e4tigen Worten. <\/p>\n\n\n\n<p>Ein Alkoholtest ergab einen Wert von \u00fcber 1,5 Promille. Dar\u00fcber hinaus machte er den Eindruck unter Drogeneinfluss zu stehen. Ihm wurde eine Blutprobe entnommen. Im Zuge der weiteren Ermittlungen ergab sich, dass der 17-J\u00e4hrige nicht im Besitz der erforderlichen Fahrerlaubnis war. <\/p>\n\n\n\n<p>Gegen den 17-J\u00e4hrigen wird nun wegen Stra\u00dfenverkehrsgef\u00e4hrdung, Fahrens ohne Fahrerlaubnis sowie t\u00e4tlichen Angriff auf Polizeibeamten ermittelt. <\/p>\n\n\n\n<h4 class=\"wp-block-heading\">(Heidelberg) &#8211; Diebstahl aus geparktem Fahrzeug \/ Hinweise an die Polizei<\/h4>\n\n\n\n<p>Aus einem nicht verschlossenen Mercedes, C-Klasse, der am Freitag zwischen 11 und 18 Uhr in der Poststra\u00dfe in H\u00f6he des Anwesens Nr. 2 geparkt war, stahlen bislang unbekannte T\u00e4ter verschiedene Gegenst\u00e4nde. Darunter befanden sich u.a. ein Laptop, zwei Herrenanz\u00fcge, Schuhe und auch Bargeld. Die Gesamtdiebstahlsh\u00f6he betr\u00e4gt mehrere tausend Euro. Zeugen, die zur fraglichen Zeit verd\u00e4chtige Beobachtungen gemacht haben, werden gebeten, Kontakt mit dem Polizeirevier Heidelberg-Mitte, Tel.: 06221\/99-1700, aufzunehmen. <\/p>\n\n\n\n<h4 class=\"wp-block-heading\">(Heidelberg-Kirchheim) &#8211; Unbekannte T\u00e4ter klauen Kleidungsst\u00fccke und verteilen diese auf dem Friedhof \/ Polizei sucht Zeugen<\/h4>\n\n\n\n<p>Wegen eines Diebstahls wurde am Samstagvormittag, gegen 10.30 Uhr das Polizeirevier Heidelberg-S\u00fcd verst\u00e4ndigt. Aus der Wohnung des Gesch\u00e4digten im Heuauer Weg hatten Unbekannte zahlreiche Kleidungsst\u00fccke gestohlen und diese im Hof des Anwesens sowie auf dem Friedhof verteilt. Nach derzeitigem Erkenntnisstand m\u00fcssen die Kleidungsst\u00fccke mit einer gro\u00dfen Tasche, entweder einer Sport- oder Reisetasche, abtransportiert worden sein. <\/p>\n\n\n\n<p>Zeugen, die verd\u00e4chtige Wahrnehmungen gemacht haben und sachdienliche Hinweise geben k\u00f6nnen, werden gebeten, sich beim Kriminaldauerdienst der Kriminalpolizeipolizeidirektion Heidelberg, Tel.: 0621\/174-4444 zu melden. <\/p>\n\n\n\n<h4 class=\"wp-block-heading\">(Heidelberg \/ Leimen \/ Gaiberg \/ Rhein-Neckar-Kreis) &#8211; Polizei ermittelt wegen Gef\u00e4hrdung des Stra\u00dfenverkehrs und bittet dringend um Hinweise<\/h4>\n\n\n\n<p>Die Beamten des Polizeireviers Neckargem\u00fcnd suchen dringend Zeugen zu einem Vorfall, der sich am sp\u00e4ten Samstagabend kurz nach 22 Uhr in der Rohrbacher Stra\u00dfe und weiter auf der L 600 in Richtung Gaiberg ereignet hat. <\/p>\n\n\n\n<p>Ein VW Golf-Fahrer befuhr zun\u00e4chst die Rohrbacher Stra\u00dfe und bog auf die L 600 ab. Kurz nach dem Abbiegevorgang wurde er allerdings von dem Fahrer eines roten Ford Fiesta trotz Gegenverkehrs \u00fcberholt. Nur durch eine Vollbremsung und eines Ausweichman\u00f6vers konnte er einen Unfall verhindern. Am Ortsausgang Lingenthal bremste der Ford-Fahrer dann erneut abrupt ab, so dass der VW-Fahrer wieder eine Vollbremsung einleiten musste. Daraufhin alarmierte er die Neckargem\u00fcnder Polizei. Gl\u00fccklicherweise \u00fcberstanden der VW-Fahrer wie auch seine beiden Insassen die Vorf\u00e4lle ohne Verletzungen. <\/p>\n\n\n\n<p>Der Fahrer des Ford hatte lange Haare, war von schlanker Statur und trug eine Brille. <\/p>\n\n\n\n<p>Ein Kennzeichen liegt der Polizei vor; die Ermittlungen diesbez\u00fcglich dauern jedoch noch an. Verkehrsteilnehmer, insbesondere aber der entgegenkommende Autofahrer, die Hinweise zu dem Ford geben k\u00f6nnen, werden gebeten, sich unter Tel.: 06223\/9254-0, zu melden.<\/p>\n\n\n\n<h4 class=\"wp-block-heading\">(Rauenberg \/ Rhein-Neckar-Kreis) &#8211; Alkoholisierter Autofahrer richtet Schaden von mehreren tausend Euro an&#8230;<\/h4>\n\n\n\n<p>Mehrere Autos sowie die Hecke eines Anwesens besch\u00e4digte ein 31-J\u00e4hriger bei seiner Autofahrt am Samstagabend gegen 21 Uhr. Zun\u00e4chst hatte er bei seiner Fahrt in der Wieslocher Stra\u00dfe in Fahrtrichtung M\u00fchlhausen einen Wagen \u00fcberholt und diesen dann beim Wiedereinscheren touchiert. Der Wagen kam nach rechts von der Fahrbahn ab, \u00fcberfuhr eine Gr\u00fcnfl\u00e4che, streifte einen Baum und prallte gegen eine Hecke. Ein dahinter geparkter Wagen wurde ebenfalls in Mitleidenschaft gezogen, so dass Gesamtschaden von mindestens 7.000 Euro entstand. <\/p>\n\n\n\n<p>Der junge Mann setzte zun\u00e4chst unbeeindruckt die Fahrt fort, musste diese aber im Bereich Wieslocher Stra\u00dfe\/St.-Michael-Stra\u00dfe aufgrund der Besch\u00e4digungen an seinem Auto stoppen. <\/p>\n\n\n\n<p>Selbst hatte er bereits einen Abschleppdienst organisiert. <\/p>\n\n\n\n<p>Mit einer freiwilligen Alkohol\u00fcberpr\u00fcfung war er zwar einverstanden, konnte diese aber nicht durchf\u00fchren, so dass auf der Dienststelle des Polizeireviers Wiesloch die Blutentnahme f\u00e4llig war. Er sieht einer Anzeige bei der Staatsanwaltschaft entgegen. <\/p>\n\n\n\n<h4 class=\"wp-block-heading\">(St. Leon-Rot \/ A 6 \/ Rhein-Neckar-Kreis) &#8211; Auffahrunfall mit zwei Sattelz\u00fcgen<\/h4>\n\n\n\n<p>Bei einem Verkehrsunfall am Montagmittag auf der A 6 bei St. Leon-Rot wurde ein Beteiligter leicht verletzt und es entstand erheblicher Sachschaden. Ein 60-J\u00e4hriger Mann aus Serbien war kurz nach 12 Uhr mit seinem Sattelzug auf der A 6 in Richtung Heilbronn unterwegs. Ein vorausfahrender 36-j\u00e4hriger Sattelzugfahrer aus den Niederlanden musste sein Fahrzeug staubedingt stark abbremsen. Der nachfolgende 60-J\u00e4hrige konnte seinen Zug aufgrund nicht angepasster Geschwindigkeit nicht mehr rechtzeitig abbremsen und fuhr dem Niederl\u00e4nder hinten auf. Der 36-j\u00e4hrige Fahrer erlitt leichte Verletzungen und wurde vorsorglich in ein Krankenhaus eingeliefert. Der 60-J\u00e4hrige blieb unverletzt. Der auffahrende Sattelzug war nicht mehr fahrbereit und musste abgeschleppt werden. Die Bergungsarbeiten dauern derzeit noch an. Der zweite Sattelzug konnte durch die Freiwillige Feuerwehr Walldorf zum n\u00e4chstgelegenen Parkplatz geschleppt werden, wo er durch einen Verantwortlichen der Halterfirma abgeholt werden kann. Der Sachschaden wird auf rund 30.000 Euro gesch\u00e4tzt.<\/p>\n\n\n\n<h4 class=\"wp-block-heading\">(Bammental \/ Rhein-Neckar-Kreis) &#8211; Bammentaler VW-Touran-Fahrer schaute eindeutig zu tief ins Glas&#8230;<\/h4>\n\n\n\n<p>Zeugen informierten am sp\u00e4ten Samstagabend kurz vor Mitternacht die Polizei, da der Fahrer eines silbernen VW Touran eine Warnbake auf H\u00f6he des Kurpfalz-Internats in der Hauptstra\u00dfe umgefahren hatte. Unter Zur\u00fccklassung seines Kennzeichens setzte er die Fahrt \u00fcber den Kreisverkehr in die Reilsheimer Stra\u00dfe fort. <\/p>\n\n\n\n<p>Die Beamten des Polizeireviers Neckargem\u00fcnd r\u00fcckten sogleich aus und &#8222;verfolgten&#8220; die Spur des bei dem Zusammenpralls ausgelaufenen K\u00fchlmittels. Zuhause konnte der Mann schlafend angetroffen werden. Zum Kontrollzeitpunkt hatte er \u00fcber 1,8 Promille intus. Auf der Dienststelle waren dann Blutentnahme, Einbehaltung des F\u00fchrerscheins sowie die Anzeige f\u00e4llig. In welcher H\u00f6he Gesamtsachschaden, auch der Gemeinde Bammental, entstand, ist bislang noch nicht bekannt. <\/p>\n\n\n\n<h4 class=\"wp-block-heading\">(Waibstadt \/ Rhein-Neckar-Kreis) &#8211; Honda-Fahrer bei Unfall verletzt \/ Einlieferung in ein Krankenhaus<\/h4>\n\n\n\n<p>Verletzt wurde ein 47-j\u00e4hriger Motorradfahrer bei einem Unfall am Samstag kurz nach 12 Uhr in der Neidensteiner Stra\u00dfe. Der Honda-Fahrer fuhr bisherigen Ermittlungen zufolge mit \u00fcberh\u00f6hter Geschwindigkeit in den Kreisverkehr ein, verlor hierbei jedoch die Kontrolle und st\u00fcrzte auf die Fahrbahn. Nach der Erstversorgung an der Unfallstelle wurde der 47-J\u00e4hrige in einem Krankenhaus station\u00e4r aufgenommen. Die Honda, an der Schaden von rund 1.000 Euro entstand, wurde in Eigenregie von der Unfallstelle abtransportiert. <\/p>\n\n\n\n<h4 class=\"wp-block-heading\">(Eppelheim \/ Rhein-Neckar-Kreis) &#8211; Unter Alkoholeinwirkung Auto gefahren und Unfall gebaut&#8230;<\/h4>\n\n\n\n<p>\u00dcber 1,7 Promille hatte ein Mazda-Fahrer intus, der am Sonntagabend kurz nach 18 Uhr in der Richard-Wagner-Stra\u00dfe einen Unfall &#8222;gebaut&#8220; hatte. Seinen Angaben zufolge musste er wegen eines entgegenkommenden Radfahrers ein Ausweichman\u00f6ver starten, touchierte dabei jedoch einen am Fahrbahnrand geparkten Audi A 3. <\/p>\n\n\n\n<p>Der Gesch\u00e4digte, der durch die Unfallger\u00e4usche aufmerksam geworden war, eilte aus seinem Wohnhaus und stellte den Verursacher &#8222;zur Rede&#8220;. Dieser \u00fcbergab seine Daten und entfernte sich dann von der \u00d6rtlichkeit. <\/p>\n\n\n\n<p>Die Polizeibeamten suchten die Wohnanschrift des Mazda-Fahrers auf und stellten bei dem Gespr\u00e4ch Alkoholgeruch fest. Nach einem positiven Testergebnis folgten Blutprobe und Einbehaltung des F\u00fchrerscheins. An Mazda und Audi entstand Schaden von je 3.000 Euro. <\/p>\n","protected":false},"excerpt":{"rendered":"<div class=\"mh-excerpt\"><p>Polizeimeldungen vom Montag (17.02.2020) (Speyer) &#8211; LKW kommt in einer Abfahrt von der Fahrbahn ab. Stundenlange Sperrung der Abfahrt (\u00dcberleitung) Am 17.02.2020 gegen 12:30 Uhr befuhr ein 48 j\u00e4hriger, aus Bulgarien stammender, LKW Fahrer mit <a class=\"mh-excerpt-more\" href=\"https:\/\/speyer24news.com\/?p=25422\" title=\"Polizei\">[&#8230;]<\/a><\/p>\n<\/div>","protected":false},"author":3,"featured_media":0,"comment_status":"open","ping_status":"open","sticky":false,"template":"","format":"standard","meta":{"_monsterinsights_skip_tracking":false,"_monsterinsights_sitenote_active":false,"_monsterinsights_sitenote_note":"","_monsterinsights_sitenote_category":0,"footnotes":""},"categories":[12],"tags":[3614,61,2555,63,105,53,4854,4683,1548,102,213,55,5261,103,106,2803,2423,427,2625,380,62,104,979,1565],"aioseo_notices":[],"amp_enabled":true,"_links":{"self":[{"href":"https:\/\/speyer24news.com\/index.php?rest_route=\/wp\/v2\/posts\/25422"}],"collection":[{"href":"https:\/\/speyer24news.com\/index.php?rest_route=\/wp\/v2\/posts"}],"about":[{"href":"https:\/\/speyer24news.com\/index.php?rest_route=\/wp\/v2\/types\/post"}],"author":[{"embeddable":true,"href":"https:\/\/speyer24news.com\/index.php?rest_route=\/wp\/v2\/users\/3"}],"replies":[{"embeddable":true,"href":"https:\/\/speyer24news.com\/index.php?rest_route=%2Fwp%2Fv2%2Fcomments&post=25422"}],"version-history":[{"count":1,"href":"https:\/\/speyer24news.com\/index.php?rest_route=\/wp\/v2\/posts\/25422\/revisions"}],"predecessor-version":[{"id":25423,"href":"https:\/\/speyer24news.com\/index.php?rest_route=\/wp\/v2\/posts\/25422\/revisions\/25423"}],"wp:attachment":[{"href":"https:\/\/speyer24news.com\/index.php?rest_route=%2Fwp%2Fv2%2Fmedia&parent=25422"}],"wp:term":[{"taxonomy":"category","embeddable":true,"href":"https:\/\/speyer24news.com\/index.php?rest_route=%2Fwp%2Fv2%2Fcategories&post=25422"},{"taxonomy":"post_tag","embeddable":true,"href":"https:\/\/speyer24news.com\/index.php?rest_route=%2Fwp%2Fv2%2Ftags&post=25422"}],"curies":[{"name":"wp","href":"https:\/\/api.w.org\/{rel}","templated":true}]}}