{"id":25470,"date":"2020-02-19T07:51:56","date_gmt":"2020-02-19T06:51:56","guid":{"rendered":"https:\/\/speyer24news.com\/?p=25470"},"modified":"2020-02-19T07:51:57","modified_gmt":"2020-02-19T06:51:57","slug":"polizei-201","status":"publish","type":"post","link":"https:\/\/speyer24news.com\/?p=25470","title":{"rendered":"Polizei"},"content":{"rendered":"<style type=\"text\/css\">\r\n\t.ads_top_disp{}\r\n\t.ads_top_corner_disp{ float:left; margin:0px 10px 10px 0px; }\r\n\t.ads_first_p_disp{}\r\n\t.ads_bottom_disp{}\r\n\t<\/style>\n<h2 class=\"wp-block-heading\">Polizeimeldungen vom Dienstag (18.02.2020)<\/h2>\n\n\n\n<div class=\"wp-block-image\"><figure class=\"aligncenter\"><img decoding=\"async\" src=\"https:\/\/speyer24news.com\/wp-content\/uploads\/2020\/01\/Aktuelles-Polizeilogo.jpg\" alt=\"\" class=\"wp-image-23832\"\/><\/figure><\/div>\n\n\n\n<h4 class=\"wp-block-heading\">(Speyer) &#8211; Erst Fahrzeuge besch\u00e4digt, dann Beamte beleidigt und bespuckt<\/h4>\n\n\n\n<p>Am Montagabend geriet der 31-J\u00e4hrige Beschuldigte, welcher an diesem Morgen erst aus der Haft entlassen worden war, nach einem Streit mit seinem Freund derart in Rage, dass er in der St.-Guido-Stra\u00dfe in Speyer gegen drei Au\u00dfenspiegel geparkter Fahrzeuge trat. Kurz darauf konnte er mit seinem Freund unweit einer Kontrolle unterzogen werden. Im Rahmen der Durchsuchung wurden bei dem Beschuldigten zwei T\u00fctchen mit Marihuana und Kokain aufgefunden. Vermutlich stand der 31-J\u00e4hrige zum Tatzeitpunkt unter Drogen- und Alkoholeinfluss und wurde auch deshalb immer ungehaltener gegen\u00fcber den eingesetzten Beamten, sodass er aus Eigensicherungsgr\u00fcnden gefesselt werden musste. Der Beschuldigte sollte zwecks Verhinderung weiterer Straftaten in den polizeilichen Gewahrsam verbracht werden. Hiergegen wehrte sich der Beschuldigte und versuchte sich immer wieder loszurei\u00dfen, zudem bespuckte, bedrohte und beleidigte er die eingesetzten Beamten. Trotz aller Gegenwehr, wurde der 31-J\u00e4hrige in den polizeilichen Gewahrsam verbracht und muss nun eine weitere Nacht hinter Gittern verbringen. Gegen den Beschuldigten wurden mehrere Strafverfahren wegen Sachbesch\u00e4digung, Versto\u00df gegen das Bet\u00e4ubungsmittelgesetz, Widerstand, Beleidigung und Bedrohung eingeleitet. <\/p>\n\n\n\n<h4 class=\"wp-block-heading\">(Schifferstadt) &#8211; Unbekannte heben Gullydeckel aus<\/h4>\n\n\n\n<p>Am Montag, den 17.02.20, wurde durch eine Zeugin gegen 22:00 Uhr ein ausgehobener Gullydeckel in der Bahnhofstra\u00dfe gemeldet. Die Beamten der Polizeiinspektion Schifferstadt konnten vor Ort feststellen, dass sich ein Gullydeckel neben der Bordsteinkante nicht mehr an seinem Platz befand und setzten diesen wieder ein. Auf Grund der Gef\u00e4hrlichkeit f\u00fcr Fahrzeuge und Fu\u00dfg\u00e4nger, vor allem bei Dunkelheit, wurde ein Strafverfahren wegen gef\u00e4hrlichen Eingriffs in den Stra\u00dfenverkehr eingeleitet. Die Beamten sicherten entsprechendes Spurenmaterial. Die Polizeiinspektion Schifferstadt bittet Zeugen, die verd\u00e4chtige Wahrnehmungen in dieser Sache gemacht haben, sich unter 06235-4950 oder <a href=\"mailto:pischifferstadt@polizei.rlp.de\">pischifferstadt@polizei.rlp.de<\/a> zu melden. <\/p>\n\n\n\n<h4 class=\"wp-block-heading\">(Dannstadt-Schauernheim \/ A 61) &#8211; Haftbefehl auf Bundesautobahn 61 vollstreckt<\/h4>\n\n\n\n<p>Die Beamten der Polizeiautobahnstation Ruchheim haben am Montag, den 17.02.2020 gegen 22:30 Uhr auf dem Gel\u00e4nde der Tank- und Rastanlage Dannstadt-Ost an der Bundesautobahn 61 in Fahrtrichtung Koblenz den Haftbefehl gegen einen 23 Jahre alten rum\u00e4nischen Staatsb\u00fcrger vollstreckt. Der Mann war zuvor durch Beamte der Kontrolleinheit Verkehrswege des Hauptzollamtes Saarbr\u00fccken kontrolliert worden. Ein Datenabgleich seiner Personalien im Fahndungssystem ergab, dass der Mann mit Haftbefehl gesucht wurde. Ausgehend von einer staatsanwaltschaftlichen Entscheidung hatte der junge Mann noch eine Geldstrafe in H\u00f6he von 1000 Euro zu bezahlen oder eine Ersatzfreiheitsstrafe von 50 Tagen zu verb\u00fc\u00dfen. Durch die sofortige Zahlung des in Rede stehenden Betrages konnte der Gef\u00e4ngnisaufenthalt in letzter Minute noch abgewendet werden. Sodann durfte der junge Mann seine Reise fortsetzen. <\/p>\n\n\n\n<h4 class=\"wp-block-heading\">(Germersheim) &#8211; Kind bei Unfall verletzt<\/h4>\n\n\n\n<p>Am Montag gegen 11.50h \u00fcbersah eine 26-j\u00e4hrige PKW Fahrerin einen herannahenden Renault in der Mozartstra\u00dfe in Germersheim, als sie von einem Grundst\u00fcck auf die Stra\u00dfe fahren wollte. Sie traf den Renault in H\u00f6he der hinteren T\u00fcr auf der Beifahrerseite. Ein auf dem R\u00fccksitz des Renault befindliches 10-j\u00e4hriges Kind klagte \u00fcber Schwindelgef\u00fchl und wurde zur Sicherheit vom Rettungsdienst in ein Krankenhaus gebracht. Es entstand Sachschaden in H\u00f6he von ca. 5000 Euro. <\/p>\n\n\n\n<h4 class=\"wp-block-heading\">(R\u00fclzheim) &#8211; LKW kommt von der Fahrbahn ab<\/h4>\n\n\n\n<p>Am Dienstagmittag gegen 12:45 befuhr ein LKW die B 9 in Fahrtrichtung S\u00fcden. Wenige hundert Meter vor der Ausfahrt R\u00fclzheim-Nord verlor der 67-j\u00e4hrige LKW-Fahrer aus bisher unbekannter Ursache die Kontrolle \u00fcber seinen LKW und kam nach rechts von der Fahrbahn ab. Da sich der LKW im Seitenstreifen festgefahren hatte, musste der LKW abgeschleppt werden. Die rechte Fahrspur musste hierf\u00fcr f\u00fcr etwa zwei Stunden gesperrt werden. Es entstand ein Flurschaden in H\u00f6he von etwa 100 Euro. <\/p>\n\n\n\n<h4 class=\"wp-block-heading\">(Bellheim) &#8211; Unfall im Begegnungsverkehr<\/h4>\n\n\n\n<p>Am Montag gegen 07.00h kam eine 43-j\u00e4hrige Toyota Fahrerin vermutlich aus Unachtsamkeit leicht auf die Gegenspur auf der &#8222;\u00d6lstra\u00dfe&#8220; bei Bellheim in H\u00f6he des Tanklagers. Dabei streifte sie einen entgegenkommenden Seat. Gl\u00fccklicherweise wurde bei dem Unfall niemand verletzt. Es entstand Sachschaden in H\u00f6he von ca. 10.000 Euro. <\/p>\n\n\n\n<h4 class=\"wp-block-heading\">(W\u00f6rth) &#8211; Unfall mit schwerstverletzten Personen<\/h4>\n\n\n\n<p>Am Dienstag gegen 18:30 Uhr ereignete sich auf der L 540 zwischen Berg und Hagenbach ein Verkehrsunfall, bei dem die Fahrzeugf\u00fchrer lebensgef\u00e4hrlich verletzt wurden. Ein Pkw-F\u00fchrer fuhr von Berg kommend nach Hagenbach, als ihm eigenen Angaben zufolge auf der Strecke ein Wildtier vor den Pkw lief. Der Fahrer wich auf den Gr\u00fcnstreifen aus. Beim Gegenlenken geriet er auf die Gegenfahrbahn und kollidierte frontal mit dem entgegenkommenden Pkw. Das unfallverursachende Fahrzeug drehte sich und streifte einen weiteren entgegenkommenden Pkw, dessen Fahrer unverletzt blieb. Die beiden verletzten Personen wurden in umliegende Krankenh\u00e4user verbracht. Der Gesamtsachschaden liegt etwa bei 25000.-EUR. Die L 540 wurde f\u00fcr die Dauer der Unfallaufnahme vollgesperrt. <\/p>\n\n\n\n<h4 class=\"wp-block-heading\">(Berg) &#8211; Einbrecher entwenden Pedelecs und Werkzeuge<\/h4>\n\n\n\n<p>In der Nacht auf den 17.02.2020 verschafften sich unbekannte T\u00e4ter Zugang zu zwei Anwesen in der Vordernberger Stra\u00dfe. Hier entwendeten die T\u00e4ter drei Pedelecs, ein Fahrrad und mehrere Werkzeuge, die in der Garage gelagert waren. F\u00fcr den Abtransport des Diebesguts d\u00fcrften die T\u00e4ter ein Fahrzeug im r\u00fcckw\u00e4rtigen Bereich abgestellt haben. <\/p>\n\n\n\n<h4 class=\"wp-block-heading\">(Edenkoben) &#8211; Cannabisduft f\u00fchrt Polizisten zu Kiffer<\/h4>\n\n\n\n<p>Zeugen meldeten Montagmittag (17.02.) einen verd\u00e4chtigen Geruch aus einem Wohnhaus in Edenkoben. Die hinzugerufenen Polizeibeamten entlarvten den Duft als (frisch gerauchten) Cannabisqualm. Immer der Nase nach ermittelten die Polizisten schnell die zugeh\u00f6rige Wohnung. Im Innern fr\u00f6nten vier junge Leute wohl zuvor der Cannabisdroge mittels eines Joint. Bei der Durchsuchung der Wohnung, sowie der Personen nach Bet\u00e4ubungsmitteln konnten Haschischbrocken und Marihuana von einigen Gramm aufgefunden werden. Gegen die Personen wird nun wegen des Versto\u00dfes nach dem Bet\u00e4ubungsmittelgesetz ermittelt. <\/p>\n\n\n\n<h4 class=\"wp-block-heading\">(Neustadt) &#8211; Pizzadienst ohne F\u00fchrerschein unterwegs \/ Gl\u00fcck f\u00fcr den Besteller<\/h4>\n\n\n\n<p>Gl\u00fcck hatte der Pizzabesteller am Montag gegen 17:15 Uhr, denn er hatte seine Mahlzeit bereits erhalten. Von Pech kann man allerdings nicht sprechen, was den Fahrer des Lieferdienstes anbelangt. Denn er war unangeschnallt und brauchte sich folglich nicht zu wundern, dass er in der Konrad-Adenauer-Stra\u00dfe einer Kontrolle unterzogen wurde. Hierbei konnte der 37-J\u00e4hrige Fahrer nur eine Fahrerlaubnis eines Staates des Nahen Ostens vorzeigen. Diese berechtigt den Fahrer allerdings zwischenzeitlich nicht mehr, in Deutschland ein Auto zu f\u00fchren. Der Grund ist der Zeitraum, in dem der 37-J\u00e4hrige mittlerweile in Deutschland lebt. Die Fahrt war somit an der Kontroll\u00f6rtlichkeit beendet.  Eine Anzeige wegen des Fahrens ohne Fahrerlaubnis ist die Folge. Auch der Halter des Autos muss mit einem Strafverfahren rechnen, weil der die Fahrt zugelassen hatte. <\/p>\n\n\n\n<h4 class=\"wp-block-heading\">(Neustadt) &#8211; Geschwindigkeitskontrollen<\/h4>\n\n\n\n<p>Geschwindigkeitskontrollen am Montag erbrachten leider wieder ern\u00fcchternde Ergebnisse: Ab 08:00 Uhr wurde der Verkehr auf der B39 im Bereich des Geinsheimer Sportplatzes f\u00fcr die Dauer von einer Stunde \u00fcberwacht. Bei erlaubter H\u00f6chstgeschwindigkeit von 70 kmh waren 22 Verkehrsteilnehmer zu schnell, zwei \u00fcberholten unerlaubt. Zwischen 11:00 Uhr und 12:00 Uhr wurde in der Landwehrstra\u00dfe die Einhaltung der erlaubten 30 kmh kontrolliert. Hier mussten 13 Verst\u00f6\u00dfe festgestellt werden, der Schnellste war mit 22 kmh zu viel unterwegs. <\/p>\n\n\n\n<h4 class=\"wp-block-heading\">(Lambrecht) &#8211; Betagter Senior missachtet rote Ampel und f\u00e4hrt Fu\u00dfg\u00e4ngerin an \/ Welche Rolle spielt die Fu\u00dfmatte?<\/h4>\n\n\n\n<p>Ob tats\u00e4chlich, wie vom 96-j\u00e4hrigen Unfallverursacher angegeben, sich die Matte im Fu\u00dfraum derart verr\u00fcckt hatte, dass sie das Bremspedal blockierte, m\u00fcssen die Ermittlungen zeigen. In der Hauptstra\u00dfe in Lambrecht hatte der Herr am 17.02.20 das Rotsignal der Ampel um 18:40 Uhr nicht beachtet, als eine 18-J\u00e4hrige die Fahrbahn querte. Sie hatte als Fu\u00dfg\u00e4ngerin &#8222;Gr\u00fcn&#8220;. Der Senior erfasste sie mit der rechten Front seines Mercedes und verursachte dadurch einen Sachschaden an seinem Gef\u00e4hrt in H\u00f6he von etwa 1800 Euro. Die 18-J\u00e4hrige klagte \u00fcber Schmerzen an Becken, linkem Bein, sowie im Wirbels\u00e4ulenbereich. Sie wurde in ein Krankenhaus verbracht und dort station\u00e4r aufgenommen. <\/p>\n\n\n\n<h4 class=\"wp-block-heading\">(Lambrecht) &#8211; Wichtiger Zeuge gesucht \/ Zu unserem Pressebericht &#8222;Betagter Senior missachtet rote Ampel&#8220;<\/h4>\n\n\n\n<p>Um Ereignisabl\u00e4ufe rekonstruieren zu k\u00f6nnen kann jede Beobachtung wichtig sein. Wer Angaben zu unseren Mitteilungen machen kann und noch nicht bei uns bekannt ist, soll sich unbedingt melden. So suchen wir in dem Fall, den wir heute Morgen im Presseportal ver\u00f6ffentlicht hatten, grunds\u00e4tzlich nach Zeugen, aber auch konkret nach einem Mann, der unmittelbar vor der 18-J\u00e4hrigen die Stra\u00dfe \u00fcberquert haben soll, in Fahrtrichtung Kaiserslautern gesehen, von rechts nach links. Bitte melden Sie sich unter der angegebenen Telefonnummer. <\/p>\n\n\n\n<p>Polizeiinspektion Neustadt\/Weinstra\u00dfe<br>Telefon: 06321 854-0<br>E-Mail: <a href=\"mailto:pineustadt@polizei.rlp.de\">pineustadt@polizei.rlp.de<\/a><\/p>\n\n\n\n<h4 class=\"wp-block-heading\">(Lambrecht) &#8211; \u00dcberm\u00fctige Jugendliche<\/h4>\n\n\n\n<p>Eine Gruppe Jugendlicher, bestehend aus etwa zehn Personen, soll am 17.02.20, gegen 22:30 Uhr, durch Lambrecht gezogen sein und abgestellte M\u00fclls\u00e4cke umhergeworfen haben.  Beim Vorbeigehen an einem im &#8222;Kleiner Weg&#8220; geparkten PKW habe einer aus der Gruppe gegen den linken Au\u00dfenspiegel des Autos getreten und dadurch einen Schaden verursacht. Leider liegen bislang erst wenige Hinweise auf die Gruppe und den Sachbesch\u00e4diger vor. <\/p>\n\n\n\n<h4 class=\"wp-block-heading\">(Bad D\u00fcrkheim) &#8211; Vers. Einbruch in Vereinsheim<\/h4>\n\n\n\n<p>Bisher unbekannte T\u00e4ter versuchten im Zeitraum vom 16.02.2020, 12:00 Uhr &#8211; 17.02.2020, 11:50 Uhr, die massive Fenstervergitterung an einem Vereinsheim in der Honigs\u00e4ckelstra\u00dfe zu entfernen, was Ihnen aber nicht gelang. Der dadurch entstandene Schaden kann noch nicht beziffert werden. <\/p>\n\n\n\n<p>Hinweise bitte an die Polizeiinspektion Bad D\u00fcrkheim, Tel. 06322\/963-0, oder <a href=\"mailto:pibadduerkheim@polizei.rlp.de\">pibadduerkheim@polizei.rlp.de<\/a><\/p>\n\n\n\n<h4 class=\"wp-block-heading\">(Bad D\u00fcrkheim) &#8211; Pkw-Scheiben eingeschlagen<\/h4>\n\n\n\n<p>Bisher unbekannte T\u00e4ter schlugen in der Nacht zum 17.02.2020 an einem Pkw Opel, der auf dem Parkplatz vor dem ev. Krankenhaus abgestellt war eine Scheibe ein, durchsuchten das Fahrzeuginnere und entwendeten ein Serviceheft, in der sich auch der Fahrzeugschein befand sowie eine Akku-Taschenlampe. Der entstandene Schaden konnte noch nicht beziffert werden. <\/p>\n\n\n\n<p>Im Zeitraum vom 15. &#8211; 17.02.2020 wurde an einem Pkw Renault, der auf einem unbefestigten Parkplatz an der Nordseite des Campingplatzes &#8222;Almensee&#8220; abgestellt war ebenfalls eine Scheibe eingeschlagen und das Fahrzeuginnere durchw\u00fchlt. Es wurde lediglich eine Einfahrtskarte f\u00fcr einen Parkplatz entwendet. Auch hier steht die entstandene Schadensh\u00f6he noch nicht fest. <\/p>\n\n\n\n<p>Ob ein Zusammenhang mit der Tat am ev. Krankenhaus besteht, steht noch nicht fest. <\/p>\n\n\n\n<p>Hinweise in beiden F\u00e4llen bitte an die Polizeiinspektion Bad D\u00fcrkheim, Tel. 06322\/963-0, oder <a href=\"mailto:pibadduerkheim@polizei.rlp.de\">pibadduerkheim@polizei.rlp.de<\/a><\/p>\n\n\n\n<h4 class=\"wp-block-heading\">(Frankenthal) &#8211; Gef\u00e4hrlicher Eingriff in den Stra\u00dfenverkehr und Sachbesch\u00e4digung<\/h4>\n\n\n\n<p>Am Montag, den 17.02.20 gegen 23:25 Uhr k\u00f6nnen Polizeibeamte der Polizeiinspektion Frankenthal in der Mahlastra\u00dfe in Frankenthal einen Metallm\u00fclleimer und Plastikteile eines Pkws auf der rechten Fahrspur ortsausw\u00e4rts feststellen. Die Fahrbahn wird durch die Polizisten gereinigt und der M\u00fclleimer an seinen Ursprungsort verbracht, ist aber aufgrund der mutwilligen Zerst\u00f6rung nicht mehr als solcher zu gebrauchen. Wenig sp\u00e4ter macht eine 56-j\u00e4hrige Frau aus Ludwigshafen mit ihrem Pkw, einem grauen Mazda MX-5, auf sich aufmerksam. Sie gibt an, dass sie ca. 15 Minuten zuvor mittels des zuvor aufgefundenen M\u00fclleimers attackiert wurde. Sie habe die Mahlastra\u00dfe in Richtung Studernheim befahren, als ihr unvermittelt durch einen Jugendlichen dieser M\u00fclleimer vor den PKW geworfen wurde. Sie konnte nicht rechtzeitig bremsen und kollidierte mit diesem. Durch die Kollision entstand an ihrem PKW im Frontbereich rechts deutlicher Sachschaden in H\u00f6he von ca. 350,-EUR. An der \u00d6rtlichkeit kann zudem noch ein besch\u00e4digter Sicherungskasten festgestellt werden, dessen Sockel stark besch\u00e4digt ist. <\/p>\n\n\n\n<p>Die Jugendlichen werden durch die Gesch\u00e4digte wie folgt beschrieben: <\/p>\n\n\n\n<ul><li>Hauptt\u00e4ter: s\u00fcdl\u00e4ndisch, schwarze k\u00fcrzere Haare, wei\u00dfe Daunenjacke, schwarze Hose, ca. 20 Jahre <\/li><li>Anderen beiden: komplett dunkel gekleidet, europ\u00e4isches Erscheinungsbild, ca. 20 Jahre <\/li><\/ul>\n\n\n\n<p>Zeugen werden gebeten sich an die Polizeiinspektion Frankenthal unter der Tel.-Nr.: 06233\/313-0 oder an die Polizeiwache Maxdorf unter der Tel.-Nr.: 06237\/934-100 zu wenden. Gerne nehmen wir Ihre Hinweise auch per E-Mail unter  <a href=\"mailto:pifrankenthal@polizei.rlp.de\">pifrankenthal@polizei.rlp.de<\/a> entgegen. <\/p>\n\n\n\n<h4 class=\"wp-block-heading\">(Frankenthal) &#8211; Diebstahl aus Pkw<\/h4>\n\n\n\n<p>Im Zeitraum vom 15.02.2020 20:00Uhr bis zum 17.02.2020 06:00 Uhr parkt 26-j\u00e4hriger Mann aus Mannheim seinen Pkw, einen dunkelblauen Opel Transporter, im Akazienweg in Frankenthal. Bis dato unbekannte T\u00e4ter \u00f6ffnen in diesem Zeitraum das Schiebefenster der Fondt\u00fcr und k\u00f6nnen dadurch die T\u00fcr entriegeln, sodass sie in das Fahrzeuginnere eindringen k\u00f6nnen. Aus dem Fahrzeug werden Werkzeuge, welche sich in roten und blauen Kunststoffkoffer befinden, entwendet. Der entstandene Schaden bel\u00e4uft sich auf ca. 2500,-EUR. <\/p>\n\n\n\n<p>Zeugen werden gebeten sich an die Polizeiinspektion Frankenthal unter der Tel.-Nr.: 06233\/313-0 oder an die Polizeiwache Maxdorf unter der Tel.-Nr.: 06237\/934-100 zu wenden. Gerne nehmen wir Ihre Hinweise auch per E-Mail unter  <a href=\"mailto:pifrankenthal@polizei.rlp.de\">pifrankenthal@polizei.rlp.de<\/a> entgegen. <\/p>\n\n\n\n<h4 class=\"wp-block-heading\">(Pr\u00e4sidumsbereich Rheinpfalz) &#8211; Einsatzplanung &#8222;Fastnacht 2020&#8220;<\/h4>\n\n\n\n<div class=\"wp-block-image\"><figure class=\"aligncenter\"><img decoding=\"async\" loading=\"lazy\" width=\"800\" height=\"455\" src=\"https:\/\/speyer24news.com\/wp-content\/uploads\/2020\/01\/Luftschlanfen-Party.jpg\" alt=\"\" class=\"wp-image-24352\" srcset=\"https:\/\/speyer24news.com\/wp-content\/uploads\/2020\/01\/Luftschlanfen-Party.jpg 800w, https:\/\/speyer24news.com\/wp-content\/uploads\/2020\/01\/Luftschlanfen-Party-300x171.jpg 300w, https:\/\/speyer24news.com\/wp-content\/uploads\/2020\/01\/Luftschlanfen-Party-768x437.jpg 768w\" sizes=\"(max-width: 800px) 100vw, 800px\" \/><\/figure><\/div>\n\n\n\n<p>Die Sicherheit rundum Fastnacht ist uns ein wichtiges Anliegen. <\/p>\n\n\n\n<p>Die Hochphase der Fastnacht beginnt mit dem Altweiberfasching am 20.02.2020. Die Fastnachtsumz\u00fcge in den St\u00e4dten und Gemeinden unseres Pr\u00e4sidialbereichs d\u00fcrften hierbei die H\u00f6hepunkte darstellen. <\/p>\n\n\n\n<p>Das Polizeipr\u00e4sidium Rheinpfalz bereitet sich auch in diesem Jahr intensiv auf die Fastnachtszeit vor, um unseren B\u00fcrgerinnen und B\u00fcrgern einen sicheren und st\u00f6rungsfreien Verlauf aller Veranstaltungen zu gew\u00e4hrleisten. Dazu stehen wir in engem Austausch mit den Veranstaltern sowie anderen Sicherheitsbeh\u00f6rden &#8211;  zum Beispiel den Ordnungsbeh\u00f6rden und der Bundespolizei. <\/p>\n\n\n\n<h4 class=\"wp-block-heading\">(Ludwigshafen) &#8211; Unfall in der Leininger Stra\u00dfe<\/h4>\n\n\n\n<p>Am 17.02.2020, gegen 16:00 Uhr, fuhren zwei 25-J\u00e4hrige Frauen hintereinander auf der Leininger Stra\u00dfe in Richtung Maudacher Stra\u00dfe. An der Kreuzung Leininger Stra\u00dfe \/ Maudacher Stra\u00dfe wollten beide nach rechts in die Maudacher Stra\u00dfe abbiegen. Als die vorausfahrende 25-J\u00e4hrige abbremste, um die bevorrechtigten Autofahrer vorbei fahren zu lassen, fuhr die hinter ihr fahrende 25-J\u00e4hrige auf ihr Auto auf. Beide Autofahrerinnen wurden verletzt und kamen ins Krankenhaus. Es entstand ein Gesamtschaden von etwa 3.000 Euro. W\u00e4hrend der Unfallaufnahme wurde der Fahrstreifen f\u00fcr Rechtsabbieger gesperrt, so dass es zu einem erheblichen R\u00fcckstau in der Leininger Stra\u00dfe kam. <\/p>\n\n\n\n<h4 class=\"wp-block-heading\">(Ludwigshafen) &#8211; 84-J\u00e4hriger f\u00e4llt nicht auf falschen Microsoft Mitarbeiter herein<\/h4>\n\n\n\n<p>Am 17.02.2020 rief ein unbekannter Mann bei einem 84-J\u00e4hrigen Ludwigshafener an und erkl\u00e4rte, er sei ein Mitarbeiter von Microsoft. Er forderte den Senior auf, seinen Desktop f\u00fcr ihn freizuschalten. Als dieser der Aufforderung nachgekommen war und der falsche Microsoft Mitarbeiter Zugriff auf den Computer erlangt hatte, erkl\u00e4rte er dem 84-J\u00e4hrigen, dass es in dem Computer zu verschiedenen St\u00f6rungen kommen w\u00fcrde und er die St\u00f6rungen beheben k\u00f6nne, wenn der 84-J\u00e4hrige mehrere hundert Euro zahlen w\u00fcrde. Daraufhin wurde der 84-J\u00e4hrige misstrauisch und beendete vorbildlich das Telefonat. <\/p>\n\n\n\n<h4 class=\"wp-block-heading\">(Mannheim) &#8211; Alkoholisierter Kleinbusfahrer verursacht Unfall mit Stra\u00dfenbahn &#8211; Schaden: 10.000 Euro \/ Keine Verletzte<\/h4>\n\n\n\n<p>Vermutlich infolge seiner Alkoholisierung kam am Montagabend kurz nach 18.30 Uhr ein Kleinbusfahrer im Kreuzungsbereich Schwetzinger Stra\u00dfe\/Reichskanzler-M\u00fcller-Stra\u00dfe von seiner Fahrspur nach links ab und streifte die auf gleicher H\u00f6he fahrende Stra\u00dfenbahn. Sachschaden entstand in H\u00f6he von 10.000 Euro. Gl\u00fccklicherweise wurde keiner der Fahrer noch Fahrg\u00e4ste verletzt. <\/p>\n\n\n\n<p>Bei der Unfallaufnahme wehte den Beamten eine Alkoholfahne entgegen. Nach dem positiven Ergebnis einer \u00dcberpr\u00fcfung war die Blutentnahme f\u00e4llig. Seinen F\u00fchrerschein stellten sie sicher; er sieht einer Anzeige bei der Staatsanwaltschaft Mannheim entgegen. <\/p>\n\n\n\n<h4 class=\"wp-block-heading\">(Mannheim) &#8211; 3-er BMW besch\u00e4digt und weitergefahren<\/h4>\n\n\n\n<p>1.000 Euro Schaden richtete ein bislang noch nicht ermittelter Autofahrer am Montagvormittag an einem auf dem Parkplatz des &#8222;Marktkauf&#8220; am Exerzierplatz\/Friedrich-Ebert-Stra\u00dfe an und entfernte sich danach unerlaubt. Aufmerksam auf die Besch\u00e4digungen wurde die Gesch\u00e4digte gegen 10 Uhr und erstattete Anzeige beim Polizeirevier Mannheim-Neckarstadt. Die Beamten ermitteln wegen Unfallflucht und nehmen unter Tel.: 0621\/3301-0 entsprechende Hinweise entgegen. <\/p>\n\n\n\n<h4 class=\"wp-block-heading\">(Mannheim) &#8211; 26-J\u00e4hriger wegen des dringenden Verdachts des unerlaubten Handeltreibens mit Bet\u00e4ubungsmitteln in nicht geringer Menge auf Antrag der Staatsanwaltschaft Mannheim in Untersuchungshaft<\/h4>\n\n\n\n<h4 class=\"wp-block-heading\">Gemeinsame Pressemitteilung der Staatsanwaltschaft Mannheim und des Polizeipr\u00e4sidiums Mannheim <\/h4>\n\n\n\n<div class=\"wp-block-image\"><figure class=\"aligncenter\"><img decoding=\"async\" loading=\"lazy\" width=\"800\" height=\"610\" src=\"https:\/\/speyer24news.com\/wp-content\/uploads\/2020\/02\/16.02.20-MA-Marihuanabeschlagnahme.jpg\" alt=\"\" class=\"wp-image-25471\" srcset=\"https:\/\/speyer24news.com\/wp-content\/uploads\/2020\/02\/16.02.20-MA-Marihuanabeschlagnahme.jpg 800w, https:\/\/speyer24news.com\/wp-content\/uploads\/2020\/02\/16.02.20-MA-Marihuanabeschlagnahme-300x229.jpg 300w, https:\/\/speyer24news.com\/wp-content\/uploads\/2020\/02\/16.02.20-MA-Marihuanabeschlagnahme-768x586.jpg 768w, https:\/\/speyer24news.com\/wp-content\/uploads\/2020\/02\/16.02.20-MA-Marihuanabeschlagnahme-80x60.jpg 80w\" sizes=\"(max-width: 800px) 100vw, 800px\" \/><\/figure><\/div>\n\n\n\n<p>Das Amtsgericht Mannheim erlie\u00df auf Antrag der Staatsanwaltschaft Mannheim am Sonntag Haftbefehl gegen einen 26-j\u00e4hrigen Deutschen. <\/p>\n\n\n\n<p>Am Samstag gegen 19:30 Uhr meldete sich ein aufmerksamer B\u00fcrger beim Polizeirevier Mannheim-Sandhofen und gab an, dass es aus einer Wohnung im Stadtteil Sandhofen stark nach Marihuana riechen w\u00fcrde. <\/p>\n\n\n\n<p>Zwei Polizisten gingen dem Hinweis nach und klingelten an besagter Wohnung, worauf ihnen die Haust\u00fcr des Mehrfamilienhauses ge\u00f6ffnet wurde. Im Hausflur best\u00e4tigten sich die Wahrnehmungen des Hinweisgebers. Es roch stark nach Marihuana. Der Wohnungsinhaber gab gegen\u00fcber den Beamten an, dass er zuvor einen Joint konsumiert habe und erkl\u00e4rte so den Geruch. <\/p>\n\n\n\n<p>Da der 26-J\u00e4hrige einer freiwilligen Wohnungsdurchsuchung nicht zustimmte, wurde durch die Staatsanwaltschaft Mannheim eine m\u00fcndliche Anordnung zur Wohnungsdurchsuchung beim zust\u00e4ndigen Bereitschaftsrichter erwirkt. <\/p>\n\n\n\n<p>Die Wohnung wurde daraufhin betreten. Der Tatverd\u00e4chtige h\u00e4ndigte den Beamten eine kleine Menge an Marihuana aus, offenbar um diese zufriedenzustellen und die Durchsuchungsma\u00dfnahmen der Beamten abzuwenden. Die erfahrenen Beamten gaben sich mit der angebotenen Kleinmenge jedoch nicht zufrieden und durchsuchten die Wohnung des Tatverd\u00e4chtigen. Die Polizeibeamten konnten insgesamt \u00fcber sieben Kilogramm Marihuana, mehrere Marihuanasamen, Verpackungsmaterial (u.a. Vakuumierfolien und Zip-T\u00fctchen), Feinwagen und \u00fcber 2.000 Euro Bargeld sicherstellen, so dass der Verdacht des Handeltreibens bestand. Der 26-J\u00e4hrige wurde vorl\u00e4ufig festgenommen. <\/p>\n\n\n\n<p>Die Staatsanwaltschaft Mannheim beantragte beim Amtsgericht Mannheim Haftbefehl gegen den 26-j\u00e4hrigen Mann wegen bestehender Fluchtgefahr. Der Haftbefehl wurde am Sonntag von dem Bereitschaftsrichter erlassen. Der 26-J\u00e4hrige wurde sodann in eine Justizvollzugsanstalt gebracht. <\/p>\n\n\n\n<p>Die Ermittlungen der Staatsanwaltschaft Mannheim und der Ermittlungsgruppe Rauschgift der Kriminalpolizeidirektion Heidelberg dauern an. <\/p>\n\n\n\n<h4 class=\"wp-block-heading\">(Mannheim-Innenstadt) &#8211; 14-j\u00e4hriger hantiert mit Waffe am Wasserturm<\/h4>\n\n\n\n<p>Einen Polizeieinsatz l\u00f6ste ein 14-J\u00e4hriger am Montagnachmittag in der Mannheimer Innenstadt aus, weil er von einem Zeugen beobachtet wurde, wie er am Wasserturm mit einer Schusswaffe herumhantierte. Die \u00d6rtlichkeit wurde umgehend mit mehreren Funkstreifenwagen aufgesucht, der Jugendliche konnte jedoch zun\u00e4chst nicht mehr angetroffen werden. Im Rahmen einer sofortigen Fahndung konnte er jedoch wenig sp\u00e4ter durch eine Polizeistreife im Bereich des Quadrats Q 7 in der Fressgasse festgestellt und schlie\u00dflich festgenommen werden. Dabei konnte im Hosenbund des 14-J\u00e4hrigen eine durchgeladene sogenannte Softairwaffe mit eingef\u00fchrtem und gef\u00fclltem Magazin aufgefunden werden. In der Hosentasche f\u00fchrte er weitere Geschosskugeln mit sich. Der Jugendliche aus Bulgarien, der der deutschen Sprache kaum m\u00e4chtig war, wurde zur Identit\u00e4tsfeststellung zun\u00e4chst zum Polizeirevier Mannheim-Neckarstadt gebracht, von wo er nach Abschluss der polizeilichen Ma\u00dfnahmen in die Obhut seiner Mutter gegeben wurde. Gegen ihn wird nun wegen Versto\u00dfes gegen das Waffengesetz ermittelt. <\/p>\n\n\n\n<h4 class=\"wp-block-heading\">(Mannheim-Neckarau) &#8211; Scheibe eingeschlagen und Gegenst\u00e4nde gestohlen \/ Hinweise an die Polizei<\/h4>\n\n\n\n<p>Nur wenige Minuten parkte am Montagmittag gegen 13.30 Uhr eine aus Schwetzingen stammende Frau ihren VW Golf auf dem Friedhofs-Parkplatz in der Friedhofstra\u00dfe im Mannheimer Stadtteil Neckarau. Als sie nach rund f\u00fcnf Minuten wieder zur\u00fcckgekehrt war, stellte sie die eingeschlagene Scheibe der Beifahrerseite und das Fehlen ihres schwarzen Jack Wolfskin-Rucksacks samt Handy fest. Sie meldete den Vorfall sogleich bei den Beamten des Polizeireviers Mannheim-Neckarau, die unter Tel.: 0621\/83397-0 sachdienliche Hinweise entgegen nehmen. <\/p>\n\n\n\n<h4 class=\"wp-block-heading\">(Heidelberg) &#8211; Versuchter Einbruch in der Gaisbergstra\u00dfe \/ T\u00e4ter fl\u00fcchtet Hinweise an die Polizei<\/h4>\n\n\n\n<p>In der Nacht zum Dienstag gegen 1 Uhr wurde die Polizei \u00fcber einen versuchten Einbruch in eine Wohnung eines Anwesens in der Gaisbergstra\u00dfe unterrichtet. Der Einbrecher sei gefl\u00fcchtet. <\/p>\n\n\n\n<p>Streifenwagenbesatzungen des Polizeireviers Heidelberg-Mitte r\u00fcckten sofort aus, konnten den T\u00e4ter aber nicht mehr ausfindig machen. Der Gesch\u00e4digte, der durch das Hantieren an dem Rollladen aus dem Schlaf gerissen wurde, machte auf sich aufmerksam, woraufhin der Unbekannte &#8222;das Weite&#8220; suchte. <\/p>\n\n\n\n<p>Eine Fahndung nach ihm verlief ohne Ergebnis. Zeugen, die gegen 1 Uhr verd\u00e4chtige Personen bzw. Wahrnehmungen gemacht haben, werden gebeten, diese dem Polizeirevier Heidelberg-Mitte, Tel.: 06221\/99-1700, oder der Kriminalpolizeidirektion Heidelberg, Tel.: 0621\/174-4444, mitzuteilen. <\/p>\n\n\n\n<h4 class=\"wp-block-heading\">(Heidelberg-Wieblingen) &#8211; Auffahrunfall mit vier beteiligten Fahrzeugen, Verkehrsbehinderungen Unfallaufnahme in vollem Gang<\/h4>\n\n\n\n<h4 class=\"wp-block-heading\" style=\"text-align:center\"> Pressemeldung 1<\/h4>\n\n\n\n<p>Am Dienstag gegen 12 Uhr ereignete sich auf der Landesstra\u00dfe 637 in H\u00f6he des Kreisverkehrs Sandwingert ein Auffahrunfall, an dem nach derzeitigem Kenntnisstand vier Fahrzeuge beteiligt sind. <\/p>\n\n\n\n<p>Offenbar musste ein Fahrzeug verkehrsbedingt bremsen, zwei Fahrzeuge erkannten die Verkehrssituation und bremsten, ein viertes Fahrzeug fuhr auf die vor ihn stehenden Fahrzeuge auf und schob diese aufeinander auf. <\/p>\n\n\n\n<p>Offenbar wurden zwei Insassen der Fahrzeuge bei dem Unfall verletzt und wurden mit Rettungsw\u00e4gen in nahegelegene Krankenh\u00e4user gebracht. <\/p>\n\n\n\n<p>Die Landesstra\u00dfe 637 ist derzeit ab dem Kurpfalzring gesperrt. Der Verkehr wird \u00fcber einen parallel verlaufenden Feldweg an der Unfallstelle vorbeigeleitet. Es kommt zu Verkehrsbehinderungen. <\/p>\n\n\n\n<h4 class=\"wp-block-heading\">(Heidelberg-Wieblingen) &#8211; Auffahrunfall mit vier beteiligten Fahrzeugen, drei leicht verletzte Personen<\/h4>\n\n\n\n<h4 class=\"wp-block-heading\" style=\"text-align:center\">Pressemeldung 2<\/h4>\n\n\n\n<p>Am Dienstag gegen 12 Uhr ereignete sich auf der Landesstra\u00dfe 637 in H\u00f6he des Kreisverkehrs Sandwingert ein Auffahrunfall an dem vier Fahrzeuge beteiligt waren. <\/p>\n\n\n\n<p>Nach derzeitigem Ermittlungsstand befuhr eine 18-j\u00e4hrige Frau mit ihrem Ford Fiesta die Landesstra\u00dfe 637 in Richtung Edingen. Vor dem Kreisverkehr fuhr sie ungebremst auf einen VW einer 27-j\u00e4hrigen Frau auf. Der VW wurde daraufhin auf einen zweiten VW und dieser auf dritten VW geschoben, die alle verkehrsbedingt in H\u00f6he des Kreisverkehrs warten mussten. <\/p>\n\n\n\n<p>Die 18-J\u00e4hrige Unfallverursacherin und ihre gleichaltrige Beifahrerin verletzten sich bei dem Aufprall leicht und wurden vorsorglich in ein nahegelegenes Krankenhaus gebracht. Die 27-j\u00e4hrige Fahrerin des ersten VWs wurden ebenfalls leicht verletzt. <\/p>\n\n\n\n<p>Es entstand ein Sachschaden in H\u00f6he von 6.500 Euro. <\/p>\n\n\n\n<p>W\u00e4hrend der Unfallaufnahme und Bergung der Unfallfahrzeuge war die Landesstra\u00dfe 637 bis 13.20 Uhr gesperrt. Der Verkehr wurde zeitweise \u00fcber einen parallel verlaufenden Feldweg an der Unfallstelle vorbeigef\u00fchrt. Es kam zu Verkehrsbehinderungen. <\/p>\n\n\n\n<h4 class=\"wp-block-heading\">(Br\u00fchl \/ Rhein-Neckar-Kreis) &#8211; Unachtsames Wendeman\u00f6ver auf der B 36 mit Folgen&#8230;<\/h4>\n\n\n\n<p>Ein 65-J\u00e4hriger aus Mannheim stammender Mercedes-Fahrer verursachte am Montagvormittag auf der B 36 einen Verkehrsunfall. Kurz vor der Unterf\u00fchrung leitete der Autofahrer ein Wendeman\u00f6ver ein, \u00fcbersah dabei jedoch eine 80-j\u00e4hrige Mercedes-Fahrerin. Bei ihrem Ausweichman\u00f6ver geriet sie auf die Gegenfahrbahn und Gr\u00fcnstreifen, \u00fcberfuhr eine Warnbake und kam nach ca. 70 m erst zum Stillstand. Zu einer Ber\u00fchrung mit dem anderen Fahrzeug kam es nicht. <\/p>\n\n\n\n<p>Der 65-J\u00e4hrige setzte zun\u00e4chst seine Fahrt fort, kehrte aber noch vor dem Eintreffen der Streifenwagenbesatzung an die Unfallstelle zur\u00fcck. <\/p>\n\n\n\n<p>Die Ermittlungen dauern noch an. An dem Mercedes der 80-J\u00e4hrigen entstand Sachschaden von rund 8.000 Euro. <\/p>\n\n\n\n<h4 class=\"wp-block-heading\">(Br\u00fchl \/ Rhein-Neckar-Kreis) &#8211; Einbruch in der Geierstra\u00dfe \/ Polizei bittet um Hinweise<\/h4>\n\n\n\n<p>Ein Einfamilienhaus in der Geierstra\u00dfe war am Sonntagabend das Ziel von bislang unbekannten Einbrechern. Brachial machten sie sich an der Terrassent\u00fcre zun\u00e4chst zu schaffen. Da s\u00e4mtliche Vorgehensweisen scheiterten, warfen die Einbrecher die Glasscheibe ein und gelangten so ins Innere. <\/p>\n\n\n\n<p>Hier durchsuchten sie nahezu alle Schr\u00e4nke und Beh\u00e4ltnisse. Ob ihnen hierbei Gegenst\u00e4nde in die H\u00e4nde fielen, ist abschlie\u00dfend noch nicht gekl\u00e4rt und Gegenstand der polizeilichen Ermittlungen. <\/p>\n\n\n\n<p>Als Einbruchszeit kommt Sonntagabend zwischen 18.30 und 22.30 Uhr in Betracht. Zeugen bzw. Anwohner, die verd\u00e4chtige Beobachtungen oder gar Personen wahrgenommen haben, werden gebeten, diese dem Polizeirevier Mannheim-Neckarau, Tel.: 0621\/83397-0, oder der Kriminalpolizeidirektion Heidelberg, Tel.: 0621\/174-4444, mitzuteilen. <\/p>\n\n\n\n<h4 class=\"wp-block-heading\">(Wiesloch \/ Rhein-Neckar-Kreis) &#8211; Geparkten Mercedes besch\u00e4digt Verursacher entfernt sich<\/h4>\n\n\n\n<p>Einen in der Stra\u00dfe &#8222;Am Schlangengrund&#8220; geparkten Mercedes besch\u00e4digte im Laufe des Montag ein bislang nicht ermittelter Autofahrer. Trotz des Schadens von 5.000 Euro k\u00fcmmerte sich der Verursacher nicht und entfernte sich unerlaubt. Geparkt war der Mercedes mit LU-Kennzeichen in der Zeit zwischen 10 und 15 Uhr. Die Beamten des Polizeireviers Wiesloch ermitteln wegen Unfallflucht und nehmen unter Tel.: 06222\/57090 sachdienliche Hinweise entgegen. <\/p>\n\n\n\n<h4 class=\"wp-block-heading\">(Sch\u00f6nau \/ Rhein-Neckar-Kreis) &#8211; \u00c4lterer Mann besch\u00e4digt beim Ausparken Audi Q 3 und entfernt sich<\/h4>\n\n\n\n<p>Beamte des Polizeireviers Neckargem\u00fcnd suchen Zeugen zu einem Vorfall, der sich am Montag gegen 10 Uhr auf dem Sparkassen-Parkplatz in der Hauptstra\u00dfe ereignet hat. Die Gesch\u00e4digte parkte ihren schwarzen Audi Q 3 und begab sich f\u00fcr wenige Minuten in die Bankr\u00e4umlichkeiten. <\/p>\n\n\n\n<p>Bei ihrer R\u00fcckkehr teilte ein Zeuge mit, dass ein \u00e4lterer Herr in einem hellen\/grauen Kleinwagen beim Ausparken ihren Wagen touchiert hat. Nachdem er sich den Schaden auch angeschaut hatte, setzte er seine Fahrt allerdings fort. Der Schaden am Audi betr\u00e4gt ca. 1.000 Euro. <\/p>\n\n\n\n<p>Ein HP-Kennzeichen liegt der Polizei vor; diesbez\u00fcglich dauern die Ermittlungen aber noch an. Zeugen, die Hinweise zu dem \u00e4lteren Mann bzw. dessen Fahrzeug geben k\u00f6nnen, werden gebeten, sich mit dem Polizeirevier Neckargem\u00fcnd, Tel.: 06223\/9254-0, in Verbindung zu setzen. <\/p>\n\n\n\n<h4 class=\"wp-block-heading\">(Neckarbischofsheim \/ Rhein-Neckar-Kreis) &#8211; Polizei ermittelt wegen Sachbesch\u00e4digung und sucht Zeugen<\/h4>\n\n\n\n<p>\u00dcber das zur\u00fcckliegende Wochenende trieben bislang nicht ermittelte T\u00e4ter im Ablassweg ihr Unwesen. Zwischen dem Kindergarten und der Grundschule befindet sich ein \u00fcberdachter Fu\u00dfweg. Unbekannte liefen \u00fcber dieses Flachdach, entfernten mehrere Ziegel und warfen diese direkt vor den Eingang der Halle bzw. auf den Parkplatz der Grundschule. Kieselsteine schleuderten die Unbekannten gegen eine doppelverglaste Scheibe zum Treppenaufgang hin, rissen einen M\u00fclleimer aus der Verankerung und warfen diesen gegen eine Fensterscheibe des Kindergartens. <\/p>\n\n\n\n<p>Nach bisherigen Angaben schl\u00e4gt der Schaden mit mehreren tausend Euro zu Buche. Die Beamten des Polizeipostens Waibstadt haben die Ermittlungen aufgenommen und bitten unter Tel.: 07263\/5807 um sachdienliche Hinweise. Das Polizeirevier Sinsheim ist ebenfalls unter Tel.: 07261\/6900 zu erreichen. <\/p>\n\n\n\n<h4 class=\"wp-block-heading\">(Ilvesheim \/ Rhein-Neckar-Kreis) &#8211; 82-j\u00e4hriger VW-Fahrer verursacht Unfall im Kreisverkehr<\/h4>\n\n\n\n<p>Am Montagabend kurz vor 22 Uhr stie\u00dfen im Kreisverkehr Br\u00fccken-\/Schlossstra\u00dfe zwei Fahrzeuge zusammen. Verursacht hatte den Unfall ein 82-j\u00e4hriger VW Jetta-Fahrer, der beim Einfahren in den Kreisverkehr eine ordnungsgem\u00e4\u00df fahrende Opel Zafira-Fahrerin \u00fcbersehen hatte. Die Polizei beziffert den Schaden an den Autos, die beide noch fahrbereit waren, auf 2.000 Euro. <\/p>\n\n\n\n<p>Verletzt wurde zum Gl\u00fcck keiner der Beteiligten. <\/p>\n\n\n\n<h4 class=\"wp-block-heading\">(Heddesheim \/ Rhein-Neckar-Kreis) &#8211; Kollision im Kreuzungsbereich<\/h4>\n\n\n\n<p>Im Kreuzungsbereich der Gro\u00dfsachsener Stra\u00dfe\/Ringstra\u00dfe stie\u00dfen am Montag kurz nach 10 Uhr zwei Fahrzeuge zusammen. Ein 55-j\u00e4hriger Kia-Fahrer hatte beim Einfahren in den Bereich die Vorfahrt eines ordnungsgem\u00e4\u00df fahrenden 46-j\u00e4hrigen Mercedes-Fahrers nicht beachtet. Die Polizei sch\u00e4tzt den Gesamtschaden auf mehrere tausend Euro. Beide Beteiligte \u00fcberstanden den Unfall unverletzt und konnten ihre Fahrt nach der Unfallaufnahme fortsetzen. <\/p>\n\n\n\n<h4 class=\"wp-block-heading\">(Heddesheim \/ Rhein-Neckar-Kreis) &#8211; Auseinandersetzung vor einer Gastst\u00e4tte, P\u00e4rchen mit Hund und andere Zeugen gesucht!<\/h4>\n\n\n\n<p>In der Nacht von Samstag, 08.02.2020 auf Sonntag, 09.02.2020, gegen Mitternacht soll es vor einer Gastst\u00e4tte in der Schaafeckstra\u00dfe 16 zu einer Auseinandersetzung zwischen mehreren Personen gekommen sein. <\/p>\n\n\n\n<p>Im Laufe der Auseinandersetzung soll ein 41-j\u00e4hriger Mann geschlagen worden sein. <\/p>\n\n\n\n<p>Der 41-J\u00e4hrige meldete sich erst Sonntagmittag bei der integrierten Leitstelle Rhein-Neckar und ersuchte um \u00e4rztliche Versorgung. Der 41-J\u00e4hrige hatte diverse Prellungen am Oberk\u00f6rper und eine ca. 10 cm lange Kopfplatzwunde. Er wurde zur weiteren \u00e4rztlichen Versorgung in ein nahegelegenes Krankenhaus gefahren. <\/p>\n\n\n\n<p>Umfangreiche Ermittlungen des Polizeipostens Heddesheim f\u00fchrten bislang nicht zur Ergreifung von Tatverd\u00e4chtigen. <\/p>\n\n\n\n<p>Die Ermittler suchen nun nach einem P\u00e4rchen mit Hund, die zur Tatzeit dem 41-J\u00e4hrigen Hilfe anboten und als m\u00f6gliche Zeugen des Vorfalls in Betracht kommen. <\/p>\n\n\n\n<p>Dieses P\u00e4rchen und andere Zeugen des Vorfalls werden gebeten, sich mit dem Polizeiposten Heddesheim unter 06203 41443 in Verbindung zu setzen.<\/p>\n\n\n\n<h4 class=\"wp-block-heading\">(Weinheim \/ Rhein-Neckar-Kreis) &#8211; BMW beim Vorbeifahren gerammt und weitergefahren \/ Hinweise an die Polizei<\/h4>\n\n\n\n<p>In der Nacht zum Montag besch\u00e4digte ein bislang nicht ermittelter Autofahrer vermutlich beim Vorbeifahren einen in der Stra\u00dfe &#8222;Hinter den H\u00f6fen&#8220; geparkten BMW Mini und entfernte sich danach unerlaubt. Bisherigen Angaben zufolge betr\u00e4gt der Schaden \u00fcber 2.000 Euro. Durch den Ansto\u00df wurde das Auto nach vorne geschoben und prallte gegen eine M\u00fclltonnenumrandung. Laut Zeugenaussagen stand das Auto gegen 4.30 Uhr in der Nacht zum Montag noch an seinem urspr\u00fcnglichen Abstellort. <\/p>\n\n\n\n<p>Gegen 8 Uhr wurde der Gesch\u00e4digte auf den Vorfall aufmerksam und informierte die Polizei. <\/p>\n\n\n\n<p>Die Beamten des Polizeireviers Weinheim ermitteln nun wegen Unfallflucht und nehmen unter Tel.: 06201\/10030 sachdienliche Hinweise entgegen. <\/p>\n\n\n\n<p> <\/p>\n","protected":false},"excerpt":{"rendered":"<div class=\"mh-excerpt\"><p>Polizeimeldungen vom Dienstag (18.02.2020) (Speyer) &#8211; Erst Fahrzeuge besch\u00e4digt, dann Beamte beleidigt und bespuckt Am Montagabend geriet der 31-J\u00e4hrige Beschuldigte, welcher an diesem Morgen erst aus der Haft entlassen worden war, nach einem Streit mit <a class=\"mh-excerpt-more\" href=\"https:\/\/speyer24news.com\/?p=25470\" title=\"Polizei\">[&#8230;]<\/a><\/p>\n<\/div>","protected":false},"author":3,"featured_media":0,"comment_status":"open","ping_status":"open","sticky":false,"template":"","format":"standard","meta":{"_monsterinsights_skip_tracking":false,"_monsterinsights_sitenote_active":false,"_monsterinsights_sitenote_note":"","_monsterinsights_sitenote_category":0,"footnotes":""},"categories":[12],"tags":[3614,61,2555,63,105,53,4854,4683,1548,102,213,55,5261,103,106,2803,2423,427,2625,380,62,104,979,1565],"aioseo_notices":[],"amp_enabled":true,"_links":{"self":[{"href":"https:\/\/speyer24news.com\/index.php?rest_route=\/wp\/v2\/posts\/25470"}],"collection":[{"href":"https:\/\/speyer24news.com\/index.php?rest_route=\/wp\/v2\/posts"}],"about":[{"href":"https:\/\/speyer24news.com\/index.php?rest_route=\/wp\/v2\/types\/post"}],"author":[{"embeddable":true,"href":"https:\/\/speyer24news.com\/index.php?rest_route=\/wp\/v2\/users\/3"}],"replies":[{"embeddable":true,"href":"https:\/\/speyer24news.com\/index.php?rest_route=%2Fwp%2Fv2%2Fcomments&post=25470"}],"version-history":[{"count":1,"href":"https:\/\/speyer24news.com\/index.php?rest_route=\/wp\/v2\/posts\/25470\/revisions"}],"predecessor-version":[{"id":25472,"href":"https:\/\/speyer24news.com\/index.php?rest_route=\/wp\/v2\/posts\/25470\/revisions\/25472"}],"wp:attachment":[{"href":"https:\/\/speyer24news.com\/index.php?rest_route=%2Fwp%2Fv2%2Fmedia&parent=25470"}],"wp:term":[{"taxonomy":"category","embeddable":true,"href":"https:\/\/speyer24news.com\/index.php?rest_route=%2Fwp%2Fv2%2Fcategories&post=25470"},{"taxonomy":"post_tag","embeddable":true,"href":"https:\/\/speyer24news.com\/index.php?rest_route=%2Fwp%2Fv2%2Ftags&post=25470"}],"curies":[{"name":"wp","href":"https:\/\/api.w.org\/{rel}","templated":true}]}}