{"id":25473,"date":"2020-02-19T09:03:10","date_gmt":"2020-02-19T08:03:10","guid":{"rendered":"https:\/\/speyer24news.com\/?p=25473"},"modified":"2020-02-19T09:03:49","modified_gmt":"2020-02-19T08:03:49","slug":"schwetzingen-41","status":"publish","type":"post","link":"https:\/\/speyer24news.com\/?p=25473","title":{"rendered":"Schwetzingen"},"content":{"rendered":"<style type=\"text\/css\">\r\n\t.ads_top_disp{}\r\n\t.ads_top_corner_disp{ float:left; margin:0px 10px 10px 0px; }\r\n\t.ads_first_p_disp{}\r\n\t.ads_bottom_disp{}\r\n\t<\/style>\n<h2 class=\"wp-block-heading\"><strong>Wer macht mit beim Ferienprogramm 2020?<\/strong><\/h2>\n\n\n\n<h3 class=\"wp-block-heading\"><em>Ferienprogramm f\u00fcr die Kinder &nbsp;in den Sommerferien geht in die Vorbereitungsphase.<\/em><\/h3>\n\n\n\n<div class=\"wp-block-image\"><figure class=\"aligncenter\"><img decoding=\"async\" loading=\"lazy\" width=\"500\" height=\"669\" src=\"https:\/\/speyer24news.com\/wp-content\/uploads\/2020\/02\/schwetzi-1.jpg\" alt=\"\" class=\"wp-image-25477\" srcset=\"https:\/\/speyer24news.com\/wp-content\/uploads\/2020\/02\/schwetzi-1.jpg 500w, https:\/\/speyer24news.com\/wp-content\/uploads\/2020\/02\/schwetzi-1-224x300.jpg 224w\" sizes=\"(max-width: 500px) 100vw, 500px\" \/><\/figure><\/div>\n\n\n\n<p>Die Stadt Schwetzingen kann dank des gro\u00dfen Engagements der hiesigen Vereine und Unternehmen\/Organisationen seit vielen Jahren ein attraktives Ferienprogramm f\u00fcr Kinder anbieten. An\n der Programmgestaltung kann sich jedes Unternehmen mit Sitz in Schwetzingen beteiligen. Vielleicht k\u00f6nnen auch Sie Kindern einen interessanten Einblick in Ihr Unternehmen gew\u00e4hren, egal ob Sie in Handel, Produktion, Kunst oder Bildung t\u00e4tig sind. Materialkosten,\n Verpflegung f\u00fcr die Kinder, etc. werden in angemessenem Rahmen von der Stadt \u00fcbernommen.<\/p>\n\n\n\n<p>Bei Interesse erhalten Sie weitere Informationen von Manfred Dams vom Amt f\u00fcr Familien, Senioren &amp; Kultur, Sport unter der Telefonnummer 06202 \/ 87-134 oder unter E-Mail:\n<a href=\"mailto:manfred.dams@schwetzingen.de\" target=\"_blank\" rel=\"noreferrer noopener\">manfred.dams@schwetzingen.de<\/a>.<\/p>\n\n\n\n<p>F\u00fcr alle Anbieter, die schon dabei sind: In diesem Jahr wird es zur Nachbetrachtung ein Treffen nach den Sommerferien geben, kein Arbeitsessen davor. &nbsp;Sie erhalten dazu noch weitere\n Informationen.<\/p>\n\n\n\n<p><em>Stadtverwaltung Schwetzingen<\/em><br><em>19.02.2020<\/em><\/p>\n\n\n\n<h2 class=\"wp-block-heading\"><strong>Verkehrsf\u00fchrung w\u00e4hrend des 66. Kurpf\u00e4lzer Fastnachtszuges am 25. Februar 2020<\/strong><\/h2>\n\n\n\n<h3 class=\"wp-block-heading\"><em>Auch diesem Jahr l\u00f6st sich der Zug wegen der Baustelle in der Walter-Rathenau Stra\u00dfe bereits in der Friedrich-Ebert-Stra\u00dfe ab Hausnummer 36 auf<\/em><\/h3>\n\n\n\n<div class=\"wp-block-image\"><figure class=\"aligncenter\"><img decoding=\"async\" loading=\"lazy\" width=\"800\" height=\"600\" src=\"https:\/\/speyer24news.com\/wp-content\/uploads\/2020\/02\/DSC09280.jpg\" alt=\"\" class=\"wp-image-25475\" srcset=\"https:\/\/speyer24news.com\/wp-content\/uploads\/2020\/02\/DSC09280.jpg 800w, https:\/\/speyer24news.com\/wp-content\/uploads\/2020\/02\/DSC09280-300x225.jpg 300w, https:\/\/speyer24news.com\/wp-content\/uploads\/2020\/02\/DSC09280-768x576.jpg 768w, https:\/\/speyer24news.com\/wp-content\/uploads\/2020\/02\/DSC09280-678x509.jpg 678w, https:\/\/speyer24news.com\/wp-content\/uploads\/2020\/02\/DSC09280-326x245.jpg 326w, https:\/\/speyer24news.com\/wp-content\/uploads\/2020\/02\/DSC09280-80x60.jpg 80w\" sizes=\"(max-width: 800px) 100vw, 800px\" \/><\/figure><\/div>\n\n\n\n<p>Am Fastnachtsdienstag, 25. Februar 2020, startet um 15.01 Uhr der 66. Kurpf\u00e4lzer Fastnachtsumzug. Die daf\u00fcr erforderlichen Stra\u00dfensperrungen beginnen ab 13.00 Uhr in den Seitenstra\u00dfen. Ab 13.30 Uhr ist dann auch der Zugweg voll gesperrt.\n<\/p>\n\n\n\n<p>Auch in diesem Jahr wird sich aufgrund von Bauarbeiten in der Walter-Rathenau-Stra\u00dfe der Zug bereits in der Friedrich-Ebert-Stra\u00dfe in H\u00f6he der Hausnummer 36 (B\u00e4ckerei G\u00f6rtz) aufl\u00f6sen. Der Zug beginnt wieder in der Lindenstra\u00dfe (Aufstellung)\n und l\u00e4uft \u00fcber die Kronenstra\u00dfe und Hebelstra\u00dfe, biegt am Schlossplatz in die Carl-Theodor-Stra\u00dfe, in die Nadlerstra\u00dfe bis zum Kaufland Kreisel und von dort \u00fcber die M\u00fchlenstra\u00dfe in die Friedrich-Ebert-Stra\u00dfe, wo sich der Zug aufl\u00f6sen wird.\n<\/p>\n\n\n\n<p>Teile der Innenstadt sind f\u00fcr die Zeit des Fastnachtumzuges gesperrt. Dazu z\u00e4hlen neben dem Zugweg auch die Stra\u00dfenz\u00fcge zwischen Rondell und Schlossplatz (so genanntes \u201eMoabit\u201c), die sich innerhalb des Zugwegs befinden. Auch die Einfahrt  in die Mannheimer Stra\u00dfe vom Rondell aus ist ab 13.00 Uhr gesperrt. <\/p>\n\n\n\n<div class=\"wp-block-image\"><figure class=\"aligncenter\"><img decoding=\"async\" loading=\"lazy\" width=\"800\" height=\"600\" src=\"https:\/\/speyer24news.com\/wp-content\/uploads\/2020\/02\/DSC09286.jpg\" alt=\"\" class=\"wp-image-25476\" srcset=\"https:\/\/speyer24news.com\/wp-content\/uploads\/2020\/02\/DSC09286.jpg 800w, https:\/\/speyer24news.com\/wp-content\/uploads\/2020\/02\/DSC09286-300x225.jpg 300w, https:\/\/speyer24news.com\/wp-content\/uploads\/2020\/02\/DSC09286-768x576.jpg 768w, https:\/\/speyer24news.com\/wp-content\/uploads\/2020\/02\/DSC09286-678x509.jpg 678w, https:\/\/speyer24news.com\/wp-content\/uploads\/2020\/02\/DSC09286-326x245.jpg 326w, https:\/\/speyer24news.com\/wp-content\/uploads\/2020\/02\/DSC09286-80x60.jpg 80w\" sizes=\"(max-width: 800px) 100vw, 800px\" \/><\/figure><\/div>\n\n\n\n<p>Zudem ist die Einfahrt in das Parkhaus Schlossgarage in der Karlsruher Stra\u00dfe und die Einfahrt in das Kaufland Parkdeck am Kaufland Kreisel ab 13.00 Uhr gesperrt. Zwischen 13.00 Uhr und 18.00 Uhr ist dann nur noch die Ausfahrt aus beiden\n Parkh\u00e4usern m\u00f6glich. Alle anderen Parkh\u00e4user sind uneingeschr\u00e4nkt an- und ausfahrbar. Die Stadt bittet alle Narren, die mit dem Auto anreisen wollen, um fr\u00fchzeitige Anreise. Als weitere Parkm\u00f6glichkeiten stehen der Neue Messplatz, die Nordstadthalle und der\n Parkplatz am Friedhof zur Verf\u00fcgung. <\/p>\n\n\n\n<p>Durch die Sperrung der Innenstadt wird der \u00fcber\u00f6rtliche Verkehr \u00fcber die B535 und B36 geleitet.<\/p>\n\n\n\n<h3 class=\"wp-block-heading\">Sehen sie hier die Umzugsstrecke und damit verbundenen Sperrungen als pdf:<\/h3>\n\n\n\n<div class=\"wp-block-file\"><a href=\"https:\/\/speyer24news.com\/wp-content\/uploads\/2020\/02\/Verkehrslenkungsplan-2020.pdf\">Verkehrslenkungsplan-2020<\/a><a href=\"https:\/\/speyer24news.com\/wp-content\/uploads\/2020\/02\/Verkehrslenkungsplan-2020.pdf\" class=\"wp-block-file__button\" download>Herunterladen<\/a><\/div>\n\n\n\n<h3 class=\"wp-block-heading\"><strong>Folgende Umleitungen und \u00c4nderungen gibt es am Dienstag, 25. Februar 2020 beim Busverkehr in der Zeit von 13:00 Uhr bis ca. 20.00 Uhr:<\/strong><\/h3>\n\n\n\n<p>Linie 710<\/p>\n\n\n\n<p>In dieser Zeit enden und beginnen alle Fahrten an der Haltestelle Schwetzingen Mannheimer Landstra\u00dfe (vor Avia-Tankstelle).<\/p>\n\n\n\n<p>Die Haltestellen Schwetzingen evangelische&nbsp; Kirche, Schloss, Bismarckstra\u00dfe, Bahnhof, Schlossplatz und Storchen entfallen in dieser Zeit.<\/p>\n\n\n\n<p>Linie 711<\/p>\n\n\n\n<p>In dieser Zeit enden und beginnen alle Fahrten an der Haltestelle Schwetzingen Mannheimer Landstra\u00dfe (vor Avia-Tankstelle).<\/p>\n\n\n\n<p>Die Haltestellen Schwetzingen evangelische Kirche, Schloss, Bismarckstra\u00dfe, Bahnhof, Schlossplatz und Storchen (und Friedrich-Ebert-Stra\u00dfe in Richtung Mannheim) entfallen in dieser Zeit.<\/p>\n\n\n\n<p>Linie 712<\/p>\n\n\n\n<p>In dieser Zeit beginnen und enden und beginnen an der Haltestelle Schwetzingen Markgrafenstra\u00dfe.<\/p>\n\n\n\n<p>Die Haltestellen Schwetzingen Bahnhof, Bismarckstra\u00dfe und Schlossplatz entfallen in dieser Zeit.\n<\/p>\n\n\n\n<p>Linie 713<\/p>\n\n\n\n<p>Die Haltestellen Schwetzingen Herzogstra\u00dfe, Schlossplatz, Bismarckstra\u00dfe und Bahnhof entfallen.<\/p>\n\n\n\n<p>Ersatzweise k\u00f6nnen Sie auf die Haltestelle August-Neuhaus-Stra\u00dfe oder auf die Ersatzhaltestelle in der Scheffelstra\u00dfe ausweichen.\n<\/p>\n\n\n\n<p>Linie 715<\/p>\n\n\n\n<p>Ab 12.57 Uhr entfallen die Fahrten dieser Buslinie.<\/p>\n\n\n\n<p>Linie 716<\/p>\n\n\n\n<p>Ab 12.55 Uhr entfallen die Fahrten dieser Buslinie.<\/p>\n\n\n\n<p>Linie 717<\/p>\n\n\n\n<p>Die Haltestellen Schwetzingen Bismarckstra\u00dfe, Bahnhof und Schlossplatz entfallen. Ersatzweise k\u00f6nnen Sie auf die Haltestellen Markgrafenstra\u00dfe und Krankenhaus B36 ausweichen.<\/p>\n\n\n\n<p>Da die Dauer des Umzuges nicht genau geplant werden kann, muss w\u00e4hrend und nach dem Umzug auf allen Linien mit Versp\u00e4tungen gerechnet werden.<\/p>\n\n\n\n<p>Die Stadt bittet alle Narren und Besucher\/innen f\u00fcr Verst\u00e4ndnis und w\u00fcnscht viel Vergn\u00fcgen beim Fastnachtsumzug.<\/p>\n\n\n\n<p><\/p>\n\n\n\n<p><em>Text: Stadtverwaltung Schwetzingen Foto: Speyer 24\/7 News, dak<br>19.02.2020<\/em><\/p>\n\n\n\n<h2 class=\"wp-block-heading\"><strong>F\u00f6rderung&nbsp;und Auszeichnung von&nbsp;jungen Ehrenamtlichen&nbsp;<\/strong><\/h2>\n\n\n\n<h3 class=\"wp-block-heading\"><em>Ehrung am 16. Juni 2020 \/ Stadt nimmt Antr\u00e4ge bis zum 8. Mai an<\/em><\/h3>\n\n\n\n<p>In diesem Jahr findet am Dienstag, den 16. Juni um 19 Uhr im Palais Hirsch wieder eine Ehrung f\u00fcr junge Menschen&nbsp;im Ehrenamt statt. Jugendliche&nbsp;und junge Erwachsene im Alter  von 10 bis 27 Jahren, die sich in besonderer Weise durch freiwilliges, b\u00fcrgerliches Engagement in der Gesellschaft verdient gemacht haben, k\u00f6nnen ausgezeichnet werden. Dazu z\u00e4hlen z.B. Initiativen und Aktivit\u00e4ten in den Bereichen Jugendarbeit, Kultur, Sport,  Soziales, Natur- und Umweltschutz. Die zu Ehrenden m\u00fcssen in Schwetzingen wohnen bzw. ihr Engagement in oder f\u00fcr Schwetzingen erbringen.<br>Die Auszeichnung soll jungen Mitb\u00fcrgern, die bereits ehrenamtlich t\u00e4tig sind, zeigen, dass ihr Einsatz gew\u00fcrdigt und anerkannt wird, aber auch andere motivieren, ebenfalls ein Ehrenamt zu \u00fcbernehmen. <\/p>\n\n\n\n<p>Antr\u00e4ge k\u00f6nnen<strong> bis sp\u00e4testens Freitag, den 8. Mai<\/strong> formlos&nbsp;bei der Stadt Schwetzingen&nbsp;eingereicht werden. Sie sollten eine Kurzdarstellung zur Person und eine\n<strong>detaillierte<\/strong> Beschreibung des Engagements enthalten. Es gelten die Richtlinien zur F\u00f6rderung des Ehrenamtes, die&nbsp;auf der Schwetzinger Homepage unter \u201eStadt und B\u00fcrger\/Rathaus\/Stadtrecht online\u201c eingesehen werden k\u00f6nnen. &nbsp;<\/p>\n\n\n\n<p>Ansprechpartner f\u00fcr R\u00fcckfragen oder weitere Informationen ist Manfred Dams vom Amt f\u00fcr Familien, Senioren &amp; Kultur, Sport, Telefon 06202 87-134, E-Mail:\n<a href=\"mailto:manfred.dams@schwetzingen.de\" target=\"_blank\" rel=\"noreferrer noopener\">manfred.dams@schwetzingen.de<\/a>.<\/p>\n\n\n\n<p><em>Stadtverwaltung Schwetzingen<\/em><br><em>19.02.2020<\/em><\/p>\n\n\n\n<h2 class=\"wp-block-heading\"><strong>Wochenmarkt f\u00e4llt aus<\/strong><\/h2>\n\n\n\n<p>Am Aschermittwoch, 26. Februar 2020, f\u00e4llt der Wochenmarkt ersatzlos aus. Am Samstag, 29. Februar, findet der Wochenmarkt dann wieder wie gewohnt auf den Kleinen Planken statt.<\/p>\n\n\n\n<p><em>Stadtverwaltung Schwetzingen<br>19.02.2020<\/em><\/p>\n","protected":false},"excerpt":{"rendered":"<div class=\"mh-excerpt\"><p>Wer macht mit beim Ferienprogramm 2020? Ferienprogramm f\u00fcr die Kinder &nbsp;in den Sommerferien geht in die Vorbereitungsphase. Die Stadt Schwetzingen kann dank des gro\u00dfen Engagements der hiesigen Vereine und Unternehmen\/Organisationen seit vielen Jahren ein attraktives <a class=\"mh-excerpt-more\" href=\"https:\/\/speyer24news.com\/?p=25473\" title=\"Schwetzingen\">[&#8230;]<\/a><\/p>\n<\/div>","protected":false},"author":3,"featured_media":0,"comment_status":"open","ping_status":"open","sticky":false,"template":"","format":"standard","meta":{"_monsterinsights_skip_tracking":false,"_monsterinsights_sitenote_active":false,"_monsterinsights_sitenote_note":"","_monsterinsights_sitenote_category":0,"footnotes":""},"categories":[477],"tags":[6129,6130,111,6127,6124,6125,6126,6131,21,6128,154,264,6132],"aioseo_notices":[],"amp_enabled":true,"_links":{"self":[{"href":"https:\/\/speyer24news.com\/index.php?rest_route=\/wp\/v2\/posts\/25473"}],"collection":[{"href":"https:\/\/speyer24news.com\/index.php?rest_route=\/wp\/v2\/posts"}],"about":[{"href":"https:\/\/speyer24news.com\/index.php?rest_route=\/wp\/v2\/types\/post"}],"author":[{"embeddable":true,"href":"https:\/\/speyer24news.com\/index.php?rest_route=\/wp\/v2\/users\/3"}],"replies":[{"embeddable":true,"href":"https:\/\/speyer24news.com\/index.php?rest_route=%2Fwp%2Fv2%2Fcomments&post=25473"}],"version-history":[{"count":2,"href":"https:\/\/speyer24news.com\/index.php?rest_route=\/wp\/v2\/posts\/25473\/revisions"}],"predecessor-version":[{"id":25479,"href":"https:\/\/speyer24news.com\/index.php?rest_route=\/wp\/v2\/posts\/25473\/revisions\/25479"}],"wp:attachment":[{"href":"https:\/\/speyer24news.com\/index.php?rest_route=%2Fwp%2Fv2%2Fmedia&parent=25473"}],"wp:term":[{"taxonomy":"category","embeddable":true,"href":"https:\/\/speyer24news.com\/index.php?rest_route=%2Fwp%2Fv2%2Fcategories&post=25473"},{"taxonomy":"post_tag","embeddable":true,"href":"https:\/\/speyer24news.com\/index.php?rest_route=%2Fwp%2Fv2%2Ftags&post=25473"}],"curies":[{"name":"wp","href":"https:\/\/api.w.org\/{rel}","templated":true}]}}