{"id":25480,"date":"2020-02-20T08:43:01","date_gmt":"2020-02-20T07:43:01","guid":{"rendered":"https:\/\/speyer24news.com\/?p=25480"},"modified":"2020-02-20T08:43:03","modified_gmt":"2020-02-20T07:43:03","slug":"polizei-202","status":"publish","type":"post","link":"https:\/\/speyer24news.com\/?p=25480","title":{"rendered":"Polizei"},"content":{"rendered":"<style type=\"text\/css\">\r\n\t.ads_top_disp{}\r\n\t.ads_top_corner_disp{ float:left; margin:0px 10px 10px 0px; }\r\n\t.ads_first_p_disp{}\r\n\t.ads_bottom_disp{}\r\n\t<\/style>\n<h2 class=\"wp-block-heading\">Polizeimeldungen vom Mittwoch (19.02.2020)<\/h2>\n\n\n\n<div class=\"wp-block-image\"><figure class=\"aligncenter\"><img decoding=\"async\" src=\"https:\/\/speyer24news.com\/wp-content\/uploads\/2020\/01\/Aktuelles-Polizeilogo.jpg\" alt=\"\" class=\"wp-image-23832\"\/><\/figure><\/div>\n\n\n\n<h4 class=\"wp-block-heading\">(Speyer) &#8211; Mit Alkohol am Steuer kontrolliert<\/h4>\n\n\n\n<p>Dienstagnachmittag wurde ein 33-J\u00e4hriger Audi-Fahrer in Speyer-Nord einer allgemeinen Verkehrskontrolle unterzogen. Bereits beim Herantreten an das Fahrzeug konnten die kontrollierenden Beamten eine ge\u00f6ffnete, halbvolle Bierflasche in der Mittelkonsole des Fahrzeugs feststellen. Zudem genehmigte sich der Fahrzeugf\u00fchrer nach Er\u00f6ffnung der Verkehrskontrolle einen Schluck aus der Bierflasche. Dies konnte durch die eingesetzten Beamten unterbunden werden. Beim Aussteigen aus dem Fahrzeug schwankte der Fahrzeugf\u00fchrer und Alkoholgeruch war durch die eingesetzten Beamten festzustellen. Im Anschluss wurde der Fahrzeugf\u00fchrer einem freiwilligen Atemalkoholtest unterzogen. Dieser ergab einen Wert von 1,61 Promille. Der 33-J\u00e4hrige wurde auf die Dienststelle verbracht, wo ihm durch einen Arzt eine Blutprobe entnommen und der Fahrzeugschl\u00fcssel sichergestellt wurde. Der F\u00fchrerschein des Beschuldigten konnte nicht aufgefunden werden. <\/p>\n\n\n\n<h4 class=\"wp-block-heading\">(Speyer) &#8211; Polizei bittet nach Raub um Mithilfe<\/h4>\n\n\n\n<div class=\"wp-block-image\"><figure class=\"aligncenter\"><img decoding=\"async\" src=\"https:\/\/speyer24news.com\/wp-content\/uploads\/2020\/02\/Zeugen-Gesucht-Neutral.jpg\" alt=\"\" class=\"wp-image-25059\"\/><\/figure><\/div>\n\n\n\n<p> In der Kutschergasse, hinter der Filiale Drogeriemarkt M\u00fcller wurde Dienstagnachmittag der 15-J\u00e4hrige Gesch\u00e4digte durch eine Gruppe von mehreren Jugendlichen zun\u00e4chst verfolgt, bedr\u00e4ngt und dann von zwei T\u00e4tern festgehalten. W\u00e4hrenddessen zog einer der zwei Hauptt\u00e4ter den Geldbeutel aus der Hosentasche des Gesch\u00e4digten und nahm einen zehn Euro Schein, sowie f\u00fcnf Euro in M\u00fcnzen aus dem Geldbeutel. Der Gesch\u00e4digte setzte sich wegen der \u00fcberlegenen Anzahl von Jugendlichen nicht zur Wehr und wurde auch nicht verletzt. Danach entfernte sich die Gruppe von Jugendlichen in Richtung Kaufhof. Im Rahmen der Nahbereichsfahndung konnte an der Sparkassen Hauptfiliale eine entsprechende Gruppe festgestellt werden. W\u00e4hrend der Kontrolle konnte zumindest einer der zwei Hauptt\u00e4ter ausgemacht und das Bargeld sichergestellt werden. Die Tat wurde von diesem einger\u00e4umt. <\/p>\n\n\n\n<p>Ein weiterer T\u00e4ter der wie folgt beschrieben wird: <\/p>\n\n\n\n<ul><li>h\u00f6chstens 19 Jahre alt, <\/li><li>s\u00fcdl\u00e4ndischer Ph\u00e4notyp und <\/li><li>nach hinten gegelte Haare. <\/li><\/ul>\n\n\n\n<p>Wer Hinweise zum Tatablauf oder zu den T\u00e4tern geben kann, wird gebeten sich bei der Polizei Speyer zu melden. Zeugenhinweise nimmt die Polizei unter der Tel.-Nr. 06232-1370 oder per Mail an <a href=\"mailto:pispeyer@polizei.rlp.de\">pispeyer@polizei.rlp.de<\/a> entgegen. <\/p>\n\n\n\n<h4 class=\"wp-block-heading\">(B\u00f6hl-Iggelheim) &#8211; Falscher Wasserwerker in B\u00f6hl-Iggelheim unterwegs \/ Zeugen gesucht<\/h4>\n\n\n\n<p>Am 18.02.2020, gegen 14:00 Uhr, klingelte ein unbekannter Mann bei einem 82-J\u00e4hrigen in B\u00f6hl-Iggelheim in der Kastanienstra\u00dfe. Er zeigte ein Schreiben vor, das ihn als Mitarbeiter der Gemeindeverwaltung ausgab und erkl\u00e4rte, er m\u00fcsse im Keller etwas wegen dem Wasser abkl\u00e4ren. Daraufhin gingen beide in den Keller und unterhielten sich \u00fcber das Thema &#8222;Wasser&#8220;. Zwischenzeitlich telefonierte der Unbekannte in ausl\u00e4ndischer Sprache. Kurze Zeit sp\u00e4ter erkl\u00e4rte er, er habe seine T\u00e4tigkeit nun verrichtet und verlie\u00df \u00fcberst\u00fcrzt das Haus. Daraufhin stellte der 82-J\u00e4hrige fest, dass Schr\u00e4nke offenstanden und mehrere hundert Euro gestohlen worden waren. Vermutlich schloss der Unbekannte nach dem Eintreten in das Haus die Haust\u00fcr nicht richtig, so dass ein weiterer unbekannter T\u00e4ter in das Haus gehen konnte, w\u00e4hrend der falsche Wasserwerker den 82-J\u00e4hrigen im Keller in ein Gespr\u00e4ch verwickelt hatte. <\/p>\n\n\n\n<p>Der falsche Wasserwerker war etwa 50 Jahre alt und circa 1,65 m gro\u00df, hatte eine kr\u00e4ftige Statur und einen Vollbart. Er trug eine M\u00fctze sowie graue Kleidung. Mit dem 82-J\u00e4hrigen sprach er deutsch ohne Dialekt. <\/p>\n\n\n\n<p>Die Kriminalpolizei Ludwigshafen hat die Ermittlungen aufgenommen und bittet Zeugen, die Hinweise zur Tat geben k\u00f6nnen, sich unter der Telefonnummer 0621\/963-2773 oder per E-Mail  <a href=\"mailto:kiludwigshafen.k1.kdd@polizei.rlp.de\">kiludwigshafen.k1.kdd@polizei.rlp.de<\/a> zu melden. <\/p>\n\n\n\n<h4 class=\"wp-block-heading\">Tipps der Polizei: <\/h4>\n\n\n\n<ul><li>Lassen Sie nur Handwerker in Ihre Wohnung, die Sie selbst bestellt haben oder die von der Hausverwaltung angek\u00fcndigt worden sind. Das gleiche gilt f\u00fcr vermeintliche Vertreter der Stadtwerke.<\/li><li>Lassen Sie keine Fremden in Ihre Wohnung.<\/li><li>Wehren Sie sich energisch gegen zudringliche Besucher, sprechen Sie sie laut an oder rufen Sie um Hilfe.<\/li><\/ul>\n\n\n\n<h4 class=\"wp-block-heading\">(Germersheim \/ Lingenfeld) &#8211; Kontrolle einer &#8222;Teerkolonne&#8220;<\/h4>\n\n\n\n<p>Am Dienstag gegen 11.00h kontrollierte eine Zivilstreife einen LKW mit britischem Kennzeichen, welcher auf der B9 in H\u00f6he Germersheim Mitte unterwegs war. Die Feststellungen deuteten auf eine sog. &#8222;Teerkolonne&#8220; hin. Dabei werden Hauseigent\u00fcmern bei Haust\u00fcrgesch\u00e4ften unseri\u00f6se \u00fcberteuerte Angebote unterbreitet, um z.B. Hofeinfahrten zu teeren. Nach Zahlung werden die Leistungen nicht oder in minderer Qualit\u00e4t durchgef\u00fchrt. Es wurde Hinweise erlangt, dass der Fahrer in Lingenfeld unterwegs war. Die Polizei r\u00e4t, nicht auf solche Angebote einzugehen und im Zweifel die Polizei zu verst\u00e4ndigen.<\/p>\n\n\n\n<h4 class=\"wp-block-heading\">(Germersheim) &#8211; Vorfahrt missachtet<\/h4>\n\n\n\n<p>9000 Sachschaden sind die Folge eines Vorfahrtsversto\u00dfes am Dienstag gegen 10.50h in Germersheim. Ein 61-j\u00e4hriger Mercedesfahrer wollte von der Stra\u00dfe &#8222;An Fronte Karl&#8220; in die Klosterstra\u00dfe einbiegen und \u00fcbersah dabei einen von links kommenden BMW. Im Einm\u00fcndungsbereich kam es zum Zusammensto\u00df. Der BMW musste abgeschleppt werden. Bei dem Unfall wurde niemand verletzt. <\/p>\n\n\n\n<h4 class=\"wp-block-heading\">(Germersheim) &#8211; Zechpreller unterwegs<\/h4>\n\n\n\n<p>Wie erst bekannt wurde, lie\u00df sich bereits am Sonntag, den 16.02.20, ein 53-j\u00e4hriger Mann nachmittags innerhalb von wenigen Stunden in zwei unterschiedlichen Gastst\u00e4tten in Germersheim bewirten. In der ersten Gastst\u00e4tte verlie\u00df er trotz Aufforderung zu bezahlen, das Lokal und fl\u00fcchtete. In der zweiten Gastst\u00e4tte scheiterte der Versuch per EC-Karte zu bezahlen. Auch hier konnte er nicht bezahlen. Immerhin beglich er die letztere Rechnung wenige Tage sp\u00e4ter. Der Mann konnte zwischenzeitlich ermittelt werden. <\/p>\n\n\n\n<h4 class=\"wp-block-heading\">(Neupotz \/ Hagenbach) &#8211; Starkstromkabel entwendet<\/h4>\n\n\n\n<p>Unbekannte entwendeten im Zeitraum vom Montag, dem 17.02.2020, bis Donnerstag, dem 18.02.2020, auf dem Gel\u00e4nde eines Kieswerks in Neupotz etwa 400 laufende Meter Starkstromkabel und auf dem Gel\u00e4nde eines Kieswerks in Hagenbach etwa 100 laufende Meter Starkstromkabel. Die Kabel wurden in St\u00fccke geschnitten und abtransportiert. Von einem Tatzusammenhang ist auszugehen. <\/p>\n\n\n\n<h4 class=\"wp-block-heading\">(Berg \/ Pfalz) &#8211; Weiterer Fahrraddiebstahl<\/h4>\n\n\n\n<p>Im Nachgang zu zwei Diebst\u00e4hlen von E-Bikes in Berg\/Pfalz wurde ein weiterer Fahrraddiebstahl in der Nacht von Sonntag, dem 16. auf Montag, den 17.02.2020, gemeldet. In diesem Fall wurde ein schwarzes Jugendfahrrad der Marke Compel im Wert von 500 Euro aus dem Hof eines Wohnanwesens in der Stra\u00dfe Dornhecke entwendet. <\/p>\n\n\n\n<h4 class=\"wp-block-heading\">(Silz \/ L 493) &#8211; Pkw total besch\u00e4digt \/ Fahrerin leicht verletzt<\/h4>\n\n\n\n<div class=\"wp-block-image\"><figure class=\"aligncenter\"><img decoding=\"async\" loading=\"lazy\" width=\"600\" height=\"451\" src=\"https:\/\/speyer24news.com\/wp-content\/uploads\/2020\/02\/17.02.20-Silz-VU.jpg\" alt=\"\" class=\"wp-image-25481\" srcset=\"https:\/\/speyer24news.com\/wp-content\/uploads\/2020\/02\/17.02.20-Silz-VU.jpg 600w, https:\/\/speyer24news.com\/wp-content\/uploads\/2020\/02\/17.02.20-Silz-VU-300x226.jpg 300w, https:\/\/speyer24news.com\/wp-content\/uploads\/2020\/02\/17.02.20-Silz-VU-326x245.jpg 326w, https:\/\/speyer24news.com\/wp-content\/uploads\/2020\/02\/17.02.20-Silz-VU-80x60.jpg 80w\" sizes=\"(max-width: 600px) 100vw, 600px\" \/><\/figure><\/div>\n\n\n\n<p>Am Montag, 17.02.2020, gegen 10 Uhr, befuhr die Fahrerin eines Pkw Renault die L493 von Silz in Richtung Vorderweidenthal. Zwischen dem Wild- und Wanderpark und der K11 verlor die 51-J\u00e4hrige in einer Rechtskurve, auf regennasser Fahrbahn, aufgrund nicht angepasster Geschwindigkeit und Aquaplanung, die Kontrolle \u00fcber ihren Pkw und kam nach links von der Fahrbahn ab. Der Pkw blieb total besch\u00e4digt im Stra\u00dfengraben stehen. Die Fahrerin wurde leicht verletzt und zur Untersuchung in ein Krankenhaus verbracht. <\/p>\n\n\n\n<h4 class=\"wp-block-heading\">(Landau) &#8211; Verkehrsunfall mit verletzter Fahrradfahrerin<\/h4>\n\n\n\n<p>Bei einem Verkehrsunfall missachtete ein 62-j\u00e4hriger Pkw-Fahrer an der Kreuzung Nordring\/Hainbachstra\u00dfe als Linksabbieger die Vorfahrt einer in Gegenrichtung fahrenden 55-j\u00e4hrigen Radfahrerin. Die Radfahrerin kollidierte mit der Beifahrerseite des Pkw und verletzte sich beim Sturz auf die Fahrbahn. Sie musste zur weiteren Behandlung durch den Rettungsdienst in ein Krankenhaus transportiert werden. Bei der Unfallaufnahme wurde festgestellt, dass die Beleuchtung am Fahrrad nicht eingeschaltet war. <\/p>\n\n\n\n<h4 class=\"wp-block-heading\">(Landau) &#8211; 3x Fahren unter Drogeneinfluss<\/h4>\n\n\n\n<p>Bei einer Verkehrskontrolle im Stadtgebiet Landau wurde am 18.2.20, gegen 00.50 Uhr, ein 34-j\u00e4hriger Pkw-Fahrer angehalten. Bei ihm wurden drogentypische, k\u00f6rperliche Merkmale nach Bet\u00e4ubungsmittelkonsum festgestellt. Bei weiteren Verkehrskontrollen am 18.2.20, gegen 12.00 bzw. 12.35 Uhr, wurden bei einem 32-j\u00e4hrigen Pkw-Fahrer und einem 33-j\u00e4hrigen Pkw-Fahrer ebenfalls drogentypische, k\u00f6rperliche Merkmale aufgrund Bet\u00e4ubungsmittelkonsum festgestellt. In allen F\u00e4llen verliefen die Drogenschnellteste positiv. Es wurden Blutproben entnommen, die Weiterfahrt untersagt und Anzeigen gegen die Fahrer gefertigt. <\/p>\n\n\n\n<h4 class=\"wp-block-heading\">(Kreis S\u00fcdliche Weinstra\u00dfe) &#8211; Weitl\u00e4ufige \u00d6lspur zwischen Gleisweiler und Offenbach<\/h4>\n\n\n\n<p>Durch Verkehrsteilnehmer wurde eine weitl\u00e4ufige \u00d6lspur im Bereich Verbandsgemeinde Landau-Land gemeldet. Ermittlungen ergaben, dass sich die \u00d6lspur von Gleisweiler \u00fcber B\u00f6chingen, Walsheim, Essingen, Dreihof bis nach Offenbach hinzog. Die hierdurch entstandenen Gefahrenstellen mussten abgesichert werden. Ein Abschleppunternehmen wurde mit der Reinigung der Fahrbahn beauftragt. Sachdienliche Hinweise auf den bislang unbekannten Verursacher der \u00d6lspur nimmt die Polizei Landau unter Tel. Nr. 06341\/2870 oder per Email <a href=\"mailto:pilandau@polizei.rlp.de\">pilandau@polizei.rlp.de<\/a> entgegen.<\/p>\n\n\n\n<h4 class=\"wp-block-heading\">(Birkweiler \/ Godramstein &#8211; B 10) &#8211; LKW Kontrollen Nachtfahrverbot<\/h4>\n\n\n\n<p>Die Polizei Edenkoben kontrollierte am Dienstag um Mitternacht auf der B10 bei Birkweiler f\u00fcr eine Stunde das Nachtfahrverbot. Von drei kontrollierten LKW waren zwei berechtigt auf der Bundesstra\u00dfe. Ein LKW F\u00fchrer hatte keine Durchfahrtsgenehmigung und musste wieder in Richtung A65 umkehren, nebst einem Bu\u00dfgeld in H\u00f6he von 75EUR. <\/p>\n\n\n\n<h4 class=\"wp-block-heading\">(Edenkoben) &#8211; Einbruchversuch \/ T\u00fcr h\u00e4lt stand<\/h4>\n\n\n\n<p>In der Nacht von Montag auf Dienstag (17.\/18.02.) versuchten bisher unbekannte T\u00e4ter die Wohnungst\u00fcr eines Einfamilienhauses In den Semmel\u00e4ckern aufzuhebeln. Die drei-fach-gesicherte T\u00fcr hielt jedoch stand, sodass der Einbruch missgl\u00fcckte und die T\u00e4ter von ihrem weiteren Vorhaben ablie\u00dfen. Hinweise auf verd\u00e4chtige Wahrnehmungen bitte an die Polizei unter Tel 06323 9550. <\/p>\n\n\n\n<h4 class=\"wp-block-heading\">(Neustadt) &#8211; M\u00e4dchen verletzt sich bei Unfall und f\u00e4hrt weiter<\/h4>\n\n\n\n<p>Noch unbekannt ist das etwa 9-J\u00e4hrige M\u00e4dchen, das am 18.02.20, um 17:00 Uhr &#8222;Im Altenschemel&#8220; mit seinem Fahrrad in einen Verkehrsunfall verwickelt wurde. Ein 46-j\u00e4hriger BMW-Fahrer war aus einer Hofeinfahrt herausgefahren und wartete verkehrsbedingt auf dem querenden Gehweg. Das M\u00e4dchen hatte wohl beabsichtigt, die Einfahrt mit ihrem Fahrrad, den Gehweg nutzend, zu passieren, fuhr schlie\u00dflich jedoch gegen die Beifahrert\u00fcr des BMW. Die etwa 9-J\u00e4hrige versp\u00fcrte Schmerzen am Knie, lehnte die Verst\u00e4ndigung eines Rettungsdienstes ab und setzte ihre Fahrt fort. <\/p>\n\n\n\n<h4 class=\"wp-block-heading\">(Neustadt) &#8211; Sachbesch\u00e4digung einer E-Lades\u00e4ule<\/h4>\n\n\n\n<div class=\"wp-block-image\"><figure class=\"aligncenter\"><img decoding=\"async\" loading=\"lazy\" width=\"800\" height=\"600\" src=\"https:\/\/speyer24news.com\/wp-content\/uploads\/2020\/02\/18.02.20-NW-Elades\u00e4ule.jpg\" alt=\"\" class=\"wp-image-25482\" srcset=\"https:\/\/speyer24news.com\/wp-content\/uploads\/2020\/02\/18.02.20-NW-Elades\u00e4ule.jpg 800w, https:\/\/speyer24news.com\/wp-content\/uploads\/2020\/02\/18.02.20-NW-Elades\u00e4ule-300x225.jpg 300w, https:\/\/speyer24news.com\/wp-content\/uploads\/2020\/02\/18.02.20-NW-Elades\u00e4ule-768x576.jpg 768w, https:\/\/speyer24news.com\/wp-content\/uploads\/2020\/02\/18.02.20-NW-Elades\u00e4ule-678x509.jpg 678w, https:\/\/speyer24news.com\/wp-content\/uploads\/2020\/02\/18.02.20-NW-Elades\u00e4ule-326x245.jpg 326w, https:\/\/speyer24news.com\/wp-content\/uploads\/2020\/02\/18.02.20-NW-Elades\u00e4ule-80x60.jpg 80w\" sizes=\"(max-width: 800px) 100vw, 800px\" \/><\/figure><\/div>\n\n\n\n<p>Unbekannte T\u00e4ter haben in der Nacht von 17.02.20 auf den 18.02.20 eine E-Lades\u00e4ule der Stadtwerke Neustadt auf einem Parkplatz in der Eckstra\u00dfe (Ortsteil Haardt)besch\u00e4digt. Die Schadensh\u00f6he betr\u00e4gt ca. 3000 Euro. Vermutlich wurde diese Lades\u00e4ule mit Gewalt umgerissen. Ein Anwohner hatte in den Abendstunden Jugendliche beobachtet, die sich in diesem Bereich aufgehalten haben. Sachdienliche Hinweise werden erbeten. <\/p>\n\n\n\n<h4 class=\"wp-block-heading\">(Ha\u00dfloch) &#8211; Unfallflucht im F\u00f6hrenweg<\/h4>\n\n\n\n<p>Ein unbekannter Autofahrer besch\u00e4digte in der Nacht von Montag, den 17.02. auf Dienstag, den 18.02. einen Ford Fiesta am vorderen Sto\u00dff\u00e4nger. Das Fahrzeug war am rechten Fahrbahnrand in L\u00e4ngsaufstellung geparkt, vermutlich stand der Verursacher vor dem Ford und touchierte diesen beim Ausparken bzw. Rangieren. <\/p>\n\n\n\n<p>Die Polizeiinspektion Ha\u00dfloch erbittet Hinweise von evtl. Zeugen des Vorfalls unter Tel. 06324-9330 oder per E-Mail an <a href=\"mailto:pihassloch@polizei.rlp.de\">pihassloch@polizei.rlp.de<\/a>. <\/p>\n\n\n\n<h4 class=\"wp-block-heading\">(Gr\u00fcnstadt \/ Obers\u00fclzen) &#8211;  Laserkontrolle in Obers\u00fclzen, Verkehrskontrolle im Stadtgebiet \/ Mehrere Verst\u00f6\u00dfe<\/h4>\n\n\n\n<p>Beamte der PI Gr\u00fcnstadt konnten bei zwei Verkehrskontrollen am 18.02. mehrere Kontrollerfolge verbuchen: Bei einer Laserkontrolle in Obers\u00fclzen wurden 8 Fahrzeugf\u00fchrer wegen \u00fcberh\u00f6hter Geschwindigkeit (30er Zone) sanktioniert. Ein 50-J\u00e4hriger aus Freinsheim hatte keine g\u00fcltige Fahrerlaubnis f\u00fcr sein Kleinkraftrad. Bei einem 32-j\u00e4hrigen PKW-Fahrer aus Frankenthal bestand der Verdacht auf Drogeneinwirkung, weshalb ihm eine Blutprobe genommen wurde. Der 32-J\u00e4hrige r\u00e4umte ein, einen Joint geraucht zu haben. <\/p>\n\n\n\n<p>An der Kontrollstelle in Gr\u00fcnstadt wurden mehrere PKW wegen Nichtmitf\u00fchren von Verbandskasten und Warnwesten bem\u00e4ngelt. Ein 24-j\u00e4hriger  PKW-Fahrer zeigte Anzeichen auf BTM-Einwirkung. Der Urintest schlug auf THC an, weshalb dem 24-J\u00e4hrigen ebenfalls eine Blutprobe genommen wurde. <\/p>\n\n\n\n<h4 class=\"wp-block-heading\">(Polizeipr\u00e4sidium Rheinpfalz) &#8211; Go Live \/ Fastnachtsumzug Ludwigshafen 23.02.2020<\/h4>\n\n\n\n<div class=\"wp-block-image\"><figure class=\"aligncenter\"><img decoding=\"async\" loading=\"lazy\" width=\"800\" height=\"598\" src=\"https:\/\/speyer24news.com\/wp-content\/uploads\/2020\/02\/GoLive.jpg\" alt=\"\" class=\"wp-image-25483\" srcset=\"https:\/\/speyer24news.com\/wp-content\/uploads\/2020\/02\/GoLive.jpg 800w, https:\/\/speyer24news.com\/wp-content\/uploads\/2020\/02\/GoLive-300x224.jpg 300w, https:\/\/speyer24news.com\/wp-content\/uploads\/2020\/02\/GoLive-768x574.jpg 768w, https:\/\/speyer24news.com\/wp-content\/uploads\/2020\/02\/GoLive-326x245.jpg 326w, https:\/\/speyer24news.com\/wp-content\/uploads\/2020\/02\/GoLive-80x60.jpg 80w\" sizes=\"(max-width: 800px) 100vw, 800px\" \/><figcaption>Go Live beim Fastnachtsumzug in Ludwigshafen am 23.02.2020<\/figcaption><\/figure><\/div>\n\n\n\n<p>Anl\u00e4sslich des Polizeieinsatzes zum Fastnachtsumzug in Ludwigshafen gehen wir neue Wege in der \u00d6ffentlichkeitsarbeit. <\/p>\n\n\n\n<p>Auf unserem Twitter-Kanal @Polizei_Rheinpfalz werden wir am 23.02.2020 &#8211; teilweise sogar live &#8211; aus dem Einsatz berichten. Verschiedene Interviewpartner werden \u00fcber ihre Arbeitsbereiche informieren und erkl\u00e4ren, welche Aufgaben die Polizistinnen und Polizisten dort haben. Wir wollen Ihnen damit einen Einblick in die Arbeit der Polizei geben. <\/p>\n\n\n\n<p>Nat\u00fcrlich hoffen wir, dass Ihnen unsere Videoclips neue Einblicke geben, Sie unserer Live-Berichterstattung aus dem Polizeieinsatz hier in Ludwigshafen folgen und auch mit uns interagieren. Wenn es Ihnen gef\u00e4llt, freuen wir uns \u00fcber ein Like. Wenn Sie Fragen haben, stellen sie diese \u00fcber die Kommentarfunktion. \u00dcber R\u00fcckmeldungen und Anregungen freuen wir uns nat\u00fcrlich auch. <\/p>\n\n\n\n<p>Informationen rund um den Fastnachtsumzug ver\u00f6ffentlichen wir am Fastnachtssonntag auf dem Presseportal <a rel=\"noreferrer noopener\" href=\"https:\/\/www.presseportal.de\/blaulicht\/nr\/117696\" target=\"_blank\">https:\/\/www.presseportal.de\/blaulicht\/nr\/117696<\/a> und auf unserem Twitterkanal <a rel=\"noreferrer noopener\" href=\"https:\/\/twitter.com\/PP_Rheinpfalz\" target=\"_blank\">https:\/\/twitter.com\/PP_Rheinpfalz<\/a>. <\/p>\n\n\n\n<h4 class=\"wp-block-heading\">(Ludwigshafen) &#8211; Unfall in der B\u00f6cklinstra\u00dfe<\/h4>\n\n\n\n<p>Am 18.02.2020, gegen 22:35 Uhr, fuhr ein 29-J\u00e4hriger mit seinem Auto auf der B\u00f6cklinstra\u00dfe in Richtung Mundenheimer Stra\u00dfe. Zur gleichen Zeit fuhr ein 22-J\u00e4hriger mit seinem Auto auf der Van-Leyden-Stra\u00dfe in Richtung B\u00f6cklinstra\u00dfe. An der Einm\u00fcndung Van-Leyden-Stra\u00dfe und B\u00f6cklinstra\u00dfe stie\u00dfen die beiden Autos zusammen. Der 29-J\u00e4hriger verletzte sich leicht, der 22-J\u00e4hrige blieb unverletzt. Am Auto des 29-J\u00e4hrigen entstand wirtschaftlicher Totalschaden in H\u00f6he von etwa 9.000 Euro. Am Auto des 22-J\u00e4hrigen entstand ein Schaden von etwa 3.000 Euro. Das Auto des 29-J\u00e4hrigen wurde abgeschleppt. <\/p>\n\n\n\n<h4 class=\"wp-block-heading\">(Ludwigshafen) &#8211; Sonnenbrille aus Smart gestohlen<\/h4>\n\n\n\n<p>In der Zeit zwischen dem 16.02.2020, gegen 15:00 Uhr und dem 18.02.2020, gegen 14.00 Uhr, stahlen unbekannte T\u00e4ter eine Sonnenbrille aus einem wei\u00dfen Smart fortwo, der in der Ganderhofstra\u00dfe geparkt war. <\/p>\n\n\n\n<p>Sachdienliche Hinweise nimmt die Kriminalpolizei Ludwigshafen unter der Telefonnummer 0621\/963-2773 oder per E-Mail  <a href=\"mailto:kiludwigshafen.k1.kdd@polizei.rlp.de\">kiludwigshafen.k1.kdd@polizei.rlp.de<\/a> entgegen. <\/p>\n\n\n\n<h4 class=\"wp-block-heading\">(Ludwigshafen) &#8211; Fu\u00dfg\u00e4nger schl\u00e4gt Autoscheibe ein \/ Zeugen gesucht<\/h4>\n\n\n\n<p>Am 18.02.2020, gegen 10:35 Uhr, fuhr ein 76-J\u00e4hriger mit seinem Auto auf der Kaiser-Wilhelm-Stra\u00dfe. Als an einer Kreuzung die Ampel rot war, hielt er hinter einem anderen Auto an. An dessen Fahrerscheibe unterhielt sich ein Fu\u00dfg\u00e4nger mit dem Fahrer des Autos. Als die Ampel gr\u00fcn wurde und das Auto vor ihm nicht losfuhr, hupte der 76-J\u00e4hrige. Daraufhin kam der Fu\u00dfg\u00e4nger zu seinem Auto und schlug an die Seitenscheibe der Fahrert\u00fcr des 76-J\u00e4hrigen. Danach ging er zur Beifahrert\u00fcr und schlug so heftig gegen die Seitenscheibe, dass diese vollst\u00e4ndig zerbrach. Die 74-j\u00e4hrige Ehefrau, die auf dem Beifahrersitz sa\u00df, erlitt aufgrund der Scherben eine Schnittverletzung im Gesicht. Der unbekannte Fu\u00dfg\u00e4nger fl\u00fcchtete in Richtung Rheingalerie. Der 76-J\u00e4hrige nahm zwar noch die Verfolgung auf, verlor den Unbekannten jedoch aus den Augen. Er war klein und d\u00fcnn und hatte schwarze Haare. Er trug graue Kleidung und hatte einen Rucksack. <\/p>\n\n\n\n<p>Die Polizei sucht nun Zeugen. <\/p>\n\n\n\n<p>Wer Hinweise zu dem unbekannten Mann geben kann, wird gebeten, sich an die Polizeiinspektion Ludwigshafen 1, Tel. 0621 963-2122 oder per E-Mail <a href=\"mailto:piludwigshafen1@polizei.rlp.de\">piludwigshafen1@polizei.rlp.de<\/a> zu wenden. <\/p>\n\n\n\n<h4 class=\"wp-block-heading\">(Ludwigshafen) &#8211; Versuchter Diebstahl eines &#8222;Jaguars&#8220;<\/h4>\n\n\n\n<p>In der Zeit zwischen dem 17.02.2020, gegen 18:00 Uhr und dem 18.02.2020, gegen 08.10 Uhr, versuchten unbekannte T\u00e4ter einen &#8222;Jaguar&#8220; zu stehlen, der auf dem Firmengel\u00e4nde eines Autohauses in der Ruchheimer Stra\u00dfe stand. Sie schlugen eine Scheibe des &#8222;Jaguars&#8220; ein und \u00f6ffneten die Fahrzeugt\u00fcr. Es gelang ihnen jedoch nicht, den &#8222;Jaguar&#8220; zu entwenden. <\/p>\n\n\n\n<p>Sachdienliche Hinweise nimmt die Kriminalpolizei Ludwigshafen unter der Telefonnummer 0621\/963-2773 oder per E-Mail  <a href=\"mailto:kiludwigshafen.k1.kdd@polizei.rlp.de\">kiludwigshafen.k1.kdd@polizei.rlp.de<\/a> entgegen. <\/p>\n\n\n\n<h4 class=\"wp-block-heading\">(Ludwigshafen) &#8211; Versuchter Aufbruch eines Geldautomaten<\/h4>\n\n\n\n<p>In der Nacht vom 17.02.2020 auf den 18.02.2020 versuchten unbekannte T\u00e4ter einen Geldautomaten in einer Postfiliale in der Ernst-Boehe-Stra\u00dfe aufzuhebeln. Es gelang ihnen jedoch nicht. <\/p>\n\n\n\n<p>Sachdienliche Hinweise nimmt die Kriminalpolizei Ludwigshafen unter der Telefonnummer 0621\/963-2773 oder per E-Mail  <a href=\"mailto:kiludwigshafen.k1.kdd@polizei.rlp.de\">kiludwigshafen.k1.kdd@polizei.rlp.de<\/a> entgegen. <\/p>\n\n\n\n<h4 class=\"wp-block-heading\">(Mannheim) &#8211; Spazierg\u00e4ngerin von unbekanntem Mann angegangen; Zeugen dringend gesucht<\/h4>\n\n\n\n<div class=\"wp-block-image\"><figure class=\"aligncenter\"><img decoding=\"async\" src=\"https:\/\/speyer24news.com\/wp-content\/uploads\/2020\/02\/Zeugen-Gesucht-Neutral.jpg\" alt=\"\" class=\"wp-image-25059\"\/><\/figure><\/div>\n\n\n\n<p>Eine Spazierg\u00e4ngerin wurde am fr\u00fchen Mittwochnachmittag in der Neckarstadt von einem bislang unbekannten Mann angegangen. Die 50-J\u00e4hrige war gerade in H\u00f6he der Inselstra\u00dfe auf einem Gehweg an der Neckarwiese unterwegs, als sie zwischen 12.30-13.00 Uhr in H\u00f6he eines Autohauses, unterhalb des Dammes von dem T\u00e4ter pl\u00f6tzlich von hinten umklammert wurde. Darauf st\u00fcrzte die Frau zu Boden und wehrte sich mit H\u00e4nden und F\u00fc\u00dfen gegen den Unbekannten. nachdem es ihr gelungen war, auf den Damm zu klettern und laut um Hilfe zu rufen, fl\u00fcchtete der T\u00e4ter in Richtung Dammstra\u00dfe. Der Hund der 50-J\u00e4hrigen, ein heller Yorkshire-Terrier, rannte dem T\u00e4ter noch einige Meter bellend hinterher. Von Zuhause aus informierte sie wenig sp\u00e4ter die Polizei \u00fcber den Vorfall. Eine sofort eingeleitete Fahndung mit mehreren Streifenwagen verlief jedoch ohne Ergebnis. <\/p>\n\n\n\n<p>Nach den ersten Erkenntnissen des Kriminalkommissariats Mannheim d\u00fcrfte die Tat sexuell motiviert gewesen sein. <\/p>\n\n\n\n<p>Der Mann, der der Spazierg\u00e4ngerin vor dem \u00dcbergriff \u00fcber mehrere hundert Meter aus Richtung Dammstra\u00dfe gefolgt war, wird wie folgt beschrieben: <\/p>\n\n\n\n<ul><li>ca. 35 Jahre<\/li><li>ca. 175 cm<\/li><li>sehr schlank<\/li><li>beige Hose, Basecap. <\/li><li>Eine n\u00e4here Beschreibung liegt noch nicht vor. <\/li><\/ul>\n\n\n\n<p>Zeugen, die Hinweise zum Tatablauf, dem T\u00e4ter und oder dessen Fluchtrichtung geben k\u00f6nnen werden gebeten, sich mit dem Kriminaldauerdienst, Tel.: 0621\/174-4444 in Verbindung zu setzen. <\/p>\n\n\n\n<h4 class=\"wp-block-heading\">(Mannheim) &#8211; Unfall in der Hafenbahnstra\u00dfe im Stadtteil Herzogenried<\/h4>\n\n\n\n<p>Eine verletzte Beifahrerin und Schaden von rund 14.000 Euro sind nach einem Verkehrsunfall am Dienstag kurz nach 15 Uhr im Mannheimer Stadtteil Herzogenried zu beklagen. Ein 29-j\u00e4hriger Toyota-Fahrer wie auch ein 50-j\u00e4hriger Mercedes-Fahrer befuhren hintereinander die Hafenbahnstra\u00dfe. Da der Toyota-Fahrer ziemlich rechts fuhr, ging der 50-J\u00e4hrige davon aus, dass er in das dortige Tankstellenareal einfahren wolle. <\/p>\n\n\n\n<p>Urpl\u00f6tzlich zog er jedoch seinen Wagen wieder nach links, gerade in dem Moment, als der Mercedes-Fahrer vorbeifahren wollte. Bis zum Stillstand konnte der 50-J\u00e4hrige seinen Wagen zwar abbremsen, aber nicht verhindern, dass der Toyota dagegen stie\u00df. <\/p>\n\n\n\n<p>Der 29-J\u00e4hrige gab bei der Unfallaufnahme gegen\u00fcber den Polizeibeamten an, einer Katze ausgewichen zu sein. <\/p>\n\n\n\n<p>Eine 18-j\u00e4hrige Mitfahrerin in seinem Auto klagte \u00fcber Verletzungen, die nach der Erstversorgung durch den Notarzt in einem Mannheimer Krankenhaus weiterbehandelt werden mussten. Beide nicht mehr fahrbereiten Autos transportierte ein Abschleppunternehmen von der Unfallstelle ab. <\/p>\n\n\n\n<h4 class=\"wp-block-heading\">(Mannheim) &#8211; 10-j\u00e4hriges M\u00e4dchen stolpert im Gleisbereich<\/h4>\n\n\n\n<p>Ein 10-j\u00e4hriges M\u00e4dchen \u00fcberquerte am Dienstagmittag kurz nach 13 Uhr die Bahngleise an der Haltestelle &#8222;Schloss&#8220;, als sie pl\u00f6tzlich ins Stolpern kam und st\u00fcrzte. Sie stand zwar gleich wieder auf, \u00fcbersah aber die gerade anfahrende Stra\u00dfenbahn der Linie 5 und prallte mit dieser zusammen. Das M\u00e4dchen aus Mannheim erlitt Verletzungen, die nach der Erstbehandlung vor Ort in einem Krankenhaus weiterbehandelt werden mussten. Deren Eltern wurden \u00fcber den Vorfall in Kenntnis gesetzt. <\/p>\n\n\n\n<p>An der Stra\u00dfenbahn war kein Schaden entstanden. <\/p>\n\n\n\n<h4 class=\"wp-block-heading\">(Mannheim-Vogelstang) &#8211; Einbruch bei Wohnmobilh\u00e4ndler \/ Polizei sucht Zeugen<\/h4>\n\n\n\n<p>Unbekannte T\u00e4ter brachen in der Nacht von Montag auf Dienstag in das Gel\u00e4nde eines Wohnmobilh\u00e4ndlers im Stadtteil Vogelstang ein. Die Einbrecher entfernten ein Zaunelement an der R\u00fcckseite des Firmengel\u00e4ndes in der Stra\u00dfe &#8222;Hinter dem Wolfsberg&#8220; und drangen in das Ausstellungsgl\u00e4nde f\u00fcr Wohnmobile ein. Anschlie\u00dfend \u00f6ffneten sie die Motorhauben an \u00fcber 50 neuen und gebrauchten Fahrzeugen und schraubten aus diesen jeweils drei Dieselinjektoren heraus und entwendeten sie. Danach fl\u00fcchteten Sie in unbekannte Richtung. Insgesamt entstand ein Schaden von \u00fcber 50.000 Euro. <\/p>\n\n\n\n<p>Die Ermittlungen dauern an, derzeit werden die Aufnahmen der Video\u00fcberwachungsanlage ausgewertet. <\/p>\n\n\n\n<p>Zeugen, die verd\u00e4chtige Wahrnehmungen gemacht haben, werden gebeten, sich beim Polizeirevier Mannheim-K\u00e4fertal, Tel.: 0621\/71849-0 zu melden. <\/p>\n\n\n\n<h4 class=\"wp-block-heading\">(Mannheim \/ Heidelberg \/ Rhein-Neckar-Kreis) &#8211; Polizei und Kommunen auf Fastnachtszeit vorbereitet<\/h4>\n\n\n\n<div class=\"wp-block-image\"><figure class=\"aligncenter\"><img decoding=\"async\" loading=\"lazy\" width=\"800\" height=\"455\" src=\"https:\/\/speyer24news.com\/wp-content\/uploads\/2020\/01\/Luftschlanfen-Party.jpg\" alt=\"\" class=\"wp-image-24352\" srcset=\"https:\/\/speyer24news.com\/wp-content\/uploads\/2020\/01\/Luftschlanfen-Party.jpg 800w, https:\/\/speyer24news.com\/wp-content\/uploads\/2020\/01\/Luftschlanfen-Party-300x171.jpg 300w, https:\/\/speyer24news.com\/wp-content\/uploads\/2020\/01\/Luftschlanfen-Party-768x437.jpg 768w\" sizes=\"(max-width: 800px) 100vw, 800px\" \/><\/figure><\/div>\n\n\n\n<p>Ahoi und Hajo! Mit dem Schmutzigen Donnerstag, 20. Februar 2020, beginnt in diesem Jahr wieder die hei\u00dfe Phase der Fasnacht in Mannheim, Heidelberg und dem Rhein-Neckar-Kreis. Viele Veranstaltungen, Umz\u00fcge und Feiern warten auf die zahlreichen N\u00e4rrinnen und Narren bis Aschermittwoch, 25. Februar. W\u00e4hrend in den St\u00e4dten und Gemeinden die Vorbereitungen auf Hochtouren laufen, hat sich auch das Polizeipr\u00e4sidium Mannheim auf die Fastnachtszeit eingestellt: Unter anderem stehen verst\u00e4rkte Alkoholkontrollen auf dem Plan, aber auch Umz\u00fcge in Heidelberg, Schwetzingen, Weinheim und Hockenheim und Feste wie die Mannheimer Stra\u00dfenfasnacht werden von Einsatzkr\u00e4ften begleitet. <\/p>\n\n\n\n<p>&#8222;Auch in der f\u00fcnften Jahreszeit ist uns die Sicherheit der B\u00fcrgerinnen und B\u00fcrger ein wichtiges Anliegen&#8220;, sagt Polizeipr\u00e4sident Andreas Stenger. &#8222;Wir werden mit unserem bew\u00e4hrten Konzept und einem flexiblen Vorgehen daf\u00fcr Sorge tragen, dass die Besucherinnen und Besucher der Veranstaltungen fr\u00f6hlich, ausgelassen und dennoch sicher feiern k\u00f6nnen&#8220;, erg\u00e4nzt Stenger. Dazu werden verst\u00e4rkt Polizistinnen und Polizisten auf den Stra\u00dfen im Einsatz sein, die jederzeit auf Herausforderungen und Situationen reagieren k\u00f6nnen. Wichtig ist Polizeipr\u00e4sident Stenger hier vor allem die enge Zusammenarbeit mit den Kommunen. So wurden bereits im Vorfeld 36 Aufenthaltsverbote gegen erkannte potenzielle St\u00f6rer und Straft\u00e4ter im Zusammenhang mit Fastnachtsveranstaltungen erlassen. Die Einhaltung dieser Verbote wird konsequent \u00fcberwacht. <\/p>\n\n\n\n<p>Mit verst\u00e4rkten Alkoholkontrollen m\u00f6chte die Polizei verhindern, dass betrunken Auto gefahren wird und eventuell schwere Unf\u00e4lle passieren. Denn Alkohol oder Drogen sind nach wie vor eine bedeutende Unfallursache im Stra\u00dfenverkehr. Gerade Alkohol wird erfahrungsgem\u00e4\u00df in der f\u00fcnften Jahreszeit intensiver konsumiert, was nicht nur die Gefahr von Trunkenheitsfahrten und schweren Unf\u00e4llen erh\u00f6ht, sondern auch die Bereitschaft zur Gewalt steigen l\u00e4sst. Auch das Thema Jugendschutz steht im Zusammenhang mit Alkoholkonsum auf der umfassenden Sicherheitsagenda der Polizei. <\/p>\n\n\n\n<p>&#8222;Nat\u00fcrlich geh\u00f6ren Spa\u00df, gute Laune und Feierstimmung zur Fastnacht dazu&#8220;, so der Landrat des Rhein-Neckar-Kreises, Stefan Dallinger und sagt weiter: &#8222;Insbesondere bei Kindern und Jugendlichen sollten Eltern, Verwandte und Freunde Vorbild sein und zeigen, dass n\u00e4rrische Hochstimmung und missbr\u00e4uchlicher Alkoholkonsum nicht zusammengeh\u00f6ren. Und nicht nur Kinder und Jugendliche, auch Erwachsene m\u00fcssen zu Alkohol &#8222;Nein&#8220; sagen k\u00f6nnen.&#8220; <\/p>\n\n\n\n<p>&#8222;Faschingsumz\u00fcge und -feiern haben in Heidelberg und der Region eine lange Tradition. Wir wollen, dass die Menschen sicher und friedlich feiern k\u00f6nnen. Der Kommunale Ordnungsdienst der Stadt Heidelberg und die Polizei werden im \u00f6ffentlichen Raum gemeinsam f\u00fcr Sicherheit und Ordnung sorgen. Die sehr gute und routinierte Zusammenarbeit im Rahmen der Sicherheitspartnerschaft Heidelberg bietet die besten Voraussetzungen daf\u00fcr&#8220;, betont Heidelbergs B\u00fcrgermeister Wolfgang Erichson.&nbsp; <\/p>\n\n\n\n<p>Bei der dienst\u00e4glichen Stra\u00dfenfastnacht in der Mannheimer Innenstadt wird auch der Ordnungsdienst der Stadt Mannheim pr\u00e4sent sein: &#8222;Die Besucherinnen und Besucher sollen unbeschwert feiern und sich dabei sicher f\u00fchlen k\u00f6nnen. Dazu sind unsere Ordnungsdienst-Mitarbeiter bis in die Nacht vor Ort, um zum einen als sichtbare Anlaufstelle zu fungieren, aber zum anderen auch um einzugreifen, falls Bedarf besteht&#8220;, berichtet Mannheims Erster B\u00fcrgermeister und Sicherheitsdezernent Christian Specht. Die st\u00e4dtischen Ordnungskr\u00e4fte wurden eigens f\u00fcr dieses Event nochmals instruiert und darauf hingewiesen, wie mit den verschiedensten Situationen umzugehen ist. <\/p>\n\n\n\n<p>Der st\u00e4dtische Ordnungsdienst wird bis Mitternacht, also zwei Stunden nach offiziellem Veranstaltungsende, in der Innenstadt unterwegs sein. Bis dahin ist der Fachbereich Sicherheit und Ordnung auch telefonisch erreichbar, unter 0621\/293-2933. <\/p>\n\n\n\n<p>In Sachen Verkehrssicherheit stehen aber nicht nur Autofahrerinnen und Autofahrer im Fokus. Auch Fahrradfahrerinnen und Fahrradfahrer sowie die Fahrerinnen und Fahrer von e-Scootern m\u00fcssen mit Alkohol- und Drogenkontrollen rechnen. <\/p>\n\n\n\n<p><strong>Damit nach den tollen Tagen au\u00dfer Konfetti nichts in den Schuhen bleibt, hier noch einige wichtige Tipps ihrer Polizei: <\/strong><\/p>\n\n\n\n<ul><li>Denken Sie auch in der Fastnachtszeit an Ihren F\u00fchrerschein. <\/li><li>H\u00e4nde weg vom Alkohol, wenn Sie noch fahren m\u00fcssen &#8211; von Drogen      sowieso! <\/li><li>Bereits ab 0,3 Promille Alkohol im Blut k\u00f6nnen Sie mit dem Gesetz in Konflikt kommen und Ihren F\u00fchrerschein verlieren. <\/li><li>Ab 0,3 Promille Alkohol im Blut steigt das Unfallrisiko um das 1,2-fache, ab 0,8 Promille um das Vierfache und ab 1,1 Promille um das zehnfache <\/li><li>Achtung: Auch e-Scooter sind Kraftfahrzeuge und somit gelten hier die Grenzwerte wie f\u00fcr Autos. <\/li><li>Nutzen Sie nach M\u00f6glichkeit \u00f6ffentliche Verkehrsmittel <\/li><li>Bilden Sie Fahrgemeinschaften und legen Sie vorher fest, wer       zur\u00fcckf\u00e4hrt und n\u00fcchtern bleibt! <\/li><li>Setzen Sie sich nicht zu betrunkenen oder drogenbeeinflussten       Fahrerinnen oder Fahrern ins Auto!<\/li><\/ul>\n\n\n\n<h4 class=\"wp-block-heading\">(Heidelberg) &#8211; Radfahrer bei Unfall schwer verletzt, Unfallverursacher und Zeugen gesucht!<\/h4>\n\n\n\n<p>Am Mittwoch gegen 07.25 Uhr befuhr ein Auto die Mittermaierstra\u00dfe in Richtung Ernst-Walz-Br\u00fccke. <\/p>\n\n\n\n<p>In H\u00f6he der Vangerowstra\u00dfe soll das Auto vom linken Fahrstreifen auf den rechten Fahrstreifen gewechselt und dabei in den Bereich des Radfahrschutzstreifens geraten sein. Ein 43-j\u00e4hriger Radfahrer, der in gleicher Richtung auf dem Radfahrschutzstreifen fuhr, erkannte die Situation und leitete eine Vollbremsung ein um nicht mit dem Auto zusammenzusto\u00dfen. Hierbei st\u00fcrzte der Radfahrer und zog sich schwere Verletzung zu. Zu einem Zusammensto\u00df kam es nicht! <\/p>\n\n\n\n<p>Der PKW soll nach dem Sturz des Radfahrers seine Fahrt verlangsamt, dann jedoch in Richtung Ernst-Walz-Br\u00fccke fortgesetzt haben ohne sich um den Verletzten zu k\u00fcmmern. <\/p>\n\n\n\n<p>Der Radfahrer wurde in der Folge von einem Rettungswagen zur weiteren Behandlung in ein nahegelegenes Krankenhaus gebracht. <\/p>\n\n\n\n<p>Das fl\u00fcchtige Fahrzeug hatte Kennzeichen mit Heidelberger Zulassung. <\/p>\n\n\n\n<p>Die weiteren Ermittlungen werden durch den Verkehrsdienst Heidelberg gef\u00fchrt. <\/p>\n\n\n\n<p>Die Ermittler suchen nach dem Unfallverursacher und nach Zeugen des Vorfalls. Diese werden gebeten, sich unter 0621 174 4111 zu melden. <\/p>\n\n\n\n<h4 class=\"wp-block-heading\">(Heidelberg-Emmertsgrund) &#8211; Wohnungsbrand in Mehrfamilienhaus \/ ca. 50 000,- Euro Sachschaden<\/h4>\n\n\n\n<p>Am Mittwochmorgen, gegen 02.50 Uhr, kam es in der Jellinekstra\u00dfe zu einem Zimmerbrand einer, im Erdgescho\u00df befindlichen, Wohnung eines Mehrfamilienhauses. Durch die Berufsfeuerwehr Heidelberg, die mit einem L\u00f6schzug vor Ort war, konnte der Brand schnell unter Kontrolle gebracht und gel\u00f6scht werden. Die Brandursache ist derzeit noch unklar. 15 Anwohner des Anwesens konnte sich zuvor selbst\u00e4ndig in Sicherheit bringen. Hiervon wurden 7 Personen vorsorglich wegen Verdachts einer Rauchgasvergiftung vor Ort medizinisch betreut. Gl\u00fccklicherweise waren keine Verletzten zu verzeichnen. Der Schaden in der Brandwohnung, die nicht mehr bewohnbar ist, wird auf ca. 50 000,- Euro gesch\u00e4tzt. Das Polizeirevier HD-S\u00fcd hat die Ermittlungen aufgenommen. <\/p>\n\n\n\n<h4 class=\"wp-block-heading\">(Plankstadt \/ Rhein-Neckar-Kreis) &#8211; Drohschreiben an einen Politiker; Dezernat Staatsschutz ermittelt<\/h4>\n\n\n\n<p>Der Vertreter eines politischen Fl\u00fcgels einer Bundespartei wurde in den vergangenen Tagen von Unbekannten bedroht. Ihn erreichten zwei Schriftst\u00fccke, deren Inhalte politisch motiviert und in Zusammenhang mit seinen politischen Aktivit\u00e4ten stehen d\u00fcrften. <\/p>\n\n\n\n<p>Das Dezernat Staatsschutz der Kriminalpolizeidirektion Heidelberg hat die Ermittlungen aufgenommen; die Kriminaltechnik ist mit der Spurensicherung betraut. Schutzma\u00dfnahmen f\u00fcr den Bedrohten sind getroffen. <\/p>\n\n\n\n<p>Zeugen, die Hinweise geben k\u00f6nnen, werden gebeten, sich mit dem Kriminaldauerdienst, Tel.: 0621\/174-444 oder mit dem Polizeirevier Schwetzingen, Tel.: 06202\/288-0 in Verbindung zu setzen.<\/p>\n\n\n\n<h4 class=\"wp-block-heading\">(Schwetzingen \/ Rhein-Neckar-Kreis) &#8211; Unfall auf der L 597\/B 535 fordert eine Verletzte und zwei abschleppreife Fahrzeuge Fahrspur zeitweise voll gesperrt<\/h4>\n\n\n\n<p>Am Dienstagabend gegen 18 Uhr kam es im Einm\u00fcndungsbereich L 597\/B 535 zu einem Unfall, der eine Verletzte und zwei nicht mehr fahrbereite Autos zu beklagen hatte. Verursacht hatte den Verkehrsunfall ein 65-j\u00e4hriger Autofahrer, der die L 597 von Schwetzingen in Richtung Friedrichsfeld befuhr und beim Abbiegen der entgegenkommenden 33-j\u00e4hrigen Mercedes-Fahrerin die Vorfahrt nicht gew\u00e4hrt hatte. Sie zog sich dabei Verletzungen zu, die vorsorglich in einem nahegelegenen Krankenhaus weiterbehandelt werden mussten. <\/p>\n\n\n\n<p>Beide nicht mehr fahrbereiten Autos &#8211; die Gesamtschadensh\u00f6he ist bislang nicht bezifferbar &#8211; transportierten Abschleppunternehmen von der Unfallstelle ab. <\/p>\n\n\n\n<p>Zur Reinigung der mit Betriebsstoffen verschmutzten Fahrbahn war die Freiwillige Feuerwehr Schwetzingen wie auch eine Spezialfirma im Einsatz. Zeitweise war die Fahrspur von Schwetzingen in Richtung Friedrichsfeld voll gesperrt. <\/p>\n\n\n\n<h4 class=\"wp-block-heading\">(Bammental \/ Rhein-Neckar-Kreis) &#8211; Unbekannte besch\u00e4digen geparkte Autos und w\u00fcten im Garten eines Anwesens \/ Neckargem\u00fcnder Polizei ermittelt und bittet um Hinweise<\/h4>\n\n\n\n<p>Zwei abgestellte Autos, die jeweils hinter Anwesen in der Hauptstra\u00dfe am Dienstagnachmittag geparkt waren, besch\u00e4digten bislang unbekannte T\u00e4ter. U.a. zerkratzten sie die Motorhaube, demolierten vermutlich mit Steinen eine Fahrzeugseite, rissen eine Antenne ab, zerst\u00f6rten die Abdeckung eines Scheinwerfers sowie die Beleuchtungseinrichtungen und stahlen zumindest von einem Fahrzeug das vordere Kennzeichen. <\/p>\n\n\n\n<p>Bei der Tat\u00f6rtlichkeit handelt es sich um einen Fu\u00dfweg an der Elsenz entlang parallel zur Hauptstra\u00dfe, der durch Fu\u00dfg\u00e4nger stark genutzt wird. Eine Anwohnerin informierte zudem die Polizei, da in ihrem Garten teilweise Pflanzen und Gegenst\u00e4nde herausgerissen und Steine, die als &#8222;Tatmittel&#8220; dienten, entfernt wurden. Die Gesamtschadensh\u00f6he ist derzeit noch nicht bezifferbar. <\/p>\n\n\n\n<p>Als Tatzeit konnte Dienstagnachmittag zwischen 14 Uhr und ca. 17.20 Uhr eingegrenzt werden. Zeugen bzw. weitere Anwohner, die evtl. verd\u00e4chtige Beobachtungen gemacht haben, werden gebeten, Kontakt mit dem Polizeirevier Neckargem\u00fcnd, Tel.: 06223\/9254-0, aufzunehmen. <\/p>\n\n\n\n<h4 class=\"wp-block-heading\">(Neckargem\u00fcnd \/ Rhein-Neckar-Kreis) &#8211; Unfallbeteiligte leicht verletzt \/ Schaden von \u00fcber 11.000 Euro<\/h4>\n\n\n\n<p>Verletzt wurde eine 33-J\u00e4hrige bei einem Verkehrsunfall, der sich am Dienstagnachmittag kurz vor 15 Uhr in der Stra\u00dfe &#8222;Am M\u00fchlwald\/Rainbach&#8220; ereignet hat. Aus bislang nicht bekannter Ursache geriet ein aus Neckargem\u00fcnd stammender Autofahrer bei seiner Fahrt urpl\u00f6tzlich in den Gegenverkehr und kollidierte mit dem Fiat der 33-J\u00e4hrigen. Beide Autos wurden dabei total besch\u00e4digt und mussten auch von Abschleppunternehmen abtransportiert werden. Nach der Erstbehandlung an der Unfallstelle wurde die Frau vorsorglich in einem Heidelberger Krankenhaus weiterbehandelt. <\/p>\n\n\n\n<p>W\u00e4hrend der Unfallaufnahme bzw. Beseitigung der Autos war eine polizeiliche Verkehrsregelung erforderlich. Der Verursacher sieht einer Anzeige entgegen.<\/p>\n\n\n\n<h4 class=\"wp-block-heading\">(Eberbach \/ Rhein-Neckar-Kreis) &#8211; Einbruch in Bahnhofsgesch\u00e4ft, Wer hat Verd\u00e4chtige(s) bemerkt?<\/h4>\n\n\n\n<p>In der Nacht von Dienstag auf Mittwoch brachen ein oder mehrere bislang unbekannte T\u00e4ter in ein Gesch\u00e4ft in der Bahnhofshalle in Eberbach ein. <\/p>\n\n\n\n<p>Entwendete wurden mehrere Stangen Zigaretten, Alkoholika und Getr\u00e4nkedose. <\/p>\n\n\n\n<p>Die Ermittler des Polizeireviers Eberbach f\u00fchrten umfangreiche Spurensicherungsma\u00dfnahmen am Tatort durch. <\/p>\n\n\n\n<p>Zudem suchen die Polizeibeamtinnen und Polizeibeamten aus Eberbach Zeugen des Vorfalls und oder Personen, die verd\u00e4chtige Personen oder Fahrzeuge in der Nacht festgestellt haben. <\/p>\n\n\n\n<p>Diese m\u00f6gen sich unter 06271 92100 melden. <\/p>\n\n\n\n<h4 class=\"wp-block-heading\">(Eberbach \/ Rhein-Neckar-Kreis) &#8211; Unbekannte besch\u00e4digen Kunst! Wer kann Hinweise geben?<\/h4>\n\n\n\n<p>Ein oder mehrere bislang unbekannte T\u00e4ter beschmierten die Bilder und Graffitis, die von K\u00fcnstlern an der Unterf\u00fchrung vom Parkplatz Gleisdreieck zum Bahnhof Eberbach angebracht waren. <\/p>\n\n\n\n<p>Es entstand ein Schaden in noch unbekannter H\u00f6he. <\/p>\n\n\n\n<p>Einen genauen Tatzeitraum oder Tatverd\u00e4chtige konnten die Polizeibeamtinnen und -beamten des Polizeireviers Eberbach noch nicht ermitteln. <\/p>\n\n\n\n<p>Gesucht werden Zeugen, die Hinweise auf den oder die Verursacher geben k\u00f6nnen. Diese werden gebeten, sich unter 06271 92100 zu melden. <\/p>\n","protected":false},"excerpt":{"rendered":"<div class=\"mh-excerpt\"><p>Polizeimeldungen vom Mittwoch (19.02.2020) (Speyer) &#8211; Mit Alkohol am Steuer kontrolliert Dienstagnachmittag wurde ein 33-J\u00e4hriger Audi-Fahrer in Speyer-Nord einer allgemeinen Verkehrskontrolle unterzogen. Bereits beim Herantreten an das Fahrzeug konnten die kontrollierenden Beamten eine ge\u00f6ffnete, halbvolle <a class=\"mh-excerpt-more\" href=\"https:\/\/speyer24news.com\/?p=25480\" title=\"Polizei\">[&#8230;]<\/a><\/p>\n<\/div>","protected":false},"author":3,"featured_media":0,"comment_status":"open","ping_status":"open","sticky":false,"template":"","format":"standard","meta":{"_monsterinsights_skip_tracking":false,"_monsterinsights_sitenote_active":false,"_monsterinsights_sitenote_note":"","_monsterinsights_sitenote_category":0,"footnotes":""},"categories":[12],"tags":[3614,61,2555,63,105,53,4854,4683,1548,102,213,55,5261,103,106,2803,2423,427,2625,380,62,104,979,1565],"aioseo_notices":[],"amp_enabled":true,"_links":{"self":[{"href":"https:\/\/speyer24news.com\/index.php?rest_route=\/wp\/v2\/posts\/25480"}],"collection":[{"href":"https:\/\/speyer24news.com\/index.php?rest_route=\/wp\/v2\/posts"}],"about":[{"href":"https:\/\/speyer24news.com\/index.php?rest_route=\/wp\/v2\/types\/post"}],"author":[{"embeddable":true,"href":"https:\/\/speyer24news.com\/index.php?rest_route=\/wp\/v2\/users\/3"}],"replies":[{"embeddable":true,"href":"https:\/\/speyer24news.com\/index.php?rest_route=%2Fwp%2Fv2%2Fcomments&post=25480"}],"version-history":[{"count":1,"href":"https:\/\/speyer24news.com\/index.php?rest_route=\/wp\/v2\/posts\/25480\/revisions"}],"predecessor-version":[{"id":25484,"href":"https:\/\/speyer24news.com\/index.php?rest_route=\/wp\/v2\/posts\/25480\/revisions\/25484"}],"wp:attachment":[{"href":"https:\/\/speyer24news.com\/index.php?rest_route=%2Fwp%2Fv2%2Fmedia&parent=25480"}],"wp:term":[{"taxonomy":"category","embeddable":true,"href":"https:\/\/speyer24news.com\/index.php?rest_route=%2Fwp%2Fv2%2Fcategories&post=25480"},{"taxonomy":"post_tag","embeddable":true,"href":"https:\/\/speyer24news.com\/index.php?rest_route=%2Fwp%2Fv2%2Ftags&post=25480"}],"curies":[{"name":"wp","href":"https:\/\/api.w.org\/{rel}","templated":true}]}}