{"id":25488,"date":"2020-02-20T09:44:27","date_gmt":"2020-02-20T08:44:27","guid":{"rendered":"https:\/\/speyer24news.com\/?p=25488"},"modified":"2020-02-20T09:54:45","modified_gmt":"2020-02-20T08:54:45","slug":"veranstaltungen-32","status":"publish","type":"post","link":"https:\/\/speyer24news.com\/?p=25488","title":{"rendered":"Veranstaltungen"},"content":{"rendered":"<style type=\"text\/css\">\r\n\t.ads_top_disp{}\r\n\t.ads_top_corner_disp{ float:left; margin:0px 10px 10px 0px; }\r\n\t.ads_first_p_disp{}\r\n\t.ads_bottom_disp{}\r\n\t<\/style>\n<h2 class=\"wp-block-heading\">POPFASTNACHT- Die U18-PARTY in der HALLE 101 am 23.02.2020<\/h2>\n\n\n\n<div class=\"wp-block-image\"><figure class=\"aligncenter\"><img decoding=\"async\" loading=\"lazy\" width=\"800\" height=\"450\" src=\"https:\/\/speyer24news.com\/wp-content\/uploads\/2020\/02\/Popfastnacht.jpg\" alt=\"\" class=\"wp-image-25489\" srcset=\"https:\/\/speyer24news.com\/wp-content\/uploads\/2020\/02\/Popfastnacht.jpg 800w, https:\/\/speyer24news.com\/wp-content\/uploads\/2020\/02\/Popfastnacht-300x169.jpg 300w, https:\/\/speyer24news.com\/wp-content\/uploads\/2020\/02\/Popfastnacht-768x432.jpg 768w, https:\/\/speyer24news.com\/wp-content\/uploads\/2020\/02\/Popfastnacht-678x381.jpg 678w\" sizes=\"(max-width: 800px) 100vw, 800px\" \/><\/figure><\/div>\n\n\n\n<p><strong>Speyer &#8211; <\/strong>Am <strong>23. Februar<\/strong> ist es endlich soweit. Es steigt wieder die Popfastnacht in der Halle 101 f\u00fcr Jugendliche zwischen 12 und 18 Jahren. Die T\u00fcren \u00f6ffnen sich um 18 Uhr und bis 24 Uhr darf so richtig abgetanzt werden. Neben vier Dance-Acts, die den Tanzboden zum Beben bringen, heizen die bekannten DJ\u2018s <strong>The Flow, Sandro P<\/strong> und <strong>Miss Liquid<\/strong> die Halle mit ihrem Mix aus den aktuellen Charts sowie Hip Hop, Urban Beats, Mash Up\u2019s, Dancehall, Electro und Dance Music auf.<\/p>\n\n\n\n<div class=\"wp-block-image\"><figure class=\"alignleft is-resized\"><img decoding=\"async\" loading=\"lazy\" src=\"https:\/\/speyer24news.com\/wp-content\/uploads\/2020\/01\/JuF\u00f6-Speyer.png\" alt=\"\" class=\"wp-image-24520\" width=\"228\" height=\"170\"\/><\/figure><\/div>\n\n\n\n<p>Karten gibt es noch an den gewohnten Vorverkaufsstellen der Speyerer Buchhandlung Oelbermann sowie im Ars Ludi zu 4 Euro. F\u00fcr Kurzentschlossene gibt es die Karten an der Abendkasse zu 5 Euro. Weitere Informationen bei Christophe Herbin unter 06232\/14-1917.<\/p>\n\n\n\n<p><em>Text: Fachbereich Jugend, Familie, Senioren und Soziales \/ Jugendf\u00f6rderung Foto: Jugendf\u00f6rderung Speyer<br>20.02.2020<\/em><\/p>\n","protected":false},"excerpt":{"rendered":"<div class=\"mh-excerpt\"><p>POPFASTNACHT- Die U18-PARTY in der HALLE 101 am 23.02.2020 Speyer &#8211; Am 23. Februar ist es endlich soweit. Es steigt wieder die Popfastnacht in der Halle 101 f\u00fcr Jugendliche zwischen 12 und 18 Jahren. Die <a class=\"mh-excerpt-more\" href=\"https:\/\/speyer24news.com\/?p=25488\" title=\"Veranstaltungen\">[&#8230;]<\/a><\/p>\n<\/div>","protected":false},"author":3,"featured_media":0,"comment_status":"open","ping_status":"open","sticky":false,"template":"","format":"standard","meta":{"_monsterinsights_skip_tracking":false,"_monsterinsights_sitenote_active":false,"_monsterinsights_sitenote_note":"","_monsterinsights_sitenote_category":0,"footnotes":""},"categories":[13],"tags":[111,5504,20,6135,42,6134,6136,6],"aioseo_notices":[],"amp_enabled":true,"_links":{"self":[{"href":"https:\/\/speyer24news.com\/index.php?rest_route=\/wp\/v2\/posts\/25488"}],"collection":[{"href":"https:\/\/speyer24news.com\/index.php?rest_route=\/wp\/v2\/posts"}],"about":[{"href":"https:\/\/speyer24news.com\/index.php?rest_route=\/wp\/v2\/types\/post"}],"author":[{"embeddable":true,"href":"https:\/\/speyer24news.com\/index.php?rest_route=\/wp\/v2\/users\/3"}],"replies":[{"embeddable":true,"href":"https:\/\/speyer24news.com\/index.php?rest_route=%2Fwp%2Fv2%2Fcomments&post=25488"}],"version-history":[{"count":3,"href":"https:\/\/speyer24news.com\/index.php?rest_route=\/wp\/v2\/posts\/25488\/revisions"}],"predecessor-version":[{"id":25492,"href":"https:\/\/speyer24news.com\/index.php?rest_route=\/wp\/v2\/posts\/25488\/revisions\/25492"}],"wp:attachment":[{"href":"https:\/\/speyer24news.com\/index.php?rest_route=%2Fwp%2Fv2%2Fmedia&parent=25488"}],"wp:term":[{"taxonomy":"category","embeddable":true,"href":"https:\/\/speyer24news.com\/index.php?rest_route=%2Fwp%2Fv2%2Fcategories&post=25488"},{"taxonomy":"post_tag","embeddable":true,"href":"https:\/\/speyer24news.com\/index.php?rest_route=%2Fwp%2Fv2%2Ftags&post=25488"}],"curies":[{"name":"wp","href":"https:\/\/api.w.org\/{rel}","templated":true}]}}