{"id":25493,"date":"2020-02-20T10:48:43","date_gmt":"2020-02-20T09:48:43","guid":{"rendered":"https:\/\/speyer24news.com\/?p=25493"},"modified":"2020-02-20T10:48:45","modified_gmt":"2020-02-20T09:48:45","slug":"sport-31","status":"publish","type":"post","link":"https:\/\/speyer24news.com\/?p=25493","title":{"rendered":"Sport"},"content":{"rendered":"<style type=\"text\/css\">\r\n\t.ads_top_disp{}\r\n\t.ads_top_corner_disp{ float:left; margin:0px 10px 10px 0px; }\r\n\t.ads_first_p_disp{}\r\n\t.ads_bottom_disp{}\r\n\t<\/style>\n<h1 class=\"wp-block-heading\" style=\"text-align:center\">Kampfkunst Speyer \/ WerWolf<\/h1>\n\n\n\n<div class=\"wp-block-image\"><figure class=\"aligncenter\"><img decoding=\"async\" loading=\"lazy\" width=\"600\" height=\"428\" src=\"https:\/\/speyer24news.com\/wp-content\/uploads\/2020\/02\/WerWolf-Team-Speyer-Logo-komplett.jpg\" alt=\"\" class=\"wp-image-25495\" srcset=\"https:\/\/speyer24news.com\/wp-content\/uploads\/2020\/02\/WerWolf-Team-Speyer-Logo-komplett.jpg 600w, https:\/\/speyer24news.com\/wp-content\/uploads\/2020\/02\/WerWolf-Team-Speyer-Logo-komplett-300x214.jpg 300w\" sizes=\"(max-width: 600px) 100vw, 600px\" \/><\/figure><\/div>\n\n\n\n<h2 class=\"wp-block-heading\">3 Jahre Kampfkunst in Speyer<\/h2>\n\n\n\n<h3 class=\"wp-block-heading\">Werwolf Speyer feiert dreij\u00e4hriges Jubil\u00e4um<\/h3>\n\n\n\n<div class=\"wp-block-image\"><figure class=\"aligncenter\"><img decoding=\"async\" loading=\"lazy\" width=\"600\" height=\"241\" src=\"https:\/\/speyer24news.com\/wp-content\/uploads\/2020\/02\/WerWolf-Team-Speyer.png\" alt=\"\" class=\"wp-image-25501\" srcset=\"https:\/\/speyer24news.com\/wp-content\/uploads\/2020\/02\/WerWolf-Team-Speyer.png 600w, https:\/\/speyer24news.com\/wp-content\/uploads\/2020\/02\/WerWolf-Team-Speyer-300x121.png 300w\" sizes=\"(max-width: 600px) 100vw, 600px\" \/><\/figure><\/div>\n\n\n\n<p><strong>Speyer \/ Team WerWolf &#8211; <\/strong>Im ehemaligen Getr\u00e4nkemarkt, wo vor 3 Jahren noch durstige Kehlen gestillt wurden, wird nun geschwitzt und die Fitness trainiert. Unter dem Namen \u201eTeam Werwolf Speyer\u201c bietet Schulleiter und Gesch\u00e4ftsf\u00fchrer Oleg Rotter mit seinem ausgebildeten Trainerteam Kurse in Muay Thai, Kickboxen, Boxen und Mixed Martial Arts (MMA) an. <\/p>\n\n\n\n<div class=\"wp-block-image\"><figure class=\"aligncenter\"><img decoding=\"async\" loading=\"lazy\" width=\"800\" height=\"533\" src=\"https:\/\/speyer24news.com\/wp-content\/uploads\/2020\/02\/11.jpg\" alt=\"\" class=\"wp-image-25496\" srcset=\"https:\/\/speyer24news.com\/wp-content\/uploads\/2020\/02\/11.jpg 800w, https:\/\/speyer24news.com\/wp-content\/uploads\/2020\/02\/11-300x200.jpg 300w, https:\/\/speyer24news.com\/wp-content\/uploads\/2020\/02\/11-768x512.jpg 768w\" sizes=\"(max-width: 800px) 100vw, 800px\" \/><figcaption>Gesch\u00e4ftsf\u00fchrer Oleg Rotter<\/figcaption><\/figure><\/div>\n\n\n\n<p>Erg\u00e4nzt wird das Programm in seinem ganzheitlichen Ansatz durch die Power Yoga Kurse des \u201eWE LOVE MMA\u201c Mittelgewicht Champions Dustin Stoltzfus. In den komplett neu gestalteten R\u00e4umlichkeiten mit eigenem Boxring trainieren seit Beginn der Kampfschule mittlerweile rund 160 Mitglieder im Alter von 6 bis Mitte 60. M\u00e4dchen, Jungs, Frauen, M\u00e4nner mit unterschiedlichsten Hintergr\u00fcnden und Nationalit\u00e4ten vereint in einem Team unter dem Logo des Werwolfs. <\/p>\n\n\n\n<div class=\"wp-block-image\"><figure class=\"aligncenter\"><img decoding=\"async\" loading=\"lazy\" width=\"800\" height=\"496\" src=\"https:\/\/speyer24news.com\/wp-content\/uploads\/2020\/02\/WerWolf-Team-Gruppenbild-Jugend.jpg\" alt=\"\" class=\"wp-image-25497\" srcset=\"https:\/\/speyer24news.com\/wp-content\/uploads\/2020\/02\/WerWolf-Team-Gruppenbild-Jugend.jpg 800w, https:\/\/speyer24news.com\/wp-content\/uploads\/2020\/02\/WerWolf-Team-Gruppenbild-Jugend-300x186.jpg 300w, https:\/\/speyer24news.com\/wp-content\/uploads\/2020\/02\/WerWolf-Team-Gruppenbild-Jugend-768x476.jpg 768w\" sizes=\"(max-width: 800px) 100vw, 800px\" \/><figcaption>Ein gro\u00dfer Teil der Jugendlichen die beim Team WerWolf Speyer trainiert werden<\/figcaption><\/figure><\/div>\n\n\n\n<p>Die Motivationslage der Trainierenden reicht von dem Wunsch der Verbesserung der allgemeinen Fitness und Beweglichkeit, Pr\u00e4vFIT (Rehasport), der Reduktion des weihnachtlichen Speckg\u00fcrtels bis hin zu einer aktiven Teilnahme an Wettk\u00e4mpfen. So wurden schon deutschlandweit erfolgreich K\u00e4mpfe bestritten (Ost- und westdeutsche Vize-\/meister) und mittlerweile wird auch schon auf Wettkampfniveau im europ\u00e4ischen Ausland gek\u00e4mpft.<\/p>\n\n\n\n<div class=\"wp-block-image\"><figure class=\"aligncenter\"><img decoding=\"async\" loading=\"lazy\" width=\"500\" height=\"717\" src=\"https:\/\/speyer24news.com\/wp-content\/uploads\/2020\/02\/24.jpg\" alt=\"\" class=\"wp-image-25498\" srcset=\"https:\/\/speyer24news.com\/wp-content\/uploads\/2020\/02\/24.jpg 500w, https:\/\/speyer24news.com\/wp-content\/uploads\/2020\/02\/24-209x300.jpg 209w\" sizes=\"(max-width: 500px) 100vw, 500px\" \/><\/figure><\/div>\n\n\n\n<p>Im Trainingsalltag trainieren die Teammitglieder in respektvoller Atmosph\u00e4re Techniken der einzelnen Kampfsportarten, Verbessern ihre Reaktionsf\u00e4higkeit, Erwerben eine verbesserte Koordination bzw. auch Balance und stellen sich auch ihren eventuell zun\u00e4chst vorhandenen \u00c4ngsten \u2013 getreu dem Motto \u201eOnly he can taste victory, who does not turn and run out of fear\u201c. <\/p>\n\n\n\n<div class=\"wp-block-image\"><figure class=\"aligncenter\"><img decoding=\"async\" loading=\"lazy\" width=\"800\" height=\"579\" src=\"https:\/\/speyer24news.com\/wp-content\/uploads\/2020\/02\/042.jpg\" alt=\"\" class=\"wp-image-25499\" srcset=\"https:\/\/speyer24news.com\/wp-content\/uploads\/2020\/02\/042.jpg 800w, https:\/\/speyer24news.com\/wp-content\/uploads\/2020\/02\/042-300x217.jpg 300w, https:\/\/speyer24news.com\/wp-content\/uploads\/2020\/02\/042-768x556.jpg 768w\" sizes=\"(max-width: 800px) 100vw, 800px\" \/><\/figure><\/div>\n\n\n\n<p>Um die bisher erreichten Erfolge und den Geburtstag zu feiern, l\u00e4dt das Team Werwolf am <strong>Samstag, den 7.M\u00e4rz 2020<\/strong> ab 12:00 Uhr ein seine R\u00e4umlichkeiten in der Wormser Landstra\u00dfe 1 in Speyer ein. Geboten werden an diesem Tag u.a. K\u00e4mpfe (Kinder und Erwachsene), aber auch die M\u00f6glichkeit im pers\u00f6nlichen Gespr\u00e4ch mit dem Trainerteam mehr \u00fcber die einzelnen Kampfsportarten zu erfahren und gerne auch eventuell bestehende Vorbehalte abzubauen, denn auch MMA K\u00e4mpferInnen sind nicht immer grenzdebile Schl\u00e4ger mit einem Gewaltproblem.<\/p>\n\n\n\n<div class=\"wp-block-image\"><figure class=\"aligncenter\"><img decoding=\"async\" loading=\"lazy\" width=\"600\" height=\"187\" src=\"https:\/\/speyer24news.com\/wp-content\/uploads\/2020\/02\/Werwolf-Team-Angebot.png\" alt=\"\" class=\"wp-image-25500\" srcset=\"https:\/\/speyer24news.com\/wp-content\/uploads\/2020\/02\/Werwolf-Team-Angebot.png 600w, https:\/\/speyer24news.com\/wp-content\/uploads\/2020\/02\/Werwolf-Team-Angebot-300x94.png 300w\" sizes=\"(max-width: 600px) 100vw, 600px\" \/><\/figure><\/div>\n\n\n\n<h3 class=\"wp-block-heading\">Mehr Informationen:<\/h3>\n\n\n\n<h4 class=\"wp-block-heading\"><a href=\"http:\/\/www.werwolf-speyer.com\/\">Website<\/a><\/h4>\n\n\n\n<h4 class=\"wp-block-heading\"><a href=\"https:\/\/www.facebook.com\/werwolfspeyer\/\">Facebook<\/a><\/h4>\n\n\n\n<p><em>Kampfsportschule Werwolf Speyer, Oleg Rotter<br>20.02.2020<\/em><\/p>\n\n\n\n<h1 class=\"wp-block-heading\" style=\"text-align:center\">Tanzen \/ Gr\u00fcn-Gold Speyer e.V.<\/h1>\n\n\n\n<div class=\"wp-block-image\"><figure class=\"aligncenter\"><img decoding=\"async\" loading=\"lazy\" width=\"479\" height=\"500\" src=\"https:\/\/speyer24news.com\/wp-content\/uploads\/2020\/02\/Gr\u00fcn-Gold-Speyer-eV.jpg\" alt=\"\" class=\"wp-image-25502\" srcset=\"https:\/\/speyer24news.com\/wp-content\/uploads\/2020\/02\/Gr\u00fcn-Gold-Speyer-eV.jpg 479w, https:\/\/speyer24news.com\/wp-content\/uploads\/2020\/02\/Gr\u00fcn-Gold-Speyer-eV-287x300.jpg 287w\" sizes=\"(max-width: 479px) 100vw, 479px\" \/><\/figure><\/div>\n\n\n\n<h2 class=\"wp-block-heading\"><strong>Gallos zweimal im Semifinale bei den French Open.<\/strong><\/h2>\n\n\n\n<div class=\"wp-block-image\"><figure class=\"aligncenter\"><img decoding=\"async\" loading=\"lazy\" width=\"500\" height=\"667\" src=\"https:\/\/speyer24news.com\/wp-content\/uploads\/2020\/02\/Gallos-Lyon.jpeg\" alt=\"\" class=\"wp-image-25503\" srcset=\"https:\/\/speyer24news.com\/wp-content\/uploads\/2020\/02\/Gallos-Lyon.jpeg 500w, https:\/\/speyer24news.com\/wp-content\/uploads\/2020\/02\/Gallos-Lyon-225x300.jpeg 225w\" sizes=\"(max-width: 500px) 100vw, 500px\" \/><\/figure><\/div>\n\n\n\n<p><strong>Lyon (F) \/ Speyer &#8211; <\/strong>Am Wochende fanden in Lyon die French Open statt. F\u00fcr Speyer waren <strong>Astrid und Hans-J\u00fcrgen Gallo<\/strong> am Start. Samstags tanzten sie bei den Senioren III Latein unter 23 Paaren auf den 9. Platz.<\/p>\n\n\n\n<p>Am Sonntag starteten sie in der j\u00fcngeren Altersklasse und k\u00e4mpften sich auch da ins Semifinale und erreichten einen erfreulichen 9.\u00a0Platz.<\/p>\n\n\n\n<p>Nach nur 5-min\u00fctiger Umzugspause nach dem Lateinturnier konnten sie auch in Standard bis ins Viertelfinale tanzen.<\/p>\n\n\n\n<p><em>Tanz-Sport-Club Gr\u00fcn-Gold Speyer e.V.<br>20.02.2020<\/em><\/p>\n","protected":false},"excerpt":{"rendered":"<div class=\"mh-excerpt\"><p>Kampfkunst Speyer \/ WerWolf 3 Jahre Kampfkunst in Speyer Werwolf Speyer feiert dreij\u00e4hriges Jubil\u00e4um Speyer \/ Team WerWolf &#8211; Im ehemaligen Getr\u00e4nkemarkt, wo vor 3 Jahren noch durstige Kehlen gestillt wurden, wird nun geschwitzt und <a class=\"mh-excerpt-more\" href=\"https:\/\/speyer24news.com\/?p=25493\" title=\"Sport\">[&#8230;]<\/a><\/p>\n<\/div>","protected":false},"author":3,"featured_media":0,"comment_status":"open","ping_status":"open","sticky":false,"template":"","format":"standard","meta":{"_monsterinsights_skip_tracking":false,"_monsterinsights_sitenote_active":false,"_monsterinsights_sitenote_note":"","_monsterinsights_sitenote_category":0,"footnotes":""},"categories":[339],"tags":[6137,6141,6140,6,193,659,340,5632,1249,6138,6139],"aioseo_notices":[],"amp_enabled":true,"_links":{"self":[{"href":"https:\/\/speyer24news.com\/index.php?rest_route=\/wp\/v2\/posts\/25493"}],"collection":[{"href":"https:\/\/speyer24news.com\/index.php?rest_route=\/wp\/v2\/posts"}],"about":[{"href":"https:\/\/speyer24news.com\/index.php?rest_route=\/wp\/v2\/types\/post"}],"author":[{"embeddable":true,"href":"https:\/\/speyer24news.com\/index.php?rest_route=\/wp\/v2\/users\/3"}],"replies":[{"embeddable":true,"href":"https:\/\/speyer24news.com\/index.php?rest_route=%2Fwp%2Fv2%2Fcomments&post=25493"}],"version-history":[{"count":1,"href":"https:\/\/speyer24news.com\/index.php?rest_route=\/wp\/v2\/posts\/25493\/revisions"}],"predecessor-version":[{"id":25504,"href":"https:\/\/speyer24news.com\/index.php?rest_route=\/wp\/v2\/posts\/25493\/revisions\/25504"}],"wp:attachment":[{"href":"https:\/\/speyer24news.com\/index.php?rest_route=%2Fwp%2Fv2%2Fmedia&parent=25493"}],"wp:term":[{"taxonomy":"category","embeddable":true,"href":"https:\/\/speyer24news.com\/index.php?rest_route=%2Fwp%2Fv2%2Fcategories&post=25493"},{"taxonomy":"post_tag","embeddable":true,"href":"https:\/\/speyer24news.com\/index.php?rest_route=%2Fwp%2Fv2%2Ftags&post=25493"}],"curies":[{"name":"wp","href":"https:\/\/api.w.org\/{rel}","templated":true}]}}