{"id":25512,"date":"2020-02-20T11:43:01","date_gmt":"2020-02-20T10:43:01","guid":{"rendered":"https:\/\/speyer24news.com\/?p=25512"},"modified":"2020-02-20T11:43:03","modified_gmt":"2020-02-20T10:43:03","slug":"speyer-19","status":"publish","type":"post","link":"https:\/\/speyer24news.com\/?p=25512","title":{"rendered":"Speyer"},"content":{"rendered":"<style type=\"text\/css\">\r\n\t.ads_top_disp{}\r\n\t.ads_top_corner_disp{ float:left; margin:0px 10px 10px 0px; }\r\n\t.ads_first_p_disp{}\r\n\t.ads_bottom_disp{}\r\n\t<\/style>\n<h2 class=\"wp-block-heading\">Darlehen in H\u00f6he von \u00fcber zwei Millionen Euro und knapp 420.000 Euro Tilgungszuschuss f\u00fcr bezahlbares Wohnen in Speyer<\/h2>\n\n\n\n<h3 class=\"wp-block-heading\">\u00dcbergabe der F\u00f6rderzusage durch Finanz- und Bauministerin Doris Ahnen und ISBVorstandssprecher Ulrich Dexheimer<\/h3>\n\n\n\n<div class=\"wp-block-image\"><figure class=\"aligncenter\"><img decoding=\"async\" loading=\"lazy\" width=\"800\" height=\"600\" src=\"https:\/\/speyer24news.com\/wp-content\/uploads\/2020\/02\/GSW_Speyer-@-ISB-RLP.jpg\" alt=\"\" class=\"wp-image-25513\" srcset=\"https:\/\/speyer24news.com\/wp-content\/uploads\/2020\/02\/GSW_Speyer-@-ISB-RLP.jpg 800w, https:\/\/speyer24news.com\/wp-content\/uploads\/2020\/02\/GSW_Speyer-@-ISB-RLP-300x225.jpg 300w, https:\/\/speyer24news.com\/wp-content\/uploads\/2020\/02\/GSW_Speyer-@-ISB-RLP-768x576.jpg 768w, https:\/\/speyer24news.com\/wp-content\/uploads\/2020\/02\/GSW_Speyer-@-ISB-RLP-678x509.jpg 678w, https:\/\/speyer24news.com\/wp-content\/uploads\/2020\/02\/GSW_Speyer-@-ISB-RLP-326x245.jpg 326w, https:\/\/speyer24news.com\/wp-content\/uploads\/2020\/02\/GSW_Speyer-@-ISB-RLP-80x60.jpg 80w\" sizes=\"(max-width: 800px) 100vw, 800px\" \/><\/figure><\/div>\n\n\n\n<p><strong>Speyer &#8211; <\/strong>Mit einem Darlehen in H\u00f6he von \u00fcber zwei Millionen Euro f\u00f6rdert das Land RheinlandPfalz \u00fcber die Investitions- und Strukturbank RheinlandPfalz (ISB) den Neubau von 20 Mietwohnungen in der Petronia-Steiner-Stra\u00dfe in Speyer. Da die F\u00f6rderung einen Tilgungszuschuss von rund 420.000 Euro beinhaltet, muss das Darlehen nicht komplett zur\u00fcckgezahlt werden. Insgesamt entstehen im Rahmen des Bauvorhabens des Gemeinn\u00fctzigen Siedlungswerkes Speyer 59 Wohnungen. Die rheinland-pf\u00e4lzische Finanz- und Bauministerin Doris Ahnen \u00fcberreichte gemeinsam mit Ulrich Dexheimer, Sprecher des Vorstandes der ISB, im Beisein der Oberb\u00fcrgermeisterin Stefanie Seiler die F\u00f6rderzusage an den Gesch\u00e4ftsf\u00fchrer Gerhard M\u00fcller.<\/p>\n\n\n\n<p>Die gef\u00f6rderten Wohnungen sind f\u00fcr die Dauer von 15 Jahren zweckgebunden. Einziehen darf nur, wessen Haushaltseinkommen innerhalb des im Landeswohnraumf\u00f6rderungsgesetz definierten Rahmens liegt. \u201eEs ist unsere Verantwortung, zur Versorgung der B\u00fcrgerinnen und B\u00fcrger mit gutem und bezahlbarem Wohnraum in ganz Rheinland-Pfalz mit aller Kraft beizutragen. Die soziale Wohnraumf\u00f6rderung ist das Kernst\u00fcck unserer Wohnungspolitik, um bezahlbaren Wohnraum in guter baulicher Qualit\u00e4t f\u00fcr generationengerechtes und barrierefreies Wohnen auszuweiten. Flankiert wird die Wohnraumf\u00f6rderung unter anderem durch Kooperationsvereinbarungen, die wir auch mit Speyer geschlossen haben. Diese Vereinbarungen sollen dazu beitragen, dass bei neuen Baugebieten eine Sozialquote von mindestens 25 Prozent festgelegt wird\u201c, sagte Finanz- und Bauministerin Ahnen. <\/p>\n\n\n\n<p>Vermietet werden die gef\u00f6rderten Wohnungen im Einstieg zu einer Nettokaltmiete von sieben Euro im Monat \u2013 der durchschnittliche Quadratmeterpreis lag im ersten Halbjahr 2019 in Speyer laut Statistischem Landesamt bei 8,97 Euro. \u201eSo sehr wir uns dar\u00fcber freuen, dass Speyer offensichtlich f\u00fcr viele als Wohnort attraktiv ist, so m\u00f6chten wir doch auch, dass sich alle Menschen unabh\u00e4ngig vom Geldbeutel hier niederlassen k\u00f6nnen. Das Siedlungswerk ist schon lange Jahre ein verl\u00e4sslicher Partner und ich freue mich daher sehr, dass auch beim Bauvorhaben am Priesterseminar der Fokus auf bezahlbarem Wohnraum liegt\u201c, sagte Oberb\u00fcrgermeisterin Stefanie Seiler zur Wohnungsmarktsituation ihrer Heimatstadt. <\/p>\n\n\n\n<p>Alle Wohnungen werden barrierefrei errichtet, der Einzug der Mieterinnen und Mieter ist zum Sommer 2021 geplant. Neben den 59 eigenen Mietwohnungen errichtet das Siedlungswerk in der Nachbarschaft auch 16 familienfreundliche Doppelhaush\u00e4lften, 74 Eigentumswohnungen sowie 30 Mietwohnungen, die an die \u00f6rtliche Baugenossenschaft ver\u00e4u\u00dfert wurden. Von diesen 30 Wohnungen werden 10 Wohnungen ebenfalls \u00f6ffentlich gef\u00f6rdert. Au\u00dferdem entsteht auf dem Gel\u00e4nde ein haus\u00e4rztliches Versorgungszentrum, das von einem Speyerer Arzt errichtet wird, sowie ein weiteres Wohngeb\u00e4ude des Siedlungswerks, in das eine PflegeWohngemeinschaft integriert werden soll, die vom Caritasverband betreut wird. \u201eMit einem Investitionsvolumen von rund 55 Millionen Euro handelt es sich um das gr\u00f6\u00dfte Projekt, das vom Gemeinn\u00fctzigen Siedlungswerk in seinem \u00fcber 70-j\u00e4hrigen Bestehen bisher durchgef\u00fchrt wurde. Damit entsteht Wohnraum f\u00fcr 500 bis 600 Menschen in Speyer S\u00fcd\u201c, erkl\u00e4rte M\u00fcller. <\/p>\n\n\n\n<div class=\"wp-block-image\"><figure class=\"aligncenter\"><img decoding=\"async\" loading=\"lazy\" width=\"640\" height=\"136\" src=\"https:\/\/speyer24news.com\/wp-content\/uploads\/2020\/02\/ISB-Logo.png\" alt=\"\" class=\"wp-image-25514\" srcset=\"https:\/\/speyer24news.com\/wp-content\/uploads\/2020\/02\/ISB-Logo.png 640w, https:\/\/speyer24news.com\/wp-content\/uploads\/2020\/02\/ISB-Logo-300x64.png 300w\" sizes=\"(max-width: 640px) 100vw, 640px\" \/><\/figure><\/div>\n\n\n\n<p>Im vergangenen Jahr konnten 75 Wohneinheiten in H\u00f6he von rund 8,7 Millionen Euro in Speyer gef\u00f6rdert werden. \u201eDie ISB als F\u00f6rderbank des Landes begleitet regelm\u00e4\u00dfig Wohnbauprojekte privater wie gewerblicher Investoren. Wir freuen uns sehr, ein weiteres Mal guten und bezahlbaren Wohnraum in Speyer zu schaffen\u201c, erl\u00e4uterte Dexheimer.<\/p>\n\n\n\n<p><em>Investitions- und Strukturbank Rheinland-Pfalz (ISB)<br>20.02.2020<\/em><\/p>\n","protected":false},"excerpt":{"rendered":"<div class=\"mh-excerpt\"><p>Darlehen in H\u00f6he von \u00fcber zwei Millionen Euro und knapp 420.000 Euro Tilgungszuschuss f\u00fcr bezahlbares Wohnen in Speyer \u00dcbergabe der F\u00f6rderzusage durch Finanz- und Bauministerin Doris Ahnen und ISBVorstandssprecher Ulrich Dexheimer Speyer &#8211; Mit einem <a class=\"mh-excerpt-more\" href=\"https:\/\/speyer24news.com\/?p=25512\" title=\"Speyer\">[&#8230;]<\/a><\/p>\n<\/div>","protected":false},"author":3,"featured_media":23902,"comment_status":"open","ping_status":"open","sticky":false,"template":"","format":"standard","meta":{"_monsterinsights_skip_tracking":false,"_monsterinsights_sitenote_active":false,"_monsterinsights_sitenote_note":"","_monsterinsights_sitenote_category":0,"footnotes":""},"categories":[9],"tags":[5737,2331,1545,6147,6146,5548,5305,453,178,699,6149,123,4694,6148,6,6145],"aioseo_notices":[],"amp_enabled":true,"_links":{"self":[{"href":"https:\/\/speyer24news.com\/index.php?rest_route=\/wp\/v2\/posts\/25512"}],"collection":[{"href":"https:\/\/speyer24news.com\/index.php?rest_route=\/wp\/v2\/posts"}],"about":[{"href":"https:\/\/speyer24news.com\/index.php?rest_route=\/wp\/v2\/types\/post"}],"author":[{"embeddable":true,"href":"https:\/\/speyer24news.com\/index.php?rest_route=\/wp\/v2\/users\/3"}],"replies":[{"embeddable":true,"href":"https:\/\/speyer24news.com\/index.php?rest_route=%2Fwp%2Fv2%2Fcomments&post=25512"}],"version-history":[{"count":1,"href":"https:\/\/speyer24news.com\/index.php?rest_route=\/wp\/v2\/posts\/25512\/revisions"}],"predecessor-version":[{"id":25515,"href":"https:\/\/speyer24news.com\/index.php?rest_route=\/wp\/v2\/posts\/25512\/revisions\/25515"}],"wp:featuredmedia":[{"embeddable":true,"href":"https:\/\/speyer24news.com\/index.php?rest_route=\/wp\/v2\/media\/23902"}],"wp:attachment":[{"href":"https:\/\/speyer24news.com\/index.php?rest_route=%2Fwp%2Fv2%2Fmedia&parent=25512"}],"wp:term":[{"taxonomy":"category","embeddable":true,"href":"https:\/\/speyer24news.com\/index.php?rest_route=%2Fwp%2Fv2%2Fcategories&post=25512"},{"taxonomy":"post_tag","embeddable":true,"href":"https:\/\/speyer24news.com\/index.php?rest_route=%2Fwp%2Fv2%2Ftags&post=25512"}],"curies":[{"name":"wp","href":"https:\/\/api.w.org\/{rel}","templated":true}]}}