{"id":25529,"date":"2020-03-02T09:04:56","date_gmt":"2020-03-02T08:04:56","guid":{"rendered":"https:\/\/speyer24news.com\/?p=25529"},"modified":"2020-03-02T09:04:57","modified_gmt":"2020-03-02T08:04:57","slug":"geschwindigkeitsmessung-blitzer-18","status":"publish","type":"post","link":"https:\/\/speyer24news.com\/?p=25529","title":{"rendered":"Geschwindigkeitsmessung \/ Blitzer"},"content":{"rendered":"<style type=\"text\/css\">\r\n\t.ads_top_disp{}\r\n\t.ads_top_corner_disp{ float:left; margin:0px 10px 10px 0px; }\r\n\t.ads_first_p_disp{}\r\n\t.ads_bottom_disp{}\r\n\t<\/style>\n<h2 class=\"wp-block-heading\">Radarkontrollen vom 2. bis 6. M\u00e4rz in Ludwigshafen<\/h2>\n\n\n\n<div class=\"wp-block-image\"><figure class=\"aligncenter\"><img decoding=\"async\" src=\"https:\/\/speyer24news.com\/wp-content\/uploads\/2020\/01\/Radarkontrolle_1.jpg\" alt=\"\" class=\"wp-image-23873\"\/><\/figure><\/div>\n\n\n\n<p><strong>(Ludwigshafen) &#8211; <\/strong>In der laufenden Woche werden schwerpunktm\u00e4\u00dfig folgende Stadtteile kontrolliert: <\/p>\n\n\n\n<ul><li>Montag, 2. M\u00e4rz: Gartenstadt, Maudach und Friesenheim <\/li><li>Dienstag,: 3. M\u00e4rz: Nord, S\u00fcd und Mundenheim<\/li><li>Mittwoch, 4. M\u00e4rz: Ruchheim, Mitte und Mundenheim<\/li><li>Donnerstag, 5. M\u00e4rz: Oppau, West und Edigheim <\/li><li>Freitag, 6. M\u00e4rz: S\u00fcd, Rheing\u00f6nheim und Pfingstweide<\/li><\/ul>\n\n\n\n<p><em>Stadt Ludwigshafen am Rhein<br>02.03.2020<\/em><\/p>\n\n\n\n<h2 class=\"wp-block-heading\">Geschwindigkeitskontrollen f\u00fcr die Woche vom 2. bis 6. M\u00e4rz<\/h2>\n\n\n\n<div class=\"wp-block-image\"><figure class=\"aligncenter\"><img decoding=\"async\" loading=\"lazy\" width=\"640\" height=\"497\" src=\"https:\/\/speyer24news.com\/wp-content\/uploads\/2020\/01\/Kontrolle-BaW\u00fc.jpg\" alt=\"\" class=\"wp-image-23874\" srcset=\"https:\/\/speyer24news.com\/wp-content\/uploads\/2020\/01\/Kontrolle-BaW\u00fc.jpg 640w, https:\/\/speyer24news.com\/wp-content\/uploads\/2020\/01\/Kontrolle-BaW\u00fc-300x233.jpg 300w\" sizes=\"(max-width: 640px) 100vw, 640px\" \/><\/figure><\/div>\n\n\n\n<p><strong>(Mannheim) &#8211; <\/strong>Die Stadt Mannheim f\u00fchrt vom 2. bis 6. M\u00e4rz in folgenden Stra\u00dfen Radarkontrollen durch:<\/p>\n\n\n\n<p> Am Aubuckel<br> Am Schelmenbuckel<br> Anemonenweg<br> Collinistra\u00dfe<br> Eschenhof<br> Gl\u00fccksteinallee<br> Gontardstra\u00dfe<br> Hauptstra\u00dfe<br> Max-Frisch-Stra\u00dfe<br> Meerfeldstra\u00dfe (Diesterwegschule)<br> Meerwiesenstra\u00dfe<br> Mudauer Ring<br> M\u00fchldorferstra\u00dfe<br> Oppauer Stra\u00dfe (Waldhofschule)<br> Otto-Beck-Stra\u00dfe (Pestalozzischule)<br> Schwarzwaldstra\u00dfe<br> Schwetzinger Stra\u00dfe<br> Seckenheimer Stra\u00dfe<br> Sonnenschein<br> Spessartstra\u00dfe (Br\u00fcder-Grimm-Schule)<br> Talstra\u00dfe<br> Waldpforte (Alfred-Delp-Schule)<br> Werderplatz (Ostadtschule)<br> Wiesbadener Stra\u00dfe (Friedrich-Ebert Schule)<br> Windeckstra\u00dfe<\/p>\n\n\n\n<p>Kurzfristige \u00c4nderungen oder zus\u00e4tzliche Messstellen sind aus aktuellem Anlass m\u00f6glich.<\/p>\n\n\n\n<p><em>Stadt Mannheim<br>02.03.2020<\/em><\/p>\n","protected":false},"excerpt":{"rendered":"<div class=\"mh-excerpt\"><p>Radarkontrollen vom 2. bis 6. M\u00e4rz in Ludwigshafen (Ludwigshafen) &#8211; In der laufenden Woche werden schwerpunktm\u00e4\u00dfig folgende Stadtteile kontrolliert: Montag, 2. M\u00e4rz: Gartenstadt, Maudach und Friesenheim Dienstag,: 3. M\u00e4rz: Nord, S\u00fcd und Mundenheim Mittwoch, 4. <a class=\"mh-excerpt-more\" href=\"https:\/\/speyer24news.com\/?p=25529\" title=\"Geschwindigkeitsmessung \/ Blitzer\">[&#8230;]<\/a><\/p>\n<\/div>","protected":false},"author":3,"featured_media":0,"comment_status":"open","ping_status":"open","sticky":false,"template":"","format":"standard","meta":{"_monsterinsights_skip_tracking":false,"_monsterinsights_sitenote_active":false,"_monsterinsights_sitenote_note":"","_monsterinsights_sitenote_category":0,"footnotes":""},"categories":[64],"tags":[18,4819,4814,19,4822,4817,4228,947,4820,4815,779,4821,4816,17,949,4818,4813,948],"aioseo_notices":[],"amp_enabled":true,"_links":{"self":[{"href":"https:\/\/speyer24news.com\/index.php?rest_route=\/wp\/v2\/posts\/25529"}],"collection":[{"href":"https:\/\/speyer24news.com\/index.php?rest_route=\/wp\/v2\/posts"}],"about":[{"href":"https:\/\/speyer24news.com\/index.php?rest_route=\/wp\/v2\/types\/post"}],"author":[{"embeddable":true,"href":"https:\/\/speyer24news.com\/index.php?rest_route=\/wp\/v2\/users\/3"}],"replies":[{"embeddable":true,"href":"https:\/\/speyer24news.com\/index.php?rest_route=%2Fwp%2Fv2%2Fcomments&post=25529"}],"version-history":[{"count":1,"href":"https:\/\/speyer24news.com\/index.php?rest_route=\/wp\/v2\/posts\/25529\/revisions"}],"predecessor-version":[{"id":25530,"href":"https:\/\/speyer24news.com\/index.php?rest_route=\/wp\/v2\/posts\/25529\/revisions\/25530"}],"wp:attachment":[{"href":"https:\/\/speyer24news.com\/index.php?rest_route=%2Fwp%2Fv2%2Fmedia&parent=25529"}],"wp:term":[{"taxonomy":"category","embeddable":true,"href":"https:\/\/speyer24news.com\/index.php?rest_route=%2Fwp%2Fv2%2Fcategories&post=25529"},{"taxonomy":"post_tag","embeddable":true,"href":"https:\/\/speyer24news.com\/index.php?rest_route=%2Fwp%2Fv2%2Ftags&post=25529"}],"curies":[{"name":"wp","href":"https:\/\/api.w.org\/{rel}","templated":true}]}}