{"id":25540,"date":"2020-03-02T12:07:14","date_gmt":"2020-03-02T11:07:14","guid":{"rendered":"https:\/\/speyer24news.com\/?p=25540"},"modified":"2020-03-02T12:07:14","modified_gmt":"2020-03-02T11:07:14","slug":"stadtnotizen-verkehrsnotizen-aus-speyer-8","status":"publish","type":"post","link":"https:\/\/speyer24news.com\/?p=25540","title":{"rendered":"Stadtnotizen &#038; Verkehrsnotizen aus Speyer"},"content":{"rendered":"<style type=\"text\/css\">\r\n\t.ads_top_disp{}\r\n\t.ads_top_corner_disp{ float:left; margin:0px 10px 10px 0px; }\r\n\t.ads_first_p_disp{}\r\n\t.ads_bottom_disp{}\r\n\t<\/style>\n<h1 class=\"wp-block-heading\" style=\"text-align:center\">Stadtnotizen<\/h1>\n\n\n\n<div class=\"wp-block-image\"><figure class=\"aligncenter\"><img decoding=\"async\" loading=\"lazy\" width=\"800\" height=\"600\" src=\"https:\/\/speyer24news.com\/wp-content\/uploads\/2020\/01\/Speyer-Stadtnachrichten-2.jpg\" alt=\"\" class=\"wp-image-23901\" srcset=\"https:\/\/speyer24news.com\/wp-content\/uploads\/2020\/01\/Speyer-Stadtnachrichten-2.jpg 800w, https:\/\/speyer24news.com\/wp-content\/uploads\/2020\/01\/Speyer-Stadtnachrichten-2-300x225.jpg 300w, https:\/\/speyer24news.com\/wp-content\/uploads\/2020\/01\/Speyer-Stadtnachrichten-2-768x576.jpg 768w, https:\/\/speyer24news.com\/wp-content\/uploads\/2020\/01\/Speyer-Stadtnachrichten-2-678x509.jpg 678w, https:\/\/speyer24news.com\/wp-content\/uploads\/2020\/01\/Speyer-Stadtnachrichten-2-326x245.jpg 326w, https:\/\/speyer24news.com\/wp-content\/uploads\/2020\/01\/Speyer-Stadtnachrichten-2-80x60.jpg 80w\" sizes=\"(max-width: 800px) 100vw, 800px\" \/><\/figure><\/div>\n\n\n\n<h2 class=\"wp-block-heading\"><strong>Informationen zum Coronavirus<\/strong><\/h2>\n\n\n\n<div class=\"wp-block-image\"><figure class=\"aligncenter\"><img decoding=\"async\" loading=\"lazy\" width=\"500\" height=\"500\" src=\"https:\/\/speyer24news.com\/wp-content\/uploads\/2020\/02\/virus-4810549_1920.png\" alt=\"\" class=\"wp-image-25116\" srcset=\"https:\/\/speyer24news.com\/wp-content\/uploads\/2020\/02\/virus-4810549_1920.png 500w, https:\/\/speyer24news.com\/wp-content\/uploads\/2020\/02\/virus-4810549_1920-150x150.png 150w, https:\/\/speyer24news.com\/wp-content\/uploads\/2020\/02\/virus-4810549_1920-300x300.png 300w\" sizes=\"(max-width: 500px) 100vw, 500px\" \/><\/figure><\/div>\n\n\n\n<p><strong>Rhein-Pfalz-Kreis &#8211; <\/strong>Auf der Internetseite des Gesundheitsamtes des Landkreises Rhein-Pfalz Kreis, das auch f\u00fcr die Stadt Speyer zust\u00e4ndig ist, sind aktuelle Infos rund um den Coronavirus zusammengetragen: <a rel=\"noreferrer noopener\" href=\"https:\/\/deref-web-02.de\/mail\/client\/HSm6BTMun4s\/dereferrer\/?redirectUrl=https%3A%2F%2Fwww.rhein-pfalz-kreis.de%2Fkv_rpk%2FSlider%2FInformationen%2520zum%2520Coronavirus%2F\" target=\"_blank\"> https:\/\/www.rhein-pfalz-kreis.de\/kv_rpk\/Slider\/Informationen%20zum%20Coronavirus\/<\/a><\/p>\n\n\n\n<p>Derzeit gibt es weder in der Stadt, noch im Kreis Verdachtsf\u00e4lle. Die Bev\u00f6lkerung wird gebeten, die Ereignisse realistisch einzuordnen und Ruhe zu bewahren. \u201eUnsere Feuerwehr sowie die umliegenden Krankenh\u00e4user, aber auch wir als Stadt\n sind gut vorbereitet\u201c, best\u00e4tigt Oberb\u00fcrgermeisterin Stefanie Seiler, die sich heute zu einem Austauschgespr\u00e4ch mit den zust\u00e4ndigen Stellen der Stadtverwaltung, Feuerwehr, Betriebs\u00e4rztin und dem medizinischen Fachberater der Stadt, Dr. Klaus-Peter Wresch,\n getroffen hat. Eine Zusammenfassung dieses Gespr\u00e4ches befindet sich anbei und ist auf der Homepage der Stadt unter\n<a href=\"https:\/\/deref-web-02.de\/mail\/client\/VX_rnXDx1lU\/dereferrer\/?redirectUrl=http%3A%2F%2Fwww.speyer.de\" target=\"_blank\" rel=\"noreferrer noopener\">www.speyer.de<\/a> abrufbar.<\/p>\n\n\n\n<p>Grunds\u00e4tzlich tragen einfache Hygienema\u00dfnahmen im Alltag auch beim Coronavirus dazu bei, sich und andere vor ansteckenden Infektionskrankheiten zu sch\u00fctzen. Pr\u00e4ventiv kommen eine Reihe von Hygienema\u00dfnahmen wie H\u00e4ndehygiene, Nies- und Hustenetikette\n sowie Abstandhalten zu Erkrankten in Betracht. <\/p>\n\n\n\n<p>Personen, die bef\u00fcrchten, sich mit dem neuartigen Coronavirus infiziert zu haben, oder die aus Regionen zur\u00fcckkehren, in denen es zu \u00dcbertragungen kommt, wenden sich bitte zun\u00e4chst telefonisch an das Gesundheitsamt und sollten beim Auftreten\n von Symptomen nach telefonischer Voranmeldung einen Arzt aufsuchen. Der Besuch von Notaufnahmen, Krankenh\u00e4usern und Arztpraxen ohne telefonische Voranmeldung sollte unterlassen werden.<\/p>\n\n\n\n<p>F\u00fcr Fragen besorgter Mitb\u00fcrger*innen hat das Land eine kostenfreie Hotline eingerichtet, die von Montag bis Donnerstag, 9:00 bis 16:00 Uhr sowie am Freitag von 9:00 bis 12:00 Uhr unter Tel. 0800-575 81 00 erreichbar ist. Das Gesundheitsamt\n des Rhein-Pfalz-Kreises steht ebenfalls f\u00fcr R\u00fcckfragen zur Verf\u00fcgung.<\/p>\n\n\n\n<p><em>Stadt Speyer<\/em><br><em>02.03.2020<\/em><\/p>\n\n\n\n<h2 class=\"wp-block-heading\"><strong>Notfallpsychologische Betreuung f\u00fcr st\u00e4dtische Besch\u00e4ftigte<\/strong><\/h2>\n\n\n\n<div class=\"wp-block-image\"><figure class=\"aligncenter\"><img decoding=\"async\" loading=\"lazy\" width=\"800\" height=\"602\" src=\"https:\/\/speyer24news.com\/wp-content\/uploads\/2020\/03\/Image1.jpg\" alt=\"\" class=\"wp-image-25547\" srcset=\"https:\/\/speyer24news.com\/wp-content\/uploads\/2020\/03\/Image1.jpg 800w, https:\/\/speyer24news.com\/wp-content\/uploads\/2020\/03\/Image1-300x226.jpg 300w, https:\/\/speyer24news.com\/wp-content\/uploads\/2020\/03\/Image1-768x578.jpg 768w, https:\/\/speyer24news.com\/wp-content\/uploads\/2020\/03\/Image1-678x509.jpg 678w, https:\/\/speyer24news.com\/wp-content\/uploads\/2020\/03\/Image1-326x245.jpg 326w, https:\/\/speyer24news.com\/wp-content\/uploads\/2020\/03\/Image1-80x60.jpg 80w\" sizes=\"(max-width: 800px) 100vw, 800px\" \/><figcaption><em>Das Foto wurde bei einem anderen Termin im Dienstzimmer von Oberb\u00fcrgermeisterin Stefanie Seiler aufgenommen, an dem Dr. Martin Cierjacks  (dritter von rechts) als externer Berater teilgenommen hat. \u00a9 Stadt Speyer.<\/em><\/figcaption><\/figure><\/div>\n\n\n\n<p><strong>Speyer &#8211;<\/strong> Seit diesem Jahr kooperiert die Stadtverwaltung Speyer im Bereich der notfallpsychologischen Betreuung ihrer Besch\u00e4ftigten mit Dr. Martin  Cierjacks. \u201eEs entspricht meinem Verst\u00e4ndnis von F\u00fcrsorgepflicht, dass wir unseren Mitarbeiterinnen und Mitarbeitern nach schweren Unf\u00e4llen oder Vorf\u00e4llen die n\u00f6tige psychologische Betreuung anbieten\u201c, betont Oberb\u00fcrgermeisterin Stefanie Seiler.<\/p>\n\n\n\n<p>Schwere Unf\u00e4lle am Arbeitsplatz k\u00f6nnen nicht nur f\u00fcr die unmittelbaren Opfer, sondern auch f\u00fcr Augenzeug*innen, Ersthelfer*innen oder\n beteiligte Kolleg*innen eine erhebliche psychische Belastung darstellen. Die Folgen, wie z.B. Unruhe, Angstzust\u00e4nde, Depressionen oder Schlafst\u00f6rungen, wurden lange untersch\u00e4tzt. In der medizinischen Begleitung von durch Schockerlebnisse traumatisierten Personen\n hat sich gezeigt, dass der Behandlungsaufwand und das Risiko psychischer Langzeitfolgen dann besonders gering sind, wenn Betroffene sich zeitnah fachlich beraten bzw. behandeln lassen. Die Kooperationsvereinbarung mit Notfallpsychologe Dr. Cierjacks sorgt\n nun daf\u00fcr, dass schnelle Hilfe im Bedarfsfall garantiert ist.<\/p>\n\n\n\n<p>Tats\u00e4chliche Kosten entstehen der Stadt Speyer nur im Falle einer einzelfallbezogenen Beauftragung.<\/p>\n\n\n\n<p><em>Stadt Speyer<\/em><br><em>02.03.2020<\/em><\/p>\n\n\n\n<h2 class=\"wp-block-heading\"><strong>Veranstaltungsreihe \u201eMittwochabend im Stadtarchiv\u201c startet mit einem Highlight<\/strong><\/h2>\n\n\n\n<p><strong>Speyer &#8211; <\/strong>Die Veranstaltungsreihe des Kulturellen Erbes &#8211; Stadtarchiv Speyer \u201eMittwochabend im Stadtarchiv\u201c startet 2020 mit einem Highlight:  Am <strong>Mittwoch, 4. M\u00e4rz 2020<\/strong>, 18:30 Uhr referiert Prof. Dr. Christian F\u00fchrer zum Gedenken an das Ende des Zweiten Weltkrieges 1945 in Speyer im Historischen Ratssaal. <\/p>\n\n\n\n<p>Im M\u00e4rz 1945 endete der Zweite Weltkrieg im Raum Speyer mit dem Einmarsch der Amerikaner, denen kurz darauf die Franzosen\n folgten. Obwohl der Ausgang des Krieges zu diesem Zeitpunkt l\u00e4ngst feststand, sollten die Ereignisse in und um Speyer speziell f\u00fcr die Franzosen von gro\u00dfer Bedeutung sein: hier gelang ihnen Anfang April 1945 der erste Rhein\u00fcbergang, der Frankreich letztlich\n in den Rang einer Siegermacht des Zweiten Weltkriegs erheben sollte. Der Vortrag beleuchtet die Vorg\u00e4nge w\u00e4hrend der letzten Kriegstage aus amerikanischer, franz\u00f6sischer und deutscher Sicht und m\u00f6chte so an den bevorstehenden 75. Jahrestag des Kriegsendes\n am 8. Mai 1945 erinnern.<\/p>\n\n\n\n<p>Prof. Dr. Christian F\u00fchrer ist Studiengangsleiter im Studiengang BWL-Dienstleistungsmarketing der Duale Hochschule Baden-W\u00fcrttemberg\n in Mannheim. Der Experte f\u00fcr Besatzungsgeschichte hat 2013 und 2014 insgesamt drei B\u00fccher zur Geschichte der amerikanischen Garnisonen in Mannheim und Heidelberg ver\u00f6ffentlicht. Die von ihm zusammen mit dem Historischen Museum der Pfalz kuratierte Ausstellung\n mit Begleitpublikation zur Geschichte der Franzosen in Speyer wird am 8. Mai 2020 er\u00f6ffnet.<\/p>\n\n\n\n<p><em>Stadt Speyer<\/em><br><em>02.03.2020<\/em><\/p>\n\n\n\n<h2 class=\"wp-block-heading\"><strong>Unterk\u00fcnfte f\u00fcr Chartrainer Praktikantinnen gesucht<\/strong><\/h2>\n\n\n\n<p><strong>Speyer &#8211; <\/strong>F\u00fcr die Unterbringung von drei Praktikantinnen aus der franz\u00f6sischen Partnerstadt Chartres, die <strong>vom 27. April bis 22. Mai 2020<\/strong> ein Berufspraktikum in Speyer absolvieren wollen, werden noch Gastfamilien gesucht. <\/p>\n\n\n\n<p>Die drei Fachsch\u00fclerinnen aus dem Bereich Marketing im Alter von 17 bis 19 Jahren w\u00fcrden sich \u00fcber eine Unterbringung in Speyerer Familien  freuen, um ihre Deutschkenntnisse zu verbessern. <\/p>\n\n\n\n<p>Gastgeber k\u00f6nnen sich in dieser Sache an die Stadtverwaltung Speyer wenden, Tel. 06232 142460, E-Mail: <a rel=\"noreferrer noopener\" href=\"mailto:kommunikation@stadt-speyer.de\" target=\"_blank\">kommunikation@stadt-speyer.de<\/a><\/p>\n\n\n\n<p><em>Stadt Speyer<\/em><br><em>02.03.2020<\/em><\/p>\n\n\n\n<h2 class=\"wp-block-heading\"><strong>Jagdgenossenschaftsversammlung 2020<\/strong><\/h2>\n\n\n\n<p><strong>Speyer &#8211; <\/strong>Am <strong>Montag, 16. M\u00e4rz 2020<\/strong>, 17:00 Uhr, findet im Stadtratssitzungssaal, Maximilianstra\u00dfe 12 (R\u00fcckgeb\u00e4ude), die diesj\u00e4hrige Versammlung  der Jagdgenossenschaft des Stadtkreises Speyer statt. Auf der Tagesordnung stehen unter anderem der Haushaltsplan 2020 und ein Bericht des Kreisjagdmeisters. <\/p>\n\n\n\n<p><em>Stadt Speyer<\/em><br><em>02.03.2020<\/em><\/p>\n\n\n\n<h2 class=\"wp-block-heading\"><strong>Soziale Stadt Speyer: Bewerbung um Projektf\u00f6rderungen ab sofort m\u00f6glich<\/strong><\/h2>\n\n\n\n<div class=\"wp-block-image\"><figure class=\"aligncenter\"><img decoding=\"async\" loading=\"lazy\" width=\"400\" height=\"268\" src=\"https:\/\/speyer24news.com\/wp-content\/uploads\/2020\/03\/Sozial-Stadt-Speyer.jpg\" alt=\"\" class=\"wp-image-25546\" srcset=\"https:\/\/speyer24news.com\/wp-content\/uploads\/2020\/03\/Sozial-Stadt-Speyer.jpg 400w, https:\/\/speyer24news.com\/wp-content\/uploads\/2020\/03\/Sozial-Stadt-Speyer-300x201.jpg 300w\" sizes=\"(max-width: 400px) 100vw, 400px\" \/><\/figure><\/div>\n\n\n\n<p><strong>Speyer &#8211; A<\/strong>b sofort k\u00f6nnen sich Einzelpersonen, Gruppen und Vereine schriftlich um die F\u00f6rderung von Projekten aus dem Verf\u00fcgungsfonds der Sozialen  Stadt bewerben. Der Fonds dient der Finanzierung kleinteiliger Ma\u00dfnahmen, Aktionen und Projekte, die zielgerichtete Effekte in den beiden Gebieten der \u201eSozialen Stadt\u201c in Speyer haben und sich an den grunds\u00e4tzlichen Zielen und Handlungsans\u00e4tzen des \u201eIntegrierten  Entwicklungskonzepts\u201c (IEK) der Sozialen Stadt orientieren. Das k\u00f6nnen Projekte sein, die beispielsweise den nachbarschaftlichen Zusammenhalt st\u00e4rken, wie z.B. gemeinschaftliches G\u00e4rtnern, oder integrationsf\u00f6rdernd sind. <\/p>\n\n\n\n<p>N\u00e4here Informationen, wie Ausschreibungstext und Antr\u00e4ge, erhalten Interessierte direkt in den beiden Quartiersb\u00fcros am Berliner Platz\n und in der Windthorststra\u00dfe 18 (ehemalige Sparkasse). Dort k\u00f6nnen die Antr\u00e4ge auch wieder eingereicht werden.\n<\/p>\n\n\n\n<p>F\u00fcr die beiden Gebiete wird jeweils eine Summe von 10.000 \u20ac bereitgestellt, wobei der Zuschuss pro Ma\u00dfnahme im Regelfall 5.000 \u20ac nicht  \u00fcbersteigen sollte. Antragsfrist ist der <strong>31. M\u00e4rz 2020<\/strong>. Danach entscheiden die Kernarbeitsgruppen \u201eSoziale Stadt\u201c \u00fcber alle g\u00fcltig eingegangenen Antr\u00e4ge. Sp\u00e4testens zwei Monate nach erfolgter Zusage soll mit den Ma\u00dfnahmen begonnen werden, die bis zum  30. November des laufenden Jahres abgerechnet sein m\u00fcssen. Die Auszahlung der Mittel erfolgt grunds\u00e4tzlich nach Abschluss der Projekte bzw. sp\u00e4testens zum 31.12.2020.<\/p>\n\n\n\n<p><em>Stadt Speyer<\/em><br><em>02.03.2020<\/em><\/p>\n\n\n\n<h2 class=\"wp-block-heading\"><strong>Erster Fahrradbasar der Kita WoLa<\/strong><\/h2>\n\n\n\n<div class=\"wp-block-image\"><figure class=\"aligncenter\"><img decoding=\"async\" loading=\"lazy\" width=\"500\" height=\"662\" src=\"https:\/\/speyer24news.com\/wp-content\/uploads\/2020\/03\/Fahrradbasar-WoLa.png\" alt=\"\" class=\"wp-image-25545\" srcset=\"https:\/\/speyer24news.com\/wp-content\/uploads\/2020\/03\/Fahrradbasar-WoLa.png 500w, https:\/\/speyer24news.com\/wp-content\/uploads\/2020\/03\/Fahrradbasar-WoLa-227x300.png 227w\" sizes=\"(max-width: 500px) 100vw, 500px\" \/><\/figure><\/div>\n\n\n\n<p><strong>Speyer \/ Kita WoLa &#8211; <\/strong>Nach dem Motto \u201eDie WoLa rollt\u201c veranstaltet der \u201eF\u00f6rderverein WoLa &#8211; Ein Haus f\u00fcr Kinder e.V.\u201c zum ersten Mal einen Fahrradbasar. Wer also rechtzeitig zum Beginn der w\u00e4rmeren Jahreszeit ein gebrauchtes Fahrrad verkaufen oder erwerben m\u00f6chte, hat dazu am <strong>Sonntag, 29. M\u00e4rz 2020<\/strong>, 14:00 bis 16:00 Uhr in der <strong>Kita WoLa<\/strong> die Gelegenheit. <\/p>\n\n\n\n<p>Auf dem gro\u00dfz\u00fcgigen Au\u00dfengel\u00e4nde in der Wormser Landstra\u00dfe 7c kann mit dem ausgesuchten Fahrrad dann auch direkt\n eine Probefahrt unternommen werden. Vom Verkaufspreis werden 10 % einbehalten und weitere 10 % vom K\u00e4ufer zus\u00e4tzlich verlangt. Der Erl\u00f6s des Basars kommt durch den F\u00f6rderverein vollumf\u00e4nglich der Kindertagesst\u00e4tte zugute.<\/p>\n\n\n\n<p>Angenommen werden Kinder-, Jugend- und Erwachsenenfahrr\u00e4der sowie Kinderfahrzeuge aller Art (Inliner, Roller, Bobby-Cars,  Kettcars usw.). Was verkauft werden soll, muss zwischen 10:00 und 12:00 Uhr in der Kita abgeben werden. <\/p>\n\n\n\n<figure class=\"wp-block-image\"><img decoding=\"async\" loading=\"lazy\" width=\"600\" height=\"364\" src=\"https:\/\/speyer24news.com\/wp-content\/uploads\/2020\/03\/WoLa-SP-F\u00f6rdervereinlogo.jpg\" alt=\"\" class=\"wp-image-25544\" srcset=\"https:\/\/speyer24news.com\/wp-content\/uploads\/2020\/03\/WoLa-SP-F\u00f6rdervereinlogo.jpg 600w, https:\/\/speyer24news.com\/wp-content\/uploads\/2020\/03\/WoLa-SP-F\u00f6rdervereinlogo-300x182.jpg 300w\" sizes=\"(max-width: 600px) 100vw, 600px\" \/><\/figure>\n\n\n\n<p>Weitere Informationen sowie die Teilnahmebedingungen sind auf der Homepage der Stadt Speyer unter der <a href=\"https:\/\/www.speyer.de\/sv_speyer\/de\/Bildung\/Kinder\/WoLa,%20ein%20Haus%20f\u00fcr%20Kinder\/F\u00f6rderverein\/\">Rubrik Bildung\/Kinder\/Kindertagesst\u00e4tten\/Kita WoLa\/F\u00f6rderverein<\/a> zu finden. Anmelden kann man sich per Mail unter <a rel=\"noreferrer noopener\" href=\"mailto:wola@stadt-speyer.de\" target=\"_blank\"> wola@stadt-speyer.de<\/a>. <\/p>\n\n\n\n<p>Verkaufserl\u00f6se sowie leider nicht verkaufte R\u00e4der k\u00f6nnen am selben Tag zwischen 18:00 Uhr und 18:30 Uhr wieder in\n der Kita abgeholt werden. <\/p>\n\n\n\n<p><em>Stadt Speyer<\/em><br><em>02.03.2020<\/em><\/p>\n\n\n\n<h2 class=\"wp-block-heading\"><strong>Stadtverwaltung wegen Personalversammlung geschlossen<\/strong><\/h2>\n\n\n\n<div class=\"wp-block-image\"><figure class=\"aligncenter\"><img decoding=\"async\" src=\"https:\/\/speyer24news.com\/wp-content\/uploads\/2020\/01\/Closed.jpg\" alt=\"\" class=\"wp-image-24022\"\/><\/figure><\/div>\n\n\n\n<p><strong>Speyer &#8211; <\/strong>Die Dienststellen der Stadtverwaltung sind<strong> am Dienstag, 3. M\u00e4rz 2020, ab 12:30 Uhr <\/strong>wegen der diesj\u00e4hrigen Personalversammlung geschlossen.  Dies betrifft auch die B\u00fcrgerb\u00fcros in der Maximilianstra\u00dfe und der Industriestra\u00dfe.<\/p>\n\n\n\n<p>Verwaltungsbereiche, die vormittags regul\u00e4r nur bis 12:00 Uhr f\u00fcr den Publikumsverkehr ge\u00f6ffnet sind, behalten diese Schlie\u00dfzeit\n bei. Geschlossen bleiben nachmittags auch das Standesamt, die VHS und die Stadtbibliothek in der\nVilla Ecarius sowie die Tourist-Information.<\/p>\n\n\n\n<p>Der Abfallwirtschaftshof der Entsorgungsbetriebe Speyer (EBS) in der Franz-Kirrmeier-Stra\u00dfe ist wie gewohnt erreichbar.<\/p>\n\n\n\n<p><em>Stadt Speyer<\/em><br><em>02.03.2020<\/em><\/p>\n\n\n\n<h2 class=\"wp-block-heading\"><strong>Soziale Stadt Speyer-S\u00fcd &#8211; Br\u00fcckenentw\u00fcrfe ausgestellt<\/strong><\/h2>\n\n\n\n<p><strong>Speyer &#8211; <\/strong>Im Quartier des St\u00e4dtebauf\u00f6rderprogramms \u201eSoziale Stadt Speyer-S\u00fcd\u201c soll zur Verbesserung der Verbindung zwischen der Neubebauung am  Priesterseminar und der Paul-Egell-Stra\u00dfe ein barrierefreier Rad- und Fu\u00dfg\u00e4ngersteg errichtet werden, der die stark befahrene Bundesstra\u00dfe 39 \u00fcberspannt. Bereits im letzten Jahr hat die Stadtverwaltung drei Ingenieurb\u00fcros dazu aufgefordert, einen Entwurf abzugeben,  wie diese Br\u00fccke realisiert werden kann.<\/p>\n\n\n\n<p>Im Rahmen einer gut besuchten B\u00fcrgerversammlung in der Jugendf\u00f6rderung im Dezember 2019 wurden die eingereichten Entw\u00fcrfe der \u00d6ffentlichkeit  pr\u00e4sentiert. Dabei wurde seitens der B\u00fcrgerschaft der Wunsch formuliert, die Modelle noch einmal sehen zu k\u00f6nnen. Diese M\u00f6glichkeit besteht nun <strong>seit 26. Februar bis zum 9. M\u00e4rz 2020<\/strong> im <strong>Glaspavillon des Historischen Rathauses<\/strong> im Innenhof der Maximilianstra\u00dfe  12.<\/p>\n\n\n\n<p>Die Pl\u00e4ne und Modelle k\u00f6nnen jeweils von Montag bis Donnerstag zwischen 8:00 und 17:00 Uhr sowie an Freitagen bis 12:00 Uhr angesehen  werden. Dar\u00fcber hinaus besteht auch noch einmal die M\u00f6glichkeit, Meinungen und Anregungen zu den drei Entw\u00fcrfen zu hinterlassen.<\/p>\n\n\n\n<p><em>Stadt Speyer<\/em><br><em>02.03.2020<\/em><\/p>\n\n\n\n<h2 class=\"wp-block-heading\">Rheinland-Pfalz-Tag 2020 in Andernach<\/h2>\n\n\n\n<h3 class=\"wp-block-heading\">#TeildesZugs2020: Bewerbung f\u00fcr den Festumzug \u00fcber Social-Media<\/h3>\n\n\n\n<div class=\"wp-block-image\"><figure class=\"aligncenter\"><img decoding=\"async\" loading=\"lazy\" width=\"800\" height=\"533\" src=\"https:\/\/speyer24news.com\/wp-content\/uploads\/2020\/03\/RLP-Tag-Umzug.jpg\" alt=\"\" class=\"wp-image-25542\" srcset=\"https:\/\/speyer24news.com\/wp-content\/uploads\/2020\/03\/RLP-Tag-Umzug.jpg 800w, https:\/\/speyer24news.com\/wp-content\/uploads\/2020\/03\/RLP-Tag-Umzug-300x200.jpg 300w, https:\/\/speyer24news.com\/wp-content\/uploads\/2020\/03\/RLP-Tag-Umzug-768x512.jpg 768w\" sizes=\"(max-width: 800px) 100vw, 800px\" \/><\/figure><\/div>\n\n\n\n<p><strong>Andernach &#8211; <\/strong>Am diesj\u00e4hrigen Rheinland-Pfalz-Tag in Andernach vom 19. bis 21. Juni 2020 erwartet die Besucherinnen und Besucher ein buntes und informatives Programm mit tollen Live-Konzerten, mit Informations- und Aktionsfl\u00e4chen, Ausstellungen und nat\u00fcrlich Wein und regionaltypischem Essen. H\u00f6hepunkt wird der gro\u00dfe Festumzug am Sonntag, 21. Juni 2020 sein, der die Vielfalt und Lebensfreude von Rheinland-Pfalz abbildet.<\/p>\n\n\n\n<p>Nach Abschluss des traditionellen Bewerbungsverfahrens f\u00fcr die Teilnahme am Festzug startet nun das Bewerbungsverfahren \u00fcber die Social-Media-Kan\u00e4le des Landes. Modernes trifft Traditionelles: Gesucht werden Gruppen mit Festwagen, Fu\u00dfgruppen, Vereine, Verb\u00e4nde oder Initiativen mit Fantasie, Kreativit\u00e4t und Musik, die ihr K\u00f6nnen vor gro\u00dfem Publikum pr\u00e4sentieren m\u00f6chten und mitwirken, den gesellschaftlichen Zusammenhalt des Landes zu st\u00e4rken. An den Kosten f\u00fcr die Gestaltung eines Festwagens beteiligt sich das Land mit bis zu 1.000 Euro. Die finale Auswahl trifft eine Jury, bestehend aus Vertretern der gastgebenden Stadt Andernach, des SWR und der Staatskanzlei Rheinland-Pfalz. Ausgew\u00e4hlt wird anhand der Kriterien Kreativit\u00e4t, Landesbezug und Originalit\u00e4t.<\/p>\n\n\n\n<p>Ideen k\u00f6nnen ab sofort in Form von Fotos, Videos und kurzer Beschreibung <strong><em>bis zum 13. M\u00e4rz 2020<\/em><\/strong> \u00fcber Facebook (<a href=\"https:\/\/www.facebook.com\/groups\/375052623250430\/\">Gruppe der Seite Rheinland-Pfalz-Tag: Festzug am Rheinland-Pfalz-Tag<\/a>) oder Instagram (Verwendung #TeildesZugs2020) hochgeladen werden. Nach der Sitzung der Jury werden die Gewinner bekannt gegeben. Weitere Informationen gibt es auf <a href=\"http:\/\/www.rlp-tag.de\/\">http:\/\/www.rlp-tag.de\/<\/a><\/p>\n\n\n\n<p><em>Staatskanzlei Rheinland-Pfalz<br>02.03.2020<\/em><\/p>\n\n\n\n<h2 class=\"wp-block-heading\"><strong>Wartturmhexen der SKG st\u00fcrmen das Stadthaus<\/strong><\/h2>\n\n\n\n<div class=\"wp-block-image\"><figure class=\"aligncenter\"><img decoding=\"async\" loading=\"lazy\" width=\"800\" height=\"533\" src=\"https:\/\/speyer24news.com\/wp-content\/uploads\/2020\/03\/Stadthaussturm-2.jpg\" alt=\"\" class=\"wp-image-25541\" srcset=\"https:\/\/speyer24news.com\/wp-content\/uploads\/2020\/03\/Stadthaussturm-2.jpg 800w, https:\/\/speyer24news.com\/wp-content\/uploads\/2020\/03\/Stadthaussturm-2-300x200.jpg 300w, https:\/\/speyer24news.com\/wp-content\/uploads\/2020\/03\/Stadthaussturm-2-768x512.jpg 768w\" sizes=\"(max-width: 800px) 100vw, 800px\" \/><figcaption>Wie \u00fcblich wurden auch Krawatten abgeschnitten, selbst bei der Oberb\u00fcrgermeisterin und der B\u00fcrgermeisterin.<\/figcaption><\/figure><\/div>\n\n\n\n<p><strong>Speyer &#8211; <\/strong>P\u00fcnktlich um 11:11 Uhr st\u00fcrmten am \u201eSchmutzigen Donnerstag\u201c (20.02.2020) rund 15 schaurig-sch\u00f6ne Wartturmhexen unter donnernden \u201eHex, Hex,  Hajo\u201c-Rufen das Speyerer Stadthaus. Oberb\u00fcrgermeisterin Stefanie Seiler und B\u00fcrgermeisterin Monika Kabs blieb nur die Kapitulation, als die schwarz gewandeten Gestalten ihren Krawatten &#8211; die sie selbstverst\u00e4ndlich rein zuf\u00e4llig trugen &#8211; zu Leibe r\u00fcckten. <\/p>\n\n\n\n<p>Oberb\u00fcrgermeisterin Seiler und die anderen Anwesenden, die um das untere Teilst\u00fcck ihres Schlipses betrogen wurden, sinnierten kurz\n \u00fcber eine m\u00f6gliche Sammelklage wegen Sachbesch\u00e4digung, doch Oberhexe und Pr\u00e4sidentin der Speyerer Karnevalsgesellschaft (SKG), Eva W\u00f6hlert, erteilte dem Vorhaben umgehend eine Absage: \u201eNix gibt\u2019s, jetzt haben die Hexen die Regentschaft!\u201c.\n<\/p>\n\n\n\n<p>Der anschlie\u00dfende gemeinsame Sekt-Umtrunk, nat\u00fcrlich stilecht mit Speyerer Brezeln, stimmte dann aber alle wieder vers\u00f6hnlich. Nach  gut einer halben Stunde war der Zauber vorbei und die Hexen zogen gest\u00e4rkt und lauthals singend wieder von Dannen \u2013 vermutlich auf nicht ganz direktem Wege in die Stadthalle, zur ersten Damensitzung der SKG am Abend.<\/p>\n\n\n\n<p><em>Stadt Speyer<br>02.03.2020<\/em><\/p>\n\n\n\n<h1 class=\"wp-block-heading\" style=\"text-align:center\">Verkehrsnotizen<\/h1>\n\n\n\n<div class=\"wp-block-image\"><figure class=\"aligncenter\"><img decoding=\"async\" loading=\"lazy\" width=\"800\" height=\"565\" src=\"https:\/\/speyer24news.com\/wp-content\/uploads\/2020\/01\/Baustelle-2.jpg\" alt=\"\" class=\"wp-image-23900\" srcset=\"https:\/\/speyer24news.com\/wp-content\/uploads\/2020\/01\/Baustelle-2.jpg 800w, https:\/\/speyer24news.com\/wp-content\/uploads\/2020\/01\/Baustelle-2-300x212.jpg 300w, https:\/\/speyer24news.com\/wp-content\/uploads\/2020\/01\/Baustelle-2-768x542.jpg 768w\" sizes=\"(max-width: 800px) 100vw, 800px\" \/><\/figure><\/div>\n\n\n\n<h2 class=\"wp-block-heading\"><strong>L\u00f6wengasse gesperrt<\/strong><\/h2>\n\n\n\n<div class=\"wp-block-image\"><figure class=\"aligncenter\"><img decoding=\"async\" src=\"https:\/\/speyer24news.com\/wp-content\/uploads\/2020\/01\/Vollsperrung.jpg\" alt=\"\" class=\"wp-image-23970\"\/><\/figure><\/div>\n\n\n\n<p><strong>Speyer &#8211; <\/strong>Aufgrund notwendiger Leitungsarbeiten im Auftrag der Stadtwerke Speyer wird die L\u00f6wengasse auf H\u00f6he der Hausnummer 30<strong><em> seit 27.02.2020  bis voraussichtlich 17.03.2020<\/em><\/strong> f\u00fcr den Durchgangsverkehr gesperrt. F\u00fcr die Dauer der Ma\u00dfnahme wird die L\u00f6wengasse beidseitig als Sackgasse ausgewiesen und die Einbahnstra\u00dfenregelung aufgehoben.<\/p>\n\n\n\n<p>F\u00fcr R\u00fcckfragen steht die Stra\u00dfenverkehrsbeh\u00f6rde unter den Rufnummern 14-2739, 14-2682 oder 14-2492 zur Verf\u00fcgung.<\/p>\n\n\n\n<p><em>Text: Stadt Speyer Foto: Speyer 24\/7 News, dak<br>02.03.2020<\/em><\/p>\n\n\n\n<h2 class=\"wp-block-heading\"><strong>Vollsperrung Akazienweg<\/strong><\/h2>\n\n\n\n<div class=\"wp-block-image\"><figure class=\"aligncenter\"><img decoding=\"async\" loading=\"lazy\" width=\"640\" height=\"471\" src=\"https:\/\/speyer24news.com\/wp-content\/uploads\/2020\/01\/Baustelle.jpg\" alt=\"\" class=\"wp-image-24501\" srcset=\"https:\/\/speyer24news.com\/wp-content\/uploads\/2020\/01\/Baustelle.jpg 640w, https:\/\/speyer24news.com\/wp-content\/uploads\/2020\/01\/Baustelle-300x221.jpg 300w, https:\/\/speyer24news.com\/wp-content\/uploads\/2020\/01\/Baustelle-80x60.jpg 80w\" sizes=\"(max-width: 640px) 100vw, 640px\" \/><\/figure><\/div>\n\n\n\n<p><strong>Speyer &#8211; <\/strong>Aufgrund von Leitungsarbeiten im Auftrag der Entsorgungsbetriebe Speyer (EBS), wird der Akazienweg, auf H\u00f6he der Hausnummer 14, <strong>von Montag, 2. M\u00e4rz 2020, bis voraussichtlich Freitag, 6. M\u00e4rz 2020<\/strong>, f\u00fcr den Durchgangsverkehr gesperrt. F\u00fcr  die Dauer der Ma\u00dfnahme wird der Akazienweg beidseitig als Sackgasse ausgewiesen. Eine Umleitung wird ausgewiesen.<\/p>\n\n\n\n<p>F\u00fcr R\u00fcckfragen steht die Stra\u00dfenverkehrsbeh\u00f6rde unter den Rufnummern 14-2739, 14-2492 oder 14-2682 zur Verf\u00fcgung.<\/p>\n\n\n\n<p><em>Text: Stadt Speyer Foto: Speyer 24\/7 News, dak<\/em><br><em>02.03.2020<\/em><\/p>\n","protected":false},"excerpt":{"rendered":"<div class=\"mh-excerpt\"><p>Stadtnotizen Informationen zum Coronavirus Rhein-Pfalz-Kreis &#8211; Auf der Internetseite des Gesundheitsamtes des Landkreises Rhein-Pfalz Kreis, das auch f\u00fcr die Stadt Speyer zust\u00e4ndig ist, sind aktuelle Infos rund um den Coronavirus zusammengetragen: https:\/\/www.rhein-pfalz-kreis.de\/kv_rpk\/Slider\/Informationen%20zum%20Coronavirus\/ Derzeit gibt es <a class=\"mh-excerpt-more\" href=\"https:\/\/speyer24news.com\/?p=25540\" title=\"Stadtnotizen &#038; Verkehrsnotizen aus Speyer\">[&#8230;]<\/a><\/p>\n<\/div>","protected":false},"author":3,"featured_media":0,"comment_status":"open","ping_status":"open","sticky":false,"template":"","format":"standard","meta":{"_monsterinsights_skip_tracking":false,"_monsterinsights_sitenote_active":false,"_monsterinsights_sitenote_note":"","_monsterinsights_sitenote_category":0,"footnotes":""},"categories":[47],"tags":[6169,4283,267,5904,5801,6156,6162,6163,6159,6161,6168,6155,6158,6157,427,4551,1565,6167,2316,6160,6053,6,740,2674,1296,4901,6165,1114,6166],"aioseo_notices":[],"amp_enabled":true,"_links":{"self":[{"href":"https:\/\/speyer24news.com\/index.php?rest_route=\/wp\/v2\/posts\/25540"}],"collection":[{"href":"https:\/\/speyer24news.com\/index.php?rest_route=\/wp\/v2\/posts"}],"about":[{"href":"https:\/\/speyer24news.com\/index.php?rest_route=\/wp\/v2\/types\/post"}],"author":[{"embeddable":true,"href":"https:\/\/speyer24news.com\/index.php?rest_route=\/wp\/v2\/users\/3"}],"replies":[{"embeddable":true,"href":"https:\/\/speyer24news.com\/index.php?rest_route=%2Fwp%2Fv2%2Fcomments&post=25540"}],"version-history":[{"count":1,"href":"https:\/\/speyer24news.com\/index.php?rest_route=\/wp\/v2\/posts\/25540\/revisions"}],"predecessor-version":[{"id":25548,"href":"https:\/\/speyer24news.com\/index.php?rest_route=\/wp\/v2\/posts\/25540\/revisions\/25548"}],"wp:attachment":[{"href":"https:\/\/speyer24news.com\/index.php?rest_route=%2Fwp%2Fv2%2Fmedia&parent=25540"}],"wp:term":[{"taxonomy":"category","embeddable":true,"href":"https:\/\/speyer24news.com\/index.php?rest_route=%2Fwp%2Fv2%2Fcategories&post=25540"},{"taxonomy":"post_tag","embeddable":true,"href":"https:\/\/speyer24news.com\/index.php?rest_route=%2Fwp%2Fv2%2Ftags&post=25540"}],"curies":[{"name":"wp","href":"https:\/\/api.w.org\/{rel}","templated":true}]}}