{"id":25549,"date":"2020-03-02T14:19:00","date_gmt":"2020-03-02T13:19:00","guid":{"rendered":"https:\/\/speyer24news.com\/?p=25549"},"modified":"2020-03-02T14:19:02","modified_gmt":"2020-03-02T13:19:02","slug":"kirche-56","status":"publish","type":"post","link":"https:\/\/speyer24news.com\/?p=25549","title":{"rendered":"Kirche"},"content":{"rendered":"<style type=\"text\/css\">\r\n\t.ads_top_disp{}\r\n\t.ads_top_corner_disp{ float:left; margin:0px 10px 10px 0px; }\r\n\t.ads_first_p_disp{}\r\n\t.ads_bottom_disp{}\r\n\t<\/style>\n<h2 class=\"wp-block-heading\"><strong>Erstmals Weihrauch-Tasting im Dom zu Speyer<\/strong><\/h2>\n\n\n\n<h3 class=\"wp-block-heading\"><strong>Domkaplan Tobias Heil stellte die kostbare Essenz in ihren verschiedenen Formen und Nutzungen vor<\/strong><\/h3>\n\n\n\n<div class=\"wp-block-image\"><figure class=\"aligncenter\"><img decoding=\"async\" loading=\"lazy\" width=\"800\" height=\"566\" src=\"https:\/\/speyer24news.com\/wp-content\/uploads\/2020\/03\/WeihrauchTasting9-by-Landry_m.jpg\" alt=\"\" class=\"wp-image-25564\" srcset=\"https:\/\/speyer24news.com\/wp-content\/uploads\/2020\/03\/WeihrauchTasting9-by-Landry_m.jpg 800w, https:\/\/speyer24news.com\/wp-content\/uploads\/2020\/03\/WeihrauchTasting9-by-Landry_m-300x212.jpg 300w, https:\/\/speyer24news.com\/wp-content\/uploads\/2020\/03\/WeihrauchTasting9-by-Landry_m-768x543.jpg 768w\" sizes=\"(max-width: 800px) 100vw, 800px\" \/><figcaption>Weihrauch-Tasting in der Sakristei des Speyerer Doms mit Domkaplan Tobias Heil (links) <em>\u00a9 Domkapitel Speyer, Foto: Klaus Landry<\/em><\/figcaption><\/figure><\/div>\n\n\n\n<p><strong>Speyer &#8211; <\/strong>Schon im alten \u00c4gypten war der Weihrauch, der aus dem Harz des Weihrauchbaums Boswellia gewonnen wird, als Heilmittel bekannt. Und so alt ist auch seine Verwendung im Kult, in der religi\u00f6sen Praxis. Auch wenn in den ersten christlichen Jahrhunderten der Weihrauch in der Liturgie keine Rolle spielte, fand er in sp\u00e4tr\u00f6mischer Zeit Eingang in den christlichen Gottesdienst und wird heute in der katholischen und orthodoxen Kirche vielfach eingesetzt. In den Gottesdiensten im Speyerer Dom finden verschiedene Sorten der heilsamen und heiligen Rauchs fast jeden Sonntag Verwendung \u2013 nach einem festgelegten Einsatzplan. Der ist in der Sakristei des Doms hinterlegt \u2013 und in diesem sonst nicht \u00f6ffentlich zug\u00e4nglichen Raum war am Freitag das erste Weihrauch-Tasting, zu dem das Domkapitel und das Historische Museum der Pfalz in Speyer als Rahmenveranstaltung zur \u201eMedicus\u201c-Ausstellung geladen hatten. Die seit Anfang Dezember laufende Schau widmet sich in der Hauptsache der Heilkunst in Antike und Mittelalter.<\/p>\n\n\n\n<p>12 Besucher geh\u00f6rten dem exklusiven Kreis an und hatten\neine Karte f\u00fcr das stark nachgefragte Weihrauch-Tasting ergattert. Domkaplan\nTobias Heil, der als bisch\u00f6flicher Zeremoniar f\u00fcr\ndie Koordination und den reibungslosen Ablauf der Pontifikal\u00e4mter im Dom\nzust\u00e4ndig ist, stellte in knapp zwei Stunden verschiedene Arten\nvon Weihrauch vor und berichtete den G\u00e4sten von der Gewinnung, heilsamen\nWirkung und kultischen Bedeutung des Weihrauchs, der aus rund 250 verschiedenen\nStoffen besteht. In der Bibel wird Weihrauch als kostbare Essenz mehrfach\nerw\u00e4hnt, am bekanntesten sicher als Geschenk der Weisen aus dem Morgenland f\u00fcr\nden neugeborenen Christus. Die G\u00e4ste des ersten Speyerer Weihrauch-Tastings durften\nnicht nur die unterschiedlichen Sorten des Harzes riechen, sondern auch einen\nmedizinischen Weihrauch aus \u00c4thiopien auch essen. Der ebenso lehrreiche\nwie von sinnlichen Erfahrungen gepr\u00e4gte Abend fand seinen Abschluss im Hauptraum\ndes Doms, wo dann auch ein Weihrauchfass zum Einsatz\nkam.&nbsp;&nbsp;&nbsp;&nbsp;&nbsp;&nbsp;&nbsp;&nbsp;&nbsp;<\/p>\n\n\n\n<h4 class=\"wp-block-heading\"><strong>Zusatztermin am 28. Mai<\/strong><\/h4>\n\n\n\n<p>Auf Grund der gro\u00dfen Nachfrage wird es am 28. Mai ein weiteres\nWeihrauch-Tasting im Dom geben. Karten und Informationen gibt es \u00fcber das Historische\nMuseum der Pfalz Speyer <a href=\"https:\/\/deref-web-02.de\/mail\/client\/P3EHeg0xvrY\/dereferrer\/?redirectUrl=https%3A%2F%2Fmuseum.speyer.de%2Fveranstaltungen%2F\" target=\"_blank\" rel=\"noreferrer noopener\">https:\/\/museum.speyer.de\/veranstaltungen\/<\/a><\/p>\n\n\n\n<p><em>Text: Bistum Speyer Foto: Domkapitel Speyer, Klaus Landry<br>02.03.2020<\/em><\/p>\n\n\n\n<h2 class=\"wp-block-heading\"><strong>Kreuzweg \u201eAugen-Blick: Passion\u201c<\/strong><\/h2>\n\n\n\n<h3 class=\"wp-block-heading\"><strong>Weihbischof und Dompropst Otto Georgens er\u00f6ffnet tempor\u00e4ren Kreuzweg des K\u00fcnstlers Stefan Weyergraf gen. Streit im Speyerer Dom\u00a0 <\/strong><\/h3>\n\n\n\n<div class=\"wp-block-image\"><figure class=\"aligncenter\"><img decoding=\"async\" loading=\"lazy\" width=\"500\" height=\"636\" src=\"https:\/\/speyer24news.com\/wp-content\/uploads\/2020\/03\/Weyergraf_Passion1_m.jpg\" alt=\"\" class=\"wp-image-25561\" srcset=\"https:\/\/speyer24news.com\/wp-content\/uploads\/2020\/03\/Weyergraf_Passion1_m.jpg 500w, https:\/\/speyer24news.com\/wp-content\/uploads\/2020\/03\/Weyergraf_Passion1_m-236x300.jpg 236w\" sizes=\"(max-width: 500px) 100vw, 500px\" \/><figcaption>Der Palmsonntag als erstes Bild des Kreuzwegs \u201eAugenblick: Passion\u201c von Stefan Weyergraf<em> \u00a9 Stefan Weyergraf gen. Streit<\/em><\/figcaption><\/figure><\/div>\n\n\n\n<p><strong>Speyer &#8211;<\/strong> Jeden Freitagnachmittag um 15 Uhr, genau zur Sterbestunde Jesu, l\u00e4uten die Glocken des Speyerer Doms. Am Freitag, 28. Februar, war das Gel\u00e4ut auch der Auftakt zu einer Andacht, in der der Kreuzweg \u201eAugen-Blick: Passion\u201c des K\u00fcnstlers Stefan Weyergraf gen. Streit vorgestellt wurde. <br> Weihbischof Otto Georgens er\u00f6ffnete den tempor\u00e4ren Kreuzweg, der bis zum 11. April im Dom zu sehen sein wird. Die 22 jeweils 2,30 mal 1,80 Meter gro\u00dfen, farbkr\u00e4ftigen Acrylbilder des Theologen und K\u00fcnstlers Weyergraf sind auf Augenh\u00f6he der Betrachter an den Pfeilern des Mittelschiffs angebracht. \u201eDie Menschen k\u00f6nnen so in das Bild einsteigen\u201c, erkl\u00e4rte Weyergraf bei der Vorstellung der Kreuzwegstationen. Das Besondere an dem Kreuzweg ist, dass alle Leidensstationen aus dem Blickwinkel Jesu gemalt wurden. \u201eEs gibt in der Kunstgeschichte keine vergleichbare Darstellung der Leiden Jesu. Es ist nicht der klassische Kreuzweg mit mitleidigem Blick auf den Gekreuzigten\u201c, so der K\u00fcnstler. F\u00fcr die Besucher des Doms liegen zur Erl\u00e4uterung der Bilder Flyer aus, welche zum Beten des Kreuzweges einladen.<\/p>\n\n\n\n<p>In seiner Begr\u00fc\u00dfung anl\u00e4sslich der Er\u00f6ffnung des tempor\u00e4ren Kreuzwegs im Speyerer Dom wies Weihbischof Georgens auf die Bedeutung von Kreuzwegen in katholischen Kirchen hin. Domkapitular Franz Vogelgesang erl\u00e4uterte, warum das Speyerer Domkapitel beschlossen hatte, den K\u00fcnstler und sein Projekt in den Dom einzuladen. Die Bilder waren nicht als Auftragswerk entstanden, wurden dann aber 2003 f\u00fcr den \u00f6kumenischen Jugendkreuzweg verwendet, wo sie bereits f\u00fcr gro\u00dfes Aufsehen sorgten. Weyergraf selbst erkl\u00e4rte, welche Absicht sich f\u00fcr ihn mit der Wahl der besonderen Perspektive verbindet, die er f\u00fcr seine Interpretation des Kreuzweges gew\u00e4hlt hatte. Im Anschluss daran wurden zwei Stationen des Kreuzwegs gemeinsam betrachtet, begleitet von Gebeten, Gesang und zwei Solost\u00fccken f\u00fcr Cello, gespielt von Ann-Kathrin Korselt. <\/p>\n\n\n\n<div class=\"wp-block-image\"><figure class=\"aligncenter\"><img decoding=\"async\" loading=\"lazy\" width=\"800\" height=\"598\" src=\"https:\/\/speyer24news.com\/wp-content\/uploads\/2020\/03\/Kreuzweg2-by-Landry_m.jpg\" alt=\"\" class=\"wp-image-25562\" srcset=\"https:\/\/speyer24news.com\/wp-content\/uploads\/2020\/03\/Kreuzweg2-by-Landry_m.jpg 800w, https:\/\/speyer24news.com\/wp-content\/uploads\/2020\/03\/Kreuzweg2-by-Landry_m-300x224.jpg 300w, https:\/\/speyer24news.com\/wp-content\/uploads\/2020\/03\/Kreuzweg2-by-Landry_m-768x574.jpg 768w, https:\/\/speyer24news.com\/wp-content\/uploads\/2020\/03\/Kreuzweg2-by-Landry_m-326x245.jpg 326w, https:\/\/speyer24news.com\/wp-content\/uploads\/2020\/03\/Kreuzweg2-by-Landry_m-80x60.jpg 80w\" sizes=\"(max-width: 800px) 100vw, 800px\" \/><figcaption>Er\u00f6ffnung des tempor\u00e4ren Kreuzwegs von Stefan Weyergraf gen. Streit am 28. Februar im Dom zu Speyer <em>\u00a9 Stefan Weyergraf gen. Streit\/Foto: Klaus Landry<\/em><\/figcaption><\/figure><\/div>\n\n\n\n<h4 class=\"wp-block-heading\"><strong>Betrachtung der\nLeiden Jesu durch seine Augen<\/strong><\/h4>\n\n\n\n<p>Durch den besonderen Blickwinkel, dem von Jesus selbst, wirkt der Kreuzweg\nzun\u00e4chst verst\u00f6rend. Der Betrachter sieht das Leid Jesu durch seine Augen. Jesus\nselbst ist auf keinem der Bilder zu sehen, nicht einmal eine Fingerspitze. Sein\nganzer Leidensweg erschlie\u00dft sich im Anblick auf die gleichfalls zum Tode\nverurteilten Sch\u00e4cher und all jene Ereignisse, die sich um ihn herum mit all\nseinen Beteiligten so oder so \u00e4hnlich abgespielt haben k\u00f6nnten. Wie durch eine\nfest vor die Augen fixierte Kamera verfolgt der Betrachter die Szenen aus dem\n\u201eAugen-Blick\u201c Jesu. Neigt Jesus den Kopf oder f\u00e4llt er unter dem Kreuz zu\nBoden, so geht das Suchfenster der Kamera entsprechend mit. Im Bildausschnitt\nbleiben somit die Horizontneigungen bestehen, die im Extremfall sogar bis in\ndie Vertikale kippen. <\/p>\n\n\n\n<p>Durch den Perspektivwechsel wird der Betrachter mitten in das Geschehen hineinversetzt. Er sieht Jesus nicht, weil er seinen Standpunkt einnimmt, ist irritiert, muss sich \u201eumsehen\u201c, \u201eumdenken\u201c und sich neu in das Bildmotiv hineinsehen. Das regt eine intensive Auseinandersetzung mit dem Passionszyklus an. Eine weitere Besonderheit ist der Umfang des Kreuzwegs. Entgegen der seit dem 16. Jahrhundert \u00fcblichen Anzahl von 14 Stationen besteht dieser Kreuzweg aus 22 Gem\u00e4lden, die den Passionszyklus darstellen. Dazu kommen zwei weitere Bilder, die Szenen nach der Auferstehung Jesu beinhalten. Diese werden bis zum 21. Mai, dem Festtag Christi Himmelfahrt, im Dom zu sehen sein. <\/p>\n\n\n\n<div class=\"wp-block-image\"><figure class=\"aligncenter\"><img decoding=\"async\" loading=\"lazy\" width=\"800\" height=\"601\" src=\"https:\/\/speyer24news.com\/wp-content\/uploads\/2020\/03\/Kreuzweg6-by-Landry_m.jpg\" alt=\"\" class=\"wp-image-25563\" srcset=\"https:\/\/speyer24news.com\/wp-content\/uploads\/2020\/03\/Kreuzweg6-by-Landry_m.jpg 800w, https:\/\/speyer24news.com\/wp-content\/uploads\/2020\/03\/Kreuzweg6-by-Landry_m-300x225.jpg 300w, https:\/\/speyer24news.com\/wp-content\/uploads\/2020\/03\/Kreuzweg6-by-Landry_m-768x577.jpg 768w, https:\/\/speyer24news.com\/wp-content\/uploads\/2020\/03\/Kreuzweg6-by-Landry_m-678x509.jpg 678w, https:\/\/speyer24news.com\/wp-content\/uploads\/2020\/03\/Kreuzweg6-by-Landry_m-326x245.jpg 326w, https:\/\/speyer24news.com\/wp-content\/uploads\/2020\/03\/Kreuzweg6-by-Landry_m-80x60.jpg 80w\" sizes=\"(max-width: 800px) 100vw, 800px\" \/><figcaption>Er\u00f6ffnung des tempor\u00e4ren Kreuzwegs von Stefan Weyergraf gen. Streit am 28. Februar im Dom zu Speyer. v.l.: \u00a0Domkapitular Franz Vogelgesang, Weihbischof und Dompropst Otto Georgens, Stefan Weyergraf gen. Streit <em>\u00a9 Stefan Weyergraf gen. Streit\/Foto: Klaus Landry<\/em><\/figcaption><\/figure><\/div>\n\n\n\n<h4 class=\"wp-block-heading\"><strong>Kreuzwegandachten\nund Konzerte der Reihe \u201eCantate Domino\u201c<\/strong><\/h4>\n\n\n\n<p>Der Kreuzweg \u201eAugen-Blick: Passion\u201c ist seit 28. Februar bis 11. April im Speyerer Dom zu sehen. Die Gem\u00e4lde sind in Ost-Westrichtung an den Pfeilern des Mittelschiffs aufgestellt. <\/p>\n\n\n\n<p>In der Fastenzeit l\u00e4dt die Dompfarrei Pax Christi jeden Freitag um 15 Uhr zur\ngemeinsamen Kreuzwegandacht ein. Treffpunkt ist an der Station mit der Nummer\n1. <\/p>\n\n\n\n<p>An den Samstagen der Fastenzeit findet zudem im Rahmen der Reihe \u201eCantate\nDomino\u201c jeweils um 18 Uhr ein Konzert statt. Der Eintritt ist frei, es wird um\neine Spende gebeten. <\/p>\n\n\n\n<p>Der Dom ist t\u00e4glich von 9 bis 17 Uhr, sonn-und feiertags von 11:30 bis\n17:30 Uhr ge\u00f6ffnet. Abweichende \u00d6ffnungszeiten auf Grund von Gottesdiensten\noder Veranstaltungen sind m\u00f6glich. Der Eintritt zum Dom ist kostenfrei. &nbsp;<\/p>\n\n\n\n<p><em>Text: Bistum Speyer Foto: (1) \u00a9 Stefan Weyergraf gen. Streit; (2 &amp; 3) \u00a9 Stefan Weyergraf gen. Streit\/Foto: Klaus Landry<br>02.03.2020<\/em><\/p>\n\n\n\n<h2 class=\"wp-block-heading\"><strong>Sich etwas von der Seele reden \u2026 \u2013 per E-Mail<\/strong><\/h2>\n\n\n\n<h3 class=\"wp-block-heading\"><strong>Die Internetseelsorge ist ein offenes Beratungsangebot f\u00fcr Jugendliche und Erwachsene in schwierigen Lebenslagen<\/strong><\/h3>\n\n\n\n<div class=\"wp-block-image\"><figure class=\"aligncenter\"><img decoding=\"async\" loading=\"lazy\" width=\"500\" height=\"704\" src=\"https:\/\/speyer24news.com\/wp-content\/uploads\/2020\/03\/Internetseelsorge.jpg\" alt=\"\" class=\"wp-image-25560\" srcset=\"https:\/\/speyer24news.com\/wp-content\/uploads\/2020\/03\/Internetseelsorge.jpg 500w, https:\/\/speyer24news.com\/wp-content\/uploads\/2020\/03\/Internetseelsorge-213x300.jpg 213w\" sizes=\"(max-width: 500px) 100vw, 500px\" \/><\/figure><\/div>\n\n\n\n<p><strong>Speyer &#8211; <\/strong>\u201eHILFE, ich kann nicht mehr. Brauch\u2018 jemand zum Reden. Steh\u2018 total unter Spannung, kann sein, dass ich mich gleich ritze!\u201c \u2013 So oder so \u00e4hnlich erreichen die Online-Berater der Internetseelsorge\u00a0 immer wieder Mails von Menschen jeglichen Alters: Vom 12-j\u00e4hrigen Sch\u00fcler \u00fcber eine alleinerziehende Mutter bis hin zum 95-j\u00e4hrigen Senior. <\/p>\n\n\n\n<p><strong>Internetseelsorge kann in jeder Notlage kontaktet werden<\/strong><\/p>\n\n\n\n<p>Die geschilderten Sorgen und Gedanken sind dabei so vielf\u00e4ltig wie es Menschen und Lebenslagen gibt: Angefangen von schulischen Problemen, \u00c4ngsten, Beziehungskrisen, \u00fcber Krankheit, Stress in Familie oder am Arbeitsplatz bis hin zu Trauer- oder Einsamkeitssituationen. Es gibt kein Thema, das bei der Online-Beratung von Internetseelsorge.de nicht \u00fcber E-Mails mitgeteilt werden k\u00f6nnte. Die Internetseelsorger versuchen dann, bestm\u00f6glich per Antwort-Mail zu unterst\u00fctzen und mit den Ratsuchenden einen Weg aus der Krise zu finden. <\/p>\n\n\n\n<p>Die kostenlose Online-Beratung von Internetseelsorge.de richtet sich an Jugendliche und Erwachsene. Sie findet v\u00f6llig anonym im datengesch\u00fctzten Raum statt \u2013 unabh\u00e4ngig jeglicher Religionszugeh\u00f6rigkeit, Weltanschauung oder Nationalit\u00e4t. <\/p>\n\n\n\n<p><strong>Internetseelsorge.de \u2013 das Bistum Speyer macht mit<\/strong><\/p>\n\n\n\n<p>Internetseelsorge.de ist ein Zusammenschluss von derzeit acht Di\u00f6zesen im Bundesgebiet unter dem Dach der Deutschen Bischofskonferenz mit aktuell 35 Beratern. Das Bistum Speyer beteiligt sich seit 2016 aktiv daran. Das Beratungsangebot wird bislang im Bundesgebiet sehr gut in Anspruch genommen, wenngleich viele Menschen im Bistum Speyer um die M\u00f6glichkeit der Online-Beratung noch nicht wissen. Aus diesem Anlass startet die Internetseelsorge im Bistum Speyer in diesem Fr\u00fchjahr eine \u00d6ffentlichkeits-Initiative mit Plakat-Aktionen und Informationskarten. <\/p>\n\n\n\n<p>Die Internetseelsorge mit weiteren Informationen ist zu erreichen \u00fcber <a rel=\"noreferrer noopener\" href=\"https:\/\/deref-web-02.de\/mail\/client\/G0NRFwN_Bzw\/dereferrer\/?redirectUrl=http%3A%2F%2Fwww.internetseelsorge.de\" target=\"_blank\">www.internetseelsorge.de<\/a>\u00a0 &#8211; rund um die Uhr.<\/p>\n\n\n\n<p><em>Bistum Speyer<\/em><br><em>02.03.2020<\/em><\/p>\n\n\n\n<h2 class=\"wp-block-heading\"><strong>Erste zentrale SEGENSORT-Veranstaltung am 8. M\u00e4rz in Kaiserslautern<\/strong><\/h2>\n\n\n\n<h3 class=\"wp-block-heading\"><strong>Bischof Wiesemann l\u00e4dt Gl\u00e4ubige und Interessierte ein, \u201emiteinander \u00fcber den gewohnten Horizont hinauszudenken\u201c<\/strong><\/h3>\n\n\n\n<div class=\"wp-block-image\"><figure class=\"aligncenter\"><img decoding=\"async\" loading=\"lazy\" width=\"800\" height=\"575\" src=\"https:\/\/speyer24news.com\/wp-content\/uploads\/2020\/03\/Segensorte.jpg\" alt=\"\" class=\"wp-image-25559\" srcset=\"https:\/\/speyer24news.com\/wp-content\/uploads\/2020\/03\/Segensorte.jpg 800w, https:\/\/speyer24news.com\/wp-content\/uploads\/2020\/03\/Segensorte-300x216.jpg 300w, https:\/\/speyer24news.com\/wp-content\/uploads\/2020\/03\/Segensorte-768x552.jpg 768w\" sizes=\"(max-width: 800px) 100vw, 800px\" \/><\/figure><\/div>\n\n\n\n<p><strong>Kaiserslautern \/ Speyer &#8211; <\/strong>Der Visionsprozess SEGENSORTE des Bistums Speyer nimmt Fahrt auf. Zwischen M\u00e4rz und August l\u00e4dt das Bistum Speyer zu f\u00fcnf zentralen SEGENSORT-Veranstaltungen ein. <\/p>\n\n\n\n<p>Die erste der f\u00fcnf zentralen SEGENSORT-Veranstaltungen findet am <strong>Sonntag, den 8. M\u00e4rz<\/strong>, in der \u201eKammgarn\u201c in Kaiserslautern statt. \u201eDie Teilnehmerinnen und Teilnehmer erwartet ein Mix aus lebendigen Diskussionen, kulturellen und spirituellen Impulsen, bei dem die gemeinsame Erfahrung im Vordergrund steht\u201c, erkl\u00e4rt Felix Goldinger von der Gesch\u00e4ftsstelle SEGENSORTE. Ab 9 Uhr werden die Teilnehmenden erwartet. \u201eWir gestalten einen offenen Beginn\u201c, so Felix Goldinger. Auf einem Visionsparcours laden verschiedene Stationen zum kreativen Nachdenken und Entwickeln von Ideen an, die an Thementischen anschlie\u00dfend weitergef\u00fchrt und geb\u00fcndelt werden. \u201eDie Veranstaltung behandelt nicht nur das Thema Segen, sondern soll f\u00fcr die Teilnehmenden selbst zum Segen werden\u201c, gibt Felix Goldinger Einblick in die Vorbereitung. Um 11.30 Uhr feiern die Teilnehmer einen Gottesdienst mit Bischof Dr. Karl-Heinz Wiesemann. Als Veranstaltungsende ist 13 Uhr angesetzt.<\/p>\n\n\n\n<p>Zur organisatorischen Vorbereitung wird um eine Anmeldung gebeten. Auf der Homepage des Visionsprozesses SEGENSORTE steht daf\u00fcr eine Eingabemaske bereit.<\/p>\n\n\n\n<p><strong>Anmeldung zu den zentralen SEGENSORT-Veranstaltungen:<\/strong><\/p>\n\n\n\n<figure class=\"wp-block-embed-wordpress wp-block-embed is-type-wp-embed is-provider-segensorte\"><div class=\"wp-block-embed__wrapper\">\n<blockquote class=\"wp-embedded-content\" data-secret=\"tkJtWcNgQJ\"><a href=\"https:\/\/segensorte.de\/neuigkeiten\/\">Neuigkeiten<\/a><\/blockquote><iframe title=\"&#8222;Neuigkeiten&#8220; &#8212; Segensorte\" class=\"wp-embedded-content\" sandbox=\"allow-scripts\" security=\"restricted\" style=\"position: absolute; clip: rect(1px, 1px, 1px, 1px);\" src=\"https:\/\/segensorte.de\/neuigkeiten\/embed\/#?secret=tkJtWcNgQJ\" data-secret=\"tkJtWcNgQJ\" width=\"500\" height=\"282\" frameborder=\"0\" marginwidth=\"0\" marginheight=\"0\" scrolling=\"no\"><\/iframe>\n<\/div><\/figure>\n\n\n\n<p><strong>Weitere Informationen zum Visionsprozess SEGENSORTE:<\/strong><\/p>\n\n\n\n<figure class=\"wp-block-embed-wordpress wp-block-embed is-type-wp-embed is-provider-segensorte\"><div class=\"wp-block-embed__wrapper\">\n<blockquote class=\"wp-embedded-content\" data-secret=\"Yf0bPBNm4a\"><a href=\"https:\/\/segensorte.de\/bistum-speyer\/\">Bistum Speyer<\/a><\/blockquote><iframe title=\"&#8222;Bistum Speyer&#8220; &#8212; Segensorte\" class=\"wp-embedded-content\" sandbox=\"allow-scripts\" security=\"restricted\" style=\"position: absolute; clip: rect(1px, 1px, 1px, 1px);\" src=\"https:\/\/segensorte.de\/bistum-speyer\/embed\/#?secret=Yf0bPBNm4a\" data-secret=\"Yf0bPBNm4a\" width=\"500\" height=\"282\" frameborder=\"0\" marginwidth=\"0\" marginheight=\"0\" scrolling=\"no\"><\/iframe>\n<\/div><\/figure>\n\n\n\n<h3 class=\"wp-block-heading\"><strong>\u201eGemeinsam \u00fcber den gewohnten Horizont hinausdenken\u201c<\/strong><\/h3>\n\n\n\n<div class=\"wp-block-image\"><figure class=\"aligncenter\"><img decoding=\"async\" loading=\"lazy\" width=\"800\" height=\"533\" src=\"https:\/\/speyer24news.com\/wp-content\/uploads\/2020\/03\/Bischof-WiesemannIMG_7761.jpg\" alt=\"\" class=\"wp-image-25558\" srcset=\"https:\/\/speyer24news.com\/wp-content\/uploads\/2020\/03\/Bischof-WiesemannIMG_7761.jpg 800w, https:\/\/speyer24news.com\/wp-content\/uploads\/2020\/03\/Bischof-WiesemannIMG_7761-300x200.jpg 300w, https:\/\/speyer24news.com\/wp-content\/uploads\/2020\/03\/Bischof-WiesemannIMG_7761-768x512.jpg 768w\" sizes=\"(max-width: 800px) 100vw, 800px\" \/><\/figure><\/div>\n\n\n\n<p>Im Interview erkl\u00e4rt Bischof Dr. Karl-Heinz Wiesemann die Idee, die hinter der SEGENSORT-Veranstaltung am 8. M\u00e4rz in Kaiserslautern steht.<\/p>\n\n\n\n<p><strong><em>Worum soll es bei der Veranstaltung gehen?<\/em><\/strong><\/p>\n\n\n\n<p>Bischof Wiesemann: Wir sind als Bistum gerade auf der Suche nach einer neuen Gestalt von Kirche. Dabei wollen wir mit m\u00f6glichst vielen Menschen ins Gespr\u00e4ch kommen und miteinander \u00fcber den gewohnten Horizont hinauszudenken. Wir stellen uns den Fragen der Gegenwart und wollen die Zukunft der Gesellschaft kreativ mitgestalten.<\/p>\n\n\n\n<p><strong><em>An wen richtet sich die Veranstaltung?<\/em><\/strong><\/p>\n\n\n\n<p>Bischof Wiesemann: Wir freuen uns \u00fcber jeden, der dabei ist, um gemeinsam \u00fcber eine neue Form von Kirche nachzudenken. Auch Menschen, die gar nichts mit Kirche zu tun haben, sind ausdr\u00fccklich eingeladen und herzlich willkommen.<\/p>\n\n\n\n<p><strong><em>Was ist Ihre Vision von Kirche?<br><\/em><\/strong>Kirche soll ein Segen sein. Das ist unser Auftrag. Mit der Botschaft Jesu vom Reich Gottes, das schon begonnen hat und unter uns Menschen immer mehr Gestalt annehmen will, ist uns die entscheidende Vision bereits geschenkt. Sie wollen wir konkret machen, f\u00fcr die Situation und die Menschen hier und heute in unserem Bistum. Dazu wollen wir Segensorte beschreiben, entdecken und gemeinsam gestalten. Denn uns ist bewusst: Ein solch vision\u00e4rer Aufbruch kann nur gemeinsam gelingen.<\/p>\n\n\n\n<p><em>Bistum Speyer<\/em><br><em>02.03.2020<\/em><\/p>\n\n\n\n<h2 class=\"wp-block-heading\"><strong>Terminkalender des Bistum Speyer im M\u00e4rz 2020<\/strong><\/h2>\n\n\n\n<div class=\"wp-block-image\"><figure class=\"aligncenter\"><img decoding=\"async\" src=\"https:\/\/speyer24news.com\/wp-content\/uploads\/2020\/01\/Dom.jpg\" alt=\"\" class=\"wp-image-24697\"\/><\/figure><\/div>\n\n\n\n<table class=\"wp-block-table\"><tbody><tr><td><strong>2.3.<\/strong>   <\/td><td>\u201eAndachten f\u00fcr Trauernde\u201c   unter dem Titel \u201eLebenskreuzwege\u201c.   18.30 Uhr   Gottesdienst in der Kirche des Priesterseminars St. German in Speyer.   <\/td><\/tr><tr><td><strong>2. \u2013 5.3.<\/strong>   <\/td><td>Fr\u00fchjahrs-Vollversammlung   der Deutschen Bischofskonferenz in Mainz.   Teilnahme von Bischof   Wiesemann und Weihbischof Georgens.   <\/td><\/tr><tr><td><strong>2. \u2013 5.3.<\/strong>   <\/td><td>\u00d6kumenische Lernreise   nach Potsdam zu den Themen Nachhaltigkeit, Sch\u00f6pfungs-verantwortung und   \u00f6kologischer Spiritualit\u00e4t. Teilnahme von Generalvikar Andreas Sturm.   <\/td><\/tr><tr><td><strong>4.3.<\/strong>   <\/td><td>Speyerer Dom 1990:   \u00dcbergabe des Faksimile des Codex Aureus vor 25 Jahren   <\/td><\/tr><tr><td><strong>4.3.<\/strong>   <\/td><td>10 \u2013 16 Uhr Fachtagung   anl\u00e4sslich des 100-j\u00e4hrigen Jubil\u00e4ums des Caritasverbandes f\u00fcr die Di\u00f6zese   Speyer unter dem Thema \u201eGesellschaftlicher Zusammenhalt &#8211; welche Faktoren und welche Rolle   spielen Caritas und Kirche dabei?\u201c im Bisch\u00f6flichen   Priesterseminar St. German in Speyer.   <\/td><\/tr><tr><td><strong>4.3.<\/strong>   <\/td><td>19 Uhr Veranstaltung   zum Thema \u201eHerausforderung Klimawandel\u201c im Friedrich-Spee-Haus in Speyer. Impulsvortrag von Buchautor   und Umweltwissenschaftler Dr. Michael Kopatz, anschlie\u00dfend Diskussion mit Anton   Geburek von der Evangelischen Jugend der Pfalz und engagiert bei Fridays for   Future, B\u00fcrgermeisterin Monika Kabs, Dezernentin der Stadt Speyer f\u00fcr die   Umsetzung der Milleniumsziele und Lena Schmidt,   BDKJ-Di\u00f6zesanvorsitzende\/Abteilung Jugendseelsorge.\u00a0Veranstalter: Heinrich   Pesch Haus \u2013 Katholische Akademie Rhein-Neckar und Evangelische Akademie der   Pfalz.   <\/td><\/tr><tr><td><strong>6.3.<\/strong>   <\/td><td>Weltgebetstag (der   Frauen) \u2013 rund 250 \u00d6kumenische Andachten in der Pfalz und dem Saarpfalzkreis.   <\/td><\/tr><tr><td><strong>6. \u2013 7.3.<\/strong>   <\/td><td>\u201eSeek me!\u201c \u2013   J\u00fcngerschaftsschule f\u00fcr Jugendliche und junge Erwachsene.   Thema \u201eWer bin ich?   (Identit\u00e4t) im Geistlichen Zentrum Maria Rosenberg bei   Waldfischbach-Burgalben. Kooperationsveranstaltung der di\u00f6zesanen Stellen   Berufungspastoral Bistum Speyer und Berufungspastoral Bistum Trier.    <\/td><\/tr><tr><td><strong>7.3.<\/strong>   <\/td><td>10.30 Uhr bis 15.30   Uhr Medientag des Bistums Speyer im Heinrich Pesch Haus in Ludwigshafen.   <\/td><\/tr><tr><td><strong>7.3.<\/strong>   <\/td><td>15 Uhr   Mitgliederversammlung des Dombauvereins Speyer in der Aula der   Nikolaus-von-Weis-Schule in Speyer (Vincentiusstr. 1).   <\/td><\/tr><tr><td><strong>7.3.<\/strong>   <\/td><td>18 Uhr Cantate Domino   zum Zweiten Fastensonntag im Speyerer Dom.   John Stainer (1840 \u2013   1901), The Crucifixion   F\u00fcr Tenor- und   Baritonsolo, Chor und Orgel   Daniel Schreiber   (Tenor), Michael Marz (Bariton), Domchor Speyer, Domorganist Markus   Eichenlaub (Orgel), Leitung: Domkantor Joachim Weller.   <\/td><\/tr><tr><td><strong>7. \u2013 8.3.<\/strong>   <\/td><td>Di\u00f6zesanversammlung   der Deutschen Pfadfinderschaft Sankt Georg (DPSG) im Jugendhaus St.   Christophorus in Bad D\u00fcrkheim.   <\/td><\/tr><tr><td><strong>8.3.<\/strong>   <\/td><td>9 Uhr bis 13 Uhr Zentrale   Veranstaltung zum Visionsprozess im Bistum Speyer in Kaiserslautern. (Die   erste von insgesamt f\u00fcnf zentralen   SEGENSORT-Veranstaltungen) Ort: Kammgarn   11.30 Uhr   Gottesdienst mit Bischof Dr. Karl-Heinz Wiesemann.\u00a0   <\/td><\/tr><tr><td><strong>10.3.<\/strong>   <\/td><td>25. Jahrestag der   Gr\u00fcndung des Dombauvereins   <\/td><\/tr><tr><td><strong>11.3.<\/strong>   <\/td><td>11 Uhr Einweihung des   Blindentastmodells des Speyerer Domes (s\u00fcdlicher Domgarten) durch Bischof Dr.   Karl-Heinz Wiesemann.   Finanziert wird das   Modell durch den Dombauverein und durch Spenden von der Unternehmerin Susanne   Klatten, dem Unternehmer Stefan Quandt und des Lions Club Speyer.   <\/td><\/tr><tr><td><strong>11.3.<\/strong>   <\/td><td>19 Uhr bis 20.30 Uhr   Vortragsabend im Heinrich Pesch Haus in Ludwigshafen unter dem Thema \u201eWas wir   am Lebensende regeln sollten \u2013 Fragen und Antworten zu einer   verantwortungsvollen und gut informierten Nachlassregelung\u201c im Rahmen der   Veranstaltungsreihe \u201eIm Angesicht der Ewigkeit\u201c; Referent: Michael Ramstetter,   seit 1992 Rechtsanwalt f\u00fcr Betreuungs- und Erbrecht in Mannheim. Er ist   Vorstandsmitglied der Deutschen Vereinigung f\u00fcr Vorsorge- und Betreuungsrecht   e.V.   <\/td><\/tr><tr><td><strong>13.3.<\/strong>   <\/td><td>10 Uhr Einweihung des   Caritas-F\u00f6rderzentrums St. Johannes in Ludwigshafen durch Bischof Dr.   Karl-Heinz Wiesemann.   <\/td><\/tr><tr><td><strong>13.3.<\/strong>   <\/td><td>18 Uhr \u00d6kumenisches   Projekt \u201eWortSchatz \u2013 die Bibel NEU entdecken\u201c im Pfarrheim St. Martinus in   Lingenfeld.   <\/td><\/tr><tr><td><strong>13. \u2013 16.3.<\/strong>   <\/td><td>Lernwerkstatt 2020   unter dem Thema \u201eLokale Kirchenentwicklung\u201c im Bisch\u00f6flichen Priesterseminar   St. German in Speyer.   Eingeladen sind Teams   aus Pfarreien (Pastoralteam und Ehrenamtliche) und Vorstandsteams aus   Verb\u00e4nden und Einrichtungen.   <\/td><\/tr><tr><td><strong>13.3.<\/strong>   <\/td><td>17   Uhr, Kirche St. Mauritius Lautzkirchen (Am Pirminiusplatz\/   Pfarrer-Peter-Stra\u00dfe), Generalvikar Andreas Sturm \u00fcbergibt an die Kindertageseinrichtungen   St. Pirmin und St. Michael, Herz Mari\u00e4, St. Franziskus, St. Hildegard St.   Ingbert den Kita-Qualit\u00e4tsbrief.   <\/td><\/tr><tr><td><strong>14.3.<\/strong>   <\/td><td>18 Uhr Cantate Domino   zum Dritten Fastensonntag im Speyerer Dom.   Johann Sebastian Bach   (1685 \u2013 1750), Kantaten zur Passion   Jesus nahm zu sich   die Zw\u00f6lfe, BWV 22   Du wahrer Gott und   Davids Sohn, BWV 23   Sehet, wir gehen   hinauf gen Jerusalem, BWV 159   Anabelle Hund (Sopran),   Matthias Lucht (Altus), N.N. (Tenor), Leon Tchakachow (Bass), Speyerer   Domsingknaben, Barockorchester L\u2019arpa festante, Leitung: Domkantor Joachim   Weller.   <\/td><\/tr><tr><td><strong>14.-15.3<\/strong>   <\/td><td>Workshop zum JUGOLO   (Junges Gotteslob) in Landau unter dem Motto \u201eEin Segen sein\u201c mit Eugen Eckert und Horst   Christill. Am Sonntag, 15. M\u00e4rz, gestalten die Workshop-Teilnehmer\/innen um   10.30 Uhr den Gottesdienst in der Landauer Marienkirche.    <\/td><\/tr><tr><td><strong>17.-20.3.<\/strong>   <\/td><td>Misereor Gast Elias   Habib zu Gast im Bistum Speyer.   <\/td><\/tr><tr><td><strong>18.3.<\/strong>   <\/td><td>11 Uhr Pressegespr\u00e4ch   mit Misereor-Gast und Weihbischof Otto Georgens in Speyer.   <\/td><\/tr><tr><td><strong>19.3.<\/strong>   <\/td><td>10 Uhr   Professjubil\u00e4en im Kloster St. Maria in Esthal mit Weihbischof Otto Georgens.   <\/td><\/tr><tr><td><strong>19. \u2013 20.3.<\/strong>   <\/td><td>Delegiertenversammlung   der Arbeitsgemeinschaft\u00a0 Christlicher   Kirchen (ACK) \u2013 Region S\u00fcdwest im Robert-Schuman-Haus in Trier.   <\/td><\/tr><tr><td><strong>20.3.<\/strong>   <\/td><td>9 Uhr bis 16 Uhr Veranstaltung unter dem Thema   \u201eWas gibt Orientierung in einer digitalen Welt?\u201c im Edith-Stein-Haus in   Kaiserslautern. Referenten: Dr. Martin Verlage, \u00a0Thema:   \u201eDigitalisierung ver\u00e4ndert alle Lebenswelten\u201c; Dr. Alexander Jatzko, \u00a0Thema: \u00a0\u201eWas braucht der Mensch?\u201c; Pfarrer Wolfgang   Herrmann, Thema: \u201eIst der Mensch das Ma\u00df?\u201c. Veranstalter: Bistum Speyer,   Familienbund der Katholiken, Katholische Arbeitnehmerbewegung und   Evangelischen Arbeitsstelle Bildung und Gesellschaft.   <\/td><\/tr><tr><td><strong>21.3. <\/strong>  <\/td><td>14.30   Uhr bis 19.30 Uhr Zentrale Veranstaltung zum Visionsprozess im Bistum Speyer   in Annweiler mit der Street-Art-K\u00fcnstlerin Mansha Friedrich. (Die   zweite von insgesamt f\u00fcnf zentralen   SEGENSORT-Veranstaltungen).   Ort:   Hohenstauffensaal   <\/td><\/tr><tr><td><strong>21.3.<\/strong>   <\/td><td>14 bis 18 Uhr Kinderkirchentag   f\u00fcr Kinder in der 2. bis 5. Klasse im Edith-Stein-Haus in Kaiserslautern. Thema:   \u201eKlimadetektive\u201c; Veranstalter: Bund der Deutschen Katholischen Jugend (BDKJ),   Dekanat Kaiserlautern.   <\/td><\/tr><tr><td><strong>21.3.<\/strong>   <\/td><td>18 Uhr Cantate Domino   zum Vierten Fastensonntag im Speyerer Dom.   Giovanni Battista   Pergolesi (1710 \u2013 1736), Stabat mater   Gina Capello (Sopran),   Julia Werner (Alt), M\u00e4dchenchor am Dom zu Speyer, Chiarina Streichquintett,   Leitung: Domkapellmeister Markus Melchiori.   <\/td><\/tr><tr><td><strong>22.3.<\/strong>   <\/td><td>Speyerer Dom: 1821   Abriss der Katharinenkapelle und des Kreuzgangs (vor 200 Jahren).   <\/td><\/tr><tr><td><strong>22.3.<\/strong>   <\/td><td>100 Jahre DJK-Sportverband:   1920 \u2013 2020 unter dem Motto \u201eSein Bestes geben\u201c   30.   DJK-Di\u00f6zesanverbandstag \u2013 100 Jahre DJK Ensheim    9.30 Uhr   Festgottesdienst in der Kirche St. Peter in Ensheim, anschlie\u00dfend Festakt und   Podiumsgespr\u00e4ch im Pfarrheim, Schwester-Gottfrieda-Str. 7,   Saarbr\u00fccken-Ensheim.    <\/td><\/tr><tr><td><strong>22.3.<\/strong>   <\/td><td>10 Uhr Pontifikalamt   zum Papstsonntag mit Bischof Dr. Karl-Heinz Wiesemann im Speyerer Dom und zum   Gedenken der Einf\u00fchrung von Dr. Karl-Heinz Wiesemann als Bischof in Speyer.   <\/td><\/tr><tr><td><strong>25.3.<\/strong>   <\/td><td>Speyerer Dom: 1470   Errichtung des Grabmals von Bischof Siegfried III. von Venningen (+ 1459) und   seinem Bruder Domkapitular Nikolaus von Venningen (+ 1483) in der Afrakapelle   mit der Darstellung der Verk\u00fcndigung des Herrn (vor 550 Jahren).   <\/td><\/tr><tr><td><strong>25.3.<\/strong>   <\/td><td>18 Uhr Pontifikalamt   anl\u00e4sslich des silbernen Bischofsjubil\u00e4ums (25.03.1995) von Weihbischof Otto   Georgens im Speyerer Dom.   <\/td><\/tr><tr><td><strong>26.3.<\/strong>   <\/td><td>19 Uhr 1.   Wissenschaftliches Forum unter dem Thema \u201eHeinrich H\u00fcbsch, ein renommierter   Architekt des 19. Jahrhunderts\u201c im Vortragssaal\u00a0 der Vereinigten VR Bank Kur- und   Rheinpfalz, Bahnhofstr. 19, Speyer.   Veranstalter: Dombauverein   Speyer   <\/td><\/tr><tr><td><strong>27. \u2013 29.3.<\/strong>   <\/td><td>Orientierungswochenende   \u201ePriester werden?!\u201c im Bisch\u00f6flichen Priesterseminar St. German in Speyer. Veranstalter:   Berufungspastoral Bistum Speyer   <\/td><\/tr><tr><td><strong>28.3.<\/strong>   <\/td><td>18 Uhr Cantate Domino   zum F\u00fcnften Fastensonntag im Speyerer Dom.   Heinrich Sch\u00fctz (1585   \u2013 1672): O bone Jesu   Dietrich Buxtehude   (1637 \u2013 1707): Membra Jesu nostri   Angelika Lenter und Anabelle   Hund (Sopran), Matthias Lucht (Altus), Thomas Jakobs (Tenor), Michael Marz   (Bass), Barockorchester L\u2019arpa festante, Leitung: Domkapellmeister Markus   Melchiori.   <\/td><\/tr><tr><td><strong>30.3.<\/strong>   <\/td><td>\u201eAndachten f\u00fcr   Trauernde\u201c unter dem Titel \u201eLebenskreuzwege\u201c.   18.30 Uhr Gottesdienst   in der Kirche des Priesterseminars St. German in Speyer.   <\/td><\/tr><\/tbody><\/table>\n\n\n\n<p><em>Text: Bistum Speyer Foto: Speyer 24\/7 News<br>02.03.2020<\/em><\/p>\n\n\n\n<h2 class=\"wp-block-heading\">Beihilfe zum Suizid &#8211; Keine Alternative zur Sterbebegleitung<\/h2>\n\n\n\n<h3 class=\"wp-block-heading\">Erkl\u00e4rung von Kirchenpr\u00e4sident Christian Schad zum Urteil des Bundesverfassungsgerichts<\/h3>\n\n\n\n<div class=\"wp-block-image\"><figure class=\"aligncenter\"><img decoding=\"async\" src=\"https:\/\/speyer24news.com\/wp-content\/uploads\/2020\/01\/Christian-Schad-Portr\u00e4t-Ev.-Kirche.jpg\" alt=\"\" class=\"wp-image-24406\"\/><\/figure><\/div>\n\n\n\n<p><strong>Speyer <em>(lk)<\/em> &#8211; <\/strong>Das Urteil des Bundesverfassungsgerichts, das Gesetz zum Verbot der gesch\u00e4ftsm\u00e4\u00dfigen F\u00f6rderung der Selbstt\u00f6tung f\u00fcr verfassungswidrig zu erachten, hat mich \u00fcberrascht und stimmt mich traurig. Es stellt unsere christliche Maxime auf den Kopf, nach der bergende Hilfe im Sterben vor der Hilfe zum Sterben steht.<\/p>\n\n\n\n<p>So berechtigt es ist, das Leiden von schwerstkranken Menschen zu mindern, auch, ihr Sterben zuzulassen, so darf es dennoch nicht willentlich herbeigef\u00fchrt werden. Angesichts einer immer \u00e4lter werdenden Gesellschaft besteht nun die Gefahr, dass sich der Druck auf die Betroffenen erh\u00f6ht, auf medizinische Ma\u00dfnahmen zu verzichten und stattdessen ihr Leben durch aktive Sterbehilfe beenden zu lassen. Kranke und sterbende Menschen d\u00fcrfen angesichts ihres Leids jedoch nicht als Last f\u00fcr die Gesellschaft angesehen werden.<\/p>\n\n\n\n<p>Ich habe durchaus Verst\u00e4ndnis f\u00fcr Leidende, f\u00fcr die die Vorstellung, dass das Leben ein Geschenk Gottes ist, in ihrer ausweglosen Lage zerbricht. Das macht stumm. Umso wichtiger ist es, Menschen die Angst zu nehmen und auf die Beratung und Betreuung von Todkranken hinzuweisen. Die Hospize in Bad D\u00fcrkheim und Landau sowie in Rockenhausen und Speyer, allesamt in diakonischer Tr\u00e4gerschaft, sind hier ein wichtiges Signal. Sie stehen f\u00fcr ein w\u00fcrdiges Leben bis zuletzt.<\/p>\n\n\n\n<p>An diesen Orten erlebe ich immer wieder, wie sterbenskranke Menschen schmerzfrei und w\u00fcrdevoll leben k\u00f6nnen, bis zur Stunde ihres Todes. Es ist jetzt umso wichtiger, Patienten und ihre Angeh\u00f6rigen noch intensiver \u00fcber die M\u00f6glichkeiten der Palliativmedizin zu informieren. Sie er\u00f6ffnet den Menschen auch bei schwerster Krankheit noch Lebensqualit\u00e4t. Menschliches Leben ist gerade auch in seiner Schwachheit kostbar. Alles andere w\u00e4re eine zutiefst gnadenlose Perspektive, die dem christlichen Menschenbild widerspricht.<\/p>\n\n\n\n<p><em>02.03.2020<\/em><\/p>\n\n\n\n<h2 class=\"wp-block-heading\"><strong>Fastenzeit und Ostern am Dom zu Speyer 2020<\/strong><\/h2>\n\n\n\n<h3 class=\"wp-block-heading\"><strong>Gottesdienste und Konzerte<\/strong><\/h3>\n\n\n\n<div class=\"wp-block-image\"><figure class=\"aligncenter\"><img decoding=\"async\" loading=\"lazy\" width=\"800\" height=\"533\" src=\"https:\/\/speyer24news.com\/wp-content\/uploads\/2020\/03\/aschermittwoch-3-Aschekreuz_m.jpg\" alt=\"\" class=\"wp-image-25553\" srcset=\"https:\/\/speyer24news.com\/wp-content\/uploads\/2020\/03\/aschermittwoch-3-Aschekreuz_m.jpg 800w, https:\/\/speyer24news.com\/wp-content\/uploads\/2020\/03\/aschermittwoch-3-Aschekreuz_m-300x200.jpg 300w, https:\/\/speyer24news.com\/wp-content\/uploads\/2020\/03\/aschermittwoch-3-Aschekreuz_m-768x512.jpg 768w\" sizes=\"(max-width: 800px) 100vw, 800px\" \/><figcaption>Am Aschermittwoch wurden Aschenkreuze auf die Stirn gezeichnet.<\/figcaption><\/figure><\/div>\n\n\n\n<p><strong>Speyer &#8211; <\/strong>Der Aschermittwoch markiert den Beginn der 40-t\u00e4gigen Fastenzeit, in der sich die Kirche auf Ostern vorbereitet. In der Fastenzeit, auch \u201e\u00d6sterliche Bu\u00dfzeit\u201c genannt, sind die Gl\u00e4ubigen eingeladen, ihr Leben zu \u00fcberpr\u00fcfen und neu am Evangelium auszurichten. Zeichen dieser Umkehrbereitschaft ist das Aschenkreuz, das ihnen im Aschermittwochsgottesdienst auf die Stirn gezeichnet wird. Besondere Elemente der Fastenzeit sind in der kirchlichen Tradition neben dem Fasten das Gebet und das Almosengeben.<\/p>\n\n\n\n<div class=\"wp-block-image\"><figure class=\"aligncenter\"><img decoding=\"async\" loading=\"lazy\" width=\"500\" height=\"638\" src=\"https:\/\/speyer24news.com\/wp-content\/uploads\/2020\/03\/Passion-17_m.jpg\" alt=\"\" class=\"wp-image-25554\" srcset=\"https:\/\/speyer24news.com\/wp-content\/uploads\/2020\/03\/Passion-17_m.jpg 500w, https:\/\/speyer24news.com\/wp-content\/uploads\/2020\/03\/Passion-17_m-235x300.jpg 235w\" sizes=\"(max-width: 500px) 100vw, 500px\" \/><\/figure><\/div>\n\n\n\n<p>In der Fastenzeit, vom 28. Februar bis 11. April, sind im Dom in Ost-Westrichtung an den Pfeilern des Mittelschiffs Bilder zum Kreuzweg Jesu des K\u00fcnstlers Stefan Weyergraf gen. Streit zu sehen. Das Besondere an diesen Kreuzwegbildern: Die Leidensstationen sind alle aus dem Blickwinkel Jesu gemalt. Jesus selbst ist auf keinem der Bilder zu sehen, nicht einmal eine Fingerspitze. Sein ganzer Leidensweg erschlie\u00dft sich im Blick auf die gleichfalls zum Tode verurteilten Sch\u00e4cher und all jene Ereignisse, die sich um ihn herum mit allen Beteiligten so oder so \u00e4hnlich abgespielt haben k\u00f6nnten. Durch den Perspektivwechsel wird der Betrachter mitten in das Geschehen hineinversetzt. Er sieht Jesus nicht, weil er seinen Standpunkt einnimmt, ist irritiert, muss sich \u201eumsehen\u201c, \u201eumdenken\u201c und sich neu in das Bildmotiv hineinsehen. Das regt eine intensive Auseinandersetzung mit dem Passionszyklus an. Ungew\u00f6hnlich ist auch der Umfang des Kreuzwegs. Entgegen der seit dem 16. Jahrhundert \u00fcblichen Anzahl von 14 Stationen besteht dieser Kreuzweg aus 22 Gem\u00e4lden. An jedem Freitag in der Fastenzeit findet um 15 Uhr eine Kreuzwegsandacht im Dom statt. Treffpunkt ist jeweils an der Station mit der Nummer 1.<\/p>\n\n\n\n<div class=\"wp-block-image\"><figure class=\"aligncenter\"><img decoding=\"async\" loading=\"lazy\" width=\"800\" height=\"533\" src=\"https:\/\/speyer24news.com\/wp-content\/uploads\/2020\/03\/Palmsonntag_IMG_3412_m.jpg\" alt=\"\" class=\"wp-image-25555\" srcset=\"https:\/\/speyer24news.com\/wp-content\/uploads\/2020\/03\/Palmsonntag_IMG_3412_m.jpg 800w, https:\/\/speyer24news.com\/wp-content\/uploads\/2020\/03\/Palmsonntag_IMG_3412_m-300x200.jpg 300w, https:\/\/speyer24news.com\/wp-content\/uploads\/2020\/03\/Palmsonntag_IMG_3412_m-768x512.jpg 768w\" sizes=\"(max-width: 800px) 100vw, 800px\" \/><figcaption>Prozession anl\u00e4sslich des Palmsonntag am 5. April<\/figcaption><\/figure><\/div>\n\n\n\n<p>Mit dem Palmsonntag, der in diesem Jahr auf den 5. April f\u00e4llt, beginnt die Karwoche oder Heilige Woche, in der die Kirche des Leidens, Sterbens und der Auferstehung Jesu gedenkt. H\u00f6hepunkt ist die Feier der Osternacht, die zugleich Hauptfeier des ganzen Kirchenjahres ist. Das Pontifikalamt mit Bischof Dr. Karl-Heinz Wiesemann am Palmsonntag beginnt um 10 Uhr mit einer Station am \u00d6lberg auf der s\u00fcdlichen Domseite. Die Gemeinde zieht dann mit gebundenen Buchszweigen in den Dom ein. Etwas Pflanzengr\u00fcn wird auch auf die Gr\u00e4ber der Kaiser und K\u00f6nige im Dom gelegt \u2013 ein Brauch, der bereits f\u00fcr das 15. Jahrhundert dokumentiert ist.<\/p>\n\n\n\n<p>In der Karwoche zwischen Palmsonntag und Ostern findet traditionell die Chrisammesse statt. An diesem Tag werden in der Bischofskirche die f\u00fcr die Sakramentenspendung ben\u00f6tigten heiligen \u00d6le geweiht. Die Priester der Di\u00f6zese sind zur Mitfeier eingeladen und nehmen das geweihte \u00d6l f\u00fcr den Gebrauch in ihrer Pfarrei mit. Bischof Wiesemann zelebriert die Chrisammesse am Montag, 6. April, um 17 Uhr.<\/p>\n\n\n\n<div class=\"wp-block-image\"><figure class=\"aligncenter\"><img decoding=\"async\" loading=\"lazy\" width=\"800\" height=\"586\" src=\"https:\/\/speyer24news.com\/wp-content\/uploads\/2020\/03\/Osterkerze2-by-Landry_m.jpg\" alt=\"\" class=\"wp-image-25557\" srcset=\"https:\/\/speyer24news.com\/wp-content\/uploads\/2020\/03\/Osterkerze2-by-Landry_m.jpg 800w, https:\/\/speyer24news.com\/wp-content\/uploads\/2020\/03\/Osterkerze2-by-Landry_m-300x220.jpg 300w, https:\/\/speyer24news.com\/wp-content\/uploads\/2020\/03\/Osterkerze2-by-Landry_m-768x563.jpg 768w, https:\/\/speyer24news.com\/wp-content\/uploads\/2020\/03\/Osterkerze2-by-Landry_m-80x60.jpg 80w\" sizes=\"(max-width: 800px) 100vw, 800px\" \/><figcaption>Speyer, Dom, die Osterkerze wird, gesegnet von Bischof Karl-Heinz Wiesemann in der Osternacht am Osterfeuer in der Vorhalle entz\u00fcndet und in den dunklen Dom getragen<\/figcaption><\/figure><\/div>\n\n\n\n<p>Die heiligen drei Tage \u201eTriduum Paschale\u201c beginnen mit dem Abendmahlsamt um 19.30 Uhr am Gr\u00fcndonnerstag, 9. April, mit Bischof Wiesemann. Am Karfreitag, 10. April, findet um 10 Uhr der Kinderkreuzweg statt. Um 15 Uhr beginnt die Karfreitagsliturgie mit Bischof Dr. Karl-Heinz Wiesemann und Weihbischof Otto Georgens (Predigt). An diesem Tag kann in den Beichtst\u00fchlen im n\u00f6rdlichen Seitenschiff zwischen 11 und 13 Uhr und ab 17 Uhr die Beichte abgelegt werden. Zur stillen Besichtigung ist die Kathedrale am Karfreitag ausschlie\u00dflich zwischen 13 und 14 Uhr ge\u00f6ffnet.<\/p>\n\n\n\n<p>Die Feier der Auferstehung beginnt am Samstag, 11. April, mit der Osternacht, in der der Dom anfangs in v\u00f6lliger Dunkelheit liegt. In der Vorhalle wird um 21 Uhr das Osterfeuer entz\u00fcndet, bevor mit der Osterkerze und dem Ruf \u201eLumen Christi \u2013 Deo gratias\u201c (Christus, das Licht \u2013 Dank sei Gott) das Licht in die Kathedrale zur\u00fcckkehrt. Bischof Dr. Karl-Heinz Wiesemann wird die Osternacht im Dom zelebrieren.<\/p>\n\n\n\n<div class=\"wp-block-image\"><figure class=\"aligncenter\"><img decoding=\"async\" loading=\"lazy\" width=\"800\" height=\"563\" src=\"https:\/\/speyer24news.com\/wp-content\/uploads\/2020\/03\/EinzugOsternacht2017DomzuSpeyerbyLandry.jpg\" alt=\"\" class=\"wp-image-25556\" srcset=\"https:\/\/speyer24news.com\/wp-content\/uploads\/2020\/03\/EinzugOsternacht2017DomzuSpeyerbyLandry.jpg 800w, https:\/\/speyer24news.com\/wp-content\/uploads\/2020\/03\/EinzugOsternacht2017DomzuSpeyerbyLandry-300x211.jpg 300w, https:\/\/speyer24news.com\/wp-content\/uploads\/2020\/03\/EinzugOsternacht2017DomzuSpeyerbyLandry-768x540.jpg 768w\" sizes=\"(max-width: 800px) 100vw, 800px\" \/><figcaption>Speyer, Dom, die von Bischof Karl-Heinz Wiesemann gesegnete und am Osterfeuer entz\u00fcndet Osterkerze wird in den dunklen Dom getragen<\/figcaption><\/figure><\/div>\n\n\n\n<p>Am Ostersonntag, 12. April, feiert Bischof Wiesemann um 10 Uhr ein Pontifikalamt und um 16.30 Uhr eine Pontifikalvesper. Am Ostermontag um 10 Uhr wird Weihbischof Otto Georgens die Messe im Dom feiern.<\/p>\n\n\n\n<h4 class=\"wp-block-heading\"><strong>Konzerte der Fastenzeit<\/strong><\/h4>\n\n\n\n<p>Die Dommusik Speyer gestaltet die Samstage der Fastenzeit mit einem besonderen musikalischen Akzent. Unter dem Titel \u201eCantate Domino\u201c (Singet dem Herrn) findet jeweils um 18 Uhr im Dom zu Speyer ein Konzert statt. In den Konzerten wird ein enger Bezug zu dem Kreuzweg des K\u00fcnstlers Stefan Weyergraf gen. Streit hergestellt, der in der Fastenzeit im Dom zu sehen ist. Der Eintritt zu dieser Reihe ist frei. Um eine Spende am Ausgang wird gebeten.<\/p>\n\n\n\n<h2 class=\"wp-block-heading\"><strong>Termin\u00fcbersicht:<\/strong><\/h2>\n\n\n\n<h3 class=\"wp-block-heading\"><strong>Besondere Gottesdienste<\/strong><\/h3>\n\n\n\n<p><strong>Sonntag, 8. M\u00e4rz 2020 \u2013 Zweiter Fastensonntag<\/strong><\/p>\n\n\n\n<p><strong>10:00 Uhr \u2013 Kapitelsamt <\/strong><\/p>\n\n\n\n<p>Musikalische Gestaltung: M\u00e4dchenchor, Instrumentalensemble<\/p>\n\n\n\n<p>Valentin Rathgeber: Missa in F; Johann G. Vierdanck: Mein Herz ist bereit, Gott; Giovanni B. Pergolesi: Stabat mater (1. Satz)<\/p>\n\n\n\n<p><strong>Sonntag, 15. M\u00e4rz 2020 \u2013 Dritter Fastensonntag<\/strong><\/p>\n\n\n\n<p><strong>10:00 Uhr \u2013 Kapitelsamt <\/strong><\/p>\n\n\n\n<p>Musikalische Gestaltung: Capella Spirensis<\/p>\n\n\n\n<p>Heinrich Sch\u00fctz: aus den \u201eKleinen Geistlichen Concerten\u201c; Eins bitte ich vom Herren, SWV 294; Erh\u00f6re mich, wenn ich rufe, SWV 289; O hilf, Christe, Gottes Sohn, SWV 295<\/p>\n\n\n\n<p><strong>Donnerstag, 19. M\u00e4rz 2020 \u2013 Heiliger Joseph<\/strong><\/p>\n\n\n\n<p><strong>18:00 Uhr \u2013 Kapitelsvesper <\/strong><\/p>\n\n\n\n<p>Musikalische Gestaltung: Schola Cantorum Saliensis<\/p>\n\n\n\n<p>Deutsche Vesper vom Festtag<\/p>\n\n\n\n<p><strong>18:30 Uhr \u2013 Kapitelsamt <\/strong><\/p>\n\n\n\n<p>Musikalische Gestaltung: Schola Cantorum Saliensis<\/p>\n\n\n\n<p>Gregorianik: Missa VIII de angelis<\/p>\n\n\n\n<p><strong>Die beiden Gottesdienste finden wegen des Patroziniums in der Kirche St. Joseph (Gilgenstra\u00dfe) statt<\/strong><\/p>\n\n\n\n<p><strong>Sonntag, 22. M\u00e4rz 2020 \u2013 Vierter Fastensonntag und Papstsonntag<\/strong><\/p>\n\n\n\n<p><strong>10:00 Uhr \u2013 Pontifikalamt <\/strong><\/p>\n\n\n\n<p>Papstsonntag und Jahrestag der Amtseinf\u00fchrung von Bischof Dr. Karl-Heinz Wiesemann <\/p>\n\n\n\n<p>Musikalische Gestaltung: Domchor<\/p>\n\n\n\n<p>Joseph Gabriel Rheinberger: Missa St. Crucis in G; Michael Haller: Coenantibus illis<\/p>\n\n\n\n<p><strong>Mittwoch, 25. M\u00e4rz 2020 \u2013 Verk\u00fcndigung des Herrn <\/strong><\/p>\n\n\n\n<p><strong>18:00 Uhr \u2013 Pontifikalamt<\/strong><\/p>\n\n\n\n<p>25. Jahrestag der Bischofsweihe von Dompropst Weihbischof Otto Georgens<\/p>\n\n\n\n<p>Musikalische Gestaltung: M\u00e4dchenchor, Domsingknaben, Dombl\u00e4ser<\/p>\n\n\n\n<p>Hans Leo Hassler: Missa secunda; Dixit Maria ad angelum<\/p>\n\n\n\n<p><strong>Sonntag, 29. M\u00e4rz 2020 \u2013 F\u00fcnfter Fastensonntag<\/strong><\/p>\n\n\n\n<p><strong>10:00 Uhr \u2013 Kapitelsamt <\/strong><\/p>\n\n\n\n<p>Musikalische Gestaltung: Vox Puellarum<\/p>\n\n\n\n<p>Gregorianik: Missa XVII in tempore quadragesimae; Communio \u201eVidens Dominus flentes\u201c<\/p>\n\n\n\n<p><strong>Palmsonntag, 5. April 2020<br>10:00 Uhr \u2013 Pontifikalamt<\/strong><br>Musikalische Gestaltung:&nbsp;Domsingknaben, Dombl\u00e4ser<\/p>\n\n\n\n<p>Anton Bruckner: Christus factus est (F-Dur); Heinrich Sch\u00fctz: Also hat Gott die Welt geliebt; Ehre sei dir, Christe; Claudio Crassini: Sanctus aus Missa prima; Christian M. Hei\u00df: Agnus Dei aus Missa piccola; Lieds\u00e4tze von Cr\u00fcger und Bach<\/p>\n\n\n\n<p><strong>Montag der Karwoche, 6. April 2020<br>17:00 Uhr \u2013 Pontifikalamt Chrisammesse<\/strong><br>Musikalische Gestaltung:&nbsp;M\u00e4dchenchor, Chiarina-Streichquintett<\/p>\n\n\n\n<p>Christopher Tambling: Messe in A; Paul Horn: Der Herr ist mein Hirte; Deutsche Wechselges\u00e4nge aus dem Gotteslob<\/p>\n\n\n\n<p><strong>Gr\u00fcndonnerstag, 9. April 2020<br>8:00 Uhr \u2013 Lesehore und Laudes<\/strong><br>Musikalische Gestaltung:&nbsp;Schola Cantorum Saliensis<\/p>\n\n\n\n<p><strong>19:30 Uhr \u2013 Pontifikalamt Messe vom letzten Abendmahl<\/strong><br>Musikalische Gestaltung:&nbsp;Domchor<\/p>\n\n\n\n<p>Lajos Bardos: Kyrie und Agnus Dei aus Missa quarta; Maurice Durufl\u00e9: Ubi caritas; Michael Haller: Coenantibus illis; Johann Kuhnau: Tristis est anima mea; Anton Bruckner: In monte oliveti<\/p>\n\n\n\n<p><strong>Karfreitag, 10. April 2020<br>8:30 Uhr \u2013 Lesehore und Laudes<\/strong><br>Musikalische Gestaltung:&nbsp;Schola Cantorum Saliensis<\/p>\n\n\n\n<p><strong>10:00 Uhr \u2013 Kreuzwegandacht f\u00fcr Kinder<\/strong><br>Musikalische Gestaltung:&nbsp;Nachwuchs- und Aufbauch\u00f6re des M\u00e4dchenchores und der Domsingknaben<br>Lieder und Wechselges\u00e4nge aus dem Gotteslob<\/p>\n\n\n\n<p><strong>15:00 Uhr \u2013 Pontifikalliturgie<\/strong><br>Musikalische Gestaltung:&nbsp;Domchor<\/p>\n\n\n\n<p>Hermann Schroeder: Johannespassion; Felix Mendelssohn Bartholdy: Um unsrer S\u00fcnden willen; Mein Gott, warum hast du mich verlassen; Claudio Monteverdi: Adoramus te, Christe; Johann Sebastian Bach: O Haupt voll Blut und Wunden<\/p>\n\n\n\n<p><strong>Karsamstag, 11. April 2020<br>8:00 Uhr \u2013 Lesehore und Laudes<\/strong><br>Musikalische Gestaltung:&nbsp;Schola Cantorum Saliensis<\/p>\n\n\n\n<p><strong>21:00 Uhr \u2013 Feier der Osternacht<\/strong><br>Musikalische Gestaltung:&nbsp;Domchor, Dombl\u00e4ser<br>Psalmen und Wechselges\u00e4nge<br>Giovanni Pierluigi da Palestrina: Sicut cervus desiderat ad fontes; Sanctus und Agnus Dei aus Missa brevis; Melchiori Vulpius: Erstanden ist der heilig Christ; Lieds\u00e4tze von Melchiori und Hei\u00df<strong><\/strong><\/p>\n\n\n\n<p><strong>Ostersonntag, 12. April 2020<br>10:00 Uhr \u2013 Pontifikalamt<\/strong><br>Musikalische Gestaltung:&nbsp;M\u00e4dchenchor, Domsingknaben, Dombl\u00e4ser<br>Christian M. Hei\u00df: Missa Pueri Cantores Treverensis; Wipo von Burgund: Victimae paschali laudes; Myles Birket Foster: Was sucht ihr den Lebenden bei den Toten?<\/p>\n\n\n\n<p><strong>16:30 Uhr \u2013 Pontifikalvesper<\/strong><br>Musikalische Gestaltung:&nbsp;Schola Cantorum Saliensis<br>Deutsche Ostervesper, Gregorianik <\/p>\n\n\n\n<p><strong>Ostermontag, 13. April 2020<br>10:00 Uhr \u2013 Pontifikalamt<\/strong><br>Musikalische Gestaltung: Kantor, Dombl\u00e4ser <br>Deutsche Wechselges\u00e4nge aus dem Gotteslob <\/p>\n\n\n\n<p>Festliche Musik f\u00fcr Blechbl\u00e4ser und Orgel &nbsp;<\/p>\n\n\n\n<h3 class=\"wp-block-heading\"><strong>Konzerte<\/strong><\/h3>\n\n\n\n<ul><li><strong>Samstag, 7. M\u00e4rz 2020, 18:00 Uhr<\/strong><\/li><li><strong>Cantate Domino zum Zweiten Fastensonntag <\/strong><\/li><\/ul>\n\n\n\n<p>The Crucifixion <\/p>\n\n\n\n<p>John Stainer (1840-1901) <\/p>\n\n\n\n<p>f\u00fcr Tenor- und Baritonsolo, Chor und Orgel <\/p>\n\n\n\n<p>Mitwirkende: Daniel Schreiber, Tenor \/ Michael Marz, Bariton \/ Domchor Speyer \/ Domorganist Markus Eichenlaub, Orgel \/ Leitung: Domkantor Joachim Weller<\/p>\n\n\n\n<ul><li><strong>Samstag, 14. M\u00e4rz 2020, 18:00 Uhr<\/strong><\/li><li><strong>Cantate Domino zum Dritten Fastensonntag<\/strong><\/li><\/ul>\n\n\n\n<p>Kantaten zur Passion<\/p>\n\n\n\n<p>Johann Sebastian Bach (1685-1750) <\/p>\n\n\n\n<p>Jesus nahm zu sich die Zw\u00f6lfe, BWV 22<\/p>\n\n\n\n<p>Du wahrer Gott und Davids Sohn, BWV 23 <\/p>\n\n\n\n<p>Sehet, wir gehen hinauf gen Jerusalem, BWV 159 <\/p>\n\n\n\n<p>Mitwirkende: Anabelle Hund, Sopran \/ Matthias Lucht, Altus \/ Martin Steffan, Tenor \/ Lorenz Miehlich, Bass \/ Speyerer Domsingknaben \/ Barockorchester L\u2019 arpa festante \/ Leitung: Domkantor Joachim Weller <\/p>\n\n\n\n<ul><li><strong>Samstag, 21. M\u00e4rz 2020, 18:00 Uhr<\/strong><\/li><li><strong>Cantate Domino zum Vierten Fastensonntag<\/strong><\/li><\/ul>\n\n\n\n<p>Stabat mater <\/p>\n\n\n\n<p>Giovanni Battista Pergolesi (1710-1736) <\/p>\n\n\n\n<p>Mitwirkende: Gina Capello, Sopran \/ Julia Werner, Alt \/ M\u00e4dchenchor am Dom zu Speyerer \/ Chiarina Streichquintett \/ Leitung: Domkapellmeister Markus Melchiori<\/p>\n\n\n\n<ul><li><strong>Samstag, 28. M\u00e4rz 2020, 18:00 Uhr<\/strong><\/li><li><strong>Cantate Domino zum F\u00fcnften Fastensonntag<\/strong><\/li><\/ul>\n\n\n\n<p>O bone Jesu<\/p>\n\n\n\n<p>Heinrich Sch\u00fctz (1585-1672) <\/p>\n\n\n\n<p>Membra Jesu nostri<\/p>\n\n\n\n<p>Dietrich Buxtehude (1637-1707) <\/p>\n\n\n\n<p>Mitwirkende: Angelika Lenter und Anabelle Hund, Sopran \/ Matthias Lucht, Altus \/ Thomas Jakobs, Tenor \/ Michael Marz, Bass \/ Barockorchester L\u2019 arpa festante \/ Leitung: Domkapellmeister Markus Melchiori<\/p>\n\n\n\n<ul><li><strong>Samstag, 4. April 2020, 18:00 Uhr<\/strong><\/li><li><strong>Cantate Domino zum Palmsonntag <\/strong><\/li><\/ul>\n\n\n\n<p>Le chemin de la croix \u2013 Der Kreuzweg<\/p>\n\n\n\n<p>Marcel Dupr\u00e9 (1886-1971) in Kombination mit Texten von Paul Claudel (1868-1955)<\/p>\n\n\n\n<p>Mitwirkende: Prof. Carsten Klomp, Orgel<\/p>\n\n\n\n<p><strong>Aktuelle Informationen:&nbsp;<a href=\"https:\/\/deref-web-02.de\/mail\/client\/ertMg8LHAxU\/dereferrer\/?redirectUrl=http%3A%2F%2Fwww.dom-zu-speyer.de%2F\" target=\"_blank\" rel=\"noreferrer noopener\">www.dom-zu-speyer.de<\/a><\/strong><\/p>\n\n\n\n<p><em>Text: Bistum Speyer Foto: Domkapitel Speyer, Klaus Landry<br>02.03.2020<\/em><\/p>\n\n\n\n<h2 class=\"wp-block-heading\">\u00dcber die Freiheit<\/h2>\n\n\n\n<h3 class=\"wp-block-heading\">Kirchenhistorikerin Irene Dingel betrachtet Luthers Schriften aus heutiger Perspektive &#8211; Veranstaltung in der Bibliothek und Medienzentrale in Speyer<\/h3>\n\n\n\n<p><strong>Speyer <em>(lk)<\/em> &#8211; <\/strong>Freiheit und Verantwortung, unter dieser \u00dcberschrift steht ein Vortag der Direktorin des Leibniz-Instituts f\u00fcr Europ\u00e4ische Geschichte, Irene Dingel, am <strong>3. M\u00e4rz<\/strong> in Speyer. <\/p>\n\n\n\n<p>Die Kirchenhistorikerin besch\u00e4ftigt sich darin mit Martin Luthers reformatorischen Gedanken in seinen Hauptschriften von 1520 und zieht die Linien bis heute. &#8222;Es lohnt sich, Luthers Schriften r\u00fcckblickend aus heutiger Perspektive noch einmal anzuschauen, denn Freiheit ist zu allen Zeiten ein relevantes Thema&#8220;, erkl\u00e4rt die Professorin f\u00fcr Kirchengeschichte.<\/p>\n\n\n\n<p>Der Vortrag beginnt um 19 Uhr im Geb\u00e4ude der landeskirchlichen Bibliothek und Medienzentrale, Ro\u00dfmarktstra\u00dfe 4 in Speyer. Musikalisch begleitet Andrea C. Baur den Abend mit der Laute. Zur besseren Planung bittet die Bibliothek um eine Anmeldung unter <a href=\"Bibliothek@evkirchepfalz.de\">Bibliothek@evkirchepfalz.de<\/a> oder 06232\/667-415.<\/p>\n\n\n\n<p><em>02.03.2020<\/em><\/p>\n\n\n\n<h2 class=\"wp-block-heading\"><strong>\u201eSteh auf und geh!\u201c<\/strong><\/h2>\n\n\n\n<h3 class=\"wp-block-heading\"><strong>2020 kommt der Weltgebetstag der Frauen aus dem s\u00fcdafrikanischen Land Simbabwe \u2013 Mehr als 250 Gottesdienste in der Pfalz und im Saarpfalzkreis<\/strong><\/h3>\n\n\n\n<div class=\"wp-block-image\"><figure class=\"aligncenter\"><img decoding=\"async\" loading=\"lazy\" width=\"800\" height=\"450\" src=\"https:\/\/speyer24news.com\/wp-content\/uploads\/2020\/03\/Weltgebetstag-2020_Komitee-Simbabwe_copyright-wdpic.jpg\" alt=\"\" class=\"wp-image-25552\" srcset=\"https:\/\/speyer24news.com\/wp-content\/uploads\/2020\/03\/Weltgebetstag-2020_Komitee-Simbabwe_copyright-wdpic.jpg 800w, https:\/\/speyer24news.com\/wp-content\/uploads\/2020\/03\/Weltgebetstag-2020_Komitee-Simbabwe_copyright-wdpic-300x169.jpg 300w, https:\/\/speyer24news.com\/wp-content\/uploads\/2020\/03\/Weltgebetstag-2020_Komitee-Simbabwe_copyright-wdpic-768x432.jpg 768w, https:\/\/speyer24news.com\/wp-content\/uploads\/2020\/03\/Weltgebetstag-2020_Komitee-Simbabwe_copyright-wdpic-678x381.jpg 678w\" sizes=\"(max-width: 800px) 100vw, 800px\" \/><figcaption>Weltgebetstag 2020 Komitee Simbabwe (<em>Foto: wdpic<\/em>)<\/figcaption><\/figure><\/div>\n\n\n\n<p><strong>Speyer \/ Pfalz &amp; Saarpfalz &#8211;<\/strong> \u201eIch w\u00fcrde ja gerne, aber\u2026\u201c Wer kennt diesen oder \u00e4hnliche S\u00e4tze nicht? Doch damit ist es bald vorbei, denn Frauen aus Simbabwe laden ein, \u00fcber solche Ausreden nachzudenken: beim Weltgebetstag am 6. M\u00e4rz 2020.<\/p>\n\n\n\n<p>Frauen aus Simbabwe haben f\u00fcr den Weltgebetstag 2020 den Bibeltext aus Johannes 5 zur Heilung eines Kranken ausgelegt: \u201eSteh auf! Nimm deine Matte und geh!\u201c, sagt Jesus darin zu einem Kranken. In ihrem Weltgebetstags-Gottesdienst lassen die Simbabwerinnen erfahren: Diese Aufforderung gilt allen. Gott \u00f6ffnet damit Wege zu pers\u00f6nlicher und gesellschaftlicher Ver\u00e4nderung. <\/p>\n\n\n\n<p>Die Autorinnen des Weltgebetstags 2020 wissen wovon sie schreiben, denn ihre Situation in dem krisengeplagten Land im s\u00fcdlichen Afrika ist alles andere als gut. \u00dcberteuerte Lebensmittel, Benzinpreise in unermesslichen H\u00f6hen und steigende Inflation sind f\u00fcr sie Alltag und nur einige der Schwierigkeiten, die sie zu bew\u00e4ltigen haben. Die Gr\u00fcnde f\u00fcr den Zusammenbruch der Wirtschaft sind jahrelange Korruption und Misswirtschaft und vom Internationalen W\u00e4hrungsfonds auferlegte aber verfehlte Reformen. Bodensch\u00e4tze k\u00f6nnten Simbabwe reich machen, doch davon profitieren andere. Dass Menschen in Simbabwe aufstehen und f\u00fcr ihre Rechte k\u00e4mpfen, ist nicht neu: Viele Jahre k\u00e4mpfte die Bev\u00f6lkerung f\u00fcr die Unabh\u00e4ngigkeit von Gro\u00dfbritannien, bis sie das Ziel 1980 erreichten. Doch der erste schwarze Pr\u00e4sident, Robert Mugabe, regierte das Land 37 Jahre und zunehmend autorit\u00e4r. <\/p>\n\n\n\n<p>Noch heute sind Frauen benachteiligt. Oft werden sie nach dem Tod ihres Mannes von dessen Familie vertrieben, weil sie nach traditionellem Recht keinen Anspruch auf das Erbe haben, auch wenn die staatlichen Gesetze das mittlerweile vorsehen. Die Frauen aus Simbabwe haben verstanden, dass Jesu Aufforderung allen gilt und nehmen jeden Tag ihre Matte und gehen. <\/p>\n\n\n\n<p>Mit seiner Projektarbeit unterst\u00fctzt der Weltgebetstag Frauen und M\u00e4dchen weltweit in ihrem Engagement: Zum Beispiel in Simbabwe, wo M\u00e4dchen und Frauen den Umgang mit sozialen Medien ein\u00fcben, um ihrer Stimme Geh\u00f6r zu verschaffen; mit einer Kampagne in Mali, die f\u00fcr den Schulbesuch von M\u00e4dchen wirbt. Oder mit der Organisation von Wasserschutzgebieten in El Salvador, verbunden mit Lobbyarbeit zum Menschenrecht auf Wasser. <\/p>\n\n\n\n<p>Zus\u00e4tzlich m\u00f6chte der Weltgebetstag das hochverschuldete Simbabwe durch eine teilweise Entschuldung entlasten. Deshalb richtet sich der Weltgebetstag, zusammen mit seinen Mitgliedsorganisationen, dem B\u00fcndnis erlassjahr.de und anderen mit einer Unterschriftenaktion an die Bundesregierung. Das Geld soll Simbabwe stattdessen in Gesundheitsprogramme investieren, die der Bev\u00f6lkerung zugutekommen. Unterschriften sind auf einer Unterschriftenliste am Weltgebetstag oder online m\u00f6glich. <\/p>\n\n\n\n<p>\u00dcber L\u00e4nder- und Konfessionsgrenzen hinweg engagieren sich Frauen seit \u00fcber 100 Jahren f\u00fcr den Weltgebetstag und machen sich stark f\u00fcr die Rechte von Frauen und M\u00e4dchen in Kirche und Gesellschaft. Alleine in Deutschland besuchen am 6. M\u00e4rz 2020 hunderttausende Menschen die Gottesdienste und Veranstaltungen. <\/p>\n\n\n\n<p><strong>Weitere Informationen:<\/strong><\/p>\n\n\n\n<p><a href=\"https:\/\/deref-web-02.de\/mail\/client\/TyxKE50P22Q\/dereferrer\/?redirectUrl=http%3A%2F%2Fwww.weltgebetstag.de\" target=\"_blank\" rel=\"noreferrer noopener\">www.weltgebetstag.de<\/a><\/p>\n\n\n\n<h4 class=\"wp-block-heading\"><strong>Weltgebetstags-Gottesdienste am Freitag 06. M\u00e4rz 2020 in der Pfalz und im Saarpfalzkreis:<\/strong><\/h4>\n\n\n\n<ul><li>Albersweiler, kath. Pfarrheim 06.03.2020, 18.00 Uhr&nbsp;&nbsp;&nbsp;&nbsp;&nbsp;&nbsp;&nbsp;&nbsp;&nbsp; <\/li><li>Alsenborn, kath. Kirche St. Josef&nbsp;&nbsp;&nbsp;&nbsp;&nbsp;  06.03.2020, 19.00 Uhr anschl. gemeinsames Essen mit Spezialit\u00e4ten aus Simbabwe<\/li><li>Alsenz, prot. Gemeindehaus 06.03.2020, 19.00 Uhr anschl. Beisammensein mit Bildvortrag und simbabwischen Essen<\/li><li>Altrip, prot. Kirche 06.03.2020, 18.00 Uhr anschl. Beisammensein mit Bildvortrag und simbabwischen Essen<\/li><li>Annweiler-Gr\u00e4fenhausen, prot. Gemeindehaus 06.03.2020, 18.00 Uhr&nbsp;&nbsp;&nbsp;&nbsp; <\/li><li>Annweiler, prot. Gemeindehaus 06.03.2020, 18.00 Uhr&nbsp;&nbsp;&nbsp;&nbsp;&nbsp; <\/li><li>A\u00dfweiler, kath. Kirche Mari\u00e4 Himmelfahrt 06.03.2020, 17.00 Uhr&nbsp; <\/li><li>Baalborn, 06.03.2020, 19.00 Uhr&nbsp;&nbsp;&nbsp;&nbsp;&nbsp; anschl. Beisammensein mit Essen und Getr\u00e4nken<\/li><li>Bad Bergzabern, Wehrkirche St. Martin 06.03.2020, 18:00 Uhr Andacht gemeinsam mit Schweigen-Rechtenbach und Oberotterbach<\/li><li>Bad Bergzabern, prot. Marktkirche 06.03.2020, 15.00 Uhr ev. Gemeindehaus, Luitpoldstra\u00dfe <\/li><li>Bad Kreuznach, kath. Pfarrheim Ebernburg 06.03.2020, 17.00 Uhr&nbsp;&nbsp;&nbsp;&nbsp;&nbsp;&nbsp;&nbsp;&nbsp;&nbsp; <\/li><li>Bann, kath. Kirche 06.03.2020, 19.00 Uhr anschl. gem\u00fctliches Beisammensein im Pfarrheim<\/li><li>Beindersheim, Kath. Pfarrheim 06.03.2020, 18.00 Uhr anschl. Beisammensein<\/li><li>Bellheim, kath. Kirche 06.03.2020, 18.00 Uhr&nbsp;&nbsp;&nbsp;&nbsp;&nbsp;&nbsp;&nbsp;&nbsp;&nbsp; <\/li><li>Berghausen, kath. Pfarrheim 06.03.2020, 19.00 Uhr&nbsp;&nbsp;&nbsp;&nbsp;&nbsp;&nbsp;&nbsp;&nbsp;&nbsp; <\/li><li>Berg, kath. Pfarrheim 06.03.2020, 18.30 Uhr<\/li><li>Bexbach, prot. Gemeindehaus 06.03.2020, 18.00 Uhr&nbsp;&nbsp;&nbsp;&nbsp;&nbsp;&nbsp;&nbsp; <\/li><li>Billigheim-Ingenheim, prot. Kirche M\u00fchlhofen 06.03.2020, 18.30 Uhr anschl. Beisammensein Kirchengemeinede<\/li><li>Birkenh\u00f6rdt, kath. Kirche St. Gallus 06.03.2020, 18.00 Uhr&nbsp;&nbsp;&nbsp;&nbsp;&nbsp;&nbsp;&nbsp;&nbsp;&nbsp;&nbsp;&nbsp; <\/li><li>Blickweiler, kath. Kirche 06.03.2020, 15.00 Uhr anschlie\u00dfend Kaffe und Kuchen im Pfarrheim<\/li><li>Blieskastel, kath. Kirche Pfarrei Hl. Familie Lautzkirchen 06.03.2020, 16.30 Uhr f\u00fcr die Gemeinden Bierbach, Lautzkirchen und Blieskastel<\/li><li>Bliesmengen-Bolchen, Kreuzwegandacht 06.03.2020, 17.30 Uhr&nbsp; <\/li><li>Bockenheim, prot. Kirche, Lambertskirche&nbsp; 06.03.2020, 19.00 Uhr anschl. Beisammensein im S\u00e4lchen mit Bildvortrag und simbabwischen Essen<\/li><li>Bobenheim-Roxheim, kath. St. Laurentiuskirche 06.03.2020, 19.00 Uhr anschl. Beisammensein<\/li><li>Bockenheim, prot. Kirche&nbsp;&nbsp;&nbsp;&nbsp;&nbsp; 06.03.2020, 19.00 Uhr anschl. Beisammensein im Pfarrheim<\/li><li>B\u00f6hl, kath. Pfarramt 06.03.2020, 11.00 Uhr anschlie\u00dfendes Mittagessen<\/li><li>B\u00f6hl, prot. Kirchengem. Schulstra\u00dfe 36, 06.03.2020&nbsp;&nbsp;&nbsp;&nbsp;&nbsp;&nbsp;&nbsp;&nbsp;&nbsp; 18:30 Uhr anschl. Beisammensein mit Imbiss<\/li><li>B\u00f6rrstadt, prot. Kirche 06.03.2020, 19.00 Uhr&nbsp;&nbsp;&nbsp;&nbsp;&nbsp;&nbsp;&nbsp;&nbsp;&nbsp; <\/li><li>Bolanden, prot. Kirche&nbsp; 06.03.2020, 19.00 Uhr&nbsp;&nbsp;&nbsp;&nbsp;&nbsp;&nbsp;&nbsp; <\/li><li>Breitenbach, kath. Pfarrheim St. Jakobus 06.03.2020, 16:30 Uhr&nbsp; <\/li><li>Breitfurt, prot. Kirche 06.03.2020, 17.00 Uhr anschl. Begegnung im Gemeindehaus<\/li><li>Brenschelbach, Dorfgemeinschaftshaus 06.03.2020, 18.00 Uhr anschl. Begegnung im Gemeindehaus<\/li><li>Breunigweiler 06.03.2020, 19.00 Uhr&nbsp;&nbsp;&nbsp;&nbsp;&nbsp;&nbsp;&nbsp;&nbsp;&nbsp;&nbsp;&nbsp; <\/li><li>Br\u00fccken, kath. St. Laurentiuskirche 06.03.2020, 17.00 Uhr anschl. simbabwisches und deutsches Essen<\/li><li>B\u00fcchelberg, kath. Pfarrheim 06.03.2020, 18.30 Uhr<\/li><li>Carlsberg-Hertlingshausen, kath. Kirche Hertlingshausen 06.03.2020, 18.00 Uhr <\/li><li>Clausen, kath. Pfarrheim Sel. Bernhard 06.03.2020, 18.00 Uhr&nbsp;&nbsp;&nbsp;&nbsp; <\/li><li>Colgenstein, prot. Kirche 06.03.2020, 18.00 Uhr Gemeinsames Abendessen im ev. Gemeindehaus<\/li><li>Dahn, prot. Kirche 06.03.2020, 19.00 Uhr anschl. Beisammensein im Pater-Ingbert-Naab Haus<\/li><li>Dannstadt, kath. Kirche St. Michael, Kirchenstra\u00dfe 4, 06.03.2020, 18:00 Uhr anschl. Beisammensein mit Imbiss im Pfarrzentrum<\/li><li>Dansenberg, prot. Gemeindehaus 06.03.2020, 19.30 Uhr anschl. gemeinsames Essen und Infos zum Land <\/li><li>Deidesheim, kath. Kirche St. Ulrich 06.03.2020, 19.00 Uhr Beisammensein mit Essen<\/li><li>Dernbach, Dorfgemeinschaftshaus&nbsp; 04.03.2020, 18.00 Uhr&nbsp;&nbsp;&nbsp;&nbsp;&nbsp;&nbsp;&nbsp;&nbsp;&nbsp;&nbsp; <\/li><li>Diedesfeld, kath. Pfarrheim St. Remigius 06.03.2020, 18.30 Uhr anschlie\u00dfendes Beisammensein mit Landestyp. Speisen<\/li><li>Dierbach, prot. Kirche 06.03.2020, 18.00 Uhr mit gem\u00fctliches Beisammensein<\/li><li>Dielkirchen, prot. Kirche 06.03.2020, 14.30 Uhr&nbsp;&nbsp;&nbsp;&nbsp;&nbsp; <\/li><li>Dirmstein, prot. Kirche 06.03.2020, 18.00 Uhr anschl. Beisammensein im Gemeindesaal<\/li><li>D\u00f6rrenbach, Wehrkirche 06.03.2020, 18.30 Uhr anschl. Beisammensein mit Essen<\/li><li>Donsieders, kath. Kirche Herz Jesu&nbsp;  06.03.2020, 17.30 Uhr&nbsp;&nbsp;&nbsp;&nbsp;&nbsp;&nbsp;&nbsp;&nbsp;&nbsp; <\/li><li>Duchroth, prot. Gemeindehaus 06.03.2020, 18.00 Uhr anschl. Beisammensein mit Essen<\/li><li>Dudenhofen, prot. Gemeindezentrum 06.03.2020, 19.00 Uhr&nbsp;&nbsp;&nbsp;&nbsp;&nbsp;&nbsp;&nbsp; <\/li><li>Dunzweiler, prot. Kirche 06.03.2020, 15.00 Uhr&nbsp;&nbsp;&nbsp;&nbsp;&nbsp;&nbsp; <\/li><li>Ebernburg, kath. Pfarrheim 06.03.2020, 17.00 Uhr anschl. gemeinsames Essen<\/li><li>Edenkoben, kath. Pfarrheim Kapelle 06.03.2020, 18.30 Uhr&nbsp;&nbsp;&nbsp;&nbsp;&nbsp;&nbsp;&nbsp;&nbsp;&nbsp; <\/li><li>Edigheim, prot Gemeindehaus 06.03.2020, 18.00 Uhr anschlie\u00dfendes Beisammensein<\/li><li>Eisenberg, prot Gemeindehaus 06.03.2020, 17.00 Uhr&nbsp;&nbsp;&nbsp;&nbsp;&nbsp;&nbsp; <\/li><li>Enkenbach, prot. Kirche&nbsp;&nbsp;&nbsp;&nbsp;&nbsp;&nbsp;&nbsp; 06.03.2020, 19.00 Uhr anschl. Begegnung im prot. Gemeindehaus Zusatzveranstaltung: Enkenbach, prot. Gemeindehaus, 17.02.20, 20.00, Informationen zum Bibeltext<\/li><li>Eppstein, prot. Christuskirche 06.03.2020, 19.00 Uhr anschl. Beisammensein<\/li><li>Erfenbach, prot. Pfarrheim 06.03.2020, 19.00 Uhr&nbsp; <\/li><li>Erlenbach, prot. Martinskirche 06.03.2020, 17.00 Uhr&nbsp;&nbsp;&nbsp;&nbsp;&nbsp;&nbsp;&nbsp; <\/li><li>Erfweiler-Ehlingen, kath. Kirche 06.03.2020, 18.00 Uhr&nbsp;&nbsp;&nbsp;&nbsp;&nbsp; <\/li><li>Ernstweiler, prot. Christuskirche 06.03.2020, 18.00 Uhr&nbsp;&nbsp;&nbsp;&nbsp;&nbsp; <\/li><li>Erzh\u00fctten, kath. Gemeindehaus 06.03.2020, 19.00 Uhr anschl. gemeinsames Essen<\/li><li>Esthal, Pfarrkirche, 06.03.2020, 18.30 Uhr&nbsp; <\/li><li>Feilbingert, kath. Pfarrheim 06.03.2020, 18.00 Uhr anschl. gemeinsames Essen<\/li><li>Frankenholz, kath. Kirche St. Josef&nbsp;  06.03.2020, 15.00 Uhr&nbsp;&nbsp;&nbsp;&nbsp;&nbsp;&nbsp;&nbsp;&nbsp;&nbsp; <\/li><li>Frankenthal, \u00f6kum. Gemeindezentrum St. Jakobus, Pilgerpfad 06.03.2020, 18.30 Uhr&nbsp;&nbsp; <\/li><li>Frankenthal, prot. Gemeindehaus der Lutherkirche 06.03.2020, 17.00 Uhr anschl. simbabwisches Essen<\/li><li>Frankenthal, prot. Vers\u00f6hnungskirche 06.03.2020&nbsp;&nbsp; Uhrzeit Beisammensein mit Essen<\/li><li>Frankenthal, Zw\u00f6lf-Apostel-Kirche 06.03.2020, 15.00 Uhr&nbsp; <\/li><li>Freimersheim, prot. Kirche (f\u00fcr die Orte Freimersheim, Gro\u00df- und Kleinfischlingen) 06.03.2020, 18.00 Uhr&nbsp;&nbsp;&nbsp;&nbsp;&nbsp; <\/li><li>Freinsheim, prot. Gemeindehaus 06.03.2020, 18.00 Uhr anschl. Beisammensein mit Bildvortrag und simbabwischen Essen<\/li><li>Freisbach, prot. Kirche 06.03.2020, 18.00 Uhr<\/li><li>Fu\u00dfg\u00f6nheim, prot. Gemeindehaus (Schillerstr. 10) 06.03.2020, 18.00 Uhr&nbsp;&nbsp;&nbsp;&nbsp;&nbsp;&nbsp;&nbsp;&nbsp;&nbsp;&nbsp; <\/li><li>Gaugrehweiler, prot. Kirche 06.03.2020, 18.30 Uhr Essen und Getr\u00e4nke im Anschluss<\/li><li>Germersheim, prot. Gemeindesaal, Hauptstra\u00dfe 1, 06.03.2020, 17.00 Uhr&nbsp;&nbsp;&nbsp;&nbsp;&nbsp;&nbsp;&nbsp;&nbsp;&nbsp; <\/li><li>Gerolsheim, kath. Pfarrheim St. Leodegar&nbsp; 06.03.2020, 18.00 Uhr Beisammensein mit Essen<\/li><li>Glan-M\u00fcnchweiler, kath. Pfarrheim 06.03.2020, 19.00 Uhr anschl. Beisammensein<\/li><li>Godramstein, prot. Kirche&nbsp;&nbsp;&nbsp;&nbsp;  06.03.2020, 18.00 Uhr anschl. Beisammensein mit simbabwischen Essen<\/li><li>G\u00f6cklingen, kath. Pfarrheim 06.03.2020, 18.30 Uhr&nbsp;&nbsp;&nbsp;&nbsp;&nbsp;&nbsp;&nbsp;&nbsp;&nbsp;&nbsp; <\/li><li>G\u00f6nnheim, 06.03.2020, 19.00 Uhr&nbsp;&nbsp;&nbsp; anschl. Beisammensein mit simbabwischen Essen<\/li><li>G\u00f6llheim, prot. Kirche 06.03.2020, 18.30 Uhr anschl. simbabwisches Essen<\/li><li>Gossersweiler, kath. Kirche 06.03.2020, 18.00 Uhr <\/li><li>Gr\u00fcnstadt, kath. Kirche St. Peter 06.03.2020, 18.30 Uhr anschl. Beisammensein im Pfarrheim<\/li><li>Gundersweiler, prot. Kirche 06.03.2020, 18.00 Uhr <\/li><li>Habkirchen, Turmkapelle \u2013 Kreuzwegandacht 06.03.2020, 17.30 Uhr&nbsp;&nbsp;&nbsp;&nbsp;&nbsp; <\/li><li>Hagenbach, prot. Auferstehungskirche 06.03.2020, 18.30 Uhr&nbsp;&nbsp;&nbsp;&nbsp;&nbsp; <\/li><li>Hallgarten, prot. Kirche 06.03.2020, 15.00 Uhr anschl. Kaffee<\/li><li>Hanhofen, Kirche 06.03.2020, 18.00 Uhr anschl. gem\u00fctliches. Beisammensein im Pfarrheim<\/li><li>Hassloch, St. Galluskirche&nbsp;&nbsp;&nbsp;  06.03.2020, 19.00 Uhr anschlie\u00dfendes Beisammensein im Pfarrzentrum mit landestyp. Speisen<\/li><li>Hauenstein, kath. Kirche 19.00 Uhr anschl. Imbiss im Pfarrheim<\/li><li>Hermersberg, kath. Kirche 05.03.2020, 19.30 Uhr&nbsp; <\/li><li>Herxheim, kath. Kirche 06.03.2020, 19.00 Uhr anschl. Gem\u00fctliches Beisammensein im kath. Pfarrheim<\/li><li>Hettenleidelheim, kath. Pfarrheim&nbsp;&nbsp;&nbsp;&nbsp; 06.03.2020, 18.00 Uhr anschl. Beisammensein mit simbabwischem Essen<\/li><li>Hinzweiler, prot. Kirche 06.03.2020, 18.00 Uhr anschl. Beisammensein mit Bildvortrag und simbabwischen Essen<\/li><li>Hochdorf-Assenheim 06.03.2020, 18.00 Uhr&nbsp;&nbsp;&nbsp;&nbsp;&nbsp;&nbsp;&nbsp;&nbsp;&nbsp;&nbsp; <\/li><li>Hochspeyer, kath. Kirche St. Laurentius 06.03.2020, 19.00 Uhr&nbsp;&nbsp;&nbsp; <\/li><li>Hochst\u00e4tten, Kerchestubb&nbsp;&nbsp;&nbsp;&nbsp; 06.03.2020, 18.00 Uhr&nbsp;&nbsp;&nbsp;&nbsp;&nbsp;&nbsp;&nbsp;&nbsp;&nbsp;&nbsp; <\/li><li>H\u00f6hein\u00f6d, prot. Kirche 06.03.2020, 19.30 Uhr&nbsp;&nbsp;&nbsp;&nbsp;&nbsp;&nbsp;&nbsp;&nbsp; <\/li><li>Homburg, kath. Kirche St. Michael 06.03.2020, 16.30 Uhr <\/li><li>Homburg-Beeden, prot. Kirchens\u00e4lchen Beeden 06.03.2020, 15.00 Uhr&nbsp;&nbsp; <\/li><li>Homburg-Erbach, Kirche St. Andreas-Erbach 06.03.2020, 18.00 Uhr gem\u00fctliches Beisammensein mit kleinem Imbiss aus Simbabwe \/ Thomas-Morus-Haus<\/li><li>Homburg-Schwarzenacker, prot. Christuskirche 06.03.2020, 18.00 Uhr&nbsp;&nbsp; <\/li><li>Hoof, kath. Kirche Christk\u00f6nig 14.03.2020, 15.00 Uhr anschl. Kaffee und Kuchen und Gedankenaustausch im Emil-K\u00fcnzle-Haus<\/li><li>H\u00fcffler, kath. Kirche 06.03.2020, 17.00 Uhr  anschl. Beisammensein im Gemeinderaum<\/li><li>Imsbach, prot. Gemeindesaal 06.03.2020, 19.00 Uhr&nbsp;&nbsp;&nbsp;&nbsp;&nbsp;&nbsp;&nbsp;&nbsp; <\/li><li>Insheim, kath. Kirche 06.03.2020, 19.00 Uhr anschl. Gem\u00fctliches Beisammensein im Ernst-Gutting-Haus<\/li><li>Ixheim, kath. Kirche St. Peter 06.03.2020, 18.30 Uhr&nbsp;&nbsp;&nbsp;&nbsp;&nbsp;&nbsp;&nbsp;&nbsp; <\/li><li>Kaiserslautern, Christuskirche 06.03.2020, 15.00 Uhr anschl. Kaffee-Tafel<\/li><li>Kaiserslautern, prot. Apostelkirche&nbsp;&nbsp;&nbsp; 06.03.2020, 17.00 Uhr&nbsp;&nbsp;&nbsp;&nbsp;&nbsp;&nbsp;&nbsp;&nbsp;&nbsp;&nbsp; <\/li><li>Kaiserslautern, 06.03.2020, 17.00 Uhr&nbsp;&nbsp;&nbsp;&nbsp;&nbsp;&nbsp;&nbsp;&nbsp;&nbsp; <\/li><li>Kaiserslautern, prot. Gemeindehaus 06.03.2020, 18.00 Uhr&nbsp;&nbsp;&nbsp;&nbsp;&nbsp;&nbsp;&nbsp;&nbsp;&nbsp;&nbsp; <\/li><li>Kaiserslautern, kath. Maria Schutz&nbsp;&nbsp; 06.03.2020, 19.00 Uhr anschl. Beisammensein mit Essen <\/li><li>Kaiserslautern, prot. Paulus Kirche&nbsp;&nbsp;  06.03.2020, 18.00 Uhr anschl. gemeinsames Essen<\/li><li>Kaiserslautern, prot. Friedenskirche 06.03.2020, 18.00 Uhr mit anschl. Bildvortrag und Mittagessen<\/li><li>Kaiserslautern, prot. Unionskirche&nbsp;&nbsp;&nbsp; 06.03.2020, 19.00 Uhr anschl. Ausklang in der &#8222;Alten Eintracht&#8220;, Unionstr. 2<\/li><li>Kaiserslautern-Dansenberg, St. Peter und Paul, prot. Gemeindehaus 06.03.2020&nbsp;&nbsp;&nbsp;&nbsp;&nbsp;&nbsp;&nbsp;&nbsp;&nbsp;&nbsp;&nbsp; , 19.30 Uhr&nbsp;&nbsp;&nbsp;&nbsp;&nbsp; <\/li><li>Kaiserslautern-Erzh\u00fctten, kath. Gemeindehaus St. Michael Erzh\u00fctten 06.03.2020, 19.00 Uhr mit anschl. gemeinsamen Essen<\/li><li>Kaiserslautern-Hohenecken, St. Rochus prot. Gemeindehaus Kirchstr.&nbsp;&nbsp;&nbsp; 06.03.2020, 19.00 Uhr&nbsp;&nbsp;&nbsp;&nbsp;&nbsp;&nbsp;&nbsp;&nbsp;&nbsp;&nbsp; <\/li><li>Kaiserslautern-Hohenecken, prot. Gemeindehaus 06.03.2020, 19.00 Uhr anschl. Bisammensein mit landestypischen Speisen<\/li><li>Kaiserslautern- M\u00f6lschbach, prot. Gemeindhaus 06.03.2020, 19.00 Uhr&nbsp;&nbsp; <\/li><li>Kaiserslautern-Morlautern, prot. Kirche 06.03.2020, 17.00 Uhr anschl. landestyp. Essen im kath. Pfarrheim Morlautern<\/li><li>Kallstadt, I-Punkt 06.03.2020, 18.00 Uhr anschl. Bisammensein mit landestypischen Speisen<\/li><li>Kandel, kath. Kirche 06.03.2020, 19.00 Uhr  mit kleinem Imbiss<\/li><li>Katzweiler, kath. Kirche 06.03.2020, 19.00 Uhr&nbsp;&nbsp;&nbsp;&nbsp;&nbsp;&nbsp; <\/li><li>Kerzenheim, prot. Kirche&nbsp;&nbsp;&nbsp;&nbsp;&nbsp;&nbsp; 06.03.2020, 18.00 Uhr anschl. Beisammensein mit Kostproben des Landes<\/li><li>Kindenheim, prot. Kirche&nbsp;&nbsp;&nbsp;&nbsp;&nbsp;&nbsp; 06.03.2020, 18.00 Uhr anschl. Beisammensein im alten Schuls\u00e4\u00e4lchen<\/li><li>Kirchheimbolanden, prot. Peterskirche 06.03.2020, 19.00 Uhr anschl. k\u00f6stliches Buffet<\/li><li>Kirkel-Limbach, Elisabethkirche 06.03.2020, 16.00 Uhr&nbsp;&nbsp;&nbsp;&nbsp;&nbsp; <\/li><li>Kirkel-Neuh\u00e4usel, Jochen-Klepper-Haus 05.03.2020, 18.00 Uhr&nbsp;&nbsp;&nbsp; <\/li><li>Kirrberg, prot. Gemeindehaus 06.03.2020, 15.00 Uhr&nbsp;&nbsp;&nbsp;&nbsp;&nbsp;&nbsp;&nbsp;&nbsp; <\/li><li>Kirrweiler, kath. Kirche 06.03.2020, 19.00 Uhr&nbsp;&nbsp;&nbsp;&nbsp;&nbsp;&nbsp;&nbsp;&nbsp; <\/li><li>Kleinkarlbach, prot. Kirche 06.03.2020, 19.00 Uhr Beisammensein im Dorfgemeinschaftshaus<\/li><li>Klingenm\u00fcnster, prot. Kirche (mit Gleiszellen) 06.03.2020 , 18.30 Uhr&nbsp;&nbsp;&nbsp;&nbsp;&nbsp;&nbsp; <\/li><li>Knittelsheim, prot. Kirche&nbsp;&nbsp;&nbsp;&nbsp;&nbsp;&nbsp; 06.03.2020, 19.00 Uhr&nbsp;&nbsp;&nbsp;&nbsp;&nbsp;&nbsp;&nbsp;&nbsp;&nbsp;&nbsp; <\/li><li>K\u00f6nigsbach, kath. Kirche St. Johannes 06.03.2020, 19.00 Uhr&nbsp;&nbsp;&nbsp;&nbsp;&nbsp; <\/li><li>Kottweiler-Schwanden, prot. Kirche 06.03.2020, 18.00 Uhr&nbsp;&nbsp;&nbsp;&nbsp;&nbsp;&nbsp;&nbsp;&nbsp;&nbsp;&nbsp;&nbsp; <\/li><li>Kreimbach-Kaulbach, B\u00fcrgersaal 06.03.2020, 19.00 Uhr anschl. Beisammensein mit Essen <\/li><li>Krickenbach, kath. Kirche 06.03.2020, 19.00 Uhr anschl. Beisammensein mit Essen im Pfarrheim<\/li><li>Kriegsfeld, prot. Kirche 06.03.2020, 19.00 Uhr anschl. gemeinsames Essen im ev. Gemeindehaus<\/li><li>K\u00fcbelberg, kath Kirche St. Valentin 06.03.2020, 19.00 Uhr <\/li><li>Kuhardt, Kirche&nbsp;&nbsp;&nbsp;&nbsp;&nbsp;&nbsp;&nbsp;&nbsp;&nbsp; 05.03.2020, 18.00 Uhr&nbsp;&nbsp;&nbsp;&nbsp;&nbsp;&nbsp;&nbsp;&nbsp;&nbsp;&nbsp; <\/li><li>Kusel, kath. Pfarrheim 06.03.2020, 17.00 Uhr anschl. Imbiss und Informationen \u00fcber Simbabwe<\/li><li>Lambrecht, Altes Pfarrhaus, 06.03.2020, 18.00 Uhr&nbsp;&nbsp;&nbsp;&nbsp;&nbsp;&nbsp;&nbsp;&nbsp;&nbsp;&nbsp;&nbsp; <\/li><li>Lambsborn, prot. Kirche 06.03.2020, 19.00 Uhr Informationen zum Land: Mittwoch 19.02., 15 Uhr Gemeinderaum Lambsborn mit Kaffe + Kuchen<\/li><li>Lambsheim, prot. Gemeindehaus (Stadtgrabenstr. 25) 06.03.2020, 15:00 Uhr&nbsp;&nbsp;&nbsp;&nbsp; <\/li><li>Landau-Arzheim, kath. Kirche St. Georg&nbsp; 06.03.2020, 18.30 Uhr&nbsp;&nbsp; <\/li><li>Landau, prot. Lukaskirche Landau-Horstring 06.03.2020, 18.00 Uhr anschl. Beisammsein mit simbabwischen Essen<\/li><li>Landau, prot. Stiftskirche&nbsp;&nbsp;&nbsp;&nbsp;&nbsp;&nbsp; 06.03.2020, 18.30 Uhr&nbsp;&nbsp;&nbsp;&nbsp;&nbsp;&nbsp;&nbsp;&nbsp;&nbsp;&nbsp; <\/li><li>Landau-Queichheim, prot. Kirche&nbsp;&nbsp;&nbsp;&nbsp; 06.03.2020, 18.00 Uhr&nbsp;&nbsp;&nbsp;&nbsp;&nbsp;&nbsp;&nbsp;&nbsp;&nbsp;&nbsp; <\/li><li>Landstuhl, kath. Kirche Heilig-Geist-Kirche 06.03.2020, 19.00 Uhr anschl. Beisammensein im kath. Pfarrheim (K\u00f6nigstra\u00dfe 5)<\/li><li>Lauterecken, kath. Pfarrheim, Lautertalstra\u00dfe 3, 06.03.2020, 19.00 Uhr anschl. Beisammensein mit Bildvortrag und simbabwischen Essen<\/li><li>Lautzkirchen, kath. Pfarrheim 06.03.2020, 16.30 Uhr&nbsp;&nbsp;&nbsp;&nbsp;&nbsp;&nbsp;&nbsp;&nbsp; <\/li><li>Leimersheim, Pfarrsaal 06.03.2020&nbsp; , 18.00 Uhr&nbsp;&nbsp;&nbsp;&nbsp;&nbsp; <\/li><li>Limburgerhof, prot. Kirche Albert-Schweitzer-Haus 19.00 Uhr Infoabend 10.02. \/ nach Gottesdienst gem. Beisammensein<\/li><li>Linden, kath. Kirche 06.03.2020, 18.00 Uhr <\/li><li>Lindenberg, Pfarrzentrum 06.03.2020, 16.00 Uhr<\/li><li>Ludwigshafen-Friesenheim, kath. Kirche St. Josef, Hegelstr. 51, 06.03.2020, 18.00 Uhr anschl. Beisammensein mit Imbiss<\/li><li>Ludwigshafen-Niederfeld, kath. Kirche St. Hildegard, 06.03.2020, 19.00 Uhr anschl. Beisammensein<\/li><li>Ludwigshafen, prot. Pauluskirche St. Josef 06.03.2020, 15.00 Uhr&nbsp;&nbsp;&nbsp;&nbsp;&nbsp;&nbsp;&nbsp;&nbsp;&nbsp;&nbsp; <\/li><li>Ludwigshafen, prot. Gemeindezentrum St. Bonifaz\/St. Hedwig 06.03.2020, 17.00 Uhr anschl. Gem\u00fctliches Beisammensein<\/li><li>Ludwigshafen-Maudach, kath. Pfarrzentrum 06.03.2020, 18.00 Uhr anschl. Beisammensein mit Imbiss<\/li><li>Ludwigshafen-Mundenheim, prot. Christuskirche 06.03.2020, 17.00 Uhr anschl. Beisammensein mit Imbiss<\/li><li>Ludwigshafen, Mennonitengemeinde, Berliner Str. 43, 06.03.2020, 17.00 Uhr anschl. Essen<\/li><li>Ludwigshafen, Gemeindehaus der Paulusgemeinde 06.03.2020, 17.00 Uhr anschl. Beisammensein mit Imbiss<\/li><li>Ludwigshafen-Oggersheim, kath. Wallfahrtskirche Maria Himmelfahrt, Kapellengasse&nbsp;&nbsp; 06.03.2020, 19.00 Uhr anschl. Beisammensein mit Imbiss im Pfarrzentrum Kolping, Mannheimerstr. 19<\/li><li>Ludwigshafen-Oppau, prot. Auferstehungskirche 07.03.2020, 18.00 Uhr anschlie\u00dfendes Beisammensein<\/li><li>Ludwigshafen-Rheing\u00f6nheim, prot. Kirche St. Joseph 06.03.2020, 19.00 Uhr anschl. Gem\u00fctliches Beisammensein<\/li><li>Ludwigshafen-Ruchheim, kath. Kirche St. Cyriakus 06.03.2020, 18.00 Uhr anschlie\u00dfendes Beisammensein<\/li><li>Ludwigshafen, kath Kirche St.Hildegard 06.03.2020, 19.00 Uhr anschl. Gem\u00fctliches Beisammensein<\/li><li>Lustadt, Haus der Kirche&nbsp;&nbsp;&nbsp;&nbsp;&nbsp;&nbsp; 06.03.2020, 18.00 Uhr&nbsp;&nbsp;&nbsp;&nbsp;&nbsp;&nbsp;&nbsp;&nbsp;&nbsp;&nbsp; <\/li><li>Mackenbach, prot. Kirche&nbsp;&nbsp;&nbsp;&nbsp; 06.03.2020, 18.30 Uhr anschl. gemeinsames Essen<\/li><li>Mannweiler, Dorfgemeinschaftshaus 06.03.2020, 15.00 Uhr&nbsp;&nbsp;&nbsp;&nbsp;&nbsp;&nbsp;&nbsp;&nbsp; anschl. gemeinsames Essen<\/li><li>Mandelbachtal-Heckendalheim, Marie-Walle-Haus, Pfarrer-Weiser-Str. 6, 06.03.2020, 17.30 Uhr&nbsp;&nbsp;&nbsp;&nbsp;&nbsp;&nbsp;&nbsp;&nbsp; <\/li><li>Marienthal, prot. Gemeindehaus 06.03.2020&nbsp;&nbsp;&nbsp;&nbsp;&nbsp;&nbsp;&nbsp;&nbsp;&nbsp;&nbsp; , 19.00 Uhr&nbsp;&nbsp;&nbsp;&nbsp;&nbsp; <\/li><li>Maximiliansau, prot. Pestalozzihaus 06.03.2020, 18.30 Uhr <\/li><li>Mechtersheim, kath. Pfarrheim 06.03.2020, 19.00 Uhr&nbsp;&nbsp;&nbsp;&nbsp;&nbsp;&nbsp; <\/li><li>Meckenheim, kath. Kirche, Maximilian-Kolbe-Haus&nbsp;&nbsp;&nbsp;&nbsp;&nbsp;&nbsp;&nbsp;&nbsp;&nbsp;&nbsp;&nbsp;  06.03.2020, 18.00 Uhr anschl. Beisammensein mit Bildvortrag und simbabwischen Essen<\/li><li>Mehlingen, kath. Kirche St. Anton Mehlingen 06.03.2020, 19.00 Uhr&nbsp;&nbsp;&nbsp;&nbsp;&nbsp;&nbsp;&nbsp;&nbsp; anschl. Begegnung im kath. Pfarrheim<\/li><li>Miesau, prot. Kirche 06.03.2020, 19.00 Uhr <\/li><li>M\u00f6rsch, prot. Gemeindehaus 06.03.2020, 15.00 Uhr&nbsp;&nbsp;&nbsp;&nbsp;&nbsp;&nbsp;&nbsp;&nbsp;&nbsp; <\/li><li>M\u00fcnchweiler, prot. Kirche 06.03.2020, 19.00 Uhr anschl. Gemeindefest<\/li><li>Mutterstadt, kath. Kirche St. Medardus, Kirchgasse 14, 06.03.2020, 19.00 Uhr&nbsp;&nbsp;&nbsp; anschl. simbabwisches Essen L\u00e4nderabend mit Beisammensein + Imbiss ebenso am 07.02.<\/li><li>Mu\u00dfbach, prot. Gemeindehaus 13.03.2020, 19.00 Uhr<\/li><li>Neuburg, B\u00fcrgerhaus 06.03.2020, 18.30 Uhr&nbsp;&nbsp;&nbsp;&nbsp;&nbsp;&nbsp;&nbsp;&nbsp;&nbsp;&nbsp; <\/li><li>Neuhofen, Dietrich-Bonhoeffer-Haus, Kirchg\u00e4ssel 1a, 06.03.2020, 18.00 Uhr&nbsp;&nbsp;&nbsp;&nbsp;&nbsp; anschl. Beisammensein mit Imbiss<\/li><li>Neustadt-Branchweilerhof, prot. Gemeindezentrum&nbsp;&nbsp;&nbsp;&nbsp;&nbsp;&nbsp;&nbsp;&nbsp;&nbsp;&nbsp; 06.03.2020, 18.00 Uhr landestypisches Essen<\/li><li>Neustadt, Casimirianum&nbsp;&nbsp;&nbsp;&nbsp;&nbsp;&nbsp;&nbsp; 06.03.2020, 15.00 Uhr&nbsp;&nbsp;&nbsp;&nbsp;&nbsp;&nbsp;&nbsp;&nbsp;&nbsp;&nbsp; <\/li><li>Neustadt-K\u00f6nigsbach, kath. Kirche St. Johannes 06.03.2020, 18.00 Uhr&nbsp; <\/li><li>Neustadt-Haardt, prot. Gemeindehaus 06.03.2020, 18.00 Uhr&nbsp;&nbsp;&nbsp;&nbsp;&nbsp;&nbsp; anschl. Beisammensein mit Bildvortrag und simbabwischen Essen<\/li><li>Neustadt an der Weinstra\u00dfe, prot. Gemeindezentrum&nbsp;&nbsp;&nbsp;&nbsp;&nbsp;&nbsp;&nbsp; 06.03.2020, 18.00 Uhr&nbsp;&nbsp;&nbsp;&nbsp;&nbsp;&nbsp;&nbsp;&nbsp;&nbsp;&nbsp; <\/li><li>Neidenfels, prot. Kirche 06.03.2020, 18.00 Uhr&nbsp;&nbsp;&nbsp;&nbsp;&nbsp;&nbsp; <\/li><li>Niedergailbach, kath. Kirche 06.03.2020, 17.00 Uhr&nbsp;&nbsp;&nbsp;&nbsp;&nbsp;&nbsp;&nbsp;&nbsp;&nbsp;&nbsp; anschl. Begegnung im Gemeindehaus<\/li><li>Niederotterbach, prot. Kirche 06.03.2020, 18.00 Uhr&nbsp;&nbsp;&nbsp;&nbsp;&nbsp;&nbsp;&nbsp;&nbsp;&nbsp; anschl. Gem\u00fctliches Beisammensein im B\u00fcrgerhaus<\/li><li>Niederw\u00fcrzbach, prot. Hl.-Geist-Kirche 06.03.2020, 16.00 Uhr&nbsp;&nbsp;&nbsp;&nbsp;&nbsp; <\/li><li>Obernheim, prot. Gemeindehaus 06.03.2020, 19.00 Uhr&nbsp;&nbsp;&nbsp; <\/li><li>Obers\u00fclzen, Dorfgemeinschaftshaus 06.03.2020, 19.00 Uhr&nbsp;&nbsp;&nbsp;&nbsp;&nbsp;&nbsp;&nbsp;&nbsp;&nbsp; anschl. Beisammensein<\/li><li>Odenbach, prot. Gemeindehaus 06.03.2020, 19.00 Uhr anschl. Beisammensein mit Bildvortrag und simbabwischen Essen<\/li><li>Odernheim, prot. Gemeindehaus 06.03.2020, 19.00 Uhr anschl. Beisammensein mit simbabwischen Essen<\/li><li>Offenbach, Ernst-Gutting-Haus 06.03.2020, 19.00 Uhr anschl. Beisammensein im Ernst-Gutting-Haus<\/li><li>Ohmbach, prot. Kirche 06.03.2020, 18.00 Uhr&nbsp;&nbsp;&nbsp;&nbsp;&nbsp;&nbsp;&nbsp; <\/li><li>Olsbr\u00fccken, prot. Gemeindehaus 06.03.2020, 16.00 Uhr&nbsp;&nbsp; <\/li><li>Ormesheim, prot. Kirche Kreuzkirche 06.03.2020, 18.00 Uhr&nbsp;&nbsp;&nbsp;&nbsp;&nbsp;&nbsp;&nbsp; <\/li><li>Otterbach, kath. Kirche 06.03.2020&nbsp; , 19.00 Uhr anschl. Beisammensein<\/li><li>Otterberg, prot. Geimendehaus 06.03.2020, 19.00 Uhr anschl. Beisammensein mit Essen<\/li><li>Ottersheim, B\u00fcrgerhaus 06.03.2020, 18.00 Uhr&nbsp;&nbsp;&nbsp;&nbsp;&nbsp;&nbsp; <\/li><li>Pirmasens, prot. Kirche Winzeln 06.03.2020, 19.00 Uhr anschl. Beisammensein<\/li><li>Quirnheim, B\u00fcrgerhaus 06.03.2020, 19.00 Uhr anschl. simbabwisches Essen<\/li><li>Ramsen, kath. Pfarrheim 06.03.2020, 18.00 Uhr&nbsp;&nbsp;&nbsp; <\/li><li>Ramstein, prot. Kirche 06.03.2020, 18.00 Uhr&nbsp;&nbsp;&nbsp;&nbsp;&nbsp;&nbsp;&nbsp;&nbsp; <\/li><li>Ranschbach, kath. Kirche (Eschbach, Ranschbach, Leinsweiler) 06.03.2020, 18.30 Uhr&nbsp;&nbsp;&nbsp;&nbsp;&nbsp;&nbsp;&nbsp;&nbsp;&nbsp;&nbsp;&nbsp; <\/li><li>Reichenbach-Steegen, in Neunkirchen im prot. Jugendheim 06.03.2020, 18.00 Uhr anschl. gem\u00fctliches Beisammensein<\/li><li>Reifenberg, kath. Pfarrheim 06.03.2020, 19.00 Uhr&nbsp;&nbsp;&nbsp;&nbsp;&nbsp;&nbsp;&nbsp;&nbsp;&nbsp;&nbsp;&nbsp; <\/li><li>Reuschbach, kath. St. Barbara Kirche 06.03.2020, 18.00 Uhr&nbsp;&nbsp;&nbsp;&nbsp;&nbsp;&nbsp; anschl. Beisammensein mit Bildvortrag und simbabwischen Essen<\/li><li>Rimschweiler, kath. Kirche St. Johannes 07.03.2020, 15.00 Uhr&nbsp;&nbsp; <\/li><li>Rockenhausen, prot. Kirche 06.03.2020, 19.00 Uhr&nbsp;&nbsp;&nbsp;&nbsp;&nbsp;&nbsp;&nbsp;&nbsp;&nbsp;&nbsp;&nbsp; <\/li><li>Rockenhausen-D\u00f6rnbach, prot. Kirche in der Hauptstra\u00dfe 06.03.2020, 18.30 Uhr anschl. Beisammensein<\/li><li>Rodenbach, kath. Kirche 06.03.2020, 18.00 Uhr&nbsp;&nbsp;&nbsp;&nbsp; <\/li><li>R\u00f6dersheim-Gronau, prot. Gemeindesaal Gronau 06.03.2020, 19.00 Uhr anschl. gem\u00fctliches Beisammensein<\/li><li>Rohrbach, Simultankirche&nbsp;&nbsp;&nbsp;&nbsp;  06.03.2020, 18.30 Uhr&nbsp;&nbsp;&nbsp;&nbsp;&nbsp;&nbsp;&nbsp;&nbsp;&nbsp; <\/li><li>Rodalben, kath. Kirche St. Josef 06.03.2020, 19.00 Uhr&nbsp;&nbsp;&nbsp;&nbsp; <\/li><li>R\u00fcssingen, kath. Kirche St. Martin&nbsp;&nbsp;&nbsp; 05.03.2020, 19.00 Uhr anschl. simbabwisches Essen<\/li><li>Saarbr\u00fccken-Ensheim, prot. Kirche, Hauptstr. (f\u00fcr Ensheim+Eschringen) 06.03.2020, 18.00 Uhr&nbsp;&nbsp;&nbsp;&nbsp;&nbsp;&nbsp;&nbsp;&nbsp;&nbsp; <\/li><li>Sausenheim, prot. Kirche&nbsp;&nbsp;&nbsp;&nbsp;&nbsp; 06.03.2020, 19.00 Uhr anschl. Beisammensein im Gemeindehaus<\/li><li>Schallodenbach, Dekan-Seitz-Haus, Wickelh\u00f6fer Str. 11, 06.03.2020, 19.00 Uhr anschl. Essen und Getr\u00e4nke<\/li><li>Schauernheim, prot. Gemeindehaus 06.03.2020, 18.30 Uhr anschl. Beisammensein mit Bildvortrag und simbabwischen Essen<\/li><li>Schifferstadt, prot. Gustaf-Adolf-Kirche 06.03.2020, 18.00 Uhr, anschl. Beisammensein&nbsp;&nbsp;&nbsp;&nbsp;&nbsp;&nbsp;&nbsp;&nbsp;&nbsp;&nbsp;&nbsp;&nbsp;&nbsp;&nbsp;&nbsp;&nbsp;&nbsp;&nbsp;&nbsp;&nbsp;&nbsp;&nbsp;&nbsp; <\/li><li>Schmalenberg, prot. Kirche 06.03.2020, 18.00 Uhr anschl. Begegnung bei landestyp. Speisen<\/li><li>Schopp, prot. Kirche 06.03.2020, 19.00 Uhr anschl. gem\u00fctliches Beisammensein im prot. Pfarrheim<\/li><li>Schwegenheim, Dorfgemeinschaftshaus, Haupstra\u00dfe&nbsp;&nbsp;&nbsp;&nbsp;&nbsp;&nbsp; 06.03.2020, 19.00 Uhr&nbsp;&nbsp;&nbsp;&nbsp;&nbsp;&nbsp;&nbsp;&nbsp;&nbsp;&nbsp; <\/li><li>Schweigen-Rechtenbach, Gemeinde St. Sebastian 06.03.2020, 18.00 Uhr&nbsp;&nbsp;&nbsp;&nbsp;&nbsp;&nbsp;&nbsp;&nbsp;&nbsp; <\/li><li>Schweighofen, kath. Kirche St. Laurentius&nbsp;&nbsp; 06.03.2020, 18.00 Uhr anschl. Beisammensein in der Kulturhalle<\/li><li>Sippersfeld, prot. Kirche&nbsp;&nbsp;&nbsp;&nbsp;&nbsp;&nbsp;&nbsp; 08.03.2020, 10.00 Uhr&nbsp;&nbsp;&nbsp;&nbsp;&nbsp;&nbsp;&nbsp;&nbsp;&nbsp;&nbsp; <\/li><li>Sondernheim, prot. Kirche 06.03.2020, 18.00 Uhr&nbsp;&nbsp; <\/li><li>Sondernheim, kath. Pfarrheim, Raiffeisenstra\u00dfe 2, 06.03.2020, 18.30 Uhr&nbsp;&nbsp;&nbsp;&nbsp;&nbsp;&nbsp;&nbsp;&nbsp;&nbsp;&nbsp; <\/li><li>Spesbach, kath. Pfarrheim&nbsp;&nbsp;&nbsp; 06.03.2020, 19.00 Uhr anschl. Beisammensein<\/li><li>Speyer, prot. Martin-Luther-King-Haus 06.03.2020, 19.00 Uhr&nbsp;&nbsp;&nbsp;&nbsp;&nbsp;&nbsp; <\/li><li>St. Ingbert, kath. Pfarrkirche St. Johannes 06.03.2020, 18.00 Uhr anschl. werden im Jugendheim Rohrbach, Kostproben, Land und Leute aus Simbabwe vorgestellt<\/li><li>St. Ingbert, kath. Kirche St. Hildegard 06.03.2020, 18.30 Uhr&nbsp;&nbsp;&nbsp;&nbsp;&nbsp;&nbsp;&nbsp;&nbsp; anschl. gem\u00fctliches Beisammensein im Pfarrheim St. Hildegard<\/li><li>St. Ingbert, Hassel, prot. Kirche 06.03.2020, 18.00 Uhr&nbsp;&nbsp;&nbsp;&nbsp;&nbsp;&nbsp; <\/li><li>St. Julian, prot. Kirche 06.03.2020, 19.00 Uhr anschl. Speisen aus Simbabwe<\/li><li>Steinalben, Dorfgemeinschaftshaus 06.03.2020, 18.00 Uhr&nbsp;&nbsp;&nbsp;&nbsp;&nbsp;&nbsp;&nbsp;&nbsp;&nbsp;&nbsp; <\/li><li>Stelzenberg, prot. Kirche&nbsp;&nbsp;&nbsp;&nbsp;&nbsp;&nbsp; 06.03.2020, 19.00 Uhr&nbsp;&nbsp;&nbsp;&nbsp;&nbsp;&nbsp;&nbsp;&nbsp;&nbsp;&nbsp; <\/li><li>Thaleischweiler-Fr\u00f6schen, kath. Mari\u00e4 Himmelfahrt&nbsp;&nbsp;&nbsp;&nbsp;&nbsp;&nbsp;&nbsp;&nbsp;&nbsp;&nbsp; 06.03.2020, 19.00 Uhr anschl. Nachfeier im Pfarrheim St. Jakobus<\/li><li>Thaleischweiler-Fr\u00f6schen, prot. Kirche 06.03.2020, 19.00 Uhr&nbsp;&nbsp;&nbsp;&nbsp;&nbsp;&nbsp; <\/li><li>Thaleischweiler-Fr\u00f6schen, prot. Kirche H\u00f6hfr\u00f6schen&nbsp;&nbsp;&nbsp;&nbsp;&nbsp;&nbsp;&nbsp;&nbsp;&nbsp; 06.03.2020, 19.00 Uhr&nbsp;&nbsp;&nbsp;&nbsp;&nbsp;&nbsp;&nbsp;&nbsp;&nbsp;&nbsp; <\/li><li>Venningen, kath. Kirche&nbsp;&nbsp;&nbsp;&nbsp;&nbsp;&nbsp;&nbsp; 06.03.2020, 18.00 Uhr&nbsp;&nbsp;&nbsp;&nbsp;&nbsp;&nbsp;&nbsp;&nbsp;&nbsp;&nbsp; <\/li><li>Vogelbach, Simultankirche 06.03.2020, 18.00 Uhr Einsingen ab 17.30 Uhr, nach dem Gottesdienst Beisammensein im ev. Gemeindehaus mit Spez. aus Simbabwe<\/li><li>Wachenheim, prot. Kirche, Burgstra\u00dfe&nbsp; 06.03.2020, 18.00 Uhr anschl. landestypische Speisen im Gemeindehaus<\/li><li>Waldfischbach, kath. Kirche St. Josef 06.03.2020, 18.00 Uhr&nbsp;&nbsp;&nbsp;&nbsp;&nbsp;&nbsp;&nbsp; anschl. Beisammensein im kath. Pfarrheim Waldfischbach<\/li><li>Waldmohr, prot. Gemeindehaus 06.03.2020&nbsp;&nbsp;&nbsp;&nbsp;&nbsp;&nbsp;&nbsp;&nbsp;&nbsp;&nbsp;&nbsp; , 18.00 Uhr anschl. Beisammensein mit Bildvortrag und simbabwischen Essen<\/li><li>Walsheim, kath. Kirche&nbsp;&nbsp;&nbsp;&nbsp;&nbsp;&nbsp;&nbsp;&nbsp;&nbsp; 06.03.2020, 18.00 Uhr anschl. Begegnung im Gemeindehaus<\/li><li>Weidenthal, Maximilian-Kolbe-Haus, 06.03.2020, 18.00 Uhr&nbsp;&nbsp;&nbsp;&nbsp;&nbsp;&nbsp;&nbsp;&nbsp;&nbsp; <\/li><li>Weingarten, prot. Gemeindehaus&nbsp;&nbsp;&nbsp;&nbsp; 06.03.2020, 19.00 Uhr&nbsp;&nbsp;&nbsp;&nbsp;&nbsp;&nbsp;&nbsp;&nbsp;&nbsp;&nbsp; <\/li><li>Weisenheim a.B.&nbsp; prot. Kirche 06.03.2020, 19.00 Uhr anschl. Beisammensein mit Bildvortrag und simbabwischen Essen<\/li><li>Weisenheim a.S., prot. Gemeindehaus, Schulgasse 8, 06.03.2020, 19.00 Uhr anschl. Beisammensein im prot. Gemeindehaus<\/li><li>Weselberg, kath. Pfarrheim, 06.03.2020, 18.00 Uhr&nbsp;&nbsp;&nbsp;&nbsp;&nbsp;&nbsp;&nbsp;&nbsp;&nbsp;&nbsp;&nbsp; <\/li><li>Winnweiler, prot. Kirche&nbsp;&nbsp;&nbsp;&nbsp;&nbsp;&nbsp;&nbsp;&nbsp; 06.03.2020, 18.00 Uhr anschl. Beisammensein<\/li><li>Winnweiler, Potzbach, B\u00fcrgerhaus&nbsp;&nbsp; 28.02.2020, 19.00 Uhr anschl. Beisammensein<\/li><li>Winnweiler, Schweisweiler, kath. Kirche (Nebenraum) 28.02.2020, 18.00 Uhr&nbsp;&nbsp;&nbsp;&nbsp; <\/li><li>W\u00f6rth, prot. Gemeindehaus 06.03.2020, 18.00 Uhr <\/li><li>W\u00f6rth, prot. Friedenskirche, 06.03.2020, 18.30 Uhr <\/li><li>Wolfstein, prot. Gemeindehaus, Hauptstra\u00dfe 29, 06.03.2020, 19.00 Uhr anschl. simbabwisches und deutsches Essen<\/li><li>Zeiskam, prot. Kirche 06.03.2020, 18.00 Uhr&nbsp;&nbsp;&nbsp;&nbsp;&nbsp;&nbsp;&nbsp;&nbsp;&nbsp;&nbsp; <\/li><li>Zweibr\u00fccken, prot. Karlskirche 06.03.2020, 18.00 Uhr anschl. Beisammensein<\/li><li>Zweibr\u00fccken, prot.-method. Kirche 06.03.2020, 18.00 Uhr anschl. Beisammensein<\/li><\/ul>\n\n\n\n<p><em>Text: Bistum Speyer Foto: wdpic<br>02.03.2020<\/em><\/p>\n\n\n\n<h2 class=\"wp-block-heading\"><strong>Zentrale SEGENSORT-Veranstaltungen starten im M\u00e4rz<\/strong><\/h2>\n\n\n\n<h3 class=\"wp-block-heading\"><strong>SEGENSORT-Veranstaltungen an insgesamt f\u00fcnf Orten zwischen M\u00e4rz und August \u2013 Bischof Wiesemann l\u00e4dt Gl\u00e4ubige und Interessierte ein, \u201emiteinander \u00fcber den gewohnten Horizont hinauszudenken\u201c<\/strong><\/h3>\n\n\n\n<div class=\"wp-block-image\"><figure class=\"aligncenter\"><img decoding=\"async\" loading=\"lazy\" width=\"800\" height=\"533\" src=\"https:\/\/speyer24news.com\/wp-content\/uploads\/2020\/03\/K\u00fcnstlerin-Mansha-Friedrich.jpg\" alt=\"\" class=\"wp-image-25551\" srcset=\"https:\/\/speyer24news.com\/wp-content\/uploads\/2020\/03\/K\u00fcnstlerin-Mansha-Friedrich.jpg 800w, https:\/\/speyer24news.com\/wp-content\/uploads\/2020\/03\/K\u00fcnstlerin-Mansha-Friedrich-300x200.jpg 300w, https:\/\/speyer24news.com\/wp-content\/uploads\/2020\/03\/K\u00fcnstlerin-Mansha-Friedrich-768x512.jpg 768w\" sizes=\"(max-width: 800px) 100vw, 800px\" \/><figcaption>StreetArt-K\u00fcnstlerin Mansha Friedrich wird bei der SEGENSORTE-Veranstaltung am 21. M\u00e4rz in Annweiler mitwirken.<\/figcaption><\/figure><\/div>\n\n\n\n<p><strong>Annweiler \/ Speyer &#8211; <\/strong>Der Visionsprozess SEGENSORTE des Bistums Speyer nimmt Fahrt auf. Zwischen M\u00e4rz und August l\u00e4dt das Bistum Speyer zu f\u00fcnf zentralen SEGENSORT-Veranstaltungen ein. \u201eWir stellen uns den Fragen der Gegenwart und wollen die Zukunft der Gesellschaft kreativ mitgestalten\u201c, erkl\u00e4rt Bischof Dr. Karl-Heinz Wiesemann. In seiner Einladung an Gl\u00e4ubige und Interessierte betont er: \u201eMit kreativen Inputs und spannenden Gespr\u00e4chspartnern m\u00f6chten wir SEGENSORTE entdecken. Dabei ist es wichtig, dass Sie Ihre pers\u00f6nlichen Erfahrungen und Sichtweisen mit einbringen. So k\u00f6nnen wir miteinander \u00fcber den gewohnten Horizont hinauszudenken.\u201c<\/p>\n\n\n\n<p>Die erste der f\u00fcnf zentralen SEGENSORT-Veranstaltungen findet am Sonntag, den 8. M\u00e4rz, in der \u201eKammgarn\u201c in Kaiserslautern statt. \u201eDie Teilnehmerinnen und Teilnehmer erwartet ein Mix aus lebendigen Diskussionen, kulturellen und spirituellen Impulsen, bei dem die gemeinsame Erfahrung im Vordergrund steht\u201c, erkl\u00e4rt Felix Goldinger von der Gesch\u00e4ftsstelle SEGENSORTE. Ab 9 Uhr werden die Teilnehmenden erwartet. \u201eWir gestalten einen offenen Beginn\u201c, so Felix Goldinger. Auf einem Visionsparcours laden verschiedene Stationen zum kreativen Nachdenken und Entwickeln von Ideen an, die an Thementischen anschlie\u00dfend weitergef\u00fchrt und geb\u00fcndelt werden. \u201eDie Veranstaltung behandelt nicht nur das Thema Segen, sondern soll f\u00fcr die Teilnehmenden selbst zum Segen werden\u201c, gibt Felix Goldinger Einblick in die Vorbereitung. Um 11.30 Uhr feiern die Teilnehmer einen Gottesdienst mit Bischof Wiesemann. Als Veranstaltungsende ist 13 Uhr angesetzt.<\/p>\n\n\n\n<p>\u201eWir freuen uns \u00fcber jeden, der dabei ist, um gemeinsam \u00fcber eine neue Form von Kirche nachzudenken. Auch Menschen, die gar nichts mit Kirche zu tun haben, sind ausdr\u00fccklich eingeladen und herzlich willkommen\u201c, betont Felix Goldinger. Zur organisatorischen Vorbereitung bittet er um eine Anmeldung bis sp\u00e4testens eine Woche vor Veranstaltungsbeginn. Auf der Homepage des Visionsprozesses SEGENSORTE steht daf\u00fcr eine Eingabemaske bereit.<\/p>\n\n\n\n<p><strong>Zweite SEGENSORT-Veranstaltung am 21. M\u00e4rz in Annweiler<\/strong><\/p>\n\n\n\n<p>Veranstaltungsort f\u00fcr die zweite SEGENSORT-Veranstaltung ist Annweiler in der S\u00fcdpfalz. Am Samstag, den 21. M\u00e4rz, findet im \u201eHohenstaufensaal\u201c ab 14.30 Uhr die zweite der insgesamt f\u00fcnf SEGENSORT-Veranstaltungen im Bistum Speyer statt. Vorgesehene Programmelemente sind der Visionsparcours und die Thementische, \u00e4hnlich wie in Kaiserslautern. Kulturell wird die Veranstaltung durch die StreetArt-K\u00fcnstlerin Mansha Friedrich bereichert. Sie ist durch ungew\u00f6hnliche Kunstaktionen im \u00f6ffentlichen Raum bekannt geworden und legt bei ihren k\u00fcnstlerischen Projekten einen starken Fokus auf die M\u00f6glichkeit zur Mitwirkung. \u201eAlle G\u00e4ste werden selbst Teil einer partizipativen Kunstaktion und zum Thema Segen kreativ sein\u201c, erl\u00e4utert Felix Goldinger. Die K\u00fcnstlerin Mansha Friedrich selbst sagt zu der in Annweiler geplanten Kunstaktion: \u201eIn einer Welt, wo wir Menschen in so vielen Bereichen funktionieren m\u00fcssen und jede Form von Imperfektion als Schw\u00e4che angesehen wird, ist es heilsam und aufbauend, vermeintliche Schw\u00e4chen den Druck zu nehmen und in eine gewisse Leichtigkeit zu transformieren. Das gegenseitige Auseinandersetzen mit der Schw\u00e4che des Gegen\u00fcbers und die kreative Transformation hin zu einer St\u00e4rke ist ein sehr privater und sch\u00f6ner Prozess, der starke Ber\u00fchrungspunkte schafft.\u201c Die Veranstaltung in Annweiler endet um 19.30 Uhr. Auch f\u00fcr diese Veranstaltung wird um vorherige Anmeldung auf der Homepage des Visionsprozesses SEGENSORTE gebeten.<\/p>\n\n\n\n<p>Weitere zentrale SEGENSORT-Veranstaltungen finden am 15. Mai in St. Ingbert, am 17. Mai in Speyer und am 22. August in Ludwigshafen statt.<\/p>\n\n\n\n<p><strong>Anmeldung zu den zentralen SEGENSORT-Veranstaltungen:<\/strong><\/p>\n\n\n\n<figure class=\"wp-block-embed-wordpress wp-block-embed is-type-wp-embed is-provider-segensorte\"><div class=\"wp-block-embed__wrapper\">\n<blockquote class=\"wp-embedded-content\" data-secret=\"tkJtWcNgQJ\"><a href=\"https:\/\/segensorte.de\/neuigkeiten\/\">Neuigkeiten<\/a><\/blockquote><iframe title=\"&#8222;Neuigkeiten&#8220; &#8212; Segensorte\" class=\"wp-embedded-content\" sandbox=\"allow-scripts\" security=\"restricted\" style=\"position: absolute; clip: rect(1px, 1px, 1px, 1px);\" src=\"https:\/\/segensorte.de\/neuigkeiten\/embed\/#?secret=tkJtWcNgQJ\" data-secret=\"tkJtWcNgQJ\" width=\"500\" height=\"282\" frameborder=\"0\" marginwidth=\"0\" marginheight=\"0\" scrolling=\"no\"><\/iframe>\n<\/div><\/figure>\n\n\n\n<p><strong>Weitere Informationen zum Visionsprozess SEGENSORTE:<\/strong><\/p>\n\n\n\n<figure class=\"wp-block-embed-wordpress wp-block-embed is-type-wp-embed is-provider-segensorte\"><div class=\"wp-block-embed__wrapper\">\n<blockquote class=\"wp-embedded-content\" data-secret=\"Yf0bPBNm4a\"><a href=\"https:\/\/segensorte.de\/bistum-speyer\/\">Bistum Speyer<\/a><\/blockquote><iframe title=\"&#8222;Bistum Speyer&#8220; &#8212; Segensorte\" class=\"wp-embedded-content\" sandbox=\"allow-scripts\" security=\"restricted\" style=\"position: absolute; clip: rect(1px, 1px, 1px, 1px);\" src=\"https:\/\/segensorte.de\/bistum-speyer\/embed\/#?secret=Yf0bPBNm4a\" data-secret=\"Yf0bPBNm4a\" width=\"500\" height=\"282\" frameborder=\"0\" marginwidth=\"0\" marginheight=\"0\" scrolling=\"no\"><\/iframe>\n<\/div><\/figure>\n\n\n\n<p><em>Bistum Speyer<br>02.03.2020<\/em><\/p>\n\n\n\n<h2 class=\"wp-block-heading\"><strong>\u201eAntworten der Kirche auf globale Herausforderungen finden\u201c<\/strong><\/h2>\n\n\n\n<h3 class=\"wp-block-heading\"><strong>\u00d6kumenische Lernreise zu Nachhaltigkeit und \u00d6kologie f\u00fchrt zu Forschungsinstituten in Potsdam<\/strong><\/h3>\n\n\n\n<div class=\"wp-block-image\"><figure class=\"aligncenter\"><img decoding=\"async\" loading=\"lazy\" width=\"800\" height=\"575\" src=\"https:\/\/speyer24news.com\/wp-content\/uploads\/2020\/03\/Vorbereitungsgruppe.jpg\" alt=\"\" class=\"wp-image-25550\" srcset=\"https:\/\/speyer24news.com\/wp-content\/uploads\/2020\/03\/Vorbereitungsgruppe.jpg 800w, https:\/\/speyer24news.com\/wp-content\/uploads\/2020\/03\/Vorbereitungsgruppe-300x216.jpg 300w, https:\/\/speyer24news.com\/wp-content\/uploads\/2020\/03\/Vorbereitungsgruppe-768x552.jpg 768w\" sizes=\"(max-width: 800px) 100vw, 800px\" \/><figcaption>Christoph Fuhrbach, Detlev Besier, Sibylle Wiesemann und Klaus Heidel von der Vorbereitungsgruppe der \u00f6kumenischen Lernreise nach Potsdam. (<em>Foto: Bistum Speyer<\/em>)<\/figcaption><\/figure><\/div>\n\n\n\n<p><strong>Speyer<em> (is\/lk)<\/em> &#8211; <\/strong>Anfang M\u00e4rz startet eine Gruppe von Kirchenvertretern zu einer \u00f6kumenischen Lernreise nach Potsdam. Im Mittelpunkt stehen Fragen der Nachhaltigkeit, der Sch\u00f6pfungsverantwortung und der \u00f6kologische Spiritualit\u00e4t. \u00dcber Ziele und Programmschwerpunkte haben wir mit Mitgliedern der Vorbereitungsgruppe gesprochen: Sibylle Wiesemann (Evangelische Kirche der Pfalz), Klaus Heidel, Detlev Besier (Evangelische Kirche der Pfalz) und Christoph Fuhrbach (Bistum Speyer).<\/p>\n\n\n\n<p><strong><em>Frau Wiesemann, was erwarten Sie sich von der \u00f6kumenischen Lernreise nach Potsdam?<\/em><\/strong><\/p>\n\n\n\n<p><em>Sibylle Wiesemann: Die Reise gibt uns die M\u00f6glichkeit, uns intensiv den globalen immensen Herausforderungen zu widmen, um gemeinsam mit Kreativit\u00e4t kirchliche Antworten zu finden. Als konkretes Ergebnis erhoffe ich mir Absprachen f\u00fcr die Struktur und Inhalte der Umweltarbeit. Es ist eine Chance, dass die Teilnehmenden aus unterschiedlichen Bereichen und Ebenen kommen, da so die Ergebnisse die Kirchen in ihrer Breite durchdringen k\u00f6nnen. Es steht an, dass bei allen kirchlichen Aufgaben, ob im praktischen Alltagshandeln, bei Verk\u00fcndigung oder Bildung, der Schutz der Lebensgrundlagen von Grund auf ber\u00fccksichtigt wird. Die \u00f6kologische Betrachtung kann so vom Rand in die Mitte r\u00fccken.<\/em><\/p>\n\n\n\n<p><em>Die Reise kann jedoch nur ein weiterer, wenn auch gro\u00dfer Schritt sein. Es bleibt eine gro\u00dfe und spannende Aufgabe, den Prozess im Anschluss weiterzuf\u00fchren. Die Reise wird uns daf\u00fcr sicherlich inspirieren.<\/em><\/p>\n\n\n\n<p><strong><em>Herr Heidel, wo sehen Sie den Beitrag, den die Kirchen zum Thema Nachhaltigkeit und \u00d6kologie leisten k\u00f6nnen?<\/em><\/strong><\/p>\n\n\n\n<p><em>Klaus Heidel: Es gibt gute Gr\u00fcnde f\u00fcr die Annahme, dass die globalen Krisen im Anthropoz\u00e4n \u2013 vom Klimawandel \u00fcber das Artensterben bis hin zur sch\u00e4rfer werdenden globalen Ungerechtigkeit \u2013 auch, wenngleich nicht nur \u2013 Ausdruck einer spirituellen Krise sind, in die viele Menschen in den reichen L\u00e4ndern \u2013 aber nicht nur dort \u2013 gest\u00fcrzt sind. Angesichts neoliberaler Verirrungen, ma\u00dfloser Gier und hemmungslosem Machtstreben m\u00fcssen wir wieder neu fragen, wer der Mensch und wie sein Verh\u00e4ltnis zu Gott, zu seinen Mitmenschen und zu seinen Mitgesch\u00f6pfen ist. Wo sind seine Grenzen? Was macht wahres Leben aus? Auf solche Fragen m\u00fcssen wir auch in unserem Land gemeinsam lebensdienliche Antworten finden. Kirchen k\u00f6nnen hier die reiche Tradition des christlichen Glaubens einbringen.<\/em><\/p>\n\n\n\n<p><strong><em>Herr Besier, was hat dazu gef\u00fchrt, dass die Reise als \u00f6kumenische Reise angelegt ist?<\/em><\/strong><\/p>\n\n\n\n<p><em>Detlev Besier: Wenn ich die Pfalz mit ihrer Kirchenlandschaft sehe, kann ich sie nur \u00f6kumenisch entdecken. Wir haben hier vieles entwickelt, auf den Weg gebracht und dabei nie vergessen, wo wir herkommen und wer wir sind. Was jetzt mit dieser Reise ansteht, kann nur \u00f6kumenisch angepackt werden. Es ist keine Frage der Protestanten oder Katholiken mehr, als Christen mit unserer religi\u00f6sen Herkunft sind wir gefragt. Und nur so k\u00f6nnen wir gemeinsam nach Antworten suchen.<\/em><\/p>\n\n\n\n<p><strong><em>Herr Fuhrbach, wo liegen die Programmschwerpunkte der Reise?<\/em><\/strong><\/p>\n\n\n\n<p><em>Christoph Fuhrbach: Ein Schwerpunkt ist der Besuch bei zwei der weltweit f\u00fchrenden wissenschaftlichen Institute im Themenbereich Klimawandelfolgen und transformative Nachhaltigkeitsforschung. Wir werden spannende Gespr\u00e4chspartner*innen beim &#8222;Potsdam Institut f\u00fcr Klimafolgenforschung&#8220;, beim &#8222;Institut f\u00fcr transformative Nachhaltigkeitsforschung&#8220; sowie vom &#8222;Wissenschaftlichen Beirat der Bundesregierung globaler Umweltver\u00e4nderungen&#8220; treffen. Von diesen Personen werden wir auf den aktuellen Stand der Forschung gebracht werden. Dies umfasst einen \u00dcberblick \u00fcber die gesamte Fragestellung bis hin zu der Behandlung von wesentlichen Teilaspekten wie z.B. der Frage nach einem m\u00f6glicherweise notwendigen Einsatz von Geoengineering bis hin zu den Auswirkungen der Digitalisierung. Dar\u00fcber hinaus werden wir \u00fcberlegen, welche Aufgaben wir als Kirchen angesichts dieser enormen globalen Herausforderungen im neuen Erdzeitalter des Anthropoz\u00e4n haben. Nicht zuletzt wollen wir uns auf die Suche begeben nach tragf\u00e4higen Formen einer transformativen \u00f6kologischen Spiritualit\u00e4t.<\/em><\/p>\n\n\n\n<p><strong>Weitere Informationen zur \u00f6kumenischen Lernreise:<\/strong><\/p>\n\n\n\n<p><a href=\"https:\/\/www.bistum-speyer.de\/news\/nachrichten\/?no_cache=1&amp;tx_ttnews%5Btt_news%5D=12779\">https:\/\/www.bistum-speyer.de\/news\/nachrichten\/?no_cache=1&amp;tx_ttnews%5Btt_news%5D=12779<\/a><\/p>\n\n\n\n<p><em>02.03.2020<\/em><\/p>\n","protected":false},"excerpt":{"rendered":"<div class=\"mh-excerpt\"><p>Erstmals Weihrauch-Tasting im Dom zu Speyer Domkaplan Tobias Heil stellte die kostbare Essenz in ihren verschiedenen Formen und Nutzungen vor Speyer &#8211; Schon im alten \u00c4gypten war der Weihrauch, der aus dem Harz des Weihrauchbaums <a class=\"mh-excerpt-more\" href=\"https:\/\/speyer24news.com\/?p=25549\" title=\"Kirche\">[&#8230;]<\/a><\/p>\n<\/div>","protected":false},"author":3,"featured_media":0,"comment_status":"open","ping_status":"open","sticky":false,"template":"","format":"standard","meta":{"_monsterinsights_skip_tracking":false,"_monsterinsights_sitenote_active":false,"_monsterinsights_sitenote_note":"","_monsterinsights_sitenote_category":0,"footnotes":""},"categories":[120],"tags":[174,275,2360,403,6182,6173,6174,2897,121,6177,4314,6171,6181,532,6060,6176,6178,6172,6179,4065,3100,6175,6170,3964,6180],"aioseo_notices":[],"amp_enabled":true,"_links":{"self":[{"href":"https:\/\/speyer24news.com\/index.php?rest_route=\/wp\/v2\/posts\/25549"}],"collection":[{"href":"https:\/\/speyer24news.com\/index.php?rest_route=\/wp\/v2\/posts"}],"about":[{"href":"https:\/\/speyer24news.com\/index.php?rest_route=\/wp\/v2\/types\/post"}],"author":[{"embeddable":true,"href":"https:\/\/speyer24news.com\/index.php?rest_route=\/wp\/v2\/users\/3"}],"replies":[{"embeddable":true,"href":"https:\/\/speyer24news.com\/index.php?rest_route=%2Fwp%2Fv2%2Fcomments&post=25549"}],"version-history":[{"count":1,"href":"https:\/\/speyer24news.com\/index.php?rest_route=\/wp\/v2\/posts\/25549\/revisions"}],"predecessor-version":[{"id":25565,"href":"https:\/\/speyer24news.com\/index.php?rest_route=\/wp\/v2\/posts\/25549\/revisions\/25565"}],"wp:attachment":[{"href":"https:\/\/speyer24news.com\/index.php?rest_route=%2Fwp%2Fv2%2Fmedia&parent=25549"}],"wp:term":[{"taxonomy":"category","embeddable":true,"href":"https:\/\/speyer24news.com\/index.php?rest_route=%2Fwp%2Fv2%2Fcategories&post=25549"},{"taxonomy":"post_tag","embeddable":true,"href":"https:\/\/speyer24news.com\/index.php?rest_route=%2Fwp%2Fv2%2Ftags&post=25549"}],"curies":[{"name":"wp","href":"https:\/\/api.w.org\/{rel}","templated":true}]}}