{"id":25578,"date":"2020-03-04T09:31:36","date_gmt":"2020-03-04T08:31:36","guid":{"rendered":"https:\/\/speyer24news.com\/?p=25578"},"modified":"2020-03-04T09:37:08","modified_gmt":"2020-03-04T08:37:08","slug":"polizei-203","status":"publish","type":"post","link":"https:\/\/speyer24news.com\/?p=25578","title":{"rendered":"Polizei"},"content":{"rendered":"<style type=\"text\/css\">\r\n\t.ads_top_disp{}\r\n\t.ads_top_corner_disp{ float:left; margin:0px 10px 10px 0px; }\r\n\t.ads_first_p_disp{}\r\n\t.ads_bottom_disp{}\r\n\t<\/style>\n<h2 class=\"wp-block-heading\">Polizeimeldungen vom Montag &amp; Dienstag (02.03. &amp; 03.03.2020)<\/h2>\n\n\n\n<div class=\"wp-block-image\"><figure class=\"aligncenter\"><img decoding=\"async\" src=\"https:\/\/speyer24news.com\/wp-content\/uploads\/2020\/01\/Aktuelles-Polizeilogo.jpg\" alt=\"\" class=\"wp-image-23832\"\/><\/figure><\/div>\n\n\n\n<h4 class=\"wp-block-heading\">(Speyer) &#8211; Erneut vier Verst\u00f6\u00dfe gegen das Pflichtversicherungsgesetz<\/h4>\n\n\n\n<p>Am Montag stellte die Polizei im Stadtgebiet Speyer weiter vier Verkehrsteilnehmer fest, die mit einem Kleinkraftrad mit einem gr\u00fcnen Versicherungskennzeichen aus dem Vorjahr unterwegs waren. Gegen die jeweiligen Fahrer wurden Strafverfahren wegen des Versto\u00dfes gegen das Pflichtversicherungsgesetz eingeleitet. In allen F\u00e4llen wurden die abgelaufenen Versicherungskennzeichen sichergestellt und die Weiterfahrt untersagt. Einer der Fahrer, ein 45-J\u00e4hriger Mann aus Speyer, war zudem nicht im Besitz einer Fahrerlaubnis. Gegen ihn ermittelt die Polizei deshalb zus\u00e4tzlich wegen des Fahrens ohne Fahrerlaubnis. <\/p>\n\n\n\n<p>Die Polizei Speyer erinnert in diesem Zusammenhang nochmals daran, dass zum Stichtag 01.03 eines jeden Jahres ein &#8222;neues&#8220; Versicherungskennzeichen notwendig wird. Seit 01.03.2020 ist die Farbe &#8222;Schwarz&#8220; wieder aktuell. Die gr\u00fcnen Kennzeichen aus dem Vorjahr sind mit Ablauf des Monats Februar nicht mehr g\u00fcltig. Wer jetzt noch mit einem solchen Versicherungskennzeichen unterwegs ist, begeht eine Straftat nach dem Pflichtversicherungsgesetz. <\/p>\n\n\n\n<h4 class=\"wp-block-heading\">(Speyer) &#8211; Einbruch in Vereinsheim in der Raiffeisenstra\u00dfe<\/h4>\n\n\n\n<p>Unbekannte T\u00e4ter hebelten am Montagmorgen gegen 02:00 Uhr am Vereinsheim des AV Speyer 03 in der Raiffeisenstra\u00dfe eine T\u00fcr auf und gelangten so in die R\u00e4umlichkeiten, in welchen zudem ein Pizzaservice untergebracht ist. Dort entwendeten sie Bargeld in 4-stelliger H\u00f6he. Die Polizei geht aufgrund von Aufnahmen einer \u00dcberwachungskamera derzeit von mindestens zwei T\u00e4tern aus. Bereits vor vier Wochen kam es zu einem Einbruch in das Vereinsheim, bei welchem ebenfalls Bargeld entwendet wurde. Ob die Taten im Zusammenhang stehen, ist Gegenstand der derzeitigen polizeilichen Ermittlungen. <\/p>\n\n\n\n<p>Die Polizei sucht Zeugen, denen in der Nacht von Samstag auf Sonntag verd\u00e4chtige Personen \/ Fahrzeuge in der Raiffeisenstra\u00dfe aufgefallen sind. Hinweise werden unter der Tel.-Nr. 06232-1370 oder per Mail an <a href=\"mailto:pispeyer@polizei.rlp.de\">pispeyer@polizei.rlp.de<\/a> entgegengenommen. <\/p>\n\n\n\n<h4 class=\"wp-block-heading\">(Speyer) &#8211; Zwei Verst\u00f6\u00dfe gegen das Pflichtversicherungsgesetz<\/h4>\n\n\n\n<p>Zwei Strafverfahren wegen Verst\u00f6\u00dfen gegen das Pflichtversicherungsgesetz leitete die Polizei Speyer am Sonntag gegen einen Kraftrad- und einen E-Scooter-Fahrer ein, die in der Remlingstra\u00dfe und der Wormser Landstra\u00dfe mit abgelaufenen Versicherungskennzeichen unterwegs waren. In beiden F\u00e4llen wurden die Versicherungskennzeichen sichergestellt und die Weiterfahrt untersagt. Bei dem 30j\u00e4hrigen Mann, der mit dem E-Scooter unterwegs war, konnten zudem drogentypische Auffallerscheinungen festgestellt werden. Er musste deshalb eine Blutprobe abgeben. Ein Ordnungswidrigkeitenverfahren gem. \u00a7 24a StVG gegen ihn wurde eingeleitet. <\/p>\n\n\n\n<p>Die Polizei Speyer erinnert in diesem Zusammenhang nochmals daran, dass zum Stichtag 01.03 eines jeden Jahres ein &#8222;neues&#8220; Versicherungskennzeichen notwendig wird. Seit 01.03.2020 ist die Farbe &#8222;Schwarz&#8220; wieder aktuell. Die gr\u00fcnen Kennzeichen aus dem Vorjahr sind mit Ablauf des Monats Februar nicht mehr g\u00fcltig. Wer jetzt noch mit einem solchen Kennzeichen unterwegs ist, begeht eine Straftat nach dem Pflichtversicherungsgesetz. <\/p>\n\n\n\n<h4 class=\"wp-block-heading\">(Speyer) &#8211; 31-J\u00e4hriger besch\u00e4digt Bistrot\u00fcr und wirft mit Fahrrad<\/h4>\n\n\n\n<p>Am Sonntag gegen 21:45 Uhr kam es im Wei\u00dfdornweg an einem Bistro zu Streitigkeiten zwischen einem alkoholisierten 31j\u00e4hrigen Mann aus Speyer und dem Bistrobetreiber. Dabei trat der aufgebrachte Beschuldigte gegen Getr\u00e4nkekisten und besch\u00e4digte dadurch die Glasscheibe der Eingangst\u00fcr zum Bistro. Nach Verlassen des Bistros warf der zornige Mann zudem ein Fahrrad in Richtung anderer G\u00e4ste, ohne dass hierbei jedoch jemand getroffen \/ verletzt wurde. Durch die verst\u00e4ndigte Polizei konnte der 31-J\u00e4hrige letztlich wieder beruhigt und nach Erhebung der Personalien an seine Wohnanschrift verbracht werden. Gegen ihn ermittelt die Polizei nun wegen Sachbesch\u00e4digung und versuchter K\u00f6rperverletzung. <\/p>\n\n\n\n<h4 class=\"wp-block-heading\">(Speyer) &#8211; Fahrsch\u00fcler bei Fahr\u00fcbung ertappt<\/h4>\n\n\n\n<p>Ein Opel Meriva fiel einer Streife am Sonntagnachmittag an der Ampelanlage Gilgenstra\u00dfe\/Landauer Stra\u00dfe auf, weil das Fahrzeug beim Anfahren nach der Rotlichtphase gleich dreimal &#8222;abw\u00fcrgte&#8220; wurde. Im weiteren Verlauf fiel das Fahrzeug durch eine unsichere Fahrweise auf. Im Rahmen der in der Bismarckstra\u00dfe durchgef\u00fchrten Fahrzeugkontrolle r\u00e4umte der 56j\u00e4hrige Fahrer aus Waldsee ein, nicht im Besitz eines F\u00fchrerscheins zu sein. Um diesen zu erwerben, gehe er derzeit in die Fahrschule und wollte heute etwas &#8222;\u00fcben&#8220;. Dem 56-J\u00e4hrigen wurde die Weiterfahrt untersagt. Gegen ihn wird nun wegen Fahrens ohne Fahrerlaubnis ermittelt. Da sein Beifahrer einen g\u00fcltigen F\u00fchrerschein besa\u00df, konnte dieser die Weiterfahrt \u00fcbernehmen. <\/p>\n\n\n\n<h4 class=\"wp-block-heading\">(Speyer) &#8211; T\u00f6tungsdelikt in Speyer<\/h4>\n\n\n\n<h4 class=\"wp-block-heading\">Gemeinsame Pressemitteilung von Staatsanwaltschaft Frankenthal und Polizeipr\u00e4sidium Rheinpfalz <\/h4>\n\n\n\n<h4 class=\"wp-block-heading\" style=\"text-align:center\">2. Nachtragsmeldung <\/h4>\n\n\n\n<p>Auf Anordnung der Staatsanwaltschaft Frankenthal wurde der Verstorbene am 29.02.2020 im Institut f\u00fcr Rechtsmedizin in Mainz obduziert. Die Obduktion ergab eine stumpfe Gewalteinwirkung als Todesursache. <\/p>\n\n\n\n<h4 class=\"wp-block-heading\">(Speyer) &#8211; Trickdiebstahl am Kontoauszugsautomat<\/h4>\n\n\n\n<p>Eine 58-J\u00e4hrige wurde am Samstagvormittag in einer Bankfiliale am Postplatz am Kontoauszugsdrucker durch einen unbekannten T\u00e4ter angesprochen und in ein Gespr\u00e4ch verwickelt. Nach Beendigung des Gespr\u00e4ches wand sich die Gesch\u00e4digte wieder dem Automaten zu und stellte fest, dass ihre EC-Karte, die sie zuvor eingef\u00fchrt hatte, nicht mehr vorzufinden war. Sie ging zun\u00e4chst davon aus, dass der Automat die Karte eingezogen hat, was jedoch nach R\u00fccksprache mit dem Bankinstitut nicht der Fall war, sodass anzunehmen ist, dass diese unbemerkt durch den T\u00e4ter entwendet wurde. Ob zwischenzeitlich versucht wurde, Geld mit der Karte abzuheben, ist derzeit unbekannt. <\/p>\n\n\n\n<p>Der Tatverd\u00e4chtige wird beschrieben als:<\/p>\n\n\n\n<ul><li>m\u00e4nnlich, <\/li><li>ca. 175 -180 cm und <\/li><li>schlank. <\/li><li>Er solle nur schlecht Deutsch gesprochen haben. <\/li><\/ul>\n\n\n\n<p><strong><em>Die Polizei warnt ausdr\u00fccklich vor dieser Masche und r\u00e4t: <\/em><\/strong><\/p>\n\n\n\n<ul><li>Achten Sie grunds\u00e4tzlich vor der Benutzung auf technische  Manipulationen des Bankautomaten <\/li><li>Schirmen Sie bei der Eingabe ihrer Geheimzahl die Tastatur ab und stellen Sie sicher, dass Sie niemand bei der Eingabe beobachtet <\/li><li>Lassen Sie sich am Bankautomaten nicht in Gespr\u00e4che verwickeln  oder in einer anderen Art und Weise st\u00f6ren <\/li><li>Behalten Sie ihre EC-Karte stets im Blick, beenden Sie zun\u00e4chst  ihr Bankgesch\u00e4ft, bevor Sie sich anderen Dingen zuwenden <\/li><li>Lassen Sie ihre Karte nach Verlust oder Diebstahl umgehend  sperren <\/li><li>Sollten Sie verd\u00e4chtige Feststellungen wahrnehmen, kontaktieren  Sie schnellstm\u00f6glich ihre \u00f6rtliche Polizeidienststelle <\/li><\/ul>\n\n\n\n<p>Zeugenhinweise nimmt die Polizei unter der Tel.-Nr. 06232-1370 oder per Mail an <a href=\"mailto:pispeyer@polizei.rlp.de\">pispeyer@polizei.rlp.de<\/a> entgegen. <\/p>\n\n\n\n<h4 class=\"wp-block-heading\">(Limburgerhof) &#8211; Verdacht des Wohnungseinbruchs<\/h4>\n\n\n\n<p>Bereits am Sonntag, 01.03.2020, kam es im Mundenheimer Weg zu einem Vorfall, zu welchem die Polizei nunmehr die Ermittlungen wegen dem Verdacht des Wohnungseinbruchs aufgenommen hat. Zwischen 19:45 Uhr und 20:15 Uhr war am besagten Tag niemand in einem Wohnhaus, die Haust\u00fcr war ge-, jedoch nicht verschlossen. Als das Haus von einer Bewohnerin gegen 20:15 Uhr betreten worden war, nahm diese aus dem oberen Stockwerk wahr, wie die Haust\u00fcr im Erdgescho\u00df geschlossen wurde. Von der Zeugin konnte zudem eine Person beim Verlassen des Eingangsbereiches wahrgenommen werden. <\/p>\n\n\n\n<p>Der Vorfall wurde erst am Abend des 02.03.2020 der Polizei bekannt. Ermittelt wird nun, wie die unbekannte Person in das Haus kommen konnte. Nach derzeitigem Stand wurde nichts entwendet. Zeugen werden gebeten sich mit der Polizeiinspektion Schifferstadt unter der 06235 4950 oder per Email unter <a href=\"mailto:pischifferstadt@polizei.rlp.de\">pischifferstadt@polizei.rlp.de<\/a> in Verbindung zu setzen. <\/p>\n\n\n\n<p>Anlassbezogen r\u00e4t die Polizei die Haust\u00fcr abzuschlie\u00dfen, auch wenn nur f\u00fcr kurze Zeit die Wohnung oder das Haus verlassen wird, sowie bei verd\u00e4chtigen Wahrnehmungen umgehend die Polizei zu verst\u00e4ndigen. Im konkreten Fall findet neben der Ermittlungsarbeit auch eine Beratung zu sicherungstechnischen M\u00f6glichkeiten statt. Diese ist kostenlos und wird von speziell geschulten Polizeibeamten durchgef\u00fchrt. Bei Interesse kann zwecks Terminvereinbarung von Jedermann Kontakt zur Polizei aufgenommen werden. <\/p>\n\n\n\n<h4 class=\"wp-block-heading\">(Mutterstadt) &#8211; Verkehrskontrolle<\/h4>\n\n\n\n<p>Am Montag, 02.03.2020, von 09:05 bis 10:10 Uhr, f\u00fchrten Beamte der Polizeiinspektion Schifferstadt im Pfalzring eine Geschwindigkeitskontrolle durch. Bei erlaubten 30 km\/h wurden insgesamt 15 Verst\u00f6\u00dfe festgestellt, wobei der h\u00f6chste gemessene Wert bei 54 km\/h lag. Nicht nur die Geschwindigkeit stand im Fokus. Auch ein Versto\u00df gegen die Gurtpflicht wurde geahndet. <\/p>\n\n\n\n<h4 class=\"wp-block-heading\">(Bellheim) &#8211; Festnahme im Spiegelbachpark<\/h4>\n\n\n\n<p>Am Sonntagmorgen konnte eine mit Haftbefehl gesucht Person im Spiegelbachpark in Bellheim festgenommen werden. Eine Spazierg\u00e4ngerin meldete eine auff\u00e4llige, dunkel gekleidete Person im Bereich des Spielplatzes im Spiegelbachpark. Umgehend fuhr eine Streife die \u00d6rtlichkeit an. Bei der Personen\u00fcberpr\u00fcfung konnte festgestellt werden, dass ein Haftbefehl gegen den 33-j\u00e4hrigen Mann besteht. Dieser wurde festgenommen und in eine Justizvollzuganstalt verbracht. <\/p>\n\n\n\n<h4 class=\"wp-block-heading\">(Rohrbach) &#8211; Fahren ohne Fahrerlaubnis, Kennzeichenmissbrauch und Fahren unter Drogeneinfluss<\/h4>\n\n\n\n<p>Am Sonntagabend wurde in Rohrbach ein 26-j\u00e4hriger Rollerfahrer einer Verkehrskontrolle unterzogen. Die Kontrolle ergab, dass er nicht im Besitz einer g\u00fcltigen Fahrerlaubnis und der Roller nicht versichert war. Bei dem 26-j\u00e4hrigen wurden k\u00f6rperliche Merkmale von Drogenbeeinflussung festgestellt. Es erfolgte eine Blutentnahme, Sicherstellung der Rollerschl\u00fcssel und eine Anzeige wegen der festgestellten Vergehen. <\/p>\n\n\n\n<h4 class=\"wp-block-heading\">(Zeiskam) &#8211; Guter Geruchssinn f\u00fchrt zu Cannabisfund<\/h4>\n\n\n\n<p>Einen guten Geruchssinn bewies ein Polizeibeamter der Polizeiinspektion Germersheim am Montagmorgen gegen 10.45 Uhr in Zeiskam. Bei der \u00dcberpr\u00fcfung einer Wohnadresse konnte ein s\u00fc\u00dflicher Geruch vor der Eingangst\u00fcr wahrgenommen werden. Der Beamte konnte den Geruch letztlich einer Dose zuordnen, in welcher sich eine geringe Menge Cannabis befand. Der Drogenfund f\u00fchrte letztlich zum Einleiten eines Strafverfahrens wegen Versto\u00df gegen das Bet\u00e4ubungsmittelgesetz gegen den 47 &#8211; j\u00e4hrigen Wohnungsinhaber. <\/p>\n\n\n\n<h4 class=\"wp-block-heading\">(Hochstadt) &#8211; Fahren unter Alkoholeinwirkung<\/h4>\n\n\n\n<p>Nach einem Streitgespr\u00e4ch zwischen zwei Pkw-Fahrern in der Ortschaft Siebeldingen fuhr ein 39-j\u00e4hriger Pkw-Fahrer kurz vor Mitternacht am Samstagabend mit angekoppeltem Pferdeanh\u00e4nger in westlicher Richtung davon. Der Hinweisgeber hatte bei dem 39-j\u00e4hrigen Pkw-Fahrer deutlichen Alkoholgeruch wahrgenommen. Eine Polizeistreife konnte den Pkw mit Pferdeanh\u00e4nger schlie\u00dflich in Hochstadt einer Kontrolle unterziehen. Ein Atemalkoholtest ergab eine Atemalkoholkonzentration von 1,15 Promille. Die Folge war eine Blutentnahme, Sicherstellung der Fahrzeugschl\u00fcssel und des F\u00fchrerscheins und ein Ermittlungsverfahren wegen Trunkenheit im Stra\u00dfenverkehr.<\/p>\n\n\n\n<h4 class=\"wp-block-heading\">(Landau) &#8211; Ladendiebstahl gekl\u00e4rt und Tatverd\u00e4chtiger festgenommen<\/h4>\n\n\n\n<p>Ein bereits am 30.1.2020 begangener Diebstahl von 4 Kleidungsst\u00fccken im Wert von 650.&#8211;EUR in einem Kaufhaus in Landau konnte gestern um 17.00 Uhr gekl\u00e4rt werden. Ein Ladendetektiv des Kaufhauses erkannte den T\u00e4ter des Ladendiebstahls beim Betreten des gleichen Kaufhauses. Ermittlungen best\u00e4tigten dies. Eine richterlich angeordnete Wohnungsdurchsuchung in Zimmer des 23-j\u00e4higen T\u00e4ters in einer Stadt in S\u00fcdhessen wurde durchgef\u00fchrt. Hier fanden Beamten der zust\u00e4ndigen Polizei Diebesgut aus der Tat vom 30.1.2020. <\/p>\n\n\n\n<h4 class=\"wp-block-heading\">(Edenkoben) &#8211; 15 Gurts\u00fcnder<\/h4>\n\n\n\n<p>Innerhalb einer Stunden wurden am heutigen Morgen (02.03.2020) in der Staatstra\u00dfe 15 Autofahrer angehalten, weil sie den vorgeschriebenen Sicherheitsgurt nicht getragen hatten. Wer den Gurt nicht ordnungsgem\u00e4\u00df anlegt, muss mit einer Verwarnung in H\u00f6he von 30.- Euro rechnen. Lt. Unfallforschung k\u00f6nnten j\u00e4hrlich rund 200 Verkehrstote und 1.500 Schwerverletzte vermieden werden, wenn sich alle Autoinsassen korrekt anschnallen w\u00fcrden. Untersuchungen zeigen, dass bereits bei einem Aufprall mit einer Geschwindigkeit von 20 km\/h die Arme eines 75 Kilogramm schweren Menschen ein Gewicht von 1.800 Kilogramm abst\u00fctzen m\u00fcssen. F\u00fcr einen Autofahrer wird es besonders teuer. Weil er w\u00e4hrend der Fahrt telefonierte, erhielt er ein Bu\u00dfgeld in H\u00f6he von 100.- Euro. Daneben bekommt er einen Punkt in der Flensburger Verkehrss\u00fcnderkartei. <\/p>\n\n\n\n<h4 class=\"wp-block-heading\">(Kirrweiler) &#8211; L\u00fcgen haben kurze Beine<\/h4>\n\n\n\n<p>Ein 26-j\u00e4hriger Autofahrer aus Kirrweiler wurde in einer Verkehrskontrolle aufgefordert, seine Fahrerlaubnis vorzuzeigen.  Weil er diese angeblich verloren hatte, sollte er bei seiner zust\u00e4ndigen F\u00fchrerscheinstelle eine neue Fahrerlaubnis beantragen.  Da er der vorgegebenen Vorzeigefrist nicht nachkam, konnte im Nachhinein bei der zust\u00e4ndigen Beh\u00f6rde in Baden-W\u00fcrttemberg ermittelt werden, dass der Mann keine g\u00fcltige Fahrerlaubnis besitzt. Nun muss er sich wegen einer Strafanzeige wegen Fahren ohne Fahrerlaubnis verantworten. Die 35-j\u00e4hrige Fahrzeughalterin, die die Inbetriebnahme ihres Fahrzeugs durch den 26-J\u00e4hrigen zulie\u00df, hat sich ebenso strafbar gemacht.<\/p>\n\n\n\n<h4 class=\"wp-block-heading\">(Neustadt) &#8211; Stra\u00dfenverkehrsgef\u00e4hrdung unter Alkoholeinfluss \/ Zeugenaufruf<\/h4>\n\n\n\n<p>Am Montag, den 02.03.20, wurde hiesiger Dienststelle, gegen 21:00 Uhr, ein PKW gemeldet, welcher wiederholt auf die Gegenfahrbahn geraten w\u00e4re. Durch dieses Fahrverhalten mussten mehrere Fahrzeuge ausweichen, um einen Zusammensto\u00df zu vermeiden. Dank des aufmerksamen Zeugen, welcher kontinuierlich den Standort des Fahrzeugs meldete, konnte dieses in der Martin-Luther-Stra\u00dfe einer Verkehrskontrolle unterzogen werden. Im Rahmen der Kontrolle konnte bei dem 56-J\u00e4hrigen Fahrzeugf\u00fchrer Alkoholgeruch wahrgenommen werden. Ein freiwillig durchgef\u00fchrter Atemalkoholtest ergab einen Wert von 2,49 Promille. Auf der Dienststelle wurde dem 56-J\u00e4hrigem eine Blutprobe entnommen. Da dieser wiederholt \u00e4u\u00dferte sich das Leben nehmen zu wollen, wurde dieser in einer psychiatrischen Klinik untergebracht. <\/p>\n\n\n\n<p>Verkehrsteilnehmer die durch das Fahrverhalten des 56-J\u00e4hrigen gef\u00e4hrdet wurden werden gebeten sich bei der Polizei Neustadt zu melden. <\/p>\n\n\n\n<h4 class=\"wp-block-heading\">(Lambrecht) &#8211; Bei Einsatz wegen Ruhest\u00f6rung Drogen aufgefunden<\/h4>\n\n\n\n<p>Am 02.03.2020 wurde eine Streife der Polizeiinspektion Neustadt zu einer Ruhest\u00f6rung in Lambrecht (Pfalz) gerufen. Bei lauter Musik und offensichtlich einem Joint machten es sich vier junge Erwachsene in der Wohnung in einem Mehrfamilienhaus gem\u00fctlich und bel\u00e4stigten hierbei die anderen Anwohner durch die laute Musik. Da der eingesetzten Polizeistreife der starke Marihuanageruch auffiel wurden die anwesenden Personen darauf angesprochen. Ein 18-j\u00e4hriger Mann aus Frankeneck gestand hierauf den Konsum von Marihuana und h\u00e4ndigte 0,7gr. des verbotenen Bet\u00e4ubungsmittels aus. Den Mann, welcher bereits mehrfach wegen Drogendelikten aufgefallen ist, erwartet nun ein erneutes Strafverfahren wegen dem Versto\u00df gegen das Bet\u00e4ubungsmittelgesetz. Die kleine Feier war f\u00fcr alle Beteiligten hiermit beendet und die Nachbarschaft konnte ihre verdiente Nachtruhe wieder genie\u00dfen. <\/p>\n\n\n\n<h4 class=\"wp-block-heading\">(Lambrecht) &#8211; Fremdes MAXX-Ticket im Geldbeutel<\/h4>\n\n\n\n<p>Am 01.03.2020 gegen 17:00 Uhr sollte ein 25-j\u00e4hriger Mann in Lambrecht in der Fabrikstra\u00dfe kontrolliert werden. Er rannte jedoch weg und versteckte sich in einem Mehrfamilienhaus. Im Bereich des Dachgeschosses konnte er schlie\u00dflich gefunden und kontrolliert werden. Letztlich hatte er &#8222;nur&#8220; ein fremdes MAXX-Ticket im Geldbeutel, das der rechtm\u00e4\u00dfige Besitzer vor geraumer Zeit bei einer Zugfahrt verloren hatte. Der 25-J\u00e4hrige muss sich nun wegen Fundunterschlagung bei der Staatsanwaltschaft verantworten.<\/p>\n\n\n\n<h4 class=\"wp-block-heading\">(Weidenthal) &#8211; Falsche Polizeibeamte als Betr\u00fcger erkannt.<\/h4>\n\n\n\n<p>Am Dienstag, den 13.03.2020, wurden der Polizei Neustadt zwischen 21:50 Uhr und 23:00 Uhr mehrere Anrufe eines falschen Polizeibeamten in Weidenthal gemeldet. Der Anrufer gab sich als Polizeibeamter der Polizeidirektion Kaiserslautern aus. Man h\u00e4tte Einbrecher festgenommen bei denen ein Zettel sichergestellt wurde, auf dem die Namen der Angerufenen stehen w\u00fcrden. In Kenntnis der Betrugsmasche reagierten die Angerufenen in der einzig richtigen Art und Weise, indem sie das Gespr\u00e4ch unmittelbar beendeten und ihre zust\u00e4ndige Polizeiinspektion \u00fcber den Vorfall informierten. Zu einer weiteren Kontaktaufnahme durch den falschen Polizeibeamten kam es nicht. <\/p>\n\n\n\n<p><strong><em>Nachfolgend die wichtigsten Tipps und Hinweise, wie sie sich sch\u00fctzen k\u00f6nnen:<\/em><\/strong><\/p>\n\n\n\n<ul><li>Die Polizei ruft niemals unter der Polizeinotruf-Nummer 110 an.<\/li><li>Lassen sie sich niemals unter Druck setzen. Legen Sie einfach den H\u00f6rer auf!<\/li><li>Sprechen Sie am Telefon nie \u00fcber Ihre pers\u00f6nlichen und finanziellen Verh\u00e4ltnisse.<\/li><li>Wenn Sie sich unsicher f\u00fchlen, bitten sie Familienangeh\u00f6rige, Nachbarn oder Freunde um Hilfe &#8211; Geben Sie niemals Geld oder Wertsachen an Unbekannte!<\/li><li>Kl\u00e4ren Sie lebens\u00e4ltere Familienangeh\u00f6rige, Nachbarn und Bekannte auf.<\/li><li>Sollten sie einen solchen Anruf erhalten, informieren Sie die Polizei und erstatten Sie Anzeige. <\/li><\/ul>\n\n\n\n<h4 class=\"wp-block-heading\">(Ha\u00dfloch) &#8211; Verkehrsunfallflucht in der Lindenstra\u00dfe<\/h4>\n\n\n\n<p>Am 02.03.20 um ca. 19:25 Uhr befuhr ein silberner SUV die Lindenstra\u00dfe in Richtung Ortsausgang. Auf H\u00f6he der Hausnummer 60 prallte das Fahrzeug gegen eine Warnbake, riss diese aus dem Beton und fuhr weiter. Fahrer\/in des SUV soll eine Frau mittleren Alters gewesen sein. <\/p>\n\n\n\n<p>Die Polizeiinspektion Ha\u00dfloch erbittet Hinweise von evtl. Zeugen des Vorfalls unter Tel. 06324-9330 oder per E-Mail an <a href=\"mailto:pihassloch@polizei.rlp.de\">pihassloch@polizei.rlp.de<\/a>. <\/p>\n\n\n\n<h4 class=\"wp-block-heading\">(Ha\u00dfloch) &#8211; Unfallflucht in der Gottlieb-Duttenh\u00f6fer-Stra\u00dfe <\/h4>\n\n\n\n<p>Am Mittwoch, den 26.02.20 zwischen 14:15 und 15:30 Uhr wurde in der Gottlieb-Duttenh\u00f6fer-Stra\u00dfe in Ha\u00dfloch ein geparkter Mercedes besch\u00e4digt. Der PKW war auf H\u00f6he der Hausnummer 7 in L\u00e4ngsaufstellung am Fahrbahnrand geparkt und wurde augenscheinlich durch ein vorbeifahrendes Fahrzeug  gestreift. Das Schadensbild l\u00e4sst auf einen LKW mit zumindest teilweise roter Farbe schlie\u00dfen. Der Sachschaden bel\u00e4uft sich auf ca. 5000 Euro. <\/p>\n\n\n\n<p>Die Polizeiinspektion Ha\u00dfloch erbittet Hinweise von evtl. Zeugen des Vorfalls unter Tel. 06324-9330 oder per E-Mail an <a href=\"mailto:pihassloch@polizei.rlp.de\">pihassloch@polizei.rlp.de<\/a>.<\/p>\n\n\n\n<h4 class=\"wp-block-heading\">(Wachenheim an der Weinstra\u00dfe) &#8211; Verkehrsunfall mit zwei Schwerverletzen auf der B 271<\/h4>\n\n\n\n<div class=\"wp-block-image\"><figure class=\"aligncenter\"><img decoding=\"async\" loading=\"lazy\" width=\"800\" height=\"600\" src=\"https:\/\/speyer24news.com\/wp-content\/uploads\/2020\/03\/03.03.20-D\u00dcW-VU.jpg\" alt=\"\" class=\"wp-image-25579\" srcset=\"https:\/\/speyer24news.com\/wp-content\/uploads\/2020\/03\/03.03.20-D\u00dcW-VU.jpg 800w, https:\/\/speyer24news.com\/wp-content\/uploads\/2020\/03\/03.03.20-D\u00dcW-VU-300x225.jpg 300w, https:\/\/speyer24news.com\/wp-content\/uploads\/2020\/03\/03.03.20-D\u00dcW-VU-768x576.jpg 768w, https:\/\/speyer24news.com\/wp-content\/uploads\/2020\/03\/03.03.20-D\u00dcW-VU-678x509.jpg 678w, https:\/\/speyer24news.com\/wp-content\/uploads\/2020\/03\/03.03.20-D\u00dcW-VU-326x245.jpg 326w, https:\/\/speyer24news.com\/wp-content\/uploads\/2020\/03\/03.03.20-D\u00dcW-VU-80x60.jpg 80w\" sizes=\"(max-width: 800px) 100vw, 800px\" \/><\/figure><\/div>\n\n\n\n<p>Am Dienstag, 03.03.2020, gegen 14:05 Uhr, befuhr ein 50-J\u00e4hriger Mann aus Bad D\u00fcrkheim mit seinem VW-Touran die B 271 aus Richtung Neustadt\/W. kommend in Richtung Bad D\u00fcrkheim. Kurz vor der Anschlussstelle Wachenheim wollte er ein vor ihm fahrendes Fahrzeug \u00fcberholen. Er hatte augenscheinlich den entgegenkommenden Peugeot 206 einer 37-J\u00e4hrigen Frau aus Landau \u00fcbersehen, sodass es kurz nach dem Ausscheren auf der Gegenfahrspur zum Frontalzusammensto\u00df der beiden Fahrzeuge kam. <\/p>\n\n\n\n<p>Durch den Zusammensto\u00df wurden beide Unfallbeteiligten schwer verletzt, jedoch nicht lebensgef\u00e4hrlich. Der Touran-Fahrer erlitt Frakturen im Oberk\u00f6rper. Die Peugeot-Fahrerin, die von der Feuerwehr aus ihrem Fahrzeug befreit werden musste, erlitt Frakturen im Gesicht und an den Beinen. Beide wurden in ein Krankenhaus nach Ludwigshafen gebracht. <\/p>\n\n\n\n<p>Die Fahrzeuge der Unfallbeteiligten waren so stark besch\u00e4digt, dass sie nicht mehr fahrbereit waren und abgeschleppt werden mussten. Der Touran des 50-J\u00e4hrigen Bad D\u00fcrkheimers war vorne komplett eingedr\u00fcckt, die Schadensh\u00f6he betr\u00e4gt ca. 20000 Euro. Der Peugeot war komplett besch\u00e4digt und somit ein Totalschaden in H\u00f6he von ca. 8000 Euro. <\/p>\n\n\n\n<p>An der Unfallstelle waren mehrere Fahrzeuge des Rettungsdienstes mit Notarzt sowie vorsorglich ein Rettungshubschrauber. Au\u00dferdem waren die Feuerwehren von Wachenheim und Deidesheim mit insgesamt 25 Mann im Einsatz. <\/p>\n\n\n\n<p>Die Unfallstelle musste f\u00fcr die Dauer der Unfallaufnahme, der Abschleppma\u00dfnahmen und der anschlie\u00dfenden Stra\u00dfenreinigung ca. drei Stunden gesperrt werden. <\/p>\n\n\n\n<p>Es hatten sich an der Unfallstelle bereits Zeugen des Unfallhergangs zur Verf\u00fcgung gestellt. Weitere Zeugen werden gebeten, sich bei der Polizeiinspektion Bad D\u00fcrkheim zu melden. <\/p>\n\n\n\n<p>Zivilcourage zeigten die Verkehrsteilnehmer, die direkt nach dem Unfall sofort Erste Hilfe geleistet haben bzw. andere Verkehrsteilnehmer auf den Unfall aufmerksam gemacht haben! <\/p>\n\n\n\n<h4 class=\"wp-block-heading\">(Bad D\u00fcrkheim) &#8211; Unfallfl\u00fcchtigen Fahrer schnell ermittelt, Fahrer war betrunken u.a.<\/h4>\n\n\n\n<p>Am 02.03.2020, gegen 22:00 Uhr, befuhr ein zun\u00e4chst unbekannter Fahrzeugf\u00fchrer den Spielbergweg aus Kallstadt kommend in Richtung Bad D\u00fcrkheim. In einer Linkskurve verlor er die Kontrolle \u00fcber das Fahrzeug und prallte in eine denkmalgesch\u00fctzte Sandsteinmauer. Ohne sich um den Unfall zu k\u00fcmmern entfernte sich der unbekannte Fahrer von der Unfallstelle. Kurz darauf meldeten sich zwei M\u00e4nner im Alter von 27 und 19 Jahren und gaben gegen\u00fcber der Polizei an, den Unfall verursacht zu haben. Da die Kollegen aber Zweifel an deren Aussage hatten, fragten sie intensiver nach. Hierdurch konnte letztendlich gekl\u00e4rt werden, dass die beiden M\u00e4nner nicht an dem Unfall beteiligt waren. Nach bisherigem Kenntnisstand waren sie von dem 29-j\u00e4hrigen Unfallverursacher gebeten worden den Unfall auf sich zu nehmen. Dieser wurde zu Hause angetroffen. Er stand merklich unter Alkoholeinfluss. Ein durchgef\u00fchrter Atemalkoholtest ergab einen Wert von ca. 2,2 Promille. Ihm wurde auf der Dienststelle eine Blutprobe entnommen. Sein F\u00fchrerschein wurde beschlagnahmt. Ihn erwartet nun eine Strafanzeige. Gegen die beiden 27 und 19 Jahre alten M\u00e4nner wird wegen des Verdachtes der Strafvereitelung ermittelt. Der entstandene Gesamtschaden bel\u00e4uft sich auf ca. 7.000,- Euro. <\/p>\n\n\n\n<h4 class=\"wp-block-heading\">(Bad D\u00fcrkheim) &#8211; Geschwindigkeitskontrollen<\/h4>\n\n\n\n<p>Am 02.03.2020 wurde die Polizeiinspektion Bad D\u00fcrkheim durch Kollegen des Polizeipr\u00e4sidiums Einsatz, Logistik und Technik unterst\u00fctzt. <\/p>\n\n\n\n<p>Diese f\u00fchrten in der Zeit von 09.45 Uhr &#8211; 10:45 Uhr, in der Gundheimer Gasse eine Laserkontrolle durch. Dort ist eine H\u00f6chstgeschwindigkeit von 30 km\/h erlaubt. <\/p>\n\n\n\n<p>Es wurden 12 Fahrzeuge gemessen. Zwei Fahrzeugf\u00fchrer waren zu schnell unterwegs. Die gemessene H\u00f6chstgeschwindigkeit betrug 51 km\/h. Dieser Versto\u00df wird mit einem Bu\u00dfgeld von 80,- Euro und einem Punkt in Flensburg geahndet. <\/p>\n\n\n\n<p>Im Ortsteil Hardenburg, in der Kaiserslauterer Stra\u00dfe wurden in der Zeit von 11:00 Uhr &#8211; 11:45 Uhr acht Fahrzeuge gemessen. Ein Fahrzeugf\u00fchrer hielt sich nicht an die H\u00f6chstgeschwindigkeit vom 30 km\/h. Er wurde mit 39 km\/h gemessen. Dieser Versto\u00df wurde mit einem Verwarnungsgeld von 15,- Euro sanktioniert. <\/p>\n\n\n\n<p>18 Fahrzeuge wurden auf der B 271, H\u00f6he der Ausfahrt Bad D\u00fcrkheim S\u00fcd i.R. Wachenheim in der Zeit von 12:45 Uhr &#8211; 13:45 Uhr gemessen. 15 Fahrzeugf\u00fchrer hielten sich nicht an die dort erlaubte H\u00f6chstgeschwindgkeit von 70 km\/h. Die gemessene H\u00f6chstgeschwindgkeit betrug 91 km\/h. Dieser Versto\u00df wird mit einem Bu\u00dfgeld von 70,- Euro und einem Punkt in Flensburg geahndet.<\/p>\n\n\n\n<h4 class=\"wp-block-heading\">(Bad D\u00fcrkheim) &#8211; Verkehrsunfallstatistik 2019<\/h4>\n\n\n\n<p>Die Verkehrsunfallstatistik 2019 der Polizeiinspektion Bad D\u00fcrkheim kann \u00fcber den Link <\/p>\n\n\n\n<p><a href=\"https:\/\/www.polizei.rlp.de\/index.php?id=1310&amp;no_cache=1\">https:\/\/www.polizei.rlp.de\/index.php?id=1310&amp;no_cache=1<\/a><\/p>\n\n\n\n<p>abgerufen werden. <\/p>\n\n\n\n<h4 class=\"wp-block-heading\">(Gr\u00fcnstadt) &#8211; Achtung, Trickdiebe am Geldautomaten!<\/h4>\n\n\n\n<p>Zwei Bankkunden (82 und 83 Jahre) wurden am 29.02. und am 01.03.2020 Opfer von Straftaten, als sie am Automaten ihrer jeweiligen Bank Geld abheben wollten. Die Gesch\u00e4digten hatten gerade ihre PIN eingegeben, als sie von einem T\u00e4ter, der hinter ihnen stand, abgelenkt wurden. In einem Fall warnte der T\u00e4ter aggressiv, dass der Automat defekt sei und die Karte eingezogen werde. Die T\u00e4ter entwendeten derweil unbemerkt die Bankkarten der Gesch\u00e4digten (die PIN hatten sie zuvor &#8222;gecheckt&#8220;). Die Gesch\u00e4digten gingen davon aus, dass ihre Karten eingezogen wurden. Bei einem Gesch\u00e4digten wurden zwischenzeitlich 1500.- Euro vom Konto abgehoben &#8211; auch wurde die zweite Bankkarte missbr\u00e4uchlich eingesetzt, es steht aber noch keine Schadenssumme fest. Gr\u00fcnstadter Banken warnen zwischenzeitlich auf den Displays ihrer Bankautomaten vor dieser Masche. F\u00e4lle mit dieser Masche sind auch in anderen Polizeigebieten aufgetreten. <\/p>\n\n\n\n<p><strong><em>Tipps: <\/em><\/strong><\/p>\n\n\n\n<ul><li>machen Sie laut auf sich aufmerksam, wenn fremde Personen den       Diskretionsabstand missachten<\/li><li>bitten Sie andere Kunden um Hilfe<\/li><li>brechen Sie den Abhebevorgang sofort ab, wenn Sie aggressiv       angegangen werden<\/li><li>halten Sie ihre Bankkarte fest<\/li><li>lassen Sie sich ggf. von einer Person ihres Vertrauens beim Geldabheben begleiten<\/li><li>lassen Sie Ihre Bankkarte sperren, wenn Sie bestohlen wurden       (Sperrnotruf 116 116)<\/li><\/ul>\n\n\n\n<h4 class=\"wp-block-heading\">(Birkenheide) &#8211; Gef\u00e4hrlicher Eingriff in Stra\u00dfenverkehr durch Diebstahl eines Gully-Deckels<\/h4>\n\n\n\n<p>Im Zeitraum vom Samstag, den 29.02.2020 um 18:00 Uhr und Sonntag, dem 01.03.2020 um 13:43 Uhr wurde durch bislang unbekannte T\u00e4ter, an der Einm\u00fcndung Th\u00fcringer Stra\u00dfe \/ R\u00f6merstra\u00dfe in Birkenheide, ein Schachtdeckel entwendet. Da sich der Schacht im Kurvenbereich befand und das offene Loch im Dunkeln schwer zu erkennen war, wird auch wegen eines gef\u00e4hrlichen Eingriff in den Stra\u00dfenverkehr ermittelt. Der Wert des entwendeten Gully-Deckels wird auf ca. 300 EUR <\/p>\n\n\n\n<p>Wer sachdienliche Hinweise zu dem genannten Fall geben kann, wird gebeten sich mit der Polizeiwache Maxdorf unter der Rufnummer 06237\/934-1100 in Verbindung zu setzen. Hinweise k\u00f6nnen auch per E-Mail unter <a href=\"mailto:pwmaxdorf@polizei.rlp.de\">pwmaxdorf@polizei.rlp.de<\/a> an die Polizei \u00fcbermittelt werden. <\/p>\n\n\n\n<h4 class=\"wp-block-heading\">(Lambsheim) &#8211; Fahren ohne Fahrerlaubnis unter Einfluss von Bet\u00e4ubungsmitteln<\/h4>\n\n\n\n<p>Am Montag, den 02.03.2020 wurde, durch eine Streife der Polizeiwache Maxdorf, ein PKW einer Verkehrskontrolle in Lambsheim unterzogen. Im Rahmen der Kontrolle konnten bei der 34-j\u00e4hrigen Fahrzeugf\u00fchrerin deutliche Anzeichen f\u00fcr aktuellen Konsum von Bet\u00e4ubungsmitteln festgestellt werden. Weiterhin war sie nicht mehr im Besitz einer g\u00fcltigen Fahrerlaubnis. Der Fahrzeugschl\u00fcssel wurde sichergestellt. Der Fahrerin wurde eine Blutprobe entnommen. Neben den Kosten f\u00fcr die Entnahme einer Blutprobe, kommt gem\u00e4\u00df dem Bu\u00dfgeldkatalog auf die 34-J\u00e4hrige nun eine Strafe in H\u00f6he 1000 EUR zu. <\/p>\n\n\n\n<h4 class=\"wp-block-heading\">(Frankenthal) &#8211; Brand eines Mehrfamilienhauses<\/h4>\n\n\n\n<h4 class=\"wp-block-heading\">Gemeinsame Pressemitteilung von Staatsanwaltschaft Frankenthal und Polizeipr\u00e4sidium Rheinpfalz <\/h4>\n\n\n\n<p>Am 03.03.2020, gegen 02:15 Uhr, wurde ein Brand in einem Mehrfamilienhaus in der Max-Friedrich-Stra\u00dfe in Frankenthal gemeldet. Insgesamt wurden 18 Bewohner wegen des Verdachts einer Rauchgasintoxikation behandelt. Bei zehn Personen best\u00e4tigte sich der Verdacht. Sie wurden in umliegende Krankenh\u00e4user gebracht. Der Brandort ist derzeit nicht begehbar. Nach derzeitigem Stand der Ermittlungen d\u00fcrfte eine Unachtsamkeit einer 28-j\u00e4hrigen Bewohnerin brandurs\u00e4chlich gewesen sein. Sie wurde auf Anordnung der Staatsanwaltschaft Frankenthal vorl\u00e4ufig festgenommen. Ersten Einsch\u00e4tzungen zufolge entstand am Haus ein Sachschaden im sechststelligen Bereich. Die genaue Schadensh\u00f6he wird aktuell ermittelt. <\/p>\n\n\n\n<h4 class=\"wp-block-heading\" style=\"text-align:center\">1. Nachtrag: Brand eines Mehrfamilienhauses<\/h4>\n\n\n\n<h4 class=\"wp-block-heading\">Gemeinsame Pressemitteilung von Staatsanwaltschaft Frankenthal und Polizeipr\u00e4sidium Rheinpfalz  <\/h4>\n\n\n\n<p>Die nach einem Brand in Frankenthal vorl\u00e4ufig festgenommene 28-J\u00e4hrige wurde Dienstagmorgen mangels Haftgrundes freigelassen. Sie hatte selbst angegeben, unachtsam eine brennende Zigarettenkippe in der Wohnung weggeschnippt zu haben. <\/p>\n\n\n\n<p>Zur Kl\u00e4rung der Brandursache hat die Staatsanwaltschaft Frankenthal einen Brandsachverst\u00e4ndigen beauftragt. <\/p>\n\n\n\n<h4 class=\"wp-block-heading\">(Frankenthal) &#8211; E-Scooter ohne Versicherungsschutz<\/h4>\n\n\n\n<p>Am Mittag des 02.03.2020 wird ein E-Scooter in der Mahlastra\u00dfe in Frankenthal einer Verkehrskontrolle unterzogen. Der E-Scooter f\u00e4hrt ca. 20 km\/h. Der 22-j\u00e4hrige Fahrer aus Frankenthal kann weder ein Versicherungskennzeichen noch einen Versicherungsschutz vorweisen. Gegen ihn wird ein Strafverfahren, namentlich der Versto\u00df gegen das Pflichtversicherungsgesetz, eingeleitet. Er gibt den Versto\u00df vor Ort zu und gibt an, dass er \u00fcber die Erfordernis einer Zulassung des Elektrorollers keine Kenntnis gehabt habe. Welche Voraussetzungen muss der E-Scooter erf\u00fcllen, um im \u00f6ffentlichen Stra\u00dfenverkehr zugelassen zu sein? 1. Bauartbedingte H\u00f6chstgeschwindigkeit von nicht weniger als 6 km\/h und nicht mehr als 20 km\/h. 2. Zwei voneinander unabh\u00e4ngige Bremsen. 3. Lichttechnische Einrichtungen m\u00fcssen bauartgenehmigt sein und sind analog zum Fahrrad geregelt (\u00a7 67 StVZO), Fahrtrichtungsanzeiger sind erlaubt. 4. Mindestens eine hellt\u00f6nende Glocke oder ein anderes genehmigtes Schallzeichen (z.B. Hupe). 5. Allgemeine Betriebserlaubnis oder Einzelbetriebserlaubnis ist erforderlich. Ebenso ein g\u00fcltiges Versicherungskennzeichen hinten (in Form einer geklebten Plakette). <\/p>\n\n\n\n<h4 class=\"wp-block-heading\">(Frankenthal) &#8211; Einbruchsdiebstahl aus Pkw<\/h4>\n\n\n\n<p>Im Zeitraum vom 29.02.2020 16:00Uhr bis 02.03.2020 07:20Uhr parkt ein 42-j\u00e4hriger Mann aus Frankenthal seinen wei\u00dfen Fiat Ducato in der Pestalozzistra\u00dfe in Frankenthal. In diesem Zeitraum hebelt ein bis dato unbekannter T\u00e4ter das Seitenfenster auf und gelangt somit ins Fahrzeuginnere. Dort entwendet er eine Schlagbohrmaschine und eine Handkreiss\u00e4ge der Marke HILTI, sowie eine Bohrmaschine. Der Gesamtwert der entwendeten Gegenst\u00e4nde bel\u00e4uft sich auf ca. 1800,-EUR. Zeugen werden gebeten sich an die Polizeiinspektion Frankenthal unter der Tel.-Nr.: 06233\/313-0 oder an die Polizeiwache Maxdorf unter der Tel.-Nr.: 06237\/934-100 zu wenden. Gerne nehmen wir Ihre Hinweise auch per E-Mail unter  <a href=\"mailto:pifrankenthal@polizei.rlp.de\">pifrankenthal@polizei.rlp.de<\/a> entgegen. <\/p>\n\n\n\n<h4 class=\"wp-block-heading\">(Ludwigshafen) &#8211; Fu\u00dfg\u00e4nger angefahren<\/h4>\n\n\n\n<p>Am 02.03.2020, gegen 19:20 Uhr, fuhr eine 48-J\u00e4hrige mit ihrem Auto auf der Wollstra\u00dfe in Richtung Mannheimer Stra\u00dfe. Als sie an der Kreuzung bei gr\u00fcner Ampel losfuhr und nach links in Richtung Schillerstra\u00dfe abbiegen wollte, fuhr sie einen 22-j\u00e4hrigen Fu\u00dfg\u00e4nger an, der ebenfalls bei gr\u00fcner Ampel die Mannheimer Stra\u00dfe aus Richtung Wollstra\u00dfe kommend, \u00fcberquerte. Der 22-J\u00e4hrige wurde verletzt und kam ins Krankenhaus. <\/p>\n\n\n\n<h4 class=\"wp-block-heading\">(Ludwigshafen) &#8211; In Autos eingebrochen<\/h4>\n\n\n\n<p>Unbekannten gelang es zwischen dem 29.02.2020, 19:30 Uhr, und dem 01.03.2020, 16:15 Uhr, in eine Garage in der Altrheinsta\u00dfe einzudringen. Sie durchw\u00fchlten im Anschluss zwei unverschlossene Autos und entwendeten aus diesen mehrere Schl\u00fcssel. <\/p>\n\n\n\n<p>Auch in der Kanalstra\u00dfe verschafften sich Unbekannte zwischen dem 29.02.2020, 17 Uhr, und dem 01.03.20202, 11:10 Uhr, Zugang zu einem parkenden Auto. Die T\u00e4ter hatten eine Fensterscheibe angegangen und danach das Fahrzeuginnere durchw\u00fchlt. Ersten Einsch\u00e4tzungen zufolge wurde nichts entwendet. <\/p>\n\n\n\n<p>Zeugen, die etwas beobachtet haben, werden gebeten sich an die Polizeiinspektion Ludwigshafen 2 unter der Telefonnummer 0621 963-2222 oder per E-Mail <a href=\"mailto:piludwigshafen2@polizei.rlp.de\">piludwigshafen2@polizei.rlp.de<\/a> zu wenden. <\/p>\n\n\n\n<h4 class=\"wp-block-heading\">(Ludwigshafen) &#8211; Zeugen gesucht \/ 90-J\u00e4hrige mit dem Fahrrad angefahren<\/h4>\n\n\n\n<p>Am 01.03.2020, gegen 15:48 Uhr, f\u00fctterte eine 90-J\u00e4hrige im Bereich eines Seniorenheims in der Rohrlachstra\u00dfe gerade Tauben, als ein bislang unbekannter Fahrradfahrer auf sie zufuhr und sich \u00fcber die F\u00fctterung massiv \u00e4rgerte. Nach Angaben der 90-J\u00e4hrigen ging er sogar soweit, dass er die Seniorin mit Wucht anfuhr, sodass diese zu Boden st\u00fcrzte. Statt sich um die am Bodenliegende zu k\u00fcmmern, fuhr der Radfahrer weg. Zwei Zeugen halfen der 90-J\u00e4hrigen beim Aufstehen und brachten sie ins nahegelegene Seniorenheim. Dort verst\u00e4ndigte man die Polizei. <\/p>\n\n\n\n<p>Die Polizeiinspektion 2 sucht nun nach Zeugen, insbesondere nach den beiden engagierten Helfern. Diese werden gebeten sich unter der Telefonnummer 0621 963-2222 oder per E-Mail <a href=\"mailto:piludwigshafen2@polizei.rlp.de\">piludwigshafen2@polizei.rlp.de<\/a> zu melden. <\/p>\n\n\n\n<h4 class=\"wp-block-heading\">(Ludwigshafen) &#8211; Fahrrad gestohlen<\/h4>\n\n\n\n<p>Unbekannte verschafften sich am 01.03.2020 zwischen 00:30 Uhr und 07:30 Uhr Zugang zu einer Garage im Grenzweg. Sie stahlen ein Fahrrad der Marke Carven im Wert von mehreren hundert Euro. Die Garage war nicht verschlossen. <\/p>\n\n\n\n<p>Die Polizei r\u00e4t eindringlich: Zu Ihrem eigenen Schutz, schlie\u00dfen Sie Garagen, Gartent\u00fcren und Fahrzeuge immer ab. <\/p>\n\n\n\n<p>Zeugenhinweise bitte an die Polizeiwache Oggersheim unter Tel. 0621 963 &#8211; 2403 oder per Mail an <a href=\"mailto:pwoggersheim@polizei.rlp.de\">pwoggersheim@polizei.rlp.de<\/a>. <\/p>\n\n\n\n<h4 class=\"wp-block-heading\">(Ludwigshafen) &#8211; Diebstahl aus einem Auto<\/h4>\n\n\n\n<p>Am 29.02.2020, im Zeitraum von 23:15 Uhr bis 23:30 Uhr, stahl eine noch unbekannte Person aus einem abgestellten, jedoch nicht verschlossenen Auto an der Hochfeldstra\u00dfe, Ecke Maudacher Stra\u00dfe einen Rucksack samt Inhalt. Der entstandene Schaden bel\u00e4uft sich auf mehrere Hundert Euro. <\/p>\n\n\n\n<p>Die Polizei sucht Zeugen. Kann jemand Angaben zum Diebstahl des Rucksacks oder zum T\u00e4ter machen? Hinweise erbittet die Polizeiinspektion Ludwigshafen 1, 0621 963-2122 oder per E-Mail <a href=\"mailto:piludwigshafen1@polizei.rlp.de\">piludwigshafen1@polizei.rlp.de<\/a>. <\/p>\n\n\n\n<h4 class=\"wp-block-heading\">(Ludwigshafen) &#8211; Raub nach vorangegangener Schl\u00e4gerei<\/h4>\n\n\n\n<p>Am 29.02.2020 gegen 23 Uhr meldete ein Zeuge, im Bereich des Altstadtplatzes eine Schl\u00e4gerei mit mehreren Beteiligten. Als die Beamten eintrafen, befand sich nur noch eine Gruppe von etwa 10 Personen in der D\u00fcrkheimer Stra\u00dfe\/ Ecke Altstadtplatz. Diese ergriff sofort die Flucht. Lediglich ein 19-J\u00e4hriger konnte ergriffen werden. Er gab an, dass sich mit zw\u00f6lf Freunden an der Schillerschule getroffen habe, als pl\u00f6tzlich eine etwa zwanzigk\u00f6pfige Gruppe hinzugekommen sei. Es sei zum Streit gekommen, in dessen Verlauf der 19-J\u00e4hrige niedergeschlagen und getreten worden sei. Einer der T\u00e4ter habe ihm dabei Bargeld aus der Jackentasche gestohlen.  <\/p>\n\n\n\n<p> Sachdienliche Hinweise bitte an die Polizeiinspektion Ludwigshafen 2 unter der Telefonnummer 0621 963-2222 oder per e-Mail <a href=\"mailto:piludwigshafen2@polizei.rlp.de\">piludwigshafen2@polizei.rlp.de<\/a>. <\/p>\n\n\n\n<h4 class=\"wp-block-heading\">(Mannheim) &#8211; \u00dcberfall auf Tankstelle \/ Polizei sucht Zeugen<\/h4>\n\n\n\n<div class=\"wp-block-image\"><figure class=\"aligncenter\"><img decoding=\"async\" src=\"https:\/\/speyer24news.com\/wp-content\/uploads\/2020\/02\/Zeugen-Gesucht-Neutral.jpg\" alt=\"\" class=\"wp-image-25059\"\/><\/figure><\/div>\n\n\n\n<p>Ein unbekannter T\u00e4ter \u00fcberfiel am Montagabend eine Tankstelle im Stadtteil Neckarstadt. Der Unbekannte betrat kurz nach 19 Uhr den Verkaufsraum der Tankstelle in der Friedrich-Ebert-Stra\u00dfe und begab sich zielstrebig zur Kasse. Unter Vorhalt einer Schusswaffe forderte er von der anwesenden Angestellten die Herausgabe von Bargeld und Zigaretten. Diese \u00fcbergab daraufhin das in der Kasse befindliche Geld sowie 10 Packungen Zigaretten, woraufhin Der T\u00e4ter eilig die R\u00e4umlichkeit verlie\u00df und in Richtung Bonifatius-Kirche fl\u00fcchtete. <\/p>\n\n\n\n<p>Der Gesch\u00e4digte beschrieb den T\u00e4ter wie folgt: <\/p>\n\n\n\n<ul><li>ca. 175 cm gro\u00df<\/li><li>normale Statur<\/li><li>sprach akzentfreies Deutsch<\/li><li>War bekleidet mit einem hellen Kapuzenpulli, die Kapuze hatte er \u00fcber den Kopf gezogen<\/li><li>Trug eine helle Jeans<\/li><li>Vor dem Gesicht hatte der T\u00e4ter eine schwarze Skimaske und eine       verspiegelte Sonnenbrille<\/li><li>Bei der Waffe soll es sich um eine schwarze Pistole gehandelt haben <\/li><\/ul>\n\n\n\n<p>Eine sofortige Fahndung nach dem fl\u00fcchtigen T\u00e4ter verlief ergebnislos. <\/p>\n\n\n\n<p>Zeugen, die auf die Tat aufmerksam geworden sind und sachdienliche Hinweise geben k\u00f6nnen, werden gebeten, sich beim Kriminaldauerdienst der Kriminalpolizeidirektion Heidelberg, Tel.: 0621\/174-4444 zu melden. <\/p>\n\n\n\n<h4 class=\"wp-block-heading\">(Mannheim) &#8211; Trio wird unter Vorhalt eines Messers ausgeraubt; Wer kann Hinweise auf die fl\u00fcchtigen T\u00e4ter geben?<\/h4>\n\n\n\n<p>Am Freitag gegen 21.20 Uhr befanden sich zwei 17- und ein 19-J\u00e4hriger auf einer Parkbank in der Gr\u00fcnanlage am Wasserturm. <\/p>\n\n\n\n<p>Aus einer in etwa achtk\u00f6pfigen Personengruppe kamen zwei bislang unbekannte T\u00e4ter auf das Trio zu und forderten unter Vorhalt eines Messer die Herausgabe von Bargeld. Des Weiteren f\u00fchrte einer der T\u00e4ter gegen einen 17-J\u00e4hrigen einen Kopfsto\u00df aus. Hierbei erlitt der Jugendliche ein H\u00e4matom am Auge und h\u00e4ndigte seinen Geldbeutel aus. Die beiden anderen Gesch\u00e4digten wurden unter Vorhalt eines Messers durchsucht. Insgesamt wurden knapp 100 Euro aus den Geldb\u00f6rsen der Gesch\u00e4digten entwendet. <\/p>\n\n\n\n<p>Die T\u00e4ter sch\u00fcchterten das Trio nachfolgend weiter ein und entfernten sich zu Fu\u00df von der Tat\u00f6rtlichkeit. <\/p>\n\n\n\n<p>Die T\u00e4ter wurden wie folgt beschrieben: <\/p>\n\n\n\n<ul><li>Ca. 16 bis 19 Jahre alt<\/li><li>ca. 170 bis 180 cm<\/li><li>orientalisches Aussehen<\/li><li>schwarze kurze Haare, oben zur Seite gek\u00e4mmt, seitlich abrasiert<\/li><li>beide sprachen deutsch mit t\u00fcrkischem Akzent<\/li><li>trugen eine schwarze, bzw. dunkle Lederjacke mit t\u00fcrkischer Flagge auf dem Arm <\/li><\/ul>\n\n\n\n<p>Trotz eingeleiteter Fahndungsma\u00dfnahmen konnten bislang keine Tatverd\u00e4chtige gefasst werden. <\/p>\n\n\n\n<p>Der durch den Kopfsto\u00df verletzte 17-J\u00e4hrige musste anschlie\u00dfend mit einem verst\u00e4ndigten Rettungswagen in ein nahegelegenes Krankenhaus gefahren werden. <\/p>\n\n\n\n<p>Das Kriminalkommissariat Mannheim \u00fcbernahm die Sachbearbeitung. Die Ermittler suchen nun nach Zeugen und oder Personen, die Hinweise auf die T\u00e4ter geben k\u00f6nnen. Diese werden gebeten, sich unter 0621 174 4444 zu melden. <\/p>\n\n\n\n<h4 class=\"wp-block-heading\">(Mannheim-Innenstadt) &#8211; Unfallflucht \/ Zeugen gesucht<\/h4>\n\n\n\n<p>Einen Verkehrsunfall verursachte in der Nacht von Freitag auf Samstag ein unbekannter Autofahrer in den Mannheimer Innenstadtquadraten. Zwischen Freitag, 28.02.2020, 17 Uhr und Samstag, 29.02.2020, 13.30 Uhr besch\u00e4digte der Unbekannte mit seinem Auto einen im Quadrat S 6 am Stra\u00dfenrand geparkten 3er BMW am linken hinteren Heck und entfernte sich anschlie\u00dfend von der Unfallstelle, ohne sich um den entstandenen Schaden zu k\u00fcmmern. Der Sachschaden wird auf rund 10.000 Euro gesch\u00e4tzt. <\/p>\n\n\n\n<p>An der Unfallstelle wurden Teile einer Sto\u00dfstange aufgefunden, die offenbar vom Unfallverursacher stammen. <\/p>\n\n\n\n<p>Zeugen, die den Unfall beobachtet haben und sachdienliche Hinweise zum Verursacher geben k\u00f6nnen, werden gebeten, sich bei der Verkehrspolizei Mannheim, Tel.: 0621\/174-4222 zu melden. <\/p>\n\n\n\n<h4 class=\"wp-block-heading\">(Mannheim-Neckarstadt) &#8211; #SichereNeckarstadt \/ Aktionstag Sauberkeit im \u00f6ffentlichen Raum mit vielen flei\u00dfigen Helfern<\/h4>\n\n\n\n<div class=\"wp-block-image\"><figure class=\"aligncenter\"><img decoding=\"async\" loading=\"lazy\" width=\"800\" height=\"600\" src=\"https:\/\/speyer24news.com\/wp-content\/uploads\/2020\/03\/03.03.20-MA-M\u00fcll.jpg\" alt=\"\" class=\"wp-image-25580\" srcset=\"https:\/\/speyer24news.com\/wp-content\/uploads\/2020\/03\/03.03.20-MA-M\u00fcll.jpg 800w, https:\/\/speyer24news.com\/wp-content\/uploads\/2020\/03\/03.03.20-MA-M\u00fcll-300x225.jpg 300w, https:\/\/speyer24news.com\/wp-content\/uploads\/2020\/03\/03.03.20-MA-M\u00fcll-768x576.jpg 768w, https:\/\/speyer24news.com\/wp-content\/uploads\/2020\/03\/03.03.20-MA-M\u00fcll-678x509.jpg 678w, https:\/\/speyer24news.com\/wp-content\/uploads\/2020\/03\/03.03.20-MA-M\u00fcll-326x245.jpg 326w, https:\/\/speyer24news.com\/wp-content\/uploads\/2020\/03\/03.03.20-MA-M\u00fcll-80x60.jpg 80w\" sizes=\"(max-width: 800px) 100vw, 800px\" \/><\/figure><\/div>\n\n\n\n<p>Am Dienstagmorgen legten insgesamt 72 Kinder der Klassenstufe 2 und sechs Lehrer der Neckarschule in der Alphornstra\u00dfe selbst Hand an um ihre Umwelt sauber zu halten. Die Neckarschule versteht sich als Lern-und Lebensraum, in dem Kinder ganzheitliche Erfahrungen sammeln k\u00f6nnen. <\/p>\n\n\n\n<p>Aus diesem Grund initiieren Beamtinnen und Beamte des Referats Pr\u00e4vention des Polizeipr\u00e4sidiums Mannheim f\u00fcr jede Klassenstufe Aktionstage mit unterschiedlichen Schwerpunkten zum Thema Kriminalit\u00e4t. <\/p>\n\n\n\n<p>Was hat M\u00fcll mit Kriminalit\u00e4t zu tun, warum interessiert das die Polizei und warum sollte das Kinder interessieren? <\/p>\n\n\n\n<p>&#8222;Achtlos weggeworfener M\u00fcll ist ein normverletzendes Verhalten und Ausdruck einer gewissen Gleichg\u00fcltigkeit der eigenen Umwelt und Gemeinschaft gegen\u00fcber. Gleichg\u00fcltigkeit und Normverletzungen sind Faktoren, die elementare Bestandteile von Kriminalit\u00e4t sind und f\u00fcr die Kriminalit\u00e4tsvorbeugung sind wir da!&#8220;, so der Leiter des Referats Pr\u00e4vention, Martin Boll. <\/p>\n\n\n\n<p>Mit viel Engagement und Tatendrang sammelten die Kinder rund um die Grundschule herum M\u00fcll auf und f\u00fcllten an einem Morgen 30 gro\u00dfe M\u00fclls\u00e4cke. In der Gemeinschaft Gutes zu vollbringen, Anerkennung von Passanten, Lehrern und Polizei zu erfahren, war f\u00fcr die meisten Kinder ein Erlebnis, was noch lang im Bewusstsein bleiben wird. Die M\u00fclls\u00e4cke und Handschuhe wurden vom Stadtraumservice Mannheim zur Verf\u00fcgung gestellt, die die Aufr\u00e4umaktion begr\u00fc\u00dften und sich \u00fcber die vielen flei\u00dfigen Helfer freuten. <\/p>\n\n\n\n<p>Die pr\u00e4ventiven Ma\u00dfnahmen an Schulen werden auch zuk\u00fcnftig fortgef\u00fchrt auch, aber nicht nur, im Rahmen der Konzeption Sichere Neckarstadt. <\/p>\n\n\n\n<h4 class=\"wp-block-heading\">(Mannheim-Neckarstadt) &#8211; Vier Unbekannte schlagen auf 20-J\u00e4hrigen ein \/ Polizei sucht Zeugen<\/h4>\n\n\n\n<p>Vier unbekannte M\u00e4nner schlugen im Stadtteil Neckarstadt auf einen 20-j\u00e4hrigen aus Guinea ein und verletzten diesen. Der Mann befand sich am Montag kurz nach drei Uhr mit zwei Begleitern in einer Stra\u00dfenbahn der Linie 1 von der Abendakademie in Richtung Alte Feuerwache. In der Bahn geriet das Trio mit vier jungen M\u00e4nnern in Streit, in dessen Verlauf die M\u00e4nner auf den 20-J\u00e4hrigen einschlugen. Einer der Schl\u00e4ger habe gar ein Messer gezogen und damit herumhantiert. An der Stra\u00dfenbahnhaltestelle &#8222;Alte Feuerwache&#8220; verlie\u00dfen alle Beteiligten die Bahn und entfernten sich in unterschiedliche Richtungen. Der Gesch\u00e4digte und seine beiden Begleiter konnten schlie\u00dflich in der Stra\u00dfe &#8222;Schafweide&#8220; angetroffen werden. Der 20-J\u00e4hrige hatte Verletzungen am Arm und im Gesicht erlitten. Die drei M\u00e4nner standen deutlich unter Alkoholeinfluss.  <\/p>\n\n\n\n<p> Die Angreifer wurden von einem Zeugen wie folgt beschrieben:  <\/p>\n\n\n\n<ul><li>Alle zwischen 27 und 30 Jahre alt<\/li><li>Nordafrikanische Erscheinung<\/li><li>Zwei M\u00e4nner trugen Basecaps<\/li><li>Der dritte Mann soll einen verk\u00fcrzten rechten Arm gehabt haben<\/li><li>Alle drei sollen in der Fl\u00fcchtlingsunterkunft in der Industriestra\u00dfe wohnhaft sein <\/li><\/ul>\n\n\n\n<p>Zeugen, die auf den Vorfall aufmerksam geworden sind und sachdienliche Hinweise zu den T\u00e4tern geben k\u00f6nnen, werden gebeten, sich beim Polizeirevier Mannheim-Neckarstadt, Tel.: 0621\/3301-0 zu melden. <\/p>\n\n\n\n<h4 class=\"wp-block-heading\">(Mannheim-K\u00e4fertal) &#8211; Bei Starkregen zu schnell unterwegs und von Fahrbahn geschleudert<\/h4>\n\n\n\n<p>Am Sonntagabend befuhr ein 19-J\u00e4hriger aus Mannheim gegen 21.10 Uhr mit seinem Mercedes-Benz die Waldstra\u00dfe in Richtung Vogelstang. Nach derzeitigem Ermittlungsstand geriet er im Bereich zwischen den Einm\u00fcndungen &#8222;Auf dem Sand&#8220; und &#8222;Lampertheimer Stra\u00dfe&#8220; aufgrund nicht angepasster Geschwindigkeit bei starkem Regen ins Schleudern und kam von der Fahrbahn ab. Die E-Klasse prallte gegen die dortige L\u00e4rmschutzwand und schleuderte von dort wieder \u00fcber die Fahrbahn bis zum Mittelgr\u00fcnstreifen. Durch den Aufprall wurde der Fahrer in dem total zerst\u00f6rten Pkw eingeklemmt, so dass er durch einen Zug der Feuerwache Nord befreit werden musste. Nach der medizinischen Erstversorgung durch einen Notarzt wurde er station\u00e4r in ein Krankenhaus aufgenommen. Der Pkw wurde f\u00fcr die weiteren Ermittlungen zur genauen Unfallursache sichergestellt. Es entstand Sachschaden in H\u00f6he von ca. 3.ooo Euro. Die durch ausgelaufene Betriebsstoffe verschmutzte Fahrbahn musste durch eine Fachfirma gereinigt werden. Der Verkehrsdienst Mannheim hat den Unfall aufgenommen und f\u00fchrt die weiteren Ermittlungen. Das Polizeirevier Mannheim-K\u00e4fertal war mit mehreren Streifen vor Ort. Zeugen, die den Unfall beobachtet haben oder denen der Mercedes kurz zuvor aufgefallen ist, m\u00f6gen sich bitte mit dem Verkehrsdienst unter der Telefonnummer 0621 \/ 174 &#8211; 4222 in Verbindung setzen. <\/p>\n\n\n\n<h4 class=\"wp-block-heading\">(Heidelberg) &#8211; Falschen Gang eingelegt \/ Kollision mit Stra\u00dfenbahn Bahnverkehr in Richtung Bismarckplatz kurzzeitig gesperrt<\/h4>\n\n\n\n<p>Eine 36-j\u00e4hrige Kia-Fahrerin war am Montag kurz nach 9 Uhr in der Rohrbacher Stra\u00dfe gefahren und bog in die Gro\u00dfe Michelsgasse ab. Aufgrund eines entgegenkommenden Fahrzeugs musste sie kurz nach der Einm\u00fcndung verkehrsbedingt anhalten. Als sie wieder Anfahren wollte, legte sie jedoch den falschen Gang ein und setzte zur\u00fcck. Dabei stie\u00df ihr Kia gegen eine Stra\u00dfenbahn, so dann an beiden Fahrzeugen Sachschaden entstand. <\/p>\n\n\n\n<p>Die Polizei sch\u00e4tzt diesen auf \u00fcber 6.000 Euro. <\/p>\n\n\n\n<p>Der Bahnverkehr in Richtung Bismarckplatz war f\u00fcr ca. eine halbe Stunde gesperrt. Verletzt wurde bei dem Unfall zum Gl\u00fcck niemand. Die 36-J\u00e4hrige sieht einer Anzeige entgegen. <\/p>\n\n\n\n<h4 class=\"wp-block-heading\">(Heidelberg) &#8211; Wohnanh\u00e4nger gestohlen \/ Hinweise zum Diebstahl bzw. Verbleib an die Polizei<\/h4>\n\n\n\n<p>Einen au\u00dferhalb des \u00f6ffentlichen Verkehrsraums im Bereich der Stra\u00dfe &#8222;Im Schuhmachergewann&#8220; im Heidelberger Stadtteil Wieblingen abgestellten Wohnanh\u00e4nger entwendeten bislang unbekannte T\u00e4ter. Der Gesch\u00e4digte stellte am Montagmorgen das Fehlen des etwa ein Jahr alten Wohnanh\u00e4ngers fest und verst\u00e4ndigte die Polizei. <\/p>\n\n\n\n<p>Etwa von Mitte Februar bis Montag, 02.03. machten sich Unbekannte an der Sicherung zu schaffen und entwendeten schlie\u00dflich den wei\u00dfen Anh\u00e4nger der Marke Knaus-Tabbert, Typ: KWE\/3, an dem das Kennzeichen HD-C 1688 angebracht ist. Der Wert betr\u00e4gt mehrere 10.000 Euro. <\/p>\n\n\n\n<p>Zeugen, die Hinweise zum Diebstahl bzw. Verbleib geben k\u00f6nnen, werden gebeten, sich mit dem \u00f6rtlich zust\u00e4ndigen Polizeiposten Heidelberg-Wieblingen, Tel.: 06221\/830740, oder dem Polizeirevier Heidelberg-S\u00fcd, Tel.: 06221\/3418-0, in Verbindung zu setzen. <\/p>\n\n\n\n<h4 class=\"wp-block-heading\">(Heidelberg) &#8211; BMW-Fahrer hatte reichlich Alkohol intus&#8230;<\/h4>\n\n\n\n<p>In der Hirschgasse im Heidelberger Stadtteil Neuenheim stoppten Beamte des Polizeireviers Heidelberg-Nord am Samstag einen BMW und bemerkten bereits beim Herantreten Alkoholgeruch bei dem Fahrer. Nachdem eine \u00dcberpr\u00fcfung den Wert von \u00fcber zwei Promille ergeben hatte, folgten auf der Dienststelle die Blutprobe und die Anzeige bei der Heidelberger Staatsanwaltschaft. Die \u00dcberpr\u00fcfungen bez\u00fcglich seines F\u00fchrerscheins dauern derzeit noch an. <\/p>\n\n\n\n<h4 class=\"wp-block-heading\">(Heidelberg) &#8211; 18-j\u00e4hriger Motorradfahrer vor Polizeikontrolle gefl\u00fcchtet \/ Zeugen und eventuell Gesch\u00e4digte gesucht<\/h4>\n\n\n\n<p>Ein 18-j\u00e4hriger Motorradfahrer ist am Samstagmorgen (29.02.) gegen 6.45 Uhr vor einer Polizeikontrolle in der Vangerowstra\u00dfe gefl\u00fcchtet. Dabei fl\u00fcchtete er mit seiner Kawasaki durch mehrere Stra\u00dfen in Bergheim und anschlie\u00dfend \u00fcber die Ernst-Walz-Br\u00fccke, wo er auf etwa 130 km\/h beschleunigte. Auf der Flucht missachtete der Fahrer mehrfach das Rotlicht verschiedener Lichtzeichenanlagen sowie andere Vorfahrtsregelungen. Die weitere Fahrt f\u00fchrte \u00fcber den Stadtteil Handschuhsheim \u00fcber den Wieblinger Weg ins Feldgebiet in Richtung der dortigen Kl\u00e4ranlage. Als der Fahrer in einen unbefestigten Feldweg abbog, kam er auf dem aufgeweichten Boden zu Fall, st\u00fcrzte zu Boden, blieb aber unverletzt. Der 18-J\u00e4hrige wurde festgenommen und das Motorrad sichergestellt. Grund f\u00fcr die Flucht d\u00fcrften vorgenommene technische Ver\u00e4nderungen an dem Motorrad, unter anderem an der Auspuffanlage, gewesen sein. Der F\u00fchrerschein des 18-J\u00e4hrigen wurde in Verwahrung genommen. Verkehrsteilnehmer, die durch die Fahrweise des Motorradfahrers gef\u00e4hrdet wurden, werden gebeten sich unter der Telefonnummer 06221\/99-1700 beim Polizeirevier Heidelberg-Mitte zu melden. <\/p>\n\n\n\n<h4 class=\"wp-block-heading\">(Heidelberg-Altstadt) &#8211; Nach Einbruch in Gesch\u00e4ft Zeugen gesucht<\/h4>\n\n\n\n<p>In der Nacht von Freitag auf Samstag verschaffte sich ein oder mehrere T\u00e4ter Zutritt in ein Einzelhandelsgesch\u00e4ft in der Hauptstra\u00dfe und entwendeten daraus eine Vielzahl von Waren &#8211; das Polizeirevier Heidelberg-Mitte sucht nach Zeugen.  <\/p>\n\n\n\n<p> Im Tatzeitraum von 19 Uhr am Freitagabend bis 10 Uhr am Samstagmorgen gelangte der oder die Einbrecher \u00fcber das gewaltsame \u00d6ffnen eines Nebeneingangs in den Verkaufsraum. Neben diversen hochwertigen Lederwaren wurde auch der Inhalt der Kasse entwendet. Es entstand ein Diebstahlsschaden in H\u00f6he von mehreren tausend Euro sowie Sachschaden an der aufgebrochenen T\u00fcre.  <\/p>\n\n\n\n<p> Zeugen oder Hinweisgeber, die im Zeitraum verd\u00e4chtige Wahrnehmungen gemacht haben, werden gebeten, sich unter 06221 991700 an die Ermittler zu wenden. <\/p>\n\n\n\n<h4 class=\"wp-block-heading\">(Heidelberg-Altstadt) &#8211; Hauswand von Gastst\u00e4tte erneut mit Parolen bespr\u00fcht \/ Polizei sucht Zeugen<\/h4>\n\n\n\n<div class=\"wp-block-image\"><figure class=\"aligncenter\"><img decoding=\"async\" loading=\"lazy\" width=\"800\" height=\"600\" src=\"https:\/\/speyer24news.com\/wp-content\/uploads\/2020\/03\/26.02.20-HD-SB.jpg\" alt=\"\" class=\"wp-image-25581\" srcset=\"https:\/\/speyer24news.com\/wp-content\/uploads\/2020\/03\/26.02.20-HD-SB.jpg 800w, https:\/\/speyer24news.com\/wp-content\/uploads\/2020\/03\/26.02.20-HD-SB-300x225.jpg 300w, https:\/\/speyer24news.com\/wp-content\/uploads\/2020\/03\/26.02.20-HD-SB-768x576.jpg 768w, https:\/\/speyer24news.com\/wp-content\/uploads\/2020\/03\/26.02.20-HD-SB-678x509.jpg 678w, https:\/\/speyer24news.com\/wp-content\/uploads\/2020\/03\/26.02.20-HD-SB-326x245.jpg 326w, https:\/\/speyer24news.com\/wp-content\/uploads\/2020\/03\/26.02.20-HD-SB-80x60.jpg 80w\" sizes=\"(max-width: 800px) 100vw, 800px\" \/><\/figure><\/div>\n\n\n\n<p>In der Nacht von Dienstag auf Donnerstag (25.\/26.02.) wurde die Hausfassade einer Gastst\u00e4tte in der Hauptstra\u00dfe durch unbekannte T\u00e4ter erneut mit Parolen bespr\u00fcht. Der Sachschaden bel\u00e4uft sich auf ca. 1.000 Euro. Bereits in der Nacht von 31.01.\/01.02. und am 15.01.2020 war die Fassade mit \u00e4hnlichen Schriftz\u00fcgen beschmiert worden. Zeugen, die verd\u00e4chtige Beobachtungen gemacht haben und sachdienliche Hinweise geben k\u00f6nnen, werden gebeten sich unter Telefon 06221\/99-1700 beim Polizeirevier Heidelberg-Mitte zu melden. <\/p>\n\n\n\n<h4 class=\"wp-block-heading\">(Schwetzingen \/ Rhein-Neckar-Kreis) &#8211; Versuchte Gartenhauseinbr\u00fcche Polizei bittet um Hinweise<\/h4>\n\n\n\n<p>In der Nacht zum Samstag versuchten bislang nicht ermittelte T\u00e4ter in Gartenh\u00e4user in der Anlage im Schlo\u00dfgartenweg einzudringen.  Ein Gesch\u00e4digter wurde von einem Zeugen dar\u00fcber in Kenntnis gesetzt, dass sich bislang Unbekannte, evtl. vier Jugendliche, an seinem sowie an dem benachbarten Gartenhaus zu schaffen gemacht hatten. Ins Innere gelangten sie offenbar nicht. Die Beamten der Schwetzinger Polizei schlie\u00dfen nicht aus, dass die Unbekannten versuchten, in weitere Gartenh\u00e4user zu gelangen. Daher werden weitere Gesch\u00e4digte wie auch Zeugen gebeten, sich unter Tel.: 06202\/2880 zu melden. <\/p>\n\n\n\n<h4 class=\"wp-block-heading\">(Schwetzingen \/ Rhein-Neckar-Kreis) &#8211; Drei M\u00e4nner wegen des dringenden Verdachts des versuchten Totschlags auf Antrag der Staatsanwaltschaft Mannheim in Untersuchungshaft<\/h4>\n\n\n\n<h4 class=\"wp-block-heading\">Gemeinsame Pressemitteilung der Staatsanwaltschaft Mannheim und des Polizeipr\u00e4sidiums Mannheim <\/h4>\n\n\n\n<p>Auf Antrag der Staatsanwaltschaft Mannheim wurden Haftbefehle gegen drei M\u00e4nner im Alter von 19 bis 21 Jahren erlassen. <\/p>\n\n\n\n<p>Sie stehen im dringenden Verdacht, gemeinsam mit einem weiteren 19-J\u00e4hrigen am 21. Februar in den fr\u00fchen Freitagmorgenstunden gegen 2:00 Uhr, auf dem Schlossplatz einen 51-j\u00e4hrigen Mann angegriffen zu haben, der gerade in ein Taxi einsteigen wollte. <\/p>\n\n\n\n<p>Dabei sollen sie ihn mehrfach ins Gesicht geschlagen haben. Die Angreifer lie\u00dfen sich hierbei auch nicht von einer zu Hilfe kommenden Frau abhalten. <\/p>\n\n\n\n<p>Obwohl der 51-J\u00e4hrige aufgrund der massiven Schl\u00e4ge zu Boden gest\u00fcrzt war, sollen die vier Tatverd\u00e4chtigen weiter auf ihn eingepr\u00fcgelt und auch mehrfach gegen dessen Kopf getreten haben. Hierbei sollen sie den Tod des Mannes zumindest billigend in Kauf genommen haben. <\/p>\n\n\n\n<p>Zeuginnen des Geschehens machten laut auf die Situation aufmerksam, verst\u00e4ndigten die Polizei und eilten dem 51-J\u00e4hrigen zu Hilfe, worauf die Tatverd\u00e4chtigen zu Fu\u00df fl\u00fcchteten. <\/p>\n\n\n\n<p>Der 51-J\u00e4hrige erlitt mehrere Br\u00fcche, Prellungen und Sch\u00fcrfwunden und musste in ein Krankenhaus eingeliefert werden. <\/p>\n\n\n\n<p>Die sofort eingeleiteten Fahndungsma\u00dfnahmen verliefen zun\u00e4chst ohne Ergebnis. <\/p>\n\n\n\n<p>Mit den teilweise pr\u00e4zisen Personenbeschreibungen der fl\u00fcchtigen T\u00e4ter wurde noch am selben Tag eine Pressemitteilung gefertigt und um Hinweise aus der Bev\u00f6lkerung gebeten. <a href=\"https:\/\/www.presseportal.de\/blaulicht\/pm\/14915\/4526511\" target=\"_blank\" rel=\"noreferrer noopener\">https:\/\/www.presseportal.de\/blaulicht\/pm\/14915\/4526511<\/a> <\/p>\n\n\n\n<p>Im Rahmen des Fastnachtsumzuges am Faschingsdienstag in Schwetzingen erkannte eine Zeugin einen Tatbeteiligten, einen 19-j\u00e4hrigen Portugiesen, wieder und verst\u00e4ndigte die Polizei. Er wurde daraufhin vorl\u00e4ufig festgenommen. <\/p>\n\n\n\n<p>Aufgrund der akribischen Ermittlungsarbeit der Beamtinnen und Beamten des Kriminalkommissariats Mannheim wurden in der Folge alle weiteren Tatverd\u00e4chtigen ermittelt. Dabei handelt es sich um einen 19-, einen 20- und 21-J\u00e4hrigen mit deutscher Staatsangeh\u00f6rigkeit. <\/p>\n\n\n\n<p>Der 19-j\u00e4hrige deutsche Beschuldigte wurde daraufhin am Aschermittwoch vorl\u00e4ufig festgenommen. Der 20- und der 21-J\u00e4hrige stellten sich aufgrund des Fahndungsdrucks der Polizei am Freitag, den 28. Februar, im Beisein eines Rechtsbeistands. Beiden wurden ebenfalls vorl\u00e4ufig festgenommen. <\/p>\n\n\n\n<p>Die Staatsanwaltschaft Mannheim beantragte beim Amtsgericht Mannheim Haftbefehle gegen drei dringend Tatverd\u00e4chtige wegen bestehender Fluchtgefahr. Die Haftbefehle wurden durch den Ermittlungsrichter erlassen. Alle drei wurden sodann in Justizvollzugsanstalten gebracht. Der 19-j\u00e4hrige Portugiese wurde nach Abschluss aller polizeilichen Ma\u00dfnahmen wieder auf freien Fu\u00df gesetzt. <\/p>\n\n\n\n<p>Die Ermittlungen der Staatsanwaltschaft Mannheim und des Kriminalkommissariats Mannheim dauern an. Insbesondere ist noch zu kl\u00e4ren, was der Grund f\u00fcr den Angriff auf den 51-J\u00e4hrigen war. <\/p>\n\n\n\n<h4 class=\"wp-block-heading\">(Ketsch \/ Rhein-Neckar-Kreis) &#8211; Einbruch in Objekt in der Durlacher Stra\u00dfe T\u00e4ter konnten unerkannt fl\u00fcchten \/ Polizei sucht Zeugen<\/h4>\n\n\n\n<p>In der Nacht zum Sonntag kurz nach 3.30 Uhr erhielt eine Sicherheitsfirma Kenntnis \u00fcber einen Einbruch in ein Objekt in der Durlacher Stra\u00dfe. Ein erster, verst\u00e4ndigter Mitarbeiter begab sich sofort vor Ort, konnte aber zun\u00e4chst nichts Auff\u00e4lliges feststellen. Bei Eintreffen von weiteren Verantwortlichen kurze Zeit sp\u00e4ter war das Rolltor teils hochgefahren, so dass sie die Polizei alarmierten. <\/p>\n\n\n\n<p>Wie sich herausstellte, hatten sich die Unbekannten auf das Dach der Lagerhalle begeben, schnitten dieses auf und gelangten so ins Innere. Unter Mitnahme einer noch nicht bekannten Anzahl an Tabakwaren suchten sie das Weite. Die Beamten schlie\u00dfen nicht aus, dass die Einbrecher \u00fcberrascht wurden und teils zum Abtransport deponierte Zigaretten zur\u00fccklassen mussten. Auch die T\u00fcren zum B\u00fcrotrakt waren unversehrt. <\/p>\n\n\n\n<p>Die \u00dcberpr\u00fcfungen dauern derzeit noch an. Zeugen, die in der Nacht zum Sonntag gegen 3.30 Uhr verd\u00e4chtige Wahrnehmungen gemacht haben, werden gebeten, sich mit dem Polizeirevier Schwetzingen, Tel.: 06202\/2880, in Verbindung zu setzen. <\/p>\n\n\n\n<h4 class=\"wp-block-heading\">(Leimen \/ Rhein-Neckar-Kreis) &#8211; 18-j\u00e4hriger Rollerfahrer bedroht und Zigaretten geraubt \/ Bei Fahndung 31-j\u00e4hriger Tatverd\u00e4chtiger festgenommen<\/h4>\n\n\n\n<p>Am Sonntagabend gegen 23.20 Uhr wurde ein 18-j\u00e4hriger Rollerfahrer in der Tinqueux-Allee in H\u00f6he des Otto-Hoog-Stadions von einer m\u00e4nnlichen Person angehalten und zur Herausgabe des Mobiltelefons und des Rollerschl\u00fcssels aufgefordert. Nachdem der 18-J\u00e4hrige dies ablehnte, hielt ihm der T\u00e4ter einen schwarzen unbekannten Gegenstand an die Stirn und schlug ihm mit der Hand an den Helm. Dem Opfer gelang zun\u00e4chst in einem g\u00fcnstigen Moment zu Fu\u00df die Flucht. In der Annahme, der T\u00e4ter habe sich entfernt, kehrte er nach wenigen Minuten zur\u00fcck, wo er erneut bedroht und zur Herausgabe des Mobiltelefons aufgefordert wurde. Im weiteren Verlauf griff der T\u00e4ter in die Jackentasche und zog eine Zigarettenschachtel heraus, anschlie\u00dfend fl\u00fcchtete er zu Fu\u00df. Im Rahmen einer sofort eingeleiteten Fahndung konnte der Tatverd\u00e4chtige von einer Streife der Polizeihundef\u00fchrerstaffel gegen 0.15 Uhr in der Tinqueux-Allee in H\u00f6he des Stadtparks festgestellt und festgenommen werden. Bei seiner Durchsuchung konnte die Zigarettenpackung aufgefunden werden. Eine Tatwaffe f\u00fchrte der 31-j\u00e4hrige Mann nicht mit. Ein Alkoholtest auf dem Revier ergab einen Wert von \u00fcber einem Promille, ein Arzt entnahm eine Blutprobe. Nach seiner erkennungsdienstlichen Behandlung wurde der Tatverd\u00e4chtige zun\u00e4chst auf freien Fu\u00df gesetzt. Die weiteren Ermittlungen f\u00fchrt die Kriminalpolizeidirektion Heidelberg. <\/p>\n\n\n\n<h4 class=\"wp-block-heading\">(Leimen-Gauangelloch \/ Rhein-Neckar-Kreis) &#8211; Am Steuer eingeschlafen und gegen Hauswand geprallt \/ Kind leicht verletzt<\/h4>\n\n\n\n<p>Weil ein 55-j\u00e4hriger Autofahrer am Samstag gegen 13.20 Uhr auf der Hauptstra\u00dfe am Steuer seines Autos kurz eingeschlafen ist, kam es zum Unfall. Dabei wurde ein mitfahrender zehnj\u00e4hriger Junge leicht verletzt, an dem Auto entstand Sachschaden von ca. 10.000 Euro. Zeugen gaben an, dass der Fahrer langsam nach links von der Fahrbahn abkam und gegen eine Hauswand bzw. ein Hoftor prallte. Das leichtverletzte Kind wurde vorsorglich mit einem Rettungswagen in eine Klinik nach Heidelberg gebracht, der Fahrer blieb unverletzt. Ein Alkoholtest verlief negativ. Der F\u00fchrerschein des 55-J\u00e4hrigen wurde sichergestellt. Das Auto musste abgeschleppt werden, der Hauseigent\u00fcmer war vor Ort. <\/p>\n\n\n\n<h4 class=\"wp-block-heading\">(Wiesloch \/ A 6 \/ Rhein-Neckar-Kreis) &#8211; Schwerfahrzeug verschiebt Betongleitw\u00e4nde und fl\u00fcchtet \/ Zeugen gesucht &#8211; Staus w\u00e4hrend der erforderlichen Bauarbeiten<\/h4>\n\n\n\n<p>Am Dienstagmorgen gegen 4 Uhr kam ein bislang unbekannter Fahrer eines Schwerfahrzeugs auf der A 6 zwischen den Anschlussstellen Sinsheim und Wiesloch\/Rauenberg innerhalb der Baustelle nach links von der Fahrbahn ab und prallte gegen die Betongleitw\u00e4nde. Dabei wurden zw\u00f6lf Gleitwandteile bis zu einem Meter weit in die Gegenfahrbahn geschoben. Der Fahrer entfernte sich von der Unfallstelle ohne sich zu melden. Zur Absicherung der Gefahrenstelle musste der linke Fahrstreifen in Richtung Heilbronn abgesichert werden. Ab 7 Uhr kam eine verst\u00e4ndigte Firma und richtete die Gleitw\u00e4nde wieder ein. F\u00fcr diese Arbeiten mussten die linken Fahrstreifen in beide Richtungen gesperrt werden. Im Berufsverkehr bildeten sich kilometerlange Staus. Nach Beendigung der Arbeiten gegen 9 Uhr l\u00f6sten sich die Stauungen nur langsam auf. Zeugen, die Hinweise auf das Schwerfahrzeug geben k\u00f6nnen, werden gebeten sich unter Telefon 06227\/358260 bei der Verkehrspolizei in Walldorf zu melden. <\/p>\n\n\n\n<h4 class=\"wp-block-heading\">(Wiesloch-Baiertal \/ Rhein-Neckar-Kreis) &#8211; Alte Eiche aufgrund starker Windb\u00f6en auf Stra\u00dfe gefallen \/ Autofahrer im Gl\u00fcck<\/h4>\n\n\n\n<p>Ein alter Eichenbaum ist am Sonntagmorgen kurz vor 9 Uhr auf der Landstra\u00dfe zwischen Baiertal und Schatthausen aufgrund von Windb\u00f6en entwurzelt worden und st\u00fcrzte von einem Hang auf die Stra\u00dfe. Die Freiwillige Feuerwehr aus Baiertal zerlegte den Baum vor Ort, die Stra\u00dfe musste f\u00fcr knapp eine Stunde gesperrt werden. Telefonisch meldete sich auf dem Polizeirevier Wiesloch ein Autofahrer und teilte mit, dass der Baum hinter seinem Auto auf die Stra\u00dfe fiel. Durch die \u00c4ste entstanden zwei Kratzer auf dem Fahrzeugdach. <\/p>\n\n\n\n<h4 class=\"wp-block-heading\">(St.Leon-Rot \/ Rhein-Neckar-Kreis) &#8211; Arbeitsmaschinen aus Baucontainer gestohlen \/ Waren mehrere T\u00e4ter an der Tat beteiligt ? Polizei ermittelt und bittet um Hinweise<\/h4>\n\n\n\n<p>Mehrere Arbeitsmaschinen, die in einem Baucontainer deponiert waren, stahlen \u00fcber das zur\u00fcckliegende Wochenende bislang unbekannte T\u00e4ter. Arbeiter bemerkten am Montagmorgen bei Arbeitsaufnahme den Aufbruch und alarmierten die Polizei. Am Freitagmittag gegen 12 Uhr hatten sie die \u00d6rtlichkeit ordnungsgem\u00e4\u00df verlassen. <\/p>\n\n\n\n<p>Das Vorh\u00e4ngeschloss des Containers, der neben der BAB 5 zwischen dem AK Walldorf\/AS Kronau und nahe einer Unterf\u00fchrung steht, brachen die T\u00e4ter auf und lie\u00dfen verschiedene Ger\u00e4tschaften, darunter eine Hilti, eine Handkreiss\u00e4ge, ein Schlagschrauber, eine Motors\u00e4ge und weitere Gegenst\u00e4nde im Wert von fast 4.000 Euro mitgehen. <\/p>\n\n\n\n<p>Ein fast 500 kg schweres Gegengewicht aus Beton, welches vor dem Container zus\u00e4tzlich platziert war, versetzten die Unbekannten. <\/p>\n\n\n\n<p>Die Polizeibeamten gehen davon aus, dass mehrere Personen an der Tat beteiligt waren. Zeugen, die zwischen Freitagmittag und Montagmorgen verd\u00e4chtige Beobachtungen im genannten Bereich gemacht haben und Hinweise zu Personen bzw. Fahrzeuge geben k\u00f6nnen, werden gebeten, sich mit dem Verkehrsdienst, Au\u00dfenstelle Walldorf, Tel.: 06227\/35826-0, in Verbindung zu setzen. <\/p>\n\n\n\n<h4 class=\"wp-block-heading\">(M\u00fchlhausen \/ Rhein-Neckar-Kreis) &#8211; Drei Verletzte und \u00fcber 10.000 Euro Schaden bei Verkehrsunfall<\/h4>\n\n\n\n<p>Eine Ford Fiesta-Fahrerin missachtete am Samstagabend kurz nach 21 Uhr an der Einm\u00fcndung K 4271\/B 39 die Vorfahrt einer Audi-Fahrerin und l\u00f6ste den Zusammensto\u00df aus. Beide Autos wurden stark in Mitleidenschaft gezogen und von Abschleppunternehmen von der Unfallstelle abtransportiert. Die Polizei beziffert den Gesamtschaden auf \u00fcber 10.000 Euro. <\/p>\n\n\n\n<p>Sowohl die Verursacherin, als auch die Audi-Fahrerin und ihr Mitfahrer zogen sich leichte Verletzungen zu und wurden nach der Erstversorgung im Sinsheimer Krankenhaus weiterbehandelt. Die aus Angelbachtal stammende Verursacherin sieht einer Anzeige entgegen. <\/p>\n\n\n\n<h4 class=\"wp-block-heading\">(Dielheim-Horrenberg \/ Rhein-Neckar-Kreis) &#8211; Einbruch in B\u00e4ckerei Tatzeit zwischen 1 und 5 Uhr am Samstagfr\u00fch \/ Hinweise an die Polizei<\/h4>\n\n\n\n<p>In eine B\u00e4ckerei-Filiale in der Ortsstra\u00dfe brachen am Samstag zwischen 1 und 5 Uhr bislang unbekannte T\u00e4ter ein. Als eine Bedienstete am fr\u00fchen Morgen die Filiale aufschlie\u00dfen wollte, stellte sie Besch\u00e4digungen an der Haupteingangst\u00fcre fest. Im Innern wurden verschiedene Schubladen, K\u00fchltruhen wie auch Spinde der Bediensteten ge\u00f6ffnet und durchsucht. <\/p>\n\n\n\n<p>Ob bzw. was im Einzelnen gestohlen wurde, ist derzeit noch nicht gekl\u00e4rt und Gegenstand der weiteren Ermittlungen. Angaben zur Gesamtschadensh\u00f6he k\u00f6nnen ebenfalls noch nicht get\u00e4tigt werden. <\/p>\n\n\n\n<p>Zeugen, die in der Zeit zwischen 1 und 5 Uhr am Samstag verd\u00e4chtige Beobachtungen gemacht haben und Hinweise zu Personen oder gar Fahrzeuge geben k\u00f6nnen, werden gebeten, Kontakt mit dem Polizeirevier Wiesloch, Tel.: 06222\/57090, aufzunehmen. <\/p>\n\n\n\n<h4 class=\"wp-block-heading\">(Meckesheim \/ Rhein-Neckar-Kreis) &#8211; Versuchter Metalldiebstahl \/ T\u00e4ter lassen Hubwagen zur\u00fcck &#8211; Besitzer und Zeugen gesucht<\/h4>\n\n\n\n<p>In der Nacht von Mittwoch auf Donnerstag (26.\/27.02.) versuchten unbekannte T\u00e4ter aus einer Firma in der Dieselstra\u00dfe Edelstahlsp\u00e4ne zu entwenden. Mit einem mitgebrachten Hubwagen wurden insgesamt sieben Gitterboxen sowie ein Container aus einem Metallgitterschuppen zum Lagerplatz transportiert und bereitgestellt. Vermutlich wurden die T\u00e4ter bei der weiteren Tatausf\u00fchrung gest\u00f6rt und fl\u00fcchteten ohne Beute. Dabei lie\u00dfen sie den mitgebrachten orangefarbenen Hubwagen der Marke &#8222;Still&#8220; zur\u00fcck. Der Hubwagen ist mit einer internen Kennzeichnung &#8222;KC &#8211; 508&#8220; versehen. Der Besitzer des Hubwagens sowie Zeugen, die im fraglichen Tatzeitraum verd\u00e4chtige Beobachtungen gemacht haben, werden gebeten sich unter Telefon 06226\/1336 beim Polizeiposten Meckesheim oder au\u00dferhalb dessen \u00d6ffnungszeiten beim Polizeirevier Neckargem\u00fcnd, Telefon 06223\/92540, zu melden. <\/p>\n\n\n\n<h4 class=\"wp-block-heading\">(Sinsheim \/ Rhein-Neckar-Kreis) &#8211; Unfall im Kreuzungsbereich<\/h4>\n\n\n\n<p>An der Kreuzung Kaiser-\/Rohr\u00e4ckerstra\u00dfe stie\u00dfen in der Nacht zum Sonntag kurz nach Mitternacht zwei Fahrzeuge zusammen. Eine 19-j\u00e4hrige Hyundai-Fahrerin erkannte den Skoda des aus \u00d6stringen stammenden Mannes zu sp\u00e4t, fuhr ungebremst in die Kreuzung ein und prallte gegen den Wagen. Die Beifahrerin im Hyundai klagte bei der Unfallaufnahme \u00fcber Verletzungen und wurde in das Sinsheimer Krankenhaus eingeliefert. Die beiden total besch\u00e4digten Autos &#8211; Schaden von fast 30.000 Euro &#8211; transportierten Abschleppunternehmen von der Unfallstelle ab. <\/p>\n\n\n\n<h4 class=\"wp-block-heading\">(Sinsheim \/ M\u00fcnchen \/ Rhein-Neckar-Kreis) &#8211; Beleidigende Banner und Pyrotechnik im G\u00e4steblock; Ermittlungsgruppe &#8222;Kurve&#8220; nimmt Arbeit auf<\/h4>\n\n\n\n<h4 class=\"wp-block-heading\" style=\"text-align:center\">Pressemitteilung Nr. 2<\/h4>\n\n\n\n<p>Nachdem w\u00e4hrend der Begegnung der 1. Fu\u00dfballbundesliga zwischen der TSG 1899 Hoffenheim und dem FC Bayern M\u00fcnchen am Samstag, den 29. Februar 2020 im G\u00e4steblock der PreZero-Arena in Sinsheim beleidi-gende Banner gezeigt und mehrfach Pyrotechnik gez\u00fcndet worden war, richtete das Polizeipr\u00e4sidium Mannheim bereits einen Tag danach eine Ermittlungsgruppe zur Aufkl\u00e4rung der Ereignisse ein. <\/p>\n\n\n\n<p>Die Ermittlungsgruppe &#8222;Kurve&#8220; besteht aus sieben erfahrenen orts- und szenekundigen Beamten. Dar\u00fcber hinaus sind auch Videoauswerter und Kriminaltechniker Bestandteil dieser Ermittlungsgruppe, die beim Polizeirevier Sinsheim eingerichtet ist. <\/p>\n\n\n\n<p>Die w\u00e4hrend des Spiels gesicherten Videoaufzeichnungen werden nun se-quenziell ausgewertet. Ziel ist es, vermeintliche T\u00e4ter zu erkennen und in einem weiteren Schritt gerichtsverwertbar zu identifizieren. <\/p>\n\n\n\n<p>Dar\u00fcber hinaus sind die Ermittler auch auf die Mithilfe von Zeugen angewiesen. Insbesondere die Personen, die private Videoaufnahmen mit ihren Handys von den Ereignissen im G\u00e4steblock gefertigt haben, werden gebeten, diese Mitschnitte der Ermittlungsgruppe &#8222;Kurve&#8220; unter <a href=\"mailto:sinsheim.prev.skb@polizei.bwl.de\">sinsheim.prev.skb@polizei.bwl.de<\/a> zur Verf\u00fcgung zu stellen. Dar\u00fcber hinaus werden Zeugenhinweise auch telefonisch unter Tel.: 07261\/690-0 beim Polizeirevier Sinsheim entgegengenommen.<\/p>\n\n\n\n<h4 class=\"wp-block-heading\">(Eberbach \/ Rhein-Neckar-Kreis) &#8211; Bei Wendeman\u00f6ver Eisenpfosten besch\u00e4digt und gefl\u00fcchtet Hinweise an die Eberbacher Polizei<\/h4>\n\n\n\n<p>Am Montagmorgen wurde ein Busfahrer auf den besch\u00e4digten Eisenpfosten am Zufahrtstor des Eberbacher Bildungs- und Arbeitszentrums im Ohrsbergweg aufmerksam und informierte einen Verantwortlichen. \u00dcber die vergangenen Tage stie\u00df offenbar ein bislang noch nicht ermittelter Autofahrer bei seinem Wendeman\u00f6ver gegen den Eisenpfosten, der dadurch erheblich besch\u00e4digt wurde. <\/p>\n\n\n\n<p>Sachschaden entstand in H\u00f6he von ca. 2.000 Euro. <\/p>\n\n\n\n<p>Ohne sich um eine Schadensregulierung zu k\u00fcmmern, setzte der Verursacher seine Fahrt fort. Die Beamten des Eberbacher Reviers ermitteln wegen Unfallflucht und nehmen unter Tel.: 06271\/92100 sachdienliche Hinweise entgegen. <\/p>\n\n\n\n<h4 class=\"wp-block-heading\">(Eberbach \/ Rhein-Neckar-Kreis) &#8211; Technischer Defekt als Brandursache ? Ermittlungen dauern an<\/h4>\n\n\n\n<p>Eine 24-j\u00e4hrige aus dem Odenwald stammende Frau war am Sonntagabend kurz vor 22 Uhr in der Uferstra\u00dfe in Richtung Heidelberg gefahren, als ihr pl\u00f6tzlich mehrere entgegenkommende Autofahrer Lichthupe gegeben hatten, worauf sie schlie\u00dflich anhielt. <\/p>\n\n\n\n<p>Beim Aussteigen nahm sie selbst Flammen im Motorraum ihres Peugeot wahr. Zwischenzeitlich hatten Verkehrsteilnehmer die Feuerwehr informiert; bei Eintreffen der Wehrleute stand der Motorraum bereits voll in Flammen. <\/p>\n\n\n\n<p>Rasch hatten die rund 15 Feuerwehrleute das Feuer gel\u00f6scht; den total besch\u00e4digten Peugeot entfernte danach ein Abschleppunternehmen. Ob ein technischer Defekt als Brandursache in Frage kommt, wird noch gepr\u00fcft. <\/p>\n\n\n\n<p>Der Stra\u00dfenbelag wurde ebenfalls in Mitleidenschaft gezogen. In welcher H\u00f6he hier Schaden entstand, ist aktuell noch nicht bekannt. <\/p>\n\n\n\n<h4 class=\"wp-block-heading\">(Neckargem\u00fcnd \/ Rhein-Neckar-Kreis) &#8211; Verursacher entfernt sich \/ Hinweise an die Polizei<\/h4>\n\n\n\n<p>Einen in der Neckarsteinacher Stra\u00dfe in H\u00f6he des Anwesens Nr. 1 geparkten Smart besch\u00e4digte in der Nacht zum Sonntag ein bislang nicht ermittelter Autofahrer. <\/p>\n\n\n\n<p>Unter Zur\u00fccklassung eines wei\u00dfen Spiegelgeh\u00e4uses und eines Spiegelglases entfernte sich der Verursacher unerlaubt; am Smart entstand Schaden von rund 5.000 Euro. Anhand bisher gef\u00fchrten \u00dcberpr\u00fcfungen m\u00fcsste es sich bei dem Fahrzeug um einen Mercedes, evtl. E-Klasse, gehandelt haben. Der Gesch\u00e4digte parkte seinen Smart am Samstag gegen 18 Uhr und bemerkte den Schaden am Sonntagmorgen gegen 7.30 Uhr. <\/p>\n\n\n\n<p>Er erstattete Anzeige beim Polizeirevier Neckargem\u00fcnd. Die Beamten ermitteln wegen Unfallflucht und nehmen unter Tel.: 06223\/9254-0 sachdienliche Hinweise entgegen. <\/p>\n\n\n\n<h4 class=\"wp-block-heading\">(Eppelheim \/ Rhein-Neckar-Kreis) &#8211; Wer ist der rechtm\u00e4\u00dfige Besitzer dieses Fahrrades ? Gesch\u00e4digter wird gebeten, sich bei der Polizei zu melden<\/h4>\n\n\n\n<div class=\"wp-block-image\"><figure class=\"aligncenter\"><img decoding=\"async\" loading=\"lazy\" width=\"800\" height=\"600\" src=\"https:\/\/speyer24news.com\/wp-content\/uploads\/2020\/03\/25.02.20-Eppelheim-Fahrrad.jpg\" alt=\"\" class=\"wp-image-25582\" srcset=\"https:\/\/speyer24news.com\/wp-content\/uploads\/2020\/03\/25.02.20-Eppelheim-Fahrrad.jpg 800w, https:\/\/speyer24news.com\/wp-content\/uploads\/2020\/03\/25.02.20-Eppelheim-Fahrrad-300x225.jpg 300w, https:\/\/speyer24news.com\/wp-content\/uploads\/2020\/03\/25.02.20-Eppelheim-Fahrrad-768x576.jpg 768w, https:\/\/speyer24news.com\/wp-content\/uploads\/2020\/03\/25.02.20-Eppelheim-Fahrrad-678x509.jpg 678w, https:\/\/speyer24news.com\/wp-content\/uploads\/2020\/03\/25.02.20-Eppelheim-Fahrrad-326x245.jpg 326w, https:\/\/speyer24news.com\/wp-content\/uploads\/2020\/03\/25.02.20-Eppelheim-Fahrrad-80x60.jpg 80w\" sizes=\"(max-width: 800px) 100vw, 800px\" \/><\/figure><\/div>\n\n\n\n<p>Am Dienstag, den 25. Februar 2020 fiel einer Polizeistreife des Polizeireviers Heidelberg-S\u00fcd kurz vor 20 Uhr ein 18-j\u00e4hriger Radfahrer in der Mozartstra\u00dfe auf, da er mit einem viel zu kleinen Bike gefahren war. Der folgende Wortwechsel war f\u00fcr die Beamten recht seltsam, zudem verstrickte sich der 18-J\u00e4hrige in Widerspr\u00fcche, bis er schlie\u00dflich zugab, das Fahrrad am S-Bahnhof Heidelberg-Pfaffengrund\/Wieblingen gestohlen zu haben. Der unter Alkoholeinwirkung stehende junge Mann wurde zur Wache verbracht; das Bike vorl\u00e4ufig sichergestellt. <\/p>\n\n\n\n<p>Es handelt sich um ein schwarzes Technobike M6 Dual-S mit wei\u00dfen und hellgr\u00fcnen Einlagen; 26-Zoll-R\u00e4der sowie 21-Gang-Shimano-Schaltung. <\/p>\n\n\n\n<p>Der rechtm\u00e4\u00dfige Besitzer dieses Fahrrades wird gebeten, Kontakt mit dem Polizeirevier Heidelberg-S\u00fcd, Tel.: 06221\/3418-0, aufzunehmen. <\/p>\n\n\n\n<h4 class=\"wp-block-heading\">(Weinheim \/ Rhein-Neckar-Kreis) &#8211; Weide durch Sturmb\u00f6en entwurzelt und umgefallen \/ Vier geparkte Auto besch\u00e4digt<\/h4>\n\n\n\n<p>In der Nacht von Sonntag auf Montag, gegen Mitternacht, wurde durch die heftigen Windb\u00f6en ein gro\u00dfer Weidenbaum &#8211; Stammdurchmesser ca. 80 cm &#8211; entwurzelt und fiel auf vier in der Brunhildstra\u00dfe geparkte Autos. An diesen entstand erheblicher Sachschaden, das genaue Schadensausma\u00df kann erst nach Beseitigung des Baumes durch eine Fachfirma festgestellt werden. Die Autobesitzer wurden von der Polizei informiert. Die weiteren Arbeiten werden vom Bauhof der Stadt Weinheim veranlasst.<\/p>\n\n\n\n<h4 class=\"wp-block-heading\">(Weinheim \/ Rhein-Neckar-Kreis) &#8211; Unbekannte stellen Einkaufswagen auf Gleise, Stra\u00dfenbahn besch\u00e4digt; Wer hat Verd\u00e4chtige(s) wahrgenommen?<\/h4>\n\n\n\n<p>Am Samstag gegen 23.45 Uhr stie\u00df eine Stra\u00dfenbahn der Linie 5 gegen einen Einkaufswagen, der auf dem Bahn\u00fcbergang an der Haltestelle H\u00e4ndelstra\u00dfe im Stamitzweg zuvor abgestellt wurde. <\/p>\n\n\n\n<p>Nach bisherigem Ermittlungsstand stellten ein oder mehrere bislang unbekannte Personen den Einkaufswagen auf den Gleisen ab. Der Stra\u00dfenbahnf\u00fchrer erkannte das Hindernis zu sp\u00e4t, \u00fcberfuhr den Einkaufswagen, der sich dadurch in einem Zaun verfing und diesen besch\u00e4digte. Insgesamt entstand ein Schaden von mehreren tausend Euro. <\/p>\n\n\n\n<p>Laut einer Zeugin sollen drei Jugendliche den Einkaufswagen auf den Gleisen abgestellt haben und anschlie\u00dfend zu Fu\u00df gefl\u00fcchtet sein. <\/p>\n\n\n\n<p>Die Ermittler des Polizeireviers Weinheim suchen nun nach Zeugen und oder Personen, die Hinweise auf die T\u00e4ter geben k\u00f6nnen. Diese werden gebeten, sich unter 06201 10030 zu melden. <\/p>\n\n\n\n<h4 class=\"wp-block-heading\">(Weinheim \/ Rhein-Neckar-Kreis) &#8211; Einbruch in der Kopernikusstra\u00dfe \/ Wer hat verd\u00e4chtige Beobachtungen gemacht ? Hinweise an die Polizei<\/h4>\n\n\n\n<p>Im Laufe des Samstagnachmittags bzw. -abends brachen bislang unbekannte T\u00e4ter in eine Wohnung eines Mehrfamillienhauses in der Kopernikusstra\u00dfe ein. Die Terrassent\u00fcre an der Geb\u00e4uder\u00fcckseite hebelten die T\u00e4ter auf und gelangten so in die Wohnr\u00e4ume. S\u00e4mtliche R\u00e4ume wie auch Beh\u00e4ltnisse wurden durchsucht und bisherigen Erkenntnissen nach mehrere hochwertige Schmuckst\u00fccke, u.a. mit Brillanten besetzte Halsketten und Ohrringe, wie auch Modeschmuck gestohlen. Die Gesamtschadensh\u00f6he sch\u00e4tzt die Polizei auf mehrere tausend Euro. Zeugen bzw. An-\/Bewohner, die in der Zeit zwischen Samstagmittag, 15 Uhr und Samstagabend, ca. 22 Uhr verd\u00e4chtige Beobachtungen gemacht haben, werden gebeten, sich mit dem Polizeirevier Weinheim, Tel.: 06201\/10030, oder der Kriminalpolizeidirektion Heidelberg, Tel.: 0621\/174-4444, in Verbindung zu setzen. <\/p>\n","protected":false},"excerpt":{"rendered":"<div class=\"mh-excerpt\"><p>Polizeimeldungen vom Montag &amp; Dienstag (02.03. &amp; 03.03.2020) (Speyer) &#8211; Erneut vier Verst\u00f6\u00dfe gegen das Pflichtversicherungsgesetz Am Montag stellte die Polizei im Stadtgebiet Speyer weiter vier Verkehrsteilnehmer fest, die mit einem Kleinkraftrad mit einem gr\u00fcnen <a class=\"mh-excerpt-more\" href=\"https:\/\/speyer24news.com\/?p=25578\" title=\"Polizei\">[&#8230;]<\/a><\/p>\n<\/div>","protected":false},"author":3,"featured_media":0,"comment_status":"open","ping_status":"open","sticky":false,"template":"","format":"standard","meta":{"_monsterinsights_skip_tracking":false,"_monsterinsights_sitenote_active":false,"_monsterinsights_sitenote_note":"","_monsterinsights_sitenote_category":0,"footnotes":""},"categories":[12],"tags":[3614,61,2555,63,105,53,4854,4683,1548,102,213,55,5261,103,106,2803,2423,427,2625,380,62,104,979,1565],"aioseo_notices":[],"amp_enabled":true,"_links":{"self":[{"href":"https:\/\/speyer24news.com\/index.php?rest_route=\/wp\/v2\/posts\/25578"}],"collection":[{"href":"https:\/\/speyer24news.com\/index.php?rest_route=\/wp\/v2\/posts"}],"about":[{"href":"https:\/\/speyer24news.com\/index.php?rest_route=\/wp\/v2\/types\/post"}],"author":[{"embeddable":true,"href":"https:\/\/speyer24news.com\/index.php?rest_route=\/wp\/v2\/users\/3"}],"replies":[{"embeddable":true,"href":"https:\/\/speyer24news.com\/index.php?rest_route=%2Fwp%2Fv2%2Fcomments&post=25578"}],"version-history":[{"count":2,"href":"https:\/\/speyer24news.com\/index.php?rest_route=\/wp\/v2\/posts\/25578\/revisions"}],"predecessor-version":[{"id":25584,"href":"https:\/\/speyer24news.com\/index.php?rest_route=\/wp\/v2\/posts\/25578\/revisions\/25584"}],"wp:attachment":[{"href":"https:\/\/speyer24news.com\/index.php?rest_route=%2Fwp%2Fv2%2Fmedia&parent=25578"}],"wp:term":[{"taxonomy":"category","embeddable":true,"href":"https:\/\/speyer24news.com\/index.php?rest_route=%2Fwp%2Fv2%2Fcategories&post=25578"},{"taxonomy":"post_tag","embeddable":true,"href":"https:\/\/speyer24news.com\/index.php?rest_route=%2Fwp%2Fv2%2Ftags&post=25578"}],"curies":[{"name":"wp","href":"https:\/\/api.w.org\/{rel}","templated":true}]}}