{"id":25585,"date":"2020-03-04T13:12:09","date_gmt":"2020-03-04T12:12:09","guid":{"rendered":"https:\/\/speyer24news.com\/?p=25585"},"modified":"2020-03-04T13:12:10","modified_gmt":"2020-03-04T12:12:10","slug":"speyer-20","status":"publish","type":"post","link":"https:\/\/speyer24news.com\/?p=25585","title":{"rendered":"Speyer"},"content":{"rendered":"<style type=\"text\/css\">\r\n\t.ads_top_disp{}\r\n\t.ads_top_corner_disp{ float:left; margin:0px 10px 10px 0px; }\r\n\t.ads_first_p_disp{}\r\n\t.ads_bottom_disp{}\r\n\t<\/style>\n<h2 class=\"wp-block-heading\"><strong>\u201eMehr Zeit f\u00fcr Familien\u201c \u2013 Auszeichnung f\u00fcr Speyerer Ferienprogramm<\/strong><\/h2>\n\n\n\n<div class=\"wp-block-image\"><figure class=\"aligncenter\"><img decoding=\"async\" loading=\"lazy\" width=\"800\" height=\"533\" src=\"https:\/\/speyer24news.com\/wp-content\/uploads\/2020\/03\/DSC00586.jpg\" alt=\"\" class=\"wp-image-25586\" srcset=\"https:\/\/speyer24news.com\/wp-content\/uploads\/2020\/03\/DSC00586.jpg 800w, https:\/\/speyer24news.com\/wp-content\/uploads\/2020\/03\/DSC00586-300x200.jpg 300w, https:\/\/speyer24news.com\/wp-content\/uploads\/2020\/03\/DSC00586-768x512.jpg 768w\" sizes=\"(max-width: 800px) 100vw, 800px\" \/><\/figure><\/div>\n\n\n\n<p>Viele Familien leiden zunehmend unter Stress und Zeitnot. Im Rahmen der Initiative \u201eFamilie &#8211; ein starkes St\u00fcck\u201c  des rheinland-pf\u00e4lzischen Ministeriums f\u00fcr Familie, Frauen, Jugend, Integration und Verbraucherschutz wurde daher nun schon zum wiederholten Mal ein Wettbewerb initiiert, bei dem sich Kommunen mit \u201eKonzepten zur Zeitpolitik\u201c um Pr\u00e4mien von jeweils bis zu 15.000  Euro bewerben konnten. Die Stadt Speyer hat im September 2019 ein Konzept zur Durchf\u00fchrung eines Ferienprogramms f\u00fcr Familien in den Winterferien 2020 eingereicht und wurde daf\u00fcr mit einem Preisgeld in H\u00f6he von 15.000 Euro ausgezeichnet.<\/p>\n\n\n\n<div class=\"wp-block-image\"><figure class=\"aligncenter\"><img decoding=\"async\" loading=\"lazy\" width=\"800\" height=\"533\" src=\"https:\/\/speyer24news.com\/wp-content\/uploads\/2020\/03\/DSC00532.jpg\" alt=\"\" class=\"wp-image-25587\" srcset=\"https:\/\/speyer24news.com\/wp-content\/uploads\/2020\/03\/DSC00532.jpg 800w, https:\/\/speyer24news.com\/wp-content\/uploads\/2020\/03\/DSC00532-300x200.jpg 300w, https:\/\/speyer24news.com\/wp-content\/uploads\/2020\/03\/DSC00532-768x512.jpg 768w\" sizes=\"(max-width: 800px) 100vw, 800px\" \/><\/figure><\/div>\n\n\n\n<p>Durchgef\u00fchrt wurde das Familien-Freizeit-Programm in der vergangenen Woche. \u201eDas Besondere an unserem Angebot ist,  dass Kinder und Eltern gemeinsam an den abwechslungsreichen Programmpunkten teilnehmen konnten\u201c, betonten die Organisatorinnen Lena Dunio-\u00d6zkan, Gleichstellungsbeauftragte der Stadt Speyer, und Tina Hecky, Koordinatorin der Familienbildung. <\/p>\n\n\n\n<div class=\"wp-block-image\"><figure class=\"aligncenter\"><img decoding=\"async\" loading=\"lazy\" width=\"800\" height=\"533\" src=\"https:\/\/speyer24news.com\/wp-content\/uploads\/2020\/03\/DSC00595.jpg\" alt=\"\" class=\"wp-image-25588\" srcset=\"https:\/\/speyer24news.com\/wp-content\/uploads\/2020\/03\/DSC00595.jpg 800w, https:\/\/speyer24news.com\/wp-content\/uploads\/2020\/03\/DSC00595-300x200.jpg 300w, https:\/\/speyer24news.com\/wp-content\/uploads\/2020\/03\/DSC00595-768x512.jpg 768w\" sizes=\"(max-width: 800px) 100vw, 800px\" \/><\/figure><\/div>\n\n\n\n<p>Das Programm bot Familien die M\u00f6glichkeit, die Ferien abwechslungsreich zu gestalten, gemeinsam Zeit zu verbringen\n und gleichzeitig neue Freizeitaktivit\u00e4ten kennenzulernen. Angeboten wurden eine digitale Schnitzeljagd mit verschiedenen Stationen in der Stadtbibliothek, eine sportliche Winterolympiade beim Judo-Sportverein Speyer e.V., ein Kreativangebot im Kulturhaus Pablo\n e.V. sowie gemeinsames Musizieren und Kennenlernen neuer Instrumente in der Musikschule der Stadt Speyer.\n<\/p>\n\n\n\n<p>Die hohen Teilnahmezahlen best\u00e4tigten den Bedarf an einem solchen Angebot. H\u00f6hepunkt der Woche war der Termin im  Judomaxx, als sich insgesamt 50 Personen &#8211; 18 Erwachsene und 32 Kinder &#8211; zum gemeinsamen Sport trafen und kollektiv schwitzten. <\/p>\n\n\n\n<div class=\"wp-block-image\"><figure class=\"aligncenter\"><img decoding=\"async\" loading=\"lazy\" width=\"800\" height=\"583\" src=\"https:\/\/speyer24news.com\/wp-content\/uploads\/2020\/03\/IMG_E4514.jpg\" alt=\"\" class=\"wp-image-25589\" srcset=\"https:\/\/speyer24news.com\/wp-content\/uploads\/2020\/03\/IMG_E4514.jpg 800w, https:\/\/speyer24news.com\/wp-content\/uploads\/2020\/03\/IMG_E4514-300x219.jpg 300w, https:\/\/speyer24news.com\/wp-content\/uploads\/2020\/03\/IMG_E4514-768x560.jpg 768w\" sizes=\"(max-width: 800px) 100vw, 800px\" \/><\/figure><\/div>\n\n\n\n<p>Die Initiatorinnen der Stadtverwaltung sind sehr zufrieden mit dem Verlauf des Ferienprogramms, welches nur dank  der professionellen Zusammenarbeit von allen beteiligten Partnerinnen und Partnern und deren Engagement so hervorragend gelingen konnte. Durch das Preisgeld konnte das Ferienprogramm f\u00fcr die Teilnehmer*innen kostenlos und mit Verpflegung angeboten werden.<\/p>\n\n\n\n<p><em>Stadtverwaltung Speyer<br>04.03.2020<\/em><\/p>\n","protected":false},"excerpt":{"rendered":"<div class=\"mh-excerpt\"><p>\u201eMehr Zeit f\u00fcr Familien\u201c \u2013 Auszeichnung f\u00fcr Speyerer Ferienprogramm Viele Familien leiden zunehmend unter Stress und Zeitnot. Im Rahmen der Initiative \u201eFamilie &#8211; ein starkes St\u00fcck\u201c des rheinland-pf\u00e4lzischen Ministeriums f\u00fcr Familie, Frauen, Jugend, Integration und <a class=\"mh-excerpt-more\" href=\"https:\/\/speyer24news.com\/?p=25585\" title=\"Speyer\">[&#8230;]<\/a><\/p>\n<\/div>","protected":false},"author":3,"featured_media":23902,"comment_status":"open","ping_status":"open","sticky":false,"template":"","format":"standard","meta":{"_monsterinsights_skip_tracking":false,"_monsterinsights_sitenote_active":false,"_monsterinsights_sitenote_note":"","_monsterinsights_sitenote_category":0,"footnotes":""},"categories":[9],"tags":[263,6193,6194,6],"aioseo_notices":[],"amp_enabled":true,"_links":{"self":[{"href":"https:\/\/speyer24news.com\/index.php?rest_route=\/wp\/v2\/posts\/25585"}],"collection":[{"href":"https:\/\/speyer24news.com\/index.php?rest_route=\/wp\/v2\/posts"}],"about":[{"href":"https:\/\/speyer24news.com\/index.php?rest_route=\/wp\/v2\/types\/post"}],"author":[{"embeddable":true,"href":"https:\/\/speyer24news.com\/index.php?rest_route=\/wp\/v2\/users\/3"}],"replies":[{"embeddable":true,"href":"https:\/\/speyer24news.com\/index.php?rest_route=%2Fwp%2Fv2%2Fcomments&post=25585"}],"version-history":[{"count":1,"href":"https:\/\/speyer24news.com\/index.php?rest_route=\/wp\/v2\/posts\/25585\/revisions"}],"predecessor-version":[{"id":25590,"href":"https:\/\/speyer24news.com\/index.php?rest_route=\/wp\/v2\/posts\/25585\/revisions\/25590"}],"wp:featuredmedia":[{"embeddable":true,"href":"https:\/\/speyer24news.com\/index.php?rest_route=\/wp\/v2\/media\/23902"}],"wp:attachment":[{"href":"https:\/\/speyer24news.com\/index.php?rest_route=%2Fwp%2Fv2%2Fmedia&parent=25585"}],"wp:term":[{"taxonomy":"category","embeddable":true,"href":"https:\/\/speyer24news.com\/index.php?rest_route=%2Fwp%2Fv2%2Fcategories&post=25585"},{"taxonomy":"post_tag","embeddable":true,"href":"https:\/\/speyer24news.com\/index.php?rest_route=%2Fwp%2Fv2%2Ftags&post=25585"}],"curies":[{"name":"wp","href":"https:\/\/api.w.org\/{rel}","templated":true}]}}