{"id":25645,"date":"2020-03-05T09:48:15","date_gmt":"2020-03-05T08:48:15","guid":{"rendered":"https:\/\/speyer24news.com\/?p=25645"},"modified":"2020-03-05T09:48:17","modified_gmt":"2020-03-05T08:48:17","slug":"wirtschaft-finanzen-39","status":"publish","type":"post","link":"https:\/\/speyer24news.com\/?p=25645","title":{"rendered":"Wirtschaft &#038; Finanzen"},"content":{"rendered":"<style type=\"text\/css\">\r\n\t.ads_top_disp{}\r\n\t.ads_top_corner_disp{ float:left; margin:0px 10px 10px 0px; }\r\n\t.ads_first_p_disp{}\r\n\t.ads_bottom_disp{}\r\n\t<\/style>\n<h1 class=\"wp-block-heading\" style=\"text-align:center\">Bundesagentur f\u00fcr Arbeit<\/h1>\n\n\n\n<div class=\"wp-block-image\"><figure class=\"aligncenter\"><img decoding=\"async\" src=\"https:\/\/speyer24news.com\/wp-content\/uploads\/2020\/03\/Agentur-f\u00fcr-Arbeit.png\" alt=\"\" class=\"wp-image-25646\"\/><\/figure><\/div>\n\n\n\n<h2 class=\"wp-block-heading\">Der Arbeitsmarkt im Februar 2020<\/h2>\n\n\n\n<h3 class=\"wp-block-heading\">Weiter stabile Entwicklung trotz schwacher Konjunktur<\/h3>\n\n\n\n<p><strong>N\u00fcrnberg \/ Deutschland <\/strong>&#8211; \u201eAm Arbeitsmarkt zeigen sich weiterhin Spuren der konjunkturellen Schw\u00e4che. Insgesamt ist er aber stabil. Arbeitslosigkeit und Unterbesch\u00e4ftigung sind im Februar \u2013 auch beg\u00fcnstigt von der milden Witterung \u2013 saisonbereinigt gesunken.\u201c, sagte der Vorstandsvorsitzende der Bundesagentur f\u00fcr Arbeit (BA), Detlef Scheele, am 28.02.2020 anl\u00e4sslich der monatlichen Pressekonferenz in N\u00fcrnberg.<\/p>\n\n\n\n<ul><li><strong>Arbeitslosenzahl im Februar: -30.000 auf 2.396.000<\/strong><\/li><li><strong>Arbeitslosenzahl im Vorjahresvergleich: +23.000<\/strong><\/li><li><strong>Arbeitslosenquote gegen\u00fcber Vormonat: unver\u00e4ndert bei 5,3 Prozent<\/strong><\/li><\/ul>\n\n\n\n<h4 class=\"wp-block-heading\">Arbeitslosigkeit, Unterbesch\u00e4ftigung und Erwerbslosigkeit<\/h4>\n\n\n\n<p>Die Arbeitslosenzahl ist von Januar auf Februar vergleichsweise kr\u00e4ftig um 30.000 auf 2.396.000 gesunken, was auch auf den milden Winter zur\u00fcckzuf\u00fchren ist. Bereinigt um die saisonalen Einfl\u00fcsse wird f\u00fcr den Februar ein leichter R\u00fcckgang von 10.000 im Vergleich zum Vormonat errechnet. Gegen\u00fcber dem Vorjahr hat sich die Arbeitslosenzahl um 23.000 erh\u00f6ht. Die Arbeitslosenquote liegt wie im Januar bei 5,3 Prozent und hat sich auch im Vergleich zum Februar des vorigen Jahres nicht ver\u00e4ndert. Die nach dem ILO-Erwerbskonzept vom Statistischen Bundesamt ermittelte Erwerbslosenquote belief sich im Januar auf 3,4 Prozent. <\/p>\n\n\n\n<p>Die Unterbesch\u00e4ftigung, die auch Ver\u00e4nderungen in der Arbeitsmarktpolitik und kurzfristiger Arbeitsunf\u00e4higkeit ber\u00fccksichtigt, hat sich saisonbereinigt gegen\u00fcber dem Vormonat um 10.000 verringert. Insgesamt lag die Unterbesch\u00e4ftigung im Februar 2020 bei 3.337.000 Personen. Das waren 25.000 mehr als vor einem Jahr.<\/p>\n\n\n\n<h4 class=\"wp-block-heading\">Erwerbst\u00e4tigkeit und sozialversicherungspflichtige Besch\u00e4ftigung<\/h4>\n\n\n\n<p>Erwerbst\u00e4tigkeit und sozialversicherungspflichtige Besch\u00e4ftigung sind weiter gestiegen, allerdings mit geringeren Zuw\u00e4chsen als im vergangenen Jahr. Nach Angaben des Statistischen Bundesamtes hat sich die Zahl der Erwerbst\u00e4tigen (nach dem Inlandskonzept) im Januar saisonbereinigt gegen\u00fcber dem Vormonat um 18.000 erh\u00f6ht. Mit 45,08 Millionen Personen fiel sie im Vergleich zum Vorjahr um 241.000 h\u00f6her aus. Das Plus beruht weit \u00fcberwiegend auf dem Zuwachs der sozialversicherungspflichtigen Besch\u00e4ftigung. Diese ist im Vergleich zum Vorjahr um 474.000 gestiegen. Insgesamt waren im Dezember nach hochgerechneten Angaben der BA 33,76 Millionen Menschen sozialversicherungspflichtig besch\u00e4ftigt. Saisonbereinigt ergibt sich von November auf Dezember ein Anstieg um 59.000.<\/p>\n\n\n\n<h4 class=\"wp-block-heading\">Arbeitskr\u00e4ftenachfrage<\/h4>\n\n\n\n<p>Die Nachfrage nach neuen Arbeitskr\u00e4ften bleibt im langj\u00e4hrigen Vergleich hoch, gibt im Vorjahresvergleich aber weiter deutlich nach. Im Februar waren 690.000 Arbeitsstellen bei der BA gemeldet, 94.000 weniger als vor einem Jahr. Saisonbereinigt hat sich der Bestand der bei der BA gemeldeten Arbeitsstellen um 4.000 verringert. Der BA-Stellenindex (BA X) \u2013 ein Indikator f\u00fcr die Nachfrage nach Personal in Deutschland \u2013 sank im Februar 2020 um 2 auf 116 Punkte. Er liegt damit 17 Punkte unter dem Vorjahreswert.<\/p>\n\n\n\n<h4 class=\"wp-block-heading\">Geldleistungen<\/h4>\n\n\n\n<p>885.000 Personen erhielten im Februar 2020 Arbeitslosengeld, 50.000 mehr als vor einem Jahr. Die Zahl der erwerbsf\u00e4higen Leistungsberechtigten in der Grundsicherung f\u00fcr Arbeitsuchende (SGB II) lag im Februar bei 3.754.000. Gegen\u00fcber Februar 2019 war dies ein R\u00fcckgang von 254.000 Personen. 6,9 Prozent der in Deutschland lebenden Personen im erwerbsf\u00e4higen Alter waren damit hilfebed\u00fcrftig.<\/p>\n\n\n\n<h4 class=\"wp-block-heading\">Ausbildungsmarkt<\/h4>\n\n\n\n<p>Von Oktober 2019 bis Februar 2020 meldeten sich bei den Agenturen f\u00fcr Arbeit und den Jobcentern 334.000 Bewerberinnen und Bewerber f\u00fcr eine Ausbildungsstelle. Das waren 23.000 weniger als im Vorjahreszeitraum. Gleichzeitig waren 424.000 Ausbildungsstellen gemeldet, 23.000 weniger als vor einem Jahr. Der Ausbildungsmarkt ist im Februar aber noch sehr stark in Bewegung. Deshalb ist es f\u00fcr eine fundierte Bewertung zu fr\u00fch.<\/p>\n\n\n\n<p>Den ausf\u00fchrlichen Monatsbericht finden Sie im Internet unter<br> <a rel=\"noreferrer noopener\" href=\"https:\/\/deref-web-02.de\/mail\/client\/cCyeWcf-PFg\/dereferrer\/?redirectUrl=https%3A%2F%2Fstatistik.arbeitsagentur.de\" target=\"_blank\">https:\/\/statistik.arbeitsagentur.de<\/a>.<\/p>\n\n\n\n<p><em>Bundesagentur f\u00fcr Arbeit<br>05.03.2020<\/em><\/p>\n\n\n\n<h2 class=\"wp-block-heading\">Zugang erleichtert<\/h2>\n\n\n\n<h3 class=\"wp-block-heading\">Kinderzuschlag jetzt einfach online beantragen<\/h3>\n\n\n\n<p><strong>Berlin \/ Deutschland &#8211; <\/strong>Der Kinderzuschlag kann jetzt online beantragt werden \u2013 schnell und unb\u00fcrokratisch, jederzeit und von \u00fcberall. Die Digitalisierung dieser wichtigen Leistung erleichtert den Zugang und hilft damit, Kinder besser zu f\u00f6rdern und Kinderarmut zu vermeiden. Heute stellten Bundesfamilienministerin, Dr. Franziska Giffey und der Leiter der Familienkasse, Karsten Bunk, in Berlin den neuen Online-Antrag vor. Er ist ein wesentlicher Baustein der Gesamtreform des Kinderzuschlags durch das Starke-Familien-Gesetz.<\/p>\n\n\n\n<p>Am 1. Januar 2020 ist die zweite Stufe des Starke-Familien-Gesetzes in Kraft getreten. Mehr Familien haben nun Anspruch auf Kinderzuschlag (KiZ). Abh\u00e4ngig von der finanziellen Situation der Familie kann dieser pro Kind bis zu 185 Euro monatlich betragen. Gering verdienende Eltern, insbesondere auch Alleinerziehende, m\u00fcssen damit keine Leistungen der Grundsicherung in Anspruch nehmen. Der Weg zum Kinderzuschlag geht nun noch schneller und einfacher: mit dem neuen Online-Antrag.<\/p>\n\n\n\n<h4 class=\"wp-block-heading\">So funktioniert der Kinderzuschlag online<\/h4>\n\n\n\n<p>Eltern, die bereits Kindergeld f\u00fcr ihre Kinder beziehen, k\u00f6nnen den KiZ ab sofort bequem im Internet beantragen, sogar von unterwegs per Smartphone oder Tablet. Unter <a rel=\"noreferrer noopener\" href=\"https:\/\/deref-web-02.de\/mail\/client\/fsBy-f0D6AU\/dereferrer\/?redirectUrl=http%3A%2F%2Fwww.kinderzuschlag.de\" target=\"_blank\">www.kinderzuschlag.de<\/a> finden sie \u00fcber das  Informationstool \u201eKiZ-Lotse\u201c die Voraussetzungen f\u00fcr KiZ. Der Online-Antrag selbst erfolgt dann Schritt f\u00fcr Schritt durch Ausf\u00fcllen \u00fcbersichtlicher Eingabefelder. Das abschlie\u00dfend automatisch erzeugte Antragsdokument muss aus rechtlichen Gr\u00fcnden derzeit noch ausgedruckt und unterschrieben an die Familienkasse der BA geschickt werden. Haben die Eltern keinen Drucker, kann der Antrag auch von der Familienkasse ausgedruckt und den Eltern per Post zur Unterzeichnung zugesandt werden.<\/p>\n\n\n\n<h4 class=\"wp-block-heading\">Ein wichtiger Schritt, um noch mehr Familien den Zugang zum KiZ zu erleichtern<\/h4>\n\n\n\n<p>Mit den Verbesserungen durch das Starke-Familien-Gesetz sollen noch mehr Familien erreicht werden, in denen die Eltern arbeiten und f\u00fcr die es trotz kleinen oder mittleren Einkommens am Ende des Monats knapp wird. Der einfache digitale Zugang erspart ihnen den Gang in die Beh\u00f6rden und den zeitaufw\u00e4ndigen Kampf mit komplizierten Formularen. \u201eArbeit soll sich lohnen, denn der beste Schutz vor Kinderarmut ist immer noch, wenn Eltern arbeiten gehen und mit ihrem Einkommen auskommen. Ich freue mich besonders, dass sich der Antrag auf KiZ besonders f\u00fcr Alleinerziehende lohnt. Damit erhalten die Familien, die in unserem Land das h\u00f6chste Armutsrisiko tragen, die n\u00f6tige zus\u00e4tzliche Unterst\u00fctzung. Au\u00dferdem er\u00f6ffnet sich mit dem KiZ-Anspruch der Zugang zu den Bildungs- und Teilhabeleistungen f\u00fcr die Kinder sowie zur Geb\u00fchrenbefreiung in der Kita\u201c, erkl\u00e4rt Familienministerin Dr. Franziska Giffey.<\/p>\n\n\n\n<p>\u201eIch freue mich, mit dem Online-Antrag jetzt einen unb\u00fcrokratischen und einfacheren Weg zum KiZ anbieten zu k\u00f6nnen,\u201c so Familienkassenchef Karsten Bunk. \u201eNoch nie war es so einfach, KiZ zu beantragen. Auch das Kindergeld bekommt man bei uns schon einfach und digital. Zu allen Fragen beim KiZ und zum Online-Antrag beraten wir die Familien auch gerne. Und wenn sie keine Zeit haben, zu uns zu kommen, gerne auch ortsunabh\u00e4ngig mit unserer modernen KiZ-Videoberatung. Das Ganze folgt der erkl\u00e4rten Ausrichtung meiner Organisation: Wir helfen Familien.\u201c<\/p>\n\n\n\n<p>Seit einigen Wochen ist der Online-Antrag im Internet abrufbar. Bei \u00fcber 850.000 Seitenaufrufen wurden der Familienkasse der BA schon 140.000 abgeschlossene Online-Antr\u00e4ge und 520.000 Uploads von Nachweisen zum Antrag \u00fcbermittelt. Die unmittelbar zum Online-Antrag abgefragten Bewertungen der Kundinnen und Kunden zeichnen mit 4,4 von 5 m\u00f6glichen \u201eSternen\u201c ein sehr positives Bild. Hinweise und Verbesserungsvorschl\u00e4ge sind online m\u00f6glich und werden bei der fortlaufenden Optimierung des Online-Antrags ber\u00fccksichtigt: So plant die Familienkasse f\u00fcr k\u00fcnftige Versionen, dass die KiZ-Antragsteller w\u00e4hrend des Ausf\u00fcllens des Online-Antrags z. B. jederzeit die Videoberatung zuschalten k\u00f6nnen, um bei Fragen unkompliziert und schnell eine pers\u00f6nliche Unterst\u00fctzung von KiZ-Beratern zu erhalten.<\/p>\n\n\n\n<p>Alle Informationen zum Online-Antrag mit dem KiZ-Lotsen und der Videoberatung sowie zu den Themen Kindergeld und Kinderzuschlag erhalten Sie bei Ihrer Familienkasse vor Ort oder im Internet unter <a rel=\"noreferrer noopener\" href=\"https:\/\/deref-web-02.de\/mail\/client\/fsBy-f0D6AU\/dereferrer\/?redirectUrl=http%3A%2F%2Fwww.kinderzuschlag.de\" target=\"_blank\">www.kinderzuschlag.de<\/a> und <a rel=\"noreferrer noopener\" href=\"https:\/\/deref-web-02.de\/mail\/client\/ukEYzjeeaVI\/dereferrer\/?redirectUrl=http%3A%2F%2Fwww.familienkasse.de\" target=\"_blank\">www.familienkasse.de<\/a>.<\/p>\n\n\n\n<p><em>Bundesagentur f\u00fcr Arbeit<br>05.03.2020<\/em><\/p>\n\n\n\n<h2 class=\"wp-block-heading\">Beratung f\u00fcr Berufsanerkennung ausl\u00e4ndischer Fachkr\u00e4fte wird verbesser<\/h2>\n\n\n\n<h3 class=\"wp-block-heading\">Zentrale Servicestelle Berufsanerkennung in Bonn er\u00f6ffnet<\/h3>\n\n\n\n<p><strong>Bonn  \/ Deutschland &#8211; <\/strong>Am Montag, dem 17. Februar, er\u00f6ffneten Bundesbildungsministerin Anja Karliczek, Bundesarbeitsminister Hubertus Heil und BA-Vorstandsmitglied Daniel Terzenbach in Bonn die neue Zentrale Servicestelle Berufsanerkennung (ZSBA).<\/p>\n\n\n\n<p>Bundesbildungsministerin Anja Karliczek: \u201eExzellente Fachkr\u00e4fte sind das R\u00fcckgrat unserer Wirtschaftskraft. In vielen Branchen werden derzeit Fachkr\u00e4fte gesucht. Deshalb m\u00fcssen wir unseren Blick auch ins Ausland richten. Gute Fachkr\u00e4fte, die zu uns nach Deutschland kommen wollen, sind ein Gewinn f\u00fcr unseren Arbeitsmarkt. Aber nat\u00fcrlich m\u00fcssen wir \u00fcberpr\u00fcfen, ob die Qualifikationen der Bewerber auch unseren Anforderungen entsprechen.<\/p>\n\n\n\n<p>Die Zentrale Servicestelle Berufsanerkennung kommt daher zum richtigen Zeitpunkt. Als zentrale Anlaufstelle wird sie ein Lotse f\u00fcr Fachkr\u00e4fte aus dem Ausland sein. Sie wird sie auf ihrem Weg durch das Anerkennungsverfahren bis zur Einreise nach Deutschland begleiten. Das entlastet auch die Anerkennungsbeh\u00f6rden. Dadurch sollen die Verfahren f\u00fcr Bewerberinnen und Bewerber aus dem Ausland schneller, transparenter und einheitlicher werden.<\/p>\n\n\n\n<p>Wenn das Anerkennungsverfahren erfolgreich ist, n\u00fctzt das nicht nur den Unternehmen, sondern bietet den Fachkr\u00e4ften auch eine dauerhafte Perspektive auf dem deutschen Arbeitsmarkt. Mit der Einrichtung der Zentralen Servicestelle Berufsanerkennung leisten wir damit einen wichtigen Beitrag zur erfolgreichen Fachkr\u00e4ftesicherung.\u201c <br><br> Bundesarbeitsminister Hubertus Heil: \u201eDie Bundesagentur f\u00fcr Arbeit hat sich in der letzten Zeit viel st\u00e4rker f\u00fcr die Fachkr\u00e4ftegewinnung aufgestellt. Das ist gut und n\u00f6tig. Denn ohne ausl\u00e4ndische Fachkr\u00e4fte werden wir unseren Wohlstand in Deutschland nicht erhalten k\u00f6nnen. Wir brauchen die Menschen von au\u00dferhalb. Wir k\u00f6nnen nicht einfach nur auf sie warten, sondern wir m\u00fcssen auch um sie werben.<\/p>\n\n\n\n<p>Allerdings ist auch klar: Das Fachkr\u00e4fteeinwanderungsgesetz wird nur ein Erfolg werden, wenn wir die Anerkennungsverfahren f\u00fcr ausl\u00e4ndische Berufsabschl\u00fcsse effizient gestalten. Ich freue mich daher sehr, dass wir mit der Zentralen Servicestelle Berufsanerkennung einen wichtigen Beitrag leisten, um ausl\u00e4ndische Fachkr\u00e4fte so schnell wie m\u00f6glich in den Arbeitsmarkt zu integrieren.\u201c<\/p>\n\n\n\n<p>BA-Vorstandsmitglied Daniel Terzenbach: \u201eWir freuen uns, dass wir als Bundesagentur f\u00fcr Arbeit mit der Zentralen Servicestelle Berufsanerkennung eine wichtige Aufgabe \u00fcbernehmen und damit das Fachkr\u00e4fteeinwanderungsgesetz unterst\u00fctzen. Qualifizierte Fachkr\u00e4fte im Ausland zu gewinnen, ist harte Arbeit. Wir stehen mit anderen L\u00e4ndern im Wettbewerb um die besten K\u00f6pfe. Umso wichtiger ist es, den Weg nach Deutschland so reibungslos wie m\u00f6glich zu gestalten. Mit der ZSBA senden wir damit auch an Fachkr\u00e4fte aus dem Ausland ein klares Zeichen der Willkommenskultur.\u201c<\/p>\n\n\n\n<h4 class=\"wp-block-heading\">Die Aufgaben der Zentralen Servicestelle Berufsanerkennung:<\/h4>\n\n\n\n<p>Die Zentrale Servicestelle Berufsanerkennung (ZSBA) hat am 01. Februar 2020 ihre Arbeit aufgenommen. Sie wird in dem komplexen System der Anerkennung ausl\u00e4ndischer Berufsabschl\u00fcsse in Deutschland eine Lotsenfunktion f\u00fcr Bewerberinnen und Bewerber \u00fcbernehmen. Dies soll vor allem den Fachkr\u00e4ften helfen, die sich noch im Ausland befinden und am Anfang ihrer Arbeitssuche in Deutschland stehen. Die Servicestelle unterst\u00fctzt die Fachkr\u00e4fte bei der Zusammenstellung der erforderlichen Unterlagen f\u00fcr die zust\u00e4ndige Anerkennungsstelle, informiert \u00fcber regionale Beratungs- und Qualifizierungsangebote und hilft bei der Suche nach einem Arbeitgeber. Hierdurch werden zugleich die Anerkennungsstellen entlastet und die Verfahren beschleunigt.<\/p>\n\n\n\n<p>Die ZSBA wird f\u00fcr eine erste Phase von vier Jahren vom Bundesministerium f\u00fcr Bildung und Forschung finanziert und ist in der Zentralen Auslands- und Fachvermittlung (ZAV) der Bundesagentur f\u00fcr Arbeit in Bonn angesiedelt.<\/p>\n\n\n\n<p>Interessenten im Ausland k\u00f6nnen sich per Mail, Telefon oder Chat \u00fcber das Fachkr\u00e4fteportal <a rel=\"noreferrer noopener\" href=\"https:\/\/deref-web-02.de\/mail\/client\/fKhN6180T08\/dereferrer\/?redirectUrl=http%3A%2F%2Fwww.make-it-in-germany.com\" target=\"_blank\">www.make-it-in-germany.com<\/a> melden und werden dann von Beraterinnen und Beratern der Servicestelle \u00fcber das Anerkennungsverfahren weiter beraten.<\/p>\n\n\n\n<p><em>Bundesagentur f\u00fcr Arbeit<br>05.03.2020<\/em><\/p>\n","protected":false},"excerpt":{"rendered":"<div class=\"mh-excerpt\"><p>Bundesagentur f\u00fcr Arbeit Der Arbeitsmarkt im Februar 2020 Weiter stabile Entwicklung trotz schwacher Konjunktur N\u00fcrnberg \/ Deutschland &#8211; \u201eAm Arbeitsmarkt zeigen sich weiterhin Spuren der konjunkturellen Schw\u00e4che. Insgesamt ist er aber stabil. Arbeitslosigkeit und Unterbesch\u00e4ftigung <a class=\"mh-excerpt-more\" href=\"https:\/\/speyer24news.com\/?p=25645\" title=\"Wirtschaft &#038; Finanzen\">[&#8230;]<\/a><\/p>\n<\/div>","protected":false},"author":3,"featured_media":0,"comment_status":"open","ping_status":"open","sticky":false,"template":"","format":"standard","meta":{"_monsterinsights_skip_tracking":false,"_monsterinsights_sitenote_active":false,"_monsterinsights_sitenote_note":"","_monsterinsights_sitenote_category":0,"footnotes":""},"categories":[29],"tags":[553,554,6246,6247,551,6244,6245,6243],"aioseo_notices":[],"amp_enabled":true,"_links":{"self":[{"href":"https:\/\/speyer24news.com\/index.php?rest_route=\/wp\/v2\/posts\/25645"}],"collection":[{"href":"https:\/\/speyer24news.com\/index.php?rest_route=\/wp\/v2\/posts"}],"about":[{"href":"https:\/\/speyer24news.com\/index.php?rest_route=\/wp\/v2\/types\/post"}],"author":[{"embeddable":true,"href":"https:\/\/speyer24news.com\/index.php?rest_route=\/wp\/v2\/users\/3"}],"replies":[{"embeddable":true,"href":"https:\/\/speyer24news.com\/index.php?rest_route=%2Fwp%2Fv2%2Fcomments&post=25645"}],"version-history":[{"count":1,"href":"https:\/\/speyer24news.com\/index.php?rest_route=\/wp\/v2\/posts\/25645\/revisions"}],"predecessor-version":[{"id":25649,"href":"https:\/\/speyer24news.com\/index.php?rest_route=\/wp\/v2\/posts\/25645\/revisions\/25649"}],"wp:attachment":[{"href":"https:\/\/speyer24news.com\/index.php?rest_route=%2Fwp%2Fv2%2Fmedia&parent=25645"}],"wp:term":[{"taxonomy":"category","embeddable":true,"href":"https:\/\/speyer24news.com\/index.php?rest_route=%2Fwp%2Fv2%2Fcategories&post=25645"},{"taxonomy":"post_tag","embeddable":true,"href":"https:\/\/speyer24news.com\/index.php?rest_route=%2Fwp%2Fv2%2Ftags&post=25645"}],"curies":[{"name":"wp","href":"https:\/\/api.w.org\/{rel}","templated":true}]}}