{"id":25650,"date":"2020-03-05T11:21:49","date_gmt":"2020-03-05T10:21:49","guid":{"rendered":"https:\/\/speyer24news.com\/?p=25650"},"modified":"2020-03-05T11:29:25","modified_gmt":"2020-03-05T10:29:25","slug":"veranstaltungen-und-termine-kultur","status":"publish","type":"post","link":"https:\/\/speyer24news.com\/?p=25650","title":{"rendered":"Veranstaltungen und Termine \/ Kultur"},"content":{"rendered":"<style type=\"text\/css\">\r\n\t.ads_top_disp{}\r\n\t.ads_top_corner_disp{ float:left; margin:0px 10px 10px 0px; }\r\n\t.ads_first_p_disp{}\r\n\t.ads_bottom_disp{}\r\n\t<\/style>\n<h1 class=\"wp-block-heading\" style=\"text-align:center\">Historisches Museum der Pfalz, Speyer<\/h1>\n\n\n\n<div class=\"wp-block-image\"><figure class=\"aligncenter\"><img decoding=\"async\" src=\"https:\/\/speyer24news.com\/wp-content\/uploads\/2020\/03\/Historisches-Museum-Speyer-Logo-678x213.png\" alt=\"\" class=\"wp-image-25658\"\/><\/figure><\/div>\n\n\n\n<h2 class=\"wp-block-heading\">Zweiter Vortrag zur Medicus-Ausstellung<\/h2>\n\n\n\n<h3 class=\"wp-block-heading\">Vortrag: Mikroben als Weltkatastrophe&#8220;<br>Am 05.03.2020 um 19 Uhr<\/h3>\n\n\n\n<h4 class=\"wp-block-heading\"><strong>Vortrag zur Pest im Mittelalter und ihren Folgen im Historischen Museum der Pfalz<\/strong><\/h4>\n\n\n\n<div class=\"wp-block-image\"><figure class=\"aligncenter\"><img decoding=\"async\" loading=\"lazy\" width=\"500\" height=\"459\" src=\"https:\/\/speyer24news.com\/wp-content\/uploads\/2020\/03\/Schneidmueller_am_Rednerpult.jpg\" alt=\"\" class=\"wp-image-25659\" srcset=\"https:\/\/speyer24news.com\/wp-content\/uploads\/2020\/03\/Schneidmueller_am_Rednerpult.jpg 500w, https:\/\/speyer24news.com\/wp-content\/uploads\/2020\/03\/Schneidmueller_am_Rednerpult-300x275.jpg 300w\" sizes=\"(max-width: 500px) 100vw, 500px\" \/><figcaption>Schneidmueller  am Rednerpult. (<em>Foto: Kilian Schultes<\/em>)<\/figcaption><\/figure><\/div>\n\n\n\n<p><strong>Speyer \/ Historisches Museum der Pfalz &#8211; <\/strong>Am <strong>Donnerstag, 5. M\u00e4rz, um 19 Uhr <\/strong>findet der Vortrag \u201eMikroben als Weltkatastrophe &#8211; Das Mittelalter, die Gro\u00dfe Pest und der Mord an den Juden 1348-1352\u201c im Historischen Museum der Pfalz statt. <\/p>\n\n\n\n<p>Der sogenannte Schwarze Tod geh\u00f6rt zu den gr\u00f6\u00dften Katastrophen der Menschheitsgeschichte. Erst in der Neuzeit konnte er als bakterielle Infektion erkl\u00e4rt und mit Antibiotika behandelt werden. Die mittelalterlichen Menschen vermochten die grausamen Epidemien,  die in kurzer Zeit gro\u00dfe Teile der Bev\u00f6lkerung dahinrafften, nicht richtig zu deuten. Bernd Schneidm\u00fcller, Professor an der Universit\u00e4t Heidelberg und Vortragender, pr\u00e4sentiert den Verlauf und die Folgen der Pestepidemie  des 14. Jahrhunderts im Licht neuer Forschungen.  Der Eintritt zum Vortrag ist frei.<\/p>\n\n\n\n<div class=\"wp-block-image\"><figure class=\"aligncenter\"><img decoding=\"async\" loading=\"lazy\" width=\"500\" height=\"673\" src=\"https:\/\/speyer24news.com\/wp-content\/uploads\/2020\/03\/Theriak.jpg\" alt=\"\" class=\"wp-image-25660\" srcset=\"https:\/\/speyer24news.com\/wp-content\/uploads\/2020\/03\/Theriak.jpg 500w, https:\/\/speyer24news.com\/wp-content\/uploads\/2020\/03\/Theriak-223x300.jpg 223w\" sizes=\"(max-width: 500px) 100vw, 500px\" \/><figcaption>Apothekengef\u00e4\u00df f\u00fcr \u201eTheriak\u201c, ein Universalheilmittel gegen alle denkbaren Krankheiten wie auch die Pest, um 1700. (<em>Foto: Dt. Apotheken Museum-Stiftung, Heidelberg<\/em>)<\/figcaption><\/figure><\/div>\n\n\n\n<p>Der Vortrag findet im Rahmen der aktuellen Sonderausstellung im Historischen Museum der Pfalz statt. \u201eMedicus \u2013 Die Macht des Wissens\u201c vermittelt die Geschichte der Medizin, ihrer Pers\u00f6nlichkeiten wie Hippokrates und Galen und Diagnose- und Heilverfahren \u00fcber  einen Zeitraum von rund 5.000 Jahren auf anschauliche und spannende Weise. Exponate aus renommierten europ\u00e4ischen Sammlungen gew\u00e4hren faszinierende Einblicke in das Spannungsverh\u00e4ltnis von Wissen, Magie und Glaube. Das Mittelalter und seine Heilverfahren werden  ebenso beleuchtet wie die Beschw\u00f6rungsmedizin im antiken Mesopotamien und der Beginn des anatomischen Zeitalters in der Neuzeit.<\/p>\n\n\n\n<p>Bernd Schneidm\u00fcller ist seit 2003 als Mittelalterhistoriker an der Universit\u00e4t Heidelberg t\u00e4tig und Direktor der Forschungsstelle Geschichte und kulturelles Erbe. Er ist Ordentliches Mitglied der Heidelberger Akademie der Wissenschaften.<\/p>\n\n\n\n<div class=\"wp-block-image\"><figure class=\"aligncenter\"><img decoding=\"async\" loading=\"lazy\" width=\"800\" height=\"528\" src=\"https:\/\/speyer24news.com\/wp-content\/uploads\/2020\/03\/MedicusTisch.jpg\" alt=\"\" class=\"wp-image-25661\" srcset=\"https:\/\/speyer24news.com\/wp-content\/uploads\/2020\/03\/MedicusTisch.jpg 800w, https:\/\/speyer24news.com\/wp-content\/uploads\/2020\/03\/MedicusTisch-300x198.jpg 300w, https:\/\/speyer24news.com\/wp-content\/uploads\/2020\/03\/MedicusTisch-768x507.jpg 768w\" sizes=\"(max-width: 800px) 100vw, 800px\" \/><figcaption>Ein &#8222;Medicus-Tisch&#8220; in der Ausstellung &#8222;Medicus &#8211; Die Macht des Wissens. (<em>Foto: Carolin Breckle\/Historisches Museum der Pfalz<\/em>)<\/figcaption><\/figure><\/div>\n\n\n\n<h4 class=\"wp-block-heading\"><strong>\u00d6ffnungszeiten<\/strong><\/h4>\n\n\n\n<p>\u201eMedicus \u2013 Die Macht des Wissens\u201c ist dienstags bis sonntags von 10 bis 18 Uhr, an Feiertagen auch montags, im Historischen Museum der Pfalz zu sehen. Weitere Informationen unter <a href=\"https:\/\/deref-web-02.de\/mail\/client\/TCBb5kl5I9A\/dereferrer\/?redirectUrl=http%3A%2F%2Fwww.medicus-ausstellung.de\" target=\"_blank\" rel=\"noreferrer noopener\">www.medicus-ausstellung.de<\/a><\/p>\n\n\n\n<p><em>Text: Historisches Museum der Pfalz Foto: (1) Kilian Schultes; (2) Dt. Apotheken Museum-Stiftung, Heidelberg; (3) Carolin Breckle\/Historisches Museum der Pfalz<br>05.03.2020<\/em><\/p>\n\n\n\n<h2 class=\"wp-block-heading\"><strong>Autorin Julia Donaldson empfiehlt:<\/strong><\/h2>\n\n\n\n<h3 class=\"wp-block-heading\"><strong>Musikalische Lesung des Kinderbuches \u201eDer  Gr\u00fcffelo\u201c im Historischen Museum der Pfalz<\/strong><\/h3>\n\n\n\n<div class=\"wp-block-image\"><figure class=\"aligncenter\"><img decoding=\"async\" loading=\"lazy\" width=\"500\" height=\"579\" src=\"https:\/\/speyer24news.com\/wp-content\/uploads\/2020\/03\/UtaWeisskopfundGrueffelo.jpg\" alt=\"\" class=\"wp-image-25666\" srcset=\"https:\/\/speyer24news.com\/wp-content\/uploads\/2020\/03\/UtaWeisskopfundGrueffelo.jpg 500w, https:\/\/speyer24news.com\/wp-content\/uploads\/2020\/03\/UtaWeisskopfundGrueffelo-259x300.jpg 259w\" sizes=\"(max-width: 500px) 100vw, 500px\" \/><figcaption>Uta Wei\u00dfkopf und der Gr\u00fcffelo-Walking-Act.<\/figcaption><\/figure><\/div>\n\n\n\n<p><strong>Speyer \/ Historisches Museum der Pfalz &#8211; <\/strong>Am <strong>Sonntag, 15. M\u00e4rz<\/strong>, um 15 Uhr werden im Historischen Museum der Pfalz das beliebte Kinderbuch   \u201eDer Gr\u00fcffelo\u201c und weitere bekannte Werke der Autorin Julia Donaldson auf au\u00dfergew\u00f6hnliche  Weise dargeboten. Uta Wei\u00dfkopf liest aus \u201eDer Gr\u00fcffelo\u201c, \u201eZogg\u201c, \u201eDie  Vogelscheuchenhochzeit\u201c und \u201eF\u00fcr Hund und Katz ist auch noch Platz\u201c, w\u00e4hrend  Klaus Dreier die fantasievollen und aufregenden Geschichten am E-Piano in musikalische Bilder \u00fcbersetzt.<\/p>\n\n\n\n<p>Das einzigartige Programm wurde urspr\u00fcnglich f\u00fcr eine Matin\u00e9e im Museum f\u00fcr PuppentheaterKultur in Bad Kreuznach kreiert und wird von Donaldson ausdr\u00fccklich empfohlen. Im Historischen Museum der Pfalz findet die Musikalische Lesung im Rahmen der aktuellen Familien-Ausstellung statt. In \u201eDer Gr\u00fcffelo \u2013 Die Ausstellung\u201c tauchen Kinder in die Welt des Buches \u201eDer Gr\u00fcffelo\u201c ein. Sie lernen den Wald, seine Bewohner und Pflanzen kennen und k\u00f6nnen an Mitmachstationen wie dem Schattentheater oder dem Hindernisparcours ihre Kreativit\u00e4t ausleben und die Motorik schulen. Rund 40 Original-Grafiken des Illustrators Axel Scheffler, der die B\u00fccher Donaldsons bebildert hat, geben Einblick in die Entstehung unter anderem jener Werke, die in der Musikalischen Lesung   dargeboten werden.<\/p>\n\n\n\n<div class=\"wp-block-image\"><figure class=\"aligncenter\"><img decoding=\"async\" src=\"https:\/\/speyer24news.com\/wp-content\/uploads\/2020\/03\/KlausDreier.tif\" alt=\"\" class=\"wp-image-25667\"\/><figcaption>Pianist und Puppenspieler Klaus Dreier.<\/figcaption><\/figure><\/div>\n\n\n\n<p>Wei\u00dfkopf spielt Improvisationstheater und stand mehrfach mit der britischen Autorin Donaldson auf der B\u00fchne. Dreier ist Pianist und Puppenspieler und begr\u00fcndete 2005 gemeinsam mit seinem Sohn das Laubacher Figurentheater. In der Musikalischen Lesung improvisiert er am E-Piano \u00fcber selbst komponierte Leitmotive, die den jeweiligen Buchcharakteren eigen sind.<\/p>\n\n\n\n<h4 class=\"wp-block-heading\"><strong>\u00d6ffnungszeiten<\/strong><\/h4>\n\n\n\n<p>\u201eDer Gr\u00fcffelo \u2013 Die Ausstellung\u201c ist dienstags bis sonntags von 10 bis 18 Uhr, an Feiertagen auch montags, im Historischen Museum der Pfalz zu sehen. Weitere Informationen unter <a href=\"https:\/\/deref-web-02.de\/mail\/client\/u6l21xwv_Gk\/dereferrer\/?redirectUrl=http%3A%2F%2Fwww.grueffelo-ausstellung.de\" target=\"_blank\" rel=\"noreferrer noopener\">www.grueffelo-ausstellung.de<\/a><\/p>\n\n\n\n<p><em>Historisches Museum der Pfalz Speyer<br>05.03.2020<\/em><\/p>\n\n\n\n<h1 class=\"wp-block-heading\" style=\"text-align:center\">Kinder- und Jugendtheaters Speyer<\/h1>\n\n\n\n<div class=\"wp-block-image\"><figure class=\"aligncenter\"><img decoding=\"async\" loading=\"lazy\" width=\"357\" height=\"500\" src=\"https:\/\/speyer24news.com\/wp-content\/uploads\/2020\/03\/Kinder-und-Jugendtheater-Speyer.jpg\" alt=\"\" class=\"wp-image-25664\" srcset=\"https:\/\/speyer24news.com\/wp-content\/uploads\/2020\/03\/Kinder-und-Jugendtheater-Speyer.jpg 357w, https:\/\/speyer24news.com\/wp-content\/uploads\/2020\/03\/Kinder-und-Jugendtheater-Speyer-214x300.jpg 214w\" sizes=\"(max-width: 357px) 100vw, 357px\" \/><\/figure><\/div>\n\n\n\n<h2 class=\"wp-block-heading\">FABELHAFTE WELT <\/h2>\n\n\n\n<h3 class=\"wp-block-heading\">Familienvorstellung am Sonntag, 08.03., 15:00 Uhr <\/h3>\n\n\n\n<h4 class=\"wp-block-heading\">In der Heiliggeistkirche Speyer, Johannesstra\u00dfe 6<\/h4>\n\n\n\n<div class=\"wp-block-image\"><figure class=\"aligncenter\"><img decoding=\"async\" loading=\"lazy\" width=\"800\" height=\"533\" src=\"https:\/\/speyer24news.com\/wp-content\/uploads\/2020\/03\/Fabelhafte-Welt-6.jpg\" alt=\"\" class=\"wp-image-25665\" srcset=\"https:\/\/speyer24news.com\/wp-content\/uploads\/2020\/03\/Fabelhafte-Welt-6.jpg 800w, https:\/\/speyer24news.com\/wp-content\/uploads\/2020\/03\/Fabelhafte-Welt-6-300x200.jpg 300w, https:\/\/speyer24news.com\/wp-content\/uploads\/2020\/03\/Fabelhafte-Welt-6-768x512.jpg 768w\" sizes=\"(max-width: 800px) 100vw, 800px\" \/><\/figure><\/div>\n\n\n\n<p><strong>Speyer \/ Heiliggeistkirche &#8211; <\/strong>Fabeln von Jean de La Fontaine mit Musik vom Hof des Sonnenk\u00f6nigs F\u00fcr Kleine und Gro\u00dfe ab 7 Jahren <\/p>\n\n\n\n<p>Wer kennt sie nicht, die Fabel vom Raben und dem Fuchs, der hinterh\u00e4ltig dem Vogel schmeichelt und sich so den K\u00e4se verdient? Oder die Fabel von der Grille und der Ameise, die bis heute jedes franz\u00f6sische Schulkind auswendig kann? In den ber\u00fchmtesten Tierfabeln aller Zeiten, die vor \u00fcber 350 Jahren aufgeschrieben wurden, geht es genauso zu wie am Hofe des Sonnenk\u00f6nigs Ludwig XIV: Die Gro\u00dfen fressen die Kleinen, Hinterlist besiegt die Dummen und die allzu aufgeblasenen Fr\u00f6sche platzen. &#8222;Le dire, sans dire&#8220; nennt Jean de la Fontaine das literarische Versteckspiel: Sagen, ohne es zu sagen. Musik spielt im Leben Ludwigs XIV ebenfalls eine herausragende Rolle. F\u00fcr dieses Programm w\u00e4hlte das Ensemble Musik, die uns direkt zu einer spannenden und am\u00fcsanten Zeitreise mit nimmt \u2026 <\/p>\n\n\n\n<p>Mit Norbert Gramm (Blockfl\u00f6te), Andrea C. Baur (Laute) und Matthias Folz (Erz\u00e4hler) <\/p>\n\n\n\n<p>Eintrittspreise: 12 \u20ac \/ erm\u00e4\u00dfigt 10 \u20ac \/ F\u00f6rdermitglieder 8 \u20ac <\/p>\n\n\n\n<p>Weitere Informationen finden Sie unter <a href=\"http:\/\/www.theater-speyer.eu\">www.theater-speyer.eu<\/a> Kartenreservierung im Theaterb\u00fcro bis Freitag, 13:00 Uhr Tel.: 06232 2890750 oder unter <a href=\"reservierung@theater-speyer.de\">reservierung@theater-speyer.de<\/a> <\/p>\n\n\n\n<p><em>Kinder- und Jugendtheater Speyer e. V.<br>05.03.2020<\/em><\/p>\n\n\n\n<h2 class=\"wp-block-heading\">Chorkonzert &#8222;Sing `n`Swing&#8220; in der Stadthalle Speyer<\/h2>\n\n\n\n<h3 class=\"wp-block-heading\">04.04.2020 Rainbow-Chor Speyer<\/h3>\n\n\n\n<div class=\"wp-block-image\"><figure class=\"aligncenter\"><img decoding=\"async\" loading=\"lazy\" width=\"500\" height=\"691\" src=\"https:\/\/speyer24news.com\/wp-content\/uploads\/2020\/03\/konzert2020_RGB.jpg\" alt=\"\" class=\"wp-image-25662\" srcset=\"https:\/\/speyer24news.com\/wp-content\/uploads\/2020\/03\/konzert2020_RGB.jpg 500w, https:\/\/speyer24news.com\/wp-content\/uploads\/2020\/03\/konzert2020_RGB-217x300.jpg 217w\" sizes=\"(max-width: 500px) 100vw, 500px\" \/><\/figure><\/div>\n\n\n\n<p><strong>Speyer \/ Stadthalle &#8211; <\/strong>Zu einem Musikereignis der besonderen Art unter dem Motto \u201eSing \u2018n\u2019 swing\u201c kommt es am <strong>04.04.2020<\/strong> um 20:00Uhr in der Speyrer Stadthalle, wenn der Rainbow \u2013 Chor Speyer auf die Swing Band Harthausen trifft. Beide Musikgruppen zeichnen sich durch einen sehr individuellen Charakter aus. Rainbow, ein Chor der Chorgemeinschaft, versteht sich als jazzig und poppig, die Swing Band, macht mit swingenden Rhythmen ihren Namen alle Ehre.<\/p>\n\n\n\n<p>Das verspricht eine spannende Begegnung auf Augenh\u00f6he. Nadia Lyons und Gilbert Kunz haben ein aufregendes Programm entworfen: teilweise gemeinsam auf der B\u00fchne, teilweise jeder f\u00fcr sich und so das Beste aus Chor und&nbsp;Swing Band vereinigend. So kommen Liebhaber von Chor und Instrumental gleicherma\u00dfen auf ihre Kosten.<\/p>\n\n\n\n<div class=\"wp-block-image\"><figure class=\"aligncenter\"><img decoding=\"async\" loading=\"lazy\" width=\"800\" height=\"533\" src=\"https:\/\/speyer24news.com\/wp-content\/uploads\/2020\/03\/Rainbow_86.jpg\" alt=\"\" class=\"wp-image-25663\" srcset=\"https:\/\/speyer24news.com\/wp-content\/uploads\/2020\/03\/Rainbow_86.jpg 800w, https:\/\/speyer24news.com\/wp-content\/uploads\/2020\/03\/Rainbow_86-300x200.jpg 300w, https:\/\/speyer24news.com\/wp-content\/uploads\/2020\/03\/Rainbow_86-768x512.jpg 768w\" sizes=\"(max-width: 800px) 100vw, 800px\" \/><\/figure><\/div>\n\n\n\n<p>Im Programm sind s\u00fcdamerikanische Rhythmen und Swingendes. Aktueller Pop trifft auf Rockgeschichte, Fetziges auf Balladen, zwischen Queen und Duke Ellington ist alles m\u00f6glich und garantiert ein Konzert mit&nbsp;\u00dcberraschungscharakter, insbesondere die gemeinsamen Highlights, die Band und Chor extra aufeinander abgestimmt haben. Chor und Swing Band ziehen an einem Strang.<\/p>\n\n\n\n<p>Karten f\u00fcr die Stadthalle gibt es bei der Buchhandlung Fr\u00f6hlich, Ro\u00dfmarkstr. 3,&nbsp; 67346 Speyer oder bei Reservix. Es gibt noch eine zweite Gelegenheit Chor und Swing Band zu h\u00f6ren: In der Heilsbruckhalle in Harthausen wird am 4.10.20 Rainbow zu Gast bei einem Konzert der Swing Band sein.<\/p>\n\n\n\n<p><em>Rainbow-Chor Speyer<br>05.03.2020<\/em><\/p>\n\n\n\n<h2 class=\"wp-block-heading\">Ausstellung Madeleine Dietz: \u201esingen und klagen\u201c &nbsp;<\/h2>\n\n\n\n<ul><li><strong>Von Freitag, dem 6. M\u00e4rz 2020 um 18:00 Uhr bis 13.04.2020<\/strong><\/li><li><strong>In der St\u00e4dtischen Galerie, Kulturhof Flachsgasse<\/strong><\/li><\/ul>\n\n\n\n<div class=\"wp-block-image\"><figure class=\"aligncenter\"><img decoding=\"async\" loading=\"lazy\" width=\"500\" height=\"706\" src=\"https:\/\/speyer24news.com\/wp-content\/uploads\/2020\/03\/Madeleine-Dietz.png\" alt=\"\" class=\"wp-image-25655\" srcset=\"https:\/\/speyer24news.com\/wp-content\/uploads\/2020\/03\/Madeleine-Dietz.png 500w, https:\/\/speyer24news.com\/wp-content\/uploads\/2020\/03\/Madeleine-Dietz-212x300.png 212w\" sizes=\"(max-width: 500px) 100vw, 500px\" \/><\/figure><\/div>\n\n\n\n<p><strong>Speyer \/ St\u00e4dtische Galerie, Kulturhof Flachsgasse &#8211; <\/strong>Bei \u201eSingen und Klagen\u201c denken wir vermutlich unwillk\u00fcrlich an die Klagelieder der biblischen Psalmen, die im Dreischritt von Anrufung, Klage und Bitte die Not des Menschen bzw. des gesamten Volkes im Appell an Gott zu wenden suchen. Aber  man k\u00f6nnte auch an die Klage- und Trauerges\u00e4nge anl\u00e4sslich des Todes eines geliebten Menschen denken. In der Kunst ist \u201eSingen und Klagen\u201c seit fr\u00fchen Zeiten ein Thema, explizit oder als anspielungsreiche Konstellation.<\/p>\n\n\n\n<p>Die Arbeiten der Ernst-Barlach-Preistr\u00e4gerin Madeleine Dietz kreisen seit vielen Jahren um Fragen des Verh\u00e4ltnisses von Fragment und Ganzheit, von Stabilit\u00e4t und Labilit\u00e4t, von dem, was Leben spendet und was Tod bringt. Sie zeigt uns Objekte,\n die alles Endliche und Zuf\u00e4llige abgestreift haben, die \u2013 ausgehend von einem elementaren Kontrast von Erde und Stahl \u2013 dennoch alles beinhalten, was die Zivilisationsgeschichte der Menschheit umfasst:<\/p>\n\n\n\n<p>Natur und Kunst, Erstarrung und Leben, Vergessen und Erinnern. In ihren aktuellen Arbeiten setzt die K\u00fcnstlerin dazu Gitterelemente, Stahlplatten, Stahlkuben und Erde als reversible Elemente ein. Eine k\u00fcnstlerische Metapher f\u00fcr Destabilisierung,  f\u00fcr Br\u00fcche und Aufbr\u00fcche, \u00dcberg\u00e4nge und Neuordnungen. Es sind Konstellationen, die nach Heilung schreien, ein Klagelied in Stahl und Erde.<\/p>\n\n\n\n<div class=\"wp-block-image\"><figure class=\"aligncenter\"><img decoding=\"async\" loading=\"lazy\" width=\"800\" height=\"566\" src=\"https:\/\/speyer24news.com\/wp-content\/uploads\/2020\/03\/Madeleine-Dietz-3.png\" alt=\"\" class=\"wp-image-25656\" srcset=\"https:\/\/speyer24news.com\/wp-content\/uploads\/2020\/03\/Madeleine-Dietz-3.png 800w, https:\/\/speyer24news.com\/wp-content\/uploads\/2020\/03\/Madeleine-Dietz-3-300x212.png 300w, https:\/\/speyer24news.com\/wp-content\/uploads\/2020\/03\/Madeleine-Dietz-3-768x543.png 768w\" sizes=\"(max-width: 800px) 100vw, 800px\" \/><\/figure><\/div>\n\n\n\n<p>Einen Raum der St\u00e4dtischen Galerie wird Madeleine Dietz ausschlie\u00dflich dem Projekt SIDE BY SIDE widmen und dieses damit erstmals in Rheinland-Pfalz zeigen. Das zum ersten Mal anl\u00e4sslich der Dokumenta XII, im Sepulkralmuseum in Kassel pr\u00e4sentierte\n Projekt SIDE BY SIDE beschreibt die K\u00fcnstlerin wie folgt:<\/p>\n\n\n\n<p>\u201eIm Jahr 2003 habe ich mit meinem Projekt SIDE BY SIDE begonnen. Ein Projekt, in dem ich den Versuch unternommen habe, in jedem Land dieser Welt einen Friedhof oder eine heilige St\u00e4tte zu finden, aus dem mir eine handvoll Erde \u00fcberlassen  wird. <\/p>\n\n\n\n<div class=\"wp-block-image\"><figure class=\"aligncenter\"><img decoding=\"async\" loading=\"lazy\" width=\"800\" height=\"525\" src=\"https:\/\/speyer24news.com\/wp-content\/uploads\/2020\/03\/Madeleine-Dietz-2.png\" alt=\"\" class=\"wp-image-25657\" srcset=\"https:\/\/speyer24news.com\/wp-content\/uploads\/2020\/03\/Madeleine-Dietz-2.png 800w, https:\/\/speyer24news.com\/wp-content\/uploads\/2020\/03\/Madeleine-Dietz-2-300x197.png 300w, https:\/\/speyer24news.com\/wp-content\/uploads\/2020\/03\/Madeleine-Dietz-2-768x504.png 768w\" sizes=\"(max-width: 800px) 100vw, 800px\" \/><\/figure><\/div>\n\n\n\n<p>In SIDE BY SIDE geht es mir um Erinnerung und Gedanken an geliebte verstorbene Menschen, aber auch um ein Gef\u00fchl von Endlichkeit, verbunden mit dem Schicksal aller Menschen jedweder Nationalit\u00e4t und Glaubens. Welche Unterschiede in den\n L\u00e4ndern unserer Welt gibt es wenn Menschen bestattet \/verbrannt werden? Wie unterscheiden sich die Religionen im Umgang mit dem Sterben dem Tod, und mit dem was bleibt , dem Leben \u201edanach\u201c?<\/p>\n\n\n\n<p>Seit Beginn des Projektes im Jahr 2003&nbsp; habe ich viele Botschaften, Geistliche oder Friedhofspersonal im jeweiligen Land gebeten f\u00fcr mich Erde zu entnehmen. Erde von Orten an denen z.B. Muslime, Juden, Christen, Hindus, Buddhisten, bestattet\n oder verbrannt werden. Die Friedhofserden habe ich nach ihrem Eintreffen in Deutschland in kleine, einfache, von mir selbst gebaute Holzk\u00e4stchen gelegt.\n<\/p>\n\n\n\n<p>Als endlich alle Erden zusammen waren, wurde das Projekt 2006 im Sepulkralmuseum, als Projekt der Stadt Kassel zur Dokumenta gezeigt. Danach kam der Inhalt der K\u00e4stchen in ein Pflanzfeld vor dem Museum \u201eside by side\u201c . Heute sieht man mit\n einem Stahlring eingefasste, kreisf\u00f6rmige Erdfl\u00e4che, die bepflanzt und gepflegt wird.<\/p>\n\n\n\n<h1 class=\"wp-block-heading\" style=\"text-align:center\">Technik Museum Speyer<\/h1>\n\n\n\n<div class=\"wp-block-image\"><figure class=\"aligncenter\"><img decoding=\"async\" loading=\"lazy\" width=\"600\" height=\"122\" src=\"https:\/\/speyer24news.com\/wp-content\/uploads\/2020\/01\/Speyer.jpg\" alt=\"\" class=\"wp-image-24052\" srcset=\"https:\/\/speyer24news.com\/wp-content\/uploads\/2020\/01\/Speyer.jpg 600w, https:\/\/speyer24news.com\/wp-content\/uploads\/2020\/01\/Speyer-300x61.jpg 300w\" sizes=\"(max-width: 600px) 100vw, 600px\" \/><\/figure><\/div>\n\n\n\n<h2 class=\"wp-block-heading\">Greenpeace pr\u00e4sentiert: Markus Mauthe \u2013 An den R\u00e4ndern des Horizonts <\/h2>\n\n\n\n<h3 class=\"wp-block-heading\">Eine Reise zu den Indigenen Gemeinschaften und verborgenen Sch\u00f6nheiten unserer Erde<\/h3>\n\n\n\n<div class=\"wp-block-image\"><figure class=\"aligncenter\"><img decoding=\"async\" loading=\"lazy\" width=\"800\" height=\"533\" src=\"https:\/\/speyer24news.com\/wp-content\/uploads\/2020\/03\/029_Markus_Afrika_PRINT-k.jpg\" alt=\"\" class=\"wp-image-25654\" srcset=\"https:\/\/speyer24news.com\/wp-content\/uploads\/2020\/03\/029_Markus_Afrika_PRINT-k.jpg 800w, https:\/\/speyer24news.com\/wp-content\/uploads\/2020\/03\/029_Markus_Afrika_PRINT-k-300x200.jpg 300w, https:\/\/speyer24news.com\/wp-content\/uploads\/2020\/03\/029_Markus_Afrika_PRINT-k-768x512.jpg 768w\" sizes=\"(max-width: 800px) 100vw, 800px\" \/><\/figure><\/div>\n\n\n\n<p><strong>Speyer \/ Technik Museum &#8211;<\/strong> Seit 30 Jahren bereist der Naturfotograf Markus Mauthe die letzten Winkel der Erde fernab bekannter Reiserouten. F\u00fcr sein neues Projekt in Zusammenarbeit mit der Umweltschutzorganisation Greenpeace machte er sich auf die Suche nach Menschen, die abseits unserer modernen Welt noch m\u00f6glichst nahe an den Wurzeln ihrer indigenen Kulturen leben. Das Ergebnis dieser Expeditionen ist eine einzigartige multimediale Live-Show, die einen spannenden Ausschnitt der kulturellen und \u00f6kologischen Vielfalt unseres Planeten zeigt. Als Umweltaktivist ist Mauthe zugleich Chronist des Wandels, in dem die indigenen Gesellschaften heute begriffen sind durch Umweltzerst\u00f6rung, Globalisierung und Klimawandel. F\u00fcr sein aktuelles Projekt war der Ausnahmefotograf drei Jahre lang auf vier Kontinenten unterwegs. Mauthes Bilder zeigen die Traditionen und Gebr\u00e4uche von 22 indigenen Gemeinschaften, die in Tropenw\u00e4ldern, in der Savanne, auf dem Ozean und am Nordpolarkreis zu Hause sind. Mit feinsinnigen Portraits und bildgewaltigen Momentaufnahmen vor charakteristischen Landschaften schafft er es, die individuellen Besonderheiten der indigenen Kultur herauszustellen. Im Fokus hat Mauthe dabei stets die W\u00fcrde und Sch\u00f6nheit des Einzelnen. Herausgekommen sind Fotografien auf h\u00f6chstem \u00e4sthetischem Niveau, Zeugnisse von menschlichen Begegnungen auf Augenh\u00f6he. Fesselnde Filmsequenzen, abenteuerliche Erfahrungen und stimmungsvolle Musikpassagen seines langj\u00e4hrigen Komponisten Kai Arend verdichten die Live-Show schlie\u00dflich zu einem intensiven atmosph\u00e4rischen Erlebnis.<\/p>\n\n\n\n<p>Am <strong>Montag, 23. M\u00e4rz<\/strong> kommt Markus Mauthe mit der Foto-Live-Show \u201eAn den R\u00e4ndern des Horizonts\u201c auch nach Speyer, Technik Museum, Kino Forum, Am Technik Museum 1. Der Vortrag beginnt um 19.30 Uhr. Der Eintritt ist frei. Eine Platzreservierung ist nicht m\u00f6glich. R\u00fcckfragen, weitere Bilder und zuk\u00fcnftig Videos: Astrid Schl\u00fcter, Mobil: 01715626708, E-Mail: <a href=\"astrid.schlueter@greenpeace.org\" rel=\"noreferrer noopener\">astrid.schlueter@greenpeace.org<\/a>. Weitere Informationen finden sie unter <a href=\"https:\/\/deref-web-02.de\/mail\/client\/BOy6Mq6lnwo\/dereferrer\/?redirectUrl=https%3A%2F%2Fu14164442.ct.sendgrid.net%2Fls%2Fclick%3Fupn%3DpsfSyrcYyJjyv2M1NAPIUAcVyfFB4EU2lU-2FZhvs065M0O5HKdKMUChDBcz-2FEB7LKDpj119peU20ysa7q298p-2Fw-3D-3DL55J_Hl-2BwoPNiiE5y-2BW9ZLRGh-2BuGHMyD7GGNSR50vkH5Gix5ZRcbF-2BLXVUSEE-2F6XYkLbDrHO-2B644fu2uw-2FcgC2cet3kAHkdbzyDerZ6QC1YbZl0dVX-2FdYkP-2FRe4Q4VnIfyvlcci-2F0ATVDHsQ4UB5nXtedbKZvJM4gAIW40SiKzzCnrw5pcC880fo-2FJkwDYzaa48Aa70X-2FVix2eSyOzZlBszwtCfT8E-2FTG7jposn-2BGTijzCiHEyO-2BOd0oDHrAnyUXwBWA-2F\" target=\"_blank\" rel=\"noreferrer noopener\">www.greenpeace.de\/an-den-raendern-des-horizonts<\/a><\/p>\n\n\n\n<p><em>Technik Museum Speyer<br>05.03.2020<\/em><\/p>\n\n\n\n<h2 class=\"wp-block-heading\">Christina Lux  &#8211; Leise Bilder  feat. Oliver George (drums\/git\/voc)<\/h2>\n\n\n\n<h3 class=\"wp-block-heading\"><strong>Am 07.03.2020<\/strong> um <strong>20h<\/strong> im <strong>philipp eins <\/strong>in Speyer<\/h3>\n\n\n\n<div class=\"wp-block-image\"><figure class=\"aligncenter\"><img decoding=\"async\" loading=\"lazy\" width=\"600\" height=\"401\" src=\"https:\/\/speyer24news.com\/wp-content\/uploads\/2020\/03\/lpehimhoaafhlchc.png\" alt=\"\" class=\"wp-image-25651\" srcset=\"https:\/\/speyer24news.com\/wp-content\/uploads\/2020\/03\/lpehimhoaafhlchc.png 600w, https:\/\/speyer24news.com\/wp-content\/uploads\/2020\/03\/lpehimhoaafhlchc-300x201.png 300w\" sizes=\"(max-width: 600px) 100vw, 600px\" \/><\/figure><\/div>\n\n\n\n<p><strong>Speyer \/ Philipp Eins &#8211; <\/strong>Lux macht keinen Hehl aus einer klaren Haltung, die sich in ihrer Musik und ihren Ansagen widerspiegelt. Farbe zu bekennen geh\u00f6rt f\u00fcr sie zum K\u00fcnstlersein dazu. <br>&#8222;Ohne Empathie ist alles nichts. Wenn ich mit meiner Musik, an das erinnern kann, was ich selbst niemals vergessen will, dann ist das rund f\u00fcr mich.&#8220; <br>Sie ist eine echte Lichtgestalt im Meer der Songschreiber. Im August 2018 wurde das Album Leise Bilder mit dem Preis der deutschen Schallplattenkritik als eine der k\u00fcnstlerisch herausragenden Neuver\u00f6ffentlichungen ausgezeichnet. Im Mai trat sie bei der Verleihung des Deutschen Kamerapreises im WDR TV auf.<\/p>\n\n\n\n<p>Christina Lux intensive und warme Stimme erz\u00e4hlt Geschichten \u00fcber Begegnungen und Momentaufnahmen. Innen und au\u00dfen. Sie schaut hin, betrachtet die schr\u00e4gen und sch\u00f6nen Dinge des Lebens immer auf der Suche nach dem, was unter der Oberfl\u00e4che liegt. Daf\u00fcr findet sie ber\u00fchrende Bilder in ihrer Musik und ihren Worten und schl\u00e4gt tiefenentspannt den Bogen vom puren Song zum Jazz. Eine gro\u00dfartige Gitarristin, die ihre wachen, frechen und tief philosophischen Gedanken in ihren Songs und Ansagen durchl\u00e4ssig auf den Punkt bringt. <\/p>\n\n\n\n<p>Mit ihrem Weggef\u00e4hrten Oliver George an Schlagzeug, Gitarre und Gesang hat sie das aktuelle und neunte Album Leise Bilder produziert. Im Konzert  lassen sich beide mit gro\u00dfer Spielfreude aufeinander ein und es ist erstaunlich, wie raumf\u00fcllend und intensiv nur zwei Musiker sein k\u00f6nnen. Ohne Br\u00fcche wechselt Christina Lux dabei zwischen ihren englischen und den deutschsprachigen Songs. <\/p>\n\n\n\n<p>Die ber\u00fchrende Musikalit\u00e4t und Bandbreite von Christina Lux ist ungew\u00f6hnlich. Ungew\u00f6hnlich gut. Soulpoetin vom Feinsten.<\/p>\n\n\n\n<div class=\"wp-block-image\"><figure class=\"aligncenter\"><img decoding=\"async\" loading=\"lazy\" width=\"500\" height=\"500\" src=\"https:\/\/speyer24news.com\/wp-content\/uploads\/2020\/03\/lljkeamobgjhcnna.png\" alt=\"\" class=\"wp-image-25652\" srcset=\"https:\/\/speyer24news.com\/wp-content\/uploads\/2020\/03\/lljkeamobgjhcnna.png 500w, https:\/\/speyer24news.com\/wp-content\/uploads\/2020\/03\/lljkeamobgjhcnna-150x150.png 150w, https:\/\/speyer24news.com\/wp-content\/uploads\/2020\/03\/lljkeamobgjhcnna-300x300.png 300w\" sizes=\"(max-width: 500px) 100vw, 500px\" \/><\/figure><\/div>\n\n\n\n<h4 class=\"wp-block-heading\">Kurzbio<\/h4>\n\n\n\n<p>1983 begann sie als S\u00e4ngerin einer Rockband, reiste dann durch die Welt des Jazz, landete in der multikulturellen A Cappella Band Vocaleros und begann 1996 eigene Songs zu schreiben. Christina Lux brachte ihre erste CD 1998 heraus. Ihr Album Playground war 2012 f\u00fcr den Preis der deutschen Schallplattenkritik nominiert. Ebenso das achte Album Embrace feat. Bodek Janke, Schlagzeug und Tabla von 2015.  Leise Bilder wurde im August 2018 ausgezeichnet. Die aus Karlsruhe stammende und heute in K\u00f6ln lebende Musikerin arbeitete mit Edo Zanki, Laith al Deen, Purple Schulz, Fury In The Slaughterhouse, Jon Lord (Deep Purple), Chris Jones und Mick Karn, Stoppok u.v.a. Sie tourte au\u00dferdem mit Paul Young, Tuck &amp; Patti, Long John Baldry, Status Quo, Midge Ure, Henrik Freischlader, Astrid North, Regy Clasen u.v.a.<\/p>\n\n\n\n<div class=\"wp-block-image\"><figure class=\"aligncenter\"><img decoding=\"async\" loading=\"lazy\" width=\"500\" height=\"500\" src=\"https:\/\/speyer24news.com\/wp-content\/uploads\/2020\/03\/ccbpigndbiogmklb.png\" alt=\"\" class=\"wp-image-25653\" srcset=\"https:\/\/speyer24news.com\/wp-content\/uploads\/2020\/03\/ccbpigndbiogmklb.png 500w, https:\/\/speyer24news.com\/wp-content\/uploads\/2020\/03\/ccbpigndbiogmklb-150x150.png 150w, https:\/\/speyer24news.com\/wp-content\/uploads\/2020\/03\/ccbpigndbiogmklb-300x300.png 300w\" sizes=\"(max-width: 500px) 100vw, 500px\" \/><\/figure><\/div>\n\n\n\n<h4 class=\"wp-block-heading\">Pressestimmen<\/h4>\n\n\n\n<p><em>Mit ihrer aktuellen CD ist der Gitarristin und S\u00e4ngerin Christina Lux ein kleines Meisterwerk gelungen. Ihre Texte liefern Gedanken\u00fcbersch\u00fcsse von fast philosophischer Art, geschult an Jazz und Soul transportiert sie tiefsinnige Inhalte auf musikalisch h\u00f6chstem Niveau. Wobei alles unangestrengt, fast schwebend daherkommt, sie artikuliert weich und swingend \u2013 Worte und Kl\u00e4nge harmonieren perfekt miteinander. Die alte These, dass die deutsche Sprache nicht popgeeignet sei, ist zwar schon sp\u00e4testens seit Udo Lindenberg und Stoppok eindrucksvoll wiederlegt, die Lux beglaubigt dies einmal mehr. Joo Kraus, Stoppok, Dennis Hormes, Markus Segschneider, Laith Al-Deen und vor allem Oliver George haben wesentlich zur \u00fcberragenden Qualit\u00e4t dieses Albums beigetragen. Christina Lux ist und bleibt eine Ausnahmeerscheinung unter den deutschsprachigen Singer-Songwritern. (F\u00fcr die Jury: Kai Engelke)<br> <\/em><a href=\"https:\/\/www.schallplattenkritik.de\/bestenlisten\/987-bestenliste-3-2018\"><em>https:\/\/www.schallplattenkritik.de\/bestenlisten\/987-bestenliste-3-2018<\/em><\/a><em><br>Waren schon ihre englischen Texte \u00fcberaus intim, so l\u00e4sst Lux es nun zu, dass man ihr &#8222;ganz&#8220; nahe kommt. Denn die deutschen Texte sind nicht nur poetischer, sondern auch pers\u00f6nlicher. Dass sie dabei weder aufdringlich noch \u00fcbergriffig ist, hat wiederum viel mit der kongenial musikalischen Umsetzung ihrer Lieder durch ihre Band und die Gastmusiker zu tun.<br><strong>Jazzthing <\/strong><\/em><\/p>\n\n\n\n<p><em>Eine S\u00e4ngerin und Poetin mit wunderbarem Charisma bleibt beim Publikum mit einem un\u00fcblichen, hochkar\u00e4tigem Konzert in bester Erinnerung\u2026<br><strong>OVZ<\/strong><\/em><\/p>\n\n\n\n<p><em>Lux&#8216; warme Stimme, mal fl\u00fcsternd, mal weit und offen, und eine unwiderstehliche B\u00fchnenpr\u00e4senz verliehen dem Abend eine ungeahnte Intimit\u00e4t\u2026<br><strong>Nordseezeitung<\/strong><\/em><\/p>\n\n\n\n<p><em>Christina Lux ist eine der, oder vielleicht sogar die beste Singer-Songwriterin Deutschlands\u2026<br><strong>Neue Westf\u00e4lische<\/strong><\/em><\/p>\n\n\n\n<p><em>Leidenschaftlich und kraftvoll\u2026<br><strong>Westfalenblatt<\/strong><\/em><\/p>\n\n\n\n<p><em>Mit ihrem neuen Geniestreich auf Deutsch ist Christina Lux noch lange nicht am Ende ihres musikalischen Weges angekommen\u2026<br><strong>Folker<\/strong><\/em><\/p>\n\n\n\n<h4 class=\"wp-block-heading\">Lux lauschen und sehen hier:<\/h4>\n\n\n\n<p> <a href=\"http:\/\/www.christinalux.de\">http:\/\/www.christinalux.de<\/a><br> <a href=\"https:\/\/instagram.com\/christina_lux_\">https:\/\/instagram.com\/christina_lux_<\/a><br> <a href=\"http:\/\/www.youtube.com\/wunderlux\">http:\/\/www.youtube.com\/wunderlux<\/a><br> <a href=\"http:\/\/www.youtube.com\/wunderlux\">http:\/\/www.facebook.com\/Christina.Lux.Music<\/a><br> <a href=\"https:\/\/music.apple.com\/de\/artist\/christina-lux\/5041118\">https:\/\/music.apple.com\/de\/artist\/christina-lux\/5041118<\/a><br> <a href=\"https:\/\/open.spotify.com\/artist\/1yrsx1HTmx1HskSbLXZ7Ef\">https:\/\/open.spotify.com\/artist\/1yrsx1HTmx1HskSbLXZ7Ef<\/a><\/p>\n\n\n\n<p><em>Text: Christina Lux Foto: Sebastian Niehoff<br>05.03.2020<\/em><\/p>\n","protected":false},"excerpt":{"rendered":"<div class=\"mh-excerpt\"><p>Historisches Museum der Pfalz, Speyer Zweiter Vortrag zur Medicus-Ausstellung Vortrag: Mikroben als Weltkatastrophe&#8220;Am 05.03.2020 um 19 Uhr Vortrag zur Pest im Mittelalter und ihren Folgen im Historischen Museum der Pfalz Speyer \/ Historisches Museum der <a class=\"mh-excerpt-more\" href=\"https:\/\/speyer24news.com\/?p=25650\" title=\"Veranstaltungen und Termine \/ Kultur\">[&#8230;]<\/a><\/p>\n<\/div>","protected":false},"author":3,"featured_media":25668,"comment_status":"open","ping_status":"open","sticky":false,"template":"","format":"standard","meta":{"_monsterinsights_skip_tracking":false,"_monsterinsights_sitenote_active":false,"_monsterinsights_sitenote_note":"","_monsterinsights_sitenote_category":0,"footnotes":""},"categories":[11,14,13],"tags":[6254,6256,3154,201,4611,6133,861,1191,6249,4018,6250,577,6253,4612,4793,4795,6255,6251,6252,3631,704,133,1993,6248],"aioseo_notices":[],"amp_enabled":true,"_links":{"self":[{"href":"https:\/\/speyer24news.com\/index.php?rest_route=\/wp\/v2\/posts\/25650"}],"collection":[{"href":"https:\/\/speyer24news.com\/index.php?rest_route=\/wp\/v2\/posts"}],"about":[{"href":"https:\/\/speyer24news.com\/index.php?rest_route=\/wp\/v2\/types\/post"}],"author":[{"embeddable":true,"href":"https:\/\/speyer24news.com\/index.php?rest_route=\/wp\/v2\/users\/3"}],"replies":[{"embeddable":true,"href":"https:\/\/speyer24news.com\/index.php?rest_route=%2Fwp%2Fv2%2Fcomments&post=25650"}],"version-history":[{"count":2,"href":"https:\/\/speyer24news.com\/index.php?rest_route=\/wp\/v2\/posts\/25650\/revisions"}],"predecessor-version":[{"id":25670,"href":"https:\/\/speyer24news.com\/index.php?rest_route=\/wp\/v2\/posts\/25650\/revisions\/25670"}],"wp:featuredmedia":[{"embeddable":true,"href":"https:\/\/speyer24news.com\/index.php?rest_route=\/wp\/v2\/media\/25668"}],"wp:attachment":[{"href":"https:\/\/speyer24news.com\/index.php?rest_route=%2Fwp%2Fv2%2Fmedia&parent=25650"}],"wp:term":[{"taxonomy":"category","embeddable":true,"href":"https:\/\/speyer24news.com\/index.php?rest_route=%2Fwp%2Fv2%2Fcategories&post=25650"},{"taxonomy":"post_tag","embeddable":true,"href":"https:\/\/speyer24news.com\/index.php?rest_route=%2Fwp%2Fv2%2Ftags&post=25650"}],"curies":[{"name":"wp","href":"https:\/\/api.w.org\/{rel}","templated":true}]}}