{"id":25688,"date":"2020-03-05T12:58:50","date_gmt":"2020-03-05T11:58:50","guid":{"rendered":"https:\/\/speyer24news.com\/?p=25688"},"modified":"2020-03-05T12:58:52","modified_gmt":"2020-03-05T11:58:52","slug":"schifferstadt-52","status":"publish","type":"post","link":"https:\/\/speyer24news.com\/?p=25688","title":{"rendered":"Schifferstadt"},"content":{"rendered":"<style type=\"text\/css\">\r\n\t.ads_top_disp{}\r\n\t.ads_top_corner_disp{ float:left; margin:0px 10px 10px 0px; }\r\n\t.ads_first_p_disp{}\r\n\t.ads_bottom_disp{}\r\n\t<\/style>\n<h2 class=\"wp-block-heading\"><strong>\u201eI will come to you yesterday\u201c \u2013\nGem\u00e4lde von Piotr Butkiewicz<\/strong><\/h2>\n\n\n\n<h2 class=\"wp-block-heading\"><strong>Ausstellungser\u00f6ffnung im Alten Rathaus, Schifferstadt <\/strong><\/h2>\n\n\n\n<div class=\"wp-block-image\"><figure class=\"aligncenter\"><img decoding=\"async\" loading=\"lazy\" width=\"500\" height=\"537\" src=\"https:\/\/speyer24news.com\/wp-content\/uploads\/2020\/03\/Butkiewicz-Portraitfoto.jpg\" alt=\"\" class=\"wp-image-25694\" srcset=\"https:\/\/speyer24news.com\/wp-content\/uploads\/2020\/03\/Butkiewicz-Portraitfoto.jpg 500w, https:\/\/speyer24news.com\/wp-content\/uploads\/2020\/03\/Butkiewicz-Portraitfoto-279x300.jpg 279w\" sizes=\"(max-width: 500px) 100vw, 500px\" \/><\/figure><\/div>\n\n\n\n<p>Am <strong>Mittwoch, 18. M\u00e4rz<\/strong> um 19 Uhr er\u00f6ffnet Schifferstadts B\u00fcrgermeisterin Ilona Volk die Ausstellung des polnischen K\u00fcnstlers Piotr Butkiewicz im Obergeschoss des Alten Rathauses, Marktplatz 1. Einf\u00fchrende Worte spricht der Kulturbeauftragte des Rhein-Pfalz-Kreises Paul Platz. Unter dem Titel \u201eI will come to you yesterday\u201c pr\u00e4sentiert Butkiewicz in den historischen R\u00e4umlichkeiten <strong><em>bis einschlie\u00dflich Sonntag, 5. April <\/em><\/strong>einige seiner Werke.<\/p>\n\n\n\n<p>Trotz seines Studiums der Bildhauerei bei Prof. Leon Podsiad\u0142y an der Kunstakademie in Breslau ist Butkiewicz vor allem als Maler bekannt. Seine Arbeiten wurden nahezu in ganz Europa ausgestellt. Nebenbei gibt er Unterricht in Holzschnitzerei und besch\u00e4ftigt sich mit Design und Herstellung von M\u00f6beln. <\/p>\n\n\n\n<div class=\"wp-block-image\"><figure class=\"aligncenter\"><img decoding=\"async\" loading=\"lazy\" width=\"500\" height=\"344\" src=\"https:\/\/speyer24news.com\/wp-content\/uploads\/2020\/03\/Bild-5.jpg\" alt=\"\" class=\"wp-image-25695\" srcset=\"https:\/\/speyer24news.com\/wp-content\/uploads\/2020\/03\/Bild-5.jpg 500w, https:\/\/speyer24news.com\/wp-content\/uploads\/2020\/03\/Bild-5-300x206.jpg 300w\" sizes=\"(max-width: 500px) 100vw, 500px\" \/><\/figure><\/div>\n\n\n\n<p>\u00dcber seine\nk\u00fcnstlerischen Arbeiten sagt er: \u201eW\u00e4hrend ich male, irre ich \u00f6fters, \u00fcbermale\neinen Teil des Bildes, um ihn gleich wieder zu finden, obwohl ich ihn prompt\nerneut \u00fcbermale, \u00fcberschichte \u2013 die Vergangenheit und die Gegenwart treten\ngleichzeitig auf. Meine Malerei hat nicht die Aufgabe, die uns umgebende Realit\u00e4t\ndarzustellen, sie soll vielmehr ihr Gegengewicht sein \u2013 sie soll etwas anderes\nsein.\u201c<\/p>\n\n\n\n<p>Nach der Vernissage am Mittwoch, 18. M\u00e4rz um 19 Uhr hat die Ausstellung samstags von 16 bis 18 Uhr und sonntags von 10 bis 12 und 15 bis 18 Uhr ge\u00f6ffnet.<\/p>\n\n\n\n<p><em>Stadtverwaltung Schifferstadt<\/em><br><em>05.03.2020<\/em><\/p>\n\n\n\n<h2 class=\"wp-block-heading\"><strong>Anmeldung f\u00fcr Osterferienbetreuung\nstartet am Donnerstag &nbsp;<\/strong><\/h2>\n\n\n\n<p><strong>Von Dienstag, 14. bis einschlie\u00dflich Freitag, 17. April<\/strong> bietet die Jugendpflege Schifferstadt eine Betreuungswoche f\u00fcr Schifferstadter Grundschulkinder im Jugendtreff, Neust\u00fcckweg 1, an. Die Anmeldung ist <strong><em>von Donnerstag, 5. M\u00e4rz, 16 Uhr bis Mittwoch, 11. M\u00e4rz, 12 Uhr<\/em><\/strong> m\u00f6glich. <\/p>\n\n\n\n<p>Basteln, Werken, Spiel\nund Spa\u00df f\u00fcr maximal 25 Kinder \u2013 die Osterferienbetreuung l\u00e4uft t\u00e4glich von 8\nbis 14 Uhr und kostet pro Tag neun Euro. Ein warmes Mittagessen ist inklusive. <\/p>\n\n\n\n<p>Berufst\u00e4tige Eltern\nhaben Vorrang. Eltern, die bereits f\u00fcr die Ortsranderholung einen\nBerufst\u00e4tigkeitsnachweis erbracht haben, m\u00fcssen diesen nicht erneut vorlegen.<\/p>\n\n\n\n<p>Die Anmeldung kann per E-Mail an <a href=\"kontakt@jugendtreff-schifferstadt.de\">kontakt@jugendtreff-schifferstadt.de<\/a> oder telefonisch unter der Telefonnummer 06235\/929382 vorgenommen werden. Informationen zum Jugendreff allgemein und speziell zur Ferienbetreuung sind auf der Webseite der Stadt <a href=\"http:\/\/www.schifferstadt.de\">www.schifferstadt.de<\/a> zu finden.<\/p>\n\n\n\n<p><em>Stadtverwaltung Schifferstadt<\/em><br><em>05.03.2020<\/em><\/p>\n\n\n\n<h2 class=\"wp-block-heading\"><strong>Karikatur-Ausstellung \u201eFrauenWelten\u201c<\/strong><\/h2>\n\n\n\n<h3 class=\"wp-block-heading\"><strong>Vernissage zum Weltfrauentag<\/strong><\/h3>\n\n\n\n<div class=\"wp-block-image\"><figure class=\"aligncenter\"><img decoding=\"async\" loading=\"lazy\" width=\"800\" height=\"656\" src=\"https:\/\/speyer24news.com\/wp-content\/uploads\/2020\/03\/Karikatur-Ausstellung-Frauenwelten.jpeg\" alt=\"\" class=\"wp-image-25693\" srcset=\"https:\/\/speyer24news.com\/wp-content\/uploads\/2020\/03\/Karikatur-Ausstellung-Frauenwelten.jpeg 800w, https:\/\/speyer24news.com\/wp-content\/uploads\/2020\/03\/Karikatur-Ausstellung-Frauenwelten-300x246.jpeg 300w, https:\/\/speyer24news.com\/wp-content\/uploads\/2020\/03\/Karikatur-Ausstellung-Frauenwelten-768x630.jpeg 768w\" sizes=\"(max-width: 800px) 100vw, 800px\" \/><\/figure><\/div>\n\n\n\n<p>P\u00fcnktlich zum Weltfrauentag laden die Gleichstellungsbeauftragten der Stadt Schifferstadt und der Weltladen am <strong>Sonntag, 8. M\u00e4rz<\/strong>, ab 10:30 Uhr zur Vernissage der internationalen Karikatur-Ausstellung \u201eFrauenWelten\u201c ins Rathaus-Foyer ein. Die offizielle Er\u00f6ffnung ist um 11 Uhr. \u00a0<\/p>\n\n\n\n<p>Geringere Chance auf\nAusbildung, Ern\u00e4hrung, auf gleiche Bezahlung und Verwirklichung der\npers\u00f6nlichen, sozialen und politischen Menschenrechte \u2013 nur aufgrund ihrer\nGeschlechterzugeh\u00f6rigkeit sind Frauen weltweit immer noch im Nachteil. Die Karikatur-Ausstellung\n\u201eFrauenWelten\u201c gibt einen ironischen Einblick in (fehlgeschlagene) Versuche in\neiner globalen M\u00e4nnerwelt Frau zu sein. Die Zeichnungen aus 70 L\u00e4ndern widmen\nsich den Ungerechtigkeiten des Frauseins ohne dabei zu jammern oder zu\nbelehren.<\/p>\n\n\n\n<p>Als besonderen Gast begr\u00fc\u00dfen die Gleichstellungsbeauftragten die Landesministerin Anne Spiegel (Ministerin f\u00fcr Familie, Frauen, Jugend, Integration und Verbraucherschutz in Rheinland-Pfalz). Kleine K\u00f6stlichkeiten aus der Einen Welt runden die Ausstellungser\u00f6ffnung ab. Der Eintritt ist frei. Die Ausstellung kann <strong><em>bis Mittwoch, 18. M\u00e4rz<\/em><\/strong> zu den \u00fcblichen \u00d6ffnungszeiten des Rathauses besucht werden.<\/p>\n\n\n\n<h4 class=\"wp-block-heading\"><strong>FrauenWelten in den FrauenWochen<\/strong><\/h4>\n\n\n\n<p>Seit 1911 erinnert der Weltfrauentag daran, dass Frauen und M\u00e4nner noch immer nicht in allen Lebensbereichen gleichberechtigt sind. Doch ein Tag reicht einfach nicht aus, um den Frauen zu zeigen, wie wertvoll sie tats\u00e4chlich sind, finden die Schifferstadter Gleichstellungsbeauftragten. Deshalb haben sie insgesamt f\u00fcnf Veranstaltungen geplant. Startschuss war bereits am vergangenen Mittwoch mit dem traditionellen Frauenkino im Rex-Kino-Center Schifferstadt, bei dem es f\u00fcr alle Besucherinnen und Besucher nach dem Film eine kleine, faire \u00dcberraschung vom Weltladen-Team gab. Nach der Vernissage der Karikatur-Ausstellung \u201eFrauenWelten\u201c am Sonntag folgt am Mittwoch, 12. M\u00e4rz der interaktive Vortrag von Patricia K\u00fcll im Alten Rathaus, am Freitag, 13. M\u00e4rz die Kleidertauschparty im Pfarrzentrum St. Jakobus und am Donnerstag, 19. M\u00e4rz die Diskussionsrunde \u201eWo dr\u00fcckt der Schuh? Bei Frauen in der Kommunalpolitik\u201c im Pfarrheim Herz-Jesu.  <\/p>\n\n\n\n<p><em>Stadtverwaltung Schifferstadt<\/em><br><em>05.03.2020<\/em><\/p>\n\n\n\n<h2 class=\"wp-block-heading\"><strong>Lustig und bezaubernd \u2013 Benji Wiebe\nim Jugendtreff &nbsp;<\/strong><\/h2>\n\n\n\n<p>Am <strong>Freitag, 6. M\u00e4rz<\/strong> um 14:30 Uhr ist der Clown und Zauberer Benji Wiebe beim Jugendtreff, Neust\u00fcckweg 1, zu Gast. Mit seiner Zaubershow bringt er die jungen G\u00e4ste zum Staunen und Lachen und verzaubert sie mit seinem ca. einst\u00fcndigen Programm. <\/p>\n\n\n\n<p>Kinder ab drei Jahren\nsind herzlich willkommen, erwachsene Begleitpersonen kommen kostenlos rein.\nAnsonsten betr\u00e4gt der Eintrittspreis vier Euro, Gruppenerm\u00e4\u00dfigung gibt\u2019s ab zehn\nzahlenden Personen. Einlass ist ab 14 Uhr.<\/p>\n\n\n\n<p><em>Stadtverwaltung Schifferstadt<\/em><br><em>05.03.2020<\/em><\/p>\n\n\n\n<h2 class=\"wp-block-heading\"><strong>Von der Duddewutz zum B\u00fcrgerbus<\/strong><\/h2>\n\n\n\n<h3 class=\"wp-block-heading\"><strong>Spenden\u00fcbergabe in der Apotheke am Schillerplatz<\/strong><\/h3>\n\n\n\n<div class=\"wp-block-image\"><figure class=\"aligncenter\"><img decoding=\"async\" loading=\"lazy\" width=\"800\" height=\"600\" src=\"https:\/\/speyer24news.com\/wp-content\/uploads\/2020\/03\/Spenden\u00fcbergabe-Apotheke-3.jpg\" alt=\"\" class=\"wp-image-25691\" srcset=\"https:\/\/speyer24news.com\/wp-content\/uploads\/2020\/03\/Spenden\u00fcbergabe-Apotheke-3.jpg 800w, https:\/\/speyer24news.com\/wp-content\/uploads\/2020\/03\/Spenden\u00fcbergabe-Apotheke-3-300x225.jpg 300w, https:\/\/speyer24news.com\/wp-content\/uploads\/2020\/03\/Spenden\u00fcbergabe-Apotheke-3-768x576.jpg 768w, https:\/\/speyer24news.com\/wp-content\/uploads\/2020\/03\/Spenden\u00fcbergabe-Apotheke-3-678x509.jpg 678w, https:\/\/speyer24news.com\/wp-content\/uploads\/2020\/03\/Spenden\u00fcbergabe-Apotheke-3-326x245.jpg 326w, https:\/\/speyer24news.com\/wp-content\/uploads\/2020\/03\/Spenden\u00fcbergabe-Apotheke-3-80x60.jpg 80w\" sizes=\"(max-width: 800px) 100vw, 800px\" \/><figcaption>v.l.: Beigeordneter Patrick Poss, Peter Imo (B\u00fcrgerbus), Apotheken-Inhaberin Stefanie Bengert, Hans-Peter Kopping (B\u00fcrgerbus), Horst Michel (B\u00fcrgerbus), Volker Bengert, Edith  Sellinger (Hospizdienst), Gerhard Schackert (Freundeskreis Burkina Faso)<\/figcaption><\/figure><\/div>\n\n\n\n<p>Am vergangenen Donnerstag \u00fcberreichte Stefanie Bengert,\nInhaberin der Apotheke am Schillerplatz, zusammen mit ihrem Mann Volker Bengert\nSpenden in H\u00f6he von 1.000 Euro an verschiedene Vereine und ehrenamtlich\nEngagierte, u.a. an das B\u00fcrgerbus-Team. <\/p>\n\n\n\n<p>\u00dcber die Duddewutz (Hochdeutsch: das T\u00fctenschwein), eine\nSpardose, in die Kundinnen und Kunden eine Spende werfen k\u00f6nnen, wenn das\nApotheken-Team die Eink\u00e4ufe in eine Papiert\u00fcte packen muss, aber auch \u00fcber die\nAktion \u201eSie kaufen \u2013 wir spenden\u201c und durch den Verzicht auf Kundenpr\u00e4sente zu\nWeihnachten kam die Spendensumme von 1.000 Euro zusammen. \u201eDie F\u00f6rderung des\nEhrenamts liegt uns sehr am Herzen\u201c, betont das Ehepaar Bengert, das selbst\nvielf\u00e4ltig engagiert ist.<\/p>\n\n\n\n<p>600 Euro gingen an den Hospizdienst, 300 Euro an den\nFreundeskreis Burkina-Faso und 100 Euro an das B\u00fcrgerbus-Team. Peter Imo, Horst\nMichel und Karl-Peter Kopping nahmen die Spende sehr gerne in Vertretung f\u00fcr\ndas gesamte Team entgegen. &nbsp;<\/p>\n\n\n\n<p>\u201eWir freuen uns, dass das Angebot unseres ehrenamtlichen\nB\u00fcrgerbus-Teams von den B\u00fcrgerinnen und B\u00fcrgern so gut angenommen wird \u2013 da\nkommt die Spende gerade recht\u201c, freut sich der f\u00fcr den Bereich Generationen und\nSoziales zust\u00e4ndige Beigeordnete Patrick Poss. Auch im Namen der B\u00fcrgermeisterin\nbedankte er sich f\u00fcr die Spendenbereitschaft und das Engagement aller\nAnwesenden.<\/p>\n\n\n\n<p>Mit einem Glas Holunder-Secco aus dem Weltladen und regem Austausch\n\u00fcber die individuellen Erlebnisse im Ehrenamt klang der Abend aus. Wie sie\nselbst sagten, m\u00f6chte das Ehepaar Bengert auch 2020 gemeinsam mit den\nOrganisationen in Schifferstadt zu einer offenen, mitf\u00fchlenden und wertsch\u00e4tzenden\nGesellschaft beitragen.<\/p>\n\n\n\n<p><em>Stadtverwaltung Schifferstadt<\/em><br><em>05.03.2020<\/em><\/p>\n\n\n\n<h2 class=\"wp-block-heading\"><strong>Einbahnstra\u00dfenregelung Mannheimer\nStra\u00dfe<\/strong><\/h2>\n\n\n\n<h3 class=\"wp-block-heading\"><strong>Umleitung\n\u00fcber Bleichstra\u00dfe \u2013 Danziger Stra\u00dfe \u2013 Breslauer Stra\u00dfe<\/strong><\/h3>\n\n\n\n<p>Seit <strong>Sonntag, 1. M\u00e4rz<\/strong> wird in der Mannheimer Stra\u00dfe 34 eine halbseitige Sperrung mit Einbahnstra\u00dfenregelung eingerichtet. Entsprechend ist die Richtungsfahrbahn der Mannheimer Stra\u00dfe in Fahrtrichtung Ortsausgang ab der Einm\u00fcndung Bleichstra\u00dfe gesperrt. Die ausgeschilderte Umleitung f\u00fcr Verkehrsteilnehmer erfolgt \u00fcber die Bleichstra\u00dfe, Danziger Stra\u00dfe bis zur Breslauer Stra\u00dfe. Die Stra\u00dfensperrung wird <strong>voraussichtlich bis Juni<\/strong> andauern.<\/p>\n\n\n\n<p><em>Stadtverwaltung Schifferstadt<\/em><br><em>05.03.2020<\/em><\/p>\n\n\n\n<h2 class=\"wp-block-heading\"><strong>\u00dcbernimm die Regie in deinem Leben<\/strong><\/h2>\n\n\n\n<h3 class=\"wp-block-heading\"><strong>Vortrag von Patricia K\u00fcll<\/strong><\/h3>\n\n\n\n<div class=\"wp-block-image\"><figure class=\"aligncenter\"><img decoding=\"async\" loading=\"lazy\" width=\"800\" height=\"578\" src=\"https:\/\/speyer24news.com\/wp-content\/uploads\/2020\/03\/Bild-PK-t\u00fcrkis.jpg\" alt=\"\" class=\"wp-image-25690\" srcset=\"https:\/\/speyer24news.com\/wp-content\/uploads\/2020\/03\/Bild-PK-t\u00fcrkis.jpg 800w, https:\/\/speyer24news.com\/wp-content\/uploads\/2020\/03\/Bild-PK-t\u00fcrkis-300x217.jpg 300w, https:\/\/speyer24news.com\/wp-content\/uploads\/2020\/03\/Bild-PK-t\u00fcrkis-768x555.jpg 768w\" sizes=\"(max-width: 800px) 100vw, 800px\" \/><\/figure><\/div>\n\n\n\n<p>Hektik im Alltag, \u00c4rger im B\u00fcro oder Kummer mit dem Partner? Am <strong>Donnerstag, 12. M\u00e4rz<\/strong> zeigt Patricia K\u00fcll um 19:30 Uhr im Alten Rathaus, Marktplatz 1, wie Sie sich mit einfachen Mitteln Ihre Lebensfreude zur\u00fcckholen. <\/p>\n\n\n\n<p>Sie kennen das vielleicht auch: Eigentlich l\u00e4uft es ganz gut\n\u2013 im Job, in der Familie, im Freundeskreis. Eigentlich gibt es keinen Grund zum\nJammern. Eigentlich. Aber in einer ruhigen Minute merkt man, dass vieles im\nAlltag mehr Last als Lust ist. Die Lebensfreude ist an irgendeinem Punkt\nabhandengekommen und irgendwie hat man es lange nicht gemerkt. Doch was tun,\nwenn man bemerkt, dass der Spa\u00df im Leben schon lange nicht mehr vorbeigeschaut\nhat? Scheidung? Job k\u00fcndigen? Die Kinder zur Adoption freigeben?<\/p>\n\n\n\n<p>In ihrem interaktiven Vortrag zeigt Ihnen Patricia K\u00fcll, wie\nSie sich mit einfachen Mitteln die Lebensfreude zur\u00fcckholen, warum auch Krisen Sinn\nmachen und warum man fremden, nackten M\u00e4nnern durchaus dankbar sein kann.\nAnl\u00e4sslich des Internationalen\nFrauentages laden die Stadtb\u00fccherei und die Gleichstellungsbeauftragten von\nSchifferstadt zu diesem Vortrag ein.<\/p>\n\n\n\n<p>Karten k\u00f6nnen Sie bei der\nStadtb\u00fccherei f\u00fcr f\u00fcnf Euro erwerben und erhalten bei der Veranstaltung ein\nFreigetr\u00e4nk.<\/p>\n\n\n\n<p>Informationen erhalten Interessierte bei der Stadtb\u00fccherei\nSchifferstadt unter der Telefonnummer 06235\/925830.<\/p>\n\n\n\n<p><em>Stadtverwaltung Schifferstadt<\/em><br><em>05.03.2020<\/em><\/p>\n\n\n\n<h2 class=\"wp-block-heading\"><strong>Kleidertauschparty in Schifferstadt<\/strong><\/h2>\n\n\n\n<div class=\"wp-block-image\"><figure class=\"aligncenter\"><img decoding=\"async\" loading=\"lazy\" width=\"500\" height=\"708\" src=\"https:\/\/speyer24news.com\/wp-content\/uploads\/2020\/03\/2020.03.13.-Kleidertauschparty.jpg\" alt=\"\" class=\"wp-image-25689\" srcset=\"https:\/\/speyer24news.com\/wp-content\/uploads\/2020\/03\/2020.03.13.-Kleidertauschparty.jpg 500w, https:\/\/speyer24news.com\/wp-content\/uploads\/2020\/03\/2020.03.13.-Kleidertauschparty-212x300.jpg 212w\" sizes=\"(max-width: 500px) 100vw, 500px\" \/><\/figure><\/div>\n\n\n\n<p>Wegwerfen und neu kaufen war gestern \u2013 am <strong>Freitag, 13. M\u00e4rz<\/strong> laden die Fairtrade Stadt Schifferstadt-Gruppe, die Gleichstellungsbeauftragten und das Weltladen-Team von 17 bis 20 Uhr zur Kleidertauschparty im Pfarrheim St. Jakobus, Kirchenstra\u00dfe 16, ein. &nbsp;<\/p>\n\n\n\n<h4 class=\"wp-block-heading\"><strong>Nachhaltigkeit im\nKleiderschrank<\/strong><\/h4>\n\n\n\n<p>Ein ganzer Schrank voll nix zum Anziehen \u2013 kommt Ihnen das bekannt vor?\nDa hilft nur: Ausmisten. Und danach? Gl\u00fccklich tauschen! Wer zur Schifferstadter\nKleidertauschparty kommt, wird nicht nur Altes los, sondern darf sich au\u00dferdem\n\u00fcber neuwertige Lieblingsteile freuen und schont ganz nebenbei Umwelt und\nGeldbeutel. <\/p>\n\n\n\n<h4 class=\"wp-block-heading\"><strong>Und so geht\u00b4s<\/strong><\/h4>\n\n\n\n<p>Maximal 20 gut erhaltene Kleidungsst\u00fccke sind Ihr \u201eEintritt\u201c zur Party. Ansonsten\nist die Veranstaltung kostenlos. Vor Ort sortieren Sie Ihre mitgebrachten\nKlamotten in T-Shirts, Hosen, Pullover und so weiter. Und dann geht\u00b4s auch\nschon ans St\u00f6bern! Sie d\u00fcrfen sich in aller Ruhe umschauen, k\u00f6nnen Ihre\nLieblingsteile anprobieren, sich im Spiegel begutachten und so viele\nKleidungsst\u00fccke mitnehmen, wie Sie m\u00f6chten. Was am Ende \u00fcbrigbleibt, geht an\ndie \u201eW\u00fchlmaus\u201c, ein Secondhandladen des Deutschen Kinderschutzbund\nRhein-Pfalz-Kreis e.V. in der Rehbachstra\u00dfe 4. <\/p>\n\n\n\n<p>Die Veranstaltung ist kostenfrei. Eine Anmeldung ist nicht erforderlich.<\/p>\n\n\n\n<p><em>Stadtverwaltung Schifferstadt<br>05.03.2020<\/em><\/p>\n\n\n\n<h1 class=\"wp-block-heading\" style=\"text-align:center\">Volkshochschule (VHS) Schifferstadt<\/h1>\n\n\n\n<div class=\"wp-block-image\"><figure class=\"aligncenter\"><img decoding=\"async\" loading=\"lazy\" width=\"640\" height=\"295\" src=\"https:\/\/speyer24news.com\/wp-content\/uploads\/2020\/03\/VHS-1.png\" alt=\"\" class=\"wp-image-25692\" srcset=\"https:\/\/speyer24news.com\/wp-content\/uploads\/2020\/03\/VHS-1.png 640w, https:\/\/speyer24news.com\/wp-content\/uploads\/2020\/03\/VHS-1-300x138.png 300w\" sizes=\"(max-width: 640px) 100vw, 640px\" \/><\/figure><\/div>\n\n\n\n<h2 class=\"wp-block-heading\"><strong>Aquafit im Flachwasser<\/strong><\/h2>\n\n\n\n<p>Sie wollen etwas f\u00fcr Ihre Herz-Kreislauf-Fitness tun und lieben es, im Wasser zu sein? Am <strong>Dienstag, 10. M\u00e4rz<\/strong> beginnt um 19:15 Uhr der Kurs \u201eAquafit im Flachwasser\u201c im Kreisbad in Schifferstadt. <\/p>\n\n\n\n<p>Im Kurs st\u00e4rken Sie\ndas Herz-Kreislauf-System, kr\u00e4ftigen Ihre Muskeln und verbessern Ihre\nKoordination. Das \u00dcben gegen Wasserwiderstand und Auftrieb schont Gelenke und\nWirbels\u00e4ule. Lernen Sie \u00dcbungen kennen, die die Beweglichkeit, Schnelligkeit\nund Ausdauer Ihres K\u00f6rpers erhalten und verspannte Muskulatur wieder lockern!\nF\u00fcr Menschen mit einer K\u00f6rpergr\u00f6\u00dfe von mehr als 1,70 Metern sind\nTiefwasserkurse besser geeignet.<\/p>\n\n\n\n<p>F\u00fcr weitere\nInformationen und Anmeldungen k\u00f6nnen sich Interessierte bei der Stadtverwaltung\nSchifferstadt unter der Telefonnummer 06235\/44302 melden. <\/p>\n\n\n\n<p><em>Volkshochschule (VHS) Schifferstadt<\/em><br><em>05.03.2020<\/em><\/p>\n\n\n\n<h2 class=\"wp-block-heading\"><strong>MS Office Kompakt<\/strong><\/h2>\n\n\n\n<p>Am <strong>Donnerstag, 12. M\u00e4rz<\/strong> beginnt um 17:30 Uhr der Kurs \u201eMS Office Kompakt\u201c im Schifferstadter vhs-Bildungszentrum, Neust\u00fcckweg 2. <\/p>\n\n\n\n<p>Sie haben bereits\nerste Erfahrungen mit dem PC gesammelt und m\u00f6chten nun Sicherheit im Umgang mit\nden g\u00e4ngigen MS-Office-Programmen gewinnen oder Ihre Kenntnisse auffrischen?\nDieser praxisorientierte Kompaktkurs bietet Ihnen einen \u00dcberblick \u00fcber MS Word,\nExcel und PowerPoint. Sie lernen die grundlegenden Befehle kennen und erhalten\nTipps f\u00fcr die einfache Anwendung. So erfahren sie z.B. wie Sie Gesch\u00e4ftsbriefe,\nProtokolle und Berichte mit Word, einfache Kalkulationen und Diagramme mit\nExcel und Pr\u00e4sentationen mit PowerPoint erstellen.<\/p>\n\n\n\n<p>F\u00fcr weitere\nInformationen und Anmeldungen k\u00f6nnen sich Interessierte bei der Stadtverwaltung\nSchifferstadt unter der Telefonnummer 06235\/44302 melden. <\/p>\n\n\n\n<p><em>Volkshochschule (VHS) Schifferstadt<\/em><br><em>05.03.2020<\/em><\/p>\n\n\n\n<h2 class=\"wp-block-heading\"><strong>Plakate, Flyer und Brosch\u00fcren\ngestalten mit MS Word<\/strong><\/h2>\n\n\n\n<p>Am <strong>Samstag, 14. M\u00e4rz<\/strong> beginnt um 9 Uhr der Kurs \u201ePlakate, Flyer, Brosch\u00fcren gestalten mit MS Word\u201c im Schifferstadter vhs-Bildungszentrum, Neust\u00fcckweg 2.<\/p>\n\n\n\n<p>In diesem Kurs lernen\nSie, wie Sie mit Hilfe der Textverarbeitungssoftware Word Aush\u00e4nge, Flyer,\nPlakate und Brosch\u00fcren erstellen. Die erlernten Techniken und Tricks k\u00f6nnen Sie\nberuflich, privat oder auch im Verein und Ehrenamt vielf\u00e4ltig einsetzen. Anhand\nkonkreter Beispiele und detaillierter Schritt-f\u00fcr-Schritt Anleitungen wird das\nnotwendige Wissen sicher und systematisch vermittelt. \u00dcbungen helfen, die\nerworbenen Techniken gleich anzuwenden.<\/p>\n\n\n\n<p>F\u00fcr weitere\nInformationen und Anmeldungen k\u00f6nnen sich Interessierte bei der Stadtverwaltung\nSchifferstadt unter der Telefonnummer 06235\/44302 melden. <\/p>\n\n\n\n<p><em>Volkshochschule (VHS) Schifferstadt<\/em><br><em>05.03.2020<\/em><\/p>\n\n\n\n<h2 class=\"wp-block-heading\"><strong>T\u00f6pfern am Wochenende f\u00fcr Kinder <\/strong><\/h2>\n\n\n\n<p>Am <strong>Samstag, 14. M\u00e4rz<\/strong> beginnt um 10 Uhr der Kurs \u201eT\u00f6pfern am Wochenende\u201c f\u00fcr Kinder zwischen 7 und 12 Jahren im Schifferstadter Jugendtreff, Neust\u00fcckweg 1.<\/p>\n\n\n\n<p>Ton ist das ideale\nMaterial, um die eigene Kreativit\u00e4t zu erproben und nebenbei die Feinmotorik zu\ntrainieren. In diesem Kurs lernen Anf\u00e4nger\/innen die Eigenschaften des Tons\nspielerisch kennen und entwickeln aus Grundformen erste plastische Figuren.\nFortgeschrittene bekommen Vorschl\u00e4ge f\u00fcr Skulpturen und Gef\u00e4\u00dfe oder arbeiten\nfrei nach eigenen Ideen.<\/p>\n\n\n\n<p>F\u00fcr weitere\nInformationen und Anmeldungen k\u00f6nnen sich Interessierte bei der Stadtverwaltung\nSchifferstadt unter der Telefonnummer 06235\/44302 melden. <\/p>\n\n\n\n<p><em>Volkshochschule (VHS) Schifferstadt<\/em><br><em>05.03.2020<\/em><\/p>\n\n\n\n<h2 class=\"wp-block-heading\"><strong>Von der blauen Stunde bis zur\nNachtfotografie &nbsp;<\/strong><\/h2>\n\n\n\n<p>Am <strong>Mittwoch, 11. M\u00e4rz<\/strong> beginnt um 19 Uhr der Kurs \u201eVon der blauen Stunde bis zur Nachtfotografie\u201c im Schifferstadter vhs-Bildungszentrum, Neust\u00fcckweg 2.<\/p>\n\n\n\n<p>Das Fotografieren in\nder D\u00e4mmerung oder bei Dunkelheit hat seinen Reiz, ist aber auch besonders\nanspruchsvoll. In diesem Kurs lernen Sie in Theorie und Praxis vor allem das\n\u201eSpiel\u201c mit den Belichtungszeiten. Der zweite Termin findet im Freien statt,\nder dritte dient der Bildbesprechung.<\/p>\n\n\n\n<p>F\u00fcr weitere Informationen und Anmeldungen k\u00f6nnen sich Interessierte bei der Stadtverwaltung Schifferstadt unter der Telefonnummer 06235\/44302 melden. <\/p>\n\n\n\n<p><em>Volkshochschule (VHS) Schifferstadt<br>05.03.2020<\/em><\/p>\n\n\n\n<h1 class=\"wp-block-heading\" style=\"text-align:center\">Veranstaltungen in Schifferstadt im M\u00e4rz 2020<\/h1>\n\n\n\n<table class=\"wp-block-table\"><tbody><tr><td>\n  Tag\n  <\/td><td>\n  Termin\n  <\/td><td>\n  Uhrzeit\n  <\/td><td>\n  Veranstaltung\n  <\/td><td>\n  Veranstalter\n  <\/td><td>\n  Ort\n  <\/td><\/tr><\/tbody><\/table>\n\n\n\n<table class=\"wp-block-table\"><tbody><tr><td>\n  Mittwoch\n  <\/td><td>\n  04.03.\n  <\/td><td>\n  19:00\n  <\/td><td>\n  Mitmachen erw\u00fcnscht\n  <\/td><td>\n  Lokale Agenda 21\n  <\/td><td>\n  Fischerh\u00fctte, Am Bahnweiher\n  <\/td><\/tr><tr><td>\n  &nbsp;\n  <\/td><td>\n  &nbsp;\n  <\/td><td>\n  20:00\n  <\/td><td>\n  Frauenkino zum internationalen Frauentag\n  <\/td><td>\n  Gleichstellungsbeauftragte der Stadt Schifferstadt\n  <\/td><td>\n  Rex-Kino-Center, Zeppelinstra\u00dfe 6\n  <\/td><\/tr><tr><td>\n  Samstag\n  <\/td><td>\n  07.03.\n  <\/td><td>\n  20:00\n  <\/td><td>\n  Celtic Rock mit An Cat Dubh\n  <\/td><td>\n  Jugendtreff\n  <\/td><td>\n  Neust\u00fcckweg 1\n  <\/td><\/tr><tr><td>\n  Sonntag\n  <\/td><td>\n  08.03.\n  <\/td><td>\n  10:30\n  <\/td><td>\n  Er\u00f6ffnung Karikaturausstellung \u201eFrauenwelten\u201c\n  <\/td><td>\n  Gleichstellungsbeauftragte\n  <\/td><td>\n  Foyer Rathaus, Marktplatz 2\n  <\/td><\/tr><tr><td>\n  &nbsp;\n  <\/td><td>\n  &nbsp;\n  <\/td><td>\n  11:00\n  <\/td><td>\n  Heinz Ludwig W\u00fcst, Christel Heil, Renate Kling\n  und Theo Kleinmann: &#8222;Liebe schreibt man gro\u00df und manchmal auch ganz\n  klein!&#8220;\n  <\/td><td>\n  Schreiwer-Hais\u00b4l cjm\n  <\/td><td>\n  Lillengasse 5\n  <\/td><\/tr><tr><td>\n  &nbsp;\n  <\/td><td>\n  &nbsp;\n  <\/td><td>\n  11:00\n  <\/td><td>\n  Matinee\n  <\/td><td>\n  Musikverein 1974\n  <\/td><td>\n  Herzog-Otto-Stra\u00dfe 82\n  <\/td><\/tr><tr><td>\n  &nbsp;\n  <\/td><td>\n  &nbsp;\n  <\/td><td>\n  17:00\n  <\/td><td>\n  Konzert\n  <\/td><td>\n  M\u00e4nnergesangverein 1854, MGV Concordia, M\u00e4nnergesangverein\n  &#8222;Klein-Schifferstadt&#8220;\n  <\/td><td>\n  Aula des Paul-von-Denis-Schulzentrums\n  <\/td><\/tr><tr><td>\n  Mittwoch\n  <\/td><td>\n  11.03.\n  <\/td><td>\n  20:00\n  <\/td><td>\n  Die goldene Stimme aus Bulgarien\n  <\/td><td>\n  Dilian Kushev\n  <\/td><td>\n  Gustav-Adolf-Kirche, Lillengasse 99\n  <\/td><\/tr><tr><td>\n  Donnerstag\n  <\/td><td>\n  12.03.\n  <\/td><td>\n  19:30\n  <\/td><td>\n  Mitmachlesung mit Patricia K\u00fcll \u201e\u00dcbernimm die\n  Regie in deinem Leben\u201c\n  <\/td><td>\n  Stadtb\u00fccherei, Stadtverwaltung Gleichstellungsbeauftragte\n  <\/td><td>\n  Altes Rathaus, Marktplatz 1\n  <\/td><\/tr><tr><td>\n  Freitag\n  <\/td><td>\n  13.03.\n  <\/td><td>\n  17:00\n  <\/td><td>\n  Kleidertauschparty\n  <\/td><td>\n  Stadtverwaltung, Weltladen, Gleichstellungsbeauftragte\n  <\/td><td>\n  Pfarrzentrum St. Jakobus, Kirchenstra\u00dfe 16\n  <\/td><\/tr><tr><td>\n  Samstag\n  <\/td><td>\n  14.03.\n  <\/td><td>\n  10:00\n  <\/td><td>\n  Sauberes Schifferstadt\n  <\/td><td>\n  Stadtverwaltung Schifferstadt\n  <\/td><td>\n  Waldfesthalle, Am Waldfestplatz\n  <\/td><\/tr><tr><td>\n  Sonntag\n  <\/td><td>\n  15.03.\n  <\/td><td>\n  11:00\n  <\/td><td>\n  Gaby Kiessling und Gerd Brecht: &#8222;Lieselotte\n  von der Pfalz in Versailles&#8220;\n  <\/td><td>\n  Schreiwer-Hais\u00b4l cjm\n  <\/td><td>\n  Lillengasse 5\n  <\/td><\/tr><tr><td>\n  Mittwoch\n  <\/td><td>\n  18.03. \n  <\/td><td>\n  19:00\n  <\/td><td>\n  Ausstellungser\u00f6ffnung \u201ePiotr Butkiewicz\u201c\n  <\/td><td>\n  Stadtverwaltung und Kulturb\u00fcro Rhein-Pfalz -Kreis\n  <\/td><td>\n  Altes Rathaus, Marktplatz 1\n  <\/td><\/tr><tr><td>\n  Freitag\n  <\/td><td>\n  20.03.\n  <\/td><td>\n  18:00\n  <\/td><td>\n  Spieleabend im Jugendtreff\n  <\/td><td>\n  Jugendtreff\n  <\/td><td>\n  Neust\u00fcckweg 1\n  <\/td><\/tr><tr><td>\n  Samstag\n  <\/td><td>\n  21.03.\n  <\/td><td>\n  10:00\n  <\/td><td>\n  Kindersachenbasar\n  <\/td><td>\n  Kita St. Konrad\n  <\/td><td>\n  Pfarrheim St. Laurentius, Salierstra\u00dfe 11\n  <\/td><\/tr><tr><td>\n  &nbsp;\n  <\/td><td>\n  &nbsp;\n  <\/td><td>\n  19:00\n  <\/td><td>\n  Krimidinner \u201eMorden im Orden\u201c\n  <\/td><td>\n  MGV Eintracht\n  <\/td><td>\n  Vereinsheim, Am Waldfestplatz 4\n  <\/td><\/tr><tr><td>\n  Sonntag\n  <\/td><td>\n  22.03.\n  <\/td><td>\n  14:00\n  <\/td><td>\n  MusikCaf\u00e9\n  <\/td><td>\n  Stadtkapelle Schifferstadt\n  <\/td><td>\n  Vereinsheim, Am Waldfestplatz 13\n  <\/td><\/tr><tr><td>\n  &nbsp;\n  <\/td><td>\n  &nbsp;\n  <\/td><td>\n  18:00\n  <\/td><td>\n  Pf\u00e4lzische Chortage f\u00fcr Geistliche Musik,\n  Kirchenkonzert am 4. Fastensonntag\n  <\/td><td>\n  M\u00e4dchenchor am Dom zu Speyer, Vokalsolisten\n  <\/td><td>\n  St. Jakobuskirche, Kirchenstra\u00dfe 14\n  <\/td><\/tr><tr><td>\n  Samstag\n  <\/td><td>\n  28.03.\n  <\/td><td>\n  19:00\n  <\/td><td>\n  Kirchenmusik auf dem D\u00f6rfel \n  <\/td><td>\n  Stadtverwaltung und Kulturb\u00fcro Rhein-Pfalz \u2013Kreis, \u00d6kumenischer Chor\n  <\/td><td>\n  Lutherkirche, Langgasse 56\n  <\/td><\/tr><tr><td>\n  &nbsp;\n  <\/td><td>\n  &nbsp;\n  <\/td><td>\n  20:30 &#8211; 21:30\n  <\/td><td>\n  Earth Hour 2020 \u2013 F\u00fcr einen lebendigen Planeten\n  <\/td><td>\n  Fairtrade Stadt Arbeitsgruppe, Klimaschutz, Stadtmarketing\n  <\/td><td>\n  Rathaus, Marktplatz 2\n  <\/td><\/tr><\/tbody><\/table>\n\n\n\n<p><em>Stadtverwaltung Schifferstadt<br>05.03.2020<\/em><\/p>\n","protected":false},"excerpt":{"rendered":"<div class=\"mh-excerpt\"><p>\u201eI will come to you yesterday\u201c \u2013 Gem\u00e4lde von Piotr Butkiewicz Ausstellungser\u00f6ffnung im Alten Rathaus, Schifferstadt Am Mittwoch, 18. M\u00e4rz um 19 Uhr er\u00f6ffnet Schifferstadts B\u00fcrgermeisterin Ilona Volk die Ausstellung des polnischen K\u00fcnstlers Piotr Butkiewicz <a class=\"mh-excerpt-more\" href=\"https:\/\/speyer24news.com\/?p=25688\" title=\"Schifferstadt\">[&#8230;]<\/a><\/p>\n<\/div>","protected":false},"author":3,"featured_media":25696,"comment_status":"open","ping_status":"open","sticky":false,"template":"","format":"standard","meta":{"_monsterinsights_skip_tracking":false,"_monsterinsights_sitenote_active":false,"_monsterinsights_sitenote_note":"","_monsterinsights_sitenote_category":0,"footnotes":""},"categories":[126],"tags":[6275,6270,1528,6271,4467,6269,3172,6274,6272,1755,198,6268,6273,6267,6277,1991,6278,5578,1521,2582,6067],"aioseo_notices":[],"amp_enabled":true,"_links":{"self":[{"href":"https:\/\/speyer24news.com\/index.php?rest_route=\/wp\/v2\/posts\/25688"}],"collection":[{"href":"https:\/\/speyer24news.com\/index.php?rest_route=\/wp\/v2\/posts"}],"about":[{"href":"https:\/\/speyer24news.com\/index.php?rest_route=\/wp\/v2\/types\/post"}],"author":[{"embeddable":true,"href":"https:\/\/speyer24news.com\/index.php?rest_route=\/wp\/v2\/users\/3"}],"replies":[{"embeddable":true,"href":"https:\/\/speyer24news.com\/index.php?rest_route=%2Fwp%2Fv2%2Fcomments&post=25688"}],"version-history":[{"count":1,"href":"https:\/\/speyer24news.com\/index.php?rest_route=\/wp\/v2\/posts\/25688\/revisions"}],"predecessor-version":[{"id":25697,"href":"https:\/\/speyer24news.com\/index.php?rest_route=\/wp\/v2\/posts\/25688\/revisions\/25697"}],"wp:featuredmedia":[{"embeddable":true,"href":"https:\/\/speyer24news.com\/index.php?rest_route=\/wp\/v2\/media\/25696"}],"wp:attachment":[{"href":"https:\/\/speyer24news.com\/index.php?rest_route=%2Fwp%2Fv2%2Fmedia&parent=25688"}],"wp:term":[{"taxonomy":"category","embeddable":true,"href":"https:\/\/speyer24news.com\/index.php?rest_route=%2Fwp%2Fv2%2Fcategories&post=25688"},{"taxonomy":"post_tag","embeddable":true,"href":"https:\/\/speyer24news.com\/index.php?rest_route=%2Fwp%2Fv2%2Ftags&post=25688"}],"curies":[{"name":"wp","href":"https:\/\/api.w.org\/{rel}","templated":true}]}}