{"id":25728,"date":"2020-03-06T08:26:48","date_gmt":"2020-03-06T07:26:48","guid":{"rendered":"https:\/\/speyer24news.com\/?p=25728"},"modified":"2020-03-06T08:26:50","modified_gmt":"2020-03-06T07:26:50","slug":"speyer-21","status":"publish","type":"post","link":"https:\/\/speyer24news.com\/?p=25728","title":{"rendered":"Speyer"},"content":{"rendered":"<style type=\"text\/css\">\r\n\t.ads_top_disp{}\r\n\t.ads_top_corner_disp{ float:left; margin:0px 10px 10px 0px; }\r\n\t.ads_first_p_disp{}\r\n\t.ads_bottom_disp{}\r\n\t<\/style>\n<h2 class=\"wp-block-heading\"><strong>Dreck-weg-Tag: Ungebrochen gro\u00dfes Engagement der B\u00fcrgerschaft<\/strong><\/h2>\n\n\n\n<h3 class=\"wp-block-heading\">2739 Anmeldungen zum kollektiven Fr\u00fchjahrsputz<\/h3>\n\n\n\n<div class=\"wp-block-image\"><figure class=\"aligncenter\"><img decoding=\"async\" loading=\"lazy\" width=\"800\" height=\"600\" src=\"https:\/\/speyer24news.com\/wp-content\/uploads\/2020\/03\/IMG_20200306_075458.jpg\" alt=\"\" class=\"wp-image-25729\" srcset=\"https:\/\/speyer24news.com\/wp-content\/uploads\/2020\/03\/IMG_20200306_075458.jpg 800w, https:\/\/speyer24news.com\/wp-content\/uploads\/2020\/03\/IMG_20200306_075458-300x225.jpg 300w, https:\/\/speyer24news.com\/wp-content\/uploads\/2020\/03\/IMG_20200306_075458-768x576.jpg 768w, https:\/\/speyer24news.com\/wp-content\/uploads\/2020\/03\/IMG_20200306_075458-678x509.jpg 678w, https:\/\/speyer24news.com\/wp-content\/uploads\/2020\/03\/IMG_20200306_075458-326x245.jpg 326w, https:\/\/speyer24news.com\/wp-content\/uploads\/2020\/03\/IMG_20200306_075458-80x60.jpg 80w\" sizes=\"(max-width: 800px) 100vw, 800px\" \/><\/figure><\/div>\n\n\n\n<p>Auch dieses Jahr sorgen am Freitag (06.3.2020) und Samstag (07.3.2020) wieder 2739 Aktive beim 18. Dreck-weg-Tag  f\u00fcr ein sauberes Speyerer. \u201eEs freut mich jedes Jahr aufs Neue, wenn ich sehe, wie viele Menschen sich aktiv f\u00fcr ihre Stadt und die Umwelt einsetzen\u201c, freut sich Oberb\u00fcrgermeisterin Stefanie Seiler \u00fcber die vorbildliche B\u00fcrgerbeteiligung in der Domstadt.<\/p>\n\n\n\n<div class=\"wp-block-image\"><figure class=\"aligncenter\"><img decoding=\"async\" loading=\"lazy\" width=\"800\" height=\"602\" src=\"https:\/\/speyer24news.com\/wp-content\/uploads\/2020\/03\/DSC09444.jpg\" alt=\"\" class=\"wp-image-25730\" srcset=\"https:\/\/speyer24news.com\/wp-content\/uploads\/2020\/03\/DSC09444.jpg 800w, https:\/\/speyer24news.com\/wp-content\/uploads\/2020\/03\/DSC09444-300x226.jpg 300w, https:\/\/speyer24news.com\/wp-content\/uploads\/2020\/03\/DSC09444-768x578.jpg 768w, https:\/\/speyer24news.com\/wp-content\/uploads\/2020\/03\/DSC09444-678x509.jpg 678w, https:\/\/speyer24news.com\/wp-content\/uploads\/2020\/03\/DSC09444-326x245.jpg 326w, https:\/\/speyer24news.com\/wp-content\/uploads\/2020\/03\/DSC09444-80x60.jpg 80w\" sizes=\"(max-width: 800px) 100vw, 800px\" \/><\/figure><\/div>\n\n\n\n<p>Insgesamt haben 20 Kitas (689 Sammler), 13 Schulen (1371 Sammler) und 62 Vereine, Parteien und Verb\u00e4nde sowie Privatinitiativen  (679 Sammler) ihre Teilnahme am kollektiven Fr\u00fchjahrsputz zugesagt, darunter auch Neuzug\u00e4nge wie die Fachschule f\u00fcr Sozialwesen, das Autohaus Renck &amp; Weindel, die Tauchschule Alexander Fritzenschaft, Amnesty International, Vertreter der Fridays for Future Bewegung,\u00a0die Initiative Zukunftsquartier Speyer, die Reitergemeinschaft Rinkenberger Hof und die Speyerer Tafel.<\/p>\n\n\n\n<div class=\"wp-block-image\"><figure class=\"aligncenter\"><img decoding=\"async\" loading=\"lazy\" width=\"800\" height=\"600\" src=\"https:\/\/speyer24news.com\/wp-content\/uploads\/2020\/03\/DSC09457.jpg\" alt=\"\" class=\"wp-image-25732\" srcset=\"https:\/\/speyer24news.com\/wp-content\/uploads\/2020\/03\/DSC09457.jpg 800w, https:\/\/speyer24news.com\/wp-content\/uploads\/2020\/03\/DSC09457-300x225.jpg 300w, https:\/\/speyer24news.com\/wp-content\/uploads\/2020\/03\/DSC09457-768x576.jpg 768w, https:\/\/speyer24news.com\/wp-content\/uploads\/2020\/03\/DSC09457-678x509.jpg 678w, https:\/\/speyer24news.com\/wp-content\/uploads\/2020\/03\/DSC09457-326x245.jpg 326w, https:\/\/speyer24news.com\/wp-content\/uploads\/2020\/03\/DSC09457-80x60.jpg 80w\" sizes=\"(max-width: 800px) 100vw, 800px\" \/><\/figure><\/div>\n\n\n\n<p>Bei der Sammlung der Kinderg\u00e4rten und Schulen am Freitag wird auf ein besonderes Problem aufmerksam gemacht werden,  das leider schon fast zu einem selbstverst\u00e4ndlichen Anblick geworden ist: herumliegende Zigarettenstummel. Was wie eine Kleinigkeit erscheinen mag, summiert sich insgesamt auf die unglaubliche Zahl von 4,5 Billionen achtlos weggeworfener Zigarettenstummel  j\u00e4hrlich. Die Umweltbelastung ist enorm, denn in jedem einzelnen sind bis zu 4.000 sch\u00e4dliche Stoffe zu finden, die zwischen 40 und 60 Liter sauberes Grundwasser verunreinigen oder das Pflanzenwachstum negativ beeinflussen k\u00f6nnen. Um das Problem zu verdeutlichen  werden die Kinder und Jugendlichen die in der Natur wild entsorgten Zigarettenstummel daher gesondert sammeln und das Ergebnis im Rahmen des Helferfestes am Samstag pr\u00e4sentieren.<\/p>\n\n\n\n<div class=\"wp-block-image\"><figure class=\"aligncenter\"><img decoding=\"async\" loading=\"lazy\" width=\"800\" height=\"600\" src=\"https:\/\/speyer24news.com\/wp-content\/uploads\/2020\/03\/DSC09472.jpg\" alt=\"\" class=\"wp-image-25733\" srcset=\"https:\/\/speyer24news.com\/wp-content\/uploads\/2020\/03\/DSC09472.jpg 800w, https:\/\/speyer24news.com\/wp-content\/uploads\/2020\/03\/DSC09472-300x225.jpg 300w, https:\/\/speyer24news.com\/wp-content\/uploads\/2020\/03\/DSC09472-768x576.jpg 768w, https:\/\/speyer24news.com\/wp-content\/uploads\/2020\/03\/DSC09472-678x509.jpg 678w, https:\/\/speyer24news.com\/wp-content\/uploads\/2020\/03\/DSC09472-326x245.jpg 326w, https:\/\/speyer24news.com\/wp-content\/uploads\/2020\/03\/DSC09472-80x60.jpg 80w\" sizes=\"(max-width: 800px) 100vw, 800px\" \/><\/figure><\/div>\n\n\n\n<p>An beiden Dreck-weg-Tagen fahren die \u201eSauberm\u00e4nner\u201c vom st\u00e4dtischen Baubetriebshof und der Abteilung Stadtgr\u00fcn die  174 Sammelpunkte in der ganzen Stadt an und sorgen mit mehreren LKWs f\u00fcr einen raschen Abtransport des gesammelten M\u00fclls. <\/p>\n\n\n\n<p>Nach getaner Arbeit k\u00f6nnen sich die engagierten Umweltsch\u00fctzer*innen beim Helferfest am Samstag, 7. M\u00e4rz 2020, in der Walderholung st\u00e4rken.  Ab 12 Uhr sorgt die Schnelle Einsatzgruppe Verpflegung der Feuerwehr Speyer f\u00fcr ein warmes Mittagessen. Auch f\u00fcr Getr\u00e4nke ist reichlich gesorgt.<\/p>\n\n\n\n<p><em>Text: Stadtverwaltung Speyer Foto: Speyer 24\/7 News,dak<br>06.03.2020<\/em><\/p>\n\n\n\n<h2 class=\"wp-block-heading\">Kommentar zum Dreck-Weg-Tag<\/h2>\n\n\n\n<h3 class=\"wp-block-heading\"><em>Von Daniel Kemmerich<\/em><\/h3>\n\n\n\n<div class=\"wp-block-image\"><figure class=\"aligncenter\"><img decoding=\"async\" loading=\"lazy\" width=\"800\" height=\"600\" src=\"https:\/\/speyer24news.com\/wp-content\/uploads\/2020\/03\/DSC09445.jpg\" alt=\"\" class=\"wp-image-25731\" srcset=\"https:\/\/speyer24news.com\/wp-content\/uploads\/2020\/03\/DSC09445.jpg 800w, https:\/\/speyer24news.com\/wp-content\/uploads\/2020\/03\/DSC09445-300x225.jpg 300w, https:\/\/speyer24news.com\/wp-content\/uploads\/2020\/03\/DSC09445-768x576.jpg 768w, https:\/\/speyer24news.com\/wp-content\/uploads\/2020\/03\/DSC09445-678x509.jpg 678w, https:\/\/speyer24news.com\/wp-content\/uploads\/2020\/03\/DSC09445-326x245.jpg 326w, https:\/\/speyer24news.com\/wp-content\/uploads\/2020\/03\/DSC09445-80x60.jpg 80w\" sizes=\"(max-width: 800px) 100vw, 800px\" \/><\/figure><\/div>\n\n\n\n<p>Nat\u00fcrlich ist es immer sch\u00f6n zu sehen das so viele Menschen\nbereit sind etwas Ordnung in ihrer Stadt zu schaffen. Schade jedoch nur das\ndies nur 1 x im Jahr stattfindet und \u00fcberhaupt n\u00f6tig ist.<\/p>\n\n\n\n<p>W\u00fcrde jeder ein wenig mehr Mitdenken und auch entsprechend\nhandeln w\u00e4re dies wohl kaum n\u00f6tig. Nat\u00fcrlich gebe es dann immer noch\nSchwerpunkte wie z.B. die Park- und Stellfl\u00e4chen der Berufskraftfahrer oder\naber auch Rund um systemgastronomische Angebote. Aber auch hier k\u00f6nnte man\nAbhilfe schaffen in dem man Berufskraftfahrern eine ansprechende Infrastruktur\nanbietet (M\u00fclleimer, Toiletten und ggf. vielleicht sogar eine Duschm\u00f6glichkeit)\nund Systemgastronomie noch st\u00e4rker in die Verantwortung zieht ihren wild\nentsorgten M\u00fcll selbst zu sammeln bzw. diesen teuer zu bezahlen.<\/p>\n\n\n\n<p>Zum Thema Zigarettenstummel kann man geteilter Meinung sein. Ich selbst bin Raucher und finde es schon skandal\u00f6s das in einer angeblich touristischen Wohlf\u00fchlstatt <strong>KEIN EINZIGER<\/strong> \u00f6ffentlicher Aschenbecher auf der Maximilianstra\u00dfe steht! Auch die \u00fcbrigen M\u00fclleimer bieten kaum die M\u00f6glichkeit eine Zigarette ordnungsgem\u00e4\u00df zu entsorgen. Schade, bedenkt man das diese vor nicht allzu langer Zeit von der damaligen Dezernentin und heutigen Oberb\u00fcrgermeisterin Stefanie Seiler, im \u00fcbrigen selbst eine Raucherin, angeschafft wurden. Wieso wurde es \u201everschlafen\u201c dort die M\u00fclleimer mit einem separaten Aschenbecher zu erwerben? Wieso kann man dies nicht nachr\u00fcsten oder gleich eigene Aschenbecherl\u00f6sungen anbieten?<\/p>\n\n\n\n<p>Dann w\u00e4re es n\u00e4mlich auch legitim Bussgelder, wie z.B. Mannheim, f\u00fcr achtlos weggeworfene Zigarettenstummel zu erheben. Davon einmal ab das es gelebter Umweltschutz w\u00e4re und zus\u00e4tzlich ein sch\u00f6neres Stadtbild schaffen w\u00fcrde. Und last but not least w\u00e4re es ein zus\u00e4tzlicher Punkt f\u00fcr eine (Touristen)freundliche Stadt und Fu\u00dfg\u00e4ngerzone.<\/p>\n\n\n\n<p><em>06.03.2020<\/em><\/p>\n","protected":false},"excerpt":{"rendered":"<div class=\"mh-excerpt\"><p>Dreck-weg-Tag: Ungebrochen gro\u00dfes Engagement der B\u00fcrgerschaft 2739 Anmeldungen zum kollektiven Fr\u00fchjahrsputz Auch dieses Jahr sorgen am Freitag (06.3.2020) und Samstag (07.3.2020) wieder 2739 Aktive beim 18. Dreck-weg-Tag f\u00fcr ein sauberes Speyerer. \u201eEs freut mich jedes <a class=\"mh-excerpt-more\" href=\"https:\/\/speyer24news.com\/?p=25728\" title=\"Speyer\">[&#8230;]<\/a><\/p>\n<\/div>","protected":false},"author":3,"featured_media":23902,"comment_status":"open","ping_status":"open","sticky":false,"template":"","format":"standard","meta":{"_monsterinsights_skip_tracking":false,"_monsterinsights_sitenote_active":false,"_monsterinsights_sitenote_note":"","_monsterinsights_sitenote_category":0,"footnotes":""},"categories":[9],"tags":[6290,204,5870,5865,6286,6291,6,6287,394,6288,6289],"aioseo_notices":[],"amp_enabled":true,"_links":{"self":[{"href":"https:\/\/speyer24news.com\/index.php?rest_route=\/wp\/v2\/posts\/25728"}],"collection":[{"href":"https:\/\/speyer24news.com\/index.php?rest_route=\/wp\/v2\/posts"}],"about":[{"href":"https:\/\/speyer24news.com\/index.php?rest_route=\/wp\/v2\/types\/post"}],"author":[{"embeddable":true,"href":"https:\/\/speyer24news.com\/index.php?rest_route=\/wp\/v2\/users\/3"}],"replies":[{"embeddable":true,"href":"https:\/\/speyer24news.com\/index.php?rest_route=%2Fwp%2Fv2%2Fcomments&post=25728"}],"version-history":[{"count":1,"href":"https:\/\/speyer24news.com\/index.php?rest_route=\/wp\/v2\/posts\/25728\/revisions"}],"predecessor-version":[{"id":25734,"href":"https:\/\/speyer24news.com\/index.php?rest_route=\/wp\/v2\/posts\/25728\/revisions\/25734"}],"wp:featuredmedia":[{"embeddable":true,"href":"https:\/\/speyer24news.com\/index.php?rest_route=\/wp\/v2\/media\/23902"}],"wp:attachment":[{"href":"https:\/\/speyer24news.com\/index.php?rest_route=%2Fwp%2Fv2%2Fmedia&parent=25728"}],"wp:term":[{"taxonomy":"category","embeddable":true,"href":"https:\/\/speyer24news.com\/index.php?rest_route=%2Fwp%2Fv2%2Fcategories&post=25728"},{"taxonomy":"post_tag","embeddable":true,"href":"https:\/\/speyer24news.com\/index.php?rest_route=%2Fwp%2Fv2%2Ftags&post=25728"}],"curies":[{"name":"wp","href":"https:\/\/api.w.org\/{rel}","templated":true}]}}