{"id":25853,"date":"2020-03-11T07:29:29","date_gmt":"2020-03-11T06:29:29","guid":{"rendered":"https:\/\/speyer24news.com\/?p=25853"},"modified":"2020-03-11T07:29:30","modified_gmt":"2020-03-11T06:29:30","slug":"boehl-iggelheim-4","status":"publish","type":"post","link":"https:\/\/speyer24news.com\/?p=25853","title":{"rendered":"B\u00f6hl-Iggelheim"},"content":{"rendered":"<style type=\"text\/css\">\r\n\t.ads_top_disp{}\r\n\t.ads_top_corner_disp{ float:left; margin:0px 10px 10px 0px; }\r\n\t.ads_first_p_disp{}\r\n\t.ads_bottom_disp{}\r\n\t<\/style>\n<h2 class=\"wp-block-heading\"><strong>Ehrungsabend am 19. M\u00e4rz 2020 wird abgesagt<\/strong><\/h2>\n\n\n\n<div class=\"wp-block-image\"><figure class=\"aligncenter\"><img decoding=\"async\" src=\"https:\/\/speyer24news.com\/wp-content\/uploads\/2020\/03\/Absage-Veranstaltung.jpg\" alt=\"\" class=\"wp-image-25854\"\/><\/figure><\/div>\n\n\n\n<p>Sehr geehrte Damen und Herren,<\/p>\n\n\n\n<p>die\nGemeindeverwaltung B\u00f6hl-Iggelheim hat sich dazu entschieden, den f\u00fcr am 19.\nM\u00e4rz 2020 geplanten Ehrungsabend f\u00fcr besondere Leistungen abzusagen und auf\neinen noch festzulegenden neuen Termin in diesem Jahr zu verschieben.<\/p>\n\n\n\n<p>Grund\ndaf\u00fcr ist die Ausbreitung des Coronavirus in Deutschland. Die Zahl der\nVerdachts- und Krankheitsf\u00e4lle wurde in den letzten Tagen stetig nach oben\nkorrigiert. In Rheinland-Pfalz gibt es aktuell 22 best\u00e4tigte Infektionen und\nauch benachbarte Kommunen und St\u00e4dte von B\u00f6hl-Iggelheim sind bereits betroffen.<\/p>\n\n\n\n<p>Nach\nreiflicher \u00dcberlegung orientiert sich die Gemeindeverwaltung B\u00f6hl-Iggelheim an\nden Empfehlungen des Gesundheitsministeriums, gr\u00f6\u00dfere Veranstaltungen in\ngeschlossenen R\u00e4umen, aufgrund der hohen Ansteckungs- und Verbreitungsgefahr abzusagen.\nDies ist eine reine Vorsichtsma\u00dfnahme, um eine m\u00f6gliche Ansteckungsgefahr zu\nunterbinden. <\/p>\n\n\n\n<p>Eine neue Terminierung erfolgt, sobald sich die Lage besser einsch\u00e4tzen lasse.<\/p>\n\n\n\n<p><em>Peter Christ<br>B\u00fcrgermeister <br>11.03.2020<\/em><\/p>\n","protected":false},"excerpt":{"rendered":"<div class=\"mh-excerpt\"><p>Ehrungsabend am 19. M\u00e4rz 2020 wird abgesagt Sehr geehrte Damen und Herren, die Gemeindeverwaltung B\u00f6hl-Iggelheim hat sich dazu entschieden, den f\u00fcr am 19. M\u00e4rz 2020 geplanten Ehrungsabend f\u00fcr besondere Leistungen abzusagen und auf einen noch <a class=\"mh-excerpt-more\" href=\"https:\/\/speyer24news.com\/?p=25853\" title=\"B\u00f6hl-Iggelheim\">[&#8230;]<\/a><\/p>\n<\/div>","protected":false},"author":3,"featured_media":25640,"comment_status":"open","ping_status":"open","sticky":false,"template":"","format":"standard","meta":{"_monsterinsights_skip_tracking":false,"_monsterinsights_sitenote_active":false,"_monsterinsights_sitenote_note":"","_monsterinsights_sitenote_category":0,"footnotes":""},"categories":[10],"tags":[6330,220,5801,6240,6331],"aioseo_notices":[],"amp_enabled":true,"_links":{"self":[{"href":"https:\/\/speyer24news.com\/index.php?rest_route=\/wp\/v2\/posts\/25853"}],"collection":[{"href":"https:\/\/speyer24news.com\/index.php?rest_route=\/wp\/v2\/posts"}],"about":[{"href":"https:\/\/speyer24news.com\/index.php?rest_route=\/wp\/v2\/types\/post"}],"author":[{"embeddable":true,"href":"https:\/\/speyer24news.com\/index.php?rest_route=\/wp\/v2\/users\/3"}],"replies":[{"embeddable":true,"href":"https:\/\/speyer24news.com\/index.php?rest_route=%2Fwp%2Fv2%2Fcomments&post=25853"}],"version-history":[{"count":1,"href":"https:\/\/speyer24news.com\/index.php?rest_route=\/wp\/v2\/posts\/25853\/revisions"}],"predecessor-version":[{"id":25855,"href":"https:\/\/speyer24news.com\/index.php?rest_route=\/wp\/v2\/posts\/25853\/revisions\/25855"}],"wp:featuredmedia":[{"embeddable":true,"href":"https:\/\/speyer24news.com\/index.php?rest_route=\/wp\/v2\/media\/25640"}],"wp:attachment":[{"href":"https:\/\/speyer24news.com\/index.php?rest_route=%2Fwp%2Fv2%2Fmedia&parent=25853"}],"wp:term":[{"taxonomy":"category","embeddable":true,"href":"https:\/\/speyer24news.com\/index.php?rest_route=%2Fwp%2Fv2%2Fcategories&post=25853"},{"taxonomy":"post_tag","embeddable":true,"href":"https:\/\/speyer24news.com\/index.php?rest_route=%2Fwp%2Fv2%2Ftags&post=25853"}],"curies":[{"name":"wp","href":"https:\/\/api.w.org\/{rel}","templated":true}]}}