{"id":25902,"date":"2020-03-16T09:29:01","date_gmt":"2020-03-16T08:29:01","guid":{"rendered":"https:\/\/speyer24news.com\/?p=25902"},"modified":"2020-03-16T09:32:26","modified_gmt":"2020-03-16T08:32:26","slug":"polizei-207","status":"publish","type":"post","link":"https:\/\/speyer24news.com\/?p=25902","title":{"rendered":"Polizei"},"content":{"rendered":"<style type=\"text\/css\">\r\n\t.ads_top_disp{}\r\n\t.ads_top_corner_disp{ float:left; margin:0px 10px 10px 0px; }\r\n\t.ads_first_p_disp{}\r\n\t.ads_bottom_disp{}\r\n\t<\/style>\n<h2 class=\"wp-block-heading\">Polizeimeldungen vom Wochenende (14.03 &amp; 15.03.2020)<\/h2>\n\n\n\n<div class=\"wp-block-image\"><figure class=\"aligncenter\"><img decoding=\"async\" src=\"https:\/\/speyer24news.com\/wp-content\/uploads\/2020\/01\/Aktuelles-Polizeilogo.jpg\" alt=\"\" class=\"wp-image-23832\"\/><\/figure><\/div>\n\n\n\n<h4 class=\"wp-block-heading\">(Speyer) &#8211; Unter Alkoholeinfluss PKW gef\u00fchrt<\/h4>\n\n\n\n<p>Mit einem Strafverfahren wegen Trunkenheit im Verkehr muss ein 21-j\u00e4hriger Mann aus Speyer rechnen, der am Sonntagmorgen mit seinem PKW in das Visier der Beamten geriet. Bei der anschlie\u00dfenden Verkehrskontrolle konnte bei dem Fahrzeugf\u00fchrer deutlicher Atemalkoholgeruch festgestellt werden. So \u00fcberraschte es auch nicht, dass ein Atemalkoholtest einen Wert von 1,26 Promille ergab. Dem Mann wurde die Weiterfahrt mit dem PKW untersagt. Auf der Dienststelle wurde eine Blutprobe entnommen. Sein F\u00fchrerschein wurde beschlagnahmt. <\/p>\n\n\n\n<h4 class=\"wp-block-heading\">(Speyer) &#8211; Trickdiebstahl Wormser Stra\u00dfe<\/h4>\n\n\n\n<p>Am Freitag, 13.03.2020 gegen 18:15 Uhr wurde eine 74-j\u00e4hrige Frau mit Rollator in der Wormser Stra\u00dfe in Speyer von zwei unbekannten Frauen angesprochen, um nach dem Weg zu fragen. <\/p>\n\n\n\n<p>W\u00e4hrend des Gespr\u00e4chs fiel der 74-j\u00e4hrigen auf, dass der Rei\u00dfverschluss ihrer Handtasche nunmehr ge\u00f6ffnet war, weshalb sie das Gespr\u00e4ch abbrach und davonlief. Erst kurze Zeit sp\u00e4ter bemerkte sie das Fehlen ihrer Geldb\u00f6rse. Die beiden Tatverd\u00e4chtigen wurden wie folgt beschrieben: <\/p>\n\n\n\n<ol><li>Frau: ca. 25 Jahre alt, ca. 165 cm gro\u00df, schwarze lange Haare, dunkle Hautfarbe, gepflegtes \u00e4u\u00dferes Erscheinungsbild<\/li><li>Frau: ca. 19 Jahre alt, ca. 160 cm gro\u00df, braune kurze Haare, schmale Statur, wei\u00dfer Hautfarbe, gepflegtes \u00e4u\u00dferes Erscheinungsbild <\/li><\/ol>\n\n\n\n<p>Zeugen des Vorfalls werden gebeten sich bei der Polizeiinspektion Speyer unter 06232\/137-0 oder per E-Mail unter <a href=\"mailto:pispeyer@polizei.rlp.de\">pispeyer@polizei.rlp.de<\/a> zu melden. <\/p>\n\n\n\n<p>Die Polizei r\u00e4t Handtaschen oder sonstige wertvolle Gegenst\u00e4nde am K\u00f6rper zu tragen, um einen unberechtigten Zugriff zu erschweren bzw. zu verhindern. <\/p>\n\n\n\n<h4 class=\"wp-block-heading\">(Speyer) &#8211; Unfallflucht<\/h4>\n\n\n\n<p>Von Donnerstag auf Freitag kam es auf einem Parkplatz vor dem Berliner Platz in der Stra\u00dfe Im Erlich in Speyer zu einer Verkehrsunfallflucht. Ein bislang unbekannter PKW stie\u00df vermutlich beim Einparken in eine dortige Parkl\u00fccke gegen den geparkten PKW der 53 -j\u00e4hrigen gesch\u00e4digten Fahrzeughalterin aus Speyer und entfernte sich anschlie\u00dfend von der Unfallstelle. An dem PKW, einem blauen Fiat Punto, entstanden diverse Kratzer und Deformierungen am linken Radkasten. Da an der besch\u00e4digten Oberfl\u00e4che rote Lackantragungen festgestellt wurden, d\u00fcrfte es sich bei dem fl\u00fcchtigen PKW um einen PKW mit roter Lackfarbe gehandelt haben. Der Schaden wird auf ca. 300 Euro gesch\u00e4tzt. Zeugen, die Angaben zu dem unfallverursachenden Fahrzeug bzw. dessen Fahrer oder Fahrerin machen k\u00f6nnen, werden gebeten, sich mit der Polizei unter der Tel.-Nr. 06232-1370 oder per Mail an <a href=\"mailto:pispeyer@polizei.rlp.de\">pispeyer@polizei.rlp.de<\/a> in Verbindung zu setzen. <\/p>\n\n\n\n<h4 class=\"wp-block-heading\">(Speyer) &#8211; Reum\u00fctiger Ladendieb bringt Diebesgut zur\u00fcck<\/h4>\n\n\n\n<p>Am Donnerstagnachmittag kam es in einem Drogeriemarkt in der Maximilianstra\u00dfe zum Diebstahl eines Parf\u00fcms im Wert von 70EUR. Ein 14-J\u00e4hriger aus Hanhofen entnahm dieses der Verpackung und steckte es in seine Jacke. Beim Verlassen des Marktes wurde ein akustischer Alarm ausgel\u00f6st. Eine Mitarbeiterin konnte den fl\u00fcchtenden Dieb noch wahrnehmen, diesem jedoch nicht mehr folgen. Letztlich war dies auch nicht n\u00f6tig. Vermutlich von seinem schlechten Gewissen getrieben, erschien er kurz nach seiner Flucht wieder im Markt, um sich dort zu stellen. Er wurde danach von seiner Mutter, die man \u00fcber den Sachverhalt in Kenntnis setzte, im Markt abgeholt. <\/p>\n\n\n\n<h4 class=\"wp-block-heading\">(Speyer) &#8211; Verkehrsunfall mit Verkehrsbehinderungen auf B9 und Folgeunfall auf der Gegenfahrbahn<\/h4>\n\n\n\n<p>Am Donnerstagmittag kam es auf der B9 in Fahrtrichtung Germersheim auf H\u00f6he der Ausfahrt Speyer\/West zu einem Auffahrunfall mit zwei leichtverletzten Personen. Eine 22j\u00e4hrige Peugeot-Fahrerin aus Hatzenb\u00fchl erkannte zu sp\u00e4t, dass der vorausfahrende Audi verkehrsbedingt abbremste und fuhr auf diesen auf. Beide Fahrzeuge waren danach nichtmehr fahrbereit und mussten abgeschleppt werden. Es entstand ein Gesamtschaden von ca. 18.500EUR. Die Reinigungsarbeiten wegen ausgelaufener Betriebsstoffe f\u00fchrten zu Verkehrsbehinderungen. Die Unfallverursacherin als auch der 27-J\u00e4hriger Fahrer des Audi aus B\u00f6hl-Iggelheim begaben sich im Anschluss an die Unfallaufnahme in medizinische Behandlung. <\/p>\n\n\n\n<p>Aufgrund der Unfallaufnahme kam es auch auf der Gegenfahrbahn zu Verkehrsstauungen und einem Auffahrunfall. Ein 32-j\u00e4hriger Ford-Transit-Fahrer erkannte dort das Abbremsen eines vorausfahrenden Golfs zu sp\u00e4t und stie\u00df mit diesem zusammen. Auch der hinter dem Ford fahrende Ford Mondeo konnte nichtmehr rechtzeitig bremsen und fuhr auf den Ford Transit auf. Durch den Auffahrunfall wurde gl\u00fccklicherweise niemand verletzt, der Gesamtschaden lag hier bei ca. 17.500EUR <\/p>\n\n\n\n<p>Im Zuge der Unfallaufnahmen konnte die Polizei einen 49-j\u00e4hrigen Fahrer eines Sattelzugs feststellen, der beim Passieren der Unfall\u00f6rtlichkeit in Schrittgeschwindigkeit ununterbrochen mit seinem Mobiltelefon aus dem F\u00fchrerhaus die Unfallstelle filmte. Die Polizei erhob die Personalien des Schaulustigen und leitete gegen diesen eine Ordnungswidrigkeitenanzeige ein. <\/p>\n\n\n\n<h4 class=\"wp-block-heading\">(B\u00f6hl-Iggelheim) &#8211; Verkehrsunfall unter Alkoholeinfluss in B\u00f6hl-Iggelheim<\/h4>\n\n\n\n<p>Am Samstag, den 14.03.2020, um 19:00 Uhr befuhr eine 57-j\u00e4hrige PKW-Fahrerin die Hahnhofer Stra\u00dfe in Richtung Vogelpark B\u00f6hl-Iggelheim. Zeitgleich befuhr ein 51-j\u00e4hriger Fahrradfahrer die gleiche Strecke in die entgegensetzte Richtung. Da der Radfahrer in Schlangenlinien in Richtung des Pkw fuhr, musste die Autofahrerin ausweichen und eine Notbremsung einleiten. Trotzdem kam es zu einer Kollision der Fahrzeuge. Der Radfahrer fl\u00fcchtete direkt zu Fu\u00df von der Unfallstelle, konnte jedoch durch die eingesetzten Beamten wenige Meter von der Unfallstelle entfernt aufgegriffen werden. Ein Atemalkoholtest ergab 2,44 Promille, weshalb ihm eine Blutprobe entnommen und die F\u00fchrerscheinstelle \u00fcber den Vorfall informiert wurde. <\/p>\n\n\n\n<h4 class=\"wp-block-heading\">(Limburgerhof) &#8211; Verkehrsunfall mit Flucht in Limburgerhof<\/h4>\n\n\n\n<p>Am Freitag, den 13.03.2020, um 20:40 Uhr besch\u00e4digte ein unbekannter PKW-Fahrer, beim Rangieren auf dem Tankstellengel\u00e4nde der ARAL-Tankstelle in Limburgerhof, den dort aufgestellten Blumenk\u00fcbel. Anschlie\u00dfend verlies dieser das Tankstellengel\u00e4nde. Bei dem Fahrzeug soll es sich laut Zeugenaussage um einen wei\u00dfen Citroen handeln. Hinweise auf den Verursacher bitte an die Polizei Schifferstadt unter Tel. 06235 \/ 495-0 oder Email <a href=\"mailto:pischifferstadt@polizei.rlp.de\">pischifferstadt@polizei.rlp.de<\/a>. <\/p>\n\n\n\n<h4 class=\"wp-block-heading\">(Mutterstadt) &#8211; Verkehrsunfall mit Personenschaden in Mutterstadt<\/h4>\n\n\n\n<p>Am Samstag, den 14.03.2020, gegen 12:00 Uhr befuhr ein 73-j\u00e4hriger PKW-Fahrer in Mutterstadt die Waldstra\u00dfe in Fahrtrichtung Limburgerhof. Kurz vor dem Ortsausgang nahm ein 79-j\u00e4hriger Fahrradfahrer dem PKW die Vorfahrt und \u00fcberquerte die Fahrbahn. Hierbei kam es zur Kollision, wobei sich der Radfahrer Kopfverletzungen zuzog.  Er trug keinen Schutzhelm. <\/p>\n\n\n\n<h4 class=\"wp-block-heading\">(Mechtersheim) &#8211; Sicherstellung PKW nach Fahren ohne Fahrerlaubnis<\/h4>\n\n\n\n<p>Nachdem ein Verkehrsteilnehmer am 07.03.2020 alkoholisiert ein Auto gefahren hatte und in der Folge der F\u00fchrerschein einbehalten wurde, konnte dieser am 13.03.2020 mit dem PKW fahrend durch Polizeibeamten erkannt werden. Jedoch ist es dem Verkehrsteilnehmer momentan untersagt ein Kraftfahrzeug zu f\u00fchren. <\/p>\n\n\n\n<p>Nachdem der Fahrer vor der polizeilichen Kontrolle zu Fu\u00df fl\u00fcchtete, hinterlie\u00df er das Auto vor Ort. Ein Verfahren wurde trotz allem eingeleitet. Hinzu kommt, dass aufgrund der beiden Taten das Auto sichergestellt wurde, um weitere Fahrten durch den Gefl\u00fcchteten zu verhindern. Dem PKW droht nun die Verwertung. <\/p>\n\n\n\n<h4 class=\"wp-block-heading\">(Hergersweiler) &#8211; Kind verletzt<\/h4>\n\n\n\n<p>Am 15.03.20, gg. 17:40 Uhr, befuhr ein 8 Jahre altes M\u00e4dchen  mit ihrem Tretroller die absch\u00fcssige Stra\u00dfe Schaidter Weg in Hergersweiler. Hierbei kollidierte sie seitlich mit dem PKW einer 61 Jahre alten Fahrzeugf\u00fchrerin. Das Kind wurde durch den Ansto\u00df am linken Arm verletzt und wurde vorsorglich ins Krankenhaus gebracht. Es besteht keinerlei Lebensgefahr. Der Sachschaden betr\u00e4gt ca. 500.- EUR <\/p>\n\n\n\n<h4 class=\"wp-block-heading\">(Schweigen-Rechtenbach) &#8211; Fehlstart in die Krad Saison<\/h4>\n\n\n\n<p>Ein 61 Jahre alter Krad Fahrer aus Landau befuhr am 15.03.20, gg. 14:00 Uhr, die Landstra\u00dfe 546 vom Windhof in Fahrtrichtung Schweigen-Rechtenbach. Vermutlich aufgrund nicht angepasster Geschwindigkeit kam er in einer Rechtskurve von der trockenen Fahrbahn ab und landete im Acker. W\u00e4hrend am Krad lediglich geringer Schaden von ca. 200.- EUR entstand, zog sich der Fahrer ernsthafte Verletzungen zu. Er wurde schwerverletzt mit einem Rettungshubschrauber ins Krankenhaus gebracht. Die Fahrbahn wurde hierbei kurzfristig voll gesperrt. Lebensgefahr besteht nach erster Einsch\u00e4tzung nicht. <\/p>\n\n\n\n<h4 class=\"wp-block-heading\">(Bad Bergzabern) &#8211; Angebranntes Essen ruft Feuerwehr und Polizei auf den Plan<\/h4>\n\n\n\n<p>Am Donnerstag, 12.03.2020, gegen 15:00 Uhr, kam es in der Friedrich-Ebert-Stra\u00dfe, aus dem Fenster einer Wohnung zu einer massiven Rauchentwicklung. Beim Eintreffen der alarmierten Feuerwehr hatte der Wohnungsinhaber das auf dem Herd angebrannte Essen selbst gel\u00f6scht. Der Topf war unbrauchbar. Ein weiterer Schaden ist gl\u00fccklicherweise nicht entstanden. <\/p>\n\n\n\n<h4 class=\"wp-block-heading\">(Bad Bergzabern) &#8211; Unfallflucht \/ Zeugen gesucht<\/h4>\n\n\n\n<p>Am Donnerstag, 12.03.2020, zwischen 13:00 Uhr und 13:15 Uhr, wurde auf dem Parkplatz eines Supermarktes in der Stra\u00dfe &#8222;Im Weidfeld 2&#8220;, die Beifahrert\u00fcr an einem grauen Ford Mustang besch\u00e4digt. Der angerichtete Sachschaden wird auf 1500.- Euro gesch\u00e4tzt. Gesucht werden Zeugen, die zu dieser Zeit Beobachtungen auf dem Parkplatz des Supermarktes gemacht haben, die im Zusammenhang mit der Unfallflucht stehen k\u00f6nnten. Hinweisgeber werden gebeten, sich unter 06343-93340 oder per E-Mail unter <a href=\"mailto:pibadbergzabern@polizei.rlp.de\">pibadbergzabern@polizei.rlp.de<\/a> an die Polizeiinspektion Bad Bergzabern zu wenden. <\/p>\n\n\n\n<h4 class=\"wp-block-heading\">(Kapellen-Drusweiler) &#8211; Versuchter Einbruch<\/h4>\n\n\n\n<p>Am Donnerstag, 12.03.2020, gegen 07:00 Uhr, wurde ein Einbruch in ein Geb\u00e4ude auf dem Gel\u00e4nde der Wasserwerke der Verbandsgemeinde Bad Bergzabern festgesellt. Unbekannte T\u00e4ter versuchten ein Fenster zum Aufenthaltsraum aufzuhebeln. An einer Tankanlage wurde ein Sicherungskasten aufgebrochen. Insgesamt entstand ein Sachschaden von 1000.- Euro. <\/p>\n\n\n\n<h4 class=\"wp-block-heading\">(Landau) &#8211; Erst Schlangenlinien gefahren, dann verhaftet<\/h4>\n\n\n\n<div class=\"wp-block-image\"><figure class=\"aligncenter\"><img decoding=\"async\" src=\"https:\/\/speyer24news.com\/wp-content\/uploads\/2020\/03\/Zelle.jpg\" alt=\"\" class=\"wp-image-25718\"\/><\/figure><\/div>\n\n\n\n<p>Auff\u00e4llige Schlangenlinien mit einem Auto fuhr ein 27-J\u00e4hriger am Freitag gegen 17 Uhr, als ihn Landauer Polizisten erblickten. In der Gilletstra\u00dfe konnte der Mann kontrolliert und ein Alkoholtest mit Ergebnis 0,75 Promille durchgef\u00fchrt werden. Der Fahrer r\u00e4umte zudem ein, Cannabis konsumiert zu haben. Da gegen den Beschuldigten dar\u00fcber hinaus 3 offene Haftbefehle vorlagen, wurde er im Anschluss an die Blutentnahme ins Gef\u00e4ngnis gebracht. <\/p>\n\n\n\n<h4 class=\"wp-block-heading\">(Landau) &#8211; Verkehrsunfall durch Sattelzug<\/h4>\n\n\n\n<p>Aktuell (13.03.20 \/ 12:55) gibt es eine erhebliche Staubildung auf der B10 im Bereich der Anschlussstelle Landau-Nord im dortigen Baustellenbereich, da gehen 11:40 Uhr ein Sattelzug, welcher aus Pirmasens kam, in die dortigen Betonschutzplanken fuhr und dabei Sachschaden verursachte. Zu einem Personenschaden kam es nicht. Aktuell laufen Bergungs- und Aufr\u00e4umarbeiten, weshalb es dort zu starken Verkehrsbeeintr\u00e4chtigungen kommt. Der Verkehr in Fahrtrichtung Pirmasens wird bereits umgeleitet. Verkehrsteilnehmer werden dennoch gebeten die Unfall\u00f6rtlichkeit in beiden Fahrtrichtungen weitr\u00e4umig zu umfahren. <\/p>\n\n\n\n<h4 class=\"wp-block-heading\">(Edenkoben) &#8211; Pony auf der Flucht<\/h4>\n\n\n\n<div class=\"wp-block-image\"><figure class=\"aligncenter\"><img decoding=\"async\" loading=\"lazy\" width=\"800\" height=\"600\" src=\"https:\/\/speyer24news.com\/wp-content\/uploads\/2020\/03\/15.03.2020-Edenkoben-Pony.jpg\" alt=\"\" class=\"wp-image-25903\" srcset=\"https:\/\/speyer24news.com\/wp-content\/uploads\/2020\/03\/15.03.2020-Edenkoben-Pony.jpg 800w, https:\/\/speyer24news.com\/wp-content\/uploads\/2020\/03\/15.03.2020-Edenkoben-Pony-300x225.jpg 300w, https:\/\/speyer24news.com\/wp-content\/uploads\/2020\/03\/15.03.2020-Edenkoben-Pony-768x576.jpg 768w, https:\/\/speyer24news.com\/wp-content\/uploads\/2020\/03\/15.03.2020-Edenkoben-Pony-678x509.jpg 678w, https:\/\/speyer24news.com\/wp-content\/uploads\/2020\/03\/15.03.2020-Edenkoben-Pony-326x245.jpg 326w, https:\/\/speyer24news.com\/wp-content\/uploads\/2020\/03\/15.03.2020-Edenkoben-Pony-80x60.jpg 80w\" sizes=\"(max-width: 800px) 100vw, 800px\" \/><figcaption>Pony mittels Absperrband eingez\u00e4unt<\/figcaption><\/figure><\/div>\n\n\n\n<p>Am Sonntag Morgen hielt ein entlaufenes Pony die Polizei Edenkoben auf Trab. Das Pony b\u00fcxte offensichtlich aus einer nahegelegenen Koppel aus und sorgte f\u00fcr verdutzte Spazierg\u00e4nger. Das Pony konnte durch die Streife zwar lokalisiert werden, bei Erblicken der Streife ergriff das Pony jedoch sofort die Flucht. Das Pony konnte kurz darauf mittels Polizeiabsperrband im Wingert, hinter der Klosterstra\u00dfe in Edenkoben, eingez\u00e4unt werden. Der Ponyhalter konnte bisher nicht erreicht werden. Ein in der N\u00e4he ans\u00e4ssiger Pferdehalter nahm das Pony vor\u00fcbergehend bei sich auf.<\/p>\n\n\n\n<h4 class=\"wp-block-heading\">(Edenkoben) &#8211; Gest\u00fcrzter Radfahrer!<\/h4>\n\n\n\n<p>Ein 25-j\u00e4hriger Radfahrer kam am Freitag, den 13.03.2020, gegen 21.04 Uhr in der Bahnhofstra\u00dfe in Edenkoben zu Sturz und zog sich eine Platzwunde am Kopf zu. Urs\u00e4chlich f\u00fcr den Sturz d\u00fcrfte seine Alkoholisierung gewesen sein. Nach der \u00e4rztlichen Versorgung wurde bei ihm eine Blutentnahme durchgef\u00fchrt! Der junge Mann trug zum Unfallzeitpunkt keinen Fahrradhelm. <\/p>\n\n\n\n<h4 class=\"wp-block-heading\">(Kirrweiler) &#8211; Zaun besch\u00e4digt und weitergefahren!<\/h4>\n\n\n\n<p>Im Industriegebiet in Kirrweiler wurde am Freitag, den 13.03.2020, von 9.30 Uhr bis 11.30 Uhr ein Gartenzaun entlang der Raiffeisenstra\u00dfe besch\u00e4digt. Da die Unfall\u00f6rtlichkeit in einer engen Kurve liegt, k\u00f6nnte auch ein Zulieferer-Lkw als Verursacher in Frage kommen. Der Sachschaden d\u00fcrfte sich auf ca. 200 Euro belaufen. Sachdienliche Hinweise nimmt die Polizei Edenkoben unter Telefonnummer: 06323-9550 oder <a href=\"mailto:piedenkoben@polizei.rlp.de\">piedenkoben@polizei.rlp.de<\/a> entgegen. <\/p>\n\n\n\n<h4 class=\"wp-block-heading\">(Neustadt) &#8211; Geldbeutel aus Jackentasche gestohlen<\/h4>\n\n\n\n<p>Am 14.03.02020 gegen 13:00 Uhr wurde eine 76-j\u00e4hrige Neustadterin w\u00e4hrend ihres Einkaufs in einem Supermarkt in der Martin-Luther-Stra\u00dfe in Neustadt\/Weinstra\u00dfe Opfer eines Taschendiebstahls. Beim Bezahlvorgang an der Kasse stellte sie fest, dass ein unbekannter T\u00e4ter unbemerkt ihren Geldbeutel mit Bargeld und diversen Karten aus der mittels eines Druckknopfs verschlossenen Jackentasche entwendet hatte. <\/p>\n\n\n\n<p>Zeugen werden gebeten, sich bei der Polizei zu melden. <\/p>\n\n\n\n<p>Lassen Sie Wertsachen nie unbeaufsichtigt und tragen Sie diese m\u00f6glichst direkt am K\u00f6rper und in vollst\u00e4ndig verschlossenen Taschen, um T\u00e4tern m\u00f6glichst wenig Angriffsfl\u00e4che zu bieten. <\/p>\n\n\n\n<h4 class=\"wp-block-heading\">(Neustadt) &#8211; Wechselseitige K\u00f6rperverletzung auf offener Stra\u00dfe<\/h4>\n\n\n\n<p>Am 14.03.2020 kam es um die Mittagszeit in der Gustav-Nachtigal-Stra\u00dfe in Neustadt\/Weinstra\u00dfe zu einem Streit zwischen einem 18-j\u00e4hrigen aus dem Kreis Bad D\u00fcrkheim und einer 31-j\u00e4hrigen Mannheimerin auf offener Stra\u00dfe. In der Folge eskalierte der verbale Streit zu einer k\u00f6rperlichen Auseinandersetzung, wobei mindestens eine Person leicht verletzt wurde. Dies wurde durch Passanten beobachtet, die die Polizei riefen. Eine medizinischen Versorgung war nicht notwendig. <\/p>\n\n\n\n<p>Gegen beide Beteiligte wurde ein Strafverfahren eingeleitet. Der Hintergrund des Streits ist derzeit noch unklar. <\/p>\n\n\n\n<h4 class=\"wp-block-heading\">(Neustadt \/ A 65, FR S\u00fcden, H\u00f6he Anschlu\u00dfstelle Neustadt-Nord) &#8211; Rauchende Bremse!<\/h4>\n\n\n\n<p>In H\u00f6he der Anschlu\u00dfstelle Neustadt-Nord auf der A 65 kam es zu Verkehrsbehinderungen aufgrund eines Pannen-Lkw. Ein spanischer Trucker erlitt an seinem Auflieger einen Defekt der Bremse, so dass es zu einer starken Rauchentwicklung kam. Durch die Feuerwehr Neustadt wurde die Bremsanlage gek\u00fchlt. Im Anschluss musste der Sattelauflieger abgeschleppt werden. F\u00fcr die Dauer der Bergungsma\u00dfnahmen musste die rechte Fahrspur in H\u00f6he der Anschlu\u00dfstelle gesperrt werden. <\/p>\n\n\n\n<h4 class=\"wp-block-heading\">(Neustadt) &#8211; Zaun und PKW besch\u00e4digt und im Anschluss gefl\u00fcchtet \/ Zeugenaufruf<\/h4>\n\n\n\n<p>Vermutlich bei einem Wendeman\u00f6ver besch\u00e4digte am 14.03.2020, gegen 02:43 Uhr ein Fahrzeug einen geparkten PKW sowie einen Zaun in der Heinrich-Strieffler-Stra\u00dfe in Neustadt\/Weinstra\u00dfe. Im Anschluss verlie\u00df das Fahrzeug mit quietschenden Reifen die Unfall\u00f6rtlichkeit, ohne sich um den entstandenen Schaden zu k\u00fcmmern. Es wurde ein Strafanzeige aufgenommen. <\/p>\n\n\n\n<p>Weitere Zeugen werden gebeten, sich bei der Polizeiinspektion Neustadt\/Weinstra\u00dfe zu melden. <\/p>\n\n\n\n<h4 class=\"wp-block-heading\">(Neustadt) &#8211; Trickdiebstahl, Schaden von mehreren tausend Euro entstanden<\/h4>\n\n\n\n<p>Einen besonders fiesen Trick nutze eine bisher unbekannte, vermutlich dreik\u00f6pfige T\u00e4tergruppierung am 13.03.2020 in Neustadt\/Weinstra\u00dfe, um Wertsachen und Bargeld in H\u00f6he von mehreren tausend Euro zu erbeuten: Zwei Personen verschafften sich Zutritt zur Wohnung des gesch\u00e4digten Ehepaars, indem sie gegen\u00fcber diesen vorgaben, Medikamente f\u00fcr die nicht anwesenden Nachbarn mit einem Zettel hinterlegen zu wollen. W\u00e4hrend beide T\u00e4ter das Ehepaar mit dem Schreiben einer Nachricht f\u00fcr die Nachbarn in besch\u00e4ftigten, verschaffte sich vermutlich eine dritte Person unbemerkt \u00fcber die nicht geschlossene Eingangst\u00fcr Zutritt zur Wohnung und entwendete Wertsachen und Bargeld. Der Diebstahl fiel erst auf, nachdem die T\u00e4ter bereits verschwunden waren. <\/p>\n\n\n\n<p>Die Polizei sicherte Spuren in der Tatwohnung. Zeugen werden gebeten, sich bei der Polizei zu melden. <\/p>\n\n\n\n<p>Lassen Sie niemals unbekannte Personen in Ihre Wohnung, auch wenn diese vorgeben, Hilfe zu ben\u00f6tigen. Verst\u00e4ndigen Sie bei verd\u00e4chtigen Wahrnehmungen im Zweifel die Polizei. <\/p>\n\n\n\n<h4 class=\"wp-block-heading\">(Neustadt \/ B 38) &#8211; Verkehrsschild besch\u00e4digt und von Unfallstelle entfernt<\/h4>\n\n\n\n<p>Am 13.03.2020 wurde gegen 12:30 Uhr durch einen Verkehrsteilnehmer gemeldet, dass im Bereich der Einm\u00fcndung L532 auf die B 38 ein Verkehrsschild besch\u00e4digt worden sei. Auf Grund des derzeitigen Ermittlungsstands wird davon ausgegangen, dass ein LKW mit Auflieger beim Linksabbiegen auf die B38 mit seinem ausscherenden Heck das Verkehrsschild besch\u00e4digt hat. Im Anschluss entfernte sich der noch unbekannte LKW, ohne sich um den Schaden zu k\u00fcmmern. <\/p>\n\n\n\n<p>Zeugen werden gebeten, sich bei der Polizeiinspektion Neustadt\/Weinstra\u00dfe zu melden. <\/p>\n\n\n\n<h4 class=\"wp-block-heading\">(Neustadt &amp; OT Geinsheim) &#8211; Verkehrs- und Geschwindigkeitskontrollen<\/h4>\n\n\n\n<p>Durch die Polizeiinspektion Neustadt wurden am 13.03.2020, zwischen 10:50 Uhr &#8211; 11:20 Uhr Geschwindigkeitskontrollen im Bereich der B39 auf H\u00f6he Geinsheim durchgef\u00fchrt. Bei erlaubten 70 km\/h kam es zu insgesamt 13 Verst\u00f6\u00dfen. Der Spitzenreiter wurde mit einer Geschwindigkeit von 101 km\/h gemessen. Diesen erwartet nun eine Geldstra\u00dfe in H\u00f6he von 120 EUR sowie ein Punkt in Flensburg. Au\u00dferdem wird ein einmonatiges Fahrverbot gepr\u00fcft. <\/p>\n\n\n\n<p>Bei weiteren Verkehrskontrollen in der Branchweilerhofstra\u00dfe in Neustadt konnten insgesamt 3 Gurtverst\u00f6\u00dfe und 1 Handyversto\u00df festgestellt werden. <\/p>\n\n\n\n<p>\u00dcberh\u00f6hte Geschwindigkeit ist immer noch Unfallursache Nummer eins! Zu Ihrer eigenen Sicherheit und der Sicherheit anderer Verkehrsteilnehmer: Halten Sie sich an die Geschwindigkeitsbegrenzung und benutzen Sie keine elektronischen Ger\u00e4te w\u00e4hrend der Fahrt. <\/p>\n\n\n\n<h4 class=\"wp-block-heading\">(Neustadt) &#8211; Mehrere PKW im Bereich Kohlplatz besch\u00e4digt, Zeugen gesucht<\/h4>\n\n\n\n<p>Im Zeitraum vom 12.03. 16:00 Uhr, bis 13.03.2020, 11:00 Uhr, wurde im Bereich Kohlplatz\/Weinbergstra\u00dfe in Neustadt an mehreren PKW jeweils ein Au\u00dfenspiegel durch einen oder mehrere unbekannte\/n T\u00e4ter mutwillig besch\u00e4digt. In allen F\u00e4llen wurde eine Strafanzeige erfasst. <\/p>\n\n\n\n<p>Sachdienliche Hinweise nimmt die Polizeiinspektion Neustadt\/Weinstra\u00dfe entgegen. <\/p>\n\n\n\n<h4 class=\"wp-block-heading\">(Neustadt) &#8211; Versuchter und vollendeter Fahrraddiebstahl<\/h4>\n\n\n\n<p>Zun\u00e4chst meldet am Donnerstag den 12.03.2020, gegen 11:40 Uhr, ein aufmerksamer Zeuge der Polizei Neustadt, dass er gerade eine m\u00e4nnliche Person am Haardter Treppenweg beobachtet, wie diese versuchtet mit einem Bolzenschneider ein dort angeschlossenes Fahrrad zu entwenden. Als der T\u00e4ter den Zeugen bemerkt habe ergriff dieser die Flucht und konnte durch die Polizeistreifen zun\u00e4chst nicht mehr festgestellt werden. Wenig sp\u00e4ter meldet sich der Zeuge erneut bei der Polizei Neustadt und teilt mit, dass er den T\u00e4ter erneut gesehen habe und dieser nun mit einem Fahrrad von der \u00d6rtlichkeit wegfahren w\u00fcrde. Hierauf konnte der Heranwachsende durch eine Polizeistreife angetroffen und kontrolliert werden. Er r\u00e4umte den versuchten Diebstahl des Rades am Haardter Treppenweg ein. Zu den Eigentumsverh\u00e4ltnissen seines mitgef\u00fchrten Fahrrades \u00e4u\u00dferte er, dass er dieses mitgenommen habe, da es nicht angeschlossen gewesen sei. Bei dem Fahrrad handelt es sich um ein schwarz-wei\u00dfes Herrenmountainbike. Das Fahrrad wurde sichergestellt. Ein Eigent\u00fcmer konnte noch nicht ermittelt werden und wird gebeten sich mit der Polizei Neustadt\/Weinstra\u00dfe in Verbindung zu setzen. <\/p>\n\n\n\n<h4 class=\"wp-block-heading\">(Neustadt) &#8211; Mutwillig Fassade zerst\u00f6rt, Zeugenaufruf<\/h4>\n\n\n\n<p>Durch einen oder mehrere bisher unbekannte\/n T\u00e4ter wurde in den vergangenen Tagen bereits mehrfach die mit Graffiti bespr\u00fchte Fassade eines Eckhauses in der Wallgasse\/Karl-Helfferich-Stra\u00dfe in Neustadt angegangen. Dabei wurde immer wieder Gewebe aus der Fassade geschnitten und diese hierdurch erheblich besch\u00e4digt. Eine Anzeige wegen Sachbesch\u00e4digung wurde aufgenommen, die Ermittlungen dauern an. <\/p>\n\n\n\n<p>Sachdienliche Hinweise bitte an die Polizeiinspektion Neustadt\/Weinstra\u00dfe. <\/p>\n\n\n\n<h4 class=\"wp-block-heading\">(NW-Gimmeldingen) &#8211; Sperrung f\u00fcr den Fahrverkehr in Gimmeldingen<\/h4>\n\n\n\n<p>Aktuell (15.03.2020 \u2013 14:49) kommt es in Gimmeldingen zu erheblichen Beeintr\u00e4chtigungen des Fahrverkehrs. Trotz der offiziellen Absage des Mandelbl\u00fctenfestes herrscht in Gimmeldingen reger Publikumsverkehr. Tausende Besucher lockte es bei bestem Wetter in den Ortsteil. <\/p>\n\n\n\n<p>Die Sperrungen werden in Abh\u00e4ngigkeit des Fahrverkehrs aufrecht erhalten. Demnach ist die Zeitdauer nicht absehbar. <\/p>\n\n\n\n<p>Wir bitten darum dieses Gebiet weitr\u00e4umig zu umfahren. Bei Neuerungen erfolgt eine entsprechende Nachmeldung. <\/p>\n\n\n\n<h4 class=\"wp-block-heading\">(NW-Gimmeldingen) &#8211; Sperrungen in Gimmeldingen aufgehoben<\/h4>\n\n\n\n<p>Die Sperrungen f\u00fcr den Fahrverkehr in Gimmeldingen wurden soeben (15.03.2020 \u2013 16:47) aufgehoben. Das Verkehrsaufkommen hat sich normalisiert, es kommt zu keinerlei Beeintr\u00e4chtigungen mehr. <\/p>\n\n\n\n<p>Wir bedanken uns f\u00fcr Ihr Verst\u00e4ndnis. <\/p>\n\n\n\n<h4 class=\"wp-block-heading\">(Ha\u00dfloch) &#8211; Verkehrsunfall mit Flucht<\/h4>\n\n\n\n<p>Am Samstag, gegen 12:30 Uhr, kam es auf dem Parkplatzgel\u00e4nde des Rewe-Einkaufsmarktes in Ha\u00dfloch zu einer Verkehrsunfallflucht. Es konnte durch Zeugen beobachtet werden, wie eine \u00e4ltere m\u00e4nnliche Person mit seinem wei\u00dfen Fahrrad den Heckbereich eines parkenden wei\u00dfen Pkws gestreift habe. Der Mann habe sich &#8211; trotz Ansprache &#8211; nach der Kollision von der \u00d6rtlichkeit entfernt, ohne die Feststellung seiner Personalien zu erm\u00f6glichen. Die Polizeiinspektion Ha\u00dfloch erbittet Hinweise von Zeugen des Vorfalls unter Telefon 06324-9330 oder gerne auch per E-Mail an <a href=\"mailto:pihassloch@polizei.rlp.de\">pihassloch@polizei.rlp.de<\/a>. <\/p>\n\n\n\n<h4 class=\"wp-block-heading\">(Ha\u00dfloch) &#8211; Blitzer-Anh\u00e4nger abgebrannt<\/h4>\n\n\n\n<div class=\"wp-block-image\"><figure class=\"aligncenter\"><img decoding=\"async\" loading=\"lazy\" width=\"800\" height=\"533\" src=\"https:\/\/speyer24news.com\/wp-content\/uploads\/2020\/03\/14.03.20-Ha\u00dfloch-Blitzer.jpg\" alt=\"\" class=\"wp-image-25904\" srcset=\"https:\/\/speyer24news.com\/wp-content\/uploads\/2020\/03\/14.03.20-Ha\u00dfloch-Blitzer.jpg 800w, https:\/\/speyer24news.com\/wp-content\/uploads\/2020\/03\/14.03.20-Ha\u00dfloch-Blitzer-300x200.jpg 300w, https:\/\/speyer24news.com\/wp-content\/uploads\/2020\/03\/14.03.20-Ha\u00dfloch-Blitzer-768x512.jpg 768w\" sizes=\"(max-width: 800px) 100vw, 800px\" \/><\/figure><\/div>\n\n\n\n<p>Am 14.03.2020, gegen 00:57 Uhr, l\u00f6ste der Alarm des Enforcement-Blitzer-Trailers, auf der BAB65, in Fahrtrichtung Neustadt a.d.W., H\u00f6he des Parkplatzes &#8222;Spielberg&#8220;, aufgrund eines Brandes aus. Beim Eintreffen der Einsatzkr\u00e4fte stand dieser bereits in Vollbrand. Der Trailer-Anh\u00e4nger konnte durch die vor Ort anwesende Freiwillige Feuerwehr Dannstadt-Schauernheim gel\u00f6scht werden. F\u00fcr die Zeit der L\u00f6scharbeiten musste die Autobahn in Fahrtrichtung Neustadt a.d.W. kurzzeitig komplett gesperrt werden, hierbei kam es zu geringf\u00fcgigen Verkehrsbeeintr\u00e4chtigungen. Die Ermittlungen hinsichtlich der Brandursache dauern an. Zeugen, die im Zusammenhang mit dem Brand Beobachtungen gemacht haben oder sonst sachdienliche Hinweise geben k\u00f6nnen, werden gebeten, sich mit der Polizeiautobahnstation Ruchheim unter der Telefonnummer 06237 \/ 933-0 oder per E-Mail <a href=\"mailto:pastruchheim@polizei.rlp.de\">pastruchheim@polizei.rlp.de<\/a> in Verbindung zu setzen. <\/p>\n\n\n\n<h4 class=\"wp-block-heading\">(Ha\u00dfloch &amp; Meckenheim) &#8211; Einbruchsdiebstahl aus Gastronomiebetrieben<\/h4>\n\n\n\n<p>In der Nacht vom 13.03.2020 auf den 14.03.2020 wurde sich zu zwei, in der Hauptstra\u00dfe in Meckenheim befindlichen, Gastronomiebetrieben gewaltsam Zugang verschafft. Zielrichtung war die Erlangung von Tageseinnahmen und Spielautomatengeld. Die Polizeiinspektion Ha\u00dfloch erbittet Hinweise von Zeugen des Vorfalls oder verd\u00e4chtiger Beobachtungen unter Tel. 06324-933-0 oder per E-Mail an <a href=\"mailto:pihassloch@polizei.rlp.de\">pihassloch@polizei.rlp.de<\/a>. <\/p>\n\n\n\n<h4 class=\"wp-block-heading\">(Bad D\u00fcrkheim) &#8211; Aufmerksamer B\u00fcrger \/ Trunkenheitsfahrt verhindert<\/h4>\n\n\n\n<p>Am 13.03.2020, gegen 22:35 Uhr, erschien ein Gast eines nahegelegenen Lokales bei der Polizei und teilte mit, dass er soeben einen ihm unbekannten weiblichen Gast daran gehindert habe mit dem Pkw wegzufahren, da diese betrunken sei. Au\u00dferdem \u00fcbergab er den Polizeibeamten den Fahrzeugschl\u00fcssel vom Pkw der unbekannten Frau. Vor Ort wurde die 57-j\u00e4hrige Frau von den Polizeibeamten angetroffen. Sie war merklich alkoholisiert. Ein freiwillig durchgef\u00fchter Atemalkoholtest ergab einen Wert von ca. 2,7 Promille. Der Pkw-Schl\u00fcssel und der Fahrzeugschein wurden pr\u00e4ventiv sichergestellt. Die Frau kam mit einem Taxi sicher nach Hause. <\/p>\n\n\n\n<p>Ein besonderer Dank gilt dem aufmerksamen Mitb\u00fcrger f\u00fcr sein couragiertes Eingreifen. <\/p>\n\n\n\n<h4 class=\"wp-block-heading\">(Bad D\u00fcrkheim) &#8211; Raub in B\u00e4ckerei<\/h4>\n\n\n\n<div class=\"wp-block-image\"><figure class=\"aligncenter\"><img decoding=\"async\" src=\"https:\/\/speyer24news.com\/wp-content\/uploads\/2020\/02\/Zeugen-Gesucht-Neutral.jpg\" alt=\"\" class=\"wp-image-25059\"\/><\/figure><\/div>\n\n\n\n<p>Am Freitag, 13.03.2020, betraten gegen 19:00 Uhr zwei M\u00e4nner die Filiale einer B\u00e4ckerei in der Bad D\u00fcrkheimer Innenstadt. Einer der M\u00e4nner tat so, als wollte er zwei Brezeln kaufen. Als er anscheinend bezahlen wollte und die Verk\u00e4uferin die Kasse \u00f6ffnete, war der Begleiter w\u00e4hrend der Bestellung hinter den Tresen gegangen und schlug die Verk\u00e4uferin nieder. Dabei hielt er auch ein Messer in der Hand. Nachdem einer der beiden M\u00e4nner dann einen dreistelligen Bargeldbetrag aus der Kasse entnommen hatten, verlie\u00dfen sie die B\u00e4ckerei und fl\u00fcchteten in unbekannte Richtung. <\/p>\n\n\n\n<p>Trotz einer sofort eingeleiteten Fahndung mit mehreren Funkstreifenwagen konnten die beiden T\u00e4ter nicht aufgegriffen werden. <\/p>\n\n\n\n<p>Von den beiden M\u00e4nnern liegen folgende Beschreibungen vor: <\/p>\n\n\n\n<ul><li>Der T\u00e4ter, der vorgab die Brezeln kaufen zu wollen, war ca. 25 bis 30 Jahre alt, ca. 1,70 Meter gro\u00df, hatte einen dunklen Teint, sprach deutsch mit pf\u00e4lzischem Akzent, trug blaue Jeans, eine dunkle Jacke und eine schwarze Basecap. <\/li><li>Der T\u00e4ter, der die Verk\u00e4uferin schlug und das Messer mit sich f\u00fchrte, war ca. 1,70 bis 1,80 Meter gro\u00df, d\u00fcnne Figur, lockige helle Haare, eine Seite rasiert. <\/li><\/ul>\n\n\n\n<p>Es werden dringend Zeugen gesucht! Wer Beobachtungen im Umfeld der B\u00e4ckerei gemacht hat, wird gebeten, sich bei der Polizeiinspektion Bad D\u00fcrkheim zu melden. <\/p>\n\n\n\n<h4 class=\"wp-block-heading\">(Bad D\u00fcrkheim) &#8211; Unfallflucht<\/h4>\n\n\n\n<p>Am Freitag, 13.03.2020 hatte der 43-J\u00e4hrige Lkw-Fahrer aus Vorderweidenthal zwischen 13:40 Uhr und 14:00 Uhr Zeitraum seinen Lkw mit offener Bordwand (am Heck) am rechten Fahrbahnrand geparkt. Ein bislang nicht bekannter Verkehrsteilnehmer fuhr vermutlich aufgrund zu geringen Seitenabstandes gegen die linke Seite der ge\u00f6ffneten Bordwand des Lkw, sodass diese an den dahinter befindlichen linken Scheinwerfer stie\u00df und diesen besch\u00e4digte. Der Unfallverursacher entfernte sich daraufhin von der Verkehrsunfallstelle, ohne sich um den entstandenen Schaden zu k\u00fcmmern. Die H\u00f6he des Sachschadens am Lkw betr\u00e4gt ca. 100 Euro. Zeugen werden gebeten, sich bei der Polizeiinspektion Bad D\u00fcrkheim zu melden. <\/p>\n\n\n\n<h4 class=\"wp-block-heading\">(Bad D\u00fcrkheim) &#8211; Verkehrskontrollen<\/h4>\n\n\n\n<p>Am Freitag, den 13.03.2020, wurde im Zeitraum von 12:40 Uhr bis 13:30 Uhr in Bad D\u00fcrkheim, In den Almen, eine Verkehrskontrolle durchgef\u00fchrt. Insbesondere wurde das Durchfahrtsverbot (Verkehrszeichen 250 &#8222;Verbot f\u00fcr Fahrzeuge aller Art&#8220;)auf dem landwirtschaftlichen Weg zum Industriegebiet Bruch \u00fcberwacht, wobei festgestellt wurde, dass insgesamt 13 Verkehrsteilnehmer unberechtigter Weise diesen Weg als Abk\u00fcrzung benutzten. Diese Verkehrsteilnehmer wurden mit 20 Euro verwarnt. <\/p>\n\n\n\n<h4 class=\"wp-block-heading\">(Bad D\u00fcrkheim) &#8211; Einbruch in Autowerkstatt<\/h4>\n\n\n\n<p>Bisher unbekannte T\u00e4ter hebelten am 13.03.2020, gegen 02:50 Uhr, in der Bruchstra\u00dfe im Eingangsbereich einer Autowerkstatt zwei kleinere T\u00fcrsegmente aus, gelangten in das Innere der Werkstatt, l\u00f6sten einen Alarm aus und entwendeten nach bisherigen Erkenntnissen lediglich 2 oder 3 Altbatterien von geringen Wert. Das Objekt war durch die Polizei umstellt und durch einen angeforderten Diensthund durchsucht worden. T\u00e4ter konnten keine mehr angetroffen werden. Der entstandene Sachschaden bel\u00e4uft sich auf ca. 5.000,- Euro. <\/p>\n\n\n\n<p>Hinweise bitte an die Polizeiinspektion Bad D\u00fcrkheim, Tel. 06322\/963-0, oder <a href=\"mailto:pibadduerkheim@polizei.rlp.de\">pibadduerkheim@polizei.rlp.de<\/a><\/p>\n\n\n\n<h4 class=\"wp-block-heading\">(Ellerstadt) &#8211; PKW zerkratzt<\/h4>\n\n\n\n<p>Ein bislang unbekannter T\u00e4ter zerkratzte am Freitag, 13.03.2020, zwischen 13:00 Uhr und 15:00 Uhr, die komplette Beifahrerseite eines PKW der Marke Kia, der in der Georg-Fitz-Stra\u00dfe zum Parken abgestellt war. Hierbei entstand ein Sachschaden in H\u00f6he von ca. 2000 Euro. Sachdienliche Hinweise werden erbeten an die Polizeiinspektion Bad D\u00fcrkheim, Telefonnummer 06322 9630 oder per Email an <a href=\"mailto:pibadduerkheim@polizei.rlp.de\">pibadduerkheim@polizei.rlp.de<\/a> . <\/p>\n\n\n\n<h4 class=\"wp-block-heading\">(Herxheim am Berg) &#8211; Pkw-Fahrer war merklich betrunken<\/h4>\n\n\n\n<p>Am 12.03.2020, gegen 19:20 Uhr, wurde ein Pkw-Fahrer in der N\u00e4he des Bahnhofes einer allgemeinen Verkehrskontrolle unterzogen. Hierbei wurde bei dem 74-j\u00e4hrigen Fahrer Alkoholgeruch festgestellt. Ein freiwillig durchgef\u00fchrter Atemalkoholtest ergab einen Wert von ca. 1,5 Promille. Dem 74-J\u00e4hrigen wurde eine Blutprobe entnommen. Sein F\u00fchrerschein wurde sichergestellt. <\/p>\n\n\n\n<h4 class=\"wp-block-heading\">(Bobenheim am Berg) &#8211; In Kindertagesst\u00e4tte eingebrochen<\/h4>\n\n\n\n<p>Bisher unbekannte T\u00e4ter drangen zwischen Freitag, 13.03.2020, 16:30 Uhr und Samstag, 14.03.2020, 12:00 Uhr in eine Kindertagesst\u00e4tte in der Jahnstra\u00dfe ein, indem sie ein Fenster auf der R\u00fcckseite des Geb\u00e4udes aufhebelten. In der Kindertagesst\u00e4tte wurden s\u00e4mtliche Schr\u00e4nke ge\u00f6ffnet und deren Inhalt auf dem Boden verteilt. Ein B\u00fcro wurde komplett verw\u00fcstet. Gegenst\u00e4nde wurden augenscheinlich nicht entwendet. Dennoch d\u00fcrfte sich die Gesamtschadensh\u00f6he auf ca. 15000 Euro belaufen. Personen, die zu diesem Vorfall sachdienliche Hinweise geben k\u00f6nnen, werden gebeten sich mit der Polizeiinspektion Bad D\u00fcrkheim, Telefonnummer 06322 9630 oder per Email an <a href=\"mailto:pibadduerkheim@polizei.rlp.de\">pibadduerkheim@polizei.rlp.de<\/a> in Verbindung zu setzen. <\/p>\n\n\n\n<h4 class=\"wp-block-heading\">(Beindersheim) &#8211; Gekl\u00e4rte Verkehrsunfallflucht mit Beleidigung<\/h4>\n\n\n\n<p>Am Donnerstag kollidierten zwei Fahrzeuge gegen 15:50 Uhr aufgrund von fehlenden Seitenabstandes mit ihren jeweiligen Au\u00dfenspiegeln in der Enggasse in Beindersheim. Der 60-j\u00e4hrige Fahrer des beteiligten Ford Mondeo setzte seine Fahrt zun\u00e4chst fort, entschied sich dann aber doch zum Anhalten und lief zur\u00fcck zur Unfallstelle. Dort beleidigte er den 21-j\u00e4hrigen Unfallgegner und setzte anschlie\u00dfend seine Fahrt wieder fort. Ein Strafverfahren wegen Unfallflucht wurde eingeleitet. Die weiteren Ermittlungen laufen. An beiden Fahrzeugen entstand ein Sachschaden am Au\u00dfenspiegel (Gesamtschaden ca. 300 Euro). <\/p>\n\n\n\n<h4 class=\"wp-block-heading\">(Frankenthal) &#8211; \u00dcberwachung Verkehrsf\u00fchrung Wormser Stra\u00dfe<\/h4>\n\n\n\n<p>Auf Grund zur\u00fcckliegender eigener Feststellungen und entsprechenden Beschwerden erfolgt am 14.03.2020 zwischen 13 Uhr und 14 Uhr eine \u00dcberwachung der wegen einer Baustelle bei den Frankenthaler Stadtwerken derzeit ge\u00e4nderten Verkehrsf\u00fchrung in der Wormser Stra\u00dfe. Neben f\u00fcnf Verst\u00f6\u00dfen gegen das Durchfahrtsverbot in Richtung Innenstadt wird ein Kleinkraftrad aus dem Verkehr gezogen, bei dem der Verdacht des Erl\u00f6schens der Betriebserlaubnis in Folge abweichender H\u00f6chstgeschwindigkeit besteht. Gegen den Fahrer wird ebenfalls wegen des Anfangsverdachts Fahren ohne Fahrerlaubnis ermittelt, da sich Anhaltspunkte ergeben haben, dass der Roller schneller f\u00e4hrt als die von ihm vorgelegte Fahrerlaubnis es zul\u00e4sst. <\/p>\n\n\n\n<h4 class=\"wp-block-heading\">(Frankenthal) &#8211; Gekl\u00e4rte Verkehrsunfallflucht<\/h4>\n\n\n\n<p>Schnell aufgekl\u00e4rt werden kann eine Verkehrsunfallflucht am 14.03.2020 gegen 08:15 Uhr in Frankenthal-Flomersheim. Ein 30-j\u00e4hriger Beindersheimer bef\u00e4hrt mit seinem gr\u00fcnen Kleintransporter die Freinsheimer Stra\u00dfe von Frankenthal kommend in Richtung Flomersheimer Stra\u00dfe. Die sp\u00e4tere Beschuldigte bef\u00e4hrt mit ihrem wei\u00dfen PKW Fiat die Freinsheimer Stra\u00dfe in Richtung Einm\u00fcndung Flomersheimer Stra\u00dfe. Beim Linksabbiegen missachtet die 19-j\u00e4hrige Unfallverursacherin die Vorfahrt des von links kommenden Kleintransporters und touchiert diesen. Anschlie\u00dfend entfernt sie sich unerlaubt vom Unfallort. Durch Zeugen und Anwohnerbefragungen kann schlie\u00dflich das Kennzeichen des wei\u00dfen Fiat noch vor Ort ermittelt und anschlie\u00dfend auch die Fahrzeugf\u00fchrerin im Stadtgebiet Frankenthal angetroffen werden. Hinweise auf Alkohol- oder Bet\u00e4ubungsmitteleinfluss ergeben sich nicht.  Die Beschuldigte gibt an mit der Unfallsituation \u00fcberfordert gewesen und deswegen weggefahren zu sein.  Ihr F\u00fchrerschein wurde sichergestellt, ein Strafverfahren wegen Unerlaubtem Entfernen vom Unfallort eingeleitet und mangels Wohnsitz in Deutschland eine entsprechende Sicherheitsleistung erhoben. <\/p>\n\n\n\n<h4 class=\"wp-block-heading\">(Frankenthal) &#8211; Wegen verlorenem Geldbeutel betrunken zur Polizei gefahren<\/h4>\n\n\n\n<p>Eine 22-j\u00e4hrige Frankenthalerin verliert zun\u00e4chst am fr\u00fchen Morgen des 14.03.2020 ihren Geldbeutel in einer Frankenthaler Bankfiliale. Dieser wird von einem ehrlichen Finder bei der Polizei abgegeben, wobei dieser die Verliererin auch selbstst\u00e4ndig kontaktiert und den Fund, bzw. die Abgabe bei der Polizei meldet. Die 22-j\u00e4hrige m\u00f6chte nun ihren Geldbeutel bei der Polizei abholen und macht sich mit ihrem roten PKW gegen 04:45 Uhr auf dem Weg zur Dienststelle. In Folge erheblichem Alkoholgenuss verliert sie in der M\u00f6rscher Stra\u00dfe in Frankenthal die Kontrolle \u00fcber ihr Auto und kollidiert mit zwei am Stra\u00dfenrand ordnungsgem\u00e4\u00df abgestellten Fahrzeugen. Im Rahmen der Unfallaufnahme wird Alkoholgeruch durch die Polizeibeamten wahrgenommen, ein freiwilliger Alkoholtest ergibt 1,65 Promille. Der F\u00fchrerschein, welcher sich ebenfalls in dem verlorenen Geldbeutel befand, wird sichergestellt und ein Strafverfahren eingeleitet. Der nicht mehr fahrbereite PKW der Unfallverursacherin wird abgeschleppt. Der Gesamtschaden d\u00fcrfte bei ca. 5.500 Euro liegen. <\/p>\n\n\n\n<h4 class=\"wp-block-heading\">(Frankenthal) &#8211; Trunkenheitsfahrt mit 0,95 Promille<\/h4>\n\n\n\n<p>Am 14.03.2020, gegen 00:05 Uhr, wird auf einem Tankstellengel\u00e4nde in der Mahlastra\u00dfe ein 26-j\u00e4hriger Frankenthaler einer Verkehrskontrolle unterzogen. Da bei diesem Atemalkoholgeruch wahrnehmbar ist, wird mit ihm ein Atemalkoholtest durchgef\u00fchrt, welcher ein Ergebnis von 0,95 Promille ergibt. Der 26-J\u00e4hrige wird daher zur Dienststelle der Polizei Frankenthal gebracht, wo ihm eine Blutprobe entnommen wird. Zudem wird der Fahrzeugschl\u00fcssel pr\u00e4ventiv sichergestellt. Neben den Kosten f\u00fcr die Entnahme einer Blutprobe, kommt gem\u00e4\u00df dem Bu\u00dfgeldkatalog auf den 26-J\u00e4hrigen nun eine Strafe in H\u00f6he 500EUR sowie ein Fahrverbot zu. <\/p>\n\n\n\n<h4 class=\"wp-block-heading\">(Frankenthal) &#8211; Ladendiebstahl in Schuhgesch\u00e4ft<\/h4>\n\n\n\n<p>Am 13.03.2020, um 14:05 Uhr, wird der Polizei durch Mitarbeiter eines Schuhgesch\u00e4fts in der Wormser Stra\u00dfe mitgeteilt, dass zwei Personen im Begriff seien, Schuhe zu entwenden und das Gesch\u00e4ft zu verlassen. Durch die Polizei k\u00f6nnen die beiden Beschuldigten, eine 24-j\u00e4hrige Spanierin und ein 23-j\u00e4hriger Rum\u00e4ne, einer Kontrolle unterzogen werden. Den Angaben der Mitarbeiter zufolge habe die 24-J\u00e4hrige nach einer bestimmten Schuhgr\u00f6\u00dfe gefragt, nach deren Erhalt das Etikett entfernt und das Gesch\u00e4ft, ohne die Schuhe im Wert von 45 Euro zu bezahlen, verlassen wollen. Da die beiden Beschuldigten in Deutschland nicht gemeldet sind, wird eine Sicherheitsleistung erhoben. Anschlie\u00dfend werden sie aus den polizeilichen Ma\u00dfnahmen entlassen. <\/p>\n\n\n\n<h4 class=\"wp-block-heading\">(Frankenthal) &#8211; Staubsaugerautomat aufgebrochen und 200 Euro Bargeld entwendet<\/h4>\n\n\n\n<p>Am 13.03.2020, um 01:30 Uhr, bricht ein bislang unbekannter T\u00e4ter einen Staubsaugerautomaten einer Waschstra\u00dfe in der Adam-Opel-Stra\u00dfe auf und entwendet anschlie\u00dfend Bargeld in H\u00f6he von etwa 200 Euro. Durch die Polizei werden die Spuren vor Ort, unter anderem die vorhandene Videoaufzeichnung, gesichert. Weitere Ermittlungen folgen. <\/p>\n\n\n\n<h4 class=\"wp-block-heading\">(Frankenthal) &#8211; Einbruchsversuch in Bistro<\/h4>\n\n\n\n<p>Unbekannte T\u00e4ter versuchten im Zeitraum 11.03.20, 23:00 Uhr, bis zum 12.03.20 07:30 Uhr in ein Bistro in der Eppsteiner Stra\u00dfe in Frankenthal einzubrechen. An der Eingangst\u00fcr und diversen Fensterrahmen konnten frische Hebelspuren festgestellt werden. Gl\u00fccklicherweise blieb es beim Versuch. Die Polizei sucht Zeugen des Vorfalles. <\/p>\n\n\n\n<h4 class=\"wp-block-heading\">(Bobenheim-Roxheim) &#8211; Verkehrsunfallflucht<\/h4>\n\n\n\n<p>Am 13.03.2020, gegen 09:00 Uhr, parkt ein 59-j\u00e4hriger Wormser seinen grauen Mercedes Vito in der Roxheimer Stra\u00dfe in der H\u00f6he der Hausnummer 5. Als er gegen 10:15 Uhr an seinem PKW zur\u00fcckkehrt, stellt er fest, dass der linke Au\u00dfenspiegel seines PKW abgerissen ist. Es entsteht ein Schaden von etwa 400 Euro. Der Unfallverursacher gibt sich nicht zu erkennen und entfernt sich unerlaubt von der Unfallstelle. <\/p>\n\n\n\n<p>Zeugen werden gebeten sich an die Polizeiinspektion Frankenthal unter der Tel.-Nr.: 06233\/313-0 oder an die Polizeiwache Maxdorf unter der Tel.-Nr.: 06237\/934-100 zu wenden. Gerne nehmen wir Ihre Hinweise auch per E-Mail unter <a href=\"mailto:pifrankenthal@polizei.rlp.de\">pifrankenthal@polizei.rlp.de<\/a> entgegen. <\/p>\n\n\n\n<p>Die Polizei weist darauf hin, dass Unerlaubtes Entfernen vom Unfallort kein Kavaliersdelikt ist! Der fl\u00fcchtige Fahrer muss mit einer Geld- oder Freiheitsstrafe bis zu 3 Jahren und evtl. mit einem F\u00fchrerscheinentzug rechnen. Au\u00dferdem kann der Fl\u00fcchtige den Kaskoschutz seiner Kfz-Versicherung verlieren und von seiner Versicherung an der Begleichung des Fremdschadens beteiligt werden. Die Polizei r\u00e4t deshalb jeden Unfall zu melden. Wir wollen, dass Sie sicher Leben &#8211; ihre Polizei Frankenthal. <\/p>\n\n\n\n<h4 class=\"wp-block-heading\">(Ludwigshafen-Friesenheim) &#8211; 12 Au\u00dfenspiegel abgetreten<\/h4>\n\n\n\n<p>Am Samstag den 14.03.2020 wurden um 21:55 Uhr in der Sedanstra\u00dfe in Ludwigshafen an vier geparkten Fahrzeugen die linken Au\u00dfenspiegel und in der Von-Stephan-Stra\u00dfe an acht geparkten Fahrzeugen die rechten Au\u00dfenspiegel besch\u00e4digt. Durch einen Zeugen konnten ein d\u00fcnner und ein dicker Jugendlicher dabei beobachtet werden, wie diese gegen die Fahrzeuge traten. Beide waren mit Fahrr\u00e4dern unterwegs. Durch die Polizei konnten die beiden Jugendlichen nicht mehr angetroffen werden. Es entstand Sachschaden in H\u00f6he von ca. 2400 Euro. F\u00fcr Zeugenhinweise, insbesondere im Hinblick auf die beiden Jugendlichen, wenden sie sich bitte an die Polizeiinspektion Ludwigshafen 2 unter der Telefonnummer 0621\/963-2222. <\/p>\n\n\n\n<h4 class=\"wp-block-heading\">(Ludwigshafen) &#8211; Verkehrsunfall unter Alkoholeinfluss<\/h4>\n\n\n\n<p>Am Freitag dem 13.03.2020 kam es in der Heinigstra\u00dfe in Ludwigshafen am Rhein zu einem Verkehrsunfall. Die 19-j\u00e4hrige Fahrerin kam in alkoholisierten Zustand mit ihrem Pkw von der Fahrbahn ab und touchierte einen Bordstein. Hierbei entstand an dem Pkw Sachsachen in H\u00f6he von ca. 1000EUR, was die Fahrerin dazu veranlasste auf dem nahegelegenen Tankstellengel\u00e4nde anzuhalten. Dort fiel sie, durch ihr Verhalten, einer  Polizeibesatzung auf. Ein Alkoholtest ergab einen Atemalkoholwert von 1,86 Promille. Da die Fahrerin einen Verkehrsunfall verursachte w\u00e4hrend sie unter dem Einfluss von Alkohol stand, muss sie sich nun wegen Gef\u00e4hrdung des Stra\u00dfenverkehrs verantworten. <\/p>\n\n\n\n<h4 class=\"wp-block-heading\">(Ludwigshafen) &#8211; Spiegel und mehr von Autos abmontiert<\/h4>\n\n\n\n<p>Am 12.03.2020, zwischen 18.15 Uhr und 19.45 Uhr, parkte ein 41-J\u00e4hriger seinen Transporter in der D\u00fcrerstra\u00dfe. Unbekannt entwendeten in diesem Zeitraum das Glas des rechte Au\u00dfenspiegels. Einen Schaden von 400 EUR verursachten Unbekannte bei einem Diebstahl ebenfalls am 12.03.2020. Zwischen 5 Uhr und 18 Uhr parkte eine 39-J\u00e4hrige ihren Opel Zafira in der Hoheloogstra\u00dfe. Unbekannte montierten in dieser Zeit beide Au\u00dfenspiegel, beide Scheibenwischer und den rechten T\u00fcrgriff ab und entwendeten diese. <\/p>\n\n\n\n<p>Zeugen, die zu den Vorf\u00e4llen in der D\u00fcrerstra\u00dfe und Hoheloogstra\u00dfe Hinweise geben k\u00f6nnen, werden gebeten sich bei der Polizeiinspektion Ludwigshafen 1, 0621 963-2122 oder per E-Mail <a href=\"mailto:piludwigshafen1@polizei.rlp.de\">piludwigshafen1@polizei.rlp.de<\/a> zu melden. <\/p>\n\n\n\n<h4 class=\"wp-block-heading\">(Ludwigshafen) &#8211; Versuchtes T\u00f6tungsdelikt in Ludwigshafen <\/h4>\n\n\n\n<h4 class=\"wp-block-heading\" style=\"text-align:center\">Nachtragsmeldung<\/h4>\n\n\n\n<h4 class=\"wp-block-heading\">Gemeinsame Pressemitteilung von Staatsanwaltschaft Frankenthal und Polizeipr\u00e4sidium Rheinpfalz <\/h4>\n\n\n\n<div class=\"wp-block-image\"><figure class=\"aligncenter\"><img decoding=\"async\" src=\"https:\/\/speyer24news.com\/wp-content\/uploads\/2020\/02\/Zeugen-Gesucht-Neutral.jpg\" alt=\"\" class=\"wp-image-25059\"\/><\/figure><\/div>\n\n\n\n<p>Die Ermittlungen der Mordkommission dauern weiterhin an. <\/p>\n\n\n\n<p>Zeugenaufruf Personen, die Donnerstagabend, 12.03.2020, zwischen 17 und 18.30 Uhr, im Gebiet um den Willersinnweiher verd\u00e4chtige Beobachtungen gemacht haben, werden gebeten, sich bei der Kriminalpolizei Ludwigshafen unter Telefon 0621\/963-2773 oder per Email  <a href=\"mailto:kiludwigshafen.k1.kdd@polizei.rlp.de\">kiludwigshafen.k1.kdd@polizei.rlp.de<\/a> zu melden. <\/p>\n\n\n\n<h4 class=\"wp-block-heading\">(Ludwigshafen) &#8211; T\u00f6tungsdelikt in Ludwigshafen<\/h4>\n\n\n\n<h4 class=\"wp-block-heading\" style=\"text-align:center\">2. Nachtragsmeldung <\/h4>\n\n\n\n<p>Die 17-j\u00e4hrige Frau, die am Abend des 12.03.2020, kurz nach 18 Uhr, an der Uferb\u00f6schung des Willersinnweihers schwer verletzt aufgefunden worden war, ist am gestrigen Nachmittag (13.03.2020) verstorben. Im Laufe der umfangreichen kriminalpolizeilichen Ma\u00dfnahmen der Mordkommission ist es gelungen, einen 17-j\u00e4hrigen Tatverd\u00e4chtigen zu ermitteln. Der Tatverd\u00e4chtige wurde gestern am sp\u00e4ten Abend von Kr\u00e4ften des Spezialeinsatzkommandos Rheinland-Pfalz festgenommen. Auf Antrag der Staatsanwaltschaft Frankenthal hat der Ermittlungsrichter beim Amtsgericht Frankenthal heute Morgen die Untersuchungshaft des dringend Tatverd\u00e4chtigen angeordnet. Der 17-J\u00e4hrige Deutsche wurde in eine Jugendstrafanstalt verbracht. Die Ermittlungen dauern an. <\/p>\n\n\n\n<p>Aus ermittlungstaktischen Gr\u00fcnden geben wir aktuell keine weiteren Informationen bekannt. <\/p>\n\n\n\n<h4 class=\"wp-block-heading\">(Ludwigshafen) &#8211; In Kleingartenbauverein eingebrochen<\/h4>\n\n\n\n<p>Zwischen dem 10.03.2020, 15 Uhr, und dem 12.03.2020, 14:10 Uhr, gelang es bislang Unbekannten sich Zugang zu einem umz\u00e4unten Bereich eines Kleingartenbauvereins in der Kopernikusstra\u00dfe zu verschaffen. Die T\u00e4ter entwendeten ein Teil einer Leiter. Der Schaden bel\u00e4uft sich auf einen mittleren zweistelligen Betrag. <\/p>\n\n\n\n<p>Zeugen, die etwas beobachtet haben, werden gebeten sich an die Polizeiinspektion Ludwigshafen 2 unter der Telefonnummer 0621 963-2222 oder per E-Mail <a href=\"mailto:piludwigshafen2@polizei.rlp.de\">piludwigshafen2@polizei.rlp.de<\/a> zu wenden.<\/p>\n\n\n\n<h4 class=\"wp-block-heading\">(Ludwigshafen-Oggersheim) &#8211; Erneut versuchter Fall von Spendenbetrug<\/h4>\n\n\n\n<p>Nachdem es bereits am Nachmittag des 11.03.2020 zu mehreren F\u00e4llen von Spendenbetrug in der Pr\u00e4lat-Caire-Stra\u00dfe gekommen war, kam es auch am 12.03.2020, gegen 11:30 Uhr, zu einem entsprechenden Betrugsversuch. Ein 74-j\u00e4hriger Zeuge berichtete, dass ein vermeintlich taubstummer Mann auf einem Supermarktparkplatz in der Oderstra\u00dfe auf ihn zugekommen sei und ihm zu verstehen gegeben habe, er sammle Spenden f\u00fcr Menschen mit Behinderung. Der 74-J\u00e4hrige lehnte eine Spende ab, da er einen Betrug vermutet. Geistesgegenw\u00e4rtig griff er zu seinem Mobiltelefon und versuchte ein Foto des unbekannten Mannes zu machen. Diesem gelang jedoch die Flucht. <\/p>\n\n\n\n<p>Der Zeuge konnte folgende Personenbeschreibung abgeben: <\/p>\n\n\n\n<ul><li>Etwa 20-25 Jahre alt<\/li><li>etwa 1,70m gro\u00df<\/li><li>dunkle Haare<\/li><li>Zum Tatzeitpunkt soll er einen dunklen Pullover getragen haben. <\/li><\/ul>\n\n\n\n<p>Die Polizei sucht nach Zeugen, die etwas beobachtet haben oder nach Betroffenen, die in Ludwigshafen Geld \u00fcbergeben haben. Sie werden gebeten sich an die Polizeiinspektion Ludwigshafen 2 unter der Telefonnummer 0621 963-2222 oder per E-Mail <a href=\"mailto:piludwigshafen2@polizei.rlp.de\">piludwigshafen2@polizei.rlp.de<\/a> zu wenden. <\/p>\n\n\n\n<h4 class=\"wp-block-heading\">(Ludwigshafen) &#8211; Verkehrsunfall auf der Kurt-Schumacher-Br\u00fccke<\/h4>\n\n\n\n<p>Auf der Kurt-Schumacher-Br\u00fccke kam es Donnerstagmorgen (12.03.2020 gegen 08:30 Uhr) zu einem Verkehrsunfall bei dem drei Autos beteiligt waren. Ein 53-J\u00e4hriger war auf das vor ihm fahrende Auto einer 44-J\u00e4hrigen aufgefahren, nachdem diese verkehrsbedingt abgebremst hatte. Durch den Zusammensto\u00df wurde ihr Fahrzeug gegen das Auto einer 29-J\u00e4hrigen geschoben. Durch den Unfall wurde niemand verletzt. Insgesamt entstand ein Sachschaden von 13.500 Euro. Die linke Fahrspur musste w\u00e4hrend der Unfallaufnahme gesperrt werden. <\/p>\n\n\n\n<h4 class=\"wp-block-heading\">(Ludwigshafen) &#8211; In Auto eingebrochen<\/h4>\n\n\n\n<p>Unbekannte haben in der Nacht zum Donnerstag in An der Mittagsweide aus einem Auto einen Geldbeutel gestohlen. Der Wagen stand \u00fcber Nacht auf einem frei zug\u00e4nglichen Privatparkplatz am Haus des 60-j\u00e4hrigen Fahrzeughalters. Zwischen 18:00 Uhr und 8:00 Uhr machten sich Diebe an dem Wagen zu schaffen. Ob das Fahrzeug unverschlossen war oder die Diebe das sogenannte Keyless-Go-System des Autos \u00fcberlisteten, ist Gegenstand der Ermittlungen. Am Auto waren keine Aufbruchspuren feststellbar. <\/p>\n\n\n\n<p>Zeugen, die etwas Verd\u00e4chtiges beobachtet haben oder Hinweise geben k\u00f6nnen, werden gebeten, sich an die Kriminalpolizei Ludwigshafen unter der Telefonnummer 0621\/963-2773 oder per E-Mail  <a href=\"mailto:kiludwigshafen.k1.kdd@polizei.rlp.de\">kiludwigshafen.k1.kdd@polizei.rlp.de<\/a> zu wenden. <\/p>\n\n\n\n<h4 class=\"wp-block-heading\">(Ludwigshafen) &#8211; Baumaschinen gestohlen<\/h4>\n\n\n\n<p>In der Nacht von Mittwoch auf Donnerstag (11.03.2020, 19 Uhr, bis 12.03.2020, 06:30 Uhr) gelang es Unbekannten aus einem parkenden LKW mehrere Baumaschinen zu entwenden. Der LKW war in der Kopernikusstra\u00dfe abgestellt. Insgesamt entstand ein Sachschaden von mehreren tausend Euro. <\/p>\n\n\n\n<p>Zeugen, die etwas beobachtet haben, werden gebeten sich an die Polizeiinspektion Ludwigshafen 2 unter der Telefonnummer 0621 963-2222 oder per E-Mail <a href=\"mailto:piludwigshafen2@polizei.rlp.de\">piludwigshafen2@polizei.rlp.de<\/a> zu wenden. <\/p>\n\n\n\n<h4 class=\"wp-block-heading\">(Ludwigshafen) &#8211; Streitigkeiten mit Schreckschusswaffe in der Karlsbader Stra\u00dfe<\/h4>\n\n\n\n<p>Am 11.03.2020, gegen 20:10 Uhr, kam es in der Karlsbader Stra\u00dfe zu Streitigkeiten zwischen drei Personen. Im Zuge der Auseinandersetzung zog ein 34-j\u00e4hriger Ludwigshafener eine Schreckschusswaffe und schoss damit auf einen 18-J\u00e4hrigen und dessen 45-j\u00e4hrigen Vater. Hiervon trugen beide m\u00e4nnliche Personen Augenreizungen davon. Der 18-J\u00e4hrige erlitt zus\u00e4tzlich Schmerzen an einem Ohr. <\/p>\n\n\n\n<p>Nach der Tat entfernte sich der 34-J\u00e4hrige vom Tatort. Die Polizei ermittelte den Ludwigshafener und durchsuchte nach Anordnung der Staatsanwaltschaft Frankenthal die Wohnung nach der Tatwaffe. Er h\u00e4ndigte daraufhin freiwillig seine Schreckschusswaffe aus. Den erforderlichen Waffenschein konnte er nicht vorweisen. Auf ihn kommt nun eine Strafanzeige wegen gef\u00e4hrlicher K\u00f6rperverletzung und Versto\u00df gegen das Waffengesetz zu. <\/p>\n\n\n\n<h4 class=\"wp-block-heading\">(Ludwigshafen) &#8211; Verkehrsunfall verursacht und weggefahren<\/h4>\n\n\n\n<p>Am 11.03.2020, zwischen 12.45 Uhr und 13.45 Uhr, parkte eine Frau ihren BMW auf dem Parkdeck 1 in einem Parkhaus im Zollhof. Unbekannter Autofahrer fuhr vermutlich beim Ein- oder Ausparken gegen den BMW und besch\u00e4digte diesen massiv an der linken Fahrzeugseite. Ohne sich um den entstanden Schaden zu k\u00fcmmern, entfernte sich der Unbekannte von der Unfallstelle. Der Schaden betr\u00e4gt rund 3.000 EUR. <\/p>\n\n\n\n<p>Zeugen, die den Vorfall im Parkhaus beobachtet haben, werden gebeten sich bei der Polizeiinspektion Ludwigshafen 1, 0621 963-2122 oder per E-Mail <a href=\"mailto:piludwigshafen1@polizei.rlp.de\">piludwigshafen1@polizei.rlp.de<\/a> zu melden. <\/p>\n\n\n\n<h4 class=\"wp-block-heading\">(Mannheim) &#8211; Radfahrer von Pkw angefahren und schwer verletzt. Unfallverursacher fl\u00fcchtet.<\/h4>\n\n\n\n<p>Am Sonntagmorgen um 07:50 Uhr ereignete sich in der Sandhofer Stra\u00dfe ein Verkehrsunfall, bei dem ein Radfahrer schwer verletzt wurde. Der 57-j\u00e4hrige Radfahrer wurde mit schweren Kopfverletzungen in ein Krankenhaus eingeliefert. <\/p>\n\n\n\n<p>Der Radfahrer befuhr den Radfahrstreifen in der Sandhofer Stra\u00dfe in Fahrtrichtung Sandhofen. Der in gleiche Richtung fahrende 54-j\u00e4hriger Pkw-Fahrer kam nach derzeitigem Ermittlungsstand zu weit nach rechts und erfasste den Radfahrer. Der Pkw-Fahrer entfernte sich von der Unfallstelle ohne sich um den Radfahrer zu k\u00fcmmern. Durch Zeugenhinweise konnte im Rahmen der Fahndung der fl\u00fcchtige Pkw sowie der Fahrer angetroffen werden. Der Pkw-Fahrer kam zur Durchf\u00fchrung einer Blutentnahme zum Polizeirevier Mannheim-Neckarstadt. Zudem wurde der F\u00fchrerschein beschlagnahmt. Gegen den Unfallverursacher wurde ein Ermittlungsverfahren eingeleitet, unter anderem wegen dem Verdacht des unerlaubten Entfernens vom Unfallort und der unterlassenen Hilfeleistung. Der Verkehrsdienst Mannheim hat die Ermittlungen \u00fcbernommen. <\/p>\n\n\n\n<h4 class=\"wp-block-heading\">(Mannheim) &#8211; Personenunfall; Bahnstrecke zwischen Mannheim-Hauptbahnhof und Mannheim-Waldhof gesperrt<\/h4>\n\n\n\n<h4 class=\"wp-block-heading\" style=\"text-align:center\">Pressemitteilung Nr. 1<\/h4>\n\n\n\n<p>Wegen eines Personenunfalls ist die Bahnstrecke Mannheim-Frankfurt seit Samstag ca. 18 Uhr zwischen MA-Hauptbahnhof und MA-Waldhof gesperrt. Der Bahnverkehr wird ab dem Hauptbahnhof \u00fcber MA-K\u00e4fertal in Richtung Frankfurt, \u00fcber Lorsch und Biblis, umgeleitet. <\/p>\n\n\n\n<h4 class=\"wp-block-heading\">(Mannheim-Luzenberg) &#8211; Personenunfall; Bahnstrecke zwischen Mannheim-Hauptbahnhof und Mannheim-Waldhof wieder freigegeben<\/h4>\n\n\n\n<h4 class=\"wp-block-heading\" style=\"text-align:center\">Pressemitteilung Nr. 2<\/h4>\n\n\n\n<p>Die seit Samstag ca. 18.00 Uhr, wegen eines Personenunfalls gesperrte Bahnstrecke Mannheim &#8211; Frankfurt, ist seit 22.57 Uhr wieder freigegeben. Die genaue Unfallursache ist noch Gegenstand der Ermittlungen. Diesbez\u00fcglich wird nachberichtet. <\/p>\n\n\n\n<h4 class=\"wp-block-heading\">(Mannheim) &#8211; Tragischer Ungl\u00fccksfall; Mutter mit zwei Kleinkindern von G\u00fcterzug erfasst und get\u00f6tet; Identit\u00e4t noch unklar; keine Hinweise auf Fremdverschulden<\/h4>\n\n\n\n<h4 class=\"wp-block-heading\" style=\"text-align:center\">Pressemitteilung Nr. 3<\/h4>\n\n\n\n<div class=\"wp-block-image\"><figure class=\"aligncenter\"><img decoding=\"async\" loading=\"lazy\" width=\"800\" height=\"533\" src=\"https:\/\/speyer24news.com\/wp-content\/uploads\/2020\/03\/candle-2905395_1920.jpg\" alt=\"\" class=\"wp-image-25905\" srcset=\"https:\/\/speyer24news.com\/wp-content\/uploads\/2020\/03\/candle-2905395_1920.jpg 800w, https:\/\/speyer24news.com\/wp-content\/uploads\/2020\/03\/candle-2905395_1920-300x200.jpg 300w, https:\/\/speyer24news.com\/wp-content\/uploads\/2020\/03\/candle-2905395_1920-768x512.jpg 768w\" sizes=\"(max-width: 800px) 100vw, 800px\" \/><\/figure><\/div>\n\n\n\n<p>Am fr\u00fchen Samstagabend, kurz nach 18 Uhr, wurde eine Mutter mit ihren beiden Kleinkindern an der DB-Haltestelle &#8222;Mannheim-Luzenberg&#8220; von einem G\u00fcterzug, der in Richtung Frankfurt unterwegs war, erfasst. Alle drei kamen dabei ums Leben. <\/p>\n\n\n\n<p>Das Kriminalkommissariat Mannheim \u00fcbernahm sofort die Ermittlungen, die Kriminaltechnik der Kriminalpolizeidirektion Heidelberg die Spurensicherung. <\/p>\n\n\n\n<p>Wie die bisherigen Ermittlungen ergaben, wollte die Frau mit ihren beiden Kleinkindern die Gleise von der Luzenbergstra\u00dfe aus in Richtung Stationsstra\u00dfe \u00fcberqueren, als sie von dem durchfahrenden G\u00fcterzug erfasst wurden. <\/p>\n\n\n\n<p>Die Ermittler gehen von einem tragischen Ungl\u00fccksfall aus. Hinweise auf ein Fremdverschulden liegen derzeit nicht vor. <\/p>\n\n\n\n<p>Die Identit\u00e4ten der Frau und ihren Kindern sind derzeit noch nicht bekannt. Dem \u00e4u\u00dferen Anschein nach d\u00fcrfte es sich um eine Familie s\u00fcd-osteurop\u00e4ischer Herkunft handeln. <\/p>\n\n\n\n<p>Die Frau d\u00fcrfte ca. 30 Jahre alt, ihre Kinder, ein M\u00e4dchen und ein Junge, ca. 1,5 bzw. 3-4 Jahre alt sein. Ein gr\u00fcner Kinder-Buggy stand zudem neben den Gleisen. <\/p>\n\n\n\n<p>Personen, die Hinweise zu den Get\u00f6teten geben k\u00f6nnen, werden gebeten, sich dringend mit dem Kriminaldauerdienst, Tel.: 0621\/174-4444 direkt oder mit dem Lagezentrum des Polizeipr\u00e4sidiums Mannheim, Tel.: 0621-174-0 in Verbindung zu setzen. <\/p>\n\n\n\n<h4 class=\"wp-block-heading\">(Mannheim) &#8211; 8-j\u00e4hriger Junge f\u00e4hrt unachtsam auf die Stra\u00dfe<\/h4>\n\n\n\n<p>Am Samstag dem 14.03.2020 um 15:45 Uhr kommt es in der Odenwaldstra\u00dfe auf H\u00f6he der Wilhelm-Furtw\u00e4ngler-Stra\u00dfe zu einem Verkehrsunfall zwischen einem 8-j\u00e4hrigen Radfahrer und einer 55-j\u00e4hrigen Pkw-Fahrerin. Der Junge fuhr mit seinem Fahrrad auf dem Gehweg der Odenwaldstra\u00dfe. Auf H\u00f6he der Wilhelm-Furtw\u00e4ngler-Stra\u00dfe fuhr er unachtsam auf die Stra\u00dfe und \u00fcbersah hierbei einen Pkw. Der Junge kam mit leichteren Verletzungen zur Beobachtung in ein umliegendes Krankenhaus. Der Sachschaden bel\u00e4uft sich auf zirka 3.700 EUR. <\/p>\n\n\n\n<h4 class=\"wp-block-heading\">(Mannheim) &#8211; Beim Ausparken Fu\u00dfg\u00e4ngerin \u00fcbersehen<\/h4>\n\n\n\n<p>Am Samstag dem 14.03.2020 um 11:20 Uhr kam es auf dem Parkplatz des Tierbedarfmarktes Fressnapf im Viernheimer Weg zu einem Verkehrsunfall zwischen einer 60-j\u00e4hrigern Autofahrerin und einer 80-j\u00e4hrigen Fu\u00dfg\u00e4ngerin. Die Autofahrerin \u00fcbersah beim Ausparken die Fu\u00dfg\u00e4ngerin. Durch den Unfall erlitt die Fu\u00dfg\u00e4ngerin mehrere Prellungen und kam zur weiteren Behandlung in ein umliegendes Krankenhaus. <\/p>\n\n\n\n<h4 class=\"wp-block-heading\">(Mannheim) &#8211; Unfallflucht mit hohem Sachschaden; Zeugen gesucht<\/h4>\n\n\n\n<p>Ein bislang unbekannter Autofahrer besch\u00e4digte einen Volvo V 40, der zwischen Dienstag, den 10. M\u00e4rz, 18 Uhr und Freitag, 13. M\u00e4rz, 14 Uhr, auf dem Friedrichsplatz, vor dem Maritim-Hotel abgestellt war. Die komplette linke Fahrzeugseite war besch\u00e4digt. Nach einer ersten Einsch\u00e4tzung entstand ein Sachschaden von rund 6.000.- Euro. Aufgrund des Schadensbildes muss auch das Verursacherfahrzeug erheblich besch\u00e4digt worden sein. Hinweise nimmt das Polizeirevier Mannheim-Oststadt, Tel.: 0621\/174-3310 entgegen. <\/p>\n\n\n\n<h4 class=\"wp-block-heading\">(Mannheim) &#8211; 30-j\u00e4hriger Mann \u00fcberfallen \/ Polizei sucht Zeugen<\/h4>\n\n\n\n<div class=\"wp-block-image\"><figure class=\"aligncenter\"><img decoding=\"async\" src=\"https:\/\/speyer24news.com\/wp-content\/uploads\/2020\/02\/Zeugen-Gesucht-Neutral.jpg\" alt=\"\" class=\"wp-image-25059\"\/><\/figure><\/div>\n\n\n\n<p>Ein 30-j\u00e4hriger Mann wurde am Donnerstagabend im Stadtteil Neckarstadt von einem Unbekannten \u00fcberfallen. Der 30-J\u00e4hrige hatte kurz vor 22 Uhr die Lupinenstra\u00dfe verlassen, als er von einem Mann in englischer Sprache angesprochen wurde. Zusammen begab man sich zun\u00e4chst zu einem Spielplatz in der Itzsteinstra\u00dfe. Im Gespr\u00e4ch fragte der Unbekannte nach der Handynummer des 30-J\u00e4hrigen. Im weiteren Verlauf spr\u00fchte der Unbekannte seinem Opfer schlie\u00dflich Pfefferspray ins Gesicht und forderte die Herausgabe dessen Mobiltelefons. Zudem schlug er dem Gesch\u00e4digten mit der Faust ins Gesicht. Dem 30-J\u00e4hrigen gelang es schlie\u00dflich, bevor der T\u00e4ter das Mobiltelefon an sich nehmen konnte, in ein nahegelegenes Lokal zu fl\u00fcchten und Polizei und Rettungsdienst zu verst\u00e4ndigen. Er wurde zur Behandlung in ein Krankenhaus eingeliefert. <\/p>\n\n\n\n<p>Den T\u00e4ter konnte der Gesch\u00e4digte wie folgt beschrieben: <\/p>\n\n\n\n<ul><li>Ca. 20 Jahre alt<\/li><li>Ca. 180 cm gro\u00df<\/li><li>Afrikanische Aussehen<\/li><li>Dunkle Hautfarbe<\/li><li>Schlanke Statur<\/li><li>Kurze schwarze Haare<\/li><li>War bekleidet mit einer beigen herunterh\u00e4ngenden Hose<\/li><li>Trug ein wei\u00dfes T-Shirt und eine rot-schwarze Jacke <\/li><\/ul>\n\n\n\n<p>Eine sofort eingeleitete Fahndung nach dem fl\u00fcchtigen T\u00e4ter erbrachte bislang keinen Erfolg. <\/p>\n\n\n\n<p>Zeugen, die den Vorfall beobachtet haben und sachdienliche Hinweise zum T\u00e4ter geben k\u00f6nnen, werden gebeten, sich beim Kriminaldauerdienst der Kriminalpolizeidirektion Heidelberg, Tel.: 0621\/174-4444 zu melden. <\/p>\n\n\n\n<h4 class=\"wp-block-heading\">(Mannheim) &#8211; Scheibe an KIA eingeschlagen und Portmonee gestohlen Hinweise an die Polizei<\/h4>\n\n\n\n<p>Die Scheibe eines in der Seckenheimer Stra\u00dfe Nr. 16 abgestellten schwarzen Kia schlug am Donnerstag ein bislang unbekannter T\u00e4ter ein und entwendete aus der Mittelkonsole den Geldbeutel des Gesch\u00e4digten. In dem schwarzen Fossil-Portmonee befanden sich eine geringe Menge M\u00fcnzgeld und verschiedene Ausweispapiere. Geparkt war das Auto zwischen 17 und 21.45 Uhr. Zeugen, die Hinweise auf den T\u00e4ter geben k\u00f6nnen, werden gebeten, sich unter Tel.: 0621\/174-3310 beim Polizeirevier Mannheim-Oststadt zu melden. <\/p>\n\n\n\n<h4 class=\"wp-block-heading\">(Mannheim) &#8211; Lkw-Fahrer verursacht Verkehrsunfall und haut ab \/ Zeugen gesucht<\/h4>\n\n\n\n<p>Einen Verkehrsunfall verursachte am Donnerstagabend der unbekannte Fahrer eines Lkw-Anh\u00e4nger-Gespanns im Stadtteil Mannheim-Sandhofen. Der Unbekannte befuhr gegen 19.30 Uhr die Ausfahrt der Anschlussstelle Mannheim-Sandhofen der A 6 auf Richtung Frankenthal kommend. Im Kurvenbereich der Ausfahrt wechselte er von der rechten auf die linke Fahrspur, wodurch ein auf der linken Fahrspur befindlicher Bus weiter nach links ausweichen musste. Dieser stie\u00df dabei gegen die linke Fu\u00dfg\u00e4ngerampel an der Einm\u00fcndung zur Frankenthaler Stra\u00dfe (B 44) und besch\u00e4digte diese. Der Fahrer des Lkw-Anh\u00e4nger-Gespanns setzte seine Fahrt einfach fort, ohne sich um den Schaden zu k\u00fcmmern. Der Sachschaden l\u00e4sst sich derzeit noch nicht beziffern. <\/p>\n\n\n\n<p>Zeugen, die den Unfall beobachtet haben und sachdienliche Hinweise zum verursachenden Lkw geben k\u00f6nnen, werden gebeten, sich bei der Verkehrspolizei Mannheim, Tel.: 0621\/174-4222 zu melden. <\/p>\n\n\n\n<h4 class=\"wp-block-heading\">(Mannheim) &#8211; Skoda Octavia besch\u00e4digt \/ Verursacher entfernt sich<\/h4>\n\n\n\n<p>Einen in den P-Quadraten geparkten Skoda Octavia besch\u00e4digte am Donnerstag ein bislang unbekannter Autofahrer und entfernte sich danach unerlaubt. Der Gesch\u00e4digte stellte seinen Wagen kurz vor 7 Uhr ab und musste gegen 11 Uhr die Besch\u00e4digungen &#8211; Schaden entstand in H\u00f6he von ca. 2.500 Euro &#8211; feststellen. Er erstattete umgehend Anzeige bei der Polizei Mannheim. Die Beamten suchen nun Zeugen, die gebeten werden, sich unter Tel.: 0621\/174-3310 zu melden. <\/p>\n\n\n\n<h4 class=\"wp-block-heading\">(Mannheim \/ Heidelberg \/ Rhein-Neckar-Kreis) &#8211; Vorsicht \/ Betr\u00fcger spielen mit Corona-Angst; &#8222;Falsche Enkel&#8220; am Werk; keine Geldgesch\u00e4fte am Telefon &#8211; keine Geld\u00fcbergabe an der Haust\u00fcr!!!<\/h4>\n\n\n\n<div class=\"wp-block-image\"><figure class=\"aligncenter\"><img decoding=\"async\" src=\"https:\/\/speyer24news.com\/wp-content\/uploads\/2020\/03\/Achtung-Wichtig.png\" alt=\"\" class=\"wp-image-25906\"\/><\/figure><\/div>\n\n\n\n<p>Wie schnell Betr\u00fcger auf aktuelle gesellschaftliche Situationen reagieren und wie skrupellos sie dadurch mit \u00c4ngsten von Senioren spielen, zeigte sich bereits im Laufe des Freitages im gesamten Bereich um Mannheim, Heidelberg und den Rhein-Neckar-Kreis. <\/p>\n\n\n\n<p>Bislang unbekannte T\u00e4ter riefen bei mehreren Seniorinnen und Senioren in der Region an und gaben sich als Angeh\u00f6rige aus, die sich mit dem Corona-Virus infiziert h\u00e4tten und in einer Klinik l\u00e4gen. <\/p>\n\n\n\n<p>Um sich die teure Behandlung und sowie teure Medikamente leisten zu k\u00f6nnen, baten sie teilweise um mehrere zehntausend Euro. Ein Bekannter k\u00e4me dann vorbei, um das Geld abzuholen. <\/p>\n\n\n\n<p>Alle Angerufenen reagierten richtig, legten auf und informierten die Polizei. <\/p>\n\n\n\n<p>Da jedoch zu erwarten ist, dass sich solche Anrufe, auch von &#8222;Falschen Polizeibeamten&#8220;, in allern\u00e4chster Zeit h\u00e4ufen werden, bei der skrupellose T\u00e4ter mit der &#8222;Corona-Angst&#8220; \u00e4lterer Menschen spielen, appelliert das Polizeipr\u00e4sidium Mannheim eindringlich, folgende Hinweise zu beachten: <\/p>\n\n\n\n<ul><li>Keine Geldgesch\u00e4fte am Telefon!!!<\/li><li>Keine Geld\u00fcbergabe oder \u00dcbergabe von Wertsachen oder Schmuck an       Fremde!!!<\/li><li>Geldangelegenheiten immer mit Angeh\u00f6rigen pers\u00f6nlich besprechen.<\/li><li>Misstrauisch sein, wenn sich Anrufer am Telefon nicht selber mit Namen melden. Nicht raten, wer anruft.<\/li><li>Keine finanziellen Dinge am Telefon Preis geben.<\/li><li>Im Zweifel immer sofort den Polizeinotruf 110 w\u00e4hlen. <\/li><\/ul>\n\n\n\n<p>Weitere Tipps geben die Kriminalpolizeilichen Beratungsstellen in Mannheim, Tel.: 0621\/174-1212 und in Heidelberg, Tel.: 06221\/99-1234. <\/p>\n\n\n\n<p>Dar\u00fcber hinaus sind weitere Verhaltenshinweise auch im Internet unter <a href=\"https:\/\/www.polizei-beratung.de\/themen-und-tipps\/betrug\/enkeltrick\/\" target=\"_blank\" rel=\"noreferrer noopener\">https:\/\/www.polizei-beratung.de\/themen-und-tipps\/betrug\/enkeltrick\/<\/a> abrufbar. <\/p>\n\n\n\n<h4 class=\"wp-block-heading\">(Heidelberg-Weststadt) &#8211; Beim Einparken Gas mit Bremse verwechselt<\/h4>\n\n\n\n<p>Am Donnerstagvormittag verwechselte der Fahrer eines Mercedes beim Einparken das Gaspedal mit der Bremse &#8211; es entstand ein Sachschaden von mehr als 15.000 Euro. <\/p>\n\n\n\n<p>Ein 81-J\u00e4hriger fuhr um kurz vor 10 Uhr in der Bahnhofstra\u00dfe rechts auf den Gehweg um zu Parken. Als er dabei die Pedale verwechselte, fuhr er bei voller Beschleunigung zur\u00fcck auf die Fahrbahn und touchierte dabei leicht einen Peugeot. Kurzdarauf kollidiert der Senior mit einem Betonblumenk\u00fcbel und kam dadurch zum Stillstand. Der Fahrer wurde dabei leicht verletzt und kam zur weiteren Behandlung in ein Krankenhaus. Am Mercedes entstand Totalschaden. <\/p>\n\n\n\n<h4 class=\"wp-block-heading\">(Br\u00fchl \/ Rhein-Neckar-Kreis) &#8211; Verursacher nach Hinweis eines Zeugen rasch ermittelt<\/h4>\n\n\n\n<p>Ein 54-j\u00e4hriger Mercedes-Fahrer war am Donnerstagnachmittag gegen 15.30 Uhr in der Hildastra\u00dfe in Richtung Rohrhof gefahren, kam dabei aus bislang nicht gekl\u00e4rter Ursache von der Fahrbahn ab und touchierte gleich drei abgestellte Fahrzeuge. Trotz des Schadens k\u00fcmmerte sich der Autofahrer zun\u00e4chst nicht und entfernte sich. Dank eines aufmerksamen Zeugen, der das Geschehen beobachtet hatte, konnte der Verursacher rasch ermittelt werden. <\/p>\n\n\n\n<p>Beamte des Polizeireviers Mannheim-Neckarau konnten ihn an seiner Wohnanschrift antreffen. Sowohl an seinem Auto als auch an den geparkten Fahrzeugen entstand betr\u00e4chtlicher Schaden, den die Beamten mit rund 5.000 Euro beziffern. Er sieht nach Abschluss der Ermittlungen einer Anzeige entgegen. <\/p>\n\n\n\n<h4 class=\"wp-block-heading\">(Schwetzingen \/ Rhein-Neckar-Kreis) &#8211; Lack an zwei Autos zerkratzt; Zeugen gesucht<\/h4>\n\n\n\n<p>Am Freitagabend wurden die Lacke an zwei Fahrzeugen, einem Audi und einem BMW, die von 21-23 Uhr in einem Hof in der Friedrichstra\u00dfe zwischen Carl-Theodor-Stra\u00dfe und Marstallstra\u00dfe geparkt waren, von einem unbekannten T\u00e4ter mit einem spitzen Gegenstand zerkratzt. Der Gesamtschaden bel\u00e4uft sich nach ersten Sch\u00e4tzungen auf mehrere tausend Euro. Hinweise nimmt das Polizeirevier Schwetzingen, Tel.: 06202\/288-0 entgegen. <\/p>\n\n\n\n<h4 class=\"wp-block-heading\">(Altlussheim \/ Rhein-Neckar-Kreis) &#8211; Firmeneinbruch; Zeugen gesucht<\/h4>\n\n\n\n<p>Zwischen Montag, dem 9. M\u00e4rz und Freitag, dem 13. M\u00e4rz wurde in eine Firma in der Robert-Bosch-Stra\u00dfe eingebrochen. Auf den ersten Blick wurde ein Laptop entwendet. Ob noch weitere Gegenst\u00e4nde gestohlen wurden, steht noch nicht fest. Hinweise bitte an das Polizeirevier Hockenheim, Tel.: 06205\/2860-0. <\/p>\n\n\n\n<h4 class=\"wp-block-heading\">(Leimen \/ Rhein-Neckar-Kreis) &#8211; Unfallflucht; Zeugen gesucht<\/h4>\n\n\n\n<p>Ein bislang unbekannter Autofahrer besch\u00e4digte einen Toyota Yaris, der am Freitagnachmittag, zwischen 13.30-18.00 Uhr in der B\u00fcrgermeister-Weidemaier-Stra\u00dfe abgestellt war. Nach ersten Sch\u00e4tzungen bel\u00e4uft sich der Sachschaden auf \u00fcber 2.000.- Euro. Hinweise bitte an das Polizeirevier Wiesloch, Tel.: 06222\/5709-0. <\/p>\n\n\n\n<h4 class=\"wp-block-heading\">(Leimen-St. Ilgen \/ Rhein-Neckar-Kreis) &#8211; Unfall mit zwischen Auto und Motorradfahrer<\/h4>\n\n\n\n<p>Am Freitagnachmittag ereignete sich auf der K 4156 ein Verkehrsunfall, bei dem ein 49-j\u00e4hriger Motorradfahrer verletzt wurde. Der Gesamtschaden wird auf rund 8.000.- Euro beziffert. <\/p>\n\n\n\n<p>Ein 67-j\u00e4hriger Toyota-Fahrer bog gegen 14 Uhr vom Parkplatz des Waldfriedhofs auf die K 4156 nach links in Richtung L 598 ab und \u00fcbersah dabei den Biker, der mit seiner BMW auf der K 4156 ebenfalls in Richtung L 598 fuhr. Durch die Kollision wurde der Biker verletzt und mit einem Rettungswagen zur Untersuchung in eine Klinik gebracht. W\u00e4hrend das Auto fahrbereit blieb, musste das Motorrad abgeschleppt werden. <\/p>\n\n\n\n<h4 class=\"wp-block-heading\">(Nu\u00dfloch \/ Rhein-Neckar-Kreis) &#8211; Einbruch in Getr\u00e4nkemarkt; Zeugen gesucht<\/h4>\n\n\n\n<p>Bislang unbekannte T\u00e4ter brachen in der Nacht zum Freitag in einen Getr\u00e4nkemarkt im Westring ein und entwendeten einen Zigarettenautomaten, den sie aus der Wand rissen. Die H\u00f6he des Diebstahlschadens ist noch nicht bekannt. Nach ersten Erkenntnissen k\u00f6nnte sich die Tat am fr\u00fchen Freitagmorgen, zwischen 4 und 5 Uhr ereignet haben. Zeugen werden gebeten, sich beim Polizeirevier Wiesloch, Tel.: 06222\/5709-0 zu melden. <\/p>\n\n\n\n<h4 class=\"wp-block-heading\">(Wiesloch \/ Rhein-Neckar-Kreis) &#8211; Vor Gastst\u00e4tte zusammengeschlagen; Zeugen gesucht<\/h4>\n\n\n\n<div class=\"wp-block-image\"><figure class=\"aligncenter\"><img decoding=\"async\" src=\"https:\/\/speyer24news.com\/wp-content\/uploads\/2020\/02\/Zeugen-Gesucht-Neutral.jpg\" alt=\"\" class=\"wp-image-25059\"\/><\/figure><\/div>\n\n\n\n<p>Am fr\u00fchen Samstagmorgen wurde ein 39-j\u00e4hriger Mann in der Fu\u00dfg\u00e4ngerzone von einem noch unbekannten T\u00e4ter zusammengeschlagen und verletzt. <\/p>\n\n\n\n<p>Der 39-J\u00e4hrige hatte sich gegen 4.20 Uhr vor einer Gastst\u00e4tte in der Marktstra\u00dfe zum Rauchen aufgehalten, als eine dreik\u00f6pfige Personengruppe an ihm vorbeiging. Einer aus der Personengruppe schlug den 39-J\u00e4hrigen nieder und trat zudem noch gegen dessen Kopf. Anschlie\u00dfend fl\u00fcchtete das Trio. <\/p>\n\n\n\n<p>Bei einer sofort mit vier Streifen eingeleiteten Fahndung wurde in der Schlossstra\u00dfe ein 17-J\u00e4hriger Verd\u00e4chtiger festgenommen. Seinen beiden Begleitern gelang die Flucht. <\/p>\n\n\n\n<p>Inwiefern der Jugendliche an der Tat beteiligt war und weshalb es zu diesem Gewaltausbruch kam, ist bislang noch nicht bekannt und Gegenstand der Ermittlungen des Polizeireviers Wiesloch. <\/p>\n\n\n\n<p>Zeugen werden gebeten, sich unter Tel.: 06222\/5709-0 zu melden. <\/p>\n\n\n\n<h4 class=\"wp-block-heading\">(Wiesloch \/ Rhein-Neckar-Kreis) &#8211; Unfallflucht; Zeugen gesucht<\/h4>\n\n\n\n<p>Bereits am Donnerstagnachmittag ereignete sich an der Einm\u00fcndung Gerbersruhstra\u00dfe\/Heidelberger Stra\u00dfe ein Verkehrsunfall, bei dem der Verursacher ohne anzuhalten weiterfuhr. <\/p>\n\n\n\n<p>Die 43-j\u00e4hrige Fahrerin eines Mini war gegen 15.30 Uhr, auf der Gerbersruhstra\u00dfe unterwegs und wollte an der Einm\u00fcndung Heidelberger Stra\u00dfe nach links abbiegen. Der ihr folgende Autofahrer erkennte die abbremsende Frau zu sp\u00e4t und fuhr auf. Ohne jedoch anzuhalten, setzte der Unbekannte zur\u00fcck, fuhr rechts an der stehenden Mini-Fahrerin vorbei und bog nach rechts in Richtung Stadtmitte\/Feuerwehr ab. <\/p>\n\n\n\n<p>Die 43-J\u00e4hrige erstattete erst im Laufe des Freitagvormittages Anzeige, da sie erst zuhause einen Schaden in H\u00f6he von rund 2.000.- Euro feststellte. <\/p>\n\n\n\n<p>Hinweise zu dem unbekannten Autofahrer\/Autofahrerin liegen bislang noch nicht vor. Zum Unfallzeitpunkt war der die Unfallstelle \u00e4u\u00dferst belebt, sodass die M\u00f6glichkeit besteht, dass der Hergang von Zeugen beobachtet wurde. Hinweise bitte an das Polizeirevier Wiesloch, Tel.: 06222\/5709-0. <\/p>\n\n\n\n<h4 class=\"wp-block-heading\">(Zuzenhausen \/ Rhein-Neckar-Kreis) &#8211; Nachbarschaft Streit eskalierte<\/h4>\n\n\n\n<p>Am Samstagabend, gegen 20.30 Uhr, eskalierte ein Streit zwischen Anwohnern in Zuzenhausen. Ein 63-j\u00e4hriger besch\u00e4digte zun\u00e4chst durch Farbschmierereien eine Haust\u00fcr. Anschlie\u00dfend schoss er mit einer erlaubnisfreien Waffe auf die Haust\u00fcr an einem anderen Geb\u00e4ude. Hierbei wurde die Haust\u00fcr leicht besch\u00e4digt. Die Bewohner blieben unverletzt und verst\u00e4ndigte sofort die Polizei. Der 63-j\u00e4hrige zog sich derweil in sein Haus zur\u00fcck. Die \u00d6rtlichkeit wurde mit f\u00fcnf Streifenwagen aufgesucht. Der 63-j\u00e4hrige konnte widerstandslos festgenommen werden. Bei der anschlie\u00dfenden Durchsuchung konnten vier erlaubnisfreie Schusswaffen und die Farbspraydose aufgefunden und sichergestellt werden. Die Hintergr\u00fcnde des Streits sind noch unklar und Gegenstand der weiteren Ermittlungen. Nach Abschluss der polizeilichen Ma\u00dfnahmen konnte der Mann die Polizeiwache verlassen. <\/p>\n\n\n\n<h4 class=\"wp-block-heading\">(Sinsheim \/ Rhein-Neckar-Kreis) &#8211; Wiederholte Fahrzeugkontrollen im Stadtgebiet, in Eschelbach und Epfenbach; 152 Fahrzeuge und 178 Personen kontrolliert; 56 Rechtsverst\u00f6\u00dfe festgestellt<\/h4>\n\n\n\n<p>Binnen weniger Wochen f\u00fchrte das Polizeirevier Sinsheim am Donnerstag sowohl im Sinsheimer Stadtgebiet als auch in Eschelbach und in Epfenbach Fahrzeug- und Personenkotrollen durch. <\/p>\n\n\n\n<p>Zwischen 14-18 Uhr \u00fcberpr\u00fcften \u00fcber 30 Beamte, darunter auch Beamte der Ermittlungsgruppe &#8222;Poser&#8220; der Verkehrspolizeidirektion Mannheim, des Einsatzzuges Heidelberg und Beamte des Polizeireviers Sinsheim insgesamt 152 Fahrzeuge und 178 Personen. <\/p>\n\n\n\n<p>Ein Fahrzeug, das Manipulationen aufwies und bei dem dementsprechend die Betriebserlaubnis erloschen war, wurde aus dem Verkehr gezogen. Bu\u00dfgeldverfahren gegen die Halter und die Fahrer der Fahrzeuge wurden eingeleitet. Weitere Ermittlungen hierzu dauern noch an. <\/p>\n\n\n\n<p>Gegen zwei Personen, die unter Alkohol- und Drogeneinfluss Auto fuhren, wurden ebenfalls Ermittlungen aufgenommen. Zwei Fahrzeuginsassen hatten geringe Mengen Drogen dabei, ein Autofahrer war nicht in Besitz einer Fahrerlaubnis. Auch gegen sie wird ermittelt. <\/p>\n\n\n\n<p>Dar\u00fcber hinaus wurden 50 Personen beanstandet, die w\u00e4hrend der Fahrt nicht angeschnallt waren oder mit dem Handy telefonierten. <\/p>\n\n\n\n<p>Dass solche Kontrollen absolut notwendig sind, zeigt das Ergebnis der Kontrollaktion am Donnerstagnachmittag deutlich. Binnen vier Stunden wurde rund jeder Vierte beanstandet. Um die Sicherheit im \u00f6ffentlichen Raum und damit auch das Sicherheitsgef\u00fchl der Bev\u00f6lkerung zu st\u00e4rken, sind weitere punktuelle Kontrollen bereits in der Planung. <\/p>\n\n\n\n<h4 class=\"wp-block-heading\">(Sinsheim \/ Rhein-Neckar-Kreis) &#8211; Unter Drogeneinwirkung und ohne Fahrerlaubnis mit Auto unterwegs&#8230;<\/h4>\n\n\n\n<p>Eine Streifenwagenbesatzung des Polizeireviers Sinsheim wurde am Donnerstagnachmittag kurz vor 17 Uhr auf einen VW in der Zuzenh\u00e4user Stra\u00dfe im Sinsheimer Stadtteil Hoffenheim aufmerksam, dessen Fahrer den Beamten &#8222;bereits bekannt&#8220; war. Das Auto wurde gestoppt, wobei der Mann sofort angab, nicht im Besitze einer Fahrerlaubnis zu sein. <\/p>\n\n\n\n<p>Nachdem ein Urintest positiv verlaufen war, folgten auf der Dienststelle die Blutprobe sowie die Anzeige bei der Staatsanwaltschaft Heidelberg. Die Autoschl\u00fcssel behielten die Beamten ein. <\/p>\n\n\n\n<h4 class=\"wp-block-heading\">(Epfenbach \/ Neidenstein \/ Rhein-Neckar-Kreis) &#8211; Zwei Wildunf\u00e4lle mit hohem Sachschaden; keine Verletzte<\/h4>\n\n\n\n<p>Am Freitagabend hatte das Polizeirevier zwei Wildunf\u00e4lle auf der K 4191 aufzunehmen. Zum Gl\u00fcck blieb es in beiden F\u00e4llen bei Sachsch\u00e4den von insgesamt rund 4.000.- Euro. <\/p>\n\n\n\n<p>Kurz nach 20 Uhr hatte eine 27-j\u00e4hrige Ford-Fahrerin zwischen Reichartshausen und Epfenbach ein kreuzendes Reh erfasst. Gegen 23.45 Uhr kollidierte ein 26-j\u00e4hriger Mercedes-Fahrer zwischen Epfenbach und Neidenstein mit einem Dachs. <\/p>\n\n\n\n<p>W\u00e4hrend das Reh von seinen Leiden aus der Dienstpistole eines Beamten erl\u00f6st werden musste, wurde der Dachs durch die Kollision get\u00f6tet. Beide Autofahrer blieben unverletzt. <\/p>\n\n\n\n<h4 class=\"wp-block-heading\">(Lobbach \/ L532 \/ Rhein-Neckar-Kreis) &#8211; Frontalzusammensto\u00df zweier PKW, drei Verletzte.<\/h4>\n\n\n\n<p>Am Freitagnachmittag, gegen 16.35 Uhr, befuhr eine 52-j\u00e4hrige Fahrzeugf\u00fchrerin mit ihrem Opel Adam die L 532 in Fahrtrichtung Waldwimmersbach und wollte an der Einm\u00fcndung &#8222;Neurott&#8220; nach links abbiegen. Hierbei \u00fcbersah sie einen entgegenkommenden 18-j\u00e4hrigen BMW-Fahrer, welcher in Fahrtrichtung Lobenfeld gemeinsam mit einem 17-j\u00e4hrigen Beifahrer unterwegs war. Die Fahrzeuge stie\u00dfen im Kreuzungsbereich seitlich versetzt frontal zusammen. Der BMW wurde hierbei abgewiesen und prallte im weiteren Verlauf gegen ein Stra\u00dfenschild, sowie eine Stra\u00dfenlaterne, ehe er zum Unfallendstand kam. Durch den Verkehrsunfall wurden alle drei Beteiligten verletzt, wobei die Verursacherin aufgrund ihrer Verletzungen mit einem Rettungshubschrauber in eine Klinik geflogen werden musste. An den Fahrzeugen entstand ein Gesamtschaden von ca. 38.000 EUR. Zur Unfallaufnahme musste die Strecke zwischen Waldwimmersbach und Lobenfeld bis 19.10 Uhr komplett gesperrt werden. Der Verkehr wurde \u00f6rtlich umgeleitet, zu gr\u00f6\u00dferen Verkehrsproblemen kam es hierbei nicht. <\/p>\n\n\n\n<h4 class=\"wp-block-heading\">(Sch\u00f6nbrunn \/ Rhein-Neckar-Kreis) &#8211; Unfall im Kreuzungsbereich<\/h4>\n\n\n\n<p>Schaden von fast 10.000 Euro entstanden bei einem Verkehrsunfall am Donnerstag kurz nach 15 Uhr in der Eberbacher-\/Neunkircher Stra\u00dfe. Verursacht hatte die Kollision ein 26-j\u00e4hriger Peugeot-Fahrer, der einen ordnungsgem\u00e4\u00df fahrenden Audi-Fahrer \u00fcbersehen hatte. Beide bremsten zwar sofort, konnten aber einen Zusammensto\u00df im Kreuzungsbereich nicht mehr verhindern. <\/p>\n\n\n\n<p>Peugeot und Audi waren nicht mehr fahrbereit und wurden von Abschleppunternehmen entfernt. <\/p>\n\n\n\n<p>Verletzt wurde zum Gl\u00fcck keiner der M\u00e4nner. Der Verursacher sieht einer Anzeige entgegen. <\/p>\n\n\n\n<h4 class=\"wp-block-heading\">(Schwanheim \/ Rhein-Neckar-Kreis) &#8211; Unfall im Kreuzungsbereich; keine Verletzte<\/h4>\n\n\n\n<p>Am Freitagnachmittag kam es auf der L 590 zu einem Verkehrsunfall, bei dem es zum Gl\u00fcck beim Sachschaden blieb. <\/p>\n\n\n\n<p>Gegen 15.45 Uhr war ein 61-j\u00e4hriger Opel-Fahrer auf der L 590 (Eberbacher Stra\u00dfe) in Richtung Eberbach unterwegs, als er an der Kreuzung Hertzstra\u00dfe\/Neunkirchener Stra\u00dfe die Vorfahrt einer 50-j\u00e4hrigen Mini-Fahrerin missachtete. <\/p>\n\n\n\n<p>Durch die Kollision beider Fahrzeuge entstand ein Sachschaden von rund 5.000.- Euro. Verletzt wurde niemand. <\/p>\n\n\n\n<p>Nach rund einer Stunde hatten Beamte des Eberbacher Polizeireviers den Unfall aufgenommen und die Stra\u00dfe wieder frei gegeben. Es kam nur zu geringf\u00fcgigen Verkehrsbehinderungen. <\/p>\n\n\n\n<h4 class=\"wp-block-heading\">(Eberbach \/ Rhein-Neckar-Kreis) &#8211; Unfall unter Alkoholeinfluss; Blutentnahme und F\u00fchrerscheinbeschlagnahme<\/h4>\n\n\n\n<p>Weil er am sp\u00e4ten Freitagabend einen Unfall unter Alkoholeinfluss verursachte, wurde einem 40-j\u00e4hrigen Ford-Fahrer eine Blutprobe entnommen und sein F\u00fchrerschein beschlagnahmt. <\/p>\n\n\n\n<p>Der Mann war mit seinem Fahrzeug gegen 22 Uhr von der Friedrichsdorfer Landstra\u00dfe in die Hohenstauffenstra\u00dfe abgebogen, hatte dabei offenbar zu viel Gas gegeben und war nach links von der Fahrbahn abgekommen. Dort kollidierte er mit einem geparkten Seat. <\/p>\n\n\n\n<p>Zum Gl\u00fcck blieb es bei einem Sachschaden von rund 5.000.- Euro. <\/p>\n\n\n\n<p>Bei der Unfallaufnahme hatten die Beamten eine deutliche Alkoholbeeinflussung bei dem 40-J\u00e4hrigen festgestellt. Nach Beendigung der Ma\u00dfnahmen durfte der Mann wieder das Polizeirevier verlassen.<\/p>\n\n\n\n<h4 class=\"wp-block-heading\">(Eberbach \/ Rhein-Neckar-Kreis) &#8211; Beim Ein- oder Ausparken Seat Ateca besch\u00e4digt<\/h4>\n\n\n\n<p>Zeugen suchen die Beamten des Eberbacher Polizeireviers zu einem Vorfall, der sich am Dienstag zwischen 15 und 17 Uhr in der Uferstra\u00dfe\/H\u00f6he Hauptstra\u00dfe ereignet hat. Ein bislang unbekannter Autofahrer besch\u00e4digte beim Ein- oder Ausparken einen ordnungsgem\u00e4\u00df abgestellten, wei\u00dfen Seat Ateca und fl\u00fcchtete danach. Sachschaden entstand in H\u00f6he von ca. 1.500 Euro. Das Verursacherfahrzeug m\u00fcsste eine graue oder silberne Lackierung haben. Die Polizei ermittelt wegen Unfallflucht und nimmt unter Tel.: 06271\/92100 Hinweise entgegen. <\/p>\n\n\n\n<h4 class=\"wp-block-heading\">(Neckargem\u00fcnd \/ Rhein-Neckar-Kreis) &#8211; Mann zusammengeschlagen und verletzt; zwei Verd\u00e4chtige festgenommen; Ermittlungen dauern an<\/h4>\n\n\n\n<p>Am Freitagabend, gegen 21 Uhr, wurde am Hauptbahnhof ein 39-j\u00e4hriger Mann von einem zun\u00e4chst unbekannten T\u00e4ter niedergeschlagen und am Boden liegend getreten. Nach seiner Erstversorgung wurde er mit einem Rettungswagen in eine Klinik gebracht. <\/p>\n\n\n\n<p>Zeugen hatten die Tat beobachtet und die Polizei verst\u00e4ndigt. Im Rahmen der Fahndung wurde ein 24-j\u00e4hriger Verd\u00e4chtiger, auf den die Beschreibung zutraf, in Begleitung eines 15-J\u00e4hrigen in Tatortn\u00e4he festgenommen. W\u00e4hrend der 15-J\u00e4hrige, der Drogen einstecken hatte, wieder auf freien Fu\u00df gesetzt wurde -Ermittlungen wegen des Verdachts, gegen das Bet\u00e4ubungsmittelgesetz versto\u00dfen zu haben sind eingeleitet-, verblieb der 24-J\u00e4hrige f\u00fcr die weiteren Ermittlungen im Polizeigewahrsam. <\/p>\n","protected":false},"excerpt":{"rendered":"<div class=\"mh-excerpt\"><p>Polizeimeldungen vom Wochenende (14.03 &amp; 15.03.2020) (Speyer) &#8211; Unter Alkoholeinfluss PKW gef\u00fchrt Mit einem Strafverfahren wegen Trunkenheit im Verkehr muss ein 21-j\u00e4hriger Mann aus Speyer rechnen, der am Sonntagmorgen mit seinem PKW in das Visier <a class=\"mh-excerpt-more\" href=\"https:\/\/speyer24news.com\/?p=25902\" title=\"Polizei\">[&#8230;]<\/a><\/p>\n<\/div>","protected":false},"author":3,"featured_media":0,"comment_status":"open","ping_status":"open","sticky":false,"template":"","format":"standard","meta":{"_monsterinsights_skip_tracking":false,"_monsterinsights_sitenote_active":false,"_monsterinsights_sitenote_note":"","_monsterinsights_sitenote_category":0,"footnotes":""},"categories":[12],"tags":[3614,61,2555,6263,63,105,53,4854,4683,1548,102,213,55,5261,103,106,2803,2423,427,2625,380,62,104,979,1565],"aioseo_notices":[],"amp_enabled":true,"_links":{"self":[{"href":"https:\/\/speyer24news.com\/index.php?rest_route=\/wp\/v2\/posts\/25902"}],"collection":[{"href":"https:\/\/speyer24news.com\/index.php?rest_route=\/wp\/v2\/posts"}],"about":[{"href":"https:\/\/speyer24news.com\/index.php?rest_route=\/wp\/v2\/types\/post"}],"author":[{"embeddable":true,"href":"https:\/\/speyer24news.com\/index.php?rest_route=\/wp\/v2\/users\/3"}],"replies":[{"embeddable":true,"href":"https:\/\/speyer24news.com\/index.php?rest_route=%2Fwp%2Fv2%2Fcomments&post=25902"}],"version-history":[{"count":3,"href":"https:\/\/speyer24news.com\/index.php?rest_route=\/wp\/v2\/posts\/25902\/revisions"}],"predecessor-version":[{"id":25909,"href":"https:\/\/speyer24news.com\/index.php?rest_route=\/wp\/v2\/posts\/25902\/revisions\/25909"}],"wp:attachment":[{"href":"https:\/\/speyer24news.com\/index.php?rest_route=%2Fwp%2Fv2%2Fmedia&parent=25902"}],"wp:term":[{"taxonomy":"category","embeddable":true,"href":"https:\/\/speyer24news.com\/index.php?rest_route=%2Fwp%2Fv2%2Fcategories&post=25902"},{"taxonomy":"post_tag","embeddable":true,"href":"https:\/\/speyer24news.com\/index.php?rest_route=%2Fwp%2Fv2%2Ftags&post=25902"}],"curies":[{"name":"wp","href":"https:\/\/api.w.org\/{rel}","templated":true}]}}