{"id":25949,"date":"2020-03-22T13:17:46","date_gmt":"2020-03-22T12:17:46","guid":{"rendered":"https:\/\/speyer24news.com\/?p=25949"},"modified":"2021-01-14T08:20:41","modified_gmt":"2021-01-14T07:20:41","slug":"corona-virus-pandemie","status":"publish","type":"post","link":"https:\/\/speyer24news.com\/?p=25949","title":{"rendered":"Corona-Virus Pandemie"},"content":{"rendered":"<style type=\"text\/css\">\r\n\t.ads_top_disp{}\r\n\t.ads_top_corner_disp{ float:left; margin:0px 10px 10px 0px; }\r\n\t.ads_first_p_disp{}\r\n\t.ads_bottom_disp{}\r\n\t<\/style>\n<h2 class=\"wp-block-heading\">Aktuelle Informationen zum Coronavirus in Speyer<\/h2>\n\n\n\n<div class=\"wp-block-image\"><figure class=\"aligncenter\"><img decoding=\"async\" loading=\"lazy\" width=\"600\" height=\"277\" src=\"https:\/\/speyer24news.com\/wp-content\/uploads\/2020\/03\/Speyer-Logo-Stadt.png\" alt=\"\" class=\"wp-image-25862\" srcset=\"https:\/\/speyer24news.com\/wp-content\/uploads\/2020\/03\/Speyer-Logo-Stadt.png 600w, https:\/\/speyer24news.com\/wp-content\/uploads\/2020\/03\/Speyer-Logo-Stadt-300x139.png 300w\" sizes=\"(max-width: 600px) 100vw, 600px\" \/><\/figure><\/div>\n\n\n\n<h4 class=\"wp-block-heading\">Fallzahlen<\/h4>\n\n\n\n<ul><li>Anzahl best\u00e4tigter F\u00e4lle von Coronavirus (SARS-CoV-2)-Infektionen in der Stadt Speyer: 17<\/li><li>Personen in Quarant\u00e4ne: 29<\/li><li>Stand: 24.03.2020, 9 Uhr<\/li><\/ul>\n\n\n\n<h4 class=\"wp-block-heading\">B\u00fcrgertelefon<\/h4>\n\n\n\n<p>F\u00fcr alle nicht-medizinischen Fragen, die Ihnen unsere Homepage nicht beantwortet, stehen Ihnen die Kolleginnen und Kollegen an unserem B\u00fcrgertelefon gerne zur Verf\u00fcgung. Zu erreichen ist es unter der <strong>Tel. 0 62 32 &#8211; 14 13 12<\/strong> von Montag bis Donnerstag von 10:00 bis 12:30 Uhr und 13:30  bis 16:00 Uhr, freitags von 10:00 bis 12:30 Uhr. <\/p>\n\n\n\n<h4 class=\"wp-block-heading\">H\u00e4ufig gestellte Fragen (FAQs)<\/h4>\n\n\n\n<p>aufgrund der vielen Anfragen, die uns t\u00e4glich zum Thema Coronavirus erreichen, haben wir ein FAQ, eine Zusammenstellung von h\u00e4ufig gestellten Fragen, erstellt. Sie finden es hier: <a href=\"https:\/\/www.speyer.de\/sv_speyer\/de\/Rathaus\/Medien-Infos\/Aktuelle%20Infos\/Aktuelle%20Informationen%20zum%20Coronavirus\/FAQs%20zum%20Coronavirus\/\">FAQs zu Coronavirus<\/a><\/p>\n\n\n\n<p><em>Stadtverwaltung Speyer<br>25.03.2020<\/em><\/p>\n\n\n\n<h2 class=\"wp-block-heading\"><strong>Corona-Bek\u00e4mpfungsverordnung des Landes tritt in Kraft \u2013 Ge\u00e4nderter Ablauf im Abstrichzentrum \u2013 Fieberambulanz wird eingerichtet<\/strong><\/h2>\n\n\n\n<p><strong>Speyer &#8211; <\/strong>Am Montag, 23.02.2020, hat das Land Rheinland-Pfalz die \u201eDritte Corona-Bek\u00e4mpfungsverordnung\u201c erlassen, die einheitliche Schutzma\u00dfnahmen f\u00fcr ganz Rheinland-Pfalz festlegt, um die weiterhin rasante Ausbreitung des Coronavirus zu verlangsamen. Die Landesverordnung  wird die seitens der Stadt Speyer zuvor erlassenen Allgemeinverf\u00fcgungen ersetzen. <\/p>\n\n\n\n<p>Oberb\u00fcrgermeisterin Stefanie Seiler begr\u00fc\u00dft die zwischen Bund und L\u00e4ndern getroffene \u00dcbereinkunft: \u201eIch freue mich, dass es nun landesweit\n einheitliche Regelungen gibt. Um die Infektionskurve abzuflachen und somit unser Gesundheitssystem vor \u00dcberlastung zu sch\u00fctzen, m\u00fcssen wir alle an einem Strang ziehen. Eine klare und einheitliche Vorgehensweise kann uns dabei nur entgegen kommen\u201c. In der praktischen\n Umsetzung bringt die Landesverordnung keine wesentlichen Neuerungen mit sich, da mit den letzten Allgemeinverf\u00fcgungen bereits im Kern gleichlautende Regelungen getroffen worden waren.\n<\/p>\n\n\n\n<p>Aufgrund steigender Fallzahlen in Speyer und im Rhein-Pfalz-Kreis findet im Abstrichzentrum in der Halle 101 ab sofort keine Vorselektion\n der Patient*innen mehr statt. Das bedeutet, dass jede*r Patient*in mit entsprechender Symptomatik abgestrichen wird, unabh\u00e4ngig von einem Aufenthalt in einem Risikogebiet oder dem Kontakt zu einer nachgewiesen infizierten Person. Weiterhin unabdingbar ist\n allerdings die vorherige telefonische Kontaktaufnahme mit dem zust\u00e4ndigen Hausarzt, um einen Termin im Abstrichzentrum zu vereinbaren. Nur dadurch lassen sich vor Ort Warteschlangen vermeiden.\n<\/p>\n\n\n\n<p>Dar\u00fcber hinaus hat der Aufbau einer Corona-\/bzw. Fieberambulanz in der Sporthalle-Ost begonnen. Die Stadt Speyer, Stabsstelle Feuerwehr\n und Katastrophenschutz, hat mit Unterst\u00fctzung des Schaustellerverbandes Speyer e.V. heute bereits die n\u00f6tige Infrastruktur eingerichtet. F\u00fcr die notwendige medizinische Ausr\u00fcstung und die Organisation der Praxisabl\u00e4ufe zeichnen sich Dr. Maria Montero-Muth\n und die Kassen\u00e4rztliche Vereinigung verantwortlich. Die Fieberambulanz aufsuchen k\u00f6nnen Patient*innen, die bereits positiv auf das Coronavirus getestet wurden und ihre Erkrankung im Grunde zuhause auskurieren, die aber ein Patient-Arzt-Gespr\u00e4ch bzw. eine entsprechende\n Medikation ben\u00f6tigen. \u201eIch unterst\u00fctze die Initiative von Dr. Maria Montero-Muth sehr gerne, weil dadurch sowohl die bedarfsgerechte Versorgung der Corona-Patientinnen und -Patienten als auch der Schutz der Personen gew\u00e4hrleistet werden kann, die mit ganz\n anderen Krankheiten und Anliegen einen Hausarzt aufsuchen\u201c, betont die Oberb\u00fcrgermeisterin. &nbsp;<\/p>\n\n\n\n<p>Sobald in den kommenden Tagen der Er\u00f6ffnungstermin der Fieberambulanz feststeht, wird die Stadt Speyer entsprechend informieren. <\/p>\n\n\n\n<p><em>Stadtverwaltung Speyer<br>25.03.2020<\/em><\/p>\n\n\n\n<h2 class=\"wp-block-heading\">Arbeitgeber k\u00f6nnen Anzeigen f\u00fcr die Besch\u00e4ftigung schwerbehinderter Menschen bis zum 30. Juni 2020 erstatten. Gleiches gilt f\u00fcr die Zahlung der Ausgleichsabgabe.<\/h2>\n\n\n\n<p><strong>N\u00fcrnberg \/ Deutschland &#8211;<\/strong> Gemeinsam unterst\u00fctzen die Bundesagentur f\u00fcr Arbeit (BA) und die Integrations- und Inklusions\u00e4mter Arbeitgeber in der aktuellen Situation bei den Anzeigen zur Besch\u00e4ftigung schwerbehinderter Menschen.<\/p>\n\n\n\n<p>Die BA und die Integrations- und Inklusions\u00e4mter akzeptieren, dass Anzeigen f\u00fcr das Anzeigenjahr 2019 auch nach dem 31. M\u00e4rz 2020 bis sp\u00e4testens 30. Juni 2020 abgegeben werden. Gleiches gilt f\u00fcr die Zahlung der Ausgleichsabgabe.<\/p>\n\n\n\n<p>Das bedeutet, dass die BA bis zu diesem Zeitpunkt keine Ordnungswidrigkeitsverfahren wegen einer versp\u00e4teten Abgabe einleiten wird und die Integrations- und Inklusions\u00e4mter f\u00fcr die Zeit vom 1. April bis zum 30. Juni 2020 keine S\u00e4umniszuschl\u00e4ge erheben werden.<br>Die F\u00f6rderung der Besch\u00e4ftigung von schwerbehinderten und gleichgestellten Menschen wird dadurch nicht beeintr\u00e4chtigt werden.<\/p>\n\n\n\n<p>Arbeitgeber mit durchschnittlich mindestens 20 Arbeitspl\u00e4tzen sind gesetzlich verpflichtet, auf mindestens f\u00fcnf Prozent der Arbeitspl\u00e4tze schwerbehinderte Menschen zu besch\u00e4ftigen. Zur \u00dcberpr\u00fcfung der Besch\u00e4ftigungspflicht haben diese Arbeitgeber ihre Besch\u00e4ftigungsdaten bis 31. M\u00e4rz 2020 der Agentur f\u00fcr Arbeit anzuzeigen. Sofern die Besch\u00e4ftigungsquote nicht erf\u00fcllt ist, m\u00fcssen Arbeitgeber gleichzeitig eine Ausgleichsabgabe an die Integrations-\/Inklusions\u00e4mter zahlen.<\/p>\n\n\n\n<p>Aktuell sind Arbeitgeber aufgrund der Pandemie Sars-CoV-2 mit einer Vielzahl unterschiedlicher Probleme besch\u00e4ftigt, z. B. Schlie\u00dfungen von Einrichtungen\/Gesch\u00e4ften, Unterbrechung von Lieferketten, Mitarbeitende im Homeoffice. Diese Widrigkeiten erschweren auch die fristgerechte Erstattung der Anzeige und Zahlung der Ausgleichsabgabe nach dem SGB IX.<\/p>\n\n\n\n<p>Aufgrund der aktuellen Situation in Folge der Sars-CoV-2 Pandemie wird seitens der BA und der Integrations-\/ Inklusions\u00e4mter akzeptiert, dass Anzeigen f\u00fcr das Anzeigejahr 2019 auch nach dem 31. M\u00e4rz 2020 bis sp\u00e4testens 30. Juni 2020 erstattet werden. Gleiches gilt f\u00fcr die Zahlung der Ausgleichsabgabe. Bei einer Anzeigeerstattung bis sp\u00e4testens 30. Juni 2020 wird das Vers\u00e4umen der Anzeigepflicht zum 31. M\u00e4rz 2020 f\u00fcr das Anzeigejahr 2019 nicht als Ordnungswidrigkeit verfolgt. Ebenfalls werden von den Integrations-\/ Inklusions\u00e4mtern bei Erstattung der Anzeige f\u00fcr das Anzeigejahr 2019 bis sp\u00e4testens 30. Juni 2020 keine S\u00e4umniszuschl\u00e4ge erhoben. Die F\u00f6rderung der Besch\u00e4ftigung von Menschen mit Behinderungen wird dadurch nicht beeintr\u00e4chtigt werden.<\/p>\n\n\n\n<p><em>Bundesagentur f\u00fcr Arbeit<br>25.03.2020<\/em><\/p>\n\n\n\n<h2 class=\"wp-block-heading\">Coronavirus-Bek\u00e4mpfung: Hochschulen stellen auf minimalen Betrieb um<\/h2>\n\n\n\n<p><strong>Rheinland-Pfalz &#8211; <\/strong>Ausgehend von der Vereinbarung der Bundesregierung und der Landeschefinnen und -chefs \u00fcber die weitere Vorgehensweise bei der Corona-Bek\u00e4mpfung sind die \u00f6ffentlichen Hochschulen in Rheinland-Pfalz in einen Grundbetrieb  \u00fcbergegangen. Systemerhaltende Bereiche sowie Online-Angebote f\u00fcr die Lehre werden weiterhin aufrechterhalten und weiterentwickelt. <\/p>\n\n\n\n<p>So beschlossen die Hochschulen in Abstimmung mit dem Wissenschaftsministerium, die Standorte weitgehend f\u00fcr den Publikumsverkehr zu schlie\u00dfen. Nahezu alle in zentraler und dezentraler Bewirtschaftung stehenden\n Geb\u00e4ude sind nur Berechtigten zug\u00e4nglich. Die Besch\u00e4ftigten sollen so weit wie m\u00f6glich ihrer Arbeit im Homeoffice nachgehen. Die Beratung f\u00fcr die Studierenden und die Mitarbeiter findet bereits telefonisch oder online statt und wird fortgesetzt. Dringend notwendige\n Infrastrukturen wie Rechenzentren, bestimmte Labore und Forschungsanlagen bleiben funktionsf\u00e4hig. Die entsprechenden Regelungen sollen bis auf Weiteres gelten.<\/p>\n\n\n\n<p>Weitere Informationen zur Umsetzung vor Ort finden sich auf den entsprechenden Corona-Informationsseiten der jeweiligen Hochschulen.<\/p>\n\n\n\n<p><em>Ministerium f\u00fcr Wissenschaft, Weiterbildung und Kultur Rheinland-Pfalz<br>25.03.2020<\/em><\/p>\n\n\n\n<h2 class=\"wp-block-heading\"><strong>Corona: Ludwigshafen trifft Vorbereitungen f\u00fcr Behelfskrankenh\u00e4user \u2013 Stadtverwaltung bittet um Hilfe von \u00c4rztinnen, \u00c4rzten und Pfleger*innen<\/strong><\/h2>\n\n\n\n<div class=\"wp-block-image\"><figure class=\"aligncenter\"><img decoding=\"async\" loading=\"lazy\" width=\"800\" height=\"153\" src=\"https:\/\/speyer24news.com\/wp-content\/uploads\/2020\/03\/LU.png\" alt=\"\" class=\"wp-image-25754\" srcset=\"https:\/\/speyer24news.com\/wp-content\/uploads\/2020\/03\/LU.png 800w, https:\/\/speyer24news.com\/wp-content\/uploads\/2020\/03\/LU-300x57.png 300w, https:\/\/speyer24news.com\/wp-content\/uploads\/2020\/03\/LU-768x147.png 768w\" sizes=\"(max-width: 800px) 100vw, 800px\" \/><\/figure><\/div>\n\n\n\n<p><strong>Ludwigshafen &#8211; <\/strong>F\u00fcr den Fall dass die Fieberambulanz und die Krankenh\u00e4user die steigende Zahl der Covid-19-Patient*innen nicht versorgen k\u00f6nnen, bereitet sich die Stadt Ludwigshafen auf die Errichtung von Behelfskrankenh\u00e4usern vor.<\/p>\n\n\n\n<p>Es ist wichtig, der\nweiteren Ausbreitung des Coronavirus immer einen Schritt voraus zu sein.\n&#8222;Wir bereiten uns auf solch ein Szenario vor, hoffen aber, dass es\nletztlich nicht eintritt. Gleichwohl rufe ich alle Personen, die eine\nmedizinische Ausbildung haben und sich in der Lage sehen, helfen zu k\u00f6nnen,\ndazu auf, die geplanten Einrichtungen zu unterst\u00fctzen&#8220;, so\nSozialdezernentin Beate Steeg.<\/p>\n\n\n\n<p>Um \u00fcber ausreichend\nPersonal zu verf\u00fcgen, wird die Unterst\u00fctzung durch \u00c4rztinnen, \u00c4rzte,\nKrankenschwestern, Pflegerinnen und Pfleger oder Menschen mit einer Ausbildung\nim Rettungsdienst ben\u00f6tigt.<\/p>\n\n\n\n<p>Wer zu diesem\nPersonenkreis z\u00e4hlt und sich k\u00f6rperlich in der Lage sieht unterst\u00fctzen zu\nk\u00f6nnen, wird dringend gebeten sich unverz\u00fcglich mit der Stadtverwaltung\nLudwigshafen in Verbindung zu setzen.<\/p>\n\n\n\n<p>Die Meldung kann telefonisch erfolgen, entweder telefonisch unter der Rufnummer 0621 504 6000 oder per E-Mail an die Adresse <a href=\"helfer.corona@ludwigshafen.de\">helfer.corona@ludwigshafen.de<\/a>. Wichtig sind Angaben zu Erreichbarkeit, Ausbildung und Verf\u00fcgbarkeit. Die Koordinierungsstelle wird sich mit den Freiwilligen direkt in Verbindung setzen.<\/p>\n\n\n\n<h3 class=\"wp-block-heading\"><strong>Europaflagge als Zeichen der Solidarit\u00e4t und Mitgef\u00fchls<\/strong><\/h3>\n\n\n\n<p>Am Ludwigshafener Rathaus weht seit Montagdie Europa-Flagge. &#8222;Wir wollen ein Zeichen der Solidarit\u00e4t und des Mitgef\u00fchls setzen. In dieser Zeit, in der jedes Land und jede Kommune gegen das Coronavirus k\u00e4mpft, m\u00fcssen wir noch st\u00e4rker zusammenhalten. Mit unseren Gedanken sind wir bei unseren Freunden in Italien und Frankreich und \u00fcberall in Europa und auf der Welt, wo Menschen leiden, aber auch helfen, wo menschliche Trag\u00f6dien geschehen, aber auch das Licht der Solidarit\u00e4t leuchtet&#8220;, erkl\u00e4rt Oberb\u00fcrgermeisterin Jutta Steinruck.<\/p>\n\n\n\n<p>Die OB dankt allen Menschen, die sich an die Regelungen der Beh\u00f6rden halten, die Sozialkontakte meiden, Abstand halten und mit Vernunft, Verantwortungsbewusstsein, Disziplin und Solidarit\u00e4t den Herausforderungen begegnen. &#8222;Ich danke ganz herzlich den vielen Menschen, die tagt\u00e4glich daf\u00fcr sorgen, dass unser Gemeinwesen auch in diesen Tagen funktioniert. Mitarbeiter*innen in Superm\u00e4rkten und Gesundheitszentren, in der Pflege oder in der Logistik, meinen Mitarbeiter*innen der Stadtverwaltung, Feuerwehren und Polizei, um nur einige Beispiele zu nennen. Ich danke unseren B\u00fcrger*innen f\u00fcr Ihr Verst\u00e4ndnis und ihre Solidarit\u00e4t. Bitte bleiben Sie daheim und bleiben Sie gesund&#8220;, so der Appell der OB.<\/p>\n\n\n\n<p><em>Stadt Ludwigshafen am Rhein<br>25.03.2020<\/em><\/p>\n\n\n\n<h2 class=\"wp-block-heading\">Gesetzgeber plant befristete Neuregelungen zu Verm\u00f6gensanrechnung und befristete Anerkennung der tats\u00e4chlichen Unterkunftskosten<\/h2>\n\n\n\n<h3 class=\"wp-block-heading\">Der Gesetzgeber plant f\u00fcr alle Neuantr\u00e4ge vor\u00fcbergehend einen erleichterten Zugang zur Grundsicherung. Derzeit l\u00e4uft das gesetzgeberische Verfahren.<\/h3>\n\n\n\n<div class=\"wp-block-image\"><figure class=\"aligncenter\"><img decoding=\"async\" src=\"https:\/\/speyer24news.com\/wp-content\/uploads\/2020\/03\/Agentur-f\u00fcr-Arbeit.png\" alt=\"\" class=\"wp-image-25646\"\/><\/figure><\/div>\n\n\n\n<h4 class=\"wp-block-heading\">Sonderseite der Bundesagentur f\u00fcr Arbeit mit allen wichtigen Informationen<\/h4>\n\n\n\n<p><strong>N\u00fcrnberg \/ Deutschland &#8211; <\/strong>Auf der Internetseite der Bundesagentur f\u00fcr Arbeit (BA) informieren wir Sie aktuell \u00fcber die neuen Regelungen. Unter <a href=\"https:\/\/deref-web-02.de\/mail\/client\/ji2Qf3L0eaU\/dereferrer\/?redirectUrl=http%3A%2F%2Fwww.arbeitsagentur.de%2Fcorona-grundsicherung\" target=\"_blank\" rel=\"noreferrer noopener\">www.arbeitsagentur.de\/corona-grundsicherung<\/a> finden Sie auch alle weiteren Informationen zur Grundsicherung und Sie k\u00f6nnen die erforderlichen Antr\u00e4ge abrufen. <br>In den kommenden Tagen wird au\u00dferdem f\u00fcr alle Fragen eine Sonder-Hotline f\u00fcr Selbstst\u00e4ndige, Freiberufler und andere Betroffene geschaltet. Die Nummer finden Sie dann ebenfalls auf unserer Internetseite.<\/p>\n\n\n\n<h4 class=\"wp-block-heading\">Gesetzgeber plant vor\u00fcbergehend einfacheres Verfahren<\/h4>\n\n\n\n<p>Der Gesetzgeber plant, das Antragsverfahren befristet zu vereinfachen. Die neuen Regeln sollen voraussichtlich in den n\u00e4chsten Wochen in Kraft treten. <br>Nach aktuellem, vorl\u00e4ufigen Stand des Gesetzgebungsverfahrens, soll f\u00fcr einen Zeitraum von sechs Monaten unter anderem in der Regel darauf verzichtet werden, das vorhandene Verm\u00f6gen zu pr\u00fcfen. Auch die Pr\u00fcfung, ob die Miete angemessen ist, soll ausgesetzt werden. Kundinnen und Kunden genie\u00dfen f\u00fcr diesen Zeitraum den Schutz ihrer bisherigen Wohnung.<\/p>\n\n\n\n<h4 class=\"wp-block-heading\">Wer hat einen Anspruch auf Grundsicherung<\/h4>\n\n\n\n<p>Leistungsanspruch haben alle Personen, die ihren Lebensunterhalt aus eigenen Mitteln nicht oder nicht vollst\u00e4ndig sichern k\u00f6nnen. Der Leistungsanspruch setzt sich aus der Regelleistung und zus\u00e4tzlich den Kosten f\u00fcr die Unterkunft und Heizung zusammen. Alleinstehende erhalten derzeit 432 Euro Regelsatz im Monat. Der Betrag, den Sie erhalten k\u00f6nnen variiert, je nachdem, ob und wie viele Menschen zus\u00e4tzlich im Haushalt leben und wie deren Einkommenssituation ist.<br>Die Jobcenter sichern den pers\u00f6nlichen Lebensunterhalt. Anfallende Betriebskosten \u2013 etwa Mietkosten f\u00fcr B\u00fcros oder Geh\u00e4lter von Besch\u00e4ftigten \u2013 d\u00fcrfen von den Jobcentern nicht \u00fcbernommen werden. Daf\u00fcr kann es aber Kredite oder Zusch\u00fcsse geben. Informationen hierzu finden Sie unter anderem auf den Seiten des Bundeswirtschaftsministeriums und des Bundesfinanzministeriums. <br>Insofern Selbstst\u00e4ndige einen oder mehrere Arbeitnehmer sozialversicherungspflichtig besch\u00e4ftigen, kann f\u00fcr diese Besch\u00e4ftigten Kurzarbeitergeld beantragt werden. Informationen dazu gibt es unter <a href=\"https:\/\/deref-web-02.de\/mail\/client\/Mb_p5DS3OPg\/dereferrer\/?redirectUrl=http%3A%2F%2Fwww.arbeitsagentur.de%2Fkurzarbeit\" target=\"_blank\" rel=\"noreferrer noopener\">www.arbeitsagentur.de\/kurzarbeit<\/a>.<\/p>\n\n\n\n<p><em>Bundesagentur f\u00fcr Arbeit<br>25.03.2020<\/em><\/p>\n\n\n\n<h2 class=\"wp-block-heading\"><strong>Papst ruft auf zu Gebet gegen Corona<\/strong><\/h2>\n\n\n\n<h3 class=\"wp-block-heading\"><strong>Papst Franziskus ruft zu einem Sturmgebet gegen das Corona-Virus auf &#8211; Sondersegen &#8222;Urbi et orbi&#8220; f\u00fcr Freitag angek\u00fcndigt<\/strong><\/h3>\n\n\n\n<figure class=\"wp-block-image\"><img decoding=\"async\" loading=\"lazy\" width=\"800\" height=\"655\" src=\"https:\/\/speyer24news.com\/wp-content\/uploads\/2020\/03\/Papst-Franziskus.jpg\" alt=\"\" class=\"wp-image-26070\" srcset=\"https:\/\/speyer24news.com\/wp-content\/uploads\/2020\/03\/Papst-Franziskus.jpg 800w, https:\/\/speyer24news.com\/wp-content\/uploads\/2020\/03\/Papst-Franziskus-300x246.jpg 300w, https:\/\/speyer24news.com\/wp-content\/uploads\/2020\/03\/Papst-Franziskus-768x629.jpg 768w\" sizes=\"(max-width: 800px) 100vw, 800px\" \/><figcaption>Papst Franziskus  l\u00e4dt alle ein, am Mittwoch, dem 25. M\u00e4rz, mittags das Vaterunser zu beten<\/figcaption><\/figure>\n\n\n\n<p><strong>Rom (Italien) \/ Weltweit &#8211; <\/strong>Papst Franziskus ruft alle Christen weltweit f\u00fcr n\u00e4chsten Mittwoch zu einem Sturmgebet gegen das Corona-Virus auf. Um 12 Uhr sollten sie einen Moment innehalten und ein Vaterunser beten, schlug er bei seinem Angelusgebet am Sonntag vor.<\/p>\n\n\n\n<p>Au\u00dferdem k\u00fcndigte der Papst, dessen Worte aus der Privatbibliothek des Apostolischen Palastes im Live-Stream nach drau\u00dfen \u00fcbertragen wurden, einen Gebetsgottesdienst gegen das Corona-Virus an. Dabei will er am kommenden Freitagabend auch einen speziellen Segen \u201eUrbi et Orbi\u201c erteilen.<\/p>\n\n\n\n<p>\u201eIn diesen Tagen der Pr\u00fcfung, w\u00e4hrend die Menschheit vor der Bedrohung durch die Pandemie zittert, m\u00f6chte ich allen Christen vorschlagen, gemeinsam ihre Stimme zum Himmel zu erheben\u201c, so Franziskus. \u201eIch lade alle Oberh\u00e4upter der Kirchen und die F\u00fchrer aller christlichen Gemeinschaften sowie alle Christen der verschiedenen Konfessionen ein, den Allerh\u00f6chsten, den allm\u00e4chtigen Gott anzurufen und gleichzeitig das Gebet zu sprechen, das Jesus, unser Herr, uns gelehrt hat.\u201c<\/p>\n\n\n\n<p>Darum lade er alle ein, am Mittwoch, dem 25. M\u00e4rz, mittags das Vaterunser zu beten. \u201eAn dem Tag, an dem viele Christen der Verk\u00fcndigung der Geburt Jesu an die Jungfrau Maria gedenken, m\u00f6ge der Herr das einm\u00fctige Gebet aller seiner J\u00fcnger h\u00f6ren.\u201c<\/p>\n\n\n\n<p><em>Bistum Speyer<br>25.03.2020<\/em><\/p>\n\n\n\n<h2 class=\"wp-block-heading\"><strong>Stadt Landau: <\/strong>Aktuelle Meldungen <strong> \u2013 Stand: 24. M\u00e4rz 2020, 12 Uhr<\/strong><\/h2>\n\n\n\n<h3 class=\"wp-block-heading\">Neue landesweite Corona-Bek\u00e4mpfungsverordnung: Betreten von Parks und Gr\u00fcnanlagen in Landau unter Beachtung bekannter Sicherheitsvorkehrungen wieder erlaubt <\/h3>\n\n\n\n<div class=\"wp-block-image\"><figure class=\"aligncenter\"><img decoding=\"async\" loading=\"lazy\" width=\"800\" height=\"533\" src=\"https:\/\/speyer24news.com\/wp-content\/uploads\/2020\/03\/Info-24-03-2020-12-Uhr_Parks.jpg\" alt=\"\" class=\"wp-image-26067\" srcset=\"https:\/\/speyer24news.com\/wp-content\/uploads\/2020\/03\/Info-24-03-2020-12-Uhr_Parks.jpg 800w, https:\/\/speyer24news.com\/wp-content\/uploads\/2020\/03\/Info-24-03-2020-12-Uhr_Parks-300x200.jpg 300w, https:\/\/speyer24news.com\/wp-content\/uploads\/2020\/03\/Info-24-03-2020-12-Uhr_Parks-768x512.jpg 768w\" sizes=\"(max-width: 800px) 100vw, 800px\" \/><figcaption>Gegen Lagerkoller: Ein Ausflug in die st\u00e4dtischen Parks und Gr\u00fcnanlagen tut gut \u2013 ist aktuell aber nur unter bestimmten Auflagen erlaubt.<em> (Quelle: Stadt Landau) <\/em><\/figcaption><\/figure><\/div>\n\n\n\n<p>Seit Dienstag, 24. M\u00e4rz, gilt in Rheinland-Pfalz eine neue\nVerordnung im Kampf gegen das Corona-Virus. Zwischen der neuen landesweiten\nCorona-Bek\u00e4mpfungsverordnung und der bisherigen Allgemeinverf\u00fcgung der Stadt\nLandau bestehen nur kleinere Unterschiede in den Details. Der wichtigste: Parks\nund Gr\u00fcnanlagen, deren Betreten bislang generell verboten war, sind nun wieder\noffen \u2013 allerdings nur unter den bekannten Vorgaben. Der Aufenthalt im\n\u00f6ffentlichen Raum ist demnach nur alleine, mit einer weiteren Person oder mit\nden Personen, die im eigenen Haushalt leben, gestattet. Zu anderen Personen ist\nin der \u00d6ffentlichkeit ein Mindestabstand von 1,50 Meter einzuhalten. <\/p>\n\n\n\n<p>Weitere Informationen rund um das Corona-Virus und die damit zusammenh\u00e4ngenden Verbote in der Stadt Landau finden sich auf <a href=\"http:\/\/www.landau.de\">www.landau.de<\/a> direkt auf der Startseite<\/p>\n\n\n\n<h3 class=\"wp-block-heading\">#supportyourlocals: Stadt Landau erstellt \u00dcbersicht von Unternehmen mit Abhol- und Lieferdiensten<\/h3>\n\n\n\n<div class=\"wp-block-image\"><figure class=\"aligncenter\"><img decoding=\"async\" loading=\"lazy\" width=\"500\" height=\"750\" src=\"https:\/\/speyer24news.com\/wp-content\/uploads\/2020\/03\/Info-24-03-2020-12-Uhr_Heimatshoppen.jpg\" alt=\"\" class=\"wp-image-26068\" srcset=\"https:\/\/speyer24news.com\/wp-content\/uploads\/2020\/03\/Info-24-03-2020-12-Uhr_Heimatshoppen.jpg 500w, https:\/\/speyer24news.com\/wp-content\/uploads\/2020\/03\/Info-24-03-2020-12-Uhr_Heimatshoppen-200x300.jpg 200w\" sizes=\"(max-width: 500px) 100vw, 500px\" \/><figcaption> \u201eHeimatshoppen\u201c in Landau geht auch weiterhin \u2013 nur vor\u00fcbergehend eben online oder per Abhol- bzw. Lieferdienst.<em> (Quelle: Stadt Landau)<\/em><\/figcaption><\/figure><\/div>\n\n\n\n<p>Zur Unterst\u00fctzung des lokalen Einzelhandels und der Gastronomie: Die bundesweit geltenden Ma\u00dfnahmen zur Eind\u00e4mmung der Ausbreitung des Corona-Virus stellen auch Landauer Unternehmen vor gro\u00dfe wirtschaftliche Herausforderungen. Viele Betriebe haben reagiert und bieten jetzt Liefer- und Abholservices an oder haben ihren eigenen Onlineshop er\u00f6ffnet. Die st\u00e4dtische Wirtschaftsf\u00f6rderung arbeitet derzeit an einer umfassenden Zusammenstellung der Landauer Angebote und hat daf\u00fcr rund 1000 Unternehmen per E-Mail angeschrieben. Die \u00dcbersicht wird in K\u00fcrze auf der st\u00e4dtischen Internetseite unter <a href=\"http:\/\/www.landau.de\/lieferservice\">www.landau.de\/lieferservice<\/a> zu finden sein. <\/p>\n\n\n\n<p>Oberb\u00fcrgermeister Thomas Hirsch betont, wie wichtig es sei,\ndie Angebote der lokalen Unternehmen zu nutzen und ruft die Landauerinnen und\nLandauer dazu auf, gerade in dieser schwierigen Zeit zusammenzuhalten. \u201eWir\nalle m\u00f6chten k\u00fcnftig wieder durch unsere attraktive Innenstadt bummeln, einen\nKaffee auf dem Rathausplatz oder das Essen in unseren Restaurants genie\u00dfen. Aus\ndiesem Grund bitte ich Sie darum, unsere Unternehmen so gut es geht zu\nunterst\u00fctzen und dabei zu helfen, die wirtschaftlichen Folgen der Krise etwas\nabzumildern.\u201c<\/p>\n\n\n\n<p>Landauer Unternehmen, die Abhol- und Lieferdienste anbieten oder einen Onlineshop haben und bislang nicht von der Wirtschaftsf\u00f6rderung angeschrieben wurden, werden gebeten, sich per E-Mail bei <a href=\"kristina.bollinger@landau.de\">kristina.bollinger@landau.de<\/a> zu melden.<\/p>\n\n\n\n<h3 class=\"wp-block-heading\">Aufgrund der Corona-Krise: Stadt Landau sagt Kindertag 2020 ab<\/h3>\n\n\n\n<div class=\"wp-block-image\"><figure class=\"aligncenter\"><img decoding=\"async\" loading=\"lazy\" width=\"800\" height=\"533\" src=\"https:\/\/speyer24news.com\/wp-content\/uploads\/2020\/03\/Info-24-03-2020-12-Uhr_Kindertag.jpg\" alt=\"\" class=\"wp-image-26069\" srcset=\"https:\/\/speyer24news.com\/wp-content\/uploads\/2020\/03\/Info-24-03-2020-12-Uhr_Kindertag.jpg 800w, https:\/\/speyer24news.com\/wp-content\/uploads\/2020\/03\/Info-24-03-2020-12-Uhr_Kindertag-300x200.jpg 300w, https:\/\/speyer24news.com\/wp-content\/uploads\/2020\/03\/Info-24-03-2020-12-Uhr_Kindertag-768x512.jpg 768w\" sizes=\"(max-width: 800px) 100vw, 800px\" \/><figcaption>\u201eMehr Zeit f\u00fcr Kinder\u201c: Der Landauer Kindertag lockt jedes Jahr zahlreiche Familien in die Innenstadt \u2013 zu gef\u00e4hrlich in der aktuellen Situation.<em> &nbsp;(Quelle: Stadt Landau)<\/em><\/figcaption><\/figure><\/div>\n\n\n\n<p>Die Stadt Landau hat angesichts der aktuellen, dramatischen Lage rund um die Ausbreitung des Corona-Virus entschieden, den diesj\u00e4hrigen Kindertag abzusagen. Der 28. Landauer Kindertag h\u00e4tte am Samstag, 6. Juni, in der Innenstadt stattfinden sollen.<\/p>\n\n\n\n<p><em>Stadtverwaltung Landau in der Pfalz<br>25.03.2020<\/em><\/p>\n\n\n\n<h2 class=\"wp-block-heading\"><strong>Nach Inkrafttreten von\nneuer landesweiter Corona-Bek\u00e4mpfungsverordnung: OB und Landr\u00e4te in Landau, S\u00dcW\nund Germersheim begr\u00fc\u00dfen einheitliche Regelungen <\/strong><\/h2>\n\n\n\n<p><strong>LK S\u00dcW &amp; GER \/ Stadt Landau &#8211; <\/strong>Seit Dienstag, 24. M\u00e4rz, gilt in Rheinland-Pfalz eine neue Verordnung im Kampf gegen das Corona-Virus. Oberb\u00fcrgermeister Thomas Hirsch, Landrat Dietmar Seefeldt und Landrat Dr. Fritz Brechtel begr\u00fc\u00dfen, dass damit landesweit einheitliche Regelungen in Kraft getreten sind, die in etwa denen entsprechen, die in der Stadt Landau, im Landkreis S\u00fcdliche Weinstra\u00dfe und im Landkreis Germersheim bereits seit mehreren Tagen gelten. Der OB und die beiden Landr\u00e4te teilen mit, dass die drei Gebietsk\u00f6rperschaften ihre eigenen Verf\u00fcgungen aus diesem Grund nun zur\u00fcckziehen. <\/p>\n\n\n\n<p>\u201eWir sind froh \u00fcber die neuen einheitlichen Regelungen, die dem\nSchutzniveau entsprechen, das wir mit unseren Verf\u00fcgungen im Interesse der\nMenschen in unserer Region bereits einige Tage zuvor erreicht hatten\u201c, sind\nsich Hirsch, Seefeldt und Dr. Brechtel einig. Die drei Verwaltungschefs betonen\naber auch, dass es richtig und wichtig gewesen sei, in der S\u00fcdpfalz bereits\nfr\u00fch deutliche Verbote im Kampf gegen das Corona-Virus auszusprechen. \u201eDie\nGefahr, die von dem Virus ausgeht, ist f\u00fcr viele Menschen noch immer unwirklich\nund schwer zu fassen. Im benachbarten Frankreich allerdings sind die\nAuswirkungen bereits traurige Realit\u00e4t. Wir versuchen in der S\u00fcdpfalz daher\nalles, um bestm\u00f6glich auf eine Ausbreitung der Infektionslage und einen\nschnellen Anstieg von Erkrankten vorbereitet zu sein\u201c, so der OB und die beiden\nLandr\u00e4te. <\/p>\n\n\n\n<p>Zwischen der neuen landesweiten Corona-Bek\u00e4mpfungsverordnung und\nden bisherigen Allgemeinverf\u00fcgungen in Landau, S\u00dcW und Germersheim gibt es nur\nkleinere Unterschiede in den Details. Wichtigste Faustregel bleibt aber: Der Aufenthalt\nim \u00f6ffentlichen Raum ist nur alleine, mit einer weiteren Person oder mit den\nPersonen, die im eigenen Haushalt leben, gestattet.<\/p>\n\n\n\n<p>Weitere Informationen rund um das Corona-Virus und die damit zusammenh\u00e4ngenden Verbote finden sich auch auf <a href=\"http:\/\/www.landau.de\">www.landau.de<\/a>, <a href=\"http:\/\/www.suedliche-weinstrasse.de\">www.suedliche-weinstrasse.de<\/a> bzw. <a href=\"http:\/\/www.kreis-germersheim.de\">www.kreis-germersheim.de<\/a> direkt auf den jeweiligen Startseiten.<\/p>\n\n\n\n<p><em>Gemeinsame Pressemitteilung der Landkreise Germersheim und S\u00fcdliche Weinstra\u00dfe und der Stadt Landau in der Pfalz<br>25.03.2020<\/em><\/p>\n\n\n\n<h2 class=\"wp-block-heading\"><strong>Neue\n\u00d6ffnungszeiten ab Dienstag im Testzentrum f\u00fcr begr\u00fcndete Corona-Verdachtsf\u00e4lle\nder Stadt Landau sowie der Landkreise Germersheim und S\u00fcdliche Weinstra\u00dfe <\/strong><\/h2>\n\n\n\n<p><strong>Landau &#8211; <\/strong>Der Ansturm auf das gemeinsame Corona-Testzentrum in Landau war auch am Montag weiterhin sehr gro\u00df. Daher werden die \u00d6ffnungszeiten ab Dienstag, 24. M\u00e4rz, erweitert. Die Station \u00f6ffnet in dieser Woche zu folgenden Zeiten:<\/p>\n\n\n\n<ul><li>Dienstag, 24. M\u00e4rz, 12 bis 19 Uhr<\/li><li>Mittwoch, 25. M\u00e4rz, 10 bis 19 Uhr<\/li><li>Donnerstag, 26. M\u00e4rz, 10 bis 19 Uhr<\/li><\/ul>\n\n\n\n<p>Die Stadt Landau sowie\ndie Landkreise Germersheim und S\u00fcdliche Weinstra\u00dfe haben auf dem\nAlfred-Nobel-Platz in Landau ein gemeinsames Testzentrum eingerichtet, in dem\nsich Personen mit dem begr\u00fcndeten Verdacht auf eine Infektion mit dem\nCorona-Virus, testen lassen k\u00f6nnen. Es ist ein wichtiger Baustein, um die\nniedergelassenen \u00c4rztinnen und \u00c4rzte sowie die Kliniken zu entlasten und damit\ndie Infrastruktur in der S\u00fcdpfalz zu sichern. \u201eDie Station wurde m\u00f6glich durch\ndie enge Zusammenarbeit aller Beteiligten und durch die professionelle\nUnterst\u00fctzung der Katastrophenst\u00e4be, der Gesundheits\u00e4mter, der\nHilfsorganisationen, der Krankenh\u00e4user und der \u00c4rzteschaft in der Region &#8211; und\njetzt auch durch Unterst\u00fctzung der Bundeswehr \u2013 daf\u00fcr unser herzliches\nDankesch\u00f6n\u201c, so die Landr\u00e4te Dr. Fritz Brechtel (GER) und Dietmar Seefeldt\n(S\u00dcW) sowie Oberb\u00fcrgermeister Thomas Hirsch (LD). <\/p>\n\n\n\n<p>Wer sich im neuen\nDiagnosezentrum testen lassen will, ben\u00f6tigt daf\u00fcr zwingend eine sogenannte Labor\u00fcberweisung\nvon einer \u00c4rztin bzw. einem Arzt, etwa der Haus\u00e4rztin bzw. dem Hausarzt.\nWeiterhin gilt: Bevor eine Praxis aufgesucht wird, sollte eine telefonische\nAnmeldung erfolgen! Der Schein muss von einer symptomfreien Person abgeholt\nwerden. Ebenfalls wichtig: Auf dem Schein sollte die Telefonnummer bzw.\nE-Mail-Adresse der Patientin bzw. des Patienten vermerkt sein. Mit der\n\u00dcberweisung kann dann die Teststation auf dem Neuen Messplatz mit dem Auto\nangefahren werden. Zus\u00e4tzlich zum \u00dcberweisungsschein muss die Patientin bzw.\nder Patient zur Identifikation ihren Personalausweis oder Reisepass vorlegen. Die\nTestung erfolgt im \u201eDrive-in\u201c-Verfahren, d.h., die zu testende Person bleibt im\nAuto sitzen. Das Testergebnis liegt zwei Tage sp\u00e4ter vor und kann telefonisch beim\nHausarzt bzw. der Haus\u00e4rztin erfragt werden. Gegebenenfalls erfolgt die\nMitteilung auch durch das zust\u00e4ndige Gesundheitsamt. <\/p>\n\n\n\n<p>Die Durchf\u00fchrung eines Tests ist streng an bestimmte Kriterien gebunden: Getestet wird nur, wer aus einem Risikogebiet zur\u00fcckgekehrt ist UND Symptome aufweist, oder wer nachweislich Kontakt zu einer positiv auf das Corona-Virus getesteten Person hatte \u2013 und das f\u00fcr mindestens 15 Minuten und in einem Abstand von unter zwei Metern. Wer keinen \u00dcberweisungsschein hat bzw. sich nicht ausweisen kann, wird abgewiesen. Auch wer zu Fu\u00df kommt, wird abgewiesen. <\/p>\n\n\n\n<p><em>Gemeinsame Pressemitteilung der Landkreise Germersheim und S\u00fcdliche Weinstra\u00dfe und der Stadt Landau in der Pfalz<br>25.03.2020<\/em><\/p>\n\n\n\n<h2 class=\"wp-block-heading\">Mannheim: 14. Aktuelle Information zu Corona, 23.03.2020<\/h2>\n\n\n\n<ol><li><strong>Aktuelle Fallzahlen<\/strong><\/li><li><strong>Allgemeinverf\u00fcgung<\/strong><\/li><li><strong>Friedh\u00f6fe<\/strong><\/li><\/ol>\n\n\n\n<h3 class=\"wp-block-heading\">1.) Aktuelle Fallzahlen \u2013 Zahl der nachgewiesenen Corona-F\u00e4lle in Mannheim steigt auf 147<\/h3>\n\n\n\n<p>Dem Gesundheitsamt Mannheim wurden bis heute Nachmittag, 23.03.2020, 16.00 Uhr, 19 weitere F\u00e4lle von nachgewiesenen Coronavirus-Infektionen gemeldet. Die 19 heute neu nachgewiesenen Infizierten zeigen nur milde Krankheitsanzeichen und k\u00f6nnen in h\u00e4uslicher Quarant\u00e4ne verbleiben. Damit erh\u00f6ht sich die Zahl der best\u00e4tigten F\u00e4lle in Mannheim insgesamt auf 147.<\/p>\n\n\n\n<p>Das Gesundheitsamt ermittelt nun die weiteren Kontaktpersonen aller nachgewiesen Infizierten, insbesondere im Bereich der sogenannten vulnerablen Gruppen, nimmt Kontakt mit diesen auf und begleitet diese w\u00e4hrend der h\u00e4uslichen Quarant\u00e4ne. Alle beteiligten \u00c4rzte, Gesundheitsbeh\u00f6rden sowie das Kompetenzzentrum Gesundheitsschutz am Landesgesundheitsamt arbeiten dabei eng zusammen.<\/p>\n\n\n\n<h3 class=\"wp-block-heading\">2.) Allgemeinverf\u00fcgung<\/h3>\n\n\n\n<p>Die Stadt Mannheim hat eine Allgemeinverf\u00fcgung erlassen, die ein Betretungsverbot f\u00fcr diverse \u00f6ffentliche Pl\u00e4tze vorsieht.<\/p>\n\n\n\n<p>Die Allgemeinverf\u00fcgung zum Betretungsverbot ist auf der st\u00e4dtischen Homepage unter:  <a href=\"https:\/\/www.mannheim.de\/de\/nachrichten\/allgemeinverfuegung-betretungsverbot\">https:\/\/www.mannheim.de\/de\/nachrichten\/allgemeinverfuegung-betretungsverbot<\/a>  verf\u00fcgbar. Die Stadt Mannheim wird weiter nach Lage entscheiden. Wir bitten die Bev\u00f6lkerung dringend, sich an die Vorgaben zu halten und Pl\u00e4tze zu meiden.<\/p>\n\n\n\n<h4 class=\"wp-block-heading\">3.) Friedh\u00f6fe<\/h4>\n\n\n\n<p>Die Leistungen des st\u00e4dtischen Bestattungsdienstes stehen weiterhin uneingeschr\u00e4nkt zur Verf\u00fcgung. Es wird jedoch gebeten, zu beachten, dass die Beauftragung eines Sterbefalls nur nach vorheriger Terminvereinbarung erfolgen kann. Hierzu k\u00f6nnen die Friedhofsbetriebe unter der Telefonnummer 0621 3377 200 kontaktiert werden.<\/p>\n\n\n\n<p><em>Stadt Mannheim<br>25.03.2020<\/em><\/p>\n\n\n\n<h2 class=\"wp-block-heading\">Lesestoff in Corona-Zeiten: Stadtbibliothek Landau stellt Onleihe-Angebot kostenlos zur Verf\u00fcgung <\/h2>\n\n\n\n<div class=\"wp-block-image\"><figure class=\"aligncenter\"><img decoding=\"async\" loading=\"lazy\" width=\"800\" height=\"468\" src=\"https:\/\/speyer24news.com\/wp-content\/uploads\/2020\/03\/Info-23-03-2020-18-Uhr_Onleihe.jpg\" alt=\"\" class=\"wp-image-26066\" srcset=\"https:\/\/speyer24news.com\/wp-content\/uploads\/2020\/03\/Info-23-03-2020-18-Uhr_Onleihe.jpg 800w, https:\/\/speyer24news.com\/wp-content\/uploads\/2020\/03\/Info-23-03-2020-18-Uhr_Onleihe-300x176.jpg 300w, https:\/\/speyer24news.com\/wp-content\/uploads\/2020\/03\/Info-23-03-2020-18-Uhr_Onleihe-768x449.jpg 768w\" sizes=\"(max-width: 800px) 100vw, 800px\" \/><\/figure><\/div>\n\n\n\n<p><strong>Landau \/ Stadtbibliothek  &#8211; <\/strong>Lesen ohne Ende: Obwohl die Stadtbibliothek Landau aktuell nicht zug\u00e4nglich ist, bleibt die Ausleihe von digitalen B\u00fcchern, H\u00f6rspielen und Zeitschriften \u00fcber die Onleihe Rheinland-Pfalz weiter m\u00f6glich. Und zwar nicht nur f\u00fcr diejenigen, die bereits Nutzerinnen und Nutzer der Bibliothek sind \u2013 sondern ab sofort und bis Mittwoch, 20. Mai, f\u00fcr alle mit Wohnsitz in Landau oder dem Landkreis S\u00fcdliche Weinstra\u00dfe kostenlos. Das geben Kulturdezernent Dr. Maximilian Ingenthron und die Leiterin der Stadtbibliothek, Amelie L\u00f6hlein, jetzt bekannt.<\/p>\n\n\n\n<p>Die Onleihe Rheinland-Pfalz ist als virtuelle Zweigstelle der Bibliothek \u00fcber die Homepage <a href=\"http:\/\/www.onleihe-rlp.de\">www.onleihe-rlp.de<\/a> erreichbar. Rund um die Uhr k\u00f6nnen zahlreiche digitale Medien wie E-Books, H\u00f6rb\u00fccher und elektronische Zeitschriften bezogen werden. Diese sind dann beispielsweise auf dem heimischen PC oder Tablet nutzbar. Interessierte k\u00f6nnen sich telefonisch unter 0 63 41\/13 43 20 oder mit Namen, Adresse, Geburtsdatum und Kontaktdaten per E-Mail an <a href=\"stadtbibliothek@landau.de\">stadtbibliothek@landau.de<\/a> f\u00fcr die Nutzung der Onleihe anmelden. <\/p>\n\n\n\n<p>Wer das Angebot der Stadtbibliothek nach Ablauf der Aktion weiter nutzen m\u00f6chte, muss anschlie\u00dfend ein kostenpflichtiges Benutzerkonto beantragen. Dieses kostet f\u00fcr Kinder bis 14 Jahren 4 Euro und f\u00fcr Erwachsene 28 Euro pro Jahr. Unter allen Neuzug\u00e4ngen, die dann dauerhaft Nutzerinnen und Nutzer der Stadtbibliothek werden, werden drei Buchgutscheine verlost.<\/p>\n\n\n\n<p><em>Stadtverwaltung Landau in der Pfalz<br>25.03.2020<\/em><\/p>\n\n\n\n<h2 class=\"wp-block-heading\"><strong>Die Stadt Ludwigshafen gew\u00e4hrt <\/strong><strong>&#8222;unkomplizierten\nZahlungsaufschub&#8220; von st\u00e4dtischen Forderungen f\u00fcr wirtschaftlich von\nder Corona-Krise Betroffene<\/strong> <\/h2>\n\n\n\n<p><strong>Ludwigshafen &#8211; <\/strong>Angesichts der j\u00fcngsten Entwicklungen gew\u00e4hrt die Stadt Ludwigshafen, allen wirtschaftlich stark von der Corona-Krise Betroffenen zur Existenzsicherung, in begr\u00fcndeten F\u00e4llen auf Antrag, einen Zahlungsaufschub von st\u00e4dtischen Forderungen zun\u00e4chst bis 30. September 2020. Zinsen und S\u00e4umniszuschl\u00e4ge werden hierf\u00fcr nicht erhoben. Die schriftlichen Antr\u00e4ge sind formlos, insbesondere bei der Stundungsstelle, der Steuerverwaltung oder der Stadtkasse der Stadtverwaltung, zu stellen.<\/p>\n\n\n\n<p>Auch wenn die Entscheidungen\njeweils einzelfallbezogen getroffen werden, soll \u00fcber begr\u00fcndete Antr\u00e4ge\nunb\u00fcrokratisch entschieden werden. Mitteilungen \u00fcber die Entscheidungen der\nAntr\u00e4ge ergehen nur im Fall einer Ablehnung. F\u00fcr alle anderen Antragsteller\ngilt, dass ohne schriftliche Best\u00e4tigung oder Mitteilung der begr\u00fcndete Antrag\ngenehmigt ist und ein entsprechender Zahlungsaufschub gew\u00e4hrt wird.<\/p>\n\n\n\n<p>Sollte sich die wirtschaftliche\nLage bis zum Ende des Zahlungsaufschubs noch nicht ge\u00e4ndert haben, kann ein\nentsprechender Folgeantrag gestellt werden, \u00fcber den ebenfalls &#8222;in\ngleicher Weise&#8220; dann entschieden wird.<\/p>\n\n\n\n<p>&#8222;Wir wollen\nals Stadt hier schnell und unb\u00fcrokratisch helfen. Die Lage ist ernst und stellt\nMenschen und Unternehmen teilweise vor existenzielle Probleme, weil das\nEinkommen wegbricht. <\/p>\n\n\n\n<p>Daher haben wir uns als Stadtvorstand entschieden, allen soweit wie m\u00f6glich unter die Arme zu greifen. Solidarit\u00e4t und Verantwortungsbewusstsein f\u00fcr das Allgemeinwohl sind das Gebot der Stunde&#8220;, erkl\u00e4ren Oberb\u00fcrgermeisterin Jutta Steinruck und K\u00e4mmerer Andreas Schwarz den Schritt.<\/p>\n\n\n\n<p><em>Stadt Ludwigshafen am Rhein<br>25.03.2020<\/em><\/p>\n\n\n\n<h2 class=\"wp-block-heading\"><strong>Rhein-Pfalz-Kreis schlie\u00dft\nnun alle Wertstoffh\u00f6fe <\/strong><\/h2>\n\n\n\n<p><strong>Rhein-Pfalz-Kreis &#8211; <\/strong>Aufgrund der sich ausbreitenden Infizierung mit dem neuartigen Coronavirus SARS-CoV-2 hat sich die Verwaltung des Rhein-Pfalz-Kreises dazu entschlossen, nun alle Wertstoffh\u00f6fe im Kreisgebiet f\u00fcr Anlieferungen ab Dienstag, 24. M\u00e4rz 2020, zu schlie\u00dfen. <\/p>\n\n\n\n<p>Seit Donnerstag, 19. M\u00e4rz\n2020, galt noch die Ausnahmeregelung, dass eine Anlieferung im Wertstoffhof Mutterstadt (auf dem Gel\u00e4nde der Firma\nZeller) und im Wertstoffhof Schifferstadt bei der Kreisbauschuttdeponie m\u00f6glich\nwar. Um den Anforderungen, der am Freitag ergangenen Allgemeinverf\u00fcgung \u00fcber\nein Betretungsverbot f\u00fcr \u00f6ffentliche Orte gerecht zu werden, m\u00fcssen nun alle\nWertstoffh\u00f6fe geschlossen werden. Eine Ausnahmeregelung trifft hier nicht zu.<\/p>\n\n\n\n<p>Diese erh\u00f6hten\nSchutzma\u00dfnahmen sind zur Verhinderung der Verbreitung und zum Schutz des\nPersonals und der B\u00fcrgerinnen und B\u00fcrger erforderlich und gelten bis auf\nweiteres. <\/p>\n\n\n\n<p>Die regul\u00e4re Abfuhr von Abf\u00e4llen \u2013 auch Gr\u00fcnschnitt &#8211; l\u00e4uft momentan normal weiter. Termine f\u00fcr die Abfallabfuhren sind im Abfallkalender der jeweiligen Gemeinde oder auf der Internetseite des Eigenbetriebs Abfallwirtschaft ersichtlich.<\/p>\n\n\n\n<p><em>Kreisverwaltung Rhein-Pfalz-Kreis<br>25.03.2020<\/em><\/p>\n\n\n\n<h2 class=\"wp-block-heading\">Stadt Heidelberg \/ Coronavirus: <\/h2>\n\n\n\n<figure class=\"wp-block-image\"><img decoding=\"async\" loading=\"lazy\" width=\"600\" height=\"128\" src=\"https:\/\/speyer24news.com\/wp-content\/uploads\/2020\/03\/Heidelberg-Logo.png\" alt=\"\" class=\"wp-image-25953\" srcset=\"https:\/\/speyer24news.com\/wp-content\/uploads\/2020\/03\/Heidelberg-Logo.png 600w, https:\/\/speyer24news.com\/wp-content\/uploads\/2020\/03\/Heidelberg-Logo-300x64.png 300w\" sizes=\"(max-width: 600px) 100vw, 600px\" \/><\/figure>\n\n\n\n<h3 class=\"wp-block-heading\">\u201eEs kommt jetzt auf uns alle an\u201c<br>\nOffener Brief des\nOberb\u00fcrgermeisters an alle Heidelbergerinnen und Heidelberger <\/h3>\n\n\n\n<p>Mit einem offenen Brief hat sich\nOberb\u00fcrgermeister Prof. Dr. Eckart W\u00fcrzner am 23. M\u00e4rz 2020 an alle\nHeidelberger B\u00fcrgerinnen und B\u00fcrger gewandt und ihnen seinen Dank angesichts\nder notwendigen harten Einschnitte in das \u00f6ffentliche Leben ausgesprochen: \u201eDie\nallermeisten Menschen halten sich an die Regeln. Daf\u00fcr m\u00f6chte ich Ihnen\nherzlich danken. Das hilft uns allen enorm. Bitte verhalten Sie sich weiter so.\nBleiben Sie zu Hause. Vermeiden Sie Kontakte, wo es nur geht. Halten Sie\nAbstand. Halten Sie Kontakt zu Bekannten, Freunden, Eltern, Gro\u00dfeltern &#8211; aber\nbitte per Telefon oder Soziale Medien.\u201c <\/p>\n\n\n\n<p>W\u00fcrzner appelliert in seinem Brief\nerneut an die Verantwortung jedes Einzelnen und die Solidarit\u00e4t der B\u00fcrgerinnen\nund B\u00fcrger untereinander, die es in dieser Ausnahmesituation brauche: \u201eEs kommt\njetzt auf uns alle an. Deshalb meine Bitte: Machen Sie mit. Helfen Sie\nMenschen, die Unterst\u00fctzung ben\u00f6tigen. Wir leben in einer starken Gemeinschaft.\nGemeinsam kommen wir am besten durch diese schwierige Zeit\u201c, schreibt W\u00fcrzner. <\/p>\n\n\n\n<p>Unter anderem verweist das\nStadtoberhaupt dabei auf die am gestrigen Sonntag zwischen Bund und L\u00e4ndern\nvereinbarte Regelung, dass sich B\u00fcrgerinnen und B\u00fcrger nur noch zu zweit oder\nals Familie im \u00f6ffentlichen Raum aufhalten d\u00fcrfen. Solche harten Ma\u00dfnahmen, so\nW\u00fcrzner, seien notwendig, um die Ausbreitung des Coronavirus zu verz\u00f6gern,\nKrankenh\u00e4user vor einer \u00dcberlastung zu bewahren und \u00e4ltere Menschen und\nMenschen mit Vorerkrankungen zu sch\u00fctzen.<\/p>\n\n\n\n<p>Heidelberg habe das gro\u00dfe Gl\u00fcck, mit dem Universit\u00e4tsklinikum eine der gr\u00f6\u00dften und besten Kliniken in ganz Deutschland zu haben. In seinem Brief dankt W\u00fcrzner allen Besch\u00e4ftigten im Gesundheitssektor, aber auch jenen, durch deren Einsatz das \u00f6ffentliche Leben am Laufen gehalten werde: von der Kassiererin im Supermarkt bis hin zur Erzieherin in der Notbetreuung oder den Mitarbeitern der M\u00fcllabfuhr. Ausdr\u00fccklich lobt W\u00fcrzner auch das solidarische, freiwillige Engagement, das sich in den Krisentagen in Heidelberg entwickelt habe: \u201eEs gibt wunderbare Initiativen. Vereine, Kirchengemeinden, Jugendorganisationen oder einfach einzelne Nachbarn bieten ihre Hilfe an. Sie zeigen: Auch wenn Ihr das Haus nicht verlassen k\u00f6nnt, seid Ihr nicht allein. Wir sind f\u00fcr Euch da. Das ist gro\u00dfartig. Das macht unsere Heimat aus.\u201c<\/p>\n\n\n\n<h3 class=\"wp-block-heading\">Bundesregierung und L\u00e4nder beschlie\u00dfen weitere Ma\u00dfnahmen<\/h3>\n\n\n\n<p>Die Bundesregierung hat am Sonntag, 22.\nM\u00e4rz 2020, gemeinsam mit den L\u00e4ndern weitere Ma\u00dfnahmen beschlossen, um die\nAusbreitung des Coronavirus zu verlangsamen. Die meisten Ma\u00dfnahmen waren in\nBaden-W\u00fcrttemberg und damit auch in Heidelberg bereits g\u00fcltig. <\/p>\n\n\n\n<p>Neu hinzugekommen ist ein weitgehendes\nKontaktverbot. In der \u00d6ffentlichkeit sind k\u00fcnftig Ansammlungen von mehr als\nzwei Personen verboten. <\/p>\n\n\n\n<p>Die Ma\u00dfnahme gilt ab Montag, 23. M\u00e4rz 2020, f\u00fcr mindestens zwei Wochen. Familien oder Menschen, die in einem Haushalt zusammenleben, k\u00f6nnen weiter zusammen auf die Stra\u00dfe. Polizei und Stadt werden diese Regelung streng kontrollieren und bei Nichtbefolgung sanktionieren. Wer sich im \u00f6ffentlichen Raum bewegt, muss einen Mindestabstand von 1,5 Metern einhalten. Grunds\u00e4tzlich sollte das Haus nur noch f\u00fcr Notwendiges verlassen werden. Der Weg zur Arbeit, zur Notbetreuung, Eink\u00e4ufe, Arztbesuche, Teilnahme an Sitzungen, erforderlichen Terminen und Pr\u00fcfungen, Hilfe f\u00fcr andere oder individueller Sport und Bewegung an der frischen Luft sowie andere notwendige T\u00e4tigkeiten bleiben weiter m\u00f6glich.<\/p>\n\n\n\n<p>Au\u00dferhalb des \u00f6ffentlichen Raums sind\nVeranstaltungen und sonstige Ansammlungen von jeweils mehr als f\u00fcnf Personen verboten.\nDas gilt insbesondere f\u00fcr Zusammenk\u00fcnfte in Vereinen und sonstigen Sport- und\nFreizeiteinrichtungen sowie Zusammenk\u00fcnfte zur Wahrnehmung von Angeboten in\nVolkshochschulen, Musikschulen und sonstigen \u00f6ffentlichen und privaten\nBildungseinrichtungen im au\u00dferschulischen Bereich. Ausgenommen von dem Verbot\nsind Veranstaltungen und sonstige Ansammlungen, wenn dies zur Aufrechterhaltung\ndes Arbeits- und Dienstbetriebs erforderlich ist. Au\u00dferdem gilt das Verbot auch\nnicht f\u00fcr Ansammlungen, wenn die teilnehmenden Personen in gerader Linie\nverwandt sind, wie beispielsweise Eltern, Gro\u00dfeltern, Kinder und Enkelkinder\noder in h\u00e4uslicher Gemeinschaft miteinander leben sowie deren Ehegatten,\nLebenspartnerinnen oder Lebenspartner oder Partnerinnen oder Partner.<\/p>\n\n\n\n<p>Das B\u00fcrger- und Ordnungsamt (Kontakt: <a href=\"buergeramt@heidelberg.de\">buergeramt@heidelberg.de<\/a>) kann aus wichtigem Grund unter Auflagen zum Schutz vor Infektionen im Einzelfall Ausnahmen von den Verboten zulassen.<\/p>\n\n\n\n<p>Veranstaltungen und sonstige\nAnsammlungen in Kirchen, Moscheen, Synagogen und die Zusammenk\u00fcnfte anderer\nGlaubensgemeinschaften sind grunds\u00e4tzlich untersagt. Das Kultusministerium kann\nAusnahmen unter Auflagen zum Infektionsschutz zulassen.<\/p>\n\n\n\n<p>Die Regelungen zur Gastronomie bleiben\nin Heidelberg wie bereits bekannt bestehen: Der Betrieb von\nGastronomieeinrichtungen aller Art ist untersagt. Ausnahmen gibt es nur f\u00fcr\nGastst\u00e4tten, die ausschlie\u00dflich einen Take-Away-Service \/ Mitnahme-Service\nanbieten.<\/p>\n\n\n\n<p>Die nun auch bundesweit geltende\nSchlie\u00dfung von Dienstleistungsbetrieben im Bereich der K\u00f6rperpflege wie\nFriseure, Kosmetikstudios, Massagepraxen, Tattoostudios und \u00e4hnlichen Betrieben\nmit nahem K\u00f6rperkontakt, galten in Heidelberg bereits seit der vergangenen\nWoche.<\/p>\n\n\n\n<p>Die komplette Version der seit Montag, 23. M\u00e4rz 2020, geltenden Regelungen der Rechtsverordnung der Landesregierung \u00fcber infektionssch\u00fctzende Ma\u00dfnahmen gegen die Ausbreitung des Coronavirus gibt es unter <a href=\"http:\/\/www.heidelberg.de\/coronavirus\">www.heidelberg.de\/coronavirus<\/a><\/p>\n\n\n\n<h3 class=\"wp-block-heading\">Corona-Krise: \u201eHeidelberger Wirtschaftsoffensive\u201c zur Unterst\u00fctzung von Unternehmen<\/h3>\n\n\n\n<p>Die Stadt Heidelberg hat ein\nMa\u00dfnahmenpaket zur Unterst\u00fctzung der Heidelberger Wirtschaft geschn\u00fcrt, um die\nFolgen der Corona-Krise f\u00fcr Heidelberger Unternehmen, Einzelh\u00e4ndler,\nGastronomen und Selbstst\u00e4ndige zu vermindern. Die \u201eHeidelberger\nWirtschaftsoffensive\u201c wird am Donnerstag, 26. M\u00e4rz 2020, im Gemeinderat\nvorgestellt und beraten.<\/p>\n\n\n\n<h4 class=\"wp-block-heading\"><strong>Die Ma\u00dfnahmen im \u00dcberblick:<\/strong><\/h4>\n\n\n\n<p><strong>1)&nbsp;&nbsp;&nbsp; Finanzielle Entlastung von Heidelberger Betrieben<\/strong><\/p>\n\n\n\n<p>Alle direkten Forderungen der Stadt Heidelberg an Betriebe\nwerden bis zum 31. Juli 2020 zinslos gestundet. Das gilt zum Beispiel f\u00fcr\nGeb\u00fchren, Gewerbesteuer, Grundsteuer, Mieten. Auf diese Weise k\u00f6nnen\nLiquidit\u00e4tsengp\u00e4sse der Unternehmen und Betriebe verhindert oder abgemildert\nwerden. Gegen\u00fcber privaten Immobilienbesitzern, Lieferanten und anderen\nVertragspartnern setzt die Stadt damit ein Zeichen und einen Appell, sich \u2013\nwenn m\u00f6glich \u2013 dieser Wirtschaftsoffensive anzuschlie\u00dfen.<\/p>\n\n\n\n<p><strong>2)&nbsp;&nbsp;&nbsp; Lotsenfunktion der st\u00e4dtischen Wirtschaftsf\u00f6rderung<\/strong><\/p>\n\n\n\n<p>Das Amt f\u00fcr Wirtschaftsf\u00f6rderung und Wissenschaft unterst\u00fctzt\ndie Heidelberger Unternehmen durch ihre wichtige Lotsenfunktion. Das Amt\n\u00fcbernimmt die kontinuierliche Kommunikation und stellt damit die\nInformationsvermittlung \u00fcber wichtige Hilfsprogramme und neue Richtlinien und\nVerordnungen sicher. Es ist wichtiger Ansprechpartner der Betriebe in dieser\nKrisensituation und ber\u00e4t bei einer m\u00f6glichst schnellen und unb\u00fcrokratischen\nAntragsstellung sowie anschlie\u00dfender Aussch\u00fcttung von Finanzmitteln von Bund\nund Land. Sollten alle Heidelberger Kleinbetriebe diese Hilfe in Anspruch\nnehmen, belaufen sich diese Zahlungen auf mehr als 50 Millionen Euro. <\/p>\n\n\n\n<p>Allein zwischen dem 16. und dem 19. M\u00e4rz 2020 konnten\nmehrere Hundert Betriebe telefonisch oder schriftlich durch die Stadt\nHeidelberg und die Mittelstandsoffensive unterst\u00fctzt und beraten werden. Die Wirtschaftsf\u00f6rderung ist erreichbar per\nE-Mail an <a href=\"mailto:wirtschaftsfoerderung@heidelberg.de\">wirtschaftsfoerderung@heidelberg.de<\/a>. Sie arbeitet zudem in Kooperation mit der Rhein-Neckar-Zeitung an einer\nOnline-Plattform f\u00fcr den Handel, auf der Heidelberger Gesch\u00e4fte ihre Waren zur\nLieferung anbieten k\u00f6nnen.<\/p>\n\n\n\n<p style=\"text-align:left\"><strong>3)   Kurzfristige agile Unterst\u00fctzung der Betriebe<\/strong><\/p>\n\n\n\n<p>Die Stadt Heidelberg wird, sofern es die rechtlichen\nVorgaben erlauben, in dieser Krisensituation im Einzelfall flexibel und\nunb\u00fcrokratisch handeln und entscheiden. Die Wirtschaftsf\u00f6rderung und der\nCitymarketingverein Pro Heidelberg e.V. unterst\u00fctzen die bereits durch H\u00e4ndler\nlancierte Offensive zur Etablierung eines lokalen Liefer- und Logistiksystems\nf\u00fcr \u00f6rtliche Einzelh\u00e4ndler und Gastronomen. Dieser Onlinehandel soll einem\nkompletten Umsatzausfall von ans\u00e4ssigen Einzelh\u00e4ndlern entgegenwirken. F\u00fcr\nEinzelh\u00e4ndler und Gastronomen, die noch keinen Onlineshop oder Versandservice\nhaben und \u00fcber keine Onlinepr\u00e4senz verf\u00fcgen, soll ein Beratungs- und\nCoaching-Angebot zusammengestellt werden, um digitale Absatzwege aufzubauen.<\/p>\n\n\n\n<p><strong>4)   Task Force Mittelstandsoffensive<\/strong><\/p>\n\n\n\n<p>Die st\u00e4dtische\nWirtschaftsf\u00f6rderung steht in engem Austausch mit zahlreichen Partnern wie der\nIndustrie- und Handelskammer (IHK) Rhein-Neckar, der Agentur f\u00fcr Arbeit, der\nHandwerkskammer Mannheim Rhein-Neckar-Odenwald, dem Hotel- und Gastst\u00e4ttenverband\n(DEHOGA), lokalen Banken sowie Nachbarkommunen und -kreisen, um in dieser\nSituation schnell und koordiniert reagieren zu k\u00f6nnen.<\/p>\n\n\n\n<p><strong>5)&nbsp;&nbsp;&nbsp; Langfristige Belebung und St\u00e4rkung des Wirtschaftsstandortes<\/strong><\/p>\n\n\n\n<p>Die Corona-Krise hat bereits jetzt zu derart einschneidenden Einbu\u00dfen gef\u00fchrt, dass eine strategische Belebung der Wirtschaft in Heidelberg \u00fcber einen gr\u00f6\u00dferen Zeitraum notwendig werden wird. Die Stadt Heidelberg plant eine Wirtschaftsoffensive mit l\u00e4ngerfristigen Ma\u00dfnahmen, die unmittelbar nach der Krise ansetzen und sowohl einzelne Wirtschaftszweige ber\u00fccksichtigen als auch strukturelle Ma\u00dfnahmen f\u00fcr die Interessen der Wirtschaft aufgreifen soll. Die Heidelberger Wirtschaft soll dadurch wieder nachhaltig gest\u00e4rkt werden.<strong> <\/strong><\/p>\n\n\n\n<h3 class=\"wp-block-heading\">Corona-Krise: Ma\u00dfnahmen zur Unterst\u00fctzung von Einrichtungen und Privatpersonen<\/h3>\n\n\n\n<p>Die Stadt Heidelberg hat ein Hilfspaket mit Ma\u00dfnahmen f\u00fcr\nverschiedenen Heidelberger Einrichtungen und Privatpersonen in der Corona-Krise\ngeschn\u00fcrt. Es richtet sich beispielsweise an eine Vielzahl an kulturellen und\nsozialen Einrichtungen in der Stadt. Es wird am Donnerstag, 26. M\u00e4rz 2020, im\nGemeinderat vorgestellt und beraten. Ziel ist es, mit zun\u00e4chst vor\u00fcbergehenden\nMa\u00dfnahmen die notwendige Liquidit\u00e4t von Einrichtungen, aber auch Privatpersonen\nsicherzustellen.<\/p>\n\n\n\n<h4 class=\"wp-block-heading\"><strong>Die Kernpunkte im \u00dcberblick:<\/strong><\/h4>\n\n\n\n<ul><li><strong>Vorzeitige Auszahlung von Zusch\u00fcssen: <\/strong>Zuschussempf\u00e4nger k\u00f6nnenbereits 80 Prozent\ndes f\u00fcr 2020 bewilligten Zuschusses erhalten \u2013 normal sind zu diesem Zeitpunkt\n40 Prozent. Von dieser Regelung profitieren alle Zuschussempf\u00e4nger der Stadt,\nbeispielsweise Kultureinrichtungen, Kinderg\u00e4rten in freier Tr\u00e4gerschaft,\nsoziale Projekte und viele mehr. <\/li><\/ul>\n\n\n\n<ul><li><strong>Fortsetzung\nder Abschlagszahlungen:<\/strong> Die\nmonatlichen Zahlungen der Stadt an Partner bei bestehenden Vertr\u00e4gen laufen\nweiter, auch wenn die vereinbarten Leistungen \u2013 wie beispielsweise durch freie\nTr\u00e4ger in der Kinderbetreuung aufgrund der Schlie\u00dfung von Kitas \u2013 nicht erfolgen\nk\u00f6nnen. Einzelne Zahlungen k\u00f6nnen auch vorgezogen werden.<\/li><\/ul>\n\n\n\n<ul><li><strong>Zur\u00fcckstellung von Forderungen der Stadt:<\/strong> Die Stadt bietet jedem Zahlungspflichtigen an,\ndie Zahlung bis 31. Juli 2020 zinslos zu stunden. Das gilt sowohl f\u00fcr\nPrivatpersonen wie auch f\u00fcr Betriebe oder weitere Einrichtungen.<\/li><\/ul>\n\n\n\n<h3 class=\"wp-block-heading\">Nachtb\u00fcrgermeisterin\/Nachtb\u00fcrgermeister: Auswahlverfahren liegt wegen\nCoronavirus auf Eis <\/h3>\n\n\n\n<h4 class=\"wp-block-heading\">Acht Bewerbungen eingegangen<\/h4>\n\n\n\n<p>F\u00fcr die von der Stadt Heidelberg ausgeschriebene Position als Nachtb\u00fcrgermeisterin oder Nachtb\u00fcrgermeister sind bis zur Bewerbungsfrist am Samstag, 21. M\u00e4rz 2020, insgesamt acht Bewerbungen eingegangen. Aufgrund der Coronavirus-Pandemie liegen die \u00f6ffentliche Vorstellung und das Auswahlverfahren aber bis auf Weiteres auf Eis. &nbsp;<\/p>\n\n\n\n<p><em>Stadt Heidelberg<br>25.03.2020<\/em><\/p>\n\n\n\n<h2 class=\"wp-block-heading\"><strong>Coronavirus<\/strong>: <strong>35 positive F\u00e4lle im Landkreis Germersheim best\u00e4tigt<\/strong><\/h2>\n\n\n\n<p><strong>Landkreis Germersheim &#8211;<\/strong> Im Landkreis Germersheim gibt es Stand Montag, 23. M\u00e4rz 2020, 16 Uhr, 35 positiv getestete Personen. Die Personen kommen aus den St\u00e4dten W\u00f6rth und Germersheim sowie den Verbandsgemeinden Hagenbach, R\u00fclzheim, Bellheim, Jockgrim, Lingenfeld und Kandel.<\/p>\n\n\n\n<p><strong>Informationen zum Thema\nCoronavirus gibt <\/strong>es\nunter <a href=\"http:\/\/www.kreis-germersheim.de\">www.kreis-germersheim.de<\/a>.<\/p>\n\n\n\n<p>Das B\u00fcrgertelefon wird aufgrund des gro\u00dfen Anrufaufkommens ab Samstag, 21. M\u00e4rz 2020, ausgeweitet. F\u00fcr B\u00fcrgerinnen und B\u00fcrger stehen die Ansprechpartner nun von Montag bis Donnerstag von 8.30 bis 12 Uhr und 14 bis 16 Uhr zur Verf\u00fcgung, freitags von 8.30 bis 12 Uhr. Am Wochenende ist das B\u00fcrgertelefon jeweils von 10 Uhr bis 12.30 Uhr besetzt. Erreichbar ist das B\u00fcrgertelefon des Landkreises Germersheim unter Tel. 07274\/53-131.<\/p>\n\n\n\n<p><em>Kreisverwaltung Germersheim<br>25.03.2020<\/em><\/p>\n\n\n\n<h2 class=\"wp-block-heading\"><strong>Coronavirus: Neue F\u00e4lle im Landkreis\nS\u00fcdliche Weinstra\u00dfe und der Stadt Landau<\/strong><\/h2>\n\n\n\n<p><strong>Landkreis S\u00fcdliche Weinstra\u00dfe \/ Landau &#8211; <\/strong>Nach aktuellem Stand (23. M\u00e4rz 2020, 15 Uhr) haben sich im Landkreis S\u00fcdliche Weinstra\u00dfe und der Stadt Landau weitere F\u00e4lle des Coronavirus (COVID-19) best\u00e4tigt. Insgesamt wurden damit 49 F\u00e4lle im Zust\u00e4ndigkeitsbereich des Gesundheitsamts Landau\/S\u00fcdliche Weinstra\u00dfe positiv auf das Coronavirus getestet und an das Landesuntersuchungsamt \u00fcbermittelt. 1 Person stammt aus der Verbandsgemeinde Annweiler, 5 Personen aus der Verbandsgemeinde Bad Bergzabern, 8 Personen aus der Verbandsgemeinde Edenkoben, 9 Personen aus der Verbandsgemeinde Herxheim, 2 Personen aus der Verbandsgemeinde Landau-Land, 3 Personen aus der Verbandsgemeinde Maikammer, 9 Personen aus der Verbandsgemeinde Offenbach und 12 Personen aus der Stadt Landau. <\/p>\n\n\n\n<p>Alle ermittelbaren Kontaktpersonen\nwerden \u00fcber die Infektion informiert. <\/p>\n\n\n\n<p>Informationen zum Thema Coronavirus finden Sie auf der Homepage des Landkreises: <a href=\"http:\/\/www.suedliche-weinstrasse.de\">www.suedliche-weinstrasse.de<\/a>. &nbsp;&nbsp;<\/p>\n\n\n\n<p>Das B\u00fcrgertelefon des Landkreises S\u00dcW und der Stadt Landau ist unter der Telefonnummer 06341\/940 555 f\u00fcr B\u00fcrgerinnen und B\u00fcrger von Montag bis Donnerstag von 8:30 Uhr bis 12 Uhr und 14 Uhr bis 16 Uhr zur Verf\u00fcgung. Freitags ist das B\u00fcrgertelefon von 8:30 Uhr bis 12 Uhr erreichbar. Am Wochenende ist der Telefondienst von 10 Uhr bis 12:30 Uhr besetzt.<\/p>\n\n\n\n<p><em>Gemeinsame Pressemitteilung der Stadtverwaltung Landau und der Kreisverwaltung S\u00fcdliche Weinstra\u00dfe<br>25.03.2020<\/em><\/p>\n\n\n\n<h2 class=\"wp-block-heading\"><strong>Fristverl\u00e4ngerungsantr\u00e4ge wegen der Corona-Krise\n<\/strong><\/h2>\n\n\n\n<p><strong>Rheinland-Pfalz &#8211;<\/strong> Die Finanz\u00e4mter werden ab sofort Fristverl\u00e4ngerungsantr\u00e4gen wegen der Corona-Krise von Angeh\u00f6rigen der steuerberatenden Berufe f\u00fcr Steuererkl\u00e4rungen r\u00fcckwirkend ab dem 1. M\u00e4rz 2020 bis zum 31. Mai 2020 entsprechen.  Diese Regelung bezieht sich auf die sogenannten Jahressteuererkl\u00e4rungen wie zum Beispiel die Einkommensteuererkl\u00e4rung, deren Abgabefrist bereits am 28. Februar 2020 abgelaufen ist oder demn\u00e4chst ablaufen wird. Auf Antrag werden bereits festgesetzte Versp\u00e4tungszuschl\u00e4ge  in den F\u00e4llen der r\u00fcckwirkenden Fristverl\u00e4ngerung erlassen.<\/p>\n\n\n\n<p>\n\u201eAls Landesregierung treten wir den Auswirkungen der Pandemie gemeinsam und mit aller Entschlossenheit entgegentreten \u2013 und zwar sowohl was die gesundheitlichen als auch was die wirtschaftlichen Herausforderungen\n betrifft\u201c, sagte Finanzministerin Ahnen. Die Verl\u00e4ngerung von allgemeinen Fristen zum Beispiel f\u00fcr Stellungnahmen, Anforderung von Unterlagen und R\u00fcckfragen werden die Finanz\u00e4mter auf entsprechenden Antrag gro\u00dfz\u00fcgig handhaben. \u201eGleiches gilt im Umgang mit\n Jahressteuererkl\u00e4rungen von nicht steuerlich beratenen B\u00fcrgerinnen und B\u00fcrgern, denen aufgrund der aktuellen Situation die Fristwahrung erschwert ist. Neu zu setzende Fristen werden gro\u00dfz\u00fcgig bemessen\u201c, so die Ministerin. Aufgrund der durch die Corona-Krise\n angespannten Personalsituation in den Steuerberatungskanzleien sei es sachgerecht, f\u00fcr einen gewissen Zeitraum auf die Pr\u00fcfung des Verschuldens einer Fristvers\u00e4umnis zu verzichten.\n<\/p>\n\n\n\n<p>\nBereits seit vergangener Woche k\u00f6nnen Steuerpflichtige Antr\u00e4ge auf Anpassung der Vorauszahlungen sowie Steuerstundung stellen. Stundungen k\u00f6nnen dabei auch zinsfrei ausgesprochen werden. Zugleich soll bei den Betroffenen\n von Vollstreckungsma\u00dfnahmen abgesehen und auf die Erhebung von S\u00e4umniszuschl\u00e4gen verzichtet werden. Die Finanz\u00e4mter werden au\u00dferdem bei der Nachpr\u00fcfung der Voraussetzungen keine strengen Anforderungen stellen.\n<\/p>\n\n\n\n<p>\nAllen Betroffenen wird empfohlen, sich mit ihrem Finanzamt fr\u00fchzeitig in Verbindung zu setzen und entsprechende Antr\u00e4ge einzureichen.\n<\/p>\n\n\n\n<p>\nF\u00fcr Antr\u00e4ge auf zinslose Stundung und Herabsetzung von Vorauszahlungen steht auf den Homepages der Finanz\u00e4mter und des Landesamts f\u00fcr Steuern bereits ein Antragsformular zur Verf\u00fcgung. Ein Formular f\u00fcr Fristverl\u00e4ngerungsantr\u00e4ge\n wird schnellstm\u00f6glich dort abrufbar sein. <\/p>\n\n\n\n<p>Wer bereits f\u00fcr MeinELSTER registriert ist, kann Antr\u00e4ge auf Anpassung von Vorauszahlungen sowie Antr\u00e4ge auf Fristverl\u00e4ngerung auch bequem online (unter <a href=\"https:\/\/deref-web-02.de\/mail\/client\/2-yp0sUrnFs\/dereferrer\/?redirectUrl=http%3A%2F%2Fwww.elster.de%2Feportal%2Fformulare-leistungen%2Falleformulare%2Feingvorauszlg\" target=\"_blank\" rel=\"noreferrer noopener\">www.elster.de\/eportal\/formulare-leistungen\/alleformulare\/eingvorauszlg<\/a>  bzw. <a href=\"https:\/\/deref-web-02.de\/mail\/client\/KiwoYk-O4UY\/dereferrer\/?redirectUrl=http%3A%2F%2Fwww.elster.de%2Feportal%2Fformulare-leistungen%2Falleformulare%2Feingfristverl\" target=\"_blank\" rel=\"noreferrer noopener\">www.elster.de\/eportal\/formulare-leistungen\/alleformulare\/eingfristverl<\/a>) stellen.<\/p>\n\n\n\n<p><em>Ministerium der Finanzen Rheinland-Pfalz<br>25.03.2020<\/em><\/p>\n\n\n\n<h2 class=\"wp-block-heading\">Aufgrund der Corona-Krise: Stadt\nLandau und Landkreis S\u00fcdliche Weinstra\u00dfe setzen h\u00f6chstm\u00f6gliche Stufe 5 im\nKatastrophenschutz in Kraft <\/h2>\n\n\n\n<div class=\"wp-block-image\"><figure class=\"aligncenter\"><img decoding=\"async\" loading=\"lazy\" width=\"800\" height=\"533\" src=\"https:\/\/speyer24news.com\/wp-content\/uploads\/2020\/03\/23-03-2020-Gemeinsame-PM-Katastrophenfall.jpg\" alt=\"\" class=\"wp-image-26062\" srcset=\"https:\/\/speyer24news.com\/wp-content\/uploads\/2020\/03\/23-03-2020-Gemeinsame-PM-Katastrophenfall.jpg 800w, https:\/\/speyer24news.com\/wp-content\/uploads\/2020\/03\/23-03-2020-Gemeinsame-PM-Katastrophenfall-300x200.jpg 300w, https:\/\/speyer24news.com\/wp-content\/uploads\/2020\/03\/23-03-2020-Gemeinsame-PM-Katastrophenfall-768x512.jpg 768w\" sizes=\"(max-width: 800px) 100vw, 800px\" \/><figcaption>Gemeinsame Einsatzleitung \u2013 mit geb\u00fchrend Abstand, um das Infektionsrisiko zu minimieren: OB Thomas Hirsch (l.) und Landrat Dietmar Seefeldt.<em> (Quelle: Stadt Landau) <\/em><\/figcaption><\/figure><\/div>\n\n\n\n<p><strong>Landkreis S\u00fcdliche Weinstra\u00dfe \/ Landau &#8211; <\/strong>In der Corona-Krise haben die Stadt Landau und der Landkreis S\u00fcdliche Weinstra\u00dfe Stufe 5 im Katastrophenschutz ausgerufen. Damit liegt die Einsatzleitung f\u00fcr die aktuelle Lage nun bei Oberb\u00fcrgermeister Thomas Hirsch und Landrat Dietmar Seefeldt. Beraten und unterst\u00fctzt werden beide vom neu eingerichteten, gemeinsamen Katastrophenschutzstab, der am heutigen Montag, 23. M\u00e4rz, offiziell seine Arbeit aufgenommen hat. <\/p>\n\n\n\n<p>\u201eDie Stufe 5 ist die h\u00f6chstm\u00f6gliche im Katastrophenschutz\u201c, betonen OB Hirsch und Landrat Seefeldt. \u201eFaktisch haben wir damit den Katastrophenfall ausgerufen \u2013 den es so betitelt in Rheinland-Pfalz aber nicht gibt.\u201c Die Ausrufung der Stufe 5 mache noch einmal deutlich, wie ernst die Lage sei, so Hirsch und Seefeldt. \u201eHinter uns liegen Tage mit schweren Entscheidungen und gro\u00dfen Belastungen. Wir danken allen, die in der Stadt Landau und im Landkreis S\u00fcdliche Weinstra\u00dfe aktuell \u00dcbermenschliches leisten, um gemeinsam die Lage beherrschen und die Verbreitung des Virus eind\u00e4mmen zu k\u00f6nnen.\u201c Der gemeinsame Katastrophenschutzstab informiere sich t\u00e4glich auch \u00fcber die Lage im benachbarten Elsass, so OB und Landrat weiter \u2013 und dabei werde den Verantwortlichen schmerzhaft vor Augen gef\u00fchrt, wie schnell ein Gesundheitssystem auch in Mitteleuropa an seine Grenzen kommen k\u00f6nne.<\/p>\n\n\n\n<p><em>Gemeinsame Pressemitteilung der Stadtverwaltung Landau und der Kreisverwaltung S\u00fcdliche Weinstra\u00dfe<br>25.03.2020<\/em><\/p>\n\n\n\n<h2 class=\"wp-block-heading\"><strong>Aufgrund der Corona-Krise: Rathaus schr\u00e4nkt Dienstbetrieb ein\n<\/strong><\/h2>\n\n\n\n<h3 class=\"wp-block-heading\">Erreichbarkeit der Fachbereiche w\u00e4hrend der \u00d6ffnungszeiten bleibt gew\u00e4hrleistet\/ Hotline 87-333 ist durchgehend erreichbar<\/h3>\n\n\n\n<p><strong>Schwetzingen &#8211; <\/strong>Nachdem die Landesregierung am Montag, 23. M\u00e4rz 2020, eine noch einmal versch\u00e4rfte \u201eVerordnung \u00fcber infektionssch\u00fctzende Ma\u00dfnahmen gegen die Ausbreitung des Virus SARS-Cov-2\u201c ver\u00f6ffentlicht  hat, hat auch die Stadtverwaltung Schwetzingen erneut eine Risikoabw\u00e4gung getroffen. Um die Gefahr einer Ansteckung mit dem Corona-Virus so gering wie m\u00f6glich zu halten, sollen Sozialkontakte au\u00dferhalb des eigenen Haushalts weitgehend vermieden werden. Dies  gilt auch f\u00fcr die Mitarbeiter\/innen der Stadtverwaltung. <\/p>\n\n\n\n<p>Nachdem das Rathaus bereits vor einigen Tagen f\u00fcr den Publikumsverkehr weitgehend geschlossen wurde, schr\u00e4nkt die Stadt Schwetzingen ab Dienstag, 24. M\u00e4rz 2020, auch den Dienstbetrieb\n in der Verwaltung ein. Im Rathaus und den Au\u00dfenstellen wird dann eine Kernmannschaft die f\u00fcr die B\u00fcrger\/innen wichtigen Serviceangebote aufrechterhalten. Das bedeutet, dass die Mitarbeiter\/innen auch im Homeoffice arbeiten k\u00f6nnen oder in geteilten Teams abwechselnd\n im Rathaus arbeiten. <\/p>\n\n\n\n<p>Um die Angebote f\u00fcr die B\u00fcrger\/innen insbesondere in den Kernbereichen Ordnungsamt, B\u00fcrgerb\u00fcro, Standesamt und Liegenschaftsamt zu gew\u00e4hrleisten, werden w\u00e4hrend der gewohnten \u00d6ffnungszeiten\n auch weiterhin Ansprechpartner\/innen vor Ort zur Verf\u00fcgung stehen. Das Rathaus ist auch per Mail unter\n<a href=\"mailto:info@schwetzingen.de\" target=\"_blank\" rel=\"noreferrer noopener\">info@schwetzingen.de<\/a> erreichbar. Auch das B\u00fcrger-Infotelefon unter 06202\/ 87-333 ist weiterhin montags bis freitags von 08.00 Uhr bis 18.00 Uhr besetzt.\n<\/p>\n\n\n\n<p>Weiterhin gilt: In dringenden F\u00e4llen kann mit den Mitarbeiter\/innen ein Termin vereinbart werden. Die Stadtverwaltung weist zudem darauf hin, dass viele Beh\u00f6rdeng\u00e4nge inzwischen auch\n \u00fcber Online-Formulare abgewickelt werden k\u00f6nnen. Eine \u00dcbersicht \u00fcber alle m\u00f6glichen Online-Verfahren finden Sie unter\n<a href=\"https:\/\/deref-web-02.de\/mail\/client\/69usd-vhnf8\/dereferrer\/?redirectUrl=http%3A%2F%2Fwww.schwetzingen.de\" target=\"_blank\" rel=\"noreferrer noopener\">www.schwetzingen.de<\/a> in der Rubrik Stadt &amp; B\u00fcrger\/ Online-Dienste (<a href=\"https:\/\/deref-web-02.de\/mail\/client\/rYs0cmdt5Gk\/dereferrer\/?redirectUrl=https%3A%2F%2Fwww.schwetzingen.de%2Fpb%2Fschwetzingen%2FStartseite%2FStadt%2B_%2BBuerger%2FOnline_Dienste.html\" target=\"_blank\" rel=\"noreferrer noopener\">https:\/\/www.schwetzingen.de\/pb\/schwetzingen\/Startseite\/Stadt+_+Buerger\/Online_Dienste.html<\/a>).\n<\/p>\n\n\n\n<p>Diese Ma\u00dfnahmen gelten zun\u00e4chst bis einschlie\u00dflich 3. April 2020.<\/p>\n\n\n\n<p>Die Stadtverwaltung bittet um Verst\u00e4ndnis f\u00fcr diese Ma\u00dfnahme und w\u00fcnscht allen B\u00fcrger\/innen gute Gesundheit!<\/p>\n\n\n\n<p><em>Stadtverwaltung Schwetzingen<br>25.03.2020<\/em><\/p>\n\n\n\n<h2 class=\"wp-block-heading\"><strong>Segensorte\nin Zeiten des Corona-Virus<\/strong><\/h2>\n\n\n\n<h3 class=\"wp-block-heading\"><strong>Bistum Speyer passt Visionsprozess Segensorte an die aktuelle Lage an: Ab sofort Datenbank f\u00fcr Segensorte-Corona-Hilfe online<\/strong><\/h3>\n\n\n\n<figure class=\"wp-block-image\"><img decoding=\"async\" loading=\"lazy\" width=\"800\" height=\"575\" src=\"https:\/\/speyer24news.com\/wp-content\/uploads\/2020\/03\/Segensorte.jpg\" alt=\"\" class=\"wp-image-25559\" srcset=\"https:\/\/speyer24news.com\/wp-content\/uploads\/2020\/03\/Segensorte.jpg 800w, https:\/\/speyer24news.com\/wp-content\/uploads\/2020\/03\/Segensorte-300x216.jpg 300w, https:\/\/speyer24news.com\/wp-content\/uploads\/2020\/03\/Segensorte-768x552.jpg 768w\" sizes=\"(max-width: 800px) 100vw, 800px\" \/><\/figure>\n\n\n\n<p><strong>Speyer &#8211; <\/strong>Aufgrund des sich ausbreitenden Corona-Virus und den damit einhergehenden Schutz- und Vorbeugema\u00dfnahmen hat das Bistum Speyer den laufenden Visionsprozess Segensorte angepasst. Ab sofort k\u00f6nnen Hilfsangebote als &#8222;Segensort&#8220; auf der entsprechenden Homepage eingetragen werden. Dazu z\u00e4hlen beispielsweise Einkaufs-Sevices von Jugendgruppen f\u00fcr \u00e4ltere Menschen oder auch digitale seelsorgliche Angebote. &#8222;Eigentlich hatten wir die Homepage so angelegt, dass Ortsgruppen hier ihre Treffen und Ergebnisse ihrer \u00dcberlegungen f\u00fcr die Kirche von morgen eintragen k\u00f6nnen&#8220;, erkl\u00e4rt Felix Goldinger, Gesch\u00e4ftsf\u00fchrer des Visionsprozesses Segensorte. &#8222;Wir erleben gerade, dass der Alltag massiv eingeschr\u00e4nkt ist, was f\u00fcr viele Menschen gravierende Auswirkungen hat. &#8222;Segensorte&#8220; sollten aber immer schon Orte sein, die den Menschen das geben, was sie brauchen. Daf\u00fcr ist Kirche da. Jetzt haben sich die Vorzeichen ge\u00e4ndert, aber wir erleben, dass ganz viel Solidarit\u00e4t w\u00e4chst, tolle Ideen f\u00fcr unterst\u00fctzende Angebote entstehen und mancherorts viel kreative Energie frei wird. Trotz aller Widrigkeiten entstehen Segensorte. Wir finden: Das ist unterst\u00fctzenswert. Deshalb stellen wir die Homepage als Vernetzungsplattform f\u00fcr Pfarreien, Verb\u00e4nde und Einzelpersonen zur Verf\u00fcgung&#8220;, erkl\u00e4rt Goldinger. <\/p>\n\n\n\n<p>Ab\nsofort k\u00f6nnen Hilfsangebote eingestellt werden. Sie erscheinen auf einer\nLandkarte und vermitteln Hilfesuchende und Helfer\/-innen. Dabei sind praktische\nUnterst\u00fctzungen wie Einkaufshilfen ebenso gefragt, wie digitale Gebetsgemeinschaften,\ntelefonische Begleitung oder auch die Vermittlung von Hausaufgabenhelfer\/-innen\nf\u00fcr Kinder, die gerade nicht am Schulunterricht teilnehmen k\u00f6nnen. <\/p>\n\n\n\n<p>Die Datenbank ist unter der Adresse <a href=\"https:\/\/deref-web-02.de\/mail\/client\/icgf_w6Dr7Q\/dereferrer\/?redirectUrl=https%3A%2F%2Fsegensorte.de%2Fbistum-speyer%2F\" target=\"_blank\" rel=\"noreferrer noopener\">https:\/\/segensorte.de\/bistum-speyer\/<\/a> erreichbar. Eingestellte Hilfsangebote werden nach Pr\u00fcfung auf Richtigkeit der Angaben freigeschaltet.<\/p>\n\n\n\n<p><em>Bistum Speyer<br>25.03.2020<\/em><\/p>\n\n\n\n<h2 class=\"wp-block-heading\"><strong>Coronavirus<\/strong>: <strong>Landrat Brechtel: Dem Virus einen Schritt voraus sein.\nVorsorgema\u00dfnahmen laufen auf Hochtouren<\/strong><\/h2>\n\n\n\n<h3 class=\"wp-block-heading\"><strong>Katastrophenschutzstab des Landkreises Germersheim arbeitet seit\nSonntag in Stufe 5<\/strong><\/h3>\n\n\n\n<p><strong>Landkreis Germersheim &#8211; <\/strong>Auch der Landkreis Germersheim arbeitet seit Sonntag, 22. M\u00e4rz, in Stufe 5 des Katastrophenschutzes. \u201eF\u00fcr die B\u00fcrgerinnen und B\u00fcrger ist das kein Grund zur Sorge. Im Gegenteil: Stufe 5 bedeutet, dass wir als Katastrophenschutzstab noch effektiver auf allen Ebenen zusammenarbeiten k\u00f6nnen. Alle Hilfsorganisationen und die Verwaltung arbeiten strukturiert zusammen, es kann auf alle Anforderungen schnell reagiert werden. Die Vorbereitungen auf eine Notlage, die hoffentlich so nie eintritt, laufen auf Hochtouren\u201c, sagt Landrat Dr. Fritz Brechtel. Soweit m\u00f6glich, kommen die Stabsmitglieder aus Gr\u00fcnden des Infektionsschutzes nicht in einem Raum zusammen, wenn doch, dann nur mit entsprechenden Schutzma\u00dfnahmen. Landrat Brechtel hat angewiesen, Abstimmungen weitestgehend \u00fcber Telefonkonferenzen zu treffen. \u201eIch wei\u00df, dass ich mich auf die hauptamtlichen und ehrenamtlichen Mitglieder im Rahmen des Katastrophenschutzstabes verlassen kann. Die Arbeiten werden schon seit Beginn der Krise professionell erledigt. Ihnen allen geb\u00fchrt mein h\u00f6chster Respekt. Danke!\u201c, so Landrat Brechtel. Der Katastrophenschutzstab untersteht der Leitung von Kreisfeuerwehrinspekteur Mike Sch\u00f6nlaub.<\/p>\n\n\n\n<p>Bereits\naufgebaut ist eine Notpflegestation f\u00fcr pflegebed\u00fcrftige Personen, die z.B.\naufgrund von Erkrankung der Pflegekr\u00e4fte nicht mehr zuhause versorgt werden.\nAuch eine Infekt-Bereitschaftszentrale, die ausschlie\u00dflich Patienten mit Fieber\nannehmen wird, ist im Aufbau. Zudem laufen die Vorbereitungen f\u00fcr ein\nNotkrankenhaus. \u201eWir sind dem Virus noch voraus. Wir sind in der Lage, noch\nalle notwendigen Ma\u00dfnahmen zu ergreifen und Strukturen vorzubereiten, sollte es\nzu einer gr\u00f6\u00dferen Erkrankungswelle in unserer Region kommen. Dazu stehe ich\nauch im engen Austausch mit den Landr\u00e4ten und Oberb\u00fcrgermeistern in der ganzen\nRegion\u201c, sagt Landrat Dr. Brechtel.<\/p>\n\n\n\n<p>F\u00fcr das Notkrankenhaus wird noch medizinisches Fachpersonal gesucht. Die Meldung kann telefonisch erfolgen, Tel. 07274\/53-410, oder per E-Mail an <a href=\"Notkrankenhaus@kreis-germersheim.de\">Notkrankenhaus@kreis-germersheim.de<\/a>. Das Telefon ist Montag bis Freitag von 8.30 bis 14 Uhr besetzt.<\/p>\n\n\n\n<p>Weitere Informationen zum Thema gibt es unter <a href=\"http:\/\/www.kreis-germersheim.de\/Coronavirus\">www.kreis-germersheim.de\/Coronavirus<\/a><\/p>\n\n\n\n<p><em>Kreisverwaltung Germersheim<br>25.03.2020<\/em><\/p>\n\n\n\n<h2 class=\"wp-block-heading\"><strong>Coronavirus<\/strong>: <strong>Liste\nmit h\u00e4ufig gestellten Fragen verf\u00fcgbar (FAQ)<\/strong><\/h2>\n\n\n\n<figure class=\"wp-block-image\"><img decoding=\"async\" loading=\"lazy\" width=\"800\" height=\"346\" src=\"https:\/\/speyer24news.com\/wp-content\/uploads\/2020\/02\/coronavirus-4817450_1920.jpg\" alt=\"\" class=\"wp-image-25126\" srcset=\"https:\/\/speyer24news.com\/wp-content\/uploads\/2020\/02\/coronavirus-4817450_1920.jpg 800w, https:\/\/speyer24news.com\/wp-content\/uploads\/2020\/02\/coronavirus-4817450_1920-300x130.jpg 300w, https:\/\/speyer24news.com\/wp-content\/uploads\/2020\/02\/coronavirus-4817450_1920-768x332.jpg 768w\" sizes=\"(max-width: 800px) 100vw, 800px\" \/><\/figure>\n\n\n\n<p><strong>Landkreise Germersheim &amp; S\u00fcdliche Weinstra\u00dfe \/ Stadt Landau &#8211; <\/strong>Nach der am 20. M\u00e4rz 2020 ver\u00f6ffentlichten Allgemeinverf\u00fcgung (eingeschr\u00e4nkte Ausgangssperre), gehen in den Kommunalverwaltungen zahlreiche Anfragen \u00fcber Mail, Facebook und das B\u00fcrgertelefon ein. Alle einzeln zu beantworten nimmt viel Zeit und Ressourcen in Anspruch, die aber auch hier gerade sehr knapp sind. Deshalb haben die Landkreise Germersheim und S\u00fcdliche Weinstra\u00dfe sowie die Stadt Landau eine gemeinsame Liste mit h\u00e4ufig gestellten Fragen erstellt. Diese wird kontinuierlich erg\u00e4nzt. <\/p>\n\n\n\n<p>\u201eHelfen Sie uns\nRessourcen zielgerichtet einzusetzen und nutzen Sie die zur Verf\u00fcgung\ngestellten Informationen. So k\u00f6nnen aufkommende Fragen beantwortet werden, noch\nbevor sie an uns herangetragen werden m\u00fcssen&#8220;, betonen die Landr\u00e4te Dr.\nFritz Brechtel und Dietmar Seefeldt sowie Oberb\u00fcrgermeister Thomas Hirsch.\n\u201eVielen Dank und bleiben Sie gesund!\u201c<\/p>\n\n\n\n<h4 class=\"wp-block-heading\">Die FAQ-Listen\nfinden sich unter:<\/h4>\n\n\n\n<p><a href=\"https:\/\/www.suedliche-weinstrasse.de\/de\/aktuelles\/corona\/wichtige_infos.php\">https:\/\/www.suedliche-weinstrasse.de\/de\/aktuelles\/corona\/wichtige_infos.php<\/a><\/p>\n\n\n\n<p><a href=\"http:\/\/www.kreis-germersheim.de\/coronavirus\">www.kreis-germersheim.de\/coronavirus<\/a><\/p>\n\n\n\n<h4 class=\"wp-block-heading\"><strong>Auszug aus den FAQs:<\/strong><\/h4>\n\n\n\n<p><strong>Wie lange gelten die\nAusgangsbeschr\u00e4nkungen?<\/strong><\/p>\n\n\n\n<p>Die Allgemeinverf\u00fcgung gilt ab Samstag, 21.03.2020 bis\neinschlie\u00dflich Freitag, 03.04.2020.<\/p>\n\n\n\n<p><strong>Was passiert, wenn\nich von der Polizei oder Ordnungsamt kontrolliert werde?<\/strong><\/p>\n\n\n\n<p>Sie m\u00fcssen sich ausweisen und die triftigen Gr\u00fcnde erkl\u00e4ren.<\/p>\n\n\n\n<p><strong>Warum gibt es\n\u00fcberhaupt Ausgangsbeschr\u00e4nkungen?<\/strong><\/p>\n\n\n\n<p>Um die \u00dcbertragung des Coronavirus in der Bev\u00f6lkerung zu\nverringern. Durch eine verlangsamte Verbreitung soll eine \u00dcberlastung der\nKrankenh\u00e4user verhindert werden.<\/p>\n\n\n\n<p><strong>Zu welchem Zweck\ndarf man das Haus verlassen?<\/strong><\/p>\n\n\n\n<p>Aus triftigem Grund dazu z\u00e4hlen \u2026<\/p>\n\n\n\n<p>\u2026 um zur Arbeit zu gelangen<\/p>\n\n\n\n<p>\u2026 um sich medizinisch behandeln zu lassen (z.B. Arzt,\nPhysiotherapeut)<\/p>\n\n\n\n<p>\u2026 um zum Tierarzt zu gehen<\/p>\n\n\n\n<p>\u2026 um einzukaufen, z.B. Lebensmittel, Tierbedarf, Brief- und\nVersandhandel, Arzneien, Drogeriebedarf<\/p>\n\n\n\n<p>\u2026 um zur Post, Bank oder zum Geldautomaten zu gehen<\/p>\n\n\n\n<p>\u2026 um zu tanken<\/p>\n\n\n\n<p>\u2026 um in die Werkstatt zu gelangen<\/p>\n\n\n\n<p>\u2026 um den eigenen Lebenspartner zu besuchen<\/p>\n\n\n\n<p>\u2026 um sich zu erholen, Sport treiben (siehe unten)<\/p>\n\n\n\n<p><strong>Was ist sicher kein\ntriftiger Grund?<\/strong><\/p>\n\n\n\n<ul><li>Besuch von Freunden\nund Bekannten<\/li><li>Besuch von Partys<\/li><li>Besuch des Friseurs<\/li><\/ul>\n\n\n\n<p><strong>Wie soll man sich als \u201eGetrenntlebende\u201c\nverhalten? <br>\n<\/strong>Trennungskinder und\nihre Eltern, die das sogenannte Wechselmodel leben, die Kinder also r\u00e4umlich\nund zeitlich abwechselnd bei beiden Elternteilen zuhause sind, k\u00f6nnen weiterhin\nihre gewohnten Abl\u00e4ufe beibehalten. Dazu geh\u00f6ren zum Beispiel die Fahrten und\nWege mit ihren Kindern zur Wohnung des anderen Elternteils. Weiterhin m\u00f6glich\nsind auch Kontakte des getrennt lebenden Elternteils zu seinen Kindern. Bitte\nbeachten Sie dabei unbedingt die Hygienevorschriften und halten Sie diese\nm\u00f6glichst streng und konsequent ein. Auch sollte k\u00f6rperliche N\u00e4he auf ein\nMinimum reduziert werden. <\/p>\n\n\n\n<p>Sollten Sie eine Beratung bez\u00fcglich der Ausgestaltung der Kontakte\nmit den Kindern w\u00fcnschen, steht Ihnen die Beratungsstelle der AGFJ unter\nfolgenden Kontaktdaten werktags von 10:00 Uhr bis 14:00 Uhr zur Verf\u00fcgung,\nE-Mail tsb-suew@agfj-Pfalz.de oder Tel. 06341\/6741832 &#8211; in besonders dringenden\nF\u00e4llen zus\u00e4tzlich unter 0152\/56444353.<\/p>\n\n\n\n<p>Weitere Infos zu diesem Thema finden Sie in einem gesonderten\nMen\u00fcpunkt unter \u201eH\u00e4ufig gestellte Fragen\u201c.<\/p>\n\n\n\n<p><strong>Darf ich als Pendler\nin Fahrgemeinschaften fahren?<\/strong><\/p>\n\n\n\n<p>Da in einem Auto der Sicherheitsabstand nicht gewahrt werden kann,\nsind solche Fahrten nicht erlaubt.<\/p>\n\n\n\n<p><strong>Ich wohne im Elsass\nund m\u00f6chte in Deutschland einkaufen?<\/strong><\/p>\n\n\n\n<p>Dies ist ausdr\u00fccklich verboten! Das Elsass ist ein Krisengebiet und\nwir bitten selbst Pendler, sofern irgendwie m\u00f6glich, nicht in die\nBundesrepublik einzureisen.<\/p>\n\n\n\n<p><strong>Darf ich als Handwerker\noder Dienstleistungsunternehmer noch arbeiten?<\/strong><\/p>\n\n\n\n<p>Wenn bei der Arbeit der Sicherheitsabstand gew\u00e4hrleistet werden\nkann, keine Gruppen unter den Mitarbeitern gebildet werden und hygienische\nVorrichtungen sichergestellt sind, d\u00fcrfen diese Leistungen erbracht werden.<\/p>\n\n\n\n<p><strong>Wir ziehen gerade\num. Darf ich das und d\u00fcrfen mir Freunde helfen?<\/strong><\/p>\n\n\n\n<p>Wir empfehlen, sofern m\u00f6glich, jegliche Zusammenk\u00fcnfte zu vermeiden\nund Umz\u00fcge zu verschieben. Familienmitglieder, die im selben Haushalt wohnen,\nd\u00fcrfen gemeinsam einen Umzug vornehmen. Wir raten dringend davon ab, gemeinsam\nmit Freunden oder Bekannten den Umzug vorzunehmen, da der Sicherheitsabstand\nnicht gew\u00e4hrleistet werden kann. Wenn es unumg\u00e4nglich ist, achten Sie bitte\nunbedingt auf die bekannten Sicherheitsma\u00dfnahmen (Abstand, Masken, Handschuhe,\nHygiene \u2026)<\/p>\n\n\n\n<p><strong>Mein Partner, meine\nPartnerin wohnt nicht mit mir im selben Haushalt. Darf ich sie\/ihn noch\nbesuchen?<\/strong><\/p>\n\n\n\n<p>Der Wunsch ist verst\u00e4ndlich und nachvollziehbar. Wenn Sie die\nBesuche nicht vermeiden wollen, beachten Sie bitte die Vorschriften zur Hygiene\n(vor der Begr\u00fc\u00dfung H\u00e4nde waschen) und versuchen Sie in den n\u00e4chsten Tagen oder\nWochen den Aufenthalt auf einen Haushalt zu begrenzen. Dies gilt auch f\u00fcr den\nFall, wenn der Sohn oder die Tochter den Partner besuchen m\u00f6chte. Auch in\ndiesem Fall gilt die Empfehlung, dass der Aufenthalt vorwiegend in einem\neinzigen Haushalt stattfinden soll und das Pendeln zwischen zwei Familien\nvermieden wird. Aufenthalte in der Familie, in der nicht die \u00fcberwiegende Zeit\nverbracht wird, sollten m\u00f6glichst kurz und mit dem gebotenen Sicherheitsabstand\ngehalten werden.<\/p>\n\n\n\n<p><strong>Kann ich privat noch\nBesuche empfangen?<\/strong><\/p>\n\n\n\n<p>Nein. Soziale Kontakte sollten vermieden werden, sofern es sich\nnicht um Pflege oder medizinische Behandlungen handelt.<\/p>\n\n\n\n<p><strong>Wenn ich auf der\nStra\u00dfe Bekannten begegne, darf ich mich mit diesen unterhalten, wenn der\nSicherheitsabstand gewahrt bleibt?<\/strong><\/p>\n\n\n\n<p>\u00d6ffentlicher Raum ist z\u00fcgig zu durchschreiten. Stehenbleiben und\nunterhalten ist nicht erlaubt.<\/p>\n\n\n\n<p><strong>Darf ich noch\nImmobilien besichtigen?<\/strong><\/p>\n\n\n\n<p>Als Makler d\u00fcrfen Immobilien, die zum Verkauf stehen oder vermietet\nwerden sollen, noch betreten werden (z.B. um einen Film zu drehen oder Fotos\nanzufertigen). Besichtigungen sind nicht gestattet.<\/p>\n\n\n\n<p><strong>Ich nehme wahr, dass\nviele Gastronomen oder Eisdielen noch einen Stra\u00dfenverkauf anbieten. Ist dies\ngestattet?<\/strong><\/p>\n\n\n\n<p>Eisdielen ist ein Stra\u00dfenverkauf explizit untersagt. Das sieht eine\nVerf\u00fcgung des Landes vor. Gastronomen, B\u00e4cker oder Imbissst\u00e4nden wird empfohlen\ninnerhalb des Ladengesch\u00e4ftes aber auch im Stra\u00dfenbereich (!) Markierungen anzubringen,\ndie einen Sicherheitsabstand vorsehen. Lieferdienste m\u00fcssen ebenfalls den\nSicherheitsabstand wahren.<\/p>\n\n\n\n<p><strong>Empfiehlt es sich\nbargeldlos zu zahlen?<\/strong><\/p>\n\n\n\n<p>Stifte zum Unterschreiben oder Ger\u00e4te mit Pin-Eingabe sind unter\nUmst\u00e4nden st\u00e4rker kontaminiert als Bargeld. Wenn bargeldloses Bezahlen ohne\nKontakt mit Ger\u00e4ten nicht m\u00f6glich ist, dann empfiehlt es sich im Anschluss\ndirekt die H\u00e4nde zu waschen oder sofern m\u00f6glich zu desinfizieren (einige M\u00e4rkte\nbieten hier Vorrichtungen an).<\/p>\n\n\n\n<p><strong>Darf ich in den Wald\nund darf ich mit dem Auto auch in ein entfernt gelegenes Waldgebiet fahren, um\ndort spazieren zu gehen?<\/strong><\/p>\n\n\n\n<p>Wir empfehlen dringend, den Radius m\u00f6glichst auf das eigene Gebiet\nund das h\u00e4usliche Umland zu begrenzen &#8211; wenngleich kein entsprechendes Gebot\nbesteht. Beachten Sie, dass das gemeinsame Spazierengehen nur mit Menschen\nerlaubt ist, die im selben Haushalt leben und es nicht gestattet ist, sich mit\nanderen Menschen hierf\u00fcr zu verabreden. Bleiben Sie nicht stehen, um sich mit\nanderen zu unterhalten \u2013 selbst bei Einhaltung von Sicherheitsabst\u00e4nden. Laufen\nSie z\u00fcgig, beschr\u00e4nken Sie die Spazierg\u00e4nge im Freien auf ein Mindestma\u00df und\nhalten Sie sich \u00fcberwiegend in den eigenen vier W\u00e4nden auf.<\/p>\n\n\n\n<p><strong>Darf ich noch mit\ndem Fahrrad fahren und drau\u00dfen laufen oder joggen gehen?<\/strong><\/p>\n\n\n\n<p>Ja \u2013 allerdings nicht in der Gruppe, sondern nur alleine oder\nmaximal mit Menschen, die im selben Haushalt leben.<\/p>\n\n\n\n<p>Wir empfehlen dringend, den Radius m\u00f6glichst auf das eigene Gebiet\nund das h\u00e4usliche Umland zu begrenzen &#8211; wenngleich kein entsprechendes Gebot besteht.\nBeachten Sie, dass das gemeinsame Spazierengehen\/Radfahren\/Joggen nur mit\nMenschen erlaubt ist, die im selben Haushalt leben und es nicht gestattet ist,\nsich mit anderen Menschen hierf\u00fcr zu verabreden. Bleiben Sie nicht stehen, um\nsich mit anderen zu unterhalten \u2013 selbst bei Einhaltung von\nSicherheitsabst\u00e4nden. Laufen oder fahren Sie z\u00fcgig, beschr\u00e4nken Sie die\nSpazierg\u00e4nge\/Fahrten mit dem Rad im Freien auf ein Mindestma\u00df und halten Sie\nsich \u00fcberwiegend in den eigenen vier W\u00e4nden auf.<\/p>\n\n\n\n<p><strong>Ich sorge mich um\nMenschen, die obdachlos sind.<\/strong><\/p>\n\n\n\n<p>Jede Kommune verf\u00fcgt \u00fcber Einrichtungen, die zur Unterbringung von\nObdachlosen vorgesehen sind.&nbsp; Vermittelt\nwerden diese \u00fcber die Verwaltungen der Verbands- und Stadtverwaltungen.<\/p>\n\n\n\n<p><strong>Sind medizinische\nBehandlungen in privaten Praxen oder im h\u00e4uslichen Umfeld m\u00f6glich?<\/strong><\/p>\n\n\n\n<p>Wenn es sich um medizinische und nicht um kosmetische Behandlungen\nhandelt (z.B. medizinische Fu\u00dfpflege), dann ist dies nach wie vor erlaubt. Die\nentsprechenden Hygiene- und Sicherheitsma\u00dfnahmen sind einzuhalten (Mundschutz,\nEinmalhandschuhe \u2026).<\/p>\n\n\n\n<p><strong>Ich nehme wahr, dass\nsich viele Menschen in Bau- und Gartenm\u00e4rkten aufhalten und dort einkaufen.\nWeshalb ist das erlaubt?<\/strong><\/p>\n\n\n\n<p>Das Land Rheinland-Pfalz hat nach Abw\u00e4gung der Vor- und Nachteile\nden Entschluss gefasst, dass Bau- und Gartenm\u00e4rkte ge\u00f6ffnet bleiben k\u00f6nnen.\nEine Ausweitung der \u00d6ffnungszeiten soll verhindern, dass sich zu viele Menschen\nzur gleichen Zeit in einem Markt aufhalten. Die Marktbetreiber sind angehalten\nentsprechende Vorkehrungen zu treffen, damit Besucher und Mitarbeiter gesch\u00fctzt\nbleiben.<\/p>\n\n\n\n<p><strong>Darf man auf den\nFriedhof gehen?<\/strong><\/p>\n\n\n\n<p>Ja, jedoch nur alleine, zu Zweit oder mit Personen, die im\ngemeinsamen Haushalt leben. Abstand: mind. 1,5 m gegen\u00fcber anderen Besuchern.<\/p>\n\n\n\n<p><strong>Darf man an\nBestattungen teilnehmen?<\/strong><\/p>\n\n\n\n<p>Bestattungen sind nur im engsten Familienkreis erlaubt (verwandt\nund verschw\u00e4gert bis 2. Grad).<br>\nDie H\u00f6chstgrenze von f\u00fcnf Personen gilt nicht, aber die Einhaltung eines\nAbstandes 1,5 m.<\/p>\n\n\n\n<p><strong>Stimmt es, dass nur\nnoch Feuerbestattungen erlaubt sind?<\/strong><\/p>\n\n\n\n<p>Feuerbestattungen sind zurzeit eine sinnvolle Empfehlung,\nErdbestattungen sind allerdings derzeit noch gestattet.<\/p>\n\n\n\n<p><strong>K\u00f6nnen J\u00e4ger ihren\nAufgaben weiterhin nachgehen?<\/strong><\/p>\n\n\n\n<p>Jagd und Hege dienen dem Wald und seiner Bewohner und sind daher\nzul\u00e4ssig. Erlaubt ist aber nur die Einzeljagd, keine Dr\u00fcck- oder Treibjagden.<\/p>\n\n\n\n<p><strong>D\u00fcrfen Psychologen\/Psychotherapeuten\nHausbesuche durchf\u00fchren?<\/strong><\/p>\n\n\n\n<p>Ja, Psychologen\/Psychotherapeuten d\u00fcrfen Hausbesuche machen, um Therapiegespr\u00e4che zu f\u00fchren. Die Hygienevorschriften sind im besonderen Ma\u00dfe zu beachten.<\/p>\n\n\n\n<p><em>Gemeinsame Pressemitteilung der Kreisverwaltung Germersheim und der Kreisverwaltung S\u00fcdliche Weinstra\u00dfe<br>25.03.2020<\/em><\/p>\n\n\n\n<h2 class=\"wp-block-heading\"><strong>Corona-Virus: \u00dcbersicht \u00fcber die Hilfsangebote in Schwetzingen<\/strong><\/h2>\n\n\n\n<div class=\"wp-block-image\"><figure class=\"aligncenter\"><img decoding=\"async\" src=\"https:\/\/speyer24news.com\/wp-content\/uploads\/2020\/02\/Schwetzingen.jpg\" alt=\"\" class=\"wp-image-25886\"\/><\/figure><\/div>\n\n\n\n<p><strong>Schwetzingen &#8211; <\/strong>In Schwetzingen gibt es aktuell bereits mehrere Vereine und Organisationen, die unb\u00fcrokratische Hilfe in der Corona-Krise f\u00fcr Mitb\u00fcrger\/innen anbieten. <\/p>\n\n\n\n<p>Die Malteser Ortsgruppe Schwetzingen bieten einen kostenlosen Einkaufsservice f\u00fcr \u00e4ltere Menschen in Schwetzingen, Plankstadt und Oftersheim an (Infotelefon: 06202 \u2013 5873680; Montag\n bis Freitag 08.00 Uhr bis 12.00 Uhr, 13.00 Uhr bis 16.30 Uhr). Mehr Infos dazu unter:\n<a href=\"https:\/\/deref-web-02.de\/mail\/client\/7qFlq-OjZoM\/dereferrer\/?redirectUrl=http%3A%2F%2Fwww.malteser-schwetzingen.de\" target=\"_blank\" rel=\"noreferrer noopener\">www.malteser-schwetzingen.de<\/a> \n<\/p>\n\n\n\n<p>Auch die Sportvereine TSV Oftersheim, TV 64 Schwetzingen und die Handballer der HG Oftersheim\/Schwetzingen bieten kostenlos Hilfsangebote an (Telefon 06202 \u2013 9384880, Montag bis Samstag\n von 9.00 bis 12.00 Uhr).<\/p>\n\n\n\n<p>Hilfe gibt es bei: Erledigung von Eink\u00e4ufen, Abholung von Medikamenten, Beh\u00f6rdliche Boteng\u00e4nge, Postsendungen abholen\/abgeben.<\/p>\n\n\n\n<p>\u00dcber die <a href=\"https:\/\/www.facebook.com\/groups\/915089925578926\/\">Facebook Gruppe \u201eCorona in Schwetzingen \u2013 Schwetzingen hilft\u201c <\/a>werden Hilfsbed\u00fcrftige und Freiwillige zusammengebracht und Hilfsangebote ver\u00f6ffentlicht.<\/p>\n\n\n\n<p>Weitere Hilfsangebote &#8211; zum Beispiel der Kirchen &#8211; sind in Planung.<\/p>\n\n\n\n<p>Auch das Generationenb\u00fcro der Stadt Schwetzingen vermittelt gerne Helfer oder steht f\u00fcr Fragen zur Verf\u00fcgung (<a href=\"generationenbuero@schwetzingen.de\">generationenbuero@schwetzingen.de<\/a>; Tel: 06202 &#8211; 87 494, Montag bis Freitag  08.00 Uhr bis 12:00 Uhr).<\/p>\n\n\n\n<p><em>Stadtverwaltung Schwetzingen<br>25.03.2020<\/em><\/p>\n\n\n\n<h2 class=\"wp-block-heading\"><strong>Coronavirus: Reiser\u00fcckkehrer sollen sich beim Gesundheitsamt melden<\/strong><\/h2>\n\n\n\n<div class=\"wp-block-image\"><figure class=\"aligncenter\"><img decoding=\"async\" loading=\"lazy\" width=\"800\" height=\"533\" src=\"https:\/\/speyer24news.com\/wp-content\/uploads\/2020\/03\/luggage-461839_1920.jpg\" alt=\"\" class=\"wp-image-26060\" srcset=\"https:\/\/speyer24news.com\/wp-content\/uploads\/2020\/03\/luggage-461839_1920.jpg 800w, https:\/\/speyer24news.com\/wp-content\/uploads\/2020\/03\/luggage-461839_1920-300x200.jpg 300w, https:\/\/speyer24news.com\/wp-content\/uploads\/2020\/03\/luggage-461839_1920-768x512.jpg 768w\" sizes=\"(max-width: 800px) 100vw, 800px\" \/><\/figure><\/div>\n\n\n\n<p><strong>Landkreis S\u00fcdliche Weinstra\u00dfe \/ Landau &#8211; <\/strong>Um das notwendige Verwaltungsverfahren durchzuf\u00fchren und damit eine Verdienstausfallentsch\u00e4digung m\u00f6glich zu machen, bittet das Gesundheitsamt Landau \u2013 S\u00fcdliche Weinstra\u00dfe alle Reiser\u00fcckkehrer, sich unverz\u00fcglich mit dem Gesundheitsamt Landau \u2013 S\u00fcdliche Weinstra\u00dfe in Verbindung zu setzen. <\/p>\n\n\n\n<p>Dies betrifft insbesondere Mitb\u00fcrgerinnen und Mitb\u00fcrger, die seit dem 9. M\u00e4rz aus \u00c4gypten, Marokko, S\u00fcdafrika, Spanien, Italien und \u00d6sterreich, aber auch aus anderen L\u00e4ndern, eingereist sind.  <\/p>\n\n\n\n<p>Das Gesundheitsamt ist per E-Mail unter <a href=\"mailto:gesundheitsamt@suedliche-weinstrasse.de\">gesundheitsamt@suedliche-weinstrasse.de<\/a> erreichbar.<\/p>\n\n\n\n<p><em>Gemeinsame Pressemitteilung der Stadtverwaltung Landau und der Kreisverwaltung S\u00fcdliche Weinstra\u00dfe<br>25.03.2020<\/em><\/p>\n\n\n\n<h2 class=\"wp-block-heading\">Ak<b>tuelle Meldungen der Stadt Landau \u2013 Stand: 23. M\u00e4rz 2020, 12 Uhr <\/b><\/h2>\n\n\n\n<h3 class=\"wp-block-heading\">Die Stadt Landau informiert: Friedh\u00f6fe bleiben ge\u00f6ffnet \u2013 Beisetzungen werden weiter durchgef\u00fchrt \u2013 Trauerhallen sind geschlossen <\/h3>\n\n\n\n<div class=\"wp-block-image\"><figure class=\"aligncenter\"><img decoding=\"async\" loading=\"lazy\" width=\"800\" height=\"533\" src=\"https:\/\/speyer24news.com\/wp-content\/uploads\/2020\/03\/Info-23-03-2020-12-Uhr_Friedhof.jpg\" alt=\"\" class=\"wp-image-26055\" srcset=\"https:\/\/speyer24news.com\/wp-content\/uploads\/2020\/03\/Info-23-03-2020-12-Uhr_Friedhof.jpg 800w, https:\/\/speyer24news.com\/wp-content\/uploads\/2020\/03\/Info-23-03-2020-12-Uhr_Friedhof-300x200.jpg 300w, https:\/\/speyer24news.com\/wp-content\/uploads\/2020\/03\/Info-23-03-2020-12-Uhr_Friedhof-768x512.jpg 768w\" sizes=\"(max-width: 800px) 100vw, 800px\" \/><figcaption>Das Betreten der Landauer Friedh\u00f6fe ist weiter erlaubt \u2013 allerdings nur unter bestimmten Auflagen.<em> (Quelle: Stadt Landau)<\/em><\/figcaption><\/figure><\/div>\n\n\n\n<p><strong>Landau &#8211;<\/strong> Der Hauptfriedhof wie auch die Friedh\u00f6fe in den Landauer Stadtd\u00f6rfern bleiben trotz des aktuell geltenden Betretungsverbots f\u00fcr \u00f6ffentliche Orte weiter ge\u00f6ffnet. Das teilen Oberb\u00fcrgermeister Thomas Hirsch und Ordnungsdezernent Lukas Hartmann jetzt mit. So soll gerade \u00e4lteren Menschen in den aktuell schwierigen Zeiten nicht die M\u00f6glichkeit genommen werden, zu trauern bzw. am Grab von verstorbenen Angeh\u00f6rigen Trost zu finden.&nbsp; <\/p>\n\n\n\n<p>Allerdings gelten auch auf den Friedh\u00f6fen die bekannten\nEinschr\u00e4nkungen: Das Betreten ist nur alleine, zu zweit oder mit Personen, die\nim eigenen Haushalt leben, gestattet. Zu anderen Besucherinnen und Besuchern\nist ein Abstand von mindestens 1,50 Meter einzuhalten. <\/p>\n\n\n\n<p>Beisetzungen werden in Landau weiter durchgef\u00fchrt.\nAllerdings sind maximal f\u00fcnf Personen zur Trauerfeier zugelassen und die\nTrauerhallen auf dem Hauptfriedhof sowie in den Stadtd\u00f6rfern bleiben vorerst\ngeschlossen.<\/p>\n\n\n\n<h4 class=\"wp-block-heading\">Sie fragen, wir antworten: Stadt Landau stellt FAQ zum Thema Corona online<\/h4>\n\n\n\n<div class=\"wp-block-image\"><figure class=\"aligncenter\"><img decoding=\"async\" loading=\"lazy\" width=\"800\" height=\"533\" src=\"https:\/\/speyer24news.com\/wp-content\/uploads\/2020\/03\/Info-23-03-2020-12-Uhr_FAQ.jpg\" alt=\"\" class=\"wp-image-26056\" srcset=\"https:\/\/speyer24news.com\/wp-content\/uploads\/2020\/03\/Info-23-03-2020-12-Uhr_FAQ.jpg 800w, https:\/\/speyer24news.com\/wp-content\/uploads\/2020\/03\/Info-23-03-2020-12-Uhr_FAQ-300x200.jpg 300w, https:\/\/speyer24news.com\/wp-content\/uploads\/2020\/03\/Info-23-03-2020-12-Uhr_FAQ-768x512.jpg 768w\" sizes=\"(max-width: 800px) 100vw, 800px\" \/><figcaption>In der Stadt Landau gilt, genau wie in den benachbarten Landkreisen, aktuell ein Betretungsverbot, um das Corona-Virus einzud\u00e4mmen. H\u00e4ufig gestellte Fragen dazu hat die Verwaltung jetzt als FAQ zusammengetragen und auf ihre Internetseite gestellt. <em>(Quelle: Stadt Landau)<\/em><\/figcaption><\/figure><\/div>\n\n\n\n<p>Was ist auf? Was zu? Darf ich noch mit dem Hund raus? Und\nwelche Regelungen gelten f\u00fcr Handwerksbetriebe? Rund um die Corona-Krise und vor\nallem das im Stadtgebiet geltende Betretungsverbot von \u00f6ffentlichen Orten\nerreichen die Stadtverwaltung Landau t\u00e4glich zahlreiche Anfragen auf\nverschiedenen Kan\u00e4len. Die h\u00e4ufigsten Fragen werden nun als FAQ auf der\nst\u00e4dtischen Internetseite beantwortet. Der Link zu den kompakten Informationen\nfindet sich direkt auf der Startseite unter \u201eAktuelle Informationen zum\nCorona-Virus\u201c. <\/p>\n\n\n\n<p>Dar\u00fcber hinaus werden nat\u00fcrlich auch \u00f6ffentliche\nKommentare sowie Pers\u00f6nliche Nachrichten auf der offiziellen Facebook-Seite der\nStadt weiter beantwortet. <\/p>\n\n\n\n<p>Das gemeinsame B\u00fcrgertelefon mit dem Landkreis S\u00fcdliche\nWeinstra\u00dfe ist montags bis donnerstags von 8:30 Uhr bis 12 Uhr und von 14 Uhr\nbis 16 Uhr, freitags von 8:30 Uhr bis 12 Uhr und an den Wochenenden von 10 Uhr\nbis 12:30 Uhr unter der 06341\/940 555 erreichbar.<\/p>\n\n\n\n<h4 class=\"wp-block-heading\">Kreative Hilfe in Zeiten von Corona: Landauer Vinzentius-Krankenhaus ruft zum N\u00e4hen von Atemschutzmasken auf <\/h4>\n\n\n\n<div class=\"wp-block-image\"><figure class=\"aligncenter\"><img decoding=\"async\" loading=\"lazy\" width=\"800\" height=\"533\" src=\"https:\/\/speyer24news.com\/wp-content\/uploads\/2020\/03\/Info-23-03-2020-12-Uhr_Masken.jpg\" alt=\"\" class=\"wp-image-26057\" srcset=\"https:\/\/speyer24news.com\/wp-content\/uploads\/2020\/03\/Info-23-03-2020-12-Uhr_Masken.jpg 800w, https:\/\/speyer24news.com\/wp-content\/uploads\/2020\/03\/Info-23-03-2020-12-Uhr_Masken-300x200.jpg 300w, https:\/\/speyer24news.com\/wp-content\/uploads\/2020\/03\/Info-23-03-2020-12-Uhr_Masken-768x512.jpg 768w\" sizes=\"(max-width: 800px) 100vw, 800px\" \/><figcaption>Zertifizierte Originalware ist aktuell schwer in ausreichender Zahl zu bekommen \u2013 daher ruft das Landauer Vinzentius-Krankenhaus die Menschen dazu auf, Atemschutzmasken zu n\u00e4hen. <em>(Quelle: pixabay)<\/em><\/figcaption><\/figure><\/div>\n\n\n\n<p>Landau hilft \u2013 und wird dabei kreativ: Das\nVinzentius-Krankenhaus ruft zu einer ganz besonderen Hilfsaktion auf und bittet\ndie Landauerinnen und Landauer darum, Atemschutzmasken f\u00fcr das Klinikpersonal\nzu n\u00e4hen. \u201eUm unseren Vorrat an pers\u00f6nlicher Schutzausr\u00fcstung zu strecken, bis\nwieder zertifizierte Originalware in ausreichender Menge verf\u00fcgbar ist, bitten\nwir Angeh\u00f6rige, Freunde und die Bev\u00f6lkerung um Mithilfe\u201c, schreibt das\nKrankenhaus in seiner Mitteilung. <\/p>\n\n\n\n<p>Zum Hintergrund: Selbstgen\u00e4hte Atemschutzmasken k\u00f6nnen\nnicht in allen F\u00e4llen eingesetzt werden, helfen jedoch dabei, die\nWeiterverbreitung der Corona-Infektion durch symptomfreie Tr\u00e4gerinnen und\nTr\u00e4ger zu vermindern. So stattet das Krankenhaus alle Mitarbeiterinnen und\nMitarbeiter mit einem einfachen Atemschutz aus, um \u00dcbertragungen per\nTr\u00f6pfcheninfektion einzuschr\u00e4nken. <\/p>\n\n\n\n<p>Oberb\u00fcrgermeister Thomas Hirsch freut sich \u00fcber die\naktuelle Hilfsbereitschaft in der Stadt Landau und dankt allen, die sich in\ndiesen schweren Zeiten in den Dienst der Allgemeinheit stellen \u2013 sei es durch\nNachbarschaftshilfe, Einkaufsservices oder die neue, kreative Hilfsaktion des\nVinzentius-Krankenhauses. \u201eDas medizinische Personal in unseren Krankenh\u00e4usern\nleistet derzeit \u00dcbermenschliches \u2013 die N\u00e4haktion, die in den Sozialen Medien so\nh\u00e4ufig geteilt wird, stellt auch eine kleine Geste der Wertsch\u00e4tzung f\u00fcr diese\nwichtige Arbeit dar.\u201c <\/p>\n\n\n\n<p>Wer selbstgen\u00e4hte Atemschutzmasken spenden m\u00f6chte, kann\ndiese in einen verschlossenen Container rechts vor dem Haupteingang des\nKrankenhauses werfen. Alle gespendeten Masken werden vor der Nutzung noch\neinmal hygienisch gewaschen und aufbereitet. <\/p>\n\n\n\n<p>Weitere Informationen sowie eine Anleitung zum N\u00e4hen finden sich unter <a href=\"http:\/\/www.vinzentius.de\">www.vinzentius.de<\/a> direkt auf der Startseite.<\/p>\n\n\n\n<p><em>Stadtverwaltung Landau in der Pfalz<br>25.03.2020<\/em><\/p>\n\n\n\n<h2 class=\"wp-block-heading\">Corona-Pandemie: Raab fordert Finanzhilfen f\u00fcr Radio, Fernsehen und Presse<\/h2>\n\n\n\n<p><strong>Mainz \/ Rheinland-Pfalz &#8211; <\/strong>\u201eRadio, Fernsehen und die Presse sind f\u00fcr die Versorgung der Bev\u00f6lkerung mit verl\u00e4sslichen Informationen von erheblicher Bedeutung \u2013 auf bundesweiter, landesweiter, regionaler und lokaler Ebene. Dies gilt insbesondere  jetzt, wo wir die Ausbreitung des Corona-Virus m\u00f6glichst eind\u00e4mmen wollen. Die Medien helfen, Desinformationen und Fake News entgegenzutreten. Gleichzeitig stehen viele Medienunternehmen in der aktuellen Situation \u2013 insbesondere durch wegbrechende Werbeeinnahmen  \u2013 vor enormen wirtschaftlichen Herausforderungen. Ich appelliere daher an den Bund, bei den nun anlaufenden Hilfsprogrammen die Bed\u00fcrfnisse der Radio-, Fernseh- und Presseunternehmen zu ber\u00fccksichtigen und die Unternehmen in die Hilfsprogramme einzubeziehen\u201c,  sagte Medienstaatssekret\u00e4rin Heike Raab anl\u00e4sslich der f\u00fcr heute vorgesehenen Beratungen im Bundeskabinett zu milliardenschweren Hilfsprogrammen f\u00fcr die Wirtschaft. Staatssekret\u00e4rin Raab koordiniert in der Rundfunkkommission f\u00fcr das Vorsitzland Rheinland-Pfalz  die Medienpolitik der L\u00e4nder.<\/p>\n\n\n\n<p>\u201eGerade in diesen schwierigen Zeiten ist es unbedingt notwendig, dass das journalistische Arbeiten, die Berichterstattung und die Verbreitung der Inhalte sichergestellt werden. Rundfunk und Presse werden daher  auch in der Aufz\u00e4hlung der Nationalen Strategie zum Schutz Kritischer Infrastrukturen zu Recht als kritische Infrastruktur genannt. Ihre Funktionsf\u00e4higkeit muss \u2013 von der Herstellung der Inhalte bis hin zu deren Verbreitung \u2013 weiterhin erhalten bleibt. Wir  befinden uns hierzu auch in einem engen Austausch mit den Landesmedienanstalten, damit Informationen und Hilfen schnellstm\u00f6glich dort ankommen, wo sie gebraucht werden\u201c, so die Staatssekret\u00e4rin.<\/p>\n\n\n\n<p><em>Staatskanzlei Rheinland-Pfalz<br>25.03.2020<\/em><\/p>\n\n\n\n<h2 class=\"wp-block-heading\">13. Aktuelle Information zu Corona, 22.03.2020<\/h2>\n\n\n\n<ol><li><strong>Aktuelle Fallzahlen<\/strong><\/li><li><strong>Bundesregierung und L\u00e4nder beschlie\u00dfen weitere Ma\u00dfnahmen<\/strong><\/li><li><strong>Strenge Kontrolle der Umsetzung von Ma\u00dfnahmen in Mannheim<\/strong><\/li><\/ol>\n\n\n\n<h4 class=\"wp-block-heading\">1.) Aktuelle Fallzahlen \u2013 Zahl der nachgewiesenen Corona-F\u00e4lle in Mannheim steigt auf 128<\/h4>\n\n\n\n<p>Dem Gesundheitsamt Mannheim wurden bis heute Nachmittag, 22.03.2020, 16.00 Uhr, zw\u00f6lf weitere F\u00e4lle von nachgewiesenen Coronavirus-Infektionen gemeldet. In einem der zw\u00f6lf F\u00e4lle wird die infizierte Person station\u00e4r im Krankenhaus behandelt. Die anderen nachgewiesenen Infizierten zeigen nur milde Krankheitsanzeichen und k\u00f6nnen in h\u00e4uslicher Quarant\u00e4ne verbleiben. Damit erh\u00f6ht sich die Zahl der best\u00e4tigten F\u00e4lle in Mannheim auf 128.<br>\nDar\u00fcber hinaus befinden sich weitere Corona-Patienten unter anderem aus den Mannheimer Umlandgemeinden in den Kliniken.<\/p>\n\n\n\n<p>Das Gesundheitsamt ermittelt nun die weiteren Kontaktpersonen aller nachgewiesen Infizierten, insbesondere im Bereich der sogenannten vulnerablen Gruppen, nimmt Kontakt mit diesen auf und begleitet diese w\u00e4hrend der h\u00e4uslichen Quarant\u00e4ne. Alle beteiligten \u00c4rzte, Gesundheitsbeh\u00f6rden sowie das Kompetenzzentrum Gesundheitsschutz am Landesgesundheitsamt arbeiten dabei eng zusammen.<\/p>\n\n\n\n<h4 class=\"wp-block-heading\">2.) Bundesregierung und L\u00e4nder beschlie\u00dfen weitere Ma\u00dfnahmen<\/h4>\n\n\n\n<p>Die Bundesregierung hat am Sonntag gemeinsam mit den L\u00e4ndern weitere Ma\u00dfnahmen beschlossen, die die Ausbreitung des Corona-Virus verlangsamen sollen. Die meisten Ma\u00dfnahmen waren in Baden-W\u00fcrttemberg und damit auch in Mannheim bereits g\u00fcltig, einzelne kommen noch hinzu:<br>\nSo wurde ein weitgehendes Kontaktverbot beschlossen. Dieses besagt, dass man k\u00fcnftig nur noch zu zweit drau\u00dfen unterwegs sein darf, statt wie zuvor in Baden-W\u00fcrttemberg zu dritt. Durch diese Ma\u00dfnahme soll das bislang leider nach wie vor als problematisch beobachtete Treffen in Gruppen unterbunden werden. Erlaubt ist jedoch auch weiterhin, mit der Kernfamilie, also der Familie, mit der man in einem Haushalt lebt, rauszugehen.<br>\nWenn man sich im \u00f6ffentlichen Raum bewegt \u2013 also beispielsweise im Supermarkt, auf dem Wochenmarkt, beim Spazierengehen oder beim Nutzen des \u00d6PNV \u2013 ist ein Mindestabstand von 1,5 Metern einzuhalten.<br>\nGrunds\u00e4tzlich sollte das Haus nur noch f\u00fcr Notwendiges verlassen werden, wie f\u00fcr Eink\u00e4ufe, den Weg zur Arbeit und zu Notbetreuung, f\u00fcr Hilfe f\u00fcr andere, erforderliche Pr\u00fcfungen und Termine, f\u00fcr den Gang zum Arzt oder zur Apotheke, aber auch individueller Sport und Bewegung im Freien, sofern die Personenbegrenzungen eingehalten werden, sind erlaubt.<br>\nDie Regeln hinsichtlich Gastronomie bleiben in Mannheim wie bereits bekannt bestehen: S\u00e4mtliche Gastronomiebetriebe bleiben geschlossen, lediglich Lieferdienste und Take-Away sind zul\u00e4ssig. Auch die in Mannheim bereits durchgef\u00fchrten Schlie\u00dfungen von Dienstleistern, bei denen k\u00f6rperliche N\u00e4he erforderlich ist \u2013 Friseure, Massagepraxen, Kosmetik- oder Tattoostudios \u2013, wurden durch die vom Bund verk\u00fcndeten Ma\u00dfnahmen best\u00e4tigt.<\/p>\n\n\n\n<p>Die Regelungen treten um Mitternacht in Kraft und haben eine Geltungsdauer von mindestens zwei Wochen.<br> Sie sind <a href=\"https:\/\/www.bundesregierung.de\/resource\/blob\/975226\/1733246\/e6d6ae0e89a7ffea1ebf6f32cf472736\/2020-03-22-mpk-data.pdf?download=\">hier<\/a> online abrufbar.<\/p>\n\n\n\n<h2 class=\"wp-block-heading\">3.) Strenge Kontrolle der Umsetzung von Ma\u00dfnahmen in Mannheim<\/h2>\n\n\n\n<p>Die seit gestern in Baden-W\u00fcrttemberg und damit auch in Mannheim geltenden weitreichenden Ma\u00dfnahmen werden streng \u00fcberwacht.<br> Oberb\u00fcrgermeister Dr. Peter Kurz war am Sonntag gemeinsam mit Polizeipr\u00e4sident Andreas Stenger in der Stadt unterwegs, um sich selbst ein Bild zu machen: <a href=\"https:\/\/www.facebook.com\/peter.kurz1\/\">https:\/\/www.facebook.com\/peter.kurz1\/<\/a><br>Hinweis: \u00d6rtliche begrenzte Allgemeinverf\u00fcgungen, insbesondere an den Pl\u00e4tzen, die beliebt und in der Regel hochfrequentiert sind, werden je nach Bedarfslage erlassen.<\/p>\n\n\n\n<p><em>Stadt Mannheim<br>25.03.2020<\/em><\/p>\n\n\n\n<h2 class=\"wp-block-heading\"><strong>Ministerpr\u00e4sidentin Malu Dreyer: Bund und L\u00e4nder einigen sich auf Erweiterung von Corona-Schutzma\u00dfnahmen<\/strong><\/h2>\n\n\n\n<div class=\"wp-block-image\"><figure class=\"aligncenter\"><img decoding=\"async\" loading=\"lazy\" width=\"800\" height=\"589\" src=\"https:\/\/speyer24news.com\/wp-content\/uploads\/2020\/03\/Foto-PK-22032020-Staatskanzlei-RLP_Pulkowski.jpg\" alt=\"\" class=\"wp-image-26053\" srcset=\"https:\/\/speyer24news.com\/wp-content\/uploads\/2020\/03\/Foto-PK-22032020-Staatskanzlei-RLP_Pulkowski.jpg 800w, https:\/\/speyer24news.com\/wp-content\/uploads\/2020\/03\/Foto-PK-22032020-Staatskanzlei-RLP_Pulkowski-300x221.jpg 300w, https:\/\/speyer24news.com\/wp-content\/uploads\/2020\/03\/Foto-PK-22032020-Staatskanzlei-RLP_Pulkowski-768x565.jpg 768w, https:\/\/speyer24news.com\/wp-content\/uploads\/2020\/03\/Foto-PK-22032020-Staatskanzlei-RLP_Pulkowski-80x60.jpg 80w\" sizes=\"(max-width: 800px) 100vw, 800px\" \/><\/figure><\/div>\n\n\n\n<p><strong>Rheinland-Pfalz \/ Deutschland &#8211; <\/strong>Am Sonntag haben die Regierungschefinnen und-chefs der L\u00e4nder gemeinsam mit der Bundeskanzlerin einheitliche Versch\u00e4rfungen der Schutzma\u00dfnahmen beschlossen, um die weiterhin rasante Ausbreitung des  Corona-Virus zu verlangsamen. \u201eWir befinden uns in einer historischen Situation. Die alarmierende Lage in anderen L\u00e4ndern der Europ\u00e4ischen Union \u2013 insbesondere in Italien und Frankreich \u2013 verdeutlicht von Tag zu Tag mehr: Die Lage ist sehr ernst, es geht letztlich  um Leben und Tod.<\/p>\n\n\n\n<p>In dieser Zeit der maximalen Verunsicherung in der Bev\u00f6lkerung war es wichtig, dass wir f\u00fcr gr\u00f6\u00dftm\u00f6gliche Klarheit sorgen und eine einheitliche Regelung zum Schutz der Menschen gefunden haben.  Einen Flickenteppich mit unterschiedlichen Ma\u00dfnahmen in den L\u00e4ndern h\u00e4tte die Unsicherheit in der Bev\u00f6lkerung versch\u00e4rft\u201c, so Ministerpr\u00e4sidentin Malu Dreyer.<\/p>\n\n\n\n<p>\u201eWir danken all denjenigen, die sich vorbildlich an die Ma\u00dfnahmen gehalten haben. In Anbetracht der weiterhin steigenden Infektionszahlen in ganz Deutschland und auch hier bei uns in Rheinland-Pfalz  sehen wir es deshalb als notwendig an, die Ma\u00dfnahmen zu erweitern. Damit wollen wir die Infektionskurve abflachen, damit auch bei hohen Krankheitsf\u00e4llen stets gen\u00fcgend Intensivpl\u00e4tze zur Verf\u00fcgung stehen und die gesundheitliche Versorgung weiterhin gesichert  bleibt\u201c, so Ministerpr\u00e4sidentin Malu Dreyer. <\/p>\n\n\n\n<p>Die Gefahr ist der h\u00e4ufige unmittelbare soziale Kontakt, der dem Virus eine unkontrollierte Verbreitung erm\u00f6glicht. Deswegen beschr\u00e4nken wir diesen stark. Dabei ist es egal, ob der Kontakt im  \u00f6ffentlichen Raum oder im h\u00e4uslichen Umfeld stattfindet. <\/p>\n\n\n\n<p>Bund und L\u00e4nder verst\u00e4ndigen sich auf eine Erweiterung der am 12. M\u00e4rz beschlossenen Leitlinien zur Beschr\u00e4nkung sozialer Kontakte:<\/p>\n\n\n\n<p>\nI. Die B\u00fcrgerinnen und B\u00fcrger werden angehalten, die Kontakte zu anderen Menschen au\u00dferhalb der Angeh\u00f6rigen des eigenen Hausstands auf ein absolut n\u00f6tiges Minimum zu reduzieren.<\/p>\n\n\n\n<p>\nII. In der \u00d6ffentlichkeit ist, wo immer m\u00f6glich, zu anderen als den Angeh\u00f6rigen des eigenen Hausstands, ein Mindestabstand von mindestens 1,5 m einzuhalten.<\/p>\n\n\n\n<p>\nIII. Der Aufenthalt im \u00f6ffentlichen Raum ist nur alleine, mit einer weiteren nicht im Haushalt lebenden Person oder im Kreis der Angeh\u00f6rigen des eigenen Hausstands gestattet. Verst\u00f6\u00dfe gegen die\n Kontakt-Beschr\u00e4nkungen sollen von den Ordnungsbeh\u00f6rden und der Polizei \u00fcberwacht und bei Zuwiderhandlungen sanktioniert werden.<\/p>\n\n\n\n<p>\nIV. Der Weg zur Arbeit, zur Notbetreuung, Eink\u00e4ufe, Arztbesuche, Teilnahme an Sitzungen, erforderlichen Terminen und Pr\u00fcfungen, Hilfe f\u00fcr andere oder individueller Sport und Bewegung an der frischen\n Luft sowie andere notwendige T\u00e4tigkeiten bleiben selbstverst\u00e4ndlich weiter m\u00f6glich.<\/p>\n\n\n\n<p>\nV. Gruppen feiernder Menschen auf \u00f6ffentlichen Pl\u00e4tzen, in Wohnungen sowie privaten Einrichtungen sind angesichts der ernsten Lage in unserem Land inakzeptabel.\n<\/p>\n\n\n\n<p>\nVI. Gastronomiebetriebe werden geschlossen. Davon ausgenommen ist die Lieferung und Abholung mitnahmef\u00e4higer Speisen f\u00fcr den Verzehr zu Hause.<\/p>\n\n\n\n<p>\nVII. Dienstleistungsbetriebe im Bereich der K\u00f6rperpflege wie Friseure, Kosmetikstudios, Massagepraxen, Tattoo-Studios und \u00e4hnliche Betriebe werden geschlossen, weil in diesem Bereich eine k\u00f6rperliche\n N\u00e4he unabdingbar ist. Medizinisch notwendige Behandlungen bleiben weiter m\u00f6glich.<\/p>\n\n\n\n<p>\nVIII. In allen Betrieben und insbesondere solchen mit Publikumsverkehr ist es wichtig, die Hygienevorschriften einzuhalten und wirksame Schutzma\u00dfnahmen f\u00fcr Mitarbeiter und Besucher umzusetzen.<\/p>\n\n\n\n<p>\nIX. Diese Ma\u00dfnahmen sollen eine Geltungsdauer von mindestens zwei Wochen haben.<\/p>\n\n\n\n<p>Bund und L\u00e4nder werden bei der Umsetzung dieser Einschr\u00e4nkungen sowie der Beurteilung ihrer Wirksamkeit eng zusammenarbeiten. Weitergehende Regelungen aufgrund von regionalen Besonderheiten oder  epidemiologischen Lagen in den L\u00e4ndern oder Landkreisen bleiben m\u00f6glich.<\/p>\n\n\n\n<p>Ministerpr\u00e4sidentin Malu Dreyer dankte insbesondere den Besch\u00e4ftigten im Gesundheitssystem, im \u00f6ffentlichen Dienst und in den Branchen, die das t\u00e4gliche Leben aufrechterhalten sowie allen B\u00fcrgerinnen  und B\u00fcrgern f\u00fcr Ihr Verantwortungsbewusstsein und Ihre Bereitschaft, sich an diese Regeln zu halten, um die Verbreitung des Coronavirus weiter zu verlangsamen.<\/p>\n\n\n\n<p>In Rheinland-Pfalz werden viele dieser Ma\u00dfnahmen bereits umgesetzt, folgendes wird sich ver\u00e4ndern:<\/p>\n\n\n\n<p>Wir schr\u00e4nken den Kreis der Kontaktpersonen weiter ein. Deswegen ist das Verlassen der eigenen Wohnr\u00e4ume und der Aufenthalt im \u00f6ffentlichen Raum nur alleine, mit einer weiteren nicht im Haushalt  lebenden Person oder im Kreis der Angeh\u00f6rigen des eigenen Hausstands gestattet.<\/p>\n\n\n\n<p>So wollen wir daf\u00fcr sorgen, dass die Ansteckungsgefahr sinkt. Weitere Dienstleistungen werden verboten: z.B. Friseure, Kosmetikstudios, Nagelstudios, Tattoo-Studios. Davon nicht betroffen sind  medizinische Dienstleistungen, wie die medizinische Fu\u00dfpflege, Optiker, oder H\u00f6rger\u00e4teakustiker. <\/p>\n\n\n\n<p>\u201eUns ist bewusst, dass alle getroffenen Ma\u00dfnahmen und insbesondere die strikte Begrenzung von sozialen Kontakten den Alltag der B\u00fcrgerinnen und B\u00fcrger einschneidend ver\u00e4ndert\u201c, so die Ministerpr\u00e4sidentin.  \u201eAber wir sehen aktuell in unserer Nachbarregionen &#8222;Grand Est&#8220; in Frankreich und in Italien wie rasant und wie t\u00f6dlich die Folgen der Corona-Pandemie sein k\u00f6nnen\u201c, so Ministerpr\u00e4sidentin Malu Dreyer. Der Kontaktverzicht heute, kann morgen Leben retten. Wir  sind es unseren Mitb\u00fcrgern schuldig, die eine Vorerkrankung haben oder \u00e4lter sind. Es geht buchst\u00e4blich um Leben und Tod! Wir sind es auch den \u00c4rzten und \u00c4rztinnen, Pfleger und Pflegerinnen, Polizisten und Polizistinnen, Feuerwehrleuten, Rettungskr\u00e4ften und  denjenigen, die z.B. in Lebensmittell\u00e4den, Bahnen oder Bussen unser Leben am Laufen halten, schuldig. Sie arbeiten jetzt schon bis zur Ersch\u00f6pfung. Es ist die Aufgabe eines jeden, in dieser historischen Situation Vernunft und Verst\u00e4ndnis zu zeigen und es ist  unsere Pflicht, sie zu unterst\u00fctzen, indem wir die Schutz-Ma\u00dfnahmen einhalten\u201c, appellierte die Ministerpr\u00e4sidentin an die Rheinland-Pf\u00e4lzer und Rheinland-Pf\u00e4lzerinnen.<\/p>\n\n\n\n<p>Die Regierungschefs haben dar\u00fcber hinaus \u00fcber ein Gesetzespaket gesprochen, dass Mittwoch im Bundesrat beschlossen wird, dabei wird es um Hilfen f\u00fcr Krankenh\u00e4user gehen, die sich vorbereiten,  um schwerkranke Patienten aufzunehmen, eine \u00c4nderung des Infektionsschutzgesetzes, eine Anpassung der Insolvenzrechtsordnung, den Nachtragsbundeshaushalt, das Wirtschaftsstabilisierungsfondes-Gesetz, Coronasoforthilfe f\u00fcr Kleinstunternehmen und Soloselbst\u00e4ndige  und das Sozialschutzpaket.<\/p>\n\n\n\n<p><em>Text: Staatskanzlei RLP Foto: Staatskanzlei RLP \/ Pulkowski<br>25.03.2020<\/em><\/p>\n\n\n\n<h2 class=\"wp-block-heading\"><strong>Coronavirus<\/strong>: <strong>29\npositive F\u00e4lle im Landkreis Germersheim best\u00e4tigt<\/strong><\/h2>\n\n\n\n<p><strong>Landkreis Germersheim &#8211; <\/strong>Im Landkreis Germersheim gibt es Stand Sonntag, 22. M\u00e4rz 2020, 15 Uhr, 29 positiv getestete Personen. Die Personen kommen aus den St\u00e4dten W\u00f6rth und Germersheim sowie den Verbandsgemeinden Hagenbach, R\u00fclzheim, Bellheim, Jockgrim, Lingenfeld und Kandel.<\/p>\n\n\n\n<p><strong>Informationen zum Thema\nCoronavirus gibt <\/strong>es\nunter <a href=\"http:\/\/www.kreis-germersheim.de\">www.kreis-germersheim.de<\/a>.<\/p>\n\n\n\n<p>Das B\u00fcrgertelefon wird aufgrund des gro\u00dfen Anrufaufkommens ab Samstag, 21. M\u00e4rz 2020, ausgeweitet. F\u00fcr B\u00fcrgerinnen und B\u00fcrger stehen die Ansprechpartner nun von Montag bis Donnerstag von 8.30 bis 12 Uhr und 14 bis 16 Uhr zur Verf\u00fcgung, freitags von 8.30 bis 12 Uhr. Am Wochenende ist das B\u00fcrgertelefon jeweils von 10 Uhr bis 12.30 Uhr besetzt. Erreichbar ist das B\u00fcrgertelefon des Landkreises Germersheim unter Tel. 07274\/53-131.<\/p>\n\n\n\n<p><em>Landkreis Germersheim<br>25.03.2020<\/em><\/p>\n\n\n\n<h2 class=\"wp-block-heading\"><strong>Coronavirus: Neue F\u00e4lle im Landkreis\nS\u00fcdliche Weinstra\u00dfe und der Stadt Landau<\/strong><\/h2>\n\n\n\n<p><strong>Landkreis S\u00fcdliche Weinstra\u00dfe \/ Landau &#8211; <\/strong>Nach aktuellem Stand (22. M\u00e4rz 2020, 15 Uhr) haben sich im Landkreis S\u00fcdliche Weinstra\u00dfe und der Stadt Landau weitere F\u00e4lle des Coronavirus (COVID-19) best\u00e4tigt. Insgesamt wurden damit 42 F\u00e4lle im Zust\u00e4ndigkeitsbereich des Gesundheitsamts Landau\/S\u00fcdliche Weinstra\u00dfe positiv auf das Coronavirus getestet und an das Landesuntersuchungsamt \u00fcbermittelt. Eine Person stammt aus der Verbandsgmeinde Annweiler, vier Personen aus der Verbandsgemeinde Bad Bergzabern, sieben Personen aus der Verbandsgemeinde Edenkoben, acht Personen aus der Verbandsgemeinde Herxheim, zwei Personen aus der Verbandsgmeinde Landau-Land, drei Personen aus der Verbandsgemeinde Maikammer, neun Personen aus der Verbandsgemeinde Offenbach und acht Personen aus der Stadt Landau. <\/p>\n\n\n\n<p>Alle ermittelbaren Kontaktpersonen\nwerden \u00fcber die Infektion informiert. <\/p>\n\n\n\n<p>Informationen zum Thema Coronavirus finden Sie auf der Homepage des Landkreises: <a href=\"http:\/\/www.suedliche-weinstrasse.de\">www.suedliche-weinstrasse.de<\/a>. &nbsp;&nbsp; Das B\u00fcrgertelefon des Landkreises S\u00dcW und der Stadt Landau ist unter der Telefonnummer 06341\/940 555 f\u00fcr B\u00fcrgerinnen und B\u00fcrger von Montag bis Donnerstag von 8:30 Uhr bis 12 Uhr und 14 Uhr bis 16 Uhr zur Verf\u00fcgung. Freitags ist das B\u00fcrgertelefon von 8:30 Uhr bis 12 Uhr erreichbar. Am Wochenende ist der Telefondienst von 10 Uhr bis 12:30 Uhr besetzt. <\/p>\n\n\n\n<p><em>Gemeinsame Presse-Information der Stadt Landau und des Landkreises S\u00fcdliche Weinstra\u00dfe<br>25.03.2020<\/em><\/p>\n\n\n\n<h2 class=\"wp-block-heading\"><strong>Um \u00fcber Betretungsverbot zu informieren: Stadt Landau, Landkreis S\u00fcdliche Weinstra\u00dfe und Landkreis Germersheim l\u00f6sen KATWARN aus<\/strong><\/h2>\n\n\n\n<div class=\"wp-block-image\"><figure class=\"aligncenter\"><img decoding=\"async\" loading=\"lazy\" width=\"800\" height=\"533\" src=\"https:\/\/speyer24news.com\/wp-content\/uploads\/2020\/03\/Gemeinsame-PM-KATWARN.jpg\" alt=\"\" class=\"wp-image-26052\" srcset=\"https:\/\/speyer24news.com\/wp-content\/uploads\/2020\/03\/Gemeinsame-PM-KATWARN.jpg 800w, https:\/\/speyer24news.com\/wp-content\/uploads\/2020\/03\/Gemeinsame-PM-KATWARN-300x200.jpg 300w, https:\/\/speyer24news.com\/wp-content\/uploads\/2020\/03\/Gemeinsame-PM-KATWARN-768x512.jpg 768w\" sizes=\"(max-width: 800px) 100vw, 800px\" \/><figcaption>Um die Bev\u00f6lkerung \u00fcber das geltende Betretungsverbot zu informieren, haben die Stadt Landau, der Landkreis S\u00fcdliche Weinstra\u00dfe und der Landkreis Germersheim eine Warnung \u00fcber das Katastrophenwarnsystem KATWARN herausgegeben.<\/figcaption><\/figure><\/div>\n\n\n\n<p><strong>LK S\u00fcdliche Weinstra\u00dfe &amp; Germersheim \/ St\u00e4dte Landau &amp; Germersheim &#8211; <\/strong>Die Stadt Landau, der Landkreis S\u00fcdliche Weinstra\u00dfe und der Landkreis Germersheim haben, abgestimmt mit weiteren pf\u00e4lzischen St\u00e4dten und Landkreisen, ein sogenanntes Betretungsverbot erlassen, um die Ausbreitung des Corona-Virus einzud\u00e4mmen. Seit Samstag, 21. M\u00e4rz, d\u00fcrfen \u00f6ffentliche Orte nicht mehr betreten werden. Dazu z\u00e4hlen u.a. Stra\u00dfen, Wege, Gehwege, Pl\u00e4tze, \u00f6ffentliche Gr\u00fcnfl\u00e4chen und Parks. Das Haus oder die Wohnung darf verlassen, wer zum Beispiel zur Arbeit, zur \u00c4rztin bzw. zum Arzt oder zum Einkaufen muss. Auch kurze Spazierg\u00e4nge, Joggen und Gassigehen sind erlaubt \u2013 allerdings nur alleine oder mit den Personen, die im eigenen Haushalt leben. Gr\u00fcnfl\u00e4chen und Parks sind generell gesperrt. Die Regelung gilt zun\u00e4chst bis Freitag, 3. April.<\/p>\n\n\n\n<p>Um die eigene Bev\u00f6lkerung bzw. \u00fcber\ndie sogenannte \u201eSchutzengel-Funktion\u201c auch Menschen, die das Stadt- oder\nKreisgebiet betreten, \u00fcber das Verbot zu informieren, haben die Stadt und die\nbeiden Landkreise jetzt eine Warnung \u00fcber das Katastrophenwarnsystem KATWARN\nherausgegeben. Der kurze Warntext weist auf das Betretungsverbot hin und nennt\nauch noch einmal die Nummern der B\u00fcrgertelefone, die die drei Kommunen in der\nCorona-Krise f\u00fcr ihre B\u00fcrgerinnen und B\u00fcrger eingerichtet haben. <\/p>\n\n\n\n<p>KATWARN sendet Warnungen im Gefahren-\nbzw. Katastrophenfall direkt auf die Mobiltelefone derer, die sie\nheruntergeladen haben. KATWARN ist kostenlos in den App-Stores f\u00fcr iPhones und\nAndroid-Phones erh\u00e4ltlich. Auch die Nutzung ohne Smartphone per SMS oder E-Mail\nist m\u00f6glich. Hierzu muss eine SMS an die Servicenummer 0163\/755 88 42 gesendet\nwerden mit dem Inhalt \u201eKATWARN\u201c, der eigenen Postleitzahl und optional der\neigenen E-Mail-Adresse.&nbsp; <\/p>\n\n\n\n<p>Weitere Informationen rund um das Corona-Virus und die Einschr\u00e4nkungen in der Stadt Landau, im Landkreis S\u00fcdliche Weinstra\u00dfe und im Landkreis Germersheim finden sich auch auf <a href=\"http:\/\/www.landau.de\">www.landau.de<\/a>, <a href=\"http:\/\/www.suedliche-weinstrasse.de\">www.suedliche-weinstrasse.de<\/a> bzw. <a href=\"http:\/\/www.kreis-germersheim.de\">www.kreis-germersheim.de<\/a> direkt auf den Startseiten.<\/p>\n\n\n\n<p><em>Gemeinsame Pressemitteilung der Landkreise Germersheim und S\u00fcdliche Weinstra\u00dfe sowie der Stadt Landau in der Pfalz<br>25.03.2020<\/em><\/p>\n\n\n\n<h2 class=\"wp-block-heading\">Projekt DRK-Einkaufsfreund gestartet<\/h2>\n\n\n\n<h3 class=\"wp-block-heading\">DRK Ha\u00dfloch-Meckenheim hilft Mitmenschen<\/h3>\n\n\n\n<div class=\"wp-block-image\"><figure class=\"aligncenter\"><img decoding=\"async\" loading=\"lazy\" width=\"500\" height=\"586\" src=\"https:\/\/speyer24news.com\/wp-content\/uploads\/2020\/03\/Zahn_Marcel_Kopf.jpg\" alt=\"\" class=\"wp-image-26051\" srcset=\"https:\/\/speyer24news.com\/wp-content\/uploads\/2020\/03\/Zahn_Marcel_Kopf.jpg 500w, https:\/\/speyer24news.com\/wp-content\/uploads\/2020\/03\/Zahn_Marcel_Kopf-256x300.jpg 256w\" sizes=\"(max-width: 500px) 100vw, 500px\" \/><figcaption>Marcel Zahn, Projektleiter Gemeinschaft Wohlfahrts- und Sozialarbeit<\/figcaption><\/figure><\/div>\n\n\n\n<p><strong>Ha\u00dfloch \/ Meckenheim &#8211; <\/strong>Der DRK Ortsverein Ha\u00dfloch-Meckenheim e.V. bringt ab sofort Helferinnen und Helfer sowie Hilfesuchende in Ha\u00dfloch und Meckenheim zusammen.<\/p>\n\n\n\n<p>Marcel Zahn, DRK-Projektleiter in der Gemeinschaft Wohlfahrts- und Sozialarbeit, hat die Idee des DRK-Einkaufsfreund entwickelt. Mittels Email, Facebook oder Telefon werden Hilfesuchende und Helfer zusammengebracht, die Besorgungen wie Einkauf, Arzt- oder Apothekeng\u00e4nge aber auch \u201eGassi gehen\u201c oder Botendienste kostenfrei erledigen. \u201eUnsere Helfer sind Unfall-, Dienstreise- und Haftpflichtversichert\u201c so Zahn zu dem wesentlichen Unterschied zu anderen Angeboten. \u201eWir sind aber gerne bereit, die weiteren Helfer mit in unseren Versicherungsschutz aufzunehmen\u201c so Zahn, der auf Kooperation setzt, denn \u201ees geht um den Zusammenhalt in unserem Ha\u00dfloch\u201c. Des Weiteren k\u00f6nnen die Hilfesuchenden sich an einem Einzugsverfahren beteiligen um somit sicherzustellen, dass kein Bargeld in die Hand genommen werden muss. Das DRK tritt dabei in Vorleistung und k\u00fcmmert sich um die Abrechnung nach dem Einkauf. Der Kontakt ist unkompliziert \u00fcber Tel: 06324\/9235822 (Weiterleitung \/ AB) oder <a href=\"mailto:kontakt@drk-einkaufsfreund.de\" target=\"_blank\" rel=\"noreferrer noopener\">kontakt@drk-einkaufsfreund.de<\/a> m\u00f6glich. Weitere Infos unter <a href=\"https:\/\/deref-web-02.de\/mail\/client\/uXzE3e6Z4L4\/dereferrer\/?redirectUrl=http%3A%2F%2Fwww.drk-einkaufsfreund.de\" target=\"_blank\" rel=\"noreferrer noopener\">www.drk-einkaufsfreund.de<\/a> mit regelm\u00e4\u00dfigen Aktualisierungen.<\/p>\n\n\n\n<p><strong><em>P.S.: <\/em><\/strong>Alle ehrenamtlichen HelferInnen in Rheinland-Pfalz sind durch das Land Haftflicht und Unfallversichert! F\u00fcr unsere HelferInnen die im DRK Ortsverein gemeldet sind, haben wir eine eigene Versicherung \u00fcber den Verein abgeschlossen, deren Leistungen h\u00f6her liegen. Der Link zur entsprechenden Seite des Landes: <a href=\"https:\/\/deref-web-02.de\/mail\/client\/LpGWeAeC-W4\/dereferrer\/?redirectUrl=https%3A%2F%2Fwir-tun-was.rlp.de%2Fde%2Fservice%2Fversicherung%2F\" target=\"_blank\" rel=\"noreferrer noopener\">https:\/\/wir-tun-was.rlp.de\/de\/service\/versicherung\/<\/a><\/p>\n\n\n\n<p><em>DRK Ortsverein Ha\u00dfloch-Meckenheim e.V.<br>25.03.2020<\/em><\/p>\n\n\n\n<h2 class=\"wp-block-heading\">Spende von der Partnerprovinz Fujian<\/h2>\n\n\n\n<div class=\"wp-block-image\"><figure class=\"aligncenter\"><img decoding=\"async\" loading=\"lazy\" width=\"500\" height=\"666\" src=\"https:\/\/speyer24news.com\/wp-content\/uploads\/2020\/03\/China-Deutschland-Freundschaft.png\" alt=\"\" class=\"wp-image-26050\" srcset=\"https:\/\/speyer24news.com\/wp-content\/uploads\/2020\/03\/China-Deutschland-Freundschaft.png 500w, https:\/\/speyer24news.com\/wp-content\/uploads\/2020\/03\/China-Deutschland-Freundschaft-225x300.png 225w\" sizes=\"(max-width: 500px) 100vw, 500px\" \/><figcaption>Eine Lieferung von 5000 St\u00fcck N95 und 10000 St\u00fcck Medizinische Masken<\/figcaption><\/figure><\/div>\n\n\n\n<p><strong>Fujian (China) \/ Rheinlandpfalz \/ Speyer &#8211; <\/strong>Liebe Freunde und Freundinnen unserer Partnerschaft mit der Provinz Fujian, Die Regierung Fujian schenkt unserem Land 11.000 dringend ben\u00f6tigte medizinischen Masken, wie Sie auf dem beiliegenden Foto einiger Pakete mit den Aufklebern &#8222;Freundschaft kennt keine Entfernungen&#8220;, sehen k\u00f6nnen. <\/p>\n\n\n\n<p>Es ist nicht ganz verst\u00e4ndlich,  aber tats\u00e4chlich fehlen Masken fast \u00fcberall und das schon seit vielen Wochen. Im Januar hatte die Regierung Fujian angefragt, ob wir Masken vermitteln k\u00f6nnten. Unsere Versuche blieben ergebnislos, der Weltmarkt sei ausverkauft. <\/p>\n\n\n\n<p>Sehr sch\u00f6n diese Geste! Vielen Dank an unseren direkten Gespr\u00e4chspartner bei der Regierung Fujian , der Ihnen allen vermutlich bekannte Freund Chen Guoquan. <\/p>\n\n\n\n<p>Bleibt bitte alle Gesund !!!!!!!!<\/p>\n\n\n\n<p><em>Gesellschaft Deutsch Chinesische Freundschaft (GDCF) Speyer<br>25.03.2020<\/em><\/p>\n\n\n\n<h2 class=\"wp-block-heading\">12. Aktuelle Information zu Corona, 21.03.2020<\/h2>\n\n\n\n<ol><li><strong>Aktuelle Fallzahlen<\/strong><\/li><li><strong>Rechtsverordnung des Landes<\/strong><\/li><li><strong>Auslegungshinweise zur Corona-Verordnung<\/strong><\/li><li><strong>Stellungnahme des Oberb\u00fcrgermeisters zur aktuellen Lage und Einhaltung der Ma\u00dfnahmen<\/strong><\/li><\/ol>\n\n\n\n<div class=\"wp-block-image\"><figure class=\"aligncenter\"><img decoding=\"async\" src=\"https:\/\/speyer24news.com\/wp-content\/uploads\/2020\/03\/Mannheim-Logo.png\" alt=\"\" class=\"wp-image-25671\"\/><\/figure><\/div>\n\n\n\n<h4 class=\"wp-block-heading\">1.) Aktuelle Fallzahlen \u2013 Zahl der nachgewiesenen Corona-F\u00e4lle in Mannheim steigt auf 116<\/h4>\n\n\n\n<p>Dem Gesundheitsamt Mannheim wurden bis heute Nachmittag, 21.03.2020, 17.30 Uhr, 14 weitere F\u00e4lle von nachgewiesenen Coronavirus-Infektionen gemeldet. Damit erh\u00f6ht sich die Zahl der best\u00e4tigten F\u00e4lle in Mannheim auf 116. Eine der infizierten Personen wird derzeit station\u00e4r im Krankenhaus behandelt. Die anderen nachgewiesenen Infizierten zeigen nur milde Krankheitsanzeichen und k\u00f6nnen in h\u00e4uslicher Quarant\u00e4ne verbleiben.<br>\nDar\u00fcber hinaus befinden sich weitere Corona-Patienten aus den Mannheimer Umlandgemeinden in den Kliniken.<\/p>\n\n\n\n<p>Das Gesundheitsamt ermittelt nun die weiteren Kontaktpersonen aller nachgewiesen Infizierten, insbesondere im Bereich der sogenannten vulnerablen Gruppen, nimmt Kontakt mit diesen auf und begleitet diese w\u00e4hrend der h\u00e4uslichen Quarant\u00e4ne. Alle beteiligten \u00c4rzte, Gesundheitsbeh\u00f6rden, sowie das Kompetenzzentrum Gesundheitsschutz am Landesgesundheitsamt arbeiten dabei eng zusammen.<\/p>\n\n\n\n<h4 class=\"wp-block-heading\">2.) Neue Rechtsverordnung des Landes \u2013 weitere Ma\u00dfnahmen auch f\u00fcr Mannheim<\/h4>\n\n\n\n<p>Seit heute gelten in Baden-W\u00fcrttemberg und damit auch in Mannheim weitere Ma\u00dfnahmen, um die Ausbreitung des Corona-Virus zu verlangsamen.<\/p>\n\n\n\n<h4 class=\"wp-block-heading\">3.) Auslegungshinweise zur Corona-Verordnung: Offenhalten oder Schlie\u00dfen von Gesch\u00e4ften<\/h4>\n\n\n\n<p>Das Land hat eine \u00dcbersicht an Auslegungshinweisen erstellt, die detailliert auff\u00fchrt, welche Gesch\u00e4fte entsprechend der aktuellen Rechtsverordnung weiter ge\u00f6ffnet bleiben d\u00fcrfen und welche schlie\u00dfen m\u00fcssen. Die Auslegungshinweise sind <a href=\"https:\/\/www.mannheim.de\/sites\/default\/files\/2020-03\/20-03-20_24Uhr_AKTUELL_Wirtschaftsministerium_Auslegungshinweise_zur_Corona-Verordnung.pdf\">hier <\/a>abrufbar.<\/p>\n\n\n\n<h4 class=\"wp-block-heading\">4.) Statement von Oberb\u00fcrgermeister Dr. Peter Kurz zur aktuellen Lage und Einhaltung der Ma\u00dfnahmen in Mannheim:<\/h4>\n\n\n\n<p>\u201eInsgesamt werden die Regeln nach R\u00fcckmeldung der Polizei und des kommunalen Ordnungsdienstes weitgehend beachtet. Hinweise und Anweisungen werden \u00fcberwiegend mit Verst\u00e4ndnis aufgenommen. Die gro\u00dfen Lebensmittel-Ketten haben eigene Security-Kr\u00e4fte zur Steuerung des Zugangs im Einsatz. In vielen Gesch\u00e4ften sorgen Absperrb\u00e4nder und spezielle Markierungen auf dem Boden in den Au\u00dfenbereichen f\u00fcr den geforderten Abstand.<br>\nDie Sport-, Spiel- und Parkanlagen waren heute witterungsbedingt nicht bzw. nicht sehr stark frequentiert. Dennoch gab es einzelne Platzverweise und Strafanzeigen wegen Verst\u00f6\u00dfen.<br>\nGenerell gilt: Verst\u00f6\u00dfe gegen die Anordnungen sind Straftaten. Sie werden verfolgt, schon heute hat es allein im Bereich der Innenstadt \u00fcber 20 Strafanzeigen gegeben.<br>\nDer \u2013 insgesamt m\u00e4\u00dfige \u2013 Besuch am Vormittag in der Innenstadt bezog sich ganz \u00fcberwiegend auf den Einkauf von Lebensmitteln. Ob hier noch Regelungsbedarf besteht, verfolgen wir. Die Landesregierung wie auch die Stadt Mannheim und auch andere Bundesl\u00e4nder haben zum Beispiel Wochenm\u00e4rkte nicht untersagt, da keinesfalls der Eindruck entstehen soll, dass die Lebensmittelversorgung eingeschr\u00e4nkt wird.<br>\nZusammengefasst: die Regelungen finden ganz \u00fcberwiegend Verst\u00e4ndnis und Zustimmung. Sie k\u00f6nnen durch Kontrolle, Hinweise und Sanktionen auch durchgesetzt werden. Die jetzigen Reglungen der Ausgangsbeschr\u00e4nkung (keinerlei Veranstaltungen mehr und keine Ansammlung \u00fcber drei Personen im \u00f6ffentlichen Raum, Schlie\u00dfung fast aller Einrichtungen au\u00dfer Versorgung) unterscheiden sich nur noch graduell von einer Ausgangssperre. Am Wochenende wird die bundesweite Bewertung entscheidend sein, ob grundlegend weitere Ma\u00dfnahmen getroffen werden.\u201c<\/p>\n\n\n\n<p><em>Stadt Mannheim<br>25.03.2020<\/em><\/p>\n\n\n\n<h2 class=\"wp-block-heading\">Gemeinsamer Katastrophenschutzstab der Stadt Landau und des Landkreises S\u00fcdliche Weinstra\u00dfe nimmt Arbeit auf \u2013 Notkrankenh\u00e4user in Bad Bergzabern und an der IGS Landau in Vorbereitung<\/h2>\n\n\n\n<div class=\"wp-block-image\"><figure class=\"aligncenter\"><img decoding=\"async\" loading=\"lazy\" width=\"800\" height=\"533\" src=\"https:\/\/speyer24news.com\/wp-content\/uploads\/2020\/03\/21-03-2020-Gemeinsame-PM-Stab.jpg\" alt=\"\" class=\"wp-image-26048\" srcset=\"https:\/\/speyer24news.com\/wp-content\/uploads\/2020\/03\/21-03-2020-Gemeinsame-PM-Stab.jpg 800w, https:\/\/speyer24news.com\/wp-content\/uploads\/2020\/03\/21-03-2020-Gemeinsame-PM-Stab-300x200.jpg 300w, https:\/\/speyer24news.com\/wp-content\/uploads\/2020\/03\/21-03-2020-Gemeinsame-PM-Stab-768x512.jpg 768w\" sizes=\"(max-width: 800px) 100vw, 800px\" \/><figcaption>OB Thomas Hirsch (r.) und Landrat Dietmar Seefeldt bei der Lagebesprechung zur Einrichtung eines gemeinsamen Katastrophenschutzstabs. <\/figcaption><\/figure><\/div>\n\n\n\n<p><strong>Landkreis S\u00fcdliche Weinstra\u00dfe &amp; Landau &#8211;<\/strong> Einen Tag, nachdem die Stadt Landau und der Landkreis S\u00fcdliche Weinstra\u00dfe die Stufe 4 im Katastrophenschutz ausgerufen haben, hat der gemeinsame gro\u00dfe Katastrophenschutzstab seine Arbeit aufgenommen. Oberb\u00fcrgermeister Thomas Hirsch und Landrat Dietmar Seefeldt haben entschieden, die bisherigen Krisenstrukturen in Stadt und Kreis zu einem gemeinsamen Stab zusammenzuf\u00fchren. Der gemeinsame Katastrophenschutzstab, dem OB und Landrat vorsitzen, hat seine R\u00e4umlichkeiten im Rathaus bezogen, w\u00e4hrend die Technische Einsatzleitung als Bindeglied zwischen Stab und Einsatzkr\u00e4ften in der Jugendstil-Festhalle untergekommen ist \u2013 um zu gew\u00e4hrleisten, dass aus Gr\u00fcnden des Infektionsschutzes m\u00f6glichst wenig direkter Kontakt zwischen den beiden Befehlsstellen besteht. Stab und Technische Einsatzleitung sind durch eine Videoschalte miteinander verbunden. <\/p>\n\n\n\n<p>\u201eDurch den gemeinsamen,\ninterkommunalen Katastrophenstab wollen wir die Ma\u00dfnahmen im Kampf gegen das\nCorona-Virus in der Region noch besser verzahnen und die Ressourcen beider\nKommunen schonen\u201c, begr\u00fcnden OB Hirsch und Landrat Seefeldt ihre Entscheidung.\nWichtigste Aufgabe des gemeinsamen Stabs sei es, die dynamische Lage in der\naktuellen Krisensituation zu beherrschen, sind sich beide Verwaltungschefs\neinig. \u201eBei beiden Verwaltungen gehen quasi im Minutentakt neue Informationen\nein, die wir b\u00fcndeln und verarbeiten und dann entsprechende Ma\u00dfnahmen zum\nSchutz der Bev\u00f6lkerung ergreifen m\u00fcssen.\u201c <\/p>\n\n\n\n<p>Hirsch und Seefeldt betonen in diesem\nZusammenhang auch noch einmal die Bedeutung des j\u00fcngsten Verbots zum Betreten\nvon \u00f6ffentlichen Orten in Stadt und Kreis. \u201eDie Lage in der S\u00fcdpfalz ist eine\nandere als in den meisten \u00fcbrigen rheinland-pf\u00e4lzischen Landesteilen \u2013 daf\u00fcr\nsorgt in erster Linie die N\u00e4he zur franz\u00f6sischen Region Grand-Est als\nCorona-Risikogebiet.\u201c Beide Verwaltungschefs bringen ihre Verbundenheit mit den\nFreundinnen und Freunden im benachbarten Elsass zum Ausdruck, wo das\nGesundheitssystem aufgrund von vielen Corona-F\u00e4llen aktuell an seine Grenzen\nkommt. <\/p>\n\n\n\n<p>Um in der S\u00fcdpfalz auf eine Ausbreitung\ndes Virus vorbereitet zu sein, geh\u00f6rt es zu den ersten Aufgaben des neuen\nKatastrophenstabs, Notkrankenh\u00e4user zu errichten. Entsprechende Strukturen\nwerden aktuell bereits in den leerstehenden R\u00e4umlichkeiten der Klinik Bad\nBergzabern des Klinikums Landau-S\u00dcW und an der Integrierten Gesamtschule in\nLandau geschaffen. Stadt und Kreis weisen aber darauf hin, dass die beiden\nNotkrankenh\u00e4user keine direkte Anlaufstelle f\u00fcr B\u00fcrgerinnen und B\u00fcrger\ndarstellen. Vielmehr werden die Patientinnen und Patienten von den bestehenden,\n\u201eregul\u00e4ren\u201c Krankenh\u00e4usern an die neuen Strukturen \u00fcberwiesen. <\/p>\n\n\n\n<p>Medizinisches Fachpersonal, das die Notkrankenh\u00e4user unterst\u00fctzen m\u00f6chte, wird weiter gebeten, sich unter den E-Mail-Adressen <a href=\"Notkrankenhaus@landau.de\">Notkrankenhaus@landau.de<\/a> bzw. <a href=\"Notkrankenhaus@suedliche-weinstrasse.de\">Notkrankenhaus@suedliche-weinstrasse.de<\/a> bei der Stadt- bzw. Kreisverwaltung zu melden.<\/p>\n\n\n\n<p><em>Stadtverwaltung Landau in der Pfalz<br>25.03.2020<\/em><\/p>\n\n\n\n<h2 class=\"wp-block-heading\">Glassammlung setzt einmal aus<\/h2>\n\n\n\n<div class=\"wp-block-image\"><figure class=\"aligncenter\"><img decoding=\"async\" loading=\"lazy\" width=\"800\" height=\"640\" src=\"https:\/\/speyer24news.com\/wp-content\/uploads\/2020\/03\/IMG_20200322_0820483.jpg\" alt=\"\" class=\"wp-image-26038\" srcset=\"https:\/\/speyer24news.com\/wp-content\/uploads\/2020\/03\/IMG_20200322_0820483.jpg 800w, https:\/\/speyer24news.com\/wp-content\/uploads\/2020\/03\/IMG_20200322_0820483-300x240.jpg 300w, https:\/\/speyer24news.com\/wp-content\/uploads\/2020\/03\/IMG_20200322_0820483-768x614.jpg 768w\" sizes=\"(max-width: 800px) 100vw, 800px\" \/><\/figure><\/div>\n\n\n\n<p><strong>Speyer \/ Stadtwerke &#8211; <\/strong>Um die Abfallentsorgung f\u00fcr die hygienisch wichtigen Fraktionen \u2013 wie z. B. Restm\u00fcll und Bioabfall \u2013 auch w\u00e4hrend der Zeit des erh\u00f6hten Krankenstandes in vollem Umfang aufrechterhalten zu k\u00f6nnen, setzen die EBS\/SWS in der Zeit vom 23. M\u00e4rz bis 2. April 2020 die Glassammlung aus. <\/p>\n\n\n\n<p>Alle B\u00fcrgerinnen und B\u00fcrger werden gebeten, keine Glas-S\u00e4cke bereitzustellen bzw. schon bereitgestellte wieder ins Haus zu holen. Eine Information von Nachbarn und Verwandten telefonisch oder digital hilft, die \u00f6ffentliche Ordnung aufrecht zu erhalten. Die Entsorgungsbetriebe bedanken sich f\u00fcr die Unterst\u00fctzung jedes Einzelnen.<\/p>\n\n\n\n<p><em>Stadtwerke Speyer GmbH<br>23.03.2020<\/em><\/p>\n\n\n\n<h2 class=\"wp-block-heading\"><strong>Speyerer Unternehmen unterst\u00fctzen &#8211; Wirtschaftsf\u00f6rderung erstellt \u00dcbersicht von Lieferdiensten<\/strong><\/h2>\n\n\n\n<p><strong>Speyer &#8211; <\/strong>Die tiefgreifenden, aber notwendigen Ma\u00dfnahmen zur Eind\u00e4mmung der Ausbreitung des Coronavirus in Speyer stellen ortsans\u00e4ssige Unternehmen, Gastronomiebetriebe, Hotels und Vereine vor gro\u00dfe  wirtschaftliche Herausforderungen. <\/p>\n\n\n\n<p>Viele Betriebe haben reagiert und einen eigenen Lieferdienst oder Services eingerichtet, die den verordneten Hygienema\u00dfnahmen entsprechen. Die st\u00e4dtische Wirtschaftsf\u00f6rderung hat aus den  bekannten Angeboten eine \u00dcbersicht erstellt, welche zentral unter <a href=\"https:\/\/deref-web-02.de\/mail\/client\/T524OLHB7wU\/dereferrer\/?redirectUrl=http%3A%2F%2Fwww.speyer.de%2Flieferdienste\" target=\"_blank\" rel=\"noreferrer noopener\"> www.speyer.de\/lieferdienste<\/a> abrufbar ist. Unternehmen, die vergleichbare Leistungen anbieten, jedoch nicht in der Liste aufgef\u00fchrt sind, werden gebeten sich per E-Mail an <a href=\"mailto:wirtschaftsfoerderung@stadt-speyer.de\" target=\"_blank\" rel=\"noreferrer noopener\"> wirtschaftsfoerderung@stadt-speyer.de<\/a> zu wenden. <\/p>\n\n\n\n<p>Indes appelliert die Oberb\u00fcrgermeisterin an den Zusammenhalt der Speyererinnen und Speyerer: \u201eBitte bestellen Sie gerade in diesen schwierigen Zeiten nicht arglos bei Gro\u00dfh\u00e4ndlern im Internet,  sondern unterst\u00fctzen Sie unsere Speyerer Unternehmen. Kaufen Sie Gutscheine, werden Sie Vereinsmitglied und helfen Sie so, die wirtschaftlichen Folgen der Krise etwas abzumildern\u201c.<\/p>\n\n\n\n<p>Die Wirtschaftsf\u00f6rderung der Stadtverwaltung steht allen Unternehmen bei R\u00fcckfragen gerne telefonisch unter 0 62 32\/14 22 80 oder 0 62 32\/14 27 60 sowie per E-Mail unter <a href=\"mailto:wirtschaftsfoerderung@stadt-speyer.de\" target=\"_blank\" rel=\"noreferrer noopener\"> wirtschaftsfoerderung@stadt-speyer.de<\/a> zur Verf\u00fcgung.<\/p>\n\n\n\n<p><em>Stadtverwaltung Speyer \/ Wirtschaftsf\u00f6rderung<br>23.03.2020<\/em><\/p>\n\n\n\n<h2 class=\"wp-block-heading\"><strong>Sorgen und \u00c4ngste \u2013 Kraft und Zuversicht\n<\/strong><\/h2>\n\n\n\n<h3 class=\"wp-block-heading\">Kirchenpr\u00e4sident und Bischof halten Andacht via Livestream \u2013 Dank an \u00c4rzteschaft und Pflegende\n<\/h3>\n\n\n\n<p><strong>Landau <em>(lk\/is)<\/em> &#8211; <\/strong>Sorgen und \u00c4ngste sowie Hoffnung und Hilfe angesichts der Corona-Pandemie haben Kirchenpr\u00e4sident Christian Schad und Bischof Karl-Heinz Wiesemann in einem \u00f6kumenischen Gebet zum Ausdruck gebracht.  In der Kapelle des Protestantischen Butenschoen-Hauses in Landau feierten die beiden Geistlichen eine \u00f6kumenische Andacht, die von Landeskirchenmusikdirektor Jochen Steuerwald musikalisch gestaltet wurde. Zu dieser Zeit l\u00e4uteten in allen Kirchen in der Pfalz  und der Saarpfalz zehn Minuten lang die Glocken. <\/p>\n\n\n\n<p>Besonders schlossen Kirchenpr\u00e4sident und Bischof die \u00c4rzteschaft und Pflegekr\u00e4fte in den Krankenh\u00e4usern, Hospizen, Altenhilfeeinrichtungen und Praxen in das Gebet ein, \u201edie bis an die Grenzen ihrer Belastbarkeit\n arbeiten.\u201c Mut, Kraft und Zuversicht erbaten Schad und Wiesemann f\u00fcr die zahlreichen Ehrenamtlichen, die Familien, alten und gesundheitlich beeintr\u00e4chtigten Menschen helfen.\n<\/p>\n\n\n\n<p>Die Kirchen blieben nach den Ausf\u00fchrungen der leitenden Geistlichen ihrem Auftrag treu und st\u00fcnden auch weiterhin all denen bei, die in der aktuellen Krise besonders betroffen seien. \u201eIn der Seelsorge, dem Gebet\n sowie in Diakonie und Caritas sind wir weiter f\u00fcr Sie da\u201c, erkl\u00e4rten Kirchenpr\u00e4sident Schad und Bischof Wiesemann, die das Gebet ohne Gottesdienstgemeinde vor Ort feierten.\n<\/p>\n\n\n\n<p>Das \u00f6kumenische Gebet in der Kapelle des Protestantischen Butenschoen-Hauses in Landau wurde per Livestream \u00fcber die Internet-Auftritte und Social-Media-Kan\u00e4le von Bistum und Landeskirche sowie in den Offenen\n Kan\u00e4len Kaiserslautern und S\u00fcdwestpfalz \u00fcbertragen. Als Aufzeichnung ist das Gebet auch weiterhin \u00fcber <a href=\"https:\/\/deref-web-02.de\/mail\/client\/X2RgN0KH_4w\/dereferrer\/?redirectUrl=http%3A%2F%2Fwww.evkirchepfalz.de\" target=\"_blank\" rel=\"noreferrer noopener\">www.evkirchepfalz.de<\/a> und <a href=\"https:\/\/deref-web-02.de\/mail\/client\/1cyMA8jtc2g\/dereferrer\/?redirectUrl=http%3A%2F%2Fwww.bistum-speyer.de\" target=\"_blank\" rel=\"noreferrer noopener\">www.bistum-speyer.de<\/a> zu sehen.\n<\/p>\n\n\n\n<p>Die Evangelische Kirche der Pfalz will bis auf weiteres an den kommenden Samstagen jeweils um 18 Uhr eine Andacht aus dem Butenschoen-Haus senden.<\/p>\n\n\n\n<p><em>23.03.2020<\/em><\/p>\n\n\n\n<h2 class=\"wp-block-heading\">Abfallwirtschaftshof in Speyer geschlossen<\/h2>\n\n\n\n<p><strong>Speyer \/ Abfallwirtschaftshof &#8211; <\/strong>Nach dem regul\u00e4ren Schlie\u00dftag am Montag sind ab Dienstag, 24. M\u00e4rz 2020, am Abfallwirtschaftshof (AWH) an der Franz-Kirrmeier-Stra\u00dfe keine privaten Anlieferungen mehr m\u00f6glich. Die Verantwortlichen der Entsorgungsbetriebe Speyer (EBS) haben diesen Entschluss fassen m\u00fcssen, weil die Mindestvorgaben f\u00fcr die Personendichte auf dem Hof durch den hohen Kundendruck nicht ausreichend eingehalten werden konnten. Im Zuge der Corona-Pr\u00e4vention dient die Ma\u00dfnahme dem Schutz der Anlieferer sowie des Personals von AWH und Kl\u00e4ranlage gleicherma\u00dfen. Der Betrieb der Kl\u00e4ranlage muss mit Blick auf die Daseinsvorsorge unter allen Umst\u00e4nden aufrechterhalten werden.<\/p>\n\n\n\n<p>Solange keine \u00f6ffentlichen Anordnungen dagegenstehen, werden die Gr\u00fcnabfallcontainer auf den acht verschiedenen Pl\u00e4tzen im Stadtgebiet weiterhin bereitgestellt. Auch hier bitten die EBS die Nutzer eindringlich um Achtsamkeit und gegenseitige R\u00fccksichtnahme. Im Container soll immer nur eine Einzelperson Gr\u00fcnschnitt einschichten. Wartende m\u00fcssen den notwendigen Abstand voneinander halten. <\/p>\n\n\n\n<p><em>Stadtwerke Speyer GmbH<br>23.03.2020<\/em><\/p>\n\n\n\n<h2 class=\"wp-block-heading\">Ansprache der Ministerpr\u00e4sidentin Malu Dreyer an die Bev\u00f6lkerung<\/h2>\n\n\n\n<figure class=\"wp-block-image\"><img decoding=\"async\" src=\"https:\/\/speyer24news.com\/wp-content\/uploads\/2020\/03\/Dreyer-Malu-@-SPD-RLP.jpg\" alt=\"\" class=\"wp-image-26037\"\/><\/figure>\n\n\n\n<p>Guten Abend, liebe Rheinland-Pf\u00e4lzer\nund Rheinland-Pf\u00e4lzerinnen,<\/p>\n\n\n\n<p>mir ist es wichtig, Sie in\ndieser schwierigen und herausfordernden Zeit der Corona-Krise immer wieder\npers\u00f6nlich anzusprechen. Das ist m\u00f6glich, weil ganz viele Journalisten und\nJournalisten trotz aller Widrigkeiten weiter ihre Arbeit tun. Daf\u00fcr an dieser\nStelle ein herzliches Dankesch\u00f6n!<\/p>\n\n\n\n<p>Die Zahl der Infizierten wird auch\nbei uns weiter ansteigen. Die Landesregierung bewertet die Lage t\u00e4glich neu und\nhandelt entschlossen und konsequent auf der Grundlage der wissenschaftlichen\nErkenntnisse und in enger Absprache mit unseren Kommunen und der\nBundesregierung. Ich versichere Ihnen: Bei all unseren Entscheidungen stehen\nIhre Gesundheit und Ihre Sicherheit an erster Stelle.<\/p>\n\n\n\n<p>Unser Ziel ist: die\nGeschwindigkeit zu drosseln, mit der sich das Corona-Virus im Land ausbreitet,\ndamit nicht zu viele Menschen gleichzeitig ins Krankenhaus m\u00fcssen.<\/p>\n\n\n\n<p>Damit es dazu nicht kommt,\nm\u00fcssen wir alle unsere Kontakte auf das Notwendigste beschr\u00e4nken. Um diejenigen\nzu sch\u00fctzen, die besonders gef\u00e4hrdet sind, m\u00fcssen jetzt alle Abstand\nhalten. <\/p>\n\n\n\n<p>Die Landesregierung hat dazu seit\ndem vergangenen Montag eine Reihe von einschneidenden Ma\u00dfnahmen beschlossen:<\/p>\n\n\n\n<ul><li>Unsere Schulen und Kitas sind geschlossen. Aber\nwir haben die Eltern nicht vergessen. Eine Notbetreuung ist f\u00fcr alle\neingerichtet, die sie brauchen. Ich danke allen, die mithelfen, dass die\nVersorgung unserer Kinder gelingt.<\/li><\/ul>\n\n\n\n<ul><li>Am Dienstag haben wir Kneipen, Diskotheken, Kultur-\nund Freizeiteinrichtungen und auch Spielpl\u00e4tze geschlossen. Was die Menschen\nbrauchen, bleibt ge\u00f6ffnet: Arztpraxen und Apotheken, Superm\u00e4rkte und Drogerien,\nm\u00f6glichst viele Institutionen der Wirtschaft und der Logistik.<\/li><\/ul>\n\n\n\n<p>Seitdem haben wir gesehen: Viele\nMenschen halten sich an die Schutzma\u00dfnahmen. Ihnen allen m\u00f6chte ich herzlich danken.\nAber es gibt leider noch immer Leute, die den Ernst der Lage nicht begriffen\nhaben. Ich sage ganz klar: Wer Corona-Partys feiert oder sich zum\nKaffeekr\u00e4nzchen trifft, gef\u00e4hrdet das Leben anderer und auch sein eigenes.<\/p>\n\n\n\n<p>Deshalb\nhaben wir heute beschlossen, dass ab Mitternacht auch alle Caf\u00e9s, Eisdielen und\nRestaurants in Rheinland-Pfalz geschlossen bleiben. Die Menschen k\u00f6nnen weiter\nan die frische Luft gehen, aber d\u00fcrfen nicht mit mehr als f\u00fcnf Personen\nzusammenstehen. <\/p>\n\n\n\n<p>Abstand\nzu halten gilt leider auch im Blick auf unsere europ\u00e4ischen Nachbarn. Leider\nk\u00e4mpfen unsere franz\u00f6sischen Freunde in Grand-Est mit hohen Infektions- und\nTodesraten. Pendler und Pendlerinnen d\u00fcrfen deshalb ab sofort nur noch zwischen\nihrem Arbeits- und Wohnort hin und herfahren, ein Stopp im Supermarkt oder ein\nAusflug zum Vergn\u00fcgen sind verboten. <\/p>\n\n\n\n<p>In einem zweiten\nMa\u00dfnahmenpaket erh\u00f6hen wir weiter massiv die Zahl der Behandlungspl\u00e4tze f\u00fcr\nCorona-Kranke, insbesondere f\u00fcr schwere Verl\u00e4ufe.<\/p>\n\n\n\n<p>Damit schnell getestet werden\nkann, haben wir im ganzen Land Fieberambulanzen eingerichtet und bauen diese\nweiter aus.<\/p>\n\n\n\n<p>Wir haben bereits jetzt die\nAnzahl der Intensiv- und Beatmungsbetten deutlich erh\u00f6ht und schulen 2000\nKr\u00e4fte zus\u00e4tzlich f\u00fcr die Pflege in den Intensivstationen.<\/p>\n\n\n\n<p>In\nCorona-Schwerpunkt-Krankenh\u00e4usern werden zus\u00e4tzliche Pl\u00e4tze geschaffen. <\/p>\n\n\n\n<p>Ich versichere Ihnen: Wir\narbeiten mit Hochdruck daran, alle, die erkranken, bestm\u00f6glich zu versorgen!<\/p>\n\n\n\n<p>Ein drittes Ma\u00dfnahmenpaket\nbetrifft die Wirtschaft.<\/p>\n\n\n\n<p>Schon jetzt hat das Virus\nmassive Auswirkungen auf die Unternehmen, Selbst\u00e4ndige und ihre Besch\u00e4ftigten\nin Rheinland-Pfalz. Als Landesregierung tun wir alles, um krisenbedingte\nInsolvenzen so weit als m\u00f6glich zu verhindern und Arbeitspl\u00e4tze zu sichern. <\/p>\n\n\n\n<p>Wir spannen gemeinsam mit der\nBundesregierung einen Schutzschirm, um die schlimmsten Folgen der Corona-Krise zu\nverhindern.<\/p>\n\n\n\n<p>Die Zug\u00e4nge zum\nKurzarbeitergeld wurden bereits erleichtert. Kein Unternehmen sollte jetzt\nz\u00f6gern, sich f\u00fcr einen Kredit an seine Hausbank oder f\u00fcr Steuererleichterungen\nan sein Finanzamt zu wenden. <\/p>\n\n\n\n<p>Selbst\u00e4ndige,\nKleinunternehmer, K\u00fcnstler und K\u00fcnstlerinnen trifft die Krise besonders hart.\nF\u00fcr viele geht es um die Existenz. Der Bundesfinanzminister arbeitet gerade an\neinem milliardenschweren Hilfspakt f\u00fcr Soloselbst\u00e4ndige und Kleinstfirmen, das\nin der n\u00e4chsten Woche beschlossen wird. <\/p>\n\n\n\n<p>Darlehen, direkte Hilfe und\nZusch\u00fcsse werden den Unternehmen in Rheinland-Pfalz so schnell wie m\u00f6glich zur\nVerf\u00fcgung gestellt. Ich kann Ihnen versichern, wir werden in der aktuellen\nSituation alles tun, um alle Folgen der Corona-Pandemie abzumildern.<\/p>\n\n\n\n<p>Liebe Rheinland-Pf\u00e4lzer und\nRheinland-Pf\u00e4lzerinnen, <\/p>\n\n\n\n<p>wir stehen wirklich mitten in einer\nhistorischen Situation. Viele Menschen arbeiten gerade bis zur Ersch\u00f6pfung. Ich\ndanke denjenigen, die sich in den Krankenh\u00e4usern, Pflegeeinrichtungen und Laboren\num Kranke k\u00fcmmern und sich auf den Notfall mit vielen Schwerkranken\nvorbereiten. Ich danke den Verantwortlichen in den Kommunen und den vielen\nPolizisten und Polizistinnen, Feuerwehrleuten und Rettungskr\u00e4ften, die Tag und\nNacht im Einsatz sind. Und ganz besonders auch denjenigen, die unter\nerschwerten Bedingungen unsere Versorgung sichern, so dass es uns an nichts\nfehlt. Sie alle leisten einen unsch\u00e4tzbaren Dienst f\u00fcr das Gemeinwohl! <\/p>\n\n\n\n<p>Besonders freue ich mich, dass auch\nimmer mehr Leute voller Elan und Humor Ideen entwickeln, die diejenigen\nunterst\u00fctzen, die Hilfe brauchen. Sie zeigen: Menschlichkeit ist st\u00e4rker als\nEgoismus! Zur Unterst\u00fctzung dieser Initiativen hat die Landesregierung kurzfristig ein neues F\u00f6rderprogramm aufgelegt, das unb\u00fcrokratisch\nund schnell finanziell Hilfe leistet. Inzwischen haben schon 780 Lehrer\nund Lehrerinnen ihre Bereitschaft erkl\u00e4rt, an anderen Orten auszuhelfen. Auch\ndaf\u00fcr ein herzlicher Dank! <\/p>\n\n\n\n<p>Liebe Landsleute, jeder Einzelne\nund jede Einzelne hat es jetzt in der Hand, ob wir das Virus eind\u00e4mmen k\u00f6nnen. Ich\nbitte Sie eindringlich: Halten Sie sich an die vereinbarten Schutzma\u00dfnahmen, um\nMenschenleben zu retten! Geben Sie auf sich und Ihre N\u00e4chsten Acht und bleiben\nSie gesund!<\/p>\n\n\n\n<p>Vielen Dank.<\/p>\n\n\n\n<p><em>Es gilt das gesprochene Wort<\/em><\/p>\n\n\n\n<p><em>Staatskanzlei Rheinland-Pfalz<br>23.03.2020<\/em><\/p>\n\n\n\n<h2 class=\"wp-block-heading\"><strong>Corona-Pandemie: Stadtverwaltung\nversch\u00e4rft Regeln f\u00fcr den Aufenthalt im \u00f6ffentlichen Raum<\/strong><\/h2>\n\n\n\n<p><strong>Ludwigshafen &#8211; <\/strong>Die Stadt Ludwigshafen erweitert mit Wirkung vom morgigen Samstag, 21. M\u00e4rz 2020, ihre Verf\u00fcgungen zu kontaktereduzierenden Ma\u00dfnahmen und untersagt das Betreten \u00f6ffentlicher Orte. Dazu z\u00e4hlen insbesondere Stra\u00dfen, Wege, Gehwege, Pl\u00e4tze, \u00f6ffentliche Gr\u00fcnfl\u00e4chen und Parkanlagen sowie das Rheinufer. Es gelten einige Ausnahmen: Wenn es zur Abwendung einer unmittelbaren Gefahr f\u00fcr Leib, Leben und Eigentum erforderlich ist, d\u00fcrfen \u00f6ffentliche Orte betreten werden. Es ist erlaubt, Lebensmittel oder andere Dinge zur Deckung der notwendigen Grundbed\u00fcrfnisse einzukaufen, den Arzt zu besuchen oder zur Arbeit zu gehen. Eltern, die ihre Kinder zur Notbetreuung bringen, k\u00f6nnen dies auch weiterhin tun. Ebenfalls erlaubt ist es, alleine, zu zweit oder mit Personen, die im eigenen Haushalt leben, spazieren zu gehen, zu joggen oder mit dem Hund Gassi zu gehen.<\/p>\n\n\n\n<p>Der \u00d6ffentliche Personennahverkehr darf gleichfalls nur f\u00fcr\nFahrten zum Einkaufen, zum Arzt oder zur Arbeit benutzt werden, dabei muss ein\nMindestabstand von 1,50 Metern gegen\u00fcber anderen Personen eingehalten werden.<\/p>\n\n\n\n<p>Es handelt sich nicht um eine Ausgangssperre, sondern um\nweitere Ma\u00dfnahmen zur Kontaktreduzierung.<\/p>\n\n\n\n<p>Dar\u00fcber hinaus werden entsprechend den Beschl\u00fcssen der\nrheinland-pf\u00e4lzischen Landesregierung die Gastst\u00e4tten geschlossen, dies gilt\nsowohl f\u00fcr die Innen- als auch die Au\u00dfengastronomie und betrifft auch\nEisdielen, Eiscaf\u00e9s, Internetcaf\u00e9s, Shishabars, mobile und station\u00e4re\nEisverkaufsst\u00e4nde. Geschlossen bleiben auch Floristen und Autowaschanlagen.\nNicht mehr \u00f6ffnen d\u00fcrfen dar\u00fcber hinaus auch beispielsweise Solarien,\nSonnenstudios, Kosmetik- und Nagelstudios, Fris\u00f6re und Fris\u00f6rbetriebe oder\nBarber Shops. Weiterhin m\u00f6glich ist es, Speisen zum Mitnehmen anzubieten oder\ndas Angebot eines Lieferservice durch Gastst\u00e4tten. Jeglicher Verzehr vor Ort\nist ausgeschlossen.<\/p>\n\n\n\n<p>F\u00fcr Betriebe, die weiterhin ge\u00f6ffnet bleiben d\u00fcrfen, wie\nEinzelhandelsbetriebe f\u00fcr Lebensmittel, Wochenm\u00e4rkte, Abhol- und Lieferdienste,\nGetr\u00e4nkem\u00e4rkte, Apotheken, Sanit\u00e4tsh\u00e4user, Drogerien, Tankstellen, Banken und\nSparkassen, Poststellen, Reinigungen, Waschsalons, Zeitungsverkauf, Bau-,\nGartenbau- und Tierbedarfsm\u00e4rkte gelten Auflagen, insbesondere zu Hygiene-,\nEinlass- und Abstandsregelungen.<\/p>\n\n\n\n<p>Das\nBetretungsverbot f\u00fcr die \u00f6ffentlichen Orte ist formal in einer gesonderten\nAllgemeinverf\u00fcgung der Stadt Ludwigshafen geregelt. Die Ma\u00dfnahmen zum Betretungsverbot sind\nvorerst bis zum Freitag, 3. April 2020, 24 Uhr g\u00fcltig. F\u00fcr\ndie anderen Ma\u00dfnahmen hat die Stadt ihre bisherige Allgemeinverf\u00fcgung zu diesem\nThemengebieten angepasst und neu erlassen. Sie gelten bis 19. April\n2020.<\/p>\n\n\n\n<h4 class=\"wp-block-heading\"><strong>OB Steinruck: Konsequenz und Disziplin gefordert<\/strong><\/h4>\n\n\n\n<p>\u201eWir m\u00fcssen unter allen Umst\u00e4nden die Ausbreitung des Virus\neind\u00e4mmen. Der Weg dahin f\u00fchrt \u00fcber eine klare, konsequente und\nverantwortungsbewusste Verringerung von Sozialkontakten auf das N\u00f6tigste.\nUnsere heutigen Entscheidungen sind konsequent und notwendig. Sie verfolgen\nalle das Ziel, im Interesse unseres Gesundheitssystems Zeit zu gewinnen. All\ndas dient allein dem Wohl unserer Gesellschaft, die die \u00c4lteren und die\nSchw\u00e4cheren sch\u00fctzt. Wir haben in den vergangenen Tagen erlebt, wie Menschen\nsolidarisch und achtsam miteinander umgehen und unseren Anordnungen gro\u00dfes\nVerst\u00e4ndnis entgegenbringen und es unterst\u00fctzen. Was wir uns im Moment nicht\nleisten k\u00f6nnen, sind Unvernunft, Ignoranz oder Fahrl\u00e4ssigkeit. Leider haben wir\nauch immer wieder erlebt, dass sich Menschen nicht an die Vorgaben halten.\nDaher erweitern wir unsere Allgemeinverf\u00fcgung noch einmal streng.&nbsp; Ich will ebenso unmissverst\u00e4ndlich darauf\nhinweisen: Wir werden das durchsetzen und wir sind bereit, unsere Ma\u00dfnahmen\njederzeit anzupassen und gegebenenfalls weiter zu versch\u00e4rfen, sollten wir\nfeststellen, dass die bisherigen Vorsorge- und Sicherheitsma\u00dfnahmen nicht\neingehalten werden\u201c, erkl\u00e4rt Oberb\u00fcrgermeisterin Jutta Steinruck das Vorgehen\nder Verwaltung.<\/p>\n\n\n\n<p>\u201eIch appelliere noch einmal an die B\u00fcrger*innen: Bleiben Sie\nzu Hause! Wenn immer m\u00f6glich, erledigen Sie das Notwendige z\u00fcgig,\nverantwortungsbewusst und r\u00fccksichtsvoll! Setzen Sie sich und andere nicht\nunn\u00f6tigen Kontakten und damit \u00dcbertragungswegen aus. Seien Sie diszipliniert\nund nehmen Sie R\u00fccksicht und respektieren Sie unsere Anordnungen\u201c, fordert die\nOB alle zu Mithilfe und Solidarit\u00e4t auf.<\/p>\n\n\n\n<p>Mehr auf <a href=\"http:\/\/www.ludwigshafen.de\">www.ludwigshafen.de<\/a>.<\/p>\n\n\n\n<p><em>Stadt Ludwigshafen am Rhein<br>23.03.2020<\/em><\/p>\n\n\n\n<h2 class=\"wp-block-heading\">Weitere Ma\u00dfnahmen zur Verlangsamung der Corona-Ausbreitung<\/h2>\n\n\n\n<p><strong>Mannheim &#8211; <\/strong>Die baden-w\u00fcrttembergische Landesregierung hat am Freitag weitere Ma\u00dfnahmen angek\u00fcndigt, mithilfe derer die Ausbreitung des Corona-Virus verlangsamt werden soll. Diese Ma\u00dfnahmen werden auch im \u00f6ffentlichen Raum im Mannheimer Stadtgebiet f\u00fcr weitere Einschr\u00e4nkungen sorgen.<\/p>\n\n\n\n<p>Das Land hat beschlossen, ab morgen, 21. M\u00e4rz, alle Zusammenk\u00fcnfte und Ansammlungen von Gruppen auf \u00f6ffentlichen Pl\u00e4tzen zu untersagen. Hei\u00dft konkret: Es d\u00fcrfen sich nicht mehr als drei Personen auf \u00f6ffentlichen Pl\u00e4tzen versammeln. Davon ausgenommen sind Familien, also Eltern mit ihren Kindern, und Paare. Unter \u201e\u00d6ffentliche Pl\u00e4tze\u201c fallen gem\u00e4\u00df der Mannheimer Polizeiverordnung alle Stra\u00dfen, Gr\u00fcn- und Freizeitanlagen, Gew\u00e4sser, Wiesen und Felder, die dem \u00f6ffentlichen Verkehr gewidmet sind oder der \u00f6ffentlichen Benutzung dienen. In Mannheim sind dies zum Beispiel die Wasserturmanlage, der Paradeplatz, die Neckarwiese und die Gr\u00fcnfl\u00e4chen an den Rheinterrassen.<br>\nAuch in privaten R\u00e4umen sollten nach M\u00f6glichkeit keine Treffen und Veranstaltungen stattfinden. Hier gilt der Appell an das Verantwortungsbewusstsein jedes Einzelnen, sich selbst und andere nicht zu gef\u00e4hrden.<\/p>\n\n\n\n<p>Keinen Unterschied gibt es bei den Restaurants und Gastst\u00e4tten, deren Schlie\u00dfung von der Stadt Mannheim bereits am Mittwoch verf\u00fcgt wurde. Diese Regelung soll ab morgen landesweit gelten. Wie auch in Mannheim sollen lediglich Lieferdienste und Take-Away noch erlaubt sein.<\/p>\n\n\n\n<p>Bereits heute haben Mitarbeiterinnen und Mitarbeiter des Ordnungsdienstes die B\u00fcrgerinnen und B\u00fcrger auf die neue Verordnung hingewiesen, was erfreulicherweise auf viel Verst\u00e4ndnis sto\u00df. Morgen werden Polizei und Ordnungsamt verst\u00e4rkt Kontrollen durchf\u00fchren und bei Zuwiderhandlung auch Bu\u00dfgelder verh\u00e4ngen.<br>\nWeiter Versch\u00e4rfungen sind nicht ausgeschlossen und h\u00e4ngen von der weiteren Entwicklung und Lagebeurteilung ab.<\/p>\n\n\n\n<p><em>Stadt Mannheim<br>23.03.2020<\/em><\/p>\n\n\n\n<h2 class=\"wp-block-heading\"><strong>Dienstbetrieb der Stadtverwaltung Speyer wird beschr\u00e4nkt \u2013 Funktionsf\u00e4higkeit bleibt gew\u00e4hrleistet<\/strong><\/h2>\n\n\n\n<div class=\"wp-block-image\"><figure class=\"aligncenter\"><img decoding=\"async\" loading=\"lazy\" width=\"600\" height=\"277\" src=\"https:\/\/speyer24news.com\/wp-content\/uploads\/2020\/03\/Speyer-Logo-Stadt.png\" alt=\"\" class=\"wp-image-25862\" srcset=\"https:\/\/speyer24news.com\/wp-content\/uploads\/2020\/03\/Speyer-Logo-Stadt.png 600w, https:\/\/speyer24news.com\/wp-content\/uploads\/2020\/03\/Speyer-Logo-Stadt-300x139.png 300w\" sizes=\"(max-width: 600px) 100vw, 600px\" \/><\/figure><\/div>\n\n\n\n<p><strong>Speyer &#8211; <\/strong>Weiterhin breiten sich die Infektionen mit dem Coronavirus\/SARS-CoV-2 z\u00fcgig aus. Die Stadt Speyer hat bereits  mit verschiedenen Ma\u00dfnahmen auf die Entwicklungen reagiert. Um die Zahl von sozialen Kontakten und damit die Ansteckungsgefahr auch am Arbeitsplatz zu minimieren und so die Ausbreitung des Virus weiter einzud\u00e4mmen, wird der Dienstbetrieb der Stadtverwaltung  bis auf Weiteres auf das zwingend Notwendige reduziert. Die Anwesenheit in den Dienstgeb\u00e4uden wird auf das unbedingt erforderliche Ma\u00df beschr\u00e4nkt. <\/p>\n\n\n\n<p>\u201eDie Corona-Pandemie verlangt jetzt nach besonderen Ma\u00dfnahmen. Mit der Entscheidung m\u00f6chte ich dazu beitragen,  dass die Ausbreitung des Virus einged\u00e4mmt wird. Gleichzeitig m\u00f6chte ich als Chefin der Verwaltung damit aber auch meiner F\u00fcrsorgepflicht gegen\u00fcber meinen Mitarbeiterinnen und Mitarbeitern Rechnung tragen\u201c, erkl\u00e4rt Oberb\u00fcrgermeisterin Stefanie Seiler. Dadurch,  dass sich ein Teil der Mitarbeiterinnen und Mitarbeiter dauerhaft im Home-Office befindet oder sich zuhause auf Abruf bereit h\u00e4lt, k\u00f6nne die Funktionsf\u00e4higkeit der Stadtverwaltung auch gew\u00e4hrleistet werden, wenn die Kolleginngen und Kollegen vor Ort aufgrund  von Krankheit oder Quarant\u00e4nema\u00dfnahmen ausfallen sollten. <\/p>\n\n\n\n<p><em>Stadtverwaltung Speyer<br>23.03.2020<\/em><\/p>\n\n\n\n<h2 class=\"wp-block-heading\">11. Aktuelle Information zu Corona, 20.03.2020<\/h2>\n\n\n\n<ol><li><strong>Aktuelle Fallzahlen<\/strong><\/li><li><strong>Kita-Geb\u00fchren<\/strong><\/li><li><strong>Friedh\u00f6fe<\/strong><\/li><li><strong>Stadtbibliothek<\/strong><\/li><li><strong>Digitale Kulturangebote<\/strong><\/li><li><strong>MARCHIVUM<\/strong><\/li><\/ol>\n\n\n\n<h4 class=\"wp-block-heading\">1.) Aktuelle Fallzahlen \u2013 Zahl der nachgewiesenen Corona-F\u00e4lle in Mannheim steigt auf 102<\/h4>\n\n\n\n<p>Dem Gesundheitsamt Mannheim wurden bis heute Nachmittag, 20.03.2020, 16 Uhr, 14 weitere F\u00e4lle von nachgewiesenen Coronavirus-Infektionen gemeldet. Damit erh\u00f6ht sich die Zahl der best\u00e4tigten F\u00e4lle in Mannheim auf 102. Alle nachgewiesenen Infizierten zeigen nur milde Krankheitsanzeichen und k\u00f6nnen in h\u00e4uslicher Quarant\u00e4ne verbleiben.<br>\nDas Gesundheitsamt ermittelt nun die weiteren Kontaktpersonen aller nachgewiesen Infizierten, insbesondere im Bereich der sogenannten vulnerablen Gruppen, nimmt Kontakt mit diesen auf und begleitet diese w\u00e4hrend der h\u00e4uslichen Quarant\u00e4ne. Alle beteiligten \u00c4rzte, Gesundheitsbeh\u00f6rden, sowie das Kompetenzzentrum Gesundheitsschutz am Landesgesundheitsamt arbeiten dabei eng zusammen.<\/p>\n\n\n\n<h4 class=\"wp-block-heading\">2.) Kita-Geb\u00fchren: Einzug f\u00fcr April gestoppt<\/h4>\n\n\n\n<p>Die Stadt Mannheim hat den Einzug der Kita-Geb\u00fchren f\u00fcr den Monat April f\u00fcr die st\u00e4dtischen Kindertageseinrichtungen gestoppt. Der Einzug wird vorl\u00e4ufig f\u00fcr einen Monat ausgesetzt. Eine endg\u00fcltige Entscheidung \u00fcber die Kita-Geb\u00fchren soll zeitnah getroffen werden. Die Stadt befindet sich derzeit in Kl\u00e4rung mit dem Land bez\u00fcglich einer einheitlichen Regelung. Ebenso m\u00fcssen noch die entsprechenden st\u00e4dtischen Gremien einbezogen werden und hier\u00fcber entscheiden. <a href=\"https:\/\/www.mannheim.de\/de\/nachrichten\/stadt-stoppt-einzug-der-kita-gebuehren\">https:\/\/www.mannheim.de\/de\/nachrichten\/stadt-stoppt-einzug-der-kita-gebuehren<\/a><\/p>\n\n\n\n<h4 class=\"wp-block-heading\">3.) Friedh\u00f6fe<\/h4>\n\n\n\n<p>Bis auf weiteres finden keine Trauerfeiern in den Trauerhallen mehr statt, sondern ausschlie\u00dflich das Abschiednehmen f\u00fcr Angeh\u00f6rige im Rahmen der Beisetzung\/Bestattung direkt am Grab. Dies gilt f\u00fcr eine Trauergesellschaft von maximal zehn Personen. Es wird angeboten, bereits terminierte Urnentrauerfeiern und Urnenbeisetzungstermine auf einen sp\u00e4teren Termin zu verlegen.<\/p>\n\n\n\n<p>Die Friedhofsverwaltung ist derzeit nur zur Regelung von aktuellen Sterbef\u00e4llen f\u00fcr Besucherinnen ge\u00f6ffnet. Alle anderen Sachverhalte (z. B. Nutzungsrechtsverl\u00e4ngerungen, -verzichte, Umbettungen) werden derzeit nicht bearbeitet. Die Sachbearbeiterinnen sind zu den regul\u00e4ren \u00d6ffnungszeiten telefonisch weiterhin erreichbar.<\/p>\n\n\n\n<p>Die Leistungen des st\u00e4dtischen Bestattungsdienstes stehen weiterhin uneingeschr\u00e4nkt zur Verf\u00fcgung. F\u00fcr allgemeine R\u00fcckfragen hat die Friedhofsverwaltung eine Hotline unter der Telefonnummer 0621 &#8211; 3377 111 zu den bekannten \u00d6ffnungszeiten eingerichtet.<\/p>\n\n\n\n<h4 class=\"wp-block-heading\">4.) Stadtbibliothek: bitte zuhause bleiben und keine Medien abgeben<\/h4>\n\n\n\n<p>Entgegen der gestrigen Aufforderung bittet die Stadtbibliothek ab sofort nicht mehr um R\u00fcckgabe der Medien in die R\u00fcckgabeboxen, sondern bittet die Leser*innen darum, zuhause zu bleiben. <strong>Medien werden bis zur Wiederer\u00f6ffnung der Bibliotheken automatisch verl\u00e4ngert, es entstehen keine Geb\u00fchren. <\/strong><\/p>\n\n\n\n<p>F\u00fcr Fragen steht die E-Mail Adresse <a href=\"Stadtbibliothek.zentralbibliothek@mannheim.de\">Stadtbibliothek.zentralbibliothek@mannheim.de<\/a> zur Verf\u00fcgung, au\u00dferdem die Telefonnummer 293-8935 und speziell zu den online-Angeboten 293-8933.<\/p>\n\n\n\n<h4 class=\"wp-block-heading\">5.) Digitale Kulturangebote: \u201eWelttag der Poesie\u201c am 21. M\u00e4rz<\/h4>\n\n\n\n<p>Der 21. M\u00e4rz wurde von der UNESCO zum \u201eWelttag der Poesie\u201c erkl\u00e4rt. Bereits zum dritten Mal hat das Kulturamt Mannheim die Aktivit\u00e4ten der Mannheimer Akteure koordiniert und mit dem Kulturb\u00fcro der Metropolregion Rhein-Neckar abgestimmt. \u201ePoesie in Mannheim, der Metropolregion Rhein-Neckar und der ganzen Welt\u201c war die Titelzeile der Pressemeldung bevor das Corona-Virus die Absage der einzelnen Veranstaltungen erzwang. Unter <a href=\"http:\/\/www.metropolpoesie.de\">http:\/\/www.metropolpoesie.de<\/a> steht nun ein alternatives Online-Angebot zur Verf\u00fcgung.<\/p>\n\n\n\n<h4 class=\"wp-block-heading\">6.) MARCHIVUM \u2013 Mannheims Archiv, Haus der Stadtgeschichte und Erinnerung<\/h4>\n\n\n\n<p>Das MARCHIVUM hat alle \u00f6ffentlichen Bereiche zun\u00e4chst bis zum 19. April geschlossen. Deshalb verlagert das MARCHIVUM seine Aktivit\u00e4ten ins Netz und bespielt in den n\u00e4chsten Wochen seinem Blog unter <a href=\"https:\/\/www.marchivum.de\/de\/blog\">https:\/\/www.marchivum.de\/de\/blog<\/a> t\u00e4glich mit neuen Beitr\u00e4gen \u2013 darunter Ausstellungseinblicke, Nachlasswelten, Archivsch\u00e4tze u.v.m. Auf die Neuerscheinungen im Blog macht das MARCHIVUM \u00fcber Facebook und Twitter t\u00e4glich aufmerksam. Weitere Information zu den Aktivit\u00e4ten des MARCHIVUM kann man au\u00dferdem \u00fcber den Newsletter abonnieren: <a href=\"https:\/\/www.marchivum.de\/de\/newsletter-anmeldung\">https:\/\/www.marchivum.de\/de\/newsletter-anmeldung<\/a><\/p>\n\n\n\n<p><em>Stadt Mannheim<br>23.03.2020<\/em><\/p>\n\n\n\n<h2 class=\"wp-block-heading\"><strong>Kreisverwaltung Germersheim erl\u00e4sst\n\u201eAllgemeinverf\u00fcgung <\/strong><strong>\u00fcber\neine eingeschr\u00e4nkte Ausgangssperre als weitere kontaktreduzierende Ma\u00dfnahme\naufgrund des Aufkommens von SARS-CoV-2 -Infektionen in Rheinland-Pfalz\u201c<\/strong><strong><\/strong><\/h2>\n\n\n\n<p><strong>Landkreis Germersheim &#8211;<\/strong> Das neuartige Coronavirus SARS-CoV-2 verbreitet sich im direkt an den Landkreis Germersheim angrenzenden Hochrisikogebiet Grand Est (Frankreich) mit weiteren Infektionen bis hin zu Todesf\u00e4llen. \u201eEs muss alles daf\u00fcr getan werden, eine weitere Ausbreitung zu verhindern\u201c, so Landrat Dr. Fritz Brechtel. Deshalb sind erh\u00f6hte Schutzma\u00dfnahmen zur Verhinderung der Verbreitung erforderlich.<\/p>\n\n\n\n<p>Ab Mitternacht, 21. M\u00e4rz 2020, gilt im Landkreis Germersheim,\nwie in der gesamten S\u00fcdpfalz, eine eingeschr\u00e4nkte Ausgangssperre. Ziel dieser\nerh\u00f6hten Schutzma\u00dfnahmen ist, die Ausbreitung des Coronavirus SARS-CoV-2 (COVID-19)\neinzud\u00e4mmen. Die entsprechende Allgemeinverf\u00fcgung hat der Landkreis Germersheim\nheute erlassen. <\/p>\n\n\n\n<p>Ab Mitternacht ist das\nBetreten \u00f6ffentlicher Orte untersagt. Zu den \u00f6ffentlichen Orten z\u00e4hlen\ninsbesondere Stra\u00dfen, Wege, Gehwege, Pl\u00e4tze, \u00f6ffentliche Gr\u00fcnfl\u00e4chen und\nParkanlagen sowie der Wald.<\/p>\n\n\n\n<p>Ausgenommen vom Verbot\nsind Betretungen, die zur Abwendung einer unmittelbaren Gefahr f\u00fcr Leib, Leben und\nEigentum erforderlich sind; die zum Zwecke von\nmedizinischen, psychotherapeutischen oder vergleichbaren Heilbehandlungen\nerforderlich sind; die der Betreuung\nund Hilfeleistung von unterst\u00fctzungsbed\u00fcrftigen Personen dienen; die zur Deckung der\nnotwendigen Grundbed\u00fcrfnisse des t\u00e4glichen Lebens erforderlich sind, wie z.B.\nKauf von Lebensmitteln; die f\u00fcr berufliche Zwecke einschlie\u00dflich der\nUnterbringung von Kindern in der Notbetreuung erforderlich sind; f\u00fcr Trauungen im engen Familienkreis; f\u00fcr Bestattungen im engen Familienkreis; wenn \u00f6ffentliche Orte\nalleine, zu zweit oder mit Personen, die im gemeinsamen Haushalt leben, ohne\nvermeidbaren Aufenthalt z\u00fcgig durchschritten werden. Dies gilt auch zur\nunabdingbaren Versorgung von Haustieren, die ins Freie verbracht werden m\u00fcssen.<\/p>\n\n\n\n<p>Die Benutzung des \u00f6ffentlichen Personennahverkehrs ist nur zul\u00e4ssig,\nwenn es unbedingt notwendig ist (z.B. Arztbesuch, Kauf von Lebensmitteln, Fahrt\nzur\/von der Arbeit), nicht f\u00fcr Freizeitzwecke, wobei bei der Benutzung ein\nAbstand von mindestens 1,50 Metern gegen\u00fcber anderen Personen einzuhalten ist.<\/p>\n\n\n\n<p>Bei Kontrollen durch\ndie Polizei und die Ordnungsbeh\u00f6rden sind die Gr\u00fcnde, warum man erlaubterweise unterwegs\nist, glaubhaft zu machen.<\/p>\n\n\n\n<p>Die\nRegelungen gelten vorerst bis 3. April 2020, 24 Uhr.<\/p>\n\n\n\n<p>Die gesamten Ausf\u00fchrungen sind in der Allgemeinverf\u00fcgung nachlesbar, die im Amtsblatt des Landkreises Germersheim Nr. 13\/2020 ver\u00f6ffentlicht ist. Es ist abrufbar auf der Homepage der Kreisverwaltung Germersheim <a href=\"http:\/\/www.kreis-germersheim.de\">www.kreis-germersheim.de<\/a>.<\/p>\n\n\n\n<p><em>Kreisverwaltung Germersheim<br>23.03.2020<\/em><\/p>\n\n\n\n<h2 class=\"wp-block-heading\"><strong>Stadt Speyer untersagt das Betreten \u00f6ffentlicher Orte \u2013 Restaurants m\u00fcssen schlie\u00dfen<\/strong><\/h2>\n\n\n\n<div class=\"wp-block-image\"><figure class=\"aligncenter\"><img decoding=\"async\" loading=\"lazy\" width=\"800\" height=\"600\" src=\"https:\/\/speyer24news.com\/wp-content\/uploads\/2020\/03\/IMG_20200110_193106-1.jpg\" alt=\"\" class=\"wp-image-26035\" srcset=\"https:\/\/speyer24news.com\/wp-content\/uploads\/2020\/03\/IMG_20200110_193106-1.jpg 800w, https:\/\/speyer24news.com\/wp-content\/uploads\/2020\/03\/IMG_20200110_193106-1-300x225.jpg 300w, https:\/\/speyer24news.com\/wp-content\/uploads\/2020\/03\/IMG_20200110_193106-1-768x576.jpg 768w, https:\/\/speyer24news.com\/wp-content\/uploads\/2020\/03\/IMG_20200110_193106-1-678x509.jpg 678w, https:\/\/speyer24news.com\/wp-content\/uploads\/2020\/03\/IMG_20200110_193106-1-326x245.jpg 326w, https:\/\/speyer24news.com\/wp-content\/uploads\/2020\/03\/IMG_20200110_193106-1-80x60.jpg 80w\" sizes=\"(max-width: 800px) 100vw, 800px\" \/><\/figure><\/div>\n\n\n\n<p><strong>Speyer &#8211; <\/strong>Um die Ausbreitung des Coronavirus einzud\u00e4mmen erl\u00e4sst die Stadt Speyer eine \u00fcberarbeitete Allgemeinverf\u00fcgung, die das Betreten \u00f6ffentlicher  Orte untersagt. Die neuen Regelungen gelten ab Samstag, 21. M\u00e4rz 2020. <\/p>\n\n\n\n<p>Wichtig ist, dass es nicht um eine generelle Ausgangssperre handelt! Das Betreten \u00f6ffentlicher Orte wie Stra\u00dfen, Wege, Gehwege, Pl\u00e4tze,\n \u00f6ffentliche Gr\u00fcnfl\u00e4chen und Parkanlagen ist zwar grunds\u00e4tzlich untersagt, allerdings gibt es Ausnahmeregelungen. Das Haus oder die Wohnung sollte nur noch verlassen werden, um zur Arbeit zu kommen inkl. der Unterbringung von Kindern, zum Arzt zu gehen oder\n Lebensmittel einzukaufen. Weiterhin im Freien aufhalten darf sich au\u00dferdem, wer alleine, zu zweit oder mit Personen, die im eigenen Haushalt leben, zum Beispiel spazieren oder joggen geht oder ein Haustier ausf\u00fchrt. Dabei ist auf die Einhaltung des Mindestabstands\n von 1,50 m zwischen den Personen untereinander zu achten. <\/p>\n\n\n\n<p>\u201eLeider haben die Erfahrungen der letzten Tage gezeigt, dass dieser Schritt erforderlich ist, um die weitere Ausbreitung des Coronavirus zu verlangsamen\u201c,\n so Oberb\u00fcrgermeisterin Stefanie Seiler, die sich die Entscheidung nicht leicht gemacht hat. \u201eUns allen f\u00e4llt \u201eSocial Distancing\u201c schwer, aber leider ist es in unserer aktuellen Situation die einzig wirksame Gegenma\u00dfnahme\u201c.<\/p>\n\n\n\n<p>Dar\u00fcber hinaus werden mit separater Verf\u00fcgung ab dem morgigen Samstag alle Restaurants und Gastst\u00e4tten im Stadtgebiet geschlossen. Weiterhin erlaubt bleiben\n nur Liefer- und Abholservices unter Einhaltung der Hygienema\u00dfnahmen. <\/p>\n\n\n\n<p>Um sicherzustellen, dass die Einhaltung der Bestimmungen in ausreichendem Ma\u00dfe \u00fcberpr\u00fcft werden k\u00f6nnen, hat die Stadtspitze entschieden, den Kommunalen\n Vollzugsdienst personell aufzustocken. Die Vollzugsbeamten erhalten Unterst\u00fctzung durch die Kollegen aus dem Bereich Stra\u00dfenverkehr.<\/p>\n\n\n\n<p>Die Allgemeinverf\u00fcgungen werden im Laufe des Tages auf <a href=\"https:\/\/deref-web-02.de\/mail\/client\/1erN5_NI5UQ\/dereferrer\/?redirectUrl=http%3A%2F%2Fwww.speyer.de%2Fcorona\" target=\"_blank\" rel=\"noreferrer noopener\">www.speyer.de\/corona<\/a> eingestellt. <\/p>\n\n\n\n<p><em>Stadt Speyer<br>23.03.2020<\/em><\/p>\n\n\n\n<h2 class=\"wp-block-heading\"><strong>Coronavirus<\/strong>: <strong>27\npositive F\u00e4lle im Landkreis Germersheim best\u00e4tigt<\/strong><\/h2>\n\n\n\n<p><strong>Landkreis Germersheim &#8211;<\/strong> Im Landkreis Germersheim gibt es Stand Freitag, 20. M\u00e4rz 2020, 14.30 Uhr, 27 positiv getestete Personen. Die Personen kommen aus den St\u00e4dten W\u00f6rth und Germersheim sowie den Verbandsgemeinden Hagenbach, R\u00fclzheim, Bellheim, Jockgrim, Lingenfeld und Kandel.<\/p>\n\n\n\n<p><strong>Informationen zum Thema\nCoronavirus gibt <\/strong>es\nunter <a href=\"http:\/\/www.kreis-germersheim.de\">www.kreis-germersheim.de<\/a>.<\/p>\n\n\n\n<p>Das B\u00fcrgertelefon wird aufgrund des gro\u00dfen Anrufaufkommens ab Samstag, 21. M\u00e4rz 2020, ausgeweitet. F\u00fcr B\u00fcrgerinnen und B\u00fcrger stehen die Ansprechpartner nun von Montag bis Donnerstag von 8.30 bis 12 Uhr und 14 bis 16 Uhr zur Verf\u00fcgung, freitags von 8.30 bis 12 Uhr. Am Wochenende ist das B\u00fcrgertelefon jeweils von 10 Uhr bis 12.30 Uhr besetzt. Erreichbar ist das B\u00fcrgertelefon des Landkreises Germersheim unter Tel. 07274\/53-131.<\/p>\n\n\n\n<p><em>Kreisverwaltung Germersheim<br>23.03.2020<\/em><\/p>\n\n\n\n<h2 class=\"wp-block-heading\">Dein Zoo Heidelberg f\u00fcr Zuhause<\/h2>\n\n\n\n<h3 class=\"wp-block-heading\">Aktuelle Videos &amp; Impressionen online verf\u00fcgbar<\/h3>\n\n\n\n<div class=\"wp-block-image\"><figure class=\"aligncenter\"><img decoding=\"async\" loading=\"lazy\" width=\"800\" height=\"447\" src=\"https:\/\/speyer24news.com\/wp-content\/uploads\/2020\/03\/200320_deinzoo_direktor.jpg\" alt=\"\" class=\"wp-image-26033\" srcset=\"https:\/\/speyer24news.com\/wp-content\/uploads\/2020\/03\/200320_deinzoo_direktor.jpg 800w, https:\/\/speyer24news.com\/wp-content\/uploads\/2020\/03\/200320_deinzoo_direktor-300x168.jpg 300w, https:\/\/speyer24news.com\/wp-content\/uploads\/2020\/03\/200320_deinzoo_direktor-768x429.jpg 768w\" sizes=\"(max-width: 800px) 100vw, 800px\" \/><figcaption>Der Zoodirektor sendet per Videobotschaft Gr\u00fc\u00dfe an alle Zoo-Freunde daheim. <em>(Foto: Zoo Heidelberg) <\/em><\/figcaption><\/figure><\/div>\n\n\n\n<p><strong>Heidelberg \/ Zoo &#8211; <\/strong>Besonders im Fr\u00fchling zeigt sich der Zoo Heidelberg von einer ganz besonders farbenfrohen Seite. \u00dcberall im Zoo bl\u00fchen die Str\u00e4ucher, Wiesen und B\u00fcsche. Die ersten Jungtiere erkunden gemeinsam mit ihren Eltern die Anlagen. Leider k\u00f6nnen Besucher diese Fr\u00fchlingseindr\u00fccke nicht live miterleben. Im Rahmen der Vorsorgema\u00dfnahmen zu Corona bleibt der Zoo Heidelberg auf Anordnung der Stadt Heidelberg bis auf Weiteres f\u00fcr Besucher geschlossen. Um Zoo-Freunde dennoch auf dem Laufenden zu halten, h\u00e4lt der Zoo viele Fr\u00fchlingsimpressionen digital fest und ver\u00f6ffentlicht diese auf der Webseite unter: <a href=\"http:\/\/www.zoo-heidelberg.de\/deinzoo\">www.zoo-heidelberg.de\/deinzoo<\/a> und in den Sozialen Medien. <\/p>\n\n\n\n<div class=\"wp-block-image\"><figure class=\"aligncenter\"><img decoding=\"async\" loading=\"lazy\" width=\"800\" height=\"533\" src=\"https:\/\/speyer24news.com\/wp-content\/uploads\/2020\/03\/20200303-HK71080_kl.jpg\" alt=\"\" class=\"wp-image-26034\" srcset=\"https:\/\/speyer24news.com\/wp-content\/uploads\/2020\/03\/20200303-HK71080_kl.jpg 800w, https:\/\/speyer24news.com\/wp-content\/uploads\/2020\/03\/20200303-HK71080_kl-300x200.jpg 300w, https:\/\/speyer24news.com\/wp-content\/uploads\/2020\/03\/20200303-HK71080_kl-768x512.jpg 768w\" sizes=\"(max-width: 800px) 100vw, 800px\" \/><figcaption>Die kleinen Ferkel beobachtet der Zoodirektor derzeit besonders gerne. (Foto: Heidrun Knigge\/Zoo Heidelberg) <\/figcaption><\/figure><\/div>\n\n\n\n<p>\u201eEs passiert gerade so viel im Zoo, da m\u00f6chten wir unsere Freunde und Unterst\u00fctzer so gut es eben geht daran teilhaben lassen!\u201c, erkl\u00e4rt Zoodirektor Dr. W\u00fcnnemann. \u201eViele der Aufnahmen stammen von unseren Tierpflegern, die nun in wechselnden Schichten im Zoo sind und sich um unsere Tiere k\u00fcmmern. Das ganze Team hilft mit, wenn es darum geht, etwas zu unseren Zoo-Freunden nach Hause zu bringen.\u201c Mit Informationen zu den Zootieren, dem Zoo-Team und vielen Fr\u00fchlingsaufnahmen zeigt der Zoo, was den Besuchern im Augenblick verborgen bleibt. Es ist schlie\u00dflich nicht nur die Natur im Zoo Heidelberg, die in diesen Tagen richtig aufbl\u00fcht. Bei den Zootieren herrscht in den Gehegen, Anlagen und Volieren viel Aktivit\u00e4t. Die Erdm\u00e4nnchen sind mit ihrem Nachwuchs viel in der Sonne, das junge Kudu erkundet bereits sehr sicher die Au\u00dfenanlage, die beiden Berberl\u00f6wen genie\u00dfen vom Aussichtsturm den Blick \u00fcber ihre neue, immer gr\u00fcner werdende Anlage, die Flamingos bereiten sich auf die kommende Brutsaison vor und die Ferkel rennen im Schweinsgalopp durch das Gehege. \u201eUnsere Besucher zuhause k\u00f6nnen sich auf abwechslungsreiche Videos und Videobotschaften aus dem Zoo freuen\u201c, so W\u00fcnnemann. Im aktuellen Videobeitrag sendet der Zoodirektor selbst seine Gr\u00fc\u00dfe und verr\u00e4t etwas \u00fcber seine (aktuellen) Lieblingstiere im Zoo. Weitere Beitr\u00e4ge werden folgen. Aber eines ist sicher: Das gesamte Zoo-Team freut sich bereits jetzt darauf, die Besucher bald wieder im Zoo Heidelberg zu treffen, wo jeder das Zooleben dann live erleben kann. <em>Links zu den Videos: <\/em><a href=\"http:\/\/www.zoo-heidelberg.de\/deinzoo\"><em>www.zoo-heidelberg.de\/deinzoo<\/em><\/a><em> und <\/em><a href=\"http:\/\/www.facebook.com\/ZooHeidelberg\"><em>www.facebook.com\/ZooHeidelberg<\/em><\/a><\/p>\n\n\n\n<p><em>Tiergarten Heidelberg gGmbH<br>23.03.2020<\/em><\/p>\n\n\n\n<h2 class=\"wp-block-heading\"><strong>Aktueller Stand Verbreitung Coronavirus \u2013 Fallzahlen im Zust\u00e4ndigkeitsbereich des Gesundheitsamtes Rhein-Pfalz-Kreis<\/strong><\/h2>\n\n\n\n<figure class=\"wp-block-image\"><img decoding=\"async\" loading=\"lazy\" width=\"800\" height=\"400\" src=\"https:\/\/speyer24news.com\/wp-content\/uploads\/2020\/02\/virus-1812092_1920.jpg\" alt=\"\" class=\"wp-image-25128\" srcset=\"https:\/\/speyer24news.com\/wp-content\/uploads\/2020\/02\/virus-1812092_1920.jpg 800w, https:\/\/speyer24news.com\/wp-content\/uploads\/2020\/02\/virus-1812092_1920-300x150.jpg 300w, https:\/\/speyer24news.com\/wp-content\/uploads\/2020\/02\/virus-1812092_1920-768x384.jpg 768w\" sizes=\"(max-width: 800px) 100vw, 800px\" \/><\/figure>\n\n\n\n<p><strong>Rhein-Pfalz-Kreis &#8211; <\/strong>Nach aktuellem Stand (20. M\u00e4rz 2020, 8 Uhr) gibt es im Zust\u00e4ndigkeitsbereich des Gesundheitsamtes Rhein-Pfalz-Kreis 41 Personen, die positiv auf das Coronavirus getestet wurden: 10 Personen aus dem Rhein-Pfalz-Kreis, 9 aus der Stadt Frankenthal, 13 aus der Stadt Ludwigshafen und 9 Personen aus der Stadt Speyer. <\/p>\n\n\n\n<p>Alle\nPersonen und deren enge Kontaktpersonen stehen unter h\u00e4uslicher Quarant\u00e4ne nach\ndem Infektionsschutzgesetz. Alle ermittelbaren Kontaktpersonen werden \u00fcber die\nInfektion informiert.<\/p>\n\n\n\n<p>Aufgrund der aktuellen Entwicklungen\nund der steigenden Infektionszahlen bei R\u00fcckkehrern aus dem Skiurlaub empfiehlt\ndas Gesundheitsamt diesem Personenkreis dringend, freiwillig 14 Tage in\nh\u00e4usliche Quarant\u00e4ne zu gehen und das unabh\u00e4ngig davon, ob Symptome vorhanden\nsind oder nicht. R\u00fcckkehrer, die Symptome entwickeln, sollen sich bitte\numgehend telefonisch bei ihrem Hausarzt melden.<\/p>\n\n\n\n<p>Die Verwaltungen haben zus\u00e4tzlich verschiedene Allgemeinverf\u00fcgungen aufgrund des Aufkommens von SARS-CoV-2-Infektionen erlassen, um eine Ausbreitung des Virus zu verlangsamen. Die Verf\u00fcgungen des Rhein-Pfalz-Kreises sowie die aktuellen Fallzahlen sind auf der Webseite der Kreisverwaltung unter <a href=\"http:\/\/www.rhein-pfalz-kreis.de\">www.rhein-pfalz-kreis.de<\/a> einsehbar.<\/p>\n\n\n\n<p><em>Kreisverwaltung Rhein-Pfalz-Kreis<br>23.03.2020<\/em><\/p>\n\n\n\n<h2 class=\"wp-block-heading\"><strong>Coronavirus: Weitere F\u00e4lle im Landkreis\nS\u00fcdliche Weinstra\u00dfe und der Stadt Landau<\/strong><\/h2>\n\n\n\n<p><strong>Landkreis S\u00fcdliche Weinstra\u00dfe \/ Landau &#8211; <\/strong>Nach aktuellem Stand (20. M\u00e4rz 2020, 15 Uhr) haben sich im Landkreis S\u00fcdliche Weinstra\u00dfe f\u00fcnf weitere F\u00e4lle des Coronavirus (COVID-19) best\u00e4tigt. Insgesamt wurden damit 37 F\u00e4lle im Zust\u00e4ndigkeitsbereich des Gesundheitsamts Landau\/S\u00fcdliche Weinstra\u00dfe positiv auf das Coronavirus getestet und an das Landesuntersuchungsamt \u00fcbermittelt. Eine Person stammt aus der Verbandsgmeinde Annweiler, drei Personen aus der Verbandsgemeinde Bad Bergzabern, sieben Personen aus der Verbandsgemeinde Edenkoben, acht Personen aus der Verbandsgemeinde Herxheim, eine Person aus der Verbandsgmeinde Landau-Land, zwei Personen aus der Verbandsgemeinde Maikammer, neun Personen aus der Verbandsgemeinde Offenbach und sechs Personen aus der Stadt Landau. <\/p>\n\n\n\n<p>Alle\nermittelbaren Kontaktpersonen werden \u00fcber die Infektion informiert. <\/p>\n\n\n\n<p>Informationen zum Thema Coronavirus finden Sie auf der Homepage des Landkreises: <a href=\"http:\/\/www.suedliche-weinstrasse.de\">www.suedliche-weinstrasse.de<\/a>. &nbsp;&nbsp;<\/p>\n\n\n\n<p>Das\nB\u00fcrgertelefon des Landkreises S\u00dcW\nund der Stadt Landau ist unter der Telefonnummer 06341\/940 555 f\u00fcr B\u00fcrgerinnen und\nB\u00fcrger von Montag bis Donnerstag von 10 bis 12:30 Uhr und 13:30 bis 16 Uhr,\nFreitag 10 bis 12:30 Uhr, Samstag und Sonntag von 10 bis 12:30 Uhr erreichbar. <\/p>\n\n\n\n<p>Ab Montag, 23. M\u00e4rz stehen die Ansprechpartner von Montag bis Donnerstag von 8:30 Uhr bis 12 Uhr und 14 Uhr bis 16 Uhr zur Verf\u00fcgung. Freitags ist das B\u00fcrgertelefon von 8:30 Uhr bis 12 Uhr erreichbar. Am Wochenende ist der Telefondienst von 10 Uhr bis 12:30 Uhr besetzt.<\/p>\n\n\n\n<p><em>Gemeinsame Presse-Information der Stadt Landau und des Landkreises S\u00fcdliche Weinstra\u00dfe<br>23.03.2020<\/em><\/p>\n\n\n\n<h2 class=\"wp-block-heading\"><strong>Allgemeinverf\u00fcgung \u00fcber ein\nBetretungsverbot f\u00fcr \u00f6ffentliche Orte zur Eind\u00e4mmung der Verbreitung des SARS-CoV-2\nin Rheinland-Pfalz<\/strong><\/h2>\n\n\n\n<p><strong>Rheinland-Pfalz \/ Rhein-Pfalz-Kreis &#8211;<\/strong> Das neuartige Coronavirus SARS-CoV-2 hat sich in kurzer Zeit weltweit verbreitet. Es muss alles daf\u00fcr getan werden, eine weitere Ausbreitung zu verhindern. Deshalb sind erh\u00f6hte Schutzma\u00dfnahmen zur Verhinderung der Verbreitung erforderlich.<\/p>\n\n\n\n<p>Die\nKreisverwaltung Rhein-Pfalz-Kreis erl\u00e4sst gem\u00e4\u00df \u00a7\u00a7 16, 28\nInfektionsschutzgesetz i.V.m. \u00a7 2 der Landesverordnung zur Durchf\u00fchrung des Infektionsschutzgesetzes\nvom 10. M\u00e4rz 2010, zuletzt ge\u00e4ndert durch \u00a7 7 des Gesetzes vom 15.10.2012\n(GVBl. S. 341) als zust\u00e4ndige Beh\u00f6rde nachfolgende Allgemeinverf\u00fcgung:<\/p>\n\n\n\n<ol><li>Das Betreten\n     \u00f6ffentlicher Orte ist untersagt. Zu den \u00f6ffentlichen Orten z\u00e4hlen insbesondere\n     Stra\u00dfen, Wege, Gehwege, Pl\u00e4tze, \u00f6ffentliche Gr\u00fcnfl\u00e4chen und Parkanlagen.<\/li><\/ol>\n\n\n\n<ol><li>Ausgenommen\n     vom Verbot nach Ziffer 1 sind Betretungen,<\/li><li>die zur Anwendung einer unmittelbaren Gefahr f\u00fcr\nLeib, Leben und Eigentum erforderlich sind;<\/li><li>die zum Zwecke von medizinischen,\npsychotherapeutischen oder vergleichbaren Heilbehandlungen erforderlich sind;<\/li><li>die der Betreuung und Hilfeleistung von\nunterst\u00fctzungsbed\u00fcrftigen Personen dienen;<\/li><li>die zur Deckung\nder notwendigen Grundbed\u00fcrfnisse des t\u00e4glichen Lebens erforderlich sind (Einzelhandelsbetriebe f\u00fcr Lebensmittel,\nWochenm\u00e4rkte, Abhol- und Lieferdienste, Getr\u00e4nkem\u00e4rkte, Apotheken,\nSanit\u00e4tsh\u00e4user, Drogerien, Tankstellen, Banken und Sparkassen, Poststellen,\nReinigungen, Waschsalons, Zeitungsverkauf, Bau-, Gartenbau- und Tierbedarfsm\u00e4rkte\nund der Gro\u00dfhandel);<\/li><\/ol>\n\n\n\n<ul><li>die f\u00fcr\nberufliche Zwecke einschlie\u00dflich der Unterbringung von Kindern in der\nNotbetreuung erforderlich sind;<\/li><li>wenn\n\u00f6ffentliche Orte im Freien allein, zu zweit, mit Personen, die im gemeinsamen\nHaushalt leben, oder mit Haustieren betreten werden sollen.<\/li><\/ul>\n\n\n\n<ul><li>Die Benutzung des \u00f6ffentlichen\nPersonennahverkehrs ist nur f\u00fcr Betretungen gem\u00e4\u00df Ziffer 2 Buchstaben a) bis e)\nzul\u00e4ssig, wobei bei der Benutzung ein Abstand von mindestens 1,50 Metern\ngegen\u00fcber anderen Personen einzuhalten ist.<\/li><\/ul>\n\n\n\n<ul><li>Bei Kontrollen durch die Polizei und den gemeindlichen\nVollzugsdienst sind die Gr\u00fcnde, warum eine Betretung gem. Ziffer 2 zul\u00e4ssig\nist, glaubhaft zu machen.<\/li><\/ul>\n\n\n\n<ul><li>Die Regelungen nach Ziffern 1 bis 4 dieser\nVerf\u00fcgung treten am Tag nach der Bekanntmachung (0.00 Uhr) in Kraft. Sie gelten\nvorerst bis 03.04.2020, 24.00 Uhr.<\/li><\/ul>\n\n\n\n<ul><li>Auf die Bu\u00dfgeldvorschrift des \u00a7 73 Abs. 1a\nNr. 6 IfSG sowie die Strafvorschrift des \u00a7 74 IfSG wird hingewiesen.<br>\n<br>\n<\/li><\/ul>\n\n\n\n<h1 class=\"wp-block-heading\">Begr\u00fcndung<\/h1>\n\n\n\n<p>Mit den bisherigen Allgemeinverf\u00fcgungen hat die Kreisverwaltung Einschr\u00e4nkungen des \u00f6ffentlichen Lebens geregelt. Unter anderem sind Zusammenk\u00fcnfte in verschiedenen Einrichtungen sowie sonstige Versammlungen und sonstige Veranstaltungen unabh\u00e4ngig von der Personenzahl untersagt, Restaurantbesuche eingeschr\u00e4nkt und Einkaufsm\u00f6glichkeiten auf unbedingt erforderliche Bereiche reduziert.<\/p>\n\n\n\n<p>Nach derzeitiger Lage steigen die Infektionszahlen massiv und in\nexponentieller Weisen an. Das Robert-Koch-Institut stuft seit dem 17.03.2020\ndie Gef\u00e4hrdung f\u00fcr die Gesundheit der Bev\u00f6lkerung als hoch ein.<\/p>\n\n\n\n<p>Im Rhein-Pfalz-Kreis sind trotz der getroffenen Ma\u00dfnahmen aktuell und\nrealistisch erwartbar auch in Zukunft zahlreiche Menschen im Kreisgebiet rege\nunterwegs. Wenngleich die bisher getroffenen Ma\u00dfnahmen zu sp\u00fcrbaren\nVer\u00e4nderungen im \u00f6ffentlichen Leben und damit zu einer Reduzierung von sozialen\nKontakten gef\u00fchrt haben, erscheint nach wie vor die Sensibilit\u00e4t und das\nentsprechende Handeln in Teilen der Bev\u00f6lkerung nicht angemessen ausgepr\u00e4gt:\nZahlreiche Beobachtungen von Menschenansammlungen auf \u00f6ffentlichen Pl\u00e4tzen im\nRhein-Pfalz-Kreis, sowie Berichte \u00fcber private Feiern, Ausgehverhalten und\nVergleichbares bis hin zu sog. \u201eCorona-Partys\u201c belegen diese in Teilen der\nBev\u00f6lkerung bislang ungen\u00fcgende Sensibilisierung.<\/p>\n\n\n\n<p>Das derzeit gute Wetter mit viel Sonnenschein und fr\u00fchsommerlichen\nTemperaturen l\u00e4dt zudem zu verst\u00e4rkten Aktivit\u00e4ten im Freien ein. Dabei kommt\nes unvermeidlich zu Ansammlungen, bei denen zahlreiche Personen\naufeinandertreffen. Ob die Menschen sich gezielt zusammenfinden (gemeinsame\nAbsicht) oder zuf\u00e4llig aufeinandertreffen, ist aus Sicht des Infektionsschutzes\nunerheblich.<\/p>\n\n\n\n<p>Bei solchen Begegnungen besteht die erheblich erh\u00f6hte Gefahr, dass das\nCorona-Virus SARS-CoV-2 \u00fcbertragen und damit in die Bev\u00f6lkerung\nweiterverbreitet wird.<\/p>\n\n\n\n<p>Die Entwicklung l\u00e4sst mit hoher Wahrscheinlichkeit einen Zustand erwarten, der das Gesundheitssystem und insbesondere die akute Versorgung von Patienten in Krankenh\u00e4usern \u00fcberfordert. Die Zust\u00e4nde in anderen L\u00e4ndern wie auch Prognosen von Medizinern in Deutschland lassen die Notwendigkeit der Priorisierung medizinischer Hilfeleistungen erwarten mit der Folge, dass ggf. bestimmte Personengruppen trotz Lebensgef\u00e4hrdung nicht mehr ad\u00e4quat versorgt werden k\u00f6nnen.<\/p>\n\n\n\n<p>Das mit dieser Allgemeinverf\u00fcgung ausgesprochene Verbot des Betretens \u00f6ffentlicher Orte ist mit Blick auf die oben dargestellten Zusammenh\u00e4nge geeignet und erforderlich, die weitere Ausbreitung von Corona-Infektionen in der Bev\u00f6lkerung einzud\u00e4mmen. Ein milderes Mittel, mit dem ein Schutz vor Ansteckungen bzw. eine Eind\u00e4mmung der Infektionsausbreitung in ebenso effektiver Weise zu erzielen w\u00e4re, ist nicht ersichtlich. Der derzeitige Anstieg der Infektionsf\u00e4lle erfordert, dass neue Ansteckungen so weit als m\u00f6glich minimiert werden. Dies ist nur m\u00f6glich, wenn jegliche Kontakte, die nicht im Sinne der Ausnahmem\u00f6glichkeiten nach Ziffer 2) liegen, unterbunden werden.<\/p>\n\n\n\n<p>Das Verbot ist auch verh\u00e4ltnism\u00e4\u00dfig im engeren Sinne. Den\nEinschr\u00e4nkungen der pers\u00f6nlichen Handlungsfreiheit stehen wie oben dargestellt\nerhebliche gesundheitliche Gefahren bei der unkontrollierten und nicht mehr\nnachverfolgbaren weiteren Verbreitung des Coronavirus sowie die Gefahr einer\nakuten und schwerwiegenden \u00dcberlastung der Gesundheitsversorgung gegen\u00fcber. Bei\nder Abw\u00e4gung \u00fcberwiegen unstreitig die Rechtsg\u00fcter des Lebens und der\nk\u00f6rperlichen Unversehrtheit des Einzelnen sowie des Gesundheitsschutzes der\nBev\u00f6lkerung.<\/p>\n\n\n\n<p>Die Verh\u00e4ltnism\u00e4\u00dfigkeit der Verf\u00fcgung wird insbesondere dadurch\ngew\u00e4hrleistet, dass durch die unter Ziffer 2 genannten Ausnahmen weiterhin\ndringende und unaufschiebbare Gesch\u00e4fte m\u00f6glich bleiben sowie ein gewisses\nMindestma\u00df an pers\u00f6nlicher Bewegungsfreiheit bestehen bleibt.<\/p>\n\n\n\n<p>Zur Durchsetzung der Verf\u00fcgung ist die Anordnung von unmittelbarem Zwang erforderlich. Die Androhung von Zwangsgeld als milderes Zwangsmittel ist untunlich, denn die Ansteckung l\u00e4sst sich nur dann wirksam verhindern, wenn Personen notfalls unter Zwang sofort dazu gebracht werden, das Betretungsverbot einzuhalten und im Falle der Inanspruchnahme der Ausnahmeregelungen den erforderlichen Abstand einzuhalten.<\/p>\n\n\n\n<p>Vor dem Hintergrund der weiter\nsteigenden Infektionszahlen in den vergangenen Tagen und der sehr dynamischen\nEntwicklung ist es erforderlich, weitere kontaktreduzierende Ma\u00dfnahmen zu\nergreifen, um die Ausbreitungsdynamik zu unterbrechen. Die Ma\u00dfnahmen des\nErlasses sind zu einer weiteren Verz\u00f6gerung der Infektionsdynamik beizutragen.<\/p>\n\n\n\n<p>Die Kreisordnungsbeh\u00f6rden haben\nals zust\u00e4ndige Beh\u00f6rde im Sinne des Infektionsschutzgesetzes daf\u00fcr Sorge zu\ntragen, dass notwendige Schutzma\u00dfnahmen zur Bek\u00e4mpfung von SARS-CoV-2 getroffen\nwerden. Die Kreisordnungsbeh\u00f6rde ist nach \u00a7 2 der Landesverordnung zur\nDurchf\u00fchrung des Infektionsschutzgesetzes (GVBl. 2010, 55) die zust\u00e4ndige\nBeh\u00f6rde im Sinne des IfSG und nach \u00a7 28 Absatz 1 Satz 2 IfSG f\u00fcr den Erlass von\nSchutzma\u00dfnahmen zur Verhinderung der Verbreitung \u00fcbertragbarer Krankheiten\nzust\u00e4ndig. <\/p>\n\n\n\n<p>Die Allgemeinverf\u00fcgung ist kraft\nGesetzes sofort vollziehbar nach \u00a7 28 Absatz 3 IfSG in Verbindung mit \u00a7 16\nAbsatz 8 IfSG. Rechtsbehelfe haben somit keine aufschiebende Wirkung. <\/p>\n\n\n\n<p>Die Allgemeinverf\u00fcgung gilt einen Tag nach ihrer Ver\u00f6ffentlichung als bekannt gegeben (\u00a7 1 Absatz 1 Landesverwaltungsverfahrensgesetz (GVBl. 1976, 308) in Verbindung mit \u00a7 41 Absatz 4 Satz 4 VwVfG). <\/p>\n\n\n\n<h4 class=\"wp-block-heading\"><strong>Rechtsbehelfsbelehrung<\/strong><\/h4>\n\n\n\n<p>Gegen diese Allgemeinverf\u00fcgung kann innerhalb eines Monats nach \u00f6ffentlicher Bekanntgabe schriftlich, zur Niederschrift oder in elektronischer Form Widerspruch bei der Kreisverwaltung Rhein-Pfalz-Kreis, Europaplatz 5, 67063 Ludwigshafen a.Rh. eingelegt werden. Die Schriftform kann durch die elektronische Form ersetzt werden. In diesem Fall ist das elektronische Dokument mit einer qualifizierten elektronischen Signatur zu versehen. Bei der Verwendung der elektronischen Form sind besondere technische Rahmenbedingungen zu beachten, die im Internetauftritt des Rhein-Pfalz-Kreises unter <a href=\"http:\/\/www.kv-rpk.de\/kontakt\/elektronische_kommunikation\">http:\/\/www.kv-rpk.de\/kontakt\/elektronische_kommunikation<\/a> aufgef\u00fchrt sind.<\/p>\n\n\n\n<p>Es wird darauf hingewiesen, dass ein Widerspruch gegen diese\nAllgemeinverf\u00fcgung gem\u00e4\u00df \u00a7 16 Abs. 8 IfSG keine aufschiebende Wirkung hat.<\/p>\n\n\n\n<p>Auf Antrag kann das Verwaltungsgericht in 67433 Neustadt an der\nWeinstra\u00dfe, Robert-Stolz-Stra\u00dfe 20, gem\u00e4\u00df \u00a7 80 Abs. 5 Verwaltungsgerichtsordnung\n(VwGO) vom 21.01.1960 (BGBl. I S. 17) die aufschiebende Wirkung ganz oder\nteilweise anordnen. <\/p>\n\n\n\n<p>Gem\u00e4\u00df \u00a7 28 Abs. 3 in Verbindung mit \u00a7 16 Abs. 8 IfSG haben Widerspruch und Anfechtungsklage gegen die vorgenannten Ma\u00dfnahmen keine aufschiebende Wirkung.<\/p>\n\n\n\n<p><em>Kreisverwaltung Rhein-Pfalz-Kreis<br>23.03.2020<\/em><\/p>\n\n\n\n<h2 class=\"wp-block-heading\">18. BASF FIRMENCUP wird wegen COVID-19 verschoben <\/h2>\n\n\n\n<p><strong>Hockenheim \/ Hockenheimring &#8211; <\/strong>Der urspr\u00fcnglich f\u00fcr den 6. Mai 2020 auf dem Hockenheimring Baden-W\u00fcrttemberg geplante BASF FIRMENCUP wird verschoben. Veranstalter und Hockenheimring bem\u00fchen sich derzeit, einen neuen Termin f\u00fcr den Team-Lauf der Metropolregion Rhein-Neckar zu finden, der zur Top-5 der Firmenl\u00e4ufe in Deutschland geh\u00f6rt. <\/p>\n\n\n\n<p>\u201eIn diesem Moment gilt es vor allem, angemessen zu reagieren und alles M\u00f6gliche zu unternehmen, um die Ausbreitung des Coronavirus zu verlangsamen. Die Gesundheit aller Teilnehmer, Partner und Mitarbeiter hat f\u00fcr uns h\u00f6chste Priorit\u00e4t\u201c, so Heidi B\u00f6ttcher, beim Veranstalter Infront B2Run f\u00fcr den BASF FIRMENCUP verantwortlich. \u201eWir beobachten die Entwicklung rund um das Virus sehr genau. Wir stehen im kontinuierlichen Austausch mit den Beh\u00f6rden und beraten uns t\u00e4glich wie wir bestm\u00f6glich mit der sich st\u00e4ndig \u00e4ndernden Situation umgehen k\u00f6nnen.\u201c<\/p>\n\n\n\n<p><em>Tower Media GmbH<br>23.03.2020<\/em><\/p>\n\n\n\n<h2 class=\"wp-block-heading\">Corona\/Ministerrat: Landesregierung beschlie\u00dft weitere weitreichende Ma\u00dfnahmen zur Corona-Bek\u00e4mpfung<\/h2>\n\n\n\n<div class=\"wp-block-image\"><figure class=\"aligncenter\"><img decoding=\"async\" loading=\"lazy\" width=\"640\" height=\"475\" src=\"https:\/\/speyer24news.com\/wp-content\/uploads\/2020\/03\/RLP-Logo.jpg\" alt=\"\" class=\"wp-image-25896\" srcset=\"https:\/\/speyer24news.com\/wp-content\/uploads\/2020\/03\/RLP-Logo.jpg 640w, https:\/\/speyer24news.com\/wp-content\/uploads\/2020\/03\/RLP-Logo-300x223.jpg 300w, https:\/\/speyer24news.com\/wp-content\/uploads\/2020\/03\/RLP-Logo-80x60.jpg 80w\" sizes=\"(max-width: 640px) 100vw, 640px\" \/><\/figure><\/div>\n\n\n\n<p><strong>Berlin \/ Rheinland-Pfalz &#8211; <\/strong>Die Corona-Pandemie stellt das gesamte gesellschaftliche Leben vor ungeahnte, in dieser Form nie dagewesene Herausforderungen. Die Landesregierung handelt in enger Abstimmung mit der Bundesregierung, den anderen  L\u00e4ndern und den kommunalen Verantwortungstr\u00e4gerinnen und \u2013tr\u00e4gern, besonnen und entschlossen, um die weitere Ausbreitung des Virus zu verlangsamen und die Gesundheit und das Leben der B\u00fcrgerinnen und B\u00fcrger zu sch\u00fctzen. Aktuell gibt es in Rheinland-Pfalz 890  best\u00e4tigte SARS-CoV-2 F\u00e4lle und leider mittlerweile auch zwei Todesf\u00e4lle.<\/p>\n\n\n\n<h4 class=\"wp-block-heading\"><strong>Versch\u00e4rfung der Ma\u00dfnahmen nach Nichteinhaltung der freiwilligen Vorgaben<\/strong><\/h4>\n\n\n\n<p>Zur Eind\u00e4mmung der Pandemie hat der rheinland-pf\u00e4lzische Ministerrat heute weitere weitreichende Ma\u00dfnahmen beschlossen. \u201eWir haben schon weitreichende Eingriffe beschlossen und danken allen, die sich vorbildlich\n daran halten. Wir haben aber auch wahrgenommen, dass sich manche Menschen leider nicht an das Gebot halten, zueinander auf Abstand zu gehen. Im Gegenteil versammeln sich mancherorts vermehrt Gruppen oder verbringen ihre Freizeit. Dieser Eindruck wird durch\n Schilderungen aus den Kommunen verst\u00e4rkt. Daher haben wir beschlossen, dass ab heute um Mitternacht ein \u00f6ffentliches Versammlungsverbot gilt. Personengruppen von mit mehr als 5 Personen sind untersagt. Au\u00dferdem hat der Ministerrat in der Rechtsverordnung festgelegt,\n dass folgende Einrichtungen ab heute um Mitternacht schlie\u00dfen m\u00fcssen:<\/p>\n\n\n\n<p>\n1.&nbsp;&nbsp;&nbsp;&nbsp;\nRestaurants, Speisegastst\u00e4tten, Mensen, Kantinen, Caf\u00e9s und \u00e4hnliche Einrichtungen (jeweils Innen- und Au\u00dfengastronomie),<\/p>\n\n\n\n<p>\n2.&nbsp;&nbsp;&nbsp;&nbsp;\nEisdielen, Eiscaf\u00e9s, Internetcaf\u00e9s und \u00e4hnliche Einrichtungen (jeweils Innen- und Au\u00dfengastronomie),\n<\/p>\n\n\n\n<p>\n3.&nbsp;&nbsp;&nbsp;&nbsp;\nThermen, Solarien, Wellnessanlagen und \u00e4hnliche Einrichtungen,<\/p>\n\n\n\n<p>\n4.&nbsp;&nbsp;&nbsp;&nbsp;\nFahrschulen (einschlie\u00dflich Fahrschulpr\u00fcfungen in R\u00e4umlichkeiten des T\u00dcV) und \u00e4hnliche Einrichtungen,<\/p>\n\n\n\n<p>\n5.&nbsp;&nbsp;&nbsp;&nbsp;\nBibliotheken und \u00e4hnliche Einrichtungen,<\/p>\n\n\n\n<p>\n6.&nbsp;&nbsp;&nbsp;&nbsp;\nSportbooth\u00e4fen und \u00e4hnliche Einrichtungen.<\/p>\n\n\n\n<p>Weiterhin zul\u00e4ssig bleibt der Verkauf zur Mitnahme und der Lieferservice durch Restaurants, Gastst\u00e4tten und Caf\u00e9s. Ein Verzehr vor Ort ist auch in solchen Einrichtungen ausgeschlossen, die nicht von der Schlie\u00dfung\n betroffen sind.<\/p>\n\n\n\n<p>Zur Absicherung einer einheitlichen Handhabe im Land k\u00f6nnen ab sofort Allgemeinverf\u00fcgungen der Kreisverwaltungen und Stadtverwaltungen der kreisfreien St\u00e4dte nur im Einvernehmen mit dem Ministerium f\u00fcr Soziales,\n Arbeit, Gesundheit und Demografie erlassen werden.<\/p>\n\n\n\n<h4 class=\"wp-block-heading\"><strong>Strikte Regeln f\u00fcr den Pendelverkehr an der franz\u00f6sischen Grenze<\/strong><\/h4>\n\n\n\n<p>Die Landesregierung hat heute eine Verordnung erlassen, die den Pendlerverkehr zwischen Deutschland und der franz\u00f6sischen Grenze weiter reglementiert. \u201eNachdem wir beobachten mussten, dass es zu starken Verkehrsstr\u00f6men\n aus der franz\u00f6sischen Risikoregion Grand Est insbesondere in die S\u00fcd-Pfalzgekommen ist, haben wir Ma\u00dfnahmen zur Begrenzung getroffen\u201c, so Ministerpr\u00e4sidentin Malu Dreyer, Wirtschaftsminister Dr. Volker Wissing und Umweltministerin Ulrike H\u00f6fken.&nbsp; Besch\u00e4ftigte\n und Berufspendler aus RKI Risikogebieten, wie zum Beispiel Grand Est haben zwar weiterhin die M\u00f6glichkeit, ihrer Berufst\u00e4tigkeit in Rheinland-Pfalz nachzugehen. Sie m\u00fcssen sich aber unmittelbar zum Arbeitsort oder zum Wohnort begeben. Sie d\u00fcrfen diese Fahrten\n weder zum Einkaufen noch zu Freizeitzwecken unterbrechen oder diese aus diesen Gr\u00fcnen unternehmen. Diese Verordnung tritt unmittelbar in Kraft. Werden Menschen aus RKI Risikogebieten trotzdem in Rheinland-Pfalz angetroffen, k\u00f6nnen ab Montag, den 22. M\u00e4rz 2020,\n Bu\u00dfgelder bis zu 25.000 Euro verh\u00e4ngt werden.<\/p>\n\n\n\n<p>\u201eDiese Verordnung ist notwendig, um eine zu schnelle Ausbreitung des neuartigen Coronavirus in Rheinland-Pfalz zu verhindern. Insbesondere durch die hohe Infektions- und Todesrate in der rheinland-pf\u00e4lzischen Nachbarregion\n Grand Est in Frankreich besteht die Gefahr einer zunehmend schnellen Ausbreitung des Virus\u201c, so Ministerpr\u00e4sidentin Malu Dreyer. Die Verordnung sei ein milderes Mittel zu einer allgemeinen Grenzschlie\u00dfung oder einem vollst\u00e4ndigen Aufenthalts- bzw. Einreiseverbot.\n<\/p>\n\n\n\n<p>Der freie Warenverkehr soll so zudem gesichert werden. Andernfalls m\u00fcssten Menschen, die aus RKI-Risikogebieten kommen, insbesondere Fernfahrer, in Quarant\u00e4ne genommen werden. Die Verordnung ist demnach auch notwendig,\n um die Versorgung der Bev\u00f6lkerung und die Aufrechterhaltung kritischer Infrastruktur zu gew\u00e4hrleisten, so Dreyer, Wissing und H\u00f6fken.<\/p>\n\n\n\n<h4 class=\"wp-block-heading\"><strong>Reisebeschr\u00e4nkungen<\/strong><\/h4>\n\n\n\n<p>Ab sofort sind Fahrten und Reisen aus den vom Robert-Koch-Institut f\u00fcr COVID-19 erkl\u00e4rten internationalen Risikogebieten nach Rheinland-Pfalz untersagt. Au\u00dferdem ist der Transit aus diesen Risikogebieten durch\n das Gebiet des Landes Rheinland-Pfalz mit Ausnahme der Fahrten zum Ort einer Besch\u00e4ftigung oder zum Wohnsitz verboten. Eine entsprechende Verordnung hat das Ministerium f\u00fcr Arbeit, Soziales, Gesundheit und Demografie heute erlassen. Bei Fahrten zur Arbeitsstelle,\n zum T\u00e4tigkeits- oder Besch\u00e4ftigungsort sei eine ausgef\u00fcllte und unterschriebene Pendlerbescheinigung der Bundespolizei mitzuf\u00fchren, zudem seien bei Fahrten mit einem Fahrzeug die Pendlerbescheinigungen gut sichtbar hinter der Frontscheibe auszulegen. Diese\n Bescheinigungen k\u00f6nnen auf den Seiten der Bundespolizei unter <a href=\"https:\/\/deref-web-02.de\/mail\/client\/51-nSxfH9Fs\/dereferrer\/?redirectUrl=https%3A%2F%2Fwww.bundespolizei.de%2FWeb%2FDE%2F04Aktuelles%2F01Meldungen%2F2020%2F03%2Fpendlerbescheinigung_down.html\" target=\"_blank\" rel=\"noreferrer noopener\">\nhttps:\/\/www.bundespolizei.de\/Web\/DE\/04Aktuelles\/01Meldungen\/2020\/03\/pendlerbescheinigung_down.html<\/a> heruntergeladen werden.\n<\/p>\n\n\n\n<h4 class=\"wp-block-heading\"><strong>Auswirkungen auf die rheinland-pf\u00e4lzische Wirtschaft<\/strong><\/h4>\n\n\n\n<p>\u201eDie Corona-Krise hat enorme Auswirkungen auf die rheinland-pf\u00e4lzische Wirtschaft, insbesondere die kleinen Unternehmen und die Solo-Selbstst\u00e4ndigen sind bereits jetzt sp\u00fcrbar getroffen. Ich habe mich schon fr\u00fchzeitig\n f\u00fcr eine gesamtstaatliche, eine gemeinsame L\u00f6sung eingesetzt. Daher begr\u00fc\u00dfe ich das Soforthilfeprogramm des Bundes f\u00fcr kleine Unternehmen und Solo-Selbstst\u00e4ndige ausdr\u00fccklich.&nbsp; Corona ist ein mindestens nationales, wenn nicht globales Problem und so muss die\n Antwort auch auf nationaler Ebene erfolgen. Wir werden den Bund bei der Umsetzung des Programms unterst\u00fctzen. Gleichzeitig bin ich mit allen Akteuren im Gespr\u00e4ch, um einen eventuell bestehenden weiteren Bedarf an Hilfsangeboten zu identifizieren und darauf\n zu reagieren\u201c, sagte Wirtschaftsminister Dr. Volker Wissing. <\/p>\n\n\n\n<p>Der Minister rief alle Unternehmen dazu auf, bestehende Angebote zu nutzen. \u201eNutzen Sie das Kurzarbeitergeld. Sprechen sie mit ihrem Finanzamt. Suchen sie den Kontakt zu ihrer Hausbank, die eine Schl\u00fcsselrolle\n spielt f\u00fcr die B\u00fcrgschafts- und Darlehensprogramme der Landesregierung\u201c, sagte Wissing. Allerdings muss allen klar sein, dass die Politik nur die Auswirkungen der Verbreitung des Corona-Virus bek\u00e4mpfen kann, um die Verbreitung des Virus an und f\u00fcr sich einzud\u00e4mmen,\n sind wir hingegen alle gefordert.<\/p>\n\n\n\n<h4 class=\"wp-block-heading\"><strong>Sicherheit im Lebensmittelhandel<\/strong><\/h4>\n\n\n\n<p>Mit Blick auf den Lebensmitteleinzelhandel betonte Ern\u00e4hrungsministerin H\u00f6fken: \u201eDie Gesundheitsministerin und ich haben uns mit einem Schreiben unter anderem an den Einzelhandel gewandt, um auf die besondere Bedeutung\n der verpflichtenden Einhaltung von Hygieneregeln und -ma\u00dfnahmen hinzuweisen. Ich m\u00f6chte besonders die Bedeutung des Lebensmitteleinzelhandels bei der Versorgung der Bev\u00f6lkerung unterstreichen. Der Schutz der Mitarbeiterinnen und Mitarbeiter im Einzelhandel\n ist in dieser Krise systemrelevant, da diese tagt\u00e4glich in den Gesch\u00e4ften f\u00fcr die Sicherstellung der Versorgung der Menschen in unserem Land arbeiten. Deshalb haben wir gemeinsam nochmal eine Handreichung zu weiteren kontaktreduzierenden Ma\u00dfnahmen auf unserer\n Homepage ver\u00f6ffentlicht, um die Ausbreitungsdynamik zu unterbrechen und die Mitarbeiterinnen und Mitarbeiter und auch die Kundinnen und Kunden in den Gesch\u00e4ften bestm\u00f6glich zu sch\u00fctzen. Dazu geh\u00f6rt zum Beispiel das Einhalten von Abstandsregeln beim Lebensmitteleinkauf.&#8220;&nbsp;\n<\/p>\n\n\n\n<h4 class=\"wp-block-heading\"><strong>Ehrenamt ist in der Krise wichtig und erh\u00e4lt Unterst\u00fctzung<\/strong><\/h4>\n\n\n\n<p>In dieser schwierigen Situation mache es Mut, dass die Menschen in Rheinland-Pfalz sich gegenseitig helfen und unterst\u00fctzen. Vielen B\u00fcrgern und B\u00fcrgerinnen sei es nicht egal, wie \u00c4ltere, Kranke oder Menschen in\n Quarant\u00e4ne mit dem N\u00f6tigsten versorgt werden oder ob sie an Einsamkeit und fehlenden sozialen Kontakten leiden. Neben den bestehenden sozialstaatlichen Hilfestrukturen und den Angeboten der Kommunen sei ihr Engagement wichtig, um in Zeiten von \u201esocial distancing\u201c\n soziale K\u00e4lte zu vermeiden. <\/p>\n\n\n\n<p>\u201cIch bin sehr froh dar\u00fcber, dass \u00fcberall im Land nachbarschaftliche Hilfsdienste wie Einkaufshilfen, Online-Leseangebote oder Sorgentelefone von ehrenamtlich Engagierten ins Leben gerufen worden. Sie wollen wir\n schnell und unb\u00fcrokratisch unterst\u00fctzen. Ich habe deshalb ein neues F\u00f6rderprogramm initiiert, aus dem ab sofort entstehende Auslagen und Aufw\u00e4nde erstattet werden. Die Projektf\u00f6rderung erfolgt einmalig in H\u00f6he von bis zu 90 Prozent der Gesamtausgaben, maximal\n jedoch 500 Euro. Damit stehen zus\u00e4tzlich zu den bisherigen Mitteln rund eine halbe Million Euro f\u00fcr die Engagementf\u00f6rderung in der Corona-Pandemie zur Verf\u00fcgung\u201c, so Ministerpr\u00e4sidentin Malu Dreyer.<\/p>\n\n\n\n<p>In den kommenden Wochen und Monaten w\u00fcrden solche Nachbarschaftshilfen und ehrenamtlichen Initiativen weiter an Bedeutung gewinnen. Daf\u00fcr brauche es gute Rahmenbedingungen, geb\u00fcndelte Informationen, unkomplizierte\n Zug\u00e4nge zu bestehenden Netzwerken sowie nicht zuletzt auch neue, unb\u00fcrokratische F\u00f6rderangebote. \u201eF\u00fcr alle in der Corona-Krise ehrenamtlich Engagierten haben wir f\u00fcr die Praxis wichtige Informationen, die F\u00f6rderm\u00f6glichkeiten und Ansprechpartner zusammengestellt.\n Diese \u00dcbersicht werden wir kontinuierlich fortschreiben.<\/p>\n\n\n\n<h4 class=\"wp-block-heading\"><strong>Angek\u00fcndigter Nachtragshaushalt bereits kommende Woche im Kabinett<\/strong><\/h4>\n\n\n\n<p>Die rheinland-pf\u00e4lzische Landesregierung wird bereits in der Kabinettssitzung am kommenden Dienstag, 24. M\u00e4rz, den Nachtragshaushalt beraten.\n<\/p>\n\n\n\n<p>\u201eDer Nachtragshaushalt dient dazu, finanziell auf die aktuelle Situation vorbereitet zu sein. Die Gesundheit der B\u00fcrgerinnen und B\u00fcrger steht an erster Stelle. Angesichts der Dynamik der Situation wird der Nachtragshaushalt\n den aktuellen Bedarfen angepasst\u201c, so Ministerpr\u00e4sidentin Malu Dreyer und Finanzministerin Doris Ahnen.\n<\/p>\n\n\n\n<p>Im Anschluss an die Kabinettssitzung am Dienstag werden die Ministerpr\u00e4sidentin und die Finanzministerin \u00fcber die Einzelheiten des Nachtrags informieren. Die Landesregierung hat die Bitte an den rheinland-pf\u00e4lzischen\n Landtag herangetragen, im Anschluss an den Kabinettsbeschluss ein beschleunigtes Verfahren zu erm\u00f6glichen.\n<\/p>\n\n\n\n<h4 class=\"wp-block-heading\"><strong>Pressekonferenzen nur noch online<\/strong><\/h4>\n\n\n\n<p>Die Ministerpr\u00e4sidentin wird ab sofort und bis auf weiteres zum eigenen Schutz und dem Schutz der Medienvertreterinnen und -vertreter Pressekonferenzen streamen und Fragen \u00fcber Telefon und Kurznachrichten entgegennehmen.\n Die Ministerpr\u00e4sidentin wird zudem aus Vorsichtsgr\u00fcnden weitere Sicherheitsma\u00dfnahmen ergreifen, da sie m\u00f6glicherweise mittelbaren Kontakt mit einer infizierten Person hatte. Aus diesem Grund greifen die Handlungsanweisungen zum Umgang mit Schl\u00fcsselpersonal.\n Daher sollen ab sofort Menschen, die in n\u00e4heren Kontakt zu ihr treten, Mundschutz tragen. Diese Ma\u00dfnahmen dienen allein dem Schutz der Bev\u00f6lkerung, die Ansteckungsgefahr zu minimieren und so die Ausbreitung der Corona-Pandemie zu verlangsamen.<\/p>\n\n\n\n<h4 class=\"wp-block-heading\"><strong>Appell an die Bev\u00f6lkerung<\/strong><\/h4>\n\n\n\n<p>\u201eWir appellieren eindr\u00fccklich an die Menschen in Rheinland-Pfalz. Nehmen Sie R\u00fccksicht, sie kann Leben retten. Halten Sie Abstand und bleiben Sie daheim. Gehen Sie nur weg, wenn es unbedingt notwendig ist. Wenn\n alle vern\u00fcnftig sind und sich an die Ma\u00dfgabe halten, Menschenansammlungen zu meiden, dann k\u00f6nnen wir gemeinsam erreichen, dass sich die Ausbreitung des Virus verlangsamt. Es bleibt wichtig, dass jeder seinen Beitrag dazu leistet\u201c, so die Ministerpr\u00e4sidentin<\/p>\n\n\n\n<p>Die \u00dcbersicht und alle weitere Informationen finden Sie unter <a href=\"https:\/\/deref-web-02.de\/mail\/client\/mYcRR1-0G30\/dereferrer\/?redirectUrl=http%3A%2F%2Fwww.corona.rlp.de\" target=\"_blank\" rel=\"noreferrer noopener\">www.corona.rlp.de<\/a>.<\/p>\n\n\n\n<p><em>Staatskanzlei Rheinland-Pfalz<br>23.03.2020<\/em><\/p>\n\n\n\n<h2 class=\"wp-block-heading\"><strong>Schifferstadter f\u00fcr Schifferstadter:\nHilfe w\u00e4hrend der Coronakrise <\/strong><\/h2>\n\n\n\n<p><strong>Schifferstadt &#8211; <\/strong>\u00c4ltere, alleinstehende Menschen, solche mit Vorerkrankungen, Behinderungen oder Immunschw\u00e4che sind durch den aktuell grassierenden Coronavirus besonders gef\u00e4hrdet. Aber sie k\u00f6nnen sich und andere vor Ansteckung sch\u00fctzen \u2013 indem sie zuhause bleiben. Was aber, wenn es ihnen an etwas fehlt? <\/p>\n\n\n\n<p>Gemeinsam mit den\nbereits in Schifferstadt aktiven Organisationen hat die Stadtverwaltung eine\ntelefonische Hotline unter 01718171493 eingerichtet. Hier darf sich Montag bis\nFreitag, jeweils von 9 bis 12 Uhr jeder melden, der Sorgen und \u00c4ngste hat,\njemanden braucht, der f\u00fcr ihn den Einkauf, das Gassigehen mit dem Hund erledigt\noder Hilfe bei einer kleinen Reparatur ben\u00f6tigt. Die freundlichen\nMitarbeiterinnen und Mitarbeiter leiten die Anrufer je nach Anliegen an den\nentsprechenden Ansprechpartner weiter. Ist die Hotline nicht besetzt, zeichnet\nein Anrufbeantworter die Nachrichten auf. Selbstverst\u00e4ndlich k\u00f6nnen sich auch\nB\u00fcrgerinnen und B\u00fcrger melden, die anderen ihre Hilfe anbieten m\u00f6chten. Auch\nhier leistet die Stadtverwaltung Vermittlungsarbeit. <\/p>\n\n\n\n<p>Nicht nur in Zeiten\nvon Corona, aber nat\u00fcrlich gerade jetzt, haben sich einige kommerzielle, aber\nauch ehrenamtliche Organisationen auf den erh\u00f6hten Bedarf an Unterst\u00fctzung\neingestellt. Daneben arbeiten auch die Kirchen, Moscheen und die \u00d6kumenische\nSozialstation an Ideen und Konzepten, betroffenen B\u00fcrgerinnen und B\u00fcrgern zu\nhelfen bzw. die bereits bestehenden Hilfsangebote mit voranzutreiben. <\/p>\n\n\n\n<h4 class=\"wp-block-heading\"><strong>Einkaufsservice des Deutschen Roten Kreuzes<\/strong><\/h4>\n\n\n\n<p>Unter der Nummer 017693701726\nsind die Helferinnen und Helfer des Deutschen Roten Kreuzes (DRK) von Montag\nbis Samstag von 9 bis 18 Uhr erreichbar. Sie organisieren einen kostenfreien Einkaufsservice\n\u2013 nur der Warenwert muss erstattet werden. \u201eWir schlie\u00dfen niemanden aus. Jeder\ndarf sich bei uns melden \u2013 ob als Helfer oder Hilfsbed\u00fcrftiger\u201c, sagt Christoph\nWerner, Vorsitzender des Ortsvereins\nSchifferstadt &amp; VG Dannstadt Schauernheim.<\/p>\n\n\n\n<h4 class=\"wp-block-heading\"><strong>Hilfedienst f\u00fcr Personen mit Pflegestufe 1 bis 5<\/strong><\/h4>\n\n\n\n<p>Anrufen, Einkaufsliste durchgeben und jeden\nMittwoch und Freitag mit den gew\u00fcnschten Produkten aus Aldi, Lidl und Edeka\nbeliefert werden. Die Mitarbeiterinnen und Mitarbeiter des Hilfediensts\nRhein-Pfalz kaufen f\u00fcr Menschen mit Pflegestufe 1 bis 5 ein. Bezahlt wird bar\noder per EC-Karte laut Kassenzettel bei Lieferung. Die Telefonnummer lautet:\n06235 \/ 446 285 5.<\/p>\n\n\n\n<h4 class=\"wp-block-heading\"><strong>24-Stunden-Hilfe bei technischen und handwerklichen Problemen<\/strong><\/h4>\n\n\n\n<p>Eine Kleinigkeit muss\nrepariert, Gardinen auf- und abgeh\u00e4ngt oder ein Router und WLAN eingerichtet\nwerden? Mit seinem 24-Stunden-Notdienst reicht Matthias B\u00fcrgers Alleinstehenden\nund Senioren seine \u201eHelping Hand\u201c. Er bietet schnelle und preiswerte\nHilfestellung bei diversen handwerklichen Herausforderungen und vielem mehr. Gerne\nd\u00fcrfen die Hilfesuchenden auch mithelfen! Erreichbar ist \u201edes B\u00fcrgers helfende\nHand\u201c telefonisch unter 06235 \/ 9256250 oder mobil unter 01729802291. <\/p>\n\n\n\n<h4 class=\"wp-block-heading\"><strong>Junge Union aktiviert \u201eEinkaufshelden\u201c<\/strong><\/h4>\n\n\n\n<p>Knapp 8.000 sogenannte Einkaufshelden sind deutschlandweit f\u00fcr \u00c4ltere und chronisch Kranke unterwegs. Initiiert hat die Aktion die Junge Union Deutschland. Wer mitanpacken will, kann sich unter <a href=\"http:\/\/www.die-einkaufshelden.de\">die-einkaufshelden.de<\/a> registrieren und erh\u00e4lt dann vermittelte Anfragen von Hilfesuchenden aus der Region. Sofern der Einkaufsheld diese erledigen kann und will, erh\u00e4lt er die Kontaktdaten des Hilfesuchenden. Umgekehrt geht\u00b4s nat\u00fcrlich genauso: Der Hilfesuchende stellt seine Anfrage \u00fcber die Plattform, wird an seinen Einkaufshelden aus der Gegend vermittelt und erh\u00e4lt dessen Kontaktdaten. <\/p>\n\n\n\n<p>Wer sich als Einkaufsheld registriert, kann sich auch direkt seinen pers\u00f6nlichen Steckbrief mit Hilfsangebot und Kontaktdaten ausdrucken. Der kann dann im Mehrfamilienhaus oder der Nachbarschaft ausgeh\u00e4ngt werden. <\/p>\n\n\n\n<p><em>Stadtverwaltung Schifferstadt<br>23.03.2020<\/em><\/p>\n\n\n\n<h2 class=\"wp-block-heading\">Ruftaxi verkehrt mit Notfahrplan <\/h2>\n\n\n\n<p><strong>Ha\u00dfloch &#8211;<\/strong> Die Corona-Pandemie hat auch Auswirkungen auf den \u00d6ffentlichen Personennahverkehr. In dem Zusammenhang wird das Ruftaxi-Angebot in Ha\u00dfloch mit dem heutigen Freitag seinen regul\u00e4ren Fahrbetrieb einstellen und ab Montag, 23. M\u00e4rz 2020 nach einem Notfahrplan verkehren. Darauf haben sich die Gemeindeverwaltung, der Verkehrsbund Rhein-Neckar und die Firma Blesinger verst\u00e4ndigt. Demnach wird das Ruftaxi ab Montag in der Zeit zwischen 09:00 und 17:00 Uhr nur noch das \u00c4rztehaus im Ortszentrum sowie das Medizentrum in der Hans-B\u00f6ckler-Stra\u00dfe anfahren. Weitere Fahrziele sieht der Notfahrplan nicht vor. <\/p>\n\n\n\n<p>Dar\u00fcber hinaus wird die Zahl der Fahrg\u00e4ste auf maximal 2 Personen beschr\u00e4nkt (ggf. plus eine weitere Begleitperson). Den Anweisungen des Fahrers in Bezug auf Sitzplatzwahl ist Folge zu leisten. Auch findet keine Einstiegshilfe f\u00fcr mobilit\u00e4tseingeschr\u00e4nkte Personen statt. Hierzu ist eine Begleitperson erforderlich. Diese Ma\u00dfnahmen sind zum Schutz der Fahrg\u00e4ste als auch des Fahrers erforderlich. Dar\u00fcber hinaus findet kein Fahrkartenverkauf im Ruftaxi statt. Die Fahrt ist in dem Fall kostenfrei. Der Notfahrplan gilt zun\u00e4chst bis zum 30.04.2020, kann bei Notwendigkeit aber verl\u00e4ngert werden. <\/p>\n\n\n\n<p>Das Ruftaxi f\u00e4hrt im Vergleich zum Linienbusverkehr ausschlie\u00dflich auf Abruf und ist dementsprechend nur dann unterwegs ist, wenn es von den Fahrg\u00e4sten bestellt wurde. Bis eine Stunde vor Abfahrt kann das Ruftaxi unter der Telefonnummer 06324-9269690 zu einer von insgesamt 31 Haltestellen in Ha\u00dfloch angefordert werden.<\/p>\n\n\n\n<p><em>Gemeindeverwaltung Ha\u00dfloch<br>23.03.2020<\/em><\/p>\n\n\n\n<h2 class=\"wp-block-heading\"><strong>\u201eWir sind alle f\u00fcreinander verantwortlich\u201c<\/strong><\/h2>\n\n\n\n<h3 class=\"wp-block-heading\"><strong>Bischof Dr. Karl-Heinz Wiesemann wendet sich mit Video-Botschaft an die Menschen im Bistum Speyer \u2013 Besondere Worte der Ermutigung an Kinder und Jugendliche<\/strong><\/h3>\n\n\n\n<div class=\"wp-block-image\"><figure class=\"aligncenter\"><img decoding=\"async\" loading=\"lazy\" width=\"800\" height=\"608\" src=\"https:\/\/speyer24news.com\/wp-content\/uploads\/2020\/03\/Bischof-Karl-Heinz-Wiesemann-2.jpg\" alt=\"\" class=\"wp-image-26031\" srcset=\"https:\/\/speyer24news.com\/wp-content\/uploads\/2020\/03\/Bischof-Karl-Heinz-Wiesemann-2.jpg 800w, https:\/\/speyer24news.com\/wp-content\/uploads\/2020\/03\/Bischof-Karl-Heinz-Wiesemann-2-300x228.jpg 300w, https:\/\/speyer24news.com\/wp-content\/uploads\/2020\/03\/Bischof-Karl-Heinz-Wiesemann-2-768x584.jpg 768w, https:\/\/speyer24news.com\/wp-content\/uploads\/2020\/03\/Bischof-Karl-Heinz-Wiesemann-2-80x60.jpg 80w\" sizes=\"(max-width: 800px) 100vw, 800px\" \/><figcaption><strong>Bischof Dr. Karl-Heinz Wiesemann<\/strong>: \u201eWir sind alle f\u00fcreinander verantwortlich\u201c<\/figcaption><\/figure><\/div>\n\n\n\n<p><strong>Speyer &#8211;<\/strong> Bischof Dr. Karl-Heinz Wiesemann wendet sich mit einer Video-Botschaft an alle Menschen und Gl\u00e4ubige im Bistum Speyer. \u201eWir alle sp\u00fcren in diesen Tagen: Durch die Corona-Krise ist die Welt in einer ganz besonderen Herausforderung \u2013 und wir mitten drin.\u201c Er dankt allen, die sich schon bisher solidarisch gezeigt haben mit den Betroffen, indem sie auch schmerzliche Einschr\u00e4nkungen in Kauf genommen haben.<\/p>\n\n\n\n<p>Es sei bitter, nicht mehr zum Gottesdienst zusammenkommen k\u00f6nnen. \u201eAber wir sp\u00fcren: Wir sind trotzdem eine Gebetsgemeinschaft. Das k\u00f6nnen wir auch miteinander erleben, indem wir uns auf digitale Weise uns miteinander verbinden oder einfach auch ganz still im Herzen\u201c, so Bischof Wiesemann. \u201eF\u00fcreinander da sein, aufmerksam aufeinander sein, solidarisch f\u00fcreinander sein, verantwortlich handeln: Das ist etwas sehr Wesentliches in diesem Augenblick.\u201c<\/p>\n\n\n\n<p>Er ermutigt die Gl\u00e4ubigen, anderen ein Zeugnis des Glaubens gerade in dieser Herausforderung zu geben und dankt allen, \u201edie in dieser Krise ganz Gro\u00dfartiges leisten. An sie m\u00f6chte ich ein besonderes Wort des Dankes richten, in die Krankenh\u00e4user, in die Pflege, aber auch an Sie zuhause, wenn sie jemanden zu betreuen haben.\u201c<\/p>\n\n\n\n<h4 class=\"wp-block-heading\"><strong>Worte der Zuversicht an Kinder und Jugendliche<\/strong><\/h4>\n\n\n\n<p>In einer eigenen Video-Botschaft spricht der Bischof speziell Kindern und Jugendlichen Mut und Zuversicht zu. \u201eIn diesem Augenblick sp\u00fcren wir: Wir geh\u00f6ren alle zusammen, die Jungen und die Alten.\u201c Er erkl\u00e4rt, warum es wichtig ist, \u201edass wir jetzt miteinander verantwortlich f\u00fcreinander sind\u201c und warnt vor schlechten Vorbildern. Zugleich best\u00e4rkt er die Zuversicht: \u201eWir haben immer wieder aus einem tiefen Vertrauen in das Leben Krisen miteinander bestanden, auch gro\u00dfe Krisen der Menschheit. Wir werden auch diese bestehen &#8211; wenn wir zusammen bleiben, wenn wir auf Gott vertrauen und wenn wir miteinander verantwortlich handeln.\u201c<\/p>\n\n\n\n<h4 class=\"wp-block-heading\"><strong>Video-Botschaften von Bischof Dr. Karl-Heinz Wiesemann:<\/strong><\/h4>\n\n\n\n<p><a href=\"https:\/\/www.bistum-speyer.de\/bistum\/das-bistum-im-ueberblick\/umgang-mit-dem-coronavirus\/wort-des-bischofs\/\">https:\/\/www.bistum-speyer.de\/bistum\/das-bistum-im-ueberblick\/umgang-mit-dem-coronavirus\/wort-des-bischofs\/<\/a><\/p>\n\n\n\n<h4 class=\"wp-block-heading\"><strong>Weitere Informationen:<\/strong><\/h4>\n\n\n\n<p><a href=\"https:\/\/deref-web-02.de\/mail\/client\/1cyMA8jtc2g\/dereferrer\/?redirectUrl=http%3A%2F%2Fwww.bistum-speyer.de\" target=\"_blank\" rel=\"noreferrer noopener\">www.bistum-speyer.de<\/a><\/p>\n\n\n\n<p><em>Bistum Speyer<br>23.03.2020<\/em><\/p>\n\n\n\n<h2 class=\"wp-block-heading\">Rhein-Pfalz-Kreis erl\u00e4sst weitere Allgemeinverf\u00fcgung zu weiteren kontaktreduzierenden Ma\u00dfnahmen aufgrund des Aufkommens von SARS-CoV-2 -Infektionen in Rheinland-Pfalz<\/h2>\n\n\n\n<figure class=\"wp-block-image\"><img decoding=\"async\" src=\"https:\/\/speyer24news.com\/wp-content\/uploads\/2020\/03\/Achtung.png\" alt=\"\" class=\"wp-image-26030\"\/><\/figure>\n\n\n\n<p><strong>Rhein-Pfalz-Kreis &#8211; <\/strong>Seit Samstag 21. M\u00e4rz 2020, gelten auch im Rhein-Pfalz-Kreis noch weitere Einschr\u00e4nkungen des \u00f6ffentlichen Lebens. Ziel dieser erh\u00f6hten Schutzma\u00dfnahmen ist die Eind\u00e4mmung der Ausbreitung des Coronavirus SARS-CoV-2. Eine erweiterte und konkretisierende Allgemeinverf\u00fcgung hat der Rhein-Pfalz-Kreis heute erlassen. Die Ma\u00dfnahmen sind bis 19. April 2020 befristet. Mit Bekanntgabe dieser neuen Allgemeinverf\u00fcgung tritt die Verf\u00fcgung vom 17.03.2020 au\u00dfer Kraft. \u201eEs muss alles daf\u00fcr getan werden, die Verbreitung des Virus deutlich zu verlangsamen. Wir haben uns daher entschlossen, weitere Einschr\u00e4nkungen zum Schutze der Menschen \u2013 besonders zum Schutz der besch\u00e4ftigten Menschen \u2013 auszusprechen\u201c, so Landrat Clemens K\u00f6rner.<\/p>\n\n\n\n<h3 class=\"wp-block-heading\">Die Kreisverwaltung Rhein-Pfalz-Kreis als zust\u00e4ndige Beh\u00f6rde erl\u00e4sst gem\u00e4\u00df den Vorgaben des Infektionsschutzgesetzes folgende Ma\u00dfnahmen:<\/h3>\n\n\n\n<h4 class=\"wp-block-heading\">1.) F\u00fcr den Publikumsverkehr zu schlie\u00dfen sind:<\/h4>\n\n\n\n<p>a.    alle Bars, Clubs, Discotheken, Kneipen Shisha-Bars, Caf\u00e9s, Eis-Caf\u00e9s\/-Dielen, alle Gastst\u00e4tten, Imbisse, Bistros, mobile Eisverkaufsstellen, Floristen, Tabakl\u00e4den ohne Zeitschriftensortiment, Internetcafes, auch Vinotheken und \u00e4hnliche Einrichtungen,<br>b.    Theater, Opern, Konzerth\u00e4user, Museen und \u00e4hnliche Einrichtungen,<br>c.    Messen, Ausstellungen, Kinos, Freizeit- und Tierparks und Anbieter von Freizeitaktivit\u00e4ten (drinnen und drau\u00dfen), Spezialm\u00e4rkte, Spielhallen, Spielbanken, Wettannahmestellen und \u00e4hnliche Einrichtungen,<br>d.    Prostitutionsst\u00e4tten, Bordelle und \u00e4hnliche Einrichtungen,<br>e.    der Sportbetrieb auf und in allen \u00f6ffentlichen und privaten Sportanlagen, Schwimm- und Spa\u00dfb\u00e4der, Fitnessstudios, Saunen, Solarien, Sonnenstudios und \u00e4hnliche Einrichtungen<br>f.    Verkaufsstellen des Einzelhandels, insbesondere Outlet-Center,<br>g.    Kosmetik- und Nagelstudios, Tattostudios, Piercingstudios, Wellnes- und Spa-Angebote, Fris\u00f6re und Friseurbetriebe, Barber-Shops, nicht-medizinische Massagebetriebe und \u00e4hnlich Einrichtungen<br>h.    Spielpl\u00e4tze.<\/p>\n\n\n\n<h4 class=\"wp-block-heading\">2.) Diese Regelung gilt nicht f\u00fcr Einzelhandelsbetriebe f\u00fcr:<\/h4>\n\n\n\n<p>Lebensmittel, Wochenm\u00e4rkte, Abhol- und Lieferdienste, Getr\u00e4nkem\u00e4rkte, Apotheken, Sanit\u00e4tsh\u00e4user, Drogerien, Tankstellen, Banken und Sparkassen, Poststellen, Reinigungen, Waschsalons, Zeitungsverkauf, Bau-, Gartenbau- und Tierbedarfsm\u00e4rkte und der Gro\u00dfhandel. <br> Eine \u00d6ffnung dieser genannten Einrichtungen erfolgt unter Auflagen zur Hygiene (z.B. Bereitstellung von Desinfektionsmittel). Um Warteschlangen zu vermeiden sind Einlasskontrollen erforderlich, sowie ausreichende Abst\u00e4nde (mind. 1,50 m) zur Vermeidung von Schlangen- und Pulkbildung einzuhalten. Es muss gew\u00e4hrleistet sein, dass f\u00fcr die Mitarbeiter ausreichend Gelegenheit zum H\u00e4ndewaschen und Desinfizieren besteht. Die Kunden sind auf die Nutzung der bargeld- bzw. kontaktlosen Bezahlm\u00f6glichkeiten hinzuweisen. Im Kassenbereich sind an jeder Kasse Hinweise auszuh\u00e4ngen, die auf den erforderlichen Abstand zu Mitkunden oder den Verk\u00e4uferinnen und Verk\u00e4ufern hinweisen. Soweit erforderlich sind Markierungen im Bereich der Kassenschlangen anzubringen, um den Mindestabstand zwischen den Kunden sicherzustellen. Bei gro\u00dfen Kundenansammlungen ist das Gesch\u00e4ft erforderlichenfalls vor\u00fcbergehend zu schlie\u00dfen, um gro\u00dfe Warteschlangen vor den Kassen zu vermeiden. Sollte sich daraufhin ein Pulk vor dem Eingang bilden, sind die Kunden darauf hinzuweisen, diesen aufzul\u00f6sen. Im Bereich Obst und Gem\u00fcse sowie der Backwaren sind zus\u00e4tzliche Hinweise zur Benutzung von Handschuhen und\/oder Zangen auszuh\u00e4ngen. Einweghandschuhe und Zangen sind in ausreichender Zahl vorzuhalten. An den Kassen sind geeignete Spuckschutzeinrichtungen anzubringen oder andere geeignete Ma\u00dfnahmen zum Schutz der Kassiererinnen und Kassierer zu treffen. Die Ma\u00dfnahmen sind dem jeweiligen Betrieb und der Betriebsgr\u00f6\u00dfe anzupassen. Sind diese Ma\u00dfnahmen in dem Betrieb nicht umzusetzen, ist der Betrieb zu schlie\u00dfen. <\/p>\n\n\n\n<p>Sonstige nicht unter Ziffer 1 genannte Dienstleister und Handwerker k\u00f6nnen weiterhin ihre T\u00e4tigkeit aus\u00fcben, sofern sie die erforderlichen Schutzma\u00dfnahmen gew\u00e4hrleisten k\u00f6nnen. Alle Einrichtungen des Gesundheitswesens bleiben unter Beachtung der hygienischen Anforderungen ge\u00f6ffnet.<\/p>\n\n\n\n<h4 class=\"wp-block-heading\">3.) \u00dcbernachtungsangebote im Hotelgewerbe sowie in Ferienwohnungen und auf Camping- und Wohnmobilabstellpl\u00e4tzen sind nur zu notwendigen und ausdr\u00fccklich nicht zu touristischen Zwecken zul\u00e4ssig. <br>F\u00fcr die Campinggebiete der \u201eNaherholung in den Rheinauen GmbH\u201c gelten folgende erg\u00e4nzende Festlegungen<\/h4>\n\n\n\n<p>a.    Die Nutzung der Parzellen \/ Nutzungseinheiten hat nur durch die P\u00e4chter zu erfolgen. Die Zahl der gleichzeitig anwesenden Personen darf dabei 4 Personen je Parzelle \/ Nutzungseinheit nicht \u00fcberschreiten<br>b.    Bei der Nutzung der Gemeinschaftseinrichtungen sind die entsprechenden Hygienehinweise zu beachten.<br>c.    Den Anweisungen der Platzwarte ist uneingeschr\u00e4nkt zu folgen. <br>d.    Die Spielpl\u00e4tze und sonstigen nicht notwendigen Gemeinschaftseinrichtungen sind geschlossen. <\/p>\n\n\n\n<h4 class=\"wp-block-heading\">4.) Die Durchf\u00fchrungen von Blutspendeterminen sind weiterhin erlaubt. Dabei sind die unter Beachtung der Pandemielage angepassten besonderen hygienischen Vorkehrungen zu treffen und ggf. Auflagen zu erteilen. Insbesondere sind bei Blutspendeterminen die Kontakte auf ein Minimum zu begrenzen und die Verweildauer der Spender ist m\u00f6glichst gering zu halten. Es ist sicherzustellen, dass Spender, die einen Anhalt f\u00fcr einen Infekt bieten, bereits zu Beginn erkannt werden und den Termin umgehend verlassen.<\/h4>\n\n\n\n<h4 class=\"wp-block-heading\">5.) Verboten sind<\/h4>\n\n\n\n<p>a.    Zusammenk\u00fcnfte in Vereinen, sonstigen Sport- und Freizeiteinrichtungen sowie die Wahrnehmung von Angeboten in Volkshochschulen, Musikschulen und sonstigen \u00f6ffentlichen und privaten Bildungseinrichtungen im au\u00dferschulischen Bereich (auch Fahrschulen und Pr\u00fcfungseinrichtungen) sowie Reisebusreisen,<br>b.    Zusammenk\u00fcnfte in Kirchen, Moscheen, Synagogen und die Zusammenk\u00fcnfte anderer Glaubensgemeinschaften.<\/p>\n\n\n\n<h4 class=\"wp-block-heading\">6.) Veranstaltungen sind untersagt. Ein Ausnahmevorbehalt ist nicht zul\u00e4ssig.<\/h4>\n\n\n\n<h4 class=\"wp-block-heading\">7.) Das Verbot gilt auch f\u00fcr ambulante Pflegeeinrichtungen, wie z. B. Tagesf\u00f6rderst\u00e4tten. Zur Betreuung der Menschen, die bei ihren Kindern oder sonstigen Angeh\u00f6rigen leben und die wichtige Berufe zur Aufrechterhaltung der \u00f6ffentlichen Sicherheit und Ordnung oder der Grundversorgung der Bev\u00f6lkerung haben, ist eine \u201eNotbetreuung\u201c sicherzustellen. Dies gilt auch, wenn die Kinder bzw. Angeh\u00f6rigen kurzfristig nicht in der Lage sind, die Betreuung ihrer Angeh\u00f6rigen zu gew\u00e4hrleisten. Sofern die Besucherin\/der Besucher der Tagesf\u00f6rderst\u00e4tte in einer besonderen Wohnform lebt, ist die Schlie\u00dfung der Tagesf\u00f6rderst\u00e4tte mit diesem Tr\u00e4ger zu kommunizieren.<\/h4>\n\n\n\n<p>Bei Nichteinhalten der Ma\u00dfnahmen wird auf die Bu\u00dfgeldvorschrift des \u00a7 73 Abs. 1a Nr. 6 IfSG sowie die Strafvorschrift des \u00a7 74 IfSG hingewiesen.<\/p>\n\n\n\n<p>Die Allgemeinverf\u00fcgung ist auch auf der Webseite des Rhein-Pfalz-Kreises unter Aktuelles \u2013 Wichtige Infos zum Coronavirus, einsehbar.<\/p>\n\n\n\n<h4 class=\"wp-block-heading\">Oder lesen Sie sie hier als pdf:<\/h4>\n\n\n\n<div class=\"wp-block-file\"><a href=\"https:\/\/speyer24news.com\/wp-content\/uploads\/2020\/03\/2020-03-20-AV-Einschr\u00e4nkungen-\u00f6ff.-Leben.pdf\">2020-03-20-AV-Einschr\u00e4nkungen-\u00f6ff.-Leben<\/a><a href=\"https:\/\/speyer24news.com\/wp-content\/uploads\/2020\/03\/2020-03-20-AV-Einschr\u00e4nkungen-\u00f6ff.-Leben.pdf\" class=\"wp-block-file__button\" download>Herunterladen<\/a><\/div>\n\n\n\n<p><em>Kreisverwaltung Rhein-Pfalz-Kreis<br>23.03.2020<\/em><\/p>\n\n\n\n<h2 class=\"wp-block-heading\"><strong>B\u00fcrgermeisterin Ilona Volk zu Corona<\/strong><\/h2>\n\n\n\n<div class=\"wp-block-image\"><figure class=\"aligncenter\"><img decoding=\"async\" loading=\"lazy\" width=\"375\" height=\"500\" src=\"https:\/\/speyer24news.com\/wp-content\/uploads\/2020\/03\/Ilona-Volk-Schifferstadt.jpg\" alt=\"\" class=\"wp-image-26027\" srcset=\"https:\/\/speyer24news.com\/wp-content\/uploads\/2020\/03\/Ilona-Volk-Schifferstadt.jpg 375w, https:\/\/speyer24news.com\/wp-content\/uploads\/2020\/03\/Ilona-Volk-Schifferstadt-225x300.jpg 225w\" sizes=\"(max-width: 375px) 100vw, 375px\" \/><\/figure><\/div>\n\n\n\n<p><strong>Schifferstadt &#8211; <\/strong>DANKE sei das wichtigste Wort gerade, sagt Schifferstadts B\u00fcrgermeisterin Ilona Volk. Von den Erziehern und Erzieherinnen, die in den Kindertagesst\u00e4tten die Notbetreuung aufrechterhalten, \u00fcber Lehrkr\u00e4fte, Angestellte bei der Energie- und Wasserversorgung, Menschen in Gesundheits- und Pflegeberufen, bei der Polizei, dem Rettungsdienst, der Feuerwehr, Justiz bis hin zu denen, die die Lebensmittelversorgung sicherstellen \u2013 \u201eall denjenigen, die in sogenannten systemrelevanten Berufen arbeiten, m\u00f6chte ich von Herzen Danke sagen. Danke, dass Sie sich f\u00fcr andere einsetzen, dass Sie in schweren Zeiten alles geben, damit es uns in Schifferstadt an nichts mangelt!\u201c <\/p>\n\n\n\n<p>Wichtig sei ihr zudem,\nVerst\u00e4ndnis f\u00fcr die aktuellen Ma\u00dfnahmen, zum Beispiel f\u00fcr die\nKita-Schlie\u00dfungen, zu schaffen. \u201eWir stehen alle vor einer riesigen\nHerausforderung\u201c, so Volk, \u201enach den Vorgaben von Land und Kreis m\u00fcssen wir die\nsozialen Kontakte so gut es eben geht reduzieren. Aus diesem Grund wird die\nNotbetreuung auch nur f\u00fcr Kinder angeboten, bei denen mindestens ein Elternteil\neiner sogenannten kritischen Berufsgruppe angeh\u00f6rt.\u201c Volk erg\u00e4nzt: \u201eNur, wenn\ndie Eltern verantwortungsvoll mit dem Angebot umgehen und nur sehr wenige Kinder\nin der Notbetreuung zusammenkommen, k\u00f6nnen wir den Auflagen und Empfehlungen\nwirklich Folge leisten und so hoffentlich unsere Kinder, uns selbst und andere\nvor einer Ansteckung bewahren.\u201c<\/p>\n\n\n\n<p>Auch all denjenigen, die zu ihrem eigenen und dem Schutz anderer auf Freizeitaktivit\u00e4ten verzichten und zuhause bleiben, dankt Volk herzlich. \u201eWenn wir uns alle an die gegenw\u00e4rtigen Empfehlungen halten, hoffe ich, dass wir die Ausbreitung des Virus schnell eind\u00e4mmen k\u00f6nnen. Ich bin froh und stolz auf das einzigartige Miteinander, das wir hier in Schifferstadt pflegen. Wir passen aufeinander auf, sind f\u00fcreinander da \u2013 das geht auch auf die Entfernung \u2013 und werden auch aus dieser herausfordernden Situation gest\u00e4rkt hervorgehen.\u201c&nbsp; <\/p>\n\n\n\n<p><em>Stadtverwaltung Schifferstadt<br>23.03.2020<\/em><\/p>\n\n\n\n<h2 class=\"wp-block-heading\"><strong>Aktuelle Meldungen der Stadt Landau \u2013 Stand: 20. M\u00e4rz 2020, 12 Uhr <\/strong><\/h2>\n\n\n\n<h3 class=\"wp-block-heading\">In der Corona-Krise: Stadt Landau schr\u00e4nkt Parkscheinkontrollen ein<\/h3>\n\n\n\n<div class=\"wp-block-image\"><figure class=\"aligncenter\"><img decoding=\"async\" loading=\"lazy\" width=\"500\" height=\"750\" src=\"https:\/\/speyer24news.com\/wp-content\/uploads\/2020\/03\/Info-20-03-2020-12-Uhr_Parkautomaten.jpg\" alt=\"\" class=\"wp-image-26024\" srcset=\"https:\/\/speyer24news.com\/wp-content\/uploads\/2020\/03\/Info-20-03-2020-12-Uhr_Parkautomaten.jpg 500w, https:\/\/speyer24news.com\/wp-content\/uploads\/2020\/03\/Info-20-03-2020-12-Uhr_Parkautomaten-200x300.jpg 200w\" sizes=\"(max-width: 500px) 100vw, 500px\" \/><figcaption>Die Stadt Landau lockert ihre Praxis beim Kontrollieren von Parkscheinen \u2013 in der Innenstadt beim Kurzzeitparken wird aber weiter kontrolliert. <\/figcaption><\/figure><\/div>\n\n\n\n<p>Die Stadt Landau verteilt in der aktuellen Corona-Krise\nweniger \u201eKn\u00f6llchen\u201c. Das k\u00fcndigt Ordnungsdezernent Lukas Hartmann jetzt an.\nDemnach entf\u00e4llt ab sofort die Kontrolle der Ganztagsparkpl\u00e4tze und wer einen\nAnwohnerparkschein besitzt, darf damit auch auf Parkpl\u00e4tzen innerhalb der\neigenen Parkzone parken, die nicht f\u00fcr Anwohnerinnen und Anwohner ausgewiesen\nsind. Weiter kontrolliert wird allerdings das Kurzzeitparken in der Innenstadt.\n<\/p>\n\n\n\n<p>\u201eWir appellieren an die Menschen, zuhause zu bleiben \u2013 und\nwollen dann nicht alle, die sich daran halten, daf\u00fcr bestrafen, dass sie nicht\njeden Morgen einen neuen Parkschein ziehen\u201c, erl\u00e4utert Hartmann das neue\nVorgehen. Die Kontrollen in der Innenstadt werden weiter durchgef\u00fchrt, da die\nMenschen nicht in der Fu\u00dfg\u00e4ngerzone verweilen sollen. <\/p>\n\n\n\n<p>Der Ordnungsdezernent informiert weiter, dass die\nfreiwerdenden \u00dcberwachungskr\u00e4fte an andere Stelle innerhalb der Verwaltung\neingesetzt werden. Sein Appell geht an die B\u00fcrgerinnen und B\u00fcrger, Kreuzungen\nund Feuerwehrzufahren freizulassen und nicht zuzuparken. Dies werde weiterhin\nstreng kontrolliert. &nbsp;&nbsp;&nbsp;<\/p>\n\n\n\n<div class=\"wp-block-image\"><figure class=\"aligncenter\"><img decoding=\"async\" loading=\"lazy\" width=\"800\" height=\"533\" src=\"https:\/\/speyer24news.com\/wp-content\/uploads\/2020\/03\/Info-20-03-2020-12-Uhr_Betretungsverbot.jpg\" alt=\"\" class=\"wp-image-26025\" srcset=\"https:\/\/speyer24news.com\/wp-content\/uploads\/2020\/03\/Info-20-03-2020-12-Uhr_Betretungsverbot.jpg 800w, https:\/\/speyer24news.com\/wp-content\/uploads\/2020\/03\/Info-20-03-2020-12-Uhr_Betretungsverbot-300x200.jpg 300w, https:\/\/speyer24news.com\/wp-content\/uploads\/2020\/03\/Info-20-03-2020-12-Uhr_Betretungsverbot-768x512.jpg 768w\" sizes=\"(max-width: 800px) 100vw, 800px\" \/><figcaption>In der Stadt Landau gilt ab Samstag, 21. M\u00e4rz, ein Betretungsverbot f\u00fcr \u00f6ffentliche Orte. Der Wochenmarkt ist von dieser Regelung ausgenommen. <\/figcaption><\/figure><\/div>\n\n\n\n<p>Der Appell an die Besucherinnen und Besucher lautet: Z\u00fcgig einkaufen und nicht in der Fu\u00dfg\u00e4ngerzone verweilen. Dar\u00fcber hinaus sind die Menschen angehalten, m\u00f6glichst Abstand zu anderen Besucherinnen und Besuchern zu halten und die g\u00fcltigen Hygienetipps des Robert-Koch-Instituts zu beachten. Entsprechende Hinweisschilder informieren \u00fcber die aktuelle Situation.<\/p>\n\n\n\n<p><em>Stadtverwaltung Landau in der Pfalz<br>23.03.2020<\/em><\/p>\n\n\n\n<h2 class=\"wp-block-heading\"><strong>Um das Corona-Virus\neinzud\u00e4mmen: Stadt Landau sowie Landkreise S\u00fcdliche Weinstra\u00dfe und Germersheim rufen\nKrisenfall aus und untersagen Betreten \u00f6ffentlicher Orte \u2013 Planungen f\u00fcr\nNotkrankenh\u00e4user sind angelaufen <\/strong><\/h2>\n\n\n\n<p><strong>LK S\u00dcW &amp; GER \/ St\u00e4dte Landau &amp; Germersheim &#8211; <\/strong>In enger Abstimmung haben der Oberb\u00fcrgermeister der Stadt Landau und die Landr\u00e4te der Landkreise S\u00fcdliche Weinstra\u00dfe und Germersheim die Stufe vier im Katastrophenschutz festgestellt. Damit haben der Stadtfeuerwehrinspekteur und die Kreisfeuerwehrinspekteure im Rahmen des Katastrophenschutzes die Befugnis,&nbsp; Kontakt mit externen Einheiten aufzunehmen, um geeignete Schutzma\u00dfnahmen zu treffen. Dar\u00fcber hinaus folgen die Stadt Landau sowie die Landkreise S\u00fcdliche Weinstra\u00dfe und Germersheim dem Beispiel der Stadt Freiburg und untersagen das Betreten \u00f6ffentlicher Orte. Wichtig: Es handelt sich nicht um eine generelle Ausgangssperre. Die Menschen d\u00fcrfen weiter f\u00fcr dringende Angelegenheiten das Haus oder die Wohnung verlassen und beispielsweise zur Arbeit, zur \u00c4rztin oder dem Arzt bzw. zum Einkaufen gehen. Auch Spazierg\u00e4nge, Joggen und Gassigehen sind weiter erlaubt \u2013 allerdings nur alleine oder mit den Personen, die im eigenen Haushalt leben. Die Regelung gilt ab Samstag, 21. M\u00e4rz, und zun\u00e4chst bis zu Freitag, 3. April.<\/p>\n\n\n\n<p>\u201eLeider ist es zwingend notwendig, weitere\nEinschr\u00e4nkungen zu verf\u00fcgen, um die Ausbreitung des Corona-Virus\nzur\u00fcckzudr\u00e4ngen\u201c, sagen Oberb\u00fcrgermeister Thomas Hirsch und die Landr\u00e4te\nDietmar Seefeldt sowie Dr. Fritz Brechtel. Es sei trotz vielfacher Appelle\nnicht gelungen, die soziale Distanz zu erreichen, die es im Wettlauf gegen die\nZeit brauche, so die drei Beh\u00f6rdenchefs weiter. <\/p>\n\n\n\n<p>Die Verantwortlichen h\u00e4tten sich die\nEntscheidung f\u00fcr ein Betretungsverbot bzw. eine begrenzte Ausgangssperre nicht\nleicht gemacht, entscheidende Faktoren f\u00fcr weitere Verbote seien jedoch die\nbeginnende warme Jahreszeit, die Attraktivit\u00e4t der S\u00fcdpfalz f\u00fcr Touristinnen\nund Touristen und vor allem die N\u00e4he zum Elsass als Corona-Risikogebiet. \u201eDie\nLage bei unseren Freundinnen und Freunden im Elsass ist teils dramatisch und\ndie Gesundheitssysteme kommen an ihre Grenzen. Wir haben in der Pfalz noch die\nM\u00f6glichkeit, Zeit zu gewinnen, um den Kollaps des Gesundheitssystems zu verhindern\n\u2013 daf\u00fcr m\u00fcssen wir aber jetzt handeln.\u201c<\/p>\n\n\n\n<p>Aus diesem Grund pr\u00fcfen alle drei\nGebietsk\u00f6rperschaften aktuell auch die Einrichtung von Notkrankenh\u00e4usern. \u201eEs\nist wichtig, der weiteren Ausbreitung des Corona-Virus immer einen Schritt\nvoraus zu sein. Deshalb bereiten wir uns in der Region auch auf Szenarien vor,\nvon denen wir hoffen, dass sie letztlich nicht eintreten\u201c, sind sich Hirsch,\nSeefeldt und Dr. Brechtel einig. <\/p>\n\n\n\n<p>Um \u00fcber ausreichend Personal f\u00fcr die\nNotkrankenh\u00e4user zu verf\u00fcgen, ben\u00f6tigt es die Unterst\u00fctzung von \u00c4rztinnen und\n\u00c4rzten, Pflegekr\u00e4ften bzw. Menschen mit einer Ausbildung im Rettungsdienst. Die\nStadt Landau sowie die Landkreise S\u00fcdliche Weinstra\u00dfe und Germersheim rufen\nalle Personen, die eine medizinische Ausbildung haben und sich in der Lage sehen,\nhelfen zu k\u00f6nnen, dazu auf, die geplanten Einrichtungen zu unterst\u00fctzen. <\/p>\n\n\n\n<p>Freiwillige Helferinnen und Helfer melden\nsich bitte unter: <\/p>\n\n\n\n<p>F\u00fcr den Landkreis Germersheim: <\/p>\n\n\n\n<p>Telefon 07274\/53-410 oder E-Mail <a href=\"mailto:Notkrankenhaus@kreis-germersheim.de\">Notkrankenhaus@kreis-germersheim.de<\/a><\/p>\n\n\n\n<p>F\u00fcr die Stadt Landau: <\/p>\n\n\n\n<p>Telefon 06341\/13-9937 oder E-Mail <a href=\"mailto:Notkrankenhaus@landau.de\">Notkrankenhaus@landau.de<\/a> <\/p>\n\n\n\n<p>F\u00fcr den Landkreis S\u00fcdliche Weinstra\u00dfe: <\/p>\n\n\n\n<p>E-Mail <a href=\"mailto:Notkrankenhaus@suedliche-weinstrasse.de\">Notkrankenhaus@suedliche-weinstrasse.de<\/a><\/p>\n\n\n\n<p><em>Gemeinsame Pressemeldung der Stadt Landau und der Landkreise S\u00fcdliche Weinstra\u00dfe und Germersheim<br>23.03.2020<\/em><\/p>\n\n\n\n<h2 class=\"wp-block-heading\">Stadt Mannheim setzt Einzug der Kita-Geb\u00fchren f\u00fcr April aus<\/h2>\n\n\n\n<p><strong>Mannheim &#8211; <\/strong>Die Stadt Mannheim hat den Einzug der Kita-Geb\u00fchren f\u00fcr den Monat April f\u00fcr die st\u00e4dtischen Kindertageseinrichtungen gestoppt. Der Einzug wird vorl\u00e4ufig f\u00fcr einen Monat ausgesetzt. Eine endg\u00fcltige Entscheidung \u00fcber die Kita-Geb\u00fchren soll zeitnah getroffen werden. Die Stadt befindet sich derzeit in Kl\u00e4rung mit dem Land bez\u00fcglich einer einheitlichen Regelung. Ebenso m\u00fcssen noch die entsprechenden st\u00e4dtischen Gremien einbezogen werden und hier\u00fcber entscheiden.<\/p>\n\n\n\n<p>\u201eWir wissen, dass viele Eltern sich derzeit in einer schwierigen Situation befinden und zum Teil auch von deutlichen Einkommens- und Verdienstausf\u00e4llen betroffen sind. Wir hoffen, dass wir diese Eltern so ein St\u00fcck weit unterst\u00fctzen k\u00f6nnen und haben uns daher heute zu dieser unb\u00fcrokratischen L\u00f6sung entschieden\u201c, betont Familienb\u00fcrgermeister Dirk Grunert.<\/p>\n\n\n\n<p>Zudem bietet die Stadt seit Dienstag nun eine dezentrale Not-Kinderbetreuung f\u00fcr Eltern an, die in sogenannten systemrelevanten Berufen arbeiten und h\u00e4lt hierzu alle Einrichtungen der Kinder- und Schulkindbetreuung offen. Fast alle freien Tr\u00e4ger haben zugestimmt, analog zu verfahren.<\/p>\n\n\n\n<p>Bereits am Montag wurde eine eigene Kinder-Notbetreuungshotline, die mit elf Personen besetzt ist, unter der Telefonnummer 0621 -293-5656 eingerichtet. Sie ist heute noch bis 15 Uhr und ab der kommenden Woche von Montag bis Freitag von 9 bis 14 Uhr besetzt.<br>\nAufgrund der sich zuspitzenden Lage und der stark steigenden Zunahme von Corona-Infektionen in Baden-W\u00fcrttemberg hatte die Landesregierung am Montag (16. M\u00e4rz 2020) eine Rechtsverordnung nach dem Infektionsschutzgesetz beschlossen, die unter anderem festlegt, dass der Betreuungs- und Unterrichtsbetrieb an Schulen, Kindertageseinrichtungen und Kindertagespflegestellen bis nach den Osterferien eingestellt wird.<\/p>\n\n\n\n<p>Die Kinder-Notbetreuung in den 53 st\u00e4dtischen Kindertageseinrichtungen sowie den Einrichtungen zur Schulkindbetreuung wird aktuell von etwa 250 Kindern in Anspruch genommen.<\/p>\n\n\n\n<p>\u201eDies beweist, dass wir uns in dieser schwierigen Situation unserer besonderen Verantwortung bewusst sind, wir in der Lage sind, schnell zu reagieren und sich die betroffenen Eltern auf uns verlassen k\u00f6nnen\u201c, so der B\u00fcrgermeister.<\/p>\n\n\n\n<p>Weitere Infos: <a href=\"https:\/\/www.mannheim.de\/de\/nachrichten\/not-kinderbetreuung-fuer-eltern-bestimmter-berufe\">https:\/\/www.mannheim.de\/de\/nachrichten\/not-kinderbetreuung-fuer-eltern-bestimmter-berufe<\/a><\/p>\n\n\n\n<p><em>Stadt Mannheim<br>23.03.2020<\/em><\/p>\n\n\n\n<h2 class=\"wp-block-heading\"><strong>Coronavirus<\/strong>: <strong>Notpflegestation eingerichtet<\/strong><\/h2>\n\n\n\n<h3 class=\"wp-block-heading\"><strong>Brechtel: Vorsorgema\u00dfnahme, falls mobile Pflegekr\u00e4fte ausfallen oder nicht Haushalte nicht mehr anfahren k\u00f6nnen<\/strong><\/h3>\n\n\n\n<div class=\"wp-block-image\"><figure class=\"aligncenter\"><img decoding=\"async\" loading=\"lazy\" width=\"640\" height=\"523\" src=\"https:\/\/speyer24news.com\/wp-content\/uploads\/2020\/03\/Brechtel-Fritz-Landrat-GER.jpg\" alt=\"\" class=\"wp-image-25889\" srcset=\"https:\/\/speyer24news.com\/wp-content\/uploads\/2020\/03\/Brechtel-Fritz-Landrat-GER.jpg 640w, https:\/\/speyer24news.com\/wp-content\/uploads\/2020\/03\/Brechtel-Fritz-Landrat-GER-300x245.jpg 300w\" sizes=\"(max-width: 640px) 100vw, 640px\" \/><\/figure><\/div>\n\n\n\n<p><strong>Landkreis Germersheim &#8211; <\/strong>\u201eWir m\u00fcssen versuchen, die Zeit, die wir haben zu nutzen, und alle Vorkehrungen treffen, sollte es zu einem gr\u00f6\u00dferen Ausbruch an Erkrankungen durch das Coronavirus auch bei uns kommen\u201c, so Landrat Dr. Fritz Brechtel. \u201eWir m\u00fcssen dabei auch an die Menschen denken, die schon jetzt auf regelm\u00e4\u00dfige Unterst\u00fctzung und Pflege im eigenen Haus angewiesen sind, also an diejenigen, f\u00fcr die die Hilfen von beispielsweise Sozialstationen, mobilen Pflegediensten und Pflegekr\u00e4ften von unsch\u00e4tzbarem Wert und unter Umst\u00e4nden lebensnotwendig sind.\u201c Sollten aufgrund einer enormen Erkrankungswelle diese Fachkr\u00e4fte wegbrechen, sei es durch eigene Erkrankungen oder durch Quarant\u00e4nema\u00dfnahmen, m\u00f6chte der Landkreis Germersheim den zu Pflegenden schnell eine sichere Versorgung erm\u00f6glichen.<\/p>\n\n\n\n<p>Deshalb hat der\nLandkreis heute, Freitag, eine Not-Pflegestation in R\u00e4umen der Realschule Plus\nin Bellheim eingerichtet. Kr\u00e4fte des Technischen Hilfswerks, des Deutschen\nRoten Kreuzes, der Malteser und der Deutschen Lebensrettungsgesellschaft haben\ngemeinsam R\u00e4ume vorbereitet und u.a. 45 Betten aus den Best\u00e4nden des Katastrophenschutzes\ndes Landkreises aufgebaut und vorbereitet. Zum eigenen Schutz vor einer\nm\u00f6glichen gegenseitigen Ansteckung w\u00e4hrend ihres Einsatzes in Bellheim waren\nalle Helfer mit einem Mundschutz ausstaffiert.<\/p>\n\n\n\n<p>\u201eDie zentrale\nPflegeeinrichtung ist zum jetzigen Zeitpunkt eine reine Vorsorgema\u00dfnahme.\nNat\u00fcrlich w\u00fcnschen wir uns alle, dass sie hoffentlich niemals in Betrieb gehen\nmuss\u201c, betont Brechtel. Er weist zudem besonders darauf hin, dass hier keine\ndurch den Coronavirus Erkrankten untergebracht werden: \u201eEs ist rein f\u00fcr\nMitmenschen vorgesehen, die in ihrem Alltag auf Pflege durch Fachpersonal\nangewiesen sind und ohne diese Betreuung in existenzielle Notlagen geraten\nw\u00fcrden!\u201c<\/p>\n\n\n\n<p>Die R\u00e4ume der\nRealschule Plus in Bellheim stehen bis zum Abebben der Infektionswelle leer, da\nbis dahin nicht mit einem regul\u00e4ren Schulunterricht zu rechnen ist. Nimmt die\nInfektionswelle ab, k\u00f6nnen auch\nPflegekr\u00e4fte wieder ihre Arbeit aufnehmen und die meisten zu Pflegenden in ihr\nZuhause zur\u00fcckkehren. Geplant ist ein Betrieb der Notpflegestation durch die\nSEG F\u00fchrung des Landkreises Germersheim, die fachliche Betreuung der Personen\nobliegt dann den Fachkr\u00e4fte der mobilen Pflegediensten, die zu diesem Zeitpunkt\nviele Haushalte auch nicht mehr anfahren werden k\u00f6nnen.<\/p>\n\n\n\n<p>\u201eIch danke den vielen ehrenamtlichen und hauptamtlichen Helfern, die in Krisensituationen in unserem Landkreis immer parat stehen, mit anpacken, planen und stets l\u00f6sungsorientiert mitarbeiten. Ich danke Ihnen allen!\u201c, so Landrat Brechtel.<\/p>\n\n\n\n<p><em>Kreisverwaltung Germersheim<\/em><br><em>23.03.2020<\/em><\/p>\n\n\n\n<h2 class=\"wp-block-heading\"><strong>Kreisverwaltung\nGermersheim erl\u00e4sst \u201eAllgemeinverf\u00fcgung zur Konkretisierung und Erg\u00e4nzung der\nAllgemeinverf\u00fcgung zu weiteren kontaktreduzierenden Ma\u00dfnahmen aufgrund des\nAufkommens von SARS-CoV-2 -Infektionen in Rheinland-Pfalz<\/strong><\/h2>\n\n\n\n<p><strong>Landkreis Germersheim &#8211; <\/strong>Seit Mitternacht, 20. M\u00e4rz 2020 gelten auch im Landkreis Germersheim weitere Einschr\u00e4nkungen des \u00f6ffentlichen Lebens. Ziel dieser erh\u00f6hten Schutzma\u00dfnahmen ist, die Ausbreitung des Coronavirus SARS-CoV-2 (COVID-19) einzud\u00e4mmen. Die entsprechende Allgemeinverf\u00fcgung hat der Landkreis Germersheim gestern erlassen. \u201eWir m\u00fcssen alle daf\u00fcr sorgen, dass die Verbreitung des Virus verlangsamt wird. Besonders zum Schutz besonders gef\u00e4hrdeter Personengruppen wie Menschen mit Vorerkrankungen oder \u00e4ltere Menschen\u201c, so Landrat Dr. Fritz Brechtel.<\/p>\n\n\n\n<p>Ab\nMitternacht sind f\u00fcr den Publikumsverkehr zu schlie\u00dfen: alle Gastst\u00e4tten,\nImbisse, Bistros, Eisdielen, mobile Eisverkaufsstellen, Caf\u00e9s, Bars, Clubs,\nDiscotheken, Kneipen und \u00e4hnliche Einrichtungen, Theater, Opern, Konzerth\u00e4user,\nMuseen und \u00e4hnliche Einrichtungen, Messen, Ausstellungen, Kinos, Freizeit- und\nTierparks und Anbieter von Freizeitaktivit\u00e4ten (drinnen und drau\u00dfen),\nSpezialm\u00e4rkte, Spielhallen, Spielbanken, Wettannahmestellen und \u00e4hnliche\nEinrichtungen, der Sportbetrieb auf und in allen \u00f6ffentlichen und privaten\nSportanlagen, Schwimm- und Spa\u00dfb\u00e4der, Fitnessstudios, Saunen, Solarien,\nSonnenstudios und \u00e4hnliche Einrichtungen, wie z.B. auch Kosmetikstudios, Nagelstudios,\nStudios f\u00fcr kosmetische Fu\u00dfpflege, Tattoostudios, Piercingstudios, Wellness-\nund Spa-Angebote, Fris\u00f6re und Barber-Shops, Verkaufsstellen des Einzelhandels,\ninsbesondere Outlet-Center und Spielpl\u00e4tze.<\/p>\n\n\n\n<p>Diese\nRegelung gilt nicht f\u00fcr Einzelhandelsbetriebe f\u00fcr Lebensmittel, Wochenm\u00e4rkte,\nAbhol- und Lieferdienste, Getr\u00e4nkem\u00e4rkte, Apotheken, Sanit\u00e4tsh\u00e4user, Drogerien,\nTankstellen, Banken und Sparkassen, Poststellen, Reinigungen, Waschsalons,\nZeitungsverkauf, Bau-, Gartenbau- und Tierbedarfsm\u00e4rkte und der Gro\u00dfhandel.\nEine \u00d6ffnung dieser genannten Einrichtungen erfolgt unter Auflagen zur Hygiene\n(z.B. Bereitstellung von Desinfektionsmittel) und zur Steuerung des Zutritts,\num Warteschlangen zu vermeiden (z.B. Einlasskontrollen). Dienstleister und\nHandwerker k\u00f6nnen weiterhin ihre T\u00e4tigkeit aus\u00fcben, sofern sie die\nerforderlichen Schutzma\u00dfnahmen gew\u00e4hrleisten k\u00f6nnen. Alle Einrichtungen des\nGesundheitswesens bleiben unter Beachtung der hygienischen Anforderungen ge\u00f6ffnet.<\/p>\n\n\n\n<p>Jeder\nder oben genannten Betriebe hat sicherzustellen, dass alle erforderlichen\nHygienema\u00dfnahmen durchgef\u00fchrt werden. Hierzu sind ggf. Einlasskontrollen\nerforderlich sowie ausreichende Abst\u00e4nde (mind. 1,50 m) zur Vermeidung von\nSchlangen- und Pulkbildung einzuhalten. Es muss gew\u00e4hrleitet sein, dass f\u00fcr die\nMitarbeiter ausreichend Gelegenheit zum H\u00e4ndewaschen und Desinfizieren besteht.\n<\/p>\n\n\n\n<p>Die\nKunden sind auf die Nutzung der bargeld- bzw. kontaktlosen Bezahlm\u00f6glichkeiten\nhinzuweisen. <\/p>\n\n\n\n<p>Im\nKassenbereich sind an jeder Kasse Hinweise auszuh\u00e4ngen, die auf den\nerforderlichen Abstand zu Mitkunden oder den Verk\u00e4uferinnen und Verk\u00e4ufern\nhinweisen.<\/p>\n\n\n\n<p>Soweit\nerforderlich sind Markierungen im Bereich der Kassenschlangen anzubringen, um\nden Mindestabstand zwischen den Kunden sicherzustellen.<\/p>\n\n\n\n<p>Bei\ngro\u00dfen Kundenansammlungen ist das Gesch\u00e4ft erforderlichenfalls vor\u00fcbergehend zu\nschlie\u00dfen, um gro\u00dfe Warteschlangen vor den Kassen zu vermeiden. Sollte sich\ndaraufhin ein Pulk vor der Eingangst\u00fcre bilden, sind die Kunden darauf hinzuweisen,\ndiesen aufzul\u00f6sen.<\/p>\n\n\n\n<p>Im\nBereich Obst und Gem\u00fcse sowie der Backwaren sind zus\u00e4tzliche Hinweise zur\nBenutzung von Handschuhen und\/oder Zangen auszuh\u00e4ngen. Einweghandschuhe und\nZangen sind in ausreichender Zahl vorzuhalten.<\/p>\n\n\n\n<p>An\nden Kassen sind geeignete Spuckschutzeinrichtungen anzubringen oder andere\ngeeignete Ma\u00dfnahmen zum Schutz der Kassiererinnen und Kassierer zu treffen. <\/p>\n\n\n\n<p>Die\nMa\u00dfnahmen sind dem jeweiligen Betrieb und der Betriebsgr\u00f6\u00dfe anzupassen.<\/p>\n\n\n\n<p>Sind\ndiese Ma\u00dfnahmen in dem Betrieb nicht umzusetzen, ist der Betrieb zu schlie\u00dfen.<\/p>\n\n\n\n<p>Der\nZugang zu Mensen und Hotels ist zu beschr\u00e4nken und nur unter der Auflage\nzul\u00e4ssig, dass Hygienevorschriften eingehalten und Hinweise ausgeh\u00e4ngt werden,\ndie Besucherzahl reglementiert wird und die Abst\u00e4nde zwischen den Tischen 2\nMeter betragen. Es d\u00fcrfen h\u00f6chstens vier Personen gleichzeitig an einem Tisch\nsitzen. In Hotels bzw. deren Gastr\u00e4umen d\u00fcrfen nur die dort zul\u00e4ssigerweise\n\u00fcbernachtenden Personen (siehe Nr. 4 nicht touristisch) bewirtet werden.<\/p>\n\n\n\n<p>\u00dcbernachtungsangebote\nim Hotelgewerbe sowie in Ferienwohnungen sind nur zu notwendigen und\nausdr\u00fccklich nicht zu touristischen Zwecken zul\u00e4ssig. Gleiches gilt f\u00fcr\nCamping- und Wohnmobilstellpl\u00e4tze.<\/p>\n\n\n\n<p>Die\nDurchf\u00fchrungen von Blutspendeterminen sind weiterhin erlaubt. Dabei sind die\nunter Beachtung der der Pandemielage angepassten besonderen hygienischen\nVorkehrungen zu treffen und ggf. Auflagen zu erteilen. Insbesondere sind bei\nBlutspendeterminen die Kontakte auf ein Minimum zu begrenzen und die\nVerweildauer der Spender ist m\u00f6glichst gering zu halten. Es ist\nsicherzustellen, dass Spender, die einen Anhalt f\u00fcr einen Infekt bieten,\nbereits zu Beginn erkannt werden und den Termin umgehend verlassen. <\/p>\n\n\n\n<p>Verboten\nsind Zusammenk\u00fcnfte in Vereinen, sonstigen Sport- und Freizeiteinrichtungen\nsowie die Wahrnehmung von Angeboten in Volkshochschulen, Musikschulen und\nsonstigen \u00f6ffentlichen und privaten Bildungseinrichtungen im au\u00dferschulischen\nBereich (auch Fahrschulen und Pr\u00fcfungseinrichtungen) sowie Reisebusreisen,\nZusammenk\u00fcnfte in Kirchen, Moscheen, Synagogen und die Zusammenk\u00fcnfte anderer\nGlaubensgemeinschaften.<\/p>\n\n\n\n<p>Veranstaltungen\nsind untersagt. Ein Ausnahmevorbehalt ist nicht zul\u00e4ssig.<\/p>\n\n\n\n<p>Das\nVerbot gilt auch f\u00fcr ambulante Pflegeeinrichtungen, wie z.B. Tagesf\u00f6rderst\u00e4tten.\nZur Betreuung der Menschen, die bei ihren Kindern oder sonstigen Angeh\u00f6rigen\nleben und die wichtige Berufe zur Aufrechterhaltung der \u00f6ffentlichen Sicherheit\nund Ordnung oder der Grundversorgung der Bev\u00f6lkerung haben, ist eine\n\u201eNotbetreuung\u201c sicherzustellen. Dies gilt auch, wenn die Kinder bzw.\nAngeh\u00f6rigen kurzfristig nicht in der Lage sind, die Betreuung ihrer Angeh\u00f6rigen\nzu gew\u00e4hrleisten. Sofern die Besucherin\/der Besucher der Tagesf\u00f6rderst\u00e4tte in\neiner besonderen Wohnform lebt, ist die Schlie\u00dfung der Tagesf\u00f6rderst\u00e4tte mit diesem\nTr\u00e4ger zu kommunizieren.<\/p>\n\n\n\n<p>Die\nMa\u00dfnahmen sind bis 19. April 2020 befristet.<\/p>\n\n\n\n<p>Die Allgemeinverf\u00fcgung ist im Amtsblatt des Landkreises Germersheim Nr. 12\/2020 ver\u00f6ffentlicht. Es ist abrufbar auf der Homepage der Kreisverwaltung Germersheim <a href=\"http:\/\/www.kreis-germersheim.de\">www.kreis-germersheim.de<\/a>.<\/p>\n\n\n\n<p><em>Kreisverwaltung Germersheim<br>23.03.2020<\/em><\/p>\n\n\n\n<h2 class=\"wp-block-heading\">Bibliotheken geschlossen \u2013 Erweiterung der digitalen Angebote im Verbund<\/h2>\n\n\n\n<div class=\"wp-block-image\"><figure class=\"aligncenter\"><img decoding=\"async\" loading=\"lazy\" width=\"800\" height=\"204\" src=\"https:\/\/speyer24news.com\/wp-content\/uploads\/2020\/03\/RZ_metropolbib_Logo_2016_cmyk-f\u00fcr-druckerei.jpg\" alt=\"\" class=\"wp-image-26021\" srcset=\"https:\/\/speyer24news.com\/wp-content\/uploads\/2020\/03\/RZ_metropolbib_Logo_2016_cmyk-f\u00fcr-druckerei.jpg 800w, https:\/\/speyer24news.com\/wp-content\/uploads\/2020\/03\/RZ_metropolbib_Logo_2016_cmyk-f\u00fcr-druckerei-300x77.jpg 300w, https:\/\/speyer24news.com\/wp-content\/uploads\/2020\/03\/RZ_metropolbib_Logo_2016_cmyk-f\u00fcr-druckerei-768x196.jpg 768w\" sizes=\"(max-width: 800px) 100vw, 800px\" \/><\/figure><\/div>\n\n\n\n<p><strong>Metropolregion Rhein-Neckar &#8211; <\/strong>Um die Ausbreitung des Coronavirus zu verlangsamen, sind alle 35 Metropol-CardBibliotheken in der Metropolregion Rhein-Neckar bis auf Weiteres geschlossen. Die digitalen Angebote k\u00f6nnen aber weiterhin mit einem g\u00fcltigen Bibliotheksausweis oder der MetropolCard rund um die Uhr genutzt werden. Aktuelle Informationen sind auf den Webseiten der einzelnen Bibliotheken zu finden. Die elektronische Ausleihe metropolbib.de bietet 55.000 B\u00fccher und Medien zum Herunterladen an: Belletristik, Kinder- und Jugendliteratur, Schule und Lernen, Sach- und Ratgeberliteratur. F\u00fcr alle Altersgruppen sind interessante eBooks, eAudios, eMagazines und ePapers dabei. Mit vereinten Kr\u00e4ften wird der Bestand an OnlineMedien derzeit ausgebaut.<\/p>\n\n\n\n<p>Der Pressreader bietet 7.500 internationale Zeitungen, Zeitschriften und Magazine aus 130 L\u00e4ndern in 60 Sprachen. Die Munzinger Datenbank Personen enth\u00e4lt 30.000 Biographien von Pers\u00f6nlichkeiten aus Politik, Wirtschaft, Wissenschaft und Kultur. \u201eL\u00e4nder\u201c informiert \u00fcber Staaten und Zeitgeschehen weltweit. Die Brockhaus Enzyklop\u00e4die bietet, neben Stichw\u00f6rtern, Audio- und Videodateien, interaktive Grafiken und Weblinks. Das Jugendlexikon bietet kindgerechtes und verst\u00e4ndlich aufbereitetes Wissen.<\/p>\n\n\n\n<p>Solange die Schulen geschlossen sind, gew\u00e4hrt die NE GmbH | Brockhaus \u00fcber die Metropol-Card-Bibliotheken kostenfreien Zugang zum Sch\u00fclertraining. Es handelt sich um multimedial aufbereitete Lerninhalte und interaktive \u00dcbungen zur Pr\u00fcfungsvorbereitung f\u00fcr Deutsch, Englisch, Franz\u00f6sisch, Latein und Mathematik in den Klassenstufen 5 bis 10.  <br> Koordiniert werden die Angebote vom Metropol-Card-Bibliotheken Rhein-Neckar e.V. Bundesweit einzigartig ist die Kombination aus gemeinsamem Bibliotheksausweis, OnleiheVerbund und weiteren gemeinsamen digitalen Angeboten \u00fcber drei Bundesl\u00e4ndergrenzen hinweg: Baden-W\u00fcrttemberg, Hessen und Rheinland-Pfalz. <\/p>\n\n\n\n<p>Weitere Informationen unter <a href=\"http:\/\/www.metropol-card.net\">www.metropol-card.net<\/a> und <a href=\"http:\/\/www.metropolbib.de\">www.metropolbib.de<\/a>. Der Verein ist mit seinen Angeboten auch auf Twitter und Youtube vertreten.<\/p>\n\n\n\n<p><em>Metropol-Card-Bibliotheken Rhein-Neckar e.V.<br>23.03.2020<\/em><\/p>\n\n\n\n<h2 class=\"wp-block-heading\"><strong>Aktuelle Meldungen der Stadt Landau \u2013 Stand: 19. M\u00e4rz 2020, 18 Uhr <\/strong><\/h2>\n\n\n\n<h3 class=\"wp-block-heading\">Im Kampf gegen das Corona-Virus: Restaurants, Gastst\u00e4tten, Caf\u00e9s und Eisdielen in Landau bleiben zu <\/h3>\n\n\n\n<figure class=\"wp-block-image\"><img decoding=\"async\" loading=\"lazy\" width=\"800\" height=\"533\" src=\"https:\/\/speyer24news.com\/wp-content\/uploads\/2020\/03\/Info-19-03-2020-18-Uhr_Gastst\u00e4tten.jpg\" alt=\"\" class=\"wp-image-26018\" srcset=\"https:\/\/speyer24news.com\/wp-content\/uploads\/2020\/03\/Info-19-03-2020-18-Uhr_Gastst\u00e4tten.jpg 800w, https:\/\/speyer24news.com\/wp-content\/uploads\/2020\/03\/Info-19-03-2020-18-Uhr_Gastst\u00e4tten-300x200.jpg 300w, https:\/\/speyer24news.com\/wp-content\/uploads\/2020\/03\/Info-19-03-2020-18-Uhr_Gastst\u00e4tten-768x512.jpg 768w\" sizes=\"(max-width: 800px) 100vw, 800px\" \/><figcaption>Der Blick auf den Landauer Rathausplatz. Die Au\u00dfenbewirtung von Restaurants, Gastst\u00e4tten und Caf\u00e9s wurde bereits untersagt, ab morgen d\u00fcrfen auch innen keine Speisen und Getr\u00e4nke mehr serviert werden. <em>(Quelle: Stadt Landau) <\/em><\/figcaption><\/figure>\n\n\n\n<p>In enger Abstimmung mit den St\u00e4dten und Landkreisen der\nPfalz hat die Stadt Landau entschieden, die Restaurants, Gastst\u00e4tten und Caf\u00e9s\nim Stadtgebiet zu schlie\u00dfen. Die entsprechende Allgemeinverf\u00fcgung gilt ab\nFreitag, 20. M\u00e4rz. Auch Eisdielen bleiben ab sofort zu und mobile Eiswagen\nm\u00fcssen den Betrieb einstellen. Die neue Regelung gilt nicht f\u00fcr Imbisse und den\nStra\u00dfenverkauf von Speisen und Getr\u00e4nken \u2013 mit der Ausnahme von Eis. Es ist\njedoch sicherzustellen, dass der Verzehr nicht vor Ort erfolgt. Sitzpl\u00e4tze und\nder Aufenthalt in den Einrichtungen sind nicht gestattet. Ferner regelt die\nneue Allgemeinverf\u00fcgung auch, dass Wohnmobilstellpl\u00e4tze gesperrt werden.<\/p>\n\n\n\n<p>\u201eBesonnenes Handeln ist in der aktuellen Corona-Krise wichtiger denn je \u2013 bei den Entscheiderinnen und Entscheidern, aber auch bei jeder einzelnen B\u00fcrgerin und jedem einzelnen B\u00fcrger\u201c, betont Oberb\u00fcrgermeister Thomas Hirsch. Abgestimmt in der Region habe man die Notwendigkeit gesehen, die geltenden Regelungen weiter zu versch\u00e4rfen, um die Ausbreitung der Infektion mit dem neuartigen Virus zu verhindern bzw. zu verlangsamen. \u201eDie Fallzahlen in unserem Land schnellen in die H\u00f6he und auch immer mehr Menschen erliegen der Infektion mit dem Corona-Virus. Besonders mit Blick auf die fr\u00fchlingshafte Wetterlage und die touristische Situation in unserer Region sind wir gemeinsam zu dem Schluss gekommen, dass vor allem die Schlie\u00dfung von Restaurants und Gastst\u00e4tten noch vor dem Wochenende ein wichtiges Signal darstellt.\u201c <\/p>\n\n\n\n<h3 class=\"wp-block-heading\">\u201eLandau hilft Landau\u201c: Stadt weist auf Hilfsangebot des SV Landau West hin \u2013 Verein bietet ehrenamtlichen Einkaufsservice und organisiert Nachbarschaftshilfe<\/h3>\n\n\n\n<div class=\"wp-block-image\"><figure class=\"aligncenter\"><img decoding=\"async\" loading=\"lazy\" width=\"800\" height=\"299\" src=\"https:\/\/speyer24news.com\/wp-content\/uploads\/2020\/03\/Info-19-03-2020-18-Uhr_Landau_hilft_Landau.jpg\" alt=\"\" class=\"wp-image-26019\" srcset=\"https:\/\/speyer24news.com\/wp-content\/uploads\/2020\/03\/Info-19-03-2020-18-Uhr_Landau_hilft_Landau.jpg 800w, https:\/\/speyer24news.com\/wp-content\/uploads\/2020\/03\/Info-19-03-2020-18-Uhr_Landau_hilft_Landau-300x112.jpg 300w, https:\/\/speyer24news.com\/wp-content\/uploads\/2020\/03\/Info-19-03-2020-18-Uhr_Landau_hilft_Landau-768x287.jpg 768w\" sizes=\"(max-width: 800px) 100vw, 800px\" \/><figcaption>\u201eLandau hilft Landau\u201c: Diese Aktion hat der Fu\u00dfballverein SV Landau West ins Leben gerufen. <em>(Quelle: SV Landau West) <\/em><\/figcaption><\/figure><\/div>\n\n\n\n<p>Einer f\u00fcr alle und alle f\u00fcr einen: Das beziehen die\nFu\u00dfballerinnen und Fu\u00dfballer des SV Landau West 1961 in der aktuellen\nCorona-Krise nicht nur auf ihr Team, sondern auf ganz Landau. Um besonders\ngef\u00e4hrdete Menschen in der Stadt und in den Stadtd\u00f6rfern in dieser schwierigen\nZeit zu unterst\u00fctzen, hat der Verein die Aktion \u201eLandau hilft Landau\u201c ins Leben\ngerufen. Dazu haben die Sportlerinnen und Sportler kurzerhand einen kostenlosen\nEinkaufsservice sowie eine Online-Plattform, \u00fcber die Hilfsanfragen und\nHilfsangebote gesammelt werden, gestartet. <\/p>\n\n\n\n<p>Oberb\u00fcrgermeister Thomas Hirsch ist vom Engagement des SV\nLandau West begeistert: \u201eDas ist eine gro\u00dfartige Aktion und genau die Art von\nSolidarit\u00e4t, die unsere Gesellschaft jetzt braucht. \u00abLandau hilft Landau\u00bb macht\nvor, dass soziale W\u00e4rme auch in Zeiten von sozialer Distanz m\u00f6glich ist.\u201c Die\nst\u00e4dtische Ehrenamtsbeauftragte Angelika Kemmler unterst\u00fctzt die Aktion\nebenfalls und steht in Kontakt mit dem Team von \u201eLandau hilft Landau\u201c. <\/p>\n\n\n\n<p>Auch die bundesweit erscheinende Sportzeitschrift Kicker\nhat die Hilfsbereitschaft des SV Landau West bereits in einem Artikel gew\u00fcrdigt.\n\u201eDer kleine Verein aus der s\u00fcdlichen Pfalz gibt in den aktuellen Krisenzeiten\nein leuchtendes Beispiel f\u00fcr selbstloses gesellschaftliches Engagement ab\u201c,\nschreibt das Blatt \u2013 und erteilt dem SV damit quasi den Ritterschlag.<\/p>\n\n\n\n<p>Und so funktioniert das Angebot \u201eLandau hilft Landau\u201c: Von\nMontag bis Samstag k\u00f6nnen betroffene Personen zwischen 10 und 15 Uhr die\nTelefonnummer 0 15 73\/4 39 23 17 f\u00fcr den Einkaufsservice anrufen. Die\nVereinsmitglieder rufen dann zur\u00fcck und notieren sich die Bestellung. Noch am\nselben Abend liefern sie den Einkauf an die Haus- oder Wohnungst\u00fcr. <\/p>\n\n\n\n<p>Auch Nachbarschaftshilfe wie etwa Babysitten oder Gassigehen wird \u00fcber die Aktion \u201eLandau hilft Landau\u201c organisiert. Wer Hilfe braucht oder anbieten m\u00f6chte, kann eine E-Mail an <a href=\"hilfe@landauhilftlandau.de\">hilfe@landauhilftlandau.de<\/a> schreiben. Auf der Aktions-Homepage ver\u00f6ffentlicht der SV Landau West die Anfragen und Angebote dann anonymisiert und stellt entsprechende Kontakte her. Weitere Informationen gibt es im Internet unter <a href=\"http:\/\/www.landauhilftlandau.de\">www.landauhilftlandau.de<\/a>.<\/p>\n\n\n\n<h3 class=\"wp-block-heading\">#StayHome: Landaus OB Hirsch appelliert per Brief an Seniorinnen und Senioren \u2013 Stadt wirbt mit Radiospots und Zeitungsanzeige um Vorsicht und R\u00fccksicht<\/h3>\n\n\n\n<div class=\"wp-block-image\"><figure class=\"aligncenter\"><img decoding=\"async\" loading=\"lazy\" width=\"500\" height=\"667\" src=\"https:\/\/speyer24news.com\/wp-content\/uploads\/2020\/03\/Info-19-03-2020-18-Uhr_Antenne.jpg\" alt=\"\" class=\"wp-image-26020\" srcset=\"https:\/\/speyer24news.com\/wp-content\/uploads\/2020\/03\/Info-19-03-2020-18-Uhr_Antenne.jpg 500w, https:\/\/speyer24news.com\/wp-content\/uploads\/2020\/03\/Info-19-03-2020-18-Uhr_Antenne-225x300.jpg 225w\" sizes=\"(max-width: 500px) 100vw, 500px\" \/><figcaption>\u201eZuhause ist\u2019s doch immer noch am sch\u00f6nsten \u2013 und am sichersten\u201c: Die Stadt Landau wirbt mit Spots beim lokalen Radiosender Antenne Landau f\u00fcr ein klares #StayHome in der aktuellen Corona-Krise.<em> (Quelle: Antenne Landau) <\/em><\/figcaption><\/figure><\/div>\n\n\n\n<p>Landaus Oberb\u00fcrgermeister Thomas Hirsch hat die in der\nStadt lebenden Seniorinnen und Senioren angeschrieben, um diese \u00fcber die neuesten\nEntwicklungen rund um die aktuelle Corona-Lage zu informieren. In seinem Brief\nerneuert der Stadtchef auch seine Bitte an die Bev\u00f6lkerung, zum eigenen Schutz\nund zu dem der Mitmenschen m\u00f6glichst zuhause zu bleiben. <\/p>\n\n\n\n<p>\u201eAlle sind aufgefordert zu helfen, damit wir den Wettlauf\ngegen die Zeit, das Rennen gegen die rasante Ausbreitung der Infektionslage gewinnen\nund wertvolle Zeit f\u00fcr die \u00c4rztinnen und \u00c4rzte sowie die Pflegekr\u00e4fte\nherausschlagen, damit diese m\u00f6glichst viele Leben retten k\u00f6nnen\u201c, sagt Hirsch;\nund weiter: \u201eWir tun in Landau, was wir k\u00f6nnen, um die Menschen mit dieser\nBotschaft zu erreichen.\u201c <\/p>\n\n\n\n<p>Aus diesem Grund hat die Stadt auch Radiospots beim lokalen Sender Antenne Landau sowie, gemeinsam mit den Landkreisen S\u00fcdliche Weinstra\u00dfe und Germersheim, eine Anzeige in der Tageszeitung DIE RHEINPFALZ geschaltet. Die klare Botschaft: #StayHome. #SaveLives.<\/p>\n\n\n\n<p><em>Stadtverwaltung Landau in der Pfalz<br>23.03.2020<\/em><\/p>\n\n\n\n<h2 class=\"wp-block-heading\">10. Aktuelle Information zu Corona, 19.03.20<\/h2>\n\n\n\n<ol><li>Aktuelle Fallzahlen<\/li><li>Allgemeinverf\u00fcgung der Stadt Mannheim<\/li><li>Stadtraumservice: Wichtige Hinweise zu Sperrm\u00fcll und den Recyclingh\u00f6fen!<\/li><li>Kinder-Notbetreuung in Mannheim: Erreichbarkeit der Hotline<\/li><li>Fachbereiche Bau- und Immobilienmanagement, Stadtplanung sowie Geoinformation und Vermessung<\/li><\/ol>\n\n\n\n<h4 class=\"wp-block-heading\">1.) Aktuelle Fallzahlen \u2013 Zahl der nachgewiesenen Corona-F\u00e4lle in Mannheim steigt auf 88<\/h4>\n\n\n\n<p>Dem Gesundheitsamt Mannheim wurden bis Donnerstagnachmittag, 19.03.2020, 16 Uhr, neun weitere F\u00e4lle von nachgewiesenen Coronavirus-Infektionen gemeldet. Damit erh\u00f6ht sich die Zahl der best\u00e4tigten F\u00e4lle in Mannheim auf 88. Alle nachgewiesenen Infizierten zeigen nur milde Krankheitsanzeichen und k\u00f6nnen in h\u00e4uslicher Quarant\u00e4ne verbleiben.<br> Das Gesundheitsamt ermittelt nun die weiteren Kontaktpersonen aller nachgewiesen Infizierten, insbesondere im Bereich der sogenannten vulnerablen Gruppen, nimmt Kontakt mit diesen auf und begleitet diese w\u00e4hrend der h\u00e4uslichen Quarant\u00e4ne. Alle beteiligten \u00c4rzte, Gesundheitsbeh\u00f6rden, sowie das Kompetenzzentrum Gesundheitsschutz am Landesgesundheitsamt arbeiten dabei eng zusammen.<\/p>\n\n\n\n<h4 class=\"wp-block-heading\">2.) Allgemeinverf\u00fcgung der Stadt Mannheim<br> <a href=\"https:\/\/www.mannheim.de\/de\/node\/143588\">https:\/\/www.mannheim.de\/de\/node\/143588<\/a><\/h4>\n\n\n\n<h4 class=\"wp-block-heading\">3.) Stadtraumservice: Wichtige Hinweise zu Sperrm\u00fcll und den Recyclingh\u00f6fen!<\/h4>\n\n\n\n<p>Gr\u00fcnschnitt: Die Sammlung des Gr\u00fcnschnitts wird ab sofort eingestellt. Die B\u00fcrger*innen werden gebeten, den Gr\u00fcnschnitt vom Gehweg zu entfernen und in ihrem Garten zu deponieren. Neue Abholtermine werden bekannt gegeben. Gr\u00fcnschnitt wird bei den Recyclingh\u00f6fen nicht mehr angenommen.<\/p>\n\n\n\n<p>Sperrm\u00fcll: Ab sofort k\u00f6nnen keine neuen Sperrm\u00fclltermine mehr vereinbart werden. Die Sperrm\u00fcllsammlungen, die bereits bis Ende April terminiert sind, sollen noch abgeholt werden. Schrott (Fahrradrahmen, Eisen, Metall etc.) und E-Schrott (Waschmaschinen, K\u00fchlschr\u00e4nke etc.) kann ab sofort nicht mehr mitgenommen werden und soll daher nicht mehr auf die Gehwege gestellt werden.<\/p>\n\n\n\n<p>Altkleider: Derzeit werden die Altkleidercontainer nur noch eingeschr\u00e4nkt angefahren und geleert. Im Hinblick auf m\u00f6gliche \u00fcberf\u00fcllte Annahmestellen, bitten wir die vorerst die Entsorgung von Altkleidern einzustellen.<\/p>\n\n\n\n<p>Recyclingh\u00f6fe: Friesenheimer Insel und Morchhof: Aufgrund der hohen Nachfrage kann es derzeit zu l\u00e4ngeren Wartezeiten bei der Anlieferung von Abf\u00e4llen kommen. Die Abgabem\u00f6glichkeit besteht weiterhin nur f\u00fcr B\u00fcrger*innen aus Mannheim. Es finden Zugangskontrollen statt.Soweit m\u00f6glich, wird gebeten, von Abfallanlieferungen abzusehen!<\/p>\n\n\n\n<h4 class=\"wp-block-heading\">4.) Kinder-Notbetreuung der Stadt Mannheim \u2013 Erreichbarkeit der Hotline<\/h4>\n\n\n\n<p>Die Stadt Mannheim und die freien Tr\u00e4ger bieten seit Dienstag eine Not-Kinderbetreuung f\u00fcr Eltern an, die beide oder alleinerziehend in sogenannten systemrelevanten Berufen arbeiten. Dazu geh\u00f6ren insbesondere die Gesundheitsversorgung, Pflege, die Aufrechterhaltung der \u00f6ffentlichen Sicherheit und Ordnung, die nichtpolizeiliche Gefahrenabwehr (Feuerwehr, Rettungsdienst, etc.), die Sicherstellung der \u00f6ffentlichen Infrastruktur in den Bereichen Telekommunikation, Energie, Wasser, \u00d6PNV und Entsorgung sowie die Versorgung mit Lebensmitteln.<\/p>\n\n\n\n<p>Eltern, die in diesen Bereichen arbeiten und deren Kinder bisher in eine Mannheimer Einrichtung zur Kinderbetreuung gehen \u2013 sei es Krippe, Kindergarten, Hort, Schule oder Schulkindbetreuung &#8211; k\u00f6nnen ihre Kinder weiter in dieselbe Einrichtung mit gleichem Zeitumfang schicken. Die Stadt Mannheim wird f\u00fcr die erforderliche Notbetreuung ihre Einrichtungen und die Schulen offenhalten. Die freien Tr\u00e4ger haben zugesagt, mit den Kindertageseinrichtungen in ihrer Tr\u00e4gerschaft analog zu verfahren. Die Eltern m\u00fcssen f\u00fcr die Betreuung ein Formular ausf\u00fcllen, das sie in den Einrichtungen abgeben, sowie ihre \u201esystemrelevante T\u00e4tigkeit\u201c innerhalb von drei Tagen nachweisen (Best\u00e4tigung des Arbeitgebers). Das Formular kann auf der Homepage der Stadt abgerufen werden und liegt auch in den jeweiligen Einrichtungen bereit: <a href=\"https:\/\/www.mannheim.de\/de\/nachrichten\/not-kinderbetreuung-fuer-eltern-bestimmter-berufe\">https:\/\/www.mannheim.de\/de\/nachrichten\/not-kinderbetreuung-fuer-eltern-bestimmter-berufe<\/a><\/p>\n\n\n\n<p><strong>Erreichbarkeit der Hotline<\/strong><br>Die Kinder-Notbetreuungshotline ist unter der Telefonnummer 0621 -293-5656 bis Freitag von 8 bis 15 Uhr besetzt und in der kommenden Woche Montag bis Freitag von 9 bis 14 Uhr.<\/p>\n\n\n\n<h4 class=\"wp-block-heading\">5.) Fachbereiche Bau- und Immobilienmanagement, Stadtplanung sowie Geoinformation und Vermessung<\/h4>\n\n\n\n<p>a) Fachbereich Bau- und Immobilienmanagement<br>Anfragen zum Grundst\u00fccksverkehr werden telefonisch und per Mail bearbeitet. Absolut notwendige Besichtigungstermine, zum Beispiel f\u00fcr Anmietungen werden durchgef\u00fchrt. Die Betreuung der zust\u00e4ndigen Immobilien wird weiter gew\u00e4hrleistet. In diesem Zusammenhang finden auch Termine mit Handwerkern, Mietern und Planungsb\u00fcros statt, sofern notwendig. Die zentrale Anlaufstelle (Front-Office, Tel. 0621 293 2500) ist telefonisch von Montag bis Donnerstag von 7 bis 17 Uhr und Freitag von 7 bis 16 Uhr oder per E-Mail unter <a href=\"25front-office@mannheim.de\">25front-office@mannheim.de<\/a> erreichbar.<\/p>\n\n\n\n<p>b) Fachbereich Stadtplanung<br>B\u00fcrger*innen k\u00f6nnen sich mit ihrem Anliegen derzeit telefonisch oder per Mail an die Mitarbeitenden wenden. Das inkludiert auch die Bauberatung im Sachgebiet Stadtgestaltung, die Dienstleistungen der Wohnraumf\u00f6rderstelle und Ausk\u00fcnfte zum Mietspiegel. Kontaktdaten finden sie unter <a href=\"http:\/\/www.mannheim.de\/stadtplanung\">http:\/\/www.mannheim.de\/stadtplanung<\/a>. Die Arbeit des Gestaltungsbeirats der Stadt Mannheim wird in der aktuellen Lage ausgesetzt.<\/p>\n\n\n\n<p>c) Fachbereich Geoinformation und Vermessung <br>Ausk\u00fcnfte und Beratungen zum Gutachterausschuss, Liegenschaftskataster und Lagepl\u00e4nen erfolgen telefonisch, schriftlich und per E-Mail. Besichtigungen des Gutachterausschusses finden grunds\u00e4tzlich nicht statt, es sei denn es ist eine Besichtigung von au\u00dfen m\u00f6glich oder es handelt sich um leerstehende oder unbebaute Objekte. Die Entscheidung erfolgt einzelfallbezogen. Der vermessungstechnische Au\u00dfendienst findet unter Beachtung der Sicherheitshinweise statt. Pers\u00f6nliche Kontakte sind in allen Bereichen auf absolute Ausnahmef\u00e4lle beschr\u00e4nkt, ansonsten erfolgen diese schriftlich, elektronisch oder telefonisch.<br> \u2022 Liegenschaftskataster, Lagepl\u00e4ne: <a href=\"vermessungsamt@mannheim.de\">vermessungsamt@mannheim.de<\/a>, Tel.: 0621-293-7269;<br> \u2022 Gutachterausschuss, Bodenrichtwerte: <a href=\"gutachterausschuss@mannheim.de\">gutachterausschuss@mannheim.de<\/a>, Tel.: 0621-293-7516<\/p>\n\n\n\n<p><em>Stadt Mannheim<br>23.03.2020<\/em><\/p>\n\n\n\n<h2 class=\"wp-block-heading\">Busfahrplan Speyer<\/h2>\n\n\n\n<div class=\"wp-block-image\"><figure class=\"aligncenter\"><img decoding=\"async\" loading=\"lazy\" width=\"595\" height=\"817\" src=\"https:\/\/speyer24news.com\/wp-content\/uploads\/2020\/03\/Busfahrplan-Speyer.png\" alt=\"\" class=\"wp-image-26017\" srcset=\"https:\/\/speyer24news.com\/wp-content\/uploads\/2020\/03\/Busfahrplan-Speyer.png 595w, https:\/\/speyer24news.com\/wp-content\/uploads\/2020\/03\/Busfahrplan-Speyer-218x300.png 218w\" sizes=\"(max-width: 595px) 100vw, 595px\" \/><\/figure><\/div>\n\n\n\n<p><em>DB Regio Bus GmbH<br>23.03.2020<\/em><\/p>\n\n\n\n<h2 class=\"wp-block-heading\">Q 6 Q 7: Jetzt auch Gastro-Betriebe geschlossen <\/h2>\n\n\n\n<ul><li><strong>Stadt Mannheim versch\u00e4rfte die so genannte Corona-Verordnung des Landes<\/strong><\/li><li><strong>Q 6 Q 7-Gesch\u00e4fte f\u00fcr t\u00e4glichen und Medizin-Bedarf bleiben ge\u00f6ffnet<\/strong><\/li><li><strong>Alle aktuellen \u00d6ffnungszeiten im Internet unter Q6Q7.de<\/strong><\/li><\/ul>\n\n\n\n<div class=\"wp-block-image\"><figure class=\"aligncenter\"><img decoding=\"async\" loading=\"lazy\" width=\"350\" height=\"350\" src=\"https:\/\/speyer24news.com\/wp-content\/uploads\/2020\/01\/q6q7-logo.png\" alt=\"\" class=\"wp-image-24906\" srcset=\"https:\/\/speyer24news.com\/wp-content\/uploads\/2020\/01\/q6q7-logo.png 350w, https:\/\/speyer24news.com\/wp-content\/uploads\/2020\/01\/q6q7-logo-150x150.png 150w, https:\/\/speyer24news.com\/wp-content\/uploads\/2020\/01\/q6q7-logo-300x300.png 300w\" sizes=\"(max-width: 350px) 100vw, 350px\" \/><\/figure><\/div>\n\n\n\n<p><strong>Mannheim &#8211; <\/strong>Nachdem die Stadt Mannheim die so genannte Corona-Verordnung der baden-w\u00fcrttembergischen Landesregierung versch\u00e4rft hat, sind ab heute in Q 6 Q 7 Mannheim \u2013 Das Quartier. auch alle gastronomischen Betriebe geschlossen. Weiterhin ge\u00f6ffnet bleiben die Gesch\u00e4fte f\u00fcr den t\u00e4glichen Bedarf. Aktuelle Informationen zu den jeweils g\u00fcltigen \u00d6ffnungszeiten gibt es im Internet unter <a href=\"http:\/\/www.Q6Q7.de\">Q6Q7.de<\/a> und auf Facebook unter <a href=\"http:\/\/facebook.com\/Q6Q7.Mannheim\">facebook.com\/Q6Q7.Mannheim<\/a>.<\/p>\n\n\n\n<h3 class=\"wp-block-heading\">Weiterhin von Montag bis Samstag ge\u00f6ffnet haben:<\/h3>\n\n\n\n<h4 class=\"wp-block-heading\">T\u00e4glicher Bedarf<\/h4>\n\n\n\n<ul><li> REWE Viering (8 bis 22 Uhr)<\/li><li> dm-markt (8 bis 20 Uhr)<\/li><li> B\u00e4cker G\u00f6rtz (8 bis 20 Uhr)<\/li><li> Reformhaus Escher (10 bis 18 Uhr)<\/li><li> CIGO Kiosk, Post &amp; Zeitungen (10 bis 18 Uhr)<\/li><li> Fisher\u2019s Sweet S\u00fc\u00dfwaren (13 bis 18 Uhr)<\/li><li> Quadrat Hundert Hundebedarf (10 bis 13 Uhr)<\/li><li> Florist Belle Flore, nur Lieferservice;<\/li><li> Telefonbestellungen unter 0162 \/ 9582460<\/li><\/ul>\n\n\n\n<h4 class=\"wp-block-heading\">Medizinbedarf<\/h4>\n\n\n\n<ul><li> Heldmann\u2019s Apotheke (8.30 bis 20 Uhr)<\/li><li> Optiker Eyes + more (11 bis 16 Uhr)<\/li><li> OHRpheus (10 bis 18 Uhr, samstags geschlossen)<\/li><\/ul>\n\n\n\n<p>Alle weiteren Gastronomie-Betriebe und Stores haben vor\u00fcbergehend geschlossen, ebenso der Fitness First Platinum Swim Club.<\/p>\n\n\n\n<p>Die Tiefgarage ist weiterhin rund um die Uhr ge\u00f6ffnet.<\/p>\n\n\n\n<p><em>CRM &#8211; Center &amp; Retail Management GmbH<br>23.03.2020<\/em><\/p>\n\n\n\n<h2 class=\"wp-block-heading\"><strong>Wertstoffh\u00f6fe\nab sofort geschlossen <\/strong><\/h2>\n\n\n\n<h3 class=\"wp-block-heading\">Ma\u00dfnahme zur Eind\u00e4mmung des Coronavirus<\/h3>\n\n\n\n<div class=\"wp-block-image\"><figure class=\"aligncenter\"><img decoding=\"async\" src=\"https:\/\/speyer24news.com\/wp-content\/uploads\/2020\/03\/Closed.jpg\" alt=\"\" class=\"wp-image-25894\"\/><\/figure><\/div>\n\n\n\n<p><strong>Landkreis Germersheim &#8211; <\/strong>Ab sofort sind alle Wertstoffh\u00f6fe im Landkreis Germersheim bis auf weiteres geschlossen. <\/p>\n\n\n\n<p>Dies\nbetrifft den Wertstoffhof Berg (an der Deponie Berg) sowie die Wertstoffh\u00f6fe\nBellheim und R\u00fclzheim, die station\u00e4re Problemm\u00fcllannahmestelle am Wertstoffhof\nR\u00fclzheim und die Annahmestelle f\u00fcr Gr\u00fcnabf\u00e4lle in Westheim (an der\nVerg\u00e4rungsanlage).<\/p>\n\n\n\n<p>\u201eDie Wertstoffh\u00f6fe erlebten in den letzten Tagen einen au\u00dfergew\u00f6hnlichen Ansturm. Es gilt auch hier, Menschenansammlungen zu vermeiden und die vielen Kontakte einzuschr\u00e4nken, um die Verbreitung des Coronavirus einzud\u00e4mmen\u201c, so Landrat Dr. Fritz Brechtel. <\/p>\n\n\n\n<p><em>Landkreis Germersheim<br>23.02.2020<\/em><\/p>\n\n\n\n<h2 class=\"wp-block-heading\"><strong>Coronavirus: Weitere F\u00e4lle im Landkreis S\u00fcdliche Weinstra\u00dfe und Stadt Landau<\/strong><\/h2>\n\n\n\n<div class=\"wp-block-image\"><figure class=\"aligncenter\"><img decoding=\"async\" loading=\"lazy\" width=\"600\" height=\"184\" src=\"https:\/\/speyer24news.com\/wp-content\/uploads\/2020\/03\/S\u00dcW-Landau-Logo.png\" alt=\"\" class=\"wp-image-25915\" srcset=\"https:\/\/speyer24news.com\/wp-content\/uploads\/2020\/03\/S\u00dcW-Landau-Logo.png 600w, https:\/\/speyer24news.com\/wp-content\/uploads\/2020\/03\/S\u00dcW-Landau-Logo-300x92.png 300w\" sizes=\"(max-width: 600px) 100vw, 600px\" \/><\/figure><\/div>\n\n\n\n<p><strong>Landkreis S\u00fcdliche Weinstra\u00dfe &amp; Landau &#8211; <\/strong>Nach aktuellem Stand (19. M\u00e4rz 2020, 15 Uhr) haben sich im Landkreis S\u00fcdliche Weinstra\u00dfe sieben weitere F\u00e4lle des Coronavirus (COVID-19) best\u00e4tigt. Insgesamt wurden damit 32 F\u00e4lle im Zust\u00e4ndigkeitsbereich des Gesundheitsamts Landau\/S\u00fcdliche Weinstra\u00dfe positiv auf das Coronavirus getestet und an das Landesuntersuchungsamt \u00fcbermittelt. Eine Person stammt aus der Verbandsgmeinde Annweiler, zwei Personen aus der Verbandsgemeinde Bad Bergzabern, sieben Personen aus der Verbandsgemeinde Edenkoben, zwei Personen aus der Verbandsgemeinde Maikammer, acht Personen aus der Verbandsgemeinde Herxheim, acht Personen aus der Verbandsgemeinde Offenbach und vier Personen aus der Stadt Landau. <\/p>\n\n\n\n<p>Alle\nermittelbaren Kontaktpersonen werden \u00fcber die Infektion informiert. <\/p>\n\n\n\n<p>Informationen zum Thema Coronavirus finden Sie auf der Homepage des Landkreises: <a href=\"http:\/\/www.suedliche-weinstrasse.de\">www.suedliche-weinstrasse.de<\/a>. &nbsp;&nbsp;<\/p>\n\n\n\n<p>Das\nB\u00fcrgertelefon des Landkreises S\u00dcW\nund der Stadt Landau ist unter der Telefonnummer 06341\/940 555 f\u00fcr B\u00fcrgerinnen und\nB\u00fcrger von Montag bis Donnerstag von 10 bis 12:30 Uhr und 13:30 bis 16 Uhr,\nFreitag 10 bis 12:30 Uhr, Samstag und Sonntag von 10 bis 12:30 Uhr erreichbar. <\/p>\n\n\n\n<p>Ab Montag, 23. M\u00e4rz stehen die Ansprechpartner von Montag bis Donnerstag von 8:30 Uhr bis 12 Uhr und 14 Uhr bis 16 Uhr zur Verf\u00fcgung. Freitags ist das B\u00fcrgertelefon von 8:30 Uhr bis 12 Uhr erreichbar. Am Wochenende ist der Telefondienst von 10 Uhr bis 12:30 Uhr besetzt.<\/p>\n\n\n\n<p><em>Gemeinsame Pressemitteilung der Stadtverwaltung Landau und der Kreisverwaltung S\u00fcdliche Weinstra\u00dfe<br>23.02.2020<\/em><\/p>\n\n\n\n<h2 class=\"wp-block-heading\">Asklepios S\u00fcdpfalzkliniken konzentrieren Notfallgesch\u00e4ft am Klinikstandort Kandel: Schutz von Risikogruppen im Rahmen der Pandemie COVID-19<\/h2>\n\n\n\n<div class=\"wp-block-image\"><figure class=\"aligncenter\"><img decoding=\"async\" loading=\"lazy\" width=\"600\" height=\"173\" src=\"https:\/\/speyer24news.com\/wp-content\/uploads\/2020\/03\/Asklepios.png\" alt=\"\" class=\"wp-image-26014\" srcset=\"https:\/\/speyer24news.com\/wp-content\/uploads\/2020\/03\/Asklepios.png 600w, https:\/\/speyer24news.com\/wp-content\/uploads\/2020\/03\/Asklepios-300x87.png 300w\" sizes=\"(max-width: 600px) 100vw, 600px\" \/><\/figure><\/div>\n\n\n\n<p><strong>Kandel &#8211; Um die medizinische Versorgung im Landkreis Germersheim auch unter Ber\u00fccksichtigung der dynamischen Entwicklung mit dem COVID-19-Virus nachhaltig sicherstellen, insbesondere um Risikogruppen sch\u00fctzen und m\u00f6glichst lange einen geregelten Krankenhausbetrieb aufrecht erhalten zu k\u00f6nnen, haben die Asklepios S\u00fcdpfalzkliniken GmbH ein Konzept (Pandemieplan) entwickelt. Dieses sieht organisatorische Ver\u00e4nderungen zwischen den Standorten Kandel und Germersheim vor.<\/strong><\/p>\n\n\n\n<p>Ziel ist es, die Notf\u00e4lle ab sofort zentral \u00fcber die Asklepios Klinik\nin Kandel aufzunehmen. Dort erfolgt dann die Einteilung der Patienten nach Krankheitsbild\n(Triage) sowie eine zentrale Notfallsteuerung. Je nach Krankheitsbild und\nInfektionsstatus werden triagierte F\u00e4lle dann in die Klinik nach Germersheim\nverlegt und dort medizinisch weiterversorgt. Eine Abstimmung zur Steuerung der\nNotfallpatienten mit den Rettungsdiensten fand bereits statt. Das Krankenhaus\nsteht daher bis auf Weiteres f\u00fcr Notf\u00e4lle nicht mehr zur Verf\u00fcgung. Die\nBereitschaftsdienstzentrale der Kasssen\u00e4rztlichen Vereinigung ist hiervon nicht\nbetroffen. Ebenso nicht betroffen und weiterhin m\u00f6glich sind Spechstunden und\nvorstation\u00e4re Behandlungen. Die Patienten werden gebeten am Empfang\nentsprechend darauf hinzuweisen. <\/p>\n\n\n\n<p>Zur Realisierung dieses Ziels m\u00fcssen eine Vielzahl von\norganisatorischen Ma\u00dfnahmen umgesetzt werden. So wird unter anderem die\ngeriatrische Versorgung schrittweise nach Germersheim verlagert, um in Kandel\nPlatz f\u00fcr Notfall- und Infektionspatienten zu schaffen. Parallel wechselt\ninternistisches Fachpersonal aus dem pflegerischen, \u00e4rztlichen und\ntherapeutischen Bereich zwischen den Standorten. Die Versorgung von Patienten\nmit der Erkrankung COVID-19 erfolgt dann prim\u00e4r am Standort Kandel.<\/p>\n\n\n\n<p>Am Ende der Organisationskaskade steht eine Ausweitung der Beatmungs-\nund Intensivkapazit\u00e4ten an beiden Standorten. Diese Ausweitung ist speziell vor\ndem Hintergrund der zu erwartenden Zunahme von beatmungspflichtigen\nIntensivpatienten im Rahmen der COVID-19 Entwicklung f\u00fcr die\nGesundheitsversorgung essentiell. Um diese Kapazit\u00e4ten auch mit Personal unterhalten\nzu k\u00f6nnen, werden hierf\u00fcr einzelne Stationen geschlossen und das Personal durch\nspezielle Schulungsma\u00dfnahmen f\u00fcr die Intensivbetreuung vorbereitet. In diesem\nZusammenhang wurde auch der Bedarf an Medizintechnik f\u00fcr 16 zus\u00e4tzliche\nBeatmungspl\u00e4tze &nbsp;beim Ministerium\ngemeldet. <\/p>\n\n\n\n<p>\u201eDie Umsetzung des Konzeptes ist nur m\u00f6glich durch die Unterst\u00fctzung\nund Flexibilit\u00e4t der Mitarbeiterinnen und Mitarbeiter der beiden\nKlinikstandorte\u201c, sagt Klinikgesch\u00e4ftsf\u00fchrer Frank Lambert. \u201eIch danke den\nKolleginnen und Kollegen schon jetzt &nbsp;f\u00fcr\nihr Engagement und ihre Einsatzbereitschaft in dieser f\u00fcr uns alle\nherausfordernden Situation.\u201c<\/p>\n\n\n\n<p>Die Asklepios S\u00fcdpfalzkliniken stellen mit den Standorten Kandel und\nGermersheim mit 320 Planbetten die Grund- und Regelversorgung des Landkreises\nGermersheim (Rheinland-Pfalz) sicher. Unsere modern ausgestatteten Kliniken\nverf\u00fcgen \u00fcber die Abteilungen Innere Medizin, Gyn\u00e4kologie \/ Geburtshilfe,\nChirurgie, An\u00e4sthesie und Intensivmedizin.<\/p>\n\n\n\n<h3 class=\"wp-block-heading\"><strong>Kontakt f\u00fcr R\u00fcckfragen:<\/strong><\/h3>\n\n\n\n<p><strong>Asklepios S\u00fcdpfalzkliniken<\/strong><strong><\/strong><\/p>\n\n\n\n<p><strong>Gesch\u00e4ftsf\u00fchrung<\/strong><\/p>\n\n\n\n<p>Tel.: (0 72 75) 71 &#8211; 1398 <\/p>\n\n\n\n<p>E-Mail: <a href=\"mailto:f.lambert@asklepios.com\">f.lambert@asklepios.com<\/a><\/p>\n\n\n\n<p><strong>Asklepios Kliniken<\/strong><strong><\/strong><\/p>\n\n\n\n<p><strong>Konzernbereich<\/strong> <strong>Unternehmenskommunikation<\/strong>\n<strong>&amp;\nMarketing<\/strong><\/p>\n\n\n\n<p>Tel.: (0 40) 18 18-82 66 36 <\/p>\n\n\n\n<p>E-Mail: <a href=\"mailto:presse@asklepios.com\">presse@asklepios.com<\/a><\/p>\n\n\n\n<p>24-Stunden-Rufbereitschaft der\nPressestelle: (040) 1818-82 8888.<\/p>\n\n\n\n<p>Besuchen Sie Asklepios im Internet, auf Facebook oder YouTube: <\/p>\n\n\n\n<p><a href=\"http:\/\/www.asklepios.com\">www.asklepios.com<\/a><\/p>\n\n\n\n<p><a href=\"https:\/\/gesundleben.asklepios.com\/\">gesundleben.asklepios.com<\/a> <\/p>\n\n\n\n<p><a href=\"http:\/\/www.facebook.com\/asklepioskliniken\">www.facebook.com\/asklepioskliniken<\/a><\/p>\n\n\n\n<p><a href=\"http:\/\/www.youtube.com\/asklepioskliniken\">www.youtube.com\/asklepioskliniken<\/a> <\/p>\n\n\n\n<p>Pflege-Blog: \u201e<a href=\"https:\/\/wir-sind-pflege.blog\/\">Wir sind Pflege<\/a>\u201c<\/p>\n\n\n\n<p><em>Asklepios Kliniken (Klinikstandort Kandel) <br>23.02.2020<\/em><\/p>\n\n\n\n<h2 class=\"wp-block-heading\"><strong>Wertstoffh\u00f6fe Nord und West k\u00f6nnen noch\nbeliefert werden<\/strong><\/h2>\n\n\n\n<p><strong>Ludwigshafen &#8211; <\/strong>Der Wirtschaftsbetrieb Ludwigshafen (WBL) teilt mit, dass die Wertstoffh\u00f6fe Nord und West weiterhin angeliefert werden d\u00fcrfen. Der Wertstoffhof S\u00fcd in Rheing\u00f6nheim ist ab sofort bis auf Weiteres geschlossen. Die planm\u00e4\u00dfige Abgabem\u00f6glichkeit f\u00fcr Schadstoffe am 3. und 4. April 2020 erfolgt im Wertstoffhof West, Wollstra\u00dfe 151. <\/p>\n\n\n\n<p>Die Schlie\u00dfung des\nWertstoffhofes S\u00fcd erfolgte aus organisatorischen Gr\u00fcnden. Um die M\u00fcllabfuhr in\nLudwigshafen im Zuge der Corona-Pandemie vorsorglich aufrechtzuerhalten, wurde\nein Teil der Fahrzeuge und des Personals an den Wertstoffhof S\u00fcd verlegt. <\/p>\n\n\n\n<p>Der WBL bittet f\u00fcr diese Ma\u00dfnahme um Verst\u00e4ndnis.<\/p>\n\n\n\n<p><em>Stadt Ludwigshafen am Rhein<br>23.02.2020<\/em><\/p>\n\n\n\n<h2 class=\"wp-block-heading\"><strong>Coronavirus<\/strong>: <strong>24 positive F\u00e4lle im\nLandkreis Germersheim best\u00e4tigt<\/strong><\/h2>\n\n\n\n<p><strong>Landkreis Germersheim &#8211; <\/strong>Im Landkreis Germersheim gibt es Stand Donnerstag, 19. M\u00e4rz 2020, 15.30 Uhr, 24 positiv best\u00e4tigte F\u00e4lle. Die Personen kommen aus der Stadt W\u00f6rth sowie den Verbandsgemeinden Hagenbach, R\u00fclzheim, Bellheim, Jockgrim, Lingenfeld und Kandel. Die Personen befinden sich bis auf weiteres in h\u00e4uslicher Quarant\u00e4ne.Das Gesundheitsamt des Landkreises Germersheim hat diese Quarant\u00e4ne nach Infektionsschutzgesetzt angeordnet.<\/p>\n\n\n\n<p>Aufgrund der aktuellen Entwicklungen und der steigenden Infektionszahlen bei R\u00fcckkehrern aus dem Skiurlaub empfiehlt das Gesundheitsamt der Kreisverwaltung Germersheim diesem Personenkreis dringend, freiwillig 14 Tage in h\u00e4usliche Quarant\u00e4ne zu gehen und zwar unabh\u00e4ngig davon, ob Symptome vorhanden sind oder nicht.R\u00fcckkehrer, die Symptome entwickeln, sollen sich bitte umgehend <strong>telefonisch<\/strong> bei ihrem Hausarzt melden. <\/p>\n\n\n\n<p><em>Kreisverwaltung Germersheim<\/em><br><em>23.02.2020<\/em><\/p>\n\n\n\n<h2 class=\"wp-block-heading\"><strong>Vorbereitungen f\u00fcr Notkrankenhaus laufen auf Hochtouren:<\/strong> <strong>Aufruf an alle Menschen mit medizinischer Ausbildung<\/strong><\/h2>\n\n\n\n<p><strong>Landkreis Germersheim &#8211; <\/strong>\u201eEs ist wichtig, der weiteren Ausbreitung des Corona-Virus immer einen Schritt voraus zu sein. Deshalb breiten wir uns im Landkreis Germersheim auch auf Szenarien vor, von denen wir hoffen, dass sie letztlich nicht eintreten\u201c Mit diesen Worten wirbt Germersheims Landrat, Dr. Fritz Brechtel, um breite Unterst\u00fctzung aus der Bev\u00f6lkerung. Der Aufruf richtet sich an alle Menschen, die eine medizinische Ausbildung haben, um bei der Er\u00f6ffnung eines Notkrankenhauses im Landkreis Germersheim \u00fcber auf die n\u00f6tige personelle Ausstattung zu verf\u00fcgen.<\/p>\n\n\n\n<p>Die Koordinierungsstelle der\nKreisverwaltung Germersheim pr\u00fcft derzeit Objekte und R\u00e4umlichkeiten, in\nwelchen ein Notkrankenhaus mit entsprechender Ausstattung entstehen soll.<\/p>\n\n\n\n<p>Um \u00fcber ausreichend Personal zu\nverf\u00fcgen, ben\u00f6tigt es Unterst\u00fctzung durch \u00c4rzte, Krankenschwestern,\nPflegerinnen und Pfleger oder Menschen mit einer Ausbildung im Rettungsdienst.<\/p>\n\n\n\n<p>Wer zu diesem Personenkreis z\u00e4hlt und\nsich k\u00f6rperlich in der Lage sieht unterst\u00fctzen zu k\u00f6nnen, wird dringend gebeten\nsich unverz\u00fcglich mit der Kreisverwaltung in Germersheim in Verbindung zu\nsetzen.<\/p>\n\n\n\n<p>Die Meldung kann telefonisch\nerfolgen, Tel. 07274\/53-410, oder per E-Mail an Notkrankenhaus@kreis-germersheim.de. Das Telefon ist ab morgen, Freitag, von 8 bis 14\nUhr und am Samstag von 10 bis12.30 Uhr erreichbar. Ab der n\u00e4chsten Woche ist\ndas Telefon ab 8&nbsp;Uhr morgens besetzt. Wichtig sind Angaben zu\nErreichbarkeit, Ausbildung und Verf\u00fcgbarkeit. Die Koordinierungsstelle wird\nsich mit den Freiwilligen direkt in Verbindung setzen.<\/p>\n\n\n\n<p>\u201eWir werden ein Notkrankenhaus vorhalten, um auf die n\u00e4chste Eskalationsstufe vorbereitet zu sein. Je eher es uns allerdings gelingt, die Kurve der weiteren Ausbreitung flach zu halten, desto besser \u00fcberstehen wir alle diese Krisensituation\u201c, mahnt Landrat Dr. Fritz Brechtel zur Vernunft und zuhause zu bleiben.<\/p>\n\n\n\n<p><em>Kreisverwaltung Germersheim<br>23.02.2020<\/em><\/p>\n\n\n\n<h2 class=\"wp-block-heading\"><strong>Wegen Corona-Krise: Stadt schlie\u00dft mit sofortiger Wirkung alle Restaurants und Caf\u00e9s<\/strong><strong>\n<\/strong><\/h2>\n\n\n\n<h3 class=\"wp-block-heading\"><strong>Neue Allgemeinverf\u00fcgung untersagt Versammlungen mit mehr als 10 Personen \/ Standesamt gibt B\u00fcrger\/innen Hinweise zu neuen Regelungen<\/strong><\/h3>\n\n\n\n<p><strong>Schwetzingen &#8211; <\/strong>Um eine weitere Ausbreitung des Corona-Virus in Schwetzingen zu verhindern, hat die Stadt Schwetzingen heute (19. M\u00e4rz 2020) zu weiteren Ma\u00dfnahmen gegriffen. Mit sofortiger Wirkung  wurden heute Vormittag auf Empfehlung des Rhein-Neckar-Kreises und in enger Abstimmung und Kooperation mit den anderen gro\u00dfen Kreisst\u00e4dten in Schwetzingen alle Restaurants und Caf\u00e9s durch die Stadt geschlossen. Mitarbeiter\/innen von Ordnungsamt und Polizei  waren gemeinsam im Stadtgebiet unterwegs um den Gastronomen die neue Allgemeinverf\u00fcgung (Stand 19.03.2020) auszuh\u00e4ndigen und \u00fcber die neue Ma\u00dfnahme zu informieren. Gastronomen, die heute nicht pers\u00f6nlich angetroffen wurden, erhalten das Schreiben per Post.  Damit ist sichergestellt, dass sp\u00e4testens ab dem Freitag (20. M\u00e4rz 2020) keine Gastst\u00e4tte mehr f\u00fcr normalen Publikumsverkehr ge\u00f6ffnet hat. M\u00f6glich ist dann nur noch die Mitnahme von Essen und Lieferdienste. <\/p>\n\n\n\n<p>\u201eDie Schlie\u00dfung der Gastst\u00e4tten trifft Schwetzingen wegen der vielen betroffenen Betriebe hart, ist aber angesichts der sehr angespannten Situation im Rhein-Neckar-Kreis zum Schutz\n der Bev\u00f6lkerung absolut notwendig und unabwendbar\u201c, erl\u00e4utert Oberb\u00fcrgermeister Dr. Ren\u00e9 P\u00f6ltl die getroffene Ma\u00dfnahme. Mit der Regelung sollte&nbsp; unter anderem verhindert werden, dass die Bewohner der beiden gro\u00dfen St\u00e4dte Mannheim und Heidelberg \u2013 die ja bereits\n gestern die Schlie\u00dfung ihrer Restaurants verf\u00fcgt hatten &#8211; die Gastronomie rund um den Schlossplatz aufsuchen w\u00fcrden und&nbsp; hier wie schon am vergangenen Wochenende dichtes Gedr\u00e4nge herrschen w\u00fcrde.\n<\/p>\n\n\n\n<p>Die Allgemeinverf\u00fcgung untersagt ab sofort auch Versammlungen von mehr als zehn Personen (au\u00dfen und in geschlossenen R\u00e4umen). Ausnahmegenehmigungen f\u00fcr h\u00f6chstens 30 Personen sind anmeldepflichtig\n und m\u00fcssen durch das B\u00fcrgermeisteramt der Stadt Schwetzingen genehmigt werden. Der Betrieb von Sonnen-, Kosmetik- und Nagelstudios ist untersagt, ebenso Camping- und Mobile Home Anlagen.\n<\/p>\n\n\n\n<p>F\u00fcr Trauungen und Beerdigungen gelten in den n\u00e4chsten Wochen ebenfalls Beschr\u00e4nkungen. Dies betrifft insbesondere die Anzahl der Fest- bzw. Trauerg\u00e4ste. Hier wird die Teilnehmerzahl\n auf maximal 10 (Trauungen inklusive Brautpaar und Trauzeugen) und 20 (Beerdigungen), also auf den engsten Familienkreis beschr\u00e4nkt. Trauerfeiern werden weitgehend &nbsp;im Freien stattfinden, auf die Trauerhalle soll nur bei schlechtem Wetter zur\u00fcckgegriffen werden.\n Das Standesamt hat ein aktuelles Hinweisblatt ver\u00f6ffentlicht, das im Internet unter\n<a href=\"https:\/\/deref-web-02.de\/mail\/client\/69usd-vhnf8\/dereferrer\/?redirectUrl=http%3A%2F%2Fwww.schwetzingen.de\" target=\"_blank\" rel=\"noreferrer noopener\">www.schwetzingen.de<\/a> abrufbar ist. <\/p>\n\n\n\n<p>Die Stadt sagt bis auf Weiteres auch alle Gemeinderats- und Ausschusssitzungen ab.<\/p>\n\n\n\n<p>Die Allgemeinverf\u00fcgung gilt zun\u00e4chst bis einschlie\u00dflich 19. April 2020. Sie ist im Internet unter <a href=\"https:\/\/deref-web-02.de\/mail\/client\/69usd-vhnf8\/dereferrer\/?redirectUrl=http%3A%2F%2Fwww.schwetzingen.de\" target=\"_blank\" rel=\"noreferrer noopener\">www.schwetzingen.de<\/a> abrufbar. Die Stadt informiert dort tagesaktuell zur Lage.<\/p>\n\n\n\n<h4 class=\"wp-block-heading\">Lesen sie hier die Allgemeinverf\u00fcgung  als pdf:<\/h4>\n\n\n\n<div class=\"wp-block-file\"><a href=\"https:\/\/speyer24news.com\/wp-content\/uploads\/2020\/03\/Allgemeinverf\u00fcgung-der-Stadt-Schwetzingen-Stand-19.03.2020.pdf\">Allgemeinverf\u00fcgung-der-Stadt-Schwetzingen-Stand-19.03.2020<\/a><a href=\"https:\/\/speyer24news.com\/wp-content\/uploads\/2020\/03\/Allgemeinverf\u00fcgung-der-Stadt-Schwetzingen-Stand-19.03.2020.pdf\" class=\"wp-block-file__button\" download>Herunterladen<\/a><\/div>\n\n\n\n<p><em>Stadtverwaltung Schwetzingen<br>23.02.2020<\/em><\/p>\n\n\n\n<h2 class=\"wp-block-heading\">Corona-Bek\u00e4mpfung: Hochschulen setzen Pr\u00fcfungen aus, Notprogramm an Hochschul-Bibliotheken<\/h2>\n\n\n\n<p><strong>Rheinland-Pfalz &#8211; <\/strong>Die staatlichen Hochschulen haben in Abstimmung mit dem rheinland-pf\u00e4lzischen Wissenschaftsministerium entschieden, die Pr\u00fcfungen, die in den Zust\u00e4ndigkeitsbereich der Hochschulen fallen, auszusetzen. Die Bibliotheken an den Hochschulen werden f\u00fcr den Publikumsverkehr weitgehend geschlossen. Ein Notprogramm, das weiterhin Informationsversorgung gew\u00e4hrleistet, tritt ein. Details regeln die jeweiligen Standorte. Diese Ma\u00dfnahmen sollen zun\u00e4chst bis zum 20. April gelten. <\/p>\n\n\n\n<p>\u201eZusammen mit den Hochschulen haben wir gemeinsam weiterreichende Regelungen getroffen. Wir m\u00fcssen die Infektionsgefahr weiter reduzieren und daher auch weitere Eingriffe in das akademische Leben vornehmen. Mir\n ist es wichtig, dass Studierenden in Pr\u00fcfungssituationen daraus kein Nachteil entstehen wird\u201c, so Wissenschaftsminister Prof. Dr. Konrad Wolf.\n<\/p>\n\n\n\n<p>Die Hochschulen vereinbarten f\u00fcr den Fall, dass anstehende Pr\u00fcfungen aufgrund der aktuellen Ausnahmesituation nicht durchgef\u00fchrt werden, auf Basis der bestehenden Pr\u00fcfungsordnungen faire L\u00f6sungen zu treffen, die\n die betroffenen Studierenden vor Nachteilen sch\u00fctzen. Schriftliche Arbeiten wie Hausarbeiten und Abschlussarbeiten k\u00f6nnen weiterhin eingereicht werden.<\/p>\n\n\n\n<p>Gem\u00e4\u00df dem Beschluss des rheinland-pf\u00e4lzischen Ministerrats vom 17. M\u00e4rz 2020 \u00fcber Leitlinien zur weiteren Beschr\u00e4nkung von sozialen Kontakten im \u00f6ffentlichen Bereich wird zudem der Zugang zu Mensen beschr\u00e4nkt und\n nur unter Auflagen gestattet. So sind eine Reglementierung der Besucherzahl und Vorgaben f\u00fcr Mindestabst\u00e4nde zwischen Tischen sowie Aush\u00e4nge mit Hinweisen zur richtigen Hygienema\u00dfnahmen etc. vorgesehen.<\/p>\n\n\n\n<p>Weitere Informationen \u00fcber die Umsetzungen der Beschl\u00fcsse an den Hochschulen sind den jeweiligen Sonderseiten der Homepages, die die Hochschulen geschaltet haben, zu entnehmen.<\/p>\n\n\n\n<p><em>Staatskanzlei Rheinland-Pfalz<\/em><br><em>23.02.2020<\/em><\/p>\n\n\n\n<h2 class=\"wp-block-heading\"><strong>Sofortma\u00dfnahmen zur Unterst\u00fctzung von Unternehmen bei der Bew\u00e4ltigung der Corona-Krise\n<\/strong><\/h2>\n\n\n\n<p><strong>Mainz \/ Rheinland-Pfalz &#8211; <\/strong>Aufgrund der Ausbreitung des Corona-Virus sehen sich viele Unternehmen in Rheinland-Pfalz in ihrer Existenz bedroht. \u201eWir werden die betroffenen Unternehmen schnell und unb\u00fcrokratisch durch B\u00fcrgschaftsvergaben des  Landes unterst\u00fctzen\u201c, sagte Finanzministerin Doris Ahnen.<\/p>\n\n\n\n<p>Gr\u00f6\u00dfere B\u00fcrgschaften \u00fcber 2,5 Millionen Euro werden von der Investitions- und Strukturbank Rheinland-Pfalz (ISB) oder dem Land \u00fcbernommen. Der H\u00f6chstbetrag f\u00fcr ISB-B\u00fcrgschaften wird dabei von derzeit 3,5 Millionen  Euro auf 5 Millionen Euro erh\u00f6ht. Weil ISB-B\u00fcrgschaften in einem sehr schlanken Verfahren ausgereicht werden k\u00f6nnen, tr\u00e4gt diese Sofortma\u00dfnahme dazu bei, Unternehmen schnell mit der ben\u00f6tigten Liquidit\u00e4t zu versorgen. B\u00fcrgschaften ab 5 Millionen Euro werden  auch weiterhin als Landesb\u00fcrgschaften vergeben.<\/p>\n\n\n\n<p>\u201eAls weitere Sofortma\u00dfnahme erh\u00f6ht das Land zudem die maximale Absicherung: Sowohl f\u00fcr ISB-B\u00fcrgschaften als auch f\u00fcr Landesb\u00fcrgschaften gilt, dass Betriebsmittelkredite k\u00fcnftig \u2013 wie jetzt schon Investitionskredite  \u2013 mit bis zu 80% der Kreditsumme abgesichert werden k\u00f6nnen. Auch diese Ma\u00dfnahme dient dazu, in der derzeitigen Krise die Liquidit\u00e4tsversorgung der rheinland-pf\u00e4lzischen Unternehmen nachhaltig sicherzustellen\u201c, so die Finanzministerin.<\/p>\n\n\n\n<p>F\u00fcr kleinere B\u00fcrgschaften, die von der B\u00fcrgschaftsbank Rheinland-Pfalz ausgereicht werden, wurde der H\u00f6chstbetrag bereits von 1,25 Millionen auf 2,5 Millionen Euro angehoben. Bund und L\u00e4nder \u00fcbernehmen dabei anteilig  einen Teil des Risikos der B\u00fcrgschaftsbank durch R\u00fcckb\u00fcrgschaften. Angesichts der gegenw\u00e4rtigen Situation wird das Land nun seinen Haftungsanteil, ebenso wie der Bund, erh\u00f6hen. Um Unternehmen schnell mit Liquidit\u00e4t versorgen zu k\u00f6nnen, erh\u00e4lt die B\u00fcrgschaftsbank  zudem die M\u00f6glichkeit, B\u00fcrgschaftsentscheidungen bis zu einem Betrag von 250.000 Euro in einem vereinfachten Verfahren sehr kurzfristig eigenst\u00e4ndig zu treffen (\u201eExpress-B\u00fcrgschaften\u201c). <\/p>\n\n\n\n<p>In jedem Fall sollten sich Unternehmen bei drohenden Liquidit\u00e4tsengp\u00e4ssen fr\u00fchzeitig an ihre Hausbank wenden. Diese wenden sich dann an die B\u00fcrgschaftsbank bzw. ISB.  Bei Fragen ist die Hotline der B\u00fcrgschaftsbank unter der Telefonnummer 06131\/62915-65 und die Hotline der ISB unter der Telefonnummer 06131\/6172-1333 zu erreichen.<\/p>\n\n\n\n<p><em>Ministerium der Finanzen Rheinland-Pfalz<\/em><br><em>23.02.2020<\/em><\/p>\n\n\n\n<h2 class=\"wp-block-heading\"><strong>B\u00fcrgertelefon: Anrufzeiten ab Montag, 23. M\u00e4rz ausgeweitet<\/strong><strong><\/strong><\/h2>\n\n\n\n<p><strong>Landkreis S\u00fcdliche Weinstra\u00dfe \/ Landau &#8211; <\/strong>Aufgrund des gro\u00dfen Anrufaufkommens werden die Zeiten des gemeinsamen B\u00fcrgertelefons des Landkreises S\u00fcdliche Weinstra\u00dfe und der Stadt Landau f\u00fcr Fragen zum Coronavirus ab Montag, 23. M\u00e4rz, ausgeweitet. F\u00fcr B\u00fcrgerinnen und B\u00fcrger stehen die Ansprechpartner k\u00fcnftig von Montag bis Donnerstag von 8:30 Uhr bis 12 Uhr und 14 Uhr bis 16 Uhr zur Verf\u00fcgung. Freitags ist das B\u00fcrgertelefon von 8:30 Uhr bis 12 Uhr erreichbar. Am Wochenende ist der Telefondienst von 10 Uhr bis 12:30 Uhr besetzt.<\/p>\n\n\n\n<p>Das B\u00fcrgertelefon ist unter der Telefonnummer 06341-940 555 erreichbar.<\/p>\n\n\n\n<p><em>Gemeinsame Pressemitteilung der Stadtverwaltung Landau und der Kreisverwaltung S\u00fcdliche Weinstra\u00dfe<br>23.02.2020<\/em><\/p>\n\n\n\n<h2 class=\"wp-block-heading\"><strong>Stadt erl\u00e4sst Eltern- und Verpflegungskostenbeitr\u00e4ge\n<\/strong><\/h2>\n\n\n\n<p><strong>Speyer &#8211; <\/strong>Zur Entlastung der Eltern hat der Speyerer Stadtvorstand beschlossen, die Eltern- und Verpflegungskostenbeitr\u00e4ge f\u00fcr Kindertagesst\u00e4tten  und Kinderhorte in kommunaler und freier Tr\u00e4gerschaft auszusetzen. \u201eUns ist bewusst, dass die momentane Situation f\u00fcr viele Eltern, die durch die Schul- und Kitaschlie\u00dfungen anderweitige Betreuungsm\u00f6glichkeiten f\u00fcr ihre Kinder finden m\u00fcssen, alles andere als  einfach ist. Es ist uns wichtig, ein Zeichen zu setzen und den Eltern daf\u00fcr zu danken, dass sie Verst\u00e4ndnis zeigen und diese besondere Situation mittragen\u201c, begr\u00fcnden Oberb\u00fcrgermeisterin Stefanie Seiler und B\u00fcrgermeisterin Monika Kabs ihre Entscheidung. <\/p>\n\n\n\n<p>Konkret bedeutet der Beschluss des Stadtvortandes, dass die Elternbeitr\u00e4ge f\u00fcr Krippen- und Hortbetreuung sowie die Verpflegungskosten\n f\u00fcr Kitas pauschal f\u00fcr alle Eltern, deren Kinder in Kindertagesst\u00e4tten in kommunaler oder freier Tr\u00e4gerschaft betreut werden, zun\u00e4chst f\u00fcr einen Monat entfallen. \u201eWir werden die weiteren Entwicklungen genau beobachten und dann entscheiden, ob wir gegebenenfalls\n nochmal nachjustieren\u201c, so Seiler und Kabs. <\/p>\n\n\n\n<p>Seit Montag, 16. M\u00e4rz 2020, wird in allen Kitas eine Notbetreuung f\u00fcr Kinder sichergestellt, deren Eltern folgende Berufsgruppen angeh\u00f6ren  und die anderweitig keine Betreuung ihrer Kinder realisieren konnten: Angeh\u00f6rige von Gesundheits- und Pflegeberufen, Polizei, Rettungsdiensten, Feuerwehr, Lehrkr\u00e4fte, Erzieher\/-innen, Justiz und Justizvollzugsanstalten, Angestellte von Energie- und Wasserversorgung,  Angestellte in der Daseinsvorsorge (Verkauf Superm\u00e4rkte).<\/p>\n\n\n\n<p><em>Stadtverwaltung Speyer<br>23.02.2020<\/em><\/p>\n\n\n\n<h2 class=\"wp-block-heading\"><strong>Aktuelle Meldungen der Stadt Landau \u2013 Stand: 19. M\u00e4rz 2020, 12 Uhr<\/strong><\/h2>\n\n\n\n<div class=\"wp-block-image\"><figure class=\"aligncenter\"><img decoding=\"async\" loading=\"lazy\" width=\"800\" height=\"533\" src=\"https:\/\/speyer24news.com\/wp-content\/uploads\/2020\/03\/Info-19-03-2020-12-Uhr_Wochenmarkt.jpg\" alt=\"\" class=\"wp-image-26008\" srcset=\"https:\/\/speyer24news.com\/wp-content\/uploads\/2020\/03\/Info-19-03-2020-12-Uhr_Wochenmarkt.jpg 800w, https:\/\/speyer24news.com\/wp-content\/uploads\/2020\/03\/Info-19-03-2020-12-Uhr_Wochenmarkt-300x200.jpg 300w, https:\/\/speyer24news.com\/wp-content\/uploads\/2020\/03\/Info-19-03-2020-12-Uhr_Wochenmarkt-768x512.jpg 768w\" sizes=\"(max-width: 800px) 100vw, 800px\" \/><figcaption>Zur Nahversorgung der Bev\u00f6lkerung bleibt der Wochenmarkt auf dem Landauer Rathausplatz weiter ge\u00f6ffnet. <em>(Quelle: Stadt Landau) <\/em><\/figcaption><\/figure><\/div>\n\n\n\n<p><strong>Landau &#8211;<\/strong> Zur Nahversorgung der Bev\u00f6lkerung: Landauer Wochenmarkt findet weiter statt \u2013 Verkaufsst\u00e4nde auf dem Rathausplatz werden entzerrt \u2013 Appell an B\u00fcrgerinnen und B\u00fcrger, Abstand zu halten und auf Hygienetipps zu achten <\/p>\n\n\n\n<p>Die Stadt Landau und ihr B\u00fcro f\u00fcr Tourismus (BfT)\ninformieren, dass sich die Bev\u00f6lkerung auch weiterhin dienstags und samstags\nauf dem Wochenmarkt mit frischen Lebensmitteln aus der Region eindecken kann.\nDer Wochenmarkt dient, \u00e4hnlich wie ein Supermarkt, der Nahversorgung und ist\naus diesem Grund von den aktuellen Einschr\u00e4nkungen zur Eind\u00e4mmung des\nCorona-Virus ausgenommen.<\/p>\n\n\n\n<p>Auch haben Stadt und BfT eine m\u00f6gliche Verlegung des\nWochenmarkts etwa auf den Alten Messplatz gepr\u00fcft, erachten diese jedoch nicht\nals sinnvoll. Stattdessen soll das von Einwohnerinnen und Einwohnern aus Stadt\nund Region gerne genutzte Angebot am gewohnten Ort belassen werden. Allerdings\nwird es, wie in der geltenden Allgemeinverf\u00fcgung vorgesehen, keine reinen\nSchankst\u00e4nde mehr geben und die verbleibenden St\u00e4nde werden entzerrt. <\/p>\n\n\n\n<p>Dar\u00fcber hinaus appellieren Stadt und BfT an die\nBesucherinnen und Besucher des Wochenmarkts, m\u00f6glichst Abstand zu anderen\nMenschen zu halten und die g\u00fcltigen Hygienetipps des Robert-Koch-Instituts zu\nbeachten, um eine Verbreitung des Virus zu erschweren. Entsprechende\nHinweisschilder informieren \u00fcber die aktuelle Situation.<\/p>\n\n\n\n<div class=\"wp-block-image\"><figure class=\"aligncenter\"><img decoding=\"async\" loading=\"lazy\" width=\"800\" height=\"533\" src=\"https:\/\/speyer24news.com\/wp-content\/uploads\/2020\/03\/Info-19-03-2020-12-Uhr_Supermarkt.jpg\" alt=\"\" class=\"wp-image-26009\" srcset=\"https:\/\/speyer24news.com\/wp-content\/uploads\/2020\/03\/Info-19-03-2020-12-Uhr_Supermarkt.jpg 800w, https:\/\/speyer24news.com\/wp-content\/uploads\/2020\/03\/Info-19-03-2020-12-Uhr_Supermarkt-300x200.jpg 300w, https:\/\/speyer24news.com\/wp-content\/uploads\/2020\/03\/Info-19-03-2020-12-Uhr_Supermarkt-768x512.jpg 768w\" sizes=\"(max-width: 800px) 100vw, 800px\" \/><figcaption>Es ist genug f\u00fcr alle da: Die Landauer Superm\u00e4rkte appellieren an die Bev\u00f6lkerung, auf Hamsterk\u00e4ufe zu verzichten. <em>(Quelle: pixabay) <\/em><\/figcaption><\/figure><\/div>\n\n\n\n<p>Appell der Landauer Superm\u00e4rkte gegen\n\u201eHamsterk\u00e4ufe\u201c: Waren werden mehrmals t\u00e4glich nachgef\u00fcllt<\/p>\n\n\n\n<p>Die Landauer Superm\u00e4rkte appellieren an die Bev\u00f6lkerung,\nHamsterk\u00e4ufe zu unterlassen \u2013 und beruhigen gleichzeitig die Menschen. Es gebe\nkeinen Grund, fr\u00fch morgens am Supermarkt anzustehen; die Regale w\u00fcrden mehrmals\nt\u00e4glich mit Lebensmitteln und anderen Dingen des t\u00e4glichen Gebrauchs\nnachgef\u00fcllt. Mehrere M\u00e4rkte haben sich mit diesem Anliegen an die st\u00e4dtische\nWirtschaftsf\u00f6rderung gewandt, weil sich fr\u00fch morgens vor den Gesch\u00e4ften lange\nSchlangen bilden. <\/p>\n\n\n\n<p>Oberb\u00fcrgermeister Thomas Hirsch schlie\u00dft sich diesem\nAppell an: \u201eBundeskanzlerin Angela Merkel hat es in ihrer TV-Botschaft auf den\nPunkt gebracht: Hamsterk\u00e4ufe sind unsolidarisch und schaden einer gleichm\u00e4\u00dfigen\nund bedarfsgerechten Versorgung. Bei allem Verst\u00e4ndnis f\u00fcr die \u00c4ngste und N\u00f6te\nder Menschen: Wir m\u00fcssen jetzt als Gesellschaft zusammenstehen und d\u00fcrfen nicht\nnur an uns selbst denken.\u201c Ebenso wie die Regierungschefin spricht Landaus OB\nden Kassiererinnen und Kassierern im Handel seinen besonderen Dank aus. \u201eVor\neinigen Wochen f\u00fcr einen guten Zweck selbst an der Kasse sitzend, kann ich\nseither die hohen Anforderungen bei dieser Arbeit sehr gut nachvollziehen.\nDanke an alle, die ihren Job im Handel engagiert machen, damit wir gut durch\ndie Krise kommen!\u201c<\/p>\n\n\n\n<p>In English, please: Stadtverwaltung Landau\ninformiert auf ihrer Internetseite mehrsprachig \u00fcber Corona-Virus <\/p>\n\n\n\n<p>Auf vielfachen Wunsch hat die Stadtverwaltung Landau alle\nwichtigen Informationen zum Corona-Virus und zur aktuellen Lage jetzt auch auf\nEnglisch \u00fcbersetzt. Zu finden sind diese, wie die deutschsprachigen Infos auch,\nauf www.landau.de unter \u201eAktuelles\u201c. Auf der neuen Seite gibt es au\u00dferdem Links\nzu Informationen u.a. auf Persisch, Russisch, T\u00fcrkisch, Arabisch oder\nFranz\u00f6sisch.<\/p>\n\n\n\n<p>Wie berichtet, k\u00f6nnen sich neuzugewanderte Landauerinnen und Landauer auch \u00fcber die Integreat-App informieren \u2013 ein mobiler Alltagsguide, der seit gut einem Jahr in Landau im Einsatz ist. Die App stellt allgemeine Informationen zum neuartigen Corona-Virus sowie Verhaltensempfehlungen in verschiedenen Sprachen zur Verf\u00fcgung. Sie ist kostenlos sowohl im App Store (iOS) als auch im Google-Play-Store (Android) erh\u00e4ltlich \u2013 und kann auch auf jedem Computer online unter integreat.app\/landau aufgerufen werden.<\/p>\n\n\n\n<p><em>Stadtverwaltung Landau in der Pfalz<br>23.02.2020<\/em><\/p>\n\n\n\n<h2 class=\"wp-block-heading\"><strong>Steuerliche Hilfen in der Corona-Krise<\/strong><\/h2>\n\n\n\n<p><strong>Berlin \/ Mainz &#8211; <\/strong>Die Finanzministerien des Bundes und der L\u00e4nder haben am 19.03.2020 gemeinsam ein steuerliches Hilfspaket zur Unterst\u00fctzung der durch die Corona-Pandemie finanziell Betroffenen in Kraft gesetzt. \u201eWir werden in der aktuellen  Situation alles tun, um auch die wirtschaftlichen Folgen der Corona-Pandemie abzumildern\u201c, sagte die rheinland-pf\u00e4lzische Finanzministerin Doris Ahnen.<\/p>\n\n\n\n<p>\nDas Hilfspaket sieht vor, dass Steuerpflichtige Antr\u00e4ge auf Anpassung der Vorauszahlungen sowie Steuerstundung stellen k\u00f6nnen. Stundungen k\u00f6nnen dabei auch zinsfrei ausgesprochen werden. Zugleich soll bei den Betroffenen\n von Vollstreckungsma\u00dfnahmen abgesehen und auf die Erhebung von S\u00e4umniszuschl\u00e4gen verzichtet werden. Die Finanz\u00e4mter werden au\u00dferdem bei der Nachpr\u00fcfung der Voraussetzungen keine strengen Anforderungen stellen. Diese steuerlichen Hilfsma\u00dfnahmen gelten bis zum\n Ende des Jahres. <\/p>\n\n\n\n<p>Die rheinland-pf\u00e4lzischen Finanz\u00e4mter waren auch in der vergangenen Woche f\u00fcr die wirtschaftliche Auswirkung der Corona-Krise sensibilisiert und haben bei der Entscheidung \u00fcber Billigkeitsantr\u00e4ge das zur Verf\u00fcgung  stehende Ermessen gro\u00dfz\u00fcgig angewendet. Das nun verabschiedete bundeseinheitliche Hilfspaket greift die in Rheinland-Pfalz bereits getroffenen Regelungen auf. <\/p>\n\n\n\n<p>\u201eEs ist in der aktuellen Situation wichtig und richtig, dass die L\u00e4nder und der Bund gemeinsam an einem Strang ziehen und den Betroffenen auch im Steuerverfahren Unterst\u00fctzung anbieten\u201c so Ministerin Ahnen. \u201eDie  Corona-Krise stellt das Land und seine B\u00fcrgerinnen und B\u00fcrger vor eine neue Situation und vor gro\u00dfe finanzielle Herausforderungen. Deswegen m\u00fcssen wir bed\u00fcrftige Unternehmen und Privatpersonen auch steuerlich unterst\u00fctzen.\u201c <\/p>\n\n\n\n<p>Allen Betroffenen wird empfohlen, sich mit ihrem Finanzamt in Verbindung zu setzen und entsprechende Antr\u00e4ge einzureichen. Es wird daran gearbeitet, den Betroffenen zeitnah Antragsvordrucke zur Verf\u00fcgung zu stellen,  die auch auf der Homepage des Landesamtes f\u00fcr Steuern abrufbar sein werden.<\/p>\n\n\n\n<p><em>Ministerium der Finanzen Rheinland-Pfalz<br>23.02.2020<\/em><\/p>\n\n\n\n<h2 class=\"wp-block-heading\"><strong>Informationen zur M\u00fcllentsorgung in Schifferstadt<\/strong><\/h2>\n\n\n\n<div class=\"wp-block-image\"><figure class=\"aligncenter\"><img decoding=\"async\" loading=\"lazy\" width=\"800\" height=\"600\" src=\"https:\/\/speyer24news.com\/wp-content\/uploads\/2020\/03\/M\u00fclls\u00e4cke.jpeg\" alt=\"\" class=\"wp-image-26005\" srcset=\"https:\/\/speyer24news.com\/wp-content\/uploads\/2020\/03\/M\u00fclls\u00e4cke.jpeg 800w, https:\/\/speyer24news.com\/wp-content\/uploads\/2020\/03\/M\u00fclls\u00e4cke-300x225.jpeg 300w, https:\/\/speyer24news.com\/wp-content\/uploads\/2020\/03\/M\u00fclls\u00e4cke-768x576.jpeg 768w, https:\/\/speyer24news.com\/wp-content\/uploads\/2020\/03\/M\u00fclls\u00e4cke-678x509.jpeg 678w, https:\/\/speyer24news.com\/wp-content\/uploads\/2020\/03\/M\u00fclls\u00e4cke-326x245.jpeg 326w, https:\/\/speyer24news.com\/wp-content\/uploads\/2020\/03\/M\u00fclls\u00e4cke-80x60.jpeg 80w\" sizes=\"(max-width: 800px) 100vw, 800px\" \/><\/figure><\/div>\n\n\n\n<p><strong>Schifferstadt &#8211; <\/strong>Seit Donnerstag, 19. M\u00e4rz sind die Wertstoffh\u00f6fe im Rhein-Pfalz-Kreis geschlossen. Die Priorit\u00e4t des Eigenbetriebs Abfallwirtschaft (ebalu) liegt angesichts der Ausbreitung des Coronavirus auf der Aufrechterhaltung der Abfuhr, die zum aktuellen Zeitpunkt noch vollumf\u00e4nglich gew\u00e4hrleistet ist. Nur in wirklich dringenden Ausnahmef\u00e4llen sind die Wertstoffh\u00f6fe in Schifferstadt (bei der Kreisbauschuttdeponie) sowie Mutterstadt (auf dem Gel\u00e4nde der Firma Zeller) zu den regul\u00e4ren Zeiten ge\u00f6ffnet. Weiteren Informationen zur M\u00fcllentsorgung finden Interessierte unter <a href=\"http:\/\/www.ebalu.de\">www.ebalu.de<\/a>.<\/p>\n\n\n\n<h4 class=\"wp-block-heading\"><strong>Rathaus geschlossen \u2013 woher bekomme ich M\u00fclls\u00e4cke?<\/strong><\/h4>\n\n\n\n<p>Obwohl das Rathaus vorerst f\u00fcr den Publikumsverkehr geschlossen bleibt, k\u00f6nnen B\u00fcrgerinnen und B\u00fcrger zu den gewohnte \u00d6ffnungszeiten M\u00fclls\u00e4cke erhalten. Daf\u00fcr einfach an der Behindertent\u00fcre klingeln. Die Mitarbeiterin vom Empfang spricht dann \u00fcber die Gegensprechanlage mit dem B\u00fcrger bzw. der B\u00fcrgerin und legt die gew\u00fcnschten S\u00e4cke auf einen Tisch im Au\u00dfenbereich. Hierzu sind auch Hinweisschilder angebracht. Leider hat das Rathaus aktuell keine Papiers\u00e4cke und erwartet deren zeitnahe Lieferung. Wer sichergehen m\u00f6chte, dass die von ihm ben\u00f6tigten S\u00e4cke da sind, kann vor dem Gang zum Rathaus einfach kurz unter 06235 \/ 440 nachfragen. &nbsp;<\/p>\n\n\n\n<p><em>Stadtverwaltung Schifferstadt<br>23.02.2020<\/em><\/p>\n\n\n\n<h2 class=\"wp-block-heading\">Tafel geschlossen &#8211; Lebensmittelretter \u00fcbernehmen Ersatzabholung<\/h2>\n\n\n\n<h3 class=\"wp-block-heading\">Gemeinde begr\u00fc\u00dft Engagement der Lebensmittelretter <\/h3>\n\n\n\n<div class=\"wp-block-image\"><figure class=\"aligncenter\"><img decoding=\"async\" loading=\"lazy\" width=\"600\" height=\"282\" src=\"https:\/\/speyer24news.com\/wp-content\/uploads\/2020\/02\/Ha\u00dfloch.jpg\" alt=\"\" class=\"wp-image-25888\" srcset=\"https:\/\/speyer24news.com\/wp-content\/uploads\/2020\/02\/Ha\u00dfloch.jpg 600w, https:\/\/speyer24news.com\/wp-content\/uploads\/2020\/02\/Ha\u00dfloch-300x141.jpg 300w\" sizes=\"(max-width: 600px) 100vw, 600px\" \/><\/figure><\/div>\n\n\n\n<p><strong>Ha\u00dfloch &#8211; <\/strong>Die Tafel Neustadt-Ha\u00dfloch e.V. hat im Zuge der Corona-Pandemie zum 16.03.2020 ihre Tafell\u00e4den in Neustadt und Ha\u00dfloch bis auf weiteres geschlossen. \u201eDurch die F\u00fcrsorgepflicht gegen\u00fcber den Mitarbeiterinnen und Mitarbeiter sah man sich zu diesem Schritt gezwungen\u201c, informiert die Tafel auf ihrer Homepage. Damit die Versorgung der Tafelkunden trotzdem aufrechterhalten werden kann, haben die Lebensmittelretter Pfalz in Absprache mit der Tafel Neustadt-Ha\u00dfloch eine Tafelersatzabholung organisiert. Sie fahren in eigener Verantwortung Betriebe und Superm\u00e4rkte an, sammeln dort die nicht mehr verwendeten Lebensmittel ein und bieten den Tafelkunden bei Bedarf eine entsprechende Versorgung mit Grundnahrungsmitteln an.  <\/p>\n\n\n\n<p>\u201eAuch wir sind in der aktuellen Situation darauf bedacht, pers\u00f6nliche Kontakte und Menschenansammlungen zu vermeiden\u201c, erkl\u00e4rt Anna Kr\u00e4mer von den Lebensmittelrettern aus Ha\u00dfloch. Daher erfolgt die Lebensmittelverteilung nicht \u00fcber eine zentrale Anlaufstelle in Form eines Ladens, sondern wird weitestgehend via Telefon abgewickelt. Kunden der Tafel k\u00f6nnen sich telefonisch an die Lebensmittelretter wenden. In dem Gespr\u00e4ch wird der Bedarf abgekl\u00e4rt, eventuelle Lebensmittelunvertr\u00e4glichkeiten erfragt und anhand der Informationen ein Paket zusammengestellt. Die Tafelkunden k\u00f6nnen das gepackte Paket dann zu einem vereinbarten Zeitpunkt bei den Lebensmittelrettern abholen. \u201eAuch hierbei wird auf einen entsprechenden Abstand geachtet, um f\u00fcr die Lebensmittelretter selbst, aber auch f\u00fcr die Tafelkunden ein potentielles Ansteckungsrisiko so gering wie m\u00f6glich zu halten\u201c, so Kr\u00e4mer weiter. <\/p>\n\n\n\n<p>\u201eAllein in Ha\u00dfloch nutzen rund 120 Haushalte mit etwa 400 Personen das Angebot der Tafel. Ohne den Einsatz der Lebensmittelretter w\u00fcrde dieses Angebot der Versorgung bed\u00fcrftiger Menschen vor\u00fcbergehend wegfallen\u201c, so der Erste Beigeordnete Tobias Meyer. Die Gemeinde begr\u00fc\u00dft daher das Engagement der Lebensmittelretter. Es sei ein sch\u00f6nes Beispiel daf\u00fcr, wie Menschen sich auch in au\u00dfergew\u00f6hnlichen Situationen untereinander vernetzen und sich gegenseitig helfen, so Meyer weiter. <\/p>\n\n\n\n<p>Kunden der Tafel m\u00fcssen sich bei Bedarf an die Lebensmittelretter aus Ha\u00dfloch wenden, da die Tafel keine Daten von Kunden weitergeben darf. Ansprechpartnerinnen bei den Lebensmittelrettern sind Anna Kr\u00e4mer (0176-63100357) und Sondra Keller (0173-6157129). Die Lebensmittelretter geh\u00f6ren zu den Projekten der Ha\u00dflocher B\u00fcrgerstiftung und sind nicht nur in Ha\u00dfloch, sondern mit rund 80 Personen im gesamten Pf\u00e4lzer Raum aktiv. In Ha\u00dfloch betreiben die Lebensmittelretter in der Langgasse 58 eine so genannte essBAR. Dort k\u00f6nnen Lebensmittel, die sonst im M\u00fcll gelandet w\u00e4ren, von allen B\u00fcrgerinnen und B\u00fcrgern kostenlos abgeholt werden. Auch die essBAR steht neben dem vor\u00fcbergehenden Angebot f\u00fcr Tafelkunden weiterhin zur Verf\u00fcgung. <\/p>\n\n\n\n<p><em>Gemeindeverwaltung Ha\u00dfloch<br>23.02.2020<\/em><\/p>\n\n\n\n<h2 class=\"wp-block-heading\"><strong>Neue Allgemeinverf\u00fcgungen der Stadt Speyer<\/strong><\/h2>\n\n\n\n<figure class=\"wp-block-image\"><img decoding=\"async\" loading=\"lazy\" width=\"800\" height=\"600\" src=\"https:\/\/speyer24news.com\/wp-content\/uploads\/2020\/03\/Seiler-Stefanie-OB-Speyer.jpg\" alt=\"\" class=\"wp-image-25983\" srcset=\"https:\/\/speyer24news.com\/wp-content\/uploads\/2020\/03\/Seiler-Stefanie-OB-Speyer.jpg 800w, https:\/\/speyer24news.com\/wp-content\/uploads\/2020\/03\/Seiler-Stefanie-OB-Speyer-300x225.jpg 300w, https:\/\/speyer24news.com\/wp-content\/uploads\/2020\/03\/Seiler-Stefanie-OB-Speyer-768x576.jpg 768w, https:\/\/speyer24news.com\/wp-content\/uploads\/2020\/03\/Seiler-Stefanie-OB-Speyer-678x509.jpg 678w, https:\/\/speyer24news.com\/wp-content\/uploads\/2020\/03\/Seiler-Stefanie-OB-Speyer-326x245.jpg 326w, https:\/\/speyer24news.com\/wp-content\/uploads\/2020\/03\/Seiler-Stefanie-OB-Speyer-80x60.jpg 80w\" sizes=\"(max-width: 800px) 100vw, 800px\" \/><\/figure>\n\n\n\n<p><strong>Speyer &#8211; <\/strong>Die aktualisierte Allgemeinverf\u00fcgung, die die bisherige Allgemeinverf\u00fcgung zu weiteren kontaktreduzierenden Ma\u00dfnahmen aufgrund des Aufkommens von SARS-CoV-2 -Infektionen in Rheinland-Pfalz erweitert und  erg\u00e4nzt. Dar\u00fcber hinaus finden Sie beigef\u00fcgt die Allgemeinverf\u00fcgung zur Einschr\u00e4nkung der Besuchsrechte f\u00fcr Krankenh\u00e4user, Pflege- und Behinderteneinrichtungen im Zuge der Ausbreitung des Coronavirus SARSCoV-2 (COVID-19).<\/p>\n\n\n\n<p>Oberb\u00fcrgermeisterin Stefanie Seiler appelliert nochmals eindringlich an die B\u00fcrgerinnen und B\u00fcrger ihr Freizeitverhalten zu \u00fcberdenken: \u201eBitte helfen Sie dabei, die weitere Ausbreitung des Coronavirus einzud\u00e4mmen und die Risikogruppe zu  sch\u00fctzen, indem Sie sich an die Vorgaben halten. Gerade jetzt ist es wichtig sich selbst zu reflektieren und sich die Frage zu stellen, ob sich das Fr\u00fchlingswetter nicht ebenso gut im heimischen Garten genie\u00dfen l\u00e4sst. Glauben Sie mir: Das Eis schmeckt besser,  wenn wir alle gesund sind!\u201c<\/p>\n\n\n\n<h4 class=\"wp-block-heading\">ALLGEMEINVERF\u00dcGUNG \u00d6ffentliche Einrichtungen Einzelhandel<\/h4>\n\n\n\n<div class=\"wp-block-file\"><a href=\"https:\/\/speyer24news.com\/wp-content\/uploads\/2020\/03\/ALLGEMEINVERF\u00dcGUNG-\u00d6ffentliche-Einrichtungen-Einzelhandel-2020-03-18.pdf\">ALLGEMEINVERF\u00dcGUNG-\u00d6ffentliche-Einrichtungen-Einzelhandel-2020-03-18<\/a><a href=\"https:\/\/speyer24news.com\/wp-content\/uploads\/2020\/03\/ALLGEMEINVERF\u00dcGUNG-\u00d6ffentliche-Einrichtungen-Einzelhandel-2020-03-18.pdf\" class=\"wp-block-file__button\" download>Herunterladen<\/a><\/div>\n\n\n\n<p><em>Stadtverwaltung Speyer<br>22.03.2020<\/em><\/p>\n\n\n\n<h2 class=\"wp-block-heading\">Mannheim: Aktuelle Information zu Corona 18.03.20<\/h2>\n\n\n\n<div class=\"wp-block-image\"><figure class=\"aligncenter\"><img decoding=\"async\" src=\"https:\/\/speyer24news.com\/wp-content\/uploads\/2020\/03\/Mannheim-Logo.png\" alt=\"\" class=\"wp-image-25671\"\/><\/figure><\/div>\n\n\n\n<ol><li>Aktuelle Fallzahlen<\/li><li>Allgemeinverf\u00fcgung der Stadt Mannheim<\/li><li>Gremiensitzungen<\/li><li>Friedh\u00f6fe und Stadtraumservice<\/li><li>Sicherheit und Ordnung<\/li><li>Stadtbibliothek<\/li><li>Kindertagespflege<\/li><li>Fachbereiche Wirtschafts- und Strukturf\u00f6rderung, Arbeit + Soziales Kulturamt und MARCHIVUM<\/li><li>Fachbereiche Bau- + Immobilienmanagement, Sport + Freizeit, Baurecht + Bauverwaltung<\/li><\/ol>\n\n\n\n<h4 class=\"wp-block-heading\">1.) Aktuelle Fallzahlen \u2013 Zahl der nachgewiesenen Corona-F\u00e4lle in Mannheim steigt auf 79<\/h4>\n\n\n\n<p>Dem Gesundheitsamt Mannheim wurden bis heute Nachmittag, 18.03.2020, 16 Uhr, sieben weitere F\u00e4lle von nachgewiesenen Coronavirus-Infektionen gemeldet. Damit erh\u00f6ht sich die Zahl der best\u00e4tigten F\u00e4lle in Mannheim auf 79. Alle nachgewiesenen Infizierten zeigen nur milde Krankheitsanzeichen und k\u00f6nnen in h\u00e4uslicher Quarant\u00e4ne verbleiben.<br>Das Gesundheitsamt ermittelt nun die weiteren Kontaktpersonen aller nachgewiesen Infizierten, insbesondere im Bereich der sogenannten vulnerablen Gruppen, nimmt Kontakt mit diesen auf und begleitet diese w\u00e4hrend der h\u00e4uslichen Quarant\u00e4ne. Alle beteiligten \u00c4rzte, Gesundheitsbeh\u00f6rden, sowie das Kompetenzzentrum Gesundheitsschutz am Landesgesundheitsamt arbeiten dabei eng zusammen.<\/p>\n\n\n\n<h4 class=\"wp-block-heading\">2.) Allgemeinverf\u00fcgung der Stadt Mannheim<\/h4>\n\n\n\n<p>Die Landesregierung setzt die mit der Bundesregierung vereinbarten Ma\u00dfnahmen zur weiteren Verlangsamung der Ausbreitung des Corona-Virus durch eine Rechtsverordnung um. Die Stadt Mannheim erg\u00e4nzt diese in Teilen mit einer neuen Allgemeinverf\u00fcgung. Hier die Allgemeinverf\u00fcgung im Wortlaut: <a href=\"https:\/\/www.mannheim.de\/de\/node\/143588\">https:\/\/www.mannheim.de\/de\/node\/143588<\/a><\/p>\n\n\n\n<h4 class=\"wp-block-heading\">3.) Gremiensitzungen<\/h4>\n\n\n\n<p>Alle Sitzungen des Gemeinderats und seiner beschlie\u00dfenden Fachaussch\u00fcsse finden im Ratssaal statt. Eine geringe Anzahl von B\u00fcrger*innen kann auf der Empore die Sitzung \u2013 in dem erforderlichen Abstand voneinander &#8211; verfolgen.<\/p>\n\n\n\n<h4 class=\"wp-block-heading\">4.) Friedh\u00f6fe und Stadtraumservice<\/h4>\n\n\n\n<p><strong>a) Friedh\u00f6fe<\/strong><br>Bis auf weiteres finden keine Trauerfeiern in den Trauerhallen mehr statt, sondern ausschlie\u00dflich das Abschiednehmen f\u00fcr Angeh\u00f6rige im Rahmen der Beisetzung\/Bestattung direkt am Grab. Dies gilt f\u00fcr eine Trauergesellschaft von maximal zehn Personen. Es wird angeboten, bereits terminierte Urnentrauerfeiern und Urnenbeisetzungstermine auf einen sp\u00e4teren Termin zu verlegen.<\/p>\n\n\n\n<p>Die Friedhofsverwaltung ist derzeit nur zur Regelung von aktuellen Sterbef\u00e4llen f\u00fcr Besucherinnen ge\u00f6ffnet. Alle anderen Sachverhalte (z. B. Nutzungsrechtsverl\u00e4ngerungen, -verzichte, Umbettungen) werden derzeit nicht bearbeitet. Die Sachbearbeiterinnen sind zu den regul\u00e4ren \u00d6ffnungszeiten telefonisch weiterhin erreichbar.<\/p>\n\n\n\n<p>Die Leistungen des st\u00e4dtischen Bestattungsdienstes stehen weiterhin uneingeschr\u00e4nkt zur Verf\u00fcgung. F\u00fcr allgemeine R\u00fcckfragen hat die Friedhofsverwaltung eine Hotline unter der Telefonnummer 0621 &#8211; 3377 111 zu den bekannten \u00d6ffnungszeiten eingerichtet.<\/p>\n\n\n\n<p><strong>b) Stadtraumservice<\/strong><br>Gr\u00fcnschnitt: Die Sammlung des Gr\u00fcnschnitts wird ab sofort eingestellt. Die B\u00fcrger*innen werden gebeten, den Gr\u00fcnschnitt vom Gehweg zu entfernen und in ihrem Garten zu deponieren. Neue Abholtermine werden bekannt gegeben. Gr\u00fcnschnitt wird bei den Recyclingh\u00f6fen nicht mehr angenommen.<\/p>\n\n\n\n<p>Sperrm\u00fcll: Ab sofort k\u00f6nnen keine neuen Sperrm\u00fclltermine mehr vereinbart werden. Die Sperrm\u00fcllsammlungen, die bereits bis Ende April terminiert sind, sollen noch abgeholt werden. Schrott (Fahrradrahmen, Eisen, Metall etc.) und E-Schrott (Waschmaschinen, K\u00fchlschr\u00e4nke etc.) kann ab sofort nicht mehr mitgenommen werden und soll daher nicht mehr auf die Gehwege gestellt werden.<\/p>\n\n\n\n<p>Altkleider: Derzeit werden die Altkleidercontainer nur noch eingeschr\u00e4nkt angefahren und geleert. Im Hinblick auf m\u00f6gliche \u00fcberf\u00fcllte Annahmestellen, bitten wir die vorerst die Entsorgung von Altkleidern einzustellen.<\/p>\n\n\n\n<p>Beh\u00e4ltertausch\/Beh\u00e4lterreinigung: Die Leistungen \u201eBeh\u00e4ltertausch und Beh\u00e4lterreinigung\u201c stehen bis auf weiteres nicht zur Verf\u00fcgung. Diese einschr\u00e4nkenden Ma\u00dfnahmen sind erforderlich, um mit den vorhandenen Personalkapazit\u00e4ten vorrangig die turnusm\u00e4\u00dfigen Beh\u00e4lterleerungen (Restm\u00fcll, Bioabfall, Papier und Wertstoff) zu gew\u00e4hrleisten.<\/p>\n\n\n\n<p>Recyclingh\u00f6fe: Friesenheimer Insel und Morchhof: Aufgrund der hohen Nachfrage kann es derzeit zu l\u00e4ngeren Wartezeiten bei der Anlieferung von Abf\u00e4llen kommen. Die Abgabem\u00f6glichkeit besteht weiterhin nur f\u00fcr B\u00fcrger*innen aus Mannheim. Es finden Zugangskontrollen statt. Soweit m\u00f6glich, wird gebeten, von Abfallanlieferungen abzusehen.<\/p>\n\n\n\n<h4 class=\"wp-block-heading\">5.) Sicherheit und Ordnung<\/h4>\n\n\n\n<p>Der Fachbereich Sicherheit und Ordnung schr\u00e4nkt wegen der Corona-Pandemie seine Erreichbarkeit ein. Bis auf Weiteres sind pers\u00f6nliche Vorsprachen nur noch in unaufschiebbaren Angelegenheiten m\u00f6glich. In dringenden Angelegenheiten ist der Fachbereich telefonisch \u00fcber die Info- und Leitstelle unter 0621 293 &#8211; 2933 erreichbar.<br>Weiterhin ist der Fachbereich per Mail erreichbar. Die Mailadressen zu den einzelnen Themen:<br> \u2022Bu\u00dfgeldangelegenheiten: <a href=\"31bussgeld@mannheim.de\">31bussgeld@mannheim.de<\/a> und online-Anh\u00f6rung (<a href=\"https:\/\/owiportal.kivbf.de\/OAWeb\/08222000\">https:\/\/owiportal.kivbf.de\/OAWeb\/08222000<\/a>)<br> \u2022Gewerbeangelegenheiten: <a href=\"31gewerbe@mannheim.de\">31gewerbe@mannheim.de<\/a><br> \u2022Gastst\u00e4ttenangelegenheiten: <a href=\"31gewerbe@mannheim.de\">31gewerbe@mannheim.de<\/a><br> \u2022Angelegenheiten des Tierschutzes: <a href=\"31tierschutz@mannheim.de\">31tierschutz@mannheim.de<\/a><br> \u2022Angelegenheiten der Lebensmittel\u00fcberwachung: <a href=\"31.verbraucherschutz@mannheim.de\">31.verbraucherschutz@mannheim.de<\/a><br> \u2022Alle anderen Angelegenheiten: <a href=\"http:\/\/31.polizeibeh\u00f6rde@mannheim.de\">31.polizeibeh\u00f6rde@mannheim.de<\/a><br> F\u00fcr alle Fragen zum Thema Corona-Virus: <a href=\"31corona@mannheim.de\">31corona@mannheim.de<\/a><\/p>\n\n\n\n<h4 class=\"wp-block-heading\">6.) Stadtbibliothek: digitale Angebote verf\u00fcgbar<\/h4>\n\n\n\n<p>Obwohl alle Stellen der Stadtbibliothek momentan geschlossen sind, gibt es f\u00fcr Kund*innen noch viele digitale Angebote. Ob zu Hause am PC oder unterwegs: mit dem E-Book Reader und der Onleihe-App auf <a href=\"http:\/\/www.metropolbib.de\">metropolbib.de<\/a> stehen viele Tausend E-Books, elektronische H\u00f6rb\u00fccher, Zeitungen und Zeitschriften zur Verf\u00fcgung. Der Zugriff auf die digitale Bibliothek ist mit einem g\u00fcltigen Bibliotheksausweis rund um die Uhr und ohne weitere Kosten m\u00f6glich. Die elektronische Presseplattform &#8222;pressreader&#8220; <a href=\"https:\/\/www.pressreader.com\/catalog\">https:\/\/www.pressreader.com\/catalog<\/a> bietet \u00fcber 7.000 internationale Zeitungen, Zeitschriften und Magazine aus 130 L\u00e4ndern in \u00fcber 60 verschiedenen Sprachen. Dieses Angebot kann von zu Hause aus oder auch unterwegs mit der pressreader-App genutzt werden.<\/p>\n\n\n\n<p>Auch auf Musikgenuss muss keiner verzichten. Mit dem Musikstreaming-Dienst &#8222;freegal music&#8220; stehen den Kund*innen rund 13 Millionen Songs und \u00fcber 40.000 Musikvideos zur Verf\u00fcgung! Mit der freegal music-App oder \u00fcber die Seite <a href=\"https:\/\/mannheim.freegalmusic.com\/home\">https:\/\/mannheim.freegalmusic.com\/home<\/a> besteht die M\u00f6glichkeit, drei Stunden Musik am Tag zu streamen und drei Songs pro Woche herunterzuladen.<\/p>\n\n\n\n<p>F\u00fcr alle Sch\u00fcler*innen, die f\u00fcr die Schule oder Pr\u00fcfungen lernen, stehen mit einem g\u00fcltigen Bibliotheksausweis mehrere redaktionell betreute und laufend aktualisierte Datenbanken und Nachschlagewerke zur Verf\u00fcgung: Brockhaus Enzyklop\u00e4die, Brockhaus Kinderlexikon, Munzinger Personen, Munzinger Sport, Munzinger Pop, Munzinger L\u00e4nder, Munzinger Chronik, KLG und KLfG, Kritisches Lexikon zur deutschsprachigen\/fremdsprachigen Gegenwartsliteratur, film-dienst-Kritiken, Kindlers Literatur Lexikon.<\/p>\n\n\n\n<p><strong>Medienr\u00fcckgabe<\/strong><br>Wer seine Medien gerne abgeben m\u00f6chte, der kann dies an folgenden Stellen \u00fcber R\u00fcckgabeboxen machen: Dalberghaus (N 3, 4), Stadthaus N 1 (Box in der Einkaufspassage im Erdgeschoss), sowie in den Zweigstelle Neckarau, Vogelstang und Herzogenried. Unter der Servicenummer 0621 \/ 293 \u2013 8935 k\u00f6nnen Medien von Montag bis Freitag zwischen 10 und 17 Uhr verl\u00e4ngert werden. Bis zur Wiederer\u00f6ffnung entstehen keine Vers\u00e4umnisgeb\u00fchren.<\/p>\n\n\n\n<p>Informationen zu allen digitalen Angeboten findet man auf der Homepage unter <a href=\"https:\/\/www.mannheim.de\/de\/bildung-staerken\/stadtbibliothek\/digitale-angebote\">https:\/\/www.mannheim.de\/de\/bildung-staerken\/stadtbibliothek\/digitale-angebote<\/a> F\u00fcr Fragen und Hilfe stehen Bibliotheksmitarbeiterinnen und Mitarbeiter von Montag bis Freitag zwischen 10 und 17 Uhr unter der Telefonnummer 0621 \/ 293 \u2013 8933 zur Verf\u00fcgung. \u00dcber die verschiedenen Social Media-Kan\u00e4le ver\u00f6ffentlicht die Stadtbibliothek aktuelle Informationen und zus\u00e4tzlich jede Menge Tipps f\u00fcr kostenlose Angebote zur F\u00f6rderung von Lese- und Medienkompetenz.<\/p>\n\n\n\n<h4 class=\"wp-block-heading\">7.) Kindertagespflege im Haushalt der Eltern<\/h4>\n\n\n\n<p>Gem\u00e4\u00df Vorgabe des Kultusministeriums bleiben alle Schulen, Horte und Kindertagesst\u00e4tten der \u00f6ffentlichen Hand und der freien Tr\u00e4ger ab kommendem Dienstag bis zum Ende der Osterferien geschlossen. Auch die Kindertagespflege in anderen geeigneten R\u00e4umen ist von der Schlie\u00dfung betroffen. Ebenso Kindertagespflege im Haushalt der Tagespflegeperson sowie gem\u00e4\u00df der Landesverordnung vom 17.3.20 jetzt auch Kindertagespflege im Haushalt der Eltern: <a href=\"https:\/\/www.baden-wuerttemberg.de\/de\/service\/presse\/pressemitteilung\/pid\/landesregierung-beschliesst-massnahmen-gegen-die-ausbreitung-des-coronavirus\/\">https:\/\/www.baden-wuerttemberg.de\/de\/service\/presse\/pressemitteilung\/pid\/landesregierung-beschliesst-massnahmen-gegen-die-ausbreitung-des-coronavirus\/<\/a><\/p>\n\n\n\n<p>F\u00fcr Eltern, die im Bereich kritischer Infrastruktur arbeiten und ihre Kinder bisher durch Kindertagespflege betreuen lie\u00dfen, deren Angebot jetzt entf\u00e4llt, stellt die Stadt ein Ersatzangebot in einer Einrichtung bereit. Pl\u00e4tze f\u00fcr dieses Ersatzangebot werden \u00fcber die eigens eingerichtete Kinder-Notbetreuungs-Hotline der Stadt vergeben, die unter der Telefonnummer 0621-293-5656 erreichbar ist. Auch die freien Tr\u00e4ger beteiligen sich an der Notbetreuung f\u00fcr Kinder.<\/p>\n\n\n\n<h4 class=\"wp-block-heading\">8.) Fachbereiche Wirtschafts- und Strukturf\u00f6rderung, Arbeit + Soziales, Kulturamt und MARCHIVUM<\/h4>\n\n\n\n<p><strong>a) Fachbereich f\u00fcr Wirtschafts- und Strukturf\u00f6rderung: Hotline gestartet<\/strong><br>Anfragen und R\u00fcckfragen sind telefonisch oder per Mail m\u00f6glich. Der Fachbereich f\u00fcr Wirtschafts- und Strukturf\u00f6rderung hat eine Hotline gestartet. Die Hotline dient als Anlaufstelle f\u00fcr alle Fragen, die Unternehmen im Zusammenhang mit der jetzigen Situation haben. Die Kundenbetreuer der Wirtschaftsf\u00f6rderung informieren zu den Themen, die die Unternehmen besch\u00e4ftigen und nehmen aktuelle Fragen auf. Die Kundenbetreuer vermitteln dar\u00fcber hinaus Ansprechpartner, stellen den Informationstransfer sicher und geben Hinweise zu bei den Banken und F\u00f6rderinstitutionen bestehenden Instrumenten im Liquidit\u00e4ts- und Finanzierungsbereich. Hotline: 0621-293-3351 (Mo-Fr von 8 bis 16.30 Uhr), E-Mail: <a href=\"wirtschaftsfoerderung@mannheim.de\">wirtschaftsfoerderung@mannheim.de<\/a><\/p>\n\n\n\n<p><strong>b) Fachbereich Arbeit und Soziales: Hotline wird eingerichtet<\/strong><br>Der Fachbereich Arbeit und Soziales ist f\u00fcr Menschen in Notlagen sowie f\u00fcr alle existenziellen Leistungen der Sozialhilfe, die dringlich sind, weiterhin erreichbar (Hilfe zur Pflege, Grundsicherungen, Wohngeld, Eingliederungshilfe, Asyl, Wohnraumsicherung, Wohnungslosenhilfe und gesetzliche Betreuungsleistungen). Kundinnen werden von den Sachbearbeiterinnen telefonisch betreut. Ab Donnerstag, 18. M\u00e4rz, 12 Uhr wird au\u00dferdem eine Hotline unter der Telefonnummer 293 2930 eingerichtet. Allgemeiner E-Mail: <a href=\"50.info@mannheim.de\">50.info@mannheim.de<\/a><\/p>\n\n\n\n<p><strong>c) Kulturamt<\/strong><br>Die Abgabefrist der Antr\u00e4ge auf Projektf\u00f6rderung endet wie gewohnt am 31. M\u00e4rz 2020. Pers\u00f6nlichen Einzelberatungen von K\u00fcnstlerinnen sowie Vertreterinnen von Vereinen sind nach Vereinbarung telefonisch m\u00f6glich. Das Kulturamt ist telefonisch zu erreichen unter 0621 293 3800 oder per Mail f\u00fcr:<br>Allgemeine Fragen: <a href=\"kulturamt.sekretariat@mannheim.de\">kulturamt.sekretariat@mannheim.de<\/a>; Projektantr\u00e4ge: <a href=\"berna.akdogan@mannheim.de\">berna.akdogan@mannheim.de<\/a>; Bildende Kunst: <a href=\"carolin.ellwanger@mannheim.de\">carolin.ellwanger@mannheim.de<\/a>; Theater, Tanz:<a href=\"nicole.libnau@mannheim.de\">nicole.libnau@mannheim.de<\/a>; Musik: <a href=\"thilo.eichhorn.@mannheim.de\">thilo.eichhorn.@mannheim.de<\/a>; Literatur: <a href=\"stefanie.rihm@mannheim.de\">stefanie.rihm@mannheim.de<\/a>; Stadtteilkultur: <a href=\"wolfgang.biller@mannheim.de\">wolfgang.biller@mannheim.de<\/a>.<\/p>\n\n\n\n<p><strong>d) MARCHIVUM \u2013 Mannheims Archiv, Haus der Stadtgeschichte und Erinnerung <\/strong><br>Das MARCHIVUM ist f\u00fcr den Publikumsverkehr vorl\u00e4ufig geschlossen. Dies betrifft die Bereiche Ausstellungen, Veranstaltungen und Leses\u00e4le. Seine Dienstleistungen, wie Bauakteneinsicht, Bild- und Filmservice, Historische Personenrecherche und Stadtgeschichtsforschung, werden ausschlie\u00dflich nach telefonischer oder schriftlicher Bestellung per Mail oder postalisch abgewickelt.<br>Zentraler Kontakt (Sekretariat): E-Mail: <a href=\"marchivum@mannheim.de\">marchivum@mannheim.de<\/a> oder Tel.: 0621 293 7027 bzw. Fax: 0621 293 7476. Aktualisierte Informationen sind zudem unter <a href=\"http:\/\/www.marchivum.de\">http:\/\/www.marchivum.de<\/a> zu finden.<\/p>\n\n\n\n<h4 class=\"wp-block-heading\">9.) Fachbereiche Bau- + Immobilienmanagement, Sport + Freizeit, Baurecht + Bauverwaltung<\/h4>\n\n\n\n<p><strong>a) Fachbereich Bau- und Immobilienmanagement<\/strong><br>Anfragen zum Grundst\u00fccksverkehr werden telefonisch und per Mail bearbeitet. Absolut notwendige Besichtigungstermine, zum Beispiel f\u00fcr Anmietungen werden durchgef\u00fchrt. Die Betreuung der zust\u00e4ndigen Immobilien wird weiter gew\u00e4hrleistet. In diesem Zusammenhang finden auch Termine mit Handwerkern, Mietern und Planungsb\u00fcros statt, sofern notwendig. Die zentrale Anlaufstelle (Front-Office) ist telefonisch Montag bis Donnerstag von 7 bis 17 Uhr und Freitag von 7 bis 16 Uhr oder per E-Mail erreichbar: <a href=\"25front-office@mannheim.de\">25front-office@mannheim.de<\/a><\/p>\n\n\n\n<p><strong>b) Fachbereich Sport und Freizeit<\/strong><br>Zum Schutz der B\u00fcrger*innen und Mitarbeitenden werden die Leistungen des Fachbereichs derzeit ausschlie\u00dflich telefonisch oder per Mail angeboten. Die Service-Hotline (Telefon 0621 -293 4004) ist von Montag bis Donnerstag, 9 bis 16 Uhr, und Freitag, 9 bis 13 Uhr, erreichbar.<\/p>\n\n\n\n<p><strong>c) Fachbereich Baurecht, Bauverwaltung und Denkmalschutz <\/strong><br>Das Beratungszentrum Bauen und Umwelt ist telefonisch (0621 &#8211; 293 4000) und per Mail <a href=\"beratungszentrum@mannheim.de\">beratungszentrum@mannheim.de<\/a> zu erreichen. Bauabnahmen vor Ort werden weiter durchgef\u00fchrt.<\/p>\n\n\n\n<p><em>Stadt Mannheim<br>22.03.2020<\/em><\/p>\n\n\n\n<h2 class=\"wp-block-heading\"><strong>Ansteckungsgefahr senken, Versorgung\ngew\u00e4hrleisten<\/strong><\/h2>\n\n\n\n<h3 class=\"wp-block-heading\"><strong>Stadtverwaltung setzt Verf\u00fcgungen von Kreisverwaltung und ADD um<\/strong><\/h3>\n\n\n\n<div class=\"wp-block-image\"><figure class=\"aligncenter\"><img decoding=\"async\" loading=\"lazy\" width=\"400\" height=\"190\" src=\"https:\/\/speyer24news.com\/wp-content\/uploads\/2020\/03\/Schifferstadt.png\" alt=\"\" class=\"wp-image-25696\" srcset=\"https:\/\/speyer24news.com\/wp-content\/uploads\/2020\/03\/Schifferstadt.png 400w, https:\/\/speyer24news.com\/wp-content\/uploads\/2020\/03\/Schifferstadt-300x143.png 300w\" sizes=\"(max-width: 400px) 100vw, 400px\" \/><\/figure><\/div>\n\n\n\n<p><strong>Schifferstadt &#8211; <\/strong>Kino, Kneipen, Spielpl\u00e4tze und viele weitere Einrichtungen in Schifferstadt bleiben infolge der heute in Kraft getretenen Allgemeinverf\u00fcgung der Kreisverwaltung Rhein-Pfalz-Kreis vorerst geschlossen. Um auch wirklich jeden zu erreichen, informierten die Mitarbeiter des Vollzugsdiensts die betroffenen Betriebe im Laufe des heutigen Mittwochs pers\u00f6nlich. Der Bauhof schloss die Spielpl\u00e4tze. Zus\u00e4tzliche weisen Schilder Eltern sowie Kindern darauf hin, wie wichtig die Eind\u00e4mmung des Virus ist und dass diese durch einfaches Fernbleiben von Sammelpunkten wie Spielpl\u00e4tzen erreicht werden kann. <\/p>\n\n\n\n<h4 class=\"wp-block-heading\"><strong>Veranstaltungen, Trauerfeiern, Trauungen<\/strong><\/h4>\n\n\n\n<p>S\u00e4mtliche\nVeranstaltungen sind bis einschlie\u00dflich 19. April untersagt. Bei Trauungen\nd\u00fcrfen ab sofort nur noch das Brautpaar, die Trauzeugen und der Standesbeamte\nanwesend sein. Trauerfeiern werden bis Ende der Woche im engsten Familienkreis\nund unter hygienerechtlichen Vorgaben abgehalten. Ab der kommenden Woche d\u00fcrfen\nauch keine Trauerfeiern mehr abgehalten werden. Bestattungen fallen nicht unter\ndas Veranstaltungsverbot \u2013 die Verabschiedung von Verstorbenen am Grab ist\nsomit weiterhin m\u00f6glich. <\/p>\n\n\n\n<h4 class=\"wp-block-heading\"><strong>Beschr\u00e4nkung von Besuchsrechten in station\u00e4ren Einrichtungen<\/strong><\/h4>\n\n\n\n<p>Personen, die Kontakt\nzu Corona-Infizierten hatten, selbst infiziert sind, sich in einem Gebiet\naufgehalten haben, das vom Robert Koch-Institut (RKI) zum Zeitpunkt des\nAufenthalts als Risikogebiet ausgewiesen war oder das innerhalb von 14 Tagen\ndanach als solches ausgewiesen worden ist und sich nicht bereits mindestens 14\nTage au\u00dferhalb eines Risikogebietes aufgehalten haben, d\u00fcrfen keine\nKrankenh\u00e4user, Pflege- und Behinderteneinrichtungen betreten. Mit ihrer\nAllgemeinverf\u00fcgung beschr\u00e4nkt die Kreisverwaltung Rhein-Pfalz-Kreis auch\ngrunds\u00e4tzlich die Besuchsrechte: Jeder Patient darf pro Tag maximal eine Stunde\nBesuch empfangen. Diese Ma\u00dfnahme dient dem Schutz der in den genannten Einrichtungen\nlebenden Risikogruppe.<\/p>\n\n\n\n<h4 class=\"wp-block-heading\"><strong>Gesch\u00e4fte zur Grundversorgung d\u00fcrfen an Sonn- und Feiertagen\n\u00f6ffnen<\/strong><\/h4>\n\n\n\n<p>L\u00e4den und Gesch\u00e4fte, die Lebensmittel, Getr\u00e4nke, Sanit\u00e4tsbedarf, Drogerieartikel, Bau-\/Gartenbaubedarf, Zeitungen und Tierbedarf verkaufen, d\u00fcrfen laut Aufsichts- und Dienstleistungsdirektion Rheinland-Pfalz (ADD) bis einschlie\u00dflich 19. April auch an Sonn- und Feiertagen von 12 bis 18 Uhr \u00f6ffnen. <\/p>\n\n\n\n<p><em>Stadtverwaltung Schifferstadt<br>22.03.2020<\/em><\/p>\n\n\n\n<h2 class=\"wp-block-heading\">Coronavirus:\nEinrichtungen und Gesch\u00e4fte, die nicht dem dringenden Bedarf dienen, werden geschlossen<\/h2>\n\n\n\n<h3 class=\"wp-block-heading\">Gastronomiebetrieb untersagt \u2013 Ausnahme nur f\u00fcr Mitnahme-Service <\/h3>\n\n\n\n<div class=\"wp-block-image\"><figure class=\"aligncenter\"><img decoding=\"async\" loading=\"lazy\" width=\"600\" height=\"128\" src=\"https:\/\/speyer24news.com\/wp-content\/uploads\/2020\/03\/Heidelberg-Logo.png\" alt=\"\" class=\"wp-image-25953\" srcset=\"https:\/\/speyer24news.com\/wp-content\/uploads\/2020\/03\/Heidelberg-Logo.png 600w, https:\/\/speyer24news.com\/wp-content\/uploads\/2020\/03\/Heidelberg-Logo-300x64.png 300w\" sizes=\"(max-width: 600px) 100vw, 600px\" \/><\/figure><\/div>\n\n\n\n<p><strong>Heidelberg &#8211; <\/strong>Die Landesregierung Baden-W\u00fcrttemberg hat ihre Rechtsverordnung \u00fcber infektionssch\u00fctzende Ma\u00dfnahmen angepasst. Die neuen Regelungen wurden sp\u00e4tabends am Dienstag, 17. M\u00e4rz, verk\u00fcndet und gelten damit ab Mittwoch, 18. M\u00e4rz 2020. Um die weitere Ausbreitung des Coronavirus zu verlangsamen, werden demnach Einrichtungen und Gesch\u00e4fte in gro\u00dfem Umfang geschlossen, die nicht dem dringenden Bedarf der B\u00fcrgerinnen und B\u00fcrger dienen. \u00d6ffnen d\u00fcrfen laut Landesregierung nur noch folgende Gesch\u00e4fte: <\/p>\n\n\n\n<ul><li>Einzelhandel f\u00fcr Lebensmittel<\/li><li>Wochenm\u00e4rkte<\/li><li>Abhol- und Lieferdienste<\/li><li>Getr\u00e4nkem\u00e4rkte<\/li><li>Apotheken<\/li><li>Sanit\u00e4tsh\u00e4user<\/li><li>Drogerien<\/li><li>Tankstellen<\/li><li>Banken und Sparkassen<\/li><li>Poststellen<\/li><li>Fris\u00f6re<\/li><li>Reinigungen<\/li><li>Waschsalons<\/li><li>Zeitungsverkauf<\/li><li>Hofl\u00e4den, <\/li><li>Raiffeisen-, Bau-, Gartenbau-\nund Tierbedarfsm\u00e4rkte und der<\/li><li>Gro\u00dfhandel<\/li><\/ul>\n\n\n\n<p>Diese Verkaufsstellen k\u00f6nnen jetzt auch\nam Sonntag und Feiertag ge\u00f6ffnet werden. Sie haben sicherzustellen, dass die\nerforderlichen Hygienestandards eingehalten, der Zutritt gesteuert und\nWarteschlangen vermieden werden. Weitere Verkaufsstellen des Einzelhandels, die\nnicht zu den oben genannten Einrichtungen geh\u00f6ren, werden geschlossen.<\/p>\n\n\n\n<h4 class=\"wp-block-heading\">Heidelberg: Sonderregelungen f\u00fcr Gastronomie <\/h4>\n\n\n\n<p>Die Stadt Heidelberg geht mit einer eigenen Allgemeinverf\u00fcgung \u00fcber die Landesregelung hinaus. Das betrifft Bestimmungen f\u00fcr die Gastronomie. Wie bereits in der Landesregelung festgehalten, ist der Betrieb von gastronomischen Einrichtungen grunds\u00e4tzlich untersagt. Eisdielen, Bars, Shisha-Bars, Clubs, Diskotheken, Kneipen und \u00e4hnliche Einrichtungen sind ausnahmslos zu schlie\u00dfen. Ausnahmen gibt es in Heidelberg nur f\u00fcr Speisegastst\u00e4tten, die Speisen ausschlie\u00dflich zum Mitnehmen abgeben k\u00f6nnen. Jegliche Bewirtung vor Ort, drinnen und drau\u00dfen, ist untersagt. F\u00fcr Abhol- und Lieferdienste ist gem\u00e4\u00df der Landesregelung ein Betrieb nach 18 Uhr m\u00f6glich. F\u00fcr R\u00fcckfragen von Gastronomen ist das B\u00fcrger- und Ordnungsamt unter der E-Mail-Adresse <a href=\"corona.ordnungsamt@heidelberg.de\">corona.ordnungsamt@heidelberg.de<\/a> oder unter den Telefonnummern 06221 58-17702 beziehungsweise 06221 58-13540 erreichbar.<\/p>\n\n\n\n<p>Oberb\u00fcrgermeister\nProf. Dr. Eckart W\u00fcrzner erkl\u00e4rt: \u201eBei all unseren Ma\u00dfnahmen steht ein Ziel\n\u00fcber allem: Soziale Kontakte reduzieren und jegliche Menschenaufl\u00e4ufe\nvermeiden. Das muss endlich bei jedem ankommen und ich appelliere da nochmal an\nalle B\u00fcrgerinnen und B\u00fcrger: Bleiben Sie wann immer m\u00f6glich zu Hause. Wenn Sie\nnach drau\u00dfen gehen, vermeiden Sie alle Zusammentreffen mit Personen, die nicht\nin Ihrer Wohnung leben. Es liegt in Ihrer Hand, ob wir auch in Deutschland eine\nAusgangssperre bekommen oder nicht. Wenn sich weiter tausende Menschen bei\nsch\u00f6nem Wetter drau\u00dfen treffen und Pl\u00e4tze, Flussufer und Stra\u00dfen bev\u00f6lkern, wird\nes zu Ma\u00dfnahmen wie in Frankreich und Italien kommen m\u00fcssen. Das Coronavirus\nist da, die Infektionszahlen gehen steil nach oben und unserem\nGesundheitssystem droht der Kollaps, wenn wir jetzt die Ausbreitung nicht\nverlangsamen. Also, helfen Sie bitte alle mit und handeln Sie verantwortlich!\u201c<\/p>\n\n\n\n<h3 class=\"wp-block-heading\"><strong>Weitere Regelungen in der Landesverordnung:<\/strong><\/h3>\n\n\n\n<h4 class=\"wp-block-heading\"><strong>Schulen, Kitas, Hochschulen<\/strong><\/h4>\n\n\n\n<p>Landesweit bleiben bis zum Ende der\nOsterferien am Sonntag, 19. April, alle Schulen und Kindertagesst\u00e4tten im Land\ngeschlossen. Das betrifft alle Einrichtungen, also private und \u00f6ffentliche\nSchulen, st\u00e4dtische Kindertageseinrichtungen genauso wie Einrichtungen freier\nTr\u00e4ger. Aus Gr\u00fcnden des Infektionsschutzes k\u00f6nnen auch keine allgemeinen\nNotangebote f\u00fcr Sch\u00fclerinnen und Sch\u00fcler oder Kita-Kinder aufrechterhalten\nwerden. <\/p>\n\n\n\n<p>Eine Notbetreuung wird lediglich f\u00fcr die\nKita-Kinder, Kinder in der Tagespflege und Schulkinder bis einschlie\u00dflich\nKlassenstufe 6 eingerichtet, deren Erziehungsberechtigte in kritischen\nInfrastrukturen t\u00e4tig sind und daher an ihren Arbeitspl\u00e4tzen ben\u00f6tigt werden. In\nder Landesverordnung neu als Berufsfelder der kritischen Infrastrukturen\nhinzugekommen sind unter anderem Polizei und Feuerwehr (auch Freiwillige), Besch\u00e4ftigte\nder Betreiber beziehungsweise Unternehmen f\u00fcr den \u00d6PNV und den\nSchienenpersonenverkehr sowie Besch\u00e4ftigte der lokalen Busunternehmen, sofern\nsie im Linienverkehr eingesetzt werden, Personal der Stra\u00dfenmeistereien und\nStra\u00dfenbetriebe sowie Bestatter. Ausgeschlossen von der Notbetreuung bleiben\nKinder, die in den letzten 14 Tagen Kontakt zu einer infizierten Person hatten\noder sich in einem Risikogebiet befanden, ferner Kinder, die Symptome eines\nAtemwegsinfekts oder erh\u00f6hter Temperatur zeigen. Die Notbetreuung findet in der\njeweiligen Einrichtung, die das Kind bisher besuchte, durch deren Personal in\nm\u00f6glichst kleinen Gruppen statt.<\/p>\n\n\n\n<p>Der Studienbetrieb an den Universit\u00e4ten\nund Hochschulen wird ebenfalls bis zum 19. April 2020 ausgesetzt.<\/p>\n\n\n\n<h4 class=\"wp-block-heading\"><strong>Verbot von Versammlungen und sonstigen Veranstaltungen <\/strong><\/h4>\n\n\n\n<p>Alle Versammlungen und sonstige\nVeranstaltungen sind untersagt. Das gilt auch f\u00fcr Zusammenk\u00fcnfte in Vereinen\nund sonstigen Sport- und Freizeiteinrichtungen sowie die Wahrnehmung von\nAngeboten in Volkshochschulen, Musikschulen und sonstigen \u00f6ffentlichen und\nprivaten Bildungseinrichtungen im au\u00dferschulischen Bereich sowie\nReisebusreisen. Auch Zusammenk\u00fcnfte in Kirchen, Moscheen, Synagogen und die\nZusammenk\u00fcnfte anderer Glaubensgemeinschaften sind verboten.<\/p>\n\n\n\n<p>Bereits mit Verordnung vom 16. M\u00e4rz\nwurden beschlossen, dass der Betrieb in folgenden Einrichtungen bis zum 19.\nApril 2020 untersagt wird:<\/p>\n\n\n\n<ul><li>Kultureinrichtungen jeglicher\nArt, insbesondere Museen, Theater, Schauspielh\u00e4user, Freilichttheater,<\/li><li>Bildungseinrichtungen jeglicher\nArt, insbesondere Akademien, Fortbildungseinrichtungen, Volkshochschulen,\nMusikschulen und Jugendkunstschulen,<\/li><li>Kinos,<\/li><li>Schwimm- und Hallenb\u00e4der,\nThermal- und Spa\u00dfb\u00e4der, Saunen,<\/li><li>alle \u00f6ffentlichen und privaten\nSportanlagen und Sportst\u00e4tten, insbesondere Fitnessstudios sowie Tanzschulen,\nund \u00e4hnliche Einrichtungen,<\/li><li>Jugendh\u00e4user,<\/li><li>\u00f6ffentliche Bibliotheken,<\/li><li>Vergn\u00fcgungsst\u00e4tten,\ninsbesondere Spielhallen, Spielbanken, Wettannahmestellen,<\/li><li>Prostitutionsst\u00e4tten, Bordelle\nund \u00e4hnliche Einrichtungen,<\/li><li>Eisdielen, Bars, Shisha-Bars,\nClubs, Diskotheken, Kneipen und \u00e4hnliche Einrichtungen<\/li><li>Messen, Ausstellungen,\nFreizeit- und Tierparks und Anbieter von Freizeitaktivit\u00e4ten (auch au\u00dferhalb\ngeschlossener R\u00e4ume), Spezialm\u00e4rkte, Wettannahmestellen, und \u00e4hnliche\nEinrichtungen,<\/li><li>alle weiteren Verkaufsstellen\ndes Einzelhandels, die nicht zu den Verkaufsstellen des dringenden Bedarfs der\nB\u00fcrgerinnen und B\u00fcrger geh\u00f6ren, insbesondere Outlet-Center,<\/li><li>\u00f6ffentliche Spiel- und\nBolzpl\u00e4tze.<\/li><\/ul>\n\n\n\n<h4 class=\"wp-block-heading\"><strong>Weitgehendes Besuchsverbot in Einrichtungen f\u00fcr besonders\ngef\u00e4hrdete Personen <\/strong><\/h4>\n\n\n\n<p>Zum Schutz besonders gef\u00e4hrdeter Personen d\u00fcrfen Krankenh\u00e4user, Vorsorge- oder Rehabilitationseinrichtungen, Dialyseeinrichtungen und Tageskliniken sowie teilstation\u00e4re Einrichtungen f\u00fcr Menschen mit Pflege- und Unterst\u00fctzungsbedarf oder mit Behinderungen einschlie\u00dflich Kurzzeitpflege grunds\u00e4tzlich nicht mehr zu Besuchszwecken betreten werden. Ausgenommen sind Fachkrankenh\u00e4user f\u00fcr Psychiatrie mit Ausnahme der Fachkrankenh\u00e4user f\u00fcr Ge-rontopsychiatrie, psychosomatische Fachkrankenh\u00e4user sowie kinder- und jugendpsychiatrische Fachkrankenh\u00e4user jeweils einschlie\u00dflich der zugeh\u00f6rigen Tageskliniken. Zu weiteren Ausnahmen und Sonderregelungen k\u00f6nnen die jeweiligen Einrichtungen eigene Bestimmungen treffen. Auch station\u00e4re Einrichtungen f\u00fcr Menschen mit Pflege- und Unterst\u00fctzungsbedarf oder mit Behinderungen sowie ambulant betreute Wohngemeinschaften d\u00fcrfen grunds\u00e4tzlich nicht mehr zu Besuchszwecken betreten werden. Betreuungs- und Unterst\u00fctzungsangebote im Vor- und Umfeld von Pflege werden, soweit sie als Gruppenangebote durchgef\u00fchrt werden, aufgrund einer erh\u00f6hten Ansteckungsgefahr einstweilen eingestellt. <\/p>\n\n\n\n<p><em>Stadt Heidelberg<br>22.03.2020<\/em><\/p>\n\n\n\n<h2 class=\"wp-block-heading\"><strong>Diakonissen-Stiftungs-Krankenhaus\nSpeyer: Erster Corona-Patient aufgenommen \u2013 Neue Besucherregelung ab 20. M\u00e4rz<\/strong><\/h2>\n\n\n\n<h3 class=\"wp-block-heading\">Das Diakonissen-Stiftungs-Krankenhaus Speyer hat am Dienstag, 17. M\u00e4rz, einen ersten Corona-Patienten zur station\u00e4ren Behandlung aufgenommen. Der Mann aus dem Landkreis Germersheim ist in einem Isolierzimmer untergebracht, sein Gesundheitszustand ist stabil.<\/h3>\n\n\n\n<div class=\"wp-block-image\"><figure class=\"aligncenter\"><img decoding=\"async\" loading=\"lazy\" width=\"330\" height=\"229\" src=\"https:\/\/speyer24news.com\/wp-content\/uploads\/2020\/03\/Diakonissen-Logo.png\" alt=\"\" class=\"wp-image-25899\" srcset=\"https:\/\/speyer24news.com\/wp-content\/uploads\/2020\/03\/Diakonissen-Logo.png 330w, https:\/\/speyer24news.com\/wp-content\/uploads\/2020\/03\/Diakonissen-Logo-300x208.png 300w\" sizes=\"(max-width: 330px) 100vw, 330px\" \/><\/figure><\/div>\n\n\n\n<p><strong>Speyer \/ Diakonissen-Stiftungs-Krankenhaus &#8211;<\/strong> \u201eDer Patient hat sich am Dienstag mit Beschwerden der Atemwege bei uns vorgestellt\u201c, informiert Privatdozent Dr. Dirk Jentschura, \u00c4rztlicher Direktor am Diakonissen-Stiftungs-Krankenhaus. Der 52-j\u00e4hrige Patient hatte sich zuvor in Tirol aufgehalten, das vom Robert-Koch-Institut (RKI) seit 14. M\u00e4rz als Corona-Risikogebiet eingestuft wird. <\/p>\n\n\n\n<p>\u201eDer Patient hatte dort bereits Kontakt zu\neinem Corona-Infizierten, entwickelte zu Hause Beschwerden und ging nach der\nErstvorstellung beim Hausarzt und der Testung in h\u00e4usliche Quarant\u00e4ne\u201c,\nberichtet Dr. Jentschura von einem vorbildlichen Ablauf. In dieser Phase\nerhielt der Patient auch den positiven Befund. Als sich die Symptome\nverst\u00e4rkten, suchte der Mann nach telefonischer Voranmeldung durch den Hausarzt\ndie Klinik auf. <\/p>\n\n\n\n<p>\u201eDem Patienten geht es den Umst\u00e4nden\nentsprechend gut\u201c, teilt der betreuende Arzt Dr. Lukas Domanowsky mit. Ein\nKompetenzteam aus Fach\u00e4rzten, Stations\u00e4rzten und erfahrenen Pflegekr\u00e4ften\n\u00fcberwacht und versorgt ihn rund um die Uhr in einem isolierten Bereich. <\/p>\n\n\n\n<p>Dr. Thomas Kienbaum, Leiter der\nKrankenhaushygiene, betont, dass sich die umfassende Vorbereitung auf die\nVersorgung von Patienten mit Infektionskrankheiten auch im Fall des\nCorona-Patienten bew\u00e4hrt. \u201eDurch die gut geplante Versorgung im Isolierzimmer\nsind andere Patienten im Krankenhaus vor einer Ansteckung gesch\u00fctzt.\u201c Das\nIsolierverfahren sei den Abl\u00e4ufen bei einer Influenza vergleichbar. <\/p>\n\n\n\n<p>Gesch\u00e4ftsf\u00fchrer Wolfgang Walter f\u00fcgt hinzu,\ndass das Diakonissen-Stiftungs-Krankenhaus bereits vor Wochen mit der\nVorbereitung auf die aktuelle Situation begonnen hat. \u201eWir haben in Absprache\nmit einem externen Labor die erforderliche neue Diagnostik sicher gestellt, im\nHaus die Isolierzimmer f\u00fcr COVID-19-Infektionen festgelegt und eingerichtet, unsere\nMitarbeitenden laufend aktuell informiert und zu den notwendigen\nHygienema\u00dfnahmen geschult\u201c, sagt er.<\/p>\n\n\n\n<h4 class=\"wp-block-heading\"><strong>Seit Freitag Besuchsverbot <\/strong><\/h4>\n\n\n\n<p>Aufgrund der aktuellen Lage erl\u00e4sst das Diakonissen-Stiftungs-Krankenhaus ab Freitag, 20. M\u00e4rz, 0 Uhr, ein Besuchsverbot im gesamten Haus, um Patientinnen und Patienten sowie Mitarbeitende vor dem COVID-19-Virus zu sch\u00fctzen. Um den Kontakt zwischen Patienten und Angeh\u00f6rigen aufrecht zu erhalten, k\u00f6nnen Angeh\u00f6rige ab Freitag, 20. M\u00e4rz, t\u00e4glich zwischen 15 und 18 Uhr am Empfang des Hauses Dinge f\u00fcr den pers\u00f6nlichen Gebrauch in begrenztem Umfang und Nachrichten f\u00fcr ihre im Krankenhaus befindlichen Familienmitglieder abgeben (bitte T\u00fcte mit Name, Vorname des Patienten und der Station beschriften). Eltern von Kindern in station\u00e4rer Behandlung sowie Angeh\u00f6rige von Schwerstkranken sind vom Besuchsverbot ausgenommen.<\/p>\n\n\n\n<p><em>Diakonissen-Stiftungs-Krankenhaus Speyer<br>22.03.2020<\/em><\/p>\n\n\n\n<h2 class=\"wp-block-heading\"><strong>Neue Corona-Verordnung in Kraft \u2013 Stadt pr\u00fcft Einhaltung<\/strong><\/h2>\n\n\n\n<div class=\"wp-block-image\"><figure class=\"aligncenter\"><img decoding=\"async\" loading=\"lazy\" width=\"375\" height=\"89\" src=\"https:\/\/speyer24news.com\/wp-content\/uploads\/2020\/03\/Hockenheim.png\" alt=\"\" class=\"wp-image-25952\" srcset=\"https:\/\/speyer24news.com\/wp-content\/uploads\/2020\/03\/Hockenheim.png 375w, https:\/\/speyer24news.com\/wp-content\/uploads\/2020\/03\/Hockenheim-300x71.png 300w\" sizes=\"(max-width: 375px) 100vw, 375px\" \/><\/figure><\/div>\n\n\n\n<p><strong>Hockenheim &#8211; <\/strong>Die Landesregierung von Baden-W\u00fcrttemberg hat Mittwochmorgen eine in Teilen ge\u00e4nderte Verordnung zur Bek\u00e4mpfung des Corona-Virus ver\u00f6ffentlicht, die auch unmittelbar in Kraft trat. Sie enth\u00e4lt Anpassungen, die bis auf Weiteres vor allem Ma\u00dfnahmen im Freien betreffen. Die Stadtverwaltung Hockenheim pr\u00fcft weiterhin die Einhaltung der Regelungen der Verordnung im Stadtgebiet.<\/p>\n\n\n\n<h4 class=\"wp-block-heading\">Sportst\u00e4tten\nund Gartenschaupark geschlossen<\/h4>\n\n\n\n<p>Die\nLandesregierung verbietet ab sofort auch jegliche Zusammenk\u00fcnfte in Vereinen\nund sonstigen Sport- und Freizeiteinrichtungen. Aus diesem Grund m\u00fcssen auch die\nSportst\u00e4tten in Hockenheim geschlossen werden. <\/p>\n\n\n\n<p>Die\nUntersagung des Betriebs von Einrichtungen erstreckt sich bis auf Weiteres\njetzt auch auf (Shisha-) Bars, Clubs und Kneipen.<\/p>\n\n\n\n<p>Die\nStadtverwaltung schlie\u00dft au\u00dferdem \u00f6ffentliche Spiel- und Bolzpl\u00e4tze in\nHockenheim. Darunter f\u00e4llt auch der Gartenschaupark, der wegen der Sportger\u00e4te\nund Pl\u00e4tze nicht mehr betreten werden darf. Der Zugang zum Park-Kindergarten\nbleibt gew\u00e4hrleistet. Der Friedhof ist ge\u00f6ffnet.<\/p>\n\n\n\n<p>Die Landesregierung\nweist in der neuen Verordnung daraufhin, dass auch die Polizei, die Feuerwehr\nund ihre ehrenamtlichen Freiwilligen sowie das Notfall- und Rettungswesen zu\nden systemrelevanten Bereichen geh\u00f6ren, deren T\u00e4tigkeit nicht untersagt ist.<\/p>\n\n\n\n<h4 class=\"wp-block-heading\">Mehr\nInformationen zur Landes-Verordnung<\/h4>\n\n\n\n<p>Die neue, ge\u00e4nderte Landes-Verordnung ist auf der Internetseite der Stadtverwaltung Hockenheim (<a href=\"http:\/\/www.hockenheim.de\">http:\/\/www.hockenheim.de<\/a>) im Startbereich unter \u201eCorona-Virus: Die Lage in Hockenheim\u201c abrufbar.<\/p>\n\n\n\n<h4 class=\"wp-block-heading\">Einhaltung von\nHygiene-Regeln zur Bek\u00e4mpfung des Corona-Virus<\/h4>\n\n\n\n<p>Die Bek\u00e4mpfung des Corona-Virus erfordert die Mitwirkung und Hilfe aller Menschen. \u201eWir bitten in diesen Tagen alle B\u00fcrger, achtsam beim Umgang mit Hygieneregeln zu sein. Dazu geh\u00f6rt gr\u00fcndliches Waschen der H\u00e4nde mit Wasser und Seife, das Einhalten der Hustenetikette in Einwegtaschent\u00fccher oder Ellenbeuge sowie ein mindestens ein bis zwei Meter gro\u00dfer Abstand zu hustenden Menschen. Damit kann jeder dazu beitragen, das Corona-Virus nicht weiter zu verbreiten\u201c, erkl\u00e4rt Pressesprecher Christian Stalf f\u00fcr die Stadt Hockenheim.<\/p>\n\n\n\n<p><em>Stadtverwaltung Hockenheim<br>22.03.2020<\/em><\/p>\n\n\n\n<h2 class=\"wp-block-heading\"><strong>Corona-Pandemie: OB Steinruck mahnt zu Vernunft und Verantwortungsbewusstsein<\/strong><\/h2>\n\n\n\n<div class=\"wp-block-image\"><figure class=\"aligncenter\"><img decoding=\"async\" loading=\"lazy\" width=\"800\" height=\"153\" src=\"https:\/\/speyer24news.com\/wp-content\/uploads\/2020\/03\/LU.png\" alt=\"\" class=\"wp-image-25754\" srcset=\"https:\/\/speyer24news.com\/wp-content\/uploads\/2020\/03\/LU.png 800w, https:\/\/speyer24news.com\/wp-content\/uploads\/2020\/03\/LU-300x57.png 300w, https:\/\/speyer24news.com\/wp-content\/uploads\/2020\/03\/LU-768x147.png 768w\" sizes=\"(max-width: 800px) 100vw, 800px\" \/><\/figure><\/div>\n\n\n\n<p><strong>Ludwigshafen &#8211; <\/strong>Angesichts der ab 18.03.2020 geltenden Allgemeinverf\u00fcgung zur Kontaktreduzierung appelliert Oberb\u00fcrgermeisterin Jutta Steinruck&nbsp; an B\u00fcrgerschaft und Gesch\u00e4ftsleute, die Anordnungen und Regelungen der Verf\u00fcgung umstandslos zu befolgen. <\/p>\n\n\n\n<p>&#8222;Wir alle\nstehen in diesen Tagen vor gro\u00dfen Herausforderungen. Gemeinsam m\u00fcssen wir alles\ndaransetzen, die Verbreitung des Corona-Virus einzud\u00e4mmen. Dies geschieht durch\ndas konsequente Unterbrechen m\u00f6glicher Infektionsketten. Aus diesem Grund haben\nwir in den vergangenen Tagen zu drastischen Ma\u00dfnahmen gegriffen. Sie betreffen\ndas \u00f6ffentliche Leben in vielen Facetten. Sie sind f\u00fcr viele von uns sp\u00fcrbar.\nSie schr\u00e4nken uns ein. Sie ver\u00e4ndern unser Leben. Aber sie sind absolut\nnotwendig. Mit unseren Ma\u00dfnahmen leisten wir einen Beitrag, in der derzeitigen\nLage wichtige Zeit zu gewinnen. Angesichts der gro\u00dfen Herausforderungen sowie\ndem Ernst der Lage habe ich keinerlei Verst\u00e4ndnis f\u00fcr Ignoranz und\nFahrl\u00e4ssigkeit. Verantwortungsbewusstsein, Vernunft und Besonnenheit sind das\nGebot der Stunde&#8220;, betont die Oberb\u00fcrgermeisterin. Die\nStadtverwaltung werde die Allgemeinverf\u00fcgung mit aller Konsequenz durchsetzen. <\/p>\n\n\n\n<p>Steinruck appelliert ebenso an\ndie B\u00fcrger*innen, alle Vorsorgema\u00dfnahmen sowie die Verhaltens- und\nHygieneregeln streng einzuhalten und ruft zu Achtsamkeit und R\u00fccksicht im\nUmgang miteinander auf: &#8222;Der Umgang\nmit dem Corona-Virus ist eine gro\u00dfe Herausforderung f\u00fcr die Gesellschaft. Wenn\nwir uns aber auf unsere St\u00e4rken und unsere Werte besinnen, k\u00f6nnen wir gest\u00e4rkt\naus dieser schwierigen Zeit hervorgehen&#8220;. <\/p>\n\n\n\n<p>Anl\u00e4sslich der steigenden\nAnzahl von Corona-Infektionen im Bundesgebiet und in der Region hatte die die\nStadtverwaltung Ludwigshafen am Dienstagabend eine erweiterte\nAllgemeinverf\u00fcgung erlassen, welche die Vorgaben der Landesregierung zur\nEind\u00e4mmung der Pandemie umsetzt.<\/p>\n\n\n\n<p>Die aktualisierte Verf\u00fcgung\nuntersagt unter anderem die \u00d6ffnung von Verkaufsstellen des Einzelhandels,\nSpezialm\u00e4rkten, Spielpl\u00e4tzen, Freizeit- und Tierparks, Bars, Clubs,\nProduktionsst\u00e4tten, Konzerth\u00e4usern und \u00e4hnlichen Einrichtungen f\u00fcr\nPublikumsverkehr. Die \u00d6ffnungszeiten von Restaurants und Speisegastst\u00e4tten\nwerden auf 6 bis 18 Uhr begrenzt. <\/p>\n\n\n\n<p>Von den Reglungen nicht\nbetroffen sind Einzelhandelsbetriebe f\u00fcr Lebensmittel, Wochenm\u00e4rkte, Abhol- und\nLieferdienste, Getr\u00e4nkem\u00e4rkte, Apotheken, Sanit\u00e4tsh\u00e4user, Drogerien,\nTankstellen, Banken und Sparkassen, Poststellen, Fris\u00f6re, Reinigungen,\nWaschsalons, Zeitungsverkaufsstellen, Bau-, Gartenbau- sowie Tierbedarfsm\u00e4rkte\nund der Gro\u00dfhandel.<\/p>\n\n\n\n<p>Weitere Informationen auf <a href=\"http:\/\/www.ludwigshafen.de\">www.ludwigshafen.de<\/a><\/p>\n\n\n\n<p><em>Stadt Ludwigshafen am Rhein<br>22.03.2020<\/em><\/p>\n\n\n\n<h2 class=\"wp-block-heading\">Um weitere Ausbreitung des Corona-Virus zu verlangsamen: Stadt Mannheim erneuert Allgemeinverf\u00fcgung<\/h2>\n\n\n\n<div class=\"wp-block-image\"><figure class=\"aligncenter\"><img decoding=\"async\" src=\"https:\/\/speyer24news.com\/wp-content\/uploads\/2020\/03\/Mannheim-Logo.png\" alt=\"\" class=\"wp-image-25671\"\/><\/figure><\/div>\n\n\n\n<p><strong>Mannheim &#8211; <\/strong>Die Landesregierung hatte am Dienstag angek\u00fcndigt, die mit der Bundesregierung vereinbarten Ma\u00dfnahmen zur weiteren Verlangsamung der Ausbreitung des Corona-Virus durch eine Rechtsverordnung umzusetzen. Danach sind neben der Gastronomie und zahlreichen Freizeit-, Sport- und Kultureinrichtungen weite Teile des Einzelhandels zu schlie\u00dfen. Die Rechtsverordnung ist nun ver\u00f6ffentlicht. Die Stadt Mannheim hat diese mit einer neuen Allgemeinverf\u00fcgung in Teilen erg\u00e4nzt und versch\u00e4rft.<\/p>\n\n\n\n<p>Gem\u00e4\u00df der neuen Rechtsverordnung sind alle Einzelhandelsgesch\u00e4fte zu schlie\u00dfen mit Ausnahme von: Einzelhandel f\u00fcr Lebensmittel, Wochenm\u00e4rkte, Abhol- und Lieferdienste, Getr\u00e4nkem\u00e4rkte, Apotheken, Sanit\u00e4tsh\u00e4user, Drogerien, Tankstellen, Banken und Sparkassen, Poststellen, Fris\u00f6re, Reinigungen, Waschsalons, Zeitungsverkauf, Bau-, Gartenbau- und Tierbedarfsm\u00e4rkte und dem Gro\u00dfhandel. Auch zahlreiche andere Einrichtungen sind zus\u00e4tzlich zu schlie\u00dfen, wie z.B. Fitnessstudios und Wettb\u00fcros.<\/p>\n\n\n\n<p>Nach der neuen Allgemeinverf\u00fcgung ist ab sofort auch der Aufenthalt in s\u00e4mtlichen Gastronomieeinrichtungen untersagt. Lediglich der Lieferdienst von Speisen und Take-Away sind noch erlaubt.<\/p>\n\n\n\n<p>Veranstaltungen und Versammlungen sind durch die Rechtsverordnung des Landes untersagt. Dar\u00fcber hinaus werden von Seiten der Stadt alle Ansammlungen und sonstige \u00f6rtlichen Zusammenk\u00fcnfte von mehr als zehn Personen im \u00f6ffentlichen Raum verboten. In Bezug auf Lebensmittelbetriebe und andere Einrichtungen, die weiterhin ge\u00f6ffnet sein d\u00fcrfen, werden Vorgaben zur Einhaltung besonderer Vorkehrungen und Hygienema\u00dfnahmen f\u00fcr den Schutz der Kunden vorgeschrieben.<\/p>\n\n\n\n<p>Der Luisen- und der Herzogenriedpark ebenso wie das Strandbad werden geschlossen. Der Aufenthalt an Neckar- und Rheinwiesen sowie auf allen Spielpl\u00e4tzen im Stadtgebiet ist untersagt.<\/p>\n\n\n\n<p>Die Stadt Mannheim wird ihre eigenen Services in der Regel auf elektronische, telefonische und schriftliche Bearbeitung begrenzen. Eine pers\u00f6nliche Vorsprache ist nur noch ausnahmsweise und nach vorheriger Vereinbarung m\u00f6glich. Dies gilt insbesondere f\u00fcr die Bereiche der B\u00fcrgerdienste, des Fachbereichs Arbeit und Soziales und im Jobcenter sowie beim Fachbereich Jugend- und Gesundheitsamt (hier z.B. im Bereich Kinderschutz).<\/p>\n\n\n\n<h4 class=\"wp-block-heading\">Allgemeiner Hinweis:<\/h4>\n\n\n\n<p>Die Regelungen in der Allgemeinverf\u00fcgung der Stadt Mannheim und Rechtsverordnung des Landes Baden- W\u00fcrttemberg (Corona-Verordnung vom 17.03.2020) zu Veranstaltungen und Ansammlungen betreffen nicht:<br>\nZusammenk\u00fcnfte in Betrieben, der Verwaltung und Justiz und ihren Gremien und Ansammlungen in weiter ge\u00f6ffneten Einrichtungen und \u00d6ffentlichen Personennahverkehr.<\/p>\n\n\n\n<h4 class=\"wp-block-heading\">Die Allgemeinverf\u00fcgung der Stadt Mannheim kann auf der st\u00e4dtischen Homepage abgerufen werden:<\/h4>\n\n\n\n<p><a href=\"https:\/\/www.mannheim.de\/de\/node\/143588\">https:\/\/www.mannheim.de\/de\/node\/143588<\/a><\/p>\n\n\n\n<p><em>Stadt Mannheim<br>22.03.2020<\/em><\/p>\n\n\n\n<h2 class=\"wp-block-heading\"><strong>Erweiterung der Beratungszeiten des B\u00fcrgertelefons <\/strong><\/h2>\n\n\n\n<div class=\"wp-block-image\"><figure class=\"aligncenter\"><img decoding=\"async\" src=\"https:\/\/speyer24news.com\/wp-content\/uploads\/2020\/03\/Telefon.png\" alt=\"\" class=\"wp-image-25602\"\/><\/figure><\/div>\n\n\n\n<p><strong>Rhein-Pfalz-Kreis &#8211;<\/strong> Vor dem Hintergrund der sich ausbreitenden Infizierungen mit dem Coronavirus steigen die Anfragen an das B\u00fcrgertelefon des Gesundheitsamtes, das f\u00fcr den Rhein-Pfalz-Kreis und die St\u00e4dte Frankenthal, Ludwigshafen und Speyer zust\u00e4ndig ist.<\/p>\n\n\n\n<p>Die Beraterinnen und Berater des B\u00fcrgertelefons sind daher ab sofort\ndurchg\u00e4ngig in der Zeit von Montag bis Donnerstag von 9 bis 16 Uhr und Freitag\nvon 9 bis 12 Uhr erreichbar und stehen den B\u00fcrgerinnen und B\u00fcrgern telefonisch\nzur Verf\u00fcgung.<\/p>\n\n\n\n<p>Weiterhin m\u00f6chte die Kreisverwaltung darauf aufmerksam machen, dass auch auf der Homepage des Rhein-Pfalz-Kreises tagesaktuell wichtige Informationen zum Coronavirus zu finden sind. Ebenso auf den Seiten des Robert-Koch-Institutes, der Bundeszentrale f\u00fcr gesundheitliche Aufkl\u00e4rung und des Ausw\u00e4rtigen Amtes sind Informationen zum Virus, allgemeine Verhaltensweisen, Hygiene-Hinweise und Antworten auf h\u00e4ufig gestellte Fragen zu erhalten.<\/p>\n\n\n\n<p><em>Kreisverwaltung Rhein-Pfalz-Kreis<br>22.03.2020<\/em><\/p>\n\n\n\n<h2 class=\"wp-block-heading\"><strong>Coronavirus<\/strong>: <strong>20 positive F\u00e4lle im\nLandkreis Germersheim best\u00e4tigt<\/strong><\/h2>\n\n\n\n<p><strong>Landkreis Germersheim &#8211; <\/strong>Im Landkreis Germersheim gibt es Stand Mittwoch, 18. M\u00e4rz 2020, 15 Uhr, 20 positiv best\u00e4tigte F\u00e4lle. Die Personen kommen aus der Stadt W\u00f6rth sowie den Verbandsgemeinden Hagenbach, R\u00fclzheim, Bellheim, Jockgrim, Lingenfeld und Kandel. Die Personen befinden sich bis auf weiteres in h\u00e4uslicher Quarant\u00e4ne. Das Gesundheitsamt des Landkreises Germersheim hat diese Quarant\u00e4ne nach Infektionsschutzgesetzt angeordnet.<\/p>\n\n\n\n<p>Aufgrund der aktuellen Entwicklungen und der steigenden Infektionszahlen bei R\u00fcckkehrern aus dem Skiurlaub empfiehlt das Gesundheitsamt der Kreisverwaltung Germersheim diesem Personenkreis dringend, freiwillig 14 Tage in h\u00e4usliche Quarant\u00e4ne zu gehen und zwar unabh\u00e4ngig davon, ob Symptome vorhanden sind oder nicht. R\u00fcckkehrer, die Symptome entwickeln, sollen sich bitte umgehend <strong>telefonisch<\/strong> bei ihrem Hausarzt melden. <\/p>\n\n\n\n<p><em>Kreisverwaltung Germersheim<br>22.03.2020<\/em><\/p>\n\n\n\n<h2 class=\"wp-block-heading\">Versch\u00e4rfte Allgemeinverf\u00fcgung der Stadt Mannheim<\/h2>\n\n\n\n<p><strong>Mannheim &#8211; <\/strong>Die Landesregierung setzt die mit der Bundesregierung vereinbarten Ma\u00dfnahmen zur weiteren Verlangsamung der Ausbreitung des Corona-Virus durch eine Rechtsverordnung um. Die Stadt Mannheim erg\u00e4nzt und versch\u00e4rft diese in Teilen mit einer neuen Allgemeinverf\u00fcgung. <\/p>\n\n\n\n<p>Hier die Allgemeinverf\u00fcgung im Wortlaut: <a href=\"https:\/\/www.mannheim.de\/de\/node\/143588\">https:\/\/www.mannheim.de\/de\/node\/143588<\/a><\/p>\n\n\n\n<p><em>Stadt Mannheim<br>22.03.2020<\/em><\/p>\n\n\n\n<h2 class=\"wp-block-heading\">Ern\u00e4hrungssicherung in der Corona-Krise<\/h2>\n\n\n\n<figure class=\"wp-block-image\"><img decoding=\"async\" loading=\"lazy\" width=\"800\" height=\"533\" src=\"https:\/\/speyer24news.com\/wp-content\/uploads\/2020\/01\/Mackensen-Isabell-SPD-Wahlkreis-Speyer-MdB.jpg\" alt=\"\" class=\"wp-image-24922\" srcset=\"https:\/\/speyer24news.com\/wp-content\/uploads\/2020\/01\/Mackensen-Isabell-SPD-Wahlkreis-Speyer-MdB.jpg 800w, https:\/\/speyer24news.com\/wp-content\/uploads\/2020\/01\/Mackensen-Isabell-SPD-Wahlkreis-Speyer-MdB-300x200.jpg 300w, https:\/\/speyer24news.com\/wp-content\/uploads\/2020\/01\/Mackensen-Isabell-SPD-Wahlkreis-Speyer-MdB-768x512.jpg 768w\" sizes=\"(max-width: 800px) 100vw, 800px\" \/><\/figure>\n\n\n\n<p><strong>Speyer \/ Berlin &#8211; <\/strong>F\u00fcr mich besteht kein Zweifel, dass auch die Landwirtschaft sowie die nachfolgende Wertsch\u00f6pfungskette zur kritischen und systemrelevanten Infrastruktur geh\u00f6rt. Daher sollte auch f\u00fcr diese Berufsgruppen eine Notfallbetreuung sichergestellt werden. Wir m\u00fcssen die Ern\u00e4hrungssicherheit in Deutschland auch in Krisenzeiten gew\u00e4hrleisten. Daran gibt es derzeit auch kein Zweifel, die Versorgung in Deutschland mit Lebensmitteln ist gesichert. Die Gesch\u00e4fte des Lebensmitteleinzelhandels sind ge\u00f6ffnet und die Lieferketten sind weitgehend intakt. Auch die Warenlieferungen aus dem Ausland funktionieren trotz verh\u00e4ngten Beschr\u00e4nkungen an den Grenz\u00fcberg\u00e4ngen. Da wo es in Einzelf\u00e4llen zu Engp\u00e4ssen kommt, ist der Handel bereit, die Frequenz der Warenanlieferung zu erh\u00f6hen. Der Selbstversorgungsgrad vieler Grundnahrungsmittel wie z.B. f\u00fcr Kartoffel, Weizen, Schweinefleisch, Frischmilchprodukte und K\u00e4se liegen bei \u00fcber 100 Prozent und auch die Futterversorgung f\u00fcr die Tierhaltung ist sichergestellt. Es besteht daher keine Notwendigkeit f\u00fcr Hamsterk\u00e4ufe. Es ist richtig, eine gewisse Vorsorge zu treffen, doch bitte bedarfsgerecht, da es keinen Grund gibt, Lebensmittel zu horten. Vor allem w\u00e4re es verheerend, wenn die gehamsterten Lebensmittel aus dem Vorratsschrank am Ende im M\u00fcll landen sollten.<\/p>\n\n\n\n<p>Problematisch ist die Situation im Sonderkulturanbau wie Spargel, Erdbeeren aber auch im Gem\u00fcseanbau, wo aufgrund der Reisebeschr\u00e4nkungen die Gefahr fehlender Saisonarbeitskr\u00e4fte aus dem Ausland besteht. Hierf\u00fcr m\u00fcssen schnellstm\u00f6glich pragmatische L\u00f6sungen gefunden werden. Hierzu z\u00e4hlt zum einen die Pr\u00fcfung der Ausdehnung der 70-Tageregel f\u00fcr sozialversicherungsfreie kurzfristige Besch\u00e4ftigungen, um den vorhandenen Saisonarbeitskr\u00e4ften zu erm\u00f6glichen, \u00fcber einen l\u00e4ngeren Zeitraum unsere Landwirte zu unterst\u00fctzen. Diese Ma\u00dfnahmen schafft Flexibilit\u00e4t. Eine Flexibilit\u00e4t, die mit dem Kurzarbeitergeld f\u00fcr die anderen Wirtschaftssektoren bereits m\u00f6glich ist. Zum anderen ist es denkbar zu pr\u00fcfen, inwieweit nicht erwerbst\u00e4tige Menschen kurzfristig in der Landwirtschaft arbeiten k\u00f6nnen und wie L\u00f6sungen f\u00fcr Erwerbst\u00e4tige gefunden werden k\u00f6nnen, die gerade aufgrund der Corona-Krise keine Vollzeitbesch\u00e4ftigung haben.<\/p>\n\n\n\n<p>Was wir in den jetzigen Zeiten brauchen, ist ein solidarischer Zusammenhalt der Gesellschaft, der sich durch Nachbarschaftshilfen f\u00fcr hilfsbed\u00fcrftige Menschen oder aber auch durch Erntehilfen f\u00fcr landwirtschaftliche Betriebe zeigen kann. Doch um die Verbreitung des Corona-Virus zu verringern ist es am wichtigsten, dass der Gro\u00dfteil der Menschen einfach zuhause bleibt.<\/p>\n\n\n\n<p><em>Isabel Mackensen<br>Mitglied des Deutschen Bundestages<br>22.03.2020<\/em><\/p>\n\n\n\n<h2 class=\"wp-block-heading\"><strong>Stadtvorstand beschlie\u00dft Soforthilfema\u00dfnahmen f\u00fcr Unternehmen \u2013 Wirtschaftsf\u00f6rderung informiert \u00fcber Unterst\u00fctzungsm\u00f6glichkeiten  von Bund und Land<\/strong><\/h2>\n\n\n\n<div class=\"wp-block-image\"><figure class=\"aligncenter\"><img decoding=\"async\" loading=\"lazy\" width=\"600\" height=\"277\" src=\"https:\/\/speyer24news.com\/wp-content\/uploads\/2020\/03\/Speyer-Logo-Stadt.png\" alt=\"\" class=\"wp-image-25862\" srcset=\"https:\/\/speyer24news.com\/wp-content\/uploads\/2020\/03\/Speyer-Logo-Stadt.png 600w, https:\/\/speyer24news.com\/wp-content\/uploads\/2020\/03\/Speyer-Logo-Stadt-300x139.png 300w\" sizes=\"(max-width: 600px) 100vw, 600px\" \/><\/figure><\/div>\n\n\n\n<p><strong>Speyer &#8211; <\/strong>Um Speyerer Unternehmen zu entlasten, die aktuell unter den Auswirkungen der Corona-Pandemie leiden, hat der Stadtvorstand als Soforthilfema\u00dfnahme  die Aussetzung von Mietforderungen f\u00fcr gewerblich genutzte, st\u00e4dtische Immobilien sowie die zinslose Stundung von st\u00e4dtischen Steuerforderungen beschlossen. Betroffen ist insbesondere die Gewerbesteuer, in begr\u00fcndeten F\u00e4llen auch die Grundsteuer. Indes informiert  die Wirtschaftsf\u00f6rderung der Stadt Speyer ortsans\u00e4ssige Unternehmen \u00fcber Hilfsangebote des Bundes und des Landes.<\/p>\n\n\n\n<p>\u201eIn Ausnahmesituationen wie dieser sind Solidarit\u00e4t und Zusammenhalt wichtiger denn je. Viele Unternehmen sind aktuell von vor\u00fcbergehenden\n Schlie\u00dfungen oder Umsatzeinbu\u00dfen betroffen, die nicht nur viele Fragen aufwerfen, sondern auch Existenz\u00e4ngste sch\u00fcren\u201c, so Oberb\u00fcrgermeisterin Stefanie Seiler. \u201eMit den nun beschlossenen Soforthilfema\u00dfnahmen m\u00f6chten wir als Kommune unseren Beitrag dazu leisten,\n die Existenzen der Gewerbetreibenden in unserer Stadt zu sichern\u201c.<\/p>\n\n\n\n<h3 class=\"wp-block-heading\">Die wichtigsten Angebote zusammengefasst:<\/h3>\n\n\n\n<h4 class=\"wp-block-heading\"><strong>1. Schutzschild f\u00fcr Besch\u00e4ftigte und Unternehmen<\/strong><\/h4>\n\n\n\n<p>Im Eilverfahren hat das Bundeskabinett das \u201eArbeit-von-Morgen\u201c-Gesetz und ein umfassendes Ma\u00dfnahmenpaket auf den Weg gebracht. Den Betrieben\n soll dadurch erm\u00f6glicht werden, ihre Mitarbeiterinnen und Mitarbeiter zu halten. Dar\u00fcber hinaus werden vereinfachte Krankschreibungen, die Lockerung des Sonntagsarbeitsverbots und Steuererleichterungen f\u00fcr Entlastung der Arbeitgeber*innen sorgen. Weitere Informationen\n stellt die Bundesregierung auf ihrer Homepage zur Verf\u00fcgung: <a href=\"https:\/\/deref-web-02.de\/mail\/client\/wJGxvDKl4TA\/dereferrer\/?redirectUrl=http%3A%2F%2Fwww.bundesregierung.de%2Fbreg-de%2Fthemen%2Fcoronavirus%2Fmilliardenhilfen-wegen-corono-1730386\" target=\"_blank\" rel=\"noreferrer noopener\">www.bundesregierung.de\/breg-de\/themen\/coronavirus\/milliardenhilfen-wegen-corono-1730386<\/a>\n .<\/p>\n\n\n\n<p>Das Bundeswirtschaftsministerium hat f\u00fcr wirtschaftsbezogene Fragen zum Coronavirus eine Hotline eingerichtet. Die Hotline f\u00fcr Unternehmen\n ist unter der Telefonnummer 0 30\/1 86 15 15 15 zu erreichen.<\/p>\n\n\n\n<p>F\u00fcr R\u00fcckfragen zum Thema Kurzarbeit steht die Agentur f\u00fcr Arbeit unter der Arbeitgeber-Hotline 0800\/4 55 55 20 zur Verf\u00fcgung.<\/p>\n\n\n\n<h4 class=\"wp-block-heading\"><strong>2. F\u00f6rderprogramme der KfW und ISB:<\/strong><\/h4>\n\n\n\n<p>Die Investitions- und Strukturbank (ISB) bietet Programmdarlehen und Tilgungsaussetzungen als Hilfen f\u00fcr Unternehmen in Rheinland-Pfalz\n an. Alle Fragen zu Finanzierungsm\u00f6glichkeiten beantwortet die ISB unter der Beratungshotline 0 61 31\/61 72 13 33 sowie per E-Mail unter\n<a href=\"mailto:beratung@isb.rlp.de\" target=\"_blank\" rel=\"noreferrer noopener\">beratung@isb.rlp.de<\/a>. Die Telefone sind von Montag\n bis Freitag von 8 bis 18 Uhr besetzt.<\/p>\n\n\n\n<p>Die Kreditanstalt f\u00fcr Wiederaufbau (KfW) wird die kurzfristige Versorgung der Unternehmen mit Liquidit\u00e4t erleichtern. Bestehende Kredite\n f\u00fcr Unternehmen, Selbstst\u00e4ndige und Freiberufler werden genutzt, um dort die Zugangsbedingungen und Konditionen zu verbessern. Wichtig ist, dass es sich bei dieser Ma\u00dfnahme nicht um Zusch\u00fcsse handelt. F\u00fcr die Antragsstellung sollte mit der jeweiligen Hausbank\n Kontakt aufgenommen werden.<\/p>\n\n\n\n<p>Dar\u00fcber hinaus arbeitet die KfW an einem Sonderprogramm f\u00fcr kleinere, mittlere bzw. gro\u00dfe Unternehmen, das schnellstm\u00f6glich eingef\u00fchrt\n werden soll. Aktuelle Informationen hierzu finden sich auf <a href=\"https:\/\/deref-web-02.de\/mail\/client\/QD9Xn9HQdxk\/dereferrer\/?redirectUrl=http%3A%2F%2Fwww.kfw.de%2FKfW-Konzern%2FNewsroom%2FAktuelles%2FKfW-Corona-Hilfe-Unternehmen.html\" target=\"_blank\" rel=\"noreferrer noopener\">www.kfw.de\/KfW-Konzern\/Newsroom\/Aktuelles\/KfW-Corona-Hilfe-Unternehmen.html<\/a>&nbsp;\n<\/p>\n\n\n\n<h4 class=\"wp-block-heading\"><strong>3. Steuerforderungen:<\/strong><\/h4>\n\n\n\n<p>Fragen zu Stundungen von st\u00e4dtischen Steuerforderungen, insbesondere den aktuellen Gewerbesteuervorauszahlungen, beantwortet die st\u00e4dtische\n Steuerabteilung unter der Telefonnummer 0 62 32\/14 22 48. <\/p>\n\n\n\n<p>Diejenigen Unternehmerinnen und Unternehmer, die das Angebot der Stundung in Anspruch nehmen m\u00f6chten, senden bitte eine E-Mail mit einer\n kurzen Begr\u00fcndung (z.B. Umsatzausfall durch Schlie\u00dfung) an die Steuerabteilung der Stadt Speyer unter\n<a href=\"mailto:peter.imo@stadt-speyer.de\" target=\"_blank\" rel=\"noreferrer noopener\">peter.imo@stadt-speyer.de<\/a>. Nachdem der Antrag bewilligt wurde werden die Steuerforderungen aus Veranlagungen 2018 zinsfrei bis 31. Dezember 2020\ngestundet. Auch Forderungen aus 2017 k\u00f6nnen gegebenenfalls nach einer Einzelfallentscheidung mit Zinsfestsetzung gestundet werden.\n<\/p>\n\n\n\n<p>Parallel hierzu ist es m\u00f6glich, beim Finanzamt einen Herabsetzungsantrag f\u00fcr die K\u00f6rperschaftssteuer und folglich auch die Gewerbesteuervorauszahlung\n zu stellen. Die zust\u00e4ndigen Ansprechpartner*innen des Finanzamts k\u00f6nnen Unternehmer*innen ihrem Steuerbescheid entnehmen.<\/p>\n\n\n\n<h4 class=\"wp-block-heading\"><strong>4. Aussetzung von Mietforderungen<\/strong><\/h4>\n\n\n\n<p>Die Stadt Speyer wird f\u00fcr die von ihr vermieteten Gewerbeimmobilien die Mietforderungen zun\u00e4chst f\u00fcr den Monat April aussetzen und zu  gegebener Zeit und je nach Entwicklung weitere Erleichterungsma\u00dfnahmen mit den Mieter*innen besprechen. Dar\u00fcber hinaus appelliert die Oberb\u00fcrgermeisterin auch an private Eigent\u00fcmer und Vermieter gewerblich genutzter Immobilien, es der Stadt gleichzutun: \u201eHelfen Sie ihren Mieterinnen und Mietern mit gro\u00dfz\u00fcgigen Mietpreisreduzierungen oder \u2013stundungen, wo immer es f\u00fcr Sie verkraftbar ist. Seien Sie solidarisch und helfen Sie dabei, die Innenstadt, das Gewerbe und eine Vielzahl von Arbeitspl\u00e4tzen zu sch\u00fctzen!\u201c <\/p>\n\n\n\n<p>Auch die Wirtschaftsf\u00f6rderung der Stadtverwaltung steht bei allgemeinen R\u00fcckfragen gerne telefonisch unter 0 62 32\/14 22 80 oder 0 62  32\/14 27 60 sowie per E-Mail unter <a href=\"mailto:wirtschaftsfoerderung@stadt-speyer.de\" target=\"_blank\" rel=\"noreferrer noopener\"> wirtschaftsfoerderung@stadt-speyer.de<\/a> zur Verf\u00fcgung.<\/p>\n\n\n\n<p><em>Stadtverwaltung Speyer<br>22.03.2020<\/em><\/p>\n\n\n\n<h2 class=\"wp-block-heading\"><strong>Corona: AST-Verkehr in Speyer wird eingestellt<\/strong><\/h2>\n\n\n\n<div class=\"wp-block-image\"><figure class=\"aligncenter\"><img decoding=\"async\" loading=\"lazy\" width=\"800\" height=\"533\" src=\"https:\/\/speyer24news.com\/wp-content\/uploads\/2020\/03\/automobile-1845650_1920.jpg\" alt=\"\" class=\"wp-image-25979\" srcset=\"https:\/\/speyer24news.com\/wp-content\/uploads\/2020\/03\/automobile-1845650_1920.jpg 800w, https:\/\/speyer24news.com\/wp-content\/uploads\/2020\/03\/automobile-1845650_1920-300x200.jpg 300w, https:\/\/speyer24news.com\/wp-content\/uploads\/2020\/03\/automobile-1845650_1920-768x512.jpg 768w\" sizes=\"(max-width: 800px) 100vw, 800px\" \/><\/figure><\/div>\n\n\n\n<p><strong>Speyer &#8211; <\/strong>Aufgrund der Corona-Pandemie stellen die Verkehrsbetriebe Speyer den Anruf-Sammel-Taxi-Verkehr (AST-Verkehr) in der Domstadt<strong> ab Samstag, 21. M\u00e4rz 2020<\/strong> ein \u2013 ausgenommen von der Regelung sind Berufspendler. Die Verkehrsbetriebe folgen damit  einer Empfehlung des Verkehrsverbundes Rhein-Neckar (VRN), der die Einstellung aller Ruftaxi- und Anruf-Sammel-Taxi-Verkehre verbundweit ab diesem Zeitpunkt empfiehlt. AST-Telefon: 06232\/26666.<\/p>\n\n\n\n<p><em>Stadtwerke Speyer GmbH<br>22.03.2020<\/em><\/p>\n\n\n\n<h2 class=\"wp-block-heading\">Corona-Pandemie: Landesregierung f\u00f6rdert nachbarschaftliche Netzwerke<\/h2>\n\n\n\n<div class=\"wp-block-image\"><figure class=\"aligncenter\"><img decoding=\"async\" loading=\"lazy\" width=\"640\" height=\"475\" src=\"https:\/\/speyer24news.com\/wp-content\/uploads\/2020\/03\/RLP-Logo.jpg\" alt=\"\" class=\"wp-image-25896\" srcset=\"https:\/\/speyer24news.com\/wp-content\/uploads\/2020\/03\/RLP-Logo.jpg 640w, https:\/\/speyer24news.com\/wp-content\/uploads\/2020\/03\/RLP-Logo-300x223.jpg 300w, https:\/\/speyer24news.com\/wp-content\/uploads\/2020\/03\/RLP-Logo-80x60.jpg 80w\" sizes=\"(max-width: 640px) 100vw, 640px\" \/><\/figure><\/div>\n\n\n\n<p><strong>Mainz \/ Rheinland-Pfalz &#8211;<\/strong> Die Landesregierung unterst\u00fctzt Kommunen dabei, Anlaufstellen und Informations-telefone f\u00fcr Menschen einzurichten, die aufgrund ihres Alters oder ihres Gesundheitszustandes zu den Corona-Risikogruppen geh\u00f6ren.  \u201eIn Rheinland-Pfalz wird Zusammenhalt gelebt. Es gibt viel gegenseitige Unterst\u00fctzung und Menschen, die sich gerade in der aktuellen Ausnahmesituation unter die Arme greifen. Das wollen wir unterst\u00fctzen und den Aus- oder Aufbau von nachbarschaftlichen Netzwerken  f\u00f6rdern\u201c, sagten Ministerpr\u00e4sidentin Malu Dreyer und Gesundheits- und Sozialministerin Sabine B\u00e4tzing-Lichtenth\u00e4ler.<\/p>\n\n\n\n<p>\u00dcber diese Netzwerke sollen Hilfsangebote, wie beispielsweise ehrenamtliche Einkaufshilfen, vermittelt werden. F\u00fcr den Aus- oder Aufbau dieser nachbarschaftlichen Netzwerke stellt das Sozialministerium zun\u00e4chst\n 360.000 Euro als Unterst\u00fctzung f\u00fcr Landkreise und kreisfreie St\u00e4dte zur Verf\u00fcgung.<\/p>\n\n\n\n<p>Voraussetzung ist, dass es eine oder mehrere Vernetzungsstellen gibt, die an mindestens drei Stunden t\u00e4glich Hilfesuchende aus den besonders gef\u00e4hrdeten Gruppen an ehrenamtliche der hauptamtliche Helfer vermittelt.\n Die Vernetzungsstellen k\u00f6nnen bei kommunalen Ansprechpartnern, beispielsweise den Gemeindeschwesternplus, den Pflegestrukturplanern oder Ortsvorstehern, aber auch freien Tr\u00e4gern, Kirchen und Wohlfahrtsverb\u00e4nden eingerichtet werden. Das Budget kann zum Beispiel\n daf\u00fcr eingesetzt werden, eine telefonische Hotline einzurichten oder Ehrenamtliche zu entlohnen.\n<\/p>\n\n\n\n<p>Informationen zu den Anlaufstellen in den Kommunen sollen auf der Internetseite \u201e<a href=\"https:\/\/deref-web-02.de\/mail\/client\/rN_WyRF5GKk\/dereferrer\/?redirectUrl=http%3A%2F%2Fwww.Zusammenland.rlp.de\" target=\"_blank\" rel=\"noreferrer noopener\">www.Zusammenland.rlp.de<\/a>\u201c gesammelt und ver\u00f6ffentlicht werden.<\/p>\n\n\n\n<p><em>Staatskanzlei Rheinland-Pfalz<br>22.03.2020<\/em><\/p>\n\n\n\n<h2 class=\"wp-block-heading\">Q 6 Q 7: Nur Gesch\u00e4fte f\u00fcr t\u00e4glichen Bedarf bleiben ge\u00f6ffnet <\/h2>\n\n\n\n<ul><li><strong>F\u00fcr alle noch ge\u00f6ffneten Stores und Gastro-Betriebe gelten ge\u00e4nderte \u00d6ffnungszeiten <\/strong><\/li><li><strong>Basis ist die so genannte \u201eCorona-Verordnung\u201c der Landesregierung <\/strong><\/li><\/ul>\n\n\n\n<div class=\"wp-block-image\"><figure class=\"aligncenter\"><img decoding=\"async\" loading=\"lazy\" width=\"350\" height=\"350\" src=\"https:\/\/speyer24news.com\/wp-content\/uploads\/2020\/01\/q6q7-logo.png\" alt=\"\" class=\"wp-image-24906\" srcset=\"https:\/\/speyer24news.com\/wp-content\/uploads\/2020\/01\/q6q7-logo.png 350w, https:\/\/speyer24news.com\/wp-content\/uploads\/2020\/01\/q6q7-logo-150x150.png 150w, https:\/\/speyer24news.com\/wp-content\/uploads\/2020\/01\/q6q7-logo-300x300.png 300w\" sizes=\"(max-width: 350px) 100vw, 350px\" \/><\/figure><\/div>\n\n\n\n<p><strong>Mannheim &#8211; <\/strong>Zur Eind\u00e4mmung des Corona-Virus wird ab heute [18.03.2020] der Gro\u00dfteil der Gesch\u00e4fte in Q 6 Q 7 geschlossen. Lediglich die Gesch\u00e4fte f\u00fcr den t\u00e4glichen Bedarf bleiben ge\u00f6ffnet, ebenso einzelne Gastrobetriebe. Basis daf\u00fcr ist die so genannte \u201eCorona-Verordnung\u201c des Landes Baden-W\u00fcrttemberg. Aktuelle Informationen zu den jeweils g\u00fcltigen \u00d6ffnungszeiten gibt es im Internet unter <a href=\"http:\/\/www.Q6Q7.de\">Q6Q7.de<\/a> und auf Facebook unter <a href=\"http:\/\/facebook.com\/Q6Q7.Mannheim\">facebook.com\/Q6Q7.Mannheim<\/a>. <\/p>\n\n\n\n<h3 class=\"wp-block-heading\">Weiterhin von Montag bis Samstag ge\u00f6ffnet haben: <\/h3>\n\n\n\n<h4 class=\"wp-block-heading\">T\u00e4glicher Bedarf<\/h4>\n\n\n\n<ul><li>REWE Viering (8 bis 22 Uhr)<\/li><li>dm-markt (8 bis 20 Uhr)<\/li><li>B\u00e4cker G\u00f6rtz (8 bis 20 Uhr)<\/li><li>Reformhaus Escher (10 bis 18 Uhr)<\/li><li>CIGO Kiosk, Post &amp; Zeitungen (10 bis 18 Uhr)<\/li><li>Fisher\u2019s Sweet S\u00fc\u00dfwaren (13 bis 18 Uhr)<\/li><li>Quadrat Hundert Hundebedarf (10 bis 13 Uhr)<\/li><li>Florist Belle Flore, nur Lieferservice; Telefonbestellungen unter 0162 \/ 9582460<\/li><\/ul>\n\n\n\n<h4 class=\"wp-block-heading\">Medizinbedarf<\/h4>\n\n\n\n<ul><li>Heldmann\u2019s Apotheke (8.30 bis 20 Uhr)<\/li><li>Optiker Eyes + more (11 bis 16 Uhr)<\/li><li>OHRpheus (10 bis 18 Uhr, samstags geschlossen)<\/li><\/ul>\n\n\n\n<h4 class=\"wp-block-heading\">Gastronomie<\/h4>\n\n\n\n<ul><li>Oh Julia (8 bis 18 Uhr)<\/li><li>Die Kuh die lacht (12 bis 18 Uhr)<\/li><li>Intermezzo di Dario Fontanella (10 bis 18 Uhr, nur Stra\u00dfenverkauf)<\/li><\/ul>\n\n\n\n<p>Alle weiteren Stores haben vor\u00fcbergehend geschlossen, ebenso der Fitness First Platinum Swim Club. <\/p>\n\n\n\n<p>Die Tiefgarage ist weiterhin rund um die Uhr ge\u00f6ffnet. <\/p>\n\n\n\n<p><em>CRM &#8211; Center &amp; Retail Management GmbH<br>22.03.2020<\/em><\/p>\n\n\n\n<h2 class=\"wp-block-heading\"><strong>Corona-Testzentrum er\u00f6ffnet: Landr\u00e4te und OB appellieren: \u201eKeine Tests aus reiner Vorsicht!\u201c<\/strong><\/h2>\n\n\n\n<div class=\"wp-block-image\"><figure class=\"aligncenter\"><img decoding=\"async\" loading=\"lazy\" width=\"600\" height=\"184\" src=\"https:\/\/speyer24news.com\/wp-content\/uploads\/2020\/03\/S\u00dcW-Landau-Logo.png\" alt=\"\" class=\"wp-image-25915\" srcset=\"https:\/\/speyer24news.com\/wp-content\/uploads\/2020\/03\/S\u00dcW-Landau-Logo.png 600w, https:\/\/speyer24news.com\/wp-content\/uploads\/2020\/03\/S\u00dcW-Landau-Logo-300x92.png 300w\" sizes=\"(max-width: 600px) 100vw, 600px\" \/><\/figure><\/div>\n\n\n\n<p><strong>\ufeffLandau &#8211; <\/strong>Das am 17.03.2020 in Betrieb genommene Corona-Testzentrum auf dem Alfred-Nobel-Platz (Neuer Messplatz) in Landau wird stark nachgefragt. Mit zw\u00f6lf Personen haben die DRK Kreisverb\u00e4nde Landau und S\u00fcdliche Weinstra\u00dfe ehrenamtliches Fachpersonal gestellt. Am ersten Tag konnten rund 160 Personen getestet werden. Es laufen Planungen, um die Kapazit\u00e4ten mit Ehrenamtlichen schnellstm\u00f6glich auszuweiten. Der Betrieb soll zeitnah an die Haus\u00e4rztinnen und Haus\u00e4rzte sowie die Kassen\u00e4rztliche Vereinigung \u00fcbertragen werden. <\/p>\n\n\n\n<p>Die Landr\u00e4te Dr. Fritz Brechtel und Dietmar Seefeldt sowie Oberb\u00fcrgermeister\nThomas Hirsch weisen nochmals darauf hin: Wer sich hier testen lassen will,\nben\u00f6tigt daf\u00fcr zwingend eine sogenannte Labor\u00fcberweisung von einer \u00c4rztin bzw.\neinem Arzt, etwa der Haus\u00e4rztin bzw. dem Hausarzt.\nDie \u00dcberweisung muss im Original vorliegen, Screenshots auf Handys etc. werden\nnicht akzeptiert. Die Beh\u00f6rdenleiter appellieren an die B\u00fcrgerinnen und B\u00fcrger:\n\u201eLassen Sie sich nicht aus reiner Vorsicht testen. Die Kapazit\u00e4ten reichen\nansonsten nicht aus und tats\u00e4chlich bereits erkrankte Personen haben\nm\u00f6glicherweise das Nachsehen. Vielen Dank f\u00fcr Ihr Verst\u00e4ndnis.\u201c <\/p>\n\n\n\n<p>Die ausstellenden \u00c4rzte\nsind angewiesen, die RKI Richtlinien anzuwenden, anhand derer beurteilt wird,\nob eine Beprobung angezeigt ist. Auf dem Schein sollte zudem die Telefonnummer bzw.\nE-Mail-Adresse der Patientin bzw. des Patienten vermerkt sein. Mit der\n\u00dcberweisung kann dann die Teststation auf dem Neuen Messplatz mit dem Auto\nangefahren werden. Zus\u00e4tzlich zum richtigen \u00dcberweisungsschein muss die\nPatientin bzw. der Patient zur Identifikation ihren bzw. seinen Personalausweis\noder Reisepass vorlegen. <\/p>\n\n\n\n<p>F\u00fcr\nden Abstrich qualifizieren sich ausschlie\u00dflich Patientinnen und Patienten mit\nrespiratorischen Symptomen, z.B. Husten und Fieber, die entweder nachweislich Kontakt\nzu einem SARS-CoV-2 positiv getesteten Patienten hatten oder die Symptome\naufweisen und aus einem Risikogebiet in die S\u00fcdpfalz zur\u00fcckgekehrt sind. Die\nR\u00fcckkehr darf nicht l\u00e4nger als 14 Tage zur\u00fcckliegen.<\/p>\n\n\n\n<p>Die Kreischefs und der OB\nbetonen: \u201eDas interkommunale Diagnosezentrum ist ein wichtiger Baustein, um die\nniedergelassenen \u00c4rztinnen und \u00c4rzte sowie die Kliniken zu entlasten und damit\ndie Infrastruktur in der S\u00fcdpfalz zu sichern. Um die Kapazit\u00e4ten auszuweiten und die gro\u00dfe Nachfrage\nzu bew\u00e4ltigen, laufen bereits Planungen, eine zweite Linie einzurichten, in der\ndie Abstriche parallel durchgef\u00fchrt werden k\u00f6nnen. Unser\ngro\u00dfer Dank gilt allen Beteiligten sowie ehrenamtlichen Helferinnen und\nHelfern.\u201c <\/p>\n\n\n\n<p>Um die Verkehrssituation rund um das Diagnosezentrum zu optimieren, ist die Zufahrt zur Teststation ab sofort nur noch aus \u00f6stlicher Richtung \u00fcber die Lise-Meitner-Stra\u00dfe m\u00f6glich. Die Ausfahrt erfolgt \u00fcber die Marie-Curie-Stra\u00dfe. In diesem Zug wird die Zufahrt von der Johannes-Kopp-Stra\u00dfe in die Lise-Meitner-Stra\u00dfe gesperrt. Ein Ausfahren von der Lise-Meitner-Stra\u00dfe in die Johannes-Kopp-Stra\u00dfe bleibt weiterhin m\u00f6glich, ebenso der Verkehr in der Lise-Meitner-Stra\u00dfe selbst. Die neue Verkehrsf\u00fchrung ist entsprechend ausgeschildert.<\/p>\n\n\n\n<p><em>Gemeinsame Pressemitteilung der Landkreise Germersheim und S\u00fcdliche Weinstra\u00dfe und der Stadt Landau in der Pfalz<br>22.03.2020<\/em><\/p>\n\n\n\n<h2 class=\"wp-block-heading\"><strong>Zum Schutz vor Coronaviren: Ab sofort nur noch telefonische Pflegeberatung in den Pflegest\u00fctzpunkten \u2013 Pflegest\u00fctzpunkte vor Ort derzeit geschlossen<\/strong><\/h2>\n\n\n\n<div class=\"wp-block-image\"><figure class=\"aligncenter\"><img decoding=\"async\" loading=\"lazy\" width=\"400\" height=\"166\" src=\"https:\/\/speyer24news.com\/wp-content\/uploads\/2020\/03\/Pflegest\u00fctzpunkt.png\" alt=\"\" class=\"wp-image-25978\" srcset=\"https:\/\/speyer24news.com\/wp-content\/uploads\/2020\/03\/Pflegest\u00fctzpunkt.png 400w, https:\/\/speyer24news.com\/wp-content\/uploads\/2020\/03\/Pflegest\u00fctzpunkt-300x125.png 300w\" sizes=\"(max-width: 400px) 100vw, 400px\" \/><\/figure><\/div>\n\n\n\n<p><strong>Mainz \/ Rheinland-Pfalz &#8211; <\/strong>Menschen, die Kontakt zu den Pflegest\u00fctzpunkten aufnehmen, sind in der Regel aufgrund ihres Alters und\/oder ihres Gesundheitszustandes besonders sch\u00fctzenswert. Deshalb haben sich die Tr\u00e4ger der Pflegest\u00fctzpunkte am Montagnachmittag dazu entschieden, alle Pflegest\u00fctzpunkte in Rheinland-Pfalz f\u00fcr den Kundenverkehr zu schlie\u00dfen. Aufgrund der aktuellen Entwicklung von Coronainfektionen findet keine pers\u00f6nliche Beratung in den Pflege\u00adst\u00fctzpunkten mehr statt. <\/p>\n\n\n\n<p>Deshalb\nk\u00f6nnen momentan auch keine pers\u00f6nlichen Besuche im h\u00e4uslich-famili\u00e4ren Bereich\nerfolgen. <\/p>\n\n\n\n<p>Die\nMa\u00dfnahme gilt in Abstimmung mit dem Ministerium f\u00fcr Soziales, Arbeit,\nGesundheit und Demografie zun\u00e4chst bis Ende der Osterferien in Rheinland-Pfalz\n(19.04.2020).<\/p>\n\n\n\n<p>Personen,\ndie Hilfe ben\u00f6tigen, bekommen diese aber weiterhin per Telefon oder E-mail. Die\nKontaktdaten aller rheinland-pf\u00e4lzischen Pflegest\u00fctzpunkte findet man auf der\nHomepage des Sozialportals Rheinland-Pfalz:<\/p>\n\n\n\n<p><a href=\"http:\/\/www.pflegestuetzpunkte.rlp.de\">www.pflegestuetzpunkte.rlp.de<\/a> oder<\/p>\n\n\n\n<p><a href=\"https:\/\/sozialportal.rlp.de\/aeltere-menschen\/pflegestuetzpunkte\/\">https:\/\/sozialportal.rlp.de\/aeltere-menschen\/pflegestuetzpunkte\/<\/a><\/p>\n\n\n\n<p><em>Pflegest\u00fctzpunkte in Rheinland-Pfalz<br>22.03.2020<\/em><\/p>\n\n\n\n<h2 class=\"wp-block-heading\"><strong>Rhein-Pfalz-Kreis schlie\u00dft seine Wertstoffh\u00f6fe<\/strong><\/h2>\n\n\n\n<div class=\"wp-block-image\"><figure class=\"aligncenter\"><img decoding=\"async\" loading=\"lazy\" width=\"800\" height=\"600\" src=\"https:\/\/speyer24news.com\/wp-content\/uploads\/2020\/03\/Gelber-Sack-M\u00fcll-2.jpg\" alt=\"\" class=\"wp-image-25977\" srcset=\"https:\/\/speyer24news.com\/wp-content\/uploads\/2020\/03\/Gelber-Sack-M\u00fcll-2.jpg 800w, https:\/\/speyer24news.com\/wp-content\/uploads\/2020\/03\/Gelber-Sack-M\u00fcll-2-300x225.jpg 300w, https:\/\/speyer24news.com\/wp-content\/uploads\/2020\/03\/Gelber-Sack-M\u00fcll-2-768x576.jpg 768w, https:\/\/speyer24news.com\/wp-content\/uploads\/2020\/03\/Gelber-Sack-M\u00fcll-2-678x509.jpg 678w, https:\/\/speyer24news.com\/wp-content\/uploads\/2020\/03\/Gelber-Sack-M\u00fcll-2-326x245.jpg 326w, https:\/\/speyer24news.com\/wp-content\/uploads\/2020\/03\/Gelber-Sack-M\u00fcll-2-80x60.jpg 80w\" sizes=\"(max-width: 800px) 100vw, 800px\" \/><\/figure><\/div>\n\n\n\n<p><strong>Rhein-Pfalz-Kreis &#8211; <\/strong>Aufgrund der sich ausbreitenden Infizierung mit dem neuartigen Coronavirus SARS-CoV-2 hat sich die Verwaltung des Rhein-Pfalz-Kreises dazu entschlossen, alle Wertstoffh\u00f6fe im Kreisgebiet f\u00fcr Anlieferungen ab Donnerstag, 19. M\u00e4rz 2020, zu schlie\u00dfen. Diese erh\u00f6hten Schutzma\u00dfnahmen sind zur Verhinderung der Verbreitung und zum Schutz des Personals und der B\u00fcrgerinnen und B\u00fcrger erforderlich und gelten bis auf weiteres.<\/p>\n\n\n\n<p>Der zust\u00e4ndige Kreisbeigeordnete Volker Kn\u00f6rr\nbetont, dass die Wertstoffh\u00f6fe in den letzten Tagen einen enormen Ansturm an\nAnlieferungen erleben mussten. \u201eEs gilt auch auf den Wertstoffh\u00f6fen,\nMenschenansammlungen zu vermeiden und die vielen Kontakte einzuschr\u00e4nken, um\ndie Verbreitung des Coronavirus einzud\u00e4mmen\u201c, so Volker Kn\u00f6rr.<\/p>\n\n\n\n<p>In Ausnahmef\u00e4llen ist eine Anlieferung im\nWertstoffhof Mutterstadt (auf dem Gel\u00e4nde der Firma Zeller) und im Wertstoffhof\nSchifferstadt bei der Kreisbauschuttdeponie zun\u00e4chst noch m\u00f6glich. Die\n\u00d6ffnungszeiten sind unter <a href=\"http:\/\/www.ebalu.de\">www.ebalu.de<\/a>\nersichtlich. Volker Kn\u00f6rr bittet die Kreisb\u00fcrgerinnen und \u2013b\u00fcrger ausdr\u00fccklich,\ndiese Handhabe auch nur in tats\u00e4chlichen Ausnahmef\u00e4llen zu nutzen, wenn\nbeispielsweise keine M\u00f6glichkeit zur Zwischenlagerung gegeben ist.<\/p>\n\n\n\n<p>Die Sonderabfallannahme am Schadstoffmobil wird\nebenso bis auf weiteres ausgesetzt. Davon betroffen ist am Samstag, 21. M\u00e4rz\n2020, die Gemeinde Limburgerhof und danach andere Gemeinden an den jeweiligen\nSamtagsterminen.<\/p>\n\n\n\n<p>Die regul\u00e4re Abfuhr von Abf\u00e4llen (Rest-, Bioabfall, Papier, Leichtverpackung, Glas und Gr\u00fcnschnitt, Sperrm\u00fcll) l\u00e4uft momentan normal weiter. Termine f\u00fcr die Abfallabfuhren sind im Abfallkalender der jeweiligen Gemeinde oder auf der Internetseite des Eigenbetriebs Abfallwirtschaft ersichtlich.<\/p>\n\n\n\n<p><em>Kreisverwaltung Rhein-Pfalz-Kreis<br>22.03.2020<\/em><\/p>\n\n\n\n<h2 class=\"wp-block-heading\"><strong>Gemeinsam f\u00fcr die Menschen<\/strong><\/h2>\n\n\n\n<h3 class=\"wp-block-heading\"><strong>Bischof Karl Heinz Wiesemann und Christian Schad rufen zu \u00f6kumenischem Gebet auf<\/strong><\/h3>\n\n\n\n<div class=\"wp-block-image\"><figure class=\"aligncenter\"><img decoding=\"async\" src=\"https:\/\/speyer24news.com\/wp-content\/uploads\/2020\/03\/Kirche-Logo.jpg\" alt=\"\" class=\"wp-image-25976\"\/><\/figure><\/div>\n\n\n\n<p>Die Ausbreitung des Corona-Virus in Deutschland und weltweit ist mit vielf\u00e4ltigen und schwerwiegenden Konsequenzen verbunden: Tausende Menschen in unserem Land sind erkrankt. \u00c4rztinnen und \u00c4rzte sowie Pflegende arbeiten bis an die Grenzen ihrer Belastbarkeit. Das \u00f6ffentliche Leben wie auch das Leben jedes und jeder Einzelnen unterliegen deutlichen Einschr\u00e4nkungen. Viele Menschen sind besorgt um ihre Gesundheit oder um ihren Arbeitsplatz. Auch das kirchliche Leben ist betroffen: Gottesdienste k\u00f6nnen nicht mehr zusammen mit der Gemeinde gefeiert werden. Ch\u00f6re und Gemeindegruppen k\u00f6nnen sich nicht mehr treffen.<\/p>\n\n\n\n<p>Angesichts dessen rufen Kirchenpr\u00e4sident Christian Schad und Bischof Karl-Heinz Wiesemann gemeinsam zum Gebet auf. Sie haben dazu einen Gebetstext verfasst, den sie allen Christinnen und Christen in Landeskirche und Bistum und in der Weite der Arbeitsgemeinschaft Christlicher Kirchen in der Region S\u00fcdwest an die Hand geben. Kirchenpr\u00e4sident Schad und Bischof Wiesemann laden ein, dieses Gebet t\u00e4glich zu sprechen, wenn die Kirchenglocken zum (Angelus-)Gebet rufen. Sie selbst werden am Samstag, 21. M\u00e4rz, um 18 Uhr \u2013 zu der Zeit, in der vielerorts die Glocken den vierten Fastensonntag \u201eLaetare\u201c einl\u00e4uten \u2013 in der Kapelle des Butenschoen-Hauses eine kleine \u00f6kumenische Andacht feiern, die von Landeskirchenmusikdirektor Jochen Steuerwald musikalisch gestaltet wird. Diese Andacht wird auf den Homepages beider Kirchen online \u00fcbertragen.<\/p>\n\n\n\n<p>Zu dieser Zeit sollen in allen Kirchen in der Pfalz\/Saarpfalz die Kirchenglocken 10 Minuten lang l\u00e4uten. Der Gebetstext \u2013 so Bischof und Kirchenpr\u00e4sident \u2013 soll eine Hilfe sein in der Zeit, in der es nicht m\u00f6glich ist, in Gemeinschaft Gottesdienst zu feiern. Es ist ein Zeichen, dass wir als Kirchen zusammen-stehen und f\u00fcreinander f\u00fcr die Menschen da sind. Es zeigt, dass Kirche mehr ist als die sonnt\u00e4gliche Versammlung der Gl\u00e4ubigen. Die Gemeinschaft im Gebet geht \u00fcber \u00d6kumenisches Gebet in Zeiten der Krise \u00fcber die Kirchenmauern hinaus und setzt sich in der gelebten Solidarit\u00e4t f\u00fcr alle Menschen fort.<\/p>\n\n\n\n<p>Die beiden kirchenleitenden Geistlichen sehen in der aktuellen Krise zugleich eine Chance, dass sich die Kirchen neu auf den Kern ihres gemeinsamen Auftrags besinnen und neue Formate finden, wie sie Christinnen und Christen im Glauben st\u00e4rken und allen Menschen in der jetzigen Situation beistehen k\u00f6nnen. Sie danken allen Seelsorgerinnen und Seelsorgern, die kreative und hilfreiche Ideen umgesetzt haben, um gottesdienstliches Feiern und seelsorgliche Zuwendung weiter zu erm\u00f6glichen.<\/p>\n\n\n\n<h4 class=\"wp-block-heading\"><strong>Homepages von Landeskirche und Bistum:<\/strong><\/h4>\n\n\n\n<p><a href=\"https:\/\/deref-web-02.de\/mail\/client\/X2RgN0KH_4w\/dereferrer\/?redirectUrl=http%3A%2F%2Fwww.evkirchepfalz.de\" target=\"_blank\" rel=\"noreferrer noopener\">www.evkirchepfalz.de<\/a><\/p>\n\n\n\n<p><a href=\"https:\/\/deref-web-02.de\/mail\/client\/1cyMA8jtc2g\/dereferrer\/?redirectUrl=http%3A%2F%2Fwww.bistum-speyer.de\" target=\"_blank\" rel=\"noreferrer noopener\">www.bistum-speyer.de<\/a><\/p>\n\n\n\n<p><\/p>\n\n\n\n<h2 class=\"wp-block-heading\">Um die Corona-Lage zu bew\u00e4ltigen: Stadt Landau richtet im Rathaus verwaltungsinternes Lagezentrum ein \u2013 Vier Anlaufstellen helfen B\u00fcrgerinnen und B\u00fcrger bei dringenden Verwaltungsanliegen \u2013 Aussch\u00fcsse und Beir\u00e4te werden abgesagt \u2013 Hauptausschuss erh\u00e4lt Entscheidungserm\u00e4chtigung vom Stadtrat <\/h2>\n\n\n\n<div class=\"wp-block-image\"><figure class=\"aligncenter\"><img decoding=\"async\" loading=\"lazy\" width=\"800\" height=\"533\" src=\"https:\/\/speyer24news.com\/wp-content\/uploads\/2020\/03\/Info-146a-Rathaus.jpg\" alt=\"\" class=\"wp-image-25974\" srcset=\"https:\/\/speyer24news.com\/wp-content\/uploads\/2020\/03\/Info-146a-Rathaus.jpg 800w, https:\/\/speyer24news.com\/wp-content\/uploads\/2020\/03\/Info-146a-Rathaus-300x200.jpg 300w, https:\/\/speyer24news.com\/wp-content\/uploads\/2020\/03\/Info-146a-Rathaus-768x512.jpg 768w\" sizes=\"(max-width: 800px) 100vw, 800px\" \/><figcaption>Um die aktuelle Corona-Krise bew\u00e4ltigen zu k\u00f6nnen, hat die Stadt Landau im Rathaus ein Lagezentrum eingerichtet. Leiter ist Stefan Krauch (3.v.l.), der jetzt von OB Thomas Hirsch (4.n.l.) ernannt wurde. <\/figcaption><\/figure><\/div>\n\n\n\n<p><strong>Landau &#8211; <\/strong>Die aktuelle Dynamik der Ausbreitung des Corona-Virus stellt auch die Stadt Landau vor v\u00f6llig neue Herausforderungen. Aus diesem Grund hat sie im Rathaus ein Lagezentrum als interne Informations- und Vernetzungsplattform eingerichtet. Das teilt Oberb\u00fcrgermeister Thomas Hirsch jetzt mit, der den Leiter der Abteilung Brand- und Katastrophenschutz, Stefan Krauch, zum Leiter des Lagezentrums ernannt hat. Krauch und sein Team sammeln und b\u00fcndeln die zahlreichen Informationen, die rund um das Virus bei der Verwaltung eingehen, beraten aktuelle Entwicklungen und setzen in Abstimmung mit dem Stadtvorstand Ma\u00dfnahmen um. <\/p>\n\n\n\n<p>F\u00fcr den Publikumsverkehr bleiben das Rathaus und die \u00fcbrigen Dienstgeb\u00e4ude der Stadtverwaltung Landau weiter geschlossen. In besonders dringenden F\u00e4llen k\u00f6nnen telefonisch oder per E-Mail Termine vereinbart werden; ansonsten sind B\u00fcrgerinnen und B\u00fcrger angehalten, ihre Anliegen m\u00f6glichst telefonisch oder postalisch vorzubringen. Ansprechpartnerinnen und Ansprechpartner sind die zust\u00e4ndigen Sachbearbeiterinnen und Sachbearbeiter oder die Telefonzentrale unter der 0 63 41\/1 30. Um B\u00fcrgerinnen und B\u00fcrger im Notfall bedienen zu k\u00f6nnen, ohne dass diese die Dienstgeb\u00e4ude betreten m\u00fcssen, hat die Verwaltung vier Anlaufstellen an drei dezentralen Standorten eingerichtet. Diese befinden sich im Bauamt in der K\u00f6nigstra\u00dfe 21 und im Dienstgeb\u00e4ude in der Friedrich-Ebert-Stra\u00dfe 5, wo die Bedienung jeweils \u00fcber ein Fenster erfolgt, sowie im Rathaus in der Marktstra\u00dfe 50 im Foyer des Altbaus. <\/p>\n\n\n\n<div class=\"wp-block-image\"><figure class=\"aligncenter\"><img decoding=\"async\" loading=\"lazy\" width=\"800\" height=\"533\" src=\"https:\/\/speyer24news.com\/wp-content\/uploads\/2020\/03\/Info-146b-Rathaus.jpg\" alt=\"\" class=\"wp-image-25975\" srcset=\"https:\/\/speyer24news.com\/wp-content\/uploads\/2020\/03\/Info-146b-Rathaus.jpg 800w, https:\/\/speyer24news.com\/wp-content\/uploads\/2020\/03\/Info-146b-Rathaus-300x200.jpg 300w, https:\/\/speyer24news.com\/wp-content\/uploads\/2020\/03\/Info-146b-Rathaus-768x512.jpg 768w\" sizes=\"(max-width: 800px) 100vw, 800px\" \/><figcaption>Dienst an der B\u00fcrgerin bzw. dem B\u00fcrger mal anders: Die Stadtverwaltung Landau hat vier Anlaufstellen an drei dezentralen Standorten eingerichtet. <\/figcaption><\/figure><\/div>\n\n\n\n<p>OB Hirsch betont die Bedeutung der Vorsichtsma\u00dfnahmen:\n\u201eJeder und jedem einzelnen von uns muss klar sein, um was es jetzt geht \u2013\nn\u00e4mlich um die Rettung von Menschenleben. Es gilt, soziale Kontakte einzud\u00e4mmen\nund m\u00f6glichst zu Hause zu bleiben, um die Ausbreitung der Virusinfektion zu\nverlangsamen. Nur dann k\u00f6nnen wir mit unserem Gesundheitssystem allen schwer\nErkrankten auch die notwendige Hilfe zur Verf\u00fcgung stellen, die diese\nben\u00f6tigen.\u201c&nbsp; <\/p>\n\n\n\n<p>Auch die st\u00e4dtische Gremienarbeit wird angesichts der aktuellen Situation zur\u00fcckgefahren. Aber, so Hirsch: \u201eWir m\u00fcssen trotz der Krise versuchen, besonders wichtige fachliche Themen weiterzubringen, um in der nachhaltigen Entwicklung unserer Stadt nicht zu stark zur\u00fcckgeworfen zu werden.\u201c Aus diesem Grund hat der Stadtrat den kleineren Hauptausschuss f\u00fcr die n\u00e4chste Zeit mit den meisten Stadtratskompetenzen ausgestattet. Der f\u00fcr den 24. M\u00e4rz geplante gemeinsame Haupt-, Bau- und Umweltausschuss wird zu einem reinen Hauptausschuss \u2013 mit so wichtigen Themen wie der Sanierung des Schwanenweihers auf der Tagesordnung.<\/p>\n\n\n\n<p><em>Stadtverwaltung Landau in der Pfalz<br>22.03.2020<\/em><\/p>\n\n\n\n<h2 class=\"wp-block-heading\">Stadt Landau weist auf geltendes Versammlungsverbot hin \u2013 Ordnungsdezernent Hartmann: \u201eWerden rechte Kundgebungen mit allem, was in unserer Macht steht, unterbinden\u201c&nbsp; <\/h2>\n\n\n\n<div class=\"wp-block-image\"><figure class=\"aligncenter\"><img decoding=\"async\" loading=\"lazy\" width=\"800\" height=\"440\" src=\"https:\/\/speyer24news.com\/wp-content\/uploads\/2020\/03\/no-1532826_1920.png\" alt=\"\" class=\"wp-image-25973\" srcset=\"https:\/\/speyer24news.com\/wp-content\/uploads\/2020\/03\/no-1532826_1920.png 800w, https:\/\/speyer24news.com\/wp-content\/uploads\/2020\/03\/no-1532826_1920-300x165.png 300w, https:\/\/speyer24news.com\/wp-content\/uploads\/2020\/03\/no-1532826_1920-768x422.png 768w\" sizes=\"(max-width: 800px) 100vw, 800px\" \/><\/figure><\/div>\n\n\n\n<p><strong>Landau &#8211;<\/strong> Die Allgemeinverf\u00fcgung, die die Stadt Landau am 17. M\u00e4rz zur Umsetzung der bundesweit geltenden Regelungen zum Schutz der Bev\u00f6lkerung vor dem neuartigen Corona-Virus erlassen hat, beinhaltet auch ein Versammlungsverbot. Darauf macht die Stadtverwaltung aus aktuellem Anlass nun noch einmal gesondert aufmerksam. Demnach hei\u00dft es in Ziffer 6 der Verf\u00fcgung: \u201eVeranstaltungen sind untersagt. Ein Ausnahmevorbehalt ist nicht zul\u00e4ssig. Hierunter fallen auch Versammlungen nach dem Versammlungsgesetz.\u201c <\/p>\n\n\n\n<p>Ordnungsdezernent Lukas Hartmann informiert, dass Anmelderinnen und Anmelder von Demonstrationen und Kundgebungen kein gesonderter Ablehnungsbescheid zugeht. Mit Blick auf Ank\u00fcndigungen in den sozialen Medien u.a. zu einer f\u00fcr den 4. April geplanten Versammlung bekr\u00e4ftigt Hartmann: \u201eOffenbar will der Anmelder der rechten Kundgebung das Versammlungsverbot nicht akzeptieren. Als Stadt Landau werden wir alles in unserer Macht Stehende tun, um die Kundgebung zu unterbinden \u2013 bis hin zur Aufl\u00f6sung der untersagten Versammlung sowie der Anzeige jeder Person, die sich daran beteiligt.\u201c <\/p>\n\n\n\n<p><em>Stadtverwaltung Landau in der Pfalz<br>22.03.2020<\/em><\/p>\n\n\n\n<h2 class=\"wp-block-heading\"><strong>Stadt schlie\u00dft bis auf Weiteres den H\u00e4ckselplatz und die Hundewiese<\/strong><\/h2>\n\n\n\n<div class=\"wp-block-image\"><figure class=\"aligncenter\"><img decoding=\"async\" src=\"https:\/\/speyer24news.com\/wp-content\/uploads\/2020\/03\/Closed.jpg\" alt=\"\" class=\"wp-image-25894\"\/><\/figure><\/div>\n\n\n\n<p><strong>Schwetzingen &#8211; <\/strong>Aufgrund der aktuell versch\u00e4rften Situation rund um die Verhinderung der Ausbreitung des Corona-Virus schlie\u00dft die Stadt ab dem 18. M\u00e4rz bis auf Weiteres auch den H\u00e4ckselplatz und die  Hundewiese. Die Stadt bittet um Beachtung und Verst\u00e4ndnis f\u00fcr diese Ma\u00dfnahme.<\/p>\n\n\n\n<p><em>Stadtverwaltung Schwetzingen<br>22.03.2020<\/em><\/p>\n\n\n\n<h2 class=\"wp-block-heading\">Abstrichzentrum Speyer<\/h2>\n\n\n\n<div class=\"wp-block-image\"><figure class=\"aligncenter\"><img decoding=\"async\" loading=\"lazy\" width=\"800\" height=\"530\" src=\"https:\/\/speyer24news.com\/wp-content\/uploads\/2020\/03\/CoronaPK1.jpg\" alt=\"\" class=\"wp-image-25972\" srcset=\"https:\/\/speyer24news.com\/wp-content\/uploads\/2020\/03\/CoronaPK1.jpg 800w, https:\/\/speyer24news.com\/wp-content\/uploads\/2020\/03\/CoronaPK1-300x199.jpg 300w, https:\/\/speyer24news.com\/wp-content\/uploads\/2020\/03\/CoronaPK1-768x509.jpg 768w\" sizes=\"(max-width: 800px) 100vw, 800px\" \/><figcaption>Bei der Vorstellung des Abstrichzentrum Speyer, v.l.: Michael Hopp Stadtfeuerwehrinspektor, Dr.Klaus-Peter Wresch vom Gesundheitsamt, Peter Eymann Wachf\u00fchrer Feuerwehr Speyer.<\/figcaption><\/figure><\/div>\n\n\n\n<p><strong>Speyer &#8211; <\/strong>\u00dcber das vergangene Wochenende haben die Stadt Speyer, die Feuerwehr, die ans\u00e4ssigen Hilfsorganisationen, die PRAVO (Praxisnetz Vorderpfalz), die niedergelassenen  \u00c4rzte und der DRK Kreisverband Speyer ein <strong>Abstrichzentrum <\/strong>in der Halle 101 eingerichtet. <\/p>\n\n\n\n<p>Dieses \u00f6ffnet erstmals am Mittwoch, 18.03.2020, und ist zust\u00e4ndig f\u00fcr die B\u00fcrger*innen der Stadt Speyer und des s\u00fcdlichen Rhein-Pfalz-Kreises (R\u00f6merberg, Dudenhofen, Harthausen, Hanhofen und B\u00f6hl-Iggelheim) sowie f\u00fcr diejenigen B\u00fcrger*innen aus dem weiteren Umland, deren Hausarzt in Speyer ans\u00e4ssig ist.<\/p>\n\n\n\n<p>Das Abstrichzentrum ist <strong>kein <\/strong>Diagnosezentrum f\u00fcr Patient-Arzt-Gespr\u00e4che oder die Ausstellung von Rezepten oder Krankschreibungen. Aufgesucht werden kann das Abstrichzentrum ausschlie\u00dflich von Personen, die zuvor ein telefonisches Vorgespr\u00e4ch mit ihrem  Hausarzt gef\u00fchrt und von diesem einen Termin f\u00fcr eine Abstrichentnahme bekommen haben.<\/p>\n\n\n\n<p>Jede Person, von der ein Abstrich genommen wurde, muss zwingend in h\u00e4uslicher Quarant\u00e4ne bleiben, bis das Laborergebnis vorliegt. Das dauert z.Zt. circa zwei bis drei Tage. Die Ergebnisse werden von den Laboren zentral an das Sankt-Vincentius-Krankenhaus und  von dort an die jeweiligen Haus\u00e4rzte gegeben. Die Haus\u00e4rzte benachrichtigen dann ihre Patienten bzw. in einem positiv getesteten Fall das Gesundheitsamt \u00fcber das Testergebnis.<\/p>\n\n\n\n<h4 class=\"wp-block-heading\">Sehen sie hier die Videos zur Pressekonferenz bez\u00fcglich des Abstrichzentrum Speyer:<\/h4>\n\n\n\n<figure class=\"wp-block-embed-youtube wp-block-embed is-type-video is-provider-youtube wp-embed-aspect-16-9 wp-has-aspect-ratio\"><div class=\"wp-block-embed__wrapper\">\n<iframe loading=\"lazy\" title=\"Pressekonferenz \u00fcber die neuen Allgemeinverf\u00fcgungen der Stadt Speyer 1\/4\" width=\"500\" height=\"281\" src=\"https:\/\/www.youtube.com\/embed\/O45REMVM2Pg?start=58&#038;feature=oembed\" frameborder=\"0\" allow=\"accelerometer; autoplay; encrypted-media; gyroscope; picture-in-picture\" allowfullscreen><\/iframe>\n<\/div><\/figure>\n\n\n\n<figure class=\"wp-block-embed-youtube wp-block-embed is-type-video is-provider-youtube wp-embed-aspect-16-9 wp-has-aspect-ratio\"><div class=\"wp-block-embed__wrapper\">\n<iframe loading=\"lazy\" title=\"Pressekonferenz \u00fcber die neuen Allgemeinverf\u00fcgungen der Stadt Speyer 2\/4\" width=\"500\" height=\"281\" src=\"https:\/\/www.youtube.com\/embed\/z_qh5ZVicQM?start=37&#038;feature=oembed\" frameborder=\"0\" allow=\"accelerometer; autoplay; encrypted-media; gyroscope; picture-in-picture\" allowfullscreen><\/iframe>\n<\/div><\/figure>\n\n\n\n<figure class=\"wp-block-embed-youtube wp-block-embed is-type-video is-provider-youtube wp-embed-aspect-16-9 wp-has-aspect-ratio\"><div class=\"wp-block-embed__wrapper\">\n<iframe loading=\"lazy\" title=\"Pressekonferenz \u00fcber die neuen Allgemeinverf\u00fcgungen der Stadt Speyer 3\/4\" width=\"500\" height=\"281\" src=\"https:\/\/www.youtube.com\/embed\/s-C6OpiutTE?start=43&#038;feature=oembed\" frameborder=\"0\" allow=\"accelerometer; autoplay; encrypted-media; gyroscope; picture-in-picture\" allowfullscreen><\/iframe>\n<\/div><\/figure>\n\n\n\n<figure class=\"wp-block-embed-youtube wp-block-embed is-type-video is-provider-youtube wp-embed-aspect-16-9 wp-has-aspect-ratio\"><div class=\"wp-block-embed__wrapper\">\n<iframe loading=\"lazy\" title=\"Pressekonferenz \u00fcber die neuen Allgemeinverf\u00fcgungen der Stadt Speyer 4\/4\" width=\"500\" height=\"281\" src=\"https:\/\/www.youtube.com\/embed\/nhblbsD2lyM?start=95&#038;feature=oembed\" frameborder=\"0\" allow=\"accelerometer; autoplay; encrypted-media; gyroscope; picture-in-picture\" allowfullscreen><\/iframe>\n<\/div><\/figure>\n\n\n\n<p><em>Text: Stadt Speyer Foto &amp; Video: Speyer 24\/7 News, mah<br>22.03.2020<\/em><\/p>\n\n\n\n<h2 class=\"wp-block-heading\">Corona-Virus: Stadt Landau sagt Maimarkt 2020 ab<\/h2>\n\n\n\n<div class=\"wp-block-image\"><figure class=\"aligncenter\"><img decoding=\"async\" src=\"https:\/\/speyer24news.com\/wp-content\/uploads\/2020\/03\/Absage-Veranstaltung-1.jpg\" alt=\"\" class=\"wp-image-25971\"\/><\/figure><\/div>\n\n\n\n<p><strong>Landau &#8211; <\/strong>Die Stadt Landau und ihr B\u00fcro f\u00fcr Tourismus haben angesichts der aktuellen, dramatischen Lage rund um die Ausbreitung des Corona-Virus entschieden, den diesj\u00e4hrigen Maimarkt abzusagen. Das Volksfest h\u00e4tte vom 25. April bis zum 4. Mai auf dem Alten Messplatz stattfinden sollen. Die Schaustellerinnen und Schausteller wurden bereits \u00fcber die Absage informiert.<\/p>\n\n\n\n<p><em>Stadtverwaltung Landau in der Pfalz<br>22.03.2020<\/em><\/p>\n\n\n\n<h2 class=\"wp-block-heading\">Corona-Virus: Stadt Landau erweitert Allgemeinverf\u00fcgung \u2013 Ab sofort Zoo und Spielpl\u00e4tze gesperrt \u2013 Gro\u00dfe Teile des Einzelhandels bis auf Weiteres geschlossen \u2013 \u00d6ffnung von Restaurants und Speisegastst\u00e4tten nur noch von 6 bis 18 Uhr<\/h2>\n\n\n\n<div class=\"wp-block-image\"><figure class=\"aligncenter\"><img decoding=\"async\" loading=\"lazy\" width=\"800\" height=\"533\" src=\"https:\/\/speyer24news.com\/wp-content\/uploads\/2020\/03\/Info-148-Allgemeinverf\u00fcgung.jpg\" alt=\"\" class=\"wp-image-25970\" srcset=\"https:\/\/speyer24news.com\/wp-content\/uploads\/2020\/03\/Info-148-Allgemeinverf\u00fcgung.jpg 800w, https:\/\/speyer24news.com\/wp-content\/uploads\/2020\/03\/Info-148-Allgemeinverf\u00fcgung-300x200.jpg 300w, https:\/\/speyer24news.com\/wp-content\/uploads\/2020\/03\/Info-148-Allgemeinverf\u00fcgung-768x512.jpg 768w\" sizes=\"(max-width: 800px) 100vw, 800px\" \/><figcaption>Die Stadt Landau erweitert ihre Allgemeinverf\u00fcgung: Ab sofort ist unter anderem auch der Zoo f\u00fcr Besucherinnen und Besucher gesperrt.<\/figcaption><\/figure><\/div>\n\n\n\n<p><strong>Landau &#8211; <\/strong>Die Stadt Landau erweitert ihre Allgemeinverf\u00fcgung, mit der sie die Ausbreitung des Corona-Virus verhindern bzw. verlangsamen will, ein weiteres Mal: Ab sofort sind unter anderem der Zoo und s\u00e4mtliche Spielpl\u00e4tze in der Kernstadt und den Stadtd\u00f6rfern gesperrt. Damit reagiert die Stadtverwaltung auf die Vereinbarung zwischen der Bundesregierung und den Regierungschefinnen und Regierungschefs der Bundesl\u00e4nder sowie den Beschluss des Ministerrats. Auch gro\u00dfe Teile des lokalen Einzelhandels sind ab sofort geschlossen. <\/p>\n\n\n\n<p>Zusammengefasst ist demnach der Betrieb von Spielhallen, Tanzschulen,\nBars, reinen Schankwirtschaften wie zum Beispiel Raucher- oder\nShisha-Gastst\u00e4tten, Vergn\u00fcgungsst\u00e4tten, Fitness- und Gymnastikstudios, Saunen,\nprivaten Sport- und Freizeitanlagen wie zum Beispiel Indoorspielpl\u00e4tzen,\nKegelbahnen und Kletterhallen, Diskotheken, Musikclubs, Theatern und Kinos\nuntersagt. <\/p>\n\n\n\n<p>Der Zugang zu Mensen, Restaurants, Speisegastst\u00e4tten und\nHotels wird beschr\u00e4nkt und nur unter Auflagen gestattet: Die Zahl der\nBesucherinnen und Besucher wird reglementiert, die Mindestabst\u00e4nde zwischen\nTischen m\u00fcssen zwei Meter betragen und es sind Aush\u00e4nge mit Hinweisen zur\nrichtigen Hygienema\u00dfnahmen anzubringen. Die \u00d6ffnungszeiten von Restaurants und\nSpeisegastst\u00e4tten wurden auf 6 Uhr bis 18 Uhr begrenzt. \u00dcbernachtungsangebote\nim Hotelgewerbe sind nur zu notwendigen und ausdr\u00fccklich nicht zu touristischen\nZwecken zul\u00e4ssig.<\/p>\n\n\n\n<p>Verboten sind au\u00dferdem Zusammenk\u00fcnfte in Vereinen,\nsonstigen Sport- und Freizeiteinrichtungen sowie die Wahrnehmung von Angeboten\nin Volkshochschulen, Musikschulen und sonstigen \u00f6ffentlichen und privaten\nBildungseinrichtungen im au\u00dferschulischen Bereich sowie Reisebusreisen,\nZusammenk\u00fcnfte in Kirchen, Moscheen, Synagogen und die Zusammenk\u00fcnfte anderer\nGlaubensgemeinschaften.<\/p>\n\n\n\n<p>Zudem sind alle Veranstaltungen untersagt. Dazu z\u00e4hlen\nauch Versammlungen nach dem Versammlungsgesetz sowie nicht\u00f6ffentliche\nAnsammlungen von Menschen an einem gemeinsamen Ort, wie zum Beispiel gr\u00f6\u00dfere\nFeiern oder Familienfeste.<\/p>\n\n\n\n<p>Ge\u00f6ffnet bleiben Wochenm\u00e4rkte, der Einzelhandel f\u00fcr\nLebensmittel, Getr\u00e4nkem\u00e4rkte, Abhol- und Lieferdienste, Apotheken,\nSanit\u00e4tsh\u00e4user, Drogerien, Tankstellen, Banken und Sparkassen, Poststellen,\nFris\u00f6re, Reinigungen, Waschsalons, der Zeitungsverkauf, Bau-, Gartenbau- und\nTierbedarfsm\u00e4rkte sowie der Gro\u00dfhandel. Die Sonntagsverkaufsverbote werden in\nder Zeit von 12 bis 18 Uhr f\u00fcr diese Bereiche bis auf weiteres grunds\u00e4tzlich\nausgesetzt. Die \u00d6ffnung der genannten Einrichtungen erfolgt unter der Auflage,\nHygienevorschriften einzuhalten und Warteschlangen zu vermeiden, gegebenenfalls\ndurch Steuerung des Zutritts. Au\u00dferdem blieben alle Einrichtungen des\nGesundheitswesens unter Beachtung der hygienischen Anforderungen ge\u00f6ffnet.\nDienstleistungs- und Handwerksbetriebe k\u00f6nnen weiterhin arbeiten, sofern sie\ndie erforderlichen Schutzma\u00dfnahmen gew\u00e4hrleisten k\u00f6nnen.<\/p>\n\n\n\n<p>Alle Regelungen gelten zun\u00e4chst bis einschlie\u00dflich 19. April.<\/p>\n\n\n\n<p><em>Stadtverwaltung Landau in der Pfalz<br>22.03.2020<\/em><\/p>\n\n\n\n<h2 class=\"wp-block-heading\">Um weitere Ausbreitung des Corona-Virus zu verlangsamen: Landesregierung k\u00fcndigt erweiterte Rechtsverordnung an &#8211; Stadt Mannheim erneuert Allgemeinverf\u00fcgung<\/h2>\n\n\n\n<div class=\"wp-block-image\"><figure class=\"aligncenter\"><img decoding=\"async\" src=\"https:\/\/speyer24news.com\/wp-content\/uploads\/2020\/03\/Mannheim-Logo.png\" alt=\"\" class=\"wp-image-25671\"\/><\/figure><\/div>\n\n\n\n<p><strong>Mannheim &#8211; <\/strong>Die Landesregierung hat angek\u00fcndigt, die mit der Bundesregierung vereinbarten Ma\u00dfnahmen zur weiteren Verlangsamung der Ausbreitung des Corona-Virus durch Rechtsverordnung umzusetzen. Danach sind neben der Gastronomie und zahlreichen Freizeit-, Sport- und Kultureinrichtungen weite Teile des Einzelhandels zu schlie\u00dfen. Die Rechtsverordnung wird morgen ver\u00f6ffentlicht. Die Stadt Mannheim wird diese mit einer neuen Allgemeinverf\u00fcgung in Teilen erg\u00e4nzen und versch\u00e4rfen.<\/p>\n\n\n\n<p>Gem\u00e4\u00df der neuen Rechtsverordnung sind alle Einzelhandelsgesch\u00e4fte zu schlie\u00dfen mit Ausnahme von: Einzelhandel f\u00fcr Lebensmittel, Wochenm\u00e4rkte, Abhol- und Lieferdienste, Getr\u00e4nkem\u00e4rkte, Apotheken, Sanit\u00e4tsh\u00e4user, Drogerien, Tankstellen, Banken und Sparkassen, Poststellen, Fris\u00f6re, Reinigungen, Waschsalons, Zeitungsverkauf, Bau-, Gartenbau- und Tierbedarfsm\u00e4rkte und den Gro\u00dfhandel. Auch zahlreiche andere Einrichtungen sind zus\u00e4tzlich zu schlie\u00dfen, wie z.B. Fitnessstudios und Wettb\u00fcros.<\/p>\n\n\n\n<p>Nach der neuen Allgemeinverf\u00fcgung werden im Bereich der Gastronomie nur noch Speisegastst\u00e4tten zugelassen sein, die bestimmte Anforderungen erf\u00fcllen. Die Betriebe m\u00fcssen nicht nur hinreichende Abst\u00e4nde zwischen den G\u00e4sten sicher stellen, sondern auch eine Feststellung und Dokumentation von deren Personalien vornehmen zur Nachverfolgung m\u00f6glicher Infektionsketten. Die Nachvollziehbarkeit muss f\u00fcr einen Monat sichergestellt sein. Zul\u00e4ssig ist daneben allein der Stra\u00dfenverkauf.<\/p>\n\n\n\n<p>Dar\u00fcber hinaus werden von Seiten der Stadt alle Versammlungen und Veranstaltungen von mehr als 10 Menschen verboten. Dies gilt auch f\u00fcr alle \u00f6rtlichen Zusammenk\u00fcnfte im \u00f6ffentlichen Raum. In Bezug auf Lebensmittelbetriebe und andere Einrichtungen, die weiterhin ge\u00f6ffnet sein d\u00fcrfen, werden Vorgaben zur Einhaltung besonderer Vorkehrungen- und Hygienema\u00dfnahmen f\u00fcr den Schutz der Kunden vorgeschrieben.<\/p>\n\n\n\n<p>Der Luisen- und der Herzogenriedpark werden geschlossen. Au\u00dferdem werden das Strandbad, die Neckar- und Rheinwiesen sowie alle Spielpl\u00e4tze im Stadtgebiet geschlossen.<\/p>\n\n\n\n<p>Die Stadt Mannheim wird ihre eigenen Services in der Regel auf elektronische, telefonische und schriftliche Bearbeitung begrenzen. Eine pers\u00f6nliche Vorsprache ist nur ausnahmsweise und nach vorheriger Vereinbarung noch m\u00f6glich. Dies gilt insbesondere f\u00fcr die Bereiche der B\u00fcrgerdienste, des Fachbereichs Arbeit und Soziales und im Jobcenter sowie beim Fachbereich Jugend- und Gesundheitsamt (hier z.B. im Bereich Kinderschutz).<\/p>\n\n\n\n<p>Oberb\u00fcrgermeister Dr. Peter Kurz appelliert erneut an das Verst\u00e4ndnis der B\u00fcrgerinnen und B\u00fcrger und betont, dass diese Ma\u00dfnahmen einzig dem Ziel dienen, die Ausbreitung des Virus zu verlangsamen: \u201eEs geht jetzt um eine noch schnellere, noch deutlichere Reduktion aller, nicht zwingend gebotener Kontakte. Wo immer es m\u00f6glich ist: Bleiben Sie zu Hause! Wenn Sie sich im Freien aufhalten, dann allein oder mit Ihren N\u00e4chsten. Es macht keinen Sinn, Einrichtungen zu schlie\u00dfen, wenn sich daf\u00fcr an anderer Stelle Menschen in gro\u00dfer Zahl neu begegnen. Wenn Sie beruflich Menschen begegnen, halten Sie Hygieneregeln ein und wo dies m\u00f6glich ist: Halten Sie einen Abstand von mind. 1,5 bis 2 Metern! Je rascher und entschiedener wir jetzt gemeinsam handeln, umso weniger lang werden diese Ma\u00dfnahmen greifen m\u00fcssen. Deshalb appelliere ich auch an die Unternehmen und andere Betroffene: Sie m\u00fcssen nicht auf Rechtsverordnungen und Verf\u00fcgungen warten, handeln Sie schon jetzt.\u201c<\/p>\n\n\n\n<p><em>Stadt Mannheim<br>22.03.2020<\/em><\/p>\n\n\n\n<h2 class=\"wp-block-heading\">Corona-Pandemie: Gemeinsame Anstrengungen von Landesregierung und Kommunen, um Ausbreitung zu bremsen<\/h2>\n\n\n\n<figure class=\"wp-block-image\"><img decoding=\"async\" src=\"https:\/\/speyer24news.com\/wp-content\/uploads\/2020\/03\/Dreyer-Malu-Ministerpr\u00e4sidentin-RlP-SPD.jpg\" alt=\"\" class=\"wp-image-25897\"\/><\/figure>\n\n\n\n<p><strong>Rheinland-Pfalz &#8211; <\/strong>Landesregierung und Kommunen werden in Rheinland-Pfalz alle Anstrengungen unternehmen, um die Ausbreitung des Coronavirus zu bremsen. In einer Telefonkonferenz waren sich Ministerpr\u00e4sidentin Malu Dreyer, Gesundheitsministerin  Sabine B\u00e4tzing-Lichtenth\u00e4ler, Bildungsministerin Stefanie Hubig und Innenminister Roger Lewentz mit den Vertretern der kommunalen Spitzenverb\u00e4nde, den Landr\u00e4tinnen und Landr\u00e4ten sowie den Oberb\u00fcrgermeistern und Oberb\u00fcrgermeisterinnen der kreisfreien St\u00e4dte  einig, dass nur im engen Zusammenwirken aller Verantwortlichen sowie der Einsicht und Verantwortung aller B\u00fcrgerinnen und B\u00fcrger dieser extremen Herausforderung wirkungsvoll begegnet werden kann.<\/p>\n\n\n\n<p>\u201eDie Gesundheit der B\u00fcrgerinnen und B\u00fcrger steht an erster Stelle. Angesichts der Dynamik der Situation ist es ratsam, f\u00fcr kurzfristige, nicht vorhersehbare Bedarfe vorzusorgen\u201c, erkl\u00e4rte Ministerpr\u00e4sidentin Malu\n Dreyer. Daher habe die Landesregierung heute beschlossen, einen Nachtragshaushalt zu erstellen. So w\u00fcrden vorsorglich weitere Mittel bereitgestellt, um flexibel auf neue Entwicklungen reagieren zu k\u00f6nnen. Dabei w\u00fcrden auch die derzeit besonders geforderten\n und betroffenen Kommunen finanziell unterst\u00fctzt.&nbsp; Ferner werde der Handlungsrahmen f\u00fcr Landesb\u00fcrgschaften damit erweitert.<\/p>\n\n\n\n<p>Der Vorsitzende des Landkreistages, Landrat G\u00fcnter Schartz, begr\u00fc\u00dfte die weitere Unterst\u00fctzung der Gesundheits\u00e4mter durch das Land ausdr\u00fccklich. \u201eUnser Personal in den Gesundheits\u00e4mtern arbeitet rund um die Uhr\n f\u00fcr einen wirkungsvollen Gesundheitsschutz der Bev\u00f6lkerung\u201c, so Schartz weiter.<\/p>\n\n\n\n<p>Ministerpr\u00e4sidentin Dreyer dankte den Landr\u00e4tinnen und Landr\u00e4ten sowie den Oberb\u00fcrgermeistern und Oberb\u00fcrgermeisterinnen f\u00fcr ihr zielgerichtetes Vorgehen und konsequentes Handeln im Umgang mit dem Coronavirus.\n In der Konferenz wurden ein allgemeines Lagebild zur aktuellen Verbreitung des Virus, die Betreuungssituation in Kitas und Schulen sowie die aktuellen Erlasse der Landesregierung zur weiteren Beschr\u00e4nkung des \u00f6ffentlichen Lebens er\u00f6rtert. Sie appellierte nochmal\n an die kommunale Familie, die Regelungen zur Notfallbetreuung entsprechend der Landesvorgaben umzusetzen und keine eigenen weiteren kommunalen Einschr\u00e4nkungen vorzunehmen.<\/p>\n\n\n\n<p>Es wurde vereinbart, dass es einen regelm\u00e4\u00dfigen Austausch geben wird.<\/p>\n\n\n\n<p><em>Staatskanzlei Rheinland-Pfalz<br>22.03.2020<\/em><\/p>\n\n\n\n<h2 class=\"wp-block-heading\"><strong>Kreisverwaltung\nGermersheim erl\u00e4sst Allgemeinverf\u00fcgung zur Einschr\u00e4nkung der Besuchsrechte f\u00fcr\nKrankenh\u00e4user, Pflege- und Behinderteneinrichtungen im Zuge der Ausbreitung des\nCoronavirus SARS-CoV-2 (COVID-19)<\/strong><\/h2>\n\n\n\n<p><strong>Landkreis Germersheim &#8211; <\/strong>Das neuartige Coronavirus SARS-CoV-2 hat sich in kurzer Zeit weltweit verbreitet. \u201eVor allem f\u00fcr unsere vorerkrankten, \u00e4lteren und im weitesten Sinne pflegebed\u00fcrftigen Mitmenschen muss alles daf\u00fcr getan werden, eine weitere Ausbreitung zu verhindern. Deshalb sind erh\u00f6hte Schutzma\u00dfnahmen f\u00fcr notwendig\u201c, so Landrat Dr. Fritz Brechtel. Dementsprechend wurde die \u201eAllgemeinverf\u00fcgung zur Einschr\u00e4nkung der Besuchsrechte f\u00fcr Krankenh\u00e4user, Pflege- und Behinderteneinrichtungen im Zuge der Ausbreitung des Coronavirus SARS-CoV-2 (COVID-19)\u201c erlassen. Demnach d\u00fcrfen Personen, auf die folgende Faktoren zutreffen, beispielsweise vollstation\u00e4re Einrichtungen, Einrichtungen der Kurzzeitpflege, Hospize und betreute Wohngruppen nicht betreten:<\/p>\n\n\n\n<ul><li>Kontaktpersonen\nder Kategorien I und II entsprechend der Definition durch das Robert\nKoch-Institut (RKI) oder<\/li><li>Personen,\ndie bereits infiziert sind oder<\/li><li>Personen,\ndie sich in einem Gebiet aufgehalten haben, das vom RKI im Zeitpunkt des\nAufenthalts als Risikogebiet ausgewiesen war oder das innerhalb von 14&nbsp;Tagen\ndanach als solches ausgewiesen worden ist und sich nicht bereits mindestens 14\nTage au\u00dferhalb eines Risikogebietes aufgehalten haben.<\/li><\/ul>\n\n\n\n<p>Die jeweils geltenden Risikogebiete und die Definition der Kontaktpersonen der Kategorien I und II sind unter <a href=\"http:\/\/www.rki.de\">http:\/\/www.rki.de<\/a> abrufbar<\/p>\n\n\n\n<p><em>Kreisverwaltung Germersheim<\/em><br><em>22.03.2020<\/em><\/p>\n\n\n\n<h2 class=\"wp-block-heading\"><strong>Kreisverwaltung Germersheim erl\u00e4sst \u201eAllgemeinverf\u00fcgung zum\nEntfall von Unterricht und Betreuungsangeboten im Zuge der Ausbreitung des\nCoronavirus SARS-CoV-2 (COVID-19)\u201c<\/strong><\/h2>\n\n\n\n<p><strong>Landkreis Germersheim &#8211; <\/strong>Das neuartige Coronavirus SARS-CoV-2 hat sich in kurzer Zeit weltweit verbreitet. . Nach den bisherigen Erkenntnissen erkranken Kinder nicht schwer an COVID-19. Sie k\u00f6nnen aber ebenso wie Erwachsene, wahrscheinlich auch ohne Symptome zu zeigen, \u00dcbertr\u00e4ger von SARS-CoV-2 sein. \u201eVor allem f\u00fcr unsere vorerkrankten, \u00e4lteren und pflegebed\u00fcrftigen Mitmenschen muss alles getan werden, eine weitere Ausbreitung zu verlangsamen\u201c, so Landrat Dr. Fritz Brechtel Dementsprechend wurde die \u201eAllgemeinverf\u00fcgung zum Entfall von Unterricht und Betreuungsangeboten im Zuge der Ausbreitung des Coronavirus SARSCoV-2 (COVID-19)\u201c erlassen.<\/p>\n\n\n\n<p>Im\ngesamten Land sind alle Schulen und Kindertagesst\u00e4tten bis auf eine\nNotbetreuung geschlossen. An\nallen Kindertageseinrichtungen im Landkreis Germersheim entfallen die regul\u00e4ren\nBetreuungsangebote. Einrichtungen haben im Sinne einer Notversorgung Kinder zu\nbetreuen. Die Einrichtung einer Notversorgung richtet sich an:<\/p>\n\n\n\n<ul><li>F\u00f6rderschulen sowie Kindertagesst\u00e4tten mit\nheilp\u00e4dagogischem Angebot, soweit deren Betrieb f\u00fcr die Betreuung und\nVersorgung besonders beeintr\u00e4chtigter Kinder und Jugendliche unverzichtbar ist,<\/li><li>Kinder, deren Eltern in Bereichen t\u00e4tig\nsind, die zur Aufrechterhaltung der \u00f6ffentlichen Sicherheit und Ordnung des\nStaates und der Grundversorgung der Bev\u00f6lkerung notwendig sind, und f\u00fcr die der\nWegfall der Betreuung eine besondere H\u00e4rte darstellen w\u00fcrde,<\/li><li>sonstige besondere H\u00e4rtef\u00e4lle.<\/li><\/ul>\n\n\n\n<p>Dabei ist darauf zu achten, dass der Zweck dieser Allgemeinverf\u00fcgung nicht beeintr\u00e4chtigt wird. Die Ma\u00dfnahmen sind zun\u00e4chst bis 19. April 2020 befristet.<\/p>\n\n\n\n<p><em>Kreisverwaltung Germersheim<\/em><br><em>22.03.2020<\/em><\/p>\n\n\n\n<h2 class=\"wp-block-heading\"><strong>Kreisverwaltung Germersheim erl\u00e4sst\n\u201eAllgemeinverf\u00fcgung zu weiteren kontaktreduzierenden Ma\u00dfnahmen aufgrund des\nAufkommens von SARS-CoV-2 -Infektionen in Rheinland-Pfalz\u201c<\/strong><\/h2>\n\n\n\n<h3 class=\"wp-block-heading\"><strong>Ma\u00dfnahme zur Eind\u00e4mmung des Coronavirus<\/strong><\/h3>\n\n\n\n<div class=\"wp-block-image\"><figure class=\"aligncenter\"><img decoding=\"async\" src=\"https:\/\/speyer24news.com\/wp-content\/uploads\/2020\/03\/Germersheim.jpg\" alt=\"\" class=\"wp-image-25757\"\/><\/figure><\/div>\n\n\n\n<p><strong>Landkreis Germersheim &#8211; <\/strong>Wie in ganz Rheinland-Pfalz gelten auch im Landkreis Germersheim ab Mitternacht, 18. M\u00e4rz, 0.00 Uhr, weitere Einschr\u00e4nkungen des \u00f6ffentlichen Lebens. Ziel ist es, die Ausbreitung des Coronavirus SARSCoV-2 (COVID-19) einzud\u00e4mmen. Die entsprechende Allgemeinverf\u00fcgung hat der Landkreis Germersheim heute erlassen. \u201eWir m\u00fcssen alle daf\u00fcr sorgen, dass die Verbreitung des Virus verlangsamt wird. Besonders zum Schutz besonders gef\u00e4hrdeter Personengruppen wie Menschen mit Vorerkrankungen oder \u00e4ltere Menschen\u201c, so Landrat Dr. Fritz Brechtel. \u201eEs ist folglich richtig, dass bundesweit alles daf\u00fcr getan wird!\u201c<\/p>\n\n\n\n<p>Ab Mitternacht sind f\u00fcr\nden Publikumsverkehr zu schlie\u00dfen: alle Bars, Clubs, Discotheken, Kneipen und\n\u00e4hnliche Einrichtungen, Theater, Opern, Konzerth\u00e4user, Museen und \u00e4hnliche\nEinrichtungen, Messen, Ausstellungen, Kinos, Freizeit- und Tierparks und\nAnbieter von Freizeitaktivit\u00e4ten (indoor und outdoor), Spezialm\u00e4rkte,\nSpielhallen, Spielbanken, Wettannahmestellen und \u00e4hnliche Einrichtungen,\nProstitutionsst\u00e4tten, Bordelle und \u00e4hnliche Einrichtungen, der Sportbetrieb auf\nund in allen \u00f6ffentlichen und privaten Sportanlagen, Schwimm- und Spa\u00dfb\u00e4der,\nFitnessstudios, Saunen, Solarien, Sonnenstudios und \u00e4hnliche Einrichtungen,\nVerkaufsstellen des Einzelhandels, insbesondere Outlet-Center und Spielpl\u00e4tze.<\/p>\n\n\n\n<p>Diese\nRegelung gilt nicht f\u00fcr Einzelhandelsbetriebe f\u00fcr Lebensmittel, Wochenm\u00e4rkte,\nAbhol- und Lieferdienste, Getr\u00e4nkem\u00e4rkte, Apotheken, Sanit\u00e4tsh\u00e4user, Drogerien,\nTankstellen, Banken und Sparkassen, Poststellen, Fris\u00f6re, Reinigungen,\nWaschsalons, Zeitungsverkauf, Bau-, Gartenbau- und Tierbedarfsm\u00e4rkte und der\nGro\u00dfhandel. Eine \u00d6ffnung dieser genannten Einrichtungen erfolgt unter Auflagen\nzur Hygiene (z.B. Bereitstellung von Desinfektionsmittel) und zur Steuerung des\nZutritts, um Warteschlangen zu vermeiden (z.B. Einlasskontrollen).<\/p>\n\n\n\n<p>Dienstleister\nund Handwerker k\u00f6nnen weiterhin ihre T\u00e4tigkeit aus\u00fcben, sofern sie die\nerforderlichen Schutzma\u00dfnahmen gew\u00e4hrleisten k\u00f6nnen. Alle Einrichtungen des\nGesundheitswesens bleiben unter Beachtung der hygienischen Anforderungen\nge\u00f6ffnet.<\/p>\n\n\n\n<p>Der\nZugang zu Mensen, Restaurants, Speisegastst\u00e4tten und Hotels ist zu beschr\u00e4nken\nund nur unter der Auflage zul\u00e4ssig, dass Hygienevorschriften eingehalten und\nHinweise ausgeh\u00e4ngt werden, die Besucherzahl reglementiert wird und Abst\u00e4nde\nzwischen den Tischen 2 Meter betragen. Es d\u00fcrfen h\u00f6chstens vier Personen\ngleichzeitig an einem Tisch sitzen Die \u00d6ffnungszeiten von Restaurants und\nSpeisegastst\u00e4tten werden auf 6 Uhr bis 18 Uhr begrenzt. \u00dcbernachtungsangebote\nim Hotelgewerbe sind nur zu notwendigen und ausdr\u00fccklich nicht zu touristischen\nZwecken zul\u00e4ssig.<\/p>\n\n\n\n<p>Verboten\nsind Zusammenk\u00fcnfte in Vereinen, sonstigen Sport- und Freizeiteinrichtungen\nsowie die Wahrnehmung von Angeboten in Volkshochschulen, Musikschulen und\nsonstigen \u00f6ffentlichen und privaten Bildungseinrichtungen im au\u00dferschulischen\nBereich (auch Fahrschulen und Pr\u00fcfungseinrichtungen) sowie Reisebusreisen.\nWeiterhin untersagt sind Zusammenk\u00fcnfte in Kirchen, Moscheen, Synagogen und die\nZusammenk\u00fcnfte anderer Glaubensgemeinschaften.<\/p>\n\n\n\n<p>Veranstaltungen\nsind grunds\u00e4tzlich untersagt. Ein Ausnahmevorbehalt ist nicht zul\u00e4ssig. Die\nMa\u00dfnahmen sind zun\u00e4chst bis 19. April 2020 befristet.<\/p>\n\n\n\n<p>Die Allgemeinverf\u00fcgung ist im Amtsblatt des Landkreises Germersheim Nr. 11\/2020 ver\u00f6ffentlicht. Es ist abrufbar auf der Homepage der Kreisverwaltung Germersheim <a href=\"http:\/\/www.kreis-germersheim.de\">www.kreis-germersheim.de<\/a> oder hier als pdf:<\/p>\n\n\n\n<div class=\"wp-block-file\"><a href=\"https:\/\/speyer24news.com\/wp-content\/uploads\/2020\/03\/200317-Amtsblatt-11-2020.pdf\">200317-Amtsblatt-11-2020<\/a><a href=\"https:\/\/speyer24news.com\/wp-content\/uploads\/2020\/03\/200317-Amtsblatt-11-2020.pdf\" class=\"wp-block-file__button\" download>Herunterladen<\/a><\/div>\n\n\n\n<p><em>Kreisverwaltung Germersheim<br>22.03.2020<\/em><\/p>\n\n\n\n<h2 class=\"wp-block-heading\">Mannheim: Aktuelle Information zu Corona 17.03.<\/h2>\n\n\n\n<figure class=\"wp-block-image\"><img decoding=\"async\" src=\"https:\/\/speyer24news.com\/wp-content\/uploads\/2020\/03\/Mannheim-Logo.png\" alt=\"\" class=\"wp-image-25671\"\/><\/figure>\n\n\n\n<ol><li><strong>Aktuelle Fallzahlen<\/strong><\/li><li><strong>B\u00fcrgerdienste und Stadtraumservice<\/strong><\/li><li><strong>Beratungsstellen<\/strong><\/li><li><strong>Gremiensitzungen<\/strong><\/li><li><strong>Kurzarbeitergeld<\/strong><\/li><li><strong>Hotline f\u00fcr Unternehmen gestartet<\/strong><\/li><li><strong>Leihamt<\/strong><\/li><li><strong>Neue Links<\/strong><\/li><\/ol>\n\n\n\n<h4 class=\"wp-block-heading\">1.) Aktuelle Fallzahlen \u2013 Zahl der nachgewiesenen Corona-F\u00e4lle in Mannheim steigt auf 72<\/h4>\n\n\n\n<p>Dem Gesundheitsamt Mannheim wurden bis heute Nachmittag, 17.03.2020, 17 Uhr, acht weitere F\u00e4lle von nachgewiesenen Coronavirus-Infektionen gemeldet. Damit erh\u00f6ht sich die Zahl der best\u00e4tigten F\u00e4lle in Mannheim auf 72. Alle nachgewiesenen Infizierten zeigen nur milde Krankheitsanzeichen und k\u00f6nnen in h\u00e4uslicher Quarant\u00e4ne verbleiben.<\/p>\n\n\n\n<p>Das Gesundheitsamt ermittelt nun die weiteren Kontaktpersonen aller nachgewiesen Infizierten, insbesondere im Bereich der sogenannten vulnerablen Gruppen, nimmt Kontakt mit diesen auf und begleitet diese w\u00e4hrend der h\u00e4uslichen Quarant\u00e4ne. Alle beteiligten \u00c4rzte, Gesundheitsbeh\u00f6rden, sowie das Kompetenzzentrum Gesundheitsschutz am Landesgesundheitsamt arbeiten dabei eng zusammen.<\/p>\n\n\n\n<h4 class=\"wp-block-heading\">2.) B\u00fcrgerdienste und Stadtraumservice<\/h4>\n\n\n\n<p><strong>a) B\u00fcrgerdienste<\/strong><br>Zurzeit sind ausschlie\u00dflich die B\u00fcrgerservices K 7 (Mitte) und Waldhof (Nord) ge\u00f6ffnet. Bereits vereinbarte Termine in den \u00fcbrigen B\u00fcrgerservices wurden bereits abgesagt. Fertige Ausweisdokumente k\u00f6nnen &#8211; falls notwendig &#8211; im B\u00fcrgerservice in K 7 abgeholt werden.<br> Die B\u00fcrger*innen werden gebeten, Beh\u00f6rdeng\u00e4nge zu vermeiden:<\/p>\n\n\n\n<ul><li>Bitte \u00fcberdenken Sie die Dringlichkeit Ihres Anliegens und verschieben Ihren Beh\u00f6rdengang &#8211; wenn m\u00f6glich &#8211; auf einen sp\u00e4teren Zeitpunkt.<\/li><li>Nutzen Sie das Online-Angebot.<\/li><li>Nutzen Sie E-Mails oder den Postversand.<br>\nSollten beh\u00f6rdliche Fristen vers\u00e4umt werden, entstehen hierdurch keine rechtlichen Nachteile.<\/li><\/ul>\n\n\n\n<p>Wichtig: Dringende, unaufschiebbare pers\u00f6nliche Vorsprachen sind ausschlie\u00dflich nach vorheriger Terminvereinbarung m\u00f6glich. Daf\u00fcr stehen folgende Hotlines zur Verf\u00fcgung:<br> B\u00fcrgerservice K 7: Telefon 0621 293-2628,<br> B\u00fcrgerservice Waldhof: Telefon 0621 293-7600,<br> Ausl\u00e4nderbeh\u00f6rde: Telefon 0621 293-2691,<br> Standesamt: Telefon 0621 293-3101.<br>F\u00fcr die B\u00fcrgerservices K 7 und Waldhof k\u00f6nnen Termine auch online unter <a href=\"http:\/\/www.mannheim.de\/terminvereinbarung\">http:\/\/www.mannheim.de\/terminvereinbarung<\/a> vereinbart werden.<\/p>\n\n\n\n<p>F\u00fcr KFZ-H\u00e4ndler und Zulassungsdienste stehen weiterhin die sogenannten \u201eH\u00e4ndlerschr\u00e4nke\u201c in Neuhermsheim und Waldhof zur Verf\u00fcgung. Es gelten folgende \u00d6ffnungszeiten:<br>B\u00fcrgerservice K 7: Montag: 8 bis 16 Uhr, Dienstag, Mittwoch und Freitag: 8 bis 12 Uhr und Donnerstag: 8 bis 18 Uhr,<br>B\u00fcrgerservice Waldhof: Montag: 8 bis 16 Uhr, Dienstag: 8 bis 18 Uhr sowie Mittwoch bis Freitag: 8 bis 12 Uhr.<\/p>\n\n\n\n<p><strong>b) Stadtraumservice<\/strong><br>Die Reinigungswoche \u201ePutz\u2018 Deine Stadt raus!\u201c 2020 wird abgesagt.<\/p>\n\n\n\n<h4 class=\"wp-block-heading\">3.) Beratungsstellen der Stadt: Umstellung auf telefonische Beratung \u2013 pers\u00f6nliche Termine nur noch in Ausnahmef\u00e4llen<\/h4>\n\n\n\n<p><strong>a) Beratungsservice f\u00fcr B\u00fcrger*innen im Bereich Kindertagespflege und Servicestelle Eltern (Meki)<\/strong><br>In der Kindertagespflege (KTP) und in der Servicestelle Eltern (Vormerkung f\u00fcr die Betreuung von Kindern, Meki) lassen sich die Beratungen der B\u00fcrgerinnen und B\u00fcrger in der Regel auch telefonisch umsetzen. Deshalb wird die Beratung zun\u00e4chst bis zum Ende der Osterferien auf telefonische Beratung umgestellt. In Ausnahmef\u00e4llen, in denen sich herausstellt, dass ein Sachverhalt am Telefon wider Erwarten nicht kl\u00e4rbar ist, werden erg\u00e4nzend zum Telefonat pers\u00f6nlichen Beratungstermine vereinbart. Gleiches gilt f\u00fcr die der Beratung und Anmeldung zur Schulkindbetreuung.<br> Telefon Servicestelle Eltern: 0621 293-3888, Telefon: Kindertagespflege 0621 293-3734,<br>Telefon Schulkindbetreuung Schulen S\u00fcd: 0621 293-3522, Schulen Nord 0621 293- 3521.<\/p>\n\n\n\n<p><strong>b) Jugendamt und Gesundheitsamt<\/strong><br>Zum Beratungsangebot des Gesundheitsamtes geh\u00f6ren beispielsweise Impfberatung, Informationen und Beratung zu sexuell \u00fcbertragbaren Krankheiten (STI\/AIDS) und Beratung von Familien mit einem neugeborenen Kind (Fr\u00fche Hilfen). Auch diese werden soweit wie m\u00f6glich nun telefonisch oder auf dem Mailweg erbracht, um zum Schutz von B\u00fcrger*innen und Personal pers\u00f6nliche Kontakte zu reduzieren. Wenn ein pers\u00f6nlicher Kontakt unabdingbar ist, wird dies sichergestellt.<br> Telefon Impfberatung: 0621 293-2203, Telefon Fr\u00fche Hilfen: 0621 293-3708,<br> Telefon STI\/AIDS-Beratung: 0621 293-2249.<\/p>\n\n\n\n<p>Das gleiche Vorgehen gilt f\u00fcr die <strong>Erziehungsberatungsberatungsstellen \/-Psychologische Beratungsstellen f\u00fcr Kinder, Jugendliche und Eltern<\/strong> der Stadt Mannheim sowie der freien Tr\u00e4ger Caritasverband Mannheim und Evangelische Kirche in Mannheim. Die Psychologischen Beratungsstellen bieten Beratung und Hilfe in Fragen der Erziehung, des Zusammenlebens in der Familie und bei pers\u00f6nlichen Problemen.<\/p>\n\n\n\n<p>In Zeiten von Corona und mit der st\u00e4ndigen Ver\u00e4nderung der Lebensumst\u00e4nde k\u00f6nnen sich auch Abl\u00e4ufe und Beziehungen in der Familie ver\u00e4ndern: Manches r\u00fcckt in den Hintergrund und verliert gerade an Bedeutung, manches wird deutlicher und belastet Kinder, Jugendliche und Familien mehr als sonst. Derzeit k\u00f6nnen auch die Beratungsstellen nicht in gewohnter Weise t\u00e4tig sein, aber Ratsuchende k\u00f6nnen sich nach wie vor an diese wenden, wenn sie Unterst\u00fctzung ben\u00f6tigen. Dies sollten sie telefonisch tun.<\/p>\n\n\n\n<p>Kontaktdaten der f\u00fcnf Erziehungsberatungsstellen in Mannheim:<\/p>\n\n\n\n<ul><li>Psychologische Beratungsstelle f\u00fcr Kinder, Jugendliche und Eltern des Caritasverband Mannheim: Telefon 0621 1250-600, <a href=\"http:\/\/www.caritas-mannheim.de\">http:\/\/www.caritas-mannheim.de<\/a><\/li><li>Psychologische Beratungsstelle f\u00fcr Erziehungs-, Paar- und Lebensfragen der Evangelischen Kirche in Mannheim, Telefon 0621 28000 280, <a href=\"http:\/\/www.caritas-mannheim.de\">http:\/\/www.pb.ekma.de<\/a><\/li><li>Psychologische Beratungsstellen f\u00fcr Kinder, Jugendliche und Eltern der Stadt Mannheim, Beratungsstelle Nord: Telefon 0621 293 5530, Beratungsstelle Mitte: Telefon 0621 293 8866, Beratungsstelle S\u00fcd: Telefon 0621 293 6040, <a href=\"http:\/\/www.pb-mannheim.de\">http:\/\/www.pb-mannheim.de<\/a><\/li><\/ul>\n\n\n\n<h4 class=\"wp-block-heading\">4.) Ma\u00dfnahmen zur Eind\u00e4mmung der Corona-Infektion: \u00c4nderungen bei Gremiensitzungen<\/h4>\n\n\n\n<p>Die Ma\u00dfnahmen, die in Mannheim zur Eind\u00e4mmung des Corona-Virus getroffen wurden, haben auch Auswirkungen auf die Abl\u00e4ufe der Arbeit des Gemeinderates und seiner Gremien, einschlie\u00dflich der Bezirksbeir\u00e4te.<\/p>\n\n\n\n<p>Die Sitzungen der beratenden Aussch\u00fcsse und der Bezirksbeir\u00e4te finden bis auf weiteres nicht statt. Sitzungen, zu denen bereits eingeladen wurde, werden abgesagt.<br>Die Sitzungen der beschlie\u00dfenden Aussch\u00fcsse und des Gemeinderates finden statt, allerdings werden Tagesordnungen auf die unbedingt notwendigen Beschlussfassungen reduziert. Liegen nicht gen\u00fcgend Tagesordnungspunkte vor, die die Durchf\u00fchrung der Sitzung rechtfertigen w\u00fcrden, wird sie abgesagt. <strong>Das ist der Fall bei der Sitzung des Ausschusses f\u00fcr Wirtschaft, Arbeit und Soziales am Dienstag, den 31. M\u00e4rz 2020. Sie findet nicht statt.<\/strong><\/p>\n\n\n\n<p>Um die Gesamtdauer der Sitzungen zu begrenzen, sollten dar\u00fcber hinaus, wo m\u00f6glich, die Dauer der Sachvortr\u00e4ge und Wortbeitr\u00e4ge zeitlich reduziert werden.<br>Bei diesen Ma\u00dfnahmen handelt es sich um einen ersten Schritt. Es k\u00f6nnen weitere Ma\u00dfnahmen &#8211; auch mit Blick auf Entscheidungen auf Landesebene &#8211; folgen.<\/p>\n\n\n\n<h4 class=\"wp-block-heading\">5.) Kurzarbeitergeld: St\u00e4dtische Wirtschaftsf\u00f6rderung startet Kooperation mit Agentur f\u00fcr Arbeit<\/h4>\n\n\n\n<p>Der Fachbereich f\u00fcr Wirtschafts- und Strukturf\u00f6rderung der Stadt Mannheim unterst\u00fctzt ab Mittwoch die Agentur f\u00fcr Arbeit Mannheim (BA) bei der Beratung und Bearbeitung von Antr\u00e4gen auf Kurzarbeitergeld: <a href=\"https:\/\/www.mannheim.de\/de\/presse\/kurzarbeitergeld-staedtische-wirtschaftsfoerderung-startet-kooperation-mit-agentur-fuer-arbeit\">https:\/\/www.mannheim.de\/de\/presse\/kurzarbeitergeld-staedtische-wirtschaftsfoerderung-startet-kooperation-mit-agentur-fuer-arbeit<\/a><\/p>\n\n\n\n<h4 class=\"wp-block-heading\">6.) Wirtschaftsf\u00f6rderung startet Hotline f\u00fcr Unternehmen<\/h4>\n\n\n\n<p>Die Hotline dient als Anlaufstelle f\u00fcr alle Fragen, die Unternehmen \u2013 gleich welcher Art \u2013 im Zusammenhang mit der jetzigen Situation haben. Hinter der Hotline steht die Expertise der Kundenbetreuer der Wirtschaftsf\u00f6rderung, die zu verschiedenen Themen informieren sowie relevante Themen, die die Unternehmen besch\u00e4ftigen, aufgreifen. Die Kundenbetreuer vermitteln dar\u00fcber hinaus Ansprechpartner, stellen den Informationstransfer sicher und geben Hinweise zu bei den Banken und F\u00f6rderinstitutionen bestehende Instrumente im Liquidit\u00e4ts- und Finanzierungsbereich. Die Nummer der Hotline: 0621 &#8211; 293-3351.<\/p>\n\n\n\n<h4 class=\"wp-block-heading\">7.) Leihamt geschlossen<\/h4>\n\n\n\n<p>Das Leihamt bleibt ab sofort geschlossen. Bereits seit Beginn letzter Woche wurden alle Versteigerungen abgesagt. Auch der Gold An- und Verkauf sowie die Pfandleihe werden ab sofort bis auf weiteres eingestellt. Die Transaktionen k\u00f6nnen nicht mehr online durchgef\u00fchrt werden.<\/p>\n\n\n\n<h4 class=\"wp-block-heading\">8.) Neue Links \u2013 Merkblatt f\u00fcr Risikogruppen<\/h4>\n\n\n\n<p>Auf der Seite <a href=\"http:\/\/www.mannheim.de\/Corona\">http:\/\/www.mannheim.de\/Corona<\/a> wurde ein Merkblatt f\u00fcr Personen mit einem h\u00f6heren Risiko f\u00fcr einen schweren Krankheitsverlauf einer Coronavirus-Erkrankung aufgenommen: <a href=\"https:\/\/www.mannheim.de\/sites\/default\/files\/2020-03\/Merkblatt%20f%C3%BCr%20Risikogruppen.pdf\">https:\/\/www.mannheim.de\/sites\/default\/files\/2020-03\/Merkblatt%20f%C3%BCr%20Risikogruppen.pdf<\/a><\/p>\n\n\n\n<p><em>Stadt Mannheim<br>22.03.2020<\/em><\/p>\n\n\n\n<h2 class=\"wp-block-heading\"><strong>Coronavirus: Stadt erl\u00e4sst aktualisierte Allgemeinverf\u00fcgung zur weiteren Kontaktreduzierung<\/strong><\/h2>\n\n\n\n<div class=\"wp-block-image\"><figure class=\"aligncenter\"><img decoding=\"async\" loading=\"lazy\" width=\"800\" height=\"153\" src=\"https:\/\/speyer24news.com\/wp-content\/uploads\/2020\/03\/LU.png\" alt=\"\" class=\"wp-image-25754\" srcset=\"https:\/\/speyer24news.com\/wp-content\/uploads\/2020\/03\/LU.png 800w, https:\/\/speyer24news.com\/wp-content\/uploads\/2020\/03\/LU-300x57.png 300w, https:\/\/speyer24news.com\/wp-content\/uploads\/2020\/03\/LU-768x147.png 768w\" sizes=\"(max-width: 800px) 100vw, 800px\" \/><\/figure><\/div>\n\n\n\n<p><strong>Ludwigshafen &#8211; <\/strong>Anl\u00e4sslich der steigenden Anzahl von Corona-Infektionen im Bundesgebiet und in der Region erl\u00e4sst die Stadtverwaltung Ludwigshafen eine erweiterte Allgemeinverf\u00fcgung, welche die Vorgaben der Landesregierung zur Eind\u00e4mmung der Pandemie umsetzt. Die aktualisierte Verf\u00fcgung untersagt unter anderem die \u00d6ffnung von Verkaufsstellen des Einzelhandels, Spezialm\u00e4rkten, Spielpl\u00e4tzen, Freizeit- und Tierparks, Bars, Clubs, Produktionsst\u00e4tten, Konzerth\u00e4usern und \u00e4hnlichen Einrichtungen f\u00fcr Publikumsverkehr. Die \u00d6ffnungszeiten von Restaurants und Speisegastst\u00e4tten werden auf 6 bis 18 Uhr begrenzt. Die neue Allgemeinverf\u00fcgung mit diesen kontaktreduzierenden Ma\u00dfnahmen gilt seit Mittwoch, 18. M\u00e4rz 2020, 0 Uhr. <\/p>\n\n\n\n<p>Von den Reglungen nicht betroffen sind Einzelhandelsbetriebe f\u00fcr Lebensmittel, Wochenm\u00e4rkte, Abhol- und Lieferdienste, Getr\u00e4nkem\u00e4rkte, Apotheken, Sanit\u00e4tsh\u00e4user, Drogerien, Tankstellen, Banken und Sparkassen, Poststellen, Fris\u00f6re, Reinigungen, Waschsalons, Zeitungsverkaufsstellen, Bau-, Gartenbau- sowie Tierbedarfsm\u00e4rkte und der Gro\u00dfhandel.<\/p>\n\n\n\n<p><em>Stadt Ludwigshafen am Rhein<br>22.03.2020<\/em><\/p>\n\n\n\n<h2 class=\"wp-block-heading\">Jobcenter und Arbeitsagenturen arbeiten weiter &#8211; auch wenn die T\u00fcren geschlossen sind<\/h2>\n\n\n\n<h3 class=\"wp-block-heading\">Pers\u00f6nlicher Kontakt im Notfall m\u00f6glich \/ Geldauszahlung ist sichergestellt<\/h3>\n\n\n\n<div class=\"wp-block-image\"><figure class=\"aligncenter\"><img decoding=\"async\" src=\"https:\/\/speyer24news.com\/wp-content\/uploads\/2020\/03\/Agentur-f\u00fcr-Arbeit.png\" alt=\"\" class=\"wp-image-25646\"\/><\/figure><\/div>\n\n\n\n<p><strong>N\u00fcrnberg \/ Deutschland &#8211; <\/strong>Die Jobcenter (gemeinsame Einrichtungen), Arbeitsagenturen und Familienkassen konzentrieren sich in der aktuellen Lage darauf, Geldleistungen wie Arbeitslosengeld I und II, Kurzarbeitergeld, Kindergeld und Kinderzuschlag sowie alle weiteren Leistungen auszuzahlen.<br>Um dies zu gew\u00e4hrleisten, um die Gesundheit aller zu sch\u00fctzen und um die Pandemie einzud\u00e4mmen, gibt es seit Mittwoch (18.03.2020) keinen offenen Kundenzugang in unsere Geb\u00e4ude mehr.<\/p>\n\n\n\n<p>F\u00fcr Notf\u00e4lle wird vor Ort eine Kontaktm\u00f6glichkeit geschaffen. Wir informieren \u00fcber die regionale Presse und \u00fcber Aush\u00e4nge \u00fcber diese M\u00f6glichkeiten.<\/p>\n\n\n\n<h4 class=\"wp-block-heading\">Wichtige Info f\u00fcr alle Kundinnen und Kunden:<\/h4>\n\n\n\n<ul><li>Sie m\u00fcssen einen vereinbarten Termin NICHT absagen, weder telefonisch noch per Mail. Es gibt keine Nachteile. Es gibt keine Rechtsfolgen und Sanktionen.<\/li><li>Gesetzte Fristen werden vorerst ausgesetzt.<\/li><li>Die Kundinnen und Kunden erhalten rechtzeitig eine Nachricht, wenn sich diese Regelungen \u00e4ndern.<\/li><li>Die Auszahlung der Geldleistung ist sichergestellt.<\/li><\/ul>\n\n\n\n<p><strong>Zus\u00e4tzliche regionale Rufnummern:<\/strong><\/p>\n\n\n\n<p>Die Arbeitsagenturen und Jobcenter schalten derzeit auch lokale Rufnummern, da unsere zentralen Rufnummern nur sehr schlecht erreichbar sind. Auch hier informieren wir baldm\u00f6glichst \u00fcber die Medien, unter <a href=\"https:\/\/deref-web-02.de\/mail\/client\/3R3Q8WQnhPA\/dereferrer\/?redirectUrl=http%3A%2F%2Fwww.arbeitsagentur.de\" target=\"_blank\" rel=\"noreferrer noopener\">www.arbeitsagentur.de<\/a> und \u00fcber Aush\u00e4nge.<\/p>\n\n\n\n<p><strong>Antr\u00e4ge auf Arbeitslosengeld I und Arbeitslosengeld II:<\/strong><\/p>\n\n\n\n<p>Den Antrag auf Arbeitslosengeld I k\u00f6nnen Sie online stellen. <br><a href=\"https:\/\/deref-web-02.de\/mail\/client\/34Y7-64jhhc\/dereferrer\/?redirectUrl=http%3A%2F%2Fwww.arbeitsagentur.de%2Fantrag-arbeitslosengeld\" target=\"_blank\" rel=\"noreferrer noopener\">http:\/\/www.arbeitsagentur.de\/antrag-arbeitslosengeld<\/a><\/p>\n\n\n\n<p>Den Neuantrag auf Arbeitslosengeld II finden Sie hier:<br><a href=\"https:\/\/deref-web-02.de\/mail\/client\/BEfuacbUVAc\/dereferrer\/?redirectUrl=http%3A%2F%2Fwww.arbeitsagentur.de%2Fantrag-arbeitslosengeld2\" target=\"_blank\" rel=\"noreferrer noopener\">http:\/\/www.arbeitsagentur.de\/antrag-arbeitslosengeld2<\/a><\/p>\n\n\n\n<p>Den Antrag auf Arbeitslosengeld II k\u00f6nnen Sie jederzeit formlos telefonisch oder schriftlich bei Ihrem Jobcenter stellen. Ferner haben Sie derzeit auch die M\u00f6glichkeit, Ihren bereits ausgef\u00fcllten Antrag ohne pers\u00f6nliche Vorsprache in den Hausbriefkasten des Jobcenters einzuwerfen.<\/p>\n\n\n\n<p>Kundinnen und Kunden, die bereits Arbeitslosengeld II beziehen, und einen Weiterbewilligungsantrag stellen wollen, k\u00f6nnen dies online unter <a href=\"https:\/\/deref-web-02.de\/mail\/client\/4vq3cD2C0k0\/dereferrer\/?redirectUrl=http%3A%2F%2Fwww.jobcenter-digital.de\" target=\"_blank\" rel=\"noreferrer noopener\">http:\/\/www.jobcenter-digital.de<\/a> erledigen. Nach der Registrierung wird per Post eine PIN zugestellt. \u00dcber dieses Portal k\u00f6nnen auch Ver\u00e4nderungen mitgeteilt werden.<\/p>\n\n\n\n<p><strong>Tutorials und Flyer zur Hilfe bei den Online-Antr\u00e4gen finden Sie hier:<\/strong><\/p>\n\n\n\n<p><a href=\"https:\/\/deref-web-02.de\/mail\/client\/fUOmBjlFoxo\/dereferrer\/?redirectUrl=https%3A%2F%2Fwww.arbeitsagentur.de%2Feservices\" target=\"_blank\" rel=\"noreferrer noopener\">https:\/\/www.arbeitsagentur.de\/eservices<\/a><\/p>\n\n\n\n<p><strong>Informationen f\u00fcr Arbeitnehmer zum Kurzarbeitergeld finden Sie hier:<\/strong><\/p>\n\n\n\n<p><a href=\"https:\/\/deref-web-02.de\/mail\/client\/OtnWGZW2kOU\/dereferrer\/?redirectUrl=https%3A%2F%2Fwww.arbeitsagentur.de%2Ffinanzielle-hilfen%2Fkurzarbeitergeld-arbeitnehmer\" target=\"_blank\" rel=\"noreferrer noopener\">https:\/\/www.arbeitsagentur.de\/finanzielle-hilfen\/kurzarbeitergeld-arbeitnehmer<\/a><\/p>\n\n\n\n<p><strong>Arbeitgeber finden alle Informationen zu Kurzarbeit hier:<\/strong><\/p>\n\n\n\n<p><a href=\"https:\/\/deref-web-02.de\/mail\/client\/Mb_p5DS3OPg\/dereferrer\/?redirectUrl=http%3A%2F%2Fwww.arbeitsagentur.de%2Fkurzarbeit\" target=\"_blank\" rel=\"noreferrer noopener\">www.arbeitsagentur.de\/kurzarbeit<\/a><\/p>\n\n\n\n<p>Aktuelle Informationen erhalten Sie auch auf Twitter.<\/p>\n\n\n\n<p><em>Bundesagentur f\u00fcr Arbeit<br>22.03.2020<\/em><\/p>\n\n\n\n<h2 class=\"wp-block-heading\">Corona-Virus: Stadt Landau informiert \u00fcber Wirtschaftshilfen f\u00fcr Unternehmen<\/h2>\n\n\n\n<div class=\"wp-block-image\"><figure class=\"aligncenter\"><img decoding=\"async\" loading=\"lazy\" width=\"800\" height=\"574\" src=\"https:\/\/speyer24news.com\/wp-content\/uploads\/2020\/03\/Info-142-Corona-Stundung.jpg\" alt=\"\" class=\"wp-image-25954\" srcset=\"https:\/\/speyer24news.com\/wp-content\/uploads\/2020\/03\/Info-142-Corona-Stundung.jpg 800w, https:\/\/speyer24news.com\/wp-content\/uploads\/2020\/03\/Info-142-Corona-Stundung-300x215.jpg 300w, https:\/\/speyer24news.com\/wp-content\/uploads\/2020\/03\/Info-142-Corona-Stundung-768x551.jpg 768w\" sizes=\"(max-width: 800px) 100vw, 800px\" \/><figcaption>Wirtschaftshilfen: Die st\u00e4dtische Wirtschaftsf\u00f6rderung hat die wichtigsten Informationen und Kontaktdaten f\u00fcr Landauer Unternehmen zusammengestellt.<\/figcaption><\/figure><\/div>\n\n\n\n<p><strong>Landau &#8211; <\/strong>Um Unternehmen in der Stadt Landau zu entlasten, die aktuell unter den Auswirkungen der weltweiten Corona-Krise zu leiden haben, hat der Stadtvorstand beschlossen, vorerst die zinslose Stundung von st\u00e4dtischen Steuerforderungen zu erm\u00f6glichen. Diese Regelung betrifft damit insbesondere die Gewerbesteuer; in begr\u00fcndeten F\u00e4llen auch die Grundsteuer. Dar\u00fcber hinaus bieten auch Bund und Land verschiedene Hilfsangebote f\u00fcr Unternehmerinnen und Unternehmer an. Die st\u00e4dtische Wirtschaftsf\u00f6rderung hat die wichtigsten Informationen und Kontaktdaten zusammengestellt und diese per E-Mail an rund 1000 Landauer Unternehmen gesendet.<\/p>\n\n\n\n<h4 class=\"wp-block-heading\">Kurz zusammengefasst: <\/h4>\n\n\n\n<h4 class=\"wp-block-heading\">1.) <strong>Schutzschild f\u00fcr Besch\u00e4ftigte und Unternehmen<\/strong><\/h4>\n\n\n\n<p>Damit Betriebe ihre Mitarbeiterinnen und Mitarbeiter\nhalten k\u00f6nnen, hat das Bundeskabinett im Eilverfahren das\n\u201eArbeit-von-Morgen\u201c-Gesetz sowie weitere Ma\u00dfnahmen auf den Weg gebracht.\nAu\u00dferdem sollen vereinfachte Krankschreibungen, die Lockerung des\nSonntagsarbeitsverbots und Steuererleichterungen f\u00fcr Entlastung der Arbeitgeberinnen\nund Arbeitgeber sorgen. Weitere Informationen finden sich auf der Homepage der\nBundesregierung unter <a href=\"http:\/\/www.bundesregierung.de\/breg-de\/themen\/coronavirus\/milliardenhilfen-wegen-corono-1730386\">www.bundesregierung.de\/breg-de\/themen\/coronavirus\/milliardenhilfen-wegen-corono-1730386<\/a>.<\/p>\n\n\n\n<p>Das Bundeswirtschaftsministerium hat f\u00fcr\nwirtschaftsbezogene Fragen zum Coronavirus eine Hotline eingerichtet. Die\nHotline f\u00fcr Unternehmen ist unter der Telefonnummer 0 30\/1 86 15 15 15 zu\nerreichen.<\/p>\n\n\n\n<p>F\u00fcr R\u00fcckfragen zum Thema Kurzarbeit steht die Agentur f\u00fcr\nArbeit unter der Arbeitgeber-Hotline 0800\/4 55 55 20 gerne zur Verf\u00fcgung.<\/p>\n\n\n\n<h4 class=\"wp-block-heading\">2.) F\u00f6rderprogramme der KfW und ISB:<\/h4>\n\n\n\n<p>Die Investitions- und Strukturbank (ISB) bietet entsprechende Programmdarlehen und Tilgungsaussetzungen als Hilfen f\u00fcr Unternehmen in Rheinland-Pfalz an. F\u00fcr alle Fragen zu Finanzierungsm\u00f6glichkeiten sind die Expertinnen und Experten der ISB unter der Beratungshotline 0 61 31\/61 72 13 33 sowie per E-Mail unter <a href=\"beratung@isb.rlp.de\">beratung@isb.rlp.de<\/a> erreichbar. Die Beratungshotline ist von Montag bis Freitag jeweils von 8 bis 18 Uhr besetzt.<\/p>\n\n\n\n<p>Der KfW wurde die Aufgabe erteilt, die kurzfristige\nVersorgung der Unternehmen mit Liquidit\u00e4t zu erleichtern. Die KfW wird dazu die\nbestehenden Kredite f\u00fcr Unternehmen, Selbstst\u00e4ndige und Freiberufler nutzen und\ndort die Zugangsbedingungen und Konditionen verbessern. Dabei ist zu beachten,\ndass es sich hierbei nicht um Zusch\u00fcsse handelt. Ansprechpartnerin in Sachen\nAntragsstellung ist in diesem Fall die jeweilige Hausbank. <\/p>\n\n\n\n<p>Dar\u00fcber hinaus arbeitet die KfW aktuell an einem Sonderprogramm, f\u00fcr kleinere, mittlere bzw. gro\u00dfe Unternehmen, das schnellstm\u00f6glich eingef\u00fchrt werden soll. Alle Informationen hierzu finden sich auf <a href=\"http:\/\/www.kfw.de\/KfW-Konzern\/Newsroom\/Aktuelles\/KfW-Corona-Hilfe-Unternehmen.html\">www.kfw.de\/KfW-Konzern\/Newsroom\/Aktuelles\/KfW-Corona-Hilfe-Unternehmen.html<\/a><\/p>\n\n\n\n<h4 class=\"wp-block-heading\">3.) Steuerforderungen:<\/h4>\n\n\n\n<p>Bei Fragen zu Stundungen von st\u00e4dtische Steuerforderungen, insbesondere den aktuellen Gewerbesteuervorauszahlungen, k\u00f6nnen sich Unternehmen mit der st\u00e4dtischen Steuerabteilung unter der Telefonnummer 0 63 41\/13 22 00 oder per E-Mail an <a href=\"josef.thomas@landau.de\">josef.thomas@landau.de<\/a> in Verbindung setzen. Bis zum 30. Juni 2020 werden zinslose Stundungen als Sofortma\u00dfnahme auf Antrag erm\u00f6glicht. <\/p>\n\n\n\n<p>Parallel hierzu ist es m\u00f6glich, beim Finanzamt einen\nHerabsetzungsantrag f\u00fcr die K\u00f6rperschaftssteuer und folglich auch die\nGewerbesteuervorauszahlung zu stellen. Die entsprechende Ansprechpartnerin bzw.\nden Ansprechpartner des Finanzamts finden Unternehmerinnen und Unternehmer auf\nihrem Steuerbescheid. <\/p>\n\n\n\n<p>Auch die Wirtschaftsf\u00f6rderung der Stadtverwaltung steht bei allgemeinen R\u00fcckfragen gerne telefonisch unter 0 63 41\/13 20 00 oder per E-Mail unter <a href=\"mailto:martin.messemer@landau.de\">martin.messemer@landau.de<\/a> zur Verf\u00fcgung.<\/p>\n\n\n\n<p><em>Stadtverwaltung Landau in der Pfalz<br>22.03.2020<\/em><\/p>\n\n\n\n<h2 class=\"wp-block-heading\">Aktuelle Informationen der B\u00fcros f\u00fcr Tourismus an der S\u00fcdlichen Weinstrasse \u00fcber \u00d6ffnungszeiten und Einschr\u00e4nkungen w\u00e4hrend der Coronakrise. <\/h2>\n\n\n\n<div class=\"wp-block-image\"><figure class=\"aligncenter\"><img decoding=\"async\" loading=\"lazy\" width=\"400\" height=\"184\" src=\"https:\/\/speyer24news.com\/wp-content\/uploads\/2020\/03\/S\u00fcdliche-Weinstra\u00dfe.jpg\" alt=\"\" class=\"wp-image-25968\" srcset=\"https:\/\/speyer24news.com\/wp-content\/uploads\/2020\/03\/S\u00fcdliche-Weinstra\u00dfe.jpg 400w, https:\/\/speyer24news.com\/wp-content\/uploads\/2020\/03\/S\u00fcdliche-Weinstra\u00dfe-300x138.jpg 300w\" sizes=\"(max-width: 400px) 100vw, 400px\" \/><\/figure><\/div>\n\n\n\n<p><strong>S\u00fcdliche Weinstra\u00dfe &#8211;<\/strong> Die Tourismuswirtschaft wird von der aktuellen Coronakrise hart getroffen. Leider trifft uns die aktuelle Situation genau zu dem Zeitpunkt, zu dem wir uns nach einem tr\u00fcben Winter normalerweise auf die Mandelbl\u00fcte und die Freiluftsaison freuen und es uns zu den ersten Veranstaltungen nach drau\u00dfen zieht. Bei der aktuellen Lage gehen aber die Gesundheit der Menschen und der Schutz der Bev\u00f6lkerung vor. Daher sind in den n\u00e4chsten Tagen weitere Einschr\u00e4nkungen zu erwarten, die G\u00e4ste aber auch Einheimische betreffen werden. Hier ein aktueller \u00dcberblick:<\/p>\n\n\n\n<p>Alle B\u00fcros f\u00fcr Tourismus an der S\u00fcdlichen Weinstrasse sind\nsp\u00e4testens ab sofort f\u00fcr den Publikumsverkehr geschlossen aber telefonisch oder\nper email zu erreichen. Die Kontaktzeiten werden zum Teil eingeschr\u00e4nkt. Eine\n\u00dcbersicht \u00fcber die Kontaktzeiten der B\u00fcros finden Sie anbei. <\/p>\n\n\n\n<p>Am Wochenende hatten der Landkreis S\u00fcdliche Weinstra\u00dfe und die\nStadt Landau zus\u00e4tzlich zur landesweiten Ank\u00fcndigung, Veranstaltungen mit mehr\nals 75 Teilnehmerinnen und Teilnehmern zu verbieten, die Allgemeinverf\u00fcgung um\ndie Schlie\u00dfung von Freizeiteinrichtungen erweitert. Demnach sind der Betrieb\nvon Spielhallen, Tanzschulen, Shisha-Bars, Vergn\u00fcgungsst\u00e4tten, Fitness- und\nGymnastikstudios, Saunen, Indoorspielpl\u00e4tzen, Diskotheken, Bars, Musikclubs,\nTheatern und Kinos untersagt. \u00d6ffentliche Einrichtungen und Museen wurden geschlossen.\nAuch der Wild- und Wanderpark in Silz und der Zoo in Landau sind ab sofort\ngeschlossen.&nbsp; <\/p>\n\n\n\n<p>Die Veranstaltungen, die von den B\u00fcros f\u00fcr Tourismus veranstaltet\nwerden \u2013 von der Stadtf\u00fchrung \u00fcber Mandelbl\u00fctenbustouren bis zu\nKulturveranstaltungen &#8211; wurden bis auf weiteres unabh\u00e4ngig von der\nTeilnehmerzahl abgesagt. <\/p>\n\n\n\n<p>Mit den Empfehlungen des Kabinettsausschusses der\nBundesregierung zur Corona-Epidemie an die Bundesl\u00e4nder zum einheitlichen\nVorgehen zur weiteren Beschr\u00e4nkung im \u00f6ffentlichen Bereich, gelten ab Mittwoch,\nden 18.03.2020 noch einmal stark versch\u00e4rfte Anweisungen und Erlasse. Das\nbetrifft sowohl Freizeiteinrichtungen, als auch Unterkunfts- und\nGastronomiebetriebe. Die Verlautbarung ist im Original <a href=\"https:\/\/news.triplecloud10.de\/ncfiles\/file\/Politik\/CoronaEmpfehlungenKabinettsauschuss.pdf\">hier\nnachzulesen.<\/a> Hotel- und Unterkunftsbetriebe werden darum\ngebeten, Urlaubsg\u00e4ste nicht anreisen zu lassen und vor\u00fcbergehend keine\nBuchungen f\u00fcr Urlaubsg\u00e4ste mehr anzunehmen. F\u00fcr die (Speise-)Gastronomien an\nder S\u00fcdlichen Weinstra\u00dfe gelten zum jetzigen Zeitpunkt Einschr\u00e4nkungen in der\nmaximal anwesenden G\u00e4stezahl und der Entfernung der Tische zueinander. Mit\neiner Versch\u00e4rfung ist zu rechnen. <\/p>\n\n\n\n<p><br>\nDie Pfalzcard, die beliebte G\u00e4stekarte der Pfalz, geht in Corona-Pause und wird\nab sofort nicht mehr an Urlaubsg\u00e4ste ausgegeben. \u201eWir wollen mit diesem Schritt\nunseren Partnern unter den Beherbergungsbetrieben, die unter massiven\nStornierungen und Umsatzeinbu\u00dfen leiden, in dieser schwierigen und\nexistenzbedrohenden Situation helfen.\u201c sagte der Vorsitzende der\nPfalz.Touristik, Landrat Hans-Ulrich Ihlenfeld. Umgekehrt sei es den G\u00e4sten\ngegen\u00fcber ebenfalls nicht zu vertreten, wenn nur ein Bruchteil der\nKartenleistungen \u00fcberhaupt zur Verf\u00fcgung stehe.<\/p>\n\n\n\n<p>Die \u00d6ffnung der Trekkingpl\u00e4tze im Pf\u00e4lzerwald wurde vom S\u00fcdliche\nWeinstrasse e.V. verschoben \u2013 zun\u00e4chst auf 01.05.2020. Weitere Informationen\nunter <a href=\"http:\/\/www.trekking-pfalz.de\">www.trekking-pfalz.de<\/a> <\/p>\n\n\n\n<p>Die meisten Verkehrsunternehmen im Verkehrsverbund Rhein-Neckar\n(VRN) werden ihr &nbsp;Fahrplanangebot im\nVerbundgebiet nach Schlie\u00dfung der Schulen und Kitas sukzessive auf den\nFerienfahrplan umstellen. Die Deutsche Bahn wird ihren Regionalverkehr deutlich\neinschr\u00e4nken. <\/p>\n\n\n\n<p>Damit wird es einen ausged\u00fcnnten \u00d6PNV-Fahrplan geben, bei dem\ndie Verkehrsunternehmen trotzdem alles M\u00f6gliche tun, die Fahrten aufgrund der\naktuellen Gesundheitssituation stets p\u00fcnktlich durchzuf\u00fchren.<\/p>\n\n\n\n<p><a href=\"https:\/\/www.vrn.de\/verkehrsinformationen\/meldungen\/2413\/\">https:\/\/www.vrn.de\/verkehrsinformationen\/meldungen\/2413\/<\/a><\/p>\n\n\n\n<p><em>S\u00fcdliche Weinstrasse e.V. <br>22.03.2020<\/em><\/p>\n\n\n\n<h2 class=\"wp-block-heading\">Zusammenfassung der aktuellen Ma\u00dfnahmen der Stadt Speyer zur Eind\u00e4mmung der Ausbreitung des Coronavirus  17.03.2020 <\/h2>\n\n\n\n<div class=\"wp-block-image\"><figure class=\"aligncenter\"><img decoding=\"async\" src=\"https:\/\/speyer24news.com\/wp-content\/uploads\/2020\/02\/Speyer-Logo.jpg\" alt=\"\" class=\"wp-image-25892\"\/><\/figure><\/div>\n\n\n\n<ul><li><strong>Aktuelle Fallzahlen: 4 best\u00e4tigte F\u00e4lle in Speyer<\/strong><\/li><li><strong>Stand 17.03.2020 wird in keinem Speyerer Krankenhaus ein Patient auf Covid-19 behandelt<\/strong><\/li><li><strong>Beide Krankenh\u00e4user haben Vorkehrungsma\u00dfnahmen getroffen, um f\u00fcr den Bedarfsfall zus\u00e4tzliche Behandlungskapazit\u00e4ten zu schaffen und Personalkapazit\u00e4ten aufzustocken<\/strong><\/li><\/ul>\n\n\n\n<ul><li>Ab Mittwoch, 18.03.2020, wird das neu eingerichtete B\u00fcrgertelefon der Stadt Speyer unter der Telefonnummer 14 13 12 zu folgenden Zeiten erreichbar sein: Montag bis Donnerstag von 10:00 bis 12:30 Uhr und 13:30 bis 16:00 Uhr, Freitag 10:00 bis 12:30 Uhr.  Die Kolleginnen werden alle Fragen beantworten, die keinen medizinischen Hintergrund haben, beispielsweise Fragen zur Notbetreuung in Kitas und Schulen. B\u00fcrgerinnen, die Sorgen haben sich mit dem Coronavirus infiziert zu haben, wenden sich telefonisch an ihren Hausarzt oder den \u00e4rztlichen Bereitschaftsdienst, Tel. 11 61 17. <\/li><li>Seit 16.03.2020 nimmt die st\u00e4dtische Wirtschaftsf\u00f6rderung proaktiv Kontakt mit Verb\u00e4nden auf, um offene Fragen zu kl\u00e4ren und Unsicherheiten zu beseitigen. Gewerbetreibende k\u00f6nnen sich mit ihren Fragen und Anliegen auch selbst an die Wirtschaftsf\u00f6rderung wenden, Tel. 14 22 80 oder 14 27 60, E-Mail:  <a href=\"wirtschaftsfoerderung@stadt-speyer.de\">wirtschaftsfoerderung@stadt-speyer.de<\/a>  <\/li><li>Die Stadt Speyer arbeitet derzeit am Aufbau eines Versorgungs- bzw. Einkaufsdienstes f\u00fcr \u00c4ltere und Vorerkrankte sowie alleinstehende Menschen unter Quarant\u00e4ne. Ehrenamtliche Helfer*innen, die sich in diesem Bereich engagieren m\u00f6chten, oder Hilfesuchende, die den Dienst in Anspruch nehmen m\u00f6chten, wenden sich an das B\u00fcrgertelefon, Tel. 14 13 12 (Erreichbarkeit s.o.). <\/li><li>\u00dcber das vergangene Wochenende haben die Stadt Speyer, die Feuerwehr, die ans\u00e4ssigen Hilfsorganisationen, die PRAVO (Praxisnetz Vorderpfalz), das Diakonissen-Stiftungskrankenhaus und das Vincentiuskrankenhaus ein Abstrichzentrum in der Halle 101 eingerichtet. Dieses \u00f6ffnet erstmals am Mittwoch, 18.03.2020, und ist zust\u00e4ndig f\u00fcr die B\u00fcrgerinnen der Stadt Speyer und des s\u00fcdlichen Rhein-Pfalz-Kreises (R\u00f6merberg, Dudenhofen, Hanhofen und B\u00f6hl-Iggelheim) sowie f\u00fcr diejenigen B\u00fcrgerinnen aus dem weiteren Umland, deren Hausarzt in Speyer ans\u00e4ssig ist.  Das Abstrichzentrum ist kein Diagnosezentrum f\u00fcr Patient-Arzt-Gespr\u00e4che oder die Ausstellung von Rezepten oder Krankschreibungen. Aufgesucht werden kann das Abstrichzentrum ausschlie\u00dflich von Personen, die zuvor ein telefonisches Vorgespr\u00e4ch mit ihrem Hausarzt gef\u00fchrt und von diesem einen Termin f\u00fcr eine Abstrichentnahme bekommen haben.  Jede Person, von der ein Abstrich genommen wurde, muss zwingend in h\u00e4uslicher Quarant\u00e4ne bleiben, bis das Laborergebnis vorliegt. Das dauert z.Zt. circa zwei bis drei Tage. Die Ergebnisse werden von den Laboren zentral an das Vincentiuskrankenhaus und von dort an die jeweiligen Haus\u00e4rzte gegeben. Die Haus\u00e4rzte benachrichtigen dann ihre Patienten bzw. in einem positiv getesteten Fall das Gesundheitsamt \u00fcber das Testergebnis.  <\/li><li>Aktuell gibt es in allen st\u00e4dtischen Kindertagest\u00e4tten und allen Schulen eine Notbetreuung f\u00fcr Kinder, deren Eltern folgende Berufsgruppen angeh\u00f6ren und die anderweitig keine Betreuung ihrer Kinder realisieren konnten:  Angeh\u00f6rige von Gesundheits- und Pflegeberufen Polizei Rettungsdienste Feuerwehr Lehrkr\u00e4fte Erzieher\/-innen Justiz und Justizvollzugsanstalten Angestellte von Energie- und Wasserversorgung Angestellte in der Daseinsvorsorge (Verkauf Superm\u00e4rkte) <\/li><li>Die Stadtverwaltung Speyer ist bis auf Weiteres f\u00fcr den Publikumsverkehr geschlossen, pers\u00f6nliche Vorsprache ist in allen Bereichen nur nach vorheriger telefonischer Terminvereinbarung m\u00f6glich. <\/li><li>Das B\u00fcrgerb\u00fcro in der Industriestra\u00dfe bietet bis auf Weiteres nur noch Dienstleistungen rund um das Thema Kfz-Angelegenheiten an, w\u00e4hrend das B\u00fcrgerb\u00fcro Maximilianstra\u00dfe alle anderen Aufgaben \u00fcbernimmt (z.B. Pass- und Meldewesen). Nach wie vor sind pers\u00f6nliche Vorsprachen nur nach Terminvereinbarung m\u00f6glich. Bitte beachten Sie, dass im Bereich der Zulassungsstelle aktuell nur Kunden aus dem Stadtgebiet Speyer Termine erhalten k\u00f6nnen.  Weiterhin bieten die B\u00fcrgerb\u00fcros keine Leistungen der Stadtwerke Speyer mehr an, d.h. es k\u00f6nnen auch keine M\u00fclls\u00e4cke mehr ausgegeben werden. Die Stadtwerke haben eine kontaktlose Ausgabestelle im Foyer ihres Kundenzentrums eingerichtet. Aus aktuellem Anlass bitten wir die B\u00fcrger*innen solidarisch zu sein und von jeder Sorte M\u00fclls\u00e4cke nur eine Rolle pro Haushalt mitzunehmen. <\/li><li>Trauungen und Trauerfeiern k\u00f6nnen nur noch im engsten Familienkreis abgehalten werden. Alle Vorsichtma\u00dfnahmen und Auflagen sind nachzulesen unter <a href=\"http:\/\/www.speyer.de\/standesamt\">www.speyer.de\/standesamt<\/a> unter dem Punkt \u201eAktuelles\u201c. <\/li><li>Die Volkshochschule und die Musikschule der Stadt Speyer sind bis auf Weiteres geschlossen. Kurse wurden eingestellt, unterbrochen oder verschoben. Auch die St\u00e4dtische Galerie, die Heiliggeistkirche, das Kinder- und Jugendtheater sowie die Stadtbibliothek sind geschlossen. FAQs zur Schlie\u00dfung der Stadtbibliothek finden Sie unter: <a href=\"http:\/\/www.speyer.de\/stadtbibliothek\">www.speyer.de\/stadtbibliothek<\/a>  <\/li><li>Dar\u00fcber hinaus sind alle touristischen Einrichtungen im Stadtgebiet bis auf Weiteres geschlossen  <\/li><li>In einer Telefonkonferenz haben die Stadtspitze und die Fraktionsvorsitzenden beschlossen, dass alle Gremiensitzungen bis zum Ende der Osterferien abgesagt werden. Abgesagt sind demnach folgende Termine:  Verkehrsausschuss, 18.03.2020 Aufsichtsrat Stadtwerke, 19.03.2020 Beirat f\u00fcr Migration und Integration, 19.03.2020 Sozialausschuss, 25.03.2020 \u00c4ltestenrat, 31.03.2020 Werkausschuss, 01.04.2020 Aufsichtsrat GEWO, 02.04.2020 Ausschuss f\u00fcr Stadtentwicklung, Bauen und Konversion, 07.04.2020 <\/li><li>Dar\u00fcber hinaus hat die Stadt Speyer drei neue Allgemeinverf\u00fcgungen ver\u00f6ffentlicht. Diese sind im Wortlaut unter <a href=\"http:\/\/www.speyer.de\/corona\">www.speyer.de\/corona<\/a> nachzulesen <\/li><\/ul>\n\n\n\n<p><em>Stadtverwaltung Speyer<br>22.03.2020<\/em><\/p>\n\n\n\n<h2 class=\"wp-block-heading\">ALLGEMEINVERF\u00dcGUNG der Stadt Speyer zum Betreten von Pflegeeinrichtungen und Altenheimen vom 16.03.2020 <\/h2>\n\n\n\n<h3 class=\"wp-block-heading\">gem\u00e4\u00df \u00a7\u00a7 16, 28 des Infektionsschutzgesetzes (IfSG) vom 10.02.2020 i.V.m. \u00a7 2 der Landesverordnung zur Durchf\u00fchrung des Infektionsschutzgesetzes vom 10.03.2010. <\/h3>\n\n\n\n<div class=\"wp-block-image\"><figure class=\"aligncenter\"><img decoding=\"async\" loading=\"lazy\" width=\"600\" height=\"277\" src=\"https:\/\/speyer24news.com\/wp-content\/uploads\/2020\/03\/Speyer-Logo-Stadt.png\" alt=\"\" class=\"wp-image-25862\" srcset=\"https:\/\/speyer24news.com\/wp-content\/uploads\/2020\/03\/Speyer-Logo-Stadt.png 600w, https:\/\/speyer24news.com\/wp-content\/uploads\/2020\/03\/Speyer-Logo-Stadt-300x139.png 300w\" sizes=\"(max-width: 600px) 100vw, 600px\" \/><\/figure><\/div>\n\n\n\n<p><strong>Speyer &#8211; <\/strong>Die Stadt Speyer als zust\u00e4ndige Beh\u00f6rde erl\u00e4sst folgende  <\/p>\n\n\n\n<p>Allgemeinverf\u00fcgung <\/p>\n\n\n\n<ol><li>Pflegeeinrichtungen und Altenheime, die auf dem Gebiet der Stadt Speyer betrieben werden, d\u00fcrfen von folgenden Personen als Besucherinnen und Besucher bis zum Erlass einer anderslautenden oder einer aufhebenden Verf\u00fcgung nicht betreten werden:  <\/li><\/ol>\n\n\n\n<p>a) Personen, die sich innerhalb der letzten 14 Tage in einem Gebiet aufgehalten haben, welches das Robert-Koch-Institut als \u201eRisikogebiet\u201c oder als \u201eBesonders betroffene Gebiete in Deutschland\u201c bezeichnet. Diese Gebiete sind t\u00e4glich \u00fcber den Link <a href=\"https:\/\/www.rki.de\/DE\/Content\/InfAZ\/N\/Neuartiges_Coronavirus\/Risikogebiete.html\">https:\/\/www.rki.de\/DE\/Content\/InfAZ\/N\/Neuartiges_Coronavirus\/Risikog ebiete.html<\/a>  zu pr\u00fcfen und entsprechend im Aushang der Einrichtung zu aktualisieren; <\/p>\n\n\n\n<p>b) Personen, die mit einem Corona-Erkrankten (COVID-19 Kranken) direkten Kontakt hatten (Corona-Erkrankte sind Personen mit einem positiven Testergebnis f\u00fcr das neue Coronavirus -SARS-CoV-2-);  <\/p>\n\n\n\n<p>c) Personen, mit Fieber;  <\/p>\n\n\n\n<p>d) Personen, die an akuten respiratorischen Symptomen (Husten, Atemnot) leiden;  <\/p>\n\n\n\n<p>e) Personen, die ein positives Testergebnis f\u00fcr das neue Coronavirus (SARS-CoV-2) haben; <\/p>\n\n\n\n<p>f) Personen, die von einem Gesundheitsamt als Kontaktperson eingestuft worden sind und <\/p>\n\n\n\n<p>g) Personen, denen die h\u00e4usliche Absonderung durch das Gesundheitsamt oder einem Arzt empfohlen wurde.  <\/p>\n\n\n\n<p>2. Der <strong>beigef\u00fcgte Aushang<\/strong> ist durch den Namen der Einrichtung zu erg\u00e4nzen und an den Zug\u00e4ngen gut sichtbar anzubringen.  <\/p>\n\n\n\n<p>3. Diese Allgemeinverf\u00fcgung gilt einen Tag nach ihrer Ver\u00f6ffentlichung als bekannt gegeben und erh\u00e4lt zeitgleich ihre Wirksamkeit. Sie gilt zun\u00e4chst bis 19.04.2020.  <\/p>\n\n\n\n<h4 class=\"wp-block-heading\">Begr\u00fcndung:<\/h4>\n\n\n\n<p>Das Robert-Koch-Institut hat auf Grund der bisherigen Erkenntnisse \u00fcber COVID-19 Personengruppen definiert, die ein h\u00f6heres Risiko f\u00fcr einen schweren Krankheitsverlauf haben. Hierzu z\u00e4hlen insbesondere \u00e4ltere und multimorbide Patienten. Bei \u00e4lteren Menschen mit vorbestehenden Grunderkrankungen ist das Risiko f\u00fcr einen schweren Krankheitsverlauf h\u00f6her als wenn nur ein Faktor (Alter oder Grunderkrankung) vorliegt; wenn mehrere Grunderkrankungen vorliegen (Multimorbidit\u00e4t) d\u00fcrfte das Risiko h\u00f6her sein als bei nur einer Grunderkrankung (vgl. Informationen und Hilfestellungen f\u00fcr Personen mit einem h\u00f6heren Risiko f\u00fcr einen schweren COVID-19-Krankheitsverlauf, Stand: 06.03.2020). <br> Dieser fachlichen Bewertung des Infektionsrisikos schlie\u00dft sich die Stadt Speyer an. Mit dieser Allgemeinverf\u00fcgung gibt die Stadt Speyer den genannten Einrichtungen ein Instrument an die Hand, um Betretungsverbote auszusprechen. <\/p>\n\n\n\n<p>Rechtsgrundlage der Anordnung ist \u00a7 28 Abs. 1 Satz 2 i.V.m. \u00a7 16 Abs. 1 IfSG. Danach trifft die zust\u00e4ndige Beh\u00f6rde die notwendigen Schutzma\u00dfnahmen, wenn Kranke, Krankheitsverd\u00e4chtige, Ansteckungsverd\u00e4chtige oder Ausscheider festgestellt werden, soweit und solange es zur Verhinderung der Verbreitung \u00fcbertragbarer Krankheiten erforderlich ist. <\/p>\n\n\n\n<p>Nach der derzeitigen Risikobewertung des Robert Koch Instituts zu dem neuen Coronavirus (SARS-CoV-2) handelt es sich weltweit und in Deutschland um eine sehr dynamische und ernst zu nehmende Situation mit zum Teil schweren und sogar t\u00f6dlichen Krankheitsverl\u00e4ufen. Die WHO hat auch bereits den Pandemiefall ausgerufen. <\/p>\n\n\n\n<p>Inzwischen sind in fast allen Bundesl\u00e4ndern Infektionsf\u00e4lle mit dem neuen Coronavirus SARS-CoV-2 best\u00e4tigt worden, wobei die Zahl der F\u00e4lle in Deutschland weiter ansteigt. Auch in Speyer muss t\u00e4glich mit weiteren F\u00e4llen gerechnet werden. Derzeit gibt es gegen SARSCoV-2 keine Impfung und auch keine wirksamen Therapeutika. <\/p>\n\n\n\n<p>Die Allgemeinverf\u00fcgung ist zum Schutz der o.g. Risikogruppen, die in den vorbezeichneten Einrichtungen \u00fcberwiegend anzutreffen sind, erforderlich und angemessen. F\u00fcr die Anforderungen an die Wahrscheinlichkeit einer Ansteckungsgefahr gilt dabei kein strikter, alle m\u00f6glichen F\u00e4lle gleicherma\u00dfen erfassender Ma\u00dfstab. Vielmehr ist der geltende Grundsatz heranzuziehen, dass an die Wahrscheinlichkeit des Schadenseintritts umso geringere Anforderungen zu stellen sind, je gr\u00f6\u00dfer und folgenschwerer der m\u00f6glicherweise eintretende Schaden ist (vgl. Bundesverwaltungsgericht, Urteil v. 22.03.2012, Az. 3 C 16\/11). Aufgrund der besonderen Gefahr, die von dem neuartigen Erreger aufgrund seiner recht hohen \u00dcbertragbarkeit und der h\u00e4ufig schweren bis hin zu t\u00f6dlichen Krankheitsverl\u00e4ufe bei den oben definierten Risikogruppen, f\u00fcr die \u00f6ffentliche Gesundheit in Deutschland und weltweit ausgeht, sind an die Wahrscheinlichkeit einer Ansteckung eher geringe Anforderungen zu stellen, so dass hier das \u00dcbertragungsrisiko aufgrund der N\u00e4he zu der infizierten Person ausreicht.  <\/p>\n\n\n\n<p>Zudem ist durch die gemeinsame Nutzung von z.B. B\u00e4dern und Gemeinschaftsr\u00e4umen das Risiko, das sich das Virus verbreitet, in Alten \u2013 und Pflegeheimen als erh\u00f6ht zu werten. <\/p>\n\n\n\n<h4 class=\"wp-block-heading\">Hinweise: <\/h4>\n\n\n\n<ol><li>Gem\u00e4\u00df \u00a7 28 Abs. 3 IfSG in Verbindung mit \u00a7 16 Abs. 8 IfSG haben Widerspruch und Anfechtungsklage gegen die verf\u00fcgten Ma\u00dfnahmen keine aufschiebende Wirkung. <\/li><li>Ein Versto\u00df gegen diese Verf\u00fcgung kann gem. \u00a7 75 Abs. 1 Nr. 1 IfSG mit Freiheitsstrafe bis zu  zwei Jahren oder Geldstrafe bestraft werden.  <\/li><\/ol>\n\n\n\n<h4 class=\"wp-block-heading\">Rechtsbehelfsbelehrung: <\/h4>\n\n\n\n<p>Gegen diese Allgemeinverf\u00fcgung kann innerhalb eines Monats nach \u00f6ffentlicher Bekanntgabe Widerspruch erhoben werden. Der Widerspruch ist schriftlich oder zur Niederschrift bei der Stadtverwaltung Speyer (Postanschrift: Maximilianstra\u00dfe 100, 67346 Speyer) zu erheben. <br> Die Schriftform kann durch die elektronische Form ersetzt werden. In diesem Fall ist das elektronische Dokument, versehen mit einer qualifizierten elektronischen Signatur nach dem Vertrauensdienstegesetz (VDG) vom 18.07.2017 (BGBl. I S. 2745), in der jeweils geltenden Fassung, an folgende Mailadresse zu richten: <a href=\"stv-speyer@poststelle.rlp.de\">stv-speyer@poststelle.rlp.de<\/a>. <br>Bei der Verwendung der elektronischen Form sind besondere technische Rahmenbedingungen zu beachten. N\u00e4here Einzelheiten dazu finden Sie im Internet unter <a href=\"http:\/\/www.speyer.de\">www.speyer.de<\/a> \u2192 Impressum \u2192 Rahmenbedingungen f\u00fcr elektronische Kommunikation. <\/p>\n\n\n\n<h3 class=\"wp-block-heading\">ALLGEMEINVERF\u00dcGUNG \u00d6ffentliche Einrichtungen Versammlungen 2020-03-17: <\/h3>\n\n\n\n<div class=\"wp-block-file\"><a href=\"https:\/\/speyer24news.com\/wp-content\/uploads\/2020\/03\/ALLGEMEINVERF\u00dcGUNG-\u00d6ffentliche-Einrichtungen-Versammlungen-2020-03-17.pdf\">ALLGEMEINVERF\u00dcGUNG-\u00d6ffentliche-Einrichtungen-Versammlungen-2020-03-17<\/a><a href=\"https:\/\/speyer24news.com\/wp-content\/uploads\/2020\/03\/ALLGEMEINVERF\u00dcGUNG-\u00d6ffentliche-Einrichtungen-Versammlungen-2020-03-17.pdf\" class=\"wp-block-file__button\" download>Herunterladen<\/a><\/div>\n\n\n\n<h3 class=\"wp-block-heading\">ALLGEMEINVERF\u00dcGUNG Schulen Kindertagesst\u00e4tten 2020-03-17:<\/h3>\n\n\n\n<div class=\"wp-block-file\"><a href=\"https:\/\/speyer24news.com\/wp-content\/uploads\/2020\/03\/ALLGEMEINVERF\u00dcGUNG-Schulen-Kindertagesst\u00e4tten-2020-03-17.pdf\">ALLGEMEINVERF\u00dcGUNG-Schulen-Kindertagesst\u00e4tten-2020-03-17<\/a><a href=\"https:\/\/speyer24news.com\/wp-content\/uploads\/2020\/03\/ALLGEMEINVERF\u00dcGUNG-Schulen-Kindertagesst\u00e4tten-2020-03-17.pdf\" class=\"wp-block-file__button\" download>Herunterladen<\/a><\/div>\n\n\n\n<p><em>Speyer, 16.03.2020 <br>Stadtverwaltung Speyer<\/em><\/p>\n\n\n\n<h2 class=\"wp-block-heading\">Coronavirus: Einschr\u00e4nkungen bei Abfallentsorgung und Stra\u00dfenreinigung<\/h2>\n\n\n\n<div class=\"wp-block-image\"><figure class=\"aligncenter\"><img decoding=\"async\" loading=\"lazy\" width=\"600\" height=\"128\" src=\"https:\/\/speyer24news.com\/wp-content\/uploads\/2020\/03\/Heidelberg-Logo.png\" alt=\"\" class=\"wp-image-25953\" srcset=\"https:\/\/speyer24news.com\/wp-content\/uploads\/2020\/03\/Heidelberg-Logo.png 600w, https:\/\/speyer24news.com\/wp-content\/uploads\/2020\/03\/Heidelberg-Logo-300x64.png 300w\" sizes=\"(max-width: 600px) 100vw, 600px\" \/><\/figure><\/div>\n\n\n\n<p><strong>Heidelberg &#8211; <\/strong>Angesichts der Ausbreitung des Coronavirus wird sich die Abfallwirtschaft und Stadtreinigung Heidelberg ab sofort auf ihr Kerngesch\u00e4ft konzentrieren. Priorit\u00e4t hat die Abholung der M\u00fcllbeh\u00e4lter. Aus diesem Grund gelten folgende Ma\u00dfnahmen:<\/p>\n\n\n\n<ul><li>Alle st\u00e4dtischen Recyclingh\u00f6fe sind ab Mittwoch,\n18. M\u00e4rz 2020, bis auf Weiteres komplett\ngeschlossen.<\/li><li>Die Sperrm\u00fcllabfuhr wird ab Montag, 23. M\u00e4rz 2020,\nbis auf unbestimmte Zeit eingestellt. Haushalte, die bereits Sperrm\u00fcll\nangemeldet haben, werden entsprechend informiert. <\/li><li>Alle \u00f6ffentlichen Toilettenanlagen im Stadtgebiet\nsind ab sofort geschlossen.<\/li><li>Der telefonische Kundenservice der\nAbfallwirtschaft und Stadtreinigung Heidelberg ist von Montag bis Freitag\nzwischen 8 und 12 Uhr oder per E-Mail an <a href=\"mailto:abfallwirtschaft@heidelberg.de\">abfallwirtschaft@heidelberg.de<\/a> f\u00fcr Notf\u00e4lle zu erreichen. <\/li><\/ul>\n\n\n\n<p>Die regul\u00e4re Beh\u00e4lterabfuhr findet weiterhin statt. Zur Unterst\u00fctzung der Mitarbeiter der M\u00fcllabfuhr werden die Eigent\u00fcmerinnen und Eigent\u00fcmer sowie Haushalte gebeten, die Beh\u00e4lter am Entsorgungstag selbst an den Fahrbahnrand zur Leerung bereitzustellen und im Anschluss an die Leerung wieder an ihren Platz zur\u00fcckzuziehen. Aktuelle Informationen werden auf der Internetseite der Stadt und des Amtes unter <a href=\"http:\/\/www.heidelberg.de\/abfall\">www.heidelberg.de\/abfall<\/a> ver\u00f6ffentlicht <\/p>\n\n\n\n<h3 class=\"wp-block-heading\">Coronavirus: Auch Au\u00dfenbewirtschaftung f\u00fcr Gastronomiebetriebe ist verboten<\/h3>\n\n\n\n<p>Die Stadt Heidelberg weist aus aktuellem Anlass darauf hin, dass auch die Au\u00dfenbewirtschaftung von Gastronomieeinrichtungen seit dem heutigen Dienstag, 17. M\u00e4rz 2020, verboten ist. Mit ihrer Allgemeinverf\u00fcgung hat die Stadt geregelt, dass der Betrieb von Gastronomieeinrichtungen aller Art grunds\u00e4tzlich untersagt wird. Ausnahme: Gastst\u00e4tten im Sinne des Gastst\u00e4ttengesetzes sowie Personalrestaurants und Kantinen k\u00f6nnen f\u00fcr den Publikumsverkehr ge\u00f6ffnet werden, wenn ausschlie\u00dflich ein Take-Away-Service \/ Mitnahme-Service f\u00fcr Speisen eingerichtet wird. Ein Bewirten vor Ort ist untersagt \u2013 das gilt auch f\u00fcr jegliche Au\u00dfenbewirtschaftung. F\u00fcr R\u00fcckfragen von Gastronomen ist das B\u00fcrger- und Ordnungsamt unter der E-Mail-Adresse <a href=\"mailto:corona.ordnungsamt@heidelberg.de\">corona.ordnungsamt@heidelberg.de<\/a> oder unter den Telefonnummern 06221 58-17702 beziehungsweise 06221 58-13540 erreichbar. <\/p>\n\n\n\n<p><em>Stadt Heidelberg<br>22.03.2020<\/em><\/p>\n\n\n\n<h2 class=\"wp-block-heading\"><strong>Stadtverwaltung Hockenheim: Aktuelle Infos zum Umgang mit Corona-Virus<\/strong><\/h2>\n\n\n\n<div class=\"wp-block-image\"><figure class=\"aligncenter\"><img decoding=\"async\" loading=\"lazy\" width=\"375\" height=\"89\" src=\"https:\/\/speyer24news.com\/wp-content\/uploads\/2020\/03\/Hockenheim.png\" alt=\"\" class=\"wp-image-25952\" srcset=\"https:\/\/speyer24news.com\/wp-content\/uploads\/2020\/03\/Hockenheim.png 375w, https:\/\/speyer24news.com\/wp-content\/uploads\/2020\/03\/Hockenheim-300x71.png 300w\" sizes=\"(max-width: 375px) 100vw, 375px\" \/><\/figure><\/div>\n\n\n\n<p><strong>Hockenheim &#8211; <\/strong>Die Stadtverwaltung Hockenheim ver\u00f6ffentlichte am Montag, 16. M\u00e4rz 2020 verschiedene Ma\u00dfnahmen zur Bek\u00e4mpfung des Corona-Virus. Sie sehen bis auf Weiteres unter anderem einen stark eingeschr\u00e4nkten Zugang ins Rathaus und in die kommunalen Einrichtungen vor. Deshalb d\u00fcrfen Besucher die genannten Geb\u00e4ude derzeit nicht mehr betreten. Oberb\u00fcrgermeister Marcus Zeitler, B\u00fcrgermeister Thomas Jakob-Lichtenberg und die Fachbereichsleitungen der Stadtverwaltung haben heute Morgen (Dienstag, 17. M\u00e4rz 2020) eine Besprechung \u00fcber diese Ma\u00dfnahmen durchgef\u00fchrt. In der Runde bestand Einigkeit darin, dass die aktuelle Lage f\u00fcr alle Neuland darstelle und langfristige Aussagen derzeit schwierig seien.<\/p>\n\n\n\n<h4 class=\"wp-block-heading\">\u00d6ffentliche\nSpielpl\u00e4tze geschlossen<\/h4>\n\n\n\n<p>Die\nangeordneten Einschr\u00e4nkungen betreffen ebenso \u00f6ffentliche Spielpl\u00e4tze im\nStadtgebiet Hockenheim Sie werden auch ab sofort und bis auf Weiteres\ngeschlossen. Diese Entscheidung geht auf die Vereinbarung der Bundesregierung\nmit den L\u00e4nderregierungen zur\u00fcck. Daher ist die Stadt Hockenheim angehalten,\nsie umzusetzen.<\/p>\n\n\n\n<h4 class=\"wp-block-heading\">Gemeinderats-\nund Ausschusssitzungen<\/h4>\n\n\n\n<p>Oberb\u00fcrgermeister\nMarcus Zeitler und der \u00c4ltestenrat des Gemeinderates haben beschlossen, dass\nbis auf Weiteres keine Ausschusssitzungen des Gremiums stattfinden werden. Die\nTermine der kommenden Gemeinderatssitzungen werden vorerst beibehalten, um die\nHandlungsf\u00e4higkeit der Stadt Hockenheim aufrecht zu erhalten. Die n\u00e4chste\nZusammenkunft des Gemeinderats ist f\u00fcr Mittwoch, 25. M\u00e4rz 2020, 18 Uhr, geplant.\nDas Gremium wird dann nur die zwingend notwendigen Beschl\u00fcsse ohne l\u00e4ngere\nvorherige Beratung fassen. Die Gemeinderatssitzung ist \u00f6ffentlich und der\nZugang ins Rathaus in diesem Zeitraum m\u00f6glich. Die Stadtverwaltung wird bei der\nGemeinderatssitzung auf die Einhaltung der erforderlichen Hygieneregeln achten.<\/p>\n\n\n\n<p>Die Unterlagen der Gemeinderatssitzung sind im B\u00fcrgerinfoportal Session auf der Internetseite der Stadt Hockenheim (<a href=\"https:\/\/session.hockenheim.de\/bi\/info.asp\">https:\/\/session.hockenheim.de\/bi\/info.asp<\/a>) abrufbar. Sie sind \u00fcber den Bereich Rathaus \u2013 Politik \u2013 Gemeinderat \u2013 Gemeinderat online zu finden. Alternativ k\u00f6nnen sie auch \u00fcber Rathaus \u2013 Politik \u2013 Sitzungstermine erreicht werden.<\/p>\n\n\n\n<h4 class=\"wp-block-heading\">Stadtwerke\nHockenheim: Versorgung sichergestellt<\/h4>\n\n\n\n<p>Aufgrund der\naktuellen Entwicklung zum Corona-Virus erweitern die Stadtwerke Hockenheim\ngenauso wie die Stadtverwaltung ihre Vorsorge- und Schutzma\u00dfnahmen.\nInsbesondere werde der pers\u00f6nliche Kundenkontakt eingeschr\u00e4nkt. Der Austausch\nist \u00fcber Telefon (06205 2855 \u2013 514) und E-Mail weiterhin m\u00f6glich. Die\nVersorgung mit Strom, Gas und Wasser bleibt sichergestellt.&nbsp; Der Notfalldienst kann in dringenden F\u00e4llen wie\nbisher auch unter den Telefonnummern 06205\/2855-300, 0171\/2210-300\n(Stromversorgung) und 06205\/2855-290, 0171\/2210-290 (Gas- und Wasserversorgung)\nerreicht werden.<\/p>\n\n\n\n<h4 class=\"wp-block-heading\">AVR-Anlagen\nsofort geschlossen<\/h4>\n\n\n\n<p>Die AVR\nKommunal A\u00f6R hat die Stadt Hockenheim dar\u00fcber informiert, dass ab sofort auch\ndie Anlagen und Deponien sowie das AVR Service-Center in der Dietmar-Hopp-Stra\u00dfe\nin Sinsheim bis auf Weiteres geschlossen bleibt. \u00d6ffentliche Termine werden\nabgesagt. Die Schadstoffsammlung wird ausgesetzt. Aufgrund der\nangespannten Personalsituation wird ab n\u00e4chster Woche bis auf Weiteres die Abfuhr\nvon Elektroger\u00e4ten, Metallschrott, Gr\u00fcnschnitt und Alttextilien eingestellt.\nDie Beh\u00e4lterabfuhr findet weiterhin uneingeschr\u00e4nkt statt. Die AVR bittet um\nVerst\u00e4ndnis und ist weiterhin telefonisch f\u00fcr ihre Kunden unter den bekannten\nTelefonnummern erreichbar.<\/p>\n\n\n\n<h4 class=\"wp-block-heading\">Einhaltung von\nHygiene-Regeln zur Bek\u00e4mpfung des Corona-Virus<\/h4>\n\n\n\n<p>Die Bek\u00e4mpfung\ndes Corona-Virus erfordert die Mitwirkung und Hilfe aller Menschen. \u201eWir bitten\nin diesen Tagen alle B\u00fcrger, achtsam beim Umgang mit Hygieneregeln zu sein.\nDazu geh\u00f6rt gr\u00fcndliches Waschen der H\u00e4nde mit Wasser und Seife, das Einhalten\nder Hustenetikette in Einwegtaschent\u00fccher oder Ellenbeuge sowie ein mindestens\nein bis zwei Meter gro\u00dfer Abstand zu hustenden Menschen. Damit kann jeder dazu\nbeitragen, das Corona-Virus nicht weiter zu verbreiten\u201c, erkl\u00e4rt Pressesprecher\nChristian Stalf f\u00fcr die Stadt Hockenheim.<\/p>\n\n\n\n<p><em>Stadtverwaltung Hockenheim \/ Lokalen Agenda 21 Hockenheim<br>22.03.2020<\/em><\/p>\n\n\n\n<h2 class=\"wp-block-heading\"><strong>Hilfe zur Versorgung<\/strong><\/h2>\n\n\n\n<div class=\"wp-block-image\"><figure class=\"aligncenter\"><img decoding=\"async\" loading=\"lazy\" width=\"800\" height=\"538\" src=\"https:\/\/speyer24news.com\/wp-content\/uploads\/2020\/03\/2020-03-17-Lokale-Agenda_Corona-Nachbarschaftshilfe.jpg\" alt=\"\" class=\"wp-image-25964\" srcset=\"https:\/\/speyer24news.com\/wp-content\/uploads\/2020\/03\/2020-03-17-Lokale-Agenda_Corona-Nachbarschaftshilfe.jpg 800w, https:\/\/speyer24news.com\/wp-content\/uploads\/2020\/03\/2020-03-17-Lokale-Agenda_Corona-Nachbarschaftshilfe-300x202.jpg 300w, https:\/\/speyer24news.com\/wp-content\/uploads\/2020\/03\/2020-03-17-Lokale-Agenda_Corona-Nachbarschaftshilfe-768x516.jpg 768w\" sizes=\"(max-width: 800px) 100vw, 800px\" \/><figcaption>Nachbarschaftshilfe hat in dieser Zeit besondere Bedeutung. <\/figcaption><\/figure><\/div>\n\n\n\n<p><strong>Hockenheim &#8211; <\/strong>Die getroffenen Ma\u00dfnahmen zur Eingrenzung des neuartigen Corona-Virus ver\u00e4ndern auch in Hockenheim das allt\u00e4gliche Leben und erfordern Ma\u00dfnahmen f\u00fcr unb\u00fcrokratische und solidarische Hilfestellungen in der Bev\u00f6lkerung. Dies gilt insbesondere f\u00fcr \u00e4ltere Menschen. Ihnen wird empfohlen, vorsorglich ab sofort ihre Wohnungen und H\u00e4user nicht zu verlassen. <\/p>\n\n\n\n<p>Um diesen\nneuen Herausforderungen aktiv zu begegnen, richtet die Lokale Agenda 21 der\nStadt Hockenheim dazu kurzfristig eine Anlaufstelle f\u00fcr Personen ein, die Hilfe\nanbieten k\u00f6nnen und vermittelt ebenso an B\u00fcrgerinnen und B\u00fcrger, die Hilfe ben\u00f6tigen,\num auf unb\u00fcrokratischem Wege Nachbarschaftshilfe zu leisten. <\/p>\n\n\n\n<p>&nbsp;\u201eMeine herzliche Bitte an alle, die gern\nhelfen m\u00f6chten: Schauen Sie zum einen in die Nachbarschaft und bieten ihre\nHilfe vor Ort an und melden Sie sich zum anderen bei mir, wenn Sie Hilfe\nanbieten m\u00f6chten\u201c, so Elke Schollenberger, Agendabeauftragte der Lokalen Agenda,\n\u201eebenso k\u00f6nnen sich Hilfesuchende melden. Wir stehen als Vermittlungshilfe\nkoordinierend zur Seite\u201c.<\/p>\n\n\n\n<p>Diese\nHilfsangebote k\u00f6nnten etwa die Hilfe bei Eink\u00e4ufen und Erledigungen,\nBoteng\u00e4ngen oder auch Gassi-Dienste sein. Wenn Sie ihre freiwillige Hilfe\nanbieten m\u00f6chten, melden Sie sich mit dem Vor- und Zunamen, ihren Adressdaten\nund einer Telefonnummer, unter der Sie zu erreichen sind, bei der Agendabeauftragten\nElke Schollenberger per E-Mail an <a href=\"mailto:e.schollenberger@hockenheim.de\">e.schollenberger@hockenheim.de<\/a> oder telefonisch\nunter 06205 21-209. Dort werden die Hilfsangebote und -gesuche\ngesammelt erfasst, damit die Koordination so zeitnah wie m\u00f6glich erfolgen kann.\n<\/p>\n\n\n\n<p>Ebenso k\u00f6nnen sich Personen dort melden, die zur Risikogruppe geh\u00f6ren und Hilfe f\u00fcr Erledigungen ben\u00f6tigen. Auch dort bitten wir Sie um \u00dcbermittlung des Vor- und Zunamens, der Adresse und der Telefonnummer.<\/p>\n\n\n\n<p><em>Stadtverwaltung Hockenheim \/ Lokalen Agenda 21 Hockenheim<br>22.03.2020<\/em><\/p>\n\n\n\n<h2 class=\"wp-block-heading\">Maimess und Mannheimer Stadtfest abgesagt<\/h2>\n\n\n\n<div class=\"wp-block-image\"><figure class=\"aligncenter\"><img decoding=\"async\" loading=\"lazy\" width=\"600\" height=\"264\" src=\"https:\/\/speyer24news.com\/wp-content\/uploads\/2020\/03\/Mannheim-Event-Promotion.png\" alt=\"\" class=\"wp-image-25963\" srcset=\"https:\/\/speyer24news.com\/wp-content\/uploads\/2020\/03\/Mannheim-Event-Promotion.png 600w, https:\/\/speyer24news.com\/wp-content\/uploads\/2020\/03\/Mannheim-Event-Promotion-300x132.png 300w\" sizes=\"(max-width: 600px) 100vw, 600px\" \/><\/figure><\/div>\n\n\n\n<p><strong>Mannheim &#8211; <\/strong>Auf Grundlage der  Verordnung der Landesregierung \u00fcber infektionssch\u00fctzende Ma\u00dfnahmen gegen die Ausbreitung des Virus SARS-Cov-2 (Corona-Verordnung CoronaVO) k\u00f6nnen weder die Mannheimer Maimess noch das Mannheimer Stadtfest in diesem Jahr stattfinden. Die Stadt Mannheim hat dies nun gegen\u00fcber der Veranstalterin, der Event und Promotion Mannheim GmbH, best\u00e4tigt. Die Maimess mit rund 150 Ausstellern sollte vom 25. April bis 10. Mai auf dem Neuen Messplatz in Mannheim stattfinden. In den vergangenen Jahren <br> hat das gr\u00f6\u00dfte Volksfest der Region bei gutem Wetter bis zu 300.000 Besucher angezogen. Die 30. Auflage des Stadtfestes mit f\u00fcnf B\u00fchnen, Kunsthandwerkermarkt und gro\u00dfem Kinderfest, die f\u00fcr das <br> Wochenende vom 29. bis 31. Mai geplant war, wird aus gleichem Grund abgesagt.  <\/p>\n\n\n\n<p>Christine Igel, Gesch\u00e4ftsf\u00fchrerin der Event und Promotion Mannheim: \u201eWir bedauern zutiefst, dass  diese traditionsreichen Veranstaltungen in diesem Jahr nicht stattfinden k\u00f6nnen. Aufgrund der aktuellen Situation ist diese Entscheidung zur Eind\u00e4mmung des Corona-Virus zum Schutz aller geboten. Sollte sich in absehbarer Zeit die Bewertung der Situation \u00e4ndern, werden wir alle Bem\u00fchungen darauf richten, eine Alternative zum Stadtfest zu schaffen.\u201c<\/p>\n\n\n\n<p><em>Event &amp; Promotion Mannheim GmbH<br>22.03.2020<\/em><\/p>\n\n\n\n<h2 class=\"wp-block-heading\"><strong>Rhein-Pfalz-Kreis erl\u00e4sst weitere Allgemeinverf\u00fcgung zu weiteren kontaktreduzierenden Ma\u00dfnahmen aufgrund des Aufkommens von SARS-CoV-2 -Infektionen in Rheinland-Pfalz<\/strong><\/h2>\n\n\n\n<div class=\"wp-block-image\"><figure class=\"aligncenter\"><img decoding=\"async\" loading=\"lazy\" width=\"480\" height=\"184\" src=\"https:\/\/speyer24news.com\/wp-content\/uploads\/2020\/03\/Rhein-Pfalz-Kreis-1.jpg\" alt=\"\" class=\"wp-image-25960\" srcset=\"https:\/\/speyer24news.com\/wp-content\/uploads\/2020\/03\/Rhein-Pfalz-Kreis-1.jpg 480w, https:\/\/speyer24news.com\/wp-content\/uploads\/2020\/03\/Rhein-Pfalz-Kreis-1-300x115.jpg 300w\" sizes=\"(max-width: 480px) 100vw, 480px\" \/><\/figure><\/div>\n\n\n\n<p><strong>Rhein-Pfalz-Kreis &#8211; <\/strong>Das neuartige Coronavirus SARS-CoV-2 hat sich in kurzer Zeit weltweit verbreitet. Es muss alles daf\u00fcr getan werden, eine weitere Ausbreitung zu verhindern. Deshalb sind erh\u00f6hte Schutzma\u00dfnahmen zur Verhinderung der Verbreitung erforderlich.<\/p>\n\n\n\n<p>Die Kreisverwaltung Rhein-Pfalz-Kreis als zust\u00e4ndige\nBeh\u00f6rde erl\u00e4sst gem\u00e4\u00df den Vorgaben des Infektionsschutzgesetzes folgende ab\nmorgen geltende Ma\u00dfnahmen:<\/p>\n\n\n\n<p>F\u00fcr den\nPublikumsverkehr zu schlie\u00dfen sind:<\/p>\n\n\n\n<ol><li>alle Bars, Clubs, Discotheken, Kneipen und \u00e4hnliche Einrichtungen,<\/li><li>Theater, Opern, Konzerth\u00e4user, Museen und \u00e4hnliche Einrichtungen,<\/li><li>Messen, Ausstellungen, Kinos, Freizeit- und Tierparks und Anbieter von\nFreizeitaktivit\u00e4ten (drinnen und drau\u00dfen), Spezialm\u00e4rkte, Spielhallen,\nSpielbanken, Wettannahmestellen und \u00e4hnliche Einrichtungen,<\/li><li>Prostitutionsst\u00e4tten, Bordelle und \u00e4hnliche Einrichtungen,<\/li><li>der Sportbetrieb auf und in allen \u00f6ffentlichen und privaten\nSportanlagen, Schwimm- und Spa\u00dfb\u00e4der, Fitnessstudios, Saunen und \u00e4hnliche\nEinrichtungen, <\/li><li>Verkaufsstellen des Einzelhandels, insbesondere Outlet-Center,<\/li><li>Spielpl\u00e4tze.<\/li><\/ol>\n\n\n\n<p>Von dieser\nRegelung ausgenommen sind:<\/p>\n\n\n\n<p>Einzelhandelsbetriebe\nf\u00fcr Lebensmittel, Wochenm\u00e4rkte, Abhol- und Lieferdienste, Getr\u00e4nkem\u00e4rkte,\nApotheken, Sanit\u00e4tsh\u00e4user, Drogerien, Tankstellen, Banken und Sparkassen,\nPoststellen, Fris\u00f6re, Reinigungen, Waschsalons, Zeitungsverkauf, Bau-,\nGartenbau- und Tierbedarfsm\u00e4rkte und der Gro\u00dfhandel. <\/p>\n\n\n\n<p>Eine \u00d6ffnung\ndieser genannten Einrichtungen erfolgt unter Auflagen zur Hygiene (z.B.\nBereitstellung von Desinfektionsmittel) und zur Steuerung des Zutritts, um\nWarteschlangen zu vermeiden (z.B. Einlasskontrollen). Dienstleister und\nHandwerker k\u00f6nnen weiterhin ihre T\u00e4tigkeit aus\u00fcben, sofern sie die\nerforderlichen Schutzma\u00dfnahmen gew\u00e4hrleisten k\u00f6nnen. Alle Einrichtungen des\nGesundheitswesens bleiben unter Beachtung der hygienischen Anforderungen\nge\u00f6ffnet.<\/p>\n\n\n\n<p>Weiterhin wird\nder Zugang zu Mensen, Restaurants, Speisegastst\u00e4tten und Hotels beschr\u00e4nkt und ist\nnur unter der Auflage zul\u00e4ssig, dass Hygienevorschriften eingehalten und\nHinweise ausgeh\u00e4ngt werden, die Besucherzahl reglementiert wird und Abst\u00e4nde\nzwischen den Tischen 2 Meter betragen. Die \u00d6ffnungszeiten von Restaurants und\nSpeisegastst\u00e4tten werden auf 6:00 Uhr bis 18:00 Uhr begrenzt. <\/p>\n\n\n\n<p>Auch \u00dcbernachtungsangebote\nim Hotelgewerbe sind nur zu notwendigen und ausdr\u00fccklich nicht zu touristischen\nZwecken zul\u00e4ssig.<\/p>\n\n\n\n<p>Au\u00dferdem sind\nverboten:<\/p>\n\n\n\n<ul><li>Zusammenk\u00fcnfte in Vereinen, sonstigen Sport- und Freizeiteinrichtungen sowie die Wahrnehmung von Angeboten in Volkshochschulen, Musikschulen und sonstigen \u00f6ffentlichen und privaten Bildungseinrichtungen im au\u00dferschulischen Bereich sowie Reisebusreisen,<\/li><li>Zusammenk\u00fcnfte in Kirchen, Moscheen, Synagogen und die Zusammenk\u00fcnfte anderer Glaubensgemeinschaften. <\/li><\/ul>\n\n\n\n<p>Veranstaltungen sind untersagt. Ein Ausnahmevorbehalt ist nicht zul\u00e4ssig. <\/p>\n\n\n\n<p>Alle Ma\u00dfnahmen\nsind bis zum 19. April 2020 befristet.<\/p>\n\n\n\n<p>Die Allgemeinverf\u00fcgung ist auch auf der Webseite des Rhein-Pfalz-Kreises unter Aktuelles \u2013 Wichtige Infos zum Coronavirus, einsehbar.<\/p>\n\n\n\n<p>Nat\u00fcrlich k\u00f6nnen sie die Allgemeinverf\u00fcgung auch hier als pdf einsehen:<\/p>\n\n\n\n<div class=\"wp-block-file\"><a href=\"https:\/\/speyer24news.com\/wp-content\/uploads\/2020\/03\/2020-03-16-AV-75-Personen_Einschr\u00e4nkungen-\u00f6ff.-Leben.pdf\">2020-03-16-AV-75-Personen_Einschr\u00e4nkungen-\u00f6ff.-Leben<\/a><a href=\"https:\/\/speyer24news.com\/wp-content\/uploads\/2020\/03\/2020-03-16-AV-75-Personen_Einschr\u00e4nkungen-\u00f6ff.-Leben.pdf\" class=\"wp-block-file__button\" download>Herunterladen<\/a><\/div>\n\n\n\n<p><em>Kreisverwaltung Rhein-Pfalz-Kreis<br>22.03.2020<\/em><\/p>\n\n\n\n<h2 class=\"wp-block-heading\">Dreyer\/Wissing\/H\u00f6fken: Corona mit klaren Regeln eind\u00e4mmen<\/h2>\n\n\n\n<h3 class=\"wp-block-heading\"><strong>Beschlossene Beschr\u00e4nkungen treten ab 17.03.20 ab Mitternacht in Kraft<\/strong><\/h3>\n\n\n\n<div class=\"wp-block-image\"><figure class=\"aligncenter\"><img decoding=\"async\" loading=\"lazy\" width=\"640\" height=\"475\" src=\"https:\/\/speyer24news.com\/wp-content\/uploads\/2020\/03\/RLP-Logo.jpg\" alt=\"\" class=\"wp-image-25896\" srcset=\"https:\/\/speyer24news.com\/wp-content\/uploads\/2020\/03\/RLP-Logo.jpg 640w, https:\/\/speyer24news.com\/wp-content\/uploads\/2020\/03\/RLP-Logo-300x223.jpg 300w, https:\/\/speyer24news.com\/wp-content\/uploads\/2020\/03\/RLP-Logo-80x60.jpg 80w\" sizes=\"(max-width: 640px) 100vw, 640px\" \/><\/figure><\/div>\n\n\n\n<p><strong>Rheinland-Pfalz &#8211; <\/strong>Zur Eind\u00e4mmung des Corona-Virus hat der Ministerrat Leitlinien zur weiteren Beschr\u00e4nkung von sozialen Kontakten im \u00f6ffentlichen Bereich beschlossen. Das Gremium folgte damit einer Vereinbarung zwischen Bund und  L\u00e4ndern. \u201eBars, Clubs, Discotheken, Kneipen und \u00e4hnliche Einrichtungen sind f\u00fcr den Publikumsverkehr zu schlie\u00dfen. Das gleiche gilt f\u00fcr Theater, Opern, Konzerth\u00e4user, Museen, Kinos, Messen, Ausstellungen, Zoos, Spielhallen und Freizeitparks\u201c, erkl\u00e4rten Ministerpr\u00e4sidentin  Malu Dreyer, Wirtschaftsminister Dr. Volker Wissing und Umweltministerin Ulrike H\u00f6fken im Anschluss an die heutige Ministerratssitzung. Auch Fitnessstudios, Schwimmb\u00e4der, private Sportanlagen und Spielpl\u00e4tze m\u00fcssten schlie\u00dfen. Dieser Beschluss trete heute  ab Mitternacht in Kraft. <\/p>\n\n\n\n<p>Vor dem Hintergrund der weiter steigenden Infektionszahlen in den vergangenen Tagen und der sehr dynamischen Entwicklung seien weitere kontaktreduzierende Ma\u00dfnahmen erforderlich, um die Ausbreitungsdynamik zu unterbrechen.\n Die Beschl\u00fcsse des Ministerrats tr\u00fcgen zu einer weiteren Verz\u00f6gerung der Infektionsdynamik bei, so Dreyer, Wissing und H\u00f6fken.<\/p>\n\n\n\n<h4 class=\"wp-block-heading\"><strong>Ausnahmen von den Beschr\u00e4nkungen<\/strong><\/h4>\n\n\n\n<p>Ge\u00f6ffnet bleiben Wochenm\u00e4rkte, der Einzelhandel f\u00fcr Lebensmittel, Getr\u00e4nkem\u00e4rkte, Abhol- und Lieferdienste, Apotheken, Sanit\u00e4tsh\u00e4user, Drogerien, Tankstellen, Banken und Sparkassen, Poststellen, Fris\u00f6re, Reinigungen,\n Waschsalons, der Zeitungsverkauf, Bau-, Gartenbau- und Tierbedarfsm\u00e4rkte sowie der Gro\u00dfhandel. Die Sonntagsverkaufsverbote w\u00fcrden in der Zeit von 12:00 bis 18:00 Uhr f\u00fcr diese Bereiche bis auf weiteres grunds\u00e4tzlich ausgesetzt. \u201eDie \u00d6ffnung der genannten Einrichtungen\n erfolgt unter der Auflage, Hygienevorschriften einzuhalten und Warteschlangen zu vermeiden, gegebenenfalls durch Steuerung des Zutritts\u201c, erkl\u00e4rten Ministerpr\u00e4sidentin Malu Dreyer, Wirtschaftsminister Dr. Volker Wissing und Umweltministerin Ulrike H\u00f6fken.\n Au\u00dferdem blieben alle Einrichtungen des Gesundheitswesens unter Beachtung der hygienischen Anforderungen ge\u00f6ffnet. Dienstleister und Handwerker k\u00f6nnten weiterhin arbeiten, sofern sie die erforderlichen Schutzma\u00dfnahmen gew\u00e4hrleisten k\u00f6nnten. Der \u00fcbrige Einzelhandel,\n insbesondere Outlets haben zu schlie\u00dfen. Handreichungen zur weiteren Pr\u00e4zisierung werden erarbeitet.<\/p>\n\n\n\n<h4 class=\"wp-block-heading\"><strong>Veranstaltungen und Lokale, Kantinen, Mensen<\/strong><\/h4>\n\n\n\n<p>Der Zugang zu Mensen, Restaurants, Speisegastst\u00e4tten und Hotels werde beschr\u00e4nkt und nur unter Auflagen gestattet: Darunter eine Besucherregistrierung mit Kontaktdaten, die Reglementierung der Besucherzahl, Vorgaben\n f\u00fcr Mindestabst\u00e4nde zwischen Tischen von 2 Metern, Aush\u00e4nge mit Hinweisen zur richtigen Hygienema\u00dfnahmen etc. Die \u00d6ffnungszeiten von Restaurants und Speisegastst\u00e4tten w\u00fcrden auf 6:00 Uhr bis 18:00 Uhr begrenzt. \u00dcbernachtungsangebote im Hotelgewerbe seien nur\n zu notwendigen und ausdr\u00fccklich nicht zu touristischen Zwecken zul\u00e4ssig.<\/p>\n\n\n\n<p>Verboten seien ferner Zusammenk\u00fcnfte in Vereinen, sonstigen Sport- und Freizeiteinrichtungen sowie die Wahrnehmung von Angeboten in Volkshochschulen, Musikschulen und sonstigen \u00f6ffentlichen und privaten Bildungseinrichtungen\n im au\u00dferschulischen Bereich sowie Reisebusreisen, Zusammenk\u00fcnfte in Kirchen, Moscheen, Synagogen und die Zusammenk\u00fcnfte anderer Glaubensgemeinschaften.<\/p>\n\n\n\n<p>Alle Veranstaltungen seien zu untersagen. Diese Verbote g\u00e4lten ohne Ausnahmen.<\/p>\n\n\n\n<p>Das betrifft auch nicht\u00f6ffentliche Ansammlungen von Menschen an einem gemeinsamen Ort, wie zum Beispiel gr\u00f6\u00dfere Feiern oder Familienfeste.\n<\/p>\n\n\n\n<h4 class=\"wp-block-heading\"><strong>Nachtragshaushalt zur Bew\u00e4ltigung der Corona-Krise<\/strong><\/h4>\n\n\n\n<p>Der Ministerrat hat heute au\u00dferdem dar\u00fcber beraten, einen Nachtragshaushalt zu erstellen. \u201eDie Ausbreitung der Corona-Pandemie f\u00fchrt gegenw\u00e4rtig zu tiefgreifenden Einschnitten in das\n \u00f6ffentliche und private Leben der B\u00fcrgerinnen und B\u00fcrger. F\u00fcr diese Situation stehen bereits jetzt Mittel zur Verf\u00fcgung. In Anbetracht der aktuellen und dynamischen Situation erweitern wir verantwortungsbewusst unsere Handlungsm\u00f6glichkeiten. Der Nachtragshaushalt\n dient dazu, finanziell vorbereitet zu sein. Die Gesundheit der B\u00fcrgerinnen und B\u00fcrger steht an erster Stelle\u201c, sagte Finanzministerin Doris Ahnen bei der Sitzung des rheinland-pf\u00e4lzischen Ministerrats. Angesichts der Dynamik der Situation sei es ratsam, f\u00fcr\n kurzfristige, nicht vorhersehbare Bedarfe vorzusorgen.<\/p>\n\n\n\n<p>Durch den Nachtrag werden vorsorglich weitere Mittel bereitgestellt, damit das Gesundheitsministerium und die Gesundheits\u00e4mter vor Ort flexibel auf neue Entwicklungen reagieren k\u00f6nnen.\n \u201eWir werden einen h\u00f6heren dreistelligen Millionenbetrag zur Verf\u00fcgung stellen, um die Ausbreitung der Pandemie zu verlangsamen und die Pandemiefolgen zu bek\u00e4mpfen. Es wird sich um einen Ma\u00dfnahmenmix aus Barmitteln, B\u00fcrgschaften und der Erm\u00e4chtigung zum Abschluss\n von Vertr\u00e4gen handeln. Dabei werden wir auch die derzeit besonders geforderten und betroffenen Kommunen finanziell unterst\u00fctzen\u201c, so die Finanzministerin. Au\u00dferdem werde der B\u00fcrgschaftsrahmen zur Wirtschaftsf\u00f6rderung angehoben, um die rheinland-pf\u00e4lzischen\n Betriebe bei der Bew\u00e4ltigung der Krise zu unterst\u00fctzen. Insgesamt umfasst das Paket ein Volumen von rund 650 Millionen Euro.<\/p>\n\n\n\n<p>\u201eWir profitieren nun davon, dass wir die guten Jahre f\u00fcr Schuldentilgungen genutzt haben und auch f\u00fcr 2020 umsichtig geplant haben. Die Landesfinanzen sind gut aufgestellt, um auch eine\n Versch\u00e4rfung der Krise zu bew\u00e4ltigen\u201c, so die Finanzministerin abschlie\u00dfend. Das Finanzministerium erstellt nun einen Entwurf f\u00fcr den Nachtrag. Dieser soll am 31. M\u00e4rz im Ministerrat beschlossen werden.<\/p>\n\n\n\n<h4 class=\"wp-block-heading\"><strong>Hilfen f\u00fcr die Wirtschaft \n<\/strong><\/h4>\n\n\n\n<p>\u201eDie wirtschaftlichen Strukturen in Rheinland-Pfalz sind sehr unterschiedlich. Aber wir nehmen alle Unternehmen in den Blick, die kleinen, die mittleren und die gro\u00dfen. Gemeinsam mit der Bundesregierung wollen\n wir Insolvenzen wo immer m\u00f6glich vermeiden\u201c, betonte Wirtschaftsminister Dr. Volker Wissing.<\/p>\n\n\n\n<p>Betroffenen Unternehmen stehen f\u00fcr die Bew\u00e4ltigung der wirtschaftlichen Folgen des Coronavirus die Darlehensprodukte und B\u00fcrgschaften der Infrastrukturbank und der B\u00fcrgschaftsbank Rheinland-Pfalz zur Verf\u00fcgung.\n Der H\u00f6chstbetrag f\u00fcr B\u00fcrgschaften wurde auf 2,5 Millionen Euro verdoppelt. Der erste Ansprechpartner f\u00fcr Unternehmen sind die Hausbanken, die die Antragstellung bei ISB und B\u00fcrgschaftsbank \u00fcbernehmen.&nbsp; Dar\u00fcber hinaus steht der rheinland-pf\u00e4lzische Mittelstandslotse,\n Prof. Dr. Manfred Becker, vom Corona-Virus betroffenen Unternehmen als zentraler Ansprechpartner im rheinland-pf\u00e4lzischen Wirtschaftsministerium zur Verf\u00fcgung. Sie erreichen das B\u00fcro von Prof. Dr. Becker unter 06131-16-5652 oder per E-Mail\n<a href=\"mailto:Mittelstandslotse@mwvlw.rlp.de\" target=\"_blank\" rel=\"noreferrer noopener\">Mittelstandslotse@mwvlw.rlp.de<\/a>.<\/p>\n\n\n\n<p>Zudem k\u00f6nnen Sie unter 06131-16-5110 oder per E-Mail\n<a href=\"mailto:unternehmenshilfe-corona@)mwvlw.rlp.de\" target=\"_blank\" rel=\"noreferrer noopener\">unternehmenshilfe-corona@)mwvlw.rlp.de<\/a> die Stabsstelle Unternehmenshilfe Corona im Wirtschaftsministerium kontaktieren.<\/p>\n\n\n\n<p>Weitere Informationen dazu finden Sie auch auf <a href=\"http:\/\/www.Corona.rlp.de\">Corona.rlp.de<\/a><\/p>\n\n\n\n<p><em>Staatskanzlei Rheinland-Pfalz<br>22.03.2020<\/em><\/p>\n\n\n\n<h2 class=\"wp-block-heading\"><strong>Schlie\u00dfungen und Veranstaltungsabsagen in Schifferstadt<\/strong><\/h2>\n\n\n\n<div class=\"wp-block-image\"><figure class=\"aligncenter\"><img decoding=\"async\" loading=\"lazy\" width=\"400\" height=\"190\" src=\"https:\/\/speyer24news.com\/wp-content\/uploads\/2020\/03\/Schifferstadt.png\" alt=\"\" class=\"wp-image-25696\" srcset=\"https:\/\/speyer24news.com\/wp-content\/uploads\/2020\/03\/Schifferstadt.png 400w, https:\/\/speyer24news.com\/wp-content\/uploads\/2020\/03\/Schifferstadt-300x143.png 300w\" sizes=\"(max-width: 400px) 100vw, 400px\" \/><\/figure><\/div>\n\n\n\n<p><strong>Schifferstadt &#8211; <\/strong>Ab sofort bleiben das Rathaus sowie einige weitere st\u00e4dtische Einrichtungen f\u00fcr den Publikumsverkehr vorerst geschlossen. Die Mitarbeiterinnen und Mitarbeiter sind selbstverst\u00e4ndlich weiterhin telefonisch unter 06235 \/ 440 erreichbar, helfen bei Fragen oder Anliegen und vergeben in Ausnahmef\u00e4llen Termine. Wegen der Schlie\u00dfung der Kindertagesst\u00e4tten bis einschlie\u00dflich 19. April 2020 hat die Stadtverwaltung eine Notbetreuung f\u00fcr Kinder von Eltern in kritischen Berufsgruppen und berufst\u00e4tigen Alleinerziehenden organisiert. Ansprechpartner ist die jeweilige Kita-Leitung.<\/p>\n\n\n\n<p>Politische Gremien\ntagen nur noch, wenn die zu besprechenden Punkte nicht aufschiebbar sind. Die\nSprechstunden der ehrenamtlich Beauftragten entfallen. <\/p>\n\n\n\n<p>\u201eDiese\nVorsichtsma\u00dfnahmen dienen dem Schutz der B\u00fcrgerinnen und B\u00fcrger und\nMitarbeiterinnen und Mitarbeitern gleicherma\u00dfen\u201c, sagt B\u00fcrgermeisterin Ilona\nVolk. Man wolle den Dienstbetrieb der Verwaltung so lange wie m\u00f6glich aufrechterhalten.\nVolk bittet angesichts der Situation um Verst\u00e4ndnis f\u00fcr die getroffenen\nMa\u00dfnahmen und legt nahe: \u201eBitte unterst\u00fctzen Sie uns dabei, die Ausbreitung des\nVirus einzud\u00e4mmen!\u201c<\/p>\n\n\n\n<h4 class=\"wp-block-heading\"><strong>Einige st\u00e4dtische Einrichtungen geschlossen <\/strong><\/h4>\n\n\n\n<p>Volkshochschule,\nJugendtreff, Stadtb\u00fccherei, Stadtarchiv, Sporthallen und die Waldfesthalle sind\nseit Montag, 16. M\u00e4rz bis auf weiteres geschlossen. Die R\u00fcckgabe f\u00fcr Medien,\ndie in der Stadtb\u00fccherei ausgeliehen wurden, wird automatisch verl\u00e4ngert. <\/p>\n\n\n\n<p>Als Vorsorgema\u00dfnahme unterbricht die Volkshochschule Rhein-Pfalz-Kreis s\u00e4mtliche laufenden Kurse und l\u00e4sst auch keine neuen beginnen. \u00dcber die weitere Verfahrensweise ist derzeit noch nicht entschieden. Aktuelle Informationen stehen auf <a href=\"http:\/\/www.vhs-rpk.de\">www.vhs-rpk.de<\/a>.<\/p>\n\n\n\n<p>Auch das Kundenb\u00fcro der Stadtwerke ist vor\u00fcbergehend geschlossen. Um Fragen und Anliegen k\u00fcmmern sich die Mitarbeiterinnen und Mitarbeiter unter 06235 \/ 4901250 oder per E-Mail an <a href=\"info@sw-schifferstadt.de\">info@sw-schifferstadt.de<\/a>. <\/p>\n\n\n\n<p>Alle Spielpl\u00e4tze im\nStadtgebiet sowie die Grillh\u00fctte sind gesperrt. <\/p>\n\n\n\n<h4 class=\"wp-block-heading\"><strong>Absage st\u00e4dtischer Veranstaltungen<\/strong><\/h4>\n\n\n\n<p>Um das Infektionsrisiko zu minimieren und die B\u00fcrgerinnen und B\u00fcrger vor einer Corona-Ansteckung zu sch\u00fctzen, hat die Stadtverwaltung entschieden, vorerst alle st\u00e4dtischen Veranstaltungen \u2013 also auch die von Stadtb\u00fccherei, Kitas, Schulen und Jugendtreff \u2013 abzusagen. Ab welchem Datum wieder Veranstaltungen sattfinden, gibt die Verwaltung baldm\u00f6glichst bekannt. Der Veranstaltungskalender auf <a href=\"http:\/\/www.schifferstadt.de\">www.schifferstadt.de<\/a> gibt einen \u00dcberblick \u00fcber die derzeit abgesagten Veranstaltungen. <\/p>\n\n\n\n<p>Des Weiteren finden momentan\nkeine Seniorennachmittage in der Adlerstube mehr statt und auch die\nB\u00fcrgerbus-Fahrten werden vor\u00fcbergehend ausgesetzt. <\/p>\n\n\n\n<h4 class=\"wp-block-heading\"><strong>Vorgaben f\u00fcr Veranstaltungen<\/strong><\/h4>\n\n\n\n<p>F\u00fcr alle weiteren\nVeranstaltungen gelten die Vorgaben von Landesregierung und Kreisverwaltung:\nZusammenk\u00fcnfte jeglicher Art \u00fcber 75 Personen sind untersagt. Veranstaltung bis\n75 Personen sind genehmigungspflichtig (Auflagen erfolgen seitens der\nKreisverwaltung). Trauungen und Beerdigungen finden weiterhin, jedoch nur im engsten\nFamilienkreis und unter entsprechenden Auflagen statt. Ins Trauzimmer im Alten Rathaus und\nin die Trauerhalle d\u00fcrfen noch maximal so viele Personen, wie Sitzpl\u00e4tze zur\nVerf\u00fcgung stehen. Stehpl\u00e4tze sind nicht vorgesehen. <\/p>\n\n\n\n<p>Auf der Startseite der st\u00e4dtischen Website <a href=\"http:\/\/www.schifferstadt.de\">www.schifferstadt.de<\/a> finden Sie aktuelle, ausf\u00fchrliche Informationen und Neuigkeiten zum Coronavirus.<\/p>\n\n\n\n<p><em>Stadtverwaltung Schifferstadt<br>22.03.2020<\/em><\/p>\n\n\n\n<h2 class=\"wp-block-heading\">Technik Museen Sinsheim Speyer und IMAX Kinos geschlossen<\/h2>\n\n\n\n<h3 class=\"wp-block-heading\">Absage des BRAZZELTAG und vieler weiterer Museums-Events<\/h3>\n\n\n\n<div class=\"wp-block-image\"><figure class=\"aligncenter\"><img decoding=\"async\" loading=\"lazy\" width=\"600\" height=\"122\" src=\"https:\/\/speyer24news.com\/wp-content\/uploads\/2020\/03\/Technik-Museum-Speyer.jpg\" alt=\"\" class=\"wp-image-25961\" srcset=\"https:\/\/speyer24news.com\/wp-content\/uploads\/2020\/03\/Technik-Museum-Speyer.jpg 600w, https:\/\/speyer24news.com\/wp-content\/uploads\/2020\/03\/Technik-Museum-Speyer-300x61.jpg 300w\" sizes=\"(max-width: 600px) 100vw, 600px\" \/><\/figure><\/div>\n\n\n\n<p><strong>Sinsheim\/Speyer &#8211; <\/strong>In der fast 40j\u00e4hrigen Geschichte der Technik Museen Sinsheim Speyer standen die Tore an 365 Tagen im Jahr offen. Doch bedingt durch die aktuelle COVID-19 Situation bleiben die Museen sowie die dazugeh\u00f6renden IMAX Kinos, lt. Allgemeinverf\u00fcgung der Landesregierung Baden-W\u00fcrttemberg sowie der Stadt Speyer, ab dem 17. M\u00e4rz 2020 bis auf Weiteres geschlossen.&nbsp;Derzeit finden bundesweit Schlie\u00dfungen der \u00f6ffentlichen Einrichtungen statt. Konzerte, Messen und Events jeglicher Art werden abgesagt \u2013 diese Ma\u00dfnahmen sollen dabei helfen, die Dynamik der Ausbreitung zu verlangsamen. Es ist die Verantwortung eines jeden Mitb\u00fcrgers auf seine Umgebung zu achten. Die Museen stehen in engem Kontakt mit den Beh\u00f6rden, um dementsprechend auf aktuelle Ereignisse reagieren zu k\u00f6nnen.&nbsp;Die Schlie\u00dfung der Museen hat auch zur Folge, dass die kommenden Veranstaltungen nicht stattfinden \u2013 so auch der Besuchermagnet BRAZZELTAG. In den vergangenen Jahren wurde dieser von tausenden G\u00e4sten und Teilnehmern aller Altersstufen besucht und lockte Petrolheads aus ganz Europa nach Speyer. \u201eEs ist wichtig die Infektionswege zu unterbrechen, damit sich der Virus nicht noch weiter ausbreitet. Daher wird der BRAZZELTAG dieses Jahr nicht stattfinden. Wir m\u00f6chten unsere Besucher keinesfalls einem Risiko aussetzen und halten uns hier an die Vorgaben von Stadt und Land.\u201c So Museumsleiter Andreas Hemmer. Ein Nachholtermin f\u00fcr 2020 ist nicht vorgesehen. Der n\u00e4chste BRAZZELTAG findet somit am 8. und 9. Mai 2021 statt. \u201eBereits gekaufte Tagesp\u00e4sse oder 2-Tages-Armb\u00e4ndchen behalten ihre G\u00fcltigkeit und k\u00f6nnen f\u00fcr den BRAZZELTAG 2021 genutzt werden.\u201c Berichtet Corinna Siegenthaler, Pressesprecherin des Museums. Alle anfallenden Informationen zur Absage gibt es unter <a href=\"http:\/\/www.brazzeltag.de\">www.brazzeltag.de<\/a>. Fragen k\u00f6nnen direkt an <a href=\"mailto:info@brazzeltag.de\" target=\"_blank\" rel=\"noreferrer noopener\">info@brazzeltag.de<\/a> gerichtet werden. <\/p>\n\n\n\n<h3 class=\"wp-block-heading\">Neben dem BRAZZELTAG sind noch weitere Veranstaltungen der Technik Museen Sinsheim Speyer aufgehoben:<\/h3>\n\n\n\n<h4 class=\"wp-block-heading\">Abgesagte Termine des Technik Museum Speyer:<\/h4>\n\n\n\n<ul><li>23. M\u00e4rz 2020: Greenpeace Vortrag im FORUM Kino des Technik Museum Speyer&nbsp; <\/li><li>5. April 2020: Benzingespr\u00e4ch beim Fr\u00fchschoppen im Technik Museum Speyer<\/li><li>11. bis 13. April 2020: Modellbautage im Technik Museum Speyer <\/li><li>25. April 2020: Flugzeug-Teile-B\u00f6rse in der Eventhalle des Technik Museum Speyer<\/li><li>9. bis 10. Mai 2020: BRAZZELTAG im Technik Museum Speyer<\/li><\/ul>\n\n\n\n<h4 class=\"wp-block-heading\">Abgesagte Termine des Technik Museum Sinsheim:<\/h4>\n\n\n\n<ul><li><em>17. Mai 2020: E-Mobilit\u00e4tstag im Technik Museum Sinsheim<\/em><\/li><li>6. bis 7. Juni 2020: Agri Historica im Technik Museum Sinsheim&nbsp;&nbsp; <\/li><li><em>14. Juni 2020: Ostalgie Treffen im Technik Museum Sinsheim <\/em><\/li><\/ul>\n\n\n\n<p>Aktuelle Informationen zu den Museen, den Veranstaltungen und den \u00d6ffnungs- oder Schlie\u00dfzeiten gibt es unter <a href=\"https:\/\/deref-web-02.de\/mail\/client\/tW_gePabfmw\/dereferrer\/?redirectUrl=https%3A%2F%2Fu14164442.ct.sendgrid.net%2Fls%2Fclick%3Fupn%3DpsfSyrcYyJjyv2M1NAPIUHSS5hyResOop97owBYND8N6XP3N17nmlBATkwByvdDIQOE2_Hl-2BwoPNiiE5y-2BW9ZLRGh-2BuGHMyD7GGNSR50vkH5Gix694pMo-2F5UtqDam5bJmuSjR2ZJndjV-2B0vtmZU39jtxCFcW6-2FWfK4rvqM9gKDYblwqbMhqLIykBBQzJq6JdTxXXKHHbnRPFfiHBoy0SE9fsoaCoMp8WhUsSs3nlV-2F-2BiDqnnx5KsQmVJIz2-2FS-2BRD9-2FRkdfTWLqAivxbRyFnYlIlnjKi6n-2F-2B1d7U60XsRMiFSxTMNvG0OUfZ-2B5ICOEgC-2Fsl67r\" target=\"_blank\" rel=\"noreferrer noopener\">www.technik-museum.de<\/a> oder <a href=\"https:\/\/deref-web-02.de\/mail\/client\/9THd36i7wBY\/dereferrer\/?redirectUrl=https%3A%2F%2Fu14164442.ct.sendgrid.net%2Fls%2Fclick%3Fupn%3DpsfSyrcYyJjyv2M1NAPIUF6i3Bt4bugbSl0e-2ByQtT85G3pJRdwrhG963fqYXuP6gByPi_Hl-2BwoPNiiE5y-2BW9ZLRGh-2BuGHMyD7GGNSR50vkH5Gix694pMo-2F5UtqDam5bJmuSjRXkmC2SXSmHxQjIYMqN0F2CnpVg7nmlm0LclfcBgktHlQOLdJCgG7OMvr2zChboee-2FLsRiDzWwbiFaWg5VCa8JJ5QF3AvBsjDW-2F9unZG7PTCW-2F-2ByW-2BvrsxNRW3bqinHNk5QGejblWuM3Ei8KlkCuGrXEdhdOMpdgQxW-2FEMKDJtKJFmOdtqSfUkf1B3JFSHLKh\" target=\"_blank\" rel=\"noreferrer noopener\">www.facebook.com\/technikmuseum<\/a>.<\/p>\n\n\n\n<p><em>Technik Museum Speyer<br>22.03.2020<\/em><\/p>\n\n\n\n<h2 class=\"wp-block-heading\"><strong>Rhein-Pfalz-Kreis erl\u00e4sst\nweitere Allgemeinverf\u00fcgung: <\/strong><\/h2>\n\n\n\n<h3 class=\"wp-block-heading\"><strong>Einschr\u00e4nkung der Besuchsrechte f\u00fcr Krankenh\u00e4user, Pflege- und Behinderteneinrichtungen im Zuge der Ausbreitung des Coronavirus<\/strong><\/h3>\n\n\n\n<div class=\"wp-block-image\"><figure class=\"aligncenter\"><img decoding=\"async\" loading=\"lazy\" width=\"480\" height=\"184\" src=\"https:\/\/speyer24news.com\/wp-content\/uploads\/2020\/03\/Rhein-Pfalz-Kreis-1.jpg\" alt=\"\" class=\"wp-image-25960\" srcset=\"https:\/\/speyer24news.com\/wp-content\/uploads\/2020\/03\/Rhein-Pfalz-Kreis-1.jpg 480w, https:\/\/speyer24news.com\/wp-content\/uploads\/2020\/03\/Rhein-Pfalz-Kreis-1-300x115.jpg 300w\" sizes=\"(max-width: 480px) 100vw, 480px\" \/><\/figure><\/div>\n\n\n\n<p><strong>Rhein-Pfalz-Kreis &#8211; <\/strong>Um die weitere Ausbreitung des Coronavirus einzud\u00e4mmen, hat der Rhein-Pfalz-Kreis am 17.03.2020 eine weitere Allgemeinverf\u00fcgung erlassen. Wie in ganz Rheinland-Pfalz gelten auch im Rhein-Pfalz-Kreis ab 18.03.2020 strengere Regeln f\u00fcr den Besuch von Krankenh\u00e4usern, Pflege- und Behinderteneinrichtungen. Diese Regelungen gelten zum Schutz \u00e4lterer, vorerkrankter und pflegebed\u00fcrftiger Menschen.<\/p>\n\n\n\n<p>Nach\ndieser Allgemeinverf\u00fcgung d\u00fcrfen Kontaktpersonen der Kategorien I und II (entsprechend\nder Definition durch das Robert Koch-Institut (RKI)) oder Personen, die bereits\nnachweislich infiziert sind oder die sich in einem Gebiet aufgehalten haben,\ndas vom RKI im Zeitpunkt des Aufenthalts als Risikogebiet ausgewiesen war oder\ninnerhalb von 14 Tagen danach als solches ausgewiesen worden ist und die sich\nnicht bereits mindestens 14 Tage au\u00dferhalb eines Risikogebietes aufgehalten\nhaben, folgende Einrichtungen nicht betreten: <\/p>\n\n\n\n<ol><li>Einrichtungen nach \u00a7 23 Abs. 3 Nr. 1\nund 3 bis 7 sowie \u00a7 36 Abs. 1 Nr. 2 IfSG (insbesondere auch Hospize) ,<\/li><li>vollstation\u00e4re Einrichtungen der\nPflege gem. \u00a7 71 Abs. 2 des Elften Buches Sozialgesetzbuch (SGB XI),<\/li><li>Einrichtungen f\u00fcr Menschen mit\nBehinderungen im Sinne des \u00a7 2 Abs. 1 des Neunten Buches Sozialgesetzbuch (SGB\nIX), in denen Leistungen der Eingliederungshilfe \u00fcber Tag und Nacht erbracht\nwerden,<\/li><li>betreute Wohngruppen f\u00fcr\npflegebed\u00fcrftige vollj\u00e4hrige Menschen nach \u00a7 5 Satz 1 Nr. 1 LWTG,<\/li><li>betreute Wohngruppen f\u00fcr Menschen mit\nBehinderungen und mit Vorerkrankungen nach \u00a7 5 Satz 1 Nr. 1 LWTG,<\/li><li>betreute Wohngruppen nach \u00a7 5 Satz 1 Nr.\n2 LWTG f\u00fcr Menschen mit Intensivpflegebedarf oder schweren kognitiven\nEinschr\u00e4nkungen,<\/li><li>betreute Wohngruppen nach \u00a7 5 Satz 1\nNr. 3 LWTG f\u00fcr Menschen mit Behinderungen und mit Vorerkrankungen,<\/li><li>Wohneinrichtungen f\u00fcr \u00e4ltere Menschen\nnach \u00a7 5 Satz 1 Nr. 4 LWTG,<\/li><li>Einrichtungen der Kurzzeitpflege nach\n\u00a7 5 Satz 1 Nr. 6 LWTG und<\/li><li>Einrichtungen nach \u00a7 5 Nr. 7 LWTG,\ndie einem unter lit. d) bis i) beschriebenen Wohnangebote entsprechen.<\/li><\/ol>\n\n\n\n<p>Die Definition der\nKontaktpersonen der Kategorien I und II ist unter <a href=\"https:\/\/www.rki.de\/DE\/Content\/InfAZ\/N\/Neuartiges_Coronavirus\/Kontaktperson\/Management.html%20\">https:\/\/www.rki.de\/DE\/Content\/InfAZ\/N\/Neuartiges_Coronavirus\/Kontaktperson\/Management.html<\/a> abrufbar.<\/p>\n\n\n\n<p>Infizierte Personen sind\nsolche, bei denen die Infektion durch einen Test nachgewiesen wurde.<\/p>\n\n\n\n<p>Die jeweils geltenden\nRisikogebiete sind unter <a href=\"file:\/\/\/C:\/Users\/0601-183\/AppData\/Local\/Microsoft\/Windows\/INetCache\/Content.Outlook\/BMCNS9BL\/www.rki.de\/DE\/Content\/InfAZ\/N\/Neuartiges_Coronavirus\/Risikogebiete.html\">www.rki.de\/DE\/Content\/InfAZ\/N\/Neuartiges_Coronavirus\/Risikogebiete.html<\/a> tagesaktuell abrufbar. Eine\nkurzzeitige Anwesenheit, z. B. im Rahmen einer Durchreise, gilt nicht als\nAufenthalt nach Satz 1, selbst wenn es dabei etwa bei einem Tankvorgang, einer\nKaffeepause oder einem Toilettengang zu einem kurzzeitigen Kontakt mit der\ndortigen Bev\u00f6lkerung gekommen ist.<\/p>\n\n\n\n<p>Jede Patientin, jeder\nPatient, Bewohnerin, Bewohner oder Betreute einer Einrichtung darf nur eine\nBesucherin oder einen Besucher, die nicht zum erw\u00e4hnten Personenkreis z\u00e4hlen,\npro Tag f\u00fcr je eine Stunde empfangen. Dies gilt nicht f\u00fcr Kinder unter 16\nJahren sowie f\u00fcr Menschen mit erkennbaren Atemwegsinfektionen.<\/p>\n\n\n\n<p>Weiterhin k\u00f6nnen die\nEinrichtungen, ggf. auch unter Auflagen, Ausnahmen zulassen, wenn ein\nbesonderes berechtigtes Interesse vorliegt. Sofern Ausnahmen zugelassen werden,\nmuss dennoch durch entsprechende Ma\u00dfnahmen sichergestellt werden, dass\nMitarbeiterinnen und Mitarbeiter sowie andere Personen in den jeweiligen Einrichtungen\nnicht gef\u00e4hrdet werden.<\/p>\n\n\n\n<p>Die Allgemeinverf\u00fcgung ist auch auf der Webseite des Rhein-Pfalz-Kreises unter Aktuelles \u2013 Wichtige Infos zum Coronavirus, einsehbar. Nat\u00fcrlich k\u00f6nnen sie sie auch hier als pdf lesen:<\/p>\n\n\n\n<h4 class=\"wp-block-heading\">Einschr\u00e4nkung der Besuchsrechte f\u00fcr Krankenh\u00e4user, Pflege- und Behinderteneinrichtungen im Zuge der Ausbreitung des Coronavirus SARSCoV-2 (COVID-19): <\/h4>\n\n\n\n<div class=\"wp-block-file\"><a href=\"https:\/\/speyer24news.com\/wp-content\/uploads\/2020\/03\/2020-03-17-AV-Pflegeheime-Altenheime-sonstige-Einrichtugen.pdf\">2020-03-17-AV-Pflegeheime-Altenheime-sonstige-Einrichtugen<\/a><a href=\"https:\/\/speyer24news.com\/wp-content\/uploads\/2020\/03\/2020-03-17-AV-Pflegeheime-Altenheime-sonstige-Einrichtugen.pdf\" class=\"wp-block-file__button\" download>Herunterladen<\/a><\/div>\n\n\n\n<p><em>Kreisverwaltung Rhein-Pfalz-Kreis<br>22.03.2020<\/em><\/p>\n\n\n\n<h2 class=\"wp-block-heading\">Absage der liberalen Termine in Speyer<\/h2>\n\n\n\n<div class=\"wp-block-image\"><figure class=\"aligncenter\"><img decoding=\"async\" src=\"https:\/\/speyer24news.com\/wp-content\/uploads\/2020\/03\/FDP-Speyer.png\" alt=\"\" class=\"wp-image-25958\"\/><\/figure><\/div>\n\n\n\n<p><strong>Speyer \/ FDP &#8211; <\/strong>Der Vorstand des FDP-Kreisverband Speyers hat sich aus aktuellem Anlass entschieden zwei bereits angek\u00fcndigte Termine abzusagen. <em>(Stand 17.03.2020)<\/em><\/p>\n\n\n\n<p>Bei allen Veranstaltungen gilt aktuell: Vorsicht ist besser als Nachsicht-Gesundheit geht vor.<\/p>\n\n\n\n<p>Deshalb finden der liberale Fr\u00fchling, der am 27. M\u00e4rz 2020 angesetzt war, sowie unser Stammtisch im April&nbsp; leider wegen des Coronavirus nicht statt.<\/p>\n\n\n\n<p>Nach jetzigem Stand w\u00e4re der n\u00e4chste Stammtisch dann am ersten Donnerstag im Mai, also den 07. Mai 2020 in der Weinstube zur Schwarzamsel. Er gibt allen Mitgliedern sowie interessierte B\u00fcrgerinnen und B\u00fcrgern die M\u00f6glichkeit sich in entspannter und geselliger Atmosph\u00e4re \u00fcber aktuelle politische Themen auszutauschen.<\/p>\n\n\n\n<p>Ein Ersatz-Termin f\u00fcr den liberalen Fr\u00fchling&nbsp; wird fr\u00fchzeitig zu gegebener Zeit bekannt gegeben.<\/p>\n\n\n\n<p>Vielen Dank aber jetzt schon an alle Speyerer Mitarbeiterinnen und Mitarbeiter in Krankenh\u00e4usern und Arztpraxen, Superm\u00e4rkten, Apotheken und Drogerien, Not- und Rettungsdiensten, bei Polizei und Feuerwehr, bei Versorgungsunternehmen und der M\u00fcllabfuhr, im Transportwesen, in Pflegeheimen, in Schulen und bei der Kinderbetreuung, sowie viele weitere Berufst\u00e4tige, Nachbarn und ehrenamtlich T\u00e4tige, nicht nur in Speyer und Umgebung, sondern auch global \u2013 einfach allen ein gro\u00dfes Dankesch\u00f6n f\u00fcr den unerm\u00fcdlichen Einsatz trotz und wegen des Coronavirus.&nbsp;<\/p>\n\n\n\n<p>Wir bitten aber gleichzeitig auch alle B\u00fcrgerinnen und B\u00fcrger, ebenso mitzuhelfen.<br>Nur gemeinsam k\u00f6nnen wir die Ausbreitung verlangsamen &#8211; bitte zeigt Verantwortungsgef\u00fchl &#8211; nutzt den Menschenverstand &#8211; bewahrt Ruhe \u2013 und handelt solidarisch.<\/p>\n\n\n\n<p><em>FDP Speyer \/ Marius Weiler<br>22.03.2020<\/em><\/p>\n\n\n\n<h2 class=\"wp-block-heading\">Keine offene B\u00fcrgersprechstunde, daf\u00fcr ausgedehnte FacebookSprechstunde des Ersten Beigeordneten Tobias Meyer <\/h2>\n\n\n\n<div class=\"wp-block-image\"><figure class=\"aligncenter\"><img decoding=\"async\" loading=\"lazy\" width=\"800\" height=\"487\" src=\"https:\/\/speyer24news.com\/wp-content\/uploads\/2020\/03\/Tobias-Mayer-Facebook.png\" alt=\"\" class=\"wp-image-25957\" srcset=\"https:\/\/speyer24news.com\/wp-content\/uploads\/2020\/03\/Tobias-Mayer-Facebook.png 800w, https:\/\/speyer24news.com\/wp-content\/uploads\/2020\/03\/Tobias-Mayer-Facebook-300x183.png 300w, https:\/\/speyer24news.com\/wp-content\/uploads\/2020\/03\/Tobias-Mayer-Facebook-768x468.png 768w\" sizes=\"(max-width: 800px) 100vw, 800px\" \/><\/figure><\/div>\n\n\n\n<p><strong>Ha\u00dfloch &#8211; <\/strong>Der Erste Beigeordnete Tobias Meyer bietet normalerweise jeden Monat eine offene B\u00fcrgersprechstunde ohne vorherige Terminvereinbarung an. Die n\u00e4chste offene Sprechstunde h\u00e4tte am 24. M\u00e4rz 2020 stattgefunden. Da das Rathaus aufgrund der aktuellen Situation rund um das Coronavirus geschlossen ist und pers\u00f6nliche Kontakte auf ein Mindestma\u00df beschr\u00e4nkt werden sollen, f\u00e4llt die offene B\u00fcrgersprechstunde am 24. M\u00e4rz 2020 aus.  <\/p>\n\n\n\n<p>Die Facebook-Sprechstunde des Ersten Beigeordneten findet hingegen statt und wird auch auf den Termin der B\u00fcrgersprechstunde ausgedehnt. Dementsprechend steht Tobias Meyer am <\/p>\n\n\n\n<ul><li>Montag, 23. M\u00e4rz 2020 von 15:30 \u2013 17:00 Uhr<\/li><li>Dienstag, 24. M\u00e4rz 2020 von 17:30 \u2013 19:00 Uhr <\/li><\/ul>\n\n\n\n<p>\u00fcber Facebook f\u00fcr Fragen und Anliegen zur Verf\u00fcgung. Wer dem Ersten Beigeordneten seine Fragen stellen m\u00f6chte, muss ihm nicht auf Facebook folgen, jedoch bei Facebook angemeldet sein. Der Facebook-Chat erfolgt \u00fcber das Profil \u201e<a href=\"https:\/\/www.facebook.com\/tobias.meyer.1979\">Tobias Meyer<\/a>\u201c. <\/p>\n\n\n\n<p>Dem Gesch\u00e4ftsbereich von Herrn Meyer sind u.a. die Abteilung f\u00fcr \u00f6ffentliche Sicherheit und Ordnung, der Bereich Brandschutz, das B\u00fcrgerb\u00fcro, die Bereiche Tourismus, Asyl sowie die B\u00fccherei und die Musikschule zugeordnet. In Abwesenheit des B\u00fcrgermeisters \u00fcbernimmt er au\u00dferdem dessen Stellvertretung. Telefonisch ist Herr Meyer unter der Rufnummer 06324\/935-248 (Sekretariat) zu erreichen.<\/p>\n\n\n\n<p><em>Gemeindeverwaltung Ha\u00dfloch<br>22.03.2020<\/em><\/p>\n\n\n\n<h2 class=\"wp-block-heading\"><strong>Kreisverwaltung Germersheim gibt Handlungsempfehlungen f\u00fcr die Zeit der Corona-Ausbreitung<\/strong><\/h2>\n\n\n\n<div class=\"wp-block-image\"><figure class=\"aligncenter\"><img decoding=\"async\" loading=\"lazy\" width=\"640\" height=\"523\" src=\"https:\/\/speyer24news.com\/wp-content\/uploads\/2020\/03\/Brechtel-Fritz-Landrat-GER.jpg\" alt=\"\" class=\"wp-image-25889\" srcset=\"https:\/\/speyer24news.com\/wp-content\/uploads\/2020\/03\/Brechtel-Fritz-Landrat-GER.jpg 640w, https:\/\/speyer24news.com\/wp-content\/uploads\/2020\/03\/Brechtel-Fritz-Landrat-GER-300x245.jpg 300w\" sizes=\"(max-width: 640px) 100vw, 640px\" \/><\/figure><\/div>\n\n\n\n<p><strong>Landkreis Germersheim &#8211; <\/strong>Derzeit werden im Rahmen der Ausbreitung des Corona-Virus viele Ma\u00dfnahmen ergriffen, die vielfach zu Verunsicherung und Sorge f\u00fchren. \u201eIch weise ausdr\u00fccklich darauf hin: In den allermeisten F\u00e4llen verl\u00e4uft eine Infektion mit dem Coronavirus harmlos, manchmal unbemerkt oder mit nur sehr geringen Symptomen. Kinder sind nach den aktuellsten Erkenntnissen sogar wenig gef\u00e4hrdet, sind aber &#8211; wie wir alle &#8211; m\u00f6gliche \u00dcbertr\u00e4ger des Virus. Alle Ma\u00dfnahmen, die jetzt ergriffen werden, basieren unter anderem auf den Erfahrungen, die beispielsweise aus anderen L\u00e4ndern gewonnen wurden, in denen die Sterblichkeitsrate, vor allem bei den gef\u00e4hrdeten Personenkreisen, aufgrund von Corona-Erkrankungen bereits um ein Vielfaches h\u00f6her ist als in Deutschland\u201c, betont Landrat Dr. Fritz Brechtel.<\/p>\n\n\n\n<p>Ziel aller Anstrengungen ist es, die Verbreitung\ndes Virus zu verlangsamen, also die Kurve der Ausbreitung flach zu halten. \u201eJe\nlangsamer sich der Virus verbreitet, desto weniger Personen werden auf einmal\nan ihm schwer erkranken. Wir m\u00fcssen unser Gesundheitssystem unbedingt dauerhaft\naufrechterhalten, also die Erkrankungswelle verlangsamen. Je mehr Personen auf\neinmal schwer erkranken, desto mehr Betten werden in den Kliniken gebraucht,\ndesto eher st\u00f6\u00dft das Gesundheitssystem an seine Grenzen\u201c, so Brechtel. Er\nappelliert an alle, insbesondere zum Schutz der geschw\u00e4chten, vorerkrankten und\nalten Menschen mitzuhelfen, die Verbreitung zu verlangsamen. Dies kann\ngelingen, wenn wir uns alle der Situation vollumf\u00e4nglich bewusstwerden und uns\nan Hygienetipps halten und unsere sozialen Kontakte auf ein notwendiges Ma\u00df\nbeschr\u00e4nken:<\/p>\n\n\n\n<p>Zu den <strong>Hygienetipps<\/strong> geh\u00f6ren ganz besonders:<\/p>\n\n\n\n<ul><li><strong>Viren\nauf Oberfl\u00e4chen<\/strong> \u2013\nPassen Sie auf, was Sie anfassen. T\u00fcrklinken, Fahrstuhlkn\u00f6pfe oder Handl\u00e4ufe\nm\u00f6glichst nicht mit der Hand ber\u00fchren. Vermeiden Sie es auch, sich mit\nungewaschenen H\u00e4nden an Ihren Mund, die Nase oder Ihre Augen zu fassen.<\/li><li><strong>Husten\nund Niesen<\/strong> \u2013 immer\nin die Ellenbeuge, nicht in die Hand. Benutzen Sie Einmal-Papiert\u00fccher. Wenn\nSie sich krank f\u00fchlen, bleiben Sie zu Hause. <\/li><li><strong>Abstand\nhalten<\/strong> \u2013 vermeiden\nSie K\u00f6rperkontakt und halten Sie, wo es m\u00f6glich ist, Abstand. Eineinhalb Meter\nsind ausreichend. Vermeiden Sie H\u00e4ndesch\u00fctteln oder Umarmungen und verzichten\nSie auf Veranstaltungen oder Freizeitangebote, bei denen Sie mit einer\nAnsammlung von mehreren Menschen konfrontiert werden.<\/li><li><strong>H\u00e4nde\nwaschen<\/strong> \u2013 20\nSekunden einseifen und saubere Handt\u00fccher oder Einmalt\u00fccher verwenden.<\/li><\/ul>\n\n\n\n<p>Hamsterk\u00e4ufe muss niemand t\u00e4tigen,\nwenngleich es ratsam ist einige haltbare Lebensmittel auf Vorrat zu kaufen, um\ndie Zahl der w\u00f6chentlichen Eink\u00e4ufe zu reduzieren. Zu den Risikogruppen z\u00e4hlen\nvor allen Dingen \u00e4ltere Menschen sowie Menschen mit Vorerkrankungen.<\/p>\n\n\n\n<h4 class=\"wp-block-heading\"><strong>H\u00e4usliche Quarant\u00e4ne<\/strong><\/h4>\n\n\n\n<p>Auch f\u00fcr all jene, die sich in\nh\u00e4uslicher Quarant\u00e4ne befinden oder sich beispielsweise als R\u00fcckkehrer aus\neinem Krisengebiet (Ski-Urlaub) in eine freiwillige, 14-t\u00e4gige Quarant\u00e4ne\nbegeben hat, hier einige weitere Verhaltenstipps:<\/p>\n\n\n\n<ul><li>Schaffen\nSie sich eine <strong>Tagesstruktur<\/strong> und setzen Sie sich Ziele, wie Sie Ihre Zeit\nf\u00fcllen k\u00f6nnen (Tagebuchschreiben, Lesen \u2026)<\/li><li>Bitten\nSie <strong>Freunde oder Nachbarn<\/strong> darum, Ihre Eink\u00e4ufe zu erledigen oder sich um\nden Ausgang mit dem Hund zu k\u00fcmmern.<\/li><li>Bleiben\nSie <strong>k\u00f6rperlich aktiv<\/strong> und machen Sie Sport\u00fcbungen, die Sie zu Hause\nt\u00e4tigen k\u00f6nnen. Sie k\u00f6nnen es auch mit Entspannungs\u00fcbungen versuchen.<\/li><li>Seien\nSie kritisch und nehmen Sie nicht jede Information f\u00fcr bare M\u00fcnze. Versuchen\nSie Ihren <strong>Medienkonsum<\/strong> bewusst zu gestalten und setzen Sie sich zum\nBeispiel feste Zeiten, zu denen Sie sich mit dem Thema Corona\nauseinandersetzen.<\/li><\/ul>\n\n\n\n<p>Lesenswert sind die folgenden\nBrosch\u00fcren des \u201eBundesamtes f\u00fcr Bev\u00f6lkerungsschutz\u201c (<a href=\"http:\/\/www.bbk.bund.de\">www.bbk.bund.de<\/a>): \u201eH\u00e4usliche Quarant\u00e4ne\u201c oder \u201eTipps\nf\u00fcr Eltern\u201c.<\/p>\n\n\n\n<p>Informationen zu ziemlich allen\nFragen rund um das Thema Coronavirus gibt es auch auf der Homepage der\nKreisverwaltung unter <a href=\"http:\/\/www.kreis-germersheim.de\/coronavirus\">www.kreis-germersheim.de\/coronavirus<\/a>. Hier befinden sich neben\nzahlreichen Hinweisen und Informationen auch Verlinkungen auf zuverl\u00e4ssige\nQuellen wie das Robert-Koch-Institut. Aktuell informiert Landrat Dr. Fritz\nBrechtel mehrfach t\u00e4glich \u00fcber sein Facebook-Profil unter <a href=\"http:\/\/www.facebook.com\/landratbrechtel\">www.facebook.com\/landratbrechtel<\/a>.<\/p>\n\n\n\n<p>Landrat Dr. Fritz Brechtel ruft zur Besonnenheit, zu Verst\u00e4ndnis und R\u00fccksicht auf, damit gemeinsam diese noch unabsehbare Infektionswelle gut \u00fcberstanden wird: \u201eWir sind uns bewusst, dass wir in einer Zeit leben, die wir in dieser Form als Gesellschaft noch nie erlebt haben. Daher haben auch Gef\u00fchle ihre Berechtigung, die mit Sorge, Angst oder anderen starken Emotionen verbunden sind. Akzeptieren Sie diese Gef\u00fchle und seien Sie versichert, dass wir gemeinsam die Krise gut \u00fcberstehen k\u00f6nnen, wenn wir uns mutig, zuversichtlich und besonnen den Herausforderungen stellen.\u201c<\/p>\n\n\n\n<p><em>Kreisverwaltung Germersheim<br>22.03.2020<\/em><\/p>\n\n\n\n<h2 class=\"wp-block-heading\">Corona-Virus: Stadt Landau schlie\u00dft kommunale Einrichtungen \u2013 St\u00e4dtische Sporthallen und Sportpl\u00e4tze ab sofort gesperrt \u2013 Leichen- und Trauerhallen in der Kernstadt und den Stadtd\u00f6rfern f\u00fcr maximal 20 Personen ge\u00f6ffnet \u2013 Eheschlie\u00dfungen mit h\u00f6chstens 10 Personen m\u00f6glich<\/h2>\n\n\n\n<div class=\"wp-block-image\"><figure class=\"aligncenter\"><img decoding=\"async\" loading=\"lazy\" width=\"800\" height=\"533\" src=\"https:\/\/speyer24news.com\/wp-content\/uploads\/2020\/03\/Info-143-Schlie\u00dfungen.jpg\" alt=\"\" class=\"wp-image-25956\" srcset=\"https:\/\/speyer24news.com\/wp-content\/uploads\/2020\/03\/Info-143-Schlie\u00dfungen.jpg 800w, https:\/\/speyer24news.com\/wp-content\/uploads\/2020\/03\/Info-143-Schlie\u00dfungen-300x200.jpg 300w, https:\/\/speyer24news.com\/wp-content\/uploads\/2020\/03\/Info-143-Schlie\u00dfungen-768x512.jpg 768w\" sizes=\"(max-width: 800px) 100vw, 800px\" \/><figcaption>Um das Corona-Virus einzud\u00e4mmen, schlie\u00dft die Stadt Landau ab sofort und bis auf Weiteres zahlreiche kommunale Einrichtungen \u2013 darunter auch das Museum f\u00fcr Stadtgeschichte in der Maximilianstra\u00dfe.<\/figcaption><\/figure><\/div>\n\n\n\n<p><strong>Stadt Landau &#8211; <\/strong>Um das Corona-Virus einzud\u00e4mmen, schlie\u00dft die Stadt Landau ab sofort und bis auf Weiteres zahlreiche kommunale Einrichtungen. Von der Schlie\u00dfung sind neben der Stadtbibliothek am Heinrich-Heine-Platz, dem Archiv und Museum in der Maximilianstra\u00dfe sowie den st\u00e4dtischen Galerien im Frank-Loebschen Haus und der Villa Streccius auch das Haus der Jugend in der Waffenstra\u00dfe, der Jugendtreff Horst und das Mehrgenerationenhaus am Danziger Platz betroffen. Auch die Ortsvorsteherb\u00fcros in den Ortsteilen bleiben vorerst geschlossen.<\/p>\n\n\n\n<p>Dar\u00fcber hinaus sind mit\nsofortiger Wirkung alle st\u00e4dtischen Sporthallen und Sportpl\u00e4tze auf unbestimmte\nZeit gesperrt. Das Stadion sowie der Sport- und Freizeitcampus (ohne Sporthalle\nund Kunstrasenplatz) bleiben ge\u00f6ffnet \u2013 jedoch nicht f\u00fcr den Vereinssport.<\/p>\n\n\n\n<p>Die Leichen- und Trauerhallen\ndes Hauptfriedhofs und der Landauer Stadtd\u00f6rfer d\u00fcrfen ab sofort f\u00fcr\nAufbahrungen, Abschiednahmen oder Trauerfeiern nur noch von maximal 20 Personen\nbetreten werden.<\/p>\n\n\n\n<p>Geplante Eheschlie\u00dfungen finden statt und werden vom Standesamt bis auf Weiteres im Empfangssaal des Rathauses durchgef\u00fchrt. Anwesend sein d\u00fcrfen h\u00f6chstens 10 Personen. <\/p>\n\n\n\n<p><em>Stadtverwaltung Landau in der Pfalz<br>22.03.2020<\/em><\/p>\n\n\n\n<h2 class=\"wp-block-heading\">Corona-Virus: Stadt Landau erweitert Allgemeinverf\u00fcgung \u2013 Kurse und Seminare bei Fahrschulen, Musikschulen, Weiterbildungszentren und Co. sind untersagt \u2013 Allgemeinverf\u00fcgungen werden Veranstalterinnen und Veranstaltern NICHT zugestellt<\/h2>\n\n\n\n<div class=\"wp-block-image\"><figure class=\"aligncenter\"><img decoding=\"async\" loading=\"lazy\" width=\"500\" height=\"667\" src=\"https:\/\/speyer24news.com\/wp-content\/uploads\/2020\/03\/Info-144-Allgemeinverf\u00fcgung.jpg\" alt=\"\" class=\"wp-image-25955\" srcset=\"https:\/\/speyer24news.com\/wp-content\/uploads\/2020\/03\/Info-144-Allgemeinverf\u00fcgung.jpg 500w, https:\/\/speyer24news.com\/wp-content\/uploads\/2020\/03\/Info-144-Allgemeinverf\u00fcgung-225x300.jpg 225w\" sizes=\"(max-width: 500px) 100vw, 500px\" \/><figcaption>Die Durchf\u00fchrung von Jugend- und Vereinsfreizeiten ist in Landau ab sofort ebenso untersagt wie die von \u00f6ffentlichen und privaten Fort- und Weiterbildungsma\u00dfnahmen. <\/figcaption><\/figure><\/div>\n\n\n\n<p><strong>Stadt Landau &#8211; <\/strong>Die Stadt Landau erweitert ihre Allgemeinverf\u00fcgung, mit der sie die Ausbreitung des Corona-Virus verhindern bzw. verlangsamen will, ein weiteres Mal: Ab sofort ist die Durchf\u00fchrung von \u00f6ffentlichen und privaten Fort- und Weiterbildungsma\u00dfnahmen untersagt. Dies betrifft u.a. Musikschulen, Fahrschulen, Weiterbildungszentren und Pr\u00fcfungseinrichtungen wie den T\u00dcV, aber auch Jugend- und Vereinsfreizeiten. <\/p>\n\n\n\n<p>Am Wochenende hatte die Stadt bereits zus\u00e4tzlich zur\nlandesweiten Ank\u00fcndigung, Veranstaltungen mit mehr als 75 Teilnehmerinnen und\nTeilnehmern zu verbieten, ihre Allgemeinverf\u00fcgung um die Schlie\u00dfung von\nFreizeiteinrichtungen erweitert. Demnach sind der Betrieb von Spielhallen,\nTanzschulen, Bars, reinen Schankwirtschaften wie zum Beispiel Raucher- oder Shisha-Gastst\u00e4tten,\nVergn\u00fcgungsst\u00e4tten, Fitness- und Gymnastikstudios, Saunen, privaten Sport- und\nFreizeitanlagen wie zum Beispiel Indoorspielpl\u00e4tzen, Kegelbahnen und\nKletterhallen, Diskotheken, Musikclubs, Theatern und Kinos untersagt. Auch die\nInnenbereiche zoologischer Anlagen bleiben geschlossen. <\/p>\n\n\n\n<p>Gastronomiebetriebe und Hotels bleiben ge\u00f6ffnet,\nallerdings m\u00fcssen Tische zur Bewirtung mindestens zwei Meter Abstand\nvoneinander haben und es d\u00fcrfen h\u00f6chstens vier Personen gleichzeitig an einem\nTisch sitzen.<\/p>\n\n\n\n<p>Alle Regelungen gelten zun\u00e4chst bis einschlie\u00dflich 10.\nApril.<\/p>\n\n\n\n<p>Die Stadt Landau weist darauf hin, dass eine Allgemeinverf\u00fcgung auch allgemein g\u00fcltig ist, d.h., sie wird \u00f6ffentlich bekannt gegeben und kann dann auch als bekannt vorausgesetzt werden. Veranstalterinnen und Veranstalter bzw. Betreiberinnen und Betreiber werden <strong>nicht noch einmal gesondert angeschrieben<\/strong>, sondern achten in der aktuellen, herausfordernden Situation bitte auf Medienberichte oder informieren sich auf der st\u00e4dtischen Internetseite <a href=\"http:\/\/www.landau.de\">www.landau.de<\/a> tagesaktuell. &nbsp;<\/p>\n\n\n\n<p><em>Stadtverwaltung Landau in der Pfalz<br>22.03.2020<\/em><\/p>\n\n\n\n<h2 class=\"wp-block-heading\">Aktuelle Information zu Corona 16.03.2020<\/h2>\n\n\n\n<div class=\"wp-block-image\"><figure class=\"aligncenter\"><img decoding=\"async\" src=\"https:\/\/speyer24news.com\/wp-content\/uploads\/2020\/03\/Mannheim-Logo.png\" alt=\"\" class=\"wp-image-25671\"\/><\/figure><\/div>\n\n\n\n<p><strong>1.Aktuelle Fallzahlen<br>2.Betreuung f\u00fcr Schulkinder und Kitakinder von Eltern in \u201esystemrelevanten Berufen\u201c<br>3.Neue Infos auf der Website<br>4.Risikogebiete<br>5.B\u00fcrgerdienste<br>6.Stadtbibliothek<\/strong><\/p>\n\n\n\n<h4 class=\"wp-block-heading\">Aktuelle Fallzahlen \u2013 Zahl der nachgewiesenen Corona-F\u00e4lle in Mannheim steigt auf 64<\/h4>\n\n\n\n<p>Dem Gesundheitsamt Mannheim wurden bis heute Nachmittag, 16.03.2020, 16 Uhr, 20 weitere F\u00e4lle von nachgewiesenen Coronavirus-Infektionen gemeldet. Damit erh\u00f6ht sich die Zahl der best\u00e4tigten F\u00e4lle in Mannheim auf 64. Alle nachgewiesenen Infizierten zeigen nur milde Krankheitsanzeichen und k\u00f6nnen in h\u00e4uslicher Quarant\u00e4ne verbleiben.<\/p>\n\n\n\n<p>Eine der nachgewiesen infizierten Personen ist im Nationaltheater Mannheim (NTM) besch\u00e4ftigt. Das Gesundheitsamt ermittelt derzeit die engen Kontaktpersonen. Die Leitung des NTM steht in engem Austausch mit dem Gesundheitsamt. Das NTM hat derzeit geschlossen, es finden keine Vorf\u00fchrungen statt.<\/p>\n\n\n\n<p>Das Gesundheitsamt ermittelt nun die weiteren Kontaktpersonen aller nachgewiesen Infizierten, insbesondere im Bereich der sogenannten vulnerablen Gruppen, nimmt Kontakt mit diesen auf und begleitet diese w\u00e4hrend der h\u00e4uslichen Quarant\u00e4ne. Alle beteiligten \u00c4rzte, Gesundheitsbeh\u00f6rden, sowie das Kompetenzzentrum Gesundheitsschutz am Landesgesundheitsamt arbeiten dabei eng zusammen.<\/p>\n\n\n\n<h4 class=\"wp-block-heading\">Betreuung f\u00fcr Schulkinder und Kita-Kinder von Eltern in \u201esystemrelevanten Berufen\u201c<\/h4>\n\n\n\n<p>Die Landesregierung hat die Schlie\u00dfung von Schulen und Kinderbetreuungseinrichtungen ab dem morgigen Dienstag bis nach den Osterferien beschlossen. Hierbei wurde keine Unterscheidung bez\u00fcglich der Tr\u00e4gerschaft der jeweiligen Einrichtung (ob in kommunaler, freier oder betrieblicher Tr\u00e4gerschaft) getroffen. Um die Funktionsf\u00e4higkeit von wichtiger Infrastruktur aufrechtzuerhalten, bietet die Stadt in den kommunalen Kindertageseinrichtungen eine Notbetreuung f\u00fcr Kinder an, deren Eltern in infrastrukturell kritischen Bereichen t\u00e4tig sind und h\u00e4lt daher alle Einrichtungen ge\u00f6ffnet. Die freien Tr\u00e4ger wurden gebeten, ebenso zu verfahren. Entsprechende positive R\u00fcckmeldungen liegen bereits f\u00fcr die Einrichtungen der beiden gro\u00dfen kirchlichen Tr\u00e4ger vor, ebenso wie f\u00fcr die Einrichtungen am Diakonissenkrankenhaus und Theresienkrankenhaus sowie am Universit\u00e4tsklinikums (UMM).<\/p>\n\n\n\n<h4 class=\"wp-block-heading\">Kindertagespflege (KTP)<\/h4>\n\n\n\n<p>F\u00fcr Eltern, die im Bereich kritischer Infrastruktur arbeiten und ihre Kinder bisher durch Kindertagespflege betreuen lie\u00dfen, deren Angebot jetzt entf\u00e4llt, stellt die Stadt ein Ersatzangebot in einer Einrichtung bereit. Pl\u00e4tze f\u00fcr dieses Ersatzangebot werden \u00fcber die eigens eingerichtete Kinder-Notbetreuungs-Hotline der Stadt vergeben, die seit heute unter der Telefonnummer 0621 -293-5656 freigeschaltet ist und in dieser Woche von Dienstag bis Freitag von 7 bis18 Uhr besetzt ist.<\/p>\n\n\n\n<p>Ausw\u00e4rtige Eltern, die in Mannheim in kritischer Infrastruktur arbeiten und deren Heimatgemeinde kein Notbetreuungsangebot vorhalten, k\u00f6nnen sich ebenfalls an die Kinder-Notbetreuungs-Hotline wenden.<\/p>\n\n\n\n<p>Die Eltern m\u00fcssen f\u00fcr die Betreuung ein Formular ausf\u00fcllen, das sie in den Einrichtungen abgeben, sowie ihre \u201esystemrelevante T\u00e4tigkeit\u201c innerhalb von drei Tagen nachweisen (Kopie aus dem Arbeitsvertrag oder Best\u00e4tigung des Arbeitgebers). Das Formular kann auf der Homepage der Stadt hier abgerufen werden und liegt auch in den jeweiligen Einrichtungen bereit:<\/p>\n\n\n\n<p><strong>Formular: Notfallbetreuung f\u00fcr Schulkinder von Eltern in systemrelevanten Berufen: <\/strong><a href=\"https:\/\/www.mannheim.de\/sites\/default\/files\/2020-03\/Notfallbetreuung%20f%C3%BCr%20Schulkinder%20von%20Eltern%20in%20systemrelevanten%20Berufen%20%28002%29.pdf\">https:\/\/www.mannheim.de\/sites\/default\/files\/2020-03\/Notfallbetreuung%20f%C3%BCr%20Schulkinder%20von%20Eltern%20in%20systemrelevanten%20Berufen%20%28002%29.pdf<\/a><\/p>\n\n\n\n<p><strong>Formular: Betreuung f\u00fcr Kita-Kinder von Eltern in systemrelevanten Berufen:<\/strong> <a href=\"https:\/\/www.mannheim.de\/sites\/default\/files\/2020-03\/Anmeldung%20zur%20Notfallbetreuung%20MA-Kitas.pdf\">https:\/\/www.mannheim.de\/sites\/default\/files\/2020-03\/Anmeldung%20zur%20Notfallbetreuung%20MA-Kitas.pdf<\/a><\/p>\n\n\n\n<p>Die Notbetreuung richtet sich an Eltern, die beide oder alleinerziehend in sogenannten systemrelevanten Berufen arbeiten und unabk\u00f6mmlich sind. Diese Unabk\u00f6mmlichkeit ist vom Arbeitgeber zu best\u00e4tigen. Zu den systemrelevanten Berufen geh\u00f6ren insbesondere die Gesundheitsversorgung, die Aufrechterhaltung der \u00f6ffentlichen Sicherheit und Ordnung, die nichtpolizeiliche Gefahrenabwehr (Feuerwehr, Rettungsdienst, etc.), die Sicherstellung der \u00f6ffentlichen Infrastruktur in den Bereichen Telekommunikation, Energie, Wasser, \u00d6PNV und Entsorgung sowie die Versorgung mit Lebensmitteln.<\/p>\n\n\n\n<h4 class=\"wp-block-heading\">Neue Infos auf der Website<\/h4>\n\n\n\n<p>Auf der Informationsseite <a href=\"http:\/\/www.mannheim.de\/Corona\">http:\/\/www.mannheim.de\/Corona<\/a> der Stadt wurde jetzt Links auf Informationen in Leichter Sprache, Geb\u00e4rdensprache, ein Merkblatt f\u00fcr Betroffene, die sich in h\u00e4uslicher Quarant\u00e4ne befinden sowie Informationen zur Eind\u00e4mmung des Virus in unterschiedlichen Sprachen erg\u00e4nzt.<\/p>\n\n\n\n<h4 class=\"wp-block-heading\">Risikogebiete<\/h4>\n\n\n\n<p>Das Robert-Koch-Institut hat nun auch die Bundesstaaten Kalifornien, Washington und New York in den USA als Risikogebiete mit in die Liste aufgenommen: <a href=\"https:\/\/www.rki.de\/DE\/Content\/InfAZ\/N\/Neuartiges_Coronavirus\/Risikogebiete.html\">https:\/\/www.rki.de\/DE\/Content\/InfAZ\/N\/Neuartiges_Coronavirus\/Risikogebiete.html<\/a><\/p>\n\n\n\n<h4 class=\"wp-block-heading\">B\u00fcrgerdienste<\/h4>\n\n\n\n<p>Die B\u00fcrgerinnen und B\u00fcrger werden gebeten, Beh\u00f6rdeng\u00e4nge zu vermeiden und nur in unaufschiebbaren Angelegenheiten Besuche bei den B\u00fcrgerservices wahrzunehmen. Es wird nochmals verst\u00e4rkt auf das Online-Angebot der B\u00fcrgerdienste hingewiesen, das einen Gro\u00dfteil der Anliegen abdeckt. Sollten beh\u00f6rdliche Fristen vers\u00e4umt werden, entstehen den B\u00fcrgerinnen und B\u00fcrgern hierdurch keine rechtlichen Nachteile.<\/p>\n\n\n\n<h4 class=\"wp-block-heading\">Schlie\u00dfung der Stadtbibliothek ab Dienstag, 17.03.2020<\/h4>\n\n\n\n<p>Die Zentralbibliotheken, die Zweigstellen und die Mobile Bibliothek sind ab morgen geschlossen, bleiben aber telefonisch und per Mail erreichbar. Online-Verl\u00e4ngerungen sind weiterhin m\u00f6glich. Die Leihfristen der Medien werden angepasst. Vers\u00e4umnisgeb\u00fchren entstehen keine.<br>Auf die digitalen Angebote Onleihe, freegal, pressreader und Datenbanken kann \u00fcber die Homepage der Stadtbibliothek zugegriffen werden.<br>Weitere Informationen \u00fcber die digitalen Angebote, Erreichbarkeiten und R\u00fcckgabem\u00f6glichkeiten gibt es in den kommenden Tagen.<\/p>\n\n\n\n<p><em>Stadt Mannheim<br>22.03.2020<\/em><\/p>\n\n\n\n<h2 class=\"wp-block-heading\"><strong>Stadtverwaltung schr\u00e4nkt Publikumsverkehr ein<\/strong><\/h2>\n\n\n\n<figure class=\"wp-block-image\"><img decoding=\"async\" loading=\"lazy\" width=\"800\" height=\"153\" src=\"https:\/\/speyer24news.com\/wp-content\/uploads\/2020\/03\/LU.png\" alt=\"\" class=\"wp-image-25754\" srcset=\"https:\/\/speyer24news.com\/wp-content\/uploads\/2020\/03\/LU.png 800w, https:\/\/speyer24news.com\/wp-content\/uploads\/2020\/03\/LU-300x57.png 300w, https:\/\/speyer24news.com\/wp-content\/uploads\/2020\/03\/LU-768x147.png 768w\" sizes=\"(max-width: 800px) 100vw, 800px\" \/><\/figure>\n\n\n\n<p><strong>Ludwigshafen &#8211;<\/strong> Aufgrund der anhaltenden Verbreitung des Coronavirus schr\u00e4nkt die Stadt Ludwigshafen den Publikumsverkehr sowie Dienstleistungen ab Dienstag, 17. M\u00e4rz 2020, ein und schlie\u00dft Verwaltungsgeb\u00e4ude f\u00fcr die \u00d6ffentlichkeit.<\/p>\n\n\n\n<h4 class=\"wp-block-heading\"><strong>B\u00fcrgerb\u00fcros<\/strong><\/h4>\n\n\n\n<p>Das B\u00fcrgerb\u00fcro Rathaus arbeitet\nbereits gebuchte Onlinetermine ab, ansonsten erhalten Kund*innen nur noch mit\nTermin und bei wichtigen F\u00e4llen Zugang. Bei Fragen und f\u00fcr weitere\nInformationen hierzu k\u00f6nnen sich B\u00fcrger*innen unter der Rufnummer 0621 504-3724\nan die Verwaltung wenden. Unter der Telefonnummer wird auch gekl\u00e4rt, wann es\nsich wichtige F\u00e4lle handelt. F\u00fcr Laufkundschaft kl\u00e4ren Mitarbeiter*innen im Eingangsbereich\ndes Rathauses, welche F\u00e4lle wichtig oder dringend sind. Die Infotheke zur\nDokumentenausgabe bleibt vorerst besetzt.<\/p>\n\n\n\n<p>Die B\u00fcrgerb\u00fcros Oggersheim und\nOppau werden bis auf weiteres geschlossen.<\/p>\n\n\n\n<h4 class=\"wp-block-heading\"><strong>B\u00fcros der Ortsvorsteher*innen<\/strong><\/h4>\n\n\n\n<p>Die B\u00fcros der Ortsvorsteher*innen\nin den Stadtteilen sind bis auf Weiteres f\u00fcr die \u00d6ffentlichkeit geschlossen.<\/p>\n\n\n\n<h4 class=\"wp-block-heading\"><strong>Standesamt<\/strong><\/h4>\n\n\n\n<p>Bereits gebuchte\nEheschlie\u00dfungstermine bleiben bestehen, die Besucherzahl f\u00fcr jede Trauung wird\nauf 10 Personen \u2013 ein Standesbeamter und 9 sonstige Personen \u2013 beschr\u00e4nkt.\nSterbef\u00e4lle und Geburten \u2013 Geburten wie bisher nur nach vorheriger\nTerminvergabe \u2013 werden weiter beurkundet. Bei der Beurkundung von Geburten\nbittet die Stadtverwaltung darum, dass die Neugeborenen nicht zu den Terminen\nmitgebracht werden.<\/p>\n\n\n\n<h4 class=\"wp-block-heading\"><strong>Urkundenausstellung<\/strong><\/h4>\n\n\n\n<p>F\u00fcr Urkundenausstellungen wird eine Terminvergabe eingef\u00fchrt. Diese k\u00f6nnen per E-Mail unter <a href=\"standesamt-einbuergerung@ludwigshafen.de\">standesamt-einbuergerung@ludwigshafen.de<\/a> oder telefonisch unter der Rufnummer 0621 504-2449.<\/p>\n\n\n\n<h4 class=\"wp-block-heading\"><strong>Kirchenaustritt<\/strong><\/h4>\n\n\n\n<p>Kirchenaustritte sind nur noch montags bis donnerstags sowie nur noch nach Terminvereinbarung per E-Mail unter der Adresse <a href=\"standesamt-einbuergerung@ludwigshafen.de\">standesamt-einbuergerung@ludwigshafen.de<\/a> oder der Rufnummer 0621 504-3034 m\u00f6glich.<\/p>\n\n\n\n<h4 class=\"wp-block-heading\"><strong>Einb\u00fcrgerungsangelegenheiten<\/strong><\/h4>\n\n\n\n<p>F\u00fcr Einb\u00fcrgerungsangelegenheiten\nsind Vorsprachen nur noch nach vereinbartem Termin unter der einheitlichen\nBeh\u00f6rdenrufnummer 115 oder unter 0621 504-2440 m\u00f6glich.<\/p>\n\n\n\n<h4 class=\"wp-block-heading\"><strong>Sprechstunden des Behindertenbeauftragten entfallen<\/strong><\/h4>\n\n\n\n<p>Die Sprechstunden des Behindertenbeauftragten, Hans-Joachim Weinmann, entfallen bis auf Weiteres. Er ist per Telefon unter 0172 6206150 oder per E-Mail an <a href=\"hans-joachim.weinmann@ludwigshafen.de\">hans-joachim.weinmann@ludwigshafen.de<\/a> beziehungsweise <a href=\"behindertenbeauftragter@ludwigshafen.de\">behindertenbeauftragter@ludwigshafen.de<\/a> erreichbar.<\/p>\n\n\n\n<h4 class=\"wp-block-heading\"><strong>Verwaltungsgeb\u00e4ude Bismarckstra\u00dfe 29<\/strong><\/h4>\n\n\n\n<p>Das Verwaltungsgeb\u00e4ude in der Bismarckstra\u00dfe 29, in dem sich die Bereiche Umwelt und \u00d6ffentliche Ordnung befinden \u2013 wird bis auf Weiteres f\u00fcr den Publikumsverkehr geschlossen. Besucherverkehr ist nur nach vorheriger Terminvereinbarung per E-Mail und telefonisch m\u00f6glich. Es wird vorher gepr\u00fcft, ob sich ein Vorgang komplett \u00fcber E-Mail-Verkehr abgewickelt l\u00e4sst und dadurch Besuchertermine vermeiden lassen. Die Kontaktdaten der Bereiche und der jeweiligen Ansprechpartner*innen sind auf der st\u00e4dtischen Homepage <a href=\"http:\/\/www.ludwigshafen.de\">www.ludwigshafen.de<\/a> einzusehen sowie \u00fcber die einheitliche Beh\u00f6rdennummer 115 zu erhalten.<\/p>\n\n\n\n<h4 class=\"wp-block-heading\"><strong>Verwaltungsgeb\u00e4ude des Bereichs Gr\u00fcnfl\u00e4chen und Friedh\u00f6fe<\/strong><\/h4>\n\n\n\n<p>Das Verwaltungsgeb\u00e4ude des Bereichs Gr\u00fcnfl\u00e4chen und Friedh\u00f6fe mit der Friedhofsverwaltung in der Bliesstra\u00dfe 10 bleibt f\u00fcr den Publikumsverkehr soweit m\u00f6glich geschlossen. B\u00fcrger*innen, die Gr\u00e4ber aufl\u00f6sen oder die Laufzeit verl\u00e4ngern m\u00f6chten, sowie Fragen zu Grablagen, Ruhezeiten oder Nutzungszeiten haben k\u00f6nnen sich unter der Telefonnummer 0621 504 4849 oder per Mail: <a href=\"friedhofsverwaltung@ludwigshafen.de\">friedhofsverwaltung@ludwigshafen.de<\/a> an die <\/p>\n\n\n\n<p>Friedhofsverwaltung wenden. F\u00fcr\nweitere Anliegen k\u00f6nnen sich die B\u00fcrger*innen gerne \u00fcber die Beh\u00f6rdennummer 115\nan die zust\u00e4ndigen Sachbearbeitenden wenden.<\/p>\n\n\n\n<h4 class=\"wp-block-heading\"><strong>Wirtschaftsbetrieb Ludwigshafen (WBL)<\/strong><\/h4>\n\n\n\n<p>Der Entsorgungsbetrieb schlie\u00dft\nf\u00fcr Externe ab sofort den Standort am Kaiserw\u00f6rthdamm 3\/3a. Besucher*innen\nmelden sich bei Anliegen m\u00f6glichst nach telefonischer Voranmeldung bitte an der\nPforte. Dort werden sie von den jeweiligen Mitarbeiter*innen abgeholt.<\/p>\n\n\n\n<p>F\u00fcr An- und Ummelden von Abfallbeh\u00e4ltern und Bescheidausk\u00fcnften bittet der Wirtschaftsbetrieb (WBL) bis auf Weiteres ausschlie\u00dflich die E-Mail-Adresse <a href=\"abfallbehaelter@ludwigshafen.de\">abfallbehaelter@ludwigshafen.de<\/a> oder die Telefonnummern 0621 504-3444 oder -3492 und f\u00fcr sonstige, die M\u00fcllentsorgung und die Stra\u00dfenreinigung betreffenden Angelegenheiten, die E-Mail-Adresse <a href=\"entsorgungsbetrieb@ludwigshafen.de\">entsorgungsbetrieb@ludwigshafen.de<\/a> oder Telefonnummer 0621 504-3415 zu nutzen.<\/p>\n\n\n\n<p>Zahlungsvorg\u00e4nge zum Beispiel\nf\u00fcr Sperrm\u00fcll auf Abruf k\u00f6nnen bis auf Weiteres nur bargeldlos per \u00dcberweisung\nabgewickelt werden. Antworten auf R\u00fcckfragen hierzu gibt es unter der\nTelefonnummer 0621 504-4040. Dar\u00fcber hinaus empfiehlt der WBL, die Nutzung der\nWertstoffh\u00f6fe auf das unbedingt erforderliche Ma\u00df zu beschr\u00e4nken.<\/p>\n\n\n\n<p>Derzeit wird der Verkauf von\nAbfalls\u00e4cken eingestellt. Empfehlen wird, die M\u00f6glichkeit von Zusatzleerungen\nder M\u00fcllbeh\u00e4lter zu nutzen. Aus organisatorischen Gr\u00fcnden kann es innerhalb des\nAbfuhrtages zu zeitlichen Verschiebungen bei der M\u00fcllabfuhr kommen. Die Ausleihe von\nVerkehrsschildern wird bis auf Weiteres geschlossen.<\/p>\n\n\n\n<h4 class=\"wp-block-heading\"><strong>Stadtentw\u00e4sserung<\/strong><\/h4>\n\n\n\n<p>Beim Bereich Stadtentw\u00e4sserung werden ab sofort am Standort Unteres Rheinufer die Geb\u00e4ude f\u00fcr den Zutritt von Externen geschlossen. Besucher*innen l\u00e4uten bei dringenden Anliegen, nach telefonischer Voranmeldung unter 0621 504-3068, bitte bei Geb\u00e4ude 3. Dort werden sie von den jeweiligen Mitarbeiter*innen abgeholt.<\/p>\n\n\n\n<p><\/p>\n\n\n\n<h2 class=\"wp-block-heading\">Neue Rechtsverordnung des Landes zur Corona-Epidemie<\/h2>\n\n\n\n<div class=\"wp-block-image\"><figure class=\"aligncenter\"><img decoding=\"async\" src=\"https:\/\/speyer24news.com\/wp-content\/uploads\/2020\/03\/Mannheim-Logo.png\" alt=\"\" class=\"wp-image-25671\"\/><\/figure><\/div>\n\n\n\n<p><strong>Mannheim &#8211; <\/strong>Die neue, unmittelbar geltende Verordnung der Landesregierung entspricht im Kern der bisherigen Linie der Allgemeinverf\u00fcgung der Stadt Mannheim. Sie regelt im \u00a7 5 der Rechtsverordnung in gleicher Weise wie in der st\u00e4dtischen Allgemeinverf\u00fcgung, dass der Betrieb von Gastst\u00e4tten verboten ist, es sei denn, es handelt sich um Speiselokale. Deren \u00fcberwiegender Zweck muss zum Zwecke der Versorgung der Menschen die Verabreichung von Hauptmahlzeiten sein, Caf\u00e9s, Eiscaf\u00e9s und Bars m\u00fcssen demnach schlie\u00dfen.<br>Aus den Vorgaben der Rechtsverordnung (insbesondere Registrierung aller G\u00e4ste) ergibt sich, dass lediglich typische Speiselokale, die Hauptmahlzeiten verabreichen, ge\u00f6ffnet bleiben d\u00fcrfen.<\/p>\n\n\n\n<p>Ebenfalls sehr \u00e4hnlich sind die Regelungen und die st\u00e4dtischen Ma\u00dfnahmen zur Schlie\u00dfung von Einrichtungen in der neuen Rechtsverordnung des Landes. Die Regelungen in der Rechtsverordnung sehen Schlie\u00dfungen f\u00fcr folgende Einrichtungen vor:<br>\nKultureinrichtungen jeglicher Art, insbesondere Museen, Theater, Schauspielh\u00e4user, Freilichttheater, Bildungseinrichtung jeglicher Art, insbesondere Akademien und Fortbildungseinrichtungen, Volkshochschulen, Kinos, Schwimm- und Hallenb\u00e4der, Thermalb\u00e4der, Saunen, Fitnessstudios und sonstige Sportst\u00e4tten in geschlossenen R\u00e4umen, Volkshochschulen und Jugendh\u00e4user, \u00f6ffentliche Bibliotheken, Vergn\u00fcgungsst\u00e4tten sowie Prostitutionsst\u00e4tten. Zu den Vergn\u00fcgungsst\u00e4tten geh\u00f6ren neben den Spielhallen jetzt auch Wettb\u00fcros.<\/p>\n\n\n\n<p>Die Rechtsverordnung regelt dar\u00fcber hinaus, dass Versammlungen und Veranstaltungen \u00fcber 100 Personen nicht erlaubt sind, soweit die jeweilige Kommune keine andere Regelung vorsieht. Es handelt sich hier um eine Gr\u00f6\u00dfenordnung, die Mannheim bereits in der st\u00e4dtischen Allgemeinverf\u00fcgung konkretisiert hat auf maximal 50 Personen. Diese Regelung wird auf Vorschlag des st\u00e4dtischen Gesundheitsamtes auch beibehalten, so dass Veranstaltungen und Versammlungen in Mannheim \u00fcber 50 Personen weiterhin verboten sind.<\/p>\n\n\n\n<p>Die Stadt Mannheim k\u00fcndigt f\u00fcr Dienstag (17.03.2020) eine Versch\u00e4rfung und Erweiterung ihrer Allgemeinverf\u00fcgung unter Ber\u00fccksichtigung der erwarteten Leitlinien der Bundesregierung an. Die bisherigen Regelungen wurden und werden schon heute durch gemeinsame Streifen von Polizei und Ordnungsdienst durchgesetzt.<\/p>\n\n\n\n<p><em>Stadt Mannheim<br>22.03.2020<\/em><\/p>\n\n\n\n<h2 class=\"wp-block-heading\">Corona-Virus: Stadt Landau erm\u00f6glicht Stundung von Steuerforderungen zur Entlastung von Unternehmen \u2013 OB Hirsch: \u201eDie Liquidit\u00e4tshilfen von Land und Bund m\u00fcssen schnell vor Ort ankommen, um Existenzen zu sichern\u201c<\/h2>\n\n\n\n<div class=\"wp-block-image\"><figure class=\"aligncenter\"><img decoding=\"async\" loading=\"lazy\" width=\"800\" height=\"574\" src=\"https:\/\/speyer24news.com\/wp-content\/uploads\/2020\/03\/Info-142-Corona-Stundung.jpg\" alt=\"\" class=\"wp-image-25954\" srcset=\"https:\/\/speyer24news.com\/wp-content\/uploads\/2020\/03\/Info-142-Corona-Stundung.jpg 800w, https:\/\/speyer24news.com\/wp-content\/uploads\/2020\/03\/Info-142-Corona-Stundung-300x215.jpg 300w, https:\/\/speyer24news.com\/wp-content\/uploads\/2020\/03\/Info-142-Corona-Stundung-768x551.jpg 768w\" sizes=\"(max-width: 800px) 100vw, 800px\" \/><figcaption>Die Stadt Landau erm\u00f6glicht die Stundung von Steuerforderungen zur Entlastung von Unternehmen.<\/figcaption><\/figure><\/div>\n\n\n\n<p><strong>Landau &#8211;<\/strong> Um Unternehmen in der Stadt Landau zu entlasten, die aktuell unter den Auswirkungen der weltweiten Corona-Krise zu leiden haben, hat der Stadtvorstand als Sofortma\u00dfnahme beschlossen, vorerst die zinslose Stundung von st\u00e4dtischen Steuerforderungen zu erm\u00f6glichen. Diese Regelung betrifft damit insbesondere die Gewerbesteuer; in begr\u00fcndeten F\u00e4llen auch die Grundsteuer. <\/p>\n\n\n\n<p>\u201eAngesichts der j\u00fcngsten\nEntwicklungen ist es wichtiger denn je, dass wir alle zusammenhalten und nach\nguten L\u00f6sungen suchen, um die aktuelle Krisensituation gemeinsam zu\nbew\u00e4ltigen\u201c, betont Oberb\u00fcrgermeister Thomas Hirsch. \u201eZahlreiche Unternehmen\nsind von vor\u00fcbergehenden Schlie\u00dfungen betroffen oder haben mit Umsatzeinbu\u00dfen\nzu k\u00e4mpfen. Mit dem Angebot der zinslosen Stundung von st\u00e4dtischen Steuerforderungen\nwollen wir als Kommune einen uns m\u00f6glichen Beitrag zur Existenzsicherung der\nUnternehmerinnen und Unternehmer in unser Stadt leisten\u201c, so der\nStadtchef.&nbsp; Sein dringender Appell\nrichtet sich aber auch an Land und Bund: \u201eDie Liquidit\u00e4tshilfen m\u00fcssen schnell\nvor Ort ankommen, um den gewaltigen wirtschaftlichen Einbu\u00dfen begegnen zu k\u00f6nnen\nund Existenzen zu sichern.\u201c <\/p>\n\n\n\n<p>Unternehmerinnen und Unternehmer, die von dem Angebot der Stundung Gebrauch machen m\u00f6chten, werden gebeten, eine kurze E-Mail mit entsprechender Begr\u00fcndung (z.B. Umsatzeinbu\u00dfen aufgrund der aktuellen Lage) an die st\u00e4dtische Steuerabteilung unter <a href=\"josef.thomas@landau.de\">josef.thomas@landau.de<\/a> zu senden. Nach Eingang eines Antrags und entsprechender Bewilligung werden Steuerforderung zun\u00e4chst bis zum 30. Juni zinslos gestundet.<\/p>\n\n\n\n<p><em>Stadtverwaltung Landau in der Pfalz<br>22.03.2020<\/em><\/p>\n\n\n\n<h2 class=\"wp-block-heading\">Informationen zum Corona-Virus und die Auswirkungen auf Ha\u00dfloch <\/h2>\n\n\n\n<div class=\"wp-block-image\"><figure class=\"aligncenter\"><img decoding=\"async\" loading=\"lazy\" width=\"600\" height=\"282\" src=\"https:\/\/speyer24news.com\/wp-content\/uploads\/2020\/02\/Ha\u00dfloch.jpg\" alt=\"\" class=\"wp-image-25888\" srcset=\"https:\/\/speyer24news.com\/wp-content\/uploads\/2020\/02\/Ha\u00dfloch.jpg 600w, https:\/\/speyer24news.com\/wp-content\/uploads\/2020\/02\/Ha\u00dfloch-300x141.jpg 300w\" sizes=\"(max-width: 600px) 100vw, 600px\" \/><\/figure><\/div>\n\n\n\n<p><strong>Ha\u00dfloch &#8211;<\/strong> Das Land Rheinland-Pfalz hat am Freitag, 13. M\u00e4rz 2020 umfassende Ma\u00dfnahmen ergriffen, um die Ausbreitung des Corona-Virus einzud\u00e4mmen. Auch die Gemeindeverwaltung Ha\u00dfloch hat sich zum Ziel gesetzt, die weitere Ausbreitung des Coronavirus zu verlangsamen und ein Abflachen beziehungsweise eine Verz\u00f6gerung des H\u00f6hepunkts der Pandemie zu erreichen, um das Gesundheitssystem zu entlasten.  <\/p>\n\n\n\n<h4 class=\"wp-block-heading\">Kita- und Schulschlie\u00dfungen <\/h4>\n\n\n\n<p>In Rheinland-Pfalz sind seit Montag, 16.03.2020, alle Schulen und Kindertagesst\u00e4tten bis zum Ende der Osterferien am 17.04.2020 geschlossen. Vom Land Rheinland-Pfalz sind Regelungen f\u00fcr eine Notbetreuung getroffen worden, die auch in Ha\u00dfloch angewandt werden. Die Notbetreuung ist angedacht f\u00fcr Kinder, deren Eltern wichtige Berufe zur Aufrechterhaltung der \u00f6ffentlichen Sicherheit und Ordnung sowie der Grundversorgung der Bev\u00f6lkerung haben (z.B. Berufst\u00e4tige im Bereich Polizei, Feuerwehr, Gesundheitswesen und Altenpflege). In erster Linie werden Eltern und Sorgeberechtigte gebeten, eine h\u00e4usliche Betreuung sicherzustellen. Die Notfallbetreuung sollte nur in besonderen Ausnahmef\u00e4llen in Anspruch genommen werden. <\/p>\n\n\n\n<h4 class=\"wp-block-heading\">\u00d6ffnungszeiten Rathaus und B\u00fcrgerb\u00fcro <\/h4>\n\n\n\n<p>Neben der Schlie\u00dfung der Kindertagesst\u00e4tten und Schulen wird im ganzen Land auch der Publikumsverkehr in den kommunalen Verwaltungen eingeschr\u00e4nkt. Die Dienstgeb\u00e4ude der Gemeindeverwaltung Ha\u00dfloch sind ebenfalls betroffen. Das Rathaus sowie das B\u00fcrgerb\u00fcro bleiben bis auf weiteres geschlossen. Die Mitarbeiterinnen und Mitarbeiter bleiben telefonisch und per Mail unter ihren bekannten Telefonnummern erreichbar. Es wird gebeten, von dieser Option Gebrauch zu machen. <\/p>\n\n\n\n<p>Auch die Ausgabe der B\u00fcrgerkarten f\u00fcr den Holiday Park wurde vorerst eingestellt. \u201eDies ist ein Beh\u00f6rdengang, der derzeit nicht notwendig ist\u201c, so der Erste Beigeordnete Tobias Meyer. Die Ausgabe wird zu einem sp\u00e4teren Zeitpunkt wieder aufgenommen.  <\/p>\n\n\n\n<p>F\u00fcr dringende und nicht aufschiebbare Anliegen und F\u00e4lle, die pers\u00f6nlich und vor Ort bearbeitet werden m\u00fcssen, bitten wir um vorherige telefonische Anmeldung. Im B\u00fcrgerb\u00fcro wird f\u00fcr diese F\u00e4lle ein Notdienst eingerichtet. Dieser ist montags bis freitags von 08:00 bis 12:00 und donnerstags zus\u00e4tzlich von 16:00 bis 18:00 Uhr besetzt, kann aber nur nach vorheriger telefonischer Dringlichkeitsabkl\u00e4rung in Anspruch genommen werden. Nutzen Sie hierf\u00fcr die 06324-935 200. <\/p>\n\n\n\n<h4 class=\"wp-block-heading\">Weitere Einrichtungen der Gemeindeverwaltung <\/h4>\n\n\n\n<p>Die Musikschule Ha\u00dfloch und die Tourist-Information sind seit Montag, 16.03.2020 geschlossen. Das Jugend- und Kulturhaus Blaub\u00e4r sowie die Gemeindeb\u00fccherei hatten am 16.03.2020 ohnehin keinen regul\u00e4ren Betrieb und bleiben ab dem 17.03.2020 f\u00fcr s\u00e4mtlichen Publikumsverkehr geschlossen. Im Jugend- und Kulturhaus Blaub\u00e4r betrifft die Ma\u00dfnahme alle w\u00f6chentlichen Angebote sowie auch Workshops und Kurse. Die Ausleihfristen in der Gemeindeb\u00fccherei werden automatisch angepasst. Die Schlie\u00dfung der genannten Einrichtungen gilt vorerst bis auf weiteres. <\/p>\n\n\n\n<h4 class=\"wp-block-heading\">Rentenberatung im Rathaus <\/h4>\n\n\n\n<p>Die Rentenberatung durch die Versicherungsberater der Deutschen Rentenversicherung im Foyer des Rathauses findet derzeit nicht statt. Wann die Beratung wieder aufgenommen wird, ist derzeit noch nicht terminiert. <\/p>\n\n\n\n<h4 class=\"wp-block-heading\">Trauerfeiern und Eheschlie\u00dfungen <\/h4>\n\n\n\n<p>Seit Montag, 16.03.2020 sind auch Trauerfeiern und Eheschlie\u00dfungen von den Ma\u00dfnahmen betroffen. Trauerfeiern werden nur noch mit dem engsten Familienkreis durchgef\u00fchrt. Alle anwesenden G\u00e4ste sollten sich freiwillig in eine ausliegende Teilnehmerliste eintragen.  <\/p>\n\n\n\n<p>Bei Trauungen wird der Teilnehmerkreis auf das Ehepaar sowie deren n\u00e4chste Angeh\u00f6rige und  Trauzeugen beschr\u00e4nkt. Zuvor ist eine entsprechende G\u00e4steliste an das Standesamt der Gemeinde Ha\u00dfloch zu \u00fcbermitteln. Dieses entscheidet im Einzelfall \u00fcber die zugelassene Gesamtteilnehmerzahl. <\/p>\n\n\n\n<h4 class=\"wp-block-heading\">Wochenmarkt Ha\u00dfloch <\/h4>\n\n\n\n<p>Der Wochenmarkt ist Teil der Nahversorgung der Bev\u00f6lkerung und findet weiterhin samstags statt. Zusatzveranstaltungen im Rahmen des Marktes, wie Kaffee- und Kuchenverk\u00e4ufe, sind hingegen abgesagt. Das betrifft den Kuchenverkauf durch die Pfadfinder Ha\u00dfloch am 21. M\u00e4rz, den Infostand des Ev. Gemeinschaftsverbands am 28.M\u00e4rz, die Aktion des Vogelvereins am 11. April sowie den Waffel- und Kuchenverkauf durch die Kita PaulGerhardt am 18. April. <\/p>\n\n\n\n<h4 class=\"wp-block-heading\">Kulturviereck und Grillh\u00fctte <\/h4>\n\n\n\n<p>Die Dauerausstellung der Suiseki-Steine im Kulturviereck bleibt vorerst geschlossen. Auch das benachbarte Heimatmuseum \u00f6ffnet derzeit nicht. S\u00e4mtliche Veranstaltungen im Kulturviereck wurden abgesagt. Auch private Vermietungen des Kulturvierecks sowie der Grillh\u00fctte werden storniert. Mieter werden durch die Mitarbeiterinnen der Tourist-Information kontaktiert. <\/p>\n\n\n\n<h4 class=\"wp-block-heading\">Badepark<\/h4>\n\n\n\n<p>Der Ha\u00dflocher Badepark ist seit dem 14.03.2020 bis auf weiteres geschlossen. Wann der Badbetrieb wieder aufgenommen wird, steht noch nicht fest.  <\/p>\n\n\n\n<h4 class=\"wp-block-heading\">Gemeindewerke Ha\u00dfloch <\/h4>\n\n\n\n<p>Ab Dienstag, 17. M\u00e4rz 2020 ist das Kundenservice-Team des Kundenzentrums der Gemeindewerke ausschlie\u00dflich telefonisch und per E-Mail erreichbar. Pers\u00f6nliche Beratungsgespr\u00e4che vor Ort finden bis auf weiteres nicht statt. Auch im technischen Bereich werden die Kontakte mit Kunden, z. B. durch Z\u00e4hlerwechsel oder Z\u00e4hlerablesung, eingestellt. <\/p>\n\n\n\n<h4 class=\"wp-block-heading\">Schulsporthallen geschlossen: <\/h4>\n\n\n\n<p>Der Landkreis Bad D\u00fcrkheim hat beschlossen, zum Stichtag 16.03.2020 auch alle Schulturnhallen bei kreiseigenen Schulen zu schlie\u00dfen. Das betrifft in Ha\u00dfloch die Turnhallen des Hannah-Arendt-Gymnasiums und der Siebenpfeiffer-Realschule Plus sowie der GottliebWenz-Schule. <\/p>\n\n\n\n<p>Auch die Gemeindeverwaltung bef\u00fcrwortet die Entscheidung des Landkreises und \u00fcbertr\u00e4gt diese auf die in eigener Schultr\u00e4gerschaft stehenden Turnhallen der Schillerschule und ErnstReuter-Schule.  <\/p>\n\n\n\n<h4 class=\"wp-block-heading\">Tagung gemeindlicher Gremien <\/h4>\n\n\n\n<p>Die gemeindeeigenen Gremien tagen vorerst nicht mehr. Dies betrifft alle Aussch\u00fcsse sowie den Gemeinderat.  <\/p>\n\n\n\n<h4 class=\"wp-block-heading\">Erg\u00e4nzende Allgemeinverf\u00fcgung des Landkreises Bad D\u00fcrkheim <\/h4>\n\n\n\n<p>Der Landkreis Bad D\u00fcrkheim hat am 16.03.2020 eine Allgemeinverf\u00fcgung erlassen. Diese beinhaltet weitere Ma\u00dfnahmen, die die Ausbreitung des Coronavirus verlangsamen sollen. Die Ma\u00dfnahmen gelten selbstverst\u00e4ndlich auch f\u00fcr Ha\u00dfloch. Beachten Sie hierzu die Pressemitteilung des Landkreises Bad D\u00fcrkheim. <\/p>\n\n\n\n<h4 class=\"wp-block-heading\">Allgemeiner Hinweis <\/h4>\n\n\n\n<p>Am 11.03.2020 hat die Weltgesundheitsorganisation den Ausbruch des Coronavirus als Pandemie eingestuft. Um das Gesundheitssystem nicht zu \u00fcberlasten und um allen Betroffenen die maximale medizinische Hilfe gew\u00e4hrleisten zu k\u00f6nnen, ist die Zeit derzeit ein wichtiger Faktor. Es geht darum, die Ausbreitung des Virus zu verlangsamen. Jeder kann durch das Hinterfragen seines eigenen Verhaltens zu einer langsameren Ausbreitung beitragen. Dazu z\u00e4hlt auch die Beachtung von Hygienerichtlinien. Weitere Informationen dazu stellt die Bundeszentrale f\u00fcr gesundheitliche Aufkl\u00e4rung online unter <a href=\"http:\/\/www.infektionsschutz.de\">www.infektionsschutz.de<\/a> bereit. <\/p>\n\n\n\n<p><em>Gemeindeverwaltung Ha\u00dfloch<br>22.03.2020<\/em><\/p>\n\n\n\n<h2 class=\"wp-block-heading\">Coronavirus:\nStadt schr\u00e4nkt \u00f6ffentliche Angebote weiter ein \u2013 Notfallbetreuung f\u00fcr Kinder<\/h2>\n\n\n\n<h3 class=\"wp-block-heading\">Schlie\u00dfung von Bars, Clubs, Kinos, Museen, B\u00e4dern, Spielpl\u00e4tzen und Kultur- und Freizeiteinrichtungen<\/h3>\n\n\n\n<div class=\"wp-block-image\"><figure class=\"aligncenter\"><img decoding=\"async\" loading=\"lazy\" width=\"600\" height=\"128\" src=\"https:\/\/speyer24news.com\/wp-content\/uploads\/2020\/03\/Heidelberg-Logo.png\" alt=\"\" class=\"wp-image-25953\" srcset=\"https:\/\/speyer24news.com\/wp-content\/uploads\/2020\/03\/Heidelberg-Logo.png 600w, https:\/\/speyer24news.com\/wp-content\/uploads\/2020\/03\/Heidelberg-Logo-300x64.png 300w\" sizes=\"(max-width: 600px) 100vw, 600px\" \/><\/figure><\/div>\n\n\n\n<p><strong>Heidelberg &#8211; <\/strong>Die Stadt Heidelberg schr\u00e4nkt das \u00f6ffentliche Leben in der Stadt weitgehend ein. Ziel ist es, die Ausbreitung des Coronavirus zu verz\u00f6gern und damit vor allem \u00e4ltere Menschen und Menschen mit Vorerkrankungen zu sch\u00fctzen. Die Stadt schlie\u00dft bis auf wenige Ausnahmen alle eigenen Einrichtungen, darunter die Verwaltungsgeb\u00e4ude, Stadtb\u00fccherei, den Zoo und die Schwimmb\u00e4der. Die Stadt untersagt au\u00dferdem den Betrieb von Bars, Clubs, Diskotheken, Kinos, Museen, Fitnessstudios, sowie die Benutzung von Spielpl\u00e4tzen und Sportanlagen. Kitas und Schulen sind nach den Vorgaben der Landesregierung ab Dienstag, 17. M\u00e4rz 2020, bis zum Ende der Osterferien geschlossen. Die Stadt betreibt gemeinsam mit freien Tr\u00e4gern und dem Land eine Notfallbetreuung f\u00fcr Kinder, deren Eltern beide in systemrelevanten Bereichen arbeiten \u2013 also in Berufen, die f\u00fcr die Aufrechterhaltung besonders kritischer Bereiche zwingend n\u00f6tig ist. <\/p>\n\n\n\n<p>\u201eWir m\u00fcssen jetzt\nalle zwischenmenschlichen Kontakte auf ein Minimum reduzieren. Wir schlie\u00dfen\ndeshalb so gut wie alle Einrichtungen, Institutionen und Orte, wo sich\n\u00fcblicherweise viele Menschen treffen. Ich appelliere an alle B\u00fcrgerinnen und\nB\u00fcrger: Bleiben Sie, wo immer es m\u00f6glich ist, zuhause. Handeln Sie\nverantwortungsvoll! Das Coronavirus wird vor allem von Mensch zu Mensch\n\u00fcbertragen. Deshalb m\u00fcssen wir unseren Alltag f\u00fcr eine Zeit komplett umstellen.\nJeder muss jetzt seinen Beitrag dazu leisten, dass wir Infektionsketten\nunterbrechen und unser Gesundheitssystem nicht durch zu viele Erkrankte auf\neinmal belastet wird\u201c, erkl\u00e4rt Oberb\u00fcrgermeister Prof. Dr. Eckart W\u00fcrzner.&nbsp; <\/p>\n\n\n\n<h4 class=\"wp-block-heading\"><strong>Die Ma\u00dfnahmen im Einzelnen:<\/strong><\/h4>\n\n\n\n<p>Seit Dienstag dem 17.M\u00e4rz sind \u00fcber eine Verordnung der Landesregierung und eine Allgemeinverf\u00fcgung der Stadt Heidelberg geschlossen:<\/p>\n\n\n\n<ul><li>Kultureinrichtungen jeglicher Art, insbesondere Museen und Theater<\/li><li>Bildungseinrichtungen jeglicher Art, Akademien und\nFortbildungseinrichtungen (unter anderem Volkshochschule, Akademie f\u00fcr \u00c4ltere,\nMusik- und Singschule)<\/li><li>Stadtb\u00fccherei und andere \u00f6ffentliche Bibliotheken <\/li><li>Bars, Clubs, Diskotheken, Tanzschulen<\/li><li>Kinos<\/li><li>Zoo<\/li><li>Schwimm- und Hallenb\u00e4der, Thermalb\u00e4der und Saunen<\/li><li>Fitnessstudios <\/li><li>Der Sportbetrieb auf und in allen \u00f6ffentlichen und privaten Sportanlagen\nist untersagt. Dies gilt sowohl f\u00fcr Sportanlagen im Freien als auch in\ngeschlossenen R\u00e4umen sowie f\u00fcr so genannte Indoorspielpl\u00e4tze.<\/li><li>\u00d6ffentliche Spielpl\u00e4tze unter freiem Himmel inklusive der \u201ealla hopp\u201c-Anlage<\/li><li>Alle Angebote der offenen Kinder- und\nJugendarbeit, alle Jugendh\u00e4user<\/li><li>Alle Seniorenzentren<\/li><li>Spielhallen und Prostitutionsst\u00e4tten<\/li><\/ul>\n\n\n\n<h4 class=\"wp-block-heading\"><strong>Sonderregelung f\u00fcr Gastronomie und Kantinen<\/strong><\/h4>\n\n\n\n<p>Der Betrieb von Gastronomieeinrichtungen\naller Art wird untersagt. Gastst\u00e4tten im Sinne des Gastst\u00e4ttengesetzes sowie\nPersonalrestaurants und Kantinen d\u00fcrfen nur f\u00fcr den Publikumsverkehr ge\u00f6ffnet\nwerden, wenn ausschlie\u00dflich ein Take-Away-Service \/ Mitnahme-Service f\u00fcr Speisen\neingerichtet wird. Ein Bewirten vor Ort innerhalb der jeweiligen\nBetriebsr\u00e4umlichkeiten f\u00fcr G\u00e4ste ist untersagt.<\/p>\n\n\n\n<h4 class=\"wp-block-heading\"><strong>Notfallbetreuung f\u00fcr Kinder <\/strong><\/h4>\n\n\n\n<p>Von Dienstag, 17.\nM\u00e4rz 2020, bis einschlie\u00dflich Sonntag, 19. April 2020, (Ende der Osterferien)\nfindet an den baden-w\u00fcrttembergischen Schulen kein Unterricht sowie an den\nKindertageseinrichtungen kein Betrieb statt. Sch\u00fclerinnen und Sch\u00fcler m\u00fcssen in\ndieser Zeit dem Unterricht und jeglichen sonstigen Veranstaltungen fernbleiben.\nEine Notbetreuung wird f\u00fcr Kita-Kinder, Kinder in der Tagespflege und\nSchulkinder bis einschlie\u00dflich Klassenstufe 6 eingerichtet. <\/p>\n\n\n\n<p>Voraussetzung der\nNotbetreuung ist, dass die Erziehungsberechtigten der Kinder in kritischen\nInfrastrukturen t\u00e4tig sind und daher an ihren Arbeitspl\u00e4tzen ben\u00f6tigt werden.\nAusgeschlossen von der Notbetreuung bleiben Kinder, die in den letzten 14 Tagen\nKontakt zu einer infizierten Person hatten oder sich in einem Risikogebiet\nbefanden, ferner Kinder, die Symptome eines Atemwegsinfekts oder erh\u00f6hter\nTemperatur zeigen. <\/p>\n\n\n\n<p>Die Felder kritischer\nInfrastruktur sind laut einer Verordnung des Landes: <\/p>\n\n\n\n<ul><li>Sektoren Energie, Wasser, Ern\u00e4hrung, Informationstechnik und\nTelekommunikation, Gesundheit, Finanz- und Versicherungswesen, Transport und\nVerkehr,<\/li><li>die gesamte Infrastruktur zur medizinischen und pflegerischen Versorgung\neinschlie\u00dflich der zur Aufrechterhaltung dieser Versorgung notwendigen\nUnterst\u00fctzungsbereiche, der Altenpflege und der ambulanten Pflegedienste<\/li><li>Regierung und Verwaltung, Parlament, Justizeinrichtungen sowie\nnotwendige Einrichtungen der \u00f6ffentlichen Daseinsvorsorge<\/li><li>Notfall- \/Rettungswesen einschlie\u00dflich Katastrophenschutz<\/li><li>Rundfunk und Presse.<\/li><\/ul>\n\n\n\n<p>An den Standorten\nvon Notbetreuung werden kleine Betreuungsgruppen gebildet, damit sich die\nnegativen Auswirkungen der Ansteckung von betreuten Kindern durch infizierte\nandere Kinder oder Betreuungskr\u00e4fte in m\u00f6glichst engen Grenzen halten. Die\nKinder k\u00f6nnen Betreuung deshalb nur in jener Schule oder Kindertageseinrichtung\nerhalten, die sie besuchten. Die Einteilung der Kinder sowie die Auswahl und\nEinteilung des Personals f\u00fcr die Notbetreuung obliegt der jeweiligen Einrichtungsleitung.\nEltern erhalten die notwendigen Informationen und Anmeldeformalit\u00e4ten dazu von\nden Einrichtungen, die ihre Kinder bislang besuchen. <\/p>\n\n\n\n<h4 class=\"wp-block-heading\"><strong>Verwaltung schr\u00e4nkt Betrieb ein<\/strong><\/h4>\n\n\n\n<p>Die Stadtverwaltung\nHeidelberg schlie\u00dft grunds\u00e4tzlich alle st\u00e4dtischen Verwaltungsgeb\u00e4ude. Ge\u00f6ffnet\nbleiben nur die B\u00fcrger\u00e4mter in den Stadtteilen \u2013 mit Ausnahme der B\u00fcrger\u00e4mter\nim Rathaus und im B\u00fcrgeramt-Mitte, Bergheimer Stra\u00dfe 69. Pers\u00f6nliche Besuche\nsind ausschlie\u00dflich nach vorheriger Terminvereinbarung m\u00f6glich. Die Stadt\nstockt daf\u00fcr ihren telefonischen B\u00fcrgerservice unter Telefon 06221 58-10580 personell\nauf. B\u00fcrgerinnen und B\u00fcrger erfahren dort, welche Leistungen sie nach wie vor\nauf welchem Weg erhalten k\u00f6nnen. Die B\u00fcrgerinnen und B\u00fcrger werden\ngrunds\u00e4tzlich gebeten, sich nur noch mit unaufschiebbaren Angelegenheiten an\ndie Verwaltung zu wenden. Diese sollen per Telefon, E-Mail oder Post erledigt\nwerden. <\/p>\n\n\n\n<h4 class=\"wp-block-heading\"><strong>Veranstaltungen und Versammlungen<\/strong> <\/h4>\n\n\n\n<p>Die zul\u00e4ssige\nGr\u00f6\u00dfe von Veranstaltungen und Versammlungen wird auf 50 Personen reduziert. Die\nVorgabe gilt sowohl f\u00fcr geschlossene R\u00e4ume als auch f\u00fcr Veranstaltungen und\nVersammlungen im Freien. Alle Veranstaltungen mit mehr als 50 Personen sind\nuntersagt. <\/p>\n\n\n\n<p>Alle Veranstaltungen\nmit einer Teilnehmerzahl bis 50 Personen sind anzeigepflichtig unter Vorlage\neiner Risikobewertung bei der Stadt Heidelberg, B\u00fcrger- und Ordnungsamt. F\u00fcr\nVersammlungen unter freiem Himmel sowie Veranstaltungen im privaten oder\nfamili\u00e4ren Bereich (wie etwa Hochzeiten, Trauerfeiern und vergleichbare\nVeranstaltungen) kann auf schriftlichen Antrag unter Vorlage unter Vorlage\neiner Risikobewertung eine Ausnahmegenehmigung f\u00fcr bis zu 100 Teilnehmende\nbeantragt werden.<\/p>\n\n\n\n<p>Bei Trauungen im Standesamt der Stadt Heidelberg gilt die\nRegelung, dass zus\u00e4tzlich zum Brautpaar und den Trauzeugen nur ein weiterer\nGast zugelassen werden kann.<\/p>\n\n\n\n<p>Bei Bestattungen gilt, dass nur noch der engste Freundes- und Familienkreis an der Bestattung teilnehmen kann \u2013 hier gilt eine Obergrenze von 10 Personen. <\/p>\n\n\n\n<p><em>Stadt Heidelberg<br>22.03.2020<\/em><\/p>\n\n\n\n<h2 class=\"wp-block-heading\"><strong>Rathaus und st\u00e4dtische Einrichtungen schlie\u00dfen T\u00fcren &#8211; Verordnung der Landesregierung wird umgesetzt<\/strong><\/h2>\n\n\n\n<div class=\"wp-block-image\"><figure class=\"aligncenter\"><img decoding=\"async\" loading=\"lazy\" width=\"375\" height=\"89\" src=\"https:\/\/speyer24news.com\/wp-content\/uploads\/2020\/03\/Hockenheim.png\" alt=\"\" class=\"wp-image-25952\" srcset=\"https:\/\/speyer24news.com\/wp-content\/uploads\/2020\/03\/Hockenheim.png 375w, https:\/\/speyer24news.com\/wp-content\/uploads\/2020\/03\/Hockenheim-300x71.png 300w\" sizes=\"(max-width: 375px) 100vw, 375px\" \/><\/figure><\/div>\n\n\n\n<p><strong>Hockenheim &#8211; <\/strong>Die dynamische Verbreitung des Corona-Virus macht ab sofort weitere Ma\u00dfnahmen erforderlich, um seine Weitergabe einzud\u00e4mmen. Aus diesem Grund schr\u00e4nkt die Stadt Hockenheim ab sofort (Montag, 16. M\u00e4rz 2020) die Erreichbarkeit des Rathauses und aller kommunalen Einrichtungen stark ein. Daher k\u00f6nnen Besucher die genannten Geb\u00e4ude nicht mehr betreten. Personen mit Anliegen werden gebeten, mit den Mitarbeiter im Rathaus und den kommunalen Einrichtungen nur noch telefonisch, per E-Mail oder \u00fcber andere Formen der digitalen Kommunikation Kontakt aufzunehmen.<\/p>\n\n\n\n<p>\u201eDieser\nSchritt ist jetzt erforderlich, um die Funktionsf\u00e4higkeit der Verwaltung und\ndie \u00f6ffentliche Daseinsvorsorge weiter zu gew\u00e4hrleisten\u201c, sagt\nOberb\u00fcrgermeister Marcus Zeitler. Er appelliert nochmal an alle B\u00fcrger, die Hygieneregeln\nzu beachten und einen Abstand von mindestens ein &nbsp;bis zwei Meter zu halten. Sozialkontakte mit\nmehreren Menschen sollen genauso vermieden werden wie Hamsterk\u00e4ufe. F\u00fcr Panik\ngebe es keinen Grund. Es gelte jetzt, einen k\u00fchlen Kopf zu bewahren. \u201eDie\nVerbreitung dieses Virus k\u00f6nnen wir nur gemeinsam stoppen. Jetzt gilt es. Bitte\nleisten Sie daf\u00fcr mit Ihrer Achtsamkeit einen wichtigen Beitrag\u201c, so OB Marcus\nZeitler weiter.<\/p>\n\n\n\n<h4 class=\"wp-block-heading\">Neue Regeln\nf\u00fcr Erreichbarkeit<\/h4>\n\n\n\n<p><strong>Die neuen Regeln f\u00fcr die Erreichbarkeit der Stadt Hockenheim und ihrer kommunalen Einrichtungen f\u00fchren zu folgender Lage:<\/strong><\/p>\n\n\n\n<ul><li>Das Rathaus ist f\u00fcr Besucher geschlossen. Ein Zugang\nin das Geb\u00e4ude ist nur f\u00fcr Mitarbeiter der Stadtverwaltung Hockenheim m\u00f6glich. <\/li><li>Die Stadtwerke, das Aquadrom, das Jugendzentrum, das\nPumpwerk (Kinder- und Jugendb\u00fcro sowie Kulturhaus), die Stadtbibliothek und die\nZehntscheue sind ebenfalls f\u00fcr Besucher geschlossen.<\/li><li>Die Grundversorgung mit Strom, Gas und Wasser durch\ndie Stadtwerke Hockenheim bleibt durch Notfallteams weiter gew\u00e4hrleistet.<\/li><li>Der Wasserturm, die Grillh\u00fctte und\ndas Muldh\u00e4usel werden nicht mehr vermietet. Veranstaltungen in den R\u00e4umen sind\nuntersagt.<\/li><li>Trauungen mit maximal zehn Personen\nwerden im Rathaus weiterhin durchgef\u00fchrt.<\/li><li>Der Friedhof bleibt weiterhin ge\u00f6ffnet. Die Besucher\nwerden gebeten, die Hygieneregeln einzuhalten und einen Abstand von mindestens\neineinhalb Metern zu den Mitmenschen zu halten. Beerdigungen bleiben im engsten\nFamilienkreis erlaubt.<\/li><li>Die Stadtverwaltung Hockenheim richtet eine Notfallbetreuung\nf\u00fcr Eltern in systemrelevanten Bereichen ein.<\/li><\/ul>\n\n\n\n<h4 class=\"wp-block-heading\">Umsetzung der\nLandes-Rechtsverordnung<\/h4>\n\n\n\n<p>Ab , Dienstag, 17. M\u00e4rz 2020, tritt auch die Verordnung der Landesregierung Baden-W\u00fcrttemberg \u00fcber infektionssch\u00fctzende Ma\u00dfnahmen in Kraft. Sie verbietet unter anderem den Betrieb von Schulen und Kindertageseinrichtungen. Auch der Betrieb von Bildungseinrichtungen wie Volkshochschulen, Fitnessstudios und sonstiger Sportst\u00e4tten in geschlossenen R\u00e4umen sowie Vergn\u00fcgungsst\u00e4tten ist untersagt. Der Betrieb von Gastst\u00e4tten ist ebenfalls grunds\u00e4tzlich nicht m\u00f6glich. Davon sind Speisegastst\u00e4tten unter bestimmten Voraussetzungen ausgenommen. Die Stadtverwaltung nimmt entsprechende Kontrollen im Stadtgebiet vor.<\/p>\n\n\n\n<p>Die Landes-Verordnung ist auf der Internetseite der Stadtverwaltung Hockenheim (<a href=\"http:\/\/www.hockenheim.de\">http:\/\/www.hockenheim.de<\/a>) unter \u201eNeuigkeiten aus Hockenheim\u201c abrufbar.<\/p>\n\n\n\n<p><em>Stadtverwaltung Hockenheim<br>22.03.2020<\/em><\/p>\n\n\n\n<h2 class=\"wp-block-heading\"><strong>Coronavirus: Stadtverwaltung weitet Allgemeinverf\u00fcgung aus<\/strong><\/h2>\n\n\n\n<div class=\"wp-block-image\"><figure class=\"aligncenter\"><img decoding=\"async\" loading=\"lazy\" width=\"800\" height=\"153\" src=\"https:\/\/speyer24news.com\/wp-content\/uploads\/2020\/03\/LU.png\" alt=\"\" class=\"wp-image-25754\" srcset=\"https:\/\/speyer24news.com\/wp-content\/uploads\/2020\/03\/LU.png 800w, https:\/\/speyer24news.com\/wp-content\/uploads\/2020\/03\/LU-300x57.png 300w, https:\/\/speyer24news.com\/wp-content\/uploads\/2020\/03\/LU-768x147.png 768w\" sizes=\"(max-width: 800px) 100vw, 800px\" \/><\/figure><\/div>\n\n\n\n<p><strong>Ludwigshafen &#8211; <\/strong>Wegen steigender Zahl von Corona-Infektionen im gesamten Bundesgebiet und der Region verbietet die Stadt Ludwigshafen den Betrieb von Gastronomieeinrichtungen aller Art zun\u00e4chst bis zum Freitag, 10. April 2020. <\/p>\n\n\n\n<p>Ebenfalls untersagt ist der Betrieb von Kinos, Theatern, Saunen, Museen, Fitness- und Gymnastikstudios, Vergn\u00fcgungsst\u00e4tten, Clubs und Discotheken, Shisha-Bars, Spielhallen, Tanzschulen, Prostitutionsst\u00e4tten sowie Indoorspielpl\u00e4tzen, um die Ausbreitung des Coronavirus so weit wie m\u00f6glich zu verz\u00f6gern. <\/p>\n\n\n\n<p>Ausgenommen von den Verboten sind Speiselokale und Betriebe, in denen \u00fcberwiegend Speisen zum Verzehr an Ort und Stelle oder zum Mitnehmen abgegeben oder ausgeliefert werden. Zudem sind Hotels ausgenommen, soweit ausschlie\u00dflich \u00dcbernachtungsg\u00e4ste bewirtet werden.<\/p>\n\n\n\n<p><em>Stadt Ludwigshafen am Rhein<br>22.03.2020<\/em><\/p>\n\n\n\n<h2 class=\"wp-block-heading\"><strong>Coronavirus \u2013 Ma\u00dfnahmen der Kreisverwaltung Rhein-Pfalz-Kreis &nbsp;<\/strong><\/h2>\n\n\n\n<div class=\"wp-block-image\"><figure class=\"aligncenter\"><img decoding=\"async\" src=\"https:\/\/speyer24news.com\/wp-content\/uploads\/2020\/01\/Rhein-Pfalz-Kreis-Logo-1.jpg\" alt=\"\" class=\"wp-image-24400\"\/><\/figure><\/div>\n\n\n\n<p><strong>Rhein-Pfalz-Kreis &#8211; <\/strong>Um weiterhin die Ausbreitung des Coronavirus zu verlangsamen und auch die Mitarbeiterinnen und Mitarbeiter der Kreisverwaltung Rhein-Pfalz-Kreis zu sch\u00fctzen, werden verschiedene Ma\u00dfnahmen innerhalb der Kreisverwaltung seit <strong>Dienstag, 17. M\u00e4rz 2020<\/strong>, vorgenommen, um den Dienstbetrieb entsprechend anzupassen.<\/p>\n\n\n\n<p>Besonders\nim Bereich des Publikumsverkehrs werden Vorkehrungen getroffen, um die Anzahl\nder Personen im Kreisgeb\u00e4ude zu minimieren:<\/p>\n\n\n\n<ul><li>Beide Au\u00dfenstellen der Kfz-Zulassungsbeh\u00f6rde in\nDudenhofen und He\u00dfheim werden bis auf weiteres geschlossen. Die\nMitarbeiterinnen und Mitarbeiter werden in der Hauptstelle im Kreishaus in\nLudwigshafen eingesetzt. <\/li><li>Die Kreisverwaltung wird generell f\u00fcr den\nPublikumsverkehr geschlossen. Nur B\u00fcrgerinnen und B\u00fcrger mit einem vereinbarten\nTermin werden ins Kreishaus gelassen.<\/li><li>Die Kreisverwaltung ist weiterhin besetzt und\nf\u00fcr B\u00fcrgerinnen und B\u00fcrger per Telefon oder E-Mail erreichbar. Die Anliegen\nm\u00f6chten bitte direkt an die zust\u00e4ndigen Mitarbeiterinnen und Mitarbeiter der\nKreisverwaltung gerichtet werden.<\/li><li>Im Bereich der Kfz-Zulassung und der\nF\u00fchrerscheinstelle wird darum gebeten, die M\u00f6glichkeit der\nOnline-Terminvergaben zu nutzen. Unter <a href=\"https:\/\/www.terminland.de\/kv-rpk\">https:\/\/www.terminland.de\/kv-rpk<\/a> sind\nn\u00e4here Einzelheiten ersichtlich. Unterlagen k\u00f6nnen auch gerne im Briefkasten\nder Kreisverwaltung eingeworfen werden.<\/li><li>Auch f\u00fcr Angelegenheiten der Ausl\u00e4nderbeh\u00f6rde\nwird die Handhabe der Online-Terminvergabe schnellstm\u00f6glich eingerichtet. <\/li><li>Im Barkassenbereich soll mit EC-Karte bezahlt\nwerden, um den direkten Kontakt mit dem Schalterpersonal zu vermeiden.<\/li><\/ul>\n\n\n\n<p>Weitere Informationen finden B\u00fcrgerinnen und B\u00fcrger auf der Homepage des Rhein-Pfalz-Kreises unter <a href=\"http:\/\/www.rhein-pfalz-kreis.de\">www.rhein-pfalz-kreis.de<\/a>. Weiterhin k\u00f6nnen Fragen zum Thema Corona an die Hotline des Gesundheitsamtes unter der Telefonnummer 0621\/5909-5800 gestellt werden. Diese ist von Montag bis Donnerstag von 9 bis 12 Uhr und 13 bis 16 Uhr sowie Freitag von 9 bis 12 Uhr, erreichbar.<\/p>\n\n\n\n<p><em>Kreisverwaltung Rhein-Pfalz-Kreis<br>22.03.2020<\/em><\/p>\n\n\n\n<h2 class=\"wp-block-heading\"><strong>Coronavirus<\/strong>: <strong>Zehn positive F\u00e4lle im Landkreis Germersheim best\u00e4tigt<\/strong><\/h2>\n\n\n\n<div class=\"wp-block-image\"><figure class=\"aligncenter\"><img decoding=\"async\" src=\"https:\/\/speyer24news.com\/wp-content\/uploads\/2020\/03\/Germersheim.jpg\" alt=\"\" class=\"wp-image-25757\"\/><\/figure><\/div>\n\n\n\n<p><strong>Landkreis Germersheim &#8211; <\/strong>Im Landkreis Germersheim gibt es Stand Montag, 16. M\u00e4rz 2020, 14 Uhr, zehn positiv best\u00e4tigte F\u00e4lle. Die Personen kommen aus der Stadt W\u00f6rth sowie den Verbandsgemeinden Hagenbach, R\u00fclzheim und Kandel. Die Personen befinden sich bis auf weiteres in h\u00e4uslicher Quarant\u00e4ne. Das Gesundheitsamt des Landkreises Germersheim hat diese Quarant\u00e4ne nach Infektionsschutzgesetzt angeordnet.<\/p>\n\n\n\n<p>Aufgrund der\naktuellen Entwicklungen und der steigenden Infektionszahlen bei R\u00fcckkehrern aus\ndem Skiurlaub empfiehlt das Gesundheitsamt der Kreisverwaltung Germersheim diesem\nPersonenkreis dringend, freiwillig 14 Tage in h\u00e4usliche Quarant\u00e4ne zu gehen und\nzwar unabh\u00e4ngig davon, ob Symptome vorhanden sind\noder nicht. R\u00fcckkehrer, die Symptome entwickeln, sollen sich bitte\numgehend <strong>telefonisch<\/strong> bei ihrem\nHausarzt melden. <\/p>\n\n\n\n<p>Informationen zum Thema Coronavirus auf der Homepage des Landkreises finden Interessierte direkt \u00fcber <a href=\"http:\/\/www.kreis-germersheim.de\/coronavirus\">www.kreis-germersheim.de\/coronavirus<\/a>. Au\u00dferdem ist in der Kreisverwaltung ein B\u00fcrgertelefon besetzt. Dieses erreichen B\u00fcrgerinnen und B\u00fcrger Montag bis Donnerstag von 9 bis 12.30 Uhr und 13.30 bis 16 Uhr (donnerstags bis 18 Uhr), Freitag 10 bis 13 Uhr, Telefonnummer 07274\/53-131.<\/p>\n\n\n\n<p><em>Kreisverwaltung Germersheim<\/em><br><em>22.03.2020<\/em><\/p>\n\n\n\n<h2 class=\"wp-block-heading\"><strong>Auswirkungen des Corona Virus in Schwetzingen: Rathaus schaltet unter 87-333 ein \u201aCorona-B\u00fcrgertelefon\u2018 frei \/ Termine bei \u00c4mtern nur noch nach\n telefonischer Anmeldung\/ Stadt schlie\u00dft zahlreiche Sportst\u00e4tten und kulturelle Einrichtungen \/ Ma\u00dfnahmen gelten bis zum 20. April &nbsp;(Stand 16. M\u00e4rz, 17.30 Uhr)\n<\/strong><\/h2>\n\n\n\n<div class=\"wp-block-image\"><figure class=\"aligncenter\"><img decoding=\"async\" src=\"https:\/\/speyer24news.com\/wp-content\/uploads\/2020\/02\/Schwetzingen.jpg\" alt=\"\" class=\"wp-image-25886\"\/><\/figure><\/div>\n\n\n\n<p><strong>Schwetzingen &#8211; <\/strong>Um die Gefahr einer Verbreitung des neuartigen Corona-Virus einzud\u00e4mmen, ergreift jetzt auch die Stadt Schwetzingen weitere Ma\u00dfnahmen zum Schutz der B\u00fcrger\/innen und ihrer Mitarbeiter\/innen.  Ab sofort gibt es im Rathaus keine allgemeinen \u00d6ffnungszeiten mehr und die Verwaltungsgeb\u00e4ude k\u00f6nnen nicht mehr ohne Weiteres betreten werden. Davon betroffen sind insbesondere das B\u00fcrgerb\u00fcro, das Standesamt, das Generationenb\u00fcro, die Touristinformation sowie  die Bibliothek. Die B\u00fcrger\/innen werden gebeten, nicht zwingende Beh\u00f6rdeng\u00e4nge aufzuschieben oder per Mail: <a href=\"mailto:info@schwetzingen.de\" target=\"_blank\" rel=\"noreferrer noopener\">info@schwetzingen.de<\/a> und telefonisch mit der Stadtverwaltung Kontakt aufzunehmen. <strong>Hierf\u00fcr ist ab Dienstag, 17. M\u00e4rz, ein st\u00e4dtisches \u201eCorona-B\u00fcrgertelefon\u201c eingerichtet. Unter der Telefonnummer 06202 87-333 ist die Hotline von 08.00 bis 18.00 Uhr besetzt. Achtung: F\u00fcr die gesundheitliche Beratung ist weiterhin das Gesundheitsamt des Rhein-Neckar-Kreises  zust\u00e4ndig. Die dortige Hotline ist unter der Nummer 06221 522-1881 von 07.30 bis 19.00 besetzt.<\/strong> <\/p>\n\n\n\n<p>In dringenden F\u00e4llen kann dann ein Termin vereinbart werden. Die Stadtverwaltung weist zudem darauf hin, dass viele Beh\u00f6rdeng\u00e4nge inzwischen auch \u00fcber Online-Formulare abgewickelt werden\n k\u00f6nnen. Eine \u00dcbersicht \u00fcber alle m\u00f6glichen Online-Verfahren finden Sie unter <a href=\"https:\/\/deref-web-02.de\/mail\/client\/69usd-vhnf8\/dereferrer\/?redirectUrl=http%3A%2F%2Fwww.schwetzingen.de\" target=\"_blank\" rel=\"noreferrer noopener\">\nwww.schwetzingen.de<\/a> in der Rubrik Stadt &amp; B\u00fcrger\/ Online-Dienste (<a href=\"https:\/\/deref-web-02.de\/mail\/client\/rYs0cmdt5Gk\/dereferrer\/?redirectUrl=https%3A%2F%2Fwww.schwetzingen.de%2Fpb%2Fschwetzingen%2FStartseite%2FStadt%2B_%2BBuerger%2FOnline_Dienste.html\" target=\"_blank\" rel=\"noreferrer noopener\">https:\/\/www.schwetzingen.de\/pb\/schwetzingen\/Startseite\/Stadt+_+Buerger\/Online_Dienste.html<\/a>).\n<\/p>\n\n\n\n<p>Ausnahmslos alle st\u00e4dtischen Veranstaltungen sind abgesagt. Untersagt sind (Stand 16. M\u00e4rz) auch alle Veranstaltungen \u00fcber 100 Personen in geschlossenen R\u00e4umen.<\/p>\n\n\n\n<p>Die Gemeinderatssitzungen und die Ausschusssitzungen finden vorerst wie geplant statt. Die Stadt bittet die Bev\u00f6lkerung \u2013 insbesondere Risikogruppen &#8211; , im eigenen Interesse nicht an\n den \u00f6ffentlichen Sitzungen als Zuh\u00f6rer\/in teilzunehmen. <\/p>\n\n\n\n<p>F\u00fcr Trauungen und Beerdigungen gelten in den n\u00e4chsten Wochen ebenfalls Beschr\u00e4nkungen. Dies betrifft insbesondere die Anzahl der Fest- bzw. Trauerg\u00e4ste. Hier wird die Teilnehmerzahl\n auf maximal 10 (Trauungen) und 20 (Beerdigungen), also auf den engsten Familienkreis beschr\u00e4nkt. Trauerfeiern werden weitgehend &nbsp;im Freien stattfinden, auf die Trauerhalle soll nur bei schlechtem Wetter zur\u00fcckgegriffen werden.\n<\/p>\n\n\n\n<p>Es finden bis auf Weiteres auch keine Besuche bei Ehe- oder Altersjubilaren statt. F\u00fcr die Senioren-&nbsp; und Pflegeheime sowie f\u00fcr die GRN Klinik gelten eingeschr\u00e4nkte Besuchsregelungen,\n \u00fcber die die jeweiligen Einrichtungen selbst informieren. <\/p>\n\n\n\n<h4 class=\"wp-block-heading\"><strong>Stadt schlie\u00dft Sporthallen, Schwimmb\u00e4der und Spielpl\u00e4tze\n<\/strong><\/h4>\n\n\n\n<p>Die Stadt schlie\u00dft ebenso alle Sporthallen, das Schwimmbad in der Nordstadthalle sowie alle Spielpl\u00e4tze. Davon betroffen ist auch das alla hopp Gel\u00e4nde sowie die Grillh\u00fctte. Auch das\n Jugendzentrum (GoIn) ist ab sofort geschlossen.<\/p>\n\n\n\n<p>Ab Dienstag, 17. M\u00e4rz, schlie\u00dft das Freizeitbad bellamar.\n<\/p>\n\n\n\n<p>Die Wochenm\u00e4rkte finden weiterhin statt.<\/p>\n\n\n\n<h4 class=\"wp-block-heading\"><strong>Kulturelle Einrichtungen auch betroffen<\/strong><\/h4>\n\n\n\n<p>Auch die kulturellen Einrichtungen sind von der Schlie\u00dfung betroffen. Die Musikschule stellt den Unterricht ein. Das Palais Hirsch wird geschlossen, die VHS stellt bis auf weiteres\n ihr Kursprogramm ein. Das Theater am Puls setzt seine Vorstellungen aus. Ab Dienstag, 17. M\u00e4rz, bleibt auch das Schloss Schwetzingen geschlossen. Abgesagt sind damit alle F\u00fchrungen und Veranstaltungen. Der Schlossgarten darf weiterhin betreten werden.\n<\/p>\n\n\n\n<p>Hinweis: Regelungen zu Ticketerstattung und Verschiebung von Veranstaltungen obliegen den jeweiligen Veranstaltern. Bitte informieren Sie sich auf den jeweiligen Internetseiten. Die\n Stadt Schwetzingen wird selbstverst\u00e4ndlich kulant bei der Geb\u00fchrenerstattung und eventuell entstehenden Mahngeb\u00fchren (Bibliothek) verfahren.\n<\/p>\n\n\n\n<p>Eine Entscheidung dar\u00fcber, wie mit privaten Freizeiteinrichtungen, Fitnessstudios, Gastronomie, Diskotheken und \u00e4hnlichem weiter verfahren wird, kann die Stadt nicht alleine entscheiden.\n Hier stehen die entsprechenden Entscheidungen bzw. Anweisungen \u00fcbergeordneter Stellen noch aus, werden aber in K\u00fcrze erwartet.<\/p>\n\n\n\n<h4 class=\"wp-block-heading\"><strong>Diese Ma\u00dfnahmen gelten Stand heute (16. M\u00e4rz) bis zum Ende der Osterferien am 20. April.\n<\/strong><\/h4>\n\n\n\n<h3 class=\"wp-block-heading\"><strong>Alle aktuellen Information sind immer aktuell unter\n<a href=\"https:\/\/deref-web-02.de\/mail\/client\/69usd-vhnf8\/dereferrer\/?redirectUrl=http%3A%2F%2Fwww.schwetzingen.de\" target=\"_blank\" rel=\"noreferrer noopener\">www.schwetzingen.de<\/a> abrufbar.<\/strong><\/h3>\n\n\n\n<p><em>Stadtverwaltung Schwetzingen<br>22.03.2020<\/em><\/p>\n\n\n\n<h2 class=\"wp-block-heading\"><strong>Coronavirus<\/strong>: <strong>Alle Geb\u00e4ude der Kreisverwaltung\nGermersheim sind ab dem 17. M\u00e4rz f\u00fcr unangemeldete Besucher geschlossen<\/strong>.<\/h2>\n\n\n\n<div class=\"wp-block-image\"><figure class=\"aligncenter\"><img decoding=\"async\" src=\"https:\/\/speyer24news.com\/wp-content\/uploads\/2020\/03\/Germersheim.jpg\" alt=\"\" class=\"wp-image-25757\"\/><\/figure><\/div>\n\n\n\n<p><strong>Kreisverwaltung Germersheim &#8211; <\/strong>\u201eUm weiterhin die Ausbreitung des Coronavirus SARS-CoV-2 zu verlangsamen und damit vor allem die gef\u00e4hrdeten Bev\u00f6lkerungsgruppen wie \u00e4ltere Personen und Personen mit Vorerkrankungen zu sch\u00fctzen, <strong>ist die Kreisverwaltung ab dem 17. M\u00e4rz f\u00fcr unangemeldete Besucher geschlossen<\/strong>. Die Kreisverwaltung ist weiterhin besetzt und Ansprechpartner f\u00fcr die B\u00fcrgerinnen und B\u00fcrger. Allerdings m\u00fcssen wir auch zum Schutz der Mitarbeiterinnen und Mitarbeiter und zur Aufrechterhaltung der wirklich notwendigen Dienstleistungen der Kreisverwaltung im B\u00fcrgerkontakt andere Wege gehen. Ich bitte Sie alle um Verst\u00e4ndnis\u201c, so Landrat Dr. Fritz Brechtel.<\/p>\n\n\n\n<p>Alle Eing\u00e4nge der\nKreisverwaltungsgeb\u00e4ude sind ab dem 17. M\u00e4rz geschlossen.Kunden m\u00fcssen\ngrunds\u00e4tzlich einen Termin mit den Mitarbeiter\/innen vereinbaren. In die\nKreisgeb\u00e4ude k\u00f6nnen Besucher nur eintreten, wenn vorab ein Termin vereinbart\nwurde.Sobald der Kunde zum Termin am entsprechenden Geb\u00e4ude angekommen ist,\nwird um telefonische Kontaktaufnahme mit den Mitarbeiter\/innen gebeten. Diese\nwerden den Zugang dann gew\u00e4hrleisten.<\/p>\n\n\n\n<p>Die Mitarbeiterinnen und Mitarbeiter\nder Kreisverwaltung sind angehalten im Kundenkontakt auf die allgemeinen\nHygienema\u00dfnahmen zu achten und nach m\u00f6glichen Krankheitssymptomen wie\nHalsschmerzen, Husten, Schnupfen und Fieber zu fragen. Auf das H\u00e4ndesch\u00fctteln wird\nverzichtet. Die erfolgt zum Schutz der B\u00fcrger\/innen und der Mitarbeiter\/innen. <\/p>\n\n\n\n<p>An den Eing\u00e4ngen werden zudem Hinweise\nzur telefonischen Erreichbarkeit der einzelnen Mitarbeiter\/innen ausgeh\u00e4ngt.<\/p>\n\n\n\n<p>Die Eingangsbeschr\u00e4nkungen betreffen alle\nGeb\u00e4ude, in welchen einzelne Fachbereiche der Kreisverwaltung untergebracht\nsind. Diese sind:<\/p>\n\n\n\n<ul><li><strong>Luitpoldplatz 1<\/strong>,<strong> Germersheim<\/strong> (B\u00fcro des Landrats, Bauen,\nUmwelt, Landwirtschaft, Zentrale Dienste, Recht)<\/li><li><strong>17-er-Stra\u00dfe\n1, Germersheim <\/strong>(Jugendamt, Abfallwirtschaft, Zulassungs-\nund F\u00fchrerscheinstelle, Kommunalaufsicht, Ausl\u00e4nderbeh\u00f6rde, Betreuungsbeh\u00f6rde,\nBAf\u00f6G-Stelle, Wohngeldstelle, Bildung- und Teilhabe)<\/li><li><strong>Waldstra\u00dfe\n13a, Germersheim <\/strong>(Soziale Hilfen)<\/li><li><strong>Hauptstra\u00dfe\n25, Germersheim <\/strong>(Gesundheits- und Veterin\u00e4rwesen)<\/li><li><strong>Ritter-von-Schmau\u00df-Stra\u00dfe\/Ecke\nParadeplatz, Germersheim, <\/strong>(Gesch\u00e4ftsstelle der\nKreisvolkshochschule)<\/li><\/ul>\n\n\n\n<p>Die <strong>Zulassungsstelle in Kandel, Gartenstra\u00dfe 8<\/strong>, muss aus\norganisatorischen Gr\u00fcnden leider bis auf Weiteres <strong>geschlossen<\/strong> bleiben.<\/p>\n\n\n\n<p>\u201eIch bitte die B\u00fcrgerinnen und B\u00fcrger\ndie Medien, auch die Facebook-Seite `Dr. Fritz Brechtel \u2013 Landrat Kreis\nGermersheim\u00b4, zu verfolgen. Wir versuchen m\u00f6glichst zeitnah \u00fcber Neuerungen und\n\u00c4nderungen zu informieren\u201c, so der Kreischef.<\/p>\n\n\n\n<p>Informationen zum Thema Coronavirus\nauf der Homepage des Landkreises finden Interessierte direkt \u00fcber\nwww.kreis-germersheim.de\/coronavirus. Au\u00dferdem ist in der Kreisverwaltung ein\nB\u00fcrgertelefon besetzt. Dieses erreichen B\u00fcrgerinnen und B\u00fcrger Montag bis\nDonnerstag von 9 bis 12.30 Uhr und 13.30 bis 16 Uhr (donnerstags bis 18 Uhr),\nFreitag 10 bis 13 Uhr, Telefonnummer 07274\/53-131.<\/p>\n\n\n\n<p><em>Kreisverwaltung Germersheim<br>22.03.2020<\/em><\/p>\n\n\n\n<h2 class=\"wp-block-heading\"><strong>Rhein-Pfalz-Kreis erl\u00e4sst Allgemeinverf\u00fcgungen: Schlie\u00dfung von Schulen und Kindertagesst\u00e4tten und Untersagung von Veranstaltungen mit mehr als 75 Personen<\/strong><\/h2>\n\n\n\n<div class=\"wp-block-image\"><figure class=\"aligncenter\"><img decoding=\"async\" src=\"https:\/\/speyer24news.com\/wp-content\/uploads\/2020\/01\/Rhein-Pfalz-Kreis-Logo-1.jpg\" alt=\"\" class=\"wp-image-24400\"\/><\/figure><\/div>\n\n\n\n<p><strong>Rhein-Pfalz-Kreis &#8211; <\/strong>Um die weitere Ausbreitung des Coronavirus einzud\u00e4mmen, hat der Rhein-Pfalz-Kreis Allgemeinverf\u00fcgungen erlassen.<\/p>\n\n\n\n<p>Demnach\nentfallen an allen Schulen im Rhein-Pfalz-Kreis s\u00e4mtliche regul\u00e4ren\nSchulveranstaltungen, insbesondere der Unterricht sowie die regul\u00e4ren\nBetreuungsangebote. Weiterhin entfallen an allen Kindertagesst\u00e4tten im\nRhein-Pfalz-Kreis die regul\u00e4ren Betreuungangebote. Eine Betreuung der Kinder\nerfolgt nur noch durch eine Notversorgung.<\/p>\n\n\n\n<p>Auch\nVeranstaltungen ab einer zu erwartenden Teilnehmerzahl von mehr als 75 Personen\nsind ab sofort untersagt. F\u00fcr Veranstaltungen unter 75 Personen gilt zwingend\ndie Empfehlungen des Robert-Koch-Instituts zu den Infektionsschutzma\u00dfnahmen\nbetreffend die Verhinderung der Verbreitung des Coronavirus in der jeweils\ng\u00fcltigen Fassung.<\/p>\n\n\n\n<p>Mit\ndiesen Ma\u00dfnahmen soll die Ausbreitung des Virus verlangsamt und insbesondere\n\u00e4ltere Menschen, Menschen mit Vorerkrankungen oder geschw\u00e4chten Immunsystem\ngesch\u00fctzt werden. Landrat Clemens K\u00f6rner erl\u00e4utert, dass sich bei gr\u00f6\u00dferen\nMenschenansammlungen die Gefahr einer \u00dcbertragung erh\u00f6ht. Auch eine eventuelle\nR\u00fcckverfolgung durch Erfassung der pers\u00f6nlichen Daten der Teilnehmenden ist\nhierbei nur schwer m\u00f6glich. <\/p>\n\n\n\n<p>Die Allgemeinverf\u00fcgungen sind auch auf der Webseite des Rhein-Pfalz-Kreises unter Aktuelles \u2013 Wichtige Infos zum Coronavirus einsehbar.<\/p>\n\n\n\n<h4 class=\"wp-block-heading\">Oder lesen sie sie hier als pdf:<\/h4>\n\n\n\n<h4 class=\"wp-block-heading\">Allgemeinverf\u00fcgung zum Entfall von Unterricht und Betreuungsangeboten im Zuge der Ausbreitung des Coronavirus SARSSCoV-2 (COVID-19): <\/h4>\n\n\n\n<div class=\"wp-block-file\"><a href=\"https:\/\/speyer24news.com\/wp-content\/uploads\/2020\/03\/2020-03-16-AV-Kitas-Schulen.pdf\">2020-03-16-AV-Kitas-Schulen<\/a><a href=\"https:\/\/speyer24news.com\/wp-content\/uploads\/2020\/03\/2020-03-16-AV-Kitas-Schulen.pdf\" class=\"wp-block-file__button\" download>Herunterladen<\/a><\/div>\n\n\n\n<h4 class=\"wp-block-heading\">Allgemeinverf\u00fcgung zum Umgang mit Veranstaltungen im Zuge der Ausbreitung des Coronavirus SARSCoV-2 (COVID-19):<\/h4>\n\n\n\n<div class=\"wp-block-file\"><a href=\"https:\/\/speyer24news.com\/wp-content\/uploads\/2020\/03\/2020-03-16-AV-Veranstaltungen.pdf\">2020-03-16-AV-Veranstaltungen<\/a><a href=\"https:\/\/speyer24news.com\/wp-content\/uploads\/2020\/03\/2020-03-16-AV-Veranstaltungen.pdf\" class=\"wp-block-file__button\" download>Herunterladen<\/a><\/div>\n\n\n\n<p><em>Kreisverwaltung Rhein-Pfalz-Kreis<br>22.03.2020<\/em><\/p>\n\n\n\n<h2 class=\"wp-block-heading\"><strong>\u201eDrive-in\u201c\nf\u00fcr begr\u00fcndete Corona-Verdachtsf\u00e4lle: Stadt Landau sowie Landkreise Germersheim\nund S\u00fcdliche Weinstra\u00dfe richten Diagnosezentrum ein <\/strong><\/h2>\n\n\n\n<div class=\"wp-block-image\"><figure class=\"aligncenter\"><img decoding=\"async\" loading=\"lazy\" width=\"800\" height=\"600\" src=\"https:\/\/speyer24news.com\/wp-content\/uploads\/2020\/03\/Gemeinsame-PM-Diagnosezentrum-\u00f6ffnet.jpg\" alt=\"\" class=\"wp-image-25919\" srcset=\"https:\/\/speyer24news.com\/wp-content\/uploads\/2020\/03\/Gemeinsame-PM-Diagnosezentrum-\u00f6ffnet.jpg 800w, https:\/\/speyer24news.com\/wp-content\/uploads\/2020\/03\/Gemeinsame-PM-Diagnosezentrum-\u00f6ffnet-300x225.jpg 300w, https:\/\/speyer24news.com\/wp-content\/uploads\/2020\/03\/Gemeinsame-PM-Diagnosezentrum-\u00f6ffnet-768x576.jpg 768w, https:\/\/speyer24news.com\/wp-content\/uploads\/2020\/03\/Gemeinsame-PM-Diagnosezentrum-\u00f6ffnet-678x509.jpg 678w, https:\/\/speyer24news.com\/wp-content\/uploads\/2020\/03\/Gemeinsame-PM-Diagnosezentrum-\u00f6ffnet-326x245.jpg 326w, https:\/\/speyer24news.com\/wp-content\/uploads\/2020\/03\/Gemeinsame-PM-Diagnosezentrum-\u00f6ffnet-80x60.jpg 80w\" sizes=\"(max-width: 800px) 100vw, 800px\" \/><figcaption>Parlamentarischer Staatssekret\u00e4r Dr. Thomas Gebhart, Landrat Dietmar Seefeldt, Oberb\u00fcrgermeister Thomas Hirsch und Landrat Dr. Fritz Brechtel (v.l.n.r.) beim Vor-Ort-Termin am neuen Corona-Diagnosezentrum f\u00fcr die S\u00fcdpfalz. <\/figcaption><\/figure><\/div>\n\n\n\n<p><strong>Landau \/ S\u00fcdpfalz &#8211; <\/strong>Die Stadt Landau sowie die Landkreise Germersheim und S\u00fcdliche Weinstra\u00dfe haben auf dem Alfred-Nobel-Platz in Landau ein gemeinsames Diagnosezentrum eingerichtet, in dem sich Personen mit dem begr\u00fcndeten Verdacht auf eine Infektion mit dem Corona-Virus seit Dienstag, 17. M\u00e4rz, testen lassen k\u00f6nnen. Die Teststation in Form eines \u201eDrive-ins\u201c wird wochentags von 16 bis 20 Uhr betrieben. Gemeinsam mit dem Parlamentarischen Staatssekret\u00e4r im Bundesgesundheitsministerium, Dr. Thomas Gebhart, haben sich Oberb\u00fcrgermeister Thomas Hirsch, Landrat Dr. Fritz Brechtel und Landrat Dietmar Seefeldt heute vor Ort ein Bild von der Einrichtung gemacht. <\/p>\n\n\n\n<p>\u201eWir werden es nur gemeinsam schaffen, die\nCorona-Infektion zu beherrschen\u201c, sind die drei Verwaltungschefs \u00fcberzeugt. Das\ninterkommunale und aus allen Richtungen gut erreichbare Diagnosezentrum auf dem\nNeuen Messegel\u00e4nde in Landau sei ein wichtiger Baustein, um die\nniedergelassenen \u00c4rztinnen und \u00c4rzte sowie die Kliniken zu entlasten und damit die\nInfrastruktur in der S\u00fcdpfalz zu sichern. \u201eDie Einrichtung der Station wurde\nm\u00f6glich durch die enge Zusammenarbeit aller Beteiligten und durch die professionelle\nUnterst\u00fctzung der Katastrophenst\u00e4be, der Gesundheits\u00e4mter, des DRK, der\nKrankenh\u00e4user und der \u00c4rzteschaft in der Region \u2013 daf\u00fcr unser herzliches\nDankesch\u00f6n\u201c, so Hirsch, Dr. Brechtel und Seefeldt. <\/p>\n\n\n\n<p>Die s\u00fcdpf\u00e4lzischen Verwaltungschefs und der Parlamentarische\nStaatssekret\u00e4r nutzten die Gelegenheit auch noch einmal, um an die Bev\u00f6lkerung\nzu appellieren, mitzuhelfen, die Ausbreitung der Infektion so zu verlangsamen,\ndass das Gesundheitssystem diese bew\u00e4ltigen k\u00f6nne. \u201eAngesichts der Ausbreitung\ndes neuartigen Virus ist jetzt einmal mehr Solidarit\u00e4t in der Gesellschaft\ngefragt, um damit vor allem die \u00c4lteren und chronisch Kranken zu sch\u00fctzen\u201c,\nerneuerte Dr. Gebhart seinen Appell. Hirsch, Dr. Brechtel und Seefeldt\nerg\u00e4nzten: \u201eWir alle sowie unsere Verwaltungen erhalten unz\u00e4hlige Anfragen, ob\ndiese oder jene Veranstaltung nicht vielleicht doch stattfinden kann \u2013 wir\nk\u00f6nnen diese unm\u00f6glich alle beantworten. Die zentrale Faustregel lautet aber:\nAlles, was an sozialen Kontakten nicht zwingend notwendig ist, ist zu\nunterlassen! So retten wir Leben.\u201c <\/p>\n\n\n\n<p>Wer sich im neuen Diagnosezentrum testen\nlassen will, ben\u00f6tigt daf\u00fcr zwingend eine \u00dcberweisung von einer \u00c4rztin bzw.\neinem Arzt, etwa der Haus\u00e4rztin bzw. dem Hausarzt. Weiterhin gilt: Bevor eine\nPraxis aufgesucht wird, sollte eine telefonische Anmeldung erfolgen! Der Schein\nmuss von einer symptomfreien Person abgeholt werden. Ebenfalls wichtig: Auf dem\nSchein sollte die Telefonnummer bzw. E-Mail-Adresse der Patientin bzw. des\nPatienten vermerkt sein. Mit der \u00dcberweisung kann dann die Teststation auf dem\nNeuen Messplatz mit dem Auto angefahren werden. Zus\u00e4tzlich zum\n\u00dcberweisungsschein muss die Patientin bzw. der Patient zur Identifikation ihren\nPersonalausweis oder Reisepass vorlegen. Die Testung erfolgt im\n\u201eDrive-in\u201c-Verfahren, d.h., die zu testende Person bleibt im Auto sitzen. Das\nTestergebnis kann zwei Tage sp\u00e4ter bei der Haus\u00e4rztin bzw. dem Hausarzt\nabgeholt werden. Gegebenenfalls erfolgt die Mitteilung auch durch das zust\u00e4ndige\nGesundheitsamt. <\/p>\n\n\n\n<p>Die Durchf\u00fchrung eines Tests ist streng an\nbestimmte Kriterien gebunden: Getestet wird nur, wer aus einem Risikogebiet\nzur\u00fcckgekehrt ist UND Symptome aufweist, oder wer nachweislich Kontakt zu einer\npositiv auf das Corona-Virus getesteten Person hatte \u2013 und das f\u00fcr mindestens\n15 Minuten und in einem Abstand von unter zwei Metern. <\/p>\n\n\n\n<p>Wer keinen \u00dcberweisungsschein hat bzw. sich\nnicht ausweisen kann, wird abgewiesen. Auch wer zu Fu\u00df kommt, wird abgewiesen. <\/p>\n\n\n\n<p>Personen, die nicht mit dem Auto zur\nTeststation fahren oder sich fahren lassen k\u00f6nnen, werden gebeten, die 116 117\nzu w\u00e4hlen und erhalten dann einen Hausbesuch. <\/p>\n\n\n\n<p>Die Gesundheits\u00e4mter Landau-S\u00fcdliche Weinstra\u00dfe und Germersheim weisen unterdessen noch einmal darauf hin, dass R\u00fcckkehrerinnen und R\u00fcckkehrer aus Risikogebieten, etwa \u00d6sterreich und Italien, auch bei Symtomfreiheit eine 14-t\u00e4gige h\u00e4usliche Quarant\u00e4ne einhalten sollten. In dieser Zeit sollte insbesondere der Kontakt zu besonders gef\u00e4hrdeten Menschen unterbleiben. Alle Risikogebiete finden sich tagesaktuell auf <a href=\"http:\/\/www.rki.de\">www.rki.de<\/a>, der Internetseite des Robert-Koch-Instituts.<\/p>\n\n\n\n<p><em>Gemeinsame Pressemitteilung der Landkreise Germersheim und S\u00fcdliche Weinstra\u00dfe und der Stadt Landau in der Pfalz<br>22.03.2020<\/em><\/p>\n\n\n\n<h2 class=\"wp-block-heading\">________________________________________<\/h2>\n\n\n\n<h2 class=\"wp-block-heading\">Wenn sie \u00e4ltere Nachrichten Rund um das Coronavirus in der Region lesen m\u00f6chten, klicken sie bitte <a href=\"https:\/\/speyer24news.com\/?p=25123\">hier.<\/a><\/h2>\n\n\n\n<h2 class=\"wp-block-heading\">________________________________________<\/h2>\n","protected":false},"excerpt":{"rendered":"<div class=\"mh-excerpt\"><p>Aktuelle Informationen zum Coronavirus in Speyer Fallzahlen Anzahl best\u00e4tigter F\u00e4lle von Coronavirus (SARS-CoV-2)-Infektionen in der Stadt Speyer: 17 Personen in Quarant\u00e4ne: 29 Stand: 24.03.2020, 9 Uhr B\u00fcrgertelefon F\u00fcr alle nicht-medizinischen Fragen, die Ihnen unsere Homepage <a class=\"mh-excerpt-more\" href=\"https:\/\/speyer24news.com\/?p=25949\" title=\"Corona-Virus Pandemie\">[&#8230;]<\/a><\/p>\n<\/div>","protected":false},"author":3,"featured_media":25125,"comment_status":"open","ping_status":"open","sticky":false,"template":"","format":"standard","meta":{"_monsterinsights_skip_tracking":false,"_monsterinsights_sitenote_active":false,"_monsterinsights_sitenote_note":"","_monsterinsights_sitenote_category":0,"footnotes":""},"categories":[1453],"tags":[6341,6339,6340],"aioseo_notices":[],"amp_enabled":true,"_links":{"self":[{"href":"https:\/\/speyer24news.com\/index.php?rest_route=\/wp\/v2\/posts\/25949"}],"collection":[{"href":"https:\/\/speyer24news.com\/index.php?rest_route=\/wp\/v2\/posts"}],"about":[{"href":"https:\/\/speyer24news.com\/index.php?rest_route=\/wp\/v2\/types\/post"}],"author":[{"embeddable":true,"href":"https:\/\/speyer24news.com\/index.php?rest_route=\/wp\/v2\/users\/3"}],"replies":[{"embeddable":true,"href":"https:\/\/speyer24news.com\/index.php?rest_route=%2Fwp%2Fv2%2Fcomments&post=25949"}],"version-history":[{"count":23,"href":"https:\/\/speyer24news.com\/index.php?rest_route=\/wp\/v2\/posts\/25949\/revisions"}],"predecessor-version":[{"id":32237,"href":"https:\/\/speyer24news.com\/index.php?rest_route=\/wp\/v2\/posts\/25949\/revisions\/32237"}],"wp:featuredmedia":[{"embeddable":true,"href":"https:\/\/speyer24news.com\/index.php?rest_route=\/wp\/v2\/media\/25125"}],"wp:attachment":[{"href":"https:\/\/speyer24news.com\/index.php?rest_route=%2Fwp%2Fv2%2Fmedia&parent=25949"}],"wp:term":[{"taxonomy":"category","embeddable":true,"href":"https:\/\/speyer24news.com\/index.php?rest_route=%2Fwp%2Fv2%2Fcategories&post=25949"},{"taxonomy":"post_tag","embeddable":true,"href":"https:\/\/speyer24news.com\/index.php?rest_route=%2Fwp%2Fv2%2Ftags&post=25949"}],"curies":[{"name":"wp","href":"https:\/\/api.w.org\/{rel}","templated":true}]}}