{"id":26002,"date":"2020-03-23T07:25:24","date_gmt":"2020-03-23T06:25:24","guid":{"rendered":"https:\/\/speyer24news.com\/?p=26002"},"modified":"2020-03-23T07:25:25","modified_gmt":"2020-03-23T06:25:25","slug":"geschwindigkeitsmessung-blitzer-20","status":"publish","type":"post","link":"https:\/\/speyer24news.com\/?p=26002","title":{"rendered":"Geschwindigkeitsmessung \/ Blitzer"},"content":{"rendered":"<style type=\"text\/css\">\r\n\t.ads_top_disp{}\r\n\t.ads_top_corner_disp{ float:left; margin:0px 10px 10px 0px; }\r\n\t.ads_first_p_disp{}\r\n\t.ads_bottom_disp{}\r\n\t<\/style>\n<h2 class=\"wp-block-heading\">Radarkontrollen f\u00fcr die Woche vom 23. M\u00e4rz bis 29. M\u00e4rz 2020<\/h2>\n\n\n\n<figure class=\"wp-block-image\"><img decoding=\"async\" loading=\"lazy\" width=\"800\" height=\"600\" src=\"https:\/\/speyer24news.com\/wp-content\/uploads\/2020\/03\/Blitzer-1.jpg\" alt=\"\" class=\"wp-image-25724\" srcset=\"https:\/\/speyer24news.com\/wp-content\/uploads\/2020\/03\/Blitzer-1.jpg 800w, https:\/\/speyer24news.com\/wp-content\/uploads\/2020\/03\/Blitzer-1-300x225.jpg 300w, https:\/\/speyer24news.com\/wp-content\/uploads\/2020\/03\/Blitzer-1-768x576.jpg 768w, https:\/\/speyer24news.com\/wp-content\/uploads\/2020\/03\/Blitzer-1-678x509.jpg 678w, https:\/\/speyer24news.com\/wp-content\/uploads\/2020\/03\/Blitzer-1-326x245.jpg 326w, https:\/\/speyer24news.com\/wp-content\/uploads\/2020\/03\/Blitzer-1-80x60.jpg 80w\" sizes=\"(max-width: 800px) 100vw, 800px\" \/><\/figure>\n\n\n\n<p><strong>(Ludwigshafen) &#8211;<\/strong> Die Stadt Ludwigshafen nimmt in folgenden Stadtteilen Radarkontrollen vor.<\/p>\n\n\n\n<ul><li>Montag, 23. M\u00e4rz: Edigheim, Oppau und Friesenheim<\/li><li>Dienstag, 24. M\u00e4rz: Oggersheim, Mundenheim und Mitte<\/li><li>Mittwoch, 25. M\u00e4rz: Gartenstadt, Maudach und Nord<\/li><li>Donnerstag, 26. M\u00e4rz: Mundenheim, S\u00fcd und West<\/li><li>Freitag, 27. M\u00e4rz: Friesenheim, Gartenstadt und Pfingstweide<\/li><li>Samstag, 28. M\u00e4rz: Oggersheim und Ruchheim<\/li><\/ul>\n\n\n\n<p>Kurzfristige \u00c4nderungen beh\u00e4lt sich der Bereich Stra\u00dfenverkehr vor. Kontrollen k\u00f6nnen auch kurzfristig an anderen Stellen stattfinden.<\/p>\n\n\n\n<p><em>Stadt Ludwigshafen<br>23.03.2020<\/em><\/p>\n\n\n\n<h2 class=\"wp-block-heading\">Geschwindigkeitskontrollen f\u00fcr die Woche vom 23. bis 27. M\u00e4rz<\/h2>\n\n\n\n<div class=\"wp-block-image\"><figure class=\"aligncenter\"><img decoding=\"async\" src=\"https:\/\/speyer24news.com\/wp-content\/uploads\/2020\/03\/Blitzer-2.jpg\" alt=\"\" class=\"wp-image-25723\"\/><\/figure><\/div>\n\n\n\n<p><strong>(Mannheim) &#8211; <\/strong>Die Stadt Mannheim f\u00fchrt vom 23. bis 27. M\u00e4rz in folgenden Stra\u00dfen Radarkontrollen durch:<\/p>\n\n\n\n<ul><li> Badenweilerstra\u00dfe (Spielstra\u00dfe)<\/li><li> Brandenburger Stra\u00dfe<\/li><li> Dornheimer Ring<\/li><li> Dresdner Stra\u00dfe (Heinrich-Lanz-Schule)<\/li><li> Eisenacher Weg (Vogelstangschule)<\/li><li> Elisabeth-Blaustein-Stra\u00dfe<\/li><li> Flaml\u00e4nderstra\u00dfe<\/li><li> Fred-Joachim-Schoeps-Stra\u00dfe<\/li><li> Ida-Dehmel-Ring<\/li><li> Johannisberger Stra\u00dfe<\/li><li> Karolingerweg<\/li><li> Kolmarer Stra\u00dfe<\/li><li> Kornblumenstra\u00dfe<\/li><li> M\u00fclhauser Stra\u00dfe (Friedrichsfeldschule)<\/li><li> Neustadter Stra\u00dfe<\/li><li> Rastatter Stra\u00dfe<\/li><li> Rohrlachstra\u00dfe<\/li><li> Schlettstadter Stra\u00dfe<\/li><li> Th\u00fcringer Stra\u00dfe<\/li><li> Warnem\u00fcnder Weg (Geschwister-Scholl-Schule)<\/li><li> Wormser Stra\u00dfe (K\u00e4fertalschule)<\/li><li> Z\u00e4hringer Stra\u00dfe (Seckenheimschule)<\/li><\/ul>\n\n\n\n<p>Kurzfristige \u00c4nderungen oder zus\u00e4tzliche Messstellen sind aus aktuellem Anlass m\u00f6glich.<\/p>\n\n\n\n<p><em>Stadt Mannheim<br>23.03.2020<\/em><\/p>\n","protected":false},"excerpt":{"rendered":"<div class=\"mh-excerpt\"><p>Radarkontrollen f\u00fcr die Woche vom 23. M\u00e4rz bis 29. M\u00e4rz 2020 (Ludwigshafen) &#8211; Die Stadt Ludwigshafen nimmt in folgenden Stadtteilen Radarkontrollen vor. Montag, 23. M\u00e4rz: Edigheim, Oppau und Friesenheim Dienstag, 24. M\u00e4rz: Oggersheim, Mundenheim und <a class=\"mh-excerpt-more\" href=\"https:\/\/speyer24news.com\/?p=26002\" title=\"Geschwindigkeitsmessung \/ Blitzer\">[&#8230;]<\/a><\/p>\n<\/div>","protected":false},"author":3,"featured_media":0,"comment_status":"open","ping_status":"open","sticky":false,"template":"","format":"standard","meta":{"_monsterinsights_skip_tracking":false,"_monsterinsights_sitenote_active":false,"_monsterinsights_sitenote_note":"","_monsterinsights_sitenote_category":0,"footnotes":""},"categories":[64],"tags":[18,4819,4814,19,4822,4817,4228,779,4821,4816,227,17,949,4818,4813,1310,948],"aioseo_notices":[],"amp_enabled":true,"_links":{"self":[{"href":"https:\/\/speyer24news.com\/index.php?rest_route=\/wp\/v2\/posts\/26002"}],"collection":[{"href":"https:\/\/speyer24news.com\/index.php?rest_route=\/wp\/v2\/posts"}],"about":[{"href":"https:\/\/speyer24news.com\/index.php?rest_route=\/wp\/v2\/types\/post"}],"author":[{"embeddable":true,"href":"https:\/\/speyer24news.com\/index.php?rest_route=\/wp\/v2\/users\/3"}],"replies":[{"embeddable":true,"href":"https:\/\/speyer24news.com\/index.php?rest_route=%2Fwp%2Fv2%2Fcomments&post=26002"}],"version-history":[{"count":1,"href":"https:\/\/speyer24news.com\/index.php?rest_route=\/wp\/v2\/posts\/26002\/revisions"}],"predecessor-version":[{"id":26003,"href":"https:\/\/speyer24news.com\/index.php?rest_route=\/wp\/v2\/posts\/26002\/revisions\/26003"}],"wp:attachment":[{"href":"https:\/\/speyer24news.com\/index.php?rest_route=%2Fwp%2Fv2%2Fmedia&parent=26002"}],"wp:term":[{"taxonomy":"category","embeddable":true,"href":"https:\/\/speyer24news.com\/index.php?rest_route=%2Fwp%2Fv2%2Fcategories&post=26002"},{"taxonomy":"post_tag","embeddable":true,"href":"https:\/\/speyer24news.com\/index.php?rest_route=%2Fwp%2Fv2%2Ftags&post=26002"}],"curies":[{"name":"wp","href":"https:\/\/api.w.org\/{rel}","templated":true}]}}