{"id":26046,"date":"2020-03-25T06:52:18","date_gmt":"2020-03-25T05:52:18","guid":{"rendered":"https:\/\/speyer24news.com\/?p=26046"},"modified":"2020-03-25T06:52:19","modified_gmt":"2020-03-25T05:52:19","slug":"polizei-214","status":"publish","type":"post","link":"https:\/\/speyer24news.com\/?p=26046","title":{"rendered":"Polizei"},"content":{"rendered":"<style type=\"text\/css\">\r\n\t.ads_top_disp{}\r\n\t.ads_top_corner_disp{ float:left; margin:0px 10px 10px 0px; }\r\n\t.ads_first_p_disp{}\r\n\t.ads_bottom_disp{}\r\n\t<\/style>\n<h2 class=\"wp-block-heading\">Polizeimeldungen vom Dienstag (24.03.2020)<\/h2>\n\n\n\n<div class=\"wp-block-image\"><figure class=\"aligncenter\"><img decoding=\"async\" src=\"https:\/\/speyer24news.com\/wp-content\/uploads\/2020\/01\/Aktuelles-Polizeilogo.jpg\" alt=\"\" class=\"wp-image-23832\"\/><\/figure><\/div>\n\n\n\n<h4 class=\"wp-block-heading\">(R\u00f6merberg \/ Dudenhofen) &#8211; Lkw-Reifen auf der B9 in Brand geraten<\/h4>\n\n\n\n<p>Am Montagnachmittag entz\u00fcndete sich auf der B9 zwischen Schwegenheim und R\u00f6merberg aus unbekanntem Grund der Reifen eines Lkw, welcher die B9 in Richtung Speyer befuhr. Der Reifen konnte durch die Feuerwehr abgel\u00f6scht werden, ohne dass es zu einem Schaden an dem Lkw oder der Gef\u00e4hrdung anderer Verkehrsteilnehmer kam. W\u00e4hrend des Reifenwechsels wurde der Lkw kurzfristig durch die Polizei nach hinten abgesichert. <\/p>\n\n\n\n<h4 class=\"wp-block-heading\">(R\u00f6merberg \/ Dudenhofen) &#8211; Beim Abbiegen Vorfahrt missachtet<\/h4>\n\n\n\n<p>Zu einem Verkehrsunfall zwischen einem Audi und einem BMW kam es am Montagmittag an der Anschlussstelle B9 R\u00f6merberg\/Dudenhofen, K27. Ein 44-j\u00e4hriger Audi-Fahrer aus Dudenhofen verlie\u00df die B9 aus Richtung Speyer kommend an der Anschlussstelle und bog am Ende der Abfahrt nach links in Richtung Dudenhofen auf die K27 ein. Hierbei missachtete er die Vorfahrt eines dort in Richtung R\u00f6merberg fahrenden BMW. Durch den Zusammensto\u00df entstand ein erheblicher Sachschaden 12.000 EUR. Der Audi war nach dem Zusammensto\u00df nichtmehr fahrbereit und musste abgeschleppt werden. Die beiden Insassen der unfallbeteiligten Fahrzeuge blieben unverletzt. <\/p>\n\n\n\n<h4 class=\"wp-block-heading\">(Schifferstadt) &#8211; Fahren unter Alkoholeinfluss, daf\u00fcr ohne Fahrerlaubnis<\/h4>\n\n\n\n<p>Am sp\u00e4ten Montagabend gegen 22:50 Uhr hat eine Streife der Polizeiinspektion Schifferstadt ein Fahrzeug kontrolliert, das auf dem Parkplatz eines Supermarkts stand. Die Beamten haben aus dem Fahrzeug, in dem sich drei m\u00e4nnliche Personen befanden, Alkoholgeruch wahrgenommen. Ein Atemalkoholtest des 25-j\u00e4hrigen Fahrers ergab einen Wert von 1,19 Promille. Au\u00dferdem gab er zu, keine Fahrerlaubnis zu besitzen. Er musste die Beamten daraufhin zur Dienststelle begleiten, wo ihm durch einen Arzt eine Blutprobe entnommen wurde. Ihn erwarten nun Strafverfahren wegen Trunkenheit im Verkehr und Fahren ohne Fahrerlaubnis. Sein Bruder, der Beifahrer und Halter des Fahrzeugs, muss sich nun in einem Strafverfahren wegen des Zulassens des Fahrens ohne Fahrerlaubnis verantworten, denn er wusste, dass sein Bruder keinen F\u00fchrerschein hatte. <\/p>\n\n\n\n<h4 class=\"wp-block-heading\">(Schwegenheim) &#8211; Eisplatte besch\u00e4digt Windschutzscheibe<\/h4>\n\n\n\n<p>Sachschaden in H\u00f6he von zirka 500 EUR entstand bei einem Verkehrsunfall am Montagmorgen gegen 9 Uhr in H\u00f6he von Schwegenheim auf der Bundesstra\u00dfe 9. Ein 32 &#8211; j\u00e4hriger Autofahrer hatte vor Fahrantritt sein Fahrzeug nicht ordnungsgem\u00e4\u00df enteist. Der Unfallverursacher war in Richtung Speyer unterwegs, als beim \u00dcberholen sich Eis vom Autodach l\u00f6ste und die Windschutzscheibe bei einem 26 &#8211; j\u00e4hrigen Autofahrer besch\u00e4digte. Gl\u00fccklicherweise wurde bei dem Vorfall niemand verletzt. Auf den Fahrer kommt ein Bu\u00dfgeld in H\u00f6he von 120 EUR zu. <\/p>\n\n\n\n<h4 class=\"wp-block-heading\">(Rheinzabern) &#8211; Einbruch in Discounter<\/h4>\n\n\n\n<p>In der Zeit vom 21. zum 23. M\u00e4rz 2020 verschafften sich unbekannte T\u00e4ter gewaltsam Zutritt in einen Discounter in der Stra\u00dfe &#8222;Neun Morgen&#8220; in Rheinzabern und gelangten hiernach in die R\u00e4umlichkeiten einer innenliegenden B\u00e4ckerei und Metzgerei . Aus der B\u00e4ckerei wurde der Tresor mitsamt den Tageseinnahmen entwendet. Die Polizei W\u00f6rth bittet Zeugen, die sachdienliche Hinweise geben k\u00f6nnen, sich telefonisch zu melden (07271-92210). <\/p>\n\n\n\n<h4 class=\"wp-block-heading\">(Edenkoben) &#8211; EC-Karte gestohlen<\/h4>\n\n\n\n<p>Am Dienstag (24.03.2020) erstattete eine 66-j\u00e4hrige Frau eine Strafanzeige, weil ihr am letzten Donnerstag (19.03.2020, 12 Uhr) auf dem Parkplatz eines Lebensmitteldiscounters in der Luitpoldstra\u00dfe die EC-Karte gestohlen wurde. Nach ihrem Einkauf wollte sie die Lebensmittel in ihrem Fahrzeug verladen, als sie von einem Unbekannten Hilfe angeboten bekam. Einen Tag sp\u00e4ter bemerkte sie, dass ihre EC-Karte aus der Jackentasche gestohlen wurde. <\/p>\n\n\n\n<p>Der Mann war. <\/p>\n\n\n\n<ul><li>ca. 1,60 Meter gro\u00df, <\/li><li>schlank, <\/li><li>ca. 30-35 Jahre alt und <\/li><li>trug einen &#8222;Dreitagebart&#8220;. <\/li><\/ul>\n\n\n\n<p>Hinweise nimmt die Polizei Edenkoben unter der Telefonnummer 06323 9550 entgegen. In dem Zusammenhang weist die Polizei darauf hin, dass bei Diebstahl einer EC-Karte unter der Telefonnummer 116 116 die gestohlene Karte umgehend gesperrt werden sollte. <\/p>\n\n\n\n<h4 class=\"wp-block-heading\">(Kirrweiler) &#8211; Batteriediebstahl<\/h4>\n\n\n\n<p>Unbekannte haben an einem LKW, der im Gewerbegebiet im Bereich des Bahnhofs abgestellt war, aus dem Batteriekasten die festmontierte Batterie entwendet. Der Diebstahl wurde gestern der Polizei mitgeteilt. Hinweise zu den T\u00e4tern nimmt die Polizei Edenkoben unter der Telefonnummer 06323 9550 entgegen. <\/p>\n\n\n\n<h4 class=\"wp-block-heading\">(He\u00dfheim) &#8211; Kennzeichendiebstahl<\/h4>\n\n\n\n<p>Ein unbekannter T\u00e4ter entwendet im Zeitraum vom 20.03.2020, 13:00 Uhr bis 23.03.2020, 11:30 Uhr das vordere und hintere amtliche Kennzeichen eines Pkw Ford Transit Custom, in der Hauptstra\u00dfe in H\u00f6he Hausnummer 14 in He\u00dfheim. Der Schaden bel\u00e4uft sich auf ca. 40 Euro. <\/p>\n\n\n\n<p>Zeugen werden gebeten sich an die Polizeiinspektion Frankenthal unter der Tel.-Nr.: 06233\/313-0 oder an die Polizeiwache Maxdorf unter der Tel.-Nr.: 06237\/934-100 zu wenden. Gerne nehmen wir Ihre Hinweise auch per E-Mail unter  <a href=\"mailto:pifrankenthal@polizei.rlp.de\">pifrankenthal@polizei.rlp.de<\/a> entgegen. <\/p>\n\n\n\n<h4 class=\"wp-block-heading\">(Ludwigshafen) &#8211; \u00dcber rote Ampel gefahren und Unfall verursacht<\/h4>\n\n\n\n<p>\u00dcber die rote Ampel an der Kreuzung Kopernikusstra\u00dfe \/ Sternstra\u00dfe fuhr am Montag, 23.03.2020, um 15.15 Uhr, der 45-j\u00e4hrige Fahrer eines Toyota. Im Kreuzungsbereich kam es deshalb zu einem Zusammensto\u00df mit einem VW, der bei Gr\u00fcnlicht in die Kreuzung eingefahren war. An beiden Autos entstand Sachschaden in H\u00f6he von rund 4.000EUR. <\/p>\n\n\n\n<h4 class=\"wp-block-heading\">(Ludwigshafen) &#8211; Geldbeutel geraubt<\/h4>\n\n\n\n<p>Montagvormittag, 23.03.2020, gegen 11.30 Uhr, wurde einer Frau auf der Mudenheimer Stra\u00dfe der Geldbeutel geraubt. Die 41-J\u00e4hrige war zu Fu\u00df unterwegs, als sie von hinten in den R\u00fccken gesto\u00dfen wurde. Als sie sich umdrehte, sah sie einen Mann wegrennen. Ein zweiter Mann griff nach ihrem Geldbeutel, den sie selbst in der Hand hielt. Trotz ihrer Gegenwehr schaffte es der Unbekannte, den Geldbeutel zu entrei\u00dfen und damit wegzulaufen. Von den beiden Tatverd\u00e4chtigen liegt folgende Personenbeschreibung vor: 1. Person: Mann, ca. 40 Jahre alt 2. Person: Mann, ca. 40 Jahre alt, d\u00fcnne Statur, dunkle Haare und Oberlippenbart. Bekleidet war er mit einer dunklen Jacke und Hose. <\/p>\n\n\n\n<p>Die Polizei sucht Zeugen: Wer hat gestern in der Mundenheimer Stra\u00dfe Beobachtungen gemacht? Wem sind Personen aufgefallen, auf welche die Personenbeschreibung zutrifft? Sachdienliche Hinweise bitte an die Polizeiinspektion Ludwigshafen 1, 0621 963-2122 oder per E-Mail <a href=\"mailto:piludwigshafen1@polizei.rlp.de\">piludwigshafen1@polizei.rlp.de<\/a>. <\/p>\n\n\n\n<h4 class=\"wp-block-heading\">(Ludwigshafen) &#8211; Verkehrsunfall an roter Ampel<\/h4>\n\n\n\n<p>An einer roten Ampel auf der Bruchwiesenstra\u00dfe kam es am Montag , 23.03.2020, zu einem Verkehrsunfall zwischen einem Lkw und einem Citroen. Beide Fahrzeuge standen gegen 9.40 Uhr hintereinander an der Ampel. Dort entschied sich der 58-j\u00e4hrige Lkw-Fahrer nicht geradeaus weiterfahren zu wollen. Um bei Gr\u00fcnlicht rechtsabbiegen zu k\u00f6nnen, musste er rangieren. Beim R\u00fcckw\u00e4rtsfahren \u00fcbersah er den hinter ihm stehenden Citroen. Es entstand Sachschaden in H\u00f6he von 5.000EUR, der Citroen war bis zur Motorhause besch\u00e4digt. <\/p>\n\n\n\n<h4 class=\"wp-block-heading\">(Ludwigshafen) &#8211; Unfall in der Saarlandstra\u00dfe<\/h4>\n\n\n\n<p>In der Saarlandstra\u00dfe kam es am 23.03.2020 gegen 07:45 Uhr zu einem Verkehrsunfall bei dem ein Sachschaden in H\u00f6he von etwa 3000 Euro entstand. Ein 33-J\u00e4hriger hatte von der linken auf die rechte Spur gewechselt und dabei das Auto eines 57-J\u00e4hrigen \u00fcbersehen. Beide Fahrzeuge kollidierten. <\/p>\n\n\n\n<h4 class=\"wp-block-heading\">(Ludwigshafen) &#8211; Der &#8222;befristete Arbeitsvertrag&#8220;<\/h4>\n\n\n\n<p>Die besorgte Mitarbeiterin einer Personalabteilung meldete sich bei der Polizei: Eine Angestellte war seit drei Wochen nicht mehr zur Arbeit erschienen. Sie f\u00fcrchtete nun, dass sich die Kollegin in einer hilflosen Lage befinden k\u00f6nnte. Nach kurzen Ermittlungen gab es dann zum Gl\u00fcck Entwarnung. Die Mitarbeiterin wurde von Beamten der Polizeiinspektion Ludwigshafen 1 wohlbehalten und kerngesund bei ihrer Tochter angetroffen. Als Grund f\u00fcr ihr Fehlen hatte sie eine ganz einfache Antwort: Sie war davon ausgegangen, dass ihr Arbeitsvertrag bis zum 01.03.2020 befristet war. <\/p>\n\n\n\n<h4 class=\"wp-block-heading\">(Mannheim) &#8211; Brand durch Unachtsamkeit im Kleintierzuchtverein<\/h4>\n\n\n\n<p>Am Dienstagabend, gegen 18.40 Uhr, geriet beim Abbrennen von Holzschnitt ein Holzunterstand in &#8222;An der Radrennbahn&#8220; in Brand. Das Feuer besch\u00e4digte im weiteren Verlauf auch Stallungen und einen Werkstattraum in einer benachbarten Parzelle. Bei dem Versuch den Brand zu l\u00f6schen zog sich der 83-j\u00e4hrige Verursacher leichte Verbrennungen am Arm zu, die vor Ort behandelt wurden. Tiere wurden bei dem Brand nicht verletzt. Es entstand ein Sachschaden von ca. 15.000 Euro. <\/p>\n\n\n\n<h4 class=\"wp-block-heading\">(Mannheim-Sch\u00f6nau) &#8211; R\u00fccksichtsloser Autofahrer \/ Polizei sucht Zeugen und Gesch\u00e4digte<\/h4>\n\n\n\n<p>Ein r\u00fccksichtloser Autofahrer war am fr\u00fchen Dienstagmorgen im Stadtteil Sch\u00f6nau unterwegs. Eine Zeugin meldete der Polizei gegen ein Uhr eine Person, die mit einen VW Golf die Stettiner Stra\u00dfe mehrfach mit \u00fcberh\u00f6hter Geschwindigkeit auf und ab fahre. Bei der Anfahrt zur \u00d6rtlichkeit kam einer Polizeistreife der Golf an der Einm\u00fcndung Frankenthaler Stra\u00dfe\/Graudenzer Linie in Richtung Lampertheim fahrend bereits entgegen. Nachdem die Beamten ihr Fahrzeug gewendet hatten, folgten sie dem Golf. Dabei mussten sich auf eine Geschwindigkeit von fast 160 km\/h beschleunigen, um den Anschluss an das Fahrzeug nicht zu verlieren. Sie konnten beobachten, wie der Fahrer des Golf zwischen Lilienthalstra\u00dfe und Viernheimer Weg an un\u00fcbersichtlichen Stellen \u00fcberholte und sich mit hoher Geschwindigkeit zwischen den Fahrzeugen durchschl\u00e4ngelte. An der Kreuzung zum Viernheimer Weg bog der Golf nach rechts in den Viernheimer Weg ab. Er konnte rund 500 Meter nach der Kreuzung gestoppt und kontrolliert werden. Bei der Kontrolle verhielt sich der 18-j\u00e4hrige Fahranf\u00e4nger vollkommen uneinsichtig. Gegen ihn wird nun wegen Verdachts der Stra\u00dfenverkehrsgef\u00e4hrdung ermittelt. Die F\u00fchrerscheinstelle wurde in Kenntnis gesetzt. <\/p>\n\n\n\n<p>Zeugen, die sachdienliche Hinweise zur Fahrweise des 18-J\u00e4hrigen geben k\u00f6nnen, sowie Verkehrsteilnehmer, die durch die Fahrweise des jungen Mannes gef\u00e4hrdet wurden, werden gebeten, sich beim Polizeirevier Mannheim-Sandhofen, Tel.: 0621\/77769-0 zu melden. <\/p>\n\n\n\n<p>Im Fahrzeug befanden sich neben dem Fahrer noch drei weitere junge M\u00e4nner im Alter zwischen 16 und 17 Jahren. Gegen einen 17-J\u00e4hrigen wird zudem wegen Beleidigung ermittelt, da er die einschreitenden Beamten mit unfl\u00e4tigen Worten betitelte. Zudem wird gegen alle vier eine Anzeige wegen Versto\u00dfes gegen das Infektionsschutzgesetz vorgelegt. <\/p>\n\n\n\n<h4 class=\"wp-block-heading\">(Mannheim) &#8211; Einbruch in Imbissladen \/ Polizei sucht Zeugen<\/h4>\n\n\n\n<p>Auf Hochprozentiges abgesehen hatten es die T\u00e4ter, die in der Nacht zum Dienstag durch Aufhebeln einer Seitent\u00fcr in einen Imbissladen in der Beilstra\u00dfe eindrangen. Au\u00dfer alkoholischen Getr\u00e4nken wurde nichts weiter entwendet. Hinweise an das Polizeirevier Mannheim-Innenstadt, Tel. 0621\/12580. <\/p>\n\n\n\n<h4 class=\"wp-block-heading\">(Mannheim) &#8211; Unfallflucht \/ Zeugen gesucht<\/h4>\n\n\n\n<p>Rund 5.000 Euro Sachschaden richtete ein unbekannter Autofahrer am Montagnachtmittag zwischen 14.30 Uhr und 14.40 Uhr im Stadtteil Neckarstadt an. Der Unbekannte besch\u00e4digte, vermutlich beim Vorbeifahren einen am Fahrbahnrand geparkten Fiat und fl\u00fcchtete danach von der Unfallstelle, ohne sich um den Schaden zu k\u00fcmmern. <\/p>\n\n\n\n<p>Zeugen, die auf den Unfall aufmerksam geworden waren und sachdienliche Hinweise zum Verursacher geben k\u00f6nnen, werden gebeten, sich beim Polizeirevier Mannheim-Neckarstadt, Tel.: 0621\/3301-0 zu melden. <\/p>\n\n\n\n<h4 class=\"wp-block-heading\">(Mannheim) &#8211; Restaurantm\u00f6blierung entwendet \/ Zeugen gesucht<\/h4>\n\n\n\n<p>Am vergangenen Wochenende nutzten unbekannte T\u00e4ter die Restaurantschlie\u00dfungen aus und entwendeten aus dem Au\u00dfenbereich einer Gastst\u00e4tte in der Seckenheimer Stra\u00dfe 30 St\u00fchle und 5 Tische der Au\u00dfenbestuhlung, obwohl diese besonders gesichert worden waren. Zum Abtransport wurde m\u00f6glicherweise ein gr\u00f6\u00dferes Fahrzeug benutzt. Hinweise auf verd\u00e4chtige Personen oder Fahrzeuge nimmt das Polizeirevier Mannheim-Oststadt unter Tel. 0621\/174-3310 entgegen.<\/p>\n\n\n\n<h4 class=\"wp-block-heading\">(Heidelberg-Rohrbach) &#8211; Gartenh\u00fctte wurde Raub der Flammen<\/h4>\n\n\n\n<p>Am fr\u00fchen Montagmorgen mussten Polizei und Berufsfeuerwehr Heidelberg zu einem Brand im Bereich der Siegelsmauer ausr\u00fccken. Dort war aus bislang unbekannten Gr\u00fcnden eine Gartenh\u00fctte in Brand geraten. Obwohl der Brand schnell unter Kontrolle war, wurde die Gartenh\u00fctte komplett zerst\u00f6rt. Zur H\u00f6he des Sachschadens kann derzeit noch keine Angabe gemacht werden. Die Ermittlungen der Brandursache wurden vom Polizeirevier Heidelberg-S\u00fcd \u00fcbernommen. <\/p>\n\n\n\n<h4 class=\"wp-block-heading\">(Ketsch \/ A 6 \/ Rhein-Neckar-Kreis) &#8211; Unfall beim Fahrstreifenwechsel<\/h4>\n\n\n\n<p>Auf H\u00f6he der Anschlussstelle Schwetzingen\/Hockenheim touchierte am Montagnachmittag der 25-j\u00e4hrige Fahrer eines Ford beim Wechsel des Fahrstreifens einen Lkw. Dies hatte zur Folge, dass der Pkw ins Schleudern geriet und gegen die Leitplanken stie\u00df. Das Fahrzeug war nicht mehr fahrbereit und musste von der Unfallstelle abgeschleppt werden. Verletzt wurde gl\u00fccklicherweise niemand.<\/p>\n\n\n\n<h4 class=\"wp-block-heading\">(Hockenheim \/ Rhein-Neckar-Kreis) &#8211; Verkehrsunfall mit leichtverletzter Person<\/h4>\n\n\n\n<p>Bei einem Verkehrsunfall am Montagmittag in Hockenheim wurde eine Person leicht verletzt. Ein 39-j\u00e4hriger Mann war gegen 11.45 Uhr mit seinem Lieferwagen in der B\u00fcrgermeister-Zahn-Stra\u00dfe in Richtung Ziegelstra\u00dfe unterwegs. An der Kreuzung zur Karlstra\u00dfe missachtete er die Vorfahrt eines 41-j\u00e4hrigen Fiat-Fahrers und stie\u00df mit ihm zusammen. Dabei erlitt der Fahrer des Fiat leichte Verletzungen am Arm und musste zur Behandlung in ein Krankenhaus eingeliefert werden. Dessen Fiat wurde so stark besch\u00e4digt, dass er abgeschleppt werden musste. Es entstand Sachschaden in H\u00f6he von rund 5.000 Euro. <\/p>\n\n\n\n<h4 class=\"wp-block-heading\">(Reilingen \/ Rhein-Neckar-Kreis) &#8211; Zwei Verletzte nach Zusammensto\u00df<\/h4>\n\n\n\n<p>Zwei verletzte Personen und Sachschaden von rund 5.000 Euro sind die Bilanz eines Verkehrsunfalls am Montagmittag in Reilingen. Eine 73-j\u00e4hrige Frau war gegen 12.45 Uhr mit ihrem Audi A 4 auf der Haydnallee in Richtung Speyerer Stra\u00dfe unterwegs. An der Kreuzung zur Speyerer Stra\u00dfe wollte sie an der abknickenden Vorfahrtstra\u00dfe geradeaus die Haydnallee geradeaus weiterfahren und nahm einem der Vorfahrtstra\u00dfe folgenden 74-j\u00e4hrigen Renault-Fahrer den Vorrang und stie\u00df mit ihm zusammen. Nach ersten Erkenntnissen war die 73-j\u00e4hrige vom Bremspedal abgerutscht, sodass sie nicht mehr rechtzeitig bremsen konnte. Der Fahrer des Renault und seine 71-j\u00e4hrige Beifahrerin erlitten leichte Verletzungen und wurden durch Rettungskr\u00e4fte an der Unfallstelle versorgt. Der Sachschaden wird auf rund 5.000 Euro gesch\u00e4tzt. <\/p>\n\n\n\n<h4 class=\"wp-block-heading\">(Weinheim \/ Rhein-Neckar-Kreis) &#8211; Einbruch in Schulgeb\u00e4ude \/ Polizei sucht Zeugen<\/h4>\n\n\n\n<p>In der Nacht zum Montag schlugen unbekannte T\u00e4ter eine Scheibe der Albert-Schweitzer-Schule im Birkenweg ein und gelangten so ins Schulgeb\u00e4ude. Dort durchw\u00fchlten sie mehrere Schr\u00e4nke und hebelten einige verschlossene F\u00e4cher auf. Auch eine T\u00fcr wurde eingetreten, sodass insgesamt ein Sachschaden von mehreren tausend Euro entstand. Hinweise nimmt das Polizeirevier Weinheim unter 06201\/1003-0 entgegen. <\/p>\n","protected":false},"excerpt":{"rendered":"<div class=\"mh-excerpt\"><p>Polizeimeldungen vom Dienstag (24.03.2020) (R\u00f6merberg \/ Dudenhofen) &#8211; Lkw-Reifen auf der B9 in Brand geraten Am Montagnachmittag entz\u00fcndete sich auf der B9 zwischen Schwegenheim und R\u00f6merberg aus unbekanntem Grund der Reifen eines Lkw, welcher die <a class=\"mh-excerpt-more\" href=\"https:\/\/speyer24news.com\/?p=26046\" title=\"Polizei\">[&#8230;]<\/a><\/p>\n<\/div>","protected":false},"author":3,"featured_media":0,"comment_status":"open","ping_status":"open","sticky":false,"template":"","format":"standard","meta":{"_monsterinsights_skip_tracking":false,"_monsterinsights_sitenote_active":false,"_monsterinsights_sitenote_note":"","_monsterinsights_sitenote_category":0,"footnotes":""},"categories":[12],"tags":[3614,53,4854,4683,1548,102,213,55,5261,103,106,2803,2423,427,2625,380,62,104,979,1565],"aioseo_notices":[],"amp_enabled":true,"_links":{"self":[{"href":"https:\/\/speyer24news.com\/index.php?rest_route=\/wp\/v2\/posts\/26046"}],"collection":[{"href":"https:\/\/speyer24news.com\/index.php?rest_route=\/wp\/v2\/posts"}],"about":[{"href":"https:\/\/speyer24news.com\/index.php?rest_route=\/wp\/v2\/types\/post"}],"author":[{"embeddable":true,"href":"https:\/\/speyer24news.com\/index.php?rest_route=\/wp\/v2\/users\/3"}],"replies":[{"embeddable":true,"href":"https:\/\/speyer24news.com\/index.php?rest_route=%2Fwp%2Fv2%2Fcomments&post=26046"}],"version-history":[{"count":1,"href":"https:\/\/speyer24news.com\/index.php?rest_route=\/wp\/v2\/posts\/26046\/revisions"}],"predecessor-version":[{"id":26047,"href":"https:\/\/speyer24news.com\/index.php?rest_route=\/wp\/v2\/posts\/26046\/revisions\/26047"}],"wp:attachment":[{"href":"https:\/\/speyer24news.com\/index.php?rest_route=%2Fwp%2Fv2%2Fmedia&parent=26046"}],"wp:term":[{"taxonomy":"category","embeddable":true,"href":"https:\/\/speyer24news.com\/index.php?rest_route=%2Fwp%2Fv2%2Fcategories&post=26046"},{"taxonomy":"post_tag","embeddable":true,"href":"https:\/\/speyer24news.com\/index.php?rest_route=%2Fwp%2Fv2%2Ftags&post=26046"}],"curies":[{"name":"wp","href":"https:\/\/api.w.org\/{rel}","templated":true}]}}