{"id":26085,"date":"2020-03-28T09:56:56","date_gmt":"2020-03-28T08:56:56","guid":{"rendered":"https:\/\/speyer24news.com\/?p=26085"},"modified":"2020-03-28T09:58:52","modified_gmt":"2020-03-28T08:58:52","slug":"geschwindigkeitskontrollen-blitzer-3","status":"publish","type":"post","link":"https:\/\/speyer24news.com\/?p=26085","title":{"rendered":"Geschwindigkeitsmessungen \/ Blitzer"},"content":{"rendered":"<style type=\"text\/css\">\r\n\t.ads_top_disp{}\r\n\t.ads_top_corner_disp{ float:left; margin:0px 10px 10px 0px; }\r\n\t.ads_first_p_disp{}\r\n\t.ads_bottom_disp{}\r\n\t<\/style>\n<h2 class=\"wp-block-heading\">Radarkontrollen f\u00fcr die Woche vom 30. M\u00e4rz bis 5. April 2020<\/h2>\n\n\n\n<div class=\"wp-block-image\"><figure class=\"aligncenter\"><img decoding=\"async\" loading=\"lazy\" width=\"800\" height=\"600\" src=\"https:\/\/speyer24news.com\/wp-content\/uploads\/2020\/03\/Blitzer-1.jpg\" alt=\"\" class=\"wp-image-25724\" srcset=\"https:\/\/speyer24news.com\/wp-content\/uploads\/2020\/03\/Blitzer-1.jpg 800w, https:\/\/speyer24news.com\/wp-content\/uploads\/2020\/03\/Blitzer-1-300x225.jpg 300w, https:\/\/speyer24news.com\/wp-content\/uploads\/2020\/03\/Blitzer-1-768x576.jpg 768w, https:\/\/speyer24news.com\/wp-content\/uploads\/2020\/03\/Blitzer-1-678x509.jpg 678w, https:\/\/speyer24news.com\/wp-content\/uploads\/2020\/03\/Blitzer-1-326x245.jpg 326w, https:\/\/speyer24news.com\/wp-content\/uploads\/2020\/03\/Blitzer-1-80x60.jpg 80w\" sizes=\"(max-width: 800px) 100vw, 800px\" \/><\/figure><\/div>\n\n\n\n<p><strong>(Ludwigshafen) &#8211; <\/strong>Die Stadt Ludwigshafen nimmt in folgenden Stadtteilen Radarkontrollen vor.<\/p>\n\n\n\n<ul><li>Montag, 30. M\u00e4rz: Oppau, Mitte und West<\/li><li>Dienstag, 31. M\u00e4rz: Gartenstadt, Oggersheim und Mundenheim<\/li><li>Mittwoch, 1. April: Edigheim, Maudach und Pfingstweide<\/li><li>Donnerstag, 2. April: S\u00fcd, Ruchheim und Oggersheim<\/li><li>Freitag, 3. April: Rheing\u00f6nheim, Friesenheim und Nord<\/li><\/ul>\n\n\n\n<p>Kurzfristige \u00c4nderungen beh\u00e4lt sich der Bereich Stra\u00dfenverkehr vor. Kontrollen k\u00f6nnen auch kurzfristig an anderen Stellen stattfinden.<\/p>\n\n\n\n<p><em>Stadt Ludwigshafen am Rhein<br>28.03.2020<\/em><\/p>\n\n\n\n<h2 class=\"wp-block-heading\">Geschwindigkeitskontrollen f\u00fcr die Woche vom 30. M\u00e4rz bis 3. April<\/h2>\n\n\n\n<div class=\"wp-block-image\"><figure class=\"aligncenter\"><img decoding=\"async\" src=\"https:\/\/speyer24news.com\/wp-content\/uploads\/2020\/03\/Blitzer-2.jpg\" alt=\"\" class=\"wp-image-25723\"\/><\/figure><\/div>\n\n\n\n<p><strong>(Mannheim) &#8211;<\/strong> Die Stadt Mannheim f\u00fchrt vom 30. M\u00e4rz bis 3. April in folgenden Stra\u00dfen Radarkontrollen durch:<\/p>\n\n\n\n<ul><li> Braunschweiger Allee<\/li><li> C-Quadrate<\/li><li> D-Quadrate<\/li><li> Domstiftstra\u00dfe<\/li><li> Faserweg<\/li><li> Fressgasse<\/li><li> Friedrichsring<\/li><li> Gro\u00df-Gerauer-Stra\u00dfe<\/li><li> G-Quadrate<\/li><li> K-Quadrate mit Johannes-Kepler-Schule<\/li><li> Kattowitzer Zeile (Sch\u00f6nauschule)<\/li><li> Kriegerstra\u00dfe (Gustav-Wiederkehr-Schule)<\/li><li> Memeler Stra\u00dfe<\/li><li> Oppauer Kreuzweg<\/li><li> R-Quadrate mit Mozartschule<\/li><li> Rastenburger Stra\u00dfe<\/li><li> Rottfeldstra\u00dfe<\/li><li> Rudolf-Maus-Stra\u00dfe (Hans-Christian-Andersen-Schule)<\/li><li> Sandhofer Stra\u00dfe<\/li><li> Scharhofer Stra\u00dfe<\/li><li> Sch\u00f6nauer Stra\u00dfe<\/li><li> S-Quadrate<\/li><li> T-Quadrate<\/li><li> U-Quadrate<\/li><li> Werner-Nagel-Ring<\/li><li> Wilhelm-Liebknecht-Stra\u00dfe (Almenhofschule)<\/li><\/ul>\n\n\n\n<p>Kurzfristige \u00c4nderungen oder zus\u00e4tzliche Messstellen sind aus aktuellem Anlass m\u00f6glich.<\/p>\n\n\n\n<p><em>Stadt Mannheim<br>28.03.2020<\/em><\/p>\n","protected":false},"excerpt":{"rendered":"<div class=\"mh-excerpt\"><p>Radarkontrollen f\u00fcr die Woche vom 30. M\u00e4rz bis 5. April 2020 (Ludwigshafen) &#8211; Die Stadt Ludwigshafen nimmt in folgenden Stadtteilen Radarkontrollen vor. Montag, 30. M\u00e4rz: Oppau, Mitte und West Dienstag, 31. M\u00e4rz: Gartenstadt, Oggersheim und <a class=\"mh-excerpt-more\" href=\"https:\/\/speyer24news.com\/?p=26085\" title=\"Geschwindigkeitsmessungen \/ Blitzer\">[&#8230;]<\/a><\/p>\n<\/div>","protected":false},"author":3,"featured_media":0,"comment_status":"open","ping_status":"open","sticky":false,"template":"","format":"standard","meta":{"_monsterinsights_skip_tracking":false,"_monsterinsights_sitenote_active":false,"_monsterinsights_sitenote_note":"","_monsterinsights_sitenote_category":0,"footnotes":""},"categories":[64],"tags":[18,4819,4814,19,4822,4817,4228,779,4821,4816,17,949,4818,4813,1310,948],"aioseo_notices":[],"amp_enabled":true,"_links":{"self":[{"href":"https:\/\/speyer24news.com\/index.php?rest_route=\/wp\/v2\/posts\/26085"}],"collection":[{"href":"https:\/\/speyer24news.com\/index.php?rest_route=\/wp\/v2\/posts"}],"about":[{"href":"https:\/\/speyer24news.com\/index.php?rest_route=\/wp\/v2\/types\/post"}],"author":[{"embeddable":true,"href":"https:\/\/speyer24news.com\/index.php?rest_route=\/wp\/v2\/users\/3"}],"replies":[{"embeddable":true,"href":"https:\/\/speyer24news.com\/index.php?rest_route=%2Fwp%2Fv2%2Fcomments&post=26085"}],"version-history":[{"count":2,"href":"https:\/\/speyer24news.com\/index.php?rest_route=\/wp\/v2\/posts\/26085\/revisions"}],"predecessor-version":[{"id":26087,"href":"https:\/\/speyer24news.com\/index.php?rest_route=\/wp\/v2\/posts\/26085\/revisions\/26087"}],"wp:attachment":[{"href":"https:\/\/speyer24news.com\/index.php?rest_route=%2Fwp%2Fv2%2Fmedia&parent=26085"}],"wp:term":[{"taxonomy":"category","embeddable":true,"href":"https:\/\/speyer24news.com\/index.php?rest_route=%2Fwp%2Fv2%2Fcategories&post=26085"},{"taxonomy":"post_tag","embeddable":true,"href":"https:\/\/speyer24news.com\/index.php?rest_route=%2Fwp%2Fv2%2Ftags&post=26085"}],"curies":[{"name":"wp","href":"https:\/\/api.w.org\/{rel}","templated":true}]}}